{"id":12808,"date":"2024-11-22T10:00:02","date_gmt":"2024-11-22T09:00:02","guid":{"rendered":"https:\/\/www.anovapeneira.gal\/?p=12808"},"modified":"2024-11-18T10:29:44","modified_gmt":"2024-11-18T09:29:44","slug":"tejidos-y-novedades-carmen-de-gondomar-cesa-a-sua-actividade-a-finais-deste-ano","status":"publish","type":"post","link":"https:\/\/www.anovapeneira.gal\/index.php\/2024\/11\/22\/tejidos-y-novedades-carmen-de-gondomar-cesa-a-sua-actividade-a-finais-deste-ano\/","title":{"rendered":"\u201cTejidos y novedades Carmen\u201d de Gondomar cesa a s\u00faa actividade a finais deste ano"},"content":{"rendered":"\n<p><strong>Despois de moitas d\u00e9cadas ao servizo do pobo de Gondomar, este negocio cesa a s\u00faa actividade, pola xubilaci\u00f3n da s\u00faa propietaria, a finais deste ano 2024. Ata ese momento quen te\u00f1a interese en adquirir alg\u00fan tipo de mercador\u00eda a bo prezo a\u00ednda ten a oportunidade de pasar pola tenda, na r\u00faa Eduardo Iglesias 24 de Gondomar. N\u00f3s acheg\u00e1monos ata o local para despedirnos de Carmen, unha boa amiga de ANP desde hai moitos anos, e desexarlle que poida gozar con sa\u00fade moito tempo da merecida xubilaci\u00f3n despois de toda unha vida de traballo.<\/strong><\/p>\n\n\n\n<p><strong>Carmen Franco Iglesias.<\/strong><\/p>\n\n\n\n<h2 class=\"wp-block-heading\">\u201c <strong>A fidelidade dos meus clientes vai deixar pegada no meu coraz\u00f3n toda a mi\u00f1a vida.\u201d<\/strong><\/h2>\n\n\n\n<p><strong>Cando remata a vida do negocio Carmen?<\/strong><\/p>\n\n\n\n<blockquote class=\"wp-block-quote is-layout-flow wp-block-quote-is-layout-flow\">\n<p>A finais de decembro, qu\u00e9danos pouco m\u00e1is dun mes de actividade.<\/p>\n<\/blockquote>\n\n\n\n<p><strong>Cando naceu \u201c Tejidos y novedades Carmen\u201d?<\/strong><\/p>\n\n\n\n<blockquote class=\"wp-block-quote is-layout-flow wp-block-quote-is-layout-flow\">\n<p>Non saber\u00eda dicilo exactamente pero hai moitos anos. N\u00f3s levamos 44 de relaci\u00f3n negocio, e este xa exist\u00eda desde bastante antes. O local era co\u00f1ecido de maneira popular como \u201c A casa de dona Asunci\u00f3n\u201d pero o nome da tenda sempre foi o mesmo.<\/p>\n<\/blockquote>\n\n\n\n<p><strong>Foi \u201c Dona Asunci\u00f3n\u201d quen fundou o negocio?<\/strong><\/p>\n\n\n\n<blockquote class=\"wp-block-quote is-layout-flow wp-block-quote-is-layout-flow\">\n<p>Si, foi unha muller que veu da Guarda para Gondomar, comprou a casa, montou o comercio e traballou al\u00ed,e logo continuou a s\u00faa filla Carmen Vicente \u00c1lvarez, que foi \u00e1 que lle compramos n\u00f3s o negocio.<\/p>\n<\/blockquote>\n\n\n\n<p><strong>Estamos falando do ano?<\/strong><\/p>\n\n\n\n<blockquote class=\"wp-block-quote is-layout-flow wp-block-quote-is-layout-flow\">\n<p>1990. N\u00f3s levamos 44 no negocio porque a mi\u00f1a nai foi empregada dos fundadores 10 anos,e a tenda \u00e9 propiedade nosa desde hai 34 pois foi cando n\u00f3s a mercamos .<\/p>\n<\/blockquote>\n\n\n\n<p><strong>O negocio lev\u00e1stelo todos estes anos a t\u00faa nai ( D.E.P)falecida en xaneiro do 2024 e ti?<\/strong><\/p>\n\n\n\n<blockquote class=\"wp-block-quote is-layout-flow wp-block-quote-is-layout-flow\">\n<p>Si, sempre o levamos as d\u00faas. Houbo alg\u00fans momentos nos que tivemos algunha persoa empregada, pero n\u00f3s sempre estivemos as d\u00faas.<\/p>\n<\/blockquote>\n\n\n\n<p><strong>Aproveito a oportunidade para lembrar con afecto \u00e1 t\u00faa nai, unha muller de trato exquisito e de extraordinaria amabilidade.<\/strong><\/p>\n\n\n\n<blockquote class=\"wp-block-quote is-layout-flow wp-block-quote-is-layout-flow\">\n<p>Moitas grazas Tino.<\/p>\n<\/blockquote>\n\n\n\n<p><strong>Que foi o m\u00e1is bonito de todos estes anos?<\/strong><\/p>\n\n\n\n<blockquote class=\"wp-block-quote is-layout-flow wp-block-quote-is-layout-flow\">\n<p>Sen ningunha d\u00fabida digo que as e os meus clientes. Houbo tantos e tan bos que o volume do meu agradecemento non caber\u00eda no m\u00e1is grande dos oc\u00e9anos. En tanto tempo pasou por aqu\u00ed moita xente, incluso de xeraci\u00f3ns diferentes: av\u00f3s, fillos e netos. E moitos deles sempre estiveron: estiveron nos momentos bos, estiveron nos momentos regulares e estiveron nos momentos malos que tam\u00e9n os houbo. A s\u00faa fidelidade e compa\u00f1\u00eda deixa unha pegada de por vida no meu coraz\u00f3n.<\/p>\n<\/blockquote>\n\n\n\n<p><strong>Gust\u00e1bache o teu traballo?<\/strong><\/p>\n\n\n\n<blockquote class=\"wp-block-quote is-layout-flow wp-block-quote-is-layout-flow\">\n<p>A\u00ednda me gusta e sei que cando se acabe o vou botar de menos.<\/p>\n<\/blockquote>\n\n\n\n<p><strong>E agora que a fin da vida laboral est\u00e1 tan cerca para ti, cales son os teus sentimentos?<\/strong><\/p>\n\n\n\n<blockquote class=\"wp-block-quote is-layout-flow wp-block-quote-is-layout-flow\">\n<p>Contraditorios, case enfrontados. Por unha banda te\u00f1o ga\u00f1as de que chegue e gozar dunha etapa moi bonita da vida, pero, como che dixen antes, sei que , polo menos durante un tempo, tam\u00e9n o vou botar moito de menos.<\/p>\n<\/blockquote>\n\n\n\n<p><strong>A tenda contin\u00faa?<\/strong><\/p>\n\n\n\n<blockquote class=\"wp-block-quote is-layout-flow wp-block-quote-is-layout-flow\">\n<p>En principio non. A idea \u00e9 pechar o negocio.<\/p>\n<\/blockquote>\n\n\n\n<p><strong>Na tenda vexo bastante mercador\u00eda, que vas facer con ela?<\/strong><\/p>\n\n\n\n<blockquote class=\"wp-block-quote is-layout-flow wp-block-quote-is-layout-flow\">\n<p>Pois tratar de dar sa\u00edda \u00e1 maior parte posible. Na tenda estarei ata o 31 de decembro e animo a todos os lectores e lectoras a que se acheguen por aqu\u00ed porque van encontrar oportunidades realmente boas.<\/p>\n<\/blockquote>\n\n\n\n<p><strong>A decisi\u00f3n de acabar xa \u00e9 irreversible?<\/strong><\/p>\n\n\n\n<blockquote class=\"wp-block-quote is-layout-flow wp-block-quote-is-layout-flow\">\n<p>Si, \u00e9 totalmente irreversible. Xa non hai volta atr\u00e1s.<\/p>\n<\/blockquote>\n\n\n\n<p><strong>Cando esteas xubilada, ti es das que te vas aburrir?<\/strong><\/p>\n\n\n\n<blockquote class=\"wp-block-quote is-layout-flow wp-block-quote-is-layout-flow\">\n<p>Non ohhh. Todo o contrario te\u00f1o moitas cousas en mente para poder facer na que agardo sexa unha etapa moi bonita da mi\u00f1a vida. De feito non sei se poderei levalas todas a cabo, pero por ilusi\u00f3n non vai quedar.<\/p>\n<\/blockquote>\n\n\n\n<p><strong>Por exemplo?<\/strong><\/p>\n\n\n\n<blockquote class=\"wp-block-quote is-layout-flow wp-block-quote-is-layout-flow\">\n<p>Viaxar.<\/p>\n<\/blockquote>\n\n\n\n<p><strong>Caramba que ben. E a onde che gustar\u00eda ir?<\/strong><\/p>\n\n\n\n<blockquote class=\"wp-block-quote is-layout-flow wp-block-quote-is-layout-flow\">\n<p>A moitos sitios. Agardo ter a oportunidade de co\u00f1ecer moitos sitios do mundo que ata agora non puiden co\u00f1ecer.<\/p>\n<\/blockquote>\n\n\n\n<p><strong>Est\u00e1s recibindo mensaxes dos teus clientes?<\/strong><\/p>\n\n\n\n<blockquote class=\"wp-block-quote is-layout-flow wp-block-quote-is-layout-flow\">\n<p>Si, de moitos. Especialmente dos que te\u00f1en tantos anos de relaci\u00f3n co meu negocio que m\u00e1is que clientes para min son os meus amigos.<\/p>\n<\/blockquote>\n\n\n\n<p><strong>Acabamos Carmen: Cando levamos tantos anos co mesmo negocio \u00e9 porque algo bo fariamos?<\/strong><\/p>\n\n\n\n<blockquote class=\"wp-block-quote is-layout-flow wp-block-quote-is-layout-flow\">\n<p>Non sei, s\u00f3 sei que tanto a mi\u00f1a nai como min sempre tratamos de dar o mellor de n\u00f3s mesmas para que as e os clientes quedaran satisfeitos do noso traballo. E s\u00f3 me queda aproveitar a oportunidade que me dan as vosas p\u00e1xinas para despedirme deles d\u00e1ndolles a grazas pola s\u00faa confianza desde o m\u00e1is profundo do meu coraz\u00f3n.<\/p>\n<\/blockquote>\n","protected":false},"excerpt":{"rendered":"<div class=\"mh-excerpt\"><p>Despois de moitas d\u00e9cadas ao servizo do pobo de Gondomar, este negocio cesa a s\u00faa actividade, pola xubilaci\u00f3n da s\u00faa propietaria, a finais deste ano 2024 <a class=\"mh-excerpt-more\" href=\"https:\/\/www.anovapeneira.gal\/index.php\/2024\/11\/22\/tejidos-y-novedades-carmen-de-gondomar-cesa-a-sua-actividade-a-finais-deste-ano\/\" title=\"\u201cTejidos y novedades Carmen\u201d de Gondomar cesa a s\u00faa actividade a finais deste ano\">[&#8230;]<\/a><\/p>\n<\/div>","protected":false},"author":2,"featured_media":12809,"comment_status":"open","ping_status":"open","sticky":false,"template":"","format":"standard","meta":{"_exactmetrics_skip_tracking":false,"_exactmetrics_sitenote_active":false,"_exactmetrics_sitenote_note":"","_exactmetrics_sitenote_category":0,"footnotes":""},"categories":[496],"tags":[149],"class_list":{"0":"post-12808","1":"post","2":"type-post","3":"status-publish","4":"format-standard","5":"has-post-thumbnail","7":"category-val-minor-reportaxes","8":"tag-concello-de-gondomar"},"yoast_head":"<!-- This site is optimized with the Yoast SEO plugin v27.4 - https:\/\/yoast.com\/product\/yoast-seo-wordpress\/ -->\n<title>\u201cTejidos y novedades Carmen\u201d de Gondomar cesa a s\u00faa actividade a finais deste ano -<\/title>\n<meta name=\"robots\" content=\"index, follow, max-snippet:-1, max-image-preview:large, max-video-preview:-1\" \/>\n<link rel=\"canonical\" href=\"https:\/\/www.anovapeneira.gal\/index.php\/2024\/11\/22\/tejidos-y-novedades-carmen-de-gondomar-cesa-a-sua-actividade-a-finais-deste-ano\/\" \/>\n<meta property=\"og:locale\" content=\"gl_ES\" \/>\n<meta property=\"og:type\" content=\"article\" \/>\n<meta property=\"og:title\" content=\"\u201cTejidos y novedades Carmen\u201d de Gondomar cesa a s\u00faa actividade a finais deste ano -\" \/>\n<meta property=\"og:description\" content=\"Despois de moitas d\u00e9cadas ao servizo do pobo de Gondomar, este negocio cesa a s\u00faa actividade, pola xubilaci\u00f3n da s\u00faa propietaria, a finais deste ano 2024 [...]\" \/>\n<meta property=\"og:url\" content=\"https:\/\/www.anovapeneira.gal\/index.php\/2024\/11\/22\/tejidos-y-novedades-carmen-de-gondomar-cesa-a-sua-actividade-a-finais-deste-ano\/\" \/>\n<meta property=\"article:publisher\" content=\"https:\/\/www.facebook.com\/anovapeneira\" \/>\n<meta property=\"article:published_time\" content=\"2024-11-22T09:00:02+00:00\" \/>\n<meta property=\"og:image\" content=\"https:\/\/www.anovapeneira.gal\/wp-content\/uploads\/2024\/11\/tecidos_carmen.png\" \/>\n\t<meta property=\"og:image:width\" content=\"720\" \/>\n\t<meta property=\"og:image:height\" content=\"432\" \/>\n\t<meta property=\"og:image:type\" content=\"image\/png\" \/>\n<meta name=\"author\" content=\"Tino Lago\" \/>\n<meta name=\"twitter:card\" content=\"summary_large_image\" \/>\n<meta name=\"twitter:creator\" content=\"@APeneira\" \/>\n<meta name=\"twitter:site\" content=\"@APeneira\" \/>\n<meta name=\"twitter:label1\" content=\"Escrito por\" \/>\n\t<meta name=\"twitter:data1\" content=\"Tino Lago\" \/>\n\t<meta name=\"twitter:label2\" content=\"Tempo de lectura\" \/>\n\t<meta name=\"twitter:data2\" content=\"2 minutos\" \/>\n<script type=\"application\/ld+json\" class=\"yoast-schema-graph\">{\"@context\":\"https:\\\/\\\/schema.org\",\"@graph\":[{\"@type\":\"Article\",\"@id\":\"https:\\\/\\\/www.anovapeneira.gal\\\/index.php\\\/2024\\\/11\\\/22\\\/tejidos-y-novedades-carmen-de-gondomar-cesa-a-sua-actividade-a-finais-deste-ano\\\/#article\",\"isPartOf\":{\"@id\":\"https:\\\/\\\/www.anovapeneira.gal\\\/index.php\\\/2024\\\/11\\\/22\\\/tejidos-y-novedades-carmen-de-gondomar-cesa-a-sua-actividade-a-finais-deste-ano\\\/\"},\"author\":{\"name\":\"Tino Lago\",\"@id\":\"https:\\\/\\\/www.anovapeneira.gal\\\/#\\\/schema\\\/person\\\/424dfe65e3070fd8a44d22d2c088762a\"},\"headline\":\"\u201cTejidos y novedades Carmen\u201d de Gondomar cesa a s\u00faa actividade a finais deste ano\",\"datePublished\":\"2024-11-22T09:00:02+00:00\",\"mainEntityOfPage\":{\"@id\":\"https:\\\/\\\/www.anovapeneira.gal\\\/index.php\\\/2024\\\/11\\\/22\\\/tejidos-y-novedades-carmen-de-gondomar-cesa-a-sua-actividade-a-finais-deste-ano\\\/\"},\"wordCount\":814,\"commentCount\":0,\"publisher\":{\"@id\":\"https:\\\/\\\/www.anovapeneira.gal\\\/#organization\"},\"image\":{\"@id\":\"https:\\\/\\\/www.anovapeneira.gal\\\/index.php\\\/2024\\\/11\\\/22\\\/tejidos-y-novedades-carmen-de-gondomar-cesa-a-sua-actividade-a-finais-deste-ano\\\/#primaryimage\"},\"thumbnailUrl\":\"https:\\\/\\\/www.anovapeneira.gal\\\/wp-content\\\/uploads\\\/2024\\\/11\\\/tecidos_carmen.png\",\"keywords\":[\"Concello de Gondomar\"],\"articleSection\":[\"Val Mi\u00f1or\"],\"inLanguage\":\"gl-ES\",\"potentialAction\":[{\"@type\":\"CommentAction\",\"name\":\"Comment\",\"target\":[\"https:\\\/\\\/www.anovapeneira.gal\\\/index.php\\\/2024\\\/11\\\/22\\\/tejidos-y-novedades-carmen-de-gondomar-cesa-a-sua-actividade-a-finais-deste-ano\\\/#respond\"]}]},{\"@type\":\"WebPage\",\"@id\":\"https:\\\/\\\/www.anovapeneira.gal\\\/index.php\\\/2024\\\/11\\\/22\\\/tejidos-y-novedades-carmen-de-gondomar-cesa-a-sua-actividade-a-finais-deste-ano\\\/\",\"url\":\"https:\\\/\\\/www.anovapeneira.gal\\\/index.php\\\/2024\\\/11\\\/22\\\/tejidos-y-novedades-carmen-de-gondomar-cesa-a-sua-actividade-a-finais-deste-ano\\\/\",\"name\":\"\u201cTejidos y novedades Carmen\u201d de Gondomar cesa a s\u00faa actividade a finais deste ano -\",\"isPartOf\":{\"@id\":\"https:\\\/\\\/www.anovapeneira.gal\\\/#website\"},\"primaryImageOfPage\":{\"@id\":\"https:\\\/\\\/www.anovapeneira.gal\\\/index.php\\\/2024\\\/11\\\/22\\\/tejidos-y-novedades-carmen-de-gondomar-cesa-a-sua-actividade-a-finais-deste-ano\\\/#primaryimage\"},\"image\":{\"@id\":\"https:\\\/\\\/www.anovapeneira.gal\\\/index.php\\\/2024\\\/11\\\/22\\\/tejidos-y-novedades-carmen-de-gondomar-cesa-a-sua-actividade-a-finais-deste-ano\\\/#primaryimage\"},\"thumbnailUrl\":\"https:\\\/\\\/www.anovapeneira.gal\\\/wp-content\\\/uploads\\\/2024\\\/11\\\/tecidos_carmen.png\",\"datePublished\":\"2024-11-22T09:00:02+00:00\",\"breadcrumb\":{\"@id\":\"https:\\\/\\\/www.anovapeneira.gal\\\/index.php\\\/2024\\\/11\\\/22\\\/tejidos-y-novedades-carmen-de-gondomar-cesa-a-sua-actividade-a-finais-deste-ano\\\/#breadcrumb\"},\"inLanguage\":\"gl-ES\",\"potentialAction\":[{\"@type\":\"ReadAction\",\"target\":[\"https:\\\/\\\/www.anovapeneira.gal\\\/index.php\\\/2024\\\/11\\\/22\\\/tejidos-y-novedades-carmen-de-gondomar-cesa-a-sua-actividade-a-finais-deste-ano\\\/\"]}]},{\"@type\":\"ImageObject\",\"inLanguage\":\"gl-ES\",\"@id\":\"https:\\\/\\\/www.anovapeneira.gal\\\/index.php\\\/2024\\\/11\\\/22\\\/tejidos-y-novedades-carmen-de-gondomar-cesa-a-sua-actividade-a-finais-deste-ano\\\/#primaryimage\",\"url\":\"https:\\\/\\\/www.anovapeneira.gal\\\/wp-content\\\/uploads\\\/2024\\\/11\\\/tecidos_carmen.png\",\"contentUrl\":\"https:\\\/\\\/www.anovapeneira.gal\\\/wp-content\\\/uploads\\\/2024\\\/11\\\/tecidos_carmen.png\",\"width\":720,\"height\":432,\"caption\":\"Tecidos Carmen\"},{\"@type\":\"BreadcrumbList\",\"@id\":\"https:\\\/\\\/www.anovapeneira.gal\\\/index.php\\\/2024\\\/11\\\/22\\\/tejidos-y-novedades-carmen-de-gondomar-cesa-a-sua-actividade-a-finais-deste-ano\\\/#breadcrumb\",\"itemListElement\":[{\"@type\":\"ListItem\",\"position\":1,\"name\":\"Portada\",\"item\":\"https:\\\/\\\/www.anovapeneira.gal\\\/\"},{\"@type\":\"ListItem\",\"position\":2,\"name\":\"\u201cTejidos y novedades Carmen\u201d de Gondomar cesa a s\u00faa actividade a finais deste ano\"}]},{\"@type\":\"WebSite\",\"@id\":\"https:\\\/\\\/www.anovapeneira.gal\\\/#website\",\"url\":\"https:\\\/\\\/www.anovapeneira.gal\\\/\",\"name\":\"\",\"description\":\"Xornal galego de informaci\u00f3n xeral Publicaci\u00f3n mensual de novas de Galicia e en especial dos Concellos da sur da provincia de Pontevedra.\",\"publisher\":{\"@id\":\"https:\\\/\\\/www.anovapeneira.gal\\\/#organization\"},\"potentialAction\":[{\"@type\":\"SearchAction\",\"target\":{\"@type\":\"EntryPoint\",\"urlTemplate\":\"https:\\\/\\\/www.anovapeneira.gal\\\/?s={search_term_string}\"},\"query-input\":{\"@type\":\"PropertyValueSpecification\",\"valueRequired\":true,\"valueName\":\"search_term_string\"}}],\"inLanguage\":\"gl-ES\"},{\"@type\":\"Organization\",\"@id\":\"https:\\\/\\\/www.anovapeneira.gal\\\/#organization\",\"name\":\"A Nova Peneira\",\"url\":\"https:\\\/\\\/www.anovapeneira.gal\\\/\",\"logo\":{\"@type\":\"ImageObject\",\"inLanguage\":\"gl-ES\",\"@id\":\"https:\\\/\\\/www.anovapeneira.gal\\\/#\\\/schema\\\/logo\\\/image\\\/\",\"url\":\"http:\\\/\\\/www.anovapeneira.gal\\\/wp-content\\\/uploads\\\/2019\\\/06\\\/logo_a_nova_peneira_portal_web.png\",\"contentUrl\":\"http:\\\/\\\/www.anovapeneira.gal\\\/wp-content\\\/uploads\\\/2019\\\/06\\\/logo_a_nova_peneira_portal_web.png\",\"width\":300,\"height\":100,\"caption\":\"A Nova Peneira\"},\"image\":{\"@id\":\"https:\\\/\\\/www.anovapeneira.gal\\\/#\\\/schema\\\/logo\\\/image\\\/\"},\"sameAs\":[\"https:\\\/\\\/www.facebook.com\\\/anovapeneira\",\"https:\\\/\\\/x.com\\\/APeneira\"]},{\"@type\":\"Person\",\"@id\":\"https:\\\/\\\/www.anovapeneira.gal\\\/#\\\/schema\\\/person\\\/424dfe65e3070fd8a44d22d2c088762a\",\"name\":\"Tino Lago\",\"image\":{\"@type\":\"ImageObject\",\"inLanguage\":\"gl-ES\",\"@id\":\"https:\\\/\\\/secure.gravatar.com\\\/avatar\\\/b3df6a06e44bab3111583b90f0f33a0379ee5e3d22cbadd232d39f21c30c62be?s=96&d=mm&r=g\",\"url\":\"https:\\\/\\\/secure.gravatar.com\\\/avatar\\\/b3df6a06e44bab3111583b90f0f33a0379ee5e3d22cbadd232d39f21c30c62be?s=96&d=mm&r=g\",\"contentUrl\":\"https:\\\/\\\/secure.gravatar.com\\\/avatar\\\/b3df6a06e44bab3111583b90f0f33a0379ee5e3d22cbadd232d39f21c30c62be?s=96&d=mm&r=g\",\"caption\":\"Tino Lago\"},\"sameAs\":[\"http:\\\/\\\/www.anovapeneira.gal\"],\"url\":\"https:\\\/\\\/www.anovapeneira.gal\\\/index.php\\\/author\\\/director\\\/\"}]}<\/script>\n<!-- \/ Yoast SEO plugin. -->","yoast_head_json":{"title":"\u201cTejidos y novedades Carmen\u201d de Gondomar cesa a s\u00faa actividade a finais deste ano -","robots":{"index":"index","follow":"follow","max-snippet":"max-snippet:-1","max-image-preview":"max-image-preview:large","max-video-preview":"max-video-preview:-1"},"canonical":"https:\/\/www.anovapeneira.gal\/index.php\/2024\/11\/22\/tejidos-y-novedades-carmen-de-gondomar-cesa-a-sua-actividade-a-finais-deste-ano\/","og_locale":"gl_ES","og_type":"article","og_title":"\u201cTejidos y novedades Carmen\u201d de Gondomar cesa a s\u00faa actividade a finais deste ano -","og_description":"Despois de moitas d\u00e9cadas ao servizo do pobo de Gondomar, este negocio cesa a s\u00faa actividade, pola xubilaci\u00f3n da s\u00faa propietaria, a finais deste ano 2024 [...]","og_url":"https:\/\/www.anovapeneira.gal\/index.php\/2024\/11\/22\/tejidos-y-novedades-carmen-de-gondomar-cesa-a-sua-actividade-a-finais-deste-ano\/","article_publisher":"https:\/\/www.facebook.com\/anovapeneira","article_published_time":"2024-11-22T09:00:02+00:00","og_image":[{"width":720,"height":432,"url":"https:\/\/www.anovapeneira.gal\/wp-content\/uploads\/2024\/11\/tecidos_carmen.png","type":"image\/png"}],"author":"Tino Lago","twitter_card":"summary_large_image","twitter_creator":"@APeneira","twitter_site":"@APeneira","twitter_misc":{"Escrito por":"Tino Lago","Tempo de lectura":"2 minutos"},"schema":{"@context":"https:\/\/schema.org","@graph":[{"@type":"Article","@id":"https:\/\/www.anovapeneira.gal\/index.php\/2024\/11\/22\/tejidos-y-novedades-carmen-de-gondomar-cesa-a-sua-actividade-a-finais-deste-ano\/#article","isPartOf":{"@id":"https:\/\/www.anovapeneira.gal\/index.php\/2024\/11\/22\/tejidos-y-novedades-carmen-de-gondomar-cesa-a-sua-actividade-a-finais-deste-ano\/"},"author":{"name":"Tino Lago","@id":"https:\/\/www.anovapeneira.gal\/#\/schema\/person\/424dfe65e3070fd8a44d22d2c088762a"},"headline":"\u201cTejidos y novedades Carmen\u201d de Gondomar cesa a s\u00faa actividade a finais deste ano","datePublished":"2024-11-22T09:00:02+00:00","mainEntityOfPage":{"@id":"https:\/\/www.anovapeneira.gal\/index.php\/2024\/11\/22\/tejidos-y-novedades-carmen-de-gondomar-cesa-a-sua-actividade-a-finais-deste-ano\/"},"wordCount":814,"commentCount":0,"publisher":{"@id":"https:\/\/www.anovapeneira.gal\/#organization"},"image":{"@id":"https:\/\/www.anovapeneira.gal\/index.php\/2024\/11\/22\/tejidos-y-novedades-carmen-de-gondomar-cesa-a-sua-actividade-a-finais-deste-ano\/#primaryimage"},"thumbnailUrl":"https:\/\/www.anovapeneira.gal\/wp-content\/uploads\/2024\/11\/tecidos_carmen.png","keywords":["Concello de Gondomar"],"articleSection":["Val Mi\u00f1or"],"inLanguage":"gl-ES","potentialAction":[{"@type":"CommentAction","name":"Comment","target":["https:\/\/www.anovapeneira.gal\/index.php\/2024\/11\/22\/tejidos-y-novedades-carmen-de-gondomar-cesa-a-sua-actividade-a-finais-deste-ano\/#respond"]}]},{"@type":"WebPage","@id":"https:\/\/www.anovapeneira.gal\/index.php\/2024\/11\/22\/tejidos-y-novedades-carmen-de-gondomar-cesa-a-sua-actividade-a-finais-deste-ano\/","url":"https:\/\/www.anovapeneira.gal\/index.php\/2024\/11\/22\/tejidos-y-novedades-carmen-de-gondomar-cesa-a-sua-actividade-a-finais-deste-ano\/","name":"\u201cTejidos y novedades Carmen\u201d de Gondomar cesa a s\u00faa actividade a finais deste ano -","isPartOf":{"@id":"https:\/\/www.anovapeneira.gal\/#website"},"primaryImageOfPage":{"@id":"https:\/\/www.anovapeneira.gal\/index.php\/2024\/11\/22\/tejidos-y-novedades-carmen-de-gondomar-cesa-a-sua-actividade-a-finais-deste-ano\/#primaryimage"},"image":{"@id":"https:\/\/www.anovapeneira.gal\/index.php\/2024\/11\/22\/tejidos-y-novedades-carmen-de-gondomar-cesa-a-sua-actividade-a-finais-deste-ano\/#primaryimage"},"thumbnailUrl":"https:\/\/www.anovapeneira.gal\/wp-content\/uploads\/2024\/11\/tecidos_carmen.png","datePublished":"2024-11-22T09:00:02+00:00","breadcrumb":{"@id":"https:\/\/www.anovapeneira.gal\/index.php\/2024\/11\/22\/tejidos-y-novedades-carmen-de-gondomar-cesa-a-sua-actividade-a-finais-deste-ano\/#breadcrumb"},"inLanguage":"gl-ES","potentialAction":[{"@type":"ReadAction","target":["https:\/\/www.anovapeneira.gal\/index.php\/2024\/11\/22\/tejidos-y-novedades-carmen-de-gondomar-cesa-a-sua-actividade-a-finais-deste-ano\/"]}]},{"@type":"ImageObject","inLanguage":"gl-ES","@id":"https:\/\/www.anovapeneira.gal\/index.php\/2024\/11\/22\/tejidos-y-novedades-carmen-de-gondomar-cesa-a-sua-actividade-a-finais-deste-ano\/#primaryimage","url":"https:\/\/www.anovapeneira.gal\/wp-content\/uploads\/2024\/11\/tecidos_carmen.png","contentUrl":"https:\/\/www.anovapeneira.gal\/wp-content\/uploads\/2024\/11\/tecidos_carmen.png","width":720,"height":432,"caption":"Tecidos Carmen"},{"@type":"BreadcrumbList","@id":"https:\/\/www.anovapeneira.gal\/index.php\/2024\/11\/22\/tejidos-y-novedades-carmen-de-gondomar-cesa-a-sua-actividade-a-finais-deste-ano\/#breadcrumb","itemListElement":[{"@type":"ListItem","position":1,"name":"Portada","item":"https:\/\/www.anovapeneira.gal\/"},{"@type":"ListItem","position":2,"name":"\u201cTejidos y novedades Carmen\u201d de Gondomar cesa a s\u00faa actividade a finais deste ano"}]},{"@type":"WebSite","@id":"https:\/\/www.anovapeneira.gal\/#website","url":"https:\/\/www.anovapeneira.gal\/","name":"","description":"Xornal galego de informaci\u00f3n xeral Publicaci\u00f3n mensual de novas de Galicia e en especial dos Concellos da sur da provincia de Pontevedra.","publisher":{"@id":"https:\/\/www.anovapeneira.gal\/#organization"},"potentialAction":[{"@type":"SearchAction","target":{"@type":"EntryPoint","urlTemplate":"https:\/\/www.anovapeneira.gal\/?s={search_term_string}"},"query-input":{"@type":"PropertyValueSpecification","valueRequired":true,"valueName":"search_term_string"}}],"inLanguage":"gl-ES"},{"@type":"Organization","@id":"https:\/\/www.anovapeneira.gal\/#organization","name":"A Nova Peneira","url":"https:\/\/www.anovapeneira.gal\/","logo":{"@type":"ImageObject","inLanguage":"gl-ES","@id":"https:\/\/www.anovapeneira.gal\/#\/schema\/logo\/image\/","url":"http:\/\/www.anovapeneira.gal\/wp-content\/uploads\/2019\/06\/logo_a_nova_peneira_portal_web.png","contentUrl":"http:\/\/www.anovapeneira.gal\/wp-content\/uploads\/2019\/06\/logo_a_nova_peneira_portal_web.png","width":300,"height":100,"caption":"A Nova Peneira"},"image":{"@id":"https:\/\/www.anovapeneira.gal\/#\/schema\/logo\/image\/"},"sameAs":["https:\/\/www.facebook.com\/anovapeneira","https:\/\/x.com\/APeneira"]},{"@type":"Person","@id":"https:\/\/www.anovapeneira.gal\/#\/schema\/person\/424dfe65e3070fd8a44d22d2c088762a","name":"Tino Lago","image":{"@type":"ImageObject","inLanguage":"gl-ES","@id":"https:\/\/secure.gravatar.com\/avatar\/b3df6a06e44bab3111583b90f0f33a0379ee5e3d22cbadd232d39f21c30c62be?s=96&d=mm&r=g","url":"https:\/\/secure.gravatar.com\/avatar\/b3df6a06e44bab3111583b90f0f33a0379ee5e3d22cbadd232d39f21c30c62be?s=96&d=mm&r=g","contentUrl":"https:\/\/secure.gravatar.com\/avatar\/b3df6a06e44bab3111583b90f0f33a0379ee5e3d22cbadd232d39f21c30c62be?s=96&d=mm&r=g","caption":"Tino Lago"},"sameAs":["http:\/\/www.anovapeneira.gal"],"url":"https:\/\/www.anovapeneira.gal\/index.php\/author\/director\/"}]}},"jetpack_featured_media_url":"https:\/\/www.anovapeneira.gal\/wp-content\/uploads\/2024\/11\/tecidos_carmen.png","_links":{"self":[{"href":"https:\/\/www.anovapeneira.gal\/index.php\/wp-json\/wp\/v2\/posts\/12808","targetHints":{"allow":["GET"]}}],"collection":[{"href":"https:\/\/www.anovapeneira.gal\/index.php\/wp-json\/wp\/v2\/posts"}],"about":[{"href":"https:\/\/www.anovapeneira.gal\/index.php\/wp-json\/wp\/v2\/types\/post"}],"author":[{"embeddable":true,"href":"https:\/\/www.anovapeneira.gal\/index.php\/wp-json\/wp\/v2\/users\/2"}],"replies":[{"embeddable":true,"href":"https:\/\/www.anovapeneira.gal\/index.php\/wp-json\/wp\/v2\/comments?post=12808"}],"version-history":[{"count":1,"href":"https:\/\/www.anovapeneira.gal\/index.php\/wp-json\/wp\/v2\/posts\/12808\/revisions"}],"predecessor-version":[{"id":12810,"href":"https:\/\/www.anovapeneira.gal\/index.php\/wp-json\/wp\/v2\/posts\/12808\/revisions\/12810"}],"wp:featuredmedia":[{"embeddable":true,"href":"https:\/\/www.anovapeneira.gal\/index.php\/wp-json\/wp\/v2\/media\/12809"}],"wp:attachment":[{"href":"https:\/\/www.anovapeneira.gal\/index.php\/wp-json\/wp\/v2\/media?parent=12808"}],"wp:term":[{"taxonomy":"category","embeddable":true,"href":"https:\/\/www.anovapeneira.gal\/index.php\/wp-json\/wp\/v2\/categories?post=12808"},{"taxonomy":"post_tag","embeddable":true,"href":"https:\/\/www.anovapeneira.gal\/index.php\/wp-json\/wp\/v2\/tags?post=12808"}],"curies":[{"name":"wp","href":"https:\/\/api.w.org\/{rel}","templated":true}]}}