{"id":12811,"date":"2024-11-22T12:00:21","date_gmt":"2024-11-22T11:00:21","guid":{"rendered":"https:\/\/www.anovapeneira.gal\/?p=12811"},"modified":"2024-11-18T10:36:02","modified_gmt":"2024-11-18T09:36:02","slug":"luciano-otero-alcalde-de-pazos-de-borben-3","status":"publish","type":"post","link":"https:\/\/www.anovapeneira.gal\/index.php\/2024\/11\/22\/luciano-otero-alcalde-de-pazos-de-borben-3\/","title":{"rendered":"Luciano Otero, alcalde de Pazos de Borb\u00e9n"},"content":{"rendered":"\n<p><strong>Despois do hist\u00f3rico, e moi necesario, cambio pol\u00edtico acontecido en Pazos de Borb\u00e9n nas municipais do ano 23 parece que o clima entre os 3 grupos que fixeron posible a investidura do alcalde Luciano Otero non pasa polos seus mellores momentos. N\u00f3s conversamos co alcalde de Pazos.<\/strong><\/p>\n\n\n\n<p>\u201c<strong>A mi\u00f1a opini\u00f3n do tempo que levamos no goberno \u00e9 positiva. Pero ser\u00e1 a veci\u00f1anza a que valore nas pr\u00f3ximas elecci\u00f3ns como foi o traballo do goberno e a actitude da oposici\u00f3n\u201d<\/strong><\/p>\n\n\n\n<p><strong>Ano e medio despois de iniciar a t\u00faa experiencia como alcalde , que valoraci\u00f3n fas?<\/strong><\/p>\n\n\n\n<blockquote class=\"wp-block-quote is-layout-flow wp-block-quote-is-layout-flow\">\n<p>Eu fago unha valoraci\u00f3n positiva. Foi un inicio complicado cunhas negociaci\u00f3ns custosas para a investidura, pero dentro das complexas circunstancias da aritm\u00e9tica municipal traballamos o mellor posible. Ser\u00e1n os veci\u00f1os e veci\u00f1as quen valoren de aqu\u00ed \u00e1s pr\u00f3ximas elecci\u00f3ns o traballo realizado por uns e por e outros.<\/p>\n<\/blockquote>\n\n\n\n<p><strong>En calquera caso en Pazos parece haber unha percepci\u00f3n xeral de que a tensi\u00f3n pol\u00edtica entre os 3 grupos que fixeron posible a t\u00faa investidura \u00e9 demasiado elevada?<\/strong><\/p>\n\n\n\n<blockquote class=\"wp-block-quote is-layout-flow wp-block-quote-is-layout-flow\">\n<p>Penso que isto \u00e9 un erro moi grande. As diferenzas que haxa temos que ama\u00f1alas de maneira interna e centrar os nosos esforzos en dar o mellor de n\u00f3s en prol do ben com\u00fan<\/p>\n<\/blockquote>\n\n\n\n<p><strong>Este suposto erro \u00e9 unicamente por parte do PSOE e do BNG, ou tam\u00e9n hai responsabilidade por parte de Alternativa ?<\/strong><\/p>\n\n\n\n<blockquote class=\"wp-block-quote is-layout-flow wp-block-quote-is-layout-flow\">\n<p>Eu reco\u00f1ezo a parte que me toca a min. Foron uns inicios moi dif\u00edciles especialmente cando tiven que compaxinar o goberno co traballo por non ter ama\u00f1ado as dedicaci\u00f3ns. Nese momento si que me puido faltar capacidade de di\u00e1logo. Pero non foi por mala intenci\u00f3n, sen\u00f3n por estar desbordado pola situaci\u00f3n.<\/p>\n<\/blockquote>\n\n\n\n<p><strong>Canto tempo estiveches a compaxinar o teu traballo coa alcald\u00eda ?<\/strong><\/p>\n\n\n\n<blockquote class=\"wp-block-quote is-layout-flow wp-block-quote-is-layout-flow\">\n<p>Sobre uns tres meses. Pero xa desde o primeiro d\u00eda se nos fixo unha oposici\u00f3n moi dura. Non \u00e9 que non nos deran os 100 d\u00edas de cortes\u00eda, \u00e9 que xa desde o momento da investidura o representante do PSOE cargou duramente contra min, algo que me pareceu asombroso.<\/p>\n<\/blockquote>\n\n\n\n<p><strong>Con que argumentos cargou contra ti na investidura? .<\/strong><\/p>\n\n\n\n<blockquote class=\"wp-block-quote is-layout-flow wp-block-quote-is-layout-flow\">\n<p>Con poucos argumentos pol\u00edticos. Fixo demagoxia co tema do salario.<\/p>\n<\/blockquote>\n\n\n\n<p><strong>Hai pouco o PSOE de Pazos tirou unha nota de prensa moi dura, reclaman a t\u00faa dimisi\u00f3n e mesmo po\u00f1en condici\u00f3ns sobre a persoa que che ter\u00eda que substitu\u00edr. Non tes medo de que o representante do PSOE apoie unha moci\u00f3n de censura do PP?<\/strong><\/p>\n\n\n\n<blockquote class=\"wp-block-quote is-layout-flow wp-block-quote-is-layout-flow\">\n<p>Ser\u00eda a s\u00faa responsabilidade dar un paso dese calibre. Ese ton da nota de prensa \u00e9 o que tivo desde o principio. A persoa da corporaci\u00f3n que menos votos ten, crese chave para gobernar e quere condicionalo todo.<\/p>\n<\/blockquote>\n\n\n\n<blockquote class=\"wp-block-quote is-layout-flow wp-block-quote-is-layout-flow\">\n<p>Como exemplo da s\u00faa forma de facer pol\u00edtica podemos falar do pol\u00edgono de Amoedo: No programa levaban que quer\u00eda chegar a un acordo para desbloquear a situaci\u00f3n e logo votaron en contra e a s\u00faa postura foi presentar en nome do concello \u00e1 Comunidade de Montes unha serie de reclamaci\u00f3ns totalmente disparatadas para negociar el.<\/p>\n<\/blockquote>\n\n\n\n<p><strong>Pero desbotas a posibilidade dunha moci\u00f3n de censura do PP apoiada polo concelleiro do PSOE?<\/strong><\/p>\n\n\n\n<blockquote class=\"wp-block-quote is-layout-flow wp-block-quote-is-layout-flow\">\n<p>Eu lim\u00edtome a gobernar o mellor que podo coa situaci\u00f3n e os recursos que temos. Cada un de n\u00f3s somos responsables dos nosos actos.<\/p>\n<\/blockquote>\n\n\n\n<p><strong>A situaci\u00f3n aritm\u00e9tica que ten o teu goberno, catro de once, esixe di\u00e1logo e capacidade de acordos co BNG e co PSOE. Non hai forma de reconducir as cousas?<\/strong><\/p>\n\n\n\n<blockquote class=\"wp-block-quote is-layout-flow wp-block-quote-is-layout-flow\">\n<p>Co BNG o clima \u00e9 outro e hai outra altura pol\u00edtica. Penso que con Xurxo \u00e9 factible chegar a acordos e ter unha relaci\u00f3n de concordia.<\/p>\n<\/blockquote>\n\n\n\n<blockquote class=\"wp-block-quote is-layout-flow wp-block-quote-is-layout-flow\">\n<p>Coa actitude que amosa o PSOE de Pazos penso que non hai negociaci\u00f3n pol\u00edtica posible.<\/p>\n<\/blockquote>\n\n\n\n<p><strong>Pero neces\u00edtalo, porque sen o seu voto non podes aprobar nada.<\/strong><\/p>\n\n\n\n<blockquote class=\"wp-block-quote is-layout-flow wp-block-quote-is-layout-flow\">\n<p>Pero no momento que unha persoa anuncia que non vai apoiar absolutamente nada do que propo\u00f1amos xa non est\u00e1 deixando marxe a negociaci\u00f3n ningunha.<\/p>\n<\/blockquote>\n\n\n\n<p><strong>Estar\u00edas disposto a sentarte con el e tratar de ama\u00f1ar as cousas?<\/strong><\/p>\n\n\n\n<blockquote class=\"wp-block-quote is-layout-flow wp-block-quote-is-layout-flow\">\n<p>Pola mi\u00f1a banda sempre estou disposto ao di\u00e1logo. Pero cando unha persoa entra no concello e grava a traballadores municipais comigo para colgalo en rede, pois pono realmente dif\u00edcil.<\/p>\n<\/blockquote>\n\n\n\n<p><strong>Expl\u00edcame iso?<\/strong><\/p>\n\n\n\n<blockquote class=\"wp-block-quote is-layout-flow wp-block-quote-is-layout-flow\">\n<p>Entrou non Concello e gravou un v\u00eddeo \u00e1s agachadas, gravoume falando con traballadores municipais e publicouno nas redes sociais.<\/p>\n<\/blockquote>\n\n\n\n<p><strong>Ao respecto de que tema se fixo, presuntamente, esa gravaci\u00f3n?<\/strong><\/p>\n\n\n\n<blockquote class=\"wp-block-quote is-layout-flow wp-block-quote-is-layout-flow\">\n<p>Por un atraso nun expediente. Xubilouse a persoa que levaba isto e por un axuste de redistribuci\u00f3n do seu traballo houbo un atraso en dar acceso a un expediente que ped\u00eda a oposici\u00f3n.<\/p>\n<\/blockquote>\n\n\n\n<blockquote class=\"wp-block-quote is-layout-flow wp-block-quote-is-layout-flow\">\n<p>Gravou todo isto mentres entraba no despacho a pedirme o expediente. Xa no seu d\u00eda fixo publica unha conversaci\u00f3n privada de Whats app entre os dous. Logo pediume desculpas e eu acepteinas, pero parece ser que non aprende.<\/p>\n<\/blockquote>\n\n\n\n<p><strong>Imos falar de xesti\u00f3n, dic\u00edasme que estabas moderadamente satisfeito do resultado da xesti\u00f3n deste ano e pico de mandato, por que?<\/strong><\/p>\n\n\n\n<blockquote class=\"wp-block-quote is-layout-flow wp-block-quote-is-layout-flow\">\n<p>Fixemos reorganizaci\u00f3n interna do funcionamento do concello. O mais visible \u00e9 a xesti\u00f3n do lixo que mellorou notablemente porque asumimos a prestaci\u00f3n directa para a que recibimos un cami\u00f3n do que os tramites da s\u00faa compra fix\u00e9raos o PP no seu d\u00eda, pero non hab\u00eda ning\u00fan proxecto para el.<\/p>\n<\/blockquote>\n\n\n\n<blockquote class=\"wp-block-quote is-layout-flow wp-block-quote-is-layout-flow\">\n<p>Tam\u00e9n estamos a facer traballos nas depuradoras para deixar de recibir multas por levar anos sen facer ning\u00fan investimento, fixemos auditor\u00eda de saneamento e de abastecementos de augas. En temas ambientais estamos a facer un traballo que comeza a dar os seus froitos e para o que solicitamos subvenci\u00f3ns. Estamos a apostar polas enerx\u00edas renovables, fixemos a xesti\u00f3n de dar de alta en autoconsumo o tema dos paneis solares do concello e dos colexios. Estaban instalados polo PP pero sen dar de alta e levaban un ano producindo enerx\u00eda sen que repercutise no concello. Tam\u00e9n pedimos permiso para instalar m\u00e1is paneis solares para que se poidan beneficiar os veci\u00f1os.<\/p>\n<\/blockquote>\n\n\n\n<p><strong>Un tema fundamental na pol\u00edtica de Pazos \u00e9 a situaci\u00f3n da Estrada de Nespereira. Como vai ese asunto?<\/strong><\/p>\n\n\n\n<blockquote class=\"wp-block-quote is-layout-flow wp-block-quote-is-layout-flow\">\n<p>Con atrancos e dificultades pero parece que vai por bo cami\u00f1o. Persoalmente decepcionoume a actitude do presidente da Deputaci\u00f3n.<\/p>\n<\/blockquote>\n\n\n\n<p><strong>Por que?<\/strong><\/p>\n\n\n\n<blockquote class=\"wp-block-quote is-layout-flow wp-block-quote-is-layout-flow\">\n<p>Cargou en varias ocasi\u00f3ns contra o concello culp\u00e1ndonos do atraso, din que tardamos cinco meses en asinar o convenio. O novo goberno da DEPO p\u00faxonos enriba da mesa un convenio de achega do Concello de Pazos para esta obra no que nos piden m\u00e1is de 40.000\u20ac. E o acordo que ti\u00f1amos coa anterior DEPO exix\u00eda ao Concello unha achega inferior a 15.000\u20ac.Levounos un tempo conseguir eses 40.000\u20ac para poder asinar o convenio.<\/p>\n<\/blockquote>\n\n\n\n<p><strong>Sobe m\u00e1is do 100% a cont\u00eda que ten que achegar o concello. Esa suba foi o motivo de atrasar a sinatura?<\/strong><\/p>\n\n\n\n<blockquote class=\"wp-block-quote is-layout-flow wp-block-quote-is-layout-flow\">\n<p>Si, exacto. Ademais advert\u00edmoslle \u00e1 DEPO que no convenio met\u00edannos a n\u00f3s unha expropiaci\u00f3n dunha finca que est\u00e1 no concello de Redondela. Xa s\u00f3 esta finca en concreto eran 11.000\u20ac e non nos corresponder\u00eda pagala a n\u00f3s. A Deputaci\u00f3n no canto de reco\u00f1ecer o erro p\u00faxose nunha actitude connosco case chantaxista: Ou aceptabamos iso ou nada.<\/p>\n<\/blockquote>\n\n\n\n<p><strong>A DEPO tirara unha nota na que afirmaba que xa ti\u00f1an o convenio e que estaban a esperar por v\u00f3s para asinalo.<\/strong><\/p>\n\n\n\n<blockquote class=\"wp-block-quote is-layout-flow wp-block-quote-is-layout-flow\">\n<p>Si, correcto iso fixeron. Pero a realidade \u00e9 que cando entraron na Deputaci\u00f3n tardaron m\u00e1is de 8 meses en dar sinais de vida. Eles xa ti\u00f1an un borrador dun convenio encima da mesa e pod\u00edase ter asinado nun mes. E cando nos mandaron o novo convenio ti\u00f1amos que achegar case o triplo de cartos que os que nos obrigaba o anterior acordo, e con aspectos de dubidosa legalidade. De a\u00ed o atraso<\/p>\n<\/blockquote>\n\n\n\n<p><strong>Cando se asinou o convenio?<\/strong><\/p>\n\n\n\n<blockquote class=\"wp-block-quote is-layout-flow wp-block-quote-is-layout-flow\">\n<p>A finais de Outubro. O que nos preocupa \u00e9 que este convenio \u00e9 para arranxar menos de 1 quil\u00f3metro.<\/p>\n<\/blockquote>\n\n\n\n<p><strong>De onde ata onde?<\/strong><\/p>\n\n\n\n<blockquote class=\"wp-block-quote is-layout-flow wp-block-quote-is-layout-flow\">\n<p>Desde os Valos ata o cruzamento que vai para a igrexa de Nespereira.<\/p>\n<\/blockquote>\n\n\n\n<p><strong>Un tramo moi pequeno, esta estrada \u00e9 duns 8 quil\u00f3metros. Por un quil\u00f3metro tendes que po\u00f1er 40.000\u20ac?<\/strong><\/p>\n\n\n\n<blockquote class=\"wp-block-quote is-layout-flow wp-block-quote-is-layout-flow\">\n<p>Si.<\/p>\n<\/blockquote>\n\n\n\n<p><strong>Cando comezan as obras?<\/strong><\/p>\n\n\n\n<blockquote class=\"wp-block-quote is-layout-flow wp-block-quote-is-layout-flow\">\n<p>Agora est\u00e1 en mans da Deputaci\u00f3n, te\u00f1en que licitar .<\/p>\n<\/blockquote>\n\n\n\n<p><strong>Pero non tendes previsi\u00f3n de data?<\/strong><\/p>\n\n\n\n<blockquote class=\"wp-block-quote is-layout-flow wp-block-quote-is-layout-flow\">\n<p>Non. O presidente da Deputaci\u00f3n dixo que ti\u00f1a moitas ganas de levar adiante esta obra.<\/p>\n<\/blockquote>\n\n\n\n<p><strong>E do arranxo dos seguintes tramos, sabes algo?<\/strong><\/p>\n\n\n\n<blockquote class=\"wp-block-quote is-layout-flow wp-block-quote-is-layout-flow\">\n<p>Non. Na firma o presidente d\u00edxome rotundamente que non, que ata que se acabasen as obras non se empezar\u00eda cos tr\u00e1mites do seguinte tramo. Isto \u00e9 un atraso de anos.<\/p>\n<\/blockquote>\n\n\n\n<p><strong>Sobre os orzamentos do Concello que nos dis?<\/strong><\/p>\n\n\n\n<blockquote class=\"wp-block-quote is-layout-flow wp-block-quote-is-layout-flow\">\n<p>Non foron apoiados pola oposici\u00f3n.<\/p>\n<\/blockquote>\n\n\n\n<p><strong>Cando os levastes a pleno?<\/strong><\/p>\n\n\n\n<blockquote class=\"wp-block-quote is-layout-flow wp-block-quote-is-layout-flow\">\n<p>En maio.<\/p>\n<\/blockquote>\n\n\n\n<p><strong>E non os negociastes antes con PSOE, BNG e PP?<\/strong><\/p>\n\n\n\n<blockquote class=\"wp-block-quote is-layout-flow wp-block-quote-is-layout-flow\">\n<p>Si, o propio PSOE fixo algunha proposta que para n\u00f3s era asumible e a\u00ednda as\u00ed non contamos co seu apoio. Acabo de iniciar fai un par de semanas o contacto de novo cos demais grupos pol\u00edticos para que nos fagan as s\u00faas propostas para iniciar as negociaci\u00f3ns cara ao ano que v\u00e9n. O BNG xa nos fixo unha proposta negociable, e o PSOE pronunciouse publicamente que mentres eu non marche non vai negociar nada e do PP de momento s\u00f3 hai silencio.<\/p>\n<\/blockquote>\n\n\n\n<p><strong>Con que orzamentos estades traballando?<\/strong><\/p>\n\n\n\n<blockquote class=\"wp-block-quote is-layout-flow wp-block-quote-is-layout-flow\">\n<p>Cos orzamentos do 2022. O PP contando con maior\u00eda absoluta non levou presupostos no ano 2023.<\/p>\n<\/blockquote>\n\n\n\n<p><strong>\u00c9 dif\u00edcil gobernar con orzamentos do 2022?<\/strong><\/p>\n\n\n\n<blockquote class=\"wp-block-quote is-layout-flow wp-block-quote-is-layout-flow\">\n<p>Si, impide facer cousas que son necesarias<\/p>\n<\/blockquote>\n\n\n\n<p><strong>Que pretendes facer no Pol\u00edgono Industrial de Amoedo?<\/strong><\/p>\n\n\n\n<blockquote class=\"wp-block-quote is-layout-flow wp-block-quote-is-layout-flow\">\n<p>Est\u00e1 nun limbo legal, est\u00e1 sen aprobar unha modificaci\u00f3n puntual, a ver se conseguimos arranxar isto.<\/p>\n<\/blockquote>\n\n\n\n<p><strong>No Concello de Fornelos hai unha grave ameaza pola instalaci\u00f3n dun mega parque e\u00f3lico en Vent\u00edn que esnaquizar\u00eda a Comarca. Cal \u00e9 a t\u00faa posici\u00f3n sobre isto?<\/strong><\/p>\n\n\n\n<blockquote class=\"wp-block-quote is-layout-flow wp-block-quote-is-layout-flow\">\n<p>Os e\u00f3licos non estar\u00edan instalados no noso termo municipal pero a li\u00f1a de alta tensi\u00f3n si, pasar\u00eda por Borb\u00e9n preto das casas, nunha \u00e1rea natural. Desde o concello presentamos alegaci\u00f3ns en contra desta li\u00f1a de alta tensi\u00f3n. Apostamos por outro modelo onde sexan os veci\u00f1os os que se beneficien da produci\u00f3n da electricidade, como pa\u00eds non temos unha tarifa propia que poida facer m\u00e1is competitivas \u00e1s nosas empresas e beneficiarse os consumidores dunha enerx\u00eda m\u00e1is barata. Montar estes mega e\u00f3licos de 200 metros esnaquizar\u00eda a Serra do Galleiro e a Carballeira do Barrag\u00e1n.<\/p>\n<\/blockquote>\n","protected":false},"excerpt":{"rendered":"<div class=\"mh-excerpt\"><p>Despois do hist\u00f3rico, e moi necesario, cambio pol\u00edtico acontecido en Pazos de Borb\u00e9n nas municipais do ano 23 parece que o clima entre os 3 grupos que fixeron posible a investidura do alcalde Luciano Otero <a class=\"mh-excerpt-more\" href=\"https:\/\/www.anovapeneira.gal\/index.php\/2024\/11\/22\/luciano-otero-alcalde-de-pazos-de-borben-3\/\" title=\"Luciano Otero, alcalde de Pazos de Borb\u00e9n\">[&#8230;]<\/a><\/p>\n<\/div>","protected":false},"author":2,"featured_media":12812,"comment_status":"open","ping_status":"open","sticky":false,"template":"","format":"standard","meta":{"_exactmetrics_skip_tracking":false,"_exactmetrics_sitenote_active":false,"_exactmetrics_sitenote_note":"","_exactmetrics_sitenote_category":0,"footnotes":""},"categories":[270],"tags":[1089],"class_list":{"0":"post-12811","1":"post","2":"type-post","3":"status-publish","4":"format-standard","5":"has-post-thumbnail","7":"category-redondela-entrevistas","8":"tag-concello-de-pazos-de-borben"},"yoast_head":"<!-- This site is optimized with the Yoast SEO plugin v27.4 - https:\/\/yoast.com\/product\/yoast-seo-wordpress\/ -->\n<title>Luciano Otero, alcalde de Pazos de Borb\u00e9n -<\/title>\n<meta name=\"robots\" content=\"index, follow, max-snippet:-1, max-image-preview:large, max-video-preview:-1\" \/>\n<link rel=\"canonical\" href=\"https:\/\/www.anovapeneira.gal\/index.php\/2024\/11\/22\/luciano-otero-alcalde-de-pazos-de-borben-3\/\" \/>\n<meta property=\"og:locale\" content=\"gl_ES\" \/>\n<meta property=\"og:type\" content=\"article\" \/>\n<meta property=\"og:title\" content=\"Luciano Otero, alcalde de Pazos de Borb\u00e9n -\" \/>\n<meta property=\"og:description\" content=\"Despois do hist\u00f3rico, e moi necesario, cambio pol\u00edtico acontecido en Pazos de Borb\u00e9n nas municipais do ano 23 parece que o clima entre os 3 grupos que fixeron posible a investidura do alcalde Luciano Otero [...]\" \/>\n<meta property=\"og:url\" content=\"https:\/\/www.anovapeneira.gal\/index.php\/2024\/11\/22\/luciano-otero-alcalde-de-pazos-de-borben-3\/\" \/>\n<meta property=\"article:publisher\" content=\"https:\/\/www.facebook.com\/anovapeneira\" \/>\n<meta property=\"article:published_time\" content=\"2024-11-22T11:00:21+00:00\" \/>\n<meta property=\"og:image\" content=\"https:\/\/www.anovapeneira.gal\/wp-content\/uploads\/2024\/11\/luciano_pazos_borben.png\" \/>\n\t<meta property=\"og:image:width\" content=\"720\" \/>\n\t<meta property=\"og:image:height\" content=\"432\" \/>\n\t<meta property=\"og:image:type\" content=\"image\/png\" \/>\n<meta name=\"author\" content=\"Tino Lago\" \/>\n<meta name=\"twitter:card\" content=\"summary_large_image\" \/>\n<meta name=\"twitter:creator\" content=\"@APeneira\" \/>\n<meta name=\"twitter:site\" content=\"@APeneira\" \/>\n<meta name=\"twitter:label1\" content=\"Escrito por\" \/>\n\t<meta name=\"twitter:data1\" content=\"Tino Lago\" \/>\n\t<meta name=\"twitter:label2\" content=\"Tempo de lectura\" \/>\n\t<meta name=\"twitter:data2\" content=\"3 minutos\" \/>\n<script type=\"application\/ld+json\" class=\"yoast-schema-graph\">{\"@context\":\"https:\\\/\\\/schema.org\",\"@graph\":[{\"@type\":\"Article\",\"@id\":\"https:\\\/\\\/www.anovapeneira.gal\\\/index.php\\\/2024\\\/11\\\/22\\\/luciano-otero-alcalde-de-pazos-de-borben-3\\\/#article\",\"isPartOf\":{\"@id\":\"https:\\\/\\\/www.anovapeneira.gal\\\/index.php\\\/2024\\\/11\\\/22\\\/luciano-otero-alcalde-de-pazos-de-borben-3\\\/\"},\"author\":{\"name\":\"Tino Lago\",\"@id\":\"https:\\\/\\\/www.anovapeneira.gal\\\/#\\\/schema\\\/person\\\/424dfe65e3070fd8a44d22d2c088762a\"},\"headline\":\"Luciano Otero, alcalde de Pazos de Borb\u00e9n\",\"datePublished\":\"2024-11-22T11:00:21+00:00\",\"mainEntityOfPage\":{\"@id\":\"https:\\\/\\\/www.anovapeneira.gal\\\/index.php\\\/2024\\\/11\\\/22\\\/luciano-otero-alcalde-de-pazos-de-borben-3\\\/\"},\"wordCount\":1814,\"commentCount\":0,\"publisher\":{\"@id\":\"https:\\\/\\\/www.anovapeneira.gal\\\/#organization\"},\"image\":{\"@id\":\"https:\\\/\\\/www.anovapeneira.gal\\\/index.php\\\/2024\\\/11\\\/22\\\/luciano-otero-alcalde-de-pazos-de-borben-3\\\/#primaryimage\"},\"thumbnailUrl\":\"https:\\\/\\\/www.anovapeneira.gal\\\/wp-content\\\/uploads\\\/2024\\\/11\\\/luciano_pazos_borben.png\",\"keywords\":[\"Concello de Pazos de Borb\u00e9n\"],\"articleSection\":[\"Redondela\"],\"inLanguage\":\"gl-ES\",\"potentialAction\":[{\"@type\":\"CommentAction\",\"name\":\"Comment\",\"target\":[\"https:\\\/\\\/www.anovapeneira.gal\\\/index.php\\\/2024\\\/11\\\/22\\\/luciano-otero-alcalde-de-pazos-de-borben-3\\\/#respond\"]}]},{\"@type\":\"WebPage\",\"@id\":\"https:\\\/\\\/www.anovapeneira.gal\\\/index.php\\\/2024\\\/11\\\/22\\\/luciano-otero-alcalde-de-pazos-de-borben-3\\\/\",\"url\":\"https:\\\/\\\/www.anovapeneira.gal\\\/index.php\\\/2024\\\/11\\\/22\\\/luciano-otero-alcalde-de-pazos-de-borben-3\\\/\",\"name\":\"Luciano Otero, alcalde de Pazos de Borb\u00e9n -\",\"isPartOf\":{\"@id\":\"https:\\\/\\\/www.anovapeneira.gal\\\/#website\"},\"primaryImageOfPage\":{\"@id\":\"https:\\\/\\\/www.anovapeneira.gal\\\/index.php\\\/2024\\\/11\\\/22\\\/luciano-otero-alcalde-de-pazos-de-borben-3\\\/#primaryimage\"},\"image\":{\"@id\":\"https:\\\/\\\/www.anovapeneira.gal\\\/index.php\\\/2024\\\/11\\\/22\\\/luciano-otero-alcalde-de-pazos-de-borben-3\\\/#primaryimage\"},\"thumbnailUrl\":\"https:\\\/\\\/www.anovapeneira.gal\\\/wp-content\\\/uploads\\\/2024\\\/11\\\/luciano_pazos_borben.png\",\"datePublished\":\"2024-11-22T11:00:21+00:00\",\"breadcrumb\":{\"@id\":\"https:\\\/\\\/www.anovapeneira.gal\\\/index.php\\\/2024\\\/11\\\/22\\\/luciano-otero-alcalde-de-pazos-de-borben-3\\\/#breadcrumb\"},\"inLanguage\":\"gl-ES\",\"potentialAction\":[{\"@type\":\"ReadAction\",\"target\":[\"https:\\\/\\\/www.anovapeneira.gal\\\/index.php\\\/2024\\\/11\\\/22\\\/luciano-otero-alcalde-de-pazos-de-borben-3\\\/\"]}]},{\"@type\":\"ImageObject\",\"inLanguage\":\"gl-ES\",\"@id\":\"https:\\\/\\\/www.anovapeneira.gal\\\/index.php\\\/2024\\\/11\\\/22\\\/luciano-otero-alcalde-de-pazos-de-borben-3\\\/#primaryimage\",\"url\":\"https:\\\/\\\/www.anovapeneira.gal\\\/wp-content\\\/uploads\\\/2024\\\/11\\\/luciano_pazos_borben.png\",\"contentUrl\":\"https:\\\/\\\/www.anovapeneira.gal\\\/wp-content\\\/uploads\\\/2024\\\/11\\\/luciano_pazos_borben.png\",\"width\":720,\"height\":432,\"caption\":\"Luciano Otero, alcalde de Pazos de Borb\u00e9n.\"},{\"@type\":\"BreadcrumbList\",\"@id\":\"https:\\\/\\\/www.anovapeneira.gal\\\/index.php\\\/2024\\\/11\\\/22\\\/luciano-otero-alcalde-de-pazos-de-borben-3\\\/#breadcrumb\",\"itemListElement\":[{\"@type\":\"ListItem\",\"position\":1,\"name\":\"Portada\",\"item\":\"https:\\\/\\\/www.anovapeneira.gal\\\/\"},{\"@type\":\"ListItem\",\"position\":2,\"name\":\"Luciano Otero, alcalde de Pazos de Borb\u00e9n\"}]},{\"@type\":\"WebSite\",\"@id\":\"https:\\\/\\\/www.anovapeneira.gal\\\/#website\",\"url\":\"https:\\\/\\\/www.anovapeneira.gal\\\/\",\"name\":\"\",\"description\":\"Xornal galego de informaci\u00f3n xeral Publicaci\u00f3n mensual de novas de Galicia e en especial dos Concellos da sur da provincia de Pontevedra.\",\"publisher\":{\"@id\":\"https:\\\/\\\/www.anovapeneira.gal\\\/#organization\"},\"potentialAction\":[{\"@type\":\"SearchAction\",\"target\":{\"@type\":\"EntryPoint\",\"urlTemplate\":\"https:\\\/\\\/www.anovapeneira.gal\\\/?s={search_term_string}\"},\"query-input\":{\"@type\":\"PropertyValueSpecification\",\"valueRequired\":true,\"valueName\":\"search_term_string\"}}],\"inLanguage\":\"gl-ES\"},{\"@type\":\"Organization\",\"@id\":\"https:\\\/\\\/www.anovapeneira.gal\\\/#organization\",\"name\":\"A Nova Peneira\",\"url\":\"https:\\\/\\\/www.anovapeneira.gal\\\/\",\"logo\":{\"@type\":\"ImageObject\",\"inLanguage\":\"gl-ES\",\"@id\":\"https:\\\/\\\/www.anovapeneira.gal\\\/#\\\/schema\\\/logo\\\/image\\\/\",\"url\":\"http:\\\/\\\/www.anovapeneira.gal\\\/wp-content\\\/uploads\\\/2019\\\/06\\\/logo_a_nova_peneira_portal_web.png\",\"contentUrl\":\"http:\\\/\\\/www.anovapeneira.gal\\\/wp-content\\\/uploads\\\/2019\\\/06\\\/logo_a_nova_peneira_portal_web.png\",\"width\":300,\"height\":100,\"caption\":\"A Nova Peneira\"},\"image\":{\"@id\":\"https:\\\/\\\/www.anovapeneira.gal\\\/#\\\/schema\\\/logo\\\/image\\\/\"},\"sameAs\":[\"https:\\\/\\\/www.facebook.com\\\/anovapeneira\",\"https:\\\/\\\/x.com\\\/APeneira\"]},{\"@type\":\"Person\",\"@id\":\"https:\\\/\\\/www.anovapeneira.gal\\\/#\\\/schema\\\/person\\\/424dfe65e3070fd8a44d22d2c088762a\",\"name\":\"Tino Lago\",\"image\":{\"@type\":\"ImageObject\",\"inLanguage\":\"gl-ES\",\"@id\":\"https:\\\/\\\/secure.gravatar.com\\\/avatar\\\/b3df6a06e44bab3111583b90f0f33a0379ee5e3d22cbadd232d39f21c30c62be?s=96&d=mm&r=g\",\"url\":\"https:\\\/\\\/secure.gravatar.com\\\/avatar\\\/b3df6a06e44bab3111583b90f0f33a0379ee5e3d22cbadd232d39f21c30c62be?s=96&d=mm&r=g\",\"contentUrl\":\"https:\\\/\\\/secure.gravatar.com\\\/avatar\\\/b3df6a06e44bab3111583b90f0f33a0379ee5e3d22cbadd232d39f21c30c62be?s=96&d=mm&r=g\",\"caption\":\"Tino Lago\"},\"sameAs\":[\"http:\\\/\\\/www.anovapeneira.gal\"],\"url\":\"https:\\\/\\\/www.anovapeneira.gal\\\/index.php\\\/author\\\/director\\\/\"}]}<\/script>\n<!-- \/ Yoast SEO plugin. -->","yoast_head_json":{"title":"Luciano Otero, alcalde de Pazos de Borb\u00e9n -","robots":{"index":"index","follow":"follow","max-snippet":"max-snippet:-1","max-image-preview":"max-image-preview:large","max-video-preview":"max-video-preview:-1"},"canonical":"https:\/\/www.anovapeneira.gal\/index.php\/2024\/11\/22\/luciano-otero-alcalde-de-pazos-de-borben-3\/","og_locale":"gl_ES","og_type":"article","og_title":"Luciano Otero, alcalde de Pazos de Borb\u00e9n -","og_description":"Despois do hist\u00f3rico, e moi necesario, cambio pol\u00edtico acontecido en Pazos de Borb\u00e9n nas municipais do ano 23 parece que o clima entre os 3 grupos que fixeron posible a investidura do alcalde Luciano Otero [...]","og_url":"https:\/\/www.anovapeneira.gal\/index.php\/2024\/11\/22\/luciano-otero-alcalde-de-pazos-de-borben-3\/","article_publisher":"https:\/\/www.facebook.com\/anovapeneira","article_published_time":"2024-11-22T11:00:21+00:00","og_image":[{"width":720,"height":432,"url":"https:\/\/www.anovapeneira.gal\/wp-content\/uploads\/2024\/11\/luciano_pazos_borben.png","type":"image\/png"}],"author":"Tino Lago","twitter_card":"summary_large_image","twitter_creator":"@APeneira","twitter_site":"@APeneira","twitter_misc":{"Escrito por":"Tino Lago","Tempo de lectura":"3 minutos"},"schema":{"@context":"https:\/\/schema.org","@graph":[{"@type":"Article","@id":"https:\/\/www.anovapeneira.gal\/index.php\/2024\/11\/22\/luciano-otero-alcalde-de-pazos-de-borben-3\/#article","isPartOf":{"@id":"https:\/\/www.anovapeneira.gal\/index.php\/2024\/11\/22\/luciano-otero-alcalde-de-pazos-de-borben-3\/"},"author":{"name":"Tino Lago","@id":"https:\/\/www.anovapeneira.gal\/#\/schema\/person\/424dfe65e3070fd8a44d22d2c088762a"},"headline":"Luciano Otero, alcalde de Pazos de Borb\u00e9n","datePublished":"2024-11-22T11:00:21+00:00","mainEntityOfPage":{"@id":"https:\/\/www.anovapeneira.gal\/index.php\/2024\/11\/22\/luciano-otero-alcalde-de-pazos-de-borben-3\/"},"wordCount":1814,"commentCount":0,"publisher":{"@id":"https:\/\/www.anovapeneira.gal\/#organization"},"image":{"@id":"https:\/\/www.anovapeneira.gal\/index.php\/2024\/11\/22\/luciano-otero-alcalde-de-pazos-de-borben-3\/#primaryimage"},"thumbnailUrl":"https:\/\/www.anovapeneira.gal\/wp-content\/uploads\/2024\/11\/luciano_pazos_borben.png","keywords":["Concello de Pazos de Borb\u00e9n"],"articleSection":["Redondela"],"inLanguage":"gl-ES","potentialAction":[{"@type":"CommentAction","name":"Comment","target":["https:\/\/www.anovapeneira.gal\/index.php\/2024\/11\/22\/luciano-otero-alcalde-de-pazos-de-borben-3\/#respond"]}]},{"@type":"WebPage","@id":"https:\/\/www.anovapeneira.gal\/index.php\/2024\/11\/22\/luciano-otero-alcalde-de-pazos-de-borben-3\/","url":"https:\/\/www.anovapeneira.gal\/index.php\/2024\/11\/22\/luciano-otero-alcalde-de-pazos-de-borben-3\/","name":"Luciano Otero, alcalde de Pazos de Borb\u00e9n -","isPartOf":{"@id":"https:\/\/www.anovapeneira.gal\/#website"},"primaryImageOfPage":{"@id":"https:\/\/www.anovapeneira.gal\/index.php\/2024\/11\/22\/luciano-otero-alcalde-de-pazos-de-borben-3\/#primaryimage"},"image":{"@id":"https:\/\/www.anovapeneira.gal\/index.php\/2024\/11\/22\/luciano-otero-alcalde-de-pazos-de-borben-3\/#primaryimage"},"thumbnailUrl":"https:\/\/www.anovapeneira.gal\/wp-content\/uploads\/2024\/11\/luciano_pazos_borben.png","datePublished":"2024-11-22T11:00:21+00:00","breadcrumb":{"@id":"https:\/\/www.anovapeneira.gal\/index.php\/2024\/11\/22\/luciano-otero-alcalde-de-pazos-de-borben-3\/#breadcrumb"},"inLanguage":"gl-ES","potentialAction":[{"@type":"ReadAction","target":["https:\/\/www.anovapeneira.gal\/index.php\/2024\/11\/22\/luciano-otero-alcalde-de-pazos-de-borben-3\/"]}]},{"@type":"ImageObject","inLanguage":"gl-ES","@id":"https:\/\/www.anovapeneira.gal\/index.php\/2024\/11\/22\/luciano-otero-alcalde-de-pazos-de-borben-3\/#primaryimage","url":"https:\/\/www.anovapeneira.gal\/wp-content\/uploads\/2024\/11\/luciano_pazos_borben.png","contentUrl":"https:\/\/www.anovapeneira.gal\/wp-content\/uploads\/2024\/11\/luciano_pazos_borben.png","width":720,"height":432,"caption":"Luciano Otero, alcalde de Pazos de Borb\u00e9n."},{"@type":"BreadcrumbList","@id":"https:\/\/www.anovapeneira.gal\/index.php\/2024\/11\/22\/luciano-otero-alcalde-de-pazos-de-borben-3\/#breadcrumb","itemListElement":[{"@type":"ListItem","position":1,"name":"Portada","item":"https:\/\/www.anovapeneira.gal\/"},{"@type":"ListItem","position":2,"name":"Luciano Otero, alcalde de Pazos de Borb\u00e9n"}]},{"@type":"WebSite","@id":"https:\/\/www.anovapeneira.gal\/#website","url":"https:\/\/www.anovapeneira.gal\/","name":"","description":"Xornal galego de informaci\u00f3n xeral Publicaci\u00f3n mensual de novas de Galicia e en especial dos Concellos da sur da provincia de Pontevedra.","publisher":{"@id":"https:\/\/www.anovapeneira.gal\/#organization"},"potentialAction":[{"@type":"SearchAction","target":{"@type":"EntryPoint","urlTemplate":"https:\/\/www.anovapeneira.gal\/?s={search_term_string}"},"query-input":{"@type":"PropertyValueSpecification","valueRequired":true,"valueName":"search_term_string"}}],"inLanguage":"gl-ES"},{"@type":"Organization","@id":"https:\/\/www.anovapeneira.gal\/#organization","name":"A Nova Peneira","url":"https:\/\/www.anovapeneira.gal\/","logo":{"@type":"ImageObject","inLanguage":"gl-ES","@id":"https:\/\/www.anovapeneira.gal\/#\/schema\/logo\/image\/","url":"http:\/\/www.anovapeneira.gal\/wp-content\/uploads\/2019\/06\/logo_a_nova_peneira_portal_web.png","contentUrl":"http:\/\/www.anovapeneira.gal\/wp-content\/uploads\/2019\/06\/logo_a_nova_peneira_portal_web.png","width":300,"height":100,"caption":"A Nova Peneira"},"image":{"@id":"https:\/\/www.anovapeneira.gal\/#\/schema\/logo\/image\/"},"sameAs":["https:\/\/www.facebook.com\/anovapeneira","https:\/\/x.com\/APeneira"]},{"@type":"Person","@id":"https:\/\/www.anovapeneira.gal\/#\/schema\/person\/424dfe65e3070fd8a44d22d2c088762a","name":"Tino Lago","image":{"@type":"ImageObject","inLanguage":"gl-ES","@id":"https:\/\/secure.gravatar.com\/avatar\/b3df6a06e44bab3111583b90f0f33a0379ee5e3d22cbadd232d39f21c30c62be?s=96&d=mm&r=g","url":"https:\/\/secure.gravatar.com\/avatar\/b3df6a06e44bab3111583b90f0f33a0379ee5e3d22cbadd232d39f21c30c62be?s=96&d=mm&r=g","contentUrl":"https:\/\/secure.gravatar.com\/avatar\/b3df6a06e44bab3111583b90f0f33a0379ee5e3d22cbadd232d39f21c30c62be?s=96&d=mm&r=g","caption":"Tino Lago"},"sameAs":["http:\/\/www.anovapeneira.gal"],"url":"https:\/\/www.anovapeneira.gal\/index.php\/author\/director\/"}]}},"jetpack_featured_media_url":"https:\/\/www.anovapeneira.gal\/wp-content\/uploads\/2024\/11\/luciano_pazos_borben.png","_links":{"self":[{"href":"https:\/\/www.anovapeneira.gal\/index.php\/wp-json\/wp\/v2\/posts\/12811","targetHints":{"allow":["GET"]}}],"collection":[{"href":"https:\/\/www.anovapeneira.gal\/index.php\/wp-json\/wp\/v2\/posts"}],"about":[{"href":"https:\/\/www.anovapeneira.gal\/index.php\/wp-json\/wp\/v2\/types\/post"}],"author":[{"embeddable":true,"href":"https:\/\/www.anovapeneira.gal\/index.php\/wp-json\/wp\/v2\/users\/2"}],"replies":[{"embeddable":true,"href":"https:\/\/www.anovapeneira.gal\/index.php\/wp-json\/wp\/v2\/comments?post=12811"}],"version-history":[{"count":2,"href":"https:\/\/www.anovapeneira.gal\/index.php\/wp-json\/wp\/v2\/posts\/12811\/revisions"}],"predecessor-version":[{"id":12814,"href":"https:\/\/www.anovapeneira.gal\/index.php\/wp-json\/wp\/v2\/posts\/12811\/revisions\/12814"}],"wp:featuredmedia":[{"embeddable":true,"href":"https:\/\/www.anovapeneira.gal\/index.php\/wp-json\/wp\/v2\/media\/12812"}],"wp:attachment":[{"href":"https:\/\/www.anovapeneira.gal\/index.php\/wp-json\/wp\/v2\/media?parent=12811"}],"wp:term":[{"taxonomy":"category","embeddable":true,"href":"https:\/\/www.anovapeneira.gal\/index.php\/wp-json\/wp\/v2\/categories?post=12811"},{"taxonomy":"post_tag","embeddable":true,"href":"https:\/\/www.anovapeneira.gal\/index.php\/wp-json\/wp\/v2\/tags?post=12811"}],"curies":[{"name":"wp","href":"https:\/\/api.w.org\/{rel}","templated":true}]}}