{"id":1283,"date":"2019-09-20T14:00:21","date_gmt":"2019-09-20T12:00:21","guid":{"rendered":"http:\/\/www.anovapeneira.gal\/?p=1283"},"modified":"2019-09-16T15:30:00","modified_gmt":"2019-09-16T13:30:00","slug":"coral-polifonica-ventos-do-val","status":"publish","type":"post","link":"https:\/\/www.anovapeneira.gal\/index.php\/2019\/09\/20\/coral-polifonica-ventos-do-val\/","title":{"rendered":"Coral Polif\u00f3nica Ventos do Val"},"content":{"rendered":"\n<h2 class=\"wp-block-heading\">CONCERTO DE INTERCAMBIO\nCULTURAL DO OUTONO 2019<\/h2>\n\n\n\n<p> <b>PETELOS   MOS  2019  <\/b>\n<\/p>\n\n\n\n<p>A Coral Polif\u00f3nica Ventos\ndo Val de Petelos Mos, organiza o concerto cultural 2019 na XIX\nedici\u00f3n. \n<\/p>\n\n\n\n<p>O concerto celebrase o\ns\u00e1bado d\u00eda 5 de outubro as 19 horas do ser\u00e1n, no Auditorio\nMunicipal Multiusos As Pozas en Petelos Mos, a entrada \u00e9 libre e\ngratuita para todo o publico en xeral con aforo .<\/p>\n\n\n\n<p>Este concerto \u00e9 entendido\npola coral organizadora como un intercambio cultural entre corales, e\nun xeito de achegar a cultura musical na ver tent\u00e9 do canto coral de\noutras Autonom\u00edas  a todos amantes polif\u00f3nicos, donde aparte de a\ncoral organizadora participa a Coral Municipal Virxen de a Caridad de\nA Garrovilla, Badajoz   (Extremadura ).<\/p>\n\n\n\n<p>Ventos do Val augura que\n\u201cser\u00e1 un concerto bonito \u201c de seguro que arincar\u00e1 emocionantes\naplausos entre os amantes a m\u00fasica coral, xa que a coral Municipal\nVirxen de a Caridad, nos ofrece un programa de canci\u00f3ns populares de\nXotas , Zarzuelas da terra Extreme\u00f1a, para Ventos do Val \u00e9 unha\nforma de dar a co\u00f1ecer outras  culturas musicales que enriquezan o\ncanto Coral Polif\u00f3nico.<\/p>\n\n\n\n<p>Coral Polif\u00f3nica Ventos\ndo Val, interpreta un repertorio variado de canci\u00f3ns populares,\nGalegas, Xotas, Habaneras, e Boleros, de moi variados autores.   \n<\/p>\n","protected":false},"excerpt":{"rendered":"<div class=\"mh-excerpt\"><p>A Coral Polif\u00f3nica Ventos do Val de Petelos Mos, organiza o concerto cultural 2019 na XIX edici\u00f3n <a class=\"mh-excerpt-more\" href=\"https:\/\/www.anovapeneira.gal\/index.php\/2019\/09\/20\/coral-polifonica-ventos-do-val\/\" title=\"Coral Polif\u00f3nica Ventos do Val\">[&#8230;]<\/a><\/p>\n<\/div>","protected":false},"author":3,"featured_media":1284,"comment_status":"open","ping_status":"open","sticky":false,"template":"","format":"standard","meta":{"_exactmetrics_skip_tracking":false,"_exactmetrics_sitenote_active":false,"_exactmetrics_sitenote_note":"","_exactmetrics_sitenote_category":0,"footnotes":""},"categories":[23],"tags":[218,593,33,134,594],"class_list":{"0":"post-1283","1":"post","2":"type-post","3":"status-publish","4":"format-standard","5":"has-post-thumbnail","7":"category-a-lourina","8":"tag-concello-de-mos","9":"tag-coral-polifonica-ventos-do-val","10":"tag-cultura","11":"tag-musica","12":"tag-petelos"},"yoast_head":"<!-- This site is optimized with the Yoast SEO plugin v27.5 - https:\/\/yoast.com\/product\/yoast-seo-wordpress\/ -->\n<title>Coral Polif\u00f3nica Ventos do Val -<\/title>\n<meta name=\"robots\" content=\"index, follow, max-snippet:-1, max-image-preview:large, max-video-preview:-1\" \/>\n<link rel=\"canonical\" href=\"https:\/\/www.anovapeneira.gal\/index.php\/2019\/09\/20\/coral-polifonica-ventos-do-val\/\" \/>\n<meta property=\"og:locale\" content=\"gl_ES\" \/>\n<meta property=\"og:type\" content=\"article\" \/>\n<meta property=\"og:title\" content=\"Coral Polif\u00f3nica Ventos do Val -\" \/>\n<meta property=\"og:description\" content=\"A Coral Polif\u00f3nica Ventos do Val de Petelos Mos, organiza o concerto cultural 2019 na XIX edici\u00f3n [...]\" \/>\n<meta property=\"og:url\" content=\"https:\/\/www.anovapeneira.gal\/index.php\/2019\/09\/20\/coral-polifonica-ventos-do-val\/\" \/>\n<meta property=\"article:publisher\" content=\"https:\/\/www.facebook.com\/anovapeneira\" \/>\n<meta property=\"article:published_time\" content=\"2019-09-20T12:00:21+00:00\" \/>\n<meta property=\"og:image\" content=\"https:\/\/www.anovapeneira.gal\/wp-content\/uploads\/2019\/09\/Coral-Polifo\u0301nica-Ventos-do-Val.jpg\" \/>\n\t<meta property=\"og:image:width\" content=\"720\" \/>\n\t<meta property=\"og:image:height\" content=\"473\" \/>\n\t<meta property=\"og:image:type\" content=\"image\/jpeg\" \/>\n<meta name=\"author\" content=\"Redacci\u00f3n A Nova Peneira\" \/>\n<meta name=\"twitter:card\" content=\"summary_large_image\" \/>\n<meta name=\"twitter:creator\" content=\"@APeneira\" \/>\n<meta name=\"twitter:site\" content=\"@APeneira\" \/>\n<meta name=\"twitter:label1\" content=\"Escrito por\" \/>\n\t<meta name=\"twitter:data1\" content=\"Redacci\u00f3n A Nova Peneira\" \/>\n\t<meta name=\"twitter:label2\" content=\"Tempo de lectura\" \/>\n\t<meta name=\"twitter:data2\" content=\"1 minuto\" \/>\n<script type=\"application\/ld+json\" class=\"yoast-schema-graph\">{\"@context\":\"https:\\\/\\\/schema.org\",\"@graph\":[{\"@type\":\"Article\",\"@id\":\"https:\\\/\\\/www.anovapeneira.gal\\\/index.php\\\/2019\\\/09\\\/20\\\/coral-polifonica-ventos-do-val\\\/#article\",\"isPartOf\":{\"@id\":\"https:\\\/\\\/www.anovapeneira.gal\\\/index.php\\\/2019\\\/09\\\/20\\\/coral-polifonica-ventos-do-val\\\/\"},\"author\":{\"name\":\"Redacci\u00f3n A Nova Peneira\",\"@id\":\"https:\\\/\\\/www.anovapeneira.gal\\\/#\\\/schema\\\/person\\\/b93e3f8932e3f8da96334607eb6ac6aa\"},\"headline\":\"Coral Polif\u00f3nica Ventos do Val\",\"datePublished\":\"2019-09-20T12:00:21+00:00\",\"mainEntityOfPage\":{\"@id\":\"https:\\\/\\\/www.anovapeneira.gal\\\/index.php\\\/2019\\\/09\\\/20\\\/coral-polifonica-ventos-do-val\\\/\"},\"wordCount\":213,\"commentCount\":0,\"publisher\":{\"@id\":\"https:\\\/\\\/www.anovapeneira.gal\\\/#organization\"},\"image\":{\"@id\":\"https:\\\/\\\/www.anovapeneira.gal\\\/index.php\\\/2019\\\/09\\\/20\\\/coral-polifonica-ventos-do-val\\\/#primaryimage\"},\"thumbnailUrl\":\"https:\\\/\\\/www.anovapeneira.gal\\\/wp-content\\\/uploads\\\/2019\\\/09\\\/Coral-Polifo\u0301nica-Ventos-do-Val.jpg\",\"keywords\":[\"Concello de Mos\",\"Coral Polif\u00f3nica Ventos do Val\",\"Cultura\",\"M\u00fasica\",\"Petelos\"],\"articleSection\":[\"A Louri\u00f1a\"],\"inLanguage\":\"gl-ES\",\"potentialAction\":[{\"@type\":\"CommentAction\",\"name\":\"Comment\",\"target\":[\"https:\\\/\\\/www.anovapeneira.gal\\\/index.php\\\/2019\\\/09\\\/20\\\/coral-polifonica-ventos-do-val\\\/#respond\"]}]},{\"@type\":\"WebPage\",\"@id\":\"https:\\\/\\\/www.anovapeneira.gal\\\/index.php\\\/2019\\\/09\\\/20\\\/coral-polifonica-ventos-do-val\\\/\",\"url\":\"https:\\\/\\\/www.anovapeneira.gal\\\/index.php\\\/2019\\\/09\\\/20\\\/coral-polifonica-ventos-do-val\\\/\",\"name\":\"Coral Polif\u00f3nica Ventos do Val -\",\"isPartOf\":{\"@id\":\"https:\\\/\\\/www.anovapeneira.gal\\\/#website\"},\"primaryImageOfPage\":{\"@id\":\"https:\\\/\\\/www.anovapeneira.gal\\\/index.php\\\/2019\\\/09\\\/20\\\/coral-polifonica-ventos-do-val\\\/#primaryimage\"},\"image\":{\"@id\":\"https:\\\/\\\/www.anovapeneira.gal\\\/index.php\\\/2019\\\/09\\\/20\\\/coral-polifonica-ventos-do-val\\\/#primaryimage\"},\"thumbnailUrl\":\"https:\\\/\\\/www.anovapeneira.gal\\\/wp-content\\\/uploads\\\/2019\\\/09\\\/Coral-Polifo\u0301nica-Ventos-do-Val.jpg\",\"datePublished\":\"2019-09-20T12:00:21+00:00\",\"breadcrumb\":{\"@id\":\"https:\\\/\\\/www.anovapeneira.gal\\\/index.php\\\/2019\\\/09\\\/20\\\/coral-polifonica-ventos-do-val\\\/#breadcrumb\"},\"inLanguage\":\"gl-ES\",\"potentialAction\":[{\"@type\":\"ReadAction\",\"target\":[\"https:\\\/\\\/www.anovapeneira.gal\\\/index.php\\\/2019\\\/09\\\/20\\\/coral-polifonica-ventos-do-val\\\/\"]}]},{\"@type\":\"ImageObject\",\"inLanguage\":\"gl-ES\",\"@id\":\"https:\\\/\\\/www.anovapeneira.gal\\\/index.php\\\/2019\\\/09\\\/20\\\/coral-polifonica-ventos-do-val\\\/#primaryimage\",\"url\":\"https:\\\/\\\/www.anovapeneira.gal\\\/wp-content\\\/uploads\\\/2019\\\/09\\\/Coral-Polifo\u0301nica-Ventos-do-Val.jpg\",\"contentUrl\":\"https:\\\/\\\/www.anovapeneira.gal\\\/wp-content\\\/uploads\\\/2019\\\/09\\\/Coral-Polifo\u0301nica-Ventos-do-Val.jpg\",\"width\":720,\"height\":473,\"caption\":\"Coral Polif\u00f3nica Ventos do Val\"},{\"@type\":\"BreadcrumbList\",\"@id\":\"https:\\\/\\\/www.anovapeneira.gal\\\/index.php\\\/2019\\\/09\\\/20\\\/coral-polifonica-ventos-do-val\\\/#breadcrumb\",\"itemListElement\":[{\"@type\":\"ListItem\",\"position\":1,\"name\":\"Portada\",\"item\":\"https:\\\/\\\/www.anovapeneira.gal\\\/\"},{\"@type\":\"ListItem\",\"position\":2,\"name\":\"Coral Polif\u00f3nica Ventos do Val\"}]},{\"@type\":\"WebSite\",\"@id\":\"https:\\\/\\\/www.anovapeneira.gal\\\/#website\",\"url\":\"https:\\\/\\\/www.anovapeneira.gal\\\/\",\"name\":\"\",\"description\":\"Xornal galego de informaci\u00f3n xeral Publicaci\u00f3n mensual de novas de Galicia e en especial dos Concellos da sur da provincia de Pontevedra.\",\"publisher\":{\"@id\":\"https:\\\/\\\/www.anovapeneira.gal\\\/#organization\"},\"potentialAction\":[{\"@type\":\"SearchAction\",\"target\":{\"@type\":\"EntryPoint\",\"urlTemplate\":\"https:\\\/\\\/www.anovapeneira.gal\\\/?s={search_term_string}\"},\"query-input\":{\"@type\":\"PropertyValueSpecification\",\"valueRequired\":true,\"valueName\":\"search_term_string\"}}],\"inLanguage\":\"gl-ES\"},{\"@type\":\"Organization\",\"@id\":\"https:\\\/\\\/www.anovapeneira.gal\\\/#organization\",\"name\":\"A Nova Peneira\",\"url\":\"https:\\\/\\\/www.anovapeneira.gal\\\/\",\"logo\":{\"@type\":\"ImageObject\",\"inLanguage\":\"gl-ES\",\"@id\":\"https:\\\/\\\/www.anovapeneira.gal\\\/#\\\/schema\\\/logo\\\/image\\\/\",\"url\":\"http:\\\/\\\/www.anovapeneira.gal\\\/wp-content\\\/uploads\\\/2019\\\/06\\\/logo_a_nova_peneira_portal_web.png\",\"contentUrl\":\"http:\\\/\\\/www.anovapeneira.gal\\\/wp-content\\\/uploads\\\/2019\\\/06\\\/logo_a_nova_peneira_portal_web.png\",\"width\":300,\"height\":100,\"caption\":\"A Nova Peneira\"},\"image\":{\"@id\":\"https:\\\/\\\/www.anovapeneira.gal\\\/#\\\/schema\\\/logo\\\/image\\\/\"},\"sameAs\":[\"https:\\\/\\\/www.facebook.com\\\/anovapeneira\",\"https:\\\/\\\/x.com\\\/APeneira\"]},{\"@type\":\"Person\",\"@id\":\"https:\\\/\\\/www.anovapeneira.gal\\\/#\\\/schema\\\/person\\\/b93e3f8932e3f8da96334607eb6ac6aa\",\"name\":\"Redacci\u00f3n A Nova Peneira\",\"image\":{\"@type\":\"ImageObject\",\"inLanguage\":\"gl-ES\",\"@id\":\"https:\\\/\\\/secure.gravatar.com\\\/avatar\\\/c052a2551a06e23fac63626232eaa90abd78dbcf1700fc46a2b2c89fd27b735f?s=96&d=mm&r=g\",\"url\":\"https:\\\/\\\/secure.gravatar.com\\\/avatar\\\/c052a2551a06e23fac63626232eaa90abd78dbcf1700fc46a2b2c89fd27b735f?s=96&d=mm&r=g\",\"contentUrl\":\"https:\\\/\\\/secure.gravatar.com\\\/avatar\\\/c052a2551a06e23fac63626232eaa90abd78dbcf1700fc46a2b2c89fd27b735f?s=96&d=mm&r=g\",\"caption\":\"Redacci\u00f3n A Nova Peneira\"},\"sameAs\":[\"http:\\\/\\\/www.anovapeneira.gal\\\/\"],\"url\":\"https:\\\/\\\/www.anovapeneira.gal\\\/index.php\\\/author\\\/redactor\\\/\"}]}<\/script>\n<!-- \/ Yoast SEO plugin. -->","yoast_head_json":{"title":"Coral Polif\u00f3nica Ventos do Val -","robots":{"index":"index","follow":"follow","max-snippet":"max-snippet:-1","max-image-preview":"max-image-preview:large","max-video-preview":"max-video-preview:-1"},"canonical":"https:\/\/www.anovapeneira.gal\/index.php\/2019\/09\/20\/coral-polifonica-ventos-do-val\/","og_locale":"gl_ES","og_type":"article","og_title":"Coral Polif\u00f3nica Ventos do Val -","og_description":"A Coral Polif\u00f3nica Ventos do Val de Petelos Mos, organiza o concerto cultural 2019 na XIX edici\u00f3n [...]","og_url":"https:\/\/www.anovapeneira.gal\/index.php\/2019\/09\/20\/coral-polifonica-ventos-do-val\/","article_publisher":"https:\/\/www.facebook.com\/anovapeneira","article_published_time":"2019-09-20T12:00:21+00:00","og_image":[{"width":720,"height":473,"url":"https:\/\/www.anovapeneira.gal\/wp-content\/uploads\/2019\/09\/Coral-Polifo\u0301nica-Ventos-do-Val.jpg","type":"image\/jpeg"}],"author":"Redacci\u00f3n A Nova Peneira","twitter_card":"summary_large_image","twitter_creator":"@APeneira","twitter_site":"@APeneira","twitter_misc":{"Escrito por":"Redacci\u00f3n A Nova Peneira","Tempo de lectura":"1 minuto"},"schema":{"@context":"https:\/\/schema.org","@graph":[{"@type":"Article","@id":"https:\/\/www.anovapeneira.gal\/index.php\/2019\/09\/20\/coral-polifonica-ventos-do-val\/#article","isPartOf":{"@id":"https:\/\/www.anovapeneira.gal\/index.php\/2019\/09\/20\/coral-polifonica-ventos-do-val\/"},"author":{"name":"Redacci\u00f3n A Nova Peneira","@id":"https:\/\/www.anovapeneira.gal\/#\/schema\/person\/b93e3f8932e3f8da96334607eb6ac6aa"},"headline":"Coral Polif\u00f3nica Ventos do Val","datePublished":"2019-09-20T12:00:21+00:00","mainEntityOfPage":{"@id":"https:\/\/www.anovapeneira.gal\/index.php\/2019\/09\/20\/coral-polifonica-ventos-do-val\/"},"wordCount":213,"commentCount":0,"publisher":{"@id":"https:\/\/www.anovapeneira.gal\/#organization"},"image":{"@id":"https:\/\/www.anovapeneira.gal\/index.php\/2019\/09\/20\/coral-polifonica-ventos-do-val\/#primaryimage"},"thumbnailUrl":"https:\/\/www.anovapeneira.gal\/wp-content\/uploads\/2019\/09\/Coral-Polifo\u0301nica-Ventos-do-Val.jpg","keywords":["Concello de Mos","Coral Polif\u00f3nica Ventos do Val","Cultura","M\u00fasica","Petelos"],"articleSection":["A Louri\u00f1a"],"inLanguage":"gl-ES","potentialAction":[{"@type":"CommentAction","name":"Comment","target":["https:\/\/www.anovapeneira.gal\/index.php\/2019\/09\/20\/coral-polifonica-ventos-do-val\/#respond"]}]},{"@type":"WebPage","@id":"https:\/\/www.anovapeneira.gal\/index.php\/2019\/09\/20\/coral-polifonica-ventos-do-val\/","url":"https:\/\/www.anovapeneira.gal\/index.php\/2019\/09\/20\/coral-polifonica-ventos-do-val\/","name":"Coral Polif\u00f3nica Ventos do Val -","isPartOf":{"@id":"https:\/\/www.anovapeneira.gal\/#website"},"primaryImageOfPage":{"@id":"https:\/\/www.anovapeneira.gal\/index.php\/2019\/09\/20\/coral-polifonica-ventos-do-val\/#primaryimage"},"image":{"@id":"https:\/\/www.anovapeneira.gal\/index.php\/2019\/09\/20\/coral-polifonica-ventos-do-val\/#primaryimage"},"thumbnailUrl":"https:\/\/www.anovapeneira.gal\/wp-content\/uploads\/2019\/09\/Coral-Polifo\u0301nica-Ventos-do-Val.jpg","datePublished":"2019-09-20T12:00:21+00:00","breadcrumb":{"@id":"https:\/\/www.anovapeneira.gal\/index.php\/2019\/09\/20\/coral-polifonica-ventos-do-val\/#breadcrumb"},"inLanguage":"gl-ES","potentialAction":[{"@type":"ReadAction","target":["https:\/\/www.anovapeneira.gal\/index.php\/2019\/09\/20\/coral-polifonica-ventos-do-val\/"]}]},{"@type":"ImageObject","inLanguage":"gl-ES","@id":"https:\/\/www.anovapeneira.gal\/index.php\/2019\/09\/20\/coral-polifonica-ventos-do-val\/#primaryimage","url":"https:\/\/www.anovapeneira.gal\/wp-content\/uploads\/2019\/09\/Coral-Polifo\u0301nica-Ventos-do-Val.jpg","contentUrl":"https:\/\/www.anovapeneira.gal\/wp-content\/uploads\/2019\/09\/Coral-Polifo\u0301nica-Ventos-do-Val.jpg","width":720,"height":473,"caption":"Coral Polif\u00f3nica Ventos do Val"},{"@type":"BreadcrumbList","@id":"https:\/\/www.anovapeneira.gal\/index.php\/2019\/09\/20\/coral-polifonica-ventos-do-val\/#breadcrumb","itemListElement":[{"@type":"ListItem","position":1,"name":"Portada","item":"https:\/\/www.anovapeneira.gal\/"},{"@type":"ListItem","position":2,"name":"Coral Polif\u00f3nica Ventos do Val"}]},{"@type":"WebSite","@id":"https:\/\/www.anovapeneira.gal\/#website","url":"https:\/\/www.anovapeneira.gal\/","name":"","description":"Xornal galego de informaci\u00f3n xeral Publicaci\u00f3n mensual de novas de Galicia e en especial dos Concellos da sur da provincia de Pontevedra.","publisher":{"@id":"https:\/\/www.anovapeneira.gal\/#organization"},"potentialAction":[{"@type":"SearchAction","target":{"@type":"EntryPoint","urlTemplate":"https:\/\/www.anovapeneira.gal\/?s={search_term_string}"},"query-input":{"@type":"PropertyValueSpecification","valueRequired":true,"valueName":"search_term_string"}}],"inLanguage":"gl-ES"},{"@type":"Organization","@id":"https:\/\/www.anovapeneira.gal\/#organization","name":"A Nova Peneira","url":"https:\/\/www.anovapeneira.gal\/","logo":{"@type":"ImageObject","inLanguage":"gl-ES","@id":"https:\/\/www.anovapeneira.gal\/#\/schema\/logo\/image\/","url":"http:\/\/www.anovapeneira.gal\/wp-content\/uploads\/2019\/06\/logo_a_nova_peneira_portal_web.png","contentUrl":"http:\/\/www.anovapeneira.gal\/wp-content\/uploads\/2019\/06\/logo_a_nova_peneira_portal_web.png","width":300,"height":100,"caption":"A Nova Peneira"},"image":{"@id":"https:\/\/www.anovapeneira.gal\/#\/schema\/logo\/image\/"},"sameAs":["https:\/\/www.facebook.com\/anovapeneira","https:\/\/x.com\/APeneira"]},{"@type":"Person","@id":"https:\/\/www.anovapeneira.gal\/#\/schema\/person\/b93e3f8932e3f8da96334607eb6ac6aa","name":"Redacci\u00f3n A Nova Peneira","image":{"@type":"ImageObject","inLanguage":"gl-ES","@id":"https:\/\/secure.gravatar.com\/avatar\/c052a2551a06e23fac63626232eaa90abd78dbcf1700fc46a2b2c89fd27b735f?s=96&d=mm&r=g","url":"https:\/\/secure.gravatar.com\/avatar\/c052a2551a06e23fac63626232eaa90abd78dbcf1700fc46a2b2c89fd27b735f?s=96&d=mm&r=g","contentUrl":"https:\/\/secure.gravatar.com\/avatar\/c052a2551a06e23fac63626232eaa90abd78dbcf1700fc46a2b2c89fd27b735f?s=96&d=mm&r=g","caption":"Redacci\u00f3n A Nova Peneira"},"sameAs":["http:\/\/www.anovapeneira.gal\/"],"url":"https:\/\/www.anovapeneira.gal\/index.php\/author\/redactor\/"}]}},"jetpack_featured_media_url":"https:\/\/www.anovapeneira.gal\/wp-content\/uploads\/2019\/09\/Coral-Polifo\u0301nica-Ventos-do-Val.jpg","_links":{"self":[{"href":"https:\/\/www.anovapeneira.gal\/index.php\/wp-json\/wp\/v2\/posts\/1283","targetHints":{"allow":["GET"]}}],"collection":[{"href":"https:\/\/www.anovapeneira.gal\/index.php\/wp-json\/wp\/v2\/posts"}],"about":[{"href":"https:\/\/www.anovapeneira.gal\/index.php\/wp-json\/wp\/v2\/types\/post"}],"author":[{"embeddable":true,"href":"https:\/\/www.anovapeneira.gal\/index.php\/wp-json\/wp\/v2\/users\/3"}],"replies":[{"embeddable":true,"href":"https:\/\/www.anovapeneira.gal\/index.php\/wp-json\/wp\/v2\/comments?post=1283"}],"version-history":[{"count":1,"href":"https:\/\/www.anovapeneira.gal\/index.php\/wp-json\/wp\/v2\/posts\/1283\/revisions"}],"predecessor-version":[{"id":1285,"href":"https:\/\/www.anovapeneira.gal\/index.php\/wp-json\/wp\/v2\/posts\/1283\/revisions\/1285"}],"wp:featuredmedia":[{"embeddable":true,"href":"https:\/\/www.anovapeneira.gal\/index.php\/wp-json\/wp\/v2\/media\/1284"}],"wp:attachment":[{"href":"https:\/\/www.anovapeneira.gal\/index.php\/wp-json\/wp\/v2\/media?parent=1283"}],"wp:term":[{"taxonomy":"category","embeddable":true,"href":"https:\/\/www.anovapeneira.gal\/index.php\/wp-json\/wp\/v2\/categories?post=1283"},{"taxonomy":"post_tag","embeddable":true,"href":"https:\/\/www.anovapeneira.gal\/index.php\/wp-json\/wp\/v2\/tags?post=1283"}],"curies":[{"name":"wp","href":"https:\/\/api.w.org\/{rel}","templated":true}]}}