{"id":12835,"date":"2024-11-27T10:00:16","date_gmt":"2024-11-27T09:00:16","guid":{"rendered":"https:\/\/www.anovapeneira.gal\/?p=12835"},"modified":"2024-11-20T10:39:14","modified_gmt":"2024-11-20T09:39:14","slug":"morte-ao-decreto-da-vergona","status":"publish","type":"post","link":"https:\/\/www.anovapeneira.gal\/index.php\/2024\/11\/27\/morte-ao-decreto-da-vergona\/","title":{"rendered":"Morte ao decreto da vergo\u00f1a"},"content":{"rendered":"\n<figure class=\"wp-block-image size-full is-resized\"><img loading=\"lazy\" decoding=\"async\" width=\"513\" height=\"662\" src=\"https:\/\/www.anovapeneira.gal\/wp-content\/uploads\/2024\/03\/Aaron-foto-actual.jpg\" alt=\"\" class=\"wp-image-11469\" style=\"width:95px;height:auto\" srcset=\"https:\/\/www.anovapeneira.gal\/wp-content\/uploads\/2024\/03\/Aaron-foto-actual.jpg 513w, https:\/\/www.anovapeneira.gal\/wp-content\/uploads\/2024\/03\/Aaron-foto-actual-232x300.jpg 232w\" sizes=\"auto, (max-width: 513px) 100vw, 513px\" \/><\/figure>\n\n\n\n<pre class=\"wp-block-verse\">Aar\u00f3n franco<\/pre>\n\n\n\n<p>En Galicia, a nosa lingua, o galego, est\u00e1 a enfrontarse a unha situaci\u00f3n de precariedade e subordinaci\u00f3n que non deberiamos permitir nunha sociedade que aspira a defender a s\u00faa identidade e cultura propias. O chamado \u201cdecreto do pluriling\u00fcismo,\u201d instaurado pola Xunta, representa unha pol\u00edtica ling\u00fc\u00edstica que vulnera o dereito b\u00e1sico de vivir e educarse en galego. Este decreto, co\u00f1ecido popularmente como o \u201cdecreto da vergo\u00f1a,\u201d limita o uso do galego en materias clave e establece unha paridade artificial co castel\u00e1n e co ingl\u00e9s que, lonxe de promover o pluriling\u00fcismo real, ten relegado o noso idioma a unha posici\u00f3n secundaria.<\/p>\n\n\n\n<p>Desde a s\u00faa aprobaci\u00f3n, o decreto foi amplamente criticado por sectores da sociedade galega que buscan unha Galicia orgullosa e comprometida co seu idioma.<\/p>\n\n\n\n<p>\u00c9 urxente darlle chumbo a ese decreto non s\u00f3 porque ataca o noso idioma sen\u00f3n porque reflicte unha actitude do goberno galego, presidido polo Partido Popular, que parece m\u00e1is interesado en contentar os sectores centralistas e castelanizantes que en apoiar un sistema educativo ao servizo da identidade galega.<\/p>\n\n\n\n<p>A realidade \u00e9 clara: o galego est\u00e1 en declive. Os estudos m\u00e1is recentes sobre a situaci\u00f3n ling\u00fc\u00edstica en Galicia mostran que cada vez son menos os nenos e nenas que aprenden e usan o galego de forma coti\u00e1. A Xunta de Galicia, que deber\u00eda ser a primeira en promover e protexer a nosa lingua, est\u00e1 a contribu\u00edr activamente ao seu deterioro coa implementaci\u00f3n do \u201cdecreto da vergo\u00f1a.\u201d Este decreto prohibe o ensino en galego de certas materias cient\u00edficas, coma as matem\u00e1ticas e a tecnolox\u00eda, relegando o noso idioma a un espazo minoritario dentro do sistema educativo.<\/p>\n\n\n\n<p>A escusa de \u201cfomentar o pluriling\u00fcismo\u201d cae polo seu propio peso cando vemos os datos reais. O que hai \u00e9 unha ferramenta de marxinalizaci\u00f3n do galego, que perde presencia no \u00e1mbito educativo e, por extensi\u00f3n, na sociedade.<\/p>\n\n\n\n<p>O goberno da Xunta non s\u00f3 ignora os chamamentos para derrogar o decreto, sen\u00f3n que insiste en perpetuar pol\u00edticas que contin\u00faan o retroceso do galego en todos os \u00e1mbitos da vida p\u00fablica. Resulta indignante escoitar as declaraci\u00f3ns dos representantes da Xunta afirmando que \u201co galego est\u00e1 ben protexido\u201d ou que \u201cexiste liberdade ling\u00fc\u00edstica.\u201d Esta \u00faltima expresi\u00f3n \u00e9 unha falacia perigosa, pois en Galicia a liberdade ling\u00fc\u00edstica non existe mentres o galego, como lingua minorizada, non reciba un apoio espec\u00edfico para garantir a s\u00faa transmisi\u00f3n e uso na educaci\u00f3n, na administraci\u00f3n e nos medios de comunicaci\u00f3n.<\/p>\n\n\n\n<p>O \u201cdecreto da vergo\u00f1a\u201d non \u00e9 un caso illado, sen\u00f3n un reflexo dun plan sistem\u00e1tico para dilu\u00edr a identidade cultural e ling\u00fc\u00edstica de Galicia. Mentres a Xunta gasta enerx\u00edas en promover un modelo de biling\u00fcismo artificioso, o galego retrocede, e con el tam\u00e9n retroceden os valores de cohesi\u00f3n cultural e de orgullo identitario que deber\u00edan definir ao noso pa\u00eds.<\/p>\n\n\n\n<p>As novas xeraci\u00f3ns en Galicia est\u00e1n a recibir unha mensaxe clara: o galego \u00e9 opcional, prescindible, secundario. Nunha \u00e9poca onde o mundo avanza cara \u00e1 diversidade e a preservaci\u00f3n das linguas minoritarias, a Xunta de Galicia aposta por un modelo educativo que elimina a posibilidade de que os nosos nenos e nenas crezan nun ambiente onde o galego te\u00f1a un estatus de igualdade real.<\/p>\n\n\n\n<p>\u00c9 dif\u00edcil comprender como se pode defender unha pol\u00edtica que priva o alumnado da posibilidade de aprender matem\u00e1ticas, ciencias ou tecnolox\u00eda en galego, cando esas materias poder\u00edan e deber\u00edan ser ensinadas na nosa lingua. Esta decisi\u00f3n non \u00e9 inocente; est\u00e1 cargada de intencionalidade pol\u00edtica e ideol\u00f3xica. \u00c9 unha maneira de transmitir \u00e1 mocidade que o galego non \u00e9 unha lingua v\u00e1lida para o co\u00f1ecemento cient\u00edfico e t\u00e9cnico, limit\u00e1ndoo aos espazos culturais ou familiares.<\/p>\n\n\n\n<p>Se de verdade se quere un modelo educativo plural, o galego deber\u00eda ter unha presenza garantida en todas as materias. Asegurar que o galego poida ser usado en todos os \u00e1mbitos educativos ser\u00eda non s\u00f3 un acto de xustiza hist\u00f3rica, sen\u00f3n unha necesidade para que a nosa lingua poida sobrevivir. Pola contra, a Xunta est\u00e1 a reducir a nosa lingua a un mero s\u00edmbolo folcl\u00f3rico, afast\u00e1ndoo da vida coti\u00e1n.<\/p>\n\n\n\n<p>A loita pola derrogaci\u00f3n do \u201cdecreto da vergo\u00f1a\u201d \u00e9 unha cuesti\u00f3n de todas e todos os galegos que cren nun pa\u00eds onde o galego sexa unha lingua de pleno dereito. A nosa sociedade debe tomar consciencia da gravidade desta situaci\u00f3n e unir forzas para esixir un cambio de rumbo nas pol\u00edticas ling\u00fc\u00edsticas da Xunta.<\/p>\n\n\n\n<p>\u00c9 hora de que as organizaci\u00f3ns culturais, os sindicatos de profesorado, as asociaci\u00f3ns de pais e nais e a cidadan\u00eda en xeral alcen a s\u00faa voz contra esta pol\u00edtica ling\u00fcicida. Debemos esixir un sistema educativo galeguizado, que te\u00f1a como obxectivo principal formar cidad\u00e1ns orgullosos da s\u00faa identidade e cultura. Non podemos permitir que o galego siga enfront\u00e1ndose a barreiras impostas dende o propio goberno que deber\u00eda defendelo.<\/p>\n\n\n\n<p>O \u201cdecreto da vergo\u00f1a\u201d representa un ataque \u00e1 nosa lingua e \u00e1 nosa dignidade como galegos. A Xunta de Galicia, en lugar de defender o galego, est\u00e1 a lexislar para a s\u00faa desaparici\u00f3n progresiva. Debemos reivindicar o dereito a vivir en galego en todos os \u00e1mbitos e para todas as xeraci\u00f3ns. E isto comeza por asegurar que o galego te\u00f1a un papel central no sistema educativo galego, como lingua vehicular para todas as materias e como lingua de transmisi\u00f3n de co\u00f1ecemento.<\/p>\n\n\n\n<p>Para garantir a supervivencia do noso idioma, a derrogaci\u00f3n do decreto \u00e9 esencial. Non podemos permitir que a nosa lingua sexa relegada a un segundo plano, mentres os poderes p\u00fablicos fan o\u00eddos xordos \u00e1s necesidades reais do pa\u00eds. \u00c9 momento de actuar con contundencia e unidade, en defensa dun galego forte, presente e con futuro.<\/p>\n","protected":false},"excerpt":{"rendered":"<div class=\"mh-excerpt\"><p>En Galicia, a nosa lingua, o galego, est\u00e1 a enfrontarse a unha situaci\u00f3n de precariedade e subordinaci\u00f3n que non deberiamos permitir nunha sociedade que aspira a defender a s\u00faa identidade e cultura propias <a class=\"mh-excerpt-more\" href=\"https:\/\/www.anovapeneira.gal\/index.php\/2024\/11\/27\/morte-ao-decreto-da-vergona\/\" title=\"Morte ao decreto da vergo\u00f1a\">[&#8230;]<\/a><\/p>\n<\/div>","protected":false},"author":23,"featured_media":584,"comment_status":"open","ping_status":"open","sticky":false,"template":"","format":"standard","meta":{"_exactmetrics_skip_tracking":false,"_exactmetrics_sitenote_active":false,"_exactmetrics_sitenote_note":"","_exactmetrics_sitenote_category":0,"footnotes":""},"categories":[7],"tags":[],"class_list":{"0":"post-12835","1":"post","2":"type-post","3":"status-publish","4":"format-standard","5":"has-post-thumbnail","7":"category-artigos-de-opinion"},"yoast_head":"<!-- This site is optimized with the Yoast SEO plugin v27.4 - https:\/\/yoast.com\/product\/yoast-seo-wordpress\/ -->\n<title>Morte ao decreto da vergo\u00f1a -<\/title>\n<meta name=\"robots\" content=\"index, follow, max-snippet:-1, max-image-preview:large, max-video-preview:-1\" \/>\n<link rel=\"canonical\" href=\"https:\/\/www.anovapeneira.gal\/index.php\/2024\/11\/27\/morte-ao-decreto-da-vergona\/\" \/>\n<meta property=\"og:locale\" content=\"gl_ES\" \/>\n<meta property=\"og:type\" content=\"article\" \/>\n<meta property=\"og:title\" content=\"Morte ao decreto da vergo\u00f1a -\" \/>\n<meta property=\"og:description\" content=\"En Galicia, a nosa lingua, o galego, est\u00e1 a enfrontarse a unha situaci\u00f3n de precariedade e subordinaci\u00f3n que non deberiamos permitir nunha sociedade que aspira a defender a s\u00faa identidade e cultura propias [...]\" \/>\n<meta property=\"og:url\" content=\"https:\/\/www.anovapeneira.gal\/index.php\/2024\/11\/27\/morte-ao-decreto-da-vergona\/\" \/>\n<meta property=\"article:publisher\" content=\"https:\/\/www.facebook.com\/anovapeneira\" \/>\n<meta property=\"article:published_time\" content=\"2024-11-27T09:00:16+00:00\" \/>\n<meta property=\"og:image\" content=\"https:\/\/www.anovapeneira.gal\/wp-content\/uploads\/2019\/07\/ARTIGO_DE_OPINION_A_NOVA_PENEIRA.jpg\" \/>\n\t<meta property=\"og:image:width\" content=\"720\" \/>\n\t<meta property=\"og:image:height\" content=\"473\" \/>\n\t<meta property=\"og:image:type\" content=\"image\/jpeg\" \/>\n<meta name=\"author\" content=\"Aar\u00f3n Franco\" \/>\n<meta name=\"twitter:card\" content=\"summary_large_image\" \/>\n<meta name=\"twitter:image\" content=\"https:\/\/www.anovapeneira.gal\/wp-content\/uploads\/2019\/07\/ARTIGO_DE_OPINION_A_NOVA_PENEIRA.jpg\" \/>\n<meta name=\"twitter:creator\" content=\"@APeneira\" \/>\n<meta name=\"twitter:site\" content=\"@APeneira\" \/>\n<meta name=\"twitter:label1\" content=\"Escrito por\" \/>\n\t<meta name=\"twitter:data1\" content=\"Aar\u00f3n Franco\" \/>\n\t<meta name=\"twitter:label2\" content=\"Tempo de lectura\" \/>\n\t<meta name=\"twitter:data2\" content=\"6 minutos\" \/>\n<script type=\"application\/ld+json\" class=\"yoast-schema-graph\">{\"@context\":\"https:\\\/\\\/schema.org\",\"@graph\":[{\"@type\":\"Article\",\"@id\":\"https:\\\/\\\/www.anovapeneira.gal\\\/index.php\\\/2024\\\/11\\\/27\\\/morte-ao-decreto-da-vergona\\\/#article\",\"isPartOf\":{\"@id\":\"https:\\\/\\\/www.anovapeneira.gal\\\/index.php\\\/2024\\\/11\\\/27\\\/morte-ao-decreto-da-vergona\\\/\"},\"author\":{\"name\":\"Aar\u00f3n Franco\",\"@id\":\"https:\\\/\\\/www.anovapeneira.gal\\\/#\\\/schema\\\/person\\\/a907e49c1885c12d6f281770afd68766\"},\"headline\":\"Morte ao decreto da vergo\u00f1a\",\"datePublished\":\"2024-11-27T09:00:16+00:00\",\"mainEntityOfPage\":{\"@id\":\"https:\\\/\\\/www.anovapeneira.gal\\\/index.php\\\/2024\\\/11\\\/27\\\/morte-ao-decreto-da-vergona\\\/\"},\"wordCount\":1019,\"commentCount\":0,\"publisher\":{\"@id\":\"https:\\\/\\\/www.anovapeneira.gal\\\/#organization\"},\"image\":{\"@id\":\"https:\\\/\\\/www.anovapeneira.gal\\\/index.php\\\/2024\\\/11\\\/27\\\/morte-ao-decreto-da-vergona\\\/#primaryimage\"},\"thumbnailUrl\":\"https:\\\/\\\/www.anovapeneira.gal\\\/wp-content\\\/uploads\\\/2019\\\/07\\\/ARTIGO_DE_OPINION_A_NOVA_PENEIRA.jpg\",\"articleSection\":[\"Artigos de opini\u00f3n\"],\"inLanguage\":\"gl-ES\",\"potentialAction\":[{\"@type\":\"CommentAction\",\"name\":\"Comment\",\"target\":[\"https:\\\/\\\/www.anovapeneira.gal\\\/index.php\\\/2024\\\/11\\\/27\\\/morte-ao-decreto-da-vergona\\\/#respond\"]}]},{\"@type\":\"WebPage\",\"@id\":\"https:\\\/\\\/www.anovapeneira.gal\\\/index.php\\\/2024\\\/11\\\/27\\\/morte-ao-decreto-da-vergona\\\/\",\"url\":\"https:\\\/\\\/www.anovapeneira.gal\\\/index.php\\\/2024\\\/11\\\/27\\\/morte-ao-decreto-da-vergona\\\/\",\"name\":\"Morte ao decreto da vergo\u00f1a -\",\"isPartOf\":{\"@id\":\"https:\\\/\\\/www.anovapeneira.gal\\\/#website\"},\"primaryImageOfPage\":{\"@id\":\"https:\\\/\\\/www.anovapeneira.gal\\\/index.php\\\/2024\\\/11\\\/27\\\/morte-ao-decreto-da-vergona\\\/#primaryimage\"},\"image\":{\"@id\":\"https:\\\/\\\/www.anovapeneira.gal\\\/index.php\\\/2024\\\/11\\\/27\\\/morte-ao-decreto-da-vergona\\\/#primaryimage\"},\"thumbnailUrl\":\"https:\\\/\\\/www.anovapeneira.gal\\\/wp-content\\\/uploads\\\/2019\\\/07\\\/ARTIGO_DE_OPINION_A_NOVA_PENEIRA.jpg\",\"datePublished\":\"2024-11-27T09:00:16+00:00\",\"breadcrumb\":{\"@id\":\"https:\\\/\\\/www.anovapeneira.gal\\\/index.php\\\/2024\\\/11\\\/27\\\/morte-ao-decreto-da-vergona\\\/#breadcrumb\"},\"inLanguage\":\"gl-ES\",\"potentialAction\":[{\"@type\":\"ReadAction\",\"target\":[\"https:\\\/\\\/www.anovapeneira.gal\\\/index.php\\\/2024\\\/11\\\/27\\\/morte-ao-decreto-da-vergona\\\/\"]}]},{\"@type\":\"ImageObject\",\"inLanguage\":\"gl-ES\",\"@id\":\"https:\\\/\\\/www.anovapeneira.gal\\\/index.php\\\/2024\\\/11\\\/27\\\/morte-ao-decreto-da-vergona\\\/#primaryimage\",\"url\":\"https:\\\/\\\/www.anovapeneira.gal\\\/wp-content\\\/uploads\\\/2019\\\/07\\\/ARTIGO_DE_OPINION_A_NOVA_PENEIRA.jpg\",\"contentUrl\":\"https:\\\/\\\/www.anovapeneira.gal\\\/wp-content\\\/uploads\\\/2019\\\/07\\\/ARTIGO_DE_OPINION_A_NOVA_PENEIRA.jpg\",\"width\":720,\"height\":473,\"caption\":\"Artigo de opini\u00f3n A Nova Peneira\"},{\"@type\":\"BreadcrumbList\",\"@id\":\"https:\\\/\\\/www.anovapeneira.gal\\\/index.php\\\/2024\\\/11\\\/27\\\/morte-ao-decreto-da-vergona\\\/#breadcrumb\",\"itemListElement\":[{\"@type\":\"ListItem\",\"position\":1,\"name\":\"Portada\",\"item\":\"https:\\\/\\\/www.anovapeneira.gal\\\/\"},{\"@type\":\"ListItem\",\"position\":2,\"name\":\"Morte ao decreto da vergo\u00f1a\"}]},{\"@type\":\"WebSite\",\"@id\":\"https:\\\/\\\/www.anovapeneira.gal\\\/#website\",\"url\":\"https:\\\/\\\/www.anovapeneira.gal\\\/\",\"name\":\"\",\"description\":\"Xornal galego de informaci\u00f3n xeral Publicaci\u00f3n mensual de novas de Galicia e en especial dos Concellos da sur da provincia de Pontevedra.\",\"publisher\":{\"@id\":\"https:\\\/\\\/www.anovapeneira.gal\\\/#organization\"},\"potentialAction\":[{\"@type\":\"SearchAction\",\"target\":{\"@type\":\"EntryPoint\",\"urlTemplate\":\"https:\\\/\\\/www.anovapeneira.gal\\\/?s={search_term_string}\"},\"query-input\":{\"@type\":\"PropertyValueSpecification\",\"valueRequired\":true,\"valueName\":\"search_term_string\"}}],\"inLanguage\":\"gl-ES\"},{\"@type\":\"Organization\",\"@id\":\"https:\\\/\\\/www.anovapeneira.gal\\\/#organization\",\"name\":\"A Nova Peneira\",\"url\":\"https:\\\/\\\/www.anovapeneira.gal\\\/\",\"logo\":{\"@type\":\"ImageObject\",\"inLanguage\":\"gl-ES\",\"@id\":\"https:\\\/\\\/www.anovapeneira.gal\\\/#\\\/schema\\\/logo\\\/image\\\/\",\"url\":\"http:\\\/\\\/www.anovapeneira.gal\\\/wp-content\\\/uploads\\\/2019\\\/06\\\/logo_a_nova_peneira_portal_web.png\",\"contentUrl\":\"http:\\\/\\\/www.anovapeneira.gal\\\/wp-content\\\/uploads\\\/2019\\\/06\\\/logo_a_nova_peneira_portal_web.png\",\"width\":300,\"height\":100,\"caption\":\"A Nova Peneira\"},\"image\":{\"@id\":\"https:\\\/\\\/www.anovapeneira.gal\\\/#\\\/schema\\\/logo\\\/image\\\/\"},\"sameAs\":[\"https:\\\/\\\/www.facebook.com\\\/anovapeneira\",\"https:\\\/\\\/x.com\\\/APeneira\"]},{\"@type\":\"Person\",\"@id\":\"https:\\\/\\\/www.anovapeneira.gal\\\/#\\\/schema\\\/person\\\/a907e49c1885c12d6f281770afd68766\",\"name\":\"Aar\u00f3n Franco\",\"image\":{\"@type\":\"ImageObject\",\"inLanguage\":\"gl-ES\",\"@id\":\"https:\\\/\\\/secure.gravatar.com\\\/avatar\\\/82f0614fe09ae3f066983f8d670d0ff15a0917fefe52b93ffa425275b87d6102?s=96&d=mm&r=g\",\"url\":\"https:\\\/\\\/secure.gravatar.com\\\/avatar\\\/82f0614fe09ae3f066983f8d670d0ff15a0917fefe52b93ffa425275b87d6102?s=96&d=mm&r=g\",\"contentUrl\":\"https:\\\/\\\/secure.gravatar.com\\\/avatar\\\/82f0614fe09ae3f066983f8d670d0ff15a0917fefe52b93ffa425275b87d6102?s=96&d=mm&r=g\",\"caption\":\"Aar\u00f3n Franco\"},\"sameAs\":[\"http:\\\/\\\/www.anovapeneira.gal\\\/\"],\"url\":\"https:\\\/\\\/www.anovapeneira.gal\\\/index.php\\\/author\\\/aaron-franco\\\/\"}]}<\/script>\n<!-- \/ Yoast SEO plugin. -->","yoast_head_json":{"title":"Morte ao decreto da vergo\u00f1a -","robots":{"index":"index","follow":"follow","max-snippet":"max-snippet:-1","max-image-preview":"max-image-preview:large","max-video-preview":"max-video-preview:-1"},"canonical":"https:\/\/www.anovapeneira.gal\/index.php\/2024\/11\/27\/morte-ao-decreto-da-vergona\/","og_locale":"gl_ES","og_type":"article","og_title":"Morte ao decreto da vergo\u00f1a -","og_description":"En Galicia, a nosa lingua, o galego, est\u00e1 a enfrontarse a unha situaci\u00f3n de precariedade e subordinaci\u00f3n que non deberiamos permitir nunha sociedade que aspira a defender a s\u00faa identidade e cultura propias [...]","og_url":"https:\/\/www.anovapeneira.gal\/index.php\/2024\/11\/27\/morte-ao-decreto-da-vergona\/","article_publisher":"https:\/\/www.facebook.com\/anovapeneira","article_published_time":"2024-11-27T09:00:16+00:00","og_image":[{"width":720,"height":473,"url":"https:\/\/www.anovapeneira.gal\/wp-content\/uploads\/2019\/07\/ARTIGO_DE_OPINION_A_NOVA_PENEIRA.jpg","type":"image\/jpeg"}],"author":"Aar\u00f3n Franco","twitter_card":"summary_large_image","twitter_image":"https:\/\/www.anovapeneira.gal\/wp-content\/uploads\/2019\/07\/ARTIGO_DE_OPINION_A_NOVA_PENEIRA.jpg","twitter_creator":"@APeneira","twitter_site":"@APeneira","twitter_misc":{"Escrito por":"Aar\u00f3n Franco","Tempo de lectura":"6 minutos"},"schema":{"@context":"https:\/\/schema.org","@graph":[{"@type":"Article","@id":"https:\/\/www.anovapeneira.gal\/index.php\/2024\/11\/27\/morte-ao-decreto-da-vergona\/#article","isPartOf":{"@id":"https:\/\/www.anovapeneira.gal\/index.php\/2024\/11\/27\/morte-ao-decreto-da-vergona\/"},"author":{"name":"Aar\u00f3n Franco","@id":"https:\/\/www.anovapeneira.gal\/#\/schema\/person\/a907e49c1885c12d6f281770afd68766"},"headline":"Morte ao decreto da vergo\u00f1a","datePublished":"2024-11-27T09:00:16+00:00","mainEntityOfPage":{"@id":"https:\/\/www.anovapeneira.gal\/index.php\/2024\/11\/27\/morte-ao-decreto-da-vergona\/"},"wordCount":1019,"commentCount":0,"publisher":{"@id":"https:\/\/www.anovapeneira.gal\/#organization"},"image":{"@id":"https:\/\/www.anovapeneira.gal\/index.php\/2024\/11\/27\/morte-ao-decreto-da-vergona\/#primaryimage"},"thumbnailUrl":"https:\/\/www.anovapeneira.gal\/wp-content\/uploads\/2019\/07\/ARTIGO_DE_OPINION_A_NOVA_PENEIRA.jpg","articleSection":["Artigos de opini\u00f3n"],"inLanguage":"gl-ES","potentialAction":[{"@type":"CommentAction","name":"Comment","target":["https:\/\/www.anovapeneira.gal\/index.php\/2024\/11\/27\/morte-ao-decreto-da-vergona\/#respond"]}]},{"@type":"WebPage","@id":"https:\/\/www.anovapeneira.gal\/index.php\/2024\/11\/27\/morte-ao-decreto-da-vergona\/","url":"https:\/\/www.anovapeneira.gal\/index.php\/2024\/11\/27\/morte-ao-decreto-da-vergona\/","name":"Morte ao decreto da vergo\u00f1a -","isPartOf":{"@id":"https:\/\/www.anovapeneira.gal\/#website"},"primaryImageOfPage":{"@id":"https:\/\/www.anovapeneira.gal\/index.php\/2024\/11\/27\/morte-ao-decreto-da-vergona\/#primaryimage"},"image":{"@id":"https:\/\/www.anovapeneira.gal\/index.php\/2024\/11\/27\/morte-ao-decreto-da-vergona\/#primaryimage"},"thumbnailUrl":"https:\/\/www.anovapeneira.gal\/wp-content\/uploads\/2019\/07\/ARTIGO_DE_OPINION_A_NOVA_PENEIRA.jpg","datePublished":"2024-11-27T09:00:16+00:00","breadcrumb":{"@id":"https:\/\/www.anovapeneira.gal\/index.php\/2024\/11\/27\/morte-ao-decreto-da-vergona\/#breadcrumb"},"inLanguage":"gl-ES","potentialAction":[{"@type":"ReadAction","target":["https:\/\/www.anovapeneira.gal\/index.php\/2024\/11\/27\/morte-ao-decreto-da-vergona\/"]}]},{"@type":"ImageObject","inLanguage":"gl-ES","@id":"https:\/\/www.anovapeneira.gal\/index.php\/2024\/11\/27\/morte-ao-decreto-da-vergona\/#primaryimage","url":"https:\/\/www.anovapeneira.gal\/wp-content\/uploads\/2019\/07\/ARTIGO_DE_OPINION_A_NOVA_PENEIRA.jpg","contentUrl":"https:\/\/www.anovapeneira.gal\/wp-content\/uploads\/2019\/07\/ARTIGO_DE_OPINION_A_NOVA_PENEIRA.jpg","width":720,"height":473,"caption":"Artigo de opini\u00f3n A Nova Peneira"},{"@type":"BreadcrumbList","@id":"https:\/\/www.anovapeneira.gal\/index.php\/2024\/11\/27\/morte-ao-decreto-da-vergona\/#breadcrumb","itemListElement":[{"@type":"ListItem","position":1,"name":"Portada","item":"https:\/\/www.anovapeneira.gal\/"},{"@type":"ListItem","position":2,"name":"Morte ao decreto da vergo\u00f1a"}]},{"@type":"WebSite","@id":"https:\/\/www.anovapeneira.gal\/#website","url":"https:\/\/www.anovapeneira.gal\/","name":"","description":"Xornal galego de informaci\u00f3n xeral Publicaci\u00f3n mensual de novas de Galicia e en especial dos Concellos da sur da provincia de Pontevedra.","publisher":{"@id":"https:\/\/www.anovapeneira.gal\/#organization"},"potentialAction":[{"@type":"SearchAction","target":{"@type":"EntryPoint","urlTemplate":"https:\/\/www.anovapeneira.gal\/?s={search_term_string}"},"query-input":{"@type":"PropertyValueSpecification","valueRequired":true,"valueName":"search_term_string"}}],"inLanguage":"gl-ES"},{"@type":"Organization","@id":"https:\/\/www.anovapeneira.gal\/#organization","name":"A Nova Peneira","url":"https:\/\/www.anovapeneira.gal\/","logo":{"@type":"ImageObject","inLanguage":"gl-ES","@id":"https:\/\/www.anovapeneira.gal\/#\/schema\/logo\/image\/","url":"http:\/\/www.anovapeneira.gal\/wp-content\/uploads\/2019\/06\/logo_a_nova_peneira_portal_web.png","contentUrl":"http:\/\/www.anovapeneira.gal\/wp-content\/uploads\/2019\/06\/logo_a_nova_peneira_portal_web.png","width":300,"height":100,"caption":"A Nova Peneira"},"image":{"@id":"https:\/\/www.anovapeneira.gal\/#\/schema\/logo\/image\/"},"sameAs":["https:\/\/www.facebook.com\/anovapeneira","https:\/\/x.com\/APeneira"]},{"@type":"Person","@id":"https:\/\/www.anovapeneira.gal\/#\/schema\/person\/a907e49c1885c12d6f281770afd68766","name":"Aar\u00f3n Franco","image":{"@type":"ImageObject","inLanguage":"gl-ES","@id":"https:\/\/secure.gravatar.com\/avatar\/82f0614fe09ae3f066983f8d670d0ff15a0917fefe52b93ffa425275b87d6102?s=96&d=mm&r=g","url":"https:\/\/secure.gravatar.com\/avatar\/82f0614fe09ae3f066983f8d670d0ff15a0917fefe52b93ffa425275b87d6102?s=96&d=mm&r=g","contentUrl":"https:\/\/secure.gravatar.com\/avatar\/82f0614fe09ae3f066983f8d670d0ff15a0917fefe52b93ffa425275b87d6102?s=96&d=mm&r=g","caption":"Aar\u00f3n Franco"},"sameAs":["http:\/\/www.anovapeneira.gal\/"],"url":"https:\/\/www.anovapeneira.gal\/index.php\/author\/aaron-franco\/"}]}},"jetpack_featured_media_url":"https:\/\/www.anovapeneira.gal\/wp-content\/uploads\/2019\/07\/ARTIGO_DE_OPINION_A_NOVA_PENEIRA.jpg","_links":{"self":[{"href":"https:\/\/www.anovapeneira.gal\/index.php\/wp-json\/wp\/v2\/posts\/12835","targetHints":{"allow":["GET"]}}],"collection":[{"href":"https:\/\/www.anovapeneira.gal\/index.php\/wp-json\/wp\/v2\/posts"}],"about":[{"href":"https:\/\/www.anovapeneira.gal\/index.php\/wp-json\/wp\/v2\/types\/post"}],"author":[{"embeddable":true,"href":"https:\/\/www.anovapeneira.gal\/index.php\/wp-json\/wp\/v2\/users\/23"}],"replies":[{"embeddable":true,"href":"https:\/\/www.anovapeneira.gal\/index.php\/wp-json\/wp\/v2\/comments?post=12835"}],"version-history":[{"count":2,"href":"https:\/\/www.anovapeneira.gal\/index.php\/wp-json\/wp\/v2\/posts\/12835\/revisions"}],"predecessor-version":[{"id":12837,"href":"https:\/\/www.anovapeneira.gal\/index.php\/wp-json\/wp\/v2\/posts\/12835\/revisions\/12837"}],"wp:featuredmedia":[{"embeddable":true,"href":"https:\/\/www.anovapeneira.gal\/index.php\/wp-json\/wp\/v2\/media\/584"}],"wp:attachment":[{"href":"https:\/\/www.anovapeneira.gal\/index.php\/wp-json\/wp\/v2\/media?parent=12835"}],"wp:term":[{"taxonomy":"category","embeddable":true,"href":"https:\/\/www.anovapeneira.gal\/index.php\/wp-json\/wp\/v2\/categories?post=12835"},{"taxonomy":"post_tag","embeddable":true,"href":"https:\/\/www.anovapeneira.gal\/index.php\/wp-json\/wp\/v2\/tags?post=12835"}],"curies":[{"name":"wp","href":"https:\/\/api.w.org\/{rel}","templated":true}]}}