{"id":12844,"date":"2024-11-28T10:00:23","date_gmt":"2024-11-28T09:00:23","guid":{"rendered":"https:\/\/www.anovapeneira.gal\/?p=12844"},"modified":"2024-11-20T11:33:00","modified_gmt":"2024-11-20T10:33:00","slug":"o-bng-de-oia-continua-traballando-na-procurada-felicidade","status":"publish","type":"post","link":"https:\/\/www.anovapeneira.gal\/index.php\/2024\/11\/28\/o-bng-de-oia-continua-traballando-na-procurada-felicidade\/","title":{"rendered":"O BNG de Oia contin\u00faa traballando na procurada \u201cfelicidade\u201d"},"content":{"rendered":"\n<pre class=\"wp-block-verse\">Xose Ant\u00f3n Rodr\u00edguez \" Xuster\"<\/pre>\n\n\n\n<p>No BNG cremos firmemente que o concello de Oia ten futuro a pesar de 40 anos de goberno do PP e das mesmas pr\u00e1cticas propias doutros tempos. Vimos manifestando publicamente que esta maneira de facer pol\u00edtica d\u00e1 como resultado veci\u00f1os\/as de primeira e de segunda. Obras b\u00e1sicas como o arranxo de cami\u00f1os deixan f\u00f3ra vivendas que levan 30 anos sen ningunha intervenci\u00f3n na s\u00faa r\u00faa, onde nin tan sequera pode acceder unha ambulancia en condici\u00f3ns m\u00ednimas de seguridade; un exemplo real \u00e9 o Cami\u00f1o das Carballeiras no barrio de Chavella. Levamos presentadas varias moci\u00f3ns sobre infraestruturas peon\u00eds, como beirarr\u00faas para Pedornes, Moug\u00e1s e Loureza, ou as recentes para a reforma integral das r\u00faas do Cami\u00f1o do Fial e Claudio Rodal Fandi\u00f1o, agardemos que non queden no caix\u00f3n porque as presentou o BNG. Parello \u00e1 infraestrutura viaria vai o saneamento, un servizo b\u00e1sico que \u00e9 unha desfeita por varias cuesti\u00f3ns. De 6 parroquias que ten Oia d\u00faas non te\u00f1en este servizo, Burgueira e Loureza. Dende o BNG presentamos unha moci\u00f3n de \u201cbaleirado de pozos negros e foxas s\u00e9pticas\u201d coa s\u00faa correspondente ordenanza para darlle inmediata soluci\u00f3n a estas d\u00faas parroquias. Foi aprobada hai m\u00e1is de ano e medio e non temos noticias dela, estar\u00e1 nalg\u00fan caix\u00f3n? Nos barrios onde si hai sumidoiros non chega a todas as vivendas, e a consecuencia da non separaci\u00f3n de fecais e pluviais cando chove forte provoca verteduras incontroladas; as m\u00e1is rechamantes en pleno Cami\u00f1o de Santiago e na praia diante do mosteiro de Oia. Esta situaci\u00f3n xa foi levada ao Parlamento Galego polo BNG en emendas aos orzamentos da Xunta mediante o \u201csaneamento integral da costa de Oia\u201d. A recollida do lixo \u00e9 deficitaria en canto a periodicidade, limpeza e mantemento dos puntos. A imaxe que moitas veces ofrecen as illas onde est\u00e1n os contedores non \u00e9 aceptable, aumentando a insalubridade exponencialmente no ver\u00e1n. Este concello polas caracter\u00edsticas que ten de dispersi\u00f3n e tama\u00f1o require de m\u00e1is persoal para un correcto funcionamento do servizo. A falta de planificaci\u00f3n nesta \u00e1rea amosa a carencia de iniciativa para solucionar algo que afecta directamente ao medio ambiente. Tam\u00e9n podemos nomear o mal chamado punto limpo, porque desco\u00f1ecemos a realidade do seu funcionamento e se cumpre a normativa vixente. Resumimos o asunto do lixo en algo moi ilustrativo, presentamos unha moci\u00f3n hai tempo sobre a \u201ccolocaci\u00f3n de papeleiras nas marquesi\u00f1as das paradas de autob\u00fas\u201d. Aprobada est\u00e1 pero as papeleiras seguen sen instalarse. En Oia hai poucas luces, que ningu\u00e9n se ofenda. Sen\u00f3n que lle pregunten \u00e1 veci\u00f1anza que se queda sen ela, ou aos comerciantes e hostaleiros. O pouco peso pol\u00edtico \u00e1 hora de defender os intereses dos veci\u00f1os\/as provoca o desleixo da compa\u00f1\u00eda subministradora \u00e1 hora de manter en condici\u00f3ns as instalaci\u00f3ns para corrixir os continuos cortes de luz, cuesti\u00f3n de ter capacidade pol\u00edtica ou non. Nestes \u00faltimos 6 anos dende o BNG levamos presentado m\u00e1is de 40 moci\u00f3ns e unha infinidade de propostas para<\/p>\n\n\n\n<p>darlle soluci\u00f3n aos m\u00faltiples problemas que ten o noso concello, sempre de maneira construtiva, escoitando \u00e1 veci\u00f1anza e trasladando as s\u00faas petici\u00f3ns ao pleno da corporaci\u00f3n. Seguimos agardando pola praza de Alsirio Fern\u00e1ndez en Moug\u00e1s, a praza do Calvario en Pedornes e un bo n\u00famero de moci\u00f3ns aprobadas en t\u00f3dolos eidos. <strong>Neste \u00faltimo pleno propuxemos un pacto pola auga en Oia onde traballemos os tres grupos conxuntamente<\/strong>. Apoiando \u00e1s tra\u00eddas dos barrios con formaci\u00f3n t\u00e9cnica, m\u00e1is achega econ\u00f3mica, optimizaci\u00f3n do recurso e moita informaci\u00f3n e pedagox\u00eda cara aos veci\u00f1os\/as.<\/p>\n\n\n\n<p><strong>Facemos unha oposici\u00f3n construtiva pensando no benestar da veci\u00f1anza.<\/strong><\/p>\n","protected":false},"excerpt":{"rendered":"<div class=\"mh-excerpt\"><p>No BNG cremos firmemente que o concello de Oia ten futuro a pesar de 40 anos de goberno do PP e das mesmas pr\u00e1cticas propias doutros tempos <a class=\"mh-excerpt-more\" href=\"https:\/\/www.anovapeneira.gal\/index.php\/2024\/11\/28\/o-bng-de-oia-continua-traballando-na-procurada-felicidade\/\" title=\"O BNG de Oia contin\u00faa traballando na procurada \u201cfelicidade\u201d\">[&#8230;]<\/a><\/p>\n<\/div>","protected":false},"author":1,"featured_media":12246,"comment_status":"open","ping_status":"open","sticky":false,"template":"","format":"standard","meta":{"_exactmetrics_skip_tracking":false,"_exactmetrics_sitenote_active":false,"_exactmetrics_sitenote_note":"","_exactmetrics_sitenote_category":0,"footnotes":""},"categories":[7],"tags":[456],"class_list":{"0":"post-12844","1":"post","2":"type-post","3":"status-publish","4":"format-standard","5":"has-post-thumbnail","7":"category-artigos-de-opinion","8":"tag-concello-de-oia"},"yoast_head":"<!-- This site is optimized with the Yoast SEO plugin v27.4 - https:\/\/yoast.com\/product\/yoast-seo-wordpress\/ -->\n<title>O BNG de Oia contin\u00faa traballando na procurada \u201cfelicidade\u201d -<\/title>\n<meta name=\"robots\" content=\"index, follow, max-snippet:-1, max-image-preview:large, max-video-preview:-1\" \/>\n<link rel=\"canonical\" href=\"https:\/\/www.anovapeneira.gal\/index.php\/2024\/11\/28\/o-bng-de-oia-continua-traballando-na-procurada-felicidade\/\" \/>\n<meta property=\"og:locale\" content=\"gl_ES\" \/>\n<meta property=\"og:type\" content=\"article\" \/>\n<meta property=\"og:title\" content=\"O BNG de Oia contin\u00faa traballando na procurada \u201cfelicidade\u201d -\" \/>\n<meta property=\"og:description\" content=\"No BNG cremos firmemente que o concello de Oia ten futuro a pesar de 40 anos de goberno do PP e das mesmas pr\u00e1cticas propias doutros tempos [...]\" \/>\n<meta property=\"og:url\" content=\"https:\/\/www.anovapeneira.gal\/index.php\/2024\/11\/28\/o-bng-de-oia-continua-traballando-na-procurada-felicidade\/\" \/>\n<meta property=\"article:publisher\" content=\"https:\/\/www.facebook.com\/anovapeneira\" \/>\n<meta property=\"article:author\" content=\"https:\/\/www.facebook.com\/anovapeneira\/\" \/>\n<meta property=\"article:published_time\" content=\"2024-11-28T09:00:23+00:00\" \/>\n<meta property=\"og:image\" content=\"https:\/\/www.anovapeneira.gal\/wp-content\/uploads\/2024\/08\/xuster_bng_oia.jpg\" \/>\n\t<meta property=\"og:image:width\" content=\"720\" \/>\n\t<meta property=\"og:image:height\" content=\"432\" \/>\n\t<meta property=\"og:image:type\" content=\"image\/jpeg\" \/>\n<meta name=\"author\" content=\"admin\" \/>\n<meta name=\"twitter:card\" content=\"summary_large_image\" \/>\n<meta name=\"twitter:creator\" content=\"@APeneira\" \/>\n<meta name=\"twitter:site\" content=\"@APeneira\" \/>\n<meta name=\"twitter:label1\" content=\"Escrito por\" \/>\n\t<meta name=\"twitter:data1\" content=\"admin\" \/>\n\t<meta name=\"twitter:label2\" content=\"Tempo de lectura\" \/>\n\t<meta name=\"twitter:data2\" content=\"4 minutos\" \/>\n<script type=\"application\/ld+json\" class=\"yoast-schema-graph\">{\"@context\":\"https:\\\/\\\/schema.org\",\"@graph\":[{\"@type\":\"Article\",\"@id\":\"https:\\\/\\\/www.anovapeneira.gal\\\/index.php\\\/2024\\\/11\\\/28\\\/o-bng-de-oia-continua-traballando-na-procurada-felicidade\\\/#article\",\"isPartOf\":{\"@id\":\"https:\\\/\\\/www.anovapeneira.gal\\\/index.php\\\/2024\\\/11\\\/28\\\/o-bng-de-oia-continua-traballando-na-procurada-felicidade\\\/\"},\"author\":{\"name\":\"admin\",\"@id\":\"https:\\\/\\\/www.anovapeneira.gal\\\/#\\\/schema\\\/person\\\/fb77575328c93684dae4b0075f90c2cb\"},\"headline\":\"O BNG de Oia contin\u00faa traballando na procurada \u201cfelicidade\u201d\",\"datePublished\":\"2024-11-28T09:00:23+00:00\",\"mainEntityOfPage\":{\"@id\":\"https:\\\/\\\/www.anovapeneira.gal\\\/index.php\\\/2024\\\/11\\\/28\\\/o-bng-de-oia-continua-traballando-na-procurada-felicidade\\\/\"},\"wordCount\":667,\"commentCount\":0,\"publisher\":{\"@id\":\"https:\\\/\\\/www.anovapeneira.gal\\\/#organization\"},\"image\":{\"@id\":\"https:\\\/\\\/www.anovapeneira.gal\\\/index.php\\\/2024\\\/11\\\/28\\\/o-bng-de-oia-continua-traballando-na-procurada-felicidade\\\/#primaryimage\"},\"thumbnailUrl\":\"https:\\\/\\\/www.anovapeneira.gal\\\/wp-content\\\/uploads\\\/2024\\\/08\\\/xuster_bng_oia.jpg\",\"keywords\":[\"Concello de Oia\"],\"articleSection\":[\"Artigos de opini\u00f3n\"],\"inLanguage\":\"gl-ES\",\"potentialAction\":[{\"@type\":\"CommentAction\",\"name\":\"Comment\",\"target\":[\"https:\\\/\\\/www.anovapeneira.gal\\\/index.php\\\/2024\\\/11\\\/28\\\/o-bng-de-oia-continua-traballando-na-procurada-felicidade\\\/#respond\"]}]},{\"@type\":\"WebPage\",\"@id\":\"https:\\\/\\\/www.anovapeneira.gal\\\/index.php\\\/2024\\\/11\\\/28\\\/o-bng-de-oia-continua-traballando-na-procurada-felicidade\\\/\",\"url\":\"https:\\\/\\\/www.anovapeneira.gal\\\/index.php\\\/2024\\\/11\\\/28\\\/o-bng-de-oia-continua-traballando-na-procurada-felicidade\\\/\",\"name\":\"O BNG de Oia contin\u00faa traballando na procurada \u201cfelicidade\u201d -\",\"isPartOf\":{\"@id\":\"https:\\\/\\\/www.anovapeneira.gal\\\/#website\"},\"primaryImageOfPage\":{\"@id\":\"https:\\\/\\\/www.anovapeneira.gal\\\/index.php\\\/2024\\\/11\\\/28\\\/o-bng-de-oia-continua-traballando-na-procurada-felicidade\\\/#primaryimage\"},\"image\":{\"@id\":\"https:\\\/\\\/www.anovapeneira.gal\\\/index.php\\\/2024\\\/11\\\/28\\\/o-bng-de-oia-continua-traballando-na-procurada-felicidade\\\/#primaryimage\"},\"thumbnailUrl\":\"https:\\\/\\\/www.anovapeneira.gal\\\/wp-content\\\/uploads\\\/2024\\\/08\\\/xuster_bng_oia.jpg\",\"datePublished\":\"2024-11-28T09:00:23+00:00\",\"breadcrumb\":{\"@id\":\"https:\\\/\\\/www.anovapeneira.gal\\\/index.php\\\/2024\\\/11\\\/28\\\/o-bng-de-oia-continua-traballando-na-procurada-felicidade\\\/#breadcrumb\"},\"inLanguage\":\"gl-ES\",\"potentialAction\":[{\"@type\":\"ReadAction\",\"target\":[\"https:\\\/\\\/www.anovapeneira.gal\\\/index.php\\\/2024\\\/11\\\/28\\\/o-bng-de-oia-continua-traballando-na-procurada-felicidade\\\/\"]}]},{\"@type\":\"ImageObject\",\"inLanguage\":\"gl-ES\",\"@id\":\"https:\\\/\\\/www.anovapeneira.gal\\\/index.php\\\/2024\\\/11\\\/28\\\/o-bng-de-oia-continua-traballando-na-procurada-felicidade\\\/#primaryimage\",\"url\":\"https:\\\/\\\/www.anovapeneira.gal\\\/wp-content\\\/uploads\\\/2024\\\/08\\\/xuster_bng_oia.jpg\",\"contentUrl\":\"https:\\\/\\\/www.anovapeneira.gal\\\/wp-content\\\/uploads\\\/2024\\\/08\\\/xuster_bng_oia.jpg\",\"width\":720,\"height\":432,\"caption\":\"Xose Ant\u00f3n Rodr\u00edguez \u201c Xuster\u201d voceiro do BNG de Oia\"},{\"@type\":\"BreadcrumbList\",\"@id\":\"https:\\\/\\\/www.anovapeneira.gal\\\/index.php\\\/2024\\\/11\\\/28\\\/o-bng-de-oia-continua-traballando-na-procurada-felicidade\\\/#breadcrumb\",\"itemListElement\":[{\"@type\":\"ListItem\",\"position\":1,\"name\":\"Portada\",\"item\":\"https:\\\/\\\/www.anovapeneira.gal\\\/\"},{\"@type\":\"ListItem\",\"position\":2,\"name\":\"O BNG de Oia contin\u00faa traballando na procurada \u201cfelicidade\u201d\"}]},{\"@type\":\"WebSite\",\"@id\":\"https:\\\/\\\/www.anovapeneira.gal\\\/#website\",\"url\":\"https:\\\/\\\/www.anovapeneira.gal\\\/\",\"name\":\"\",\"description\":\"Xornal galego de informaci\u00f3n xeral Publicaci\u00f3n mensual de novas de Galicia e en especial dos Concellos da sur da provincia de Pontevedra.\",\"publisher\":{\"@id\":\"https:\\\/\\\/www.anovapeneira.gal\\\/#organization\"},\"potentialAction\":[{\"@type\":\"SearchAction\",\"target\":{\"@type\":\"EntryPoint\",\"urlTemplate\":\"https:\\\/\\\/www.anovapeneira.gal\\\/?s={search_term_string}\"},\"query-input\":{\"@type\":\"PropertyValueSpecification\",\"valueRequired\":true,\"valueName\":\"search_term_string\"}}],\"inLanguage\":\"gl-ES\"},{\"@type\":\"Organization\",\"@id\":\"https:\\\/\\\/www.anovapeneira.gal\\\/#organization\",\"name\":\"A Nova Peneira\",\"url\":\"https:\\\/\\\/www.anovapeneira.gal\\\/\",\"logo\":{\"@type\":\"ImageObject\",\"inLanguage\":\"gl-ES\",\"@id\":\"https:\\\/\\\/www.anovapeneira.gal\\\/#\\\/schema\\\/logo\\\/image\\\/\",\"url\":\"http:\\\/\\\/www.anovapeneira.gal\\\/wp-content\\\/uploads\\\/2019\\\/06\\\/logo_a_nova_peneira_portal_web.png\",\"contentUrl\":\"http:\\\/\\\/www.anovapeneira.gal\\\/wp-content\\\/uploads\\\/2019\\\/06\\\/logo_a_nova_peneira_portal_web.png\",\"width\":300,\"height\":100,\"caption\":\"A Nova Peneira\"},\"image\":{\"@id\":\"https:\\\/\\\/www.anovapeneira.gal\\\/#\\\/schema\\\/logo\\\/image\\\/\"},\"sameAs\":[\"https:\\\/\\\/www.facebook.com\\\/anovapeneira\",\"https:\\\/\\\/x.com\\\/APeneira\"]},{\"@type\":\"Person\",\"@id\":\"https:\\\/\\\/www.anovapeneira.gal\\\/#\\\/schema\\\/person\\\/fb77575328c93684dae4b0075f90c2cb\",\"name\":\"admin\",\"image\":{\"@type\":\"ImageObject\",\"inLanguage\":\"gl-ES\",\"@id\":\"https:\\\/\\\/secure.gravatar.com\\\/avatar\\\/df15c36ce375448325e0bc870e91bbee95947a002eb98dcfd6c2b053e18843e9?s=96&d=mm&r=g\",\"url\":\"https:\\\/\\\/secure.gravatar.com\\\/avatar\\\/df15c36ce375448325e0bc870e91bbee95947a002eb98dcfd6c2b053e18843e9?s=96&d=mm&r=g\",\"contentUrl\":\"https:\\\/\\\/secure.gravatar.com\\\/avatar\\\/df15c36ce375448325e0bc870e91bbee95947a002eb98dcfd6c2b053e18843e9?s=96&d=mm&r=g\",\"caption\":\"admin\"},\"description\":\"Xornal galego de informaci\u00f3n xeral Publicaci\u00f3n mensual de novas de Galicia e en especial dos Concellos da sur da provincia de Pontevedra.\",\"sameAs\":[\"http:\\\/\\\/www.anovapeneira.gal\\\/\",\"https:\\\/\\\/www.facebook.com\\\/anovapeneira\\\/\"],\"url\":\"https:\\\/\\\/www.anovapeneira.gal\\\/index.php\\\/author\\\/admin\\\/\"}]}<\/script>\n<!-- \/ Yoast SEO plugin. -->","yoast_head_json":{"title":"O BNG de Oia contin\u00faa traballando na procurada \u201cfelicidade\u201d -","robots":{"index":"index","follow":"follow","max-snippet":"max-snippet:-1","max-image-preview":"max-image-preview:large","max-video-preview":"max-video-preview:-1"},"canonical":"https:\/\/www.anovapeneira.gal\/index.php\/2024\/11\/28\/o-bng-de-oia-continua-traballando-na-procurada-felicidade\/","og_locale":"gl_ES","og_type":"article","og_title":"O BNG de Oia contin\u00faa traballando na procurada \u201cfelicidade\u201d -","og_description":"No BNG cremos firmemente que o concello de Oia ten futuro a pesar de 40 anos de goberno do PP e das mesmas pr\u00e1cticas propias doutros tempos [...]","og_url":"https:\/\/www.anovapeneira.gal\/index.php\/2024\/11\/28\/o-bng-de-oia-continua-traballando-na-procurada-felicidade\/","article_publisher":"https:\/\/www.facebook.com\/anovapeneira","article_author":"https:\/\/www.facebook.com\/anovapeneira\/","article_published_time":"2024-11-28T09:00:23+00:00","og_image":[{"width":720,"height":432,"url":"https:\/\/www.anovapeneira.gal\/wp-content\/uploads\/2024\/08\/xuster_bng_oia.jpg","type":"image\/jpeg"}],"author":"admin","twitter_card":"summary_large_image","twitter_creator":"@APeneira","twitter_site":"@APeneira","twitter_misc":{"Escrito por":"admin","Tempo de lectura":"4 minutos"},"schema":{"@context":"https:\/\/schema.org","@graph":[{"@type":"Article","@id":"https:\/\/www.anovapeneira.gal\/index.php\/2024\/11\/28\/o-bng-de-oia-continua-traballando-na-procurada-felicidade\/#article","isPartOf":{"@id":"https:\/\/www.anovapeneira.gal\/index.php\/2024\/11\/28\/o-bng-de-oia-continua-traballando-na-procurada-felicidade\/"},"author":{"name":"admin","@id":"https:\/\/www.anovapeneira.gal\/#\/schema\/person\/fb77575328c93684dae4b0075f90c2cb"},"headline":"O BNG de Oia contin\u00faa traballando na procurada \u201cfelicidade\u201d","datePublished":"2024-11-28T09:00:23+00:00","mainEntityOfPage":{"@id":"https:\/\/www.anovapeneira.gal\/index.php\/2024\/11\/28\/o-bng-de-oia-continua-traballando-na-procurada-felicidade\/"},"wordCount":667,"commentCount":0,"publisher":{"@id":"https:\/\/www.anovapeneira.gal\/#organization"},"image":{"@id":"https:\/\/www.anovapeneira.gal\/index.php\/2024\/11\/28\/o-bng-de-oia-continua-traballando-na-procurada-felicidade\/#primaryimage"},"thumbnailUrl":"https:\/\/www.anovapeneira.gal\/wp-content\/uploads\/2024\/08\/xuster_bng_oia.jpg","keywords":["Concello de Oia"],"articleSection":["Artigos de opini\u00f3n"],"inLanguage":"gl-ES","potentialAction":[{"@type":"CommentAction","name":"Comment","target":["https:\/\/www.anovapeneira.gal\/index.php\/2024\/11\/28\/o-bng-de-oia-continua-traballando-na-procurada-felicidade\/#respond"]}]},{"@type":"WebPage","@id":"https:\/\/www.anovapeneira.gal\/index.php\/2024\/11\/28\/o-bng-de-oia-continua-traballando-na-procurada-felicidade\/","url":"https:\/\/www.anovapeneira.gal\/index.php\/2024\/11\/28\/o-bng-de-oia-continua-traballando-na-procurada-felicidade\/","name":"O BNG de Oia contin\u00faa traballando na procurada \u201cfelicidade\u201d -","isPartOf":{"@id":"https:\/\/www.anovapeneira.gal\/#website"},"primaryImageOfPage":{"@id":"https:\/\/www.anovapeneira.gal\/index.php\/2024\/11\/28\/o-bng-de-oia-continua-traballando-na-procurada-felicidade\/#primaryimage"},"image":{"@id":"https:\/\/www.anovapeneira.gal\/index.php\/2024\/11\/28\/o-bng-de-oia-continua-traballando-na-procurada-felicidade\/#primaryimage"},"thumbnailUrl":"https:\/\/www.anovapeneira.gal\/wp-content\/uploads\/2024\/08\/xuster_bng_oia.jpg","datePublished":"2024-11-28T09:00:23+00:00","breadcrumb":{"@id":"https:\/\/www.anovapeneira.gal\/index.php\/2024\/11\/28\/o-bng-de-oia-continua-traballando-na-procurada-felicidade\/#breadcrumb"},"inLanguage":"gl-ES","potentialAction":[{"@type":"ReadAction","target":["https:\/\/www.anovapeneira.gal\/index.php\/2024\/11\/28\/o-bng-de-oia-continua-traballando-na-procurada-felicidade\/"]}]},{"@type":"ImageObject","inLanguage":"gl-ES","@id":"https:\/\/www.anovapeneira.gal\/index.php\/2024\/11\/28\/o-bng-de-oia-continua-traballando-na-procurada-felicidade\/#primaryimage","url":"https:\/\/www.anovapeneira.gal\/wp-content\/uploads\/2024\/08\/xuster_bng_oia.jpg","contentUrl":"https:\/\/www.anovapeneira.gal\/wp-content\/uploads\/2024\/08\/xuster_bng_oia.jpg","width":720,"height":432,"caption":"Xose Ant\u00f3n Rodr\u00edguez \u201c Xuster\u201d voceiro do BNG de Oia"},{"@type":"BreadcrumbList","@id":"https:\/\/www.anovapeneira.gal\/index.php\/2024\/11\/28\/o-bng-de-oia-continua-traballando-na-procurada-felicidade\/#breadcrumb","itemListElement":[{"@type":"ListItem","position":1,"name":"Portada","item":"https:\/\/www.anovapeneira.gal\/"},{"@type":"ListItem","position":2,"name":"O BNG de Oia contin\u00faa traballando na procurada \u201cfelicidade\u201d"}]},{"@type":"WebSite","@id":"https:\/\/www.anovapeneira.gal\/#website","url":"https:\/\/www.anovapeneira.gal\/","name":"","description":"Xornal galego de informaci\u00f3n xeral Publicaci\u00f3n mensual de novas de Galicia e en especial dos Concellos da sur da provincia de Pontevedra.","publisher":{"@id":"https:\/\/www.anovapeneira.gal\/#organization"},"potentialAction":[{"@type":"SearchAction","target":{"@type":"EntryPoint","urlTemplate":"https:\/\/www.anovapeneira.gal\/?s={search_term_string}"},"query-input":{"@type":"PropertyValueSpecification","valueRequired":true,"valueName":"search_term_string"}}],"inLanguage":"gl-ES"},{"@type":"Organization","@id":"https:\/\/www.anovapeneira.gal\/#organization","name":"A Nova Peneira","url":"https:\/\/www.anovapeneira.gal\/","logo":{"@type":"ImageObject","inLanguage":"gl-ES","@id":"https:\/\/www.anovapeneira.gal\/#\/schema\/logo\/image\/","url":"http:\/\/www.anovapeneira.gal\/wp-content\/uploads\/2019\/06\/logo_a_nova_peneira_portal_web.png","contentUrl":"http:\/\/www.anovapeneira.gal\/wp-content\/uploads\/2019\/06\/logo_a_nova_peneira_portal_web.png","width":300,"height":100,"caption":"A Nova Peneira"},"image":{"@id":"https:\/\/www.anovapeneira.gal\/#\/schema\/logo\/image\/"},"sameAs":["https:\/\/www.facebook.com\/anovapeneira","https:\/\/x.com\/APeneira"]},{"@type":"Person","@id":"https:\/\/www.anovapeneira.gal\/#\/schema\/person\/fb77575328c93684dae4b0075f90c2cb","name":"admin","image":{"@type":"ImageObject","inLanguage":"gl-ES","@id":"https:\/\/secure.gravatar.com\/avatar\/df15c36ce375448325e0bc870e91bbee95947a002eb98dcfd6c2b053e18843e9?s=96&d=mm&r=g","url":"https:\/\/secure.gravatar.com\/avatar\/df15c36ce375448325e0bc870e91bbee95947a002eb98dcfd6c2b053e18843e9?s=96&d=mm&r=g","contentUrl":"https:\/\/secure.gravatar.com\/avatar\/df15c36ce375448325e0bc870e91bbee95947a002eb98dcfd6c2b053e18843e9?s=96&d=mm&r=g","caption":"admin"},"description":"Xornal galego de informaci\u00f3n xeral Publicaci\u00f3n mensual de novas de Galicia e en especial dos Concellos da sur da provincia de Pontevedra.","sameAs":["http:\/\/www.anovapeneira.gal\/","https:\/\/www.facebook.com\/anovapeneira\/"],"url":"https:\/\/www.anovapeneira.gal\/index.php\/author\/admin\/"}]}},"jetpack_featured_media_url":"https:\/\/www.anovapeneira.gal\/wp-content\/uploads\/2024\/08\/xuster_bng_oia.jpg","_links":{"self":[{"href":"https:\/\/www.anovapeneira.gal\/index.php\/wp-json\/wp\/v2\/posts\/12844","targetHints":{"allow":["GET"]}}],"collection":[{"href":"https:\/\/www.anovapeneira.gal\/index.php\/wp-json\/wp\/v2\/posts"}],"about":[{"href":"https:\/\/www.anovapeneira.gal\/index.php\/wp-json\/wp\/v2\/types\/post"}],"author":[{"embeddable":true,"href":"https:\/\/www.anovapeneira.gal\/index.php\/wp-json\/wp\/v2\/users\/1"}],"replies":[{"embeddable":true,"href":"https:\/\/www.anovapeneira.gal\/index.php\/wp-json\/wp\/v2\/comments?post=12844"}],"version-history":[{"count":2,"href":"https:\/\/www.anovapeneira.gal\/index.php\/wp-json\/wp\/v2\/posts\/12844\/revisions"}],"predecessor-version":[{"id":12846,"href":"https:\/\/www.anovapeneira.gal\/index.php\/wp-json\/wp\/v2\/posts\/12844\/revisions\/12846"}],"wp:featuredmedia":[{"embeddable":true,"href":"https:\/\/www.anovapeneira.gal\/index.php\/wp-json\/wp\/v2\/media\/12246"}],"wp:attachment":[{"href":"https:\/\/www.anovapeneira.gal\/index.php\/wp-json\/wp\/v2\/media?parent=12844"}],"wp:term":[{"taxonomy":"category","embeddable":true,"href":"https:\/\/www.anovapeneira.gal\/index.php\/wp-json\/wp\/v2\/categories?post=12844"},{"taxonomy":"post_tag","embeddable":true,"href":"https:\/\/www.anovapeneira.gal\/index.php\/wp-json\/wp\/v2\/tags?post=12844"}],"curies":[{"name":"wp","href":"https:\/\/api.w.org\/{rel}","templated":true}]}}