{"id":12859,"date":"2024-12-02T10:00:40","date_gmt":"2024-12-02T09:00:40","guid":{"rendered":"https:\/\/www.anovapeneira.gal\/?p=12859"},"modified":"2024-11-27T09:49:54","modified_gmt":"2024-11-27T08:49:54","slug":"nas-aulas-e-nas-ruas-contra-a-violencia-machista","status":"publish","type":"post","link":"https:\/\/www.anovapeneira.gal\/index.php\/2024\/12\/02\/nas-aulas-e-nas-ruas-contra-a-violencia-machista\/","title":{"rendered":"Nas aulas e nas r\u00faas, contra a violencia machista!"},"content":{"rendered":"\n<p>Un ano m\u00e1is, Erguer. Estudantes da Galiza impulsa a s\u00faa campa\u00f1a do 25 de novembro, reafirmando o seu compromiso coa loita contra a violencia machista e pola construci\u00f3n dun ensino feminista, igualitario e libre de violencias. Este ano, a organizaci\u00f3n chama \u00e1 mobilizaci\u00f3n baixo o lema \u201cNas r\u00faas e nas aulas, contra a violencia machista!\u201d, destacando a importancia de combater esta lacra desde todos os espazos, inclu\u00eddo o \u00e1mbito educativo.<\/p>\n\n\n\n<p>Erguer denuncia que o sistema educativo contin\u00faa a ser reflexo das desigualdades estruturais, presentando espazos inseguros para as estudantes. As aulas, lonxe de ofrecer protecci\u00f3n e igualdade, perpet\u00faan roles de x\u00e9nero que reforzan a opresi\u00f3n, a lgbtifobia e a invisibilizaci\u00f3n das mulleres trans. A falla de protocolos actualizados e efectivos agrava estas situaci\u00f3ns, o que fai m\u00e1is dif\u00edcil actuar fronte a agresi\u00f3ns machistas e outros tipos de violencia.<\/p>\n\n\n\n<p><strong>APOIO \u00c1S ESTUDANTES E DEMANDAS CONCRETAS<\/strong><\/p>\n\n\n\n<p>A campa\u00f1a de Erguer tam\u00e9n se centra en visibilizar como as redes sociais e as plataformas dixitais est\u00e1n a promover unha mercantilizaci\u00f3n dos corpos das mozas, convert\u00e9ndoos nun produto m\u00e1is. Erguer denuncia que o profesorado segue sen recibir formaci\u00f3n adecuada para identificar e actuar ante os fen\u00f3menos de acoso dixital, o cal reflicte a desconexi\u00f3n entre o sistema educativo e as necesidades reais da mocidade.<\/p>\n\n\n\n<p>Fronte a esta situaci\u00f3n, Erguer demanda:<\/p>\n\n\n\n<ul class=\"wp-block-list\">\n<li>A aplicaci\u00f3n transversal do principio de igualdade en todos os niveis do ensino.<\/li>\n\n\n\n<li>A ampliaci\u00f3n e renovaci\u00f3n dos protocolos de acoso e violencia de x\u00e9nero nos centros educativos.<\/li>\n\n\n\n<li>A dotaci\u00f3n de m\u00e1is recursos para formar ao profesorado en igualdade e prevenci\u00f3n de violencias.<\/li>\n<\/ul>\n\n\n\n<p><strong>CHAMAMENTO \u00c1 MOBILIZACI\u00d3N<\/strong><\/p>\n\n\n\n<p>Dende Erguer, ins\u00edstese en que a loita organizada desde o feminismo \u00e9 clave para avanzar cara a unha sociedade m\u00e1is xusta e igualitaria. Por iso, fan un chamamento \u00e1s estudantes de toda Galiza a participar nas mobilizaci\u00f3ns previstas para o 25 de novembro e sumar esforzos na loita por un ensino transfeminista e liberador. A participaci\u00f3n activa e a organizaci\u00f3n son os \u00fanicos cami\u00f1os para combater este problema estrutural.<\/p>\n\n\n\n<p>Erguer invita a todas as estudantes a sumarse \u00e1s acci\u00f3ns reivindicativas e acudir \u00e1s mobilizaci\u00f3ns en todas as cidades do pa\u00eds.<\/p>\n","protected":false},"excerpt":{"rendered":"<div class=\"mh-excerpt\"><p>Un ano m\u00e1is, Erguer. Estudantes da Galiza impulsa a s\u00faa campa\u00f1a do 25 de novembro, reafirmando o seu compromiso coa loita contra a violencia machista e pola construci\u00f3n dun ensino feminista, igualitario e libre de violencias <a class=\"mh-excerpt-more\" href=\"https:\/\/www.anovapeneira.gal\/index.php\/2024\/12\/02\/nas-aulas-e-nas-ruas-contra-a-violencia-machista\/\" title=\"Nas aulas e nas r\u00faas, contra a violencia machista!\">[&#8230;]<\/a><\/p>\n<\/div>","protected":false},"author":3,"featured_media":12860,"comment_status":"open","ping_status":"open","sticky":false,"template":"","format":"standard","meta":{"_exactmetrics_skip_tracking":false,"_exactmetrics_sitenote_active":false,"_exactmetrics_sitenote_note":"","_exactmetrics_sitenote_category":0,"footnotes":""},"categories":[263],"tags":[1435,1338],"class_list":{"0":"post-12859","1":"post","2":"type-post","3":"status-publish","4":"format-standard","5":"has-post-thumbnail","7":"category-novas","8":"tag-25n","9":"tag-erguer"},"yoast_head":"<!-- This site is optimized with the Yoast SEO plugin v27.4 - https:\/\/yoast.com\/product\/yoast-seo-wordpress\/ -->\n<title>Nas aulas e nas r\u00faas, contra a violencia machista! -<\/title>\n<meta name=\"robots\" content=\"index, follow, max-snippet:-1, max-image-preview:large, max-video-preview:-1\" \/>\n<link rel=\"canonical\" href=\"https:\/\/www.anovapeneira.gal\/index.php\/2024\/12\/02\/nas-aulas-e-nas-ruas-contra-a-violencia-machista\/\" \/>\n<meta property=\"og:locale\" content=\"gl_ES\" \/>\n<meta property=\"og:type\" content=\"article\" \/>\n<meta property=\"og:title\" content=\"Nas aulas e nas r\u00faas, contra a violencia machista! -\" \/>\n<meta property=\"og:description\" content=\"Un ano m\u00e1is, Erguer. Estudantes da Galiza impulsa a s\u00faa campa\u00f1a do 25 de novembro, reafirmando o seu compromiso coa loita contra a violencia machista e pola construci\u00f3n dun ensino feminista, igualitario e libre de violencias [...]\" \/>\n<meta property=\"og:url\" content=\"https:\/\/www.anovapeneira.gal\/index.php\/2024\/12\/02\/nas-aulas-e-nas-ruas-contra-a-violencia-machista\/\" \/>\n<meta property=\"article:publisher\" content=\"https:\/\/www.facebook.com\/anovapeneira\" \/>\n<meta property=\"article:published_time\" content=\"2024-12-02T09:00:40+00:00\" \/>\n<meta property=\"og:image\" content=\"https:\/\/www.anovapeneira.gal\/wp-content\/uploads\/2024\/11\/25N.jpg\" \/>\n\t<meta property=\"og:image:width\" content=\"1500\" \/>\n\t<meta property=\"og:image:height\" content=\"790\" \/>\n\t<meta property=\"og:image:type\" content=\"image\/jpeg\" \/>\n<meta name=\"author\" content=\"Redacci\u00f3n A Nova Peneira\" \/>\n<meta name=\"twitter:card\" content=\"summary_large_image\" \/>\n<meta name=\"twitter:creator\" content=\"@APeneira\" \/>\n<meta name=\"twitter:site\" content=\"@APeneira\" \/>\n<meta name=\"twitter:label1\" content=\"Escrito por\" \/>\n\t<meta name=\"twitter:data1\" content=\"Redacci\u00f3n A Nova Peneira\" \/>\n\t<meta name=\"twitter:label2\" content=\"Tempo de lectura\" \/>\n\t<meta name=\"twitter:data2\" content=\"3 minutos\" \/>\n<script type=\"application\/ld+json\" class=\"yoast-schema-graph\">{\"@context\":\"https:\\\/\\\/schema.org\",\"@graph\":[{\"@type\":\"Article\",\"@id\":\"https:\\\/\\\/www.anovapeneira.gal\\\/index.php\\\/2024\\\/12\\\/02\\\/nas-aulas-e-nas-ruas-contra-a-violencia-machista\\\/#article\",\"isPartOf\":{\"@id\":\"https:\\\/\\\/www.anovapeneira.gal\\\/index.php\\\/2024\\\/12\\\/02\\\/nas-aulas-e-nas-ruas-contra-a-violencia-machista\\\/\"},\"author\":{\"name\":\"Redacci\u00f3n A Nova Peneira\",\"@id\":\"https:\\\/\\\/www.anovapeneira.gal\\\/#\\\/schema\\\/person\\\/b93e3f8932e3f8da96334607eb6ac6aa\"},\"headline\":\"Nas aulas e nas r\u00faas, contra a violencia machista!\",\"datePublished\":\"2024-12-02T09:00:40+00:00\",\"mainEntityOfPage\":{\"@id\":\"https:\\\/\\\/www.anovapeneira.gal\\\/index.php\\\/2024\\\/12\\\/02\\\/nas-aulas-e-nas-ruas-contra-a-violencia-machista\\\/\"},\"wordCount\":401,\"commentCount\":0,\"publisher\":{\"@id\":\"https:\\\/\\\/www.anovapeneira.gal\\\/#organization\"},\"image\":{\"@id\":\"https:\\\/\\\/www.anovapeneira.gal\\\/index.php\\\/2024\\\/12\\\/02\\\/nas-aulas-e-nas-ruas-contra-a-violencia-machista\\\/#primaryimage\"},\"thumbnailUrl\":\"https:\\\/\\\/www.anovapeneira.gal\\\/wp-content\\\/uploads\\\/2024\\\/11\\\/25N.jpg\",\"keywords\":[\"25N\",\"Erguer\"],\"articleSection\":[\"Novas\"],\"inLanguage\":\"gl-ES\",\"potentialAction\":[{\"@type\":\"CommentAction\",\"name\":\"Comment\",\"target\":[\"https:\\\/\\\/www.anovapeneira.gal\\\/index.php\\\/2024\\\/12\\\/02\\\/nas-aulas-e-nas-ruas-contra-a-violencia-machista\\\/#respond\"]}]},{\"@type\":\"WebPage\",\"@id\":\"https:\\\/\\\/www.anovapeneira.gal\\\/index.php\\\/2024\\\/12\\\/02\\\/nas-aulas-e-nas-ruas-contra-a-violencia-machista\\\/\",\"url\":\"https:\\\/\\\/www.anovapeneira.gal\\\/index.php\\\/2024\\\/12\\\/02\\\/nas-aulas-e-nas-ruas-contra-a-violencia-machista\\\/\",\"name\":\"Nas aulas e nas r\u00faas, contra a violencia machista! -\",\"isPartOf\":{\"@id\":\"https:\\\/\\\/www.anovapeneira.gal\\\/#website\"},\"primaryImageOfPage\":{\"@id\":\"https:\\\/\\\/www.anovapeneira.gal\\\/index.php\\\/2024\\\/12\\\/02\\\/nas-aulas-e-nas-ruas-contra-a-violencia-machista\\\/#primaryimage\"},\"image\":{\"@id\":\"https:\\\/\\\/www.anovapeneira.gal\\\/index.php\\\/2024\\\/12\\\/02\\\/nas-aulas-e-nas-ruas-contra-a-violencia-machista\\\/#primaryimage\"},\"thumbnailUrl\":\"https:\\\/\\\/www.anovapeneira.gal\\\/wp-content\\\/uploads\\\/2024\\\/11\\\/25N.jpg\",\"datePublished\":\"2024-12-02T09:00:40+00:00\",\"breadcrumb\":{\"@id\":\"https:\\\/\\\/www.anovapeneira.gal\\\/index.php\\\/2024\\\/12\\\/02\\\/nas-aulas-e-nas-ruas-contra-a-violencia-machista\\\/#breadcrumb\"},\"inLanguage\":\"gl-ES\",\"potentialAction\":[{\"@type\":\"ReadAction\",\"target\":[\"https:\\\/\\\/www.anovapeneira.gal\\\/index.php\\\/2024\\\/12\\\/02\\\/nas-aulas-e-nas-ruas-contra-a-violencia-machista\\\/\"]}]},{\"@type\":\"ImageObject\",\"inLanguage\":\"gl-ES\",\"@id\":\"https:\\\/\\\/www.anovapeneira.gal\\\/index.php\\\/2024\\\/12\\\/02\\\/nas-aulas-e-nas-ruas-contra-a-violencia-machista\\\/#primaryimage\",\"url\":\"https:\\\/\\\/www.anovapeneira.gal\\\/wp-content\\\/uploads\\\/2024\\\/11\\\/25N.jpg\",\"contentUrl\":\"https:\\\/\\\/www.anovapeneira.gal\\\/wp-content\\\/uploads\\\/2024\\\/11\\\/25N.jpg\",\"width\":1500,\"height\":790,\"caption\":\"25N Erguer\"},{\"@type\":\"BreadcrumbList\",\"@id\":\"https:\\\/\\\/www.anovapeneira.gal\\\/index.php\\\/2024\\\/12\\\/02\\\/nas-aulas-e-nas-ruas-contra-a-violencia-machista\\\/#breadcrumb\",\"itemListElement\":[{\"@type\":\"ListItem\",\"position\":1,\"name\":\"Portada\",\"item\":\"https:\\\/\\\/www.anovapeneira.gal\\\/\"},{\"@type\":\"ListItem\",\"position\":2,\"name\":\"Nas aulas e nas r\u00faas, contra a violencia machista!\"}]},{\"@type\":\"WebSite\",\"@id\":\"https:\\\/\\\/www.anovapeneira.gal\\\/#website\",\"url\":\"https:\\\/\\\/www.anovapeneira.gal\\\/\",\"name\":\"\",\"description\":\"Xornal galego de informaci\u00f3n xeral Publicaci\u00f3n mensual de novas de Galicia e en especial dos Concellos da sur da provincia de Pontevedra.\",\"publisher\":{\"@id\":\"https:\\\/\\\/www.anovapeneira.gal\\\/#organization\"},\"potentialAction\":[{\"@type\":\"SearchAction\",\"target\":{\"@type\":\"EntryPoint\",\"urlTemplate\":\"https:\\\/\\\/www.anovapeneira.gal\\\/?s={search_term_string}\"},\"query-input\":{\"@type\":\"PropertyValueSpecification\",\"valueRequired\":true,\"valueName\":\"search_term_string\"}}],\"inLanguage\":\"gl-ES\"},{\"@type\":\"Organization\",\"@id\":\"https:\\\/\\\/www.anovapeneira.gal\\\/#organization\",\"name\":\"A Nova Peneira\",\"url\":\"https:\\\/\\\/www.anovapeneira.gal\\\/\",\"logo\":{\"@type\":\"ImageObject\",\"inLanguage\":\"gl-ES\",\"@id\":\"https:\\\/\\\/www.anovapeneira.gal\\\/#\\\/schema\\\/logo\\\/image\\\/\",\"url\":\"http:\\\/\\\/www.anovapeneira.gal\\\/wp-content\\\/uploads\\\/2019\\\/06\\\/logo_a_nova_peneira_portal_web.png\",\"contentUrl\":\"http:\\\/\\\/www.anovapeneira.gal\\\/wp-content\\\/uploads\\\/2019\\\/06\\\/logo_a_nova_peneira_portal_web.png\",\"width\":300,\"height\":100,\"caption\":\"A Nova Peneira\"},\"image\":{\"@id\":\"https:\\\/\\\/www.anovapeneira.gal\\\/#\\\/schema\\\/logo\\\/image\\\/\"},\"sameAs\":[\"https:\\\/\\\/www.facebook.com\\\/anovapeneira\",\"https:\\\/\\\/x.com\\\/APeneira\"]},{\"@type\":\"Person\",\"@id\":\"https:\\\/\\\/www.anovapeneira.gal\\\/#\\\/schema\\\/person\\\/b93e3f8932e3f8da96334607eb6ac6aa\",\"name\":\"Redacci\u00f3n A Nova Peneira\",\"image\":{\"@type\":\"ImageObject\",\"inLanguage\":\"gl-ES\",\"@id\":\"https:\\\/\\\/secure.gravatar.com\\\/avatar\\\/c052a2551a06e23fac63626232eaa90abd78dbcf1700fc46a2b2c89fd27b735f?s=96&d=mm&r=g\",\"url\":\"https:\\\/\\\/secure.gravatar.com\\\/avatar\\\/c052a2551a06e23fac63626232eaa90abd78dbcf1700fc46a2b2c89fd27b735f?s=96&d=mm&r=g\",\"contentUrl\":\"https:\\\/\\\/secure.gravatar.com\\\/avatar\\\/c052a2551a06e23fac63626232eaa90abd78dbcf1700fc46a2b2c89fd27b735f?s=96&d=mm&r=g\",\"caption\":\"Redacci\u00f3n A Nova Peneira\"},\"sameAs\":[\"http:\\\/\\\/www.anovapeneira.gal\\\/\"],\"url\":\"https:\\\/\\\/www.anovapeneira.gal\\\/index.php\\\/author\\\/redactor\\\/\"}]}<\/script>\n<!-- \/ Yoast SEO plugin. -->","yoast_head_json":{"title":"Nas aulas e nas r\u00faas, contra a violencia machista! -","robots":{"index":"index","follow":"follow","max-snippet":"max-snippet:-1","max-image-preview":"max-image-preview:large","max-video-preview":"max-video-preview:-1"},"canonical":"https:\/\/www.anovapeneira.gal\/index.php\/2024\/12\/02\/nas-aulas-e-nas-ruas-contra-a-violencia-machista\/","og_locale":"gl_ES","og_type":"article","og_title":"Nas aulas e nas r\u00faas, contra a violencia machista! -","og_description":"Un ano m\u00e1is, Erguer. Estudantes da Galiza impulsa a s\u00faa campa\u00f1a do 25 de novembro, reafirmando o seu compromiso coa loita contra a violencia machista e pola construci\u00f3n dun ensino feminista, igualitario e libre de violencias [...]","og_url":"https:\/\/www.anovapeneira.gal\/index.php\/2024\/12\/02\/nas-aulas-e-nas-ruas-contra-a-violencia-machista\/","article_publisher":"https:\/\/www.facebook.com\/anovapeneira","article_published_time":"2024-12-02T09:00:40+00:00","og_image":[{"width":1500,"height":790,"url":"https:\/\/www.anovapeneira.gal\/wp-content\/uploads\/2024\/11\/25N.jpg","type":"image\/jpeg"}],"author":"Redacci\u00f3n A Nova Peneira","twitter_card":"summary_large_image","twitter_creator":"@APeneira","twitter_site":"@APeneira","twitter_misc":{"Escrito por":"Redacci\u00f3n A Nova Peneira","Tempo de lectura":"3 minutos"},"schema":{"@context":"https:\/\/schema.org","@graph":[{"@type":"Article","@id":"https:\/\/www.anovapeneira.gal\/index.php\/2024\/12\/02\/nas-aulas-e-nas-ruas-contra-a-violencia-machista\/#article","isPartOf":{"@id":"https:\/\/www.anovapeneira.gal\/index.php\/2024\/12\/02\/nas-aulas-e-nas-ruas-contra-a-violencia-machista\/"},"author":{"name":"Redacci\u00f3n A Nova Peneira","@id":"https:\/\/www.anovapeneira.gal\/#\/schema\/person\/b93e3f8932e3f8da96334607eb6ac6aa"},"headline":"Nas aulas e nas r\u00faas, contra a violencia machista!","datePublished":"2024-12-02T09:00:40+00:00","mainEntityOfPage":{"@id":"https:\/\/www.anovapeneira.gal\/index.php\/2024\/12\/02\/nas-aulas-e-nas-ruas-contra-a-violencia-machista\/"},"wordCount":401,"commentCount":0,"publisher":{"@id":"https:\/\/www.anovapeneira.gal\/#organization"},"image":{"@id":"https:\/\/www.anovapeneira.gal\/index.php\/2024\/12\/02\/nas-aulas-e-nas-ruas-contra-a-violencia-machista\/#primaryimage"},"thumbnailUrl":"https:\/\/www.anovapeneira.gal\/wp-content\/uploads\/2024\/11\/25N.jpg","keywords":["25N","Erguer"],"articleSection":["Novas"],"inLanguage":"gl-ES","potentialAction":[{"@type":"CommentAction","name":"Comment","target":["https:\/\/www.anovapeneira.gal\/index.php\/2024\/12\/02\/nas-aulas-e-nas-ruas-contra-a-violencia-machista\/#respond"]}]},{"@type":"WebPage","@id":"https:\/\/www.anovapeneira.gal\/index.php\/2024\/12\/02\/nas-aulas-e-nas-ruas-contra-a-violencia-machista\/","url":"https:\/\/www.anovapeneira.gal\/index.php\/2024\/12\/02\/nas-aulas-e-nas-ruas-contra-a-violencia-machista\/","name":"Nas aulas e nas r\u00faas, contra a violencia machista! -","isPartOf":{"@id":"https:\/\/www.anovapeneira.gal\/#website"},"primaryImageOfPage":{"@id":"https:\/\/www.anovapeneira.gal\/index.php\/2024\/12\/02\/nas-aulas-e-nas-ruas-contra-a-violencia-machista\/#primaryimage"},"image":{"@id":"https:\/\/www.anovapeneira.gal\/index.php\/2024\/12\/02\/nas-aulas-e-nas-ruas-contra-a-violencia-machista\/#primaryimage"},"thumbnailUrl":"https:\/\/www.anovapeneira.gal\/wp-content\/uploads\/2024\/11\/25N.jpg","datePublished":"2024-12-02T09:00:40+00:00","breadcrumb":{"@id":"https:\/\/www.anovapeneira.gal\/index.php\/2024\/12\/02\/nas-aulas-e-nas-ruas-contra-a-violencia-machista\/#breadcrumb"},"inLanguage":"gl-ES","potentialAction":[{"@type":"ReadAction","target":["https:\/\/www.anovapeneira.gal\/index.php\/2024\/12\/02\/nas-aulas-e-nas-ruas-contra-a-violencia-machista\/"]}]},{"@type":"ImageObject","inLanguage":"gl-ES","@id":"https:\/\/www.anovapeneira.gal\/index.php\/2024\/12\/02\/nas-aulas-e-nas-ruas-contra-a-violencia-machista\/#primaryimage","url":"https:\/\/www.anovapeneira.gal\/wp-content\/uploads\/2024\/11\/25N.jpg","contentUrl":"https:\/\/www.anovapeneira.gal\/wp-content\/uploads\/2024\/11\/25N.jpg","width":1500,"height":790,"caption":"25N Erguer"},{"@type":"BreadcrumbList","@id":"https:\/\/www.anovapeneira.gal\/index.php\/2024\/12\/02\/nas-aulas-e-nas-ruas-contra-a-violencia-machista\/#breadcrumb","itemListElement":[{"@type":"ListItem","position":1,"name":"Portada","item":"https:\/\/www.anovapeneira.gal\/"},{"@type":"ListItem","position":2,"name":"Nas aulas e nas r\u00faas, contra a violencia machista!"}]},{"@type":"WebSite","@id":"https:\/\/www.anovapeneira.gal\/#website","url":"https:\/\/www.anovapeneira.gal\/","name":"","description":"Xornal galego de informaci\u00f3n xeral Publicaci\u00f3n mensual de novas de Galicia e en especial dos Concellos da sur da provincia de Pontevedra.","publisher":{"@id":"https:\/\/www.anovapeneira.gal\/#organization"},"potentialAction":[{"@type":"SearchAction","target":{"@type":"EntryPoint","urlTemplate":"https:\/\/www.anovapeneira.gal\/?s={search_term_string}"},"query-input":{"@type":"PropertyValueSpecification","valueRequired":true,"valueName":"search_term_string"}}],"inLanguage":"gl-ES"},{"@type":"Organization","@id":"https:\/\/www.anovapeneira.gal\/#organization","name":"A Nova Peneira","url":"https:\/\/www.anovapeneira.gal\/","logo":{"@type":"ImageObject","inLanguage":"gl-ES","@id":"https:\/\/www.anovapeneira.gal\/#\/schema\/logo\/image\/","url":"http:\/\/www.anovapeneira.gal\/wp-content\/uploads\/2019\/06\/logo_a_nova_peneira_portal_web.png","contentUrl":"http:\/\/www.anovapeneira.gal\/wp-content\/uploads\/2019\/06\/logo_a_nova_peneira_portal_web.png","width":300,"height":100,"caption":"A Nova Peneira"},"image":{"@id":"https:\/\/www.anovapeneira.gal\/#\/schema\/logo\/image\/"},"sameAs":["https:\/\/www.facebook.com\/anovapeneira","https:\/\/x.com\/APeneira"]},{"@type":"Person","@id":"https:\/\/www.anovapeneira.gal\/#\/schema\/person\/b93e3f8932e3f8da96334607eb6ac6aa","name":"Redacci\u00f3n A Nova Peneira","image":{"@type":"ImageObject","inLanguage":"gl-ES","@id":"https:\/\/secure.gravatar.com\/avatar\/c052a2551a06e23fac63626232eaa90abd78dbcf1700fc46a2b2c89fd27b735f?s=96&d=mm&r=g","url":"https:\/\/secure.gravatar.com\/avatar\/c052a2551a06e23fac63626232eaa90abd78dbcf1700fc46a2b2c89fd27b735f?s=96&d=mm&r=g","contentUrl":"https:\/\/secure.gravatar.com\/avatar\/c052a2551a06e23fac63626232eaa90abd78dbcf1700fc46a2b2c89fd27b735f?s=96&d=mm&r=g","caption":"Redacci\u00f3n A Nova Peneira"},"sameAs":["http:\/\/www.anovapeneira.gal\/"],"url":"https:\/\/www.anovapeneira.gal\/index.php\/author\/redactor\/"}]}},"jetpack_featured_media_url":"https:\/\/www.anovapeneira.gal\/wp-content\/uploads\/2024\/11\/25N.jpg","_links":{"self":[{"href":"https:\/\/www.anovapeneira.gal\/index.php\/wp-json\/wp\/v2\/posts\/12859","targetHints":{"allow":["GET"]}}],"collection":[{"href":"https:\/\/www.anovapeneira.gal\/index.php\/wp-json\/wp\/v2\/posts"}],"about":[{"href":"https:\/\/www.anovapeneira.gal\/index.php\/wp-json\/wp\/v2\/types\/post"}],"author":[{"embeddable":true,"href":"https:\/\/www.anovapeneira.gal\/index.php\/wp-json\/wp\/v2\/users\/3"}],"replies":[{"embeddable":true,"href":"https:\/\/www.anovapeneira.gal\/index.php\/wp-json\/wp\/v2\/comments?post=12859"}],"version-history":[{"count":1,"href":"https:\/\/www.anovapeneira.gal\/index.php\/wp-json\/wp\/v2\/posts\/12859\/revisions"}],"predecessor-version":[{"id":12861,"href":"https:\/\/www.anovapeneira.gal\/index.php\/wp-json\/wp\/v2\/posts\/12859\/revisions\/12861"}],"wp:featuredmedia":[{"embeddable":true,"href":"https:\/\/www.anovapeneira.gal\/index.php\/wp-json\/wp\/v2\/media\/12860"}],"wp:attachment":[{"href":"https:\/\/www.anovapeneira.gal\/index.php\/wp-json\/wp\/v2\/media?parent=12859"}],"wp:term":[{"taxonomy":"category","embeddable":true,"href":"https:\/\/www.anovapeneira.gal\/index.php\/wp-json\/wp\/v2\/categories?post=12859"},{"taxonomy":"post_tag","embeddable":true,"href":"https:\/\/www.anovapeneira.gal\/index.php\/wp-json\/wp\/v2\/tags?post=12859"}],"curies":[{"name":"wp","href":"https:\/\/api.w.org\/{rel}","templated":true}]}}