{"id":12863,"date":"2024-12-02T12:00:39","date_gmt":"2024-12-02T11:00:39","guid":{"rendered":"https:\/\/www.anovapeneira.gal\/?p=12863"},"modified":"2024-11-27T09:54:12","modified_gmt":"2024-11-27T08:54:12","slug":"unha-asamblea-aberta-de-miles-de-persoas-convoca-a-toda-a-sociedade-galega-a-xuntarse-polo-galego-o-23-de-febreiro-de-2025-na-na-praza-do-obradoiro","status":"publish","type":"post","link":"https:\/\/www.anovapeneira.gal\/index.php\/2024\/12\/02\/unha-asamblea-aberta-de-miles-de-persoas-convoca-a-toda-a-sociedade-galega-a-xuntarse-polo-galego-o-23-de-febreiro-de-2025-na-na-praza-do-obradoiro\/","title":{"rendered":"Unha \u201casamblea aberta\u201d de miles de persoas convoca a toda a sociedade galega a xuntarse polo galego o 23 de febreiro de 2025 na na Praza do Obradoiro"},"content":{"rendered":"\n<p>Miles de representantes de organizaci\u00f3ns pol\u00edticas, sindicais, sociais, deportivas, culturais, veci\u00f1ais, colexios profisionais de todo o pa\u00eds participaron esta ma\u00f1\u00e1 na praza de Quintana de Santiago de Compostela nunha multitudinaria \u201casamblea aberta\u201d&nbsp; que culminou coa convocatoria dunha grande mobilizaci\u00f3n social o 23 de febreiro de 2025, na Praza do Obradoiro.<\/p>\n\n\n\n<p>As entidades representadas neste encontro multitudinario aprobaron, tam\u00e9n, reactivar a organizaci\u00f3n da plataforma Queremos Galego coa convocatoria de plenarios en todas as comarcas de Galiza e manter o seu \u201ccompromiso inquebrant\u00e1bel\u201d co idioma, coa acci\u00f3n para repo\u00f1elo en todos os espazos onde est\u00e1 exclu\u00eddo.<\/p>\n\n\n\n<p>O encontro, que concluiu coa actuaci\u00f3n das Tanxugueiras, comezou coa reflexi\u00f3n do presidente da Mesa e voceiro de Queremos Galego, Marcos Maceira, sobre que \u201cos datos de uso e co\u00f1ecemento do galego que ofrece o IGE evidencian o estado de emerxencia ling\u00fc\u00edstica extrema ao que chegamos\u201d, mais tam\u00e9n que \u201ccada vez que a sociedade galega se activou pola s\u00faa lingua conseguiu frear a perda de falantes\u201d.<\/p>\n\n\n\n<p>\u201cNon podemos ter ningunha confianza\u201d, lamentou Maceira, nun goberno da Xunta que leva 15 anos actuando contra acordos alcanzados por unanimidade e que contaron con grande participaci\u00f3n social e ao que lle parece excesivo o 1% de galego nas platformas de TV, xustiza, ou xoguetes, ou que ademais de prohibir nalgunhas materias o uso da nosa lingua fomenta nas outras o uso de materiais did\u00e1cticos que non te\u00f1en nada de galego\u201d. \u201cUn goberno de Xunta\u201d, lamentou, \u201cque fala de pacto pola lingua mais non s\u00f3 non contestou as solicitudes de encontro, sen\u00f3n que xa est\u00e1 a propor o uso do castel\u00e1n na TVG e a eliminaci\u00f3n do dereito \u00e1 atenci\u00f3n en galego permitindo o seu desco\u00f1ecemento polo funcionariado interino\u201d.<\/p>\n\n\n\n<p>\u201cSi cremos que coa implicaci\u00f3n da sociedade \u00e9 pos\u00edbel reverter a situaci\u00f3n do galego\u201d, afirmou finalmente Maceira. \u201cComezar a facelo \u00e9 o que pretendemos con esta convocatoria que ser\u00e1 a grande asemblea que dar\u00e1 comezo a unha serie de iniciativas a nivel local, comarcal e nacionla, para darlle un novo pulo ao galego\u201d, rematou.<\/p>\n","protected":false},"excerpt":{"rendered":"<div class=\"mh-excerpt\"><p>Miles de representantes de organizaci\u00f3ns pol\u00edticas, sindicais, sociais, deportivas, culturais, veci\u00f1ais, colexios profisionais de todo o pa\u00eds participaron esta ma\u00f1\u00e1 na praza de Quintana de Santiago de Compostela <a class=\"mh-excerpt-more\" href=\"https:\/\/www.anovapeneira.gal\/index.php\/2024\/12\/02\/unha-asamblea-aberta-de-miles-de-persoas-convoca-a-toda-a-sociedade-galega-a-xuntarse-polo-galego-o-23-de-febreiro-de-2025-na-na-praza-do-obradoiro\/\" title=\"Unha \u201casamblea aberta\u201d de miles de persoas convoca a toda a sociedade galega a xuntarse polo galego o 23 de febreiro de 2025 na na Praza do Obradoiro\">[&#8230;]<\/a><\/p>\n<\/div>","protected":false},"author":1,"featured_media":12864,"comment_status":"open","ping_status":"open","sticky":false,"template":"","format":"standard","meta":{"_exactmetrics_skip_tracking":false,"_exactmetrics_sitenote_active":false,"_exactmetrics_sitenote_note":"","_exactmetrics_sitenote_category":0,"footnotes":""},"categories":[263],"tags":[1436],"class_list":{"0":"post-12863","1":"post","2":"type-post","3":"status-publish","4":"format-standard","5":"has-post-thumbnail","7":"category-novas","8":"tag-asamblea-aberta"},"yoast_head":"<!-- This site is optimized with the Yoast SEO plugin v27.4 - https:\/\/yoast.com\/product\/yoast-seo-wordpress\/ -->\n<title>Unha \u201casamblea aberta\u201d de miles de persoas convoca a toda a sociedade galega a xuntarse polo galego o 23 de febreiro de 2025 na na Praza do Obradoiro -<\/title>\n<meta name=\"robots\" content=\"index, follow, max-snippet:-1, max-image-preview:large, max-video-preview:-1\" \/>\n<link rel=\"canonical\" href=\"https:\/\/www.anovapeneira.gal\/index.php\/2024\/12\/02\/unha-asamblea-aberta-de-miles-de-persoas-convoca-a-toda-a-sociedade-galega-a-xuntarse-polo-galego-o-23-de-febreiro-de-2025-na-na-praza-do-obradoiro\/\" \/>\n<meta property=\"og:locale\" content=\"gl_ES\" \/>\n<meta property=\"og:type\" content=\"article\" \/>\n<meta property=\"og:title\" content=\"Unha \u201casamblea aberta\u201d de miles de persoas convoca a toda a sociedade galega a xuntarse polo galego o 23 de febreiro de 2025 na na Praza do Obradoiro -\" \/>\n<meta property=\"og:description\" content=\"Miles de representantes de organizaci\u00f3ns pol\u00edticas, sindicais, sociais, deportivas, culturais, veci\u00f1ais, colexios profisionais de todo o pa\u00eds participaron esta ma\u00f1\u00e1 na praza de Quintana de Santiago de Compostela [...]\" \/>\n<meta property=\"og:url\" content=\"https:\/\/www.anovapeneira.gal\/index.php\/2024\/12\/02\/unha-asamblea-aberta-de-miles-de-persoas-convoca-a-toda-a-sociedade-galega-a-xuntarse-polo-galego-o-23-de-febreiro-de-2025-na-na-praza-do-obradoiro\/\" \/>\n<meta property=\"article:publisher\" content=\"https:\/\/www.facebook.com\/anovapeneira\" \/>\n<meta property=\"article:author\" content=\"https:\/\/www.facebook.com\/anovapeneira\/\" \/>\n<meta property=\"article:published_time\" content=\"2024-12-02T11:00:39+00:00\" \/>\n<meta property=\"og:image\" content=\"https:\/\/www.anovapeneira.gal\/wp-content\/uploads\/2024\/11\/Asamblea-aberta-na-Quintana_Eva-Fernandez-Prieto.jpg\" \/>\n\t<meta property=\"og:image:width\" content=\"1500\" \/>\n\t<meta property=\"og:image:height\" content=\"790\" \/>\n\t<meta property=\"og:image:type\" content=\"image\/jpeg\" \/>\n<meta name=\"author\" content=\"admin\" \/>\n<meta name=\"twitter:card\" content=\"summary_large_image\" \/>\n<meta name=\"twitter:creator\" content=\"@APeneira\" \/>\n<meta name=\"twitter:site\" content=\"@APeneira\" \/>\n<meta name=\"twitter:label1\" content=\"Escrito por\" \/>\n\t<meta name=\"twitter:data1\" content=\"admin\" \/>\n\t<meta name=\"twitter:label2\" content=\"Tempo de lectura\" \/>\n\t<meta name=\"twitter:data2\" content=\"3 minutos\" \/>\n<script type=\"application\/ld+json\" class=\"yoast-schema-graph\">{\"@context\":\"https:\\\/\\\/schema.org\",\"@graph\":[{\"@type\":\"Article\",\"@id\":\"https:\\\/\\\/www.anovapeneira.gal\\\/index.php\\\/2024\\\/12\\\/02\\\/unha-asamblea-aberta-de-miles-de-persoas-convoca-a-toda-a-sociedade-galega-a-xuntarse-polo-galego-o-23-de-febreiro-de-2025-na-na-praza-do-obradoiro\\\/#article\",\"isPartOf\":{\"@id\":\"https:\\\/\\\/www.anovapeneira.gal\\\/index.php\\\/2024\\\/12\\\/02\\\/unha-asamblea-aberta-de-miles-de-persoas-convoca-a-toda-a-sociedade-galega-a-xuntarse-polo-galego-o-23-de-febreiro-de-2025-na-na-praza-do-obradoiro\\\/\"},\"author\":{\"name\":\"admin\",\"@id\":\"https:\\\/\\\/www.anovapeneira.gal\\\/#\\\/schema\\\/person\\\/fb77575328c93684dae4b0075f90c2cb\"},\"headline\":\"Unha \u201casamblea aberta\u201d de miles de persoas convoca a toda a sociedade galega a xuntarse polo galego o 23 de febreiro de 2025 na na Praza do Obradoiro\",\"datePublished\":\"2024-12-02T11:00:39+00:00\",\"mainEntityOfPage\":{\"@id\":\"https:\\\/\\\/www.anovapeneira.gal\\\/index.php\\\/2024\\\/12\\\/02\\\/unha-asamblea-aberta-de-miles-de-persoas-convoca-a-toda-a-sociedade-galega-a-xuntarse-polo-galego-o-23-de-febreiro-de-2025-na-na-praza-do-obradoiro\\\/\"},\"wordCount\":381,\"commentCount\":0,\"publisher\":{\"@id\":\"https:\\\/\\\/www.anovapeneira.gal\\\/#organization\"},\"image\":{\"@id\":\"https:\\\/\\\/www.anovapeneira.gal\\\/index.php\\\/2024\\\/12\\\/02\\\/unha-asamblea-aberta-de-miles-de-persoas-convoca-a-toda-a-sociedade-galega-a-xuntarse-polo-galego-o-23-de-febreiro-de-2025-na-na-praza-do-obradoiro\\\/#primaryimage\"},\"thumbnailUrl\":\"https:\\\/\\\/www.anovapeneira.gal\\\/wp-content\\\/uploads\\\/2024\\\/11\\\/Asamblea-aberta-na-Quintana_Eva-Fernandez-Prieto.jpg\",\"keywords\":[\"Asamblea aberta\"],\"articleSection\":[\"Novas\"],\"inLanguage\":\"gl-ES\",\"potentialAction\":[{\"@type\":\"CommentAction\",\"name\":\"Comment\",\"target\":[\"https:\\\/\\\/www.anovapeneira.gal\\\/index.php\\\/2024\\\/12\\\/02\\\/unha-asamblea-aberta-de-miles-de-persoas-convoca-a-toda-a-sociedade-galega-a-xuntarse-polo-galego-o-23-de-febreiro-de-2025-na-na-praza-do-obradoiro\\\/#respond\"]}]},{\"@type\":\"WebPage\",\"@id\":\"https:\\\/\\\/www.anovapeneira.gal\\\/index.php\\\/2024\\\/12\\\/02\\\/unha-asamblea-aberta-de-miles-de-persoas-convoca-a-toda-a-sociedade-galega-a-xuntarse-polo-galego-o-23-de-febreiro-de-2025-na-na-praza-do-obradoiro\\\/\",\"url\":\"https:\\\/\\\/www.anovapeneira.gal\\\/index.php\\\/2024\\\/12\\\/02\\\/unha-asamblea-aberta-de-miles-de-persoas-convoca-a-toda-a-sociedade-galega-a-xuntarse-polo-galego-o-23-de-febreiro-de-2025-na-na-praza-do-obradoiro\\\/\",\"name\":\"Unha \u201casamblea aberta\u201d de miles de persoas convoca a toda a sociedade galega a xuntarse polo galego o 23 de febreiro de 2025 na na Praza do Obradoiro -\",\"isPartOf\":{\"@id\":\"https:\\\/\\\/www.anovapeneira.gal\\\/#website\"},\"primaryImageOfPage\":{\"@id\":\"https:\\\/\\\/www.anovapeneira.gal\\\/index.php\\\/2024\\\/12\\\/02\\\/unha-asamblea-aberta-de-miles-de-persoas-convoca-a-toda-a-sociedade-galega-a-xuntarse-polo-galego-o-23-de-febreiro-de-2025-na-na-praza-do-obradoiro\\\/#primaryimage\"},\"image\":{\"@id\":\"https:\\\/\\\/www.anovapeneira.gal\\\/index.php\\\/2024\\\/12\\\/02\\\/unha-asamblea-aberta-de-miles-de-persoas-convoca-a-toda-a-sociedade-galega-a-xuntarse-polo-galego-o-23-de-febreiro-de-2025-na-na-praza-do-obradoiro\\\/#primaryimage\"},\"thumbnailUrl\":\"https:\\\/\\\/www.anovapeneira.gal\\\/wp-content\\\/uploads\\\/2024\\\/11\\\/Asamblea-aberta-na-Quintana_Eva-Fernandez-Prieto.jpg\",\"datePublished\":\"2024-12-02T11:00:39+00:00\",\"breadcrumb\":{\"@id\":\"https:\\\/\\\/www.anovapeneira.gal\\\/index.php\\\/2024\\\/12\\\/02\\\/unha-asamblea-aberta-de-miles-de-persoas-convoca-a-toda-a-sociedade-galega-a-xuntarse-polo-galego-o-23-de-febreiro-de-2025-na-na-praza-do-obradoiro\\\/#breadcrumb\"},\"inLanguage\":\"gl-ES\",\"potentialAction\":[{\"@type\":\"ReadAction\",\"target\":[\"https:\\\/\\\/www.anovapeneira.gal\\\/index.php\\\/2024\\\/12\\\/02\\\/unha-asamblea-aberta-de-miles-de-persoas-convoca-a-toda-a-sociedade-galega-a-xuntarse-polo-galego-o-23-de-febreiro-de-2025-na-na-praza-do-obradoiro\\\/\"]}]},{\"@type\":\"ImageObject\",\"inLanguage\":\"gl-ES\",\"@id\":\"https:\\\/\\\/www.anovapeneira.gal\\\/index.php\\\/2024\\\/12\\\/02\\\/unha-asamblea-aberta-de-miles-de-persoas-convoca-a-toda-a-sociedade-galega-a-xuntarse-polo-galego-o-23-de-febreiro-de-2025-na-na-praza-do-obradoiro\\\/#primaryimage\",\"url\":\"https:\\\/\\\/www.anovapeneira.gal\\\/wp-content\\\/uploads\\\/2024\\\/11\\\/Asamblea-aberta-na-Quintana_Eva-Fernandez-Prieto.jpg\",\"contentUrl\":\"https:\\\/\\\/www.anovapeneira.gal\\\/wp-content\\\/uploads\\\/2024\\\/11\\\/Asamblea-aberta-na-Quintana_Eva-Fernandez-Prieto.jpg\",\"width\":1500,\"height\":790,\"caption\":\"asamblea aberta\"},{\"@type\":\"BreadcrumbList\",\"@id\":\"https:\\\/\\\/www.anovapeneira.gal\\\/index.php\\\/2024\\\/12\\\/02\\\/unha-asamblea-aberta-de-miles-de-persoas-convoca-a-toda-a-sociedade-galega-a-xuntarse-polo-galego-o-23-de-febreiro-de-2025-na-na-praza-do-obradoiro\\\/#breadcrumb\",\"itemListElement\":[{\"@type\":\"ListItem\",\"position\":1,\"name\":\"Portada\",\"item\":\"https:\\\/\\\/www.anovapeneira.gal\\\/\"},{\"@type\":\"ListItem\",\"position\":2,\"name\":\"Unha \u201casamblea aberta\u201d de miles de persoas convoca a toda a sociedade galega a xuntarse polo galego o 23 de febreiro de 2025 na na Praza do Obradoiro\"}]},{\"@type\":\"WebSite\",\"@id\":\"https:\\\/\\\/www.anovapeneira.gal\\\/#website\",\"url\":\"https:\\\/\\\/www.anovapeneira.gal\\\/\",\"name\":\"\",\"description\":\"Xornal galego de informaci\u00f3n xeral Publicaci\u00f3n mensual de novas de Galicia e en especial dos Concellos da sur da provincia de Pontevedra.\",\"publisher\":{\"@id\":\"https:\\\/\\\/www.anovapeneira.gal\\\/#organization\"},\"potentialAction\":[{\"@type\":\"SearchAction\",\"target\":{\"@type\":\"EntryPoint\",\"urlTemplate\":\"https:\\\/\\\/www.anovapeneira.gal\\\/?s={search_term_string}\"},\"query-input\":{\"@type\":\"PropertyValueSpecification\",\"valueRequired\":true,\"valueName\":\"search_term_string\"}}],\"inLanguage\":\"gl-ES\"},{\"@type\":\"Organization\",\"@id\":\"https:\\\/\\\/www.anovapeneira.gal\\\/#organization\",\"name\":\"A Nova Peneira\",\"url\":\"https:\\\/\\\/www.anovapeneira.gal\\\/\",\"logo\":{\"@type\":\"ImageObject\",\"inLanguage\":\"gl-ES\",\"@id\":\"https:\\\/\\\/www.anovapeneira.gal\\\/#\\\/schema\\\/logo\\\/image\\\/\",\"url\":\"http:\\\/\\\/www.anovapeneira.gal\\\/wp-content\\\/uploads\\\/2019\\\/06\\\/logo_a_nova_peneira_portal_web.png\",\"contentUrl\":\"http:\\\/\\\/www.anovapeneira.gal\\\/wp-content\\\/uploads\\\/2019\\\/06\\\/logo_a_nova_peneira_portal_web.png\",\"width\":300,\"height\":100,\"caption\":\"A Nova Peneira\"},\"image\":{\"@id\":\"https:\\\/\\\/www.anovapeneira.gal\\\/#\\\/schema\\\/logo\\\/image\\\/\"},\"sameAs\":[\"https:\\\/\\\/www.facebook.com\\\/anovapeneira\",\"https:\\\/\\\/x.com\\\/APeneira\"]},{\"@type\":\"Person\",\"@id\":\"https:\\\/\\\/www.anovapeneira.gal\\\/#\\\/schema\\\/person\\\/fb77575328c93684dae4b0075f90c2cb\",\"name\":\"admin\",\"image\":{\"@type\":\"ImageObject\",\"inLanguage\":\"gl-ES\",\"@id\":\"https:\\\/\\\/secure.gravatar.com\\\/avatar\\\/df15c36ce375448325e0bc870e91bbee95947a002eb98dcfd6c2b053e18843e9?s=96&d=mm&r=g\",\"url\":\"https:\\\/\\\/secure.gravatar.com\\\/avatar\\\/df15c36ce375448325e0bc870e91bbee95947a002eb98dcfd6c2b053e18843e9?s=96&d=mm&r=g\",\"contentUrl\":\"https:\\\/\\\/secure.gravatar.com\\\/avatar\\\/df15c36ce375448325e0bc870e91bbee95947a002eb98dcfd6c2b053e18843e9?s=96&d=mm&r=g\",\"caption\":\"admin\"},\"description\":\"Xornal galego de informaci\u00f3n xeral Publicaci\u00f3n mensual de novas de Galicia e en especial dos Concellos da sur da provincia de Pontevedra.\",\"sameAs\":[\"http:\\\/\\\/www.anovapeneira.gal\\\/\",\"https:\\\/\\\/www.facebook.com\\\/anovapeneira\\\/\"],\"url\":\"https:\\\/\\\/www.anovapeneira.gal\\\/index.php\\\/author\\\/admin\\\/\"}]}<\/script>\n<!-- \/ Yoast SEO plugin. -->","yoast_head_json":{"title":"Unha \u201casamblea aberta\u201d de miles de persoas convoca a toda a sociedade galega a xuntarse polo galego o 23 de febreiro de 2025 na na Praza do Obradoiro -","robots":{"index":"index","follow":"follow","max-snippet":"max-snippet:-1","max-image-preview":"max-image-preview:large","max-video-preview":"max-video-preview:-1"},"canonical":"https:\/\/www.anovapeneira.gal\/index.php\/2024\/12\/02\/unha-asamblea-aberta-de-miles-de-persoas-convoca-a-toda-a-sociedade-galega-a-xuntarse-polo-galego-o-23-de-febreiro-de-2025-na-na-praza-do-obradoiro\/","og_locale":"gl_ES","og_type":"article","og_title":"Unha \u201casamblea aberta\u201d de miles de persoas convoca a toda a sociedade galega a xuntarse polo galego o 23 de febreiro de 2025 na na Praza do Obradoiro -","og_description":"Miles de representantes de organizaci\u00f3ns pol\u00edticas, sindicais, sociais, deportivas, culturais, veci\u00f1ais, colexios profisionais de todo o pa\u00eds participaron esta ma\u00f1\u00e1 na praza de Quintana de Santiago de Compostela [...]","og_url":"https:\/\/www.anovapeneira.gal\/index.php\/2024\/12\/02\/unha-asamblea-aberta-de-miles-de-persoas-convoca-a-toda-a-sociedade-galega-a-xuntarse-polo-galego-o-23-de-febreiro-de-2025-na-na-praza-do-obradoiro\/","article_publisher":"https:\/\/www.facebook.com\/anovapeneira","article_author":"https:\/\/www.facebook.com\/anovapeneira\/","article_published_time":"2024-12-02T11:00:39+00:00","og_image":[{"width":1500,"height":790,"url":"https:\/\/www.anovapeneira.gal\/wp-content\/uploads\/2024\/11\/Asamblea-aberta-na-Quintana_Eva-Fernandez-Prieto.jpg","type":"image\/jpeg"}],"author":"admin","twitter_card":"summary_large_image","twitter_creator":"@APeneira","twitter_site":"@APeneira","twitter_misc":{"Escrito por":"admin","Tempo de lectura":"3 minutos"},"schema":{"@context":"https:\/\/schema.org","@graph":[{"@type":"Article","@id":"https:\/\/www.anovapeneira.gal\/index.php\/2024\/12\/02\/unha-asamblea-aberta-de-miles-de-persoas-convoca-a-toda-a-sociedade-galega-a-xuntarse-polo-galego-o-23-de-febreiro-de-2025-na-na-praza-do-obradoiro\/#article","isPartOf":{"@id":"https:\/\/www.anovapeneira.gal\/index.php\/2024\/12\/02\/unha-asamblea-aberta-de-miles-de-persoas-convoca-a-toda-a-sociedade-galega-a-xuntarse-polo-galego-o-23-de-febreiro-de-2025-na-na-praza-do-obradoiro\/"},"author":{"name":"admin","@id":"https:\/\/www.anovapeneira.gal\/#\/schema\/person\/fb77575328c93684dae4b0075f90c2cb"},"headline":"Unha \u201casamblea aberta\u201d de miles de persoas convoca a toda a sociedade galega a xuntarse polo galego o 23 de febreiro de 2025 na na Praza do Obradoiro","datePublished":"2024-12-02T11:00:39+00:00","mainEntityOfPage":{"@id":"https:\/\/www.anovapeneira.gal\/index.php\/2024\/12\/02\/unha-asamblea-aberta-de-miles-de-persoas-convoca-a-toda-a-sociedade-galega-a-xuntarse-polo-galego-o-23-de-febreiro-de-2025-na-na-praza-do-obradoiro\/"},"wordCount":381,"commentCount":0,"publisher":{"@id":"https:\/\/www.anovapeneira.gal\/#organization"},"image":{"@id":"https:\/\/www.anovapeneira.gal\/index.php\/2024\/12\/02\/unha-asamblea-aberta-de-miles-de-persoas-convoca-a-toda-a-sociedade-galega-a-xuntarse-polo-galego-o-23-de-febreiro-de-2025-na-na-praza-do-obradoiro\/#primaryimage"},"thumbnailUrl":"https:\/\/www.anovapeneira.gal\/wp-content\/uploads\/2024\/11\/Asamblea-aberta-na-Quintana_Eva-Fernandez-Prieto.jpg","keywords":["Asamblea aberta"],"articleSection":["Novas"],"inLanguage":"gl-ES","potentialAction":[{"@type":"CommentAction","name":"Comment","target":["https:\/\/www.anovapeneira.gal\/index.php\/2024\/12\/02\/unha-asamblea-aberta-de-miles-de-persoas-convoca-a-toda-a-sociedade-galega-a-xuntarse-polo-galego-o-23-de-febreiro-de-2025-na-na-praza-do-obradoiro\/#respond"]}]},{"@type":"WebPage","@id":"https:\/\/www.anovapeneira.gal\/index.php\/2024\/12\/02\/unha-asamblea-aberta-de-miles-de-persoas-convoca-a-toda-a-sociedade-galega-a-xuntarse-polo-galego-o-23-de-febreiro-de-2025-na-na-praza-do-obradoiro\/","url":"https:\/\/www.anovapeneira.gal\/index.php\/2024\/12\/02\/unha-asamblea-aberta-de-miles-de-persoas-convoca-a-toda-a-sociedade-galega-a-xuntarse-polo-galego-o-23-de-febreiro-de-2025-na-na-praza-do-obradoiro\/","name":"Unha \u201casamblea aberta\u201d de miles de persoas convoca a toda a sociedade galega a xuntarse polo galego o 23 de febreiro de 2025 na na Praza do Obradoiro -","isPartOf":{"@id":"https:\/\/www.anovapeneira.gal\/#website"},"primaryImageOfPage":{"@id":"https:\/\/www.anovapeneira.gal\/index.php\/2024\/12\/02\/unha-asamblea-aberta-de-miles-de-persoas-convoca-a-toda-a-sociedade-galega-a-xuntarse-polo-galego-o-23-de-febreiro-de-2025-na-na-praza-do-obradoiro\/#primaryimage"},"image":{"@id":"https:\/\/www.anovapeneira.gal\/index.php\/2024\/12\/02\/unha-asamblea-aberta-de-miles-de-persoas-convoca-a-toda-a-sociedade-galega-a-xuntarse-polo-galego-o-23-de-febreiro-de-2025-na-na-praza-do-obradoiro\/#primaryimage"},"thumbnailUrl":"https:\/\/www.anovapeneira.gal\/wp-content\/uploads\/2024\/11\/Asamblea-aberta-na-Quintana_Eva-Fernandez-Prieto.jpg","datePublished":"2024-12-02T11:00:39+00:00","breadcrumb":{"@id":"https:\/\/www.anovapeneira.gal\/index.php\/2024\/12\/02\/unha-asamblea-aberta-de-miles-de-persoas-convoca-a-toda-a-sociedade-galega-a-xuntarse-polo-galego-o-23-de-febreiro-de-2025-na-na-praza-do-obradoiro\/#breadcrumb"},"inLanguage":"gl-ES","potentialAction":[{"@type":"ReadAction","target":["https:\/\/www.anovapeneira.gal\/index.php\/2024\/12\/02\/unha-asamblea-aberta-de-miles-de-persoas-convoca-a-toda-a-sociedade-galega-a-xuntarse-polo-galego-o-23-de-febreiro-de-2025-na-na-praza-do-obradoiro\/"]}]},{"@type":"ImageObject","inLanguage":"gl-ES","@id":"https:\/\/www.anovapeneira.gal\/index.php\/2024\/12\/02\/unha-asamblea-aberta-de-miles-de-persoas-convoca-a-toda-a-sociedade-galega-a-xuntarse-polo-galego-o-23-de-febreiro-de-2025-na-na-praza-do-obradoiro\/#primaryimage","url":"https:\/\/www.anovapeneira.gal\/wp-content\/uploads\/2024\/11\/Asamblea-aberta-na-Quintana_Eva-Fernandez-Prieto.jpg","contentUrl":"https:\/\/www.anovapeneira.gal\/wp-content\/uploads\/2024\/11\/Asamblea-aberta-na-Quintana_Eva-Fernandez-Prieto.jpg","width":1500,"height":790,"caption":"asamblea aberta"},{"@type":"BreadcrumbList","@id":"https:\/\/www.anovapeneira.gal\/index.php\/2024\/12\/02\/unha-asamblea-aberta-de-miles-de-persoas-convoca-a-toda-a-sociedade-galega-a-xuntarse-polo-galego-o-23-de-febreiro-de-2025-na-na-praza-do-obradoiro\/#breadcrumb","itemListElement":[{"@type":"ListItem","position":1,"name":"Portada","item":"https:\/\/www.anovapeneira.gal\/"},{"@type":"ListItem","position":2,"name":"Unha \u201casamblea aberta\u201d de miles de persoas convoca a toda a sociedade galega a xuntarse polo galego o 23 de febreiro de 2025 na na Praza do Obradoiro"}]},{"@type":"WebSite","@id":"https:\/\/www.anovapeneira.gal\/#website","url":"https:\/\/www.anovapeneira.gal\/","name":"","description":"Xornal galego de informaci\u00f3n xeral Publicaci\u00f3n mensual de novas de Galicia e en especial dos Concellos da sur da provincia de Pontevedra.","publisher":{"@id":"https:\/\/www.anovapeneira.gal\/#organization"},"potentialAction":[{"@type":"SearchAction","target":{"@type":"EntryPoint","urlTemplate":"https:\/\/www.anovapeneira.gal\/?s={search_term_string}"},"query-input":{"@type":"PropertyValueSpecification","valueRequired":true,"valueName":"search_term_string"}}],"inLanguage":"gl-ES"},{"@type":"Organization","@id":"https:\/\/www.anovapeneira.gal\/#organization","name":"A Nova Peneira","url":"https:\/\/www.anovapeneira.gal\/","logo":{"@type":"ImageObject","inLanguage":"gl-ES","@id":"https:\/\/www.anovapeneira.gal\/#\/schema\/logo\/image\/","url":"http:\/\/www.anovapeneira.gal\/wp-content\/uploads\/2019\/06\/logo_a_nova_peneira_portal_web.png","contentUrl":"http:\/\/www.anovapeneira.gal\/wp-content\/uploads\/2019\/06\/logo_a_nova_peneira_portal_web.png","width":300,"height":100,"caption":"A Nova Peneira"},"image":{"@id":"https:\/\/www.anovapeneira.gal\/#\/schema\/logo\/image\/"},"sameAs":["https:\/\/www.facebook.com\/anovapeneira","https:\/\/x.com\/APeneira"]},{"@type":"Person","@id":"https:\/\/www.anovapeneira.gal\/#\/schema\/person\/fb77575328c93684dae4b0075f90c2cb","name":"admin","image":{"@type":"ImageObject","inLanguage":"gl-ES","@id":"https:\/\/secure.gravatar.com\/avatar\/df15c36ce375448325e0bc870e91bbee95947a002eb98dcfd6c2b053e18843e9?s=96&d=mm&r=g","url":"https:\/\/secure.gravatar.com\/avatar\/df15c36ce375448325e0bc870e91bbee95947a002eb98dcfd6c2b053e18843e9?s=96&d=mm&r=g","contentUrl":"https:\/\/secure.gravatar.com\/avatar\/df15c36ce375448325e0bc870e91bbee95947a002eb98dcfd6c2b053e18843e9?s=96&d=mm&r=g","caption":"admin"},"description":"Xornal galego de informaci\u00f3n xeral Publicaci\u00f3n mensual de novas de Galicia e en especial dos Concellos da sur da provincia de Pontevedra.","sameAs":["http:\/\/www.anovapeneira.gal\/","https:\/\/www.facebook.com\/anovapeneira\/"],"url":"https:\/\/www.anovapeneira.gal\/index.php\/author\/admin\/"}]}},"jetpack_featured_media_url":"https:\/\/www.anovapeneira.gal\/wp-content\/uploads\/2024\/11\/Asamblea-aberta-na-Quintana_Eva-Fernandez-Prieto.jpg","_links":{"self":[{"href":"https:\/\/www.anovapeneira.gal\/index.php\/wp-json\/wp\/v2\/posts\/12863","targetHints":{"allow":["GET"]}}],"collection":[{"href":"https:\/\/www.anovapeneira.gal\/index.php\/wp-json\/wp\/v2\/posts"}],"about":[{"href":"https:\/\/www.anovapeneira.gal\/index.php\/wp-json\/wp\/v2\/types\/post"}],"author":[{"embeddable":true,"href":"https:\/\/www.anovapeneira.gal\/index.php\/wp-json\/wp\/v2\/users\/1"}],"replies":[{"embeddable":true,"href":"https:\/\/www.anovapeneira.gal\/index.php\/wp-json\/wp\/v2\/comments?post=12863"}],"version-history":[{"count":1,"href":"https:\/\/www.anovapeneira.gal\/index.php\/wp-json\/wp\/v2\/posts\/12863\/revisions"}],"predecessor-version":[{"id":12865,"href":"https:\/\/www.anovapeneira.gal\/index.php\/wp-json\/wp\/v2\/posts\/12863\/revisions\/12865"}],"wp:featuredmedia":[{"embeddable":true,"href":"https:\/\/www.anovapeneira.gal\/index.php\/wp-json\/wp\/v2\/media\/12864"}],"wp:attachment":[{"href":"https:\/\/www.anovapeneira.gal\/index.php\/wp-json\/wp\/v2\/media?parent=12863"}],"wp:term":[{"taxonomy":"category","embeddable":true,"href":"https:\/\/www.anovapeneira.gal\/index.php\/wp-json\/wp\/v2\/categories?post=12863"},{"taxonomy":"post_tag","embeddable":true,"href":"https:\/\/www.anovapeneira.gal\/index.php\/wp-json\/wp\/v2\/tags?post=12863"}],"curies":[{"name":"wp","href":"https:\/\/api.w.org\/{rel}","templated":true}]}}