{"id":12876,"date":"2024-12-04T12:00:34","date_gmt":"2024-12-04T11:00:34","guid":{"rendered":"https:\/\/www.anovapeneira.gal\/?p=12876"},"modified":"2024-12-02T10:11:56","modified_gmt":"2024-12-02T09:11:56","slug":"o-bng-revela-un-informe-do-sergas-que-cifra-en-30-me-o-valor-da-superficie-non-construida-no-cunqueiro-que-a-xunta-pagou-igual","status":"publish","type":"post","link":"https:\/\/www.anovapeneira.gal\/index.php\/2024\/12\/04\/o-bng-revela-un-informe-do-sergas-que-cifra-en-30-me-o-valor-da-superficie-non-construida-no-cunqueiro-que-a-xunta-pagou-igual\/","title":{"rendered":"O BNG revela un informe do Sergas que cifra en 30 M\u20ac o valor da superficie non constru\u00edda no Cunqueiro, que a Xunta pagou igual"},"content":{"rendered":"\n<h2 class=\"wp-block-heading\"><strong>O BNG saca \u00e1 luz un informe que revela que a Xunta pagou 30 M\u20ac pola superficie non constru\u00edda do \u00c1lvaro Cunqueiro<\/strong><\/h2>\n\n\n\n<p><strong>O BNG saca \u00e1 luz un informe da Xunta que revela o pago de 30M\u20ac pola superficie non constru\u00edda do \u00c1lvaro Cunqueiro<\/strong><\/p>\n\n\n\n<p><strong>Insiste en que hab\u00eda <\/strong><strong>alternativa ao mod indica Contas, este tam\u00e9n comprometeu o gasto corrente do Sergas<\/strong><\/p>\n\n\n\n<p><strong>Santiago de Compostela, 29 de novembro.<\/strong> <\/p>\n\n\n\n<p>A deputada do BNG Montse Prado desvelou na comisi\u00f3n de investigaci\u00f3n sobre os <em>chanchullos<\/em> do PP un informe do ano 2012 da Conseller\u00eda de Sanidade no que se recolle a reduci\u00f3n da superficie do Hospital \u00c1lvaro Cunqueiro de Vigo e cifra o valor dos metros cadrados que se deixaron de constru\u00edr en 30 mill\u00f3ns de euros, que a Xunta pagou igual \u00e1 concesionaria.<\/p>\n\n\n\n<p>Trinta mill\u00f3ns que, asegurou Prado, se suman aos 470 mill\u00f3ns de euros de sobreprezo da obra do hospital que supuxo, segundo o informe do Consello de Contas, a modalidade de contrataci\u00f3n escollida polo PP. Fronte ao modelo tradicional de obra p\u00fablica, o Goberno de Feij\u00f3o optou por adxudicar conxuntamente construci\u00f3n e xesti\u00f3n de servizos non sanitarios.<\/p>\n\n\n\n<p>Prado pediu \u00e1 presidencia da comisi\u00f3n que incorpore \u00e1 documentaci\u00f3n deste \u00f3rgano de investigaci\u00f3n o informe ao que fixo referencia, datado o 20 de abril do 2012. Tr\u00e1tase, en concreto, <em>do Informe T\u00e9cnico do Proxecto B\u00e1sico e de Execuci\u00f3n da Concesionaria para o novo Hospital de Vigo<\/em>. Segundo asegurou a deputada nacionalista, nel rec\u00f3llese expresamente que respecto do proxecto inicial houbo unha reduci\u00f3n de 15.423 metros cadrados na superficie hospitalaria e doutros 16.000 na de aparcamento. Son as mesmas cifras que aparecen no informe de fiscalizaci\u00f3n do Consello de Contas.<\/p>\n\n\n\n<p>En total, m\u00e1is de 21.000 m2 que, tal e como se indica no informe, supor\u00edan o 15,8 % do orzamento de execuci\u00f3n material, en torno a 30 mill\u00f3ns de euros que a concesionaria aforrou porque a Xunta pagou o mesmo que se se tivesen constru\u00eddo. \u201cPermitiron a reduci\u00f3n dos espazos sen reducir o prezo en detrimento da calidade do hospital e das condici\u00f3ns para prestar a asistencia sanitaria\u201d, criticou Prado na s\u00faa intervenci\u00f3n trala comparecencia da ex conselleira de Sanidade Pilar Farjas.<\/p>\n\n\n\n<p>Ademais dos 30 mill\u00f3ns de euros que <em>aforrou <\/em>na obra, a empresa beneficiouse de ter que prestar servicios en menos superficie, pois tampouco a\u00ed houbo rebaixa no prezo que pagaron os galegos e as galegas polo Hospital, explicou Prado, quen subli\u00f1ou ademais que a concesi\u00f3n dos servizos non sanitarios foi ampliada f\u00f3ra do per\u00edmetro do \u00c1lvaro Cunqueiro, ampliaci\u00f3n que careceu de \u201csoporte legal\u201d, tal e como se apunta no informe de fiscalizaci\u00f3n de Contas.<\/p>\n\n\n\n<p>\u201cUn suma e segue\u201d en beneficio da concesionaria, proseguiu Prado, refer\u00edndose as\u00ed mesmo \u00e1 decisi\u00f3n de encomendar a Galizaria a Oficina T\u00e9cnica de Seguimento da obra de construci\u00f3n e de externalizala a unha empresa \u00e1 fronte da cal, \u201ccasualidades de vida\u201d, estaba Ana S\u00e1nchez, destacada militante do Partido Popular que traballou con Ana Pastor no Ministerio de Sanidade. \u201cPuxeron a raposa a coidar as gali\u00f1as\u201d, dixo Montse Prado.<\/p>\n\n\n\n<p>Neste punto, denunciou tam\u00e9n que os gastos de funcionamento da oficina de seguimento e do plan de comunicaci\u00f3n deb\u00edan ser asumidos pola concesionaria, cun importe de catro mill\u00f3ns de euros que non est\u00e1n xustificados, pois s\u00f3 consta que a UTE destinase 430.000 euros, polo que \u201c(o Goberno do PP) permitiu aforrar outros tres mill\u00f3ns \u00e1 concesionaria\u201d.<\/p>\n\n\n\n<p>A portavoz parlamentaria de Sanidade do BNG sacou a relucir tanto o informe t\u00e9cnico do Sergas de 2012 como algunhas das conclusi\u00f3ns do Consello de Contas para denunciar a decisi\u00f3n do PP de constru\u00edr un hospital \u201cm\u00e1is pequeno, con peores servizos, con peor calidade na construci\u00f3n \u00fanica e exclusivamente para facer m\u00e1is atractivo o negocio para as empresas da UTE, onde estaban relevantes militantes do PP ou persoas af\u00edns con moito poder\u201d. Unha decisi\u00f3n, conclu\u00edu, que se tomou \u201cmentres se fac\u00edan recortes <em>inmisericordes<\/em> na sanidade p\u00fablica\u201d.<\/p>\n","protected":false},"excerpt":{"rendered":"<div class=\"mh-excerpt\"><p>O BNG saca \u00e1 luz un informe que revela que a Xunta pagou 30 M\u20ac pola superficie non constru\u00edda do \u00c1lvaro Cunqueiro <a class=\"mh-excerpt-more\" href=\"https:\/\/www.anovapeneira.gal\/index.php\/2024\/12\/04\/o-bng-revela-un-informe-do-sergas-que-cifra-en-30-me-o-valor-da-superficie-non-construida-no-cunqueiro-que-a-xunta-pagou-igual\/\" title=\"O BNG revela un informe do Sergas que cifra en 30 M\u20ac o valor da superficie non constru\u00edda no Cunqueiro, que a Xunta pagou igual\">[&#8230;]<\/a><\/p>\n<\/div>","protected":false},"author":3,"featured_media":12877,"comment_status":"open","ping_status":"open","sticky":false,"template":"","format":"standard","meta":{"_exactmetrics_skip_tracking":false,"_exactmetrics_sitenote_active":false,"_exactmetrics_sitenote_note":"","_exactmetrics_sitenote_category":0,"footnotes":""},"categories":[19],"tags":[227],"class_list":{"0":"post-12876","1":"post","2":"type-post","3":"status-publish","4":"format-standard","5":"has-post-thumbnail","7":"category-vigo","8":"tag-concello-de-vigo"},"yoast_head":"<!-- This site is optimized with the Yoast SEO plugin v27.4 - https:\/\/yoast.com\/product\/yoast-seo-wordpress\/ -->\n<title>O BNG revela un informe do Sergas que cifra en 30 M\u20ac o valor da superficie non constru\u00edda no Cunqueiro, que a Xunta pagou igual -<\/title>\n<meta name=\"robots\" content=\"index, follow, max-snippet:-1, max-image-preview:large, max-video-preview:-1\" \/>\n<link rel=\"canonical\" href=\"https:\/\/www.anovapeneira.gal\/index.php\/2024\/12\/04\/o-bng-revela-un-informe-do-sergas-que-cifra-en-30-me-o-valor-da-superficie-non-construida-no-cunqueiro-que-a-xunta-pagou-igual\/\" \/>\n<meta property=\"og:locale\" content=\"gl_ES\" \/>\n<meta property=\"og:type\" content=\"article\" \/>\n<meta property=\"og:title\" content=\"O BNG revela un informe do Sergas que cifra en 30 M\u20ac o valor da superficie non constru\u00edda no Cunqueiro, que a Xunta pagou igual -\" \/>\n<meta property=\"og:description\" content=\"O BNG saca \u00e1 luz un informe que revela que a Xunta pagou 30 M\u20ac pola superficie non constru\u00edda do \u00c1lvaro Cunqueiro [...]\" \/>\n<meta property=\"og:url\" content=\"https:\/\/www.anovapeneira.gal\/index.php\/2024\/12\/04\/o-bng-revela-un-informe-do-sergas-que-cifra-en-30-me-o-valor-da-superficie-non-construida-no-cunqueiro-que-a-xunta-pagou-igual\/\" \/>\n<meta property=\"article:publisher\" content=\"https:\/\/www.facebook.com\/anovapeneira\" \/>\n<meta property=\"article:published_time\" content=\"2024-12-04T11:00:34+00:00\" \/>\n<meta property=\"og:image\" content=\"https:\/\/www.anovapeneira.gal\/wp-content\/uploads\/2024\/12\/montse_prado.jpg\" \/>\n\t<meta property=\"og:image:width\" content=\"720\" \/>\n\t<meta property=\"og:image:height\" content=\"432\" \/>\n\t<meta property=\"og:image:type\" content=\"image\/jpeg\" \/>\n<meta name=\"author\" content=\"Redacci\u00f3n A Nova Peneira\" \/>\n<meta name=\"twitter:card\" content=\"summary_large_image\" \/>\n<meta name=\"twitter:creator\" content=\"@APeneira\" \/>\n<meta name=\"twitter:site\" content=\"@APeneira\" \/>\n<meta name=\"twitter:label1\" content=\"Escrito por\" \/>\n\t<meta name=\"twitter:data1\" content=\"Redacci\u00f3n A Nova Peneira\" \/>\n\t<meta name=\"twitter:label2\" content=\"Tempo de lectura\" \/>\n\t<meta name=\"twitter:data2\" content=\"4 minutos\" \/>\n<script type=\"application\/ld+json\" class=\"yoast-schema-graph\">{\"@context\":\"https:\\\/\\\/schema.org\",\"@graph\":[{\"@type\":\"Article\",\"@id\":\"https:\\\/\\\/www.anovapeneira.gal\\\/index.php\\\/2024\\\/12\\\/04\\\/o-bng-revela-un-informe-do-sergas-que-cifra-en-30-me-o-valor-da-superficie-non-construida-no-cunqueiro-que-a-xunta-pagou-igual\\\/#article\",\"isPartOf\":{\"@id\":\"https:\\\/\\\/www.anovapeneira.gal\\\/index.php\\\/2024\\\/12\\\/04\\\/o-bng-revela-un-informe-do-sergas-que-cifra-en-30-me-o-valor-da-superficie-non-construida-no-cunqueiro-que-a-xunta-pagou-igual\\\/\"},\"author\":{\"name\":\"Redacci\u00f3n A Nova Peneira\",\"@id\":\"https:\\\/\\\/www.anovapeneira.gal\\\/#\\\/schema\\\/person\\\/b93e3f8932e3f8da96334607eb6ac6aa\"},\"headline\":\"O BNG revela un informe do Sergas que cifra en 30 M\u20ac o valor da superficie non constru\u00edda no Cunqueiro, que a Xunta pagou igual\",\"datePublished\":\"2024-12-04T11:00:34+00:00\",\"mainEntityOfPage\":{\"@id\":\"https:\\\/\\\/www.anovapeneira.gal\\\/index.php\\\/2024\\\/12\\\/04\\\/o-bng-revela-un-informe-do-sergas-que-cifra-en-30-me-o-valor-da-superficie-non-construida-no-cunqueiro-que-a-xunta-pagou-igual\\\/\"},\"wordCount\":710,\"commentCount\":0,\"publisher\":{\"@id\":\"https:\\\/\\\/www.anovapeneira.gal\\\/#organization\"},\"image\":{\"@id\":\"https:\\\/\\\/www.anovapeneira.gal\\\/index.php\\\/2024\\\/12\\\/04\\\/o-bng-revela-un-informe-do-sergas-que-cifra-en-30-me-o-valor-da-superficie-non-construida-no-cunqueiro-que-a-xunta-pagou-igual\\\/#primaryimage\"},\"thumbnailUrl\":\"https:\\\/\\\/www.anovapeneira.gal\\\/wp-content\\\/uploads\\\/2024\\\/12\\\/montse_prado.jpg\",\"keywords\":[\"Concello de Vigo\"],\"articleSection\":[\"Vigo\"],\"inLanguage\":\"gl-ES\",\"potentialAction\":[{\"@type\":\"CommentAction\",\"name\":\"Comment\",\"target\":[\"https:\\\/\\\/www.anovapeneira.gal\\\/index.php\\\/2024\\\/12\\\/04\\\/o-bng-revela-un-informe-do-sergas-que-cifra-en-30-me-o-valor-da-superficie-non-construida-no-cunqueiro-que-a-xunta-pagou-igual\\\/#respond\"]}]},{\"@type\":\"WebPage\",\"@id\":\"https:\\\/\\\/www.anovapeneira.gal\\\/index.php\\\/2024\\\/12\\\/04\\\/o-bng-revela-un-informe-do-sergas-que-cifra-en-30-me-o-valor-da-superficie-non-construida-no-cunqueiro-que-a-xunta-pagou-igual\\\/\",\"url\":\"https:\\\/\\\/www.anovapeneira.gal\\\/index.php\\\/2024\\\/12\\\/04\\\/o-bng-revela-un-informe-do-sergas-que-cifra-en-30-me-o-valor-da-superficie-non-construida-no-cunqueiro-que-a-xunta-pagou-igual\\\/\",\"name\":\"O BNG revela un informe do Sergas que cifra en 30 M\u20ac o valor da superficie non constru\u00edda no Cunqueiro, que a Xunta pagou igual -\",\"isPartOf\":{\"@id\":\"https:\\\/\\\/www.anovapeneira.gal\\\/#website\"},\"primaryImageOfPage\":{\"@id\":\"https:\\\/\\\/www.anovapeneira.gal\\\/index.php\\\/2024\\\/12\\\/04\\\/o-bng-revela-un-informe-do-sergas-que-cifra-en-30-me-o-valor-da-superficie-non-construida-no-cunqueiro-que-a-xunta-pagou-igual\\\/#primaryimage\"},\"image\":{\"@id\":\"https:\\\/\\\/www.anovapeneira.gal\\\/index.php\\\/2024\\\/12\\\/04\\\/o-bng-revela-un-informe-do-sergas-que-cifra-en-30-me-o-valor-da-superficie-non-construida-no-cunqueiro-que-a-xunta-pagou-igual\\\/#primaryimage\"},\"thumbnailUrl\":\"https:\\\/\\\/www.anovapeneira.gal\\\/wp-content\\\/uploads\\\/2024\\\/12\\\/montse_prado.jpg\",\"datePublished\":\"2024-12-04T11:00:34+00:00\",\"breadcrumb\":{\"@id\":\"https:\\\/\\\/www.anovapeneira.gal\\\/index.php\\\/2024\\\/12\\\/04\\\/o-bng-revela-un-informe-do-sergas-que-cifra-en-30-me-o-valor-da-superficie-non-construida-no-cunqueiro-que-a-xunta-pagou-igual\\\/#breadcrumb\"},\"inLanguage\":\"gl-ES\",\"potentialAction\":[{\"@type\":\"ReadAction\",\"target\":[\"https:\\\/\\\/www.anovapeneira.gal\\\/index.php\\\/2024\\\/12\\\/04\\\/o-bng-revela-un-informe-do-sergas-que-cifra-en-30-me-o-valor-da-superficie-non-construida-no-cunqueiro-que-a-xunta-pagou-igual\\\/\"]}]},{\"@type\":\"ImageObject\",\"inLanguage\":\"gl-ES\",\"@id\":\"https:\\\/\\\/www.anovapeneira.gal\\\/index.php\\\/2024\\\/12\\\/04\\\/o-bng-revela-un-informe-do-sergas-que-cifra-en-30-me-o-valor-da-superficie-non-construida-no-cunqueiro-que-a-xunta-pagou-igual\\\/#primaryimage\",\"url\":\"https:\\\/\\\/www.anovapeneira.gal\\\/wp-content\\\/uploads\\\/2024\\\/12\\\/montse_prado.jpg\",\"contentUrl\":\"https:\\\/\\\/www.anovapeneira.gal\\\/wp-content\\\/uploads\\\/2024\\\/12\\\/montse_prado.jpg\",\"width\":720,\"height\":432,\"caption\":\"Montse Prado\"},{\"@type\":\"BreadcrumbList\",\"@id\":\"https:\\\/\\\/www.anovapeneira.gal\\\/index.php\\\/2024\\\/12\\\/04\\\/o-bng-revela-un-informe-do-sergas-que-cifra-en-30-me-o-valor-da-superficie-non-construida-no-cunqueiro-que-a-xunta-pagou-igual\\\/#breadcrumb\",\"itemListElement\":[{\"@type\":\"ListItem\",\"position\":1,\"name\":\"Portada\",\"item\":\"https:\\\/\\\/www.anovapeneira.gal\\\/\"},{\"@type\":\"ListItem\",\"position\":2,\"name\":\"O BNG revela un informe do Sergas que cifra en 30 M\u20ac o valor da superficie non constru\u00edda no Cunqueiro, que a Xunta pagou igual\"}]},{\"@type\":\"WebSite\",\"@id\":\"https:\\\/\\\/www.anovapeneira.gal\\\/#website\",\"url\":\"https:\\\/\\\/www.anovapeneira.gal\\\/\",\"name\":\"\",\"description\":\"Xornal galego de informaci\u00f3n xeral Publicaci\u00f3n mensual de novas de Galicia e en especial dos Concellos da sur da provincia de Pontevedra.\",\"publisher\":{\"@id\":\"https:\\\/\\\/www.anovapeneira.gal\\\/#organization\"},\"potentialAction\":[{\"@type\":\"SearchAction\",\"target\":{\"@type\":\"EntryPoint\",\"urlTemplate\":\"https:\\\/\\\/www.anovapeneira.gal\\\/?s={search_term_string}\"},\"query-input\":{\"@type\":\"PropertyValueSpecification\",\"valueRequired\":true,\"valueName\":\"search_term_string\"}}],\"inLanguage\":\"gl-ES\"},{\"@type\":\"Organization\",\"@id\":\"https:\\\/\\\/www.anovapeneira.gal\\\/#organization\",\"name\":\"A Nova Peneira\",\"url\":\"https:\\\/\\\/www.anovapeneira.gal\\\/\",\"logo\":{\"@type\":\"ImageObject\",\"inLanguage\":\"gl-ES\",\"@id\":\"https:\\\/\\\/www.anovapeneira.gal\\\/#\\\/schema\\\/logo\\\/image\\\/\",\"url\":\"http:\\\/\\\/www.anovapeneira.gal\\\/wp-content\\\/uploads\\\/2019\\\/06\\\/logo_a_nova_peneira_portal_web.png\",\"contentUrl\":\"http:\\\/\\\/www.anovapeneira.gal\\\/wp-content\\\/uploads\\\/2019\\\/06\\\/logo_a_nova_peneira_portal_web.png\",\"width\":300,\"height\":100,\"caption\":\"A Nova Peneira\"},\"image\":{\"@id\":\"https:\\\/\\\/www.anovapeneira.gal\\\/#\\\/schema\\\/logo\\\/image\\\/\"},\"sameAs\":[\"https:\\\/\\\/www.facebook.com\\\/anovapeneira\",\"https:\\\/\\\/x.com\\\/APeneira\"]},{\"@type\":\"Person\",\"@id\":\"https:\\\/\\\/www.anovapeneira.gal\\\/#\\\/schema\\\/person\\\/b93e3f8932e3f8da96334607eb6ac6aa\",\"name\":\"Redacci\u00f3n A Nova Peneira\",\"image\":{\"@type\":\"ImageObject\",\"inLanguage\":\"gl-ES\",\"@id\":\"https:\\\/\\\/secure.gravatar.com\\\/avatar\\\/c052a2551a06e23fac63626232eaa90abd78dbcf1700fc46a2b2c89fd27b735f?s=96&d=mm&r=g\",\"url\":\"https:\\\/\\\/secure.gravatar.com\\\/avatar\\\/c052a2551a06e23fac63626232eaa90abd78dbcf1700fc46a2b2c89fd27b735f?s=96&d=mm&r=g\",\"contentUrl\":\"https:\\\/\\\/secure.gravatar.com\\\/avatar\\\/c052a2551a06e23fac63626232eaa90abd78dbcf1700fc46a2b2c89fd27b735f?s=96&d=mm&r=g\",\"caption\":\"Redacci\u00f3n A Nova Peneira\"},\"sameAs\":[\"http:\\\/\\\/www.anovapeneira.gal\\\/\"],\"url\":\"https:\\\/\\\/www.anovapeneira.gal\\\/index.php\\\/author\\\/redactor\\\/\"}]}<\/script>\n<!-- \/ Yoast SEO plugin. -->","yoast_head_json":{"title":"O BNG revela un informe do Sergas que cifra en 30 M\u20ac o valor da superficie non constru\u00edda no Cunqueiro, que a Xunta pagou igual -","robots":{"index":"index","follow":"follow","max-snippet":"max-snippet:-1","max-image-preview":"max-image-preview:large","max-video-preview":"max-video-preview:-1"},"canonical":"https:\/\/www.anovapeneira.gal\/index.php\/2024\/12\/04\/o-bng-revela-un-informe-do-sergas-que-cifra-en-30-me-o-valor-da-superficie-non-construida-no-cunqueiro-que-a-xunta-pagou-igual\/","og_locale":"gl_ES","og_type":"article","og_title":"O BNG revela un informe do Sergas que cifra en 30 M\u20ac o valor da superficie non constru\u00edda no Cunqueiro, que a Xunta pagou igual -","og_description":"O BNG saca \u00e1 luz un informe que revela que a Xunta pagou 30 M\u20ac pola superficie non constru\u00edda do \u00c1lvaro Cunqueiro [...]","og_url":"https:\/\/www.anovapeneira.gal\/index.php\/2024\/12\/04\/o-bng-revela-un-informe-do-sergas-que-cifra-en-30-me-o-valor-da-superficie-non-construida-no-cunqueiro-que-a-xunta-pagou-igual\/","article_publisher":"https:\/\/www.facebook.com\/anovapeneira","article_published_time":"2024-12-04T11:00:34+00:00","og_image":[{"width":720,"height":432,"url":"https:\/\/www.anovapeneira.gal\/wp-content\/uploads\/2024\/12\/montse_prado.jpg","type":"image\/jpeg"}],"author":"Redacci\u00f3n A Nova Peneira","twitter_card":"summary_large_image","twitter_creator":"@APeneira","twitter_site":"@APeneira","twitter_misc":{"Escrito por":"Redacci\u00f3n A Nova Peneira","Tempo de lectura":"4 minutos"},"schema":{"@context":"https:\/\/schema.org","@graph":[{"@type":"Article","@id":"https:\/\/www.anovapeneira.gal\/index.php\/2024\/12\/04\/o-bng-revela-un-informe-do-sergas-que-cifra-en-30-me-o-valor-da-superficie-non-construida-no-cunqueiro-que-a-xunta-pagou-igual\/#article","isPartOf":{"@id":"https:\/\/www.anovapeneira.gal\/index.php\/2024\/12\/04\/o-bng-revela-un-informe-do-sergas-que-cifra-en-30-me-o-valor-da-superficie-non-construida-no-cunqueiro-que-a-xunta-pagou-igual\/"},"author":{"name":"Redacci\u00f3n A Nova Peneira","@id":"https:\/\/www.anovapeneira.gal\/#\/schema\/person\/b93e3f8932e3f8da96334607eb6ac6aa"},"headline":"O BNG revela un informe do Sergas que cifra en 30 M\u20ac o valor da superficie non constru\u00edda no Cunqueiro, que a Xunta pagou igual","datePublished":"2024-12-04T11:00:34+00:00","mainEntityOfPage":{"@id":"https:\/\/www.anovapeneira.gal\/index.php\/2024\/12\/04\/o-bng-revela-un-informe-do-sergas-que-cifra-en-30-me-o-valor-da-superficie-non-construida-no-cunqueiro-que-a-xunta-pagou-igual\/"},"wordCount":710,"commentCount":0,"publisher":{"@id":"https:\/\/www.anovapeneira.gal\/#organization"},"image":{"@id":"https:\/\/www.anovapeneira.gal\/index.php\/2024\/12\/04\/o-bng-revela-un-informe-do-sergas-que-cifra-en-30-me-o-valor-da-superficie-non-construida-no-cunqueiro-que-a-xunta-pagou-igual\/#primaryimage"},"thumbnailUrl":"https:\/\/www.anovapeneira.gal\/wp-content\/uploads\/2024\/12\/montse_prado.jpg","keywords":["Concello de Vigo"],"articleSection":["Vigo"],"inLanguage":"gl-ES","potentialAction":[{"@type":"CommentAction","name":"Comment","target":["https:\/\/www.anovapeneira.gal\/index.php\/2024\/12\/04\/o-bng-revela-un-informe-do-sergas-que-cifra-en-30-me-o-valor-da-superficie-non-construida-no-cunqueiro-que-a-xunta-pagou-igual\/#respond"]}]},{"@type":"WebPage","@id":"https:\/\/www.anovapeneira.gal\/index.php\/2024\/12\/04\/o-bng-revela-un-informe-do-sergas-que-cifra-en-30-me-o-valor-da-superficie-non-construida-no-cunqueiro-que-a-xunta-pagou-igual\/","url":"https:\/\/www.anovapeneira.gal\/index.php\/2024\/12\/04\/o-bng-revela-un-informe-do-sergas-que-cifra-en-30-me-o-valor-da-superficie-non-construida-no-cunqueiro-que-a-xunta-pagou-igual\/","name":"O BNG revela un informe do Sergas que cifra en 30 M\u20ac o valor da superficie non constru\u00edda no Cunqueiro, que a Xunta pagou igual -","isPartOf":{"@id":"https:\/\/www.anovapeneira.gal\/#website"},"primaryImageOfPage":{"@id":"https:\/\/www.anovapeneira.gal\/index.php\/2024\/12\/04\/o-bng-revela-un-informe-do-sergas-que-cifra-en-30-me-o-valor-da-superficie-non-construida-no-cunqueiro-que-a-xunta-pagou-igual\/#primaryimage"},"image":{"@id":"https:\/\/www.anovapeneira.gal\/index.php\/2024\/12\/04\/o-bng-revela-un-informe-do-sergas-que-cifra-en-30-me-o-valor-da-superficie-non-construida-no-cunqueiro-que-a-xunta-pagou-igual\/#primaryimage"},"thumbnailUrl":"https:\/\/www.anovapeneira.gal\/wp-content\/uploads\/2024\/12\/montse_prado.jpg","datePublished":"2024-12-04T11:00:34+00:00","breadcrumb":{"@id":"https:\/\/www.anovapeneira.gal\/index.php\/2024\/12\/04\/o-bng-revela-un-informe-do-sergas-que-cifra-en-30-me-o-valor-da-superficie-non-construida-no-cunqueiro-que-a-xunta-pagou-igual\/#breadcrumb"},"inLanguage":"gl-ES","potentialAction":[{"@type":"ReadAction","target":["https:\/\/www.anovapeneira.gal\/index.php\/2024\/12\/04\/o-bng-revela-un-informe-do-sergas-que-cifra-en-30-me-o-valor-da-superficie-non-construida-no-cunqueiro-que-a-xunta-pagou-igual\/"]}]},{"@type":"ImageObject","inLanguage":"gl-ES","@id":"https:\/\/www.anovapeneira.gal\/index.php\/2024\/12\/04\/o-bng-revela-un-informe-do-sergas-que-cifra-en-30-me-o-valor-da-superficie-non-construida-no-cunqueiro-que-a-xunta-pagou-igual\/#primaryimage","url":"https:\/\/www.anovapeneira.gal\/wp-content\/uploads\/2024\/12\/montse_prado.jpg","contentUrl":"https:\/\/www.anovapeneira.gal\/wp-content\/uploads\/2024\/12\/montse_prado.jpg","width":720,"height":432,"caption":"Montse Prado"},{"@type":"BreadcrumbList","@id":"https:\/\/www.anovapeneira.gal\/index.php\/2024\/12\/04\/o-bng-revela-un-informe-do-sergas-que-cifra-en-30-me-o-valor-da-superficie-non-construida-no-cunqueiro-que-a-xunta-pagou-igual\/#breadcrumb","itemListElement":[{"@type":"ListItem","position":1,"name":"Portada","item":"https:\/\/www.anovapeneira.gal\/"},{"@type":"ListItem","position":2,"name":"O BNG revela un informe do Sergas que cifra en 30 M\u20ac o valor da superficie non constru\u00edda no Cunqueiro, que a Xunta pagou igual"}]},{"@type":"WebSite","@id":"https:\/\/www.anovapeneira.gal\/#website","url":"https:\/\/www.anovapeneira.gal\/","name":"","description":"Xornal galego de informaci\u00f3n xeral Publicaci\u00f3n mensual de novas de Galicia e en especial dos Concellos da sur da provincia de Pontevedra.","publisher":{"@id":"https:\/\/www.anovapeneira.gal\/#organization"},"potentialAction":[{"@type":"SearchAction","target":{"@type":"EntryPoint","urlTemplate":"https:\/\/www.anovapeneira.gal\/?s={search_term_string}"},"query-input":{"@type":"PropertyValueSpecification","valueRequired":true,"valueName":"search_term_string"}}],"inLanguage":"gl-ES"},{"@type":"Organization","@id":"https:\/\/www.anovapeneira.gal\/#organization","name":"A Nova Peneira","url":"https:\/\/www.anovapeneira.gal\/","logo":{"@type":"ImageObject","inLanguage":"gl-ES","@id":"https:\/\/www.anovapeneira.gal\/#\/schema\/logo\/image\/","url":"http:\/\/www.anovapeneira.gal\/wp-content\/uploads\/2019\/06\/logo_a_nova_peneira_portal_web.png","contentUrl":"http:\/\/www.anovapeneira.gal\/wp-content\/uploads\/2019\/06\/logo_a_nova_peneira_portal_web.png","width":300,"height":100,"caption":"A Nova Peneira"},"image":{"@id":"https:\/\/www.anovapeneira.gal\/#\/schema\/logo\/image\/"},"sameAs":["https:\/\/www.facebook.com\/anovapeneira","https:\/\/x.com\/APeneira"]},{"@type":"Person","@id":"https:\/\/www.anovapeneira.gal\/#\/schema\/person\/b93e3f8932e3f8da96334607eb6ac6aa","name":"Redacci\u00f3n A Nova Peneira","image":{"@type":"ImageObject","inLanguage":"gl-ES","@id":"https:\/\/secure.gravatar.com\/avatar\/c052a2551a06e23fac63626232eaa90abd78dbcf1700fc46a2b2c89fd27b735f?s=96&d=mm&r=g","url":"https:\/\/secure.gravatar.com\/avatar\/c052a2551a06e23fac63626232eaa90abd78dbcf1700fc46a2b2c89fd27b735f?s=96&d=mm&r=g","contentUrl":"https:\/\/secure.gravatar.com\/avatar\/c052a2551a06e23fac63626232eaa90abd78dbcf1700fc46a2b2c89fd27b735f?s=96&d=mm&r=g","caption":"Redacci\u00f3n A Nova Peneira"},"sameAs":["http:\/\/www.anovapeneira.gal\/"],"url":"https:\/\/www.anovapeneira.gal\/index.php\/author\/redactor\/"}]}},"jetpack_featured_media_url":"https:\/\/www.anovapeneira.gal\/wp-content\/uploads\/2024\/12\/montse_prado.jpg","_links":{"self":[{"href":"https:\/\/www.anovapeneira.gal\/index.php\/wp-json\/wp\/v2\/posts\/12876","targetHints":{"allow":["GET"]}}],"collection":[{"href":"https:\/\/www.anovapeneira.gal\/index.php\/wp-json\/wp\/v2\/posts"}],"about":[{"href":"https:\/\/www.anovapeneira.gal\/index.php\/wp-json\/wp\/v2\/types\/post"}],"author":[{"embeddable":true,"href":"https:\/\/www.anovapeneira.gal\/index.php\/wp-json\/wp\/v2\/users\/3"}],"replies":[{"embeddable":true,"href":"https:\/\/www.anovapeneira.gal\/index.php\/wp-json\/wp\/v2\/comments?post=12876"}],"version-history":[{"count":1,"href":"https:\/\/www.anovapeneira.gal\/index.php\/wp-json\/wp\/v2\/posts\/12876\/revisions"}],"predecessor-version":[{"id":12878,"href":"https:\/\/www.anovapeneira.gal\/index.php\/wp-json\/wp\/v2\/posts\/12876\/revisions\/12878"}],"wp:featuredmedia":[{"embeddable":true,"href":"https:\/\/www.anovapeneira.gal\/index.php\/wp-json\/wp\/v2\/media\/12877"}],"wp:attachment":[{"href":"https:\/\/www.anovapeneira.gal\/index.php\/wp-json\/wp\/v2\/media?parent=12876"}],"wp:term":[{"taxonomy":"category","embeddable":true,"href":"https:\/\/www.anovapeneira.gal\/index.php\/wp-json\/wp\/v2\/categories?post=12876"},{"taxonomy":"post_tag","embeddable":true,"href":"https:\/\/www.anovapeneira.gal\/index.php\/wp-json\/wp\/v2\/tags?post=12876"}],"curies":[{"name":"wp","href":"https:\/\/api.w.org\/{rel}","templated":true}]}}