{"id":12891,"date":"2024-12-06T10:00:55","date_gmt":"2024-12-06T09:00:55","guid":{"rendered":"https:\/\/www.anovapeneira.gal\/?p=12891"},"modified":"2024-12-02T10:39:35","modified_gmt":"2024-12-02T09:39:35","slug":"o-tribunal-cupremo-censura-a-stellantis-vigo","status":"publish","type":"post","link":"https:\/\/www.anovapeneira.gal\/index.php\/2024\/12\/06\/o-tribunal-cupremo-censura-a-stellantis-vigo\/","title":{"rendered":"O Tribunal Cupremo censura a Stellantis Vigo"},"content":{"rendered":"\n<p>O pasado 5 de novembro, o Tribunal Supremo emitiu unha resoluci\u00f3n que pon de manifesto os abusos da empresa STELLANTIS VIGO en materia de conciliaci\u00f3n da vida laboral e familiar. A resoluci\u00f3n, que confirma a sentenza do Tribunal Superior de Xustiza de Galicia, non s\u00f3 declara a inadmisi\u00f3n do recurso presentado por Stellantis, sen\u00f3n que tam\u00e9n reafirma o dereito incondicionado das traballadoras e traballadores \u00e1 modificaci\u00f3n da xornada por estes motivos de conciliaci\u00f3n, sen intromisi\u00f3ns empresariais.<\/p>\n\n\n\n<p>A situaci\u00f3n xurdiu cando unha traballadora de Stellantis solicitou a ampliaci\u00f3n da s\u00faa xornada reducida do 50% ao 62,5% para poder adaptarse \u00e1s novas necesidades familiares, en concreto, para poder conciliar o seu horario laboral co coidado do seu fillo. A empresa, sen raz\u00f3ns xustificadas, denegou esta petici\u00f3n, alegando que a traballadora non se acoll\u00eda aos sistemas de conciliaci\u00f3n aprobados, que, como xa se demostrou, s\u00f3 responden aos intereses empresariais e non \u00e1s necesidades reais das persoas traballadoras. A empresa argumentou que a solicitude non se axustaba ao convenio colectivo, mais o Tribunal determinou que tal argumentaci\u00f3n carec\u00eda de fundamento e que a empresa non xustificou debidamente a imposibilidade de aceptar a modificaci\u00f3n do horario.<\/p>\n\n\n\n<p>O Tribunal Supremo, ao revisar o caso, deixou claro que a empresa non pode negar a reduci\u00f3n de xornada sen realizar un estudo ponderado das circunstancias. A sentenza reitera que a negativa da empresa non s\u00f3 incumpre o dereito legal de conciliaci\u00f3n, sen\u00f3n que tam\u00e9n infrinxe o dereito \u00e1 non discriminaci\u00f3n por raz\u00f3n de circunstancias familiares.<\/p>\n\n\n\n<p>Ademais ratificase a indemnizaci\u00f3n de 6251\u20ac por vulneraci\u00f3n de dereitos fundamentais, e a condena a aboar as cantidades deixadas de percibir, por non poder ampliar a s\u00faa xornada as 5 horas e dende o momento da solicitude, o que sup\u00f3n 267.56\u20ac por cada mes, dende febreiro do 2021 ata a actualidade.<\/p>\n\n\n\n<p>Para a CUT \u201ca mercantil est\u00e1 abusando de tales acordos voluntarios para impedir calquera outra f\u00f3rmula de conciliaci\u00f3n e impedir que as traballadoras e traballadores da empresa reduzan libremente o seu horario segundo as s\u00faas<\/p>\n\n\n\n<p>necesidades para facerse cargo dos seusmenores e maiores, nun acto de obstruci\u00f3n dos dereitos de conciliaci\u00f3n sen precedentes, moito menos nunha empresa das dimensi\u00f3ns e coas posibilidades de adaptaci\u00f3n da Stellantis\u201d.<\/p>\n\n\n\n<p>\u00c9 inaceptable que, en pleno s\u00e9culo XXI, empresas como Stellantis contin\u00faen obstaculizando os dereitos laborais fundamentais das s\u00faas traballadoras.<\/p>\n\n\n\n<p>Dende a CUT vemos absolutamente l\u00f3xico que se comecen a ditar sentenzas en contra do plan de igualdade da antiga Citro\u00ebn, pois como xa denunciamos en varias ocasi\u00f3ns, \u00e9 un plan discriminatorio, arbitrario e s\u00f3 contempla as necesidades da empresa para darlle a m\u00ednima cobertura legal, que xa se est\u00e1 a demostrar insuficiente.<\/p>\n\n\n\n<p>Este plan de igualdade apoiado por unha maior\u00eda da representaci\u00f3n social, demostra que nas negociaci\u00f3ns, esa representaci\u00f3n social non pensa nas necesidades das persoas, s\u00f3 o fai nas necesidades da empresa, sendo unha parte c\u00f3mplice destes abusos.<\/p>\n\n\n\n<p>Esta situaci\u00f3n debe ser un punto de inflexi\u00f3n para a empresa, que debe asumir a s\u00faa responsabilidade e comprometerse a crear un ambiente laboral que priorice a conciliaci\u00f3n da vida laboral e familiar.<\/p>\n\n\n\n<div data-wp-interactive=\"core\/file\" class=\"wp-block-file\"><object data-wp-bind--hidden=\"!state.hasPdfPreview\" hidden class=\"wp-block-file__embed\" data=\"https:\/\/www.anovapeneira.gal\/wp-content\/uploads\/2024\/12\/ATS_13772_2024.pdf\" type=\"application\/pdf\" style=\"width:100%;height:600px\" aria-label=\"Incrustado de ATS_13772_2024.\"><\/object><a id=\"wp-block-file--media-103c3c8a-3e1f-49ed-9f59-18dc36cca165\" href=\"https:\/\/www.anovapeneira.gal\/wp-content\/uploads\/2024\/12\/ATS_13772_2024.pdf\">ATS_13772_2024<\/a><a href=\"https:\/\/www.anovapeneira.gal\/wp-content\/uploads\/2024\/12\/ATS_13772_2024.pdf\" class=\"wp-block-file__button wp-element-button\" download aria-describedby=\"wp-block-file--media-103c3c8a-3e1f-49ed-9f59-18dc36cca165\">Descarga\t <\/a><\/div>\n","protected":false},"excerpt":{"rendered":"<div class=\"mh-excerpt\"><p>O pasado 5 de novembro, o Tribunal Supremo emitiu unha resoluci\u00f3n que pon de manifesto os abusos da empresa STELLANTIS VIGO en materia de conciliaci\u00f3n da vida laboral e familiar <a class=\"mh-excerpt-more\" href=\"https:\/\/www.anovapeneira.gal\/index.php\/2024\/12\/06\/o-tribunal-cupremo-censura-a-stellantis-vigo\/\" title=\"O Tribunal Cupremo censura a Stellantis Vigo\">[&#8230;]<\/a><\/p>\n<\/div>","protected":false},"author":3,"featured_media":7079,"comment_status":"open","ping_status":"open","sticky":false,"template":"","format":"standard","meta":{"_exactmetrics_skip_tracking":false,"_exactmetrics_sitenote_active":false,"_exactmetrics_sitenote_note":"","_exactmetrics_sitenote_category":0,"footnotes":""},"categories":[19],"tags":[227],"class_list":{"0":"post-12891","1":"post","2":"type-post","3":"status-publish","4":"format-standard","5":"has-post-thumbnail","7":"category-vigo","8":"tag-concello-de-vigo"},"yoast_head":"<!-- This site is optimized with the Yoast SEO plugin v27.4 - https:\/\/yoast.com\/product\/yoast-seo-wordpress\/ -->\n<title>O Tribunal Cupremo censura a Stellantis Vigo -<\/title>\n<meta name=\"robots\" content=\"index, follow, max-snippet:-1, max-image-preview:large, max-video-preview:-1\" \/>\n<link rel=\"canonical\" href=\"https:\/\/www.anovapeneira.gal\/index.php\/2024\/12\/06\/o-tribunal-cupremo-censura-a-stellantis-vigo\/\" \/>\n<meta property=\"og:locale\" content=\"gl_ES\" \/>\n<meta property=\"og:type\" content=\"article\" \/>\n<meta property=\"og:title\" content=\"O Tribunal Cupremo censura a Stellantis Vigo -\" \/>\n<meta property=\"og:description\" content=\"O pasado 5 de novembro, o Tribunal Supremo emitiu unha resoluci\u00f3n que pon de manifesto os abusos da empresa STELLANTIS VIGO en materia de conciliaci\u00f3n da vida laboral e familiar [...]\" \/>\n<meta property=\"og:url\" content=\"https:\/\/www.anovapeneira.gal\/index.php\/2024\/12\/06\/o-tribunal-cupremo-censura-a-stellantis-vigo\/\" \/>\n<meta property=\"article:publisher\" content=\"https:\/\/www.facebook.com\/anovapeneira\" \/>\n<meta property=\"article:published_time\" content=\"2024-12-06T09:00:55+00:00\" \/>\n<meta property=\"og:image\" content=\"https:\/\/www.anovapeneira.gal\/wp-content\/uploads\/2022\/03\/cut_citroen.jpg\" \/>\n\t<meta property=\"og:image:width\" content=\"720\" \/>\n\t<meta property=\"og:image:height\" content=\"432\" \/>\n\t<meta property=\"og:image:type\" content=\"image\/jpeg\" \/>\n<meta name=\"author\" content=\"Redacci\u00f3n A Nova Peneira\" \/>\n<meta name=\"twitter:card\" content=\"summary_large_image\" \/>\n<meta name=\"twitter:creator\" content=\"@APeneira\" \/>\n<meta name=\"twitter:site\" content=\"@APeneira\" \/>\n<meta name=\"twitter:label1\" content=\"Escrito por\" \/>\n\t<meta name=\"twitter:data1\" content=\"Redacci\u00f3n A Nova Peneira\" \/>\n\t<meta name=\"twitter:label2\" content=\"Tempo de lectura\" \/>\n\t<meta name=\"twitter:data2\" content=\"3 minutos\" \/>\n<script type=\"application\/ld+json\" class=\"yoast-schema-graph\">{\"@context\":\"https:\\\/\\\/schema.org\",\"@graph\":[{\"@type\":\"Article\",\"@id\":\"https:\\\/\\\/www.anovapeneira.gal\\\/index.php\\\/2024\\\/12\\\/06\\\/o-tribunal-cupremo-censura-a-stellantis-vigo\\\/#article\",\"isPartOf\":{\"@id\":\"https:\\\/\\\/www.anovapeneira.gal\\\/index.php\\\/2024\\\/12\\\/06\\\/o-tribunal-cupremo-censura-a-stellantis-vigo\\\/\"},\"author\":{\"name\":\"Redacci\u00f3n A Nova Peneira\",\"@id\":\"https:\\\/\\\/www.anovapeneira.gal\\\/#\\\/schema\\\/person\\\/b93e3f8932e3f8da96334607eb6ac6aa\"},\"headline\":\"O Tribunal Cupremo censura a Stellantis Vigo\",\"datePublished\":\"2024-12-06T09:00:55+00:00\",\"mainEntityOfPage\":{\"@id\":\"https:\\\/\\\/www.anovapeneira.gal\\\/index.php\\\/2024\\\/12\\\/06\\\/o-tribunal-cupremo-censura-a-stellantis-vigo\\\/\"},\"wordCount\":556,\"commentCount\":0,\"publisher\":{\"@id\":\"https:\\\/\\\/www.anovapeneira.gal\\\/#organization\"},\"image\":{\"@id\":\"https:\\\/\\\/www.anovapeneira.gal\\\/index.php\\\/2024\\\/12\\\/06\\\/o-tribunal-cupremo-censura-a-stellantis-vigo\\\/#primaryimage\"},\"thumbnailUrl\":\"https:\\\/\\\/www.anovapeneira.gal\\\/wp-content\\\/uploads\\\/2022\\\/03\\\/cut_citroen.jpg\",\"keywords\":[\"Concello de Vigo\"],\"articleSection\":[\"Vigo\"],\"inLanguage\":\"gl-ES\",\"potentialAction\":[{\"@type\":\"CommentAction\",\"name\":\"Comment\",\"target\":[\"https:\\\/\\\/www.anovapeneira.gal\\\/index.php\\\/2024\\\/12\\\/06\\\/o-tribunal-cupremo-censura-a-stellantis-vigo\\\/#respond\"]}]},{\"@type\":\"WebPage\",\"@id\":\"https:\\\/\\\/www.anovapeneira.gal\\\/index.php\\\/2024\\\/12\\\/06\\\/o-tribunal-cupremo-censura-a-stellantis-vigo\\\/\",\"url\":\"https:\\\/\\\/www.anovapeneira.gal\\\/index.php\\\/2024\\\/12\\\/06\\\/o-tribunal-cupremo-censura-a-stellantis-vigo\\\/\",\"name\":\"O Tribunal Cupremo censura a Stellantis Vigo -\",\"isPartOf\":{\"@id\":\"https:\\\/\\\/www.anovapeneira.gal\\\/#website\"},\"primaryImageOfPage\":{\"@id\":\"https:\\\/\\\/www.anovapeneira.gal\\\/index.php\\\/2024\\\/12\\\/06\\\/o-tribunal-cupremo-censura-a-stellantis-vigo\\\/#primaryimage\"},\"image\":{\"@id\":\"https:\\\/\\\/www.anovapeneira.gal\\\/index.php\\\/2024\\\/12\\\/06\\\/o-tribunal-cupremo-censura-a-stellantis-vigo\\\/#primaryimage\"},\"thumbnailUrl\":\"https:\\\/\\\/www.anovapeneira.gal\\\/wp-content\\\/uploads\\\/2022\\\/03\\\/cut_citroen.jpg\",\"datePublished\":\"2024-12-06T09:00:55+00:00\",\"breadcrumb\":{\"@id\":\"https:\\\/\\\/www.anovapeneira.gal\\\/index.php\\\/2024\\\/12\\\/06\\\/o-tribunal-cupremo-censura-a-stellantis-vigo\\\/#breadcrumb\"},\"inLanguage\":\"gl-ES\",\"potentialAction\":[{\"@type\":\"ReadAction\",\"target\":[\"https:\\\/\\\/www.anovapeneira.gal\\\/index.php\\\/2024\\\/12\\\/06\\\/o-tribunal-cupremo-censura-a-stellantis-vigo\\\/\"]}]},{\"@type\":\"ImageObject\",\"inLanguage\":\"gl-ES\",\"@id\":\"https:\\\/\\\/www.anovapeneira.gal\\\/index.php\\\/2024\\\/12\\\/06\\\/o-tribunal-cupremo-censura-a-stellantis-vigo\\\/#primaryimage\",\"url\":\"https:\\\/\\\/www.anovapeneira.gal\\\/wp-content\\\/uploads\\\/2022\\\/03\\\/cut_citroen.jpg\",\"contentUrl\":\"https:\\\/\\\/www.anovapeneira.gal\\\/wp-content\\\/uploads\\\/2022\\\/03\\\/cut_citroen.jpg\",\"width\":720,\"height\":432,\"caption\":\"Cut central unitaria de traballadores citro\u00ebn\"},{\"@type\":\"BreadcrumbList\",\"@id\":\"https:\\\/\\\/www.anovapeneira.gal\\\/index.php\\\/2024\\\/12\\\/06\\\/o-tribunal-cupremo-censura-a-stellantis-vigo\\\/#breadcrumb\",\"itemListElement\":[{\"@type\":\"ListItem\",\"position\":1,\"name\":\"Portada\",\"item\":\"https:\\\/\\\/www.anovapeneira.gal\\\/\"},{\"@type\":\"ListItem\",\"position\":2,\"name\":\"O Tribunal Cupremo censura a Stellantis Vigo\"}]},{\"@type\":\"WebSite\",\"@id\":\"https:\\\/\\\/www.anovapeneira.gal\\\/#website\",\"url\":\"https:\\\/\\\/www.anovapeneira.gal\\\/\",\"name\":\"\",\"description\":\"Xornal galego de informaci\u00f3n xeral Publicaci\u00f3n mensual de novas de Galicia e en especial dos Concellos da sur da provincia de Pontevedra.\",\"publisher\":{\"@id\":\"https:\\\/\\\/www.anovapeneira.gal\\\/#organization\"},\"potentialAction\":[{\"@type\":\"SearchAction\",\"target\":{\"@type\":\"EntryPoint\",\"urlTemplate\":\"https:\\\/\\\/www.anovapeneira.gal\\\/?s={search_term_string}\"},\"query-input\":{\"@type\":\"PropertyValueSpecification\",\"valueRequired\":true,\"valueName\":\"search_term_string\"}}],\"inLanguage\":\"gl-ES\"},{\"@type\":\"Organization\",\"@id\":\"https:\\\/\\\/www.anovapeneira.gal\\\/#organization\",\"name\":\"A Nova Peneira\",\"url\":\"https:\\\/\\\/www.anovapeneira.gal\\\/\",\"logo\":{\"@type\":\"ImageObject\",\"inLanguage\":\"gl-ES\",\"@id\":\"https:\\\/\\\/www.anovapeneira.gal\\\/#\\\/schema\\\/logo\\\/image\\\/\",\"url\":\"http:\\\/\\\/www.anovapeneira.gal\\\/wp-content\\\/uploads\\\/2019\\\/06\\\/logo_a_nova_peneira_portal_web.png\",\"contentUrl\":\"http:\\\/\\\/www.anovapeneira.gal\\\/wp-content\\\/uploads\\\/2019\\\/06\\\/logo_a_nova_peneira_portal_web.png\",\"width\":300,\"height\":100,\"caption\":\"A Nova Peneira\"},\"image\":{\"@id\":\"https:\\\/\\\/www.anovapeneira.gal\\\/#\\\/schema\\\/logo\\\/image\\\/\"},\"sameAs\":[\"https:\\\/\\\/www.facebook.com\\\/anovapeneira\",\"https:\\\/\\\/x.com\\\/APeneira\"]},{\"@type\":\"Person\",\"@id\":\"https:\\\/\\\/www.anovapeneira.gal\\\/#\\\/schema\\\/person\\\/b93e3f8932e3f8da96334607eb6ac6aa\",\"name\":\"Redacci\u00f3n A Nova Peneira\",\"image\":{\"@type\":\"ImageObject\",\"inLanguage\":\"gl-ES\",\"@id\":\"https:\\\/\\\/secure.gravatar.com\\\/avatar\\\/c052a2551a06e23fac63626232eaa90abd78dbcf1700fc46a2b2c89fd27b735f?s=96&d=mm&r=g\",\"url\":\"https:\\\/\\\/secure.gravatar.com\\\/avatar\\\/c052a2551a06e23fac63626232eaa90abd78dbcf1700fc46a2b2c89fd27b735f?s=96&d=mm&r=g\",\"contentUrl\":\"https:\\\/\\\/secure.gravatar.com\\\/avatar\\\/c052a2551a06e23fac63626232eaa90abd78dbcf1700fc46a2b2c89fd27b735f?s=96&d=mm&r=g\",\"caption\":\"Redacci\u00f3n A Nova Peneira\"},\"sameAs\":[\"http:\\\/\\\/www.anovapeneira.gal\\\/\"],\"url\":\"https:\\\/\\\/www.anovapeneira.gal\\\/index.php\\\/author\\\/redactor\\\/\"}]}<\/script>\n<!-- \/ Yoast SEO plugin. -->","yoast_head_json":{"title":"O Tribunal Cupremo censura a Stellantis Vigo -","robots":{"index":"index","follow":"follow","max-snippet":"max-snippet:-1","max-image-preview":"max-image-preview:large","max-video-preview":"max-video-preview:-1"},"canonical":"https:\/\/www.anovapeneira.gal\/index.php\/2024\/12\/06\/o-tribunal-cupremo-censura-a-stellantis-vigo\/","og_locale":"gl_ES","og_type":"article","og_title":"O Tribunal Cupremo censura a Stellantis Vigo -","og_description":"O pasado 5 de novembro, o Tribunal Supremo emitiu unha resoluci\u00f3n que pon de manifesto os abusos da empresa STELLANTIS VIGO en materia de conciliaci\u00f3n da vida laboral e familiar [...]","og_url":"https:\/\/www.anovapeneira.gal\/index.php\/2024\/12\/06\/o-tribunal-cupremo-censura-a-stellantis-vigo\/","article_publisher":"https:\/\/www.facebook.com\/anovapeneira","article_published_time":"2024-12-06T09:00:55+00:00","og_image":[{"width":720,"height":432,"url":"https:\/\/www.anovapeneira.gal\/wp-content\/uploads\/2022\/03\/cut_citroen.jpg","type":"image\/jpeg"}],"author":"Redacci\u00f3n A Nova Peneira","twitter_card":"summary_large_image","twitter_creator":"@APeneira","twitter_site":"@APeneira","twitter_misc":{"Escrito por":"Redacci\u00f3n A Nova Peneira","Tempo de lectura":"3 minutos"},"schema":{"@context":"https:\/\/schema.org","@graph":[{"@type":"Article","@id":"https:\/\/www.anovapeneira.gal\/index.php\/2024\/12\/06\/o-tribunal-cupremo-censura-a-stellantis-vigo\/#article","isPartOf":{"@id":"https:\/\/www.anovapeneira.gal\/index.php\/2024\/12\/06\/o-tribunal-cupremo-censura-a-stellantis-vigo\/"},"author":{"name":"Redacci\u00f3n A Nova Peneira","@id":"https:\/\/www.anovapeneira.gal\/#\/schema\/person\/b93e3f8932e3f8da96334607eb6ac6aa"},"headline":"O Tribunal Cupremo censura a Stellantis Vigo","datePublished":"2024-12-06T09:00:55+00:00","mainEntityOfPage":{"@id":"https:\/\/www.anovapeneira.gal\/index.php\/2024\/12\/06\/o-tribunal-cupremo-censura-a-stellantis-vigo\/"},"wordCount":556,"commentCount":0,"publisher":{"@id":"https:\/\/www.anovapeneira.gal\/#organization"},"image":{"@id":"https:\/\/www.anovapeneira.gal\/index.php\/2024\/12\/06\/o-tribunal-cupremo-censura-a-stellantis-vigo\/#primaryimage"},"thumbnailUrl":"https:\/\/www.anovapeneira.gal\/wp-content\/uploads\/2022\/03\/cut_citroen.jpg","keywords":["Concello de Vigo"],"articleSection":["Vigo"],"inLanguage":"gl-ES","potentialAction":[{"@type":"CommentAction","name":"Comment","target":["https:\/\/www.anovapeneira.gal\/index.php\/2024\/12\/06\/o-tribunal-cupremo-censura-a-stellantis-vigo\/#respond"]}]},{"@type":"WebPage","@id":"https:\/\/www.anovapeneira.gal\/index.php\/2024\/12\/06\/o-tribunal-cupremo-censura-a-stellantis-vigo\/","url":"https:\/\/www.anovapeneira.gal\/index.php\/2024\/12\/06\/o-tribunal-cupremo-censura-a-stellantis-vigo\/","name":"O Tribunal Cupremo censura a Stellantis Vigo -","isPartOf":{"@id":"https:\/\/www.anovapeneira.gal\/#website"},"primaryImageOfPage":{"@id":"https:\/\/www.anovapeneira.gal\/index.php\/2024\/12\/06\/o-tribunal-cupremo-censura-a-stellantis-vigo\/#primaryimage"},"image":{"@id":"https:\/\/www.anovapeneira.gal\/index.php\/2024\/12\/06\/o-tribunal-cupremo-censura-a-stellantis-vigo\/#primaryimage"},"thumbnailUrl":"https:\/\/www.anovapeneira.gal\/wp-content\/uploads\/2022\/03\/cut_citroen.jpg","datePublished":"2024-12-06T09:00:55+00:00","breadcrumb":{"@id":"https:\/\/www.anovapeneira.gal\/index.php\/2024\/12\/06\/o-tribunal-cupremo-censura-a-stellantis-vigo\/#breadcrumb"},"inLanguage":"gl-ES","potentialAction":[{"@type":"ReadAction","target":["https:\/\/www.anovapeneira.gal\/index.php\/2024\/12\/06\/o-tribunal-cupremo-censura-a-stellantis-vigo\/"]}]},{"@type":"ImageObject","inLanguage":"gl-ES","@id":"https:\/\/www.anovapeneira.gal\/index.php\/2024\/12\/06\/o-tribunal-cupremo-censura-a-stellantis-vigo\/#primaryimage","url":"https:\/\/www.anovapeneira.gal\/wp-content\/uploads\/2022\/03\/cut_citroen.jpg","contentUrl":"https:\/\/www.anovapeneira.gal\/wp-content\/uploads\/2022\/03\/cut_citroen.jpg","width":720,"height":432,"caption":"Cut central unitaria de traballadores citro\u00ebn"},{"@type":"BreadcrumbList","@id":"https:\/\/www.anovapeneira.gal\/index.php\/2024\/12\/06\/o-tribunal-cupremo-censura-a-stellantis-vigo\/#breadcrumb","itemListElement":[{"@type":"ListItem","position":1,"name":"Portada","item":"https:\/\/www.anovapeneira.gal\/"},{"@type":"ListItem","position":2,"name":"O Tribunal Cupremo censura a Stellantis Vigo"}]},{"@type":"WebSite","@id":"https:\/\/www.anovapeneira.gal\/#website","url":"https:\/\/www.anovapeneira.gal\/","name":"","description":"Xornal galego de informaci\u00f3n xeral Publicaci\u00f3n mensual de novas de Galicia e en especial dos Concellos da sur da provincia de Pontevedra.","publisher":{"@id":"https:\/\/www.anovapeneira.gal\/#organization"},"potentialAction":[{"@type":"SearchAction","target":{"@type":"EntryPoint","urlTemplate":"https:\/\/www.anovapeneira.gal\/?s={search_term_string}"},"query-input":{"@type":"PropertyValueSpecification","valueRequired":true,"valueName":"search_term_string"}}],"inLanguage":"gl-ES"},{"@type":"Organization","@id":"https:\/\/www.anovapeneira.gal\/#organization","name":"A Nova Peneira","url":"https:\/\/www.anovapeneira.gal\/","logo":{"@type":"ImageObject","inLanguage":"gl-ES","@id":"https:\/\/www.anovapeneira.gal\/#\/schema\/logo\/image\/","url":"http:\/\/www.anovapeneira.gal\/wp-content\/uploads\/2019\/06\/logo_a_nova_peneira_portal_web.png","contentUrl":"http:\/\/www.anovapeneira.gal\/wp-content\/uploads\/2019\/06\/logo_a_nova_peneira_portal_web.png","width":300,"height":100,"caption":"A Nova Peneira"},"image":{"@id":"https:\/\/www.anovapeneira.gal\/#\/schema\/logo\/image\/"},"sameAs":["https:\/\/www.facebook.com\/anovapeneira","https:\/\/x.com\/APeneira"]},{"@type":"Person","@id":"https:\/\/www.anovapeneira.gal\/#\/schema\/person\/b93e3f8932e3f8da96334607eb6ac6aa","name":"Redacci\u00f3n A Nova Peneira","image":{"@type":"ImageObject","inLanguage":"gl-ES","@id":"https:\/\/secure.gravatar.com\/avatar\/c052a2551a06e23fac63626232eaa90abd78dbcf1700fc46a2b2c89fd27b735f?s=96&d=mm&r=g","url":"https:\/\/secure.gravatar.com\/avatar\/c052a2551a06e23fac63626232eaa90abd78dbcf1700fc46a2b2c89fd27b735f?s=96&d=mm&r=g","contentUrl":"https:\/\/secure.gravatar.com\/avatar\/c052a2551a06e23fac63626232eaa90abd78dbcf1700fc46a2b2c89fd27b735f?s=96&d=mm&r=g","caption":"Redacci\u00f3n A Nova Peneira"},"sameAs":["http:\/\/www.anovapeneira.gal\/"],"url":"https:\/\/www.anovapeneira.gal\/index.php\/author\/redactor\/"}]}},"jetpack_featured_media_url":"https:\/\/www.anovapeneira.gal\/wp-content\/uploads\/2022\/03\/cut_citroen.jpg","_links":{"self":[{"href":"https:\/\/www.anovapeneira.gal\/index.php\/wp-json\/wp\/v2\/posts\/12891","targetHints":{"allow":["GET"]}}],"collection":[{"href":"https:\/\/www.anovapeneira.gal\/index.php\/wp-json\/wp\/v2\/posts"}],"about":[{"href":"https:\/\/www.anovapeneira.gal\/index.php\/wp-json\/wp\/v2\/types\/post"}],"author":[{"embeddable":true,"href":"https:\/\/www.anovapeneira.gal\/index.php\/wp-json\/wp\/v2\/users\/3"}],"replies":[{"embeddable":true,"href":"https:\/\/www.anovapeneira.gal\/index.php\/wp-json\/wp\/v2\/comments?post=12891"}],"version-history":[{"count":1,"href":"https:\/\/www.anovapeneira.gal\/index.php\/wp-json\/wp\/v2\/posts\/12891\/revisions"}],"predecessor-version":[{"id":12893,"href":"https:\/\/www.anovapeneira.gal\/index.php\/wp-json\/wp\/v2\/posts\/12891\/revisions\/12893"}],"wp:featuredmedia":[{"embeddable":true,"href":"https:\/\/www.anovapeneira.gal\/index.php\/wp-json\/wp\/v2\/media\/7079"}],"wp:attachment":[{"href":"https:\/\/www.anovapeneira.gal\/index.php\/wp-json\/wp\/v2\/media?parent=12891"}],"wp:term":[{"taxonomy":"category","embeddable":true,"href":"https:\/\/www.anovapeneira.gal\/index.php\/wp-json\/wp\/v2\/categories?post=12891"},{"taxonomy":"post_tag","embeddable":true,"href":"https:\/\/www.anovapeneira.gal\/index.php\/wp-json\/wp\/v2\/tags?post=12891"}],"curies":[{"name":"wp","href":"https:\/\/api.w.org\/{rel}","templated":true}]}}