{"id":12895,"date":"2024-12-06T12:00:02","date_gmt":"2024-12-06T11:00:02","guid":{"rendered":"https:\/\/www.anovapeneira.gal\/?p=12895"},"modified":"2024-12-03T18:58:34","modified_gmt":"2024-12-03T17:58:34","slug":"carlos-rodriguez-saxa-crego-de-reboreda-2","status":"publish","type":"post","link":"https:\/\/www.anovapeneira.gal\/index.php\/2024\/12\/06\/carlos-rodriguez-saxa-crego-de-reboreda-2\/","title":{"rendered":"Carlos Rodr\u00edguez \u201cSAXA\u201d, crego de Reboreda"},"content":{"rendered":"\n<p><strong>En marzo do ano 2022 un l\u00f3strego bat\u00eda contra a parte superior da fermosa igrexa de Reboreda causando danos moi graves ao edificio. Esta \u00e9 unha igrexa de estilo barroco tard\u00edo catalogada como Ben de Interese Cultural, que ser\u00eda unha aut\u00e9ntica cat\u00e1strofe para o pobo de Reboreda non poder arranxar. A teimos\u00eda e o compromiso afectivo do seu crego, Carlos Rodr\u00edguez \u201c Saxa\u201d, un cura como Deus manda, para cos seus fregueses e freguesas, deu o seus froitos e unha vez conseguiu o financiamento necesario est\u00e1n a traballar en volver deixar a igrexa tal como estaba antes do impacto do l\u00f3strego. O 15 de Agosto, d\u00eda grande das festas de Reboreda, prevese que as camp\u00e1s da s\u00faa igrexa repeniquen anunciando a fermosa Alba de Gloria de reparaci\u00f3n definitiva do templo barroco da parroquia que ten o centro cultural m\u00e1is bonito do mundo.<\/strong><\/p>\n\n\n\n<h2 class=\"wp-block-heading\">\u201c<strong>Nas festas de Agosto prevemos ter rematadas as obras da nosa Igrexa\u201d<\/strong><\/h2>\n\n\n\n<p><strong>Carlos, cantos anos levas de cura en Reboreda?<\/strong><\/p>\n\n\n\n<blockquote class=\"wp-block-quote is-layout-flow wp-block-quote-is-layout-flow\">\n<p>Levo doce anos<\/p>\n<\/blockquote>\n\n\n\n<p><strong>En que parroquias estiveches antes?<\/strong><\/p>\n\n\n\n<blockquote class=\"wp-block-quote is-layout-flow wp-block-quote-is-layout-flow\">\n<p>Estiven en Varias: en Barciademera, Sabax\u00e1ns, Para\u00f1os, Santa Mari\u00f1a de Covelo, Salvaterra, Fornelos d\u00e1 Ribeira, Moreira e Lourido. Despois desta etapa fun a Salamanca, al\u00ed estiven case doce anos e rematei a carreira de filosof\u00eda e humanidades, despois fixen un doutorado na Pontificia, tam\u00e9n dei clase na Ponti ata que se me rematou o contrato e vinme para aqu\u00ed, para Redondela e estiven de crego en Cedeira e Trasma\u00f1\u00f3.<\/p>\n<\/blockquote>\n\n\n\n<p><strong>Cantas parroquias atendes agora?<\/strong><\/p>\n\n\n\n<blockquote class=\"wp-block-quote is-layout-flow wp-block-quote-is-layout-flow\">\n<p>Estou en tres parroquias. San Marti\u00f1o de Ventosela, Amoedo e Reboreda.<\/p>\n<\/blockquote>\n\n\n\n<p><strong>A idiosincrasia dos fregueses e freguesas \u00e9 a mesma en todas as parroquias que atendes?<\/strong><\/p>\n\n\n\n<blockquote class=\"wp-block-quote is-layout-flow wp-block-quote-is-layout-flow\">\n<p>Si, quizais Reboreda sexa unha parroquia con m\u00e1is peso por ter m\u00e1is poboaci\u00f3n.<\/p>\n<\/blockquote>\n\n\n\n<p><strong>Cal \u00e9 a idade media da xente que asiste \u00e1 igrexa, hai xente maior ou tam\u00e9n hai xente nova?<\/strong><\/p>\n\n\n\n<blockquote class=\"wp-block-quote is-layout-flow wp-block-quote-is-layout-flow\">\n<p>Maiormente xente maior. Hai un grupo pequeno de xente que inicia a catequese ent\u00f3n ve\u00f1en nenos e algunha xente nova tam\u00e9n.<\/p>\n<\/blockquote>\n\n\n\n<p><strong>De que \u00e9poca \u00e9 esta igrexa?<\/strong><\/p>\n\n\n\n<blockquote class=\"wp-block-quote is-layout-flow wp-block-quote-is-layout-flow\">\n<p>\u00c9 barroca tard\u00eda do S-XVIII. Mandouna constru\u00edr don Diego de Araujo Ozores Sotomayor, \u00e9 esta familia a que paga a construci\u00f3n da obra.<\/p>\n<\/blockquote>\n\n\n\n<p><strong>Ten algunha reforma posterior?<\/strong><\/p>\n\n\n\n<blockquote class=\"wp-block-quote is-layout-flow wp-block-quote-is-layout-flow\">\n<p>Non, non ten. Posiblemente no sitio da Igrexa haber\u00eda unha capela pero como quedaba pequena os se\u00f1ores mandaron refacela enteira, a torre e o presbiterio.<\/p>\n<\/blockquote>\n\n\n\n<p><strong>Que forma parte da construci\u00f3n, a igrexa, a casa reitoral, que \u00e9 a t\u00faa vivenda, e algo m\u00e1is?<\/strong><\/p>\n\n\n\n<blockquote class=\"wp-block-quote is-layout-flow wp-block-quote-is-layout-flow\">\n<p>Non.<\/p>\n<\/blockquote>\n\n\n\n<p><strong>Houbo unha tormenta e un l\u00f3strego caeu sobre a igrexa, cando foi isto?<\/strong><\/p>\n\n\n\n<blockquote class=\"wp-block-quote is-layout-flow wp-block-quote-is-layout-flow\">\n<p>O 8 de marzo do 2022. \u00c1s 7:05h d\u00e1 ma\u00f1\u00e1.<\/p>\n<\/blockquote>\n\n\n\n<p><strong>Estabas a durmir imaxino?<\/strong><\/p>\n\n\n\n<blockquote class=\"wp-block-quote is-layout-flow wp-block-quote-is-layout-flow\">\n<p>Estaba medio adormecido xogando co gato.<\/p>\n<\/blockquote>\n\n\n\n<p><strong>Viches o l\u00f3strego?<\/strong><\/p>\n\n\n\n<blockquote class=\"wp-block-quote is-layout-flow wp-block-quote-is-layout-flow\">\n<p>Vin unha b\u00f3la luminosa e logo un ru\u00eddo interminable.<\/p>\n<\/blockquote>\n\n\n\n<p><strong>Que pensaches nese momento, que se acababa o mundo?<\/strong><\/p>\n\n\n\n<blockquote class=\"wp-block-quote is-layout-flow wp-block-quote-is-layout-flow\">\n<p>Ha ha ha ha. Quedei impresionado, non era unha noite de treboada, foi un \u00fanico l\u00f3strego. Cando me asomei pola xanela parec\u00edame incrible, faltaba parte do campanario, cando sa\u00edn e vin todas as pedras, decateime da desfeita.<\/p>\n<\/blockquote>\n\n\n\n<p><strong>En que consistiron os danos, foi moi grande a destruci\u00f3n?<\/strong><\/p>\n\n\n\n<blockquote class=\"wp-block-quote is-layout-flow wp-block-quote-is-layout-flow\">\n<p>Derrubouse a c\u00fapula do campanario e o tambor que a sost\u00e9n que son un 25.000 Kg de pedra. Parte desas pedras caeron sobre o tellado, esnaqu\u00edzase o tellado e a ca\u00edda das pedras provoca unha fisura interna dentro da b\u00f3veda, tam\u00e9n desaparece por completo a instalaci\u00f3n e o cadro el\u00e9ctrico. Dentro do malo, non ardeu o retablo.<\/p>\n<\/blockquote>\n\n\n\n<p><strong>De que \u00e9poca \u00e9 o retablo?<\/strong><\/p>\n\n\n\n<blockquote class=\"wp-block-quote is-layout-flow wp-block-quote-is-layout-flow\">\n<p>\u00c9 barroco puro dun gran mestre ebanista que ten m\u00e1is retablos, Don Antonio Del Villar. Ti\u00f1a unha escola de ebanister\u00eda en Redondela e m\u00e1is obras dentro da diocese, un retablo na Catedral de Tui, outro na Colexiata de Baiona, un Cristo articulado en Vilavella.<\/p>\n<\/blockquote>\n\n\n\n<p><strong>Se cadra, o m\u00e1is importante \u00e9 que non ardeu o retablo e sobre todo que non houbo perdas persoais.<\/strong><\/p>\n\n\n\n<blockquote class=\"wp-block-quote is-layout-flow wp-block-quote-is-layout-flow\">\n<p>Claro, chega a pasar un domingo en misa e ser\u00eda terrible, morrer\u00eda xente.<\/p>\n<\/blockquote>\n\n\n\n<p><strong>Quedou inutilizada a igrexa para prestar o servizo relixioso?<\/strong><\/p>\n\n\n\n<blockquote class=\"wp-block-quote is-layout-flow wp-block-quote-is-layout-flow\">\n<p>Si, estivo precintada case dous meses.<\/p>\n<\/blockquote>\n\n\n\n<p><strong>E onde dabas as misas nese tempo?<\/strong><\/p>\n\n\n\n<blockquote class=\"wp-block-quote is-layout-flow wp-block-quote-is-layout-flow\">\n<p>Tiven que dar misa e facer alg\u00fan enterro en San Marti\u00f1o de Ventosela.<\/p>\n<\/blockquote>\n\n\n\n<p><strong>Que se fixo neses dous meses para poder p\u00f3r a igrexa en condici\u00f3ns de poder acoller as misas?<\/strong><\/p>\n\n\n\n<blockquote class=\"wp-block-quote is-layout-flow wp-block-quote-is-layout-flow\">\n<p>O arquitecto que veu valorar os danos dixo que a estrutura interna dunha b\u00f3veda hab\u00eda que facerlle un cimbra para darlle seguridade, ata que se fixo esta cimbra non se puido .<\/p>\n<\/blockquote>\n\n\n\n<p><strong>A partir de a\u00ed xa puideches dar misas con normalidade?<\/strong><\/p>\n\n\n\n<blockquote class=\"wp-block-quote is-layout-flow wp-block-quote-is-layout-flow\">\n<p>Si, xusto foi Domingo de Ramos, no inicio da Semana Santa.<\/p>\n<\/blockquote>\n\n\n\n<p><strong>Cando se comezan as obras de restauraci\u00f3n e como se financian?<\/strong><\/p>\n\n\n\n<blockquote class=\"wp-block-quote is-layout-flow wp-block-quote-is-layout-flow\">\n<p>Montamos a estrutura coma se fose un crebacabezas de pedras en xullo para que estivese preparada para a novena da festa o 15 de agosto, aqu\u00ed xa estaba montada a estrutura e xa se puido facer unha valoraci\u00f3n de orzamento. Isto custeouno a parroquia con fondos propios, foron uns 14.000\u20ac.<\/p>\n<\/blockquote>\n\n\n\n<p><strong>E non pediches fondos ao bispado?<\/strong><\/p>\n\n\n\n<blockquote class=\"wp-block-quote is-layout-flow wp-block-quote-is-layout-flow\">\n<p>Isto pagouno a parroquia.<\/p>\n<\/blockquote>\n\n\n\n<p><strong>Logo imaxino que pediriades un orzamento?<\/strong><\/p>\n\n\n\n<blockquote class=\"wp-block-quote is-layout-flow wp-block-quote-is-layout-flow\">\n<p>Despois de ter a estrutura da c\u00fapula e o tambor montado xa se puido pedir un orzamento. Tivemos que solicitar un proxecto a unha arquitecta. Este proxecto foi custeado a medias entre a parroquia e o bispado.<\/p>\n<\/blockquote>\n\n\n\n<p><strong>Caramba: sospeito que a parroquia ver\u00eda seriamente afectadas as s\u00faas finanzas?<\/strong><\/p>\n\n\n\n<blockquote class=\"wp-block-quote is-layout-flow wp-block-quote-is-layout-flow\">\n<p>Si, quedou un pouco esquilmada. Despois disto a parroquia sufriu un roubo, rebent\u00e1ronnos as portas e tivemos que cambialas. Aqu\u00ed si que o seguro cubriu parte do custo.<\/p>\n<\/blockquote>\n\n\n\n<p><strong>Os seguros cobren cat\u00e1strofes naturais deste estilo?<\/strong><\/p>\n\n\n\n<blockquote class=\"wp-block-quote is-layout-flow wp-block-quote-is-layout-flow\">\n<p>Este cubriu parte, como o desmonte das pedras ou o arranxo da iluminaci\u00f3n. Foi para o que deu a cobertura da p\u00f3liza.<\/p>\n<\/blockquote>\n\n\n\n<p><strong>Cando empezaron as obras?<\/strong><\/p>\n\n\n\n<blockquote class=\"wp-block-quote is-layout-flow wp-block-quote-is-layout-flow\">\n<p>Unha vez que presentamos o proxecto da arquitecta a patrimonio da Xunta de Galicia, patrimonio aceptou facerse cargo da obra. N\u00f3s contratamos \u00e1 empresa e patrimonio f\u00edxose cargo da cont\u00eda.<\/p>\n<\/blockquote>\n\n\n\n<p><strong>\u00c9 moi elevada?<\/strong><\/p>\n\n\n\n<blockquote class=\"wp-block-quote is-layout-flow wp-block-quote-is-layout-flow\">\n<p>Uns 300.000\u20ac.<\/p>\n<\/blockquote>\n\n\n\n<p><strong>Vai quedar tal cal estaba antes?<\/strong><\/p>\n\n\n\n<blockquote class=\"wp-block-quote is-layout-flow wp-block-quote-is-layout-flow\">\n<p>Si, diso \u00e9 do que se trata, de axustar e refacer as pedras que faltan, reparar as que est\u00e1n con fisuras. Tratamos de respectar o orixinal o m\u00e1ximo posible.<\/p>\n<\/blockquote>\n\n\n\n<p><strong>O custo total \u00e9 sufragado por patrimonio da Xunta de Galicia?<\/strong><\/p>\n\n\n\n<blockquote class=\"wp-block-quote is-layout-flow wp-block-quote-is-layout-flow\">\n<p>Si.<\/p>\n<\/blockquote>\n\n\n\n<p><strong>Non falastes co concello para que colaborase na reconstruci\u00f3n?<\/strong><\/p>\n\n\n\n<blockquote class=\"wp-block-quote is-layout-flow wp-block-quote-is-layout-flow\">\n<p>Unha vez que estivo aceptado por patrimonio o proxecto tivemos que pedir licenza de obra ao concello, penso que nos fixeron demasiados requirimentos burocr\u00e1ticos e de papeis. Entendo que sexan necesarios para unha licencia pero penso que se equivocaron, esta obra non \u00e9 unha construci\u00f3n nova, sen\u00f3n unha reconstruci\u00f3n dun Ben de Interese Cultural catalogado as\u00ed dentro do propio concello. O propio concello deber\u00eda de saber que isto \u00e9 unha igrexa e que ten un valor en si mesmo, \u00e9 obvio.<\/p>\n<\/blockquote>\n\n\n\n<p><strong>Como dic\u00eda Bertolt Brecht: hai momentos en que non nos deixan outra opci\u00f3n que defender o obvio.<\/strong><\/p>\n\n\n\n<blockquote class=\"wp-block-quote is-layout-flow wp-block-quote-is-layout-flow\">\n<p>Parece que \u00e1s veces o obvio \u00e9 o m\u00e1is desco\u00f1ecido. Tivemos que pedir unha cantidade de permisos e houbo tantas trabas que parece dif\u00edcil de crer.<\/p>\n<\/blockquote>\n\n\n\n<p><strong>O concello fixo algunha achega de di\u00f1eiro?<\/strong><\/p>\n\n\n\n<blockquote class=\"wp-block-quote is-layout-flow wp-block-quote-is-layout-flow\">\n<p>Cando nos dan a licenza cobr\u00e1ronnos de taxas unha cantidade moi elevada e despois decat\u00e1monos que noutros concellos como as obras no casco vello de Tui ou na Guarda, estas obras est\u00e1n case exentas destas taxas.<\/p>\n<\/blockquote>\n\n\n\n<p><strong>Pagan algunha taxa?<\/strong><\/p>\n\n\n\n<blockquote class=\"wp-block-quote is-layout-flow wp-block-quote-is-layout-flow\">\n<p>Pagan algo simb\u00f3lico.<\/p>\n<\/blockquote>\n\n\n\n<p><strong>Cando prev\u00e9s que rematen as obras?<\/strong><\/p>\n\n\n\n<blockquote class=\"wp-block-quote is-layout-flow wp-block-quote-is-layout-flow\">\n<p>Est\u00e1n para rematar a finais de xullo.<\/p>\n<\/blockquote>\n\n\n\n<p><strong>Para as festas de Reboreda do 15 de agosto esperas que estean as obras acabadas?<\/strong><\/p>\n\n\n\n<blockquote class=\"wp-block-quote is-layout-flow wp-block-quote-is-layout-flow\">\n<p>Si, penso que para aqu\u00ed voltear\u00e1n as camp\u00e1s de novo.<\/p>\n<\/blockquote>\n","protected":false},"excerpt":{"rendered":"<div class=\"mh-excerpt\"><p>En marzo do ano 2022 un l\u00f3strego bat\u00eda contra a parte superior da fermosa igrexa de Reboreda causando danos moi graves ao edificio <a class=\"mh-excerpt-more\" href=\"https:\/\/www.anovapeneira.gal\/index.php\/2024\/12\/06\/carlos-rodriguez-saxa-crego-de-reboreda-2\/\" title=\"Carlos Rodr\u00edguez \u201cSAXA\u201d, crego de Reboreda\">[&#8230;]<\/a><\/p>\n<\/div>","protected":false},"author":3,"featured_media":12896,"comment_status":"open","ping_status":"open","sticky":false,"template":"","format":"standard","meta":{"_exactmetrics_skip_tracking":false,"_exactmetrics_sitenote_active":false,"_exactmetrics_sitenote_note":"","_exactmetrics_sitenote_category":0,"footnotes":""},"categories":[24],"tags":[171],"class_list":{"0":"post-12895","1":"post","2":"type-post","3":"status-publish","4":"format-standard","5":"has-post-thumbnail","7":"category-redondela","8":"tag-concello-de-redondela"},"yoast_head":"<!-- This site is optimized with the Yoast SEO plugin v27.4 - https:\/\/yoast.com\/product\/yoast-seo-wordpress\/ -->\n<title>Carlos Rodr\u00edguez \u201cSAXA\u201d, crego de Reboreda -<\/title>\n<meta name=\"robots\" content=\"index, follow, max-snippet:-1, max-image-preview:large, max-video-preview:-1\" \/>\n<link rel=\"canonical\" href=\"https:\/\/www.anovapeneira.gal\/index.php\/2024\/12\/06\/carlos-rodriguez-saxa-crego-de-reboreda-2\/\" \/>\n<meta property=\"og:locale\" content=\"gl_ES\" \/>\n<meta property=\"og:type\" content=\"article\" \/>\n<meta property=\"og:title\" content=\"Carlos Rodr\u00edguez \u201cSAXA\u201d, crego de Reboreda -\" \/>\n<meta property=\"og:description\" content=\"En marzo do ano 2022 un l\u00f3strego bat\u00eda contra a parte superior da fermosa igrexa de Reboreda causando danos moi graves ao edificio [...]\" \/>\n<meta property=\"og:url\" content=\"https:\/\/www.anovapeneira.gal\/index.php\/2024\/12\/06\/carlos-rodriguez-saxa-crego-de-reboreda-2\/\" \/>\n<meta property=\"article:publisher\" content=\"https:\/\/www.facebook.com\/anovapeneira\" \/>\n<meta property=\"article:published_time\" content=\"2024-12-06T11:00:02+00:00\" \/>\n<meta property=\"og:image\" content=\"https:\/\/www.anovapeneira.gal\/wp-content\/uploads\/2024\/12\/igrexa_reboreda.jpg\" \/>\n\t<meta property=\"og:image:width\" content=\"720\" \/>\n\t<meta property=\"og:image:height\" content=\"432\" \/>\n\t<meta property=\"og:image:type\" content=\"image\/jpeg\" \/>\n<meta name=\"author\" content=\"Redacci\u00f3n A Nova Peneira\" \/>\n<meta name=\"twitter:card\" content=\"summary_large_image\" \/>\n<meta name=\"twitter:creator\" content=\"@APeneira\" \/>\n<meta name=\"twitter:site\" content=\"@APeneira\" \/>\n<meta name=\"twitter:label1\" content=\"Escrito por\" \/>\n\t<meta name=\"twitter:data1\" content=\"Redacci\u00f3n A Nova Peneira\" \/>\n\t<meta name=\"twitter:label2\" content=\"Tempo de lectura\" \/>\n\t<meta name=\"twitter:data2\" content=\"3 minutos\" \/>\n<script type=\"application\/ld+json\" class=\"yoast-schema-graph\">{\"@context\":\"https:\\\/\\\/schema.org\",\"@graph\":[{\"@type\":\"Article\",\"@id\":\"https:\\\/\\\/www.anovapeneira.gal\\\/index.php\\\/2024\\\/12\\\/06\\\/carlos-rodriguez-saxa-crego-de-reboreda-2\\\/#article\",\"isPartOf\":{\"@id\":\"https:\\\/\\\/www.anovapeneira.gal\\\/index.php\\\/2024\\\/12\\\/06\\\/carlos-rodriguez-saxa-crego-de-reboreda-2\\\/\"},\"author\":{\"name\":\"Redacci\u00f3n A Nova Peneira\",\"@id\":\"https:\\\/\\\/www.anovapeneira.gal\\\/#\\\/schema\\\/person\\\/b93e3f8932e3f8da96334607eb6ac6aa\"},\"headline\":\"Carlos Rodr\u00edguez \u201cSAXA\u201d, crego de Reboreda\",\"datePublished\":\"2024-12-06T11:00:02+00:00\",\"mainEntityOfPage\":{\"@id\":\"https:\\\/\\\/www.anovapeneira.gal\\\/index.php\\\/2024\\\/12\\\/06\\\/carlos-rodriguez-saxa-crego-de-reboreda-2\\\/\"},\"wordCount\":1309,\"commentCount\":0,\"publisher\":{\"@id\":\"https:\\\/\\\/www.anovapeneira.gal\\\/#organization\"},\"image\":{\"@id\":\"https:\\\/\\\/www.anovapeneira.gal\\\/index.php\\\/2024\\\/12\\\/06\\\/carlos-rodriguez-saxa-crego-de-reboreda-2\\\/#primaryimage\"},\"thumbnailUrl\":\"https:\\\/\\\/www.anovapeneira.gal\\\/wp-content\\\/uploads\\\/2024\\\/12\\\/igrexa_reboreda.jpg\",\"keywords\":[\"Concello de Redondela\"],\"articleSection\":[\"Redondela\"],\"inLanguage\":\"gl-ES\",\"potentialAction\":[{\"@type\":\"CommentAction\",\"name\":\"Comment\",\"target\":[\"https:\\\/\\\/www.anovapeneira.gal\\\/index.php\\\/2024\\\/12\\\/06\\\/carlos-rodriguez-saxa-crego-de-reboreda-2\\\/#respond\"]}]},{\"@type\":\"WebPage\",\"@id\":\"https:\\\/\\\/www.anovapeneira.gal\\\/index.php\\\/2024\\\/12\\\/06\\\/carlos-rodriguez-saxa-crego-de-reboreda-2\\\/\",\"url\":\"https:\\\/\\\/www.anovapeneira.gal\\\/index.php\\\/2024\\\/12\\\/06\\\/carlos-rodriguez-saxa-crego-de-reboreda-2\\\/\",\"name\":\"Carlos Rodr\u00edguez \u201cSAXA\u201d, crego de Reboreda -\",\"isPartOf\":{\"@id\":\"https:\\\/\\\/www.anovapeneira.gal\\\/#website\"},\"primaryImageOfPage\":{\"@id\":\"https:\\\/\\\/www.anovapeneira.gal\\\/index.php\\\/2024\\\/12\\\/06\\\/carlos-rodriguez-saxa-crego-de-reboreda-2\\\/#primaryimage\"},\"image\":{\"@id\":\"https:\\\/\\\/www.anovapeneira.gal\\\/index.php\\\/2024\\\/12\\\/06\\\/carlos-rodriguez-saxa-crego-de-reboreda-2\\\/#primaryimage\"},\"thumbnailUrl\":\"https:\\\/\\\/www.anovapeneira.gal\\\/wp-content\\\/uploads\\\/2024\\\/12\\\/igrexa_reboreda.jpg\",\"datePublished\":\"2024-12-06T11:00:02+00:00\",\"breadcrumb\":{\"@id\":\"https:\\\/\\\/www.anovapeneira.gal\\\/index.php\\\/2024\\\/12\\\/06\\\/carlos-rodriguez-saxa-crego-de-reboreda-2\\\/#breadcrumb\"},\"inLanguage\":\"gl-ES\",\"potentialAction\":[{\"@type\":\"ReadAction\",\"target\":[\"https:\\\/\\\/www.anovapeneira.gal\\\/index.php\\\/2024\\\/12\\\/06\\\/carlos-rodriguez-saxa-crego-de-reboreda-2\\\/\"]}]},{\"@type\":\"ImageObject\",\"inLanguage\":\"gl-ES\",\"@id\":\"https:\\\/\\\/www.anovapeneira.gal\\\/index.php\\\/2024\\\/12\\\/06\\\/carlos-rodriguez-saxa-crego-de-reboreda-2\\\/#primaryimage\",\"url\":\"https:\\\/\\\/www.anovapeneira.gal\\\/wp-content\\\/uploads\\\/2024\\\/12\\\/igrexa_reboreda.jpg\",\"contentUrl\":\"https:\\\/\\\/www.anovapeneira.gal\\\/wp-content\\\/uploads\\\/2024\\\/12\\\/igrexa_reboreda.jpg\",\"width\":720,\"height\":432,\"caption\":\"Igrexa Reboreda\"},{\"@type\":\"BreadcrumbList\",\"@id\":\"https:\\\/\\\/www.anovapeneira.gal\\\/index.php\\\/2024\\\/12\\\/06\\\/carlos-rodriguez-saxa-crego-de-reboreda-2\\\/#breadcrumb\",\"itemListElement\":[{\"@type\":\"ListItem\",\"position\":1,\"name\":\"Portada\",\"item\":\"https:\\\/\\\/www.anovapeneira.gal\\\/\"},{\"@type\":\"ListItem\",\"position\":2,\"name\":\"Carlos Rodr\u00edguez \u201cSAXA\u201d, crego de Reboreda\"}]},{\"@type\":\"WebSite\",\"@id\":\"https:\\\/\\\/www.anovapeneira.gal\\\/#website\",\"url\":\"https:\\\/\\\/www.anovapeneira.gal\\\/\",\"name\":\"\",\"description\":\"Xornal galego de informaci\u00f3n xeral Publicaci\u00f3n mensual de novas de Galicia e en especial dos Concellos da sur da provincia de Pontevedra.\",\"publisher\":{\"@id\":\"https:\\\/\\\/www.anovapeneira.gal\\\/#organization\"},\"potentialAction\":[{\"@type\":\"SearchAction\",\"target\":{\"@type\":\"EntryPoint\",\"urlTemplate\":\"https:\\\/\\\/www.anovapeneira.gal\\\/?s={search_term_string}\"},\"query-input\":{\"@type\":\"PropertyValueSpecification\",\"valueRequired\":true,\"valueName\":\"search_term_string\"}}],\"inLanguage\":\"gl-ES\"},{\"@type\":\"Organization\",\"@id\":\"https:\\\/\\\/www.anovapeneira.gal\\\/#organization\",\"name\":\"A Nova Peneira\",\"url\":\"https:\\\/\\\/www.anovapeneira.gal\\\/\",\"logo\":{\"@type\":\"ImageObject\",\"inLanguage\":\"gl-ES\",\"@id\":\"https:\\\/\\\/www.anovapeneira.gal\\\/#\\\/schema\\\/logo\\\/image\\\/\",\"url\":\"http:\\\/\\\/www.anovapeneira.gal\\\/wp-content\\\/uploads\\\/2019\\\/06\\\/logo_a_nova_peneira_portal_web.png\",\"contentUrl\":\"http:\\\/\\\/www.anovapeneira.gal\\\/wp-content\\\/uploads\\\/2019\\\/06\\\/logo_a_nova_peneira_portal_web.png\",\"width\":300,\"height\":100,\"caption\":\"A Nova Peneira\"},\"image\":{\"@id\":\"https:\\\/\\\/www.anovapeneira.gal\\\/#\\\/schema\\\/logo\\\/image\\\/\"},\"sameAs\":[\"https:\\\/\\\/www.facebook.com\\\/anovapeneira\",\"https:\\\/\\\/x.com\\\/APeneira\"]},{\"@type\":\"Person\",\"@id\":\"https:\\\/\\\/www.anovapeneira.gal\\\/#\\\/schema\\\/person\\\/b93e3f8932e3f8da96334607eb6ac6aa\",\"name\":\"Redacci\u00f3n A Nova Peneira\",\"image\":{\"@type\":\"ImageObject\",\"inLanguage\":\"gl-ES\",\"@id\":\"https:\\\/\\\/secure.gravatar.com\\\/avatar\\\/c052a2551a06e23fac63626232eaa90abd78dbcf1700fc46a2b2c89fd27b735f?s=96&d=mm&r=g\",\"url\":\"https:\\\/\\\/secure.gravatar.com\\\/avatar\\\/c052a2551a06e23fac63626232eaa90abd78dbcf1700fc46a2b2c89fd27b735f?s=96&d=mm&r=g\",\"contentUrl\":\"https:\\\/\\\/secure.gravatar.com\\\/avatar\\\/c052a2551a06e23fac63626232eaa90abd78dbcf1700fc46a2b2c89fd27b735f?s=96&d=mm&r=g\",\"caption\":\"Redacci\u00f3n A Nova Peneira\"},\"sameAs\":[\"http:\\\/\\\/www.anovapeneira.gal\\\/\"],\"url\":\"https:\\\/\\\/www.anovapeneira.gal\\\/index.php\\\/author\\\/redactor\\\/\"}]}<\/script>\n<!-- \/ Yoast SEO plugin. -->","yoast_head_json":{"title":"Carlos Rodr\u00edguez \u201cSAXA\u201d, crego de Reboreda -","robots":{"index":"index","follow":"follow","max-snippet":"max-snippet:-1","max-image-preview":"max-image-preview:large","max-video-preview":"max-video-preview:-1"},"canonical":"https:\/\/www.anovapeneira.gal\/index.php\/2024\/12\/06\/carlos-rodriguez-saxa-crego-de-reboreda-2\/","og_locale":"gl_ES","og_type":"article","og_title":"Carlos Rodr\u00edguez \u201cSAXA\u201d, crego de Reboreda -","og_description":"En marzo do ano 2022 un l\u00f3strego bat\u00eda contra a parte superior da fermosa igrexa de Reboreda causando danos moi graves ao edificio [...]","og_url":"https:\/\/www.anovapeneira.gal\/index.php\/2024\/12\/06\/carlos-rodriguez-saxa-crego-de-reboreda-2\/","article_publisher":"https:\/\/www.facebook.com\/anovapeneira","article_published_time":"2024-12-06T11:00:02+00:00","og_image":[{"width":720,"height":432,"url":"https:\/\/www.anovapeneira.gal\/wp-content\/uploads\/2024\/12\/igrexa_reboreda.jpg","type":"image\/jpeg"}],"author":"Redacci\u00f3n A Nova Peneira","twitter_card":"summary_large_image","twitter_creator":"@APeneira","twitter_site":"@APeneira","twitter_misc":{"Escrito por":"Redacci\u00f3n A Nova Peneira","Tempo de lectura":"3 minutos"},"schema":{"@context":"https:\/\/schema.org","@graph":[{"@type":"Article","@id":"https:\/\/www.anovapeneira.gal\/index.php\/2024\/12\/06\/carlos-rodriguez-saxa-crego-de-reboreda-2\/#article","isPartOf":{"@id":"https:\/\/www.anovapeneira.gal\/index.php\/2024\/12\/06\/carlos-rodriguez-saxa-crego-de-reboreda-2\/"},"author":{"name":"Redacci\u00f3n A Nova Peneira","@id":"https:\/\/www.anovapeneira.gal\/#\/schema\/person\/b93e3f8932e3f8da96334607eb6ac6aa"},"headline":"Carlos Rodr\u00edguez \u201cSAXA\u201d, crego de Reboreda","datePublished":"2024-12-06T11:00:02+00:00","mainEntityOfPage":{"@id":"https:\/\/www.anovapeneira.gal\/index.php\/2024\/12\/06\/carlos-rodriguez-saxa-crego-de-reboreda-2\/"},"wordCount":1309,"commentCount":0,"publisher":{"@id":"https:\/\/www.anovapeneira.gal\/#organization"},"image":{"@id":"https:\/\/www.anovapeneira.gal\/index.php\/2024\/12\/06\/carlos-rodriguez-saxa-crego-de-reboreda-2\/#primaryimage"},"thumbnailUrl":"https:\/\/www.anovapeneira.gal\/wp-content\/uploads\/2024\/12\/igrexa_reboreda.jpg","keywords":["Concello de Redondela"],"articleSection":["Redondela"],"inLanguage":"gl-ES","potentialAction":[{"@type":"CommentAction","name":"Comment","target":["https:\/\/www.anovapeneira.gal\/index.php\/2024\/12\/06\/carlos-rodriguez-saxa-crego-de-reboreda-2\/#respond"]}]},{"@type":"WebPage","@id":"https:\/\/www.anovapeneira.gal\/index.php\/2024\/12\/06\/carlos-rodriguez-saxa-crego-de-reboreda-2\/","url":"https:\/\/www.anovapeneira.gal\/index.php\/2024\/12\/06\/carlos-rodriguez-saxa-crego-de-reboreda-2\/","name":"Carlos Rodr\u00edguez \u201cSAXA\u201d, crego de Reboreda -","isPartOf":{"@id":"https:\/\/www.anovapeneira.gal\/#website"},"primaryImageOfPage":{"@id":"https:\/\/www.anovapeneira.gal\/index.php\/2024\/12\/06\/carlos-rodriguez-saxa-crego-de-reboreda-2\/#primaryimage"},"image":{"@id":"https:\/\/www.anovapeneira.gal\/index.php\/2024\/12\/06\/carlos-rodriguez-saxa-crego-de-reboreda-2\/#primaryimage"},"thumbnailUrl":"https:\/\/www.anovapeneira.gal\/wp-content\/uploads\/2024\/12\/igrexa_reboreda.jpg","datePublished":"2024-12-06T11:00:02+00:00","breadcrumb":{"@id":"https:\/\/www.anovapeneira.gal\/index.php\/2024\/12\/06\/carlos-rodriguez-saxa-crego-de-reboreda-2\/#breadcrumb"},"inLanguage":"gl-ES","potentialAction":[{"@type":"ReadAction","target":["https:\/\/www.anovapeneira.gal\/index.php\/2024\/12\/06\/carlos-rodriguez-saxa-crego-de-reboreda-2\/"]}]},{"@type":"ImageObject","inLanguage":"gl-ES","@id":"https:\/\/www.anovapeneira.gal\/index.php\/2024\/12\/06\/carlos-rodriguez-saxa-crego-de-reboreda-2\/#primaryimage","url":"https:\/\/www.anovapeneira.gal\/wp-content\/uploads\/2024\/12\/igrexa_reboreda.jpg","contentUrl":"https:\/\/www.anovapeneira.gal\/wp-content\/uploads\/2024\/12\/igrexa_reboreda.jpg","width":720,"height":432,"caption":"Igrexa Reboreda"},{"@type":"BreadcrumbList","@id":"https:\/\/www.anovapeneira.gal\/index.php\/2024\/12\/06\/carlos-rodriguez-saxa-crego-de-reboreda-2\/#breadcrumb","itemListElement":[{"@type":"ListItem","position":1,"name":"Portada","item":"https:\/\/www.anovapeneira.gal\/"},{"@type":"ListItem","position":2,"name":"Carlos Rodr\u00edguez \u201cSAXA\u201d, crego de Reboreda"}]},{"@type":"WebSite","@id":"https:\/\/www.anovapeneira.gal\/#website","url":"https:\/\/www.anovapeneira.gal\/","name":"","description":"Xornal galego de informaci\u00f3n xeral Publicaci\u00f3n mensual de novas de Galicia e en especial dos Concellos da sur da provincia de Pontevedra.","publisher":{"@id":"https:\/\/www.anovapeneira.gal\/#organization"},"potentialAction":[{"@type":"SearchAction","target":{"@type":"EntryPoint","urlTemplate":"https:\/\/www.anovapeneira.gal\/?s={search_term_string}"},"query-input":{"@type":"PropertyValueSpecification","valueRequired":true,"valueName":"search_term_string"}}],"inLanguage":"gl-ES"},{"@type":"Organization","@id":"https:\/\/www.anovapeneira.gal\/#organization","name":"A Nova Peneira","url":"https:\/\/www.anovapeneira.gal\/","logo":{"@type":"ImageObject","inLanguage":"gl-ES","@id":"https:\/\/www.anovapeneira.gal\/#\/schema\/logo\/image\/","url":"http:\/\/www.anovapeneira.gal\/wp-content\/uploads\/2019\/06\/logo_a_nova_peneira_portal_web.png","contentUrl":"http:\/\/www.anovapeneira.gal\/wp-content\/uploads\/2019\/06\/logo_a_nova_peneira_portal_web.png","width":300,"height":100,"caption":"A Nova Peneira"},"image":{"@id":"https:\/\/www.anovapeneira.gal\/#\/schema\/logo\/image\/"},"sameAs":["https:\/\/www.facebook.com\/anovapeneira","https:\/\/x.com\/APeneira"]},{"@type":"Person","@id":"https:\/\/www.anovapeneira.gal\/#\/schema\/person\/b93e3f8932e3f8da96334607eb6ac6aa","name":"Redacci\u00f3n A Nova Peneira","image":{"@type":"ImageObject","inLanguage":"gl-ES","@id":"https:\/\/secure.gravatar.com\/avatar\/c052a2551a06e23fac63626232eaa90abd78dbcf1700fc46a2b2c89fd27b735f?s=96&d=mm&r=g","url":"https:\/\/secure.gravatar.com\/avatar\/c052a2551a06e23fac63626232eaa90abd78dbcf1700fc46a2b2c89fd27b735f?s=96&d=mm&r=g","contentUrl":"https:\/\/secure.gravatar.com\/avatar\/c052a2551a06e23fac63626232eaa90abd78dbcf1700fc46a2b2c89fd27b735f?s=96&d=mm&r=g","caption":"Redacci\u00f3n A Nova Peneira"},"sameAs":["http:\/\/www.anovapeneira.gal\/"],"url":"https:\/\/www.anovapeneira.gal\/index.php\/author\/redactor\/"}]}},"jetpack_featured_media_url":"https:\/\/www.anovapeneira.gal\/wp-content\/uploads\/2024\/12\/igrexa_reboreda.jpg","_links":{"self":[{"href":"https:\/\/www.anovapeneira.gal\/index.php\/wp-json\/wp\/v2\/posts\/12895","targetHints":{"allow":["GET"]}}],"collection":[{"href":"https:\/\/www.anovapeneira.gal\/index.php\/wp-json\/wp\/v2\/posts"}],"about":[{"href":"https:\/\/www.anovapeneira.gal\/index.php\/wp-json\/wp\/v2\/types\/post"}],"author":[{"embeddable":true,"href":"https:\/\/www.anovapeneira.gal\/index.php\/wp-json\/wp\/v2\/users\/3"}],"replies":[{"embeddable":true,"href":"https:\/\/www.anovapeneira.gal\/index.php\/wp-json\/wp\/v2\/comments?post=12895"}],"version-history":[{"count":1,"href":"https:\/\/www.anovapeneira.gal\/index.php\/wp-json\/wp\/v2\/posts\/12895\/revisions"}],"predecessor-version":[{"id":12897,"href":"https:\/\/www.anovapeneira.gal\/index.php\/wp-json\/wp\/v2\/posts\/12895\/revisions\/12897"}],"wp:featuredmedia":[{"embeddable":true,"href":"https:\/\/www.anovapeneira.gal\/index.php\/wp-json\/wp\/v2\/media\/12896"}],"wp:attachment":[{"href":"https:\/\/www.anovapeneira.gal\/index.php\/wp-json\/wp\/v2\/media?parent=12895"}],"wp:term":[{"taxonomy":"category","embeddable":true,"href":"https:\/\/www.anovapeneira.gal\/index.php\/wp-json\/wp\/v2\/categories?post=12895"},{"taxonomy":"post_tag","embeddable":true,"href":"https:\/\/www.anovapeneira.gal\/index.php\/wp-json\/wp\/v2\/tags?post=12895"}],"curies":[{"name":"wp","href":"https:\/\/api.w.org\/{rel}","templated":true}]}}