{"id":12904,"date":"2024-12-09T12:00:47","date_gmt":"2024-12-09T11:00:47","guid":{"rendered":"https:\/\/www.anovapeneira.gal\/?p=12904"},"modified":"2024-12-03T20:29:14","modified_gmt":"2024-12-03T19:29:14","slug":"apuntes-sobre-a-creacion-do-estado-de-israel","status":"publish","type":"post","link":"https:\/\/www.anovapeneira.gal\/index.php\/2024\/12\/09\/apuntes-sobre-a-creacion-do-estado-de-israel\/","title":{"rendered":"Apuntes sobre a creaci\u00f3n do estado de Israel"},"content":{"rendered":"\n<pre class=\"wp-block-verse\"><br><strong>Gonzalo Busqu\u00e9<\/strong><\/pre>\n\n\n\n<pre class=\"wp-block-verse\"><strong>Membro do colectivo Rexurdir Galicia<\/strong><\/pre>\n\n\n\n<p>A creaci\u00f3n do estado de Israel fa unha soluci\u00f3n europea para o problema europeo do antisemitismo, a expensas dos palestinos, algo que debe lembrarse. Esa creaci\u00f3n tivo \u00e9xito a pensar que moitos europeos sab\u00edan que o proxecto era inmoral. E foi posible polo moito di\u00f1eiro investido polos sionistas repartidos polo mundo, principalmente estadounidenses, con m\u00e1is importancia que, en Europa, os que fixeron que este proxecto sionista puidese establecerse, principalmente debido ao interese dos Estados Unidos e Europa en asegurarse o dominio dos recursos do mundo \u00e1rabe. Israel \u00e9 un proxecto que s\u00f3 pode manterse mediante a forza. Coa opresi\u00f3n, coa coerci\u00f3n, co apartheid e o xenocidio. Podemos dicir por tanto que a creaci\u00f3n do estado de Israel ten a s\u00faa orixe no que era un problema europeo chamado antisemitismo que Europa non estaba disposta a resolver na propia Europa e decidiron que a mellor soluci\u00f3n para o problema xudeu \u00e9 desposu\u00edr aos palestinos, cuxa existencia \u00e9 un inconveniente para os seus plans de creaci\u00f3n dun estado que \u00e1 vez sup\u00f3n unha punta de lanza no Medio Oriente. Israel \u00e9 un proxecto colonial creado por colonialistas. O \u201cxard\u00edn europeo\u201d constru\u00eduse historicamente sobre a base do espolio dos recursos doutros pobos e as\u00ed se mant\u00e9n.<\/p>\n\n\n\n<p>Debemos preguntarnos se, analizado todo o anterior, hai algo positivo neste concepto. A resposta \u00e9 NON. Agora temos un estado de Judea. Xa non \u00e9 o Estado de Israel, \u00e9 o Estado dos colonos, o novo Estado Mesi\u00e1nico Sionista ao que moitos xudeus op\u00f3\u00f1ense, pero que ten moitas posibilidades de continuar porque son moi poucos fronte \u00e1s forzas dentro do poder sionista e que exercer\u00e1n a violencia mesmo sobre a s\u00faa propia xente para soster un estado cunha ideolox\u00eda profundamente racista, que proclama a s\u00faa supremac\u00eda como pobo do seu Deus.<\/p>\n\n\n\n<p>Se facemos caso aos medios de comunicaci\u00f3n occidental, \u00e9 un ente democr\u00e1tico, a\u00ednda que negue na pr\u00e1ctica os dereitos fundamentais a unha parte da poboaci\u00f3n \u00e1 que somete continuamente a detenci\u00f3ns arbitrarias (desde os anos oitenta m\u00e1is de 800.000 palestinos, a maior\u00eda mulleres e nenos pasaron polos c\u00e1rceres israel\u00eds sen ning\u00fan cargo) \u00e1 humillaci\u00f3n, a\u00ednda que nega o dereito ao retorno dos refuxiados palestinos inclu\u00edda a reunificaci\u00f3n familiar, a\u00ednda que practique a limpeza \u00e9tnica e o xenocidio, a\u00ednda que sexa evidente que en realidade \u00e9 un r\u00e9xime colonialista, teocr\u00e1tico e militar que salta con impunidade as declaraci\u00f3ns universais da ONU, que con todo cinismo asinaron.<\/p>\n\n\n\n<p>Por suposto, os palestinos non van a sentarse pasivamente ante o xenocidio, o apartheid e a limpeza \u00e9tnica \u00c9 por iso que os ciclos de violencia continuar\u00e1n un tras outro, o cal \u00e9 alarmante para o presente e o futuro. Os pr\u00f3ximos 50 anos probablemente ser\u00edan anos de ciclos de violencia e guerra. Israel s\u00f3 ten que asegurarse de que non perda o seu mundo. Isto \u00e9 algo que explica por que tantos israel\u00eds que ti\u00f1an a nacionalidade e te\u00f1en traballos deixaron Israel. As estat\u00edsticas do \u00e9xodo de israel\u00eds son secretas e non queren revelar cal \u00e9 o seu alcance.<\/p>\n\n\n\n<p>Agora en Europa e en Am\u00e9rica est\u00e1 a xurdir un movemento tanto cristi\u00e1n como xudeu que se op\u00f3n a desprazar aos Palestinos e substitu\u00edlos por xudeus. En gran parte do chamado Occidente podemos dicir que este proxecto non funciona porque \u00e9 inmoral. Non por Ir\u00e1n, non porque Hamas sexa unha organizaci\u00f3n terrorista segundo a narrativa israel\u00ed e o discurso dominante en parte do mundo. Non funciona porque \u00e9 inmoral, ilex\u00edtimo e ilegal. E sobre todo non est\u00e1 a funcionar porque o pobo palestino, a pesar do feito de que te\u00f1en pouco poder militar, moi pouco poder pol\u00edtico, moi pouco apoio diplom\u00e1tico e econ\u00f3mico, a pesar diso, non desaparece e resiste.<\/p>\n\n\n\n<p>Para apoiar a s\u00faa causa \u00e9 necesaria a acci\u00f3n pol\u00edtica da maior\u00eda da poboaci\u00f3n nun movemento c\u00edvico coordinado, para que do mesmo xeito que sucedeu co precedente de Sud\u00e1frica, os diferentes gobernos do mundo v\u00e9xanse obrigados a denunciar ao Estado de Israel, algo desgraciadamente dif\u00edcil debido \u00e1 creaci\u00f3n dun estado de opini\u00f3n, a trav\u00e9s duns medios de comunicaci\u00f3n que act\u00faan como verdadeiros sicarios favorables ao mantemento do discurso dominante. Un discurso que \u00e9 agora tam\u00e9n o discurso dunha extrema dereita que virou desde o antisemitismo cara \u00e1 islamofobia, pero que segue instalado sobre todo nun profundo racismo.<\/p>\n","protected":false},"excerpt":{"rendered":"<div class=\"mh-excerpt\"><p>A creaci\u00f3n do estado de Israel fa unha soluci\u00f3n europea para o problema europeo do antisemitismo, a expensas dos palestinos, algo que debe lembrarse <a class=\"mh-excerpt-more\" href=\"https:\/\/www.anovapeneira.gal\/index.php\/2024\/12\/09\/apuntes-sobre-a-creacion-do-estado-de-israel\/\" title=\"Apuntes sobre a creaci\u00f3n do estado de Israel\">[&#8230;]<\/a><\/p>\n<\/div>","protected":false},"author":12,"featured_media":12780,"comment_status":"open","ping_status":"open","sticky":false,"template":"","format":"standard","meta":{"_exactmetrics_skip_tracking":false,"_exactmetrics_sitenote_active":false,"_exactmetrics_sitenote_note":"","_exactmetrics_sitenote_category":0,"footnotes":""},"categories":[7],"tags":[],"class_list":{"0":"post-12904","1":"post","2":"type-post","3":"status-publish","4":"format-standard","5":"has-post-thumbnail","7":"category-artigos-de-opinion"},"yoast_head":"<!-- This site is optimized with the Yoast SEO plugin v27.4 - https:\/\/yoast.com\/product\/yoast-seo-wordpress\/ -->\n<title>Apuntes sobre a creaci\u00f3n do estado de Israel -<\/title>\n<meta name=\"robots\" content=\"index, follow, max-snippet:-1, max-image-preview:large, max-video-preview:-1\" \/>\n<link rel=\"canonical\" href=\"https:\/\/www.anovapeneira.gal\/index.php\/2024\/12\/09\/apuntes-sobre-a-creacion-do-estado-de-israel\/\" \/>\n<meta property=\"og:locale\" content=\"gl_ES\" \/>\n<meta property=\"og:type\" content=\"article\" \/>\n<meta property=\"og:title\" content=\"Apuntes sobre a creaci\u00f3n do estado de Israel -\" \/>\n<meta property=\"og:description\" content=\"A creaci\u00f3n do estado de Israel fa unha soluci\u00f3n europea para o problema europeo do antisemitismo, a expensas dos palestinos, algo que debe lembrarse [...]\" \/>\n<meta property=\"og:url\" content=\"https:\/\/www.anovapeneira.gal\/index.php\/2024\/12\/09\/apuntes-sobre-a-creacion-do-estado-de-israel\/\" \/>\n<meta property=\"article:publisher\" content=\"https:\/\/www.facebook.com\/anovapeneira\" \/>\n<meta property=\"article:published_time\" content=\"2024-12-09T11:00:47+00:00\" \/>\n<meta property=\"og:image\" content=\"https:\/\/www.anovapeneira.gal\/wp-content\/uploads\/2024\/11\/gonzalo_busque.jpg\" \/>\n\t<meta property=\"og:image:width\" content=\"720\" \/>\n\t<meta property=\"og:image:height\" content=\"432\" \/>\n\t<meta property=\"og:image:type\" content=\"image\/jpeg\" \/>\n<meta name=\"author\" content=\"Artigos Opini\u00f3n\" \/>\n<meta name=\"twitter:card\" content=\"summary_large_image\" \/>\n<meta name=\"twitter:creator\" content=\"@APeneira\" \/>\n<meta name=\"twitter:site\" content=\"@APeneira\" \/>\n<meta name=\"twitter:label1\" content=\"Escrito por\" \/>\n\t<meta name=\"twitter:data1\" content=\"Artigos Opini\u00f3n\" \/>\n\t<meta name=\"twitter:label2\" content=\"Tempo de lectura\" \/>\n\t<meta name=\"twitter:data2\" content=\"5 minutos\" \/>\n<script type=\"application\/ld+json\" class=\"yoast-schema-graph\">{\"@context\":\"https:\\\/\\\/schema.org\",\"@graph\":[{\"@type\":\"Article\",\"@id\":\"https:\\\/\\\/www.anovapeneira.gal\\\/index.php\\\/2024\\\/12\\\/09\\\/apuntes-sobre-a-creacion-do-estado-de-israel\\\/#article\",\"isPartOf\":{\"@id\":\"https:\\\/\\\/www.anovapeneira.gal\\\/index.php\\\/2024\\\/12\\\/09\\\/apuntes-sobre-a-creacion-do-estado-de-israel\\\/\"},\"author\":{\"name\":\"Artigos Opini\u00f3n\",\"@id\":\"https:\\\/\\\/www.anovapeneira.gal\\\/#\\\/schema\\\/person\\\/f18a4feb302e8f20bcef4490b5b60bb3\"},\"headline\":\"Apuntes sobre a creaci\u00f3n do estado de Israel\",\"datePublished\":\"2024-12-09T11:00:47+00:00\",\"mainEntityOfPage\":{\"@id\":\"https:\\\/\\\/www.anovapeneira.gal\\\/index.php\\\/2024\\\/12\\\/09\\\/apuntes-sobre-a-creacion-do-estado-de-israel\\\/\"},\"wordCount\":769,\"commentCount\":0,\"publisher\":{\"@id\":\"https:\\\/\\\/www.anovapeneira.gal\\\/#organization\"},\"image\":{\"@id\":\"https:\\\/\\\/www.anovapeneira.gal\\\/index.php\\\/2024\\\/12\\\/09\\\/apuntes-sobre-a-creacion-do-estado-de-israel\\\/#primaryimage\"},\"thumbnailUrl\":\"https:\\\/\\\/www.anovapeneira.gal\\\/wp-content\\\/uploads\\\/2024\\\/11\\\/gonzalo_busque.jpg\",\"articleSection\":[\"Artigos de opini\u00f3n\"],\"inLanguage\":\"gl-ES\",\"potentialAction\":[{\"@type\":\"CommentAction\",\"name\":\"Comment\",\"target\":[\"https:\\\/\\\/www.anovapeneira.gal\\\/index.php\\\/2024\\\/12\\\/09\\\/apuntes-sobre-a-creacion-do-estado-de-israel\\\/#respond\"]}]},{\"@type\":\"WebPage\",\"@id\":\"https:\\\/\\\/www.anovapeneira.gal\\\/index.php\\\/2024\\\/12\\\/09\\\/apuntes-sobre-a-creacion-do-estado-de-israel\\\/\",\"url\":\"https:\\\/\\\/www.anovapeneira.gal\\\/index.php\\\/2024\\\/12\\\/09\\\/apuntes-sobre-a-creacion-do-estado-de-israel\\\/\",\"name\":\"Apuntes sobre a creaci\u00f3n do estado de Israel -\",\"isPartOf\":{\"@id\":\"https:\\\/\\\/www.anovapeneira.gal\\\/#website\"},\"primaryImageOfPage\":{\"@id\":\"https:\\\/\\\/www.anovapeneira.gal\\\/index.php\\\/2024\\\/12\\\/09\\\/apuntes-sobre-a-creacion-do-estado-de-israel\\\/#primaryimage\"},\"image\":{\"@id\":\"https:\\\/\\\/www.anovapeneira.gal\\\/index.php\\\/2024\\\/12\\\/09\\\/apuntes-sobre-a-creacion-do-estado-de-israel\\\/#primaryimage\"},\"thumbnailUrl\":\"https:\\\/\\\/www.anovapeneira.gal\\\/wp-content\\\/uploads\\\/2024\\\/11\\\/gonzalo_busque.jpg\",\"datePublished\":\"2024-12-09T11:00:47+00:00\",\"breadcrumb\":{\"@id\":\"https:\\\/\\\/www.anovapeneira.gal\\\/index.php\\\/2024\\\/12\\\/09\\\/apuntes-sobre-a-creacion-do-estado-de-israel\\\/#breadcrumb\"},\"inLanguage\":\"gl-ES\",\"potentialAction\":[{\"@type\":\"ReadAction\",\"target\":[\"https:\\\/\\\/www.anovapeneira.gal\\\/index.php\\\/2024\\\/12\\\/09\\\/apuntes-sobre-a-creacion-do-estado-de-israel\\\/\"]}]},{\"@type\":\"ImageObject\",\"inLanguage\":\"gl-ES\",\"@id\":\"https:\\\/\\\/www.anovapeneira.gal\\\/index.php\\\/2024\\\/12\\\/09\\\/apuntes-sobre-a-creacion-do-estado-de-israel\\\/#primaryimage\",\"url\":\"https:\\\/\\\/www.anovapeneira.gal\\\/wp-content\\\/uploads\\\/2024\\\/11\\\/gonzalo_busque.jpg\",\"contentUrl\":\"https:\\\/\\\/www.anovapeneira.gal\\\/wp-content\\\/uploads\\\/2024\\\/11\\\/gonzalo_busque.jpg\",\"width\":720,\"height\":432,\"caption\":\"Gonzalo Busqu\u00e9\"},{\"@type\":\"BreadcrumbList\",\"@id\":\"https:\\\/\\\/www.anovapeneira.gal\\\/index.php\\\/2024\\\/12\\\/09\\\/apuntes-sobre-a-creacion-do-estado-de-israel\\\/#breadcrumb\",\"itemListElement\":[{\"@type\":\"ListItem\",\"position\":1,\"name\":\"Portada\",\"item\":\"https:\\\/\\\/www.anovapeneira.gal\\\/\"},{\"@type\":\"ListItem\",\"position\":2,\"name\":\"Apuntes sobre a creaci\u00f3n do estado de Israel\"}]},{\"@type\":\"WebSite\",\"@id\":\"https:\\\/\\\/www.anovapeneira.gal\\\/#website\",\"url\":\"https:\\\/\\\/www.anovapeneira.gal\\\/\",\"name\":\"\",\"description\":\"Xornal galego de informaci\u00f3n xeral Publicaci\u00f3n mensual de novas de Galicia e en especial dos Concellos da sur da provincia de Pontevedra.\",\"publisher\":{\"@id\":\"https:\\\/\\\/www.anovapeneira.gal\\\/#organization\"},\"potentialAction\":[{\"@type\":\"SearchAction\",\"target\":{\"@type\":\"EntryPoint\",\"urlTemplate\":\"https:\\\/\\\/www.anovapeneira.gal\\\/?s={search_term_string}\"},\"query-input\":{\"@type\":\"PropertyValueSpecification\",\"valueRequired\":true,\"valueName\":\"search_term_string\"}}],\"inLanguage\":\"gl-ES\"},{\"@type\":\"Organization\",\"@id\":\"https:\\\/\\\/www.anovapeneira.gal\\\/#organization\",\"name\":\"A Nova Peneira\",\"url\":\"https:\\\/\\\/www.anovapeneira.gal\\\/\",\"logo\":{\"@type\":\"ImageObject\",\"inLanguage\":\"gl-ES\",\"@id\":\"https:\\\/\\\/www.anovapeneira.gal\\\/#\\\/schema\\\/logo\\\/image\\\/\",\"url\":\"http:\\\/\\\/www.anovapeneira.gal\\\/wp-content\\\/uploads\\\/2019\\\/06\\\/logo_a_nova_peneira_portal_web.png\",\"contentUrl\":\"http:\\\/\\\/www.anovapeneira.gal\\\/wp-content\\\/uploads\\\/2019\\\/06\\\/logo_a_nova_peneira_portal_web.png\",\"width\":300,\"height\":100,\"caption\":\"A Nova Peneira\"},\"image\":{\"@id\":\"https:\\\/\\\/www.anovapeneira.gal\\\/#\\\/schema\\\/logo\\\/image\\\/\"},\"sameAs\":[\"https:\\\/\\\/www.facebook.com\\\/anovapeneira\",\"https:\\\/\\\/x.com\\\/APeneira\"]},{\"@type\":\"Person\",\"@id\":\"https:\\\/\\\/www.anovapeneira.gal\\\/#\\\/schema\\\/person\\\/f18a4feb302e8f20bcef4490b5b60bb3\",\"name\":\"Artigos Opini\u00f3n\",\"image\":{\"@type\":\"ImageObject\",\"inLanguage\":\"gl-ES\",\"@id\":\"https:\\\/\\\/secure.gravatar.com\\\/avatar\\\/072844300f4881150aee2da4278f7a65d16eefdf8262eb67085f1e702de2b959?s=96&d=mm&r=g\",\"url\":\"https:\\\/\\\/secure.gravatar.com\\\/avatar\\\/072844300f4881150aee2da4278f7a65d16eefdf8262eb67085f1e702de2b959?s=96&d=mm&r=g\",\"contentUrl\":\"https:\\\/\\\/secure.gravatar.com\\\/avatar\\\/072844300f4881150aee2da4278f7a65d16eefdf8262eb67085f1e702de2b959?s=96&d=mm&r=g\",\"caption\":\"Artigos Opini\u00f3n\"},\"sameAs\":[\"http:\\\/\\\/anovapeneira.gal\"],\"url\":\"https:\\\/\\\/www.anovapeneira.gal\\\/index.php\\\/author\\\/artigosopinion\\\/\"}]}<\/script>\n<!-- \/ Yoast SEO plugin. -->","yoast_head_json":{"title":"Apuntes sobre a creaci\u00f3n do estado de Israel -","robots":{"index":"index","follow":"follow","max-snippet":"max-snippet:-1","max-image-preview":"max-image-preview:large","max-video-preview":"max-video-preview:-1"},"canonical":"https:\/\/www.anovapeneira.gal\/index.php\/2024\/12\/09\/apuntes-sobre-a-creacion-do-estado-de-israel\/","og_locale":"gl_ES","og_type":"article","og_title":"Apuntes sobre a creaci\u00f3n do estado de Israel -","og_description":"A creaci\u00f3n do estado de Israel fa unha soluci\u00f3n europea para o problema europeo do antisemitismo, a expensas dos palestinos, algo que debe lembrarse [...]","og_url":"https:\/\/www.anovapeneira.gal\/index.php\/2024\/12\/09\/apuntes-sobre-a-creacion-do-estado-de-israel\/","article_publisher":"https:\/\/www.facebook.com\/anovapeneira","article_published_time":"2024-12-09T11:00:47+00:00","og_image":[{"width":720,"height":432,"url":"https:\/\/www.anovapeneira.gal\/wp-content\/uploads\/2024\/11\/gonzalo_busque.jpg","type":"image\/jpeg"}],"author":"Artigos Opini\u00f3n","twitter_card":"summary_large_image","twitter_creator":"@APeneira","twitter_site":"@APeneira","twitter_misc":{"Escrito por":"Artigos Opini\u00f3n","Tempo de lectura":"5 minutos"},"schema":{"@context":"https:\/\/schema.org","@graph":[{"@type":"Article","@id":"https:\/\/www.anovapeneira.gal\/index.php\/2024\/12\/09\/apuntes-sobre-a-creacion-do-estado-de-israel\/#article","isPartOf":{"@id":"https:\/\/www.anovapeneira.gal\/index.php\/2024\/12\/09\/apuntes-sobre-a-creacion-do-estado-de-israel\/"},"author":{"name":"Artigos Opini\u00f3n","@id":"https:\/\/www.anovapeneira.gal\/#\/schema\/person\/f18a4feb302e8f20bcef4490b5b60bb3"},"headline":"Apuntes sobre a creaci\u00f3n do estado de Israel","datePublished":"2024-12-09T11:00:47+00:00","mainEntityOfPage":{"@id":"https:\/\/www.anovapeneira.gal\/index.php\/2024\/12\/09\/apuntes-sobre-a-creacion-do-estado-de-israel\/"},"wordCount":769,"commentCount":0,"publisher":{"@id":"https:\/\/www.anovapeneira.gal\/#organization"},"image":{"@id":"https:\/\/www.anovapeneira.gal\/index.php\/2024\/12\/09\/apuntes-sobre-a-creacion-do-estado-de-israel\/#primaryimage"},"thumbnailUrl":"https:\/\/www.anovapeneira.gal\/wp-content\/uploads\/2024\/11\/gonzalo_busque.jpg","articleSection":["Artigos de opini\u00f3n"],"inLanguage":"gl-ES","potentialAction":[{"@type":"CommentAction","name":"Comment","target":["https:\/\/www.anovapeneira.gal\/index.php\/2024\/12\/09\/apuntes-sobre-a-creacion-do-estado-de-israel\/#respond"]}]},{"@type":"WebPage","@id":"https:\/\/www.anovapeneira.gal\/index.php\/2024\/12\/09\/apuntes-sobre-a-creacion-do-estado-de-israel\/","url":"https:\/\/www.anovapeneira.gal\/index.php\/2024\/12\/09\/apuntes-sobre-a-creacion-do-estado-de-israel\/","name":"Apuntes sobre a creaci\u00f3n do estado de Israel -","isPartOf":{"@id":"https:\/\/www.anovapeneira.gal\/#website"},"primaryImageOfPage":{"@id":"https:\/\/www.anovapeneira.gal\/index.php\/2024\/12\/09\/apuntes-sobre-a-creacion-do-estado-de-israel\/#primaryimage"},"image":{"@id":"https:\/\/www.anovapeneira.gal\/index.php\/2024\/12\/09\/apuntes-sobre-a-creacion-do-estado-de-israel\/#primaryimage"},"thumbnailUrl":"https:\/\/www.anovapeneira.gal\/wp-content\/uploads\/2024\/11\/gonzalo_busque.jpg","datePublished":"2024-12-09T11:00:47+00:00","breadcrumb":{"@id":"https:\/\/www.anovapeneira.gal\/index.php\/2024\/12\/09\/apuntes-sobre-a-creacion-do-estado-de-israel\/#breadcrumb"},"inLanguage":"gl-ES","potentialAction":[{"@type":"ReadAction","target":["https:\/\/www.anovapeneira.gal\/index.php\/2024\/12\/09\/apuntes-sobre-a-creacion-do-estado-de-israel\/"]}]},{"@type":"ImageObject","inLanguage":"gl-ES","@id":"https:\/\/www.anovapeneira.gal\/index.php\/2024\/12\/09\/apuntes-sobre-a-creacion-do-estado-de-israel\/#primaryimage","url":"https:\/\/www.anovapeneira.gal\/wp-content\/uploads\/2024\/11\/gonzalo_busque.jpg","contentUrl":"https:\/\/www.anovapeneira.gal\/wp-content\/uploads\/2024\/11\/gonzalo_busque.jpg","width":720,"height":432,"caption":"Gonzalo Busqu\u00e9"},{"@type":"BreadcrumbList","@id":"https:\/\/www.anovapeneira.gal\/index.php\/2024\/12\/09\/apuntes-sobre-a-creacion-do-estado-de-israel\/#breadcrumb","itemListElement":[{"@type":"ListItem","position":1,"name":"Portada","item":"https:\/\/www.anovapeneira.gal\/"},{"@type":"ListItem","position":2,"name":"Apuntes sobre a creaci\u00f3n do estado de Israel"}]},{"@type":"WebSite","@id":"https:\/\/www.anovapeneira.gal\/#website","url":"https:\/\/www.anovapeneira.gal\/","name":"","description":"Xornal galego de informaci\u00f3n xeral Publicaci\u00f3n mensual de novas de Galicia e en especial dos Concellos da sur da provincia de Pontevedra.","publisher":{"@id":"https:\/\/www.anovapeneira.gal\/#organization"},"potentialAction":[{"@type":"SearchAction","target":{"@type":"EntryPoint","urlTemplate":"https:\/\/www.anovapeneira.gal\/?s={search_term_string}"},"query-input":{"@type":"PropertyValueSpecification","valueRequired":true,"valueName":"search_term_string"}}],"inLanguage":"gl-ES"},{"@type":"Organization","@id":"https:\/\/www.anovapeneira.gal\/#organization","name":"A Nova Peneira","url":"https:\/\/www.anovapeneira.gal\/","logo":{"@type":"ImageObject","inLanguage":"gl-ES","@id":"https:\/\/www.anovapeneira.gal\/#\/schema\/logo\/image\/","url":"http:\/\/www.anovapeneira.gal\/wp-content\/uploads\/2019\/06\/logo_a_nova_peneira_portal_web.png","contentUrl":"http:\/\/www.anovapeneira.gal\/wp-content\/uploads\/2019\/06\/logo_a_nova_peneira_portal_web.png","width":300,"height":100,"caption":"A Nova Peneira"},"image":{"@id":"https:\/\/www.anovapeneira.gal\/#\/schema\/logo\/image\/"},"sameAs":["https:\/\/www.facebook.com\/anovapeneira","https:\/\/x.com\/APeneira"]},{"@type":"Person","@id":"https:\/\/www.anovapeneira.gal\/#\/schema\/person\/f18a4feb302e8f20bcef4490b5b60bb3","name":"Artigos Opini\u00f3n","image":{"@type":"ImageObject","inLanguage":"gl-ES","@id":"https:\/\/secure.gravatar.com\/avatar\/072844300f4881150aee2da4278f7a65d16eefdf8262eb67085f1e702de2b959?s=96&d=mm&r=g","url":"https:\/\/secure.gravatar.com\/avatar\/072844300f4881150aee2da4278f7a65d16eefdf8262eb67085f1e702de2b959?s=96&d=mm&r=g","contentUrl":"https:\/\/secure.gravatar.com\/avatar\/072844300f4881150aee2da4278f7a65d16eefdf8262eb67085f1e702de2b959?s=96&d=mm&r=g","caption":"Artigos Opini\u00f3n"},"sameAs":["http:\/\/anovapeneira.gal"],"url":"https:\/\/www.anovapeneira.gal\/index.php\/author\/artigosopinion\/"}]}},"jetpack_featured_media_url":"https:\/\/www.anovapeneira.gal\/wp-content\/uploads\/2024\/11\/gonzalo_busque.jpg","_links":{"self":[{"href":"https:\/\/www.anovapeneira.gal\/index.php\/wp-json\/wp\/v2\/posts\/12904","targetHints":{"allow":["GET"]}}],"collection":[{"href":"https:\/\/www.anovapeneira.gal\/index.php\/wp-json\/wp\/v2\/posts"}],"about":[{"href":"https:\/\/www.anovapeneira.gal\/index.php\/wp-json\/wp\/v2\/types\/post"}],"author":[{"embeddable":true,"href":"https:\/\/www.anovapeneira.gal\/index.php\/wp-json\/wp\/v2\/users\/12"}],"replies":[{"embeddable":true,"href":"https:\/\/www.anovapeneira.gal\/index.php\/wp-json\/wp\/v2\/comments?post=12904"}],"version-history":[{"count":2,"href":"https:\/\/www.anovapeneira.gal\/index.php\/wp-json\/wp\/v2\/posts\/12904\/revisions"}],"predecessor-version":[{"id":12906,"href":"https:\/\/www.anovapeneira.gal\/index.php\/wp-json\/wp\/v2\/posts\/12904\/revisions\/12906"}],"wp:featuredmedia":[{"embeddable":true,"href":"https:\/\/www.anovapeneira.gal\/index.php\/wp-json\/wp\/v2\/media\/12780"}],"wp:attachment":[{"href":"https:\/\/www.anovapeneira.gal\/index.php\/wp-json\/wp\/v2\/media?parent=12904"}],"wp:term":[{"taxonomy":"category","embeddable":true,"href":"https:\/\/www.anovapeneira.gal\/index.php\/wp-json\/wp\/v2\/categories?post=12904"},{"taxonomy":"post_tag","embeddable":true,"href":"https:\/\/www.anovapeneira.gal\/index.php\/wp-json\/wp\/v2\/tags?post=12904"}],"curies":[{"name":"wp","href":"https:\/\/api.w.org\/{rel}","templated":true}]}}