{"id":12907,"date":"2024-12-10T10:00:19","date_gmt":"2024-12-10T09:00:19","guid":{"rendered":"https:\/\/www.anovapeneira.gal\/?p=12907"},"modified":"2024-12-04T10:21:45","modified_gmt":"2024-12-04T09:21:45","slug":"o-bng-recrimina-a-xunta-a-sua-inaccion-fronte-aos-vertidos-que-impactan-negativamente-sobre-a-produtividade-das-rias","status":"publish","type":"post","link":"https:\/\/www.anovapeneira.gal\/index.php\/2024\/12\/10\/o-bng-recrimina-a-xunta-a-sua-inaccion-fronte-aos-vertidos-que-impactan-negativamente-sobre-a-produtividade-das-rias\/","title":{"rendered":"O BNG recrimina \u00e1 Xunta a s\u00faa inacci\u00f3n fronte aos vertidos que impactan negativamente sobre a produtividade das r\u00edas"},"content":{"rendered":"\n<h2 class=\"wp-block-heading\"><strong>Rosana P\u00e9rez advirte que en 2023 houbo 1.915 verteduras, cinco diarias, que afectan \u00e1 calidade das augas e empeora a clasificaci\u00f3n das zonas produtivas<\/strong><\/h2>\n\n\n\n<p><strong>Afea ao Executivo que non realice un estudo integral das causas da ca\u00edda da produci\u00f3n e se escude en motivos que \u201ccaen do ceo\u201d para non recuperar as r\u00edas<\/strong><\/p>\n\n\n\n<p><strong>Recorda que, na vez de incrementar investimentos, o Goberno do PP reduciu 20 mill\u00f3ns a partida destinada \u00e1 rexeneraci\u00f3n das r\u00edas nos \u00faltimos cinco anos<\/strong><\/p>\n\n\n\n<p><strong>Santiago de Compostela, 3 decembro 2024.<\/strong><\/p>\n\n\n\n<p>A portavoz nacionalista de Mar, Rosana P\u00e9rez, recriminou ao Goberno do PP a s\u00faa inacci\u00f3n ante o \u201cgrav\u00edsimo problema\u201d que supo\u00f1en os vertidos \u00e1s r\u00edas de f\u00e1bricas, depuradoras, industrias, minas ou de augas residuais e que impactan negativamente sobre a produtividade das r\u00edas, provocando mesmo o empeoramento da clasificaci\u00f3n das zonas de produci\u00f3n.<\/p>\n\n\n\n<p>Nunha interpelaci\u00f3n en Pleno parlamentario, P\u00e9rez criticou \u00e1 Xunta que atrib\u00faa a causas \u201cque caen do ceo\u201d, como o exceso de choiva, a alta temperatura e baixa salinidade das augas ou ao cambio no comportamento dos ventos, a \u201c<em>debacle<\/em> progresiva\u201d da produci\u00f3n denunciada polo propio sector, sen basearse en ning\u00fan informe, na vez de realizar un estudo integral e interdisciplinar, como prop\u00f3n o BNG, que determine as causas da ca\u00edda produtiva para poder establecer medidas m\u00e1is certeiras, de xeito completo, e non parcialmente como est\u00e1 a facer.<\/p>\n\n\n\n<p>\u201cPara a Conseller\u00eda do Mar as causas da baixada de produci\u00f3n no 2023 con respecto aos \u00faltimos 20 anos, dun case 80% no berberecho, do 69% da ameixa rubia, do 67% da ameixa fina ou do 74,3% da babosa, son todas causas naturais\u201d, ironizou para afear ao Executivo de Rueda que agoche a crueza dos datos detr\u00e1s das causas metereol\u00f3xicas ou clim\u00e1ticas que lle serven \u201cpara eludir as s\u00faas responsabilidades e para non asumir as s\u00faas responsabilidades\u201d.<\/p>\n\n\n\n<p>Neste sentido, centrou a s\u00faa intervenci\u00f3n \u201cnesas outras causas que non caen do ceo\u201d e que \u201cson perfectamente medibles\u201d, como \u00e9 o caso dos vertidos, que segundo o censo publicado polo Ministerio de Transici\u00f3n Ecol\u00f3xica, ascenderon en 2023 a nada m\u00e1is e nada menos que 5.800 verteduras urbanas e industriais a r\u00edos e costas galegas, nomeadamente 4.441 puntos de vertidos urbanos e 1.415 industriais, dispersos por todo o territorio galego.<\/p>\n\n\n\n<p>Tam\u00e9n en 2023, a propia Augas de Galiza cifrou en 1.915 vertidos nas r\u00edas galegas, o que sup\u00f3n un incremento do 11% en relaci\u00f3n ao ano anterior, e dos que 214 son contaminantes e 28 a\u00ednda est\u00e1n en investigaci\u00f3n. \u201c\u00c9 dicir, estamos a falar dunha media de cinco vertidos cada d\u00eda\u201d, advertiu a deputada nacionalista, quen recordou que m\u00e1is da cuarta parte prod\u00facense na r\u00eda de Arousa.<\/p>\n\n\n\n<p>O impacto dese volume de vertidos recae sobre a diversidade mari\u00f1a e sobre a calidade das augas, que afectan directamente \u00e1 clasificaci\u00f3n das zonas, subli\u00f1ou, para afondar a continuaci\u00f3n en que das 134 zonas produtivas que ten clasificadas a Conseller\u00eda do Mar, s\u00f3 nove son zonas A, 14 son zonas C e o resto, 111, son zonas B. \u201cQuere dicir que os moluscos bivalvos te\u00f1en que pasar necesariamente por depuradoras\u201d, recalcou.<\/p>\n\n\n\n<p>P\u00e9rez tam\u00e9n se referiu \u00e1 contaminaci\u00f3n por augas fecais nas r\u00edas de Ald\u00e1n e O H\u00edo, en Cangas, con varias zonas que cambiaron \u201ca peor\u201d a s\u00faa clasificaci\u00f3n por este motivo, o mesmo que tam\u00e9n aconteceu noutras zonas de Cambados, O Grove, Baiona, o estuario do Mandeo, ou a r\u00eda de Cedeira, unha das d\u00faas \u00fanicas Reservas Mari\u00f1as de Interese Pesqueiro de toda Galiza.<\/p>\n\n\n\n<p>De igual xeito, aludiu \u00e1 preocupante situaci\u00f3n que viven a Foz do Mi\u00f1or, que leva 20 anos sen que a conseller\u00eda lograse sacala da clasificaci\u00f3n de zona C, e a enseada de San Sim\u00f3n, tam\u00e9n na r\u00eda de Vigo, cun sector marisqueiro que leva anos \u201ccoa auga ao pescozo\u201d e que ve como se agrava cada vez m\u00e1is o deterioro das augas \u201cpola contaminaci\u00f3n, si, pero tam\u00e9n pola inacci\u00f3n pol\u00edtica\u201d, subli\u00f1ou. \u201cAo Partido Popular d\u00e1lle o mesmo como estean catalogadas as zonas, o caso \u00e9 non investir e non recuperar\u201d, sintetizou.<\/p>\n\n\n\n<p>Nesta li\u00f1a, a portavoz nacionalista de Mar reclamou m\u00e1is investimentos para o saneamento das r\u00edas e denunciou que o grao de execuci\u00f3n do programa de planificaci\u00f3n e xesti\u00f3n ecol\u00f3xica foi apenas do 50% en 2023 e que o Goberno do PP recortou esa mesma partida entre 2021 e 2025 en 20 mill\u00f3ns de euros, \u201co que demostra claramente cales son as intenci\u00f3ns da Xunta\u201d, afirmou, para sinalar \u00e1 reapertura da mina de Touro ou ao proxecto da macrocelulosa de Altri como exemplos de que \u201co de sanear r\u00edos e r\u00edas e o de recuperalas non \u00e9 o seu obxectivo\u201d.<\/p>\n\n\n\n<p>En resposta \u00e1 titular de Medio Ambiente e Cambio Clim\u00e1tico, \u00c1ngeles V\u00e1zquez, que cifrou en 1.000 mill\u00f3ns o investimento da Xunta en saneamento, P\u00e9rez afeou que esa \u00e9 a mesma cifra que xa manexaba a anterior conselleira, Beatriz Mato -\u201ca se\u00f1ora de Greenalia\u201d, recordou- en 2018. \u201cVan ter que cambiar a cantidade porque, se no ano 2018 gastaban mil mill\u00f3ns de euros e agora en 2024 seguen gastando mil mill\u00f3ns de euros, non se comprende como non te\u00f1en solucionado alg\u00fan que outro problema dos que citei\u201d, reprochou.<\/p>\n\n\n\n<p>Tras recordar os exemplos relacionados na s\u00faa primeira intervenci\u00f3n, a deputada nacionalista conclu\u00edu que a Xunta \u201cou non inviste todo o que di que inviste, ou hai algo que est\u00e1 facendo mal\u201d, polo que incidiu na necesidade de estudos integrais que determinen as causas da ca\u00edda da produci\u00f3n nas r\u00edas e na necesidade de m\u00e1is investimentos en saneamento, na vez de recortalos como est\u00e1 a facer o Executivo do PP.<\/p>\n\n\n\n<p>Por \u00faltimo, tam\u00e9n reclamou \u00e1 conselleira de Medio Ambiente que act\u00fae ante o baleirado irregular de encoros que o sector sinala como unha das causas da ca\u00edda da produtividade. \u201cVan seguir vostedes subordin\u00e1ndose ao que digan as el\u00e9ctricas ou van actuar para que os sectores produtivos poidan ter posibilidade de vivir?\u201d, conclu\u00edu.<\/p>\n","protected":false},"excerpt":{"rendered":"<div class=\"mh-excerpt\"><p>Rosana P\u00e9rez advirte que en 2023 houbo 1.915 verteduras, cinco diarias, que afectan \u00e1 calidade das augas e empeora a clasificaci\u00f3n das zonas produtivas <a class=\"mh-excerpt-more\" href=\"https:\/\/www.anovapeneira.gal\/index.php\/2024\/12\/10\/o-bng-recrimina-a-xunta-a-sua-inaccion-fronte-aos-vertidos-que-impactan-negativamente-sobre-a-produtividade-das-rias\/\" title=\"O BNG recrimina \u00e1 Xunta a s\u00faa inacci\u00f3n fronte aos vertidos que impactan negativamente sobre a produtividade das r\u00edas\">[&#8230;]<\/a><\/p>\n<\/div>","protected":false},"author":3,"featured_media":12908,"comment_status":"open","ping_status":"open","sticky":false,"template":"","format":"standard","meta":{"_exactmetrics_skip_tracking":false,"_exactmetrics_sitenote_active":false,"_exactmetrics_sitenote_note":"","_exactmetrics_sitenote_category":0,"footnotes":""},"categories":[1],"tags":[],"class_list":{"0":"post-12907","1":"post","2":"type-post","3":"status-publish","4":"format-standard","5":"has-post-thumbnail","7":"category-sin-categoria"},"yoast_head":"<!-- This site is optimized with the Yoast SEO plugin v27.4 - https:\/\/yoast.com\/product\/yoast-seo-wordpress\/ -->\n<title>O BNG recrimina \u00e1 Xunta a s\u00faa inacci\u00f3n fronte aos vertidos que impactan negativamente sobre a produtividade das r\u00edas -<\/title>\n<meta name=\"robots\" content=\"index, follow, max-snippet:-1, max-image-preview:large, max-video-preview:-1\" \/>\n<link rel=\"canonical\" href=\"https:\/\/www.anovapeneira.gal\/index.php\/2024\/12\/10\/o-bng-recrimina-a-xunta-a-sua-inaccion-fronte-aos-vertidos-que-impactan-negativamente-sobre-a-produtividade-das-rias\/\" \/>\n<meta property=\"og:locale\" content=\"gl_ES\" \/>\n<meta property=\"og:type\" content=\"article\" \/>\n<meta property=\"og:title\" content=\"O BNG recrimina \u00e1 Xunta a s\u00faa inacci\u00f3n fronte aos vertidos que impactan negativamente sobre a produtividade das r\u00edas -\" \/>\n<meta property=\"og:description\" content=\"Rosana P\u00e9rez advirte que en 2023 houbo 1.915 verteduras, cinco diarias, que afectan \u00e1 calidade das augas e empeora a clasificaci\u00f3n das zonas produtivas [...]\" \/>\n<meta property=\"og:url\" content=\"https:\/\/www.anovapeneira.gal\/index.php\/2024\/12\/10\/o-bng-recrimina-a-xunta-a-sua-inaccion-fronte-aos-vertidos-que-impactan-negativamente-sobre-a-produtividade-das-rias\/\" \/>\n<meta property=\"article:publisher\" content=\"https:\/\/www.facebook.com\/anovapeneira\" \/>\n<meta property=\"article:published_time\" content=\"2024-12-10T09:00:19+00:00\" \/>\n<meta property=\"og:image\" content=\"https:\/\/www.anovapeneira.gal\/wp-content\/uploads\/2024\/12\/rosa_perez.jpg\" \/>\n\t<meta property=\"og:image:width\" content=\"720\" \/>\n\t<meta property=\"og:image:height\" content=\"432\" \/>\n\t<meta property=\"og:image:type\" content=\"image\/jpeg\" \/>\n<meta name=\"author\" content=\"Redacci\u00f3n A Nova Peneira\" \/>\n<meta name=\"twitter:card\" content=\"summary_large_image\" \/>\n<meta name=\"twitter:creator\" content=\"@APeneira\" \/>\n<meta name=\"twitter:site\" content=\"@APeneira\" \/>\n<meta name=\"twitter:label1\" content=\"Escrito por\" \/>\n\t<meta name=\"twitter:data1\" content=\"Redacci\u00f3n A Nova Peneira\" \/>\n\t<meta name=\"twitter:label2\" content=\"Tempo de lectura\" \/>\n\t<meta name=\"twitter:data2\" content=\"6 minutos\" \/>\n<script type=\"application\/ld+json\" class=\"yoast-schema-graph\">{\"@context\":\"https:\\\/\\\/schema.org\",\"@graph\":[{\"@type\":\"Article\",\"@id\":\"https:\\\/\\\/www.anovapeneira.gal\\\/index.php\\\/2024\\\/12\\\/10\\\/o-bng-recrimina-a-xunta-a-sua-inaccion-fronte-aos-vertidos-que-impactan-negativamente-sobre-a-produtividade-das-rias\\\/#article\",\"isPartOf\":{\"@id\":\"https:\\\/\\\/www.anovapeneira.gal\\\/index.php\\\/2024\\\/12\\\/10\\\/o-bng-recrimina-a-xunta-a-sua-inaccion-fronte-aos-vertidos-que-impactan-negativamente-sobre-a-produtividade-das-rias\\\/\"},\"author\":{\"name\":\"Redacci\u00f3n A Nova Peneira\",\"@id\":\"https:\\\/\\\/www.anovapeneira.gal\\\/#\\\/schema\\\/person\\\/b93e3f8932e3f8da96334607eb6ac6aa\"},\"headline\":\"O BNG recrimina \u00e1 Xunta a s\u00faa inacci\u00f3n fronte aos vertidos que impactan negativamente sobre a produtividade das r\u00edas\",\"datePublished\":\"2024-12-10T09:00:19+00:00\",\"mainEntityOfPage\":{\"@id\":\"https:\\\/\\\/www.anovapeneira.gal\\\/index.php\\\/2024\\\/12\\\/10\\\/o-bng-recrimina-a-xunta-a-sua-inaccion-fronte-aos-vertidos-que-impactan-negativamente-sobre-a-produtividade-das-rias\\\/\"},\"wordCount\":1062,\"commentCount\":0,\"publisher\":{\"@id\":\"https:\\\/\\\/www.anovapeneira.gal\\\/#organization\"},\"image\":{\"@id\":\"https:\\\/\\\/www.anovapeneira.gal\\\/index.php\\\/2024\\\/12\\\/10\\\/o-bng-recrimina-a-xunta-a-sua-inaccion-fronte-aos-vertidos-que-impactan-negativamente-sobre-a-produtividade-das-rias\\\/#primaryimage\"},\"thumbnailUrl\":\"https:\\\/\\\/www.anovapeneira.gal\\\/wp-content\\\/uploads\\\/2024\\\/12\\\/rosa_perez.jpg\",\"articleSection\":[\"Sin categor\u00eda\"],\"inLanguage\":\"gl-ES\",\"potentialAction\":[{\"@type\":\"CommentAction\",\"name\":\"Comment\",\"target\":[\"https:\\\/\\\/www.anovapeneira.gal\\\/index.php\\\/2024\\\/12\\\/10\\\/o-bng-recrimina-a-xunta-a-sua-inaccion-fronte-aos-vertidos-que-impactan-negativamente-sobre-a-produtividade-das-rias\\\/#respond\"]}]},{\"@type\":\"WebPage\",\"@id\":\"https:\\\/\\\/www.anovapeneira.gal\\\/index.php\\\/2024\\\/12\\\/10\\\/o-bng-recrimina-a-xunta-a-sua-inaccion-fronte-aos-vertidos-que-impactan-negativamente-sobre-a-produtividade-das-rias\\\/\",\"url\":\"https:\\\/\\\/www.anovapeneira.gal\\\/index.php\\\/2024\\\/12\\\/10\\\/o-bng-recrimina-a-xunta-a-sua-inaccion-fronte-aos-vertidos-que-impactan-negativamente-sobre-a-produtividade-das-rias\\\/\",\"name\":\"O BNG recrimina \u00e1 Xunta a s\u00faa inacci\u00f3n fronte aos vertidos que impactan negativamente sobre a produtividade das r\u00edas -\",\"isPartOf\":{\"@id\":\"https:\\\/\\\/www.anovapeneira.gal\\\/#website\"},\"primaryImageOfPage\":{\"@id\":\"https:\\\/\\\/www.anovapeneira.gal\\\/index.php\\\/2024\\\/12\\\/10\\\/o-bng-recrimina-a-xunta-a-sua-inaccion-fronte-aos-vertidos-que-impactan-negativamente-sobre-a-produtividade-das-rias\\\/#primaryimage\"},\"image\":{\"@id\":\"https:\\\/\\\/www.anovapeneira.gal\\\/index.php\\\/2024\\\/12\\\/10\\\/o-bng-recrimina-a-xunta-a-sua-inaccion-fronte-aos-vertidos-que-impactan-negativamente-sobre-a-produtividade-das-rias\\\/#primaryimage\"},\"thumbnailUrl\":\"https:\\\/\\\/www.anovapeneira.gal\\\/wp-content\\\/uploads\\\/2024\\\/12\\\/rosa_perez.jpg\",\"datePublished\":\"2024-12-10T09:00:19+00:00\",\"breadcrumb\":{\"@id\":\"https:\\\/\\\/www.anovapeneira.gal\\\/index.php\\\/2024\\\/12\\\/10\\\/o-bng-recrimina-a-xunta-a-sua-inaccion-fronte-aos-vertidos-que-impactan-negativamente-sobre-a-produtividade-das-rias\\\/#breadcrumb\"},\"inLanguage\":\"gl-ES\",\"potentialAction\":[{\"@type\":\"ReadAction\",\"target\":[\"https:\\\/\\\/www.anovapeneira.gal\\\/index.php\\\/2024\\\/12\\\/10\\\/o-bng-recrimina-a-xunta-a-sua-inaccion-fronte-aos-vertidos-que-impactan-negativamente-sobre-a-produtividade-das-rias\\\/\"]}]},{\"@type\":\"ImageObject\",\"inLanguage\":\"gl-ES\",\"@id\":\"https:\\\/\\\/www.anovapeneira.gal\\\/index.php\\\/2024\\\/12\\\/10\\\/o-bng-recrimina-a-xunta-a-sua-inaccion-fronte-aos-vertidos-que-impactan-negativamente-sobre-a-produtividade-das-rias\\\/#primaryimage\",\"url\":\"https:\\\/\\\/www.anovapeneira.gal\\\/wp-content\\\/uploads\\\/2024\\\/12\\\/rosa_perez.jpg\",\"contentUrl\":\"https:\\\/\\\/www.anovapeneira.gal\\\/wp-content\\\/uploads\\\/2024\\\/12\\\/rosa_perez.jpg\",\"width\":720,\"height\":432,\"caption\":\"Rosana P\u00e9rez BNG\"},{\"@type\":\"BreadcrumbList\",\"@id\":\"https:\\\/\\\/www.anovapeneira.gal\\\/index.php\\\/2024\\\/12\\\/10\\\/o-bng-recrimina-a-xunta-a-sua-inaccion-fronte-aos-vertidos-que-impactan-negativamente-sobre-a-produtividade-das-rias\\\/#breadcrumb\",\"itemListElement\":[{\"@type\":\"ListItem\",\"position\":1,\"name\":\"Portada\",\"item\":\"https:\\\/\\\/www.anovapeneira.gal\\\/\"},{\"@type\":\"ListItem\",\"position\":2,\"name\":\"O BNG recrimina \u00e1 Xunta a s\u00faa inacci\u00f3n fronte aos vertidos que impactan negativamente sobre a produtividade das r\u00edas\"}]},{\"@type\":\"WebSite\",\"@id\":\"https:\\\/\\\/www.anovapeneira.gal\\\/#website\",\"url\":\"https:\\\/\\\/www.anovapeneira.gal\\\/\",\"name\":\"\",\"description\":\"Xornal galego de informaci\u00f3n xeral Publicaci\u00f3n mensual de novas de Galicia e en especial dos Concellos da sur da provincia de Pontevedra.\",\"publisher\":{\"@id\":\"https:\\\/\\\/www.anovapeneira.gal\\\/#organization\"},\"potentialAction\":[{\"@type\":\"SearchAction\",\"target\":{\"@type\":\"EntryPoint\",\"urlTemplate\":\"https:\\\/\\\/www.anovapeneira.gal\\\/?s={search_term_string}\"},\"query-input\":{\"@type\":\"PropertyValueSpecification\",\"valueRequired\":true,\"valueName\":\"search_term_string\"}}],\"inLanguage\":\"gl-ES\"},{\"@type\":\"Organization\",\"@id\":\"https:\\\/\\\/www.anovapeneira.gal\\\/#organization\",\"name\":\"A Nova Peneira\",\"url\":\"https:\\\/\\\/www.anovapeneira.gal\\\/\",\"logo\":{\"@type\":\"ImageObject\",\"inLanguage\":\"gl-ES\",\"@id\":\"https:\\\/\\\/www.anovapeneira.gal\\\/#\\\/schema\\\/logo\\\/image\\\/\",\"url\":\"http:\\\/\\\/www.anovapeneira.gal\\\/wp-content\\\/uploads\\\/2019\\\/06\\\/logo_a_nova_peneira_portal_web.png\",\"contentUrl\":\"http:\\\/\\\/www.anovapeneira.gal\\\/wp-content\\\/uploads\\\/2019\\\/06\\\/logo_a_nova_peneira_portal_web.png\",\"width\":300,\"height\":100,\"caption\":\"A Nova Peneira\"},\"image\":{\"@id\":\"https:\\\/\\\/www.anovapeneira.gal\\\/#\\\/schema\\\/logo\\\/image\\\/\"},\"sameAs\":[\"https:\\\/\\\/www.facebook.com\\\/anovapeneira\",\"https:\\\/\\\/x.com\\\/APeneira\"]},{\"@type\":\"Person\",\"@id\":\"https:\\\/\\\/www.anovapeneira.gal\\\/#\\\/schema\\\/person\\\/b93e3f8932e3f8da96334607eb6ac6aa\",\"name\":\"Redacci\u00f3n A Nova Peneira\",\"image\":{\"@type\":\"ImageObject\",\"inLanguage\":\"gl-ES\",\"@id\":\"https:\\\/\\\/secure.gravatar.com\\\/avatar\\\/c052a2551a06e23fac63626232eaa90abd78dbcf1700fc46a2b2c89fd27b735f?s=96&d=mm&r=g\",\"url\":\"https:\\\/\\\/secure.gravatar.com\\\/avatar\\\/c052a2551a06e23fac63626232eaa90abd78dbcf1700fc46a2b2c89fd27b735f?s=96&d=mm&r=g\",\"contentUrl\":\"https:\\\/\\\/secure.gravatar.com\\\/avatar\\\/c052a2551a06e23fac63626232eaa90abd78dbcf1700fc46a2b2c89fd27b735f?s=96&d=mm&r=g\",\"caption\":\"Redacci\u00f3n A Nova Peneira\"},\"sameAs\":[\"http:\\\/\\\/www.anovapeneira.gal\\\/\"],\"url\":\"https:\\\/\\\/www.anovapeneira.gal\\\/index.php\\\/author\\\/redactor\\\/\"}]}<\/script>\n<!-- \/ Yoast SEO plugin. -->","yoast_head_json":{"title":"O BNG recrimina \u00e1 Xunta a s\u00faa inacci\u00f3n fronte aos vertidos que impactan negativamente sobre a produtividade das r\u00edas -","robots":{"index":"index","follow":"follow","max-snippet":"max-snippet:-1","max-image-preview":"max-image-preview:large","max-video-preview":"max-video-preview:-1"},"canonical":"https:\/\/www.anovapeneira.gal\/index.php\/2024\/12\/10\/o-bng-recrimina-a-xunta-a-sua-inaccion-fronte-aos-vertidos-que-impactan-negativamente-sobre-a-produtividade-das-rias\/","og_locale":"gl_ES","og_type":"article","og_title":"O BNG recrimina \u00e1 Xunta a s\u00faa inacci\u00f3n fronte aos vertidos que impactan negativamente sobre a produtividade das r\u00edas -","og_description":"Rosana P\u00e9rez advirte que en 2023 houbo 1.915 verteduras, cinco diarias, que afectan \u00e1 calidade das augas e empeora a clasificaci\u00f3n das zonas produtivas [...]","og_url":"https:\/\/www.anovapeneira.gal\/index.php\/2024\/12\/10\/o-bng-recrimina-a-xunta-a-sua-inaccion-fronte-aos-vertidos-que-impactan-negativamente-sobre-a-produtividade-das-rias\/","article_publisher":"https:\/\/www.facebook.com\/anovapeneira","article_published_time":"2024-12-10T09:00:19+00:00","og_image":[{"width":720,"height":432,"url":"https:\/\/www.anovapeneira.gal\/wp-content\/uploads\/2024\/12\/rosa_perez.jpg","type":"image\/jpeg"}],"author":"Redacci\u00f3n A Nova Peneira","twitter_card":"summary_large_image","twitter_creator":"@APeneira","twitter_site":"@APeneira","twitter_misc":{"Escrito por":"Redacci\u00f3n A Nova Peneira","Tempo de lectura":"6 minutos"},"schema":{"@context":"https:\/\/schema.org","@graph":[{"@type":"Article","@id":"https:\/\/www.anovapeneira.gal\/index.php\/2024\/12\/10\/o-bng-recrimina-a-xunta-a-sua-inaccion-fronte-aos-vertidos-que-impactan-negativamente-sobre-a-produtividade-das-rias\/#article","isPartOf":{"@id":"https:\/\/www.anovapeneira.gal\/index.php\/2024\/12\/10\/o-bng-recrimina-a-xunta-a-sua-inaccion-fronte-aos-vertidos-que-impactan-negativamente-sobre-a-produtividade-das-rias\/"},"author":{"name":"Redacci\u00f3n A Nova Peneira","@id":"https:\/\/www.anovapeneira.gal\/#\/schema\/person\/b93e3f8932e3f8da96334607eb6ac6aa"},"headline":"O BNG recrimina \u00e1 Xunta a s\u00faa inacci\u00f3n fronte aos vertidos que impactan negativamente sobre a produtividade das r\u00edas","datePublished":"2024-12-10T09:00:19+00:00","mainEntityOfPage":{"@id":"https:\/\/www.anovapeneira.gal\/index.php\/2024\/12\/10\/o-bng-recrimina-a-xunta-a-sua-inaccion-fronte-aos-vertidos-que-impactan-negativamente-sobre-a-produtividade-das-rias\/"},"wordCount":1062,"commentCount":0,"publisher":{"@id":"https:\/\/www.anovapeneira.gal\/#organization"},"image":{"@id":"https:\/\/www.anovapeneira.gal\/index.php\/2024\/12\/10\/o-bng-recrimina-a-xunta-a-sua-inaccion-fronte-aos-vertidos-que-impactan-negativamente-sobre-a-produtividade-das-rias\/#primaryimage"},"thumbnailUrl":"https:\/\/www.anovapeneira.gal\/wp-content\/uploads\/2024\/12\/rosa_perez.jpg","articleSection":["Sin categor\u00eda"],"inLanguage":"gl-ES","potentialAction":[{"@type":"CommentAction","name":"Comment","target":["https:\/\/www.anovapeneira.gal\/index.php\/2024\/12\/10\/o-bng-recrimina-a-xunta-a-sua-inaccion-fronte-aos-vertidos-que-impactan-negativamente-sobre-a-produtividade-das-rias\/#respond"]}]},{"@type":"WebPage","@id":"https:\/\/www.anovapeneira.gal\/index.php\/2024\/12\/10\/o-bng-recrimina-a-xunta-a-sua-inaccion-fronte-aos-vertidos-que-impactan-negativamente-sobre-a-produtividade-das-rias\/","url":"https:\/\/www.anovapeneira.gal\/index.php\/2024\/12\/10\/o-bng-recrimina-a-xunta-a-sua-inaccion-fronte-aos-vertidos-que-impactan-negativamente-sobre-a-produtividade-das-rias\/","name":"O BNG recrimina \u00e1 Xunta a s\u00faa inacci\u00f3n fronte aos vertidos que impactan negativamente sobre a produtividade das r\u00edas -","isPartOf":{"@id":"https:\/\/www.anovapeneira.gal\/#website"},"primaryImageOfPage":{"@id":"https:\/\/www.anovapeneira.gal\/index.php\/2024\/12\/10\/o-bng-recrimina-a-xunta-a-sua-inaccion-fronte-aos-vertidos-que-impactan-negativamente-sobre-a-produtividade-das-rias\/#primaryimage"},"image":{"@id":"https:\/\/www.anovapeneira.gal\/index.php\/2024\/12\/10\/o-bng-recrimina-a-xunta-a-sua-inaccion-fronte-aos-vertidos-que-impactan-negativamente-sobre-a-produtividade-das-rias\/#primaryimage"},"thumbnailUrl":"https:\/\/www.anovapeneira.gal\/wp-content\/uploads\/2024\/12\/rosa_perez.jpg","datePublished":"2024-12-10T09:00:19+00:00","breadcrumb":{"@id":"https:\/\/www.anovapeneira.gal\/index.php\/2024\/12\/10\/o-bng-recrimina-a-xunta-a-sua-inaccion-fronte-aos-vertidos-que-impactan-negativamente-sobre-a-produtividade-das-rias\/#breadcrumb"},"inLanguage":"gl-ES","potentialAction":[{"@type":"ReadAction","target":["https:\/\/www.anovapeneira.gal\/index.php\/2024\/12\/10\/o-bng-recrimina-a-xunta-a-sua-inaccion-fronte-aos-vertidos-que-impactan-negativamente-sobre-a-produtividade-das-rias\/"]}]},{"@type":"ImageObject","inLanguage":"gl-ES","@id":"https:\/\/www.anovapeneira.gal\/index.php\/2024\/12\/10\/o-bng-recrimina-a-xunta-a-sua-inaccion-fronte-aos-vertidos-que-impactan-negativamente-sobre-a-produtividade-das-rias\/#primaryimage","url":"https:\/\/www.anovapeneira.gal\/wp-content\/uploads\/2024\/12\/rosa_perez.jpg","contentUrl":"https:\/\/www.anovapeneira.gal\/wp-content\/uploads\/2024\/12\/rosa_perez.jpg","width":720,"height":432,"caption":"Rosana P\u00e9rez BNG"},{"@type":"BreadcrumbList","@id":"https:\/\/www.anovapeneira.gal\/index.php\/2024\/12\/10\/o-bng-recrimina-a-xunta-a-sua-inaccion-fronte-aos-vertidos-que-impactan-negativamente-sobre-a-produtividade-das-rias\/#breadcrumb","itemListElement":[{"@type":"ListItem","position":1,"name":"Portada","item":"https:\/\/www.anovapeneira.gal\/"},{"@type":"ListItem","position":2,"name":"O BNG recrimina \u00e1 Xunta a s\u00faa inacci\u00f3n fronte aos vertidos que impactan negativamente sobre a produtividade das r\u00edas"}]},{"@type":"WebSite","@id":"https:\/\/www.anovapeneira.gal\/#website","url":"https:\/\/www.anovapeneira.gal\/","name":"","description":"Xornal galego de informaci\u00f3n xeral Publicaci\u00f3n mensual de novas de Galicia e en especial dos Concellos da sur da provincia de Pontevedra.","publisher":{"@id":"https:\/\/www.anovapeneira.gal\/#organization"},"potentialAction":[{"@type":"SearchAction","target":{"@type":"EntryPoint","urlTemplate":"https:\/\/www.anovapeneira.gal\/?s={search_term_string}"},"query-input":{"@type":"PropertyValueSpecification","valueRequired":true,"valueName":"search_term_string"}}],"inLanguage":"gl-ES"},{"@type":"Organization","@id":"https:\/\/www.anovapeneira.gal\/#organization","name":"A Nova Peneira","url":"https:\/\/www.anovapeneira.gal\/","logo":{"@type":"ImageObject","inLanguage":"gl-ES","@id":"https:\/\/www.anovapeneira.gal\/#\/schema\/logo\/image\/","url":"http:\/\/www.anovapeneira.gal\/wp-content\/uploads\/2019\/06\/logo_a_nova_peneira_portal_web.png","contentUrl":"http:\/\/www.anovapeneira.gal\/wp-content\/uploads\/2019\/06\/logo_a_nova_peneira_portal_web.png","width":300,"height":100,"caption":"A Nova Peneira"},"image":{"@id":"https:\/\/www.anovapeneira.gal\/#\/schema\/logo\/image\/"},"sameAs":["https:\/\/www.facebook.com\/anovapeneira","https:\/\/x.com\/APeneira"]},{"@type":"Person","@id":"https:\/\/www.anovapeneira.gal\/#\/schema\/person\/b93e3f8932e3f8da96334607eb6ac6aa","name":"Redacci\u00f3n A Nova Peneira","image":{"@type":"ImageObject","inLanguage":"gl-ES","@id":"https:\/\/secure.gravatar.com\/avatar\/c052a2551a06e23fac63626232eaa90abd78dbcf1700fc46a2b2c89fd27b735f?s=96&d=mm&r=g","url":"https:\/\/secure.gravatar.com\/avatar\/c052a2551a06e23fac63626232eaa90abd78dbcf1700fc46a2b2c89fd27b735f?s=96&d=mm&r=g","contentUrl":"https:\/\/secure.gravatar.com\/avatar\/c052a2551a06e23fac63626232eaa90abd78dbcf1700fc46a2b2c89fd27b735f?s=96&d=mm&r=g","caption":"Redacci\u00f3n A Nova Peneira"},"sameAs":["http:\/\/www.anovapeneira.gal\/"],"url":"https:\/\/www.anovapeneira.gal\/index.php\/author\/redactor\/"}]}},"jetpack_featured_media_url":"https:\/\/www.anovapeneira.gal\/wp-content\/uploads\/2024\/12\/rosa_perez.jpg","_links":{"self":[{"href":"https:\/\/www.anovapeneira.gal\/index.php\/wp-json\/wp\/v2\/posts\/12907","targetHints":{"allow":["GET"]}}],"collection":[{"href":"https:\/\/www.anovapeneira.gal\/index.php\/wp-json\/wp\/v2\/posts"}],"about":[{"href":"https:\/\/www.anovapeneira.gal\/index.php\/wp-json\/wp\/v2\/types\/post"}],"author":[{"embeddable":true,"href":"https:\/\/www.anovapeneira.gal\/index.php\/wp-json\/wp\/v2\/users\/3"}],"replies":[{"embeddable":true,"href":"https:\/\/www.anovapeneira.gal\/index.php\/wp-json\/wp\/v2\/comments?post=12907"}],"version-history":[{"count":1,"href":"https:\/\/www.anovapeneira.gal\/index.php\/wp-json\/wp\/v2\/posts\/12907\/revisions"}],"predecessor-version":[{"id":12909,"href":"https:\/\/www.anovapeneira.gal\/index.php\/wp-json\/wp\/v2\/posts\/12907\/revisions\/12909"}],"wp:featuredmedia":[{"embeddable":true,"href":"https:\/\/www.anovapeneira.gal\/index.php\/wp-json\/wp\/v2\/media\/12908"}],"wp:attachment":[{"href":"https:\/\/www.anovapeneira.gal\/index.php\/wp-json\/wp\/v2\/media?parent=12907"}],"wp:term":[{"taxonomy":"category","embeddable":true,"href":"https:\/\/www.anovapeneira.gal\/index.php\/wp-json\/wp\/v2\/categories?post=12907"},{"taxonomy":"post_tag","embeddable":true,"href":"https:\/\/www.anovapeneira.gal\/index.php\/wp-json\/wp\/v2\/tags?post=12907"}],"curies":[{"name":"wp","href":"https:\/\/api.w.org\/{rel}","templated":true}]}}