{"id":12910,"date":"2024-12-10T12:00:59","date_gmt":"2024-12-10T11:00:59","guid":{"rendered":"https:\/\/www.anovapeneira.gal\/?p=12910"},"modified":"2024-12-04T10:22:03","modified_gmt":"2024-12-04T09:22:03","slug":"bueu-acollera-o-proximo-ano-o-ivfestival-artistico-solidario-art-for-change","status":"publish","type":"post","link":"https:\/\/www.anovapeneira.gal\/index.php\/2024\/12\/10\/bueu-acollera-o-proximo-ano-o-ivfestival-artistico-solidario-art-for-change\/","title":{"rendered":"Bueu acoller\u00e1 o pr\u00f3ximo ano o IVFestival Art\u00edstico Solidario Art For Change"},"content":{"rendered":"\n<ul class=\"wp-block-list\">\n<li><strong>O evento, promovido polo IES Joh\u00e1n Carballeira coa colaboraci\u00f3n do Concello de Bueu, celebrarase o 10 de maio e estar\u00e1 centrado no benestar e na sa\u00fade emocional<\/strong><\/li>\n\n\n\n<li><strong>Alumnado de 4\u00ba de ESO e profesorado do centro mantiveron este luns unha reuni\u00f3n coa concelleira de cultura<\/strong><\/li>\n<\/ul>\n\n\n\n<p><br><strong>Bueu, a 2 de decembro de 2024<\/strong><\/p>\n\n\n\n<p>Bueu volver\u00e1 ser o escenario o pr\u00f3ximo 10 de maio do IV Festival Art\u00edstico Solidario Art For Change, que promove o IES Johan Carballeira coa colaboraci\u00f3n do Concello de Bueu, tema do proxecto Erasmus+ do centro este curso. Precisamente, este luns, o alumnado de 4\u00ba da ESO e o profesorado mantiveron unha reuni\u00f3n con Carmen Garc\u00eda, concelleira de cultura, para expo\u00f1er as necesidades de cara a este evento que tivo unha gran acollida en anos anteriores, e que xa se atopa asentado no calendario.<\/p>\n\n\n\n<p>A edil salientou que \u201c\u00e9 unha experiencia bonita que ve\u00f1ades aqu\u00ed e que esteades levando a cabo un proceso de participaci\u00f3n dende o inicio ao final\u201d.<\/p>\n\n\n\n<p>Nesta edici\u00f3n, e segundo avanzou o alumnado, traballar\u00e1n para concienciar sobre a importancia do coidado do benestar emocional, concretamente da mocidade. Agora mesmo at\u00f3panse en pleno proceso de planificaci\u00f3n para o que contan con toda a comunidade educativa do centro, con acci\u00f3ns como o dese\u00f1o dunha alfombra floral, o logo, produtos para a venda e investigaci\u00f3ns sobre o tema.<\/p>\n\n\n\n<p>O evento ter\u00e1 tam\u00e9n unha parte solidaria, a trav\u00e9s da recadaci\u00f3n de fondos para apoiar a entidades sociais da contorna. Neste caso ser\u00e1n a Asociaci\u00f3n DOA, adicada \u00e1s persoas con enfermidades mentais e a defensa dos seus dereitos, e, a\u00ednda pendente de confirmar, outro colectivo da contorna que traballa na formaci\u00f3n e promoci\u00f3n integral das persoas con discapacidade intelectual. O obxectivo \u00e9 favorecer os procesos de transformaci\u00f3n social a trav\u00e9s da arte e da cultura.<\/p>\n\n\n\n<p>Entre as actividades propostas para o festival, haber\u00e1 concertos, exposici\u00f3ns, exhibici\u00f3n de baile tradicional, exhibici\u00f3n de produtos audiovisuais, obradoiros para todos os p\u00fablicos, exposici\u00f3n de produtos escolares, como experimentos, poes\u00eda, murais matem\u00e1ticos etc. Ademais, e como v\u00e9n sendo habitual, convidarase a participar outros centros educativos as\u00ed como asociaci\u00f3ns culturais da contorna.<\/p>\n\n\n\n<p>O Festival Art For Change naceu no curso 2021\/2022 como parte dun proxecto Eramus+ chamado \u201cOceans of Culture, Culture Of Oceans\u201d, no que se analizou xunto a outros seis pa\u00edses (Lituania, Estonia, Irlanda, Portugal, Francia e Turqu\u00eda) como vivir a car\u00f3n do mar enriquece e transforma a vida nas vilas mari\u00f1eiras. O proxecto tomou como referencia a Feira da Ciencia e da Literatura organizada en anos anteriores polo mesmo instituto.<\/p>\n\n\n\n<p>Dende o instituto tam\u00e9n aproveitaron a visita e a reuni\u00f3n de hoxe coa concelleira para agradecer o apoio e colaboraci\u00f3n do Concello.<\/p>\n","protected":false},"excerpt":{"rendered":"<div class=\"mh-excerpt\"><p>O evento, promovido polo IES Joh\u00e1n Carballeira coa colaboraci\u00f3n do Concello de Bueu, celebrarase o 10 de maio e estar\u00e1 centrado no benestar e na sa\u00fade emocional <a class=\"mh-excerpt-more\" href=\"https:\/\/www.anovapeneira.gal\/index.php\/2024\/12\/10\/bueu-acollera-o-proximo-ano-o-ivfestival-artistico-solidario-art-for-change\/\" title=\"Bueu acoller\u00e1 o pr\u00f3ximo ano o IVFestival Art\u00edstico Solidario Art For Change\">[&#8230;]<\/a><\/p>\n<\/div>","protected":false},"author":3,"featured_media":12911,"comment_status":"open","ping_status":"open","sticky":false,"template":"","format":"standard","meta":{"_exactmetrics_skip_tracking":false,"_exactmetrics_sitenote_active":false,"_exactmetrics_sitenote_note":"","_exactmetrics_sitenote_category":0,"footnotes":""},"categories":[22],"tags":[440],"class_list":{"0":"post-12910","1":"post","2":"type-post","3":"status-publish","4":"format-standard","5":"has-post-thumbnail","7":"category-morrazo","8":"tag-concello-de-bueu"},"yoast_head":"<!-- This site is optimized with the Yoast SEO plugin v27.4 - https:\/\/yoast.com\/product\/yoast-seo-wordpress\/ -->\n<title>Bueu acoller\u00e1 o pr\u00f3ximo ano o IVFestival Art\u00edstico Solidario Art For Change -<\/title>\n<meta name=\"robots\" content=\"index, follow, max-snippet:-1, max-image-preview:large, max-video-preview:-1\" \/>\n<link rel=\"canonical\" href=\"https:\/\/www.anovapeneira.gal\/index.php\/2024\/12\/10\/bueu-acollera-o-proximo-ano-o-ivfestival-artistico-solidario-art-for-change\/\" \/>\n<meta property=\"og:locale\" content=\"gl_ES\" \/>\n<meta property=\"og:type\" content=\"article\" \/>\n<meta property=\"og:title\" content=\"Bueu acoller\u00e1 o pr\u00f3ximo ano o IVFestival Art\u00edstico Solidario Art For Change -\" \/>\n<meta property=\"og:description\" content=\"O evento, promovido polo IES Joh\u00e1n Carballeira coa colaboraci\u00f3n do Concello de Bueu, celebrarase o 10 de maio e estar\u00e1 centrado no benestar e na sa\u00fade emocional [...]\" \/>\n<meta property=\"og:url\" content=\"https:\/\/www.anovapeneira.gal\/index.php\/2024\/12\/10\/bueu-acollera-o-proximo-ano-o-ivfestival-artistico-solidario-art-for-change\/\" \/>\n<meta property=\"article:publisher\" content=\"https:\/\/www.facebook.com\/anovapeneira\" \/>\n<meta property=\"article:published_time\" content=\"2024-12-10T11:00:59+00:00\" \/>\n<meta property=\"og:image\" content=\"https:\/\/www.anovapeneira.gal\/wp-content\/uploads\/2024\/12\/art_for_change.jpg\" \/>\n\t<meta property=\"og:image:width\" content=\"720\" \/>\n\t<meta property=\"og:image:height\" content=\"432\" \/>\n\t<meta property=\"og:image:type\" content=\"image\/jpeg\" \/>\n<meta name=\"author\" content=\"Redacci\u00f3n A Nova Peneira\" \/>\n<meta name=\"twitter:card\" content=\"summary_large_image\" \/>\n<meta name=\"twitter:creator\" content=\"@APeneira\" \/>\n<meta name=\"twitter:site\" content=\"@APeneira\" \/>\n<meta name=\"twitter:label1\" content=\"Escrito por\" \/>\n\t<meta name=\"twitter:data1\" content=\"Redacci\u00f3n A Nova Peneira\" \/>\n\t<meta name=\"twitter:label2\" content=\"Tempo de lectura\" \/>\n\t<meta name=\"twitter:data2\" content=\"3 minutos\" \/>\n<script type=\"application\/ld+json\" class=\"yoast-schema-graph\">{\"@context\":\"https:\\\/\\\/schema.org\",\"@graph\":[{\"@type\":\"Article\",\"@id\":\"https:\\\/\\\/www.anovapeneira.gal\\\/index.php\\\/2024\\\/12\\\/10\\\/bueu-acollera-o-proximo-ano-o-ivfestival-artistico-solidario-art-for-change\\\/#article\",\"isPartOf\":{\"@id\":\"https:\\\/\\\/www.anovapeneira.gal\\\/index.php\\\/2024\\\/12\\\/10\\\/bueu-acollera-o-proximo-ano-o-ivfestival-artistico-solidario-art-for-change\\\/\"},\"author\":{\"name\":\"Redacci\u00f3n A Nova Peneira\",\"@id\":\"https:\\\/\\\/www.anovapeneira.gal\\\/#\\\/schema\\\/person\\\/b93e3f8932e3f8da96334607eb6ac6aa\"},\"headline\":\"Bueu acoller\u00e1 o pr\u00f3ximo ano o IVFestival Art\u00edstico Solidario Art For Change\",\"datePublished\":\"2024-12-10T11:00:59+00:00\",\"mainEntityOfPage\":{\"@id\":\"https:\\\/\\\/www.anovapeneira.gal\\\/index.php\\\/2024\\\/12\\\/10\\\/bueu-acollera-o-proximo-ano-o-ivfestival-artistico-solidario-art-for-change\\\/\"},\"wordCount\":489,\"commentCount\":0,\"publisher\":{\"@id\":\"https:\\\/\\\/www.anovapeneira.gal\\\/#organization\"},\"image\":{\"@id\":\"https:\\\/\\\/www.anovapeneira.gal\\\/index.php\\\/2024\\\/12\\\/10\\\/bueu-acollera-o-proximo-ano-o-ivfestival-artistico-solidario-art-for-change\\\/#primaryimage\"},\"thumbnailUrl\":\"https:\\\/\\\/www.anovapeneira.gal\\\/wp-content\\\/uploads\\\/2024\\\/12\\\/art_for_change.jpg\",\"keywords\":[\"Concello de Bueu\"],\"articleSection\":[\"Morrazo\"],\"inLanguage\":\"gl-ES\",\"potentialAction\":[{\"@type\":\"CommentAction\",\"name\":\"Comment\",\"target\":[\"https:\\\/\\\/www.anovapeneira.gal\\\/index.php\\\/2024\\\/12\\\/10\\\/bueu-acollera-o-proximo-ano-o-ivfestival-artistico-solidario-art-for-change\\\/#respond\"]}]},{\"@type\":\"WebPage\",\"@id\":\"https:\\\/\\\/www.anovapeneira.gal\\\/index.php\\\/2024\\\/12\\\/10\\\/bueu-acollera-o-proximo-ano-o-ivfestival-artistico-solidario-art-for-change\\\/\",\"url\":\"https:\\\/\\\/www.anovapeneira.gal\\\/index.php\\\/2024\\\/12\\\/10\\\/bueu-acollera-o-proximo-ano-o-ivfestival-artistico-solidario-art-for-change\\\/\",\"name\":\"Bueu acoller\u00e1 o pr\u00f3ximo ano o IVFestival Art\u00edstico Solidario Art For Change -\",\"isPartOf\":{\"@id\":\"https:\\\/\\\/www.anovapeneira.gal\\\/#website\"},\"primaryImageOfPage\":{\"@id\":\"https:\\\/\\\/www.anovapeneira.gal\\\/index.php\\\/2024\\\/12\\\/10\\\/bueu-acollera-o-proximo-ano-o-ivfestival-artistico-solidario-art-for-change\\\/#primaryimage\"},\"image\":{\"@id\":\"https:\\\/\\\/www.anovapeneira.gal\\\/index.php\\\/2024\\\/12\\\/10\\\/bueu-acollera-o-proximo-ano-o-ivfestival-artistico-solidario-art-for-change\\\/#primaryimage\"},\"thumbnailUrl\":\"https:\\\/\\\/www.anovapeneira.gal\\\/wp-content\\\/uploads\\\/2024\\\/12\\\/art_for_change.jpg\",\"datePublished\":\"2024-12-10T11:00:59+00:00\",\"breadcrumb\":{\"@id\":\"https:\\\/\\\/www.anovapeneira.gal\\\/index.php\\\/2024\\\/12\\\/10\\\/bueu-acollera-o-proximo-ano-o-ivfestival-artistico-solidario-art-for-change\\\/#breadcrumb\"},\"inLanguage\":\"gl-ES\",\"potentialAction\":[{\"@type\":\"ReadAction\",\"target\":[\"https:\\\/\\\/www.anovapeneira.gal\\\/index.php\\\/2024\\\/12\\\/10\\\/bueu-acollera-o-proximo-ano-o-ivfestival-artistico-solidario-art-for-change\\\/\"]}]},{\"@type\":\"ImageObject\",\"inLanguage\":\"gl-ES\",\"@id\":\"https:\\\/\\\/www.anovapeneira.gal\\\/index.php\\\/2024\\\/12\\\/10\\\/bueu-acollera-o-proximo-ano-o-ivfestival-artistico-solidario-art-for-change\\\/#primaryimage\",\"url\":\"https:\\\/\\\/www.anovapeneira.gal\\\/wp-content\\\/uploads\\\/2024\\\/12\\\/art_for_change.jpg\",\"contentUrl\":\"https:\\\/\\\/www.anovapeneira.gal\\\/wp-content\\\/uploads\\\/2024\\\/12\\\/art_for_change.jpg\",\"width\":720,\"height\":432,\"caption\":\"IV Festival Art\u00edstico Solidario Art For Change\"},{\"@type\":\"BreadcrumbList\",\"@id\":\"https:\\\/\\\/www.anovapeneira.gal\\\/index.php\\\/2024\\\/12\\\/10\\\/bueu-acollera-o-proximo-ano-o-ivfestival-artistico-solidario-art-for-change\\\/#breadcrumb\",\"itemListElement\":[{\"@type\":\"ListItem\",\"position\":1,\"name\":\"Portada\",\"item\":\"https:\\\/\\\/www.anovapeneira.gal\\\/\"},{\"@type\":\"ListItem\",\"position\":2,\"name\":\"Bueu acoller\u00e1 o pr\u00f3ximo ano o IVFestival Art\u00edstico Solidario Art For Change\"}]},{\"@type\":\"WebSite\",\"@id\":\"https:\\\/\\\/www.anovapeneira.gal\\\/#website\",\"url\":\"https:\\\/\\\/www.anovapeneira.gal\\\/\",\"name\":\"\",\"description\":\"Xornal galego de informaci\u00f3n xeral Publicaci\u00f3n mensual de novas de Galicia e en especial dos Concellos da sur da provincia de Pontevedra.\",\"publisher\":{\"@id\":\"https:\\\/\\\/www.anovapeneira.gal\\\/#organization\"},\"potentialAction\":[{\"@type\":\"SearchAction\",\"target\":{\"@type\":\"EntryPoint\",\"urlTemplate\":\"https:\\\/\\\/www.anovapeneira.gal\\\/?s={search_term_string}\"},\"query-input\":{\"@type\":\"PropertyValueSpecification\",\"valueRequired\":true,\"valueName\":\"search_term_string\"}}],\"inLanguage\":\"gl-ES\"},{\"@type\":\"Organization\",\"@id\":\"https:\\\/\\\/www.anovapeneira.gal\\\/#organization\",\"name\":\"A Nova Peneira\",\"url\":\"https:\\\/\\\/www.anovapeneira.gal\\\/\",\"logo\":{\"@type\":\"ImageObject\",\"inLanguage\":\"gl-ES\",\"@id\":\"https:\\\/\\\/www.anovapeneira.gal\\\/#\\\/schema\\\/logo\\\/image\\\/\",\"url\":\"http:\\\/\\\/www.anovapeneira.gal\\\/wp-content\\\/uploads\\\/2019\\\/06\\\/logo_a_nova_peneira_portal_web.png\",\"contentUrl\":\"http:\\\/\\\/www.anovapeneira.gal\\\/wp-content\\\/uploads\\\/2019\\\/06\\\/logo_a_nova_peneira_portal_web.png\",\"width\":300,\"height\":100,\"caption\":\"A Nova Peneira\"},\"image\":{\"@id\":\"https:\\\/\\\/www.anovapeneira.gal\\\/#\\\/schema\\\/logo\\\/image\\\/\"},\"sameAs\":[\"https:\\\/\\\/www.facebook.com\\\/anovapeneira\",\"https:\\\/\\\/x.com\\\/APeneira\"]},{\"@type\":\"Person\",\"@id\":\"https:\\\/\\\/www.anovapeneira.gal\\\/#\\\/schema\\\/person\\\/b93e3f8932e3f8da96334607eb6ac6aa\",\"name\":\"Redacci\u00f3n A Nova Peneira\",\"image\":{\"@type\":\"ImageObject\",\"inLanguage\":\"gl-ES\",\"@id\":\"https:\\\/\\\/secure.gravatar.com\\\/avatar\\\/c052a2551a06e23fac63626232eaa90abd78dbcf1700fc46a2b2c89fd27b735f?s=96&d=mm&r=g\",\"url\":\"https:\\\/\\\/secure.gravatar.com\\\/avatar\\\/c052a2551a06e23fac63626232eaa90abd78dbcf1700fc46a2b2c89fd27b735f?s=96&d=mm&r=g\",\"contentUrl\":\"https:\\\/\\\/secure.gravatar.com\\\/avatar\\\/c052a2551a06e23fac63626232eaa90abd78dbcf1700fc46a2b2c89fd27b735f?s=96&d=mm&r=g\",\"caption\":\"Redacci\u00f3n A Nova Peneira\"},\"sameAs\":[\"http:\\\/\\\/www.anovapeneira.gal\\\/\"],\"url\":\"https:\\\/\\\/www.anovapeneira.gal\\\/index.php\\\/author\\\/redactor\\\/\"}]}<\/script>\n<!-- \/ Yoast SEO plugin. -->","yoast_head_json":{"title":"Bueu acoller\u00e1 o pr\u00f3ximo ano o IVFestival Art\u00edstico Solidario Art For Change -","robots":{"index":"index","follow":"follow","max-snippet":"max-snippet:-1","max-image-preview":"max-image-preview:large","max-video-preview":"max-video-preview:-1"},"canonical":"https:\/\/www.anovapeneira.gal\/index.php\/2024\/12\/10\/bueu-acollera-o-proximo-ano-o-ivfestival-artistico-solidario-art-for-change\/","og_locale":"gl_ES","og_type":"article","og_title":"Bueu acoller\u00e1 o pr\u00f3ximo ano o IVFestival Art\u00edstico Solidario Art For Change -","og_description":"O evento, promovido polo IES Joh\u00e1n Carballeira coa colaboraci\u00f3n do Concello de Bueu, celebrarase o 10 de maio e estar\u00e1 centrado no benestar e na sa\u00fade emocional [...]","og_url":"https:\/\/www.anovapeneira.gal\/index.php\/2024\/12\/10\/bueu-acollera-o-proximo-ano-o-ivfestival-artistico-solidario-art-for-change\/","article_publisher":"https:\/\/www.facebook.com\/anovapeneira","article_published_time":"2024-12-10T11:00:59+00:00","og_image":[{"width":720,"height":432,"url":"https:\/\/www.anovapeneira.gal\/wp-content\/uploads\/2024\/12\/art_for_change.jpg","type":"image\/jpeg"}],"author":"Redacci\u00f3n A Nova Peneira","twitter_card":"summary_large_image","twitter_creator":"@APeneira","twitter_site":"@APeneira","twitter_misc":{"Escrito por":"Redacci\u00f3n A Nova Peneira","Tempo de lectura":"3 minutos"},"schema":{"@context":"https:\/\/schema.org","@graph":[{"@type":"Article","@id":"https:\/\/www.anovapeneira.gal\/index.php\/2024\/12\/10\/bueu-acollera-o-proximo-ano-o-ivfestival-artistico-solidario-art-for-change\/#article","isPartOf":{"@id":"https:\/\/www.anovapeneira.gal\/index.php\/2024\/12\/10\/bueu-acollera-o-proximo-ano-o-ivfestival-artistico-solidario-art-for-change\/"},"author":{"name":"Redacci\u00f3n A Nova Peneira","@id":"https:\/\/www.anovapeneira.gal\/#\/schema\/person\/b93e3f8932e3f8da96334607eb6ac6aa"},"headline":"Bueu acoller\u00e1 o pr\u00f3ximo ano o IVFestival Art\u00edstico Solidario Art For Change","datePublished":"2024-12-10T11:00:59+00:00","mainEntityOfPage":{"@id":"https:\/\/www.anovapeneira.gal\/index.php\/2024\/12\/10\/bueu-acollera-o-proximo-ano-o-ivfestival-artistico-solidario-art-for-change\/"},"wordCount":489,"commentCount":0,"publisher":{"@id":"https:\/\/www.anovapeneira.gal\/#organization"},"image":{"@id":"https:\/\/www.anovapeneira.gal\/index.php\/2024\/12\/10\/bueu-acollera-o-proximo-ano-o-ivfestival-artistico-solidario-art-for-change\/#primaryimage"},"thumbnailUrl":"https:\/\/www.anovapeneira.gal\/wp-content\/uploads\/2024\/12\/art_for_change.jpg","keywords":["Concello de Bueu"],"articleSection":["Morrazo"],"inLanguage":"gl-ES","potentialAction":[{"@type":"CommentAction","name":"Comment","target":["https:\/\/www.anovapeneira.gal\/index.php\/2024\/12\/10\/bueu-acollera-o-proximo-ano-o-ivfestival-artistico-solidario-art-for-change\/#respond"]}]},{"@type":"WebPage","@id":"https:\/\/www.anovapeneira.gal\/index.php\/2024\/12\/10\/bueu-acollera-o-proximo-ano-o-ivfestival-artistico-solidario-art-for-change\/","url":"https:\/\/www.anovapeneira.gal\/index.php\/2024\/12\/10\/bueu-acollera-o-proximo-ano-o-ivfestival-artistico-solidario-art-for-change\/","name":"Bueu acoller\u00e1 o pr\u00f3ximo ano o IVFestival Art\u00edstico Solidario Art For Change -","isPartOf":{"@id":"https:\/\/www.anovapeneira.gal\/#website"},"primaryImageOfPage":{"@id":"https:\/\/www.anovapeneira.gal\/index.php\/2024\/12\/10\/bueu-acollera-o-proximo-ano-o-ivfestival-artistico-solidario-art-for-change\/#primaryimage"},"image":{"@id":"https:\/\/www.anovapeneira.gal\/index.php\/2024\/12\/10\/bueu-acollera-o-proximo-ano-o-ivfestival-artistico-solidario-art-for-change\/#primaryimage"},"thumbnailUrl":"https:\/\/www.anovapeneira.gal\/wp-content\/uploads\/2024\/12\/art_for_change.jpg","datePublished":"2024-12-10T11:00:59+00:00","breadcrumb":{"@id":"https:\/\/www.anovapeneira.gal\/index.php\/2024\/12\/10\/bueu-acollera-o-proximo-ano-o-ivfestival-artistico-solidario-art-for-change\/#breadcrumb"},"inLanguage":"gl-ES","potentialAction":[{"@type":"ReadAction","target":["https:\/\/www.anovapeneira.gal\/index.php\/2024\/12\/10\/bueu-acollera-o-proximo-ano-o-ivfestival-artistico-solidario-art-for-change\/"]}]},{"@type":"ImageObject","inLanguage":"gl-ES","@id":"https:\/\/www.anovapeneira.gal\/index.php\/2024\/12\/10\/bueu-acollera-o-proximo-ano-o-ivfestival-artistico-solidario-art-for-change\/#primaryimage","url":"https:\/\/www.anovapeneira.gal\/wp-content\/uploads\/2024\/12\/art_for_change.jpg","contentUrl":"https:\/\/www.anovapeneira.gal\/wp-content\/uploads\/2024\/12\/art_for_change.jpg","width":720,"height":432,"caption":"IV Festival Art\u00edstico Solidario Art For Change"},{"@type":"BreadcrumbList","@id":"https:\/\/www.anovapeneira.gal\/index.php\/2024\/12\/10\/bueu-acollera-o-proximo-ano-o-ivfestival-artistico-solidario-art-for-change\/#breadcrumb","itemListElement":[{"@type":"ListItem","position":1,"name":"Portada","item":"https:\/\/www.anovapeneira.gal\/"},{"@type":"ListItem","position":2,"name":"Bueu acoller\u00e1 o pr\u00f3ximo ano o IVFestival Art\u00edstico Solidario Art For Change"}]},{"@type":"WebSite","@id":"https:\/\/www.anovapeneira.gal\/#website","url":"https:\/\/www.anovapeneira.gal\/","name":"","description":"Xornal galego de informaci\u00f3n xeral Publicaci\u00f3n mensual de novas de Galicia e en especial dos Concellos da sur da provincia de Pontevedra.","publisher":{"@id":"https:\/\/www.anovapeneira.gal\/#organization"},"potentialAction":[{"@type":"SearchAction","target":{"@type":"EntryPoint","urlTemplate":"https:\/\/www.anovapeneira.gal\/?s={search_term_string}"},"query-input":{"@type":"PropertyValueSpecification","valueRequired":true,"valueName":"search_term_string"}}],"inLanguage":"gl-ES"},{"@type":"Organization","@id":"https:\/\/www.anovapeneira.gal\/#organization","name":"A Nova Peneira","url":"https:\/\/www.anovapeneira.gal\/","logo":{"@type":"ImageObject","inLanguage":"gl-ES","@id":"https:\/\/www.anovapeneira.gal\/#\/schema\/logo\/image\/","url":"http:\/\/www.anovapeneira.gal\/wp-content\/uploads\/2019\/06\/logo_a_nova_peneira_portal_web.png","contentUrl":"http:\/\/www.anovapeneira.gal\/wp-content\/uploads\/2019\/06\/logo_a_nova_peneira_portal_web.png","width":300,"height":100,"caption":"A Nova Peneira"},"image":{"@id":"https:\/\/www.anovapeneira.gal\/#\/schema\/logo\/image\/"},"sameAs":["https:\/\/www.facebook.com\/anovapeneira","https:\/\/x.com\/APeneira"]},{"@type":"Person","@id":"https:\/\/www.anovapeneira.gal\/#\/schema\/person\/b93e3f8932e3f8da96334607eb6ac6aa","name":"Redacci\u00f3n A Nova Peneira","image":{"@type":"ImageObject","inLanguage":"gl-ES","@id":"https:\/\/secure.gravatar.com\/avatar\/c052a2551a06e23fac63626232eaa90abd78dbcf1700fc46a2b2c89fd27b735f?s=96&d=mm&r=g","url":"https:\/\/secure.gravatar.com\/avatar\/c052a2551a06e23fac63626232eaa90abd78dbcf1700fc46a2b2c89fd27b735f?s=96&d=mm&r=g","contentUrl":"https:\/\/secure.gravatar.com\/avatar\/c052a2551a06e23fac63626232eaa90abd78dbcf1700fc46a2b2c89fd27b735f?s=96&d=mm&r=g","caption":"Redacci\u00f3n A Nova Peneira"},"sameAs":["http:\/\/www.anovapeneira.gal\/"],"url":"https:\/\/www.anovapeneira.gal\/index.php\/author\/redactor\/"}]}},"jetpack_featured_media_url":"https:\/\/www.anovapeneira.gal\/wp-content\/uploads\/2024\/12\/art_for_change.jpg","_links":{"self":[{"href":"https:\/\/www.anovapeneira.gal\/index.php\/wp-json\/wp\/v2\/posts\/12910","targetHints":{"allow":["GET"]}}],"collection":[{"href":"https:\/\/www.anovapeneira.gal\/index.php\/wp-json\/wp\/v2\/posts"}],"about":[{"href":"https:\/\/www.anovapeneira.gal\/index.php\/wp-json\/wp\/v2\/types\/post"}],"author":[{"embeddable":true,"href":"https:\/\/www.anovapeneira.gal\/index.php\/wp-json\/wp\/v2\/users\/3"}],"replies":[{"embeddable":true,"href":"https:\/\/www.anovapeneira.gal\/index.php\/wp-json\/wp\/v2\/comments?post=12910"}],"version-history":[{"count":1,"href":"https:\/\/www.anovapeneira.gal\/index.php\/wp-json\/wp\/v2\/posts\/12910\/revisions"}],"predecessor-version":[{"id":12912,"href":"https:\/\/www.anovapeneira.gal\/index.php\/wp-json\/wp\/v2\/posts\/12910\/revisions\/12912"}],"wp:featuredmedia":[{"embeddable":true,"href":"https:\/\/www.anovapeneira.gal\/index.php\/wp-json\/wp\/v2\/media\/12911"}],"wp:attachment":[{"href":"https:\/\/www.anovapeneira.gal\/index.php\/wp-json\/wp\/v2\/media?parent=12910"}],"wp:term":[{"taxonomy":"category","embeddable":true,"href":"https:\/\/www.anovapeneira.gal\/index.php\/wp-json\/wp\/v2\/categories?post=12910"},{"taxonomy":"post_tag","embeddable":true,"href":"https:\/\/www.anovapeneira.gal\/index.php\/wp-json\/wp\/v2\/tags?post=12910"}],"curies":[{"name":"wp","href":"https:\/\/api.w.org\/{rel}","templated":true}]}}