{"id":12928,"date":"2024-12-13T12:00:43","date_gmt":"2024-12-13T11:00:43","guid":{"rendered":"https:\/\/www.anovapeneira.gal\/?p=12928"},"modified":"2024-12-10T10:12:08","modified_gmt":"2024-12-10T09:12:08","slug":"o-goberno-de-carrero-a-deriva-dimisions-ausencias-e-promesas-incumpridas","status":"publish","type":"post","link":"https:\/\/www.anovapeneira.gal\/index.php\/2024\/12\/13\/o-goberno-de-carrero-a-deriva-dimisions-ausencias-e-promesas-incumpridas\/","title":{"rendered":"O goberno de Carrero \u00e1 deriva: dimisi\u00f3ns, ausencias e promesas incumpridas"},"content":{"rendered":"\n<h2 class=\"wp-block-heading\"><em>Hai un ano e medio, o equipo de goberno da Guarda promet\u00eda un \u201cnovo rumbo\u201d para o noso concello. A estas alturas comprobamos que esa promesa quedou en nada: o que vemos \u00e9 un goberno en descomposici\u00f3n, cun alcalde con escasa dedicaci\u00f3n ao concello e cun rumbo m\u00e1is ca\u00f3tico que novo.<\/em><\/h2>\n\n\n\n<p><strong>A Guarda, a 5 de decembro de 2024<\/strong><\/p>\n\n\n\n<p>A primeira en saltar do barco foi Vanesa Alonso, veterinaria de profesi\u00f3n e que ocupaba o cargo de Concelleira de Medio Ambiente. M\u00e1is recentemente, tam\u00e9n o fixo Fernando Reyes, piloto e Concelleiro de Turismo. D\u00faas dimisi\u00f3ns en tan s\u00f3 ano e medio de mandato.<\/p>\n\n\n\n<p>E se falamos de ausencias, o caso m\u00e1is grave \u00e9 o do concelleiro de Comercio e Empresa, Anxo Pena, que leva todo o 2024 desaparecido: ning\u00fan pleno, ning\u00fan proxecto, ningunha acci\u00f3n relevante das s\u00faas conceller\u00edas. A raz\u00f3n?: Leva un ano vivindo e traballando f\u00f3ra de Espa\u00f1a, algo que consideramos totalmente incompatible co desempe\u00f1o do seu cargo.<\/p>\n\n\n\n<p>Ante tal situaci\u00f3n, sin precedentes no noso concello, desde o Grupo Municipal Socialista decidimos presentar unha moci\u00f3n no pleno de novembro para esixir a s\u00faa comparecencia no pr\u00f3ximo pleno ordinario. Queremos que explique \u00e1 cidadan\u00eda que traballo fixo neste ano e, sobre todo, se pensa asumir as s\u00faas responsabilidades cara o futuro.<\/p>\n\n\n\n<p>Pensamos que a nosa petici\u00f3n non \u00e9 para nada desmesurada, polo que nos sorprendeu a postura do Partido Popular no pleno, que votou en contra desta moci\u00f3n, coma se a transparencia e a rendici\u00f3n de contas non foran importantes para eles\/as. Por sorte para A Guarda, o seu socio de goberno e o resto da oposici\u00f3n apoiaron a nosa proposta, permitindo que sa\u00edse adiante. Agora toca esperar pola comparecencia, a\u00ednda que as expectativas, vistas as circunstancias, non son demasiado altas.<\/p>\n\n\n\n<p>E por \u00faltimo, como levamos advertindo desde o inicio deste mandato, A Guarda non pode permitirse un alcalde sen a dedicaci\u00f3n que o Concello require. Carrero reparte o seu tempo entre a Deputaci\u00f3n (onde ten un 79% de adicaci\u00f3n), a docencia, a avogac\u00eda e a Alcald\u00eda, o que deixa ao noso municipio sen o liderado e o compromiso que merece. Como ben di o refr\u00e1n, \u201cquen moito abarca, pouco apreta\u201d.<\/p>\n\n\n\n<p>Desde o grupo municipal socialista lamentamos profundamente que A Guarda te\u00f1a que soportar un goberno que promet\u00eda tanto e que, finalmente, quedou en nada. Mentres eles\/as seguen \u00e1 deriva, n\u00f3s continuaremos traballando pola transparencia, pola responsabilidade e, sobre todo, polos intereses de todas as veci\u00f1as e veci\u00f1os de A Guarda.<\/p>\n","protected":false},"excerpt":{"rendered":"<div class=\"mh-excerpt\"><p>Hai un ano e medio, o equipo de goberno da Guarda promet\u00eda un \u201cnovo rumbo\u201d para o noso concello. <a class=\"mh-excerpt-more\" href=\"https:\/\/www.anovapeneira.gal\/index.php\/2024\/12\/13\/o-goberno-de-carrero-a-deriva-dimisions-ausencias-e-promesas-incumpridas\/\" title=\"O goberno de Carrero \u00e1 deriva: dimisi\u00f3ns, ausencias e promesas incumpridas\">[&#8230;]<\/a><\/p>\n<\/div>","protected":false},"author":3,"featured_media":12929,"comment_status":"open","ping_status":"open","sticky":false,"template":"","format":"standard","meta":{"_exactmetrics_skip_tracking":false,"_exactmetrics_sitenote_active":false,"_exactmetrics_sitenote_note":"","_exactmetrics_sitenote_category":0,"footnotes":""},"categories":[21],"tags":[1440],"class_list":{"0":"post-12928","1":"post","2":"type-post","3":"status-publish","4":"format-standard","5":"has-post-thumbnail","7":"category-baixo-mino","8":"tag-concello-da-garda"},"yoast_head":"<!-- This site is optimized with the Yoast SEO plugin v27.4 - https:\/\/yoast.com\/product\/yoast-seo-wordpress\/ -->\n<title>O goberno de Carrero \u00e1 deriva: dimisi\u00f3ns, ausencias e promesas incumpridas -<\/title>\n<meta name=\"robots\" content=\"index, follow, max-snippet:-1, max-image-preview:large, max-video-preview:-1\" \/>\n<link rel=\"canonical\" href=\"https:\/\/www.anovapeneira.gal\/index.php\/2024\/12\/13\/o-goberno-de-carrero-a-deriva-dimisions-ausencias-e-promesas-incumpridas\/\" \/>\n<meta property=\"og:locale\" content=\"gl_ES\" \/>\n<meta property=\"og:type\" content=\"article\" \/>\n<meta property=\"og:title\" content=\"O goberno de Carrero \u00e1 deriva: dimisi\u00f3ns, ausencias e promesas incumpridas -\" \/>\n<meta property=\"og:description\" content=\"Hai un ano e medio, o equipo de goberno da Guarda promet\u00eda un \u201cnovo rumbo\u201d para o noso concello. [...]\" \/>\n<meta property=\"og:url\" content=\"https:\/\/www.anovapeneira.gal\/index.php\/2024\/12\/13\/o-goberno-de-carrero-a-deriva-dimisions-ausencias-e-promesas-incumpridas\/\" \/>\n<meta property=\"article:publisher\" content=\"https:\/\/www.facebook.com\/anovapeneira\" \/>\n<meta property=\"article:published_time\" content=\"2024-12-13T11:00:43+00:00\" \/>\n<meta property=\"og:image\" content=\"https:\/\/www.anovapeneira.gal\/wp-content\/uploads\/2024\/12\/equipo_carrero.jpg\" \/>\n\t<meta property=\"og:image:width\" content=\"720\" \/>\n\t<meta property=\"og:image:height\" content=\"432\" \/>\n\t<meta property=\"og:image:type\" content=\"image\/jpeg\" \/>\n<meta name=\"author\" content=\"Redacci\u00f3n A Nova Peneira\" \/>\n<meta name=\"twitter:card\" content=\"summary_large_image\" \/>\n<meta name=\"twitter:creator\" content=\"@APeneira\" \/>\n<meta name=\"twitter:site\" content=\"@APeneira\" \/>\n<meta name=\"twitter:label1\" content=\"Escrito por\" \/>\n\t<meta name=\"twitter:data1\" content=\"Redacci\u00f3n A Nova Peneira\" \/>\n\t<meta name=\"twitter:label2\" content=\"Tempo de lectura\" \/>\n\t<meta name=\"twitter:data2\" content=\"3 minutos\" \/>\n<script type=\"application\/ld+json\" class=\"yoast-schema-graph\">{\"@context\":\"https:\\\/\\\/schema.org\",\"@graph\":[{\"@type\":\"Article\",\"@id\":\"https:\\\/\\\/www.anovapeneira.gal\\\/index.php\\\/2024\\\/12\\\/13\\\/o-goberno-de-carrero-a-deriva-dimisions-ausencias-e-promesas-incumpridas\\\/#article\",\"isPartOf\":{\"@id\":\"https:\\\/\\\/www.anovapeneira.gal\\\/index.php\\\/2024\\\/12\\\/13\\\/o-goberno-de-carrero-a-deriva-dimisions-ausencias-e-promesas-incumpridas\\\/\"},\"author\":{\"name\":\"Redacci\u00f3n A Nova Peneira\",\"@id\":\"https:\\\/\\\/www.anovapeneira.gal\\\/#\\\/schema\\\/person\\\/b93e3f8932e3f8da96334607eb6ac6aa\"},\"headline\":\"O goberno de Carrero \u00e1 deriva: dimisi\u00f3ns, ausencias e promesas incumpridas\",\"datePublished\":\"2024-12-13T11:00:43+00:00\",\"mainEntityOfPage\":{\"@id\":\"https:\\\/\\\/www.anovapeneira.gal\\\/index.php\\\/2024\\\/12\\\/13\\\/o-goberno-de-carrero-a-deriva-dimisions-ausencias-e-promesas-incumpridas\\\/\"},\"wordCount\":458,\"commentCount\":0,\"publisher\":{\"@id\":\"https:\\\/\\\/www.anovapeneira.gal\\\/#organization\"},\"image\":{\"@id\":\"https:\\\/\\\/www.anovapeneira.gal\\\/index.php\\\/2024\\\/12\\\/13\\\/o-goberno-de-carrero-a-deriva-dimisions-ausencias-e-promesas-incumpridas\\\/#primaryimage\"},\"thumbnailUrl\":\"https:\\\/\\\/www.anovapeneira.gal\\\/wp-content\\\/uploads\\\/2024\\\/12\\\/equipo_carrero.jpg\",\"keywords\":[\"Concello da Garda\"],\"articleSection\":[\"Baixo Mi\u00f1o\"],\"inLanguage\":\"gl-ES\",\"potentialAction\":[{\"@type\":\"CommentAction\",\"name\":\"Comment\",\"target\":[\"https:\\\/\\\/www.anovapeneira.gal\\\/index.php\\\/2024\\\/12\\\/13\\\/o-goberno-de-carrero-a-deriva-dimisions-ausencias-e-promesas-incumpridas\\\/#respond\"]}]},{\"@type\":\"WebPage\",\"@id\":\"https:\\\/\\\/www.anovapeneira.gal\\\/index.php\\\/2024\\\/12\\\/13\\\/o-goberno-de-carrero-a-deriva-dimisions-ausencias-e-promesas-incumpridas\\\/\",\"url\":\"https:\\\/\\\/www.anovapeneira.gal\\\/index.php\\\/2024\\\/12\\\/13\\\/o-goberno-de-carrero-a-deriva-dimisions-ausencias-e-promesas-incumpridas\\\/\",\"name\":\"O goberno de Carrero \u00e1 deriva: dimisi\u00f3ns, ausencias e promesas incumpridas -\",\"isPartOf\":{\"@id\":\"https:\\\/\\\/www.anovapeneira.gal\\\/#website\"},\"primaryImageOfPage\":{\"@id\":\"https:\\\/\\\/www.anovapeneira.gal\\\/index.php\\\/2024\\\/12\\\/13\\\/o-goberno-de-carrero-a-deriva-dimisions-ausencias-e-promesas-incumpridas\\\/#primaryimage\"},\"image\":{\"@id\":\"https:\\\/\\\/www.anovapeneira.gal\\\/index.php\\\/2024\\\/12\\\/13\\\/o-goberno-de-carrero-a-deriva-dimisions-ausencias-e-promesas-incumpridas\\\/#primaryimage\"},\"thumbnailUrl\":\"https:\\\/\\\/www.anovapeneira.gal\\\/wp-content\\\/uploads\\\/2024\\\/12\\\/equipo_carrero.jpg\",\"datePublished\":\"2024-12-13T11:00:43+00:00\",\"breadcrumb\":{\"@id\":\"https:\\\/\\\/www.anovapeneira.gal\\\/index.php\\\/2024\\\/12\\\/13\\\/o-goberno-de-carrero-a-deriva-dimisions-ausencias-e-promesas-incumpridas\\\/#breadcrumb\"},\"inLanguage\":\"gl-ES\",\"potentialAction\":[{\"@type\":\"ReadAction\",\"target\":[\"https:\\\/\\\/www.anovapeneira.gal\\\/index.php\\\/2024\\\/12\\\/13\\\/o-goberno-de-carrero-a-deriva-dimisions-ausencias-e-promesas-incumpridas\\\/\"]}]},{\"@type\":\"ImageObject\",\"inLanguage\":\"gl-ES\",\"@id\":\"https:\\\/\\\/www.anovapeneira.gal\\\/index.php\\\/2024\\\/12\\\/13\\\/o-goberno-de-carrero-a-deriva-dimisions-ausencias-e-promesas-incumpridas\\\/#primaryimage\",\"url\":\"https:\\\/\\\/www.anovapeneira.gal\\\/wp-content\\\/uploads\\\/2024\\\/12\\\/equipo_carrero.jpg\",\"contentUrl\":\"https:\\\/\\\/www.anovapeneira.gal\\\/wp-content\\\/uploads\\\/2024\\\/12\\\/equipo_carrero.jpg\",\"width\":720,\"height\":432,\"caption\":\"O goberno de Carrero\"},{\"@type\":\"BreadcrumbList\",\"@id\":\"https:\\\/\\\/www.anovapeneira.gal\\\/index.php\\\/2024\\\/12\\\/13\\\/o-goberno-de-carrero-a-deriva-dimisions-ausencias-e-promesas-incumpridas\\\/#breadcrumb\",\"itemListElement\":[{\"@type\":\"ListItem\",\"position\":1,\"name\":\"Portada\",\"item\":\"https:\\\/\\\/www.anovapeneira.gal\\\/\"},{\"@type\":\"ListItem\",\"position\":2,\"name\":\"O goberno de Carrero \u00e1 deriva: dimisi\u00f3ns, ausencias e promesas incumpridas\"}]},{\"@type\":\"WebSite\",\"@id\":\"https:\\\/\\\/www.anovapeneira.gal\\\/#website\",\"url\":\"https:\\\/\\\/www.anovapeneira.gal\\\/\",\"name\":\"\",\"description\":\"Xornal galego de informaci\u00f3n xeral Publicaci\u00f3n mensual de novas de Galicia e en especial dos Concellos da sur da provincia de Pontevedra.\",\"publisher\":{\"@id\":\"https:\\\/\\\/www.anovapeneira.gal\\\/#organization\"},\"potentialAction\":[{\"@type\":\"SearchAction\",\"target\":{\"@type\":\"EntryPoint\",\"urlTemplate\":\"https:\\\/\\\/www.anovapeneira.gal\\\/?s={search_term_string}\"},\"query-input\":{\"@type\":\"PropertyValueSpecification\",\"valueRequired\":true,\"valueName\":\"search_term_string\"}}],\"inLanguage\":\"gl-ES\"},{\"@type\":\"Organization\",\"@id\":\"https:\\\/\\\/www.anovapeneira.gal\\\/#organization\",\"name\":\"A Nova Peneira\",\"url\":\"https:\\\/\\\/www.anovapeneira.gal\\\/\",\"logo\":{\"@type\":\"ImageObject\",\"inLanguage\":\"gl-ES\",\"@id\":\"https:\\\/\\\/www.anovapeneira.gal\\\/#\\\/schema\\\/logo\\\/image\\\/\",\"url\":\"http:\\\/\\\/www.anovapeneira.gal\\\/wp-content\\\/uploads\\\/2019\\\/06\\\/logo_a_nova_peneira_portal_web.png\",\"contentUrl\":\"http:\\\/\\\/www.anovapeneira.gal\\\/wp-content\\\/uploads\\\/2019\\\/06\\\/logo_a_nova_peneira_portal_web.png\",\"width\":300,\"height\":100,\"caption\":\"A Nova Peneira\"},\"image\":{\"@id\":\"https:\\\/\\\/www.anovapeneira.gal\\\/#\\\/schema\\\/logo\\\/image\\\/\"},\"sameAs\":[\"https:\\\/\\\/www.facebook.com\\\/anovapeneira\",\"https:\\\/\\\/x.com\\\/APeneira\"]},{\"@type\":\"Person\",\"@id\":\"https:\\\/\\\/www.anovapeneira.gal\\\/#\\\/schema\\\/person\\\/b93e3f8932e3f8da96334607eb6ac6aa\",\"name\":\"Redacci\u00f3n A Nova Peneira\",\"image\":{\"@type\":\"ImageObject\",\"inLanguage\":\"gl-ES\",\"@id\":\"https:\\\/\\\/secure.gravatar.com\\\/avatar\\\/c052a2551a06e23fac63626232eaa90abd78dbcf1700fc46a2b2c89fd27b735f?s=96&d=mm&r=g\",\"url\":\"https:\\\/\\\/secure.gravatar.com\\\/avatar\\\/c052a2551a06e23fac63626232eaa90abd78dbcf1700fc46a2b2c89fd27b735f?s=96&d=mm&r=g\",\"contentUrl\":\"https:\\\/\\\/secure.gravatar.com\\\/avatar\\\/c052a2551a06e23fac63626232eaa90abd78dbcf1700fc46a2b2c89fd27b735f?s=96&d=mm&r=g\",\"caption\":\"Redacci\u00f3n A Nova Peneira\"},\"sameAs\":[\"http:\\\/\\\/www.anovapeneira.gal\\\/\"],\"url\":\"https:\\\/\\\/www.anovapeneira.gal\\\/index.php\\\/author\\\/redactor\\\/\"}]}<\/script>\n<!-- \/ Yoast SEO plugin. -->","yoast_head_json":{"title":"O goberno de Carrero \u00e1 deriva: dimisi\u00f3ns, ausencias e promesas incumpridas -","robots":{"index":"index","follow":"follow","max-snippet":"max-snippet:-1","max-image-preview":"max-image-preview:large","max-video-preview":"max-video-preview:-1"},"canonical":"https:\/\/www.anovapeneira.gal\/index.php\/2024\/12\/13\/o-goberno-de-carrero-a-deriva-dimisions-ausencias-e-promesas-incumpridas\/","og_locale":"gl_ES","og_type":"article","og_title":"O goberno de Carrero \u00e1 deriva: dimisi\u00f3ns, ausencias e promesas incumpridas -","og_description":"Hai un ano e medio, o equipo de goberno da Guarda promet\u00eda un \u201cnovo rumbo\u201d para o noso concello. [...]","og_url":"https:\/\/www.anovapeneira.gal\/index.php\/2024\/12\/13\/o-goberno-de-carrero-a-deriva-dimisions-ausencias-e-promesas-incumpridas\/","article_publisher":"https:\/\/www.facebook.com\/anovapeneira","article_published_time":"2024-12-13T11:00:43+00:00","og_image":[{"width":720,"height":432,"url":"https:\/\/www.anovapeneira.gal\/wp-content\/uploads\/2024\/12\/equipo_carrero.jpg","type":"image\/jpeg"}],"author":"Redacci\u00f3n A Nova Peneira","twitter_card":"summary_large_image","twitter_creator":"@APeneira","twitter_site":"@APeneira","twitter_misc":{"Escrito por":"Redacci\u00f3n A Nova Peneira","Tempo de lectura":"3 minutos"},"schema":{"@context":"https:\/\/schema.org","@graph":[{"@type":"Article","@id":"https:\/\/www.anovapeneira.gal\/index.php\/2024\/12\/13\/o-goberno-de-carrero-a-deriva-dimisions-ausencias-e-promesas-incumpridas\/#article","isPartOf":{"@id":"https:\/\/www.anovapeneira.gal\/index.php\/2024\/12\/13\/o-goberno-de-carrero-a-deriva-dimisions-ausencias-e-promesas-incumpridas\/"},"author":{"name":"Redacci\u00f3n A Nova Peneira","@id":"https:\/\/www.anovapeneira.gal\/#\/schema\/person\/b93e3f8932e3f8da96334607eb6ac6aa"},"headline":"O goberno de Carrero \u00e1 deriva: dimisi\u00f3ns, ausencias e promesas incumpridas","datePublished":"2024-12-13T11:00:43+00:00","mainEntityOfPage":{"@id":"https:\/\/www.anovapeneira.gal\/index.php\/2024\/12\/13\/o-goberno-de-carrero-a-deriva-dimisions-ausencias-e-promesas-incumpridas\/"},"wordCount":458,"commentCount":0,"publisher":{"@id":"https:\/\/www.anovapeneira.gal\/#organization"},"image":{"@id":"https:\/\/www.anovapeneira.gal\/index.php\/2024\/12\/13\/o-goberno-de-carrero-a-deriva-dimisions-ausencias-e-promesas-incumpridas\/#primaryimage"},"thumbnailUrl":"https:\/\/www.anovapeneira.gal\/wp-content\/uploads\/2024\/12\/equipo_carrero.jpg","keywords":["Concello da Garda"],"articleSection":["Baixo Mi\u00f1o"],"inLanguage":"gl-ES","potentialAction":[{"@type":"CommentAction","name":"Comment","target":["https:\/\/www.anovapeneira.gal\/index.php\/2024\/12\/13\/o-goberno-de-carrero-a-deriva-dimisions-ausencias-e-promesas-incumpridas\/#respond"]}]},{"@type":"WebPage","@id":"https:\/\/www.anovapeneira.gal\/index.php\/2024\/12\/13\/o-goberno-de-carrero-a-deriva-dimisions-ausencias-e-promesas-incumpridas\/","url":"https:\/\/www.anovapeneira.gal\/index.php\/2024\/12\/13\/o-goberno-de-carrero-a-deriva-dimisions-ausencias-e-promesas-incumpridas\/","name":"O goberno de Carrero \u00e1 deriva: dimisi\u00f3ns, ausencias e promesas incumpridas -","isPartOf":{"@id":"https:\/\/www.anovapeneira.gal\/#website"},"primaryImageOfPage":{"@id":"https:\/\/www.anovapeneira.gal\/index.php\/2024\/12\/13\/o-goberno-de-carrero-a-deriva-dimisions-ausencias-e-promesas-incumpridas\/#primaryimage"},"image":{"@id":"https:\/\/www.anovapeneira.gal\/index.php\/2024\/12\/13\/o-goberno-de-carrero-a-deriva-dimisions-ausencias-e-promesas-incumpridas\/#primaryimage"},"thumbnailUrl":"https:\/\/www.anovapeneira.gal\/wp-content\/uploads\/2024\/12\/equipo_carrero.jpg","datePublished":"2024-12-13T11:00:43+00:00","breadcrumb":{"@id":"https:\/\/www.anovapeneira.gal\/index.php\/2024\/12\/13\/o-goberno-de-carrero-a-deriva-dimisions-ausencias-e-promesas-incumpridas\/#breadcrumb"},"inLanguage":"gl-ES","potentialAction":[{"@type":"ReadAction","target":["https:\/\/www.anovapeneira.gal\/index.php\/2024\/12\/13\/o-goberno-de-carrero-a-deriva-dimisions-ausencias-e-promesas-incumpridas\/"]}]},{"@type":"ImageObject","inLanguage":"gl-ES","@id":"https:\/\/www.anovapeneira.gal\/index.php\/2024\/12\/13\/o-goberno-de-carrero-a-deriva-dimisions-ausencias-e-promesas-incumpridas\/#primaryimage","url":"https:\/\/www.anovapeneira.gal\/wp-content\/uploads\/2024\/12\/equipo_carrero.jpg","contentUrl":"https:\/\/www.anovapeneira.gal\/wp-content\/uploads\/2024\/12\/equipo_carrero.jpg","width":720,"height":432,"caption":"O goberno de Carrero"},{"@type":"BreadcrumbList","@id":"https:\/\/www.anovapeneira.gal\/index.php\/2024\/12\/13\/o-goberno-de-carrero-a-deriva-dimisions-ausencias-e-promesas-incumpridas\/#breadcrumb","itemListElement":[{"@type":"ListItem","position":1,"name":"Portada","item":"https:\/\/www.anovapeneira.gal\/"},{"@type":"ListItem","position":2,"name":"O goberno de Carrero \u00e1 deriva: dimisi\u00f3ns, ausencias e promesas incumpridas"}]},{"@type":"WebSite","@id":"https:\/\/www.anovapeneira.gal\/#website","url":"https:\/\/www.anovapeneira.gal\/","name":"","description":"Xornal galego de informaci\u00f3n xeral Publicaci\u00f3n mensual de novas de Galicia e en especial dos Concellos da sur da provincia de Pontevedra.","publisher":{"@id":"https:\/\/www.anovapeneira.gal\/#organization"},"potentialAction":[{"@type":"SearchAction","target":{"@type":"EntryPoint","urlTemplate":"https:\/\/www.anovapeneira.gal\/?s={search_term_string}"},"query-input":{"@type":"PropertyValueSpecification","valueRequired":true,"valueName":"search_term_string"}}],"inLanguage":"gl-ES"},{"@type":"Organization","@id":"https:\/\/www.anovapeneira.gal\/#organization","name":"A Nova Peneira","url":"https:\/\/www.anovapeneira.gal\/","logo":{"@type":"ImageObject","inLanguage":"gl-ES","@id":"https:\/\/www.anovapeneira.gal\/#\/schema\/logo\/image\/","url":"http:\/\/www.anovapeneira.gal\/wp-content\/uploads\/2019\/06\/logo_a_nova_peneira_portal_web.png","contentUrl":"http:\/\/www.anovapeneira.gal\/wp-content\/uploads\/2019\/06\/logo_a_nova_peneira_portal_web.png","width":300,"height":100,"caption":"A Nova Peneira"},"image":{"@id":"https:\/\/www.anovapeneira.gal\/#\/schema\/logo\/image\/"},"sameAs":["https:\/\/www.facebook.com\/anovapeneira","https:\/\/x.com\/APeneira"]},{"@type":"Person","@id":"https:\/\/www.anovapeneira.gal\/#\/schema\/person\/b93e3f8932e3f8da96334607eb6ac6aa","name":"Redacci\u00f3n A Nova Peneira","image":{"@type":"ImageObject","inLanguage":"gl-ES","@id":"https:\/\/secure.gravatar.com\/avatar\/c052a2551a06e23fac63626232eaa90abd78dbcf1700fc46a2b2c89fd27b735f?s=96&d=mm&r=g","url":"https:\/\/secure.gravatar.com\/avatar\/c052a2551a06e23fac63626232eaa90abd78dbcf1700fc46a2b2c89fd27b735f?s=96&d=mm&r=g","contentUrl":"https:\/\/secure.gravatar.com\/avatar\/c052a2551a06e23fac63626232eaa90abd78dbcf1700fc46a2b2c89fd27b735f?s=96&d=mm&r=g","caption":"Redacci\u00f3n A Nova Peneira"},"sameAs":["http:\/\/www.anovapeneira.gal\/"],"url":"https:\/\/www.anovapeneira.gal\/index.php\/author\/redactor\/"}]}},"jetpack_featured_media_url":"https:\/\/www.anovapeneira.gal\/wp-content\/uploads\/2024\/12\/equipo_carrero.jpg","_links":{"self":[{"href":"https:\/\/www.anovapeneira.gal\/index.php\/wp-json\/wp\/v2\/posts\/12928","targetHints":{"allow":["GET"]}}],"collection":[{"href":"https:\/\/www.anovapeneira.gal\/index.php\/wp-json\/wp\/v2\/posts"}],"about":[{"href":"https:\/\/www.anovapeneira.gal\/index.php\/wp-json\/wp\/v2\/types\/post"}],"author":[{"embeddable":true,"href":"https:\/\/www.anovapeneira.gal\/index.php\/wp-json\/wp\/v2\/users\/3"}],"replies":[{"embeddable":true,"href":"https:\/\/www.anovapeneira.gal\/index.php\/wp-json\/wp\/v2\/comments?post=12928"}],"version-history":[{"count":1,"href":"https:\/\/www.anovapeneira.gal\/index.php\/wp-json\/wp\/v2\/posts\/12928\/revisions"}],"predecessor-version":[{"id":12930,"href":"https:\/\/www.anovapeneira.gal\/index.php\/wp-json\/wp\/v2\/posts\/12928\/revisions\/12930"}],"wp:featuredmedia":[{"embeddable":true,"href":"https:\/\/www.anovapeneira.gal\/index.php\/wp-json\/wp\/v2\/media\/12929"}],"wp:attachment":[{"href":"https:\/\/www.anovapeneira.gal\/index.php\/wp-json\/wp\/v2\/media?parent=12928"}],"wp:term":[{"taxonomy":"category","embeddable":true,"href":"https:\/\/www.anovapeneira.gal\/index.php\/wp-json\/wp\/v2\/categories?post=12928"},{"taxonomy":"post_tag","embeddable":true,"href":"https:\/\/www.anovapeneira.gal\/index.php\/wp-json\/wp\/v2\/tags?post=12928"}],"curies":[{"name":"wp","href":"https:\/\/api.w.org\/{rel}","templated":true}]}}