{"id":12932,"date":"2024-12-16T10:00:46","date_gmt":"2024-12-16T09:00:46","guid":{"rendered":"https:\/\/www.anovapeneira.gal\/?p=12932"},"modified":"2024-12-11T11:08:50","modified_gmt":"2024-12-11T10:08:50","slug":"ud-nespereira","status":"publish","type":"post","link":"https:\/\/www.anovapeneira.gal\/index.php\/2024\/12\/16\/ud-nespereira\/","title":{"rendered":"UD Nespereira"},"content":{"rendered":"\n<p><strong>Nespereira \u00e9 unha parroquia do Concello de Pazos de Borb\u00e9n, malia que \u00e9 a que m\u00e1is habitantes ten de todo o Concello non deixa de ser unha pequena parroquia na que viven arredor de 780 persoas. Desde o ano 1982 un equipo de f\u00fatbol, primeiro CD e agora UD Nespereira, defende con orgullo, dignidade e paix\u00f3n as cores da parroquia de Nespereira polos distintos terreos de xogo nos que disputa as s\u00faas competici\u00f3ns. E sen d\u00fabida fan un traballo moi meritorio, pois neste contexto de enorme dificultade econ\u00f3mica non \u00e9 nada f\u00e1cil manter vivo tanto tempo un equipo deportivo. N\u00f3s falamos con Jose Luis, un dos fundadores do equipo e o seu actual presidente.<\/strong><\/p>\n\n\n\n<p><strong>Jose Luis Ru\u00edz Vilas, presidente.<\/strong><\/p>\n\n\n\n<h2 class=\"wp-block-heading\">\u201c<strong>O Nespereira \u00e9 un equipo moi asentado no coraz\u00f3n da nosa parroquia, e estou convencido de que ten futuro\u201d<\/strong><\/h2>\n\n\n\n<p><strong>De onde es ti, Jose Luis?<\/strong><\/p>\n\n\n\n<blockquote class=\"wp-block-quote is-layout-flow wp-block-quote-is-layout-flow\">\n<p>Son de Reboreda.<\/p>\n<\/blockquote>\n\n\n\n<p><strong>E como fuches parar a Nespereira?<\/strong><\/p>\n\n\n\n<blockquote class=\"wp-block-quote is-layout-flow wp-block-quote-is-layout-flow\">\n<p>Por amor, casei aqu\u00ed hai xa 48 anos e aqu\u00ed quedei.<\/p>\n<\/blockquote>\n\n\n\n<p><strong>Caramba,case medio s\u00e9culo, xa es m\u00e1is de Nespereira que de Reboreda?<\/strong><\/p>\n\n\n\n<blockquote class=\"wp-block-quote is-layout-flow wp-block-quote-is-layout-flow\">\n<p>Pois si, abof\u00e9 que \u00e9 as\u00ed.<\/p>\n<\/blockquote>\n\n\n\n<p><strong>Que anos tes ti e a que te dedicas?<\/strong><\/p>\n\n\n\n<blockquote class=\"wp-block-quote is-layout-flow wp-block-quote-is-layout-flow\">\n<p>Te\u00f1o 72 anos, estou xa xubilado. Eu traballei no sector da construci\u00f3n.<\/p>\n<\/blockquote>\n\n\n\n<p><strong>Cando e como comeza a t\u00faa relaci\u00f3n co mundo do f\u00fatbol?<\/strong><\/p>\n\n\n\n<blockquote class=\"wp-block-quote is-layout-flow wp-block-quote-is-layout-flow\">\n<p>A finais da d\u00e9cada dos 70, principios dos 80 do ano pasado en Nespereira non hab\u00eda nin campo nin equipo, de feito a situaci\u00f3n da nosa parroquia era en li\u00f1as xerais moi mala. Eu ti\u00f1a confianza cunha persoa da DEPO e inici\u00e1ronse os contactos coa comunidade de Montes para conseguirmos un terreo e facermos un campo de f\u00fatbol. Logramos facer o campo e por fin en 1982, 7 ou 8 persoas fomos capaces de fundar o equipo.<\/p>\n<\/blockquote>\n\n\n\n<p><strong>No 82 en que divisi\u00f3n comezastes a competir?<\/strong><\/p>\n\n\n\n<blockquote class=\"wp-block-quote is-layout-flow wp-block-quote-is-layout-flow\">\n<p>Na m\u00e1is baixa, na 3\u00ba auton\u00f3mica.<\/p>\n<\/blockquote>\n\n\n\n<p><strong>Os 42 anos de vida que tendes, tivestes actividade ininterrompida?<\/strong><\/p>\n\n\n\n<blockquote class=\"wp-block-quote is-layout-flow wp-block-quote-is-layout-flow\">\n<p>Non chegamos a desaparecer pero si houbo problemas serios. De feito tivemos que mudar o nome,pois nos nacemos sendo CD Nespereira, e por problemas diversos v\u00e9monos na obriga de cambialo ao actual UD Nespereira.<\/p>\n<\/blockquote>\n\n\n\n<p><strong>En que ano se produciu o cambio de nome?<\/strong><\/p>\n\n\n\n<blockquote class=\"wp-block-quote is-layout-flow wp-block-quote-is-layout-flow\">\n<p>No ano 2015.<\/p>\n<\/blockquote>\n\n\n\n<p><strong>Levas sendo o presidente desde ese ano?<\/strong><\/p>\n\n\n\n<blockquote class=\"wp-block-quote is-layout-flow wp-block-quote-is-layout-flow\">\n<p>Si, desde o 2015.<\/p>\n<\/blockquote>\n\n\n\n<p><strong>Cantos equipos tendes?<\/strong><\/p>\n\n\n\n<blockquote class=\"wp-block-quote is-layout-flow wp-block-quote-is-layout-flow\">\n<p>Este ano dous, os s\u00e9nior e os xuven\u00eds. Chegamos a ter m\u00e1is.<\/p>\n<\/blockquote>\n\n\n\n<p><strong>E por que se reduciron?<\/strong><\/p>\n\n\n\n<blockquote class=\"wp-block-quote is-layout-flow wp-block-quote-is-layout-flow\">\n<p>Por falta de nenos.<\/p>\n<\/blockquote>\n\n\n\n<p><strong>Temos equipo feminino?<\/strong><\/p>\n\n\n\n<blockquote class=\"wp-block-quote is-layout-flow wp-block-quote-is-layout-flow\">\n<p>Non, non temos. Intentamos facelo pero non fomos capaces.<\/p>\n<\/blockquote>\n\n\n\n<p><strong>Por que?<\/strong><\/p>\n\n\n\n<blockquote class=\"wp-block-quote is-layout-flow wp-block-quote-is-layout-flow\">\n<p>Porque non hab\u00eda nenas suficientes. Nespereira \u00e9 unha parroquia pequena e en xeral, Pazos \u00e9 tam\u00e9n un concello pequeno.<\/p>\n<\/blockquote>\n\n\n\n<p><strong>Que tal est\u00e1n as instalaci\u00f3ns do voso campo: \u201c Chan do Areeiro\u201d?<\/strong><\/p>\n\n\n\n<blockquote class=\"wp-block-quote is-layout-flow wp-block-quote-is-layout-flow\">\n<p>Est\u00e1n bastante ben. No 2017 transferimos a s\u00faa propiedade ao Concello para que nos puideran p\u00f3r c\u00e9spede artificial e o campo, en xeral, est\u00e1 bastante ben coidado.<\/p>\n<\/blockquote>\n\n\n\n<p><strong>Como valoras o comportamento con v\u00f3s do novo goberno municipal encabezado polo alcalde Luciano Otero?<\/strong><\/p>\n\n\n\n<blockquote class=\"wp-block-quote is-layout-flow wp-block-quote-is-layout-flow\">\n<p>Ben, este \u00e9 un concello pequeno, entendo que hai poucos cartos, pero ben parece que con uns e con outros e sempre temos que estar ra\u00f1ando. En resumo: p\u00f3rtanse m\u00e1is ou menos ben pero creo que pod\u00edan facelo un pouco mellor.<\/p>\n<\/blockquote>\n\n\n\n<p><strong>En que divisi\u00f3n estamos a competir agora e que tal vamos esta temporada?<\/strong><\/p>\n\n\n\n<blockquote class=\"wp-block-quote is-layout-flow wp-block-quote-is-layout-flow\">\n<p>Estamos en terceira auton\u00f3mica;os xuven\u00eds van ben, os maiores non van tan ben, est\u00e1n no posto 12.<\/p>\n<\/blockquote>\n\n\n\n<p><strong>O equipo s\u00e9nior ten posibilidade de subir a 2\u00ba?<\/strong><\/p>\n\n\n\n<blockquote class=\"wp-block-quote is-layout-flow wp-block-quote-is-layout-flow\">\n<p>Os maiores ter\u00edan que mellorar moito, os xuven\u00eds si que te\u00f1en posibilidades.<\/p>\n<\/blockquote>\n\n\n\n<p><strong>Cantas fichas tendes?<\/strong><\/p>\n\n\n\n<blockquote class=\"wp-block-quote is-layout-flow wp-block-quote-is-layout-flow\">\n<p>Entre os dous equipos teremos arredor de 45.<\/p>\n<\/blockquote>\n\n\n\n<p><strong>Cal \u00e9 o voso uniforme?<\/strong><\/p>\n\n\n\n<blockquote class=\"wp-block-quote is-layout-flow wp-block-quote-is-layout-flow\">\n<p>Camiseta e medias verdes e pantal\u00f3n negro.<\/p>\n<\/blockquote>\n\n\n\n<p><strong>Os corenta e pico rapaces que practican o f\u00fatbol no Nespereira de onde son?<\/strong><\/p>\n\n\n\n<blockquote class=\"wp-block-quote is-layout-flow wp-block-quote-is-layout-flow\">\n<p>Hai moitos de Nespereira pero a nosa, como che dixen, \u00e9 unha parroquia pequena e aqu\u00ed non temos suficiente xente. Temos rapaces de pobos veci\u00f1os tam\u00e9n. Hainos de Redondela, O Porri\u00f1o e Mos.<\/p>\n<\/blockquote>\n\n\n\n<p><strong>Como vos financiades?<\/strong><\/p>\n\n\n\n<blockquote class=\"wp-block-quote is-layout-flow wp-block-quote-is-layout-flow\">\n<p>Temos unha subvenci\u00f3n que nos d\u00e1 o Concello que cubre unha parte pequena do noso orzamento, no mundo do f\u00fatbol todo est\u00e1 moi caro, temos socios, facemos publicidade no campo ,a nosa cantina traballa moi ben, e tam\u00e9n sacamos algo dalgunhas rifas que vendemos.<\/p>\n<\/blockquote>\n\n\n\n<p><strong>Cales son as expectativas deportivas para esta temporada?<\/strong><\/p>\n\n\n\n<blockquote class=\"wp-block-quote is-layout-flow wp-block-quote-is-layout-flow\">\n<p>Competir con dignidade e terminar a liga o m\u00e1is arriba posible. Agardo que para o ano poidamos ter posibilidade de competir polo ascenso a segunda auton\u00f3mica.<\/p>\n<\/blockquote>\n\n\n\n<p><strong>O Nespereira \u00e9 o \u00fanico equipo de f\u00fatbol 11 do Concello de Pazos. Hai un de f\u00fatbol sala pero de f\u00fatbol 11, no Concello de Pazos de Borb\u00e9n s\u00f3 estades v\u00f3s. Tendo en conta esa circunstancia cal cres quen ser\u00eda a categor\u00eda natural na que se debe de asentar o Nespereira?<\/strong><\/p>\n\n\n\n<blockquote class=\"wp-block-quote is-layout-flow wp-block-quote-is-layout-flow\">\n<p>Tanto polo volume de poboaci\u00f3n que temos ,como pola cuesti\u00f3n econ\u00f3mica podemos movernos entre a 3\u00ba e a 2\u00ba auton\u00f3mica, moito m\u00e1is arriba penso que non ser\u00eda posible asumilo.<\/p>\n<\/blockquote>\n\n\n\n<p><strong>Se se dera o caso de que xuntarades un equipo de moita calidade e subides primeiro a 2\u00ba e logo a 1\u00ba auton\u00f3mica, ser\u00eda imposible de competir nesa categor\u00eda?<\/strong><\/p>\n\n\n\n<blockquote class=\"wp-block-quote is-layout-flow wp-block-quote-is-layout-flow\">\n<p>Desde logo que n\u00f3s non renunciamos a nada. E se se dese ese caso tratariamos de financiarnos sexa como sexa, pero xa che digo que ser\u00eda realmente complicado.<\/p>\n<\/blockquote>\n\n\n\n<p><strong>Cantas persoas sodes na directiva?<\/strong><\/p>\n\n\n\n<blockquote class=\"wp-block-quote is-layout-flow wp-block-quote-is-layout-flow\">\n<p>Neste momento somos 5.<\/p>\n<\/blockquote>\n\n\n\n<p><strong>No momento que por idade, ou por falta de ga\u00f1as, o vaiades deixando, ti cres que haber\u00e1 xente m\u00e1is nova que queira continuar co club?.Ten futuro o Nespereira?<\/strong><\/p>\n\n\n\n<blockquote class=\"wp-block-quote is-layout-flow wp-block-quote-is-layout-flow\">\n<p>Si, estou seguro de que o ten. Hai xente nova que traballa moi ben. O equipo est\u00e1 moi asentado na psique colectiva da nosa parroquia e te\u00f1o a certeza de que continuar\u00e1.<\/p>\n<\/blockquote>\n","protected":false},"excerpt":{"rendered":"<div class=\"mh-excerpt\"><p>Nespereira \u00e9 unha parroquia do Concello de Pazos de Borb\u00e9n, malia que \u00e9 a que m\u00e1is habitantes ten de todo o Concello non deixa de ser unha pequena parroquia na que viven arredor de 780 persoas <a class=\"mh-excerpt-more\" href=\"https:\/\/www.anovapeneira.gal\/index.php\/2024\/12\/16\/ud-nespereira\/\" title=\"UD Nespereira\">[&#8230;]<\/a><\/p>\n<\/div>","protected":false},"author":3,"featured_media":12933,"comment_status":"open","ping_status":"open","sticky":false,"template":"","format":"standard","meta":{"_exactmetrics_skip_tracking":false,"_exactmetrics_sitenote_active":false,"_exactmetrics_sitenote_note":"","_exactmetrics_sitenote_category":0,"footnotes":""},"categories":[495],"tags":[1089],"class_list":{"0":"post-12932","1":"post","2":"type-post","3":"status-publish","4":"format-standard","5":"has-post-thumbnail","7":"category-redondela-reportaxes","8":"tag-concello-de-pazos-de-borben"},"yoast_head":"<!-- This site is optimized with the Yoast SEO plugin v27.4 - https:\/\/yoast.com\/product\/yoast-seo-wordpress\/ -->\n<title>UD Nespereira -<\/title>\n<meta name=\"robots\" content=\"index, follow, max-snippet:-1, max-image-preview:large, max-video-preview:-1\" \/>\n<link rel=\"canonical\" href=\"https:\/\/www.anovapeneira.gal\/index.php\/2024\/12\/16\/ud-nespereira\/\" \/>\n<meta property=\"og:locale\" content=\"gl_ES\" \/>\n<meta property=\"og:type\" content=\"article\" \/>\n<meta property=\"og:title\" content=\"UD Nespereira -\" \/>\n<meta property=\"og:description\" content=\"Nespereira \u00e9 unha parroquia do Concello de Pazos de Borb\u00e9n, malia que \u00e9 a que m\u00e1is habitantes ten de todo o Concello non deixa de ser unha pequena parroquia na que viven arredor de 780 persoas [...]\" \/>\n<meta property=\"og:url\" content=\"https:\/\/www.anovapeneira.gal\/index.php\/2024\/12\/16\/ud-nespereira\/\" \/>\n<meta property=\"article:publisher\" content=\"https:\/\/www.facebook.com\/anovapeneira\" \/>\n<meta property=\"article:published_time\" content=\"2024-12-16T09:00:46+00:00\" \/>\n<meta property=\"og:image\" content=\"https:\/\/www.anovapeneira.gal\/wp-content\/uploads\/2024\/12\/nespereira.png\" \/>\n\t<meta property=\"og:image:width\" content=\"720\" \/>\n\t<meta property=\"og:image:height\" content=\"432\" \/>\n\t<meta property=\"og:image:type\" content=\"image\/png\" \/>\n<meta name=\"author\" content=\"Redacci\u00f3n A Nova Peneira\" \/>\n<meta name=\"twitter:card\" content=\"summary_large_image\" \/>\n<meta name=\"twitter:creator\" content=\"@APeneira\" \/>\n<meta name=\"twitter:site\" content=\"@APeneira\" \/>\n<meta name=\"twitter:label1\" content=\"Escrito por\" \/>\n\t<meta name=\"twitter:data1\" content=\"Redacci\u00f3n A Nova Peneira\" \/>\n\t<meta name=\"twitter:label2\" content=\"Tempo de lectura\" \/>\n\t<meta name=\"twitter:data2\" content=\"3 minutos\" \/>\n<script type=\"application\/ld+json\" class=\"yoast-schema-graph\">{\"@context\":\"https:\\\/\\\/schema.org\",\"@graph\":[{\"@type\":\"Article\",\"@id\":\"https:\\\/\\\/www.anovapeneira.gal\\\/index.php\\\/2024\\\/12\\\/16\\\/ud-nespereira\\\/#article\",\"isPartOf\":{\"@id\":\"https:\\\/\\\/www.anovapeneira.gal\\\/index.php\\\/2024\\\/12\\\/16\\\/ud-nespereira\\\/\"},\"author\":{\"name\":\"Redacci\u00f3n A Nova Peneira\",\"@id\":\"https:\\\/\\\/www.anovapeneira.gal\\\/#\\\/schema\\\/person\\\/b93e3f8932e3f8da96334607eb6ac6aa\"},\"headline\":\"UD Nespereira\",\"datePublished\":\"2024-12-16T09:00:46+00:00\",\"mainEntityOfPage\":{\"@id\":\"https:\\\/\\\/www.anovapeneira.gal\\\/index.php\\\/2024\\\/12\\\/16\\\/ud-nespereira\\\/\"},\"wordCount\":985,\"commentCount\":0,\"publisher\":{\"@id\":\"https:\\\/\\\/www.anovapeneira.gal\\\/#organization\"},\"image\":{\"@id\":\"https:\\\/\\\/www.anovapeneira.gal\\\/index.php\\\/2024\\\/12\\\/16\\\/ud-nespereira\\\/#primaryimage\"},\"thumbnailUrl\":\"https:\\\/\\\/www.anovapeneira.gal\\\/wp-content\\\/uploads\\\/2024\\\/12\\\/nespereira.png\",\"keywords\":[\"Concello de Pazos de Borb\u00e9n\"],\"articleSection\":[\"Redondela\"],\"inLanguage\":\"gl-ES\",\"potentialAction\":[{\"@type\":\"CommentAction\",\"name\":\"Comment\",\"target\":[\"https:\\\/\\\/www.anovapeneira.gal\\\/index.php\\\/2024\\\/12\\\/16\\\/ud-nespereira\\\/#respond\"]}]},{\"@type\":\"WebPage\",\"@id\":\"https:\\\/\\\/www.anovapeneira.gal\\\/index.php\\\/2024\\\/12\\\/16\\\/ud-nespereira\\\/\",\"url\":\"https:\\\/\\\/www.anovapeneira.gal\\\/index.php\\\/2024\\\/12\\\/16\\\/ud-nespereira\\\/\",\"name\":\"UD Nespereira -\",\"isPartOf\":{\"@id\":\"https:\\\/\\\/www.anovapeneira.gal\\\/#website\"},\"primaryImageOfPage\":{\"@id\":\"https:\\\/\\\/www.anovapeneira.gal\\\/index.php\\\/2024\\\/12\\\/16\\\/ud-nespereira\\\/#primaryimage\"},\"image\":{\"@id\":\"https:\\\/\\\/www.anovapeneira.gal\\\/index.php\\\/2024\\\/12\\\/16\\\/ud-nespereira\\\/#primaryimage\"},\"thumbnailUrl\":\"https:\\\/\\\/www.anovapeneira.gal\\\/wp-content\\\/uploads\\\/2024\\\/12\\\/nespereira.png\",\"datePublished\":\"2024-12-16T09:00:46+00:00\",\"breadcrumb\":{\"@id\":\"https:\\\/\\\/www.anovapeneira.gal\\\/index.php\\\/2024\\\/12\\\/16\\\/ud-nespereira\\\/#breadcrumb\"},\"inLanguage\":\"gl-ES\",\"potentialAction\":[{\"@type\":\"ReadAction\",\"target\":[\"https:\\\/\\\/www.anovapeneira.gal\\\/index.php\\\/2024\\\/12\\\/16\\\/ud-nespereira\\\/\"]}]},{\"@type\":\"ImageObject\",\"inLanguage\":\"gl-ES\",\"@id\":\"https:\\\/\\\/www.anovapeneira.gal\\\/index.php\\\/2024\\\/12\\\/16\\\/ud-nespereira\\\/#primaryimage\",\"url\":\"https:\\\/\\\/www.anovapeneira.gal\\\/wp-content\\\/uploads\\\/2024\\\/12\\\/nespereira.png\",\"contentUrl\":\"https:\\\/\\\/www.anovapeneira.gal\\\/wp-content\\\/uploads\\\/2024\\\/12\\\/nespereira.png\",\"width\":720,\"height\":432,\"caption\":\"UD Nespereira\"},{\"@type\":\"BreadcrumbList\",\"@id\":\"https:\\\/\\\/www.anovapeneira.gal\\\/index.php\\\/2024\\\/12\\\/16\\\/ud-nespereira\\\/#breadcrumb\",\"itemListElement\":[{\"@type\":\"ListItem\",\"position\":1,\"name\":\"Portada\",\"item\":\"https:\\\/\\\/www.anovapeneira.gal\\\/\"},{\"@type\":\"ListItem\",\"position\":2,\"name\":\"UD Nespereira\"}]},{\"@type\":\"WebSite\",\"@id\":\"https:\\\/\\\/www.anovapeneira.gal\\\/#website\",\"url\":\"https:\\\/\\\/www.anovapeneira.gal\\\/\",\"name\":\"\",\"description\":\"Xornal galego de informaci\u00f3n xeral Publicaci\u00f3n mensual de novas de Galicia e en especial dos Concellos da sur da provincia de Pontevedra.\",\"publisher\":{\"@id\":\"https:\\\/\\\/www.anovapeneira.gal\\\/#organization\"},\"potentialAction\":[{\"@type\":\"SearchAction\",\"target\":{\"@type\":\"EntryPoint\",\"urlTemplate\":\"https:\\\/\\\/www.anovapeneira.gal\\\/?s={search_term_string}\"},\"query-input\":{\"@type\":\"PropertyValueSpecification\",\"valueRequired\":true,\"valueName\":\"search_term_string\"}}],\"inLanguage\":\"gl-ES\"},{\"@type\":\"Organization\",\"@id\":\"https:\\\/\\\/www.anovapeneira.gal\\\/#organization\",\"name\":\"A Nova Peneira\",\"url\":\"https:\\\/\\\/www.anovapeneira.gal\\\/\",\"logo\":{\"@type\":\"ImageObject\",\"inLanguage\":\"gl-ES\",\"@id\":\"https:\\\/\\\/www.anovapeneira.gal\\\/#\\\/schema\\\/logo\\\/image\\\/\",\"url\":\"http:\\\/\\\/www.anovapeneira.gal\\\/wp-content\\\/uploads\\\/2019\\\/06\\\/logo_a_nova_peneira_portal_web.png\",\"contentUrl\":\"http:\\\/\\\/www.anovapeneira.gal\\\/wp-content\\\/uploads\\\/2019\\\/06\\\/logo_a_nova_peneira_portal_web.png\",\"width\":300,\"height\":100,\"caption\":\"A Nova Peneira\"},\"image\":{\"@id\":\"https:\\\/\\\/www.anovapeneira.gal\\\/#\\\/schema\\\/logo\\\/image\\\/\"},\"sameAs\":[\"https:\\\/\\\/www.facebook.com\\\/anovapeneira\",\"https:\\\/\\\/x.com\\\/APeneira\"]},{\"@type\":\"Person\",\"@id\":\"https:\\\/\\\/www.anovapeneira.gal\\\/#\\\/schema\\\/person\\\/b93e3f8932e3f8da96334607eb6ac6aa\",\"name\":\"Redacci\u00f3n A Nova Peneira\",\"image\":{\"@type\":\"ImageObject\",\"inLanguage\":\"gl-ES\",\"@id\":\"https:\\\/\\\/secure.gravatar.com\\\/avatar\\\/c052a2551a06e23fac63626232eaa90abd78dbcf1700fc46a2b2c89fd27b735f?s=96&d=mm&r=g\",\"url\":\"https:\\\/\\\/secure.gravatar.com\\\/avatar\\\/c052a2551a06e23fac63626232eaa90abd78dbcf1700fc46a2b2c89fd27b735f?s=96&d=mm&r=g\",\"contentUrl\":\"https:\\\/\\\/secure.gravatar.com\\\/avatar\\\/c052a2551a06e23fac63626232eaa90abd78dbcf1700fc46a2b2c89fd27b735f?s=96&d=mm&r=g\",\"caption\":\"Redacci\u00f3n A Nova Peneira\"},\"sameAs\":[\"http:\\\/\\\/www.anovapeneira.gal\\\/\"],\"url\":\"https:\\\/\\\/www.anovapeneira.gal\\\/index.php\\\/author\\\/redactor\\\/\"}]}<\/script>\n<!-- \/ Yoast SEO plugin. -->","yoast_head_json":{"title":"UD Nespereira -","robots":{"index":"index","follow":"follow","max-snippet":"max-snippet:-1","max-image-preview":"max-image-preview:large","max-video-preview":"max-video-preview:-1"},"canonical":"https:\/\/www.anovapeneira.gal\/index.php\/2024\/12\/16\/ud-nespereira\/","og_locale":"gl_ES","og_type":"article","og_title":"UD Nespereira -","og_description":"Nespereira \u00e9 unha parroquia do Concello de Pazos de Borb\u00e9n, malia que \u00e9 a que m\u00e1is habitantes ten de todo o Concello non deixa de ser unha pequena parroquia na que viven arredor de 780 persoas [...]","og_url":"https:\/\/www.anovapeneira.gal\/index.php\/2024\/12\/16\/ud-nespereira\/","article_publisher":"https:\/\/www.facebook.com\/anovapeneira","article_published_time":"2024-12-16T09:00:46+00:00","og_image":[{"width":720,"height":432,"url":"https:\/\/www.anovapeneira.gal\/wp-content\/uploads\/2024\/12\/nespereira.png","type":"image\/png"}],"author":"Redacci\u00f3n A Nova Peneira","twitter_card":"summary_large_image","twitter_creator":"@APeneira","twitter_site":"@APeneira","twitter_misc":{"Escrito por":"Redacci\u00f3n A Nova Peneira","Tempo de lectura":"3 minutos"},"schema":{"@context":"https:\/\/schema.org","@graph":[{"@type":"Article","@id":"https:\/\/www.anovapeneira.gal\/index.php\/2024\/12\/16\/ud-nespereira\/#article","isPartOf":{"@id":"https:\/\/www.anovapeneira.gal\/index.php\/2024\/12\/16\/ud-nespereira\/"},"author":{"name":"Redacci\u00f3n A Nova Peneira","@id":"https:\/\/www.anovapeneira.gal\/#\/schema\/person\/b93e3f8932e3f8da96334607eb6ac6aa"},"headline":"UD Nespereira","datePublished":"2024-12-16T09:00:46+00:00","mainEntityOfPage":{"@id":"https:\/\/www.anovapeneira.gal\/index.php\/2024\/12\/16\/ud-nespereira\/"},"wordCount":985,"commentCount":0,"publisher":{"@id":"https:\/\/www.anovapeneira.gal\/#organization"},"image":{"@id":"https:\/\/www.anovapeneira.gal\/index.php\/2024\/12\/16\/ud-nespereira\/#primaryimage"},"thumbnailUrl":"https:\/\/www.anovapeneira.gal\/wp-content\/uploads\/2024\/12\/nespereira.png","keywords":["Concello de Pazos de Borb\u00e9n"],"articleSection":["Redondela"],"inLanguage":"gl-ES","potentialAction":[{"@type":"CommentAction","name":"Comment","target":["https:\/\/www.anovapeneira.gal\/index.php\/2024\/12\/16\/ud-nespereira\/#respond"]}]},{"@type":"WebPage","@id":"https:\/\/www.anovapeneira.gal\/index.php\/2024\/12\/16\/ud-nespereira\/","url":"https:\/\/www.anovapeneira.gal\/index.php\/2024\/12\/16\/ud-nespereira\/","name":"UD Nespereira -","isPartOf":{"@id":"https:\/\/www.anovapeneira.gal\/#website"},"primaryImageOfPage":{"@id":"https:\/\/www.anovapeneira.gal\/index.php\/2024\/12\/16\/ud-nespereira\/#primaryimage"},"image":{"@id":"https:\/\/www.anovapeneira.gal\/index.php\/2024\/12\/16\/ud-nespereira\/#primaryimage"},"thumbnailUrl":"https:\/\/www.anovapeneira.gal\/wp-content\/uploads\/2024\/12\/nespereira.png","datePublished":"2024-12-16T09:00:46+00:00","breadcrumb":{"@id":"https:\/\/www.anovapeneira.gal\/index.php\/2024\/12\/16\/ud-nespereira\/#breadcrumb"},"inLanguage":"gl-ES","potentialAction":[{"@type":"ReadAction","target":["https:\/\/www.anovapeneira.gal\/index.php\/2024\/12\/16\/ud-nespereira\/"]}]},{"@type":"ImageObject","inLanguage":"gl-ES","@id":"https:\/\/www.anovapeneira.gal\/index.php\/2024\/12\/16\/ud-nespereira\/#primaryimage","url":"https:\/\/www.anovapeneira.gal\/wp-content\/uploads\/2024\/12\/nespereira.png","contentUrl":"https:\/\/www.anovapeneira.gal\/wp-content\/uploads\/2024\/12\/nespereira.png","width":720,"height":432,"caption":"UD Nespereira"},{"@type":"BreadcrumbList","@id":"https:\/\/www.anovapeneira.gal\/index.php\/2024\/12\/16\/ud-nespereira\/#breadcrumb","itemListElement":[{"@type":"ListItem","position":1,"name":"Portada","item":"https:\/\/www.anovapeneira.gal\/"},{"@type":"ListItem","position":2,"name":"UD Nespereira"}]},{"@type":"WebSite","@id":"https:\/\/www.anovapeneira.gal\/#website","url":"https:\/\/www.anovapeneira.gal\/","name":"","description":"Xornal galego de informaci\u00f3n xeral Publicaci\u00f3n mensual de novas de Galicia e en especial dos Concellos da sur da provincia de Pontevedra.","publisher":{"@id":"https:\/\/www.anovapeneira.gal\/#organization"},"potentialAction":[{"@type":"SearchAction","target":{"@type":"EntryPoint","urlTemplate":"https:\/\/www.anovapeneira.gal\/?s={search_term_string}"},"query-input":{"@type":"PropertyValueSpecification","valueRequired":true,"valueName":"search_term_string"}}],"inLanguage":"gl-ES"},{"@type":"Organization","@id":"https:\/\/www.anovapeneira.gal\/#organization","name":"A Nova Peneira","url":"https:\/\/www.anovapeneira.gal\/","logo":{"@type":"ImageObject","inLanguage":"gl-ES","@id":"https:\/\/www.anovapeneira.gal\/#\/schema\/logo\/image\/","url":"http:\/\/www.anovapeneira.gal\/wp-content\/uploads\/2019\/06\/logo_a_nova_peneira_portal_web.png","contentUrl":"http:\/\/www.anovapeneira.gal\/wp-content\/uploads\/2019\/06\/logo_a_nova_peneira_portal_web.png","width":300,"height":100,"caption":"A Nova Peneira"},"image":{"@id":"https:\/\/www.anovapeneira.gal\/#\/schema\/logo\/image\/"},"sameAs":["https:\/\/www.facebook.com\/anovapeneira","https:\/\/x.com\/APeneira"]},{"@type":"Person","@id":"https:\/\/www.anovapeneira.gal\/#\/schema\/person\/b93e3f8932e3f8da96334607eb6ac6aa","name":"Redacci\u00f3n A Nova Peneira","image":{"@type":"ImageObject","inLanguage":"gl-ES","@id":"https:\/\/secure.gravatar.com\/avatar\/c052a2551a06e23fac63626232eaa90abd78dbcf1700fc46a2b2c89fd27b735f?s=96&d=mm&r=g","url":"https:\/\/secure.gravatar.com\/avatar\/c052a2551a06e23fac63626232eaa90abd78dbcf1700fc46a2b2c89fd27b735f?s=96&d=mm&r=g","contentUrl":"https:\/\/secure.gravatar.com\/avatar\/c052a2551a06e23fac63626232eaa90abd78dbcf1700fc46a2b2c89fd27b735f?s=96&d=mm&r=g","caption":"Redacci\u00f3n A Nova Peneira"},"sameAs":["http:\/\/www.anovapeneira.gal\/"],"url":"https:\/\/www.anovapeneira.gal\/index.php\/author\/redactor\/"}]}},"jetpack_featured_media_url":"https:\/\/www.anovapeneira.gal\/wp-content\/uploads\/2024\/12\/nespereira.png","_links":{"self":[{"href":"https:\/\/www.anovapeneira.gal\/index.php\/wp-json\/wp\/v2\/posts\/12932","targetHints":{"allow":["GET"]}}],"collection":[{"href":"https:\/\/www.anovapeneira.gal\/index.php\/wp-json\/wp\/v2\/posts"}],"about":[{"href":"https:\/\/www.anovapeneira.gal\/index.php\/wp-json\/wp\/v2\/types\/post"}],"author":[{"embeddable":true,"href":"https:\/\/www.anovapeneira.gal\/index.php\/wp-json\/wp\/v2\/users\/3"}],"replies":[{"embeddable":true,"href":"https:\/\/www.anovapeneira.gal\/index.php\/wp-json\/wp\/v2\/comments?post=12932"}],"version-history":[{"count":1,"href":"https:\/\/www.anovapeneira.gal\/index.php\/wp-json\/wp\/v2\/posts\/12932\/revisions"}],"predecessor-version":[{"id":12934,"href":"https:\/\/www.anovapeneira.gal\/index.php\/wp-json\/wp\/v2\/posts\/12932\/revisions\/12934"}],"wp:featuredmedia":[{"embeddable":true,"href":"https:\/\/www.anovapeneira.gal\/index.php\/wp-json\/wp\/v2\/media\/12933"}],"wp:attachment":[{"href":"https:\/\/www.anovapeneira.gal\/index.php\/wp-json\/wp\/v2\/media?parent=12932"}],"wp:term":[{"taxonomy":"category","embeddable":true,"href":"https:\/\/www.anovapeneira.gal\/index.php\/wp-json\/wp\/v2\/categories?post=12932"},{"taxonomy":"post_tag","embeddable":true,"href":"https:\/\/www.anovapeneira.gal\/index.php\/wp-json\/wp\/v2\/tags?post=12932"}],"curies":[{"name":"wp","href":"https:\/\/api.w.org\/{rel}","templated":true}]}}