{"id":12935,"date":"2024-12-16T12:00:33","date_gmt":"2024-12-16T11:00:33","guid":{"rendered":"https:\/\/www.anovapeneira.gal\/?p=12935"},"modified":"2024-12-11T11:09:07","modified_gmt":"2024-12-11T10:09:07","slug":"manuel-caride-responsable-comarcal-do-bng-de-vigo-3","status":"publish","type":"post","link":"https:\/\/www.anovapeneira.gal\/index.php\/2024\/12\/16\/manuel-caride-responsable-comarcal-do-bng-de-vigo-3\/","title":{"rendered":"Manuel Caride, Responsable Comarcal do BNG de Vigo"},"content":{"rendered":"\n<p><strong>Os nacionalistas ve\u00f1en de vivir a s\u00faa XVIII Asemblea Nacional na que a s\u00faa militancia apostou pola continuidade do liderado de Ana Pont\u00f3n. N\u00f3s conversamos co responsable do BNG na comarca de Vigo, Manuel Caride, para co\u00f1ecer a s\u00faa opini\u00f3n sobre a mesma e para que nos conte o estado de sa\u00fade do nacionalismo na zona da que \u00e9 responsable.<\/strong><\/p>\n\n\n\n<h2 class=\"wp-block-heading\">\u201c<strong>O BNG non se pon l\u00edmites, e aspira a todo en todos os sitios\u201d<\/strong><\/h2>\n\n\n\n<p><strong>Vindes de celebrar unha asemblea nacional, cada canto tempo as facedes?<\/strong><\/p>\n\n\n\n<blockquote class=\"wp-block-quote is-layout-flow wp-block-quote-is-layout-flow\">\n<p>O que marcan os nosos estatutos e facelas m\u00ednimo cada dous anos, m\u00e1ximo cada tres.<\/p>\n<\/blockquote>\n\n\n\n<p><strong>Eventos tan enormes como son as vosas asembleas nun per\u00edodo de tempo relativamente curto( cada dous ou tres anos) non supo\u00f1en un sobre esforzo para a militancia?<\/strong><\/p>\n\n\n\n<blockquote class=\"wp-block-quote is-layout-flow wp-block-quote-is-layout-flow\">\n<p>N\u00f3s non o vemos as\u00ed. O BNG \u00e9 unha organizaci\u00f3n radicalmente democr\u00e1tica. A democracia interna do BNG non ten equivalencia en case ningunha outra organizaci\u00f3n pol\u00edtica. A nosa li\u00f1a pol\u00edtica dec\u00eddea a militancia, non por un sistema de delegados, sen\u00f3n a trav\u00e9s do voto directo. Calquera militante que te\u00f1a a s\u00faa situaci\u00f3n regularizada pode asistir, opinar e votar con liberdade.<\/p>\n<\/blockquote>\n\n\n\n<blockquote class=\"wp-block-quote is-layout-flow wp-block-quote-is-layout-flow\">\n<p>E n\u00f3s queremos que sexa sempre as\u00ed, que sexan os e as militantes quen marquen o rumbo e quen elixan aos \u00f3rganos de direcci\u00f3n, xa que logo as asembleas non poden ser moi distantes no tempo.<\/p>\n<\/blockquote>\n\n\n\n<p><strong>Como valoras o resultado da asemblea?<\/strong><\/p>\n\n\n\n<blockquote class=\"wp-block-quote is-layout-flow wp-block-quote-is-layout-flow\">\n<p>Val\u00f3roo de maneira moi positiva. Marcamos as li\u00f1as pol\u00edticas do BNG ata a pr\u00f3xima asemblea nacional, e remarcamos o noso horizonte de reforzar a base social da nosa organizaci\u00f3n. Temos dous retos apaixonantes no futuro: as municipais do 27 e as galegas do 28.<\/p>\n<\/blockquote>\n\n\n\n<p><strong>Houbo debate pol\u00edtico de peso?<\/strong><\/p>\n\n\n\n<blockquote class=\"wp-block-quote is-layout-flow wp-block-quote-is-layout-flow\">\n<p>Abof\u00e9 que o houbo. Moita militancia pediu a palabra e defendeu as s\u00faas posici\u00f3ns desde \u00f3pticas diferentes.<\/p>\n<\/blockquote>\n\n\n\n<p><strong>Os d\u00edas anteriores \u00e1 asemblea alg\u00fans importantes medios de comunicaci\u00f3n galegos presentaban a situaci\u00f3n interna do BNG case como unha analox\u00eda dos momentos pre Amio, como se existise unha especial tensi\u00f3n interna nas vosas ringleiras. Iso responde \u00e1 realidade?<\/strong><\/p>\n\n\n\n<blockquote class=\"wp-block-quote is-layout-flow wp-block-quote-is-layout-flow\">\n<p>Non, de ningunha maneira. Quen escribiu iso non ten nin idea do que \u00e9 o BNG. O BNG \u00e9 unha organizaci\u00f3n plural, como che dixen antes radicalmente democr\u00e1tica, na que se debate todo o que calquera militante queira debater. Pero gozamos dun nivel de unidade e cohesi\u00f3n como nunca na nosa historia.<\/p>\n<\/blockquote>\n\n\n\n<p><strong>Unha cousa que me chamou a atenci\u00f3n \u00e9 que a candidatura menos votada , cun n\u00famero tan baixo de votos,algo m\u00e1is do 3,50% , obtivese representaci\u00f3n na executiva nacional?<\/strong><\/p>\n\n\n\n<blockquote class=\"wp-block-quote is-layout-flow wp-block-quote-is-layout-flow\">\n<p>Este feito expl\u00edcase porque no BNG, cando hai varias candidaturas, a representaci\u00f3n \u00e9 directa e proporcional ao n\u00famero de votos obtidos. Outro exemplo m\u00e1is da nosa natureza radicalmente democr\u00e1tica.<\/p>\n<\/blockquote>\n\n\n\n<p><strong>Se non hai ning\u00fan adianto electoral no estado, non teremos ning\u00fan proceso electoral ata o 2027.Cales van ser as li\u00f1as de traballo da t\u00faa comarca nestes dous anos de aparente tranquilidade electoral?<\/strong><\/p>\n\n\n\n<blockquote class=\"wp-block-quote is-layout-flow wp-block-quote-is-layout-flow\">\n<p>Intensificar o traballo de todos os noso grupos municipais trasladando as problem\u00e1ticas das r\u00faas aos plenos. E seguir incidindo no que \u00e9 un sinal de identidade do BNG:O traballo social. A colaboraci\u00f3n entre o social e o institucional \u00e9 a chave do crecemento do nacionalismo na sociedade galega.<\/p>\n<\/blockquote>\n\n\n\n<p><strong>Na cidade de Vigo semella que quen fai oposici\u00f3n a Abel Caballero \u00e9 unicamente o BNG. A realidade \u00e9 como parece ser?<\/strong><\/p>\n\n\n\n<blockquote class=\"wp-block-quote is-layout-flow wp-block-quote-is-layout-flow\">\n<p>N\u00f3s preocup\u00e1monos de facer o noso traballo, os demais que se preocupen de facer o seu. A cidadan\u00eda viguesa colocounos na oposici\u00f3n ao goberno de Abel Caballero e exercemos a nosa responsabilidade con rigor, como sempre fixo o BNG en toda a s\u00faa historia. Unha oposici\u00f3n seria, construtiva e propositiva. Sempre que nos opomos a calquera medida ofrecemos en paralelo unha medida que a n\u00f3s nos parece m\u00e1is adecuada.<\/p>\n<\/blockquote>\n\n\n\n<p><strong>As vosas propostas moito \u00e9xito non adoitan ter no goberno municipal?<\/strong><\/p>\n\n\n\n<blockquote class=\"wp-block-quote is-layout-flow wp-block-quote-is-layout-flow\">\n<p>Ningu\u00e9n ten o patrimonio da verdade. E cando algu\u00e9n ten o costume de rexeitar todo o que non ve\u00f1a de si mesmo creo que \u00e9 evidente onde est\u00e1 o problema.<\/p>\n<\/blockquote>\n\n\n\n<p><strong>O ex voceiro da Marea de Vigo, Rub\u00e9n P\u00e9rez, \u00e9 Secretario de Estado agora. Esta responsabilidade tivo alg\u00fan tipo de incidencia na cidade de Vigo ao teu xu\u00edzo?<\/strong><\/p>\n\n\n\n<blockquote class=\"wp-block-quote is-layout-flow wp-block-quote-is-layout-flow\">\n<p>A min non me consta.<\/p>\n<\/blockquote>\n\n\n\n<p><strong>Nas \u00faltimas auton\u00f3micas o BNG foi a forza m\u00e1is votada en Vigo, verdade?<\/strong><\/p>\n\n\n\n<blockquote class=\"wp-block-quote is-layout-flow wp-block-quote-is-layout-flow\">\n<p>Si, por primeira vez na nosa historia.<\/p>\n<\/blockquote>\n\n\n\n<p><strong>Trasladar os resultados dun proceso electoral a outro non \u00e9 correcto, pero se algo caracteriza a Xabier P\u00e9rez Igrexas, al\u00e9n da s\u00faa indiscutible altura pol\u00edtica, \u00e9 a s\u00faa ilusi\u00f3n e a s\u00faa vontade de non p\u00f3r l\u00edmite alg\u00fan \u00e1s expectativas do Bloque. \u00c9 posible so\u00f1ar cunha alcald\u00eda nacionalista en Vigo como xa a houbo no seu momento?.<\/strong><\/p>\n\n\n\n<blockquote class=\"wp-block-quote is-layout-flow wp-block-quote-is-layout-flow\">\n<p>O BNG non se pon ning\u00fan tipo de l\u00edmites e estamos a ver como nos \u00faltimos anos o apoio ao nacionalismo na cidade non deixa de medrar. O BNG temos un s\u00f3lido proxecto para Vigo. Un proxecto transformador que quere po\u00f1er fin \u00e1 inercia que est\u00e1 deixando atr\u00e1s a cidade e que desatende as necesidades reais das viguesas e vigueses. Fronte ao Goberno actual que non ten nada que ofrecerlle a cidade, o BNG somos a verdadeira alternativa en positivo e estou convencido de que imos seguir avanzando para lograr que o nacionalismo galego volva ser unha forza determinante na maior cidade do noso Pa\u00eds.<\/p>\n<\/blockquote>\n\n\n\n<p><strong>Non imos analizar de maneira individual cada unha das 8 localidades que abrangue a comarca de Vigo para o BNG, pois xa o fixemos hai pouco, pero si quixera pedirche unha valoraci\u00f3n global da situaci\u00f3n do bloque na comarca?<\/strong><\/p>\n\n\n\n<blockquote class=\"wp-block-quote is-layout-flow wp-block-quote-is-layout-flow\">\n<p>\u00c9 positiva, temos presenza en todos os concellos da comarca por primeira vez desde hai tempo. E as sensaci\u00f3ns que temos, os indicios e as perspectivas \u00e9 que imos medrar en todas.<\/p>\n<\/blockquote>\n\n\n\n<p><strong>Hai alg\u00fan concello no que vexas posibilidades realistas de acadar a alcald\u00eda a corto prazo?<\/strong><\/p>\n\n\n\n<blockquote class=\"wp-block-quote is-layout-flow wp-block-quote-is-layout-flow\">\n<p>Aspiramos a todo en todos, e non nos pomos l\u00edmites en ning\u00fan.<\/p>\n<\/blockquote>\n\n\n\n<p><strong>A situaci\u00f3n org\u00e1nica da comarca como est\u00e1?<\/strong><\/p>\n\n\n\n<blockquote class=\"wp-block-quote is-layout-flow wp-block-quote-is-layout-flow\">\n<p>Est\u00e1 moi ben. Pronto tocar\u00e1 a renovaci\u00f3n de \u00f3rganos locais e comarcais. Al\u00ed presentaremos o noso informe de xesti\u00f3n e agardamos contar co aval maioritario da militancia. O que si \u00e9 un dato obxectivo \u00e9 que o medre de afiliaci\u00f3n foi significativo.<\/p>\n<\/blockquote>\n\n\n\n<p><strong>Unha \u00faltima cuesti\u00f3n, de nacionalista a nacionalista: Ao meu xu\u00edzo se a conciencia colectiva de sermos pobo galego non morreu a\u00ednda \u00e9 por dous motivos:-O idioma e -O Nacionalismo( pol\u00edtico e sindical).O estado de sa\u00fade do primeiro, non \u00e9 para analizar aqu\u00ed, e no que atinxe ao nacionalismo parece estar atravesando un bo momento cuantitativo. Pero iso non abonda. Non basta con que a xente vote BNG, \u00e9 imprescindible para asegurar a supervivencia do noso pobo que a conciencia colectiva de sermos un pobo de seu penetre na alma de cada persoa que se achegue ao nacionalismo. Nese terreo como estamos?<\/strong><\/p>\n\n\n\n<blockquote class=\"wp-block-quote is-layout-flow wp-block-quote-is-layout-flow\">\n<p>Estou absolutamente de acordo contigo. Eu creo que non hai unha soa persoa en Galiza que desco\u00f1eza que o BNG \u00e9 unha forza nacionalista e cando unha persoa nos vota ou decide achegarse a n\u00f3s, sabe o que est\u00e1 a facer. Iso xa \u00e9 un indicio claro da existencia dunha m\u00ednima simpat\u00eda cara aos dereitos nacionais do noso pa\u00eds, de preocupaci\u00f3n polo noso idioma e polos nosos sinais de identidade.<\/p>\n<\/blockquote>\n\n\n\n<blockquote class=\"wp-block-quote is-layout-flow wp-block-quote-is-layout-flow\">\n<p>Desde logo que os que somos militantes do BNG, os que queremos a este pa\u00eds e os que traballamos na defensa dos seus intereses non deixaremos de facelo, porque \u00e1s xeraci\u00f3ns posteriores non se lles pode roubar a s\u00faa historia, nin a s\u00faa identidade, e a conciencia colectiva de sermos pobo galego debe de seguir existindo sempre.<\/p>\n<\/blockquote>\n","protected":false},"excerpt":{"rendered":"<div class=\"mh-excerpt\"><p>Os nacionalistas ve\u00f1en de vivir a s\u00faa XVIII Asemblea Nacional na que a s\u00faa militancia apostou pola continuidade do liderado de Ana Pont\u00f3n. N\u00f3s conversamos co responsable do BNG na comarca de Vigo, Manuel Caride, para co\u00f1ecer a s\u00faa opini\u00f3n sobre a mesma e para que nos conte o estado de sa\u00fade do nacionalismo na zona da que \u00e9 responsable <a class=\"mh-excerpt-more\" href=\"https:\/\/www.anovapeneira.gal\/index.php\/2024\/12\/16\/manuel-caride-responsable-comarcal-do-bng-de-vigo-3\/\" title=\"Manuel Caride, Responsable Comarcal do BNG de Vigo\">[&#8230;]<\/a><\/p>\n<\/div>","protected":false},"author":1,"featured_media":12936,"comment_status":"open","ping_status":"open","sticky":false,"template":"","format":"standard","meta":{"_exactmetrics_skip_tracking":false,"_exactmetrics_sitenote_active":false,"_exactmetrics_sitenote_note":"","_exactmetrics_sitenote_category":0,"footnotes":""},"categories":[272],"tags":[227],"class_list":{"0":"post-12935","1":"post","2":"type-post","3":"status-publish","4":"format-standard","5":"has-post-thumbnail","7":"category-vigo-entrevistas","8":"tag-concello-de-vigo"},"yoast_head":"<!-- This site is optimized with the Yoast SEO plugin v27.4 - https:\/\/yoast.com\/product\/yoast-seo-wordpress\/ -->\n<title>Manuel Caride, Responsable Comarcal do BNG de Vigo -<\/title>\n<meta name=\"robots\" content=\"index, follow, max-snippet:-1, max-image-preview:large, max-video-preview:-1\" \/>\n<link rel=\"canonical\" href=\"https:\/\/www.anovapeneira.gal\/index.php\/2024\/12\/16\/manuel-caride-responsable-comarcal-do-bng-de-vigo-3\/\" \/>\n<meta property=\"og:locale\" content=\"gl_ES\" \/>\n<meta property=\"og:type\" content=\"article\" \/>\n<meta property=\"og:title\" content=\"Manuel Caride, Responsable Comarcal do BNG de Vigo -\" \/>\n<meta property=\"og:description\" content=\"Os nacionalistas ve\u00f1en de vivir a s\u00faa XVIII Asemblea Nacional na que a s\u00faa militancia apostou pola continuidade do liderado de Ana Pont\u00f3n. N\u00f3s conversamos co responsable do BNG na comarca de Vigo, Manuel Caride, para co\u00f1ecer a s\u00faa opini\u00f3n sobre a mesma e para que nos conte o estado de sa\u00fade do nacionalismo na zona da que \u00e9 responsable [...]\" \/>\n<meta property=\"og:url\" content=\"https:\/\/www.anovapeneira.gal\/index.php\/2024\/12\/16\/manuel-caride-responsable-comarcal-do-bng-de-vigo-3\/\" \/>\n<meta property=\"article:publisher\" content=\"https:\/\/www.facebook.com\/anovapeneira\" \/>\n<meta property=\"article:author\" content=\"https:\/\/www.facebook.com\/anovapeneira\/\" \/>\n<meta property=\"article:published_time\" content=\"2024-12-16T11:00:33+00:00\" \/>\n<meta property=\"og:image\" content=\"https:\/\/www.anovapeneira.gal\/wp-content\/uploads\/2024\/12\/manolo_caride.png\" \/>\n\t<meta property=\"og:image:width\" content=\"720\" \/>\n\t<meta property=\"og:image:height\" content=\"432\" \/>\n\t<meta property=\"og:image:type\" content=\"image\/png\" \/>\n<meta name=\"author\" content=\"admin\" \/>\n<meta name=\"twitter:card\" content=\"summary_large_image\" \/>\n<meta name=\"twitter:creator\" content=\"@APeneira\" \/>\n<meta name=\"twitter:site\" content=\"@APeneira\" \/>\n<meta name=\"twitter:label1\" content=\"Escrito por\" \/>\n\t<meta name=\"twitter:data1\" content=\"admin\" \/>\n\t<meta name=\"twitter:label2\" content=\"Tempo de lectura\" \/>\n\t<meta name=\"twitter:data2\" content=\"4 minutos\" \/>\n<script type=\"application\/ld+json\" class=\"yoast-schema-graph\">{\"@context\":\"https:\\\/\\\/schema.org\",\"@graph\":[{\"@type\":\"Article\",\"@id\":\"https:\\\/\\\/www.anovapeneira.gal\\\/index.php\\\/2024\\\/12\\\/16\\\/manuel-caride-responsable-comarcal-do-bng-de-vigo-3\\\/#article\",\"isPartOf\":{\"@id\":\"https:\\\/\\\/www.anovapeneira.gal\\\/index.php\\\/2024\\\/12\\\/16\\\/manuel-caride-responsable-comarcal-do-bng-de-vigo-3\\\/\"},\"author\":{\"name\":\"admin\",\"@id\":\"https:\\\/\\\/www.anovapeneira.gal\\\/#\\\/schema\\\/person\\\/fb77575328c93684dae4b0075f90c2cb\"},\"headline\":\"Manuel Caride, Responsable Comarcal do BNG de Vigo\",\"datePublished\":\"2024-12-16T11:00:33+00:00\",\"mainEntityOfPage\":{\"@id\":\"https:\\\/\\\/www.anovapeneira.gal\\\/index.php\\\/2024\\\/12\\\/16\\\/manuel-caride-responsable-comarcal-do-bng-de-vigo-3\\\/\"},\"wordCount\":1350,\"commentCount\":0,\"publisher\":{\"@id\":\"https:\\\/\\\/www.anovapeneira.gal\\\/#organization\"},\"image\":{\"@id\":\"https:\\\/\\\/www.anovapeneira.gal\\\/index.php\\\/2024\\\/12\\\/16\\\/manuel-caride-responsable-comarcal-do-bng-de-vigo-3\\\/#primaryimage\"},\"thumbnailUrl\":\"https:\\\/\\\/www.anovapeneira.gal\\\/wp-content\\\/uploads\\\/2024\\\/12\\\/manolo_caride.png\",\"keywords\":[\"Concello de Vigo\"],\"articleSection\":[\"Vigo\"],\"inLanguage\":\"gl-ES\",\"potentialAction\":[{\"@type\":\"CommentAction\",\"name\":\"Comment\",\"target\":[\"https:\\\/\\\/www.anovapeneira.gal\\\/index.php\\\/2024\\\/12\\\/16\\\/manuel-caride-responsable-comarcal-do-bng-de-vigo-3\\\/#respond\"]}]},{\"@type\":\"WebPage\",\"@id\":\"https:\\\/\\\/www.anovapeneira.gal\\\/index.php\\\/2024\\\/12\\\/16\\\/manuel-caride-responsable-comarcal-do-bng-de-vigo-3\\\/\",\"url\":\"https:\\\/\\\/www.anovapeneira.gal\\\/index.php\\\/2024\\\/12\\\/16\\\/manuel-caride-responsable-comarcal-do-bng-de-vigo-3\\\/\",\"name\":\"Manuel Caride, Responsable Comarcal do BNG de Vigo -\",\"isPartOf\":{\"@id\":\"https:\\\/\\\/www.anovapeneira.gal\\\/#website\"},\"primaryImageOfPage\":{\"@id\":\"https:\\\/\\\/www.anovapeneira.gal\\\/index.php\\\/2024\\\/12\\\/16\\\/manuel-caride-responsable-comarcal-do-bng-de-vigo-3\\\/#primaryimage\"},\"image\":{\"@id\":\"https:\\\/\\\/www.anovapeneira.gal\\\/index.php\\\/2024\\\/12\\\/16\\\/manuel-caride-responsable-comarcal-do-bng-de-vigo-3\\\/#primaryimage\"},\"thumbnailUrl\":\"https:\\\/\\\/www.anovapeneira.gal\\\/wp-content\\\/uploads\\\/2024\\\/12\\\/manolo_caride.png\",\"datePublished\":\"2024-12-16T11:00:33+00:00\",\"breadcrumb\":{\"@id\":\"https:\\\/\\\/www.anovapeneira.gal\\\/index.php\\\/2024\\\/12\\\/16\\\/manuel-caride-responsable-comarcal-do-bng-de-vigo-3\\\/#breadcrumb\"},\"inLanguage\":\"gl-ES\",\"potentialAction\":[{\"@type\":\"ReadAction\",\"target\":[\"https:\\\/\\\/www.anovapeneira.gal\\\/index.php\\\/2024\\\/12\\\/16\\\/manuel-caride-responsable-comarcal-do-bng-de-vigo-3\\\/\"]}]},{\"@type\":\"ImageObject\",\"inLanguage\":\"gl-ES\",\"@id\":\"https:\\\/\\\/www.anovapeneira.gal\\\/index.php\\\/2024\\\/12\\\/16\\\/manuel-caride-responsable-comarcal-do-bng-de-vigo-3\\\/#primaryimage\",\"url\":\"https:\\\/\\\/www.anovapeneira.gal\\\/wp-content\\\/uploads\\\/2024\\\/12\\\/manolo_caride.png\",\"contentUrl\":\"https:\\\/\\\/www.anovapeneira.gal\\\/wp-content\\\/uploads\\\/2024\\\/12\\\/manolo_caride.png\",\"width\":720,\"height\":432,\"caption\":\"Manolo Caride BNG\"},{\"@type\":\"BreadcrumbList\",\"@id\":\"https:\\\/\\\/www.anovapeneira.gal\\\/index.php\\\/2024\\\/12\\\/16\\\/manuel-caride-responsable-comarcal-do-bng-de-vigo-3\\\/#breadcrumb\",\"itemListElement\":[{\"@type\":\"ListItem\",\"position\":1,\"name\":\"Portada\",\"item\":\"https:\\\/\\\/www.anovapeneira.gal\\\/\"},{\"@type\":\"ListItem\",\"position\":2,\"name\":\"Manuel Caride, Responsable Comarcal do BNG de Vigo\"}]},{\"@type\":\"WebSite\",\"@id\":\"https:\\\/\\\/www.anovapeneira.gal\\\/#website\",\"url\":\"https:\\\/\\\/www.anovapeneira.gal\\\/\",\"name\":\"\",\"description\":\"Xornal galego de informaci\u00f3n xeral Publicaci\u00f3n mensual de novas de Galicia e en especial dos Concellos da sur da provincia de Pontevedra.\",\"publisher\":{\"@id\":\"https:\\\/\\\/www.anovapeneira.gal\\\/#organization\"},\"potentialAction\":[{\"@type\":\"SearchAction\",\"target\":{\"@type\":\"EntryPoint\",\"urlTemplate\":\"https:\\\/\\\/www.anovapeneira.gal\\\/?s={search_term_string}\"},\"query-input\":{\"@type\":\"PropertyValueSpecification\",\"valueRequired\":true,\"valueName\":\"search_term_string\"}}],\"inLanguage\":\"gl-ES\"},{\"@type\":\"Organization\",\"@id\":\"https:\\\/\\\/www.anovapeneira.gal\\\/#organization\",\"name\":\"A Nova Peneira\",\"url\":\"https:\\\/\\\/www.anovapeneira.gal\\\/\",\"logo\":{\"@type\":\"ImageObject\",\"inLanguage\":\"gl-ES\",\"@id\":\"https:\\\/\\\/www.anovapeneira.gal\\\/#\\\/schema\\\/logo\\\/image\\\/\",\"url\":\"http:\\\/\\\/www.anovapeneira.gal\\\/wp-content\\\/uploads\\\/2019\\\/06\\\/logo_a_nova_peneira_portal_web.png\",\"contentUrl\":\"http:\\\/\\\/www.anovapeneira.gal\\\/wp-content\\\/uploads\\\/2019\\\/06\\\/logo_a_nova_peneira_portal_web.png\",\"width\":300,\"height\":100,\"caption\":\"A Nova Peneira\"},\"image\":{\"@id\":\"https:\\\/\\\/www.anovapeneira.gal\\\/#\\\/schema\\\/logo\\\/image\\\/\"},\"sameAs\":[\"https:\\\/\\\/www.facebook.com\\\/anovapeneira\",\"https:\\\/\\\/x.com\\\/APeneira\"]},{\"@type\":\"Person\",\"@id\":\"https:\\\/\\\/www.anovapeneira.gal\\\/#\\\/schema\\\/person\\\/fb77575328c93684dae4b0075f90c2cb\",\"name\":\"admin\",\"image\":{\"@type\":\"ImageObject\",\"inLanguage\":\"gl-ES\",\"@id\":\"https:\\\/\\\/secure.gravatar.com\\\/avatar\\\/df15c36ce375448325e0bc870e91bbee95947a002eb98dcfd6c2b053e18843e9?s=96&d=mm&r=g\",\"url\":\"https:\\\/\\\/secure.gravatar.com\\\/avatar\\\/df15c36ce375448325e0bc870e91bbee95947a002eb98dcfd6c2b053e18843e9?s=96&d=mm&r=g\",\"contentUrl\":\"https:\\\/\\\/secure.gravatar.com\\\/avatar\\\/df15c36ce375448325e0bc870e91bbee95947a002eb98dcfd6c2b053e18843e9?s=96&d=mm&r=g\",\"caption\":\"admin\"},\"description\":\"Xornal galego de informaci\u00f3n xeral Publicaci\u00f3n mensual de novas de Galicia e en especial dos Concellos da sur da provincia de Pontevedra.\",\"sameAs\":[\"http:\\\/\\\/www.anovapeneira.gal\\\/\",\"https:\\\/\\\/www.facebook.com\\\/anovapeneira\\\/\"],\"url\":\"https:\\\/\\\/www.anovapeneira.gal\\\/index.php\\\/author\\\/admin\\\/\"}]}<\/script>\n<!-- \/ Yoast SEO plugin. -->","yoast_head_json":{"title":"Manuel Caride, Responsable Comarcal do BNG de Vigo -","robots":{"index":"index","follow":"follow","max-snippet":"max-snippet:-1","max-image-preview":"max-image-preview:large","max-video-preview":"max-video-preview:-1"},"canonical":"https:\/\/www.anovapeneira.gal\/index.php\/2024\/12\/16\/manuel-caride-responsable-comarcal-do-bng-de-vigo-3\/","og_locale":"gl_ES","og_type":"article","og_title":"Manuel Caride, Responsable Comarcal do BNG de Vigo -","og_description":"Os nacionalistas ve\u00f1en de vivir a s\u00faa XVIII Asemblea Nacional na que a s\u00faa militancia apostou pola continuidade do liderado de Ana Pont\u00f3n. N\u00f3s conversamos co responsable do BNG na comarca de Vigo, Manuel Caride, para co\u00f1ecer a s\u00faa opini\u00f3n sobre a mesma e para que nos conte o estado de sa\u00fade do nacionalismo na zona da que \u00e9 responsable [...]","og_url":"https:\/\/www.anovapeneira.gal\/index.php\/2024\/12\/16\/manuel-caride-responsable-comarcal-do-bng-de-vigo-3\/","article_publisher":"https:\/\/www.facebook.com\/anovapeneira","article_author":"https:\/\/www.facebook.com\/anovapeneira\/","article_published_time":"2024-12-16T11:00:33+00:00","og_image":[{"width":720,"height":432,"url":"https:\/\/www.anovapeneira.gal\/wp-content\/uploads\/2024\/12\/manolo_caride.png","type":"image\/png"}],"author":"admin","twitter_card":"summary_large_image","twitter_creator":"@APeneira","twitter_site":"@APeneira","twitter_misc":{"Escrito por":"admin","Tempo de lectura":"4 minutos"},"schema":{"@context":"https:\/\/schema.org","@graph":[{"@type":"Article","@id":"https:\/\/www.anovapeneira.gal\/index.php\/2024\/12\/16\/manuel-caride-responsable-comarcal-do-bng-de-vigo-3\/#article","isPartOf":{"@id":"https:\/\/www.anovapeneira.gal\/index.php\/2024\/12\/16\/manuel-caride-responsable-comarcal-do-bng-de-vigo-3\/"},"author":{"name":"admin","@id":"https:\/\/www.anovapeneira.gal\/#\/schema\/person\/fb77575328c93684dae4b0075f90c2cb"},"headline":"Manuel Caride, Responsable Comarcal do BNG de Vigo","datePublished":"2024-12-16T11:00:33+00:00","mainEntityOfPage":{"@id":"https:\/\/www.anovapeneira.gal\/index.php\/2024\/12\/16\/manuel-caride-responsable-comarcal-do-bng-de-vigo-3\/"},"wordCount":1350,"commentCount":0,"publisher":{"@id":"https:\/\/www.anovapeneira.gal\/#organization"},"image":{"@id":"https:\/\/www.anovapeneira.gal\/index.php\/2024\/12\/16\/manuel-caride-responsable-comarcal-do-bng-de-vigo-3\/#primaryimage"},"thumbnailUrl":"https:\/\/www.anovapeneira.gal\/wp-content\/uploads\/2024\/12\/manolo_caride.png","keywords":["Concello de Vigo"],"articleSection":["Vigo"],"inLanguage":"gl-ES","potentialAction":[{"@type":"CommentAction","name":"Comment","target":["https:\/\/www.anovapeneira.gal\/index.php\/2024\/12\/16\/manuel-caride-responsable-comarcal-do-bng-de-vigo-3\/#respond"]}]},{"@type":"WebPage","@id":"https:\/\/www.anovapeneira.gal\/index.php\/2024\/12\/16\/manuel-caride-responsable-comarcal-do-bng-de-vigo-3\/","url":"https:\/\/www.anovapeneira.gal\/index.php\/2024\/12\/16\/manuel-caride-responsable-comarcal-do-bng-de-vigo-3\/","name":"Manuel Caride, Responsable Comarcal do BNG de Vigo -","isPartOf":{"@id":"https:\/\/www.anovapeneira.gal\/#website"},"primaryImageOfPage":{"@id":"https:\/\/www.anovapeneira.gal\/index.php\/2024\/12\/16\/manuel-caride-responsable-comarcal-do-bng-de-vigo-3\/#primaryimage"},"image":{"@id":"https:\/\/www.anovapeneira.gal\/index.php\/2024\/12\/16\/manuel-caride-responsable-comarcal-do-bng-de-vigo-3\/#primaryimage"},"thumbnailUrl":"https:\/\/www.anovapeneira.gal\/wp-content\/uploads\/2024\/12\/manolo_caride.png","datePublished":"2024-12-16T11:00:33+00:00","breadcrumb":{"@id":"https:\/\/www.anovapeneira.gal\/index.php\/2024\/12\/16\/manuel-caride-responsable-comarcal-do-bng-de-vigo-3\/#breadcrumb"},"inLanguage":"gl-ES","potentialAction":[{"@type":"ReadAction","target":["https:\/\/www.anovapeneira.gal\/index.php\/2024\/12\/16\/manuel-caride-responsable-comarcal-do-bng-de-vigo-3\/"]}]},{"@type":"ImageObject","inLanguage":"gl-ES","@id":"https:\/\/www.anovapeneira.gal\/index.php\/2024\/12\/16\/manuel-caride-responsable-comarcal-do-bng-de-vigo-3\/#primaryimage","url":"https:\/\/www.anovapeneira.gal\/wp-content\/uploads\/2024\/12\/manolo_caride.png","contentUrl":"https:\/\/www.anovapeneira.gal\/wp-content\/uploads\/2024\/12\/manolo_caride.png","width":720,"height":432,"caption":"Manolo Caride BNG"},{"@type":"BreadcrumbList","@id":"https:\/\/www.anovapeneira.gal\/index.php\/2024\/12\/16\/manuel-caride-responsable-comarcal-do-bng-de-vigo-3\/#breadcrumb","itemListElement":[{"@type":"ListItem","position":1,"name":"Portada","item":"https:\/\/www.anovapeneira.gal\/"},{"@type":"ListItem","position":2,"name":"Manuel Caride, Responsable Comarcal do BNG de Vigo"}]},{"@type":"WebSite","@id":"https:\/\/www.anovapeneira.gal\/#website","url":"https:\/\/www.anovapeneira.gal\/","name":"","description":"Xornal galego de informaci\u00f3n xeral Publicaci\u00f3n mensual de novas de Galicia e en especial dos Concellos da sur da provincia de Pontevedra.","publisher":{"@id":"https:\/\/www.anovapeneira.gal\/#organization"},"potentialAction":[{"@type":"SearchAction","target":{"@type":"EntryPoint","urlTemplate":"https:\/\/www.anovapeneira.gal\/?s={search_term_string}"},"query-input":{"@type":"PropertyValueSpecification","valueRequired":true,"valueName":"search_term_string"}}],"inLanguage":"gl-ES"},{"@type":"Organization","@id":"https:\/\/www.anovapeneira.gal\/#organization","name":"A Nova Peneira","url":"https:\/\/www.anovapeneira.gal\/","logo":{"@type":"ImageObject","inLanguage":"gl-ES","@id":"https:\/\/www.anovapeneira.gal\/#\/schema\/logo\/image\/","url":"http:\/\/www.anovapeneira.gal\/wp-content\/uploads\/2019\/06\/logo_a_nova_peneira_portal_web.png","contentUrl":"http:\/\/www.anovapeneira.gal\/wp-content\/uploads\/2019\/06\/logo_a_nova_peneira_portal_web.png","width":300,"height":100,"caption":"A Nova Peneira"},"image":{"@id":"https:\/\/www.anovapeneira.gal\/#\/schema\/logo\/image\/"},"sameAs":["https:\/\/www.facebook.com\/anovapeneira","https:\/\/x.com\/APeneira"]},{"@type":"Person","@id":"https:\/\/www.anovapeneira.gal\/#\/schema\/person\/fb77575328c93684dae4b0075f90c2cb","name":"admin","image":{"@type":"ImageObject","inLanguage":"gl-ES","@id":"https:\/\/secure.gravatar.com\/avatar\/df15c36ce375448325e0bc870e91bbee95947a002eb98dcfd6c2b053e18843e9?s=96&d=mm&r=g","url":"https:\/\/secure.gravatar.com\/avatar\/df15c36ce375448325e0bc870e91bbee95947a002eb98dcfd6c2b053e18843e9?s=96&d=mm&r=g","contentUrl":"https:\/\/secure.gravatar.com\/avatar\/df15c36ce375448325e0bc870e91bbee95947a002eb98dcfd6c2b053e18843e9?s=96&d=mm&r=g","caption":"admin"},"description":"Xornal galego de informaci\u00f3n xeral Publicaci\u00f3n mensual de novas de Galicia e en especial dos Concellos da sur da provincia de Pontevedra.","sameAs":["http:\/\/www.anovapeneira.gal\/","https:\/\/www.facebook.com\/anovapeneira\/"],"url":"https:\/\/www.anovapeneira.gal\/index.php\/author\/admin\/"}]}},"jetpack_featured_media_url":"https:\/\/www.anovapeneira.gal\/wp-content\/uploads\/2024\/12\/manolo_caride.png","_links":{"self":[{"href":"https:\/\/www.anovapeneira.gal\/index.php\/wp-json\/wp\/v2\/posts\/12935","targetHints":{"allow":["GET"]}}],"collection":[{"href":"https:\/\/www.anovapeneira.gal\/index.php\/wp-json\/wp\/v2\/posts"}],"about":[{"href":"https:\/\/www.anovapeneira.gal\/index.php\/wp-json\/wp\/v2\/types\/post"}],"author":[{"embeddable":true,"href":"https:\/\/www.anovapeneira.gal\/index.php\/wp-json\/wp\/v2\/users\/1"}],"replies":[{"embeddable":true,"href":"https:\/\/www.anovapeneira.gal\/index.php\/wp-json\/wp\/v2\/comments?post=12935"}],"version-history":[{"count":1,"href":"https:\/\/www.anovapeneira.gal\/index.php\/wp-json\/wp\/v2\/posts\/12935\/revisions"}],"predecessor-version":[{"id":12937,"href":"https:\/\/www.anovapeneira.gal\/index.php\/wp-json\/wp\/v2\/posts\/12935\/revisions\/12937"}],"wp:featuredmedia":[{"embeddable":true,"href":"https:\/\/www.anovapeneira.gal\/index.php\/wp-json\/wp\/v2\/media\/12936"}],"wp:attachment":[{"href":"https:\/\/www.anovapeneira.gal\/index.php\/wp-json\/wp\/v2\/media?parent=12935"}],"wp:term":[{"taxonomy":"category","embeddable":true,"href":"https:\/\/www.anovapeneira.gal\/index.php\/wp-json\/wp\/v2\/categories?post=12935"},{"taxonomy":"post_tag","embeddable":true,"href":"https:\/\/www.anovapeneira.gal\/index.php\/wp-json\/wp\/v2\/tags?post=12935"}],"curies":[{"name":"wp","href":"https:\/\/api.w.org\/{rel}","templated":true}]}}