{"id":12942,"date":"2024-12-17T12:00:17","date_gmt":"2024-12-17T11:00:17","guid":{"rendered":"https:\/\/www.anovapeneira.gal\/?p=12942"},"modified":"2024-12-11T11:21:25","modified_gmt":"2024-12-11T10:21:25","slug":"v-gala-de-entrega-de-premios-a-nova-peneira","status":"publish","type":"post","link":"https:\/\/www.anovapeneira.gal\/index.php\/2024\/12\/17\/v-gala-de-entrega-de-premios-a-nova-peneira\/","title":{"rendered":"V Gala de entrega de premios A Nova Peneira"},"content":{"rendered":"\n<figure class=\"wp-block-image size-full is-resized\"><img loading=\"lazy\" decoding=\"async\" width=\"190\" height=\"222\" src=\"https:\/\/www.anovapeneira.gal\/wp-content\/uploads\/2019\/05\/tino_lago_director_a_nova_peneira.jpg\" alt=\"Tino Lago director a Nova Peneira\" class=\"wp-image-189\" style=\"width:74px;height:auto\"\/><figcaption class=\"wp-element-caption\">Tino Lago director a Nova Peneira<\/figcaption><\/figure>\n\n\n\n<p>En 1982 eu ti\u00f1a 12 anos. Nese ano o atafego, o acoro, o abafo da Espa\u00f1a carpetovet\u00f3nica imperial colonizaba, exactamente igual que agora, de maneira permanente cada curruncho do estado, pois no 82 celebrouse o mundial de f\u00fatbol na entidade pol\u00edtica na que vivimos. Cada curruncho das cidades, vilas e pobos estaba ateigado de insignias \u201crojigualdas \u201c e de imaxes dunha rid\u00edcula laranxa, curiosamente de sexo masculino, que exerc\u00eda de mascota do evento futbol\u00edstico.<\/p>\n\n\n\n<p>Naquel ano un profesor natural de Moa\u00f1a preguntou na nosa clase que era Galica para n\u00f3s, e todos os nenos e nenas sen excepci\u00f3n algunha contestamos que Galicia \u00e9 unha rexi\u00f3n de Espa\u00f1a. O mestre escoitounos con tranquilidade e sen perder o acougo e ese inmenso sorriso de sal e de mar, que s\u00f3 te\u00f1en as mulleres e homes do Morrazo, contestounos que estabamos equivocados e equivocadas. D\u00edxonos que Galicia \u00e9 unha rexi\u00f3n do mundo pero non de Espa\u00f1a, afirmou que Galicia era unha naci\u00f3n e explicounos con esa paix\u00f3n luminosa e c\u00e1lida que s\u00f3 son capaces de amosar as persoas que est\u00e1n afectivamente comprometidas con algunha causa xusta o motivo do noso erro.<\/p>\n\n\n\n<p>Recordo sa\u00edr daquela clase absolutamente fascinado e que naquel momento agromou en min, un neno de 12 anos, unha catarse emocional que me levar\u00eda \u00e1 necesidade de co\u00f1ecer e comprender todo o referente \u00e1 historia pol\u00edtica e sociol\u00f3xica do pobo galego.<\/p>\n\n\n\n<p>Quen se achegue de maneira intelectualmente honesta \u00e1 historia deste pa\u00eds s\u00f3 pode acabar nunha posici\u00f3n posible: o nacionalismo pol\u00edtico. Estou falando, desde logo, de persoas que te\u00f1an alg\u00fan tipo de interese vital que transcenda os l\u00edmites do seu propio ben persoal.<\/p>\n\n\n\n<p>Xa pasaron 42 anos daquela aula, e desde ent\u00f3n sempre estiven no mesmo sito. \u00c1s veces con militancia pol\u00edtica e ou sindical, \u00e1s veces sen ela, \u00e1s veces con alg\u00fan acerto e \u00e1s veces con erros terribles, pero no m\u00e1is profundo do meu coraz\u00f3n sempre me sent\u00edn un fillo do pobo galego, s\u00f3 do pobo galego, un pobo colonizado por outros que se aproveitan dos nosos recursos e impiden que poidamos xestionar n\u00f3s mesmos os nosos intereses e decidirmos o noso futuro.<\/p>\n\n\n\n<p>No ano 2013 os cami\u00f1os de A Nova Peneira e o meu cruz\u00e1ronse de tal maneira que acabaron sendo un s\u00f3 cami\u00f1o, e sei que as\u00ed vai ser en todo o que me quede de vida. As\u00ed ser\u00e1 mentres viva, traballando mentres poida ter a sa\u00fade necesaria para traballar, e vixiando aos que ve\u00f1an despois para que non se desv\u00eden un mil\u00edmetro do pensamento pol\u00edtico de ANP: Somos unha publicaci\u00f3n que defende que o pobo galego \u00e9 un pobo de seu e que debe de poder xestionar os seus intereses e decidir o seu futuro.<\/p>\n\n\n\n<p>No ano 2015 celebramos a nos primeira gala de entrega de premios. Este evento bienal, que o vindeiro s\u00e1bado 1 de febreiro vivir\u00e1 a s\u00faa V edici\u00f3n, nace porque quixemos agradecer, reco\u00f1ecer e premiar aos nosos amigos e amigas, ,anunciantes e instituci\u00f3ns que coa s\u00faa colaboraci\u00f3n fan posible que poidamos seguir existindo, as\u00ed como reco\u00f1ecer , agradecer e premiar a persoas e colectivos que co seu esforzo , compromiso e talento contrib\u00faen a facer un mundo m\u00e1is xusto e fan posible que a conciencia colectiva de sermos pobo galego siga existindo.<\/p>\n\n\n\n<p>Non vai ser f\u00e1cil manter o nivel: Elvira Souto, Suso Seixo, Montse Fajardo, Camilo Nogueira, Paco Rodr\u00edguez, Ana Hermida, Xos\u00e9 Manuel Pazos,o Instituto de Estudos Mi\u00f1or\u00e1ns, o Colectivo de Pensionistas da CIG&#8230;&#8230;foron alg\u00fans dos nosos premiados e premiadas. Agardamos ter acertado nas persoas e colectivos que eliximos para que o vindeiro 1 de febreiro soban ao escenario do sitio no que sempre celebramos as nosas galas, o restaurante Manolo do Porri\u00f1o, a recoller os premios que lle outorgaremos. Estamos seguros de que as persoas asistentes saber\u00e1n valorar o seu esforzo e compromiso co noso medio de comunicaci\u00f3n e coas nosas ideas.<\/p>\n\n\n\n<p>S\u00f3 me queda darvos as grazas a todas as persoas que nalg\u00fan momento das vosas vidas tivestes a xenerosidade de n\u00f3s acompa\u00f1ar, e pedir desculpas a todas as mulleres e homes que nalgunha ocasi\u00f3n se puideron sentir ofendidas e ofendidos por algo que fixemos , ou por algo que deixamos de facer, al\u00e9n de desculparme tam\u00e9n con todas as persoas que nalg\u00fan momento defraudamos por non sermos quen de cumprir as expectativas que puxeran en n\u00f3s. Remato cunha cuesti\u00f3n dirixida \u00e1 totalidade de lectoras e lectores en xeral, e en particular a todas a persoas que decepcionamos, a todas as persoas que nalg\u00fan momento se sentiron agraviadas por alg\u00fan dos nosos artigos:<\/p>\n\n\n\n<p>Nunca me moveu o interese persoal, nin sequera o interese de ANP, todo o contrario, con acertos e erros ,o \u00fanico criterio que move o meu proceder \u00e9 a defensa do interese colectivo do pobo galego.<\/p>\n\n\n\n<p>Viva Galicia Ceibe.<\/p>\n\n\n\n<p>Na terra, decembro do 2024.<\/p>\n","protected":false},"excerpt":{"rendered":"<div class=\"mh-excerpt\"><p>En 1982 eu ti\u00f1a 12 anos. Nese ano o atafego, o acoro, o abafo da Espa\u00f1a carpetovet\u00f3nica imperial colonizaba, exactamente igual que agora, de maneira permanente cada curruncho do estado, <a class=\"mh-excerpt-more\" href=\"https:\/\/www.anovapeneira.gal\/index.php\/2024\/12\/17\/v-gala-de-entrega-de-premios-a-nova-peneira\/\" title=\"V Gala de entrega de premios A Nova Peneira\">[&#8230;]<\/a><\/p>\n<\/div>","protected":false},"author":2,"featured_media":12943,"comment_status":"open","ping_status":"open","sticky":false,"template":"","format":"standard","meta":{"_exactmetrics_skip_tracking":false,"_exactmetrics_sitenote_active":false,"_exactmetrics_sitenote_note":"","_exactmetrics_sitenote_category":0,"footnotes":""},"categories":[61],"tags":[],"class_list":{"0":"post-12942","1":"post","2":"type-post","3":"status-publish","4":"format-standard","5":"has-post-thumbnail","7":"category-artigo-editorial"},"yoast_head":"<!-- This site is optimized with the Yoast SEO plugin v27.5 - https:\/\/yoast.com\/product\/yoast-seo-wordpress\/ -->\n<title>V Gala de entrega de premios A Nova Peneira -<\/title>\n<meta name=\"robots\" content=\"index, follow, max-snippet:-1, max-image-preview:large, max-video-preview:-1\" \/>\n<link rel=\"canonical\" href=\"https:\/\/www.anovapeneira.gal\/index.php\/2024\/12\/17\/v-gala-de-entrega-de-premios-a-nova-peneira\/\" \/>\n<meta property=\"og:locale\" content=\"gl_ES\" \/>\n<meta property=\"og:type\" content=\"article\" \/>\n<meta property=\"og:title\" content=\"V Gala de entrega de premios A Nova Peneira -\" \/>\n<meta property=\"og:description\" content=\"En 1982 eu ti\u00f1a 12 anos. Nese ano o atafego, o acoro, o abafo da Espa\u00f1a carpetovet\u00f3nica imperial colonizaba, exactamente igual que agora, de maneira permanente cada curruncho do estado, [...]\" \/>\n<meta property=\"og:url\" content=\"https:\/\/www.anovapeneira.gal\/index.php\/2024\/12\/17\/v-gala-de-entrega-de-premios-a-nova-peneira\/\" \/>\n<meta property=\"article:publisher\" content=\"https:\/\/www.facebook.com\/anovapeneira\" \/>\n<meta property=\"article:published_time\" content=\"2024-12-17T11:00:17+00:00\" \/>\n<meta property=\"og:image\" content=\"https:\/\/www.anovapeneira.gal\/wp-content\/uploads\/2024\/12\/gala_nova_peneira.png\" \/>\n\t<meta property=\"og:image:width\" content=\"720\" \/>\n\t<meta property=\"og:image:height\" content=\"432\" \/>\n\t<meta property=\"og:image:type\" content=\"image\/png\" \/>\n<meta name=\"author\" content=\"Tino Lago\" \/>\n<meta name=\"twitter:card\" content=\"summary_large_image\" \/>\n<meta name=\"twitter:image\" content=\"https:\/\/www.anovapeneira.gal\/wp-content\/uploads\/2024\/12\/gala_nova_peneira.png\" \/>\n<meta name=\"twitter:creator\" content=\"@APeneira\" \/>\n<meta name=\"twitter:site\" content=\"@APeneira\" \/>\n<meta name=\"twitter:label1\" content=\"Escrito por\" \/>\n\t<meta name=\"twitter:data1\" content=\"Tino Lago\" \/>\n\t<meta name=\"twitter:label2\" content=\"Tempo de lectura\" \/>\n\t<meta name=\"twitter:data2\" content=\"5 minutos\" \/>\n<script type=\"application\/ld+json\" class=\"yoast-schema-graph\">{\"@context\":\"https:\\\/\\\/schema.org\",\"@graph\":[{\"@type\":\"Article\",\"@id\":\"https:\\\/\\\/www.anovapeneira.gal\\\/index.php\\\/2024\\\/12\\\/17\\\/v-gala-de-entrega-de-premios-a-nova-peneira\\\/#article\",\"isPartOf\":{\"@id\":\"https:\\\/\\\/www.anovapeneira.gal\\\/index.php\\\/2024\\\/12\\\/17\\\/v-gala-de-entrega-de-premios-a-nova-peneira\\\/\"},\"author\":{\"name\":\"Tino Lago\",\"@id\":\"https:\\\/\\\/www.anovapeneira.gal\\\/#\\\/schema\\\/person\\\/424dfe65e3070fd8a44d22d2c088762a\"},\"headline\":\"V Gala de entrega de premios A Nova Peneira\",\"datePublished\":\"2024-12-17T11:00:17+00:00\",\"mainEntityOfPage\":{\"@id\":\"https:\\\/\\\/www.anovapeneira.gal\\\/index.php\\\/2024\\\/12\\\/17\\\/v-gala-de-entrega-de-premios-a-nova-peneira\\\/\"},\"wordCount\":868,\"commentCount\":0,\"publisher\":{\"@id\":\"https:\\\/\\\/www.anovapeneira.gal\\\/#organization\"},\"image\":{\"@id\":\"https:\\\/\\\/www.anovapeneira.gal\\\/index.php\\\/2024\\\/12\\\/17\\\/v-gala-de-entrega-de-premios-a-nova-peneira\\\/#primaryimage\"},\"thumbnailUrl\":\"https:\\\/\\\/www.anovapeneira.gal\\\/wp-content\\\/uploads\\\/2024\\\/12\\\/gala_nova_peneira.png\",\"articleSection\":[\"Artigo editorial\"],\"inLanguage\":\"gl-ES\",\"potentialAction\":[{\"@type\":\"CommentAction\",\"name\":\"Comment\",\"target\":[\"https:\\\/\\\/www.anovapeneira.gal\\\/index.php\\\/2024\\\/12\\\/17\\\/v-gala-de-entrega-de-premios-a-nova-peneira\\\/#respond\"]}]},{\"@type\":\"WebPage\",\"@id\":\"https:\\\/\\\/www.anovapeneira.gal\\\/index.php\\\/2024\\\/12\\\/17\\\/v-gala-de-entrega-de-premios-a-nova-peneira\\\/\",\"url\":\"https:\\\/\\\/www.anovapeneira.gal\\\/index.php\\\/2024\\\/12\\\/17\\\/v-gala-de-entrega-de-premios-a-nova-peneira\\\/\",\"name\":\"V Gala de entrega de premios A Nova Peneira -\",\"isPartOf\":{\"@id\":\"https:\\\/\\\/www.anovapeneira.gal\\\/#website\"},\"primaryImageOfPage\":{\"@id\":\"https:\\\/\\\/www.anovapeneira.gal\\\/index.php\\\/2024\\\/12\\\/17\\\/v-gala-de-entrega-de-premios-a-nova-peneira\\\/#primaryimage\"},\"image\":{\"@id\":\"https:\\\/\\\/www.anovapeneira.gal\\\/index.php\\\/2024\\\/12\\\/17\\\/v-gala-de-entrega-de-premios-a-nova-peneira\\\/#primaryimage\"},\"thumbnailUrl\":\"https:\\\/\\\/www.anovapeneira.gal\\\/wp-content\\\/uploads\\\/2024\\\/12\\\/gala_nova_peneira.png\",\"datePublished\":\"2024-12-17T11:00:17+00:00\",\"breadcrumb\":{\"@id\":\"https:\\\/\\\/www.anovapeneira.gal\\\/index.php\\\/2024\\\/12\\\/17\\\/v-gala-de-entrega-de-premios-a-nova-peneira\\\/#breadcrumb\"},\"inLanguage\":\"gl-ES\",\"potentialAction\":[{\"@type\":\"ReadAction\",\"target\":[\"https:\\\/\\\/www.anovapeneira.gal\\\/index.php\\\/2024\\\/12\\\/17\\\/v-gala-de-entrega-de-premios-a-nova-peneira\\\/\"]}]},{\"@type\":\"ImageObject\",\"inLanguage\":\"gl-ES\",\"@id\":\"https:\\\/\\\/www.anovapeneira.gal\\\/index.php\\\/2024\\\/12\\\/17\\\/v-gala-de-entrega-de-premios-a-nova-peneira\\\/#primaryimage\",\"url\":\"https:\\\/\\\/www.anovapeneira.gal\\\/wp-content\\\/uploads\\\/2024\\\/12\\\/gala_nova_peneira.png\",\"contentUrl\":\"https:\\\/\\\/www.anovapeneira.gal\\\/wp-content\\\/uploads\\\/2024\\\/12\\\/gala_nova_peneira.png\",\"width\":720,\"height\":432,\"caption\":\"Gala A Nova Peneira\"},{\"@type\":\"BreadcrumbList\",\"@id\":\"https:\\\/\\\/www.anovapeneira.gal\\\/index.php\\\/2024\\\/12\\\/17\\\/v-gala-de-entrega-de-premios-a-nova-peneira\\\/#breadcrumb\",\"itemListElement\":[{\"@type\":\"ListItem\",\"position\":1,\"name\":\"Portada\",\"item\":\"https:\\\/\\\/www.anovapeneira.gal\\\/\"},{\"@type\":\"ListItem\",\"position\":2,\"name\":\"V Gala de entrega de premios A Nova Peneira\"}]},{\"@type\":\"WebSite\",\"@id\":\"https:\\\/\\\/www.anovapeneira.gal\\\/#website\",\"url\":\"https:\\\/\\\/www.anovapeneira.gal\\\/\",\"name\":\"\",\"description\":\"Xornal galego de informaci\u00f3n xeral Publicaci\u00f3n mensual de novas de Galicia e en especial dos Concellos da sur da provincia de Pontevedra.\",\"publisher\":{\"@id\":\"https:\\\/\\\/www.anovapeneira.gal\\\/#organization\"},\"potentialAction\":[{\"@type\":\"SearchAction\",\"target\":{\"@type\":\"EntryPoint\",\"urlTemplate\":\"https:\\\/\\\/www.anovapeneira.gal\\\/?s={search_term_string}\"},\"query-input\":{\"@type\":\"PropertyValueSpecification\",\"valueRequired\":true,\"valueName\":\"search_term_string\"}}],\"inLanguage\":\"gl-ES\"},{\"@type\":\"Organization\",\"@id\":\"https:\\\/\\\/www.anovapeneira.gal\\\/#organization\",\"name\":\"A Nova Peneira\",\"url\":\"https:\\\/\\\/www.anovapeneira.gal\\\/\",\"logo\":{\"@type\":\"ImageObject\",\"inLanguage\":\"gl-ES\",\"@id\":\"https:\\\/\\\/www.anovapeneira.gal\\\/#\\\/schema\\\/logo\\\/image\\\/\",\"url\":\"http:\\\/\\\/www.anovapeneira.gal\\\/wp-content\\\/uploads\\\/2019\\\/06\\\/logo_a_nova_peneira_portal_web.png\",\"contentUrl\":\"http:\\\/\\\/www.anovapeneira.gal\\\/wp-content\\\/uploads\\\/2019\\\/06\\\/logo_a_nova_peneira_portal_web.png\",\"width\":300,\"height\":100,\"caption\":\"A Nova Peneira\"},\"image\":{\"@id\":\"https:\\\/\\\/www.anovapeneira.gal\\\/#\\\/schema\\\/logo\\\/image\\\/\"},\"sameAs\":[\"https:\\\/\\\/www.facebook.com\\\/anovapeneira\",\"https:\\\/\\\/x.com\\\/APeneira\"]},{\"@type\":\"Person\",\"@id\":\"https:\\\/\\\/www.anovapeneira.gal\\\/#\\\/schema\\\/person\\\/424dfe65e3070fd8a44d22d2c088762a\",\"name\":\"Tino Lago\",\"image\":{\"@type\":\"ImageObject\",\"inLanguage\":\"gl-ES\",\"@id\":\"https:\\\/\\\/secure.gravatar.com\\\/avatar\\\/b3df6a06e44bab3111583b90f0f33a0379ee5e3d22cbadd232d39f21c30c62be?s=96&d=mm&r=g\",\"url\":\"https:\\\/\\\/secure.gravatar.com\\\/avatar\\\/b3df6a06e44bab3111583b90f0f33a0379ee5e3d22cbadd232d39f21c30c62be?s=96&d=mm&r=g\",\"contentUrl\":\"https:\\\/\\\/secure.gravatar.com\\\/avatar\\\/b3df6a06e44bab3111583b90f0f33a0379ee5e3d22cbadd232d39f21c30c62be?s=96&d=mm&r=g\",\"caption\":\"Tino Lago\"},\"sameAs\":[\"http:\\\/\\\/www.anovapeneira.gal\"],\"url\":\"https:\\\/\\\/www.anovapeneira.gal\\\/index.php\\\/author\\\/director\\\/\"}]}<\/script>\n<!-- \/ Yoast SEO plugin. -->","yoast_head_json":{"title":"V Gala de entrega de premios A Nova Peneira -","robots":{"index":"index","follow":"follow","max-snippet":"max-snippet:-1","max-image-preview":"max-image-preview:large","max-video-preview":"max-video-preview:-1"},"canonical":"https:\/\/www.anovapeneira.gal\/index.php\/2024\/12\/17\/v-gala-de-entrega-de-premios-a-nova-peneira\/","og_locale":"gl_ES","og_type":"article","og_title":"V Gala de entrega de premios A Nova Peneira -","og_description":"En 1982 eu ti\u00f1a 12 anos. Nese ano o atafego, o acoro, o abafo da Espa\u00f1a carpetovet\u00f3nica imperial colonizaba, exactamente igual que agora, de maneira permanente cada curruncho do estado, [...]","og_url":"https:\/\/www.anovapeneira.gal\/index.php\/2024\/12\/17\/v-gala-de-entrega-de-premios-a-nova-peneira\/","article_publisher":"https:\/\/www.facebook.com\/anovapeneira","article_published_time":"2024-12-17T11:00:17+00:00","og_image":[{"width":720,"height":432,"url":"https:\/\/www.anovapeneira.gal\/wp-content\/uploads\/2024\/12\/gala_nova_peneira.png","type":"image\/png"}],"author":"Tino Lago","twitter_card":"summary_large_image","twitter_image":"https:\/\/www.anovapeneira.gal\/wp-content\/uploads\/2024\/12\/gala_nova_peneira.png","twitter_creator":"@APeneira","twitter_site":"@APeneira","twitter_misc":{"Escrito por":"Tino Lago","Tempo de lectura":"5 minutos"},"schema":{"@context":"https:\/\/schema.org","@graph":[{"@type":"Article","@id":"https:\/\/www.anovapeneira.gal\/index.php\/2024\/12\/17\/v-gala-de-entrega-de-premios-a-nova-peneira\/#article","isPartOf":{"@id":"https:\/\/www.anovapeneira.gal\/index.php\/2024\/12\/17\/v-gala-de-entrega-de-premios-a-nova-peneira\/"},"author":{"name":"Tino Lago","@id":"https:\/\/www.anovapeneira.gal\/#\/schema\/person\/424dfe65e3070fd8a44d22d2c088762a"},"headline":"V Gala de entrega de premios A Nova Peneira","datePublished":"2024-12-17T11:00:17+00:00","mainEntityOfPage":{"@id":"https:\/\/www.anovapeneira.gal\/index.php\/2024\/12\/17\/v-gala-de-entrega-de-premios-a-nova-peneira\/"},"wordCount":868,"commentCount":0,"publisher":{"@id":"https:\/\/www.anovapeneira.gal\/#organization"},"image":{"@id":"https:\/\/www.anovapeneira.gal\/index.php\/2024\/12\/17\/v-gala-de-entrega-de-premios-a-nova-peneira\/#primaryimage"},"thumbnailUrl":"https:\/\/www.anovapeneira.gal\/wp-content\/uploads\/2024\/12\/gala_nova_peneira.png","articleSection":["Artigo editorial"],"inLanguage":"gl-ES","potentialAction":[{"@type":"CommentAction","name":"Comment","target":["https:\/\/www.anovapeneira.gal\/index.php\/2024\/12\/17\/v-gala-de-entrega-de-premios-a-nova-peneira\/#respond"]}]},{"@type":"WebPage","@id":"https:\/\/www.anovapeneira.gal\/index.php\/2024\/12\/17\/v-gala-de-entrega-de-premios-a-nova-peneira\/","url":"https:\/\/www.anovapeneira.gal\/index.php\/2024\/12\/17\/v-gala-de-entrega-de-premios-a-nova-peneira\/","name":"V Gala de entrega de premios A Nova Peneira -","isPartOf":{"@id":"https:\/\/www.anovapeneira.gal\/#website"},"primaryImageOfPage":{"@id":"https:\/\/www.anovapeneira.gal\/index.php\/2024\/12\/17\/v-gala-de-entrega-de-premios-a-nova-peneira\/#primaryimage"},"image":{"@id":"https:\/\/www.anovapeneira.gal\/index.php\/2024\/12\/17\/v-gala-de-entrega-de-premios-a-nova-peneira\/#primaryimage"},"thumbnailUrl":"https:\/\/www.anovapeneira.gal\/wp-content\/uploads\/2024\/12\/gala_nova_peneira.png","datePublished":"2024-12-17T11:00:17+00:00","breadcrumb":{"@id":"https:\/\/www.anovapeneira.gal\/index.php\/2024\/12\/17\/v-gala-de-entrega-de-premios-a-nova-peneira\/#breadcrumb"},"inLanguage":"gl-ES","potentialAction":[{"@type":"ReadAction","target":["https:\/\/www.anovapeneira.gal\/index.php\/2024\/12\/17\/v-gala-de-entrega-de-premios-a-nova-peneira\/"]}]},{"@type":"ImageObject","inLanguage":"gl-ES","@id":"https:\/\/www.anovapeneira.gal\/index.php\/2024\/12\/17\/v-gala-de-entrega-de-premios-a-nova-peneira\/#primaryimage","url":"https:\/\/www.anovapeneira.gal\/wp-content\/uploads\/2024\/12\/gala_nova_peneira.png","contentUrl":"https:\/\/www.anovapeneira.gal\/wp-content\/uploads\/2024\/12\/gala_nova_peneira.png","width":720,"height":432,"caption":"Gala A Nova Peneira"},{"@type":"BreadcrumbList","@id":"https:\/\/www.anovapeneira.gal\/index.php\/2024\/12\/17\/v-gala-de-entrega-de-premios-a-nova-peneira\/#breadcrumb","itemListElement":[{"@type":"ListItem","position":1,"name":"Portada","item":"https:\/\/www.anovapeneira.gal\/"},{"@type":"ListItem","position":2,"name":"V Gala de entrega de premios A Nova Peneira"}]},{"@type":"WebSite","@id":"https:\/\/www.anovapeneira.gal\/#website","url":"https:\/\/www.anovapeneira.gal\/","name":"","description":"Xornal galego de informaci\u00f3n xeral Publicaci\u00f3n mensual de novas de Galicia e en especial dos Concellos da sur da provincia de Pontevedra.","publisher":{"@id":"https:\/\/www.anovapeneira.gal\/#organization"},"potentialAction":[{"@type":"SearchAction","target":{"@type":"EntryPoint","urlTemplate":"https:\/\/www.anovapeneira.gal\/?s={search_term_string}"},"query-input":{"@type":"PropertyValueSpecification","valueRequired":true,"valueName":"search_term_string"}}],"inLanguage":"gl-ES"},{"@type":"Organization","@id":"https:\/\/www.anovapeneira.gal\/#organization","name":"A Nova Peneira","url":"https:\/\/www.anovapeneira.gal\/","logo":{"@type":"ImageObject","inLanguage":"gl-ES","@id":"https:\/\/www.anovapeneira.gal\/#\/schema\/logo\/image\/","url":"http:\/\/www.anovapeneira.gal\/wp-content\/uploads\/2019\/06\/logo_a_nova_peneira_portal_web.png","contentUrl":"http:\/\/www.anovapeneira.gal\/wp-content\/uploads\/2019\/06\/logo_a_nova_peneira_portal_web.png","width":300,"height":100,"caption":"A Nova Peneira"},"image":{"@id":"https:\/\/www.anovapeneira.gal\/#\/schema\/logo\/image\/"},"sameAs":["https:\/\/www.facebook.com\/anovapeneira","https:\/\/x.com\/APeneira"]},{"@type":"Person","@id":"https:\/\/www.anovapeneira.gal\/#\/schema\/person\/424dfe65e3070fd8a44d22d2c088762a","name":"Tino Lago","image":{"@type":"ImageObject","inLanguage":"gl-ES","@id":"https:\/\/secure.gravatar.com\/avatar\/b3df6a06e44bab3111583b90f0f33a0379ee5e3d22cbadd232d39f21c30c62be?s=96&d=mm&r=g","url":"https:\/\/secure.gravatar.com\/avatar\/b3df6a06e44bab3111583b90f0f33a0379ee5e3d22cbadd232d39f21c30c62be?s=96&d=mm&r=g","contentUrl":"https:\/\/secure.gravatar.com\/avatar\/b3df6a06e44bab3111583b90f0f33a0379ee5e3d22cbadd232d39f21c30c62be?s=96&d=mm&r=g","caption":"Tino Lago"},"sameAs":["http:\/\/www.anovapeneira.gal"],"url":"https:\/\/www.anovapeneira.gal\/index.php\/author\/director\/"}]}},"jetpack_featured_media_url":"https:\/\/www.anovapeneira.gal\/wp-content\/uploads\/2024\/12\/gala_nova_peneira.png","_links":{"self":[{"href":"https:\/\/www.anovapeneira.gal\/index.php\/wp-json\/wp\/v2\/posts\/12942","targetHints":{"allow":["GET"]}}],"collection":[{"href":"https:\/\/www.anovapeneira.gal\/index.php\/wp-json\/wp\/v2\/posts"}],"about":[{"href":"https:\/\/www.anovapeneira.gal\/index.php\/wp-json\/wp\/v2\/types\/post"}],"author":[{"embeddable":true,"href":"https:\/\/www.anovapeneira.gal\/index.php\/wp-json\/wp\/v2\/users\/2"}],"replies":[{"embeddable":true,"href":"https:\/\/www.anovapeneira.gal\/index.php\/wp-json\/wp\/v2\/comments?post=12942"}],"version-history":[{"count":2,"href":"https:\/\/www.anovapeneira.gal\/index.php\/wp-json\/wp\/v2\/posts\/12942\/revisions"}],"predecessor-version":[{"id":12945,"href":"https:\/\/www.anovapeneira.gal\/index.php\/wp-json\/wp\/v2\/posts\/12942\/revisions\/12945"}],"wp:featuredmedia":[{"embeddable":true,"href":"https:\/\/www.anovapeneira.gal\/index.php\/wp-json\/wp\/v2\/media\/12943"}],"wp:attachment":[{"href":"https:\/\/www.anovapeneira.gal\/index.php\/wp-json\/wp\/v2\/media?parent=12942"}],"wp:term":[{"taxonomy":"category","embeddable":true,"href":"https:\/\/www.anovapeneira.gal\/index.php\/wp-json\/wp\/v2\/categories?post=12942"},{"taxonomy":"post_tag","embeddable":true,"href":"https:\/\/www.anovapeneira.gal\/index.php\/wp-json\/wp\/v2\/tags?post=12942"}],"curies":[{"name":"wp","href":"https:\/\/api.w.org\/{rel}","templated":true}]}}