{"id":12951,"date":"2024-12-18T12:00:07","date_gmt":"2024-12-18T11:00:07","guid":{"rendered":"https:\/\/www.anovapeneira.gal\/?p=12951"},"modified":"2024-12-11T11:56:55","modified_gmt":"2024-12-11T10:56:55","slug":"gondomar-cf","status":"publish","type":"post","link":"https:\/\/www.anovapeneira.gal\/index.php\/2024\/12\/18\/gondomar-cf\/","title":{"rendered":"Gondomar CF"},"content":{"rendered":"\n<p><strong>O Gondomar CF \u00e9 un dos clubs m\u00e1is antigos de Galicia, despois do Depor e do Ribadeo,fundados respectivamente no 1906 e no 1913, comparte o terceiro postos do podio co R\u00e1pido pois ambos foran fundados no ano 1914. Cento dez anos de historia, de alegr\u00edas e tristuras, de vitorias e derrotas contemplan a este equipo que incluso chegou a estar na 3\u00ba divisi\u00f3n. Hoxe, presidido por un rapaz de 31 anos, disputa con \u00e9xito a liga da 1\u00ba categor\u00eda auton\u00f3mica pois ten moitas posibilidades de ascender \u00e1 preferente, a categor\u00eda inmediatamente anterior \u00e1 m\u00e1is alta na que estiveron nos seus 110 anos de historia.<\/strong><\/p>\n\n\n\n<p><strong>N\u00f3s falamos co seu presidente.<\/strong><\/p>\n\n\n\n<p><strong>David Pazos Quintas, presidente.<\/strong><\/p>\n\n\n\n<p>\u201c<strong>Non hai campo na nosa liga, nin sequera en preferente que se encha como o noso de As Gaiandas\u201d<\/strong><\/p>\n\n\n\n<p><strong>O voso \u00e9 un club moi antigo, debe de ser dos m\u00e1is antigos de Galicia, creo eu,Cando se fundou?<\/strong><\/p>\n\n\n\n<blockquote class=\"wp-block-quote is-layout-flow wp-block-quote-is-layout-flow\">\n<p>\u00c9 moi antigo, abof\u00e9 que si. Nacemos no ano 1914.<\/p>\n<\/blockquote>\n\n\n\n<p><strong>Caramba, sodes m\u00e1is antigos que o propio Celta. Tendes 110 anos, imaxino que o 2014, cando cumpristes 100 anos ser\u00eda un ano moi especial para v\u00f3s?<\/strong><\/p>\n\n\n\n<blockquote class=\"wp-block-quote is-layout-flow wp-block-quote-is-layout-flow\">\n<p>Si, foi un ano marabilloso para n\u00f3s. Fixemos numerosos actos para conmemorar o noso primeiro s\u00e9culo de vida, e incluso o Celta tivo a xentileza de achegarse ata Gondomar a disputar un partido con n\u00f3s.<\/p>\n<\/blockquote>\n\n\n\n<p><strong>Ti de onde es, e que anos tes David?<\/strong><\/p>\n\n\n\n<blockquote class=\"wp-block-quote is-layout-flow wp-block-quote-is-layout-flow\">\n<p>Te\u00f1o 31 anos, son do centro de Gondomar e son un profesional aut\u00f3nomo, traballo pola mi\u00f1a conta.<\/p>\n<\/blockquote>\n\n\n\n<p><strong>Cando e como comezou a t\u00faa relaci\u00f3n co f\u00fatbol?<\/strong><\/p>\n\n\n\n<blockquote class=\"wp-block-quote is-layout-flow wp-block-quote-is-layout-flow\">\n<p>Eu xoguei toda a mi\u00f1a vida no Gondomar nas categor\u00edas inferiores. Hai 8 anos comecei de fisioterapeuta do equipo e fun ocupando diversos postos ata chegar \u00e1 presidencia.<\/p>\n<\/blockquote>\n\n\n\n<p><strong>Por que non chegaches a xogar no equipo s\u00e9nior?<\/strong><\/p>\n\n\n\n<blockquote class=\"wp-block-quote is-layout-flow wp-block-quote-is-layout-flow\">\n<p>Daquela o Gondomar estaba en preferente e, honestamente eu non ti\u00f1a nivel para xogar nesa categor\u00eda.<\/p>\n<\/blockquote>\n\n\n\n<p><strong>En que posto xogabas ti?<\/strong><\/p>\n\n\n\n<blockquote class=\"wp-block-quote is-layout-flow wp-block-quote-is-layout-flow\">\n<p>Era dianteiro centro, e met\u00eda moitos goles si. Pero marcaba porque ti\u00f1a instinto goleador, pero era o \u00fanico que ti\u00f1a. Como dixen antes era un xogador normal.<\/p>\n<\/blockquote>\n\n\n\n<p><strong>Se tiveras que destacar un dianteiro \u00eddolo da t\u00faa infancia a quen destacar\u00edas?<\/strong><\/p>\n\n\n\n<blockquote class=\"wp-block-quote is-layout-flow wp-block-quote-is-layout-flow\">\n<p>A Ra\u00fal Gonz\u00e1lez.<\/p>\n<\/blockquote>\n\n\n\n<p><strong>Outro do Madrid&#8230;Non sei que pasa que todos os presidentes que entrevisto sodes do Madrid ha ha ha ha &#8230;D\u00edgoo porque sendo Ra\u00fal o teu \u00eddolo seguro que es do Madrid?<\/strong><\/p>\n\n\n\n<blockquote class=\"wp-block-quote is-layout-flow wp-block-quote-is-layout-flow\">\n<p>Si, si que son, pero non son anti nada, que quede claro ha ha ha ha..<\/p>\n<\/blockquote>\n\n\n\n<p><strong>Eu por suposto tampouco son anti de ning\u00fan equipo de f\u00fatbol, pero me chama atenci\u00f3n que de todas as persoas coas que levo falado para este especial de f\u00fatbol haxa m\u00e1is afeccionados ao Real Madrid que a calquera equipo galego. Cando chegaches \u00e1 presidencia do Gondomar?<\/strong><\/p>\n\n\n\n<blockquote class=\"wp-block-quote is-layout-flow wp-block-quote-is-layout-flow\">\n<p>Este ver\u00e1n.<\/p>\n<\/blockquote>\n\n\n\n<p><strong>Levas pouco tempo, como valoras a experiencia?<\/strong><\/p>\n\n\n\n<blockquote class=\"wp-block-quote is-layout-flow wp-block-quote-is-layout-flow\">\n<p>\u00c9 moi bonita. Pero require moito tempo, moito sacrificio e moita implicaci\u00f3n.<\/p>\n<\/blockquote>\n\n\n\n<p><strong>Case todos os presidentes e presidentas do f\u00fatbol modesto que co\u00f1ezo, que non son poucos, l\u00e1ianse do mesmo. Como levas ti compatibilizar o f\u00fatbol coa vida persoal e coa profesional?<\/strong><\/p>\n\n\n\n<blockquote class=\"wp-block-quote is-layout-flow wp-block-quote-is-layout-flow\">\n<p>Coa profesional, l\u00e9voa ben. Ao ser aut\u00f3nomo podo adaptar os meus horarios, coa vida persoal reco\u00f1ezo que o levo mal.<\/p>\n<\/blockquote>\n\n\n\n<p><strong>Que uniforme tendes?<\/strong><\/p>\n\n\n\n<blockquote class=\"wp-block-quote is-layout-flow wp-block-quote-is-layout-flow\">\n<p>Camiseta branca, e pantal\u00f3n e medias azuis.<\/p>\n<\/blockquote>\n\n\n\n<p><strong>En Gondomar existe outro, equipo, O Gondomar F\u00fatbol base, verdade?<\/strong><\/p>\n\n\n\n<blockquote class=\"wp-block-quote is-layout-flow wp-block-quote-is-layout-flow\">\n<p>Si, as\u00ed \u00e9.<\/p>\n<\/blockquote>\n\n\n\n<p><strong>Que tal son as relaci\u00f3ns con eles?<\/strong><\/p>\n\n\n\n<blockquote class=\"wp-block-quote is-layout-flow wp-block-quote-is-layout-flow\">\n<p>Inexistentes.<\/p>\n<\/blockquote>\n\n\n\n<p><strong>Por que?<\/strong><\/p>\n\n\n\n<blockquote class=\"wp-block-quote is-layout-flow wp-block-quote-is-layout-flow\">\n<p>Ben, non vou entrar en detalles, digamos que o seu proceder est\u00e1 moi lonxe da nosa forma de entender a como deben de ser as cousas. Un equipo ten que ter categor\u00edas inferiores para poder existir, e n\u00f3s tivemos serios problemas nese terreo. Non ten sentido que en Gondomar existan dous equipos. Afortunadamente os problemas se foron solucionando e hoxe temos 14 equipos e arredor de 250 fichas.<\/p>\n<\/blockquote>\n\n\n\n<p><strong>Tedes alg\u00fan equipo feminino?<\/strong><\/p>\n\n\n\n<blockquote class=\"wp-block-quote is-layout-flow wp-block-quote-is-layout-flow\">\n<p>Non.<\/p>\n<\/blockquote>\n\n\n\n<p><strong>Por que?<\/strong><\/p>\n\n\n\n<blockquote class=\"wp-block-quote is-layout-flow wp-block-quote-is-layout-flow\">\n<p>En Gondomar hai un equipo exclusivamente feminino, o L\u00f3strego, e as nenas de Gondomar que queren xogar a o f\u00fatbol van directamente a ese equipo. Estivemos tres anos tratando de montar un equipo feminino pero non foi posible.<\/p>\n<\/blockquote>\n\n\n\n<p><strong>O equipo s\u00e9nior en que divisi\u00f3n compite?<\/strong><\/p>\n\n\n\n<blockquote class=\"wp-block-quote is-layout-flow wp-block-quote-is-layout-flow\">\n<p>En 1\u00ba auton\u00f3mica e imos moi ben, imos empatados co l\u00edder. Temos serias aspiraci\u00f3ns de ascender a preferente.<\/p>\n<\/blockquote>\n\n\n\n<p><strong>Cal foi a m\u00e1xima categor\u00eda que chegou a disputar o Gondomar nos seus 110 anos de historia?<\/strong><\/p>\n\n\n\n<blockquote class=\"wp-block-quote is-layout-flow wp-block-quote-is-layout-flow\">\n<p>Foi a 3\u00ba divisi\u00f3n que para un pobo como Gondomar \u00e9 alucinante.<\/p>\n<\/blockquote>\n\n\n\n<p><strong>Cantos equipos ascenden a preferente?<\/strong><\/p>\n\n\n\n<blockquote class=\"wp-block-quote is-layout-flow wp-block-quote-is-layout-flow\">\n<p>O l\u00edder directamente e o 2\u00ba e o 3\u00ba promocionan. N\u00f3s agora mesmo temos 8 puntos de avantaxe sobre o 4\u00ba.<\/p>\n<\/blockquote>\n\n\n\n<p><strong>\u00c9 dicir, temos moit\u00edsimas posibilidades de, no peor dos casos, xogar a promoci\u00f3n?<\/strong><\/p>\n\n\n\n<blockquote class=\"wp-block-quote is-layout-flow wp-block-quote-is-layout-flow\">\n<p>Estamos a\u00ed c\u00f3bado con c\u00f3bado co Tyde para ga\u00f1ar a liga, pero si, temos moita ilusi\u00f3n no resultado final desta temporada. O que non quero \u00e9 meterlle ningunha presi\u00f3n nin ao adestrador nin aos xogadores. Os resultados deportivos son importantes, pero a formaci\u00f3n dos rapaces, gozar co deporte ou a identificaci\u00f3n emocional do pobo co seu equipo tam\u00e9n \u00e9 moi relevante, e nese aspecto creo que o estamos facendo moi ben&#8230;.<\/p>\n<\/blockquote>\n\n\n\n<p><strong>Tendo en conta o volume, a afecci\u00f3n e a actividade econ\u00f3mica que xera Gondomar cal cres ti que ser\u00eda a categor\u00eda natural na que se debe asentar o equipo?<\/strong><\/p>\n\n\n\n<blockquote class=\"wp-block-quote is-layout-flow wp-block-quote-is-layout-flow\">\n<p>A nosa idea \u00e9 mellorar as categor\u00edas inferiores o suficiente para que poidan dotar de xogadores de calidade ao equipo s\u00e9nior. A d\u00eda de hoxe iso non acontece. Estar en preferente pode ser precioso pero moi duro, porque n\u00f3s non poderiamos facer un investimento nas fichaxes necesarias para competir nesa categor\u00eda.<\/p>\n<\/blockquote>\n\n\n\n<p><strong>Xa, pero se se pode ascender non renunciariamos,supo\u00f1o?<\/strong><\/p>\n\n\n\n<blockquote class=\"wp-block-quote is-layout-flow wp-block-quote-is-layout-flow\">\n<p>Por suposto que non. Xa buscariamos os recursos debaixo das pedras se fose necesario.<\/p>\n<\/blockquote>\n\n\n\n<p><strong>Das 250 licencias que tendes aproximadamente cantas poden ser rapaces de Gondomar?<\/strong><\/p>\n\n\n\n<blockquote class=\"wp-block-quote is-layout-flow wp-block-quote-is-layout-flow\">\n<p>Arredor de 200, e pr\u00e1ctica totalidade das restantes son do Val Mi\u00f1or. Pode haber 4 ou 5 de Vigo, pero case todas son da nosa comarca.<\/p>\n<\/blockquote>\n\n\n\n<p><strong>Como vos financiades?<\/strong><\/p>\n\n\n\n<blockquote class=\"wp-block-quote is-layout-flow wp-block-quote-is-layout-flow\">\n<p>Non \u00e9 f\u00e1cil. N\u00f3s o ano pasado que estabamos en 2\u00ba auton\u00f3mica ti\u00f1amos un orzamento de cerca de 120.000\u20ac. Para cubrir gastos pois: os nosos patrocinadores, subvenci\u00f3ns, \u00e1s cotas dos xogadores, cantina, entradas dos partidos e venda de rifas.<\/p>\n<\/blockquote>\n\n\n\n<p><strong>Que tal se porta o Concello de Gondomar con v\u00f3s?<\/strong><\/p>\n\n\n\n<blockquote class=\"wp-block-quote is-layout-flow wp-block-quote-is-layout-flow\">\n<p>Digamos que ten cousas boas e cousas non tan boas. Vainos facer o campo, pero non comprendo porque nos baixou a subvenci\u00f3n.<\/p>\n<\/blockquote>\n\n\n\n<p><strong>Que tal est\u00e1n as instalaci\u00f3ns actuais?<\/strong><\/p>\n\n\n\n<blockquote class=\"wp-block-quote is-layout-flow wp-block-quote-is-layout-flow\">\n<p>Est\u00e1n antigas e un tanto abandonadas.<\/p>\n<\/blockquote>\n\n\n\n<p><strong>Que \u00e9 o que haber\u00eda que mellorar?<\/strong><\/p>\n\n\n\n<blockquote class=\"wp-block-quote is-layout-flow wp-block-quote-is-layout-flow\">\n<p>Todas as instalaci\u00f3ns.<\/p>\n<\/blockquote>\n\n\n\n<p><strong>Como valoras a vinculaci\u00f3n do pobo e Gondomar co voso equipo?<\/strong><\/p>\n\n\n\n<blockquote class=\"wp-block-quote is-layout-flow wp-block-quote-is-layout-flow\">\n<p>Non hai campo na nosa liga, nin sequera en preferente que se encha tanto como o noso das Gaiandas. Hai un ambiente de f\u00fatbol superlativo.<\/p>\n<\/blockquote>\n\n\n\n<p><strong>Cantas persoas podedes meter nun partido do equipo s\u00e9nior?<\/strong><\/p>\n\n\n\n<blockquote class=\"wp-block-quote is-layout-flow wp-block-quote-is-layout-flow\">\n<p>M\u00ednimo 600. A nosa afecci\u00f3n \u00e9 impresionante. Lembro a fase de ascenso de hai dous anos e chegamos a ir 3 buses a Bueu, e 3 a Tui.<\/p>\n<\/blockquote>\n\n\n\n<p><strong>Cal \u00e9 o voso m\u00e1ximo rival, o equipo contra o que cando xogades, os partidos son de m\u00e1xima tensi\u00f3n?<\/strong><\/p>\n\n\n\n<blockquote class=\"wp-block-quote is-layout-flow wp-block-quote-is-layout-flow\">\n<p>O Erizana.<\/p>\n<\/blockquote>\n\n\n\n<p><strong>F\u00edxate, eu pensei que me \u00edas dicir o Gondomar F\u00fatbol Base<\/strong><\/p>\n\n\n\n<blockquote class=\"wp-block-quote is-layout-flow wp-block-quote-is-layout-flow\">\n<p>E que contra eles s\u00f3 xogamos un ano, s\u00f3 coincidimos un ano na mesma liga, o normal \u00e9 que estean por baixo nosa.<\/p>\n<\/blockquote>\n\n\n\n<p><strong>Pero eses derbis dese ano deberon ser espectaculares&#8230;.<\/strong><\/p>\n\n\n\n<blockquote class=\"wp-block-quote is-layout-flow wp-block-quote-is-layout-flow\">\n<p>Mi\u00f1a nai querida&#8230;.non o sabes ti ben&#8230;<\/p>\n<\/blockquote>\n","protected":false},"excerpt":{"rendered":"<div class=\"mh-excerpt\"><p>O Gondomar CF \u00e9 un dos clubs m\u00e1is antigos de Galicia, despois do Depor e do Ribadeo,fundados respectivamente no 1906 e no 1913, comparte o terceiro postos do podio co R\u00e1pido pois ambos foran fundados no ano 1914. <a class=\"mh-excerpt-more\" href=\"https:\/\/www.anovapeneira.gal\/index.php\/2024\/12\/18\/gondomar-cf\/\" title=\"Gondomar CF\">[&#8230;]<\/a><\/p>\n<\/div>","protected":false},"author":3,"featured_media":12952,"comment_status":"open","ping_status":"open","sticky":false,"template":"","format":"standard","meta":{"_exactmetrics_skip_tracking":false,"_exactmetrics_sitenote_active":false,"_exactmetrics_sitenote_note":"","_exactmetrics_sitenote_category":0,"footnotes":""},"categories":[496],"tags":[149],"class_list":{"0":"post-12951","1":"post","2":"type-post","3":"status-publish","4":"format-standard","5":"has-post-thumbnail","7":"category-val-minor-reportaxes","8":"tag-concello-de-gondomar"},"yoast_head":"<!-- This site is optimized with the Yoast SEO plugin v27.4 - https:\/\/yoast.com\/product\/yoast-seo-wordpress\/ -->\n<title>Gondomar CF -<\/title>\n<meta name=\"robots\" content=\"index, follow, max-snippet:-1, max-image-preview:large, max-video-preview:-1\" \/>\n<link rel=\"canonical\" href=\"https:\/\/www.anovapeneira.gal\/index.php\/2024\/12\/18\/gondomar-cf\/\" \/>\n<meta property=\"og:locale\" content=\"gl_ES\" \/>\n<meta property=\"og:type\" content=\"article\" \/>\n<meta property=\"og:title\" content=\"Gondomar CF -\" \/>\n<meta property=\"og:description\" content=\"O Gondomar CF \u00e9 un dos clubs m\u00e1is antigos de Galicia, despois do Depor e do Ribadeo,fundados respectivamente no 1906 e no 1913, comparte o terceiro postos do podio co R\u00e1pido pois ambos foran fundados no ano 1914. [...]\" \/>\n<meta property=\"og:url\" content=\"https:\/\/www.anovapeneira.gal\/index.php\/2024\/12\/18\/gondomar-cf\/\" \/>\n<meta property=\"article:publisher\" content=\"https:\/\/www.facebook.com\/anovapeneira\" \/>\n<meta property=\"article:published_time\" content=\"2024-12-18T11:00:07+00:00\" \/>\n<meta property=\"og:image\" content=\"https:\/\/www.anovapeneira.gal\/wp-content\/uploads\/2024\/12\/gondomar_Df.png\" \/>\n\t<meta property=\"og:image:width\" content=\"720\" \/>\n\t<meta property=\"og:image:height\" content=\"432\" \/>\n\t<meta property=\"og:image:type\" content=\"image\/png\" \/>\n<meta name=\"author\" content=\"Redacci\u00f3n A Nova Peneira\" \/>\n<meta name=\"twitter:card\" content=\"summary_large_image\" \/>\n<meta name=\"twitter:creator\" content=\"@APeneira\" \/>\n<meta name=\"twitter:site\" content=\"@APeneira\" \/>\n<meta name=\"twitter:label1\" content=\"Escrito por\" \/>\n\t<meta name=\"twitter:data1\" content=\"Redacci\u00f3n A Nova Peneira\" \/>\n\t<meta name=\"twitter:label2\" content=\"Tempo de lectura\" \/>\n\t<meta name=\"twitter:data2\" content=\"4 minutos\" \/>\n<script type=\"application\/ld+json\" class=\"yoast-schema-graph\">{\"@context\":\"https:\\\/\\\/schema.org\",\"@graph\":[{\"@type\":\"Article\",\"@id\":\"https:\\\/\\\/www.anovapeneira.gal\\\/index.php\\\/2024\\\/12\\\/18\\\/gondomar-cf\\\/#article\",\"isPartOf\":{\"@id\":\"https:\\\/\\\/www.anovapeneira.gal\\\/index.php\\\/2024\\\/12\\\/18\\\/gondomar-cf\\\/\"},\"author\":{\"name\":\"Redacci\u00f3n A Nova Peneira\",\"@id\":\"https:\\\/\\\/www.anovapeneira.gal\\\/#\\\/schema\\\/person\\\/b93e3f8932e3f8da96334607eb6ac6aa\"},\"headline\":\"Gondomar CF\",\"datePublished\":\"2024-12-18T11:00:07+00:00\",\"mainEntityOfPage\":{\"@id\":\"https:\\\/\\\/www.anovapeneira.gal\\\/index.php\\\/2024\\\/12\\\/18\\\/gondomar-cf\\\/\"},\"wordCount\":1281,\"commentCount\":0,\"publisher\":{\"@id\":\"https:\\\/\\\/www.anovapeneira.gal\\\/#organization\"},\"image\":{\"@id\":\"https:\\\/\\\/www.anovapeneira.gal\\\/index.php\\\/2024\\\/12\\\/18\\\/gondomar-cf\\\/#primaryimage\"},\"thumbnailUrl\":\"https:\\\/\\\/www.anovapeneira.gal\\\/wp-content\\\/uploads\\\/2024\\\/12\\\/gondomar_Df.png\",\"keywords\":[\"Concello de Gondomar\"],\"articleSection\":[\"Val Mi\u00f1or\"],\"inLanguage\":\"gl-ES\",\"potentialAction\":[{\"@type\":\"CommentAction\",\"name\":\"Comment\",\"target\":[\"https:\\\/\\\/www.anovapeneira.gal\\\/index.php\\\/2024\\\/12\\\/18\\\/gondomar-cf\\\/#respond\"]}]},{\"@type\":\"WebPage\",\"@id\":\"https:\\\/\\\/www.anovapeneira.gal\\\/index.php\\\/2024\\\/12\\\/18\\\/gondomar-cf\\\/\",\"url\":\"https:\\\/\\\/www.anovapeneira.gal\\\/index.php\\\/2024\\\/12\\\/18\\\/gondomar-cf\\\/\",\"name\":\"Gondomar CF -\",\"isPartOf\":{\"@id\":\"https:\\\/\\\/www.anovapeneira.gal\\\/#website\"},\"primaryImageOfPage\":{\"@id\":\"https:\\\/\\\/www.anovapeneira.gal\\\/index.php\\\/2024\\\/12\\\/18\\\/gondomar-cf\\\/#primaryimage\"},\"image\":{\"@id\":\"https:\\\/\\\/www.anovapeneira.gal\\\/index.php\\\/2024\\\/12\\\/18\\\/gondomar-cf\\\/#primaryimage\"},\"thumbnailUrl\":\"https:\\\/\\\/www.anovapeneira.gal\\\/wp-content\\\/uploads\\\/2024\\\/12\\\/gondomar_Df.png\",\"datePublished\":\"2024-12-18T11:00:07+00:00\",\"breadcrumb\":{\"@id\":\"https:\\\/\\\/www.anovapeneira.gal\\\/index.php\\\/2024\\\/12\\\/18\\\/gondomar-cf\\\/#breadcrumb\"},\"inLanguage\":\"gl-ES\",\"potentialAction\":[{\"@type\":\"ReadAction\",\"target\":[\"https:\\\/\\\/www.anovapeneira.gal\\\/index.php\\\/2024\\\/12\\\/18\\\/gondomar-cf\\\/\"]}]},{\"@type\":\"ImageObject\",\"inLanguage\":\"gl-ES\",\"@id\":\"https:\\\/\\\/www.anovapeneira.gal\\\/index.php\\\/2024\\\/12\\\/18\\\/gondomar-cf\\\/#primaryimage\",\"url\":\"https:\\\/\\\/www.anovapeneira.gal\\\/wp-content\\\/uploads\\\/2024\\\/12\\\/gondomar_Df.png\",\"contentUrl\":\"https:\\\/\\\/www.anovapeneira.gal\\\/wp-content\\\/uploads\\\/2024\\\/12\\\/gondomar_Df.png\",\"width\":720,\"height\":432,\"caption\":\"Godomar DF\"},{\"@type\":\"BreadcrumbList\",\"@id\":\"https:\\\/\\\/www.anovapeneira.gal\\\/index.php\\\/2024\\\/12\\\/18\\\/gondomar-cf\\\/#breadcrumb\",\"itemListElement\":[{\"@type\":\"ListItem\",\"position\":1,\"name\":\"Portada\",\"item\":\"https:\\\/\\\/www.anovapeneira.gal\\\/\"},{\"@type\":\"ListItem\",\"position\":2,\"name\":\"Gondomar CF\"}]},{\"@type\":\"WebSite\",\"@id\":\"https:\\\/\\\/www.anovapeneira.gal\\\/#website\",\"url\":\"https:\\\/\\\/www.anovapeneira.gal\\\/\",\"name\":\"\",\"description\":\"Xornal galego de informaci\u00f3n xeral Publicaci\u00f3n mensual de novas de Galicia e en especial dos Concellos da sur da provincia de Pontevedra.\",\"publisher\":{\"@id\":\"https:\\\/\\\/www.anovapeneira.gal\\\/#organization\"},\"potentialAction\":[{\"@type\":\"SearchAction\",\"target\":{\"@type\":\"EntryPoint\",\"urlTemplate\":\"https:\\\/\\\/www.anovapeneira.gal\\\/?s={search_term_string}\"},\"query-input\":{\"@type\":\"PropertyValueSpecification\",\"valueRequired\":true,\"valueName\":\"search_term_string\"}}],\"inLanguage\":\"gl-ES\"},{\"@type\":\"Organization\",\"@id\":\"https:\\\/\\\/www.anovapeneira.gal\\\/#organization\",\"name\":\"A Nova Peneira\",\"url\":\"https:\\\/\\\/www.anovapeneira.gal\\\/\",\"logo\":{\"@type\":\"ImageObject\",\"inLanguage\":\"gl-ES\",\"@id\":\"https:\\\/\\\/www.anovapeneira.gal\\\/#\\\/schema\\\/logo\\\/image\\\/\",\"url\":\"http:\\\/\\\/www.anovapeneira.gal\\\/wp-content\\\/uploads\\\/2019\\\/06\\\/logo_a_nova_peneira_portal_web.png\",\"contentUrl\":\"http:\\\/\\\/www.anovapeneira.gal\\\/wp-content\\\/uploads\\\/2019\\\/06\\\/logo_a_nova_peneira_portal_web.png\",\"width\":300,\"height\":100,\"caption\":\"A Nova Peneira\"},\"image\":{\"@id\":\"https:\\\/\\\/www.anovapeneira.gal\\\/#\\\/schema\\\/logo\\\/image\\\/\"},\"sameAs\":[\"https:\\\/\\\/www.facebook.com\\\/anovapeneira\",\"https:\\\/\\\/x.com\\\/APeneira\"]},{\"@type\":\"Person\",\"@id\":\"https:\\\/\\\/www.anovapeneira.gal\\\/#\\\/schema\\\/person\\\/b93e3f8932e3f8da96334607eb6ac6aa\",\"name\":\"Redacci\u00f3n A Nova Peneira\",\"image\":{\"@type\":\"ImageObject\",\"inLanguage\":\"gl-ES\",\"@id\":\"https:\\\/\\\/secure.gravatar.com\\\/avatar\\\/c052a2551a06e23fac63626232eaa90abd78dbcf1700fc46a2b2c89fd27b735f?s=96&d=mm&r=g\",\"url\":\"https:\\\/\\\/secure.gravatar.com\\\/avatar\\\/c052a2551a06e23fac63626232eaa90abd78dbcf1700fc46a2b2c89fd27b735f?s=96&d=mm&r=g\",\"contentUrl\":\"https:\\\/\\\/secure.gravatar.com\\\/avatar\\\/c052a2551a06e23fac63626232eaa90abd78dbcf1700fc46a2b2c89fd27b735f?s=96&d=mm&r=g\",\"caption\":\"Redacci\u00f3n A Nova Peneira\"},\"sameAs\":[\"http:\\\/\\\/www.anovapeneira.gal\\\/\"],\"url\":\"https:\\\/\\\/www.anovapeneira.gal\\\/index.php\\\/author\\\/redactor\\\/\"}]}<\/script>\n<!-- \/ Yoast SEO plugin. -->","yoast_head_json":{"title":"Gondomar CF -","robots":{"index":"index","follow":"follow","max-snippet":"max-snippet:-1","max-image-preview":"max-image-preview:large","max-video-preview":"max-video-preview:-1"},"canonical":"https:\/\/www.anovapeneira.gal\/index.php\/2024\/12\/18\/gondomar-cf\/","og_locale":"gl_ES","og_type":"article","og_title":"Gondomar CF -","og_description":"O Gondomar CF \u00e9 un dos clubs m\u00e1is antigos de Galicia, despois do Depor e do Ribadeo,fundados respectivamente no 1906 e no 1913, comparte o terceiro postos do podio co R\u00e1pido pois ambos foran fundados no ano 1914. [...]","og_url":"https:\/\/www.anovapeneira.gal\/index.php\/2024\/12\/18\/gondomar-cf\/","article_publisher":"https:\/\/www.facebook.com\/anovapeneira","article_published_time":"2024-12-18T11:00:07+00:00","og_image":[{"width":720,"height":432,"url":"https:\/\/www.anovapeneira.gal\/wp-content\/uploads\/2024\/12\/gondomar_Df.png","type":"image\/png"}],"author":"Redacci\u00f3n A Nova Peneira","twitter_card":"summary_large_image","twitter_creator":"@APeneira","twitter_site":"@APeneira","twitter_misc":{"Escrito por":"Redacci\u00f3n A Nova Peneira","Tempo de lectura":"4 minutos"},"schema":{"@context":"https:\/\/schema.org","@graph":[{"@type":"Article","@id":"https:\/\/www.anovapeneira.gal\/index.php\/2024\/12\/18\/gondomar-cf\/#article","isPartOf":{"@id":"https:\/\/www.anovapeneira.gal\/index.php\/2024\/12\/18\/gondomar-cf\/"},"author":{"name":"Redacci\u00f3n A Nova Peneira","@id":"https:\/\/www.anovapeneira.gal\/#\/schema\/person\/b93e3f8932e3f8da96334607eb6ac6aa"},"headline":"Gondomar CF","datePublished":"2024-12-18T11:00:07+00:00","mainEntityOfPage":{"@id":"https:\/\/www.anovapeneira.gal\/index.php\/2024\/12\/18\/gondomar-cf\/"},"wordCount":1281,"commentCount":0,"publisher":{"@id":"https:\/\/www.anovapeneira.gal\/#organization"},"image":{"@id":"https:\/\/www.anovapeneira.gal\/index.php\/2024\/12\/18\/gondomar-cf\/#primaryimage"},"thumbnailUrl":"https:\/\/www.anovapeneira.gal\/wp-content\/uploads\/2024\/12\/gondomar_Df.png","keywords":["Concello de Gondomar"],"articleSection":["Val Mi\u00f1or"],"inLanguage":"gl-ES","potentialAction":[{"@type":"CommentAction","name":"Comment","target":["https:\/\/www.anovapeneira.gal\/index.php\/2024\/12\/18\/gondomar-cf\/#respond"]}]},{"@type":"WebPage","@id":"https:\/\/www.anovapeneira.gal\/index.php\/2024\/12\/18\/gondomar-cf\/","url":"https:\/\/www.anovapeneira.gal\/index.php\/2024\/12\/18\/gondomar-cf\/","name":"Gondomar CF -","isPartOf":{"@id":"https:\/\/www.anovapeneira.gal\/#website"},"primaryImageOfPage":{"@id":"https:\/\/www.anovapeneira.gal\/index.php\/2024\/12\/18\/gondomar-cf\/#primaryimage"},"image":{"@id":"https:\/\/www.anovapeneira.gal\/index.php\/2024\/12\/18\/gondomar-cf\/#primaryimage"},"thumbnailUrl":"https:\/\/www.anovapeneira.gal\/wp-content\/uploads\/2024\/12\/gondomar_Df.png","datePublished":"2024-12-18T11:00:07+00:00","breadcrumb":{"@id":"https:\/\/www.anovapeneira.gal\/index.php\/2024\/12\/18\/gondomar-cf\/#breadcrumb"},"inLanguage":"gl-ES","potentialAction":[{"@type":"ReadAction","target":["https:\/\/www.anovapeneira.gal\/index.php\/2024\/12\/18\/gondomar-cf\/"]}]},{"@type":"ImageObject","inLanguage":"gl-ES","@id":"https:\/\/www.anovapeneira.gal\/index.php\/2024\/12\/18\/gondomar-cf\/#primaryimage","url":"https:\/\/www.anovapeneira.gal\/wp-content\/uploads\/2024\/12\/gondomar_Df.png","contentUrl":"https:\/\/www.anovapeneira.gal\/wp-content\/uploads\/2024\/12\/gondomar_Df.png","width":720,"height":432,"caption":"Godomar DF"},{"@type":"BreadcrumbList","@id":"https:\/\/www.anovapeneira.gal\/index.php\/2024\/12\/18\/gondomar-cf\/#breadcrumb","itemListElement":[{"@type":"ListItem","position":1,"name":"Portada","item":"https:\/\/www.anovapeneira.gal\/"},{"@type":"ListItem","position":2,"name":"Gondomar CF"}]},{"@type":"WebSite","@id":"https:\/\/www.anovapeneira.gal\/#website","url":"https:\/\/www.anovapeneira.gal\/","name":"","description":"Xornal galego de informaci\u00f3n xeral Publicaci\u00f3n mensual de novas de Galicia e en especial dos Concellos da sur da provincia de Pontevedra.","publisher":{"@id":"https:\/\/www.anovapeneira.gal\/#organization"},"potentialAction":[{"@type":"SearchAction","target":{"@type":"EntryPoint","urlTemplate":"https:\/\/www.anovapeneira.gal\/?s={search_term_string}"},"query-input":{"@type":"PropertyValueSpecification","valueRequired":true,"valueName":"search_term_string"}}],"inLanguage":"gl-ES"},{"@type":"Organization","@id":"https:\/\/www.anovapeneira.gal\/#organization","name":"A Nova Peneira","url":"https:\/\/www.anovapeneira.gal\/","logo":{"@type":"ImageObject","inLanguage":"gl-ES","@id":"https:\/\/www.anovapeneira.gal\/#\/schema\/logo\/image\/","url":"http:\/\/www.anovapeneira.gal\/wp-content\/uploads\/2019\/06\/logo_a_nova_peneira_portal_web.png","contentUrl":"http:\/\/www.anovapeneira.gal\/wp-content\/uploads\/2019\/06\/logo_a_nova_peneira_portal_web.png","width":300,"height":100,"caption":"A Nova Peneira"},"image":{"@id":"https:\/\/www.anovapeneira.gal\/#\/schema\/logo\/image\/"},"sameAs":["https:\/\/www.facebook.com\/anovapeneira","https:\/\/x.com\/APeneira"]},{"@type":"Person","@id":"https:\/\/www.anovapeneira.gal\/#\/schema\/person\/b93e3f8932e3f8da96334607eb6ac6aa","name":"Redacci\u00f3n A Nova Peneira","image":{"@type":"ImageObject","inLanguage":"gl-ES","@id":"https:\/\/secure.gravatar.com\/avatar\/c052a2551a06e23fac63626232eaa90abd78dbcf1700fc46a2b2c89fd27b735f?s=96&d=mm&r=g","url":"https:\/\/secure.gravatar.com\/avatar\/c052a2551a06e23fac63626232eaa90abd78dbcf1700fc46a2b2c89fd27b735f?s=96&d=mm&r=g","contentUrl":"https:\/\/secure.gravatar.com\/avatar\/c052a2551a06e23fac63626232eaa90abd78dbcf1700fc46a2b2c89fd27b735f?s=96&d=mm&r=g","caption":"Redacci\u00f3n A Nova Peneira"},"sameAs":["http:\/\/www.anovapeneira.gal\/"],"url":"https:\/\/www.anovapeneira.gal\/index.php\/author\/redactor\/"}]}},"jetpack_featured_media_url":"https:\/\/www.anovapeneira.gal\/wp-content\/uploads\/2024\/12\/gondomar_Df.png","_links":{"self":[{"href":"https:\/\/www.anovapeneira.gal\/index.php\/wp-json\/wp\/v2\/posts\/12951","targetHints":{"allow":["GET"]}}],"collection":[{"href":"https:\/\/www.anovapeneira.gal\/index.php\/wp-json\/wp\/v2\/posts"}],"about":[{"href":"https:\/\/www.anovapeneira.gal\/index.php\/wp-json\/wp\/v2\/types\/post"}],"author":[{"embeddable":true,"href":"https:\/\/www.anovapeneira.gal\/index.php\/wp-json\/wp\/v2\/users\/3"}],"replies":[{"embeddable":true,"href":"https:\/\/www.anovapeneira.gal\/index.php\/wp-json\/wp\/v2\/comments?post=12951"}],"version-history":[{"count":1,"href":"https:\/\/www.anovapeneira.gal\/index.php\/wp-json\/wp\/v2\/posts\/12951\/revisions"}],"predecessor-version":[{"id":12953,"href":"https:\/\/www.anovapeneira.gal\/index.php\/wp-json\/wp\/v2\/posts\/12951\/revisions\/12953"}],"wp:featuredmedia":[{"embeddable":true,"href":"https:\/\/www.anovapeneira.gal\/index.php\/wp-json\/wp\/v2\/media\/12952"}],"wp:attachment":[{"href":"https:\/\/www.anovapeneira.gal\/index.php\/wp-json\/wp\/v2\/media?parent=12951"}],"wp:term":[{"taxonomy":"category","embeddable":true,"href":"https:\/\/www.anovapeneira.gal\/index.php\/wp-json\/wp\/v2\/categories?post=12951"},{"taxonomy":"post_tag","embeddable":true,"href":"https:\/\/www.anovapeneira.gal\/index.php\/wp-json\/wp\/v2\/tags?post=12951"}],"curies":[{"name":"wp","href":"https:\/\/api.w.org\/{rel}","templated":true}]}}