{"id":12955,"date":"2024-12-19T10:00:19","date_gmt":"2024-12-19T09:00:19","guid":{"rendered":"https:\/\/www.anovapeneira.gal\/?p=12955"},"modified":"2024-12-11T18:25:26","modified_gmt":"2024-12-11T17:25:26","slug":"val-minor","status":"publish","type":"post","link":"https:\/\/www.anovapeneira.gal\/index.php\/2024\/12\/19\/val-minor\/","title":{"rendered":"Val Mi\u00f1or"},"content":{"rendered":"\n<p><strong>Este equipo de Nigr\u00e1n ten un m\u00e9rito estratosf\u00e9rico. Fundado hai relativamente pouco tempo manexa a arredor de 500 licencias e pos\u00fae 32 equipos, alg\u00fans deles disputando as m\u00e1ximas categor\u00edas a nivel estatal. Alex \u00e9 un dos seus directivos , \u00e9 tam\u00e9n adestrador e \u00e9 un dos que comezou, sendo apenas un rapaz que estudaba INEF a andaina deste equipo cuxo cami\u00f1o e o do protagonista da nosa entrevista xa son o mesmo cami\u00f1o, eu creo, esta \u00e9 unha opini\u00f3n subxectiva, para todo o que lle quede de vida a Alex( seguro que moitos anos).<\/strong><\/p>\n\n\n\n<p><strong>Alex Villar directivo e adestrador.<\/strong><\/p>\n\n\n\n<h2 class=\"wp-block-heading\">\u201c <strong>A nosa principal virtude \u00e9 que somos un equipo moi estable\u201d<\/strong><\/h2>\n\n\n\n<p><strong>Imaxino que sendo fillo, como es, dun destacado xogador do Celta o teu v\u00ednculo co f\u00fatbol comezar\u00eda moi pronto?<\/strong><\/p>\n\n\n\n<blockquote class=\"wp-block-quote is-layout-flow wp-block-quote-is-layout-flow\">\n<p>Si, a verdade que si malia que eu ao meu pai como xogador case non o recordo.<\/p>\n<\/blockquote>\n\n\n\n<p><strong>A t\u00faa carreira como futbolista onde se desenvolveu?<\/strong><\/p>\n\n\n\n<blockquote class=\"wp-block-quote is-layout-flow wp-block-quote-is-layout-flow\">\n<p>Case toda no Areosa.<\/p>\n<\/blockquote>\n\n\n\n<p><strong>En que posto xogabas?<\/strong><\/p>\n\n\n\n<blockquote class=\"wp-block-quote is-layout-flow wp-block-quote-is-layout-flow\">\n<p>De medio dereito.<\/p>\n<\/blockquote>\n\n\n\n<p><strong>E que tal eras?<\/strong><\/p>\n\n\n\n<blockquote class=\"wp-block-quote is-layout-flow wp-block-quote-is-layout-flow\">\n<p>Nada f\u00f3ra do normal.<\/p>\n<\/blockquote>\n\n\n\n<p><strong>De que equipo es afeccionado?<\/strong><\/p>\n\n\n\n<blockquote class=\"wp-block-quote is-layout-flow wp-block-quote-is-layout-flow\">\n<p>Do Celta e dos equipos da zona, pero tam\u00e9n do Bar\u00e7a. Para min ser\u00eda imposible non ser do Barcelona, pois te\u00f1o un fillo xogando al\u00ed.<\/p>\n<\/blockquote>\n\n\n\n<p><strong>Veslle posibilidades de chegar?<\/strong><\/p>\n\n\n\n<blockquote class=\"wp-block-quote is-layout-flow wp-block-quote-is-layout-flow\">\n<p>Vamos ver. Do noso equipo sa\u00edron dous xogadores para o Barcelona, o meu fillo e outro rapaz. Ambos te\u00f1en potencial para chegar, si. Pero poder vivir do f\u00fatbol e chegar a elite \u00e9 algo que depende de moitos factores, non s\u00f3 da calidade. Hai xente de moita calidade que por cuesti\u00f3ns diversas non ten a sorte necesaria e non chega<\/p>\n<\/blockquote>\n\n\n\n<p><strong>E a relaci\u00f3n co Val Mi\u00f1or?<\/strong><\/p>\n\n\n\n<blockquote class=\"wp-block-quote is-layout-flow wp-block-quote-is-layout-flow\">\n<p>No ano 96, cando estaba adestrando ao xuvenil do Areosa, comezamos a montar o URECA<\/p>\n<\/blockquote>\n\n\n\n<p><strong>URECA exactamente que \u00e9?<\/strong><\/p>\n\n\n\n<blockquote class=\"wp-block-quote is-layout-flow wp-block-quote-is-layout-flow\">\n<p>Unha asociaci\u00f3n de empregados da antiga Caixa Nova. O presidente, Juan D\u00edaz, por darlle un pouco de vida \u00e1 asociaci\u00f3n montou un Campus e a partir de al\u00ed montouse o equipo. Xunt\u00e1monos catro estudantes de INEF sen moita idea de como montar un equipo de f\u00fatbol pero con toneladas de ilusi\u00f3n e moitas ga\u00f1as de traballar e de facer ben as cousas.<\/p>\n<\/blockquote>\n\n\n\n<p><strong>Como foron evolucionando os acontecementos ata chegar ao Val Mi\u00f1or?<\/strong><\/p>\n\n\n\n<blockquote class=\"wp-block-quote is-layout-flow wp-block-quote-is-layout-flow\">\n<p>N\u00f3s comezamos no ano 96 con 3 equipos, e a cousa foi progresando e montamos m\u00e1is equipo. Decat\u00e1monos de que ti\u00f1amos rapaces de niveis dispares ent\u00f3n comezamos a duplicar equipos e montar A e B e chegou un momento que en URECA non ti\u00f1amos capacidade para meter tantos equipos e podelos adestrar a todos.<\/p>\n<\/blockquote>\n\n\n\n<blockquote class=\"wp-block-quote is-layout-flow wp-block-quote-is-layout-flow\">\n<p>Ata ese momento adestrabamos nas instalaci\u00f3ns de URECA pero os partidos ti\u00f1amos que xogalos en Vigo, no campo de Coia, porque o noso era un campo de f\u00fatbol 9.<\/p>\n<\/blockquote>\n\n\n\n<p><strong>Como resolvestes?<\/strong><\/p>\n\n\n\n<blockquote class=\"wp-block-quote is-layout-flow wp-block-quote-is-layout-flow\">\n<p>Fixeron un campo de herba sint\u00e9tica en URECA e tivemos que ir tam\u00e9n ao campo do Condominguez,que era no que estaba o antigo Priegue que logo se transformou no Nigr\u00e1n, co establecemos unha colaboraci\u00f3n que posteriormente nos fusionariamos n\u00f3s.<\/p>\n<\/blockquote>\n\n\n\n<p><strong>En que ano xorde o equipo co nome de Val Mi\u00f1or?<\/strong><\/p>\n\n\n\n<blockquote class=\"wp-block-quote is-layout-flow wp-block-quote-is-layout-flow\">\n<p>Buffff, non saber\u00eda dicilo con exactitude, pero penso que arredor do 2010.<\/p>\n<\/blockquote>\n\n\n\n<p><strong>Inicialmente s\u00f3 ti\u00f1ades equipos de base, pero agora tam\u00e9n tedes s\u00e9nior, verdade?<\/strong><\/p>\n\n\n\n<blockquote class=\"wp-block-quote is-layout-flow wp-block-quote-is-layout-flow\">\n<p>Si, desde antes da Pandemia.<\/p>\n<\/blockquote>\n\n\n\n<p><strong>Cal foi o motivo do cambio de nome?<\/strong><\/p>\n\n\n\n<blockquote class=\"wp-block-quote is-layout-flow wp-block-quote-is-layout-flow\">\n<p>Abrirnos e sa\u00edr de que nos asociasen s\u00f3 con URECA. A vinculaci\u00f3n con URECA segue a ser moi forte, o noso presidente foi inicialmente presidente de URECA pero xa nos sentimos un equipo de Nigr\u00e1n.<\/p>\n<\/blockquote>\n\n\n\n<p><strong>Cantos equipos tendes?<\/strong><\/p>\n\n\n\n<blockquote class=\"wp-block-quote is-layout-flow wp-block-quote-is-layout-flow\">\n<p>32<\/p>\n<\/blockquote>\n\n\n\n<p><strong>Cantas licencias?<\/strong><\/p>\n\n\n\n<blockquote class=\"wp-block-quote is-layout-flow wp-block-quote-is-layout-flow\">\n<p>Arredor de 500<\/p>\n<\/blockquote>\n\n\n\n<p><strong>Todos os equipos son masculinos ou alg\u00fan feminino?<\/strong><\/p>\n\n\n\n<blockquote class=\"wp-block-quote is-layout-flow wp-block-quote-is-layout-flow\">\n<p>Todos son masculinos, temos algunhas nenas mesturadas nalg\u00fans equipos.<\/p>\n<\/blockquote>\n\n\n\n<p><strong>Cantas?<\/strong><\/p>\n\n\n\n<blockquote class=\"wp-block-quote is-layout-flow wp-block-quote-is-layout-flow\">\n<p>Poucas, arredor de 10.<\/p>\n<\/blockquote>\n\n\n\n<p><strong>Por que non montades un equipo feminino?<\/strong><\/p>\n\n\n\n<blockquote class=\"wp-block-quote is-layout-flow wp-block-quote-is-layout-flow\">\n<p>\u00c9 algo que est\u00e1 no noso debe, desde logo que si. De feito o presidente m\u00e9tenos presi\u00f3n para que o fagamos. Se cadra os problemas maiores son os dos espazos, estamos saturados, e de que temos unha carga de traballo tan inmensa, a ra\u00edz da dimensi\u00f3n tan grande que colleu o club, que non \u00e9 nada doado.<\/p>\n<\/blockquote>\n\n\n\n<p><strong>Os arredor de 500 futbolistas que tendes de onde son?<\/strong><\/p>\n\n\n\n<blockquote class=\"wp-block-quote is-layout-flow wp-block-quote-is-layout-flow\">\n<p>Entre 130 e 150 son do Concello de Nigr\u00e1n, arredor de 100 m\u00e1is son das outras d\u00faas localidades da nosa comarca, de Gondomar e de Baiona. Tam\u00e9n temos moitos rapaces de Vigo, logo alg\u00fans de localidades m\u00faltiples.<\/p>\n<\/blockquote>\n\n\n\n<p><strong>Cal \u00e9 o voso uniforme?<\/strong><\/p>\n\n\n\n<blockquote class=\"wp-block-quote is-layout-flow wp-block-quote-is-layout-flow\">\n<p>Camiseta e medias brancas e pantal\u00f3n vermello.<\/p>\n<\/blockquote>\n\n\n\n<p><strong>Como vos financiades?<\/strong><\/p>\n\n\n\n<blockquote class=\"wp-block-quote is-layout-flow wp-block-quote-is-layout-flow\">\n<p>Coa cota que pagan os rapaces, coas subvenci\u00f3ns, coa cantina cos valados publicitarios e coa venda dalgunha rifa.<\/p>\n<\/blockquote>\n\n\n\n<p><strong>Con iso chega para cubrir os gastos de 32 equipos e 500 licencias?<\/strong><\/p>\n\n\n\n<blockquote class=\"wp-block-quote is-layout-flow wp-block-quote-is-layout-flow\">\n<p>Chega con sufrimento.<\/p>\n<\/blockquote>\n\n\n\n<p><strong>Que tal se porta o concello de Nigr\u00e1n con v\u00f3s?<\/strong><\/p>\n\n\n\n<blockquote class=\"wp-block-quote is-layout-flow wp-block-quote-is-layout-flow\">\n<p>Temos o campo municipal, e dannos unha subvenci\u00f3n. Estamos moi agradecidos. Pero a achega econ\u00f3mica a n\u00f3s c\u00fabrenos unha parte moi pequena do noso presuposto.<\/p>\n<\/blockquote>\n\n\n\n<p><strong>Tedes varios equipos na elite, que compiten na divisi\u00f3n de honra?<\/strong><\/p>\n\n\n\n<blockquote class=\"wp-block-quote is-layout-flow wp-block-quote-is-layout-flow\">\n<p>Si.<\/p>\n<\/blockquote>\n\n\n\n<p><strong>Por exemplo, o equipo xuvenil, ata one se te\u00f1en que desprazar os rapaces a xogar?<\/strong><\/p>\n\n\n\n<blockquote class=\"wp-block-quote is-layout-flow wp-block-quote-is-layout-flow\">\n<p>Ata Santander<\/p>\n<\/blockquote>\n\n\n\n<p><strong>Que tal vai o xuvenil?<\/strong><\/p>\n\n\n\n<blockquote class=\"wp-block-quote is-layout-flow wp-block-quote-is-layout-flow\">\n<p>Comezamos moi ben pero desinfl\u00e1monos un pouco.<\/p>\n<\/blockquote>\n\n\n\n<p><strong>O equipo s\u00e9nior en que divisi\u00f3n compite?<\/strong><\/p>\n\n\n\n<blockquote class=\"wp-block-quote is-layout-flow wp-block-quote-is-layout-flow\">\n<p>Estamos na parte alta de 1\u00ba auton\u00f3mica<\/p>\n<\/blockquote>\n\n\n\n<p><strong>Hai opci\u00f3ns reais de pelexar por xogar a fase de ascenso a preferente?<\/strong><\/p>\n\n\n\n<blockquote class=\"wp-block-quote is-layout-flow wp-block-quote-is-layout-flow\">\n<p>Si, si que as hai.<\/p>\n<\/blockquote>\n\n\n\n<p><strong>O Erizana e o Gondomar comparten categor\u00eda con v\u00f3s. Cal \u00e9 o voso principal rival deportivo?<\/strong><\/p>\n\n\n\n<blockquote class=\"wp-block-quote is-layout-flow wp-block-quote-is-layout-flow\">\n<p>Nos s\u00e9nior con estes dous equipos que mencionas. E nos xuven\u00eds o noso derbi \u00e9 co Celta.<\/p>\n<\/blockquote>\n\n\n\n<p><strong>V\u00f3s sodes un equipo con relativamente pouco tempo de Vida&#8230;e tedes 32 equipos, 500 licencias, un equipo s\u00e9nior con opci\u00f3ns reais de subir a preferente varios conxuntos de base xogando en divisi\u00f3ns de honra. Outros conxuntos con moita m\u00e1is historia c\u00e1 vosa non deron acadado cifras desa dimensi\u00f3n nunca. Cal \u00e9 o segredo?<\/strong><\/p>\n\n\n\n<blockquote class=\"wp-block-quote is-layout-flow wp-block-quote-is-layout-flow\">\n<p>Eu creo que nosa principal virtude \u00e9 que somos un equipo moi estable. A verdade non foi algo que buscaramos, comezamos con moitas ga\u00f1as e ilusi\u00f3n e imaxino que fariamos ben as cousas. Agora ben, nada disto poder\u00eda ser posible sen a lucidez e a sensatez do noso presidente.<\/p>\n<\/blockquote>\n\n\n\n<p><strong>Pola vosas ringleiras pasaron alg\u00fans xogadores que chegaron a elite do f\u00fatbol, verdade?<\/strong><\/p>\n\n\n\n<blockquote class=\"wp-block-quote is-layout-flow wp-block-quote-is-layout-flow\">\n<p>Si. Os primeiros foron Tiago e Rafinha,os fillos de Mazinho, e Rodrigo Machado. Foi unha lotar\u00eda que nos tocou. Estiveron un ao e pico e logo xa os ficharon<\/p>\n<\/blockquote>\n\n\n\n<p><strong>Ti l\u00e9mbraste deles xogando que n\u00f3s?<\/strong><\/p>\n\n\n\n<blockquote class=\"wp-block-quote is-layout-flow wp-block-quote-is-layout-flow\">\n<p>Claro que me lembro, \u00e9 algo inesquecible. Cada partido era alucinante e Tiago, por exemplo,ten feito cousas de absoluto esc\u00e1ndalo. A\u00ednda hoxe, nalg\u00fan campo nos lembran alg\u00fan dos seus momentos m\u00e1xicos. Do nos equipo tam\u00e9n sa\u00edu Santi Comesa\u00f1a, que est\u00e1 agora no Villarreal. Xa de neno apuntaba un nive f\u00f3ra do normal.<\/p>\n<\/blockquote>\n\n\n\n<p><strong>Que tal \u00e9 a afecci\u00f3n do Val Mi\u00f1or?<\/strong><\/p>\n\n\n\n<blockquote class=\"wp-block-quote is-layout-flow wp-block-quote-is-layout-flow\">\n<p>Normalmente xorde a partir das familias pero cada d\u00eda \u00e9 m\u00e1is numerosa. Pero en Nigr\u00e1n non hai unha afecci\u00f3n estratosf\u00e9rica pois non hai unha tradici\u00f3n moi grande de f\u00fatbol.<\/p>\n<\/blockquote>\n","protected":false},"excerpt":{"rendered":"<div class=\"mh-excerpt\"><p>Este equipo de Nigr\u00e1n ten un m\u00e9rito estratosf\u00e9rico. Fundado hai relativamente pouco tempo manexa a arredor de 500 licencias e pos\u00fae 32 equipos, alg\u00fans deles disputando as m\u00e1ximas categor\u00edas a nivel estatal. Alex \u00e9 un <a class=\"mh-excerpt-more\" href=\"https:\/\/www.anovapeneira.gal\/index.php\/2024\/12\/19\/val-minor\/\" title=\"Val Mi\u00f1or\">[&#8230;]<\/a><\/p>\n<\/div>","protected":false},"author":3,"featured_media":12956,"comment_status":"open","ping_status":"open","sticky":false,"template":"","format":"standard","meta":{"_exactmetrics_skip_tracking":false,"_exactmetrics_sitenote_active":false,"_exactmetrics_sitenote_note":"","_exactmetrics_sitenote_category":0,"footnotes":""},"categories":[496],"tags":[135],"class_list":{"0":"post-12955","1":"post","2":"type-post","3":"status-publish","4":"format-standard","5":"has-post-thumbnail","7":"category-val-minor-reportaxes","8":"tag-concello-de-nigran"},"yoast_head":"<!-- This site is optimized with the Yoast SEO plugin v27.4 - https:\/\/yoast.com\/product\/yoast-seo-wordpress\/ -->\n<title>Val Mi\u00f1or -<\/title>\n<meta name=\"robots\" content=\"index, follow, max-snippet:-1, max-image-preview:large, max-video-preview:-1\" \/>\n<link rel=\"canonical\" href=\"https:\/\/www.anovapeneira.gal\/index.php\/2024\/12\/19\/val-minor\/\" \/>\n<meta property=\"og:locale\" content=\"gl_ES\" \/>\n<meta property=\"og:type\" content=\"article\" \/>\n<meta property=\"og:title\" content=\"Val Mi\u00f1or -\" \/>\n<meta property=\"og:description\" content=\"Este equipo de Nigr\u00e1n ten un m\u00e9rito estratosf\u00e9rico. Fundado hai relativamente pouco tempo manexa a arredor de 500 licencias e pos\u00fae 32 equipos, alg\u00fans deles disputando as m\u00e1ximas categor\u00edas a nivel estatal. Alex \u00e9 un [...]\" \/>\n<meta property=\"og:url\" content=\"https:\/\/www.anovapeneira.gal\/index.php\/2024\/12\/19\/val-minor\/\" \/>\n<meta property=\"article:publisher\" content=\"https:\/\/www.facebook.com\/anovapeneira\" \/>\n<meta property=\"article:published_time\" content=\"2024-12-19T09:00:19+00:00\" \/>\n<meta property=\"og:image\" content=\"https:\/\/www.anovapeneira.gal\/wp-content\/uploads\/2024\/12\/val_minor.png\" \/>\n\t<meta property=\"og:image:width\" content=\"720\" \/>\n\t<meta property=\"og:image:height\" content=\"432\" \/>\n\t<meta property=\"og:image:type\" content=\"image\/png\" \/>\n<meta name=\"author\" content=\"Redacci\u00f3n A Nova Peneira\" \/>\n<meta name=\"twitter:card\" content=\"summary_large_image\" \/>\n<meta name=\"twitter:creator\" content=\"@APeneira\" \/>\n<meta name=\"twitter:site\" content=\"@APeneira\" \/>\n<meta name=\"twitter:label1\" content=\"Escrito por\" \/>\n\t<meta name=\"twitter:data1\" content=\"Redacci\u00f3n A Nova Peneira\" \/>\n\t<meta name=\"twitter:label2\" content=\"Tempo de lectura\" \/>\n\t<meta name=\"twitter:data2\" content=\"3 minutos\" \/>\n<script type=\"application\/ld+json\" class=\"yoast-schema-graph\">{\"@context\":\"https:\\\/\\\/schema.org\",\"@graph\":[{\"@type\":\"Article\",\"@id\":\"https:\\\/\\\/www.anovapeneira.gal\\\/index.php\\\/2024\\\/12\\\/19\\\/val-minor\\\/#article\",\"isPartOf\":{\"@id\":\"https:\\\/\\\/www.anovapeneira.gal\\\/index.php\\\/2024\\\/12\\\/19\\\/val-minor\\\/\"},\"author\":{\"name\":\"Redacci\u00f3n A Nova Peneira\",\"@id\":\"https:\\\/\\\/www.anovapeneira.gal\\\/#\\\/schema\\\/person\\\/b93e3f8932e3f8da96334607eb6ac6aa\"},\"headline\":\"Val Mi\u00f1or\",\"datePublished\":\"2024-12-19T09:00:19+00:00\",\"mainEntityOfPage\":{\"@id\":\"https:\\\/\\\/www.anovapeneira.gal\\\/index.php\\\/2024\\\/12\\\/19\\\/val-minor\\\/\"},\"wordCount\":1230,\"commentCount\":0,\"publisher\":{\"@id\":\"https:\\\/\\\/www.anovapeneira.gal\\\/#organization\"},\"image\":{\"@id\":\"https:\\\/\\\/www.anovapeneira.gal\\\/index.php\\\/2024\\\/12\\\/19\\\/val-minor\\\/#primaryimage\"},\"thumbnailUrl\":\"https:\\\/\\\/www.anovapeneira.gal\\\/wp-content\\\/uploads\\\/2024\\\/12\\\/val_minor.png\",\"keywords\":[\"Concello de Nigr\u00e1n\"],\"articleSection\":[\"Val Mi\u00f1or\"],\"inLanguage\":\"gl-ES\",\"potentialAction\":[{\"@type\":\"CommentAction\",\"name\":\"Comment\",\"target\":[\"https:\\\/\\\/www.anovapeneira.gal\\\/index.php\\\/2024\\\/12\\\/19\\\/val-minor\\\/#respond\"]}]},{\"@type\":\"WebPage\",\"@id\":\"https:\\\/\\\/www.anovapeneira.gal\\\/index.php\\\/2024\\\/12\\\/19\\\/val-minor\\\/\",\"url\":\"https:\\\/\\\/www.anovapeneira.gal\\\/index.php\\\/2024\\\/12\\\/19\\\/val-minor\\\/\",\"name\":\"Val Mi\u00f1or -\",\"isPartOf\":{\"@id\":\"https:\\\/\\\/www.anovapeneira.gal\\\/#website\"},\"primaryImageOfPage\":{\"@id\":\"https:\\\/\\\/www.anovapeneira.gal\\\/index.php\\\/2024\\\/12\\\/19\\\/val-minor\\\/#primaryimage\"},\"image\":{\"@id\":\"https:\\\/\\\/www.anovapeneira.gal\\\/index.php\\\/2024\\\/12\\\/19\\\/val-minor\\\/#primaryimage\"},\"thumbnailUrl\":\"https:\\\/\\\/www.anovapeneira.gal\\\/wp-content\\\/uploads\\\/2024\\\/12\\\/val_minor.png\",\"datePublished\":\"2024-12-19T09:00:19+00:00\",\"breadcrumb\":{\"@id\":\"https:\\\/\\\/www.anovapeneira.gal\\\/index.php\\\/2024\\\/12\\\/19\\\/val-minor\\\/#breadcrumb\"},\"inLanguage\":\"gl-ES\",\"potentialAction\":[{\"@type\":\"ReadAction\",\"target\":[\"https:\\\/\\\/www.anovapeneira.gal\\\/index.php\\\/2024\\\/12\\\/19\\\/val-minor\\\/\"]}]},{\"@type\":\"ImageObject\",\"inLanguage\":\"gl-ES\",\"@id\":\"https:\\\/\\\/www.anovapeneira.gal\\\/index.php\\\/2024\\\/12\\\/19\\\/val-minor\\\/#primaryimage\",\"url\":\"https:\\\/\\\/www.anovapeneira.gal\\\/wp-content\\\/uploads\\\/2024\\\/12\\\/val_minor.png\",\"contentUrl\":\"https:\\\/\\\/www.anovapeneira.gal\\\/wp-content\\\/uploads\\\/2024\\\/12\\\/val_minor.png\",\"width\":720,\"height\":432,\"caption\":\"Equipo Valmi\u00f1or\"},{\"@type\":\"BreadcrumbList\",\"@id\":\"https:\\\/\\\/www.anovapeneira.gal\\\/index.php\\\/2024\\\/12\\\/19\\\/val-minor\\\/#breadcrumb\",\"itemListElement\":[{\"@type\":\"ListItem\",\"position\":1,\"name\":\"Portada\",\"item\":\"https:\\\/\\\/www.anovapeneira.gal\\\/\"},{\"@type\":\"ListItem\",\"position\":2,\"name\":\"Val Mi\u00f1or\"}]},{\"@type\":\"WebSite\",\"@id\":\"https:\\\/\\\/www.anovapeneira.gal\\\/#website\",\"url\":\"https:\\\/\\\/www.anovapeneira.gal\\\/\",\"name\":\"\",\"description\":\"Xornal galego de informaci\u00f3n xeral Publicaci\u00f3n mensual de novas de Galicia e en especial dos Concellos da sur da provincia de Pontevedra.\",\"publisher\":{\"@id\":\"https:\\\/\\\/www.anovapeneira.gal\\\/#organization\"},\"potentialAction\":[{\"@type\":\"SearchAction\",\"target\":{\"@type\":\"EntryPoint\",\"urlTemplate\":\"https:\\\/\\\/www.anovapeneira.gal\\\/?s={search_term_string}\"},\"query-input\":{\"@type\":\"PropertyValueSpecification\",\"valueRequired\":true,\"valueName\":\"search_term_string\"}}],\"inLanguage\":\"gl-ES\"},{\"@type\":\"Organization\",\"@id\":\"https:\\\/\\\/www.anovapeneira.gal\\\/#organization\",\"name\":\"A Nova Peneira\",\"url\":\"https:\\\/\\\/www.anovapeneira.gal\\\/\",\"logo\":{\"@type\":\"ImageObject\",\"inLanguage\":\"gl-ES\",\"@id\":\"https:\\\/\\\/www.anovapeneira.gal\\\/#\\\/schema\\\/logo\\\/image\\\/\",\"url\":\"http:\\\/\\\/www.anovapeneira.gal\\\/wp-content\\\/uploads\\\/2019\\\/06\\\/logo_a_nova_peneira_portal_web.png\",\"contentUrl\":\"http:\\\/\\\/www.anovapeneira.gal\\\/wp-content\\\/uploads\\\/2019\\\/06\\\/logo_a_nova_peneira_portal_web.png\",\"width\":300,\"height\":100,\"caption\":\"A Nova Peneira\"},\"image\":{\"@id\":\"https:\\\/\\\/www.anovapeneira.gal\\\/#\\\/schema\\\/logo\\\/image\\\/\"},\"sameAs\":[\"https:\\\/\\\/www.facebook.com\\\/anovapeneira\",\"https:\\\/\\\/x.com\\\/APeneira\"]},{\"@type\":\"Person\",\"@id\":\"https:\\\/\\\/www.anovapeneira.gal\\\/#\\\/schema\\\/person\\\/b93e3f8932e3f8da96334607eb6ac6aa\",\"name\":\"Redacci\u00f3n A Nova Peneira\",\"image\":{\"@type\":\"ImageObject\",\"inLanguage\":\"gl-ES\",\"@id\":\"https:\\\/\\\/secure.gravatar.com\\\/avatar\\\/c052a2551a06e23fac63626232eaa90abd78dbcf1700fc46a2b2c89fd27b735f?s=96&d=mm&r=g\",\"url\":\"https:\\\/\\\/secure.gravatar.com\\\/avatar\\\/c052a2551a06e23fac63626232eaa90abd78dbcf1700fc46a2b2c89fd27b735f?s=96&d=mm&r=g\",\"contentUrl\":\"https:\\\/\\\/secure.gravatar.com\\\/avatar\\\/c052a2551a06e23fac63626232eaa90abd78dbcf1700fc46a2b2c89fd27b735f?s=96&d=mm&r=g\",\"caption\":\"Redacci\u00f3n A Nova Peneira\"},\"sameAs\":[\"http:\\\/\\\/www.anovapeneira.gal\\\/\"],\"url\":\"https:\\\/\\\/www.anovapeneira.gal\\\/index.php\\\/author\\\/redactor\\\/\"}]}<\/script>\n<!-- \/ Yoast SEO plugin. -->","yoast_head_json":{"title":"Val Mi\u00f1or -","robots":{"index":"index","follow":"follow","max-snippet":"max-snippet:-1","max-image-preview":"max-image-preview:large","max-video-preview":"max-video-preview:-1"},"canonical":"https:\/\/www.anovapeneira.gal\/index.php\/2024\/12\/19\/val-minor\/","og_locale":"gl_ES","og_type":"article","og_title":"Val Mi\u00f1or -","og_description":"Este equipo de Nigr\u00e1n ten un m\u00e9rito estratosf\u00e9rico. Fundado hai relativamente pouco tempo manexa a arredor de 500 licencias e pos\u00fae 32 equipos, alg\u00fans deles disputando as m\u00e1ximas categor\u00edas a nivel estatal. Alex \u00e9 un [...]","og_url":"https:\/\/www.anovapeneira.gal\/index.php\/2024\/12\/19\/val-minor\/","article_publisher":"https:\/\/www.facebook.com\/anovapeneira","article_published_time":"2024-12-19T09:00:19+00:00","og_image":[{"width":720,"height":432,"url":"https:\/\/www.anovapeneira.gal\/wp-content\/uploads\/2024\/12\/val_minor.png","type":"image\/png"}],"author":"Redacci\u00f3n A Nova Peneira","twitter_card":"summary_large_image","twitter_creator":"@APeneira","twitter_site":"@APeneira","twitter_misc":{"Escrito por":"Redacci\u00f3n A Nova Peneira","Tempo de lectura":"3 minutos"},"schema":{"@context":"https:\/\/schema.org","@graph":[{"@type":"Article","@id":"https:\/\/www.anovapeneira.gal\/index.php\/2024\/12\/19\/val-minor\/#article","isPartOf":{"@id":"https:\/\/www.anovapeneira.gal\/index.php\/2024\/12\/19\/val-minor\/"},"author":{"name":"Redacci\u00f3n A Nova Peneira","@id":"https:\/\/www.anovapeneira.gal\/#\/schema\/person\/b93e3f8932e3f8da96334607eb6ac6aa"},"headline":"Val Mi\u00f1or","datePublished":"2024-12-19T09:00:19+00:00","mainEntityOfPage":{"@id":"https:\/\/www.anovapeneira.gal\/index.php\/2024\/12\/19\/val-minor\/"},"wordCount":1230,"commentCount":0,"publisher":{"@id":"https:\/\/www.anovapeneira.gal\/#organization"},"image":{"@id":"https:\/\/www.anovapeneira.gal\/index.php\/2024\/12\/19\/val-minor\/#primaryimage"},"thumbnailUrl":"https:\/\/www.anovapeneira.gal\/wp-content\/uploads\/2024\/12\/val_minor.png","keywords":["Concello de Nigr\u00e1n"],"articleSection":["Val Mi\u00f1or"],"inLanguage":"gl-ES","potentialAction":[{"@type":"CommentAction","name":"Comment","target":["https:\/\/www.anovapeneira.gal\/index.php\/2024\/12\/19\/val-minor\/#respond"]}]},{"@type":"WebPage","@id":"https:\/\/www.anovapeneira.gal\/index.php\/2024\/12\/19\/val-minor\/","url":"https:\/\/www.anovapeneira.gal\/index.php\/2024\/12\/19\/val-minor\/","name":"Val Mi\u00f1or -","isPartOf":{"@id":"https:\/\/www.anovapeneira.gal\/#website"},"primaryImageOfPage":{"@id":"https:\/\/www.anovapeneira.gal\/index.php\/2024\/12\/19\/val-minor\/#primaryimage"},"image":{"@id":"https:\/\/www.anovapeneira.gal\/index.php\/2024\/12\/19\/val-minor\/#primaryimage"},"thumbnailUrl":"https:\/\/www.anovapeneira.gal\/wp-content\/uploads\/2024\/12\/val_minor.png","datePublished":"2024-12-19T09:00:19+00:00","breadcrumb":{"@id":"https:\/\/www.anovapeneira.gal\/index.php\/2024\/12\/19\/val-minor\/#breadcrumb"},"inLanguage":"gl-ES","potentialAction":[{"@type":"ReadAction","target":["https:\/\/www.anovapeneira.gal\/index.php\/2024\/12\/19\/val-minor\/"]}]},{"@type":"ImageObject","inLanguage":"gl-ES","@id":"https:\/\/www.anovapeneira.gal\/index.php\/2024\/12\/19\/val-minor\/#primaryimage","url":"https:\/\/www.anovapeneira.gal\/wp-content\/uploads\/2024\/12\/val_minor.png","contentUrl":"https:\/\/www.anovapeneira.gal\/wp-content\/uploads\/2024\/12\/val_minor.png","width":720,"height":432,"caption":"Equipo Valmi\u00f1or"},{"@type":"BreadcrumbList","@id":"https:\/\/www.anovapeneira.gal\/index.php\/2024\/12\/19\/val-minor\/#breadcrumb","itemListElement":[{"@type":"ListItem","position":1,"name":"Portada","item":"https:\/\/www.anovapeneira.gal\/"},{"@type":"ListItem","position":2,"name":"Val Mi\u00f1or"}]},{"@type":"WebSite","@id":"https:\/\/www.anovapeneira.gal\/#website","url":"https:\/\/www.anovapeneira.gal\/","name":"","description":"Xornal galego de informaci\u00f3n xeral Publicaci\u00f3n mensual de novas de Galicia e en especial dos Concellos da sur da provincia de Pontevedra.","publisher":{"@id":"https:\/\/www.anovapeneira.gal\/#organization"},"potentialAction":[{"@type":"SearchAction","target":{"@type":"EntryPoint","urlTemplate":"https:\/\/www.anovapeneira.gal\/?s={search_term_string}"},"query-input":{"@type":"PropertyValueSpecification","valueRequired":true,"valueName":"search_term_string"}}],"inLanguage":"gl-ES"},{"@type":"Organization","@id":"https:\/\/www.anovapeneira.gal\/#organization","name":"A Nova Peneira","url":"https:\/\/www.anovapeneira.gal\/","logo":{"@type":"ImageObject","inLanguage":"gl-ES","@id":"https:\/\/www.anovapeneira.gal\/#\/schema\/logo\/image\/","url":"http:\/\/www.anovapeneira.gal\/wp-content\/uploads\/2019\/06\/logo_a_nova_peneira_portal_web.png","contentUrl":"http:\/\/www.anovapeneira.gal\/wp-content\/uploads\/2019\/06\/logo_a_nova_peneira_portal_web.png","width":300,"height":100,"caption":"A Nova Peneira"},"image":{"@id":"https:\/\/www.anovapeneira.gal\/#\/schema\/logo\/image\/"},"sameAs":["https:\/\/www.facebook.com\/anovapeneira","https:\/\/x.com\/APeneira"]},{"@type":"Person","@id":"https:\/\/www.anovapeneira.gal\/#\/schema\/person\/b93e3f8932e3f8da96334607eb6ac6aa","name":"Redacci\u00f3n A Nova Peneira","image":{"@type":"ImageObject","inLanguage":"gl-ES","@id":"https:\/\/secure.gravatar.com\/avatar\/c052a2551a06e23fac63626232eaa90abd78dbcf1700fc46a2b2c89fd27b735f?s=96&d=mm&r=g","url":"https:\/\/secure.gravatar.com\/avatar\/c052a2551a06e23fac63626232eaa90abd78dbcf1700fc46a2b2c89fd27b735f?s=96&d=mm&r=g","contentUrl":"https:\/\/secure.gravatar.com\/avatar\/c052a2551a06e23fac63626232eaa90abd78dbcf1700fc46a2b2c89fd27b735f?s=96&d=mm&r=g","caption":"Redacci\u00f3n A Nova Peneira"},"sameAs":["http:\/\/www.anovapeneira.gal\/"],"url":"https:\/\/www.anovapeneira.gal\/index.php\/author\/redactor\/"}]}},"jetpack_featured_media_url":"https:\/\/www.anovapeneira.gal\/wp-content\/uploads\/2024\/12\/val_minor.png","_links":{"self":[{"href":"https:\/\/www.anovapeneira.gal\/index.php\/wp-json\/wp\/v2\/posts\/12955","targetHints":{"allow":["GET"]}}],"collection":[{"href":"https:\/\/www.anovapeneira.gal\/index.php\/wp-json\/wp\/v2\/posts"}],"about":[{"href":"https:\/\/www.anovapeneira.gal\/index.php\/wp-json\/wp\/v2\/types\/post"}],"author":[{"embeddable":true,"href":"https:\/\/www.anovapeneira.gal\/index.php\/wp-json\/wp\/v2\/users\/3"}],"replies":[{"embeddable":true,"href":"https:\/\/www.anovapeneira.gal\/index.php\/wp-json\/wp\/v2\/comments?post=12955"}],"version-history":[{"count":1,"href":"https:\/\/www.anovapeneira.gal\/index.php\/wp-json\/wp\/v2\/posts\/12955\/revisions"}],"predecessor-version":[{"id":12957,"href":"https:\/\/www.anovapeneira.gal\/index.php\/wp-json\/wp\/v2\/posts\/12955\/revisions\/12957"}],"wp:featuredmedia":[{"embeddable":true,"href":"https:\/\/www.anovapeneira.gal\/index.php\/wp-json\/wp\/v2\/media\/12956"}],"wp:attachment":[{"href":"https:\/\/www.anovapeneira.gal\/index.php\/wp-json\/wp\/v2\/media?parent=12955"}],"wp:term":[{"taxonomy":"category","embeddable":true,"href":"https:\/\/www.anovapeneira.gal\/index.php\/wp-json\/wp\/v2\/categories?post=12955"},{"taxonomy":"post_tag","embeddable":true,"href":"https:\/\/www.anovapeneira.gal\/index.php\/wp-json\/wp\/v2\/tags?post=12955"}],"curies":[{"name":"wp","href":"https:\/\/api.w.org\/{rel}","templated":true}]}}