{"id":12961,"date":"2024-12-20T10:00:59","date_gmt":"2024-12-20T09:00:59","guid":{"rendered":"https:\/\/www.anovapeneira.gal\/?p=12961"},"modified":"2024-12-11T18:28:25","modified_gmt":"2024-12-11T17:28:25","slug":"miguelino-chiguagua","status":"publish","type":"post","link":"https:\/\/www.anovapeneira.gal\/index.php\/2024\/12\/20\/miguelino-chiguagua\/","title":{"rendered":"Migueli\u00f1o Chiguagua"},"content":{"rendered":"\n<figure class=\"wp-block-image size-full is-resized\"><img loading=\"lazy\" decoding=\"async\" width=\"190\" height=\"222\" src=\"https:\/\/www.anovapeneira.gal\/wp-content\/uploads\/2020\/03\/mestre_ceip_salvaterra_a_nova_peneira.jpg\" alt=\"Xo\u00e1n Carlos Caballero\" class=\"wp-image-2693\" style=\"width:85px;height:auto\"\/><figcaption class=\"wp-element-caption\">Xo\u00e1n Carlos Caballero\n&#8211; Mestre no CEIP de Salvaterra<\/figcaption><\/figure>\n\n\n\n<p>Ata hai nada hab\u00eda na casa tres cans adoptados. Badi, que faleceu e ti\u00f1a nome canino, era o \u00fanico equilibrado emocionalmente. Os outros dous vi\u00f1an bautizados segundo o santoral cat\u00f3lico, Pucho (Jos\u00e9) e Dal\u00ed (Salvador). Ambos chegaron traumatizados. Pensei que co paso de tempo o seu comportamento ir\u00eda mellorando pero iso non aconteceu.<\/p>\n\n\n\n<p>Si Pucho ve un hom\u00ednido b\u00f3tase a el, Dal\u00ed, en cambio, fuxe despavorido. Hai tempo que me rolda pola cabeza a idea de que a humanofobia que padecen comezou o d\u00eda no que se decataron da orixe dos seus respectivos nomes.<\/p>\n\n\n\n<p>Aqueles b\u00edpedes, que os humillan lanz\u00e1ndolles paus para que llos traian de volta, que lles obrigan a sentarse cando non lles apetece, a darlles a man unha e outra vez, a aprender idiomas para que comprendan expresi\u00f3ns como: seat down, shut up, come here, que os mutilan cort\u00e1ndolles os test\u00edculos para que se porten ben ou que lles amputan o rabo, porque segundo o seu criterio est\u00e1n m\u00e1is guapos, son os mesmos que consideran un insulto chamarlle a algu\u00e9n \u201cperro\u201d.<\/p>\n\n\n\n<p>O exemplo m\u00e1is co\u00f1ecido, pola nosa tan evolucionada especie, \u00e9 o famoso Perro S\u00e1nchez. Perro como compendio de ladr\u00f3n, corrupto, mentireiro, etc. Econom\u00eda neoliberal aplicada ao c\u00f3digo ling\u00fc\u00edstico.<\/p>\n\n\n\n<p>Outro caso co\u00f1ecido foi o do exministro Francisco \u00c1lvarez Cascos ao que os socialistas adic\u00e1ronlle un v\u00eddeo no que o identificaban cun d\u00f3berman porque ao parecer ladraba en vez de falar. Curioso detalle o de po\u00f1erlle nomes de razas de cans pac\u00edficos a persoas agresivas, cando son os humanos os que converten a animais d\u00f3ciles en bestas feroces.<\/p>\n\n\n\n<p>O Partido Popular tachounos de canallas, pero non tardaron en contraatacar pouco despois con outro v\u00eddeo, cuxas imaxes mostraban cans enfurecidos aos que comparaba cos socialistas.<\/p>\n\n\n\n<p>Na actualidade o home duro do parlamento \u00e9 Miguel Tellado, canonizado por Feijoo, pero sen caninizar polos medios de comunicaci\u00f3n nin polos rivais pol\u00edticos.<\/p>\n\n\n\n<p>Int\u00fao que m\u00e1is pronto que tarde un intr\u00e9pido xornalista ou ocorrente pol\u00edtico sumarase a esa tendencia tan inxusta de po\u00f1erlle nomes perrunos a sus se\u00f1or\u00edas.<\/p>\n\n\n\n<p>O chiguagua poder\u00eda ser unha opci\u00f3n, xa que adoita ser un can agresivo por herdanza xen\u00e9tica, pero moi fiel ao seu amo. Precisamente, ambas caracter\u00edsticas, son as que aproveita Feijoo cando lle lanza paus \u00e1 bancada do goberno para que Migueli\u00f1o llos traia de volta, ensanguentados a poder ser.<\/p>\n","protected":false},"excerpt":{"rendered":"<div class=\"mh-excerpt\"><p>Ata hai nada hab\u00eda na casa tres cans adoptados. Badi, que faleceu e ti\u00f1a nome canino, era o \u00fanico equilibrado emocionalmente. Os outros dous vi\u00f1an bautizados segundo o santoral cat\u00f3lico, Pucho (Jos\u00e9) e Dal\u00ed (Salvador). <a class=\"mh-excerpt-more\" href=\"https:\/\/www.anovapeneira.gal\/index.php\/2024\/12\/20\/miguelino-chiguagua\/\" title=\"Migueli\u00f1o Chiguagua\">[&#8230;]<\/a><\/p>\n<\/div>","protected":false},"author":22,"featured_media":584,"comment_status":"open","ping_status":"open","sticky":false,"template":"","format":"standard","meta":{"_exactmetrics_skip_tracking":false,"_exactmetrics_sitenote_active":false,"_exactmetrics_sitenote_note":"","_exactmetrics_sitenote_category":0,"footnotes":""},"categories":[7],"tags":[],"class_list":{"0":"post-12961","1":"post","2":"type-post","3":"status-publish","4":"format-standard","5":"has-post-thumbnail","7":"category-artigos-de-opinion"},"yoast_head":"<!-- This site is optimized with the Yoast SEO plugin v27.4 - https:\/\/yoast.com\/product\/yoast-seo-wordpress\/ -->\n<title>Migueli\u00f1o Chiguagua -<\/title>\n<meta name=\"robots\" content=\"index, follow, max-snippet:-1, max-image-preview:large, max-video-preview:-1\" \/>\n<link rel=\"canonical\" href=\"https:\/\/www.anovapeneira.gal\/index.php\/2024\/12\/20\/miguelino-chiguagua\/\" \/>\n<meta property=\"og:locale\" content=\"gl_ES\" \/>\n<meta property=\"og:type\" content=\"article\" \/>\n<meta property=\"og:title\" content=\"Migueli\u00f1o Chiguagua -\" \/>\n<meta property=\"og:description\" content=\"Ata hai nada hab\u00eda na casa tres cans adoptados. Badi, que faleceu e ti\u00f1a nome canino, era o \u00fanico equilibrado emocionalmente. Os outros dous vi\u00f1an bautizados segundo o santoral cat\u00f3lico, Pucho (Jos\u00e9) e Dal\u00ed (Salvador). [...]\" \/>\n<meta property=\"og:url\" content=\"https:\/\/www.anovapeneira.gal\/index.php\/2024\/12\/20\/miguelino-chiguagua\/\" \/>\n<meta property=\"article:publisher\" content=\"https:\/\/www.facebook.com\/anovapeneira\" \/>\n<meta property=\"article:published_time\" content=\"2024-12-20T09:00:59+00:00\" \/>\n<meta property=\"og:image\" content=\"https:\/\/www.anovapeneira.gal\/wp-content\/uploads\/2019\/07\/ARTIGO_DE_OPINION_A_NOVA_PENEIRA.jpg\" \/>\n\t<meta property=\"og:image:width\" content=\"720\" \/>\n\t<meta property=\"og:image:height\" content=\"473\" \/>\n\t<meta property=\"og:image:type\" content=\"image\/jpeg\" \/>\n<meta name=\"author\" content=\"Xo\u00e1n Carlos Caballero\" \/>\n<meta name=\"twitter:card\" content=\"summary_large_image\" \/>\n<meta name=\"twitter:image\" content=\"https:\/\/www.anovapeneira.gal\/wp-content\/uploads\/2019\/07\/ARTIGO_DE_OPINION_A_NOVA_PENEIRA.jpg\" \/>\n<meta name=\"twitter:creator\" content=\"@APeneira\" \/>\n<meta name=\"twitter:site\" content=\"@APeneira\" \/>\n<meta name=\"twitter:label1\" content=\"Escrito por\" \/>\n\t<meta name=\"twitter:data1\" content=\"Xo\u00e1n Carlos Caballero\" \/>\n\t<meta name=\"twitter:label2\" content=\"Tempo de lectura\" \/>\n\t<meta name=\"twitter:data2\" content=\"3 minutos\" \/>\n<script type=\"application\/ld+json\" class=\"yoast-schema-graph\">{\"@context\":\"https:\\\/\\\/schema.org\",\"@graph\":[{\"@type\":\"Article\",\"@id\":\"https:\\\/\\\/www.anovapeneira.gal\\\/index.php\\\/2024\\\/12\\\/20\\\/miguelino-chiguagua\\\/#article\",\"isPartOf\":{\"@id\":\"https:\\\/\\\/www.anovapeneira.gal\\\/index.php\\\/2024\\\/12\\\/20\\\/miguelino-chiguagua\\\/\"},\"author\":{\"name\":\"Xo\u00e1n Carlos Caballero\",\"@id\":\"https:\\\/\\\/www.anovapeneira.gal\\\/#\\\/schema\\\/person\\\/1b50ea4c70279e2639668c02bf1674e5\"},\"headline\":\"Migueli\u00f1o Chiguagua\",\"datePublished\":\"2024-12-20T09:00:59+00:00\",\"mainEntityOfPage\":{\"@id\":\"https:\\\/\\\/www.anovapeneira.gal\\\/index.php\\\/2024\\\/12\\\/20\\\/miguelino-chiguagua\\\/\"},\"wordCount\":439,\"commentCount\":0,\"publisher\":{\"@id\":\"https:\\\/\\\/www.anovapeneira.gal\\\/#organization\"},\"image\":{\"@id\":\"https:\\\/\\\/www.anovapeneira.gal\\\/index.php\\\/2024\\\/12\\\/20\\\/miguelino-chiguagua\\\/#primaryimage\"},\"thumbnailUrl\":\"https:\\\/\\\/www.anovapeneira.gal\\\/wp-content\\\/uploads\\\/2019\\\/07\\\/ARTIGO_DE_OPINION_A_NOVA_PENEIRA.jpg\",\"articleSection\":[\"Artigos de opini\u00f3n\"],\"inLanguage\":\"gl-ES\",\"potentialAction\":[{\"@type\":\"CommentAction\",\"name\":\"Comment\",\"target\":[\"https:\\\/\\\/www.anovapeneira.gal\\\/index.php\\\/2024\\\/12\\\/20\\\/miguelino-chiguagua\\\/#respond\"]}]},{\"@type\":\"WebPage\",\"@id\":\"https:\\\/\\\/www.anovapeneira.gal\\\/index.php\\\/2024\\\/12\\\/20\\\/miguelino-chiguagua\\\/\",\"url\":\"https:\\\/\\\/www.anovapeneira.gal\\\/index.php\\\/2024\\\/12\\\/20\\\/miguelino-chiguagua\\\/\",\"name\":\"Migueli\u00f1o Chiguagua -\",\"isPartOf\":{\"@id\":\"https:\\\/\\\/www.anovapeneira.gal\\\/#website\"},\"primaryImageOfPage\":{\"@id\":\"https:\\\/\\\/www.anovapeneira.gal\\\/index.php\\\/2024\\\/12\\\/20\\\/miguelino-chiguagua\\\/#primaryimage\"},\"image\":{\"@id\":\"https:\\\/\\\/www.anovapeneira.gal\\\/index.php\\\/2024\\\/12\\\/20\\\/miguelino-chiguagua\\\/#primaryimage\"},\"thumbnailUrl\":\"https:\\\/\\\/www.anovapeneira.gal\\\/wp-content\\\/uploads\\\/2019\\\/07\\\/ARTIGO_DE_OPINION_A_NOVA_PENEIRA.jpg\",\"datePublished\":\"2024-12-20T09:00:59+00:00\",\"breadcrumb\":{\"@id\":\"https:\\\/\\\/www.anovapeneira.gal\\\/index.php\\\/2024\\\/12\\\/20\\\/miguelino-chiguagua\\\/#breadcrumb\"},\"inLanguage\":\"gl-ES\",\"potentialAction\":[{\"@type\":\"ReadAction\",\"target\":[\"https:\\\/\\\/www.anovapeneira.gal\\\/index.php\\\/2024\\\/12\\\/20\\\/miguelino-chiguagua\\\/\"]}]},{\"@type\":\"ImageObject\",\"inLanguage\":\"gl-ES\",\"@id\":\"https:\\\/\\\/www.anovapeneira.gal\\\/index.php\\\/2024\\\/12\\\/20\\\/miguelino-chiguagua\\\/#primaryimage\",\"url\":\"https:\\\/\\\/www.anovapeneira.gal\\\/wp-content\\\/uploads\\\/2019\\\/07\\\/ARTIGO_DE_OPINION_A_NOVA_PENEIRA.jpg\",\"contentUrl\":\"https:\\\/\\\/www.anovapeneira.gal\\\/wp-content\\\/uploads\\\/2019\\\/07\\\/ARTIGO_DE_OPINION_A_NOVA_PENEIRA.jpg\",\"width\":720,\"height\":473,\"caption\":\"Artigo de opini\u00f3n A Nova Peneira\"},{\"@type\":\"BreadcrumbList\",\"@id\":\"https:\\\/\\\/www.anovapeneira.gal\\\/index.php\\\/2024\\\/12\\\/20\\\/miguelino-chiguagua\\\/#breadcrumb\",\"itemListElement\":[{\"@type\":\"ListItem\",\"position\":1,\"name\":\"Portada\",\"item\":\"https:\\\/\\\/www.anovapeneira.gal\\\/\"},{\"@type\":\"ListItem\",\"position\":2,\"name\":\"Migueli\u00f1o Chiguagua\"}]},{\"@type\":\"WebSite\",\"@id\":\"https:\\\/\\\/www.anovapeneira.gal\\\/#website\",\"url\":\"https:\\\/\\\/www.anovapeneira.gal\\\/\",\"name\":\"\",\"description\":\"Xornal galego de informaci\u00f3n xeral Publicaci\u00f3n mensual de novas de Galicia e en especial dos Concellos da sur da provincia de Pontevedra.\",\"publisher\":{\"@id\":\"https:\\\/\\\/www.anovapeneira.gal\\\/#organization\"},\"potentialAction\":[{\"@type\":\"SearchAction\",\"target\":{\"@type\":\"EntryPoint\",\"urlTemplate\":\"https:\\\/\\\/www.anovapeneira.gal\\\/?s={search_term_string}\"},\"query-input\":{\"@type\":\"PropertyValueSpecification\",\"valueRequired\":true,\"valueName\":\"search_term_string\"}}],\"inLanguage\":\"gl-ES\"},{\"@type\":\"Organization\",\"@id\":\"https:\\\/\\\/www.anovapeneira.gal\\\/#organization\",\"name\":\"A Nova Peneira\",\"url\":\"https:\\\/\\\/www.anovapeneira.gal\\\/\",\"logo\":{\"@type\":\"ImageObject\",\"inLanguage\":\"gl-ES\",\"@id\":\"https:\\\/\\\/www.anovapeneira.gal\\\/#\\\/schema\\\/logo\\\/image\\\/\",\"url\":\"http:\\\/\\\/www.anovapeneira.gal\\\/wp-content\\\/uploads\\\/2019\\\/06\\\/logo_a_nova_peneira_portal_web.png\",\"contentUrl\":\"http:\\\/\\\/www.anovapeneira.gal\\\/wp-content\\\/uploads\\\/2019\\\/06\\\/logo_a_nova_peneira_portal_web.png\",\"width\":300,\"height\":100,\"caption\":\"A Nova Peneira\"},\"image\":{\"@id\":\"https:\\\/\\\/www.anovapeneira.gal\\\/#\\\/schema\\\/logo\\\/image\\\/\"},\"sameAs\":[\"https:\\\/\\\/www.facebook.com\\\/anovapeneira\",\"https:\\\/\\\/x.com\\\/APeneira\"]},{\"@type\":\"Person\",\"@id\":\"https:\\\/\\\/www.anovapeneira.gal\\\/#\\\/schema\\\/person\\\/1b50ea4c70279e2639668c02bf1674e5\",\"name\":\"Xo\u00e1n Carlos Caballero\",\"image\":{\"@type\":\"ImageObject\",\"inLanguage\":\"gl-ES\",\"@id\":\"https:\\\/\\\/secure.gravatar.com\\\/avatar\\\/3527a74f68662d57f3183bf223473824f80a9c34a28b750bb59badaf22fb2f38?s=96&d=mm&r=g\",\"url\":\"https:\\\/\\\/secure.gravatar.com\\\/avatar\\\/3527a74f68662d57f3183bf223473824f80a9c34a28b750bb59badaf22fb2f38?s=96&d=mm&r=g\",\"contentUrl\":\"https:\\\/\\\/secure.gravatar.com\\\/avatar\\\/3527a74f68662d57f3183bf223473824f80a9c34a28b750bb59badaf22fb2f38?s=96&d=mm&r=g\",\"caption\":\"Xo\u00e1n Carlos Caballero\"},\"sameAs\":[\"http:\\\/\\\/anovapeneira.gal\"],\"url\":\"https:\\\/\\\/www.anovapeneira.gal\\\/index.php\\\/author\\\/xoan-carlos-caballero\\\/\"}]}<\/script>\n<!-- \/ Yoast SEO plugin. -->","yoast_head_json":{"title":"Migueli\u00f1o Chiguagua -","robots":{"index":"index","follow":"follow","max-snippet":"max-snippet:-1","max-image-preview":"max-image-preview:large","max-video-preview":"max-video-preview:-1"},"canonical":"https:\/\/www.anovapeneira.gal\/index.php\/2024\/12\/20\/miguelino-chiguagua\/","og_locale":"gl_ES","og_type":"article","og_title":"Migueli\u00f1o Chiguagua -","og_description":"Ata hai nada hab\u00eda na casa tres cans adoptados. Badi, que faleceu e ti\u00f1a nome canino, era o \u00fanico equilibrado emocionalmente. Os outros dous vi\u00f1an bautizados segundo o santoral cat\u00f3lico, Pucho (Jos\u00e9) e Dal\u00ed (Salvador). [...]","og_url":"https:\/\/www.anovapeneira.gal\/index.php\/2024\/12\/20\/miguelino-chiguagua\/","article_publisher":"https:\/\/www.facebook.com\/anovapeneira","article_published_time":"2024-12-20T09:00:59+00:00","og_image":[{"width":720,"height":473,"url":"https:\/\/www.anovapeneira.gal\/wp-content\/uploads\/2019\/07\/ARTIGO_DE_OPINION_A_NOVA_PENEIRA.jpg","type":"image\/jpeg"}],"author":"Xo\u00e1n Carlos Caballero","twitter_card":"summary_large_image","twitter_image":"https:\/\/www.anovapeneira.gal\/wp-content\/uploads\/2019\/07\/ARTIGO_DE_OPINION_A_NOVA_PENEIRA.jpg","twitter_creator":"@APeneira","twitter_site":"@APeneira","twitter_misc":{"Escrito por":"Xo\u00e1n Carlos Caballero","Tempo de lectura":"3 minutos"},"schema":{"@context":"https:\/\/schema.org","@graph":[{"@type":"Article","@id":"https:\/\/www.anovapeneira.gal\/index.php\/2024\/12\/20\/miguelino-chiguagua\/#article","isPartOf":{"@id":"https:\/\/www.anovapeneira.gal\/index.php\/2024\/12\/20\/miguelino-chiguagua\/"},"author":{"name":"Xo\u00e1n Carlos Caballero","@id":"https:\/\/www.anovapeneira.gal\/#\/schema\/person\/1b50ea4c70279e2639668c02bf1674e5"},"headline":"Migueli\u00f1o Chiguagua","datePublished":"2024-12-20T09:00:59+00:00","mainEntityOfPage":{"@id":"https:\/\/www.anovapeneira.gal\/index.php\/2024\/12\/20\/miguelino-chiguagua\/"},"wordCount":439,"commentCount":0,"publisher":{"@id":"https:\/\/www.anovapeneira.gal\/#organization"},"image":{"@id":"https:\/\/www.anovapeneira.gal\/index.php\/2024\/12\/20\/miguelino-chiguagua\/#primaryimage"},"thumbnailUrl":"https:\/\/www.anovapeneira.gal\/wp-content\/uploads\/2019\/07\/ARTIGO_DE_OPINION_A_NOVA_PENEIRA.jpg","articleSection":["Artigos de opini\u00f3n"],"inLanguage":"gl-ES","potentialAction":[{"@type":"CommentAction","name":"Comment","target":["https:\/\/www.anovapeneira.gal\/index.php\/2024\/12\/20\/miguelino-chiguagua\/#respond"]}]},{"@type":"WebPage","@id":"https:\/\/www.anovapeneira.gal\/index.php\/2024\/12\/20\/miguelino-chiguagua\/","url":"https:\/\/www.anovapeneira.gal\/index.php\/2024\/12\/20\/miguelino-chiguagua\/","name":"Migueli\u00f1o Chiguagua -","isPartOf":{"@id":"https:\/\/www.anovapeneira.gal\/#website"},"primaryImageOfPage":{"@id":"https:\/\/www.anovapeneira.gal\/index.php\/2024\/12\/20\/miguelino-chiguagua\/#primaryimage"},"image":{"@id":"https:\/\/www.anovapeneira.gal\/index.php\/2024\/12\/20\/miguelino-chiguagua\/#primaryimage"},"thumbnailUrl":"https:\/\/www.anovapeneira.gal\/wp-content\/uploads\/2019\/07\/ARTIGO_DE_OPINION_A_NOVA_PENEIRA.jpg","datePublished":"2024-12-20T09:00:59+00:00","breadcrumb":{"@id":"https:\/\/www.anovapeneira.gal\/index.php\/2024\/12\/20\/miguelino-chiguagua\/#breadcrumb"},"inLanguage":"gl-ES","potentialAction":[{"@type":"ReadAction","target":["https:\/\/www.anovapeneira.gal\/index.php\/2024\/12\/20\/miguelino-chiguagua\/"]}]},{"@type":"ImageObject","inLanguage":"gl-ES","@id":"https:\/\/www.anovapeneira.gal\/index.php\/2024\/12\/20\/miguelino-chiguagua\/#primaryimage","url":"https:\/\/www.anovapeneira.gal\/wp-content\/uploads\/2019\/07\/ARTIGO_DE_OPINION_A_NOVA_PENEIRA.jpg","contentUrl":"https:\/\/www.anovapeneira.gal\/wp-content\/uploads\/2019\/07\/ARTIGO_DE_OPINION_A_NOVA_PENEIRA.jpg","width":720,"height":473,"caption":"Artigo de opini\u00f3n A Nova Peneira"},{"@type":"BreadcrumbList","@id":"https:\/\/www.anovapeneira.gal\/index.php\/2024\/12\/20\/miguelino-chiguagua\/#breadcrumb","itemListElement":[{"@type":"ListItem","position":1,"name":"Portada","item":"https:\/\/www.anovapeneira.gal\/"},{"@type":"ListItem","position":2,"name":"Migueli\u00f1o Chiguagua"}]},{"@type":"WebSite","@id":"https:\/\/www.anovapeneira.gal\/#website","url":"https:\/\/www.anovapeneira.gal\/","name":"","description":"Xornal galego de informaci\u00f3n xeral Publicaci\u00f3n mensual de novas de Galicia e en especial dos Concellos da sur da provincia de Pontevedra.","publisher":{"@id":"https:\/\/www.anovapeneira.gal\/#organization"},"potentialAction":[{"@type":"SearchAction","target":{"@type":"EntryPoint","urlTemplate":"https:\/\/www.anovapeneira.gal\/?s={search_term_string}"},"query-input":{"@type":"PropertyValueSpecification","valueRequired":true,"valueName":"search_term_string"}}],"inLanguage":"gl-ES"},{"@type":"Organization","@id":"https:\/\/www.anovapeneira.gal\/#organization","name":"A Nova Peneira","url":"https:\/\/www.anovapeneira.gal\/","logo":{"@type":"ImageObject","inLanguage":"gl-ES","@id":"https:\/\/www.anovapeneira.gal\/#\/schema\/logo\/image\/","url":"http:\/\/www.anovapeneira.gal\/wp-content\/uploads\/2019\/06\/logo_a_nova_peneira_portal_web.png","contentUrl":"http:\/\/www.anovapeneira.gal\/wp-content\/uploads\/2019\/06\/logo_a_nova_peneira_portal_web.png","width":300,"height":100,"caption":"A Nova Peneira"},"image":{"@id":"https:\/\/www.anovapeneira.gal\/#\/schema\/logo\/image\/"},"sameAs":["https:\/\/www.facebook.com\/anovapeneira","https:\/\/x.com\/APeneira"]},{"@type":"Person","@id":"https:\/\/www.anovapeneira.gal\/#\/schema\/person\/1b50ea4c70279e2639668c02bf1674e5","name":"Xo\u00e1n Carlos Caballero","image":{"@type":"ImageObject","inLanguage":"gl-ES","@id":"https:\/\/secure.gravatar.com\/avatar\/3527a74f68662d57f3183bf223473824f80a9c34a28b750bb59badaf22fb2f38?s=96&d=mm&r=g","url":"https:\/\/secure.gravatar.com\/avatar\/3527a74f68662d57f3183bf223473824f80a9c34a28b750bb59badaf22fb2f38?s=96&d=mm&r=g","contentUrl":"https:\/\/secure.gravatar.com\/avatar\/3527a74f68662d57f3183bf223473824f80a9c34a28b750bb59badaf22fb2f38?s=96&d=mm&r=g","caption":"Xo\u00e1n Carlos Caballero"},"sameAs":["http:\/\/anovapeneira.gal"],"url":"https:\/\/www.anovapeneira.gal\/index.php\/author\/xoan-carlos-caballero\/"}]}},"jetpack_featured_media_url":"https:\/\/www.anovapeneira.gal\/wp-content\/uploads\/2019\/07\/ARTIGO_DE_OPINION_A_NOVA_PENEIRA.jpg","_links":{"self":[{"href":"https:\/\/www.anovapeneira.gal\/index.php\/wp-json\/wp\/v2\/posts\/12961","targetHints":{"allow":["GET"]}}],"collection":[{"href":"https:\/\/www.anovapeneira.gal\/index.php\/wp-json\/wp\/v2\/posts"}],"about":[{"href":"https:\/\/www.anovapeneira.gal\/index.php\/wp-json\/wp\/v2\/types\/post"}],"author":[{"embeddable":true,"href":"https:\/\/www.anovapeneira.gal\/index.php\/wp-json\/wp\/v2\/users\/22"}],"replies":[{"embeddable":true,"href":"https:\/\/www.anovapeneira.gal\/index.php\/wp-json\/wp\/v2\/comments?post=12961"}],"version-history":[{"count":1,"href":"https:\/\/www.anovapeneira.gal\/index.php\/wp-json\/wp\/v2\/posts\/12961\/revisions"}],"predecessor-version":[{"id":12962,"href":"https:\/\/www.anovapeneira.gal\/index.php\/wp-json\/wp\/v2\/posts\/12961\/revisions\/12962"}],"wp:featuredmedia":[{"embeddable":true,"href":"https:\/\/www.anovapeneira.gal\/index.php\/wp-json\/wp\/v2\/media\/584"}],"wp:attachment":[{"href":"https:\/\/www.anovapeneira.gal\/index.php\/wp-json\/wp\/v2\/media?parent=12961"}],"wp:term":[{"taxonomy":"category","embeddable":true,"href":"https:\/\/www.anovapeneira.gal\/index.php\/wp-json\/wp\/v2\/categories?post=12961"},{"taxonomy":"post_tag","embeddable":true,"href":"https:\/\/www.anovapeneira.gal\/index.php\/wp-json\/wp\/v2\/tags?post=12961"}],"curies":[{"name":"wp","href":"https:\/\/api.w.org\/{rel}","templated":true}]}}