{"id":12963,"date":"2024-12-20T12:00:16","date_gmt":"2024-12-20T11:00:16","guid":{"rendered":"https:\/\/www.anovapeneira.gal\/?p=12963"},"modified":"2024-12-11T18:31:48","modified_gmt":"2024-12-11T17:31:48","slug":"carlos-callon-autor-de-o-libro-negro-da-lingua-galega","status":"publish","type":"post","link":"https:\/\/www.anovapeneira.gal\/index.php\/2024\/12\/20\/carlos-callon-autor-de-o-libro-negro-da-lingua-galega\/","title":{"rendered":"Carlos Call\u00f3n autor de \u201cO libro negro da lingua galega\u201d"},"content":{"rendered":"\n<p><strong>Neste contexto no que o IGE ven de p\u00f3r negro sobre branco os datos que amosan o terrible estado de sa\u00fade do idioma galego, o traballo activista de persoas como o fil\u00f3logo Carlos Call\u00f3n \u00e9 de enorme importancia para a vida da lingua galega, como o \u00e9 o aire que respira a auga que bebe ou as palabras de acougo e tenrura que poida recibir para a vida de calquera persoa. E a nosa obriga, a obriga de todas as que amamos que os fillos das nosas fillas poidan vivir unha vida plena no idioma no que a viviron os pais das nosas nais, \u00e9 a de darlles voz, a Carlos Call\u00f3n e aos milleiros de homes e mulleres que, como Carlos, dan o mellor de si para que as 1.000 primaveras m\u00e1is para o idioma galego sexan de verdade.<\/strong><\/p>\n\n\n\n<h2 class=\"wp-block-heading\">\u201c <strong>Quen goberna a Xunta nestes momentos \u00e9 unha calamidade para o pais e para a nosa fala\u201d<\/strong><\/h2>\n\n\n\n<p><strong>Para que non te co\u00f1eza, Carlos, f\u00e1lanos un pouco de ti mesmo: de onde es?, cal \u00e9 a t\u00faa formaci\u00f3n? a t\u00faa traxectoria profesional? e a que te dedicas na actualidade?<\/strong><\/p>\n\n\n\n<blockquote class=\"wp-block-quote is-layout-flow wp-block-quote-is-layout-flow\">\n<p>Nac\u00edn en Ribeira no ano 78. Son doutor en Filolox\u00edas Galega e Portuguesa e, despois de estar uns anos a traballar en Lisboa, na actualidade son profesor no instituto San Clemente de Santiago de Compostela. Escribo ensaio e poes\u00eda, e dedico moito do meu tempo ao activismo por un mundo mellor, dentro do cal incl\u00fao o traballo polos nosos dereitos ling\u00fc\u00edsticos.<\/p>\n<\/blockquote>\n\n\n\n<p><strong>Libros polos que tes diversos premios, entre eles o premio Vicente Risco das Ciencias Sociais ou o da Cr\u00edtica de Investigaci\u00f3n.<\/strong><\/p>\n\n\n\n<blockquote class=\"wp-block-quote is-layout-flow wp-block-quote-is-layout-flow\">\n<p>Nos meus ensaios tento achegarme a alg\u00fan \u00e1ngulo da verdade que non estea a ser moi atendido e sobre o que eu sinta curiosidade. Moitas veces son traballos ling\u00fc\u00edsticos, mais non s\u00f3. Por exemplo, o premio Vicente Risco que citaches foi para unha investigaci\u00f3n sobre a diversidade afectiva e sexual no pasado. Agora, en xaneiro de 2025, vou publicar un libro que \u00e9 continuaci\u00f3n, que se vai titular <em>Vidas e historias LGBT da Idade Media<\/em>. Penso que moitas persoas van ficar sorprendidas con alg\u00fans documentos que al\u00ed aparecen.<\/p>\n<\/blockquote>\n\n\n\n<p><strong>E no caso de \u201cO libro Negro da Lingua galega\u201d, que foi o que che motivou a escribilo?<\/strong><\/p>\n\n\n\n<blockquote class=\"wp-block-quote is-layout-flow wp-block-quote-is-layout-flow\">\n<p>Existe unha certa idea de que o galego tivo problemas no pasado, mais non se terminan de nomear cales son esas dificultades. Entend\u00edn que era preciso documentar o mellor pos\u00edbel a historia de silenciamento da nosa lingua, tanto para tomarmos consciencia como para axudar a que o galego recupere o dereito de domicilio na s\u00faa propia casa.<\/p>\n<\/blockquote>\n\n\n\n<p><strong>Cal \u00e9 a mensaxe que che gustar\u00eda que tirase un lector ou lectora despois de ler \u201cO libro negro da lingua galega\u201d?<\/strong><\/p>\n\n\n\n<blockquote class=\"wp-block-quote is-layout-flow wp-block-quote-is-layout-flow\">\n<p>Que entenda que a perda do galego non \u00e9 en absoluto espont\u00e1nea, sen\u00f3n que foi e \u00e9 dirixida, e tam\u00e9n que vexa como, \u00e1 beira das historias m\u00e1is feas de represi\u00f3n do galego, hai tam\u00e9n as vidas lindas de moitas persoas que continuaron a turrar pola nosa cultura mesmo nas situaci\u00f3ns m\u00e1is dif\u00edciles.<\/p>\n<\/blockquote>\n\n\n\n<p><strong>Cantas presentaci\u00f3ns tes feito nestes dous anos, creo que un feixe delas?<\/strong><\/p>\n\n\n\n<blockquote class=\"wp-block-quote is-layout-flow wp-block-quote-is-layout-flow\">\n<p>Imos cami\u00f1o das cen, tanto en diferentes puntos de Galiza como tam\u00e9n noutros lugares de f\u00f3ra, como Lisboa, Bruxelas, Rio de Janeiro, Niter\u00f3i, Madrid, Salvador, Bilbao, Gasteiz&#8230; Hai fame de saber m\u00e1is sobre a historia da nosa lingua. No primeiro mes de estar na r\u00faa xa tivemos que facer a segunda edici\u00f3n.<\/p>\n<\/blockquote>\n\n\n\n<p><strong>Chegaches a contabilizar os quil\u00f3metros que tes percorrido desde o 2022 s\u00f3 nas presentaci\u00f3ns do libro?<\/strong><\/p>\n\n\n\n<blockquote class=\"wp-block-quote is-layout-flow wp-block-quote-is-layout-flow\">\n<p>Nunca o pensei neses termos, mais a t\u00faa pregunta faime ter gana de coller Google Maps e botar as contas! Cando estreei o libro estaba a vivir en Lisboa e daquela ti\u00f1a que vir de seguido \u00e1s presentaci\u00f3ns a Galiza. Foi un esforzo econ\u00f3mico e persoal moi importante, mais valeu a pena. Eu gosto moito desa frase que di que todo o que se faga por Galiza \u00e9 sementeira. Hai que sementar. Se non o facemos n\u00f3s, quen o vai facer?<\/p>\n<\/blockquote>\n\n\n\n<p><strong>Que receptividade encontras no p\u00fablico que acode a te escoitar cando presentas o libro?<\/strong><\/p>\n\n\n\n<blockquote class=\"wp-block-quote is-layout-flow wp-block-quote-is-layout-flow\">\n<p>Sinto acollida, tanto intelectual como emotiva. En moitas presentaci\u00f3ns, a xente emoci\u00f3nase e comeza a contar as s\u00faas propias vivencias sobre a represi\u00f3n do noso idioma. Unha persoa contou que de pequeno estaba nun internado e o castigaban toda a noite de xeonllos, cos brazos en cruz se o escoitaban falar en galego. Vivencias como esta contan moitas persoas nas presentaci\u00f3ns, mesmo dar\u00edan para que cada unha delas escribise un libro.<\/p>\n<\/blockquote>\n\n\n\n<p><strong>Honestamente, Carlos, o libro chega \u00e1 sociedade galega en xeral ou s\u00f3 aos segmentos que xa estamos a priori afectivamente vencellados e vencelladas coa conservaci\u00f3n do idioma galego como lingua viva?<\/strong><\/p>\n\n\n\n<blockquote class=\"wp-block-quote is-layout-flow wp-block-quote-is-layout-flow\">\n<p>Para moi foi moi importante en todo o momento que non fose un libro para gardar nunha estante, sen\u00f3n que fose unha obra viva. Exixinme a min mesmo un rigor escrupuloso, para que se vise ben de onde vi\u00f1a cada dato, mais tam\u00e9n tentei redixilo de forma que fose o m\u00e1is f\u00e1cil pos\u00edbel de ler, a pesar de ser unha obra que pasa das 700 p\u00e1xinas. O libro ten cap\u00edtulos pequenos ordenados cronoloxicamente desde 1480 at\u00e9 1986.<\/p>\n<\/blockquote>\n\n\n\n<blockquote class=\"wp-block-quote is-layout-flow wp-block-quote-is-layout-flow\">\n<p>Ademais dun amplo programa de presentaci\u00f3ns, realicei roteiros na Coru\u00f1a, Ferrol, Santiago de Compostela, Pontevedra e Ponteareas. Axi\u00f1a, espero realizar tam\u00e9n roteiros sobre a obra en Ribeira e Lugo. Ademais, edit\u00e1ronse cartaces, adhesivos, realiz\u00e1ronse v\u00eddeos, un calendario de imaxes que se est\u00e1 a utilizar en varios institutos&#8230; Os medios son escasos, mais agradezo moito a todas as persoas, entidades e instituci\u00f3ns locais que fan o que est\u00e1 na s\u00faa man para multiplicar a mensaxe. Iso non quita que haxa que facer dez para que conte unha.<\/p>\n<\/blockquote>\n\n\n\n<p><strong>E nas administraci\u00f3ns, especialmente na administraci\u00f3n auton\u00f3mica, que receptividade tivo a descrici\u00f3n que fas de s\u00e9culos de represi\u00f3n que v\u00e9n sofrendo o idioma galego?<\/strong><\/p>\n\n\n\n<blockquote class=\"wp-block-quote is-layout-flow wp-block-quote-is-layout-flow\">\n<p>O libro \u00e1rdelles\u2026<\/p>\n<\/blockquote>\n\n\n\n<p><strong>O labor de persoas coma ti pola conservaci\u00f3n do idioma, Carlos, \u00e9 admirable. Tes todo o noso respecto e consideraci\u00f3n. Hai centos, ou incluso milleiros de persoas, espalladas por todo o pa\u00eds que dades o mellor de v\u00f3s mesmos para que o noso idioma non morra. Tam\u00e9n hai colectivos marabillosos como A Mesa ou Queremos galego, que ti tan ben co\u00f1eces, mais o recente informe do IGE sobre o estado de sa\u00fade do noso idioma, demoledor, parece amosar que iso non abonda. Cun 16% de nenos e de nenas de entre 5 e 14 anos que se expresan habitualmente en galego \u00e9 posible que o galego siga existindo como lingua viva na seguinte xeraci\u00f3n? Xa sei que para as persoas que amamos o noso idioma, dicir que non \u00e9 posible \u00e9 terriblemente fodido, mais quero unha resposta, na medida do posible, realista que procure marcar as fronteiras entre a realidade e o desexo?<\/strong><\/p>\n\n\n\n<blockquote class=\"wp-block-quote is-layout-flow wp-block-quote-is-layout-flow\">\n<p>Que os datos fosen os esperados non evita que o mazazo nos doia e que nos afecte sensibelmente no \u00e1nimo, mais temos que ter a cabeza fr\u00eda e o coraz\u00f3n quente. O futuro est\u00e1 por escribir.<\/p>\n<\/blockquote>\n\n\n\n<blockquote class=\"wp-block-quote is-layout-flow wp-block-quote-is-layout-flow\">\n<p>O estra\u00f1o, na verdade, non \u00e9 que se perda o galego. Non chega en absoluto ao 16% a porcentaxe da nosa lingua no ensino, nas administraci\u00f3ns, na radio, na televisi\u00f3n, na xesti\u00f3n de servizos b\u00e1sicos, nos supermercados&#8230; O maior misterio do galego \u00e9 como non desaparece a pesar de levar tanto tempo sendo silenciado e obstaculizado. Isto non quere dicir que, se non somos capaces de mudar a situaci\u00f3n, a nosa lingua non poida residualizarse a\u00ednda m\u00e1is. Ora ben, hai motivos tam\u00e9n para saber que o futuro pode ser diferente, e citar\u00eda tres en especial: o amor que a inmensa maior\u00eda da sociedade galega ten polo galego (mesmo as persoas que non o falan desexan que se potencie), a posibilidade de facer o cami\u00f1o de volta coa aprendizaxe, e a pertenza ao sistema ling\u00fc\u00edstico galego-portugu\u00e9s, que agora mesmo non estamos a aproveitar, mais que acelerar\u00eda o proceso de revitalizaci\u00f3n.<\/p>\n<\/blockquote>\n\n\n\n<p><strong>\u00c9 posible sen a intervenci\u00f3n firme e decidida da administraci\u00f3n auton\u00f3mica?<\/strong><\/p>\n\n\n\n<blockquote class=\"wp-block-quote is-layout-flow wp-block-quote-is-layout-flow\">\n<p>Ning\u00fan dereito social pode garantirse nin avanzar sen as administraci\u00f3ns, tampouco os dereitos ling\u00fc\u00edsticos. Nese sentido, s\u00f3 podemos reco\u00f1ecer que quen goberna a Xunta nestes momentos \u00e9 unha calamidade para o pa\u00eds e para a nosa fala. Todas as administraci\u00f3ns deber\u00edan remar no sentido de garantir a plena oficialidade para a lingua galega.<\/p>\n<\/blockquote>\n\n\n\n<p><strong>Cales ser\u00edan ao teu xu\u00edzo as medidas concretas e espec\u00edficas que ter\u00eda que tomar a administraci\u00f3n para tratar de reverter a tendencia de perda de falantes?<\/strong><\/p>\n\n\n\n<blockquote class=\"wp-block-quote is-layout-flow wp-block-quote-is-layout-flow\">\n<p>Hai d\u00faas palabras chave: agarimo e vontade. Se tiv\u00e9semos un Goberno galego que quixese que se avanzase e tivese un m\u00ednimo de amor polo noso idioma, non estariamos na situaci\u00f3n de vulnerabilidade e discriminaci\u00f3ns que padecemos no presente. Hoxe \u00e9 moito m\u00e1is dif\u00edcil vivir en galego que hai 15 anos e iso ten respons\u00e1beis concretos.<\/p>\n<\/blockquote>\n\n\n\n<blockquote class=\"wp-block-quote is-layout-flow wp-block-quote-is-layout-flow\">\n<p>Por dar dous datos: somos a \u00fanica lingua do Estado que non ten unha emisora de TV que se centre en programaci\u00f3n infantil e xuvenil, e somos a \u00fanica lingua do Estado en que non se estrea ning\u00fan filme para a xente nova nos cinemas. A quen lle far\u00eda dano que as nosas meni\u00f1as e os nosos meni\u00f1os puidesen escoller ver ficci\u00f3n na lingua propia? Por que Alfonso Rueda nolo impide?<\/p>\n<\/blockquote>\n","protected":false},"excerpt":{"rendered":"<div class=\"mh-excerpt\"><p>Neste contexto no que o IGE ven de p\u00f3r negro sobre branco os datos que amosan o terrible estado de sa\u00fade do idioma galego, o traballo activista de persoas como o fil\u00f3logo Carlos Call\u00f3n \u00e9 de enorme importancia para a vida da lingua galega <a class=\"mh-excerpt-more\" href=\"https:\/\/www.anovapeneira.gal\/index.php\/2024\/12\/20\/carlos-callon-autor-de-o-libro-negro-da-lingua-galega\/\" title=\"Carlos Call\u00f3n autor de \u201cO libro negro da lingua galega\u201d\">[&#8230;]<\/a><\/p>\n<\/div>","protected":false},"author":17,"featured_media":12964,"comment_status":"open","ping_status":"open","sticky":false,"template":"","format":"standard","meta":{"_exactmetrics_skip_tracking":false,"_exactmetrics_sitenote_active":false,"_exactmetrics_sitenote_note":"","_exactmetrics_sitenote_category":0,"footnotes":""},"categories":[1],"tags":[],"class_list":{"0":"post-12963","1":"post","2":"type-post","3":"status-publish","4":"format-standard","5":"has-post-thumbnail","7":"category-sin-categoria"},"yoast_head":"<!-- This site is optimized with the Yoast SEO plugin v27.4 - https:\/\/yoast.com\/product\/yoast-seo-wordpress\/ -->\n<title>Carlos Call\u00f3n autor de \u201cO libro negro da lingua galega\u201d -<\/title>\n<meta name=\"robots\" content=\"index, follow, max-snippet:-1, max-image-preview:large, max-video-preview:-1\" \/>\n<link rel=\"canonical\" href=\"https:\/\/www.anovapeneira.gal\/index.php\/2024\/12\/20\/carlos-callon-autor-de-o-libro-negro-da-lingua-galega\/\" \/>\n<meta property=\"og:locale\" content=\"gl_ES\" \/>\n<meta property=\"og:type\" content=\"article\" \/>\n<meta property=\"og:title\" content=\"Carlos Call\u00f3n autor de \u201cO libro negro da lingua galega\u201d -\" \/>\n<meta property=\"og:description\" content=\"Neste contexto no que o IGE ven de p\u00f3r negro sobre branco os datos que amosan o terrible estado de sa\u00fade do idioma galego, o traballo activista de persoas como o fil\u00f3logo Carlos Call\u00f3n \u00e9 de enorme importancia para a vida da lingua galega [...]\" \/>\n<meta property=\"og:url\" content=\"https:\/\/www.anovapeneira.gal\/index.php\/2024\/12\/20\/carlos-callon-autor-de-o-libro-negro-da-lingua-galega\/\" \/>\n<meta property=\"article:publisher\" content=\"https:\/\/www.facebook.com\/anovapeneira\" \/>\n<meta property=\"article:published_time\" content=\"2024-12-20T11:00:16+00:00\" \/>\n<meta property=\"og:image\" content=\"https:\/\/www.anovapeneira.gal\/wp-content\/uploads\/2024\/12\/carlos_callon.png\" \/>\n\t<meta property=\"og:image:width\" content=\"720\" \/>\n\t<meta property=\"og:image:height\" content=\"432\" \/>\n\t<meta property=\"og:image:type\" content=\"image\/png\" \/>\n<meta name=\"author\" content=\"G. Figueiredo\" \/>\n<meta name=\"twitter:card\" content=\"summary_large_image\" \/>\n<meta name=\"twitter:creator\" content=\"@APeneira\" \/>\n<meta name=\"twitter:site\" content=\"@APeneira\" \/>\n<meta name=\"twitter:label1\" content=\"Escrito por\" \/>\n\t<meta name=\"twitter:data1\" content=\"G. Figueiredo\" \/>\n\t<meta name=\"twitter:label2\" content=\"Tempo de lectura\" \/>\n\t<meta name=\"twitter:data2\" content=\"4 minutos\" \/>\n<script type=\"application\/ld+json\" class=\"yoast-schema-graph\">{\"@context\":\"https:\\\/\\\/schema.org\",\"@graph\":[{\"@type\":\"Article\",\"@id\":\"https:\\\/\\\/www.anovapeneira.gal\\\/index.php\\\/2024\\\/12\\\/20\\\/carlos-callon-autor-de-o-libro-negro-da-lingua-galega\\\/#article\",\"isPartOf\":{\"@id\":\"https:\\\/\\\/www.anovapeneira.gal\\\/index.php\\\/2024\\\/12\\\/20\\\/carlos-callon-autor-de-o-libro-negro-da-lingua-galega\\\/\"},\"author\":{\"name\":\"G. Figueiredo\",\"@id\":\"https:\\\/\\\/www.anovapeneira.gal\\\/#\\\/schema\\\/person\\\/42f904d7cac80cf3f5a31494dd82a9b6\"},\"headline\":\"Carlos Call\u00f3n autor de \u201cO libro negro da lingua galega\u201d\",\"datePublished\":\"2024-12-20T11:00:16+00:00\",\"mainEntityOfPage\":{\"@id\":\"https:\\\/\\\/www.anovapeneira.gal\\\/index.php\\\/2024\\\/12\\\/20\\\/carlos-callon-autor-de-o-libro-negro-da-lingua-galega\\\/\"},\"wordCount\":1645,\"commentCount\":0,\"publisher\":{\"@id\":\"https:\\\/\\\/www.anovapeneira.gal\\\/#organization\"},\"image\":{\"@id\":\"https:\\\/\\\/www.anovapeneira.gal\\\/index.php\\\/2024\\\/12\\\/20\\\/carlos-callon-autor-de-o-libro-negro-da-lingua-galega\\\/#primaryimage\"},\"thumbnailUrl\":\"https:\\\/\\\/www.anovapeneira.gal\\\/wp-content\\\/uploads\\\/2024\\\/12\\\/carlos_callon.png\",\"articleSection\":[\"Sin categor\u00eda\"],\"inLanguage\":\"gl-ES\",\"potentialAction\":[{\"@type\":\"CommentAction\",\"name\":\"Comment\",\"target\":[\"https:\\\/\\\/www.anovapeneira.gal\\\/index.php\\\/2024\\\/12\\\/20\\\/carlos-callon-autor-de-o-libro-negro-da-lingua-galega\\\/#respond\"]}]},{\"@type\":\"WebPage\",\"@id\":\"https:\\\/\\\/www.anovapeneira.gal\\\/index.php\\\/2024\\\/12\\\/20\\\/carlos-callon-autor-de-o-libro-negro-da-lingua-galega\\\/\",\"url\":\"https:\\\/\\\/www.anovapeneira.gal\\\/index.php\\\/2024\\\/12\\\/20\\\/carlos-callon-autor-de-o-libro-negro-da-lingua-galega\\\/\",\"name\":\"Carlos Call\u00f3n autor de \u201cO libro negro da lingua galega\u201d -\",\"isPartOf\":{\"@id\":\"https:\\\/\\\/www.anovapeneira.gal\\\/#website\"},\"primaryImageOfPage\":{\"@id\":\"https:\\\/\\\/www.anovapeneira.gal\\\/index.php\\\/2024\\\/12\\\/20\\\/carlos-callon-autor-de-o-libro-negro-da-lingua-galega\\\/#primaryimage\"},\"image\":{\"@id\":\"https:\\\/\\\/www.anovapeneira.gal\\\/index.php\\\/2024\\\/12\\\/20\\\/carlos-callon-autor-de-o-libro-negro-da-lingua-galega\\\/#primaryimage\"},\"thumbnailUrl\":\"https:\\\/\\\/www.anovapeneira.gal\\\/wp-content\\\/uploads\\\/2024\\\/12\\\/carlos_callon.png\",\"datePublished\":\"2024-12-20T11:00:16+00:00\",\"breadcrumb\":{\"@id\":\"https:\\\/\\\/www.anovapeneira.gal\\\/index.php\\\/2024\\\/12\\\/20\\\/carlos-callon-autor-de-o-libro-negro-da-lingua-galega\\\/#breadcrumb\"},\"inLanguage\":\"gl-ES\",\"potentialAction\":[{\"@type\":\"ReadAction\",\"target\":[\"https:\\\/\\\/www.anovapeneira.gal\\\/index.php\\\/2024\\\/12\\\/20\\\/carlos-callon-autor-de-o-libro-negro-da-lingua-galega\\\/\"]}]},{\"@type\":\"ImageObject\",\"inLanguage\":\"gl-ES\",\"@id\":\"https:\\\/\\\/www.anovapeneira.gal\\\/index.php\\\/2024\\\/12\\\/20\\\/carlos-callon-autor-de-o-libro-negro-da-lingua-galega\\\/#primaryimage\",\"url\":\"https:\\\/\\\/www.anovapeneira.gal\\\/wp-content\\\/uploads\\\/2024\\\/12\\\/carlos_callon.png\",\"contentUrl\":\"https:\\\/\\\/www.anovapeneira.gal\\\/wp-content\\\/uploads\\\/2024\\\/12\\\/carlos_callon.png\",\"width\":720,\"height\":432,\"caption\":\"Carlos Call\u00f3n autor de \u201cO libro negro da lingua galega\u201d\"},{\"@type\":\"BreadcrumbList\",\"@id\":\"https:\\\/\\\/www.anovapeneira.gal\\\/index.php\\\/2024\\\/12\\\/20\\\/carlos-callon-autor-de-o-libro-negro-da-lingua-galega\\\/#breadcrumb\",\"itemListElement\":[{\"@type\":\"ListItem\",\"position\":1,\"name\":\"Portada\",\"item\":\"https:\\\/\\\/www.anovapeneira.gal\\\/\"},{\"@type\":\"ListItem\",\"position\":2,\"name\":\"Carlos Call\u00f3n autor de \u201cO libro negro da lingua galega\u201d\"}]},{\"@type\":\"WebSite\",\"@id\":\"https:\\\/\\\/www.anovapeneira.gal\\\/#website\",\"url\":\"https:\\\/\\\/www.anovapeneira.gal\\\/\",\"name\":\"\",\"description\":\"Xornal galego de informaci\u00f3n xeral Publicaci\u00f3n mensual de novas de Galicia e en especial dos Concellos da sur da provincia de Pontevedra.\",\"publisher\":{\"@id\":\"https:\\\/\\\/www.anovapeneira.gal\\\/#organization\"},\"potentialAction\":[{\"@type\":\"SearchAction\",\"target\":{\"@type\":\"EntryPoint\",\"urlTemplate\":\"https:\\\/\\\/www.anovapeneira.gal\\\/?s={search_term_string}\"},\"query-input\":{\"@type\":\"PropertyValueSpecification\",\"valueRequired\":true,\"valueName\":\"search_term_string\"}}],\"inLanguage\":\"gl-ES\"},{\"@type\":\"Organization\",\"@id\":\"https:\\\/\\\/www.anovapeneira.gal\\\/#organization\",\"name\":\"A Nova Peneira\",\"url\":\"https:\\\/\\\/www.anovapeneira.gal\\\/\",\"logo\":{\"@type\":\"ImageObject\",\"inLanguage\":\"gl-ES\",\"@id\":\"https:\\\/\\\/www.anovapeneira.gal\\\/#\\\/schema\\\/logo\\\/image\\\/\",\"url\":\"http:\\\/\\\/www.anovapeneira.gal\\\/wp-content\\\/uploads\\\/2019\\\/06\\\/logo_a_nova_peneira_portal_web.png\",\"contentUrl\":\"http:\\\/\\\/www.anovapeneira.gal\\\/wp-content\\\/uploads\\\/2019\\\/06\\\/logo_a_nova_peneira_portal_web.png\",\"width\":300,\"height\":100,\"caption\":\"A Nova Peneira\"},\"image\":{\"@id\":\"https:\\\/\\\/www.anovapeneira.gal\\\/#\\\/schema\\\/logo\\\/image\\\/\"},\"sameAs\":[\"https:\\\/\\\/www.facebook.com\\\/anovapeneira\",\"https:\\\/\\\/x.com\\\/APeneira\"]},{\"@type\":\"Person\",\"@id\":\"https:\\\/\\\/www.anovapeneira.gal\\\/#\\\/schema\\\/person\\\/42f904d7cac80cf3f5a31494dd82a9b6\",\"name\":\"G. Figueiredo\",\"image\":{\"@type\":\"ImageObject\",\"inLanguage\":\"gl-ES\",\"@id\":\"https:\\\/\\\/secure.gravatar.com\\\/avatar\\\/2d970086688458e0398ef8b84f5cbb8cc1ec3ab115aeb8435135a9f556af97b3?s=96&d=mm&r=g\",\"url\":\"https:\\\/\\\/secure.gravatar.com\\\/avatar\\\/2d970086688458e0398ef8b84f5cbb8cc1ec3ab115aeb8435135a9f556af97b3?s=96&d=mm&r=g\",\"contentUrl\":\"https:\\\/\\\/secure.gravatar.com\\\/avatar\\\/2d970086688458e0398ef8b84f5cbb8cc1ec3ab115aeb8435135a9f556af97b3?s=96&d=mm&r=g\",\"caption\":\"G. Figueiredo\"},\"sameAs\":[\"http:\\\/\\\/www.anovapeneira.gal\\\/\"],\"url\":\"https:\\\/\\\/www.anovapeneira.gal\\\/index.php\\\/author\\\/g-figueiredo\\\/\"}]}<\/script>\n<!-- \/ Yoast SEO plugin. -->","yoast_head_json":{"title":"Carlos Call\u00f3n autor de \u201cO libro negro da lingua galega\u201d -","robots":{"index":"index","follow":"follow","max-snippet":"max-snippet:-1","max-image-preview":"max-image-preview:large","max-video-preview":"max-video-preview:-1"},"canonical":"https:\/\/www.anovapeneira.gal\/index.php\/2024\/12\/20\/carlos-callon-autor-de-o-libro-negro-da-lingua-galega\/","og_locale":"gl_ES","og_type":"article","og_title":"Carlos Call\u00f3n autor de \u201cO libro negro da lingua galega\u201d -","og_description":"Neste contexto no que o IGE ven de p\u00f3r negro sobre branco os datos que amosan o terrible estado de sa\u00fade do idioma galego, o traballo activista de persoas como o fil\u00f3logo Carlos Call\u00f3n \u00e9 de enorme importancia para a vida da lingua galega [...]","og_url":"https:\/\/www.anovapeneira.gal\/index.php\/2024\/12\/20\/carlos-callon-autor-de-o-libro-negro-da-lingua-galega\/","article_publisher":"https:\/\/www.facebook.com\/anovapeneira","article_published_time":"2024-12-20T11:00:16+00:00","og_image":[{"width":720,"height":432,"url":"https:\/\/www.anovapeneira.gal\/wp-content\/uploads\/2024\/12\/carlos_callon.png","type":"image\/png"}],"author":"G. Figueiredo","twitter_card":"summary_large_image","twitter_creator":"@APeneira","twitter_site":"@APeneira","twitter_misc":{"Escrito por":"G. Figueiredo","Tempo de lectura":"4 minutos"},"schema":{"@context":"https:\/\/schema.org","@graph":[{"@type":"Article","@id":"https:\/\/www.anovapeneira.gal\/index.php\/2024\/12\/20\/carlos-callon-autor-de-o-libro-negro-da-lingua-galega\/#article","isPartOf":{"@id":"https:\/\/www.anovapeneira.gal\/index.php\/2024\/12\/20\/carlos-callon-autor-de-o-libro-negro-da-lingua-galega\/"},"author":{"name":"G. Figueiredo","@id":"https:\/\/www.anovapeneira.gal\/#\/schema\/person\/42f904d7cac80cf3f5a31494dd82a9b6"},"headline":"Carlos Call\u00f3n autor de \u201cO libro negro da lingua galega\u201d","datePublished":"2024-12-20T11:00:16+00:00","mainEntityOfPage":{"@id":"https:\/\/www.anovapeneira.gal\/index.php\/2024\/12\/20\/carlos-callon-autor-de-o-libro-negro-da-lingua-galega\/"},"wordCount":1645,"commentCount":0,"publisher":{"@id":"https:\/\/www.anovapeneira.gal\/#organization"},"image":{"@id":"https:\/\/www.anovapeneira.gal\/index.php\/2024\/12\/20\/carlos-callon-autor-de-o-libro-negro-da-lingua-galega\/#primaryimage"},"thumbnailUrl":"https:\/\/www.anovapeneira.gal\/wp-content\/uploads\/2024\/12\/carlos_callon.png","articleSection":["Sin categor\u00eda"],"inLanguage":"gl-ES","potentialAction":[{"@type":"CommentAction","name":"Comment","target":["https:\/\/www.anovapeneira.gal\/index.php\/2024\/12\/20\/carlos-callon-autor-de-o-libro-negro-da-lingua-galega\/#respond"]}]},{"@type":"WebPage","@id":"https:\/\/www.anovapeneira.gal\/index.php\/2024\/12\/20\/carlos-callon-autor-de-o-libro-negro-da-lingua-galega\/","url":"https:\/\/www.anovapeneira.gal\/index.php\/2024\/12\/20\/carlos-callon-autor-de-o-libro-negro-da-lingua-galega\/","name":"Carlos Call\u00f3n autor de \u201cO libro negro da lingua galega\u201d -","isPartOf":{"@id":"https:\/\/www.anovapeneira.gal\/#website"},"primaryImageOfPage":{"@id":"https:\/\/www.anovapeneira.gal\/index.php\/2024\/12\/20\/carlos-callon-autor-de-o-libro-negro-da-lingua-galega\/#primaryimage"},"image":{"@id":"https:\/\/www.anovapeneira.gal\/index.php\/2024\/12\/20\/carlos-callon-autor-de-o-libro-negro-da-lingua-galega\/#primaryimage"},"thumbnailUrl":"https:\/\/www.anovapeneira.gal\/wp-content\/uploads\/2024\/12\/carlos_callon.png","datePublished":"2024-12-20T11:00:16+00:00","breadcrumb":{"@id":"https:\/\/www.anovapeneira.gal\/index.php\/2024\/12\/20\/carlos-callon-autor-de-o-libro-negro-da-lingua-galega\/#breadcrumb"},"inLanguage":"gl-ES","potentialAction":[{"@type":"ReadAction","target":["https:\/\/www.anovapeneira.gal\/index.php\/2024\/12\/20\/carlos-callon-autor-de-o-libro-negro-da-lingua-galega\/"]}]},{"@type":"ImageObject","inLanguage":"gl-ES","@id":"https:\/\/www.anovapeneira.gal\/index.php\/2024\/12\/20\/carlos-callon-autor-de-o-libro-negro-da-lingua-galega\/#primaryimage","url":"https:\/\/www.anovapeneira.gal\/wp-content\/uploads\/2024\/12\/carlos_callon.png","contentUrl":"https:\/\/www.anovapeneira.gal\/wp-content\/uploads\/2024\/12\/carlos_callon.png","width":720,"height":432,"caption":"Carlos Call\u00f3n autor de \u201cO libro negro da lingua galega\u201d"},{"@type":"BreadcrumbList","@id":"https:\/\/www.anovapeneira.gal\/index.php\/2024\/12\/20\/carlos-callon-autor-de-o-libro-negro-da-lingua-galega\/#breadcrumb","itemListElement":[{"@type":"ListItem","position":1,"name":"Portada","item":"https:\/\/www.anovapeneira.gal\/"},{"@type":"ListItem","position":2,"name":"Carlos Call\u00f3n autor de \u201cO libro negro da lingua galega\u201d"}]},{"@type":"WebSite","@id":"https:\/\/www.anovapeneira.gal\/#website","url":"https:\/\/www.anovapeneira.gal\/","name":"","description":"Xornal galego de informaci\u00f3n xeral Publicaci\u00f3n mensual de novas de Galicia e en especial dos Concellos da sur da provincia de Pontevedra.","publisher":{"@id":"https:\/\/www.anovapeneira.gal\/#organization"},"potentialAction":[{"@type":"SearchAction","target":{"@type":"EntryPoint","urlTemplate":"https:\/\/www.anovapeneira.gal\/?s={search_term_string}"},"query-input":{"@type":"PropertyValueSpecification","valueRequired":true,"valueName":"search_term_string"}}],"inLanguage":"gl-ES"},{"@type":"Organization","@id":"https:\/\/www.anovapeneira.gal\/#organization","name":"A Nova Peneira","url":"https:\/\/www.anovapeneira.gal\/","logo":{"@type":"ImageObject","inLanguage":"gl-ES","@id":"https:\/\/www.anovapeneira.gal\/#\/schema\/logo\/image\/","url":"http:\/\/www.anovapeneira.gal\/wp-content\/uploads\/2019\/06\/logo_a_nova_peneira_portal_web.png","contentUrl":"http:\/\/www.anovapeneira.gal\/wp-content\/uploads\/2019\/06\/logo_a_nova_peneira_portal_web.png","width":300,"height":100,"caption":"A Nova Peneira"},"image":{"@id":"https:\/\/www.anovapeneira.gal\/#\/schema\/logo\/image\/"},"sameAs":["https:\/\/www.facebook.com\/anovapeneira","https:\/\/x.com\/APeneira"]},{"@type":"Person","@id":"https:\/\/www.anovapeneira.gal\/#\/schema\/person\/42f904d7cac80cf3f5a31494dd82a9b6","name":"G. Figueiredo","image":{"@type":"ImageObject","inLanguage":"gl-ES","@id":"https:\/\/secure.gravatar.com\/avatar\/2d970086688458e0398ef8b84f5cbb8cc1ec3ab115aeb8435135a9f556af97b3?s=96&d=mm&r=g","url":"https:\/\/secure.gravatar.com\/avatar\/2d970086688458e0398ef8b84f5cbb8cc1ec3ab115aeb8435135a9f556af97b3?s=96&d=mm&r=g","contentUrl":"https:\/\/secure.gravatar.com\/avatar\/2d970086688458e0398ef8b84f5cbb8cc1ec3ab115aeb8435135a9f556af97b3?s=96&d=mm&r=g","caption":"G. Figueiredo"},"sameAs":["http:\/\/www.anovapeneira.gal\/"],"url":"https:\/\/www.anovapeneira.gal\/index.php\/author\/g-figueiredo\/"}]}},"jetpack_featured_media_url":"https:\/\/www.anovapeneira.gal\/wp-content\/uploads\/2024\/12\/carlos_callon.png","_links":{"self":[{"href":"https:\/\/www.anovapeneira.gal\/index.php\/wp-json\/wp\/v2\/posts\/12963","targetHints":{"allow":["GET"]}}],"collection":[{"href":"https:\/\/www.anovapeneira.gal\/index.php\/wp-json\/wp\/v2\/posts"}],"about":[{"href":"https:\/\/www.anovapeneira.gal\/index.php\/wp-json\/wp\/v2\/types\/post"}],"author":[{"embeddable":true,"href":"https:\/\/www.anovapeneira.gal\/index.php\/wp-json\/wp\/v2\/users\/17"}],"replies":[{"embeddable":true,"href":"https:\/\/www.anovapeneira.gal\/index.php\/wp-json\/wp\/v2\/comments?post=12963"}],"version-history":[{"count":2,"href":"https:\/\/www.anovapeneira.gal\/index.php\/wp-json\/wp\/v2\/posts\/12963\/revisions"}],"predecessor-version":[{"id":12966,"href":"https:\/\/www.anovapeneira.gal\/index.php\/wp-json\/wp\/v2\/posts\/12963\/revisions\/12966"}],"wp:featuredmedia":[{"embeddable":true,"href":"https:\/\/www.anovapeneira.gal\/index.php\/wp-json\/wp\/v2\/media\/12964"}],"wp:attachment":[{"href":"https:\/\/www.anovapeneira.gal\/index.php\/wp-json\/wp\/v2\/media?parent=12963"}],"wp:term":[{"taxonomy":"category","embeddable":true,"href":"https:\/\/www.anovapeneira.gal\/index.php\/wp-json\/wp\/v2\/categories?post=12963"},{"taxonomy":"post_tag","embeddable":true,"href":"https:\/\/www.anovapeneira.gal\/index.php\/wp-json\/wp\/v2\/tags?post=12963"}],"curies":[{"name":"wp","href":"https:\/\/api.w.org\/{rel}","templated":true}]}}