{"id":12967,"date":"2024-12-23T10:00:18","date_gmt":"2024-12-23T09:00:18","guid":{"rendered":"https:\/\/www.anovapeneira.gal\/?p=12967"},"modified":"2024-12-12T12:24:51","modified_gmt":"2024-12-12T11:24:51","slug":"marinenses-guerra-civil-e-legado-memoristico","status":"publish","type":"post","link":"https:\/\/www.anovapeneira.gal\/index.php\/2024\/12\/23\/marinenses-guerra-civil-e-legado-memoristico\/","title":{"rendered":"Marinenses, guerra civil e legado memor\u00edstico"},"content":{"rendered":"\n<pre class=\"wp-block-verse\">CELSO MILLEIRO, Investigador<\/pre>\n\n\n\n<p>Na historia m\u00e1is dram\u00e1tica do s\u00e9culo XX, o golpe de estado e posterior represi\u00f3n acontecida na Galiza, as\u00ed como a guerra civil desenvolvida no Estado Espa\u00f1ol no per\u00edodo 1936-1939 provocou un cambio nas vidas das persoas que viviron naqueles intres. Algunhas delas deix\u00e1ronos testemu\u00f1os escritos do acontecido nas s\u00faas vidas, das cales unha parte por diferentes motivos non foron publicadas; formando todas elas parte da nosa memoria colectiva.<\/p>\n\n\n\n<p>Jes\u00fas Carballo Quiroga, nado en Aguete (Seixo), deixou un legado, Euskalherria 1995, da s\u00faa biograf\u00eda onde a familia poder\u00eda ter a ben autorizar a s\u00faa publicaci\u00f3n para o co\u00f1ecemento desta etapa do noso pasado que nos axude comprender en primeira persoa os avatares de pre e posguerra, desde a vida de cativo no seu Seixo natal at\u00e9 a emigraci\u00f3n mari\u00f1eira galega-marinense en Trintxerpe.<\/p>\n\n\n\n<p>Caso diferente foi o do mec\u00e1nico de Aviaci\u00f3n e comunista Sol Aparicio Rodr\u00edguez, nado en Estribela (Louriz\u00e1n), a s\u00faa testemu\u00f1a forxa a base dun gui\u00f3n dunha pel\u00edcula de acci\u00f3n de feitos reais. O seu libro \u201cYo combat\u00ed en tres guerras\u201d, publicado en M\u00e9xico en 1973, fai un repaso, entre outras, da s\u00faa vida militar nos ex\u00e9rcitos do rei Afonso XIII, no republicano e m\u00e1is tarde no sovi\u00e9tico.<\/p>\n\n\n\n<p>O natural de Cas\u00e1s (Ard\u00e1n), Jos\u00e9 Pastoriza Soto, deixou para a posteridade un libri\u00f1o, a\u00ednda que desta volta en forma de poemas \u201cReflejos en las Orillas del Sena\u201d, publicado en Par\u00eds en 1975, na que recentemente o Consello da Cultura Galega realizou unha edici\u00f3n facsimilar cunha introspecci\u00f3n biogr\u00e1fica do autor escrita polos historiadores memor\u00edsticos Eliseo Fern\u00e1ndez e Dionisio Pereira.<\/p>\n\n\n\n<p>\u00c1s mi\u00f1as mans chegaron varios escritos doutros marinenses, como o que foi Xefe Local do Movemento Ra\u00fal Santiago Taracido, mais desde unha \u00f3ptica diferente amosa outra visi\u00f3n da historia de Mar\u00edn do s\u00e9culo XX, conformando de igual xeito parte do noso legado, que ten o seu interese como fonte documental de an\u00e1lise e cr\u00edtica deste per\u00edodo convulso.<\/p>\n\n\n\n<figure class=\"wp-block-gallery has-nested-images columns-default is-cropped wp-block-gallery-1 is-layout-flex wp-block-gallery-is-layout-flex\">\n<figure class=\"wp-block-image size-large\"><img loading=\"lazy\" decoding=\"async\" width=\"961\" height=\"1024\" data-id=\"12970\" src=\"https:\/\/www.anovapeneira.gal\/wp-content\/uploads\/2024\/12\/1Jesus-Carballo-Quiroga-961x1024.jpg\" alt=\"\" class=\"wp-image-12970\" srcset=\"https:\/\/www.anovapeneira.gal\/wp-content\/uploads\/2024\/12\/1Jesus-Carballo-Quiroga-961x1024.jpg 961w, https:\/\/www.anovapeneira.gal\/wp-content\/uploads\/2024\/12\/1Jesus-Carballo-Quiroga-282x300.jpg 282w, https:\/\/www.anovapeneira.gal\/wp-content\/uploads\/2024\/12\/1Jesus-Carballo-Quiroga-768x818.jpg 768w, https:\/\/www.anovapeneira.gal\/wp-content\/uploads\/2024\/12\/1Jesus-Carballo-Quiroga.jpg 1329w\" sizes=\"auto, (max-width: 961px) 100vw, 961px\" \/><figcaption class=\"wp-element-caption\">Jes\u00fas Carballo Quiroga<\/figcaption><\/figure>\n\n\n\n<figure class=\"wp-block-image size-large\"><img loading=\"lazy\" decoding=\"async\" width=\"469\" height=\"595\" data-id=\"12969\" src=\"https:\/\/www.anovapeneira.gal\/wp-content\/uploads\/2024\/12\/1Manuel-Lobeira-Rodriguez.jpg\" alt=\"\" class=\"wp-image-12969\" srcset=\"https:\/\/www.anovapeneira.gal\/wp-content\/uploads\/2024\/12\/1Manuel-Lobeira-Rodriguez.jpg 469w, https:\/\/www.anovapeneira.gal\/wp-content\/uploads\/2024\/12\/1Manuel-Lobeira-Rodriguez-236x300.jpg 236w\" sizes=\"auto, (max-width: 469px) 100vw, 469px\" \/><figcaption class=\"wp-element-caption\">Manuel Lobeira Rodr\u00edguez<\/figcaption><\/figure>\n\n\n\n<figure class=\"wp-block-image size-large\"><img loading=\"lazy\" decoding=\"async\" width=\"250\" height=\"392\" data-id=\"12968\" src=\"https:\/\/www.anovapeneira.gal\/wp-content\/uploads\/2024\/12\/1Sol-Aparicio-Rodriguez-2.jpg\" alt=\"\" class=\"wp-image-12968\" srcset=\"https:\/\/www.anovapeneira.gal\/wp-content\/uploads\/2024\/12\/1Sol-Aparicio-Rodriguez-2.jpg 250w, https:\/\/www.anovapeneira.gal\/wp-content\/uploads\/2024\/12\/1Sol-Aparicio-Rodriguez-2-191x300.jpg 191w\" sizes=\"auto, (max-width: 250px) 100vw, 250px\" \/><figcaption class=\"wp-element-caption\">Sol Aparicio Rodr\u00edguez<\/figcaption><\/figure>\n<\/figure>\n\n\n\n<p>Deber\u00eda o Concello de Mar\u00edn editar os escritos e memorias realizados pola veci\u00f1anza, conservados con agarimo polas familias, dado que conforman o noso pasado, onde cada quen relatou as s\u00faas vivencias, abof\u00e9, desde unha \u00f3ptica moi persoal e xeitos de enfocar as cuesti\u00f3ns m\u00e1is elementais transcendentes, as\u00ed como outras intranscendentes, seica.<\/p>\n\n\n\n<p>A\u00ednda que non son memorias, alg\u00fans veci\u00f1os realizan procuras para constru\u00edr relatos familiares. Quen sabe se no futuro poder\u00e9monos deleitar co traballo de investigaci\u00f3n que se est\u00e1 realizando nestes intres sobre os Irm\u00e1ns Lobeira Rodr\u00edguez, nados en Montecelo (Seixo), que de seguro vai a gustar, de facerse p\u00fablico, aos que gozamos da historia e de relatos ver\u00eddicos, onde tam\u00e9n a guerra civil e as s\u00faas consecuencias xogan un papel determinante.<\/p>\n\n\n\n<p>Existen outros de car\u00e1cter, se cadra, m\u00e1is \u00edntimo a\u00ednda que na mi\u00f1a opini\u00f3n persoal tam\u00e9n deber\u00edan ser editados para o co\u00f1ecemento do pobo dado que non deixan de ser documentos hist\u00f3ricos de an\u00e1lise e de comprensi\u00f3n da vida social e econ\u00f3mica local, caso do traballo que se realiza tam\u00e9n nestes momentos sobre as memorias de Santiago Land\u00edn D\u00edaz \u201cO Xaboneiro\u201d.<\/p>\n\n\n\n<p>Todas elas, como outras non citadas neste artigo, forman parte da historia local e polo tanto son fontes necesarias.<\/p>\n","protected":false},"excerpt":{"rendered":"<div class=\"mh-excerpt\"><p>Na historia m\u00e1is dram\u00e1tica do s\u00e9culo XX, o golpe de estado e posterior represi\u00f3n acontecida na Galiza, as\u00ed como a guerra civil desenvolvida no Estado Espa\u00f1ol no per\u00edodo 1936-1939 provocou un cambio nas vidas das persoas que viviron naqueles intres. Algunhas delas deix\u00e1ronos testemu\u00f1os escritos do acontecido nas s\u00faas vidas, das cales unha parte por diferentes motivos non foron publicadas <a class=\"mh-excerpt-more\" href=\"https:\/\/www.anovapeneira.gal\/index.php\/2024\/12\/23\/marinenses-guerra-civil-e-legado-memoristico\/\" title=\"Marinenses, guerra civil e legado memor\u00edstico\">[&#8230;]<\/a><\/p>\n<\/div>","protected":false},"author":12,"featured_media":12971,"comment_status":"open","ping_status":"open","sticky":false,"template":"","format":"standard","meta":{"_exactmetrics_skip_tracking":false,"_exactmetrics_sitenote_active":false,"_exactmetrics_sitenote_note":"","_exactmetrics_sitenote_category":0,"footnotes":""},"categories":[7],"tags":[],"class_list":{"0":"post-12967","1":"post","2":"type-post","3":"status-publish","4":"format-standard","5":"has-post-thumbnail","7":"category-artigos-de-opinion"},"yoast_head":"<!-- This site is optimized with the Yoast SEO plugin v27.5 - https:\/\/yoast.com\/product\/yoast-seo-wordpress\/ -->\n<title>Marinenses, guerra civil e legado memor\u00edstico -<\/title>\n<meta name=\"robots\" content=\"index, follow, max-snippet:-1, max-image-preview:large, max-video-preview:-1\" \/>\n<link rel=\"canonical\" href=\"https:\/\/www.anovapeneira.gal\/index.php\/2024\/12\/23\/marinenses-guerra-civil-e-legado-memoristico\/\" \/>\n<meta property=\"og:locale\" content=\"gl_ES\" \/>\n<meta property=\"og:type\" content=\"article\" \/>\n<meta property=\"og:title\" content=\"Marinenses, guerra civil e legado memor\u00edstico -\" \/>\n<meta property=\"og:description\" content=\"Na historia m\u00e1is dram\u00e1tica do s\u00e9culo XX, o golpe de estado e posterior represi\u00f3n acontecida na Galiza, as\u00ed como a guerra civil desenvolvida no Estado Espa\u00f1ol no per\u00edodo 1936-1939 provocou un cambio nas vidas das persoas que viviron naqueles intres. Algunhas delas deix\u00e1ronos testemu\u00f1os escritos do acontecido nas s\u00faas vidas, das cales unha parte por diferentes motivos non foron publicadas [...]\" \/>\n<meta property=\"og:url\" content=\"https:\/\/www.anovapeneira.gal\/index.php\/2024\/12\/23\/marinenses-guerra-civil-e-legado-memoristico\/\" \/>\n<meta property=\"article:publisher\" content=\"https:\/\/www.facebook.com\/anovapeneira\" \/>\n<meta property=\"article:published_time\" content=\"2024-12-23T09:00:18+00:00\" \/>\n<meta property=\"og:image\" content=\"https:\/\/www.anovapeneira.gal\/wp-content\/uploads\/2024\/12\/Jesus_Carballo_Quiroga.jpg\" \/>\n\t<meta property=\"og:image:width\" content=\"720\" \/>\n\t<meta property=\"og:image:height\" content=\"432\" \/>\n\t<meta property=\"og:image:type\" content=\"image\/jpeg\" \/>\n<meta name=\"author\" content=\"Artigos Opini\u00f3n\" \/>\n<meta name=\"twitter:card\" content=\"summary_large_image\" \/>\n<meta name=\"twitter:creator\" content=\"@APeneira\" \/>\n<meta name=\"twitter:site\" content=\"@APeneira\" \/>\n<meta name=\"twitter:label1\" content=\"Escrito por\" \/>\n\t<meta name=\"twitter:data1\" content=\"Artigos Opini\u00f3n\" \/>\n\t<meta name=\"twitter:label2\" content=\"Tempo de lectura\" \/>\n\t<meta name=\"twitter:data2\" content=\"4 minutos\" \/>\n<script type=\"application\/ld+json\" class=\"yoast-schema-graph\">{\"@context\":\"https:\\\/\\\/schema.org\",\"@graph\":[{\"@type\":\"Article\",\"@id\":\"https:\\\/\\\/www.anovapeneira.gal\\\/index.php\\\/2024\\\/12\\\/23\\\/marinenses-guerra-civil-e-legado-memoristico\\\/#article\",\"isPartOf\":{\"@id\":\"https:\\\/\\\/www.anovapeneira.gal\\\/index.php\\\/2024\\\/12\\\/23\\\/marinenses-guerra-civil-e-legado-memoristico\\\/\"},\"author\":{\"name\":\"Artigos Opini\u00f3n\",\"@id\":\"https:\\\/\\\/www.anovapeneira.gal\\\/#\\\/schema\\\/person\\\/f18a4feb302e8f20bcef4490b5b60bb3\"},\"headline\":\"Marinenses, guerra civil e legado memor\u00edstico\",\"datePublished\":\"2024-12-23T09:00:18+00:00\",\"mainEntityOfPage\":{\"@id\":\"https:\\\/\\\/www.anovapeneira.gal\\\/index.php\\\/2024\\\/12\\\/23\\\/marinenses-guerra-civil-e-legado-memoristico\\\/\"},\"wordCount\":613,\"commentCount\":1,\"publisher\":{\"@id\":\"https:\\\/\\\/www.anovapeneira.gal\\\/#organization\"},\"image\":{\"@id\":\"https:\\\/\\\/www.anovapeneira.gal\\\/index.php\\\/2024\\\/12\\\/23\\\/marinenses-guerra-civil-e-legado-memoristico\\\/#primaryimage\"},\"thumbnailUrl\":\"https:\\\/\\\/www.anovapeneira.gal\\\/wp-content\\\/uploads\\\/2024\\\/12\\\/Jesus_Carballo_Quiroga.jpg\",\"articleSection\":[\"Artigos de opini\u00f3n\"],\"inLanguage\":\"gl-ES\",\"potentialAction\":[{\"@type\":\"CommentAction\",\"name\":\"Comment\",\"target\":[\"https:\\\/\\\/www.anovapeneira.gal\\\/index.php\\\/2024\\\/12\\\/23\\\/marinenses-guerra-civil-e-legado-memoristico\\\/#respond\"]}]},{\"@type\":\"WebPage\",\"@id\":\"https:\\\/\\\/www.anovapeneira.gal\\\/index.php\\\/2024\\\/12\\\/23\\\/marinenses-guerra-civil-e-legado-memoristico\\\/\",\"url\":\"https:\\\/\\\/www.anovapeneira.gal\\\/index.php\\\/2024\\\/12\\\/23\\\/marinenses-guerra-civil-e-legado-memoristico\\\/\",\"name\":\"Marinenses, guerra civil e legado memor\u00edstico -\",\"isPartOf\":{\"@id\":\"https:\\\/\\\/www.anovapeneira.gal\\\/#website\"},\"primaryImageOfPage\":{\"@id\":\"https:\\\/\\\/www.anovapeneira.gal\\\/index.php\\\/2024\\\/12\\\/23\\\/marinenses-guerra-civil-e-legado-memoristico\\\/#primaryimage\"},\"image\":{\"@id\":\"https:\\\/\\\/www.anovapeneira.gal\\\/index.php\\\/2024\\\/12\\\/23\\\/marinenses-guerra-civil-e-legado-memoristico\\\/#primaryimage\"},\"thumbnailUrl\":\"https:\\\/\\\/www.anovapeneira.gal\\\/wp-content\\\/uploads\\\/2024\\\/12\\\/Jesus_Carballo_Quiroga.jpg\",\"datePublished\":\"2024-12-23T09:00:18+00:00\",\"breadcrumb\":{\"@id\":\"https:\\\/\\\/www.anovapeneira.gal\\\/index.php\\\/2024\\\/12\\\/23\\\/marinenses-guerra-civil-e-legado-memoristico\\\/#breadcrumb\"},\"inLanguage\":\"gl-ES\",\"potentialAction\":[{\"@type\":\"ReadAction\",\"target\":[\"https:\\\/\\\/www.anovapeneira.gal\\\/index.php\\\/2024\\\/12\\\/23\\\/marinenses-guerra-civil-e-legado-memoristico\\\/\"]}]},{\"@type\":\"ImageObject\",\"inLanguage\":\"gl-ES\",\"@id\":\"https:\\\/\\\/www.anovapeneira.gal\\\/index.php\\\/2024\\\/12\\\/23\\\/marinenses-guerra-civil-e-legado-memoristico\\\/#primaryimage\",\"url\":\"https:\\\/\\\/www.anovapeneira.gal\\\/wp-content\\\/uploads\\\/2024\\\/12\\\/Jesus_Carballo_Quiroga.jpg\",\"contentUrl\":\"https:\\\/\\\/www.anovapeneira.gal\\\/wp-content\\\/uploads\\\/2024\\\/12\\\/Jesus_Carballo_Quiroga.jpg\",\"width\":720,\"height\":432,\"caption\":\"Jes\u00fas Carballo Quiroga\"},{\"@type\":\"BreadcrumbList\",\"@id\":\"https:\\\/\\\/www.anovapeneira.gal\\\/index.php\\\/2024\\\/12\\\/23\\\/marinenses-guerra-civil-e-legado-memoristico\\\/#breadcrumb\",\"itemListElement\":[{\"@type\":\"ListItem\",\"position\":1,\"name\":\"Portada\",\"item\":\"https:\\\/\\\/www.anovapeneira.gal\\\/\"},{\"@type\":\"ListItem\",\"position\":2,\"name\":\"Marinenses, guerra civil e legado memor\u00edstico\"}]},{\"@type\":\"WebSite\",\"@id\":\"https:\\\/\\\/www.anovapeneira.gal\\\/#website\",\"url\":\"https:\\\/\\\/www.anovapeneira.gal\\\/\",\"name\":\"\",\"description\":\"Xornal galego de informaci\u00f3n xeral Publicaci\u00f3n mensual de novas de Galicia e en especial dos Concellos da sur da provincia de Pontevedra.\",\"publisher\":{\"@id\":\"https:\\\/\\\/www.anovapeneira.gal\\\/#organization\"},\"potentialAction\":[{\"@type\":\"SearchAction\",\"target\":{\"@type\":\"EntryPoint\",\"urlTemplate\":\"https:\\\/\\\/www.anovapeneira.gal\\\/?s={search_term_string}\"},\"query-input\":{\"@type\":\"PropertyValueSpecification\",\"valueRequired\":true,\"valueName\":\"search_term_string\"}}],\"inLanguage\":\"gl-ES\"},{\"@type\":\"Organization\",\"@id\":\"https:\\\/\\\/www.anovapeneira.gal\\\/#organization\",\"name\":\"A Nova Peneira\",\"url\":\"https:\\\/\\\/www.anovapeneira.gal\\\/\",\"logo\":{\"@type\":\"ImageObject\",\"inLanguage\":\"gl-ES\",\"@id\":\"https:\\\/\\\/www.anovapeneira.gal\\\/#\\\/schema\\\/logo\\\/image\\\/\",\"url\":\"http:\\\/\\\/www.anovapeneira.gal\\\/wp-content\\\/uploads\\\/2019\\\/06\\\/logo_a_nova_peneira_portal_web.png\",\"contentUrl\":\"http:\\\/\\\/www.anovapeneira.gal\\\/wp-content\\\/uploads\\\/2019\\\/06\\\/logo_a_nova_peneira_portal_web.png\",\"width\":300,\"height\":100,\"caption\":\"A Nova Peneira\"},\"image\":{\"@id\":\"https:\\\/\\\/www.anovapeneira.gal\\\/#\\\/schema\\\/logo\\\/image\\\/\"},\"sameAs\":[\"https:\\\/\\\/www.facebook.com\\\/anovapeneira\",\"https:\\\/\\\/x.com\\\/APeneira\"]},{\"@type\":\"Person\",\"@id\":\"https:\\\/\\\/www.anovapeneira.gal\\\/#\\\/schema\\\/person\\\/f18a4feb302e8f20bcef4490b5b60bb3\",\"name\":\"Artigos Opini\u00f3n\",\"image\":{\"@type\":\"ImageObject\",\"inLanguage\":\"gl-ES\",\"@id\":\"https:\\\/\\\/secure.gravatar.com\\\/avatar\\\/072844300f4881150aee2da4278f7a65d16eefdf8262eb67085f1e702de2b959?s=96&d=mm&r=g\",\"url\":\"https:\\\/\\\/secure.gravatar.com\\\/avatar\\\/072844300f4881150aee2da4278f7a65d16eefdf8262eb67085f1e702de2b959?s=96&d=mm&r=g\",\"contentUrl\":\"https:\\\/\\\/secure.gravatar.com\\\/avatar\\\/072844300f4881150aee2da4278f7a65d16eefdf8262eb67085f1e702de2b959?s=96&d=mm&r=g\",\"caption\":\"Artigos Opini\u00f3n\"},\"sameAs\":[\"http:\\\/\\\/anovapeneira.gal\"],\"url\":\"https:\\\/\\\/www.anovapeneira.gal\\\/index.php\\\/author\\\/artigosopinion\\\/\"}]}<\/script>\n<!-- \/ Yoast SEO plugin. -->","yoast_head_json":{"title":"Marinenses, guerra civil e legado memor\u00edstico -","robots":{"index":"index","follow":"follow","max-snippet":"max-snippet:-1","max-image-preview":"max-image-preview:large","max-video-preview":"max-video-preview:-1"},"canonical":"https:\/\/www.anovapeneira.gal\/index.php\/2024\/12\/23\/marinenses-guerra-civil-e-legado-memoristico\/","og_locale":"gl_ES","og_type":"article","og_title":"Marinenses, guerra civil e legado memor\u00edstico -","og_description":"Na historia m\u00e1is dram\u00e1tica do s\u00e9culo XX, o golpe de estado e posterior represi\u00f3n acontecida na Galiza, as\u00ed como a guerra civil desenvolvida no Estado Espa\u00f1ol no per\u00edodo 1936-1939 provocou un cambio nas vidas das persoas que viviron naqueles intres. Algunhas delas deix\u00e1ronos testemu\u00f1os escritos do acontecido nas s\u00faas vidas, das cales unha parte por diferentes motivos non foron publicadas [...]","og_url":"https:\/\/www.anovapeneira.gal\/index.php\/2024\/12\/23\/marinenses-guerra-civil-e-legado-memoristico\/","article_publisher":"https:\/\/www.facebook.com\/anovapeneira","article_published_time":"2024-12-23T09:00:18+00:00","og_image":[{"width":720,"height":432,"url":"https:\/\/www.anovapeneira.gal\/wp-content\/uploads\/2024\/12\/Jesus_Carballo_Quiroga.jpg","type":"image\/jpeg"}],"author":"Artigos Opini\u00f3n","twitter_card":"summary_large_image","twitter_creator":"@APeneira","twitter_site":"@APeneira","twitter_misc":{"Escrito por":"Artigos Opini\u00f3n","Tempo de lectura":"4 minutos"},"schema":{"@context":"https:\/\/schema.org","@graph":[{"@type":"Article","@id":"https:\/\/www.anovapeneira.gal\/index.php\/2024\/12\/23\/marinenses-guerra-civil-e-legado-memoristico\/#article","isPartOf":{"@id":"https:\/\/www.anovapeneira.gal\/index.php\/2024\/12\/23\/marinenses-guerra-civil-e-legado-memoristico\/"},"author":{"name":"Artigos Opini\u00f3n","@id":"https:\/\/www.anovapeneira.gal\/#\/schema\/person\/f18a4feb302e8f20bcef4490b5b60bb3"},"headline":"Marinenses, guerra civil e legado memor\u00edstico","datePublished":"2024-12-23T09:00:18+00:00","mainEntityOfPage":{"@id":"https:\/\/www.anovapeneira.gal\/index.php\/2024\/12\/23\/marinenses-guerra-civil-e-legado-memoristico\/"},"wordCount":613,"commentCount":1,"publisher":{"@id":"https:\/\/www.anovapeneira.gal\/#organization"},"image":{"@id":"https:\/\/www.anovapeneira.gal\/index.php\/2024\/12\/23\/marinenses-guerra-civil-e-legado-memoristico\/#primaryimage"},"thumbnailUrl":"https:\/\/www.anovapeneira.gal\/wp-content\/uploads\/2024\/12\/Jesus_Carballo_Quiroga.jpg","articleSection":["Artigos de opini\u00f3n"],"inLanguage":"gl-ES","potentialAction":[{"@type":"CommentAction","name":"Comment","target":["https:\/\/www.anovapeneira.gal\/index.php\/2024\/12\/23\/marinenses-guerra-civil-e-legado-memoristico\/#respond"]}]},{"@type":"WebPage","@id":"https:\/\/www.anovapeneira.gal\/index.php\/2024\/12\/23\/marinenses-guerra-civil-e-legado-memoristico\/","url":"https:\/\/www.anovapeneira.gal\/index.php\/2024\/12\/23\/marinenses-guerra-civil-e-legado-memoristico\/","name":"Marinenses, guerra civil e legado memor\u00edstico -","isPartOf":{"@id":"https:\/\/www.anovapeneira.gal\/#website"},"primaryImageOfPage":{"@id":"https:\/\/www.anovapeneira.gal\/index.php\/2024\/12\/23\/marinenses-guerra-civil-e-legado-memoristico\/#primaryimage"},"image":{"@id":"https:\/\/www.anovapeneira.gal\/index.php\/2024\/12\/23\/marinenses-guerra-civil-e-legado-memoristico\/#primaryimage"},"thumbnailUrl":"https:\/\/www.anovapeneira.gal\/wp-content\/uploads\/2024\/12\/Jesus_Carballo_Quiroga.jpg","datePublished":"2024-12-23T09:00:18+00:00","breadcrumb":{"@id":"https:\/\/www.anovapeneira.gal\/index.php\/2024\/12\/23\/marinenses-guerra-civil-e-legado-memoristico\/#breadcrumb"},"inLanguage":"gl-ES","potentialAction":[{"@type":"ReadAction","target":["https:\/\/www.anovapeneira.gal\/index.php\/2024\/12\/23\/marinenses-guerra-civil-e-legado-memoristico\/"]}]},{"@type":"ImageObject","inLanguage":"gl-ES","@id":"https:\/\/www.anovapeneira.gal\/index.php\/2024\/12\/23\/marinenses-guerra-civil-e-legado-memoristico\/#primaryimage","url":"https:\/\/www.anovapeneira.gal\/wp-content\/uploads\/2024\/12\/Jesus_Carballo_Quiroga.jpg","contentUrl":"https:\/\/www.anovapeneira.gal\/wp-content\/uploads\/2024\/12\/Jesus_Carballo_Quiroga.jpg","width":720,"height":432,"caption":"Jes\u00fas Carballo Quiroga"},{"@type":"BreadcrumbList","@id":"https:\/\/www.anovapeneira.gal\/index.php\/2024\/12\/23\/marinenses-guerra-civil-e-legado-memoristico\/#breadcrumb","itemListElement":[{"@type":"ListItem","position":1,"name":"Portada","item":"https:\/\/www.anovapeneira.gal\/"},{"@type":"ListItem","position":2,"name":"Marinenses, guerra civil e legado memor\u00edstico"}]},{"@type":"WebSite","@id":"https:\/\/www.anovapeneira.gal\/#website","url":"https:\/\/www.anovapeneira.gal\/","name":"","description":"Xornal galego de informaci\u00f3n xeral Publicaci\u00f3n mensual de novas de Galicia e en especial dos Concellos da sur da provincia de Pontevedra.","publisher":{"@id":"https:\/\/www.anovapeneira.gal\/#organization"},"potentialAction":[{"@type":"SearchAction","target":{"@type":"EntryPoint","urlTemplate":"https:\/\/www.anovapeneira.gal\/?s={search_term_string}"},"query-input":{"@type":"PropertyValueSpecification","valueRequired":true,"valueName":"search_term_string"}}],"inLanguage":"gl-ES"},{"@type":"Organization","@id":"https:\/\/www.anovapeneira.gal\/#organization","name":"A Nova Peneira","url":"https:\/\/www.anovapeneira.gal\/","logo":{"@type":"ImageObject","inLanguage":"gl-ES","@id":"https:\/\/www.anovapeneira.gal\/#\/schema\/logo\/image\/","url":"http:\/\/www.anovapeneira.gal\/wp-content\/uploads\/2019\/06\/logo_a_nova_peneira_portal_web.png","contentUrl":"http:\/\/www.anovapeneira.gal\/wp-content\/uploads\/2019\/06\/logo_a_nova_peneira_portal_web.png","width":300,"height":100,"caption":"A Nova Peneira"},"image":{"@id":"https:\/\/www.anovapeneira.gal\/#\/schema\/logo\/image\/"},"sameAs":["https:\/\/www.facebook.com\/anovapeneira","https:\/\/x.com\/APeneira"]},{"@type":"Person","@id":"https:\/\/www.anovapeneira.gal\/#\/schema\/person\/f18a4feb302e8f20bcef4490b5b60bb3","name":"Artigos Opini\u00f3n","image":{"@type":"ImageObject","inLanguage":"gl-ES","@id":"https:\/\/secure.gravatar.com\/avatar\/072844300f4881150aee2da4278f7a65d16eefdf8262eb67085f1e702de2b959?s=96&d=mm&r=g","url":"https:\/\/secure.gravatar.com\/avatar\/072844300f4881150aee2da4278f7a65d16eefdf8262eb67085f1e702de2b959?s=96&d=mm&r=g","contentUrl":"https:\/\/secure.gravatar.com\/avatar\/072844300f4881150aee2da4278f7a65d16eefdf8262eb67085f1e702de2b959?s=96&d=mm&r=g","caption":"Artigos Opini\u00f3n"},"sameAs":["http:\/\/anovapeneira.gal"],"url":"https:\/\/www.anovapeneira.gal\/index.php\/author\/artigosopinion\/"}]}},"jetpack_featured_media_url":"https:\/\/www.anovapeneira.gal\/wp-content\/uploads\/2024\/12\/Jesus_Carballo_Quiroga.jpg","_links":{"self":[{"href":"https:\/\/www.anovapeneira.gal\/index.php\/wp-json\/wp\/v2\/posts\/12967","targetHints":{"allow":["GET"]}}],"collection":[{"href":"https:\/\/www.anovapeneira.gal\/index.php\/wp-json\/wp\/v2\/posts"}],"about":[{"href":"https:\/\/www.anovapeneira.gal\/index.php\/wp-json\/wp\/v2\/types\/post"}],"author":[{"embeddable":true,"href":"https:\/\/www.anovapeneira.gal\/index.php\/wp-json\/wp\/v2\/users\/12"}],"replies":[{"embeddable":true,"href":"https:\/\/www.anovapeneira.gal\/index.php\/wp-json\/wp\/v2\/comments?post=12967"}],"version-history":[{"count":2,"href":"https:\/\/www.anovapeneira.gal\/index.php\/wp-json\/wp\/v2\/posts\/12967\/revisions"}],"predecessor-version":[{"id":12973,"href":"https:\/\/www.anovapeneira.gal\/index.php\/wp-json\/wp\/v2\/posts\/12967\/revisions\/12973"}],"wp:featuredmedia":[{"embeddable":true,"href":"https:\/\/www.anovapeneira.gal\/index.php\/wp-json\/wp\/v2\/media\/12971"}],"wp:attachment":[{"href":"https:\/\/www.anovapeneira.gal\/index.php\/wp-json\/wp\/v2\/media?parent=12967"}],"wp:term":[{"taxonomy":"category","embeddable":true,"href":"https:\/\/www.anovapeneira.gal\/index.php\/wp-json\/wp\/v2\/categories?post=12967"},{"taxonomy":"post_tag","embeddable":true,"href":"https:\/\/www.anovapeneira.gal\/index.php\/wp-json\/wp\/v2\/tags?post=12967"}],"curies":[{"name":"wp","href":"https:\/\/api.w.org\/{rel}","templated":true}]}}