{"id":12980,"date":"2024-12-24T10:00:24","date_gmt":"2024-12-24T09:00:24","guid":{"rendered":"https:\/\/www.anovapeneira.gal\/?p=12980"},"modified":"2024-12-14T10:59:48","modified_gmt":"2024-12-14T09:59:48","slug":"cd-beluso","status":"publish","type":"post","link":"https:\/\/www.anovapeneira.gal\/index.php\/2024\/12\/24\/cd-beluso\/","title":{"rendered":"CD Beluso"},"content":{"rendered":"\n<p>A Cultural Deportiva Beluso, fundada en 1975 na parroquia de Beluso, Bueu, \u00e9 un exemplo de perseveranza e paix\u00f3n polo f\u00fatbol en Galicia. O club naceu grazas \u00e1 iniciativa de veci\u00f1os liderados por Paco Guerra, que buscaban ofrecer aos m\u00e1is novos unha alternativa deportiva e cultural nunha \u00e9poca con poucas opci\u00f3ns de lecer.<\/p>\n\n\n\n<p>Nos seus primeiros anos, a entidade centrouse en categor\u00edas inferiores e en 1979, formouse o equipo s\u00e9nior, dando continuidade ao traballo realizado nas bases. Ademais do f\u00fatbol, o club promoveu actividades culturais e chegou a organizar encontros con equipos de renome como o Sporting de Xix\u00f3n, o Oviedo ou o Racing de Santander.<\/p>\n\n\n\n<p>A falta de instalaci\u00f3ns propias obrigou ao Beluso a xogar en campos alleos durante os seus primeiros anos. Tras un intento que non cuallou de establecerse en Udra debido \u00e1s condici\u00f3ns meteorol\u00f3xicas, o club compartiu o campo da parroquia do H\u00edo durante sete anos. Finalmente, en 1986, inaugurouse o campo das Laxes en Cabalo, Beluso, que se converteu no fogar definitivo do equipo.<\/p>\n\n\n\n<p>Ao longo da s\u00faa historia, o Beluso destacou como unha canteira prol\u00edfica, formando xogadores que chegaron a categor\u00edas superiores. Nomes como Salvador Mendui\u00f1a, que xogou no RC Celta de Vigo ata unha lesi\u00f3n que truncou a s\u00faa carreira, ou Santi Dom\u00ednguez, con traxectoria en Segunda B, son exemplos do talento xurdido do club.<\/p>\n\n\n\n<p>Na tempada 2024-25, o Beluso est\u00e1 a demostrar un rendemento excepcional na Preferente Auton\u00f3mica Sur. Despois xa varias xornadas, o equipo sit\u00faase nos postos de cabeza, competindo con equipos como o C\u00e9ltiga e o Barco. A s\u00faa traxectoria incl\u00fae vitorias destacadas e unha serie de partidos sen co\u00f1ecer a derrota, reflectindo a solidez e o bo traballo dos xogadores e do corpo t\u00e9cnico.<\/p>\n\n\n\n<p>A Cultural Deportiva Beluso, sen perder nunca a s\u00faa identidade como club de barrio, \u00e9 unha referencia tanto na s\u00faa comarca como no \u00e1mbito do f\u00fatbol galego. A perseveranza e o traballo ben feito convert\u00e9ronse no seu sinal de identidade. Non s\u00f3 destacan polo aspecto deportivo, sen\u00f3n tam\u00e9n polo impacto social que o club ten na comunidade de Bueu e, en concreto, na parroquia de Beluso.<\/p>\n\n\n\n<p>O club non ser\u00eda o que \u00e9 sen o apoio incansable dos seus socios, afeccionados e veci\u00f1os. Moitas das familias de Beluso te\u00f1en unha conexi\u00f3n directa co equipo, xa sexa a trav\u00e9s de xogadores, adestradores ou mesmo como voluntarios en tarefas organizativas. Isto converte ao Beluso nun exemplo de como o f\u00fatbol pode ser un punto de encontro para a comunidade.<\/p>\n\n\n\n<p>Ao longo dos anos, o campo das Laxes converteuse nun lugar de reuni\u00f3n habitual, non s\u00f3 nos d\u00edas de partido, sen\u00f3n tam\u00e9n nas actividades sociais e culturais que organiza o club. Este esp\u00edrito comunitario axudou a superar momentos dif\u00edciles, como descensos inesperados ou problemas econ\u00f3micos que ameazaron a s\u00faa continuidade.<\/p>\n\n\n\n<p>Un aspecto destacado na historia recente do club foi a reforma do campo das Laxes. Durante anos, os xogadores e afeccionados lidaron coas limitaci\u00f3ns dun terreo de xogo en herba natural que, a mi\u00fado, sufr\u00eda polas condici\u00f3ns meteorol\u00f3xicas de Galicia. A transici\u00f3n a herba artificial, lograda grazas a esforzos conxuntos da directiva e o apoio institucional, mellorou significativamente as condici\u00f3ns para o equipo e permitiu un maior uso das instalaci\u00f3ns polas categor\u00edas inferiores e pola comunidade.<\/p>\n\n\n\n<p>Un dos alicerces fundamentais da Cultural Deportiva Beluso \u00e9 o traballo coas categor\u00edas inferiores. A aposta pola formaci\u00f3n de xogadores comezou case desde os primeiros anos do club e contin\u00faa a ser unha prioridade absoluta. O obxectivo non \u00e9 s\u00f3 formar futuros futbolistas, sen\u00f3n tam\u00e9n inculcar valores como o traballo en equipo, o esforzo e o respecto.<\/p>\n\n\n\n<p>Hoxe en d\u00eda, a base do club incl\u00fae equipos en categor\u00edas como infant\u00eds, cadetes e xuven\u00eds, que compiten en ligas rexionais e auton\u00f3micas.<\/p>\n\n\n\n<p>Poucas cousas unen tanto a unha afecci\u00f3n como os partidos contra os grandes rivais. No caso do Beluso, os enfrontamentos co R\u00e1pido Bah\u00eda ou outros equipos da comarca como o Moa\u00f1a te\u00f1en sempre unha carga emocional especial. Estes derbis, caracterizados por un ambiente festivo e de camarader\u00eda, transcenden o terreo de xogo. Representan a oportunidade de demostrar o orgullo de pertenza \u00e1 parroquia e \u00e1 camiseta.<\/p>\n\n\n\n<p>Un dos episodios m\u00e1is lembrados polos afeccionados tivo lugar nun derbi contra o R\u00e1pido Bah\u00eda no ano 2021. Aquel partido, que o Beluso ga\u00f1ou cun contundente 8-1, marcou un antes e un despois na rivalidade entre ambos equipos. A vitoria, conseguida cun f\u00fatbol vistoso e efectivo, foi celebrada durante semanas na parroquia, consolidando o esp\u00edrito competitivo do club.<\/p>\n\n\n\n<p>Por outra banda, como moitos outros clubs modestos, o Beluso enfr\u00f3ntase ao reto constante de manter a estabilidade econ\u00f3mica. As cotas dos socios, os ingresos por patrocinadores locais e as pequenas subvenci\u00f3ns p\u00fablicas son as principais fontes de financiamento. Ademais, os eventos sociais organizados polo club como ceas, sorteos ou torneos de ver\u00e1n, axudan a recadar fondos que permiten cubrir gastos b\u00e1sicos como desprazamentos, equipamento e mantemento das instalaci\u00f3ns.<\/p>\n\n\n\n<p>A directiva tam\u00e9n puxo en marcha iniciativas innovadoras, como a venda de produtos oficiais do club e a promoci\u00f3n do crowdfunding para proxectos espec\u00edficos, como a mellora de vestiarios ou a adquisici\u00f3n de material deportivo. A transparencia na xesti\u00f3n econ\u00f3mica \u00e9 outro dos valores que caracterizan a entidade, creando un v\u00ednculo de confianza cos socios e os veci\u00f1os.<\/p>\n\n\n\n<p>En definitiva, o Beluso afronta os pr\u00f3ximos anos con ilusi\u00f3n e obxectivos claros. A consolidaci\u00f3n na Preferente Galicia \u00e9 un dos desaf\u00edos m\u00e1is inmediatos, pero o club non descarta so\u00f1ar cun ascenso a Terceira Divisi\u00f3n nun futuro pr\u00f3ximo. A chegada a esta categor\u00eda ser\u00eda un fito hist\u00f3rico que coroar\u00eda anos de esforzo e dedicaci\u00f3n.<\/p>\n\n\n\n<p>No entanto, o club non perde de vista a s\u00faa esencia. Para o Beluso, o \u00e9xito non se mide s\u00f3 en termos de resultados deportivos, sen\u00f3n tam\u00e9n na capacidade de manter vivo o esp\u00edrito comunitario e de seguir sendo un espazo de formaci\u00f3n e convivencia para os m\u00e1is novos.<\/p>\n\n\n\n<p>Outro aspecto no que o club est\u00e1 a traballar \u00e9 na mellora da s\u00faa estrutura organizativa e na profesionalizaci\u00f3n dalg\u00fans departamentos. A tecnolox\u00eda e as redes sociais est\u00e1n a desempe\u00f1ar un papel fundamental na promoci\u00f3n do equipo e na captaci\u00f3n de novos socios e seguidores, especialmente entre os m\u00e1is mozos.<\/p>\n\n\n\n<p>As cores azul celeste da camiseta son un s\u00edmbolo de orgullo para os habitantes de Beluso, e ver os xogadores defendelas no campo \u00e9 motivo de alegr\u00eda e unidade. A afecci\u00f3n, ademais, demostra unha gran deportividade e respecto, creando un ambiente exemplar no f\u00fatbol afeccionado galego.<\/p>\n\n\n\n<p>A historia da Cultural Deportiva Beluso \u00e9 unha historia de superaci\u00f3n, paix\u00f3n e compromiso. Cada xeraci\u00f3n de xogadores, adestradores e directivos deixou a s\u00faa pegada no club, contribu\u00edndo a un legado que segue vivo.<\/p>\n\n\n\n<p>A combinaci\u00f3n de tradici\u00f3n e modernidade fai do Beluso un modelo a seguir para outros clubs modestos. Mentres mante\u00f1a a s\u00faa esencia e contin\u00fae a apostar polo talento local e o traballo colectivo, o futuro do club semella brillante. Sen d\u00fabida, o Beluso seguir\u00e1 sendo, por moitos anos, un motivo de orgullo para a parroquia e para todo o concello de Bueu.<\/p>\n\n\n\n<p>Son \u00e1s 20:00 horas, entramos no campo do Beluso coa noite cubrindo o c\u00e9spede. O equipo Xuvenil adestra no que no atopamos coa nosa cita. Imos desde a cantina ao despacho. No centro unha gran mesa na que sentamos. Observamos os trofeos que fan as veces de tel\u00f3n das d\u00faas persoas que temos diante.<\/p>\n\n\n\n<p><strong>Entrevistamos ao Presidente do Beluso de Bueu, To\u00f1o Castro, e ao secretario do club, \u00c1ngel Nogueira, sobre pasado, presente e tam\u00e9n futuro.<\/strong><\/p>\n\n\n\n<h2 class=\"wp-block-heading\">\u201c<strong>A actitude e implicaci\u00f3n da veci\u00f1anza \u00e9 fundamental\u201d<\/strong><\/h2>\n\n\n\n<p><strong>Como comezou a vosa relaci\u00f3n co Club de F\u00fatbol Beluso?<\/strong><\/p>\n\n\n\n<blockquote class=\"wp-block-quote is-layout-flow wp-block-quote-is-layout-flow\">\n<p>Presidente: Xa levaba cinco anos na directiva, cando Eloy Torres era presidente cando xurdiu a oportunidade da presidencia.<\/p>\n<\/blockquote>\n\n\n\n<blockquote class=\"wp-block-quote is-layout-flow wp-block-quote-is-layout-flow\">\n<p>Secretario: Eu son de Darbo, casei coa mi\u00f1a muller que \u00e9 de Beluso e foi ela a que me implicou aqu\u00ed.<\/p>\n<\/blockquote>\n\n\n\n<p><strong>Que recordos gardades dos primeiros anos do Beluso na s\u00faa historia?<\/strong><\/p>\n\n\n\n<blockquote class=\"wp-block-quote is-layout-flow wp-block-quote-is-layout-flow\">\n<p>P: No meu caso os recordos que mais conservo son os da etapa na que xoguei nos xuven\u00eds.<\/p>\n<\/blockquote>\n\n\n\n<p><strong>Cales credes que foron os momentos m\u00e1is destacados na historia do club ata o de agora?<\/strong><\/p>\n\n\n\n<blockquote class=\"wp-block-quote is-layout-flow wp-block-quote-is-layout-flow\">\n<p>P: O primeiro deles o ascenso a preferente no ano 17. O segundo momento destacado foi o ascenso da \u00faltima tempada que coido que se viviu a\u00ednda con m\u00e1is intensidade.<\/p>\n<\/blockquote>\n\n\n\n<blockquote class=\"wp-block-quote is-layout-flow wp-block-quote-is-layout-flow\">\n<p>S: Sen d\u00fabida.<\/p>\n<\/blockquote>\n\n\n\n<p><strong>Como describiriades o crecemento do Beluso en termos de infraestrutura e persoal ao longo dos anos?<\/strong><\/p>\n\n\n\n<blockquote class=\"wp-block-quote is-layout-flow wp-block-quote-is-layout-flow\">\n<p>S: O m\u00e1is destacable foron as melloras no campo, que se fixeron no ano 2011. Do demais o club enc\u00e1rgase do mantemento e da limpeza. O concello ax\u00fadanos pero sempre \u00e9 necesaria m\u00e1is axuda para poder permanecer no alto.<\/p>\n<\/blockquote>\n\n\n\n<p><strong>Cal foi a clave para manter o Beluso competitivo durante tanto tempo a nivel local?<\/strong><\/p>\n\n\n\n<blockquote class=\"wp-block-quote is-layout-flow wp-block-quote-is-layout-flow\">\n<p>P: O bo ambiente e o bo facer da directiva.<\/p>\n<\/blockquote>\n\n\n\n<blockquote class=\"wp-block-quote is-layout-flow wp-block-quote-is-layout-flow\">\n<p>S: Ese bo ambiente, o traballo e o sacrificio para o en do grupo e o bo ambiente son os elementos fundamentais.<\/p>\n<\/blockquote>\n\n\n\n<p><strong>Que valores representan ao Beluso?<\/strong><\/p>\n\n\n\n<blockquote class=\"wp-block-quote is-layout-flow wp-block-quote-is-layout-flow\">\n<p>P: A confraternidade que se concreta no bo trato e na forma de fluir e retroalimentarnos entre a directiva e o corpo t\u00e9cnico.<\/p>\n<\/blockquote>\n\n\n\n<p><strong>En canto \u00e1 base de afeccionados, como evolucionou o apoio ao longo dos anos?<\/strong><\/p>\n\n\n\n<blockquote class=\"wp-block-quote is-layout-flow wp-block-quote-is-layout-flow\">\n<p>P: Na grada mellorou moito.<\/p>\n<\/blockquote>\n\n\n\n<blockquote class=\"wp-block-quote is-layout-flow wp-block-quote-is-layout-flow\">\n<p>S: En efecto, ga\u00f1amos asistencia nas gradas e incluso mais socios. A xente est\u00e1 mais enganchada ao equipo e como non a actitude e implicaci\u00f3n da veci\u00f1anza \u00e9 fundamental.<\/p>\n<\/blockquote>\n\n\n\n<p><strong>Como valorades o rendemento do equipo na tempada actual?<\/strong><\/p>\n\n\n\n<blockquote class=\"wp-block-quote is-layout-flow wp-block-quote-is-layout-flow\">\n<p>P: Como excelente. Foi un inicio e estar un momento de rendemento sobresaliente. Sobre todo porque se mantivo o bloque do ano pasado o cal non deixa de ser un aliciente.<\/p>\n<\/blockquote>\n\n\n\n<blockquote class=\"wp-block-quote is-layout-flow wp-block-quote-is-layout-flow\">\n<p>S: O grupo desde logo \u00e9 a\u00ednda mellor que o do ano pasado. Primeiro porque como dixo o presidente se mantivo o esencial do bloque. E segundo porque o que se trouxo s\u00f3 serviu para mellorar. E esa \u00e9 unha gran suma.<\/p>\n<\/blockquote>\n\n\n\n<p><strong>Que aspectos positivos destacariades do xogo do equipo neste inicio de tempada?<\/strong><\/p>\n\n\n\n<blockquote class=\"wp-block-quote is-layout-flow wp-block-quote-is-layout-flow\">\n<p>P: A ambici\u00f3n e a valent\u00eda coa que se afrontan os partidos.<\/p>\n<\/blockquote>\n\n\n\n<blockquote class=\"wp-block-quote is-layout-flow wp-block-quote-is-layout-flow\">\n<p>S: Se cadra a sensaci\u00f3n, e a\u00ed est\u00e1n os datos, de que este ano \u00e9 moito m\u00e1is f\u00e1cil atopar o gol.<\/p>\n<\/blockquote>\n\n\n\n<p><strong>De feito \u00e9 curioso ver como as estat\u00edsticas anotadoras est\u00e1n moi repartidas entre os xogadores?<\/strong><\/p>\n\n\n\n<blockquote class=\"wp-block-quote is-layout-flow wp-block-quote-is-layout-flow\">\n<p>S: Iso fala ben da filosof\u00eda coa que o equipo xoga no campo.<\/p>\n<\/blockquote>\n\n\n\n<p><strong>Cal foi a maior dificultade que tivo que enfrontar o equipo nesta tempada?<\/strong><\/p>\n\n\n\n<blockquote class=\"wp-block-quote is-layout-flow wp-block-quote-is-layout-flow\">\n<p>S: M\u00e1is que dificultade, o partido contra o C\u00e9ltiga foi un partido duro no que xogamos de ti a ti. Houbo moito respecto por parte dos dous equipos. Os nosos xogadores son moi novos e moitas veces, neste tipo de partidos, sempre \u00e9 necesario un plus de experiencia en determinados momentos.<\/p>\n<\/blockquote>\n\n\n\n<p><strong>Como vedes o nivel da competici\u00f3n na liga onde xoga o Beluso nesta tempada?<\/strong><\/p>\n\n\n\n<blockquote class=\"wp-block-quote is-layout-flow wp-block-quote-is-layout-flow\">\n<p>S: Estamos diante dunha liga moi igualada. Perdes dous partidos seguidos, ou os ga\u00f1as, e a situaci\u00f3n cambia completamente. Que llo digan ao Xuvenil de Ponteareas ou ao Barco, que ata non hai moito parec\u00eda intocable.<\/p>\n<\/blockquote>\n\n\n\n<p><strong>Que xogadores est\u00e1n destacando no equipo este ano?<\/strong><\/p>\n\n\n\n<blockquote class=\"wp-block-quote is-layout-flow wp-block-quote-is-layout-flow\">\n<p>P: Sempre \u00e9 dif\u00edcil destacar a algu\u00e9n. Peixoto \u00e9 moi destacable, Rocha que \u00e9 unha das fichaxes deste ano tam\u00e9n \u00e9 un xogador salientable.<\/p>\n<\/blockquote>\n\n\n\n<blockquote class=\"wp-block-quote is-layout-flow wp-block-quote-is-layout-flow\">\n<p>S: Todos xogan o seu papel e cada papel \u00e9 fundamental. Bruno \u00e9 un xogador important\u00edsimo pero tam\u00e9n Hardy, que axuda moito ao bo ambiente e a uni\u00f3n.<\/p>\n<\/blockquote>\n\n\n\n<p><strong>Que tipo de filosof\u00eda futbol\u00edstica trata de implementar o corpo t\u00e9cnico no equipo?<\/strong><\/p>\n\n\n\n<blockquote class=\"wp-block-quote is-layout-flow wp-block-quote-is-layout-flow\">\n<p>P: Nunca nos metemos niso porque cada adestrador ten o seu libro. Non nos metemos niso nin no equipo s\u00e9nior, nin nas categor\u00edas inferiores.<\/p>\n<\/blockquote>\n\n\n\n<blockquote class=\"wp-block-quote is-layout-flow wp-block-quote-is-layout-flow\">\n<p>S: \u00c9 que na base, segundo o que te\u00f1as en cada momento, pode chegar a ser moi dif\u00edcil.<\/p>\n<\/blockquote>\n\n\n\n<p><strong>Que importancia lle dades no club ao desenvolvemento de futbolistas novos na s\u00faa canteira?<\/strong><\/p>\n\n\n\n<blockquote class=\"wp-block-quote is-layout-flow wp-block-quote-is-layout-flow\">\n<p>P: \u00c9 unha cuesti\u00f3n complicada porque ao pasar a categor\u00eda de Cadetes, moitos dos xogadores acaban marchando.<\/p>\n<\/blockquote>\n\n\n\n<blockquote class=\"wp-block-quote is-layout-flow wp-block-quote-is-layout-flow\">\n<p>S: \u00c9 importante, si, g\u00fastanos que todos os nenos xoguen ao f\u00fatbol pero non temos forma de seleccionar, e iso \u00e9 algo moi importante. Se cadra esa sexa a maior carencia que ten o Beluso<\/p>\n<\/blockquote>\n\n\n\n<p><strong>Cales son os obxectivos a curto e longo prazo para a tempada 2024 do Beluso?<\/strong><\/p>\n\n\n\n<blockquote class=\"wp-block-quote is-layout-flow wp-block-quote-is-layout-flow\">\n<p>P: A permanencia.<\/p>\n<\/blockquote>\n\n\n\n<blockquote class=\"wp-block-quote is-layout-flow wp-block-quote-is-layout-flow\">\n<p>S: A permanencia, si.<\/p>\n<\/blockquote>\n\n\n\n<p><strong>Estando como estades en postos de Play off para o ascenso?<\/strong><\/p>\n\n\n\n<blockquote class=\"wp-block-quote is-layout-flow wp-block-quote-is-layout-flow\">\n<p>S: \u00c9 unha categor\u00eda dif\u00edcil, moi igualada, moi apretada, na que perder dous partidos seguidos pode meterte en problemas. N\u00f3s primeiro temos asegurar os 40 puntos da permanencia, que xa veremos se non son m\u00e1is, que \u00e9 o m\u00e1is probable.<\/p>\n<\/blockquote>\n\n\n\n<p><strong>Que esperades dos pr\u00f3ximos partidos?<\/strong><\/p>\n\n\n\n<p>P: Intentar manternos competitivos e ga\u00f1arlle o derbi ao Moa\u00f1a.<\/p>\n\n\n\n<blockquote class=\"wp-block-quote is-layout-flow wp-block-quote-is-layout-flow\">\n<p>S: \u00c9 clave asegurar as d\u00faas pr\u00f3ximas vitorias e ademais podemos competilas.<\/p>\n<\/blockquote>\n\n\n\n<p><strong>Que proxectos ten o club para mellorar a s\u00faa infraestrutura no futuro pr\u00f3ximo?<\/strong><\/p>\n\n\n\n<blockquote class=\"wp-block-quote is-layout-flow wp-block-quote-is-layout-flow\">\n<p>P: A curto &#8211; medio prazo a mellora do c\u00e9spede \u00e9 fundamental, sobre todo porque a lei obriga a po\u00f1er o campo de caucho de aqu\u00ed a oito anos.<\/p>\n<\/blockquote>\n\n\n\n<blockquote class=\"wp-block-quote is-layout-flow wp-block-quote-is-layout-flow\">\n<p>S: O ideal ser\u00eda remodelar o m\u00e1ximo posible a infraestructura do campo, especialmente os vestiarios. Pero para iso necesitamos axuda.<\/p>\n<\/blockquote>\n\n\n\n<p><strong>Como vedes o futuro do Beluso en termos de ambici\u00f3n deportiva e crecemento?<\/strong><\/p>\n\n\n\n<blockquote class=\"wp-block-quote is-layout-flow wp-block-quote-is-layout-flow\">\n<p>P: Depender\u00e1 da motivaci\u00f3n por parte dos seareiros. Gustar\u00edanos que os pa\u00eds e os seus fillos mirasen na ambici\u00f3n do primeiro equipo, un espello no que mirarse.<\/p>\n<\/blockquote>\n\n\n\n<blockquote class=\"wp-block-quote is-layout-flow wp-block-quote-is-layout-flow\">\n<p>S: O obxectivo \u00e9 crecer, pero somos conscientes da dificultade que sup\u00f3n diante de tanta oferta deportiva tal e como hai na vila.<\/p>\n<\/blockquote>\n\n\n\n<p><strong>Ten o Beluso f\u00fatbol femenino?<\/strong><\/p>\n\n\n\n<blockquote class=\"wp-block-quote is-layout-flow wp-block-quote-is-layout-flow\">\n<p>P: Non temos non. Houbo en d\u00faas ocasi\u00f3ns na nosa historia. A primeira vez formouse porque era un grupo de amigas.<\/p>\n<\/blockquote>\n\n\n\n<blockquote class=\"wp-block-quote is-layout-flow wp-block-quote-is-layout-flow\">\n<p>S: Gustar\u00edanos pero \u00e9 algo bastante complicado. Te\u00f1en que darse as circunstancias. Mira por exemplo ao Alondras. Custoulle pero este ano por fin o conseguiu.<\/p>\n<\/blockquote>\n\n\n\n<p><strong>Por \u00faltimo, que mensaxe lle dar\u00edas aos afeccionados do Beluso que seguen ao equipo con tanto entusiasmo?<\/strong><\/p>\n\n\n\n<blockquote class=\"wp-block-quote is-layout-flow wp-block-quote-is-layout-flow\">\n<p>P: Que nos sigan apoiando como ata o de agora. Que se impliquen co equipo.<\/p>\n<\/blockquote>\n\n\n\n<blockquote class=\"wp-block-quote is-layout-flow wp-block-quote-is-layout-flow\">\n<p>S: Sen eles non ser\u00eda posible. Contamos tanto cos socios, coma cos que non o son.<\/p>\n<\/blockquote>\n","protected":false},"excerpt":{"rendered":"<div class=\"mh-excerpt\"><p>A Cultural Deportiva Beluso, fundada en 1975 na parroquia de Beluso, Bueu, \u00e9 un exemplo de perseveranza e paix\u00f3n polo f\u00fatbol en Galicia <a class=\"mh-excerpt-more\" href=\"https:\/\/www.anovapeneira.gal\/index.php\/2024\/12\/24\/cd-beluso\/\" title=\"CD Beluso\">[&#8230;]<\/a><\/p>\n<\/div>","protected":false},"author":23,"featured_media":12982,"comment_status":"open","ping_status":"open","sticky":false,"template":"","format":"standard","meta":{"_exactmetrics_skip_tracking":false,"_exactmetrics_sitenote_active":false,"_exactmetrics_sitenote_note":"","_exactmetrics_sitenote_category":0,"footnotes":""},"categories":[268],"tags":[440],"class_list":{"0":"post-12980","1":"post","2":"type-post","3":"status-publish","4":"format-standard","5":"has-post-thumbnail","7":"category-morrazo-entrevistas","8":"tag-concello-de-bueu"},"yoast_head":"<!-- This site is optimized with the Yoast SEO plugin v27.4 - https:\/\/yoast.com\/product\/yoast-seo-wordpress\/ -->\n<title>CD Beluso -<\/title>\n<meta name=\"robots\" content=\"index, follow, max-snippet:-1, max-image-preview:large, max-video-preview:-1\" \/>\n<link rel=\"canonical\" href=\"https:\/\/www.anovapeneira.gal\/index.php\/2024\/12\/24\/cd-beluso\/\" \/>\n<meta property=\"og:locale\" content=\"gl_ES\" \/>\n<meta property=\"og:type\" content=\"article\" \/>\n<meta property=\"og:title\" content=\"CD Beluso -\" \/>\n<meta property=\"og:description\" content=\"A Cultural Deportiva Beluso, fundada en 1975 na parroquia de Beluso, Bueu, \u00e9 un exemplo de perseveranza e paix\u00f3n polo f\u00fatbol en Galicia [...]\" \/>\n<meta property=\"og:url\" content=\"https:\/\/www.anovapeneira.gal\/index.php\/2024\/12\/24\/cd-beluso\/\" \/>\n<meta property=\"article:publisher\" content=\"https:\/\/www.facebook.com\/anovapeneira\" \/>\n<meta property=\"article:published_time\" content=\"2024-12-24T09:00:24+00:00\" \/>\n<meta property=\"og:image\" content=\"https:\/\/www.anovapeneira.gal\/wp-content\/uploads\/2024\/12\/beluso_cd-1.jpg\" \/>\n\t<meta property=\"og:image:width\" content=\"720\" \/>\n\t<meta property=\"og:image:height\" content=\"432\" \/>\n\t<meta property=\"og:image:type\" content=\"image\/jpeg\" \/>\n<meta name=\"author\" content=\"Aar\u00f3n Franco\" \/>\n<meta name=\"twitter:card\" content=\"summary_large_image\" \/>\n<meta name=\"twitter:creator\" content=\"@APeneira\" \/>\n<meta name=\"twitter:site\" content=\"@APeneira\" \/>\n<meta name=\"twitter:label1\" content=\"Escrito por\" \/>\n\t<meta name=\"twitter:data1\" content=\"Aar\u00f3n Franco\" \/>\n\t<meta name=\"twitter:label2\" content=\"Tempo de lectura\" \/>\n\t<meta name=\"twitter:data2\" content=\"9 minutos\" \/>\n<script type=\"application\/ld+json\" class=\"yoast-schema-graph\">{\"@context\":\"https:\\\/\\\/schema.org\",\"@graph\":[{\"@type\":\"Article\",\"@id\":\"https:\\\/\\\/www.anovapeneira.gal\\\/index.php\\\/2024\\\/12\\\/24\\\/cd-beluso\\\/#article\",\"isPartOf\":{\"@id\":\"https:\\\/\\\/www.anovapeneira.gal\\\/index.php\\\/2024\\\/12\\\/24\\\/cd-beluso\\\/\"},\"author\":{\"name\":\"Aar\u00f3n Franco\",\"@id\":\"https:\\\/\\\/www.anovapeneira.gal\\\/#\\\/schema\\\/person\\\/a907e49c1885c12d6f281770afd68766\"},\"headline\":\"CD Beluso\",\"datePublished\":\"2024-12-24T09:00:24+00:00\",\"mainEntityOfPage\":{\"@id\":\"https:\\\/\\\/www.anovapeneira.gal\\\/index.php\\\/2024\\\/12\\\/24\\\/cd-beluso\\\/\"},\"wordCount\":2506,\"commentCount\":0,\"publisher\":{\"@id\":\"https:\\\/\\\/www.anovapeneira.gal\\\/#organization\"},\"image\":{\"@id\":\"https:\\\/\\\/www.anovapeneira.gal\\\/index.php\\\/2024\\\/12\\\/24\\\/cd-beluso\\\/#primaryimage\"},\"thumbnailUrl\":\"https:\\\/\\\/www.anovapeneira.gal\\\/wp-content\\\/uploads\\\/2024\\\/12\\\/beluso_cd-1.jpg\",\"keywords\":[\"Concello de Bueu\"],\"articleSection\":[\"Morrazo\"],\"inLanguage\":\"gl-ES\",\"potentialAction\":[{\"@type\":\"CommentAction\",\"name\":\"Comment\",\"target\":[\"https:\\\/\\\/www.anovapeneira.gal\\\/index.php\\\/2024\\\/12\\\/24\\\/cd-beluso\\\/#respond\"]}]},{\"@type\":\"WebPage\",\"@id\":\"https:\\\/\\\/www.anovapeneira.gal\\\/index.php\\\/2024\\\/12\\\/24\\\/cd-beluso\\\/\",\"url\":\"https:\\\/\\\/www.anovapeneira.gal\\\/index.php\\\/2024\\\/12\\\/24\\\/cd-beluso\\\/\",\"name\":\"CD Beluso -\",\"isPartOf\":{\"@id\":\"https:\\\/\\\/www.anovapeneira.gal\\\/#website\"},\"primaryImageOfPage\":{\"@id\":\"https:\\\/\\\/www.anovapeneira.gal\\\/index.php\\\/2024\\\/12\\\/24\\\/cd-beluso\\\/#primaryimage\"},\"image\":{\"@id\":\"https:\\\/\\\/www.anovapeneira.gal\\\/index.php\\\/2024\\\/12\\\/24\\\/cd-beluso\\\/#primaryimage\"},\"thumbnailUrl\":\"https:\\\/\\\/www.anovapeneira.gal\\\/wp-content\\\/uploads\\\/2024\\\/12\\\/beluso_cd-1.jpg\",\"datePublished\":\"2024-12-24T09:00:24+00:00\",\"breadcrumb\":{\"@id\":\"https:\\\/\\\/www.anovapeneira.gal\\\/index.php\\\/2024\\\/12\\\/24\\\/cd-beluso\\\/#breadcrumb\"},\"inLanguage\":\"gl-ES\",\"potentialAction\":[{\"@type\":\"ReadAction\",\"target\":[\"https:\\\/\\\/www.anovapeneira.gal\\\/index.php\\\/2024\\\/12\\\/24\\\/cd-beluso\\\/\"]}]},{\"@type\":\"ImageObject\",\"inLanguage\":\"gl-ES\",\"@id\":\"https:\\\/\\\/www.anovapeneira.gal\\\/index.php\\\/2024\\\/12\\\/24\\\/cd-beluso\\\/#primaryimage\",\"url\":\"https:\\\/\\\/www.anovapeneira.gal\\\/wp-content\\\/uploads\\\/2024\\\/12\\\/beluso_cd-1.jpg\",\"contentUrl\":\"https:\\\/\\\/www.anovapeneira.gal\\\/wp-content\\\/uploads\\\/2024\\\/12\\\/beluso_cd-1.jpg\",\"width\":720,\"height\":432,\"caption\":\"CD Beluso\"},{\"@type\":\"BreadcrumbList\",\"@id\":\"https:\\\/\\\/www.anovapeneira.gal\\\/index.php\\\/2024\\\/12\\\/24\\\/cd-beluso\\\/#breadcrumb\",\"itemListElement\":[{\"@type\":\"ListItem\",\"position\":1,\"name\":\"Portada\",\"item\":\"https:\\\/\\\/www.anovapeneira.gal\\\/\"},{\"@type\":\"ListItem\",\"position\":2,\"name\":\"CD Beluso\"}]},{\"@type\":\"WebSite\",\"@id\":\"https:\\\/\\\/www.anovapeneira.gal\\\/#website\",\"url\":\"https:\\\/\\\/www.anovapeneira.gal\\\/\",\"name\":\"\",\"description\":\"Xornal galego de informaci\u00f3n xeral Publicaci\u00f3n mensual de novas de Galicia e en especial dos Concellos da sur da provincia de Pontevedra.\",\"publisher\":{\"@id\":\"https:\\\/\\\/www.anovapeneira.gal\\\/#organization\"},\"potentialAction\":[{\"@type\":\"SearchAction\",\"target\":{\"@type\":\"EntryPoint\",\"urlTemplate\":\"https:\\\/\\\/www.anovapeneira.gal\\\/?s={search_term_string}\"},\"query-input\":{\"@type\":\"PropertyValueSpecification\",\"valueRequired\":true,\"valueName\":\"search_term_string\"}}],\"inLanguage\":\"gl-ES\"},{\"@type\":\"Organization\",\"@id\":\"https:\\\/\\\/www.anovapeneira.gal\\\/#organization\",\"name\":\"A Nova Peneira\",\"url\":\"https:\\\/\\\/www.anovapeneira.gal\\\/\",\"logo\":{\"@type\":\"ImageObject\",\"inLanguage\":\"gl-ES\",\"@id\":\"https:\\\/\\\/www.anovapeneira.gal\\\/#\\\/schema\\\/logo\\\/image\\\/\",\"url\":\"http:\\\/\\\/www.anovapeneira.gal\\\/wp-content\\\/uploads\\\/2019\\\/06\\\/logo_a_nova_peneira_portal_web.png\",\"contentUrl\":\"http:\\\/\\\/www.anovapeneira.gal\\\/wp-content\\\/uploads\\\/2019\\\/06\\\/logo_a_nova_peneira_portal_web.png\",\"width\":300,\"height\":100,\"caption\":\"A Nova Peneira\"},\"image\":{\"@id\":\"https:\\\/\\\/www.anovapeneira.gal\\\/#\\\/schema\\\/logo\\\/image\\\/\"},\"sameAs\":[\"https:\\\/\\\/www.facebook.com\\\/anovapeneira\",\"https:\\\/\\\/x.com\\\/APeneira\"]},{\"@type\":\"Person\",\"@id\":\"https:\\\/\\\/www.anovapeneira.gal\\\/#\\\/schema\\\/person\\\/a907e49c1885c12d6f281770afd68766\",\"name\":\"Aar\u00f3n Franco\",\"image\":{\"@type\":\"ImageObject\",\"inLanguage\":\"gl-ES\",\"@id\":\"https:\\\/\\\/secure.gravatar.com\\\/avatar\\\/82f0614fe09ae3f066983f8d670d0ff15a0917fefe52b93ffa425275b87d6102?s=96&d=mm&r=g\",\"url\":\"https:\\\/\\\/secure.gravatar.com\\\/avatar\\\/82f0614fe09ae3f066983f8d670d0ff15a0917fefe52b93ffa425275b87d6102?s=96&d=mm&r=g\",\"contentUrl\":\"https:\\\/\\\/secure.gravatar.com\\\/avatar\\\/82f0614fe09ae3f066983f8d670d0ff15a0917fefe52b93ffa425275b87d6102?s=96&d=mm&r=g\",\"caption\":\"Aar\u00f3n Franco\"},\"sameAs\":[\"http:\\\/\\\/www.anovapeneira.gal\\\/\"],\"url\":\"https:\\\/\\\/www.anovapeneira.gal\\\/index.php\\\/author\\\/aaron-franco\\\/\"}]}<\/script>\n<!-- \/ Yoast SEO plugin. -->","yoast_head_json":{"title":"CD Beluso -","robots":{"index":"index","follow":"follow","max-snippet":"max-snippet:-1","max-image-preview":"max-image-preview:large","max-video-preview":"max-video-preview:-1"},"canonical":"https:\/\/www.anovapeneira.gal\/index.php\/2024\/12\/24\/cd-beluso\/","og_locale":"gl_ES","og_type":"article","og_title":"CD Beluso -","og_description":"A Cultural Deportiva Beluso, fundada en 1975 na parroquia de Beluso, Bueu, \u00e9 un exemplo de perseveranza e paix\u00f3n polo f\u00fatbol en Galicia [...]","og_url":"https:\/\/www.anovapeneira.gal\/index.php\/2024\/12\/24\/cd-beluso\/","article_publisher":"https:\/\/www.facebook.com\/anovapeneira","article_published_time":"2024-12-24T09:00:24+00:00","og_image":[{"width":720,"height":432,"url":"https:\/\/www.anovapeneira.gal\/wp-content\/uploads\/2024\/12\/beluso_cd-1.jpg","type":"image\/jpeg"}],"author":"Aar\u00f3n Franco","twitter_card":"summary_large_image","twitter_creator":"@APeneira","twitter_site":"@APeneira","twitter_misc":{"Escrito por":"Aar\u00f3n Franco","Tempo de lectura":"9 minutos"},"schema":{"@context":"https:\/\/schema.org","@graph":[{"@type":"Article","@id":"https:\/\/www.anovapeneira.gal\/index.php\/2024\/12\/24\/cd-beluso\/#article","isPartOf":{"@id":"https:\/\/www.anovapeneira.gal\/index.php\/2024\/12\/24\/cd-beluso\/"},"author":{"name":"Aar\u00f3n Franco","@id":"https:\/\/www.anovapeneira.gal\/#\/schema\/person\/a907e49c1885c12d6f281770afd68766"},"headline":"CD Beluso","datePublished":"2024-12-24T09:00:24+00:00","mainEntityOfPage":{"@id":"https:\/\/www.anovapeneira.gal\/index.php\/2024\/12\/24\/cd-beluso\/"},"wordCount":2506,"commentCount":0,"publisher":{"@id":"https:\/\/www.anovapeneira.gal\/#organization"},"image":{"@id":"https:\/\/www.anovapeneira.gal\/index.php\/2024\/12\/24\/cd-beluso\/#primaryimage"},"thumbnailUrl":"https:\/\/www.anovapeneira.gal\/wp-content\/uploads\/2024\/12\/beluso_cd-1.jpg","keywords":["Concello de Bueu"],"articleSection":["Morrazo"],"inLanguage":"gl-ES","potentialAction":[{"@type":"CommentAction","name":"Comment","target":["https:\/\/www.anovapeneira.gal\/index.php\/2024\/12\/24\/cd-beluso\/#respond"]}]},{"@type":"WebPage","@id":"https:\/\/www.anovapeneira.gal\/index.php\/2024\/12\/24\/cd-beluso\/","url":"https:\/\/www.anovapeneira.gal\/index.php\/2024\/12\/24\/cd-beluso\/","name":"CD Beluso -","isPartOf":{"@id":"https:\/\/www.anovapeneira.gal\/#website"},"primaryImageOfPage":{"@id":"https:\/\/www.anovapeneira.gal\/index.php\/2024\/12\/24\/cd-beluso\/#primaryimage"},"image":{"@id":"https:\/\/www.anovapeneira.gal\/index.php\/2024\/12\/24\/cd-beluso\/#primaryimage"},"thumbnailUrl":"https:\/\/www.anovapeneira.gal\/wp-content\/uploads\/2024\/12\/beluso_cd-1.jpg","datePublished":"2024-12-24T09:00:24+00:00","breadcrumb":{"@id":"https:\/\/www.anovapeneira.gal\/index.php\/2024\/12\/24\/cd-beluso\/#breadcrumb"},"inLanguage":"gl-ES","potentialAction":[{"@type":"ReadAction","target":["https:\/\/www.anovapeneira.gal\/index.php\/2024\/12\/24\/cd-beluso\/"]}]},{"@type":"ImageObject","inLanguage":"gl-ES","@id":"https:\/\/www.anovapeneira.gal\/index.php\/2024\/12\/24\/cd-beluso\/#primaryimage","url":"https:\/\/www.anovapeneira.gal\/wp-content\/uploads\/2024\/12\/beluso_cd-1.jpg","contentUrl":"https:\/\/www.anovapeneira.gal\/wp-content\/uploads\/2024\/12\/beluso_cd-1.jpg","width":720,"height":432,"caption":"CD Beluso"},{"@type":"BreadcrumbList","@id":"https:\/\/www.anovapeneira.gal\/index.php\/2024\/12\/24\/cd-beluso\/#breadcrumb","itemListElement":[{"@type":"ListItem","position":1,"name":"Portada","item":"https:\/\/www.anovapeneira.gal\/"},{"@type":"ListItem","position":2,"name":"CD Beluso"}]},{"@type":"WebSite","@id":"https:\/\/www.anovapeneira.gal\/#website","url":"https:\/\/www.anovapeneira.gal\/","name":"","description":"Xornal galego de informaci\u00f3n xeral Publicaci\u00f3n mensual de novas de Galicia e en especial dos Concellos da sur da provincia de Pontevedra.","publisher":{"@id":"https:\/\/www.anovapeneira.gal\/#organization"},"potentialAction":[{"@type":"SearchAction","target":{"@type":"EntryPoint","urlTemplate":"https:\/\/www.anovapeneira.gal\/?s={search_term_string}"},"query-input":{"@type":"PropertyValueSpecification","valueRequired":true,"valueName":"search_term_string"}}],"inLanguage":"gl-ES"},{"@type":"Organization","@id":"https:\/\/www.anovapeneira.gal\/#organization","name":"A Nova Peneira","url":"https:\/\/www.anovapeneira.gal\/","logo":{"@type":"ImageObject","inLanguage":"gl-ES","@id":"https:\/\/www.anovapeneira.gal\/#\/schema\/logo\/image\/","url":"http:\/\/www.anovapeneira.gal\/wp-content\/uploads\/2019\/06\/logo_a_nova_peneira_portal_web.png","contentUrl":"http:\/\/www.anovapeneira.gal\/wp-content\/uploads\/2019\/06\/logo_a_nova_peneira_portal_web.png","width":300,"height":100,"caption":"A Nova Peneira"},"image":{"@id":"https:\/\/www.anovapeneira.gal\/#\/schema\/logo\/image\/"},"sameAs":["https:\/\/www.facebook.com\/anovapeneira","https:\/\/x.com\/APeneira"]},{"@type":"Person","@id":"https:\/\/www.anovapeneira.gal\/#\/schema\/person\/a907e49c1885c12d6f281770afd68766","name":"Aar\u00f3n Franco","image":{"@type":"ImageObject","inLanguage":"gl-ES","@id":"https:\/\/secure.gravatar.com\/avatar\/82f0614fe09ae3f066983f8d670d0ff15a0917fefe52b93ffa425275b87d6102?s=96&d=mm&r=g","url":"https:\/\/secure.gravatar.com\/avatar\/82f0614fe09ae3f066983f8d670d0ff15a0917fefe52b93ffa425275b87d6102?s=96&d=mm&r=g","contentUrl":"https:\/\/secure.gravatar.com\/avatar\/82f0614fe09ae3f066983f8d670d0ff15a0917fefe52b93ffa425275b87d6102?s=96&d=mm&r=g","caption":"Aar\u00f3n Franco"},"sameAs":["http:\/\/www.anovapeneira.gal\/"],"url":"https:\/\/www.anovapeneira.gal\/index.php\/author\/aaron-franco\/"}]}},"jetpack_featured_media_url":"https:\/\/www.anovapeneira.gal\/wp-content\/uploads\/2024\/12\/beluso_cd-1.jpg","_links":{"self":[{"href":"https:\/\/www.anovapeneira.gal\/index.php\/wp-json\/wp\/v2\/posts\/12980","targetHints":{"allow":["GET"]}}],"collection":[{"href":"https:\/\/www.anovapeneira.gal\/index.php\/wp-json\/wp\/v2\/posts"}],"about":[{"href":"https:\/\/www.anovapeneira.gal\/index.php\/wp-json\/wp\/v2\/types\/post"}],"author":[{"embeddable":true,"href":"https:\/\/www.anovapeneira.gal\/index.php\/wp-json\/wp\/v2\/users\/23"}],"replies":[{"embeddable":true,"href":"https:\/\/www.anovapeneira.gal\/index.php\/wp-json\/wp\/v2\/comments?post=12980"}],"version-history":[{"count":1,"href":"https:\/\/www.anovapeneira.gal\/index.php\/wp-json\/wp\/v2\/posts\/12980\/revisions"}],"predecessor-version":[{"id":12983,"href":"https:\/\/www.anovapeneira.gal\/index.php\/wp-json\/wp\/v2\/posts\/12980\/revisions\/12983"}],"wp:featuredmedia":[{"embeddable":true,"href":"https:\/\/www.anovapeneira.gal\/index.php\/wp-json\/wp\/v2\/media\/12982"}],"wp:attachment":[{"href":"https:\/\/www.anovapeneira.gal\/index.php\/wp-json\/wp\/v2\/media?parent=12980"}],"wp:term":[{"taxonomy":"category","embeddable":true,"href":"https:\/\/www.anovapeneira.gal\/index.php\/wp-json\/wp\/v2\/categories?post=12980"},{"taxonomy":"post_tag","embeddable":true,"href":"https:\/\/www.anovapeneira.gal\/index.php\/wp-json\/wp\/v2\/tags?post=12980"}],"curies":[{"name":"wp","href":"https:\/\/api.w.org\/{rel}","templated":true}]}}