{"id":12984,"date":"2024-12-24T12:00:28","date_gmt":"2024-12-24T11:00:28","guid":{"rendered":"https:\/\/www.anovapeneira.gal\/?p=12984"},"modified":"2024-12-14T11:03:58","modified_gmt":"2024-12-14T10:03:58","slug":"constitucion-non-e-igual-a-democracia","status":"publish","type":"post","link":"https:\/\/www.anovapeneira.gal\/index.php\/2024\/12\/24\/constitucion-non-e-igual-a-democracia\/","title":{"rendered":"Constituci\u00f3n non \u00e9 igual a democracia"},"content":{"rendered":"\n<figure class=\"wp-block-image size-full is-resized\"><img loading=\"lazy\" decoding=\"async\" width=\"513\" height=\"662\" src=\"https:\/\/www.anovapeneira.gal\/wp-content\/uploads\/2024\/03\/Aaron-foto-actual.jpg\" alt=\"\" class=\"wp-image-11469\" style=\"width:105px;height:auto\" srcset=\"https:\/\/www.anovapeneira.gal\/wp-content\/uploads\/2024\/03\/Aaron-foto-actual.jpg 513w, https:\/\/www.anovapeneira.gal\/wp-content\/uploads\/2024\/03\/Aaron-foto-actual-232x300.jpg 232w\" sizes=\"auto, (max-width: 513px) 100vw, 513px\" \/><figcaption class=\"wp-element-caption\">Aar\u00f3n Franco, escritor de Mar\u00edn<\/figcaption><\/figure>\n\n\n\n<p>Co gallo do 6 de decembro e a celebraci\u00f3n por parte do oficialismo do estado do aniversario da constituci\u00f3n do 78, gustar\u00edame facer alguns apuntamentos.<\/p>\n\n\n\n<p>A Constituci\u00f3n de 1978 foi un instrumento que blindou os privilexios das elites, consolidou unha estrutura estatal centralista e autoritaria, e negou calquera posibilidade real de cambio de paradigma. Unha reforma do franquismo para adaptar as s\u00faas estructuras cara un novo modelo.<\/p>\n\n\n\n<p>Esta constituci\u00f3n seica &#8220;democr\u00e1tica&#8221;, a trav\u00e9s do artigo 2, nega de ra\u00edz o dereito dos pobos a decidir, tratando de converter a unidade estatal nun dogma inmutable. Este principio, amparado pola presi\u00f3n das Forzas Armadas \u2013cuxa lealdade \u00e1 Constituci\u00f3n \u00e9 expresamente mencionada no artigo 8\u2013, \u00e9 un claro reflexo do impedimento polas botas das elites postfranquistas a calquera intento de ruptura democr\u00e1tica. O texto constitucional non s\u00f3 se redactou baixo o peso da herdanza do r\u00e9xime, sen\u00f3n tam\u00e9n con ameazas expl\u00edcitas de intervenci\u00f3n militar no caso de que as demandas de autogoberno fosen m\u00e1is al\u00f3 do que o sistema estaba disposto a aceptar. E nisto colaboraron os chamados &#8220;pa\u00eds&#8221; da constituci\u00f3n. Xente como Fraga Iribarne (la calle es m\u00eda), pero tam\u00e9n representantes de partidos que se chaman a si mesmos obreiros e progresistas. Eles non son &#8220;pais&#8221; de nada, eles estaban al\u00ed simplemente para asegurarse de que as cousas non pasar\u00e1n, que non houbera ruptura co r\u00e9xime anterior. Eran os polic\u00edas de control.<\/p>\n\n\n\n<p>Galiza ao igual que Catalu\u00f1a e Euskadi, viu reducido o seu estatus a unha mera autonom\u00eda m\u00e1is, a pesar de ser unha naci\u00f3n reco\u00f1ecida, incluso, no Estatuto de Autonom\u00eda de 1936. A Constituci\u00f3n negou unha oportunidade real de reco\u00f1ecer a plurinacionalidade do Estado e estableceu un marco no que Galiza queda subordinada \u00e1 legalidade espa\u00f1ola, sen marxe para decidir democraticamente o que quere ser.<\/p>\n\n\n\n<p>Podemos entrar a valorar tam\u00e9n o anacronismo antidemocr\u00e1tico da monarqu\u00eda.<\/p>\n\n\n\n<p>O T\u00edtulo II da Constituci\u00f3n, que consagra a monarqu\u00eda como forma de xefatura do Estado, \u00e9 un dos puntos m\u00e1is flagrantes da s\u00faa natureza antidemocr\u00e1tica. A figura do rei, herdada directamente do franquismo, foi imposta como garante do sistema sen consulta popular ningunha. Este feito, avalado polos &#8220;pais da Constituci\u00f3n&#8221;, supuxo a perpetuaci\u00f3n dun modelo elitista no que un xefe de Estado non electo concentra poderes simb\u00f3licos e pol\u00edticos clave. A monarqu\u00eda non s\u00f3 \u00e9 un anacronismo nun contexto europeo que avanza cara a modelos republicanos, sen\u00f3n que funciona como ferramenta de cohesi\u00f3n dunha unidade espa\u00f1ola constru\u00edda contra os pobos que a integran. Si, contra os pobos.<\/p>\n\n\n\n<p>A defensa dun sistema mon\u00e1rquico contrad\u00ed os principios fundamentais dunha democracia moderna. Nun Estado que se di democr\u00e1tico, \u00e9 inconcibible que a m\u00e1is alta representaci\u00f3n institucional sexa herdada por li\u00f1a sangu\u00ednea e non sometida ao escrutinio cidad\u00e1n. Ademais, a monarqu\u00eda espa\u00f1ola converteuse nun s\u00edmbolo de corrupci\u00f3n, privilexios e complicidade coas elites econ\u00f3micas, socavando a\u00ednda m\u00e1is a confianza da cidadan\u00eda nas instituci\u00f3ns.<\/p>\n\n\n\n<p><strong>O mito dos &#8220;pais da Constituci\u00f3n&#8221; e o falso consenso<\/strong><\/p>\n\n\n\n<p>A narrativa oficial que glorifica aos &#8220;pais da Constituci\u00f3n&#8221; \u00e9 outra peza fundamental para manter este texto blindado ante as cr\u00edticas. V\u00e9ndense como art\u00edfices dun consenso que nunca existiu realmente, pois o texto foi redactado baixo unha enorme desigualdade de poder entre as forzas pol\u00edticas. Os franquistas reformistas, aliados coas novas elites pol\u00edticas, puxeron as bases dun sistema que conservaba os privilexios do r\u00e9xime anterior e que, ao mesmo tempo, neutralizaba calquera forza transformadora.<\/p>\n\n\n\n<p>Este pacto constitucional non foi m\u00e1is que unha tregua que obrigou \u00e1s forzas democr\u00e1ticas e \u00e1s naci\u00f3ns sen estado a aceptar unha serie de condici\u00f3ns innegociables. Para Galiza, significou un marco auton\u00f3mico que limita a nosa capacidade de autogoberno e que nos encadea a un modelo econ\u00f3mico, cultural e pol\u00edtico dependente e centralista. O suposto consenso foi, en realidade, unha imposici\u00f3n que buscaba lexitimar un modelo estatal esgotado antes de que puidese ser cuestionado.<\/p>\n\n\n\n<p>A Constituci\u00f3n de 1978 negoulle a Galicia a capacidade de decidir sobre o seu futuro. Mentres o artigo 1 establece que a soberan\u00eda reside no pobo espa\u00f1ol, isto apl\u00edcase de forma homox\u00e9nea e negando calquera soberan\u00eda diferenciada para os pobos que compo\u00f1en o Estado. Este marco imposibilita que Galiza poida artellar un modelo propio, sexa este republicano, federal, confederal ou de independencia.<\/p>\n\n\n\n<p>O reco\u00f1ecemento de Galiza como naci\u00f3n pasa pola defensa do seu dereito a decidir, non como unha concesi\u00f3n do Estado espa\u00f1ol, sen\u00f3n como unha reclamaci\u00f3n democr\u00e1tica. A Constituci\u00f3n perpet\u00faa a subordinaci\u00f3n do noso idioma, a nosa cultura e a nosa econom\u00eda a intereses alleos. Fronte a isto, a esquerda e o nacionalismo galego deben apostar por un novo marco no que Galicia poida exercer plenamente a s\u00faa soberan\u00eda, sen tutelas nin limitaci\u00f3ns impostas.<\/p>\n\n\n\n<p>Hoxe, m\u00e1is de corenta anos despois da s\u00faa aprobaci\u00f3n, a Constituci\u00f3n de 1978 est\u00e1 claramente superada. O centralismo exacerbado, a monarqu\u00eda corrupta, o autoritarismo institucional e a negaci\u00f3n dos dereitos das naci\u00f3ns sen estado non son compatibles coas demandas dunha sociedade plural e democr\u00e1tica. Desde Galiza, \u00e9 imprescindible reclamar a apertura dun proceso constitu\u00ednte que rompa cos candados do 78 e que nos permita decidir colectivamente que queremos ser como pobo. S\u00f3 as\u00ed poderemos constru\u00edr un futuro xusto, igualitario e plenamente democr\u00e1tico.<\/p>\n","protected":false},"excerpt":{"rendered":"<div class=\"mh-excerpt\"><p>Co gallo do 6 de decembro e a celebraci\u00f3n por parte do oficialismo do estado do aniversario da constituci\u00f3n do 78, gustar\u00edame facer alguns apuntamentos. <a class=\"mh-excerpt-more\" href=\"https:\/\/www.anovapeneira.gal\/index.php\/2024\/12\/24\/constitucion-non-e-igual-a-democracia\/\" title=\"Constituci\u00f3n non \u00e9 igual a democracia\">[&#8230;]<\/a><\/p>\n<\/div>","protected":false},"author":23,"featured_media":584,"comment_status":"open","ping_status":"open","sticky":false,"template":"","format":"standard","meta":{"_exactmetrics_skip_tracking":false,"_exactmetrics_sitenote_active":false,"_exactmetrics_sitenote_note":"","_exactmetrics_sitenote_category":0,"footnotes":""},"categories":[7],"tags":[],"class_list":{"0":"post-12984","1":"post","2":"type-post","3":"status-publish","4":"format-standard","5":"has-post-thumbnail","7":"category-artigos-de-opinion"},"yoast_head":"<!-- This site is optimized with the Yoast SEO plugin v27.4 - https:\/\/yoast.com\/product\/yoast-seo-wordpress\/ -->\n<title>Constituci\u00f3n non \u00e9 igual a democracia -<\/title>\n<meta name=\"robots\" content=\"index, follow, max-snippet:-1, max-image-preview:large, max-video-preview:-1\" \/>\n<link rel=\"canonical\" href=\"https:\/\/www.anovapeneira.gal\/index.php\/2024\/12\/24\/constitucion-non-e-igual-a-democracia\/\" \/>\n<meta property=\"og:locale\" content=\"gl_ES\" \/>\n<meta property=\"og:type\" content=\"article\" \/>\n<meta property=\"og:title\" content=\"Constituci\u00f3n non \u00e9 igual a democracia -\" \/>\n<meta property=\"og:description\" content=\"Co gallo do 6 de decembro e a celebraci\u00f3n por parte do oficialismo do estado do aniversario da constituci\u00f3n do 78, gustar\u00edame facer alguns apuntamentos. [...]\" \/>\n<meta property=\"og:url\" content=\"https:\/\/www.anovapeneira.gal\/index.php\/2024\/12\/24\/constitucion-non-e-igual-a-democracia\/\" \/>\n<meta property=\"article:publisher\" content=\"https:\/\/www.facebook.com\/anovapeneira\" \/>\n<meta property=\"article:published_time\" content=\"2024-12-24T11:00:28+00:00\" \/>\n<meta property=\"og:image\" content=\"https:\/\/www.anovapeneira.gal\/wp-content\/uploads\/2019\/07\/ARTIGO_DE_OPINION_A_NOVA_PENEIRA.jpg\" \/>\n\t<meta property=\"og:image:width\" content=\"720\" \/>\n\t<meta property=\"og:image:height\" content=\"473\" \/>\n\t<meta property=\"og:image:type\" content=\"image\/jpeg\" \/>\n<meta name=\"author\" content=\"Aar\u00f3n Franco\" \/>\n<meta name=\"twitter:card\" content=\"summary_large_image\" \/>\n<meta name=\"twitter:image\" content=\"https:\/\/www.anovapeneira.gal\/wp-content\/uploads\/2019\/07\/ARTIGO_DE_OPINION_A_NOVA_PENEIRA.jpg\" \/>\n<meta name=\"twitter:creator\" content=\"@APeneira\" \/>\n<meta name=\"twitter:site\" content=\"@APeneira\" \/>\n<meta name=\"twitter:label1\" content=\"Escrito por\" \/>\n\t<meta name=\"twitter:data1\" content=\"Aar\u00f3n Franco\" \/>\n\t<meta name=\"twitter:label2\" content=\"Tempo de lectura\" \/>\n\t<meta name=\"twitter:data2\" content=\"6 minutos\" \/>\n<script type=\"application\/ld+json\" class=\"yoast-schema-graph\">{\"@context\":\"https:\\\/\\\/schema.org\",\"@graph\":[{\"@type\":\"Article\",\"@id\":\"https:\\\/\\\/www.anovapeneira.gal\\\/index.php\\\/2024\\\/12\\\/24\\\/constitucion-non-e-igual-a-democracia\\\/#article\",\"isPartOf\":{\"@id\":\"https:\\\/\\\/www.anovapeneira.gal\\\/index.php\\\/2024\\\/12\\\/24\\\/constitucion-non-e-igual-a-democracia\\\/\"},\"author\":{\"name\":\"Aar\u00f3n Franco\",\"@id\":\"https:\\\/\\\/www.anovapeneira.gal\\\/#\\\/schema\\\/person\\\/a907e49c1885c12d6f281770afd68766\"},\"headline\":\"Constituci\u00f3n non \u00e9 igual a democracia\",\"datePublished\":\"2024-12-24T11:00:28+00:00\",\"mainEntityOfPage\":{\"@id\":\"https:\\\/\\\/www.anovapeneira.gal\\\/index.php\\\/2024\\\/12\\\/24\\\/constitucion-non-e-igual-a-democracia\\\/\"},\"wordCount\":957,\"commentCount\":0,\"publisher\":{\"@id\":\"https:\\\/\\\/www.anovapeneira.gal\\\/#organization\"},\"image\":{\"@id\":\"https:\\\/\\\/www.anovapeneira.gal\\\/index.php\\\/2024\\\/12\\\/24\\\/constitucion-non-e-igual-a-democracia\\\/#primaryimage\"},\"thumbnailUrl\":\"https:\\\/\\\/www.anovapeneira.gal\\\/wp-content\\\/uploads\\\/2019\\\/07\\\/ARTIGO_DE_OPINION_A_NOVA_PENEIRA.jpg\",\"articleSection\":[\"Artigos de opini\u00f3n\"],\"inLanguage\":\"gl-ES\",\"potentialAction\":[{\"@type\":\"CommentAction\",\"name\":\"Comment\",\"target\":[\"https:\\\/\\\/www.anovapeneira.gal\\\/index.php\\\/2024\\\/12\\\/24\\\/constitucion-non-e-igual-a-democracia\\\/#respond\"]}]},{\"@type\":\"WebPage\",\"@id\":\"https:\\\/\\\/www.anovapeneira.gal\\\/index.php\\\/2024\\\/12\\\/24\\\/constitucion-non-e-igual-a-democracia\\\/\",\"url\":\"https:\\\/\\\/www.anovapeneira.gal\\\/index.php\\\/2024\\\/12\\\/24\\\/constitucion-non-e-igual-a-democracia\\\/\",\"name\":\"Constituci\u00f3n non \u00e9 igual a democracia -\",\"isPartOf\":{\"@id\":\"https:\\\/\\\/www.anovapeneira.gal\\\/#website\"},\"primaryImageOfPage\":{\"@id\":\"https:\\\/\\\/www.anovapeneira.gal\\\/index.php\\\/2024\\\/12\\\/24\\\/constitucion-non-e-igual-a-democracia\\\/#primaryimage\"},\"image\":{\"@id\":\"https:\\\/\\\/www.anovapeneira.gal\\\/index.php\\\/2024\\\/12\\\/24\\\/constitucion-non-e-igual-a-democracia\\\/#primaryimage\"},\"thumbnailUrl\":\"https:\\\/\\\/www.anovapeneira.gal\\\/wp-content\\\/uploads\\\/2019\\\/07\\\/ARTIGO_DE_OPINION_A_NOVA_PENEIRA.jpg\",\"datePublished\":\"2024-12-24T11:00:28+00:00\",\"breadcrumb\":{\"@id\":\"https:\\\/\\\/www.anovapeneira.gal\\\/index.php\\\/2024\\\/12\\\/24\\\/constitucion-non-e-igual-a-democracia\\\/#breadcrumb\"},\"inLanguage\":\"gl-ES\",\"potentialAction\":[{\"@type\":\"ReadAction\",\"target\":[\"https:\\\/\\\/www.anovapeneira.gal\\\/index.php\\\/2024\\\/12\\\/24\\\/constitucion-non-e-igual-a-democracia\\\/\"]}]},{\"@type\":\"ImageObject\",\"inLanguage\":\"gl-ES\",\"@id\":\"https:\\\/\\\/www.anovapeneira.gal\\\/index.php\\\/2024\\\/12\\\/24\\\/constitucion-non-e-igual-a-democracia\\\/#primaryimage\",\"url\":\"https:\\\/\\\/www.anovapeneira.gal\\\/wp-content\\\/uploads\\\/2019\\\/07\\\/ARTIGO_DE_OPINION_A_NOVA_PENEIRA.jpg\",\"contentUrl\":\"https:\\\/\\\/www.anovapeneira.gal\\\/wp-content\\\/uploads\\\/2019\\\/07\\\/ARTIGO_DE_OPINION_A_NOVA_PENEIRA.jpg\",\"width\":720,\"height\":473,\"caption\":\"Artigo de opini\u00f3n A Nova Peneira\"},{\"@type\":\"BreadcrumbList\",\"@id\":\"https:\\\/\\\/www.anovapeneira.gal\\\/index.php\\\/2024\\\/12\\\/24\\\/constitucion-non-e-igual-a-democracia\\\/#breadcrumb\",\"itemListElement\":[{\"@type\":\"ListItem\",\"position\":1,\"name\":\"Portada\",\"item\":\"https:\\\/\\\/www.anovapeneira.gal\\\/\"},{\"@type\":\"ListItem\",\"position\":2,\"name\":\"Constituci\u00f3n non \u00e9 igual a democracia\"}]},{\"@type\":\"WebSite\",\"@id\":\"https:\\\/\\\/www.anovapeneira.gal\\\/#website\",\"url\":\"https:\\\/\\\/www.anovapeneira.gal\\\/\",\"name\":\"\",\"description\":\"Xornal galego de informaci\u00f3n xeral Publicaci\u00f3n mensual de novas de Galicia e en especial dos Concellos da sur da provincia de Pontevedra.\",\"publisher\":{\"@id\":\"https:\\\/\\\/www.anovapeneira.gal\\\/#organization\"},\"potentialAction\":[{\"@type\":\"SearchAction\",\"target\":{\"@type\":\"EntryPoint\",\"urlTemplate\":\"https:\\\/\\\/www.anovapeneira.gal\\\/?s={search_term_string}\"},\"query-input\":{\"@type\":\"PropertyValueSpecification\",\"valueRequired\":true,\"valueName\":\"search_term_string\"}}],\"inLanguage\":\"gl-ES\"},{\"@type\":\"Organization\",\"@id\":\"https:\\\/\\\/www.anovapeneira.gal\\\/#organization\",\"name\":\"A Nova Peneira\",\"url\":\"https:\\\/\\\/www.anovapeneira.gal\\\/\",\"logo\":{\"@type\":\"ImageObject\",\"inLanguage\":\"gl-ES\",\"@id\":\"https:\\\/\\\/www.anovapeneira.gal\\\/#\\\/schema\\\/logo\\\/image\\\/\",\"url\":\"http:\\\/\\\/www.anovapeneira.gal\\\/wp-content\\\/uploads\\\/2019\\\/06\\\/logo_a_nova_peneira_portal_web.png\",\"contentUrl\":\"http:\\\/\\\/www.anovapeneira.gal\\\/wp-content\\\/uploads\\\/2019\\\/06\\\/logo_a_nova_peneira_portal_web.png\",\"width\":300,\"height\":100,\"caption\":\"A Nova Peneira\"},\"image\":{\"@id\":\"https:\\\/\\\/www.anovapeneira.gal\\\/#\\\/schema\\\/logo\\\/image\\\/\"},\"sameAs\":[\"https:\\\/\\\/www.facebook.com\\\/anovapeneira\",\"https:\\\/\\\/x.com\\\/APeneira\"]},{\"@type\":\"Person\",\"@id\":\"https:\\\/\\\/www.anovapeneira.gal\\\/#\\\/schema\\\/person\\\/a907e49c1885c12d6f281770afd68766\",\"name\":\"Aar\u00f3n Franco\",\"image\":{\"@type\":\"ImageObject\",\"inLanguage\":\"gl-ES\",\"@id\":\"https:\\\/\\\/secure.gravatar.com\\\/avatar\\\/82f0614fe09ae3f066983f8d670d0ff15a0917fefe52b93ffa425275b87d6102?s=96&d=mm&r=g\",\"url\":\"https:\\\/\\\/secure.gravatar.com\\\/avatar\\\/82f0614fe09ae3f066983f8d670d0ff15a0917fefe52b93ffa425275b87d6102?s=96&d=mm&r=g\",\"contentUrl\":\"https:\\\/\\\/secure.gravatar.com\\\/avatar\\\/82f0614fe09ae3f066983f8d670d0ff15a0917fefe52b93ffa425275b87d6102?s=96&d=mm&r=g\",\"caption\":\"Aar\u00f3n Franco\"},\"sameAs\":[\"http:\\\/\\\/www.anovapeneira.gal\\\/\"],\"url\":\"https:\\\/\\\/www.anovapeneira.gal\\\/index.php\\\/author\\\/aaron-franco\\\/\"}]}<\/script>\n<!-- \/ Yoast SEO plugin. -->","yoast_head_json":{"title":"Constituci\u00f3n non \u00e9 igual a democracia -","robots":{"index":"index","follow":"follow","max-snippet":"max-snippet:-1","max-image-preview":"max-image-preview:large","max-video-preview":"max-video-preview:-1"},"canonical":"https:\/\/www.anovapeneira.gal\/index.php\/2024\/12\/24\/constitucion-non-e-igual-a-democracia\/","og_locale":"gl_ES","og_type":"article","og_title":"Constituci\u00f3n non \u00e9 igual a democracia -","og_description":"Co gallo do 6 de decembro e a celebraci\u00f3n por parte do oficialismo do estado do aniversario da constituci\u00f3n do 78, gustar\u00edame facer alguns apuntamentos. [...]","og_url":"https:\/\/www.anovapeneira.gal\/index.php\/2024\/12\/24\/constitucion-non-e-igual-a-democracia\/","article_publisher":"https:\/\/www.facebook.com\/anovapeneira","article_published_time":"2024-12-24T11:00:28+00:00","og_image":[{"width":720,"height":473,"url":"https:\/\/www.anovapeneira.gal\/wp-content\/uploads\/2019\/07\/ARTIGO_DE_OPINION_A_NOVA_PENEIRA.jpg","type":"image\/jpeg"}],"author":"Aar\u00f3n Franco","twitter_card":"summary_large_image","twitter_image":"https:\/\/www.anovapeneira.gal\/wp-content\/uploads\/2019\/07\/ARTIGO_DE_OPINION_A_NOVA_PENEIRA.jpg","twitter_creator":"@APeneira","twitter_site":"@APeneira","twitter_misc":{"Escrito por":"Aar\u00f3n Franco","Tempo de lectura":"6 minutos"},"schema":{"@context":"https:\/\/schema.org","@graph":[{"@type":"Article","@id":"https:\/\/www.anovapeneira.gal\/index.php\/2024\/12\/24\/constitucion-non-e-igual-a-democracia\/#article","isPartOf":{"@id":"https:\/\/www.anovapeneira.gal\/index.php\/2024\/12\/24\/constitucion-non-e-igual-a-democracia\/"},"author":{"name":"Aar\u00f3n Franco","@id":"https:\/\/www.anovapeneira.gal\/#\/schema\/person\/a907e49c1885c12d6f281770afd68766"},"headline":"Constituci\u00f3n non \u00e9 igual a democracia","datePublished":"2024-12-24T11:00:28+00:00","mainEntityOfPage":{"@id":"https:\/\/www.anovapeneira.gal\/index.php\/2024\/12\/24\/constitucion-non-e-igual-a-democracia\/"},"wordCount":957,"commentCount":0,"publisher":{"@id":"https:\/\/www.anovapeneira.gal\/#organization"},"image":{"@id":"https:\/\/www.anovapeneira.gal\/index.php\/2024\/12\/24\/constitucion-non-e-igual-a-democracia\/#primaryimage"},"thumbnailUrl":"https:\/\/www.anovapeneira.gal\/wp-content\/uploads\/2019\/07\/ARTIGO_DE_OPINION_A_NOVA_PENEIRA.jpg","articleSection":["Artigos de opini\u00f3n"],"inLanguage":"gl-ES","potentialAction":[{"@type":"CommentAction","name":"Comment","target":["https:\/\/www.anovapeneira.gal\/index.php\/2024\/12\/24\/constitucion-non-e-igual-a-democracia\/#respond"]}]},{"@type":"WebPage","@id":"https:\/\/www.anovapeneira.gal\/index.php\/2024\/12\/24\/constitucion-non-e-igual-a-democracia\/","url":"https:\/\/www.anovapeneira.gal\/index.php\/2024\/12\/24\/constitucion-non-e-igual-a-democracia\/","name":"Constituci\u00f3n non \u00e9 igual a democracia -","isPartOf":{"@id":"https:\/\/www.anovapeneira.gal\/#website"},"primaryImageOfPage":{"@id":"https:\/\/www.anovapeneira.gal\/index.php\/2024\/12\/24\/constitucion-non-e-igual-a-democracia\/#primaryimage"},"image":{"@id":"https:\/\/www.anovapeneira.gal\/index.php\/2024\/12\/24\/constitucion-non-e-igual-a-democracia\/#primaryimage"},"thumbnailUrl":"https:\/\/www.anovapeneira.gal\/wp-content\/uploads\/2019\/07\/ARTIGO_DE_OPINION_A_NOVA_PENEIRA.jpg","datePublished":"2024-12-24T11:00:28+00:00","breadcrumb":{"@id":"https:\/\/www.anovapeneira.gal\/index.php\/2024\/12\/24\/constitucion-non-e-igual-a-democracia\/#breadcrumb"},"inLanguage":"gl-ES","potentialAction":[{"@type":"ReadAction","target":["https:\/\/www.anovapeneira.gal\/index.php\/2024\/12\/24\/constitucion-non-e-igual-a-democracia\/"]}]},{"@type":"ImageObject","inLanguage":"gl-ES","@id":"https:\/\/www.anovapeneira.gal\/index.php\/2024\/12\/24\/constitucion-non-e-igual-a-democracia\/#primaryimage","url":"https:\/\/www.anovapeneira.gal\/wp-content\/uploads\/2019\/07\/ARTIGO_DE_OPINION_A_NOVA_PENEIRA.jpg","contentUrl":"https:\/\/www.anovapeneira.gal\/wp-content\/uploads\/2019\/07\/ARTIGO_DE_OPINION_A_NOVA_PENEIRA.jpg","width":720,"height":473,"caption":"Artigo de opini\u00f3n A Nova Peneira"},{"@type":"BreadcrumbList","@id":"https:\/\/www.anovapeneira.gal\/index.php\/2024\/12\/24\/constitucion-non-e-igual-a-democracia\/#breadcrumb","itemListElement":[{"@type":"ListItem","position":1,"name":"Portada","item":"https:\/\/www.anovapeneira.gal\/"},{"@type":"ListItem","position":2,"name":"Constituci\u00f3n non \u00e9 igual a democracia"}]},{"@type":"WebSite","@id":"https:\/\/www.anovapeneira.gal\/#website","url":"https:\/\/www.anovapeneira.gal\/","name":"","description":"Xornal galego de informaci\u00f3n xeral Publicaci\u00f3n mensual de novas de Galicia e en especial dos Concellos da sur da provincia de Pontevedra.","publisher":{"@id":"https:\/\/www.anovapeneira.gal\/#organization"},"potentialAction":[{"@type":"SearchAction","target":{"@type":"EntryPoint","urlTemplate":"https:\/\/www.anovapeneira.gal\/?s={search_term_string}"},"query-input":{"@type":"PropertyValueSpecification","valueRequired":true,"valueName":"search_term_string"}}],"inLanguage":"gl-ES"},{"@type":"Organization","@id":"https:\/\/www.anovapeneira.gal\/#organization","name":"A Nova Peneira","url":"https:\/\/www.anovapeneira.gal\/","logo":{"@type":"ImageObject","inLanguage":"gl-ES","@id":"https:\/\/www.anovapeneira.gal\/#\/schema\/logo\/image\/","url":"http:\/\/www.anovapeneira.gal\/wp-content\/uploads\/2019\/06\/logo_a_nova_peneira_portal_web.png","contentUrl":"http:\/\/www.anovapeneira.gal\/wp-content\/uploads\/2019\/06\/logo_a_nova_peneira_portal_web.png","width":300,"height":100,"caption":"A Nova Peneira"},"image":{"@id":"https:\/\/www.anovapeneira.gal\/#\/schema\/logo\/image\/"},"sameAs":["https:\/\/www.facebook.com\/anovapeneira","https:\/\/x.com\/APeneira"]},{"@type":"Person","@id":"https:\/\/www.anovapeneira.gal\/#\/schema\/person\/a907e49c1885c12d6f281770afd68766","name":"Aar\u00f3n Franco","image":{"@type":"ImageObject","inLanguage":"gl-ES","@id":"https:\/\/secure.gravatar.com\/avatar\/82f0614fe09ae3f066983f8d670d0ff15a0917fefe52b93ffa425275b87d6102?s=96&d=mm&r=g","url":"https:\/\/secure.gravatar.com\/avatar\/82f0614fe09ae3f066983f8d670d0ff15a0917fefe52b93ffa425275b87d6102?s=96&d=mm&r=g","contentUrl":"https:\/\/secure.gravatar.com\/avatar\/82f0614fe09ae3f066983f8d670d0ff15a0917fefe52b93ffa425275b87d6102?s=96&d=mm&r=g","caption":"Aar\u00f3n Franco"},"sameAs":["http:\/\/www.anovapeneira.gal\/"],"url":"https:\/\/www.anovapeneira.gal\/index.php\/author\/aaron-franco\/"}]}},"jetpack_featured_media_url":"https:\/\/www.anovapeneira.gal\/wp-content\/uploads\/2019\/07\/ARTIGO_DE_OPINION_A_NOVA_PENEIRA.jpg","_links":{"self":[{"href":"https:\/\/www.anovapeneira.gal\/index.php\/wp-json\/wp\/v2\/posts\/12984","targetHints":{"allow":["GET"]}}],"collection":[{"href":"https:\/\/www.anovapeneira.gal\/index.php\/wp-json\/wp\/v2\/posts"}],"about":[{"href":"https:\/\/www.anovapeneira.gal\/index.php\/wp-json\/wp\/v2\/types\/post"}],"author":[{"embeddable":true,"href":"https:\/\/www.anovapeneira.gal\/index.php\/wp-json\/wp\/v2\/users\/23"}],"replies":[{"embeddable":true,"href":"https:\/\/www.anovapeneira.gal\/index.php\/wp-json\/wp\/v2\/comments?post=12984"}],"version-history":[{"count":1,"href":"https:\/\/www.anovapeneira.gal\/index.php\/wp-json\/wp\/v2\/posts\/12984\/revisions"}],"predecessor-version":[{"id":12985,"href":"https:\/\/www.anovapeneira.gal\/index.php\/wp-json\/wp\/v2\/posts\/12984\/revisions\/12985"}],"wp:featuredmedia":[{"embeddable":true,"href":"https:\/\/www.anovapeneira.gal\/index.php\/wp-json\/wp\/v2\/media\/584"}],"wp:attachment":[{"href":"https:\/\/www.anovapeneira.gal\/index.php\/wp-json\/wp\/v2\/media?parent=12984"}],"wp:term":[{"taxonomy":"category","embeddable":true,"href":"https:\/\/www.anovapeneira.gal\/index.php\/wp-json\/wp\/v2\/categories?post=12984"},{"taxonomy":"post_tag","embeddable":true,"href":"https:\/\/www.anovapeneira.gal\/index.php\/wp-json\/wp\/v2\/tags?post=12984"}],"curies":[{"name":"wp","href":"https:\/\/api.w.org\/{rel}","templated":true}]}}