{"id":13020,"date":"2025-01-01T10:00:16","date_gmt":"2025-01-01T09:00:16","guid":{"rendered":"https:\/\/www.anovapeneira.gal\/?p=13020"},"modified":"2024-12-19T11:45:56","modified_gmt":"2024-12-19T10:45:56","slug":"luces-e-sombras","status":"publish","type":"post","link":"https:\/\/www.anovapeneira.gal\/index.php\/2025\/01\/01\/luces-e-sombras\/","title":{"rendered":"Luces e sombras"},"content":{"rendered":"\n<blockquote class=\"wp-block-quote is-layout-flow wp-block-quote-is-layout-flow\">\n<p>Marta Rodr\u00edguez M\u00e1rquez Secretaria do PP de A Ca\u00f1iza<\/p>\n<\/blockquote>\n\n\n\n<p>Chega Decembro e o Nadal. E de paso, as famosas luces.<\/p>\n\n\n\n<p>Se algo se relaciona hoxe en d\u00eda coas festas de Nadal son as bombillas led, que xa case superan as connotaci\u00f3ns que desde hai moitos anos ven deixando a famosa marca de refrescos de cola.<\/p>\n\n\n\n<p>Importantes son as inversi\u00f3ns que se fan para poder adornar as r\u00faas co obxectivo principal de buscar unha rendibilidade no comercio nunha \u00e9poca na que o consumo aumenta considerablemente.<\/p>\n\n\n\n<p>Cada un entende isto de forma distinta: hai concellos que comezan a rendibilizar a inversi\u00f3n no mes de agosto, hainos que se presentan a concursos para ga\u00f1ar un acendido de balde e que todo sexa ganancia, hai os que empregan moitas luminarias sen que te\u00f1an ning\u00fan sentido, hai quen emprega menos pero con mellor gusto, quen acompa\u00f1a as luces con panxoli\u00f1as, e quen emprega as luces como un complemento dunha decoraci\u00f3n de Nadal moito m\u00e1is completa.<\/p>\n\n\n\n<p>Tam\u00e9n hai aos que lle da igual o comercio ou o n\u00famero de visitas que poidan atraer os alumeados nestas datas. Seguramente porque os alumeados por si sos non son moi atractivos, xa que luces nesta \u00e9poca, hai por todos lados. O comercio e a restauraci\u00f3n das vilas m\u00e1is pequenas xa o te\u00f1en dif\u00edcil porque as cidades, neste sentido, levan a dianteira: moita m\u00e1is oferta e moitas m\u00e1is bombillas. Pero se es o \u00faltimo concello en facer o acendido, a\u00ednda o dificultas m\u00e1is.<\/p>\n\n\n\n<p>O importante para os nosos gobernantes \u00e9 a foto na que saen eles e na que se venden eles. Se hai que acordar horarios de actividades culturais ou deportivas para que non interfiran nese retrato, ac\u00f3rdanse, se temos que ocupar un dos poucos lugares de ocio dos cativos para colocar os catro mamotretos de todos os anos, faise. Total os nenos non votan. Xa non te\u00f1en un parque en condici\u00f3ns, e agora, durante un mes de vacaci\u00f3ns, tampouco praza.<\/p>\n\n\n\n<p>As luces tam\u00e9n son un elemento ilusionante nestas datas, co que se intenta conseguir un ambiente festivo para a cidadan\u00eda. Cando tes alg\u00fan interese na cidadan\u00eda, claro. Cando o \u00fanico interese \u00e9 persoal, non hai ningunha pr\u00e9sa por colocalas nin en acendelas. A foto de campa\u00f1a propia no Facebook,, fai o seu efecto en calquera momento do mes de Decembro.<\/p>\n\n\n\n<p>Temos claro, despois de seis anos xa, que as persoas non importamos o m\u00e1is m\u00ednimo se non hai comicios \u00e1 volta da esquina. Somos os \u00faltimos sempre por unha raz\u00f3n, ningu\u00e9n nos toma en serio. E iso temos que agradecerllo ao traballo dos nosos gobernantes: as luces emp\u00e9zanse a colocar cando xa todos levan semanas coas s\u00faas acendidas, os Reis Magos ve\u00f1en tres d\u00edas antes que no resto do mundo\u2026 e asi con todo.<\/p>\n\n\n\n<p>As\u00ed que o tema das luces, agocha \u00e1s veces, este tipo de sombras, nas que se camuflan o desinterese e a apat\u00eda pola xente. Nalg\u00fans lugares, o acendido de Nadal \u00e9 un mero tr\u00e1mite que de paso deixa algunha foto de campa\u00f1a persoal nas redes sociais, e nada m\u00e1is.<\/p>\n\n\n\n<p>A desidia \u00e9 tal, que est\u00e1n sendo cada ano m\u00e1is veci\u00f1os os que est\u00e1n tirando do carro facendo as s\u00faas propias composici\u00f3ns en balc\u00f3ns, fiestras e patios, conseguido o que non consegue o alcalde, que as luces da Ca\u00f1iza sexan noticia na TVG.<\/p>\n","protected":false},"excerpt":{"rendered":"<div class=\"mh-excerpt\"><p>Marta Rodr\u00edguez M\u00e1rquez Secretaria do PP de A Ca\u00f1iza Chega Decembro e o Nadal. E de paso, as famosas luces. Se algo se relaciona hoxe en d\u00eda coas festas de Nadal son as bombillas led, <a class=\"mh-excerpt-more\" href=\"https:\/\/www.anovapeneira.gal\/index.php\/2025\/01\/01\/luces-e-sombras\/\" title=\"Luces e sombras\">[&#8230;]<\/a><\/p>\n<\/div>","protected":false},"author":12,"featured_media":10448,"comment_status":"open","ping_status":"open","sticky":false,"template":"","format":"standard","meta":{"_exactmetrics_skip_tracking":false,"_exactmetrics_sitenote_active":false,"_exactmetrics_sitenote_note":"","_exactmetrics_sitenote_category":0,"footnotes":""},"categories":[7],"tags":[867],"class_list":{"0":"post-13020","1":"post","2":"type-post","3":"status-publish","4":"format-standard","5":"has-post-thumbnail","7":"category-artigos-de-opinion","8":"tag-concello-da-caniza"},"yoast_head":"<!-- This site is optimized with the Yoast SEO plugin v27.4 - https:\/\/yoast.com\/product\/yoast-seo-wordpress\/ -->\n<title>Luces e sombras -<\/title>\n<meta name=\"robots\" content=\"index, follow, max-snippet:-1, max-image-preview:large, max-video-preview:-1\" \/>\n<link rel=\"canonical\" href=\"https:\/\/www.anovapeneira.gal\/index.php\/2025\/01\/01\/luces-e-sombras\/\" \/>\n<meta property=\"og:locale\" content=\"gl_ES\" \/>\n<meta property=\"og:type\" content=\"article\" \/>\n<meta property=\"og:title\" content=\"Luces e sombras -\" \/>\n<meta property=\"og:description\" content=\"Marta Rodr\u00edguez M\u00e1rquez Secretaria do PP de A Ca\u00f1iza Chega Decembro e o Nadal. E de paso, as famosas luces. Se algo se relaciona hoxe en d\u00eda coas festas de Nadal son as bombillas led, [...]\" \/>\n<meta property=\"og:url\" content=\"https:\/\/www.anovapeneira.gal\/index.php\/2025\/01\/01\/luces-e-sombras\/\" \/>\n<meta property=\"article:publisher\" content=\"https:\/\/www.facebook.com\/anovapeneira\" \/>\n<meta property=\"article:published_time\" content=\"2025-01-01T09:00:16+00:00\" \/>\n<meta property=\"og:image\" content=\"https:\/\/www.anovapeneira.gal\/wp-content\/uploads\/2023\/09\/marta_pp_caniza.jpg\" \/>\n\t<meta property=\"og:image:width\" content=\"720\" \/>\n\t<meta property=\"og:image:height\" content=\"432\" \/>\n\t<meta property=\"og:image:type\" content=\"image\/jpeg\" \/>\n<meta name=\"author\" content=\"Artigos Opini\u00f3n\" \/>\n<meta name=\"twitter:card\" content=\"summary_large_image\" \/>\n<meta name=\"twitter:creator\" content=\"@APeneira\" \/>\n<meta name=\"twitter:site\" content=\"@APeneira\" \/>\n<meta name=\"twitter:label1\" content=\"Escrito por\" \/>\n\t<meta name=\"twitter:data1\" content=\"Artigos Opini\u00f3n\" \/>\n\t<meta name=\"twitter:label2\" content=\"Tempo de lectura\" \/>\n\t<meta name=\"twitter:data2\" content=\"4 minutos\" \/>\n<script type=\"application\/ld+json\" class=\"yoast-schema-graph\">{\"@context\":\"https:\\\/\\\/schema.org\",\"@graph\":[{\"@type\":\"Article\",\"@id\":\"https:\\\/\\\/www.anovapeneira.gal\\\/index.php\\\/2025\\\/01\\\/01\\\/luces-e-sombras\\\/#article\",\"isPartOf\":{\"@id\":\"https:\\\/\\\/www.anovapeneira.gal\\\/index.php\\\/2025\\\/01\\\/01\\\/luces-e-sombras\\\/\"},\"author\":{\"name\":\"Artigos Opini\u00f3n\",\"@id\":\"https:\\\/\\\/www.anovapeneira.gal\\\/#\\\/schema\\\/person\\\/f18a4feb302e8f20bcef4490b5b60bb3\"},\"headline\":\"Luces e sombras\",\"datePublished\":\"2025-01-01T09:00:16+00:00\",\"mainEntityOfPage\":{\"@id\":\"https:\\\/\\\/www.anovapeneira.gal\\\/index.php\\\/2025\\\/01\\\/01\\\/luces-e-sombras\\\/\"},\"wordCount\":602,\"commentCount\":0,\"publisher\":{\"@id\":\"https:\\\/\\\/www.anovapeneira.gal\\\/#organization\"},\"image\":{\"@id\":\"https:\\\/\\\/www.anovapeneira.gal\\\/index.php\\\/2025\\\/01\\\/01\\\/luces-e-sombras\\\/#primaryimage\"},\"thumbnailUrl\":\"https:\\\/\\\/www.anovapeneira.gal\\\/wp-content\\\/uploads\\\/2023\\\/09\\\/marta_pp_caniza.jpg\",\"keywords\":[\"Concello da Ca\u00f1iza\"],\"articleSection\":[\"Artigos de opini\u00f3n\"],\"inLanguage\":\"gl-ES\",\"potentialAction\":[{\"@type\":\"CommentAction\",\"name\":\"Comment\",\"target\":[\"https:\\\/\\\/www.anovapeneira.gal\\\/index.php\\\/2025\\\/01\\\/01\\\/luces-e-sombras\\\/#respond\"]}]},{\"@type\":\"WebPage\",\"@id\":\"https:\\\/\\\/www.anovapeneira.gal\\\/index.php\\\/2025\\\/01\\\/01\\\/luces-e-sombras\\\/\",\"url\":\"https:\\\/\\\/www.anovapeneira.gal\\\/index.php\\\/2025\\\/01\\\/01\\\/luces-e-sombras\\\/\",\"name\":\"Luces e sombras -\",\"isPartOf\":{\"@id\":\"https:\\\/\\\/www.anovapeneira.gal\\\/#website\"},\"primaryImageOfPage\":{\"@id\":\"https:\\\/\\\/www.anovapeneira.gal\\\/index.php\\\/2025\\\/01\\\/01\\\/luces-e-sombras\\\/#primaryimage\"},\"image\":{\"@id\":\"https:\\\/\\\/www.anovapeneira.gal\\\/index.php\\\/2025\\\/01\\\/01\\\/luces-e-sombras\\\/#primaryimage\"},\"thumbnailUrl\":\"https:\\\/\\\/www.anovapeneira.gal\\\/wp-content\\\/uploads\\\/2023\\\/09\\\/marta_pp_caniza.jpg\",\"datePublished\":\"2025-01-01T09:00:16+00:00\",\"breadcrumb\":{\"@id\":\"https:\\\/\\\/www.anovapeneira.gal\\\/index.php\\\/2025\\\/01\\\/01\\\/luces-e-sombras\\\/#breadcrumb\"},\"inLanguage\":\"gl-ES\",\"potentialAction\":[{\"@type\":\"ReadAction\",\"target\":[\"https:\\\/\\\/www.anovapeneira.gal\\\/index.php\\\/2025\\\/01\\\/01\\\/luces-e-sombras\\\/\"]}]},{\"@type\":\"ImageObject\",\"inLanguage\":\"gl-ES\",\"@id\":\"https:\\\/\\\/www.anovapeneira.gal\\\/index.php\\\/2025\\\/01\\\/01\\\/luces-e-sombras\\\/#primaryimage\",\"url\":\"https:\\\/\\\/www.anovapeneira.gal\\\/wp-content\\\/uploads\\\/2023\\\/09\\\/marta_pp_caniza.jpg\",\"contentUrl\":\"https:\\\/\\\/www.anovapeneira.gal\\\/wp-content\\\/uploads\\\/2023\\\/09\\\/marta_pp_caniza.jpg\",\"width\":720,\"height\":432,\"caption\":\"Marta Rodr\u00edguez M\u00e1rquez Secretaria do PP de A Ca\u00f1iza\"},{\"@type\":\"BreadcrumbList\",\"@id\":\"https:\\\/\\\/www.anovapeneira.gal\\\/index.php\\\/2025\\\/01\\\/01\\\/luces-e-sombras\\\/#breadcrumb\",\"itemListElement\":[{\"@type\":\"ListItem\",\"position\":1,\"name\":\"Portada\",\"item\":\"https:\\\/\\\/www.anovapeneira.gal\\\/\"},{\"@type\":\"ListItem\",\"position\":2,\"name\":\"Luces e sombras\"}]},{\"@type\":\"WebSite\",\"@id\":\"https:\\\/\\\/www.anovapeneira.gal\\\/#website\",\"url\":\"https:\\\/\\\/www.anovapeneira.gal\\\/\",\"name\":\"\",\"description\":\"Xornal galego de informaci\u00f3n xeral Publicaci\u00f3n mensual de novas de Galicia e en especial dos Concellos da sur da provincia de Pontevedra.\",\"publisher\":{\"@id\":\"https:\\\/\\\/www.anovapeneira.gal\\\/#organization\"},\"potentialAction\":[{\"@type\":\"SearchAction\",\"target\":{\"@type\":\"EntryPoint\",\"urlTemplate\":\"https:\\\/\\\/www.anovapeneira.gal\\\/?s={search_term_string}\"},\"query-input\":{\"@type\":\"PropertyValueSpecification\",\"valueRequired\":true,\"valueName\":\"search_term_string\"}}],\"inLanguage\":\"gl-ES\"},{\"@type\":\"Organization\",\"@id\":\"https:\\\/\\\/www.anovapeneira.gal\\\/#organization\",\"name\":\"A Nova Peneira\",\"url\":\"https:\\\/\\\/www.anovapeneira.gal\\\/\",\"logo\":{\"@type\":\"ImageObject\",\"inLanguage\":\"gl-ES\",\"@id\":\"https:\\\/\\\/www.anovapeneira.gal\\\/#\\\/schema\\\/logo\\\/image\\\/\",\"url\":\"http:\\\/\\\/www.anovapeneira.gal\\\/wp-content\\\/uploads\\\/2019\\\/06\\\/logo_a_nova_peneira_portal_web.png\",\"contentUrl\":\"http:\\\/\\\/www.anovapeneira.gal\\\/wp-content\\\/uploads\\\/2019\\\/06\\\/logo_a_nova_peneira_portal_web.png\",\"width\":300,\"height\":100,\"caption\":\"A Nova Peneira\"},\"image\":{\"@id\":\"https:\\\/\\\/www.anovapeneira.gal\\\/#\\\/schema\\\/logo\\\/image\\\/\"},\"sameAs\":[\"https:\\\/\\\/www.facebook.com\\\/anovapeneira\",\"https:\\\/\\\/x.com\\\/APeneira\"]},{\"@type\":\"Person\",\"@id\":\"https:\\\/\\\/www.anovapeneira.gal\\\/#\\\/schema\\\/person\\\/f18a4feb302e8f20bcef4490b5b60bb3\",\"name\":\"Artigos Opini\u00f3n\",\"image\":{\"@type\":\"ImageObject\",\"inLanguage\":\"gl-ES\",\"@id\":\"https:\\\/\\\/secure.gravatar.com\\\/avatar\\\/072844300f4881150aee2da4278f7a65d16eefdf8262eb67085f1e702de2b959?s=96&d=mm&r=g\",\"url\":\"https:\\\/\\\/secure.gravatar.com\\\/avatar\\\/072844300f4881150aee2da4278f7a65d16eefdf8262eb67085f1e702de2b959?s=96&d=mm&r=g\",\"contentUrl\":\"https:\\\/\\\/secure.gravatar.com\\\/avatar\\\/072844300f4881150aee2da4278f7a65d16eefdf8262eb67085f1e702de2b959?s=96&d=mm&r=g\",\"caption\":\"Artigos Opini\u00f3n\"},\"sameAs\":[\"http:\\\/\\\/anovapeneira.gal\"],\"url\":\"https:\\\/\\\/www.anovapeneira.gal\\\/index.php\\\/author\\\/artigosopinion\\\/\"}]}<\/script>\n<!-- \/ Yoast SEO plugin. -->","yoast_head_json":{"title":"Luces e sombras -","robots":{"index":"index","follow":"follow","max-snippet":"max-snippet:-1","max-image-preview":"max-image-preview:large","max-video-preview":"max-video-preview:-1"},"canonical":"https:\/\/www.anovapeneira.gal\/index.php\/2025\/01\/01\/luces-e-sombras\/","og_locale":"gl_ES","og_type":"article","og_title":"Luces e sombras -","og_description":"Marta Rodr\u00edguez M\u00e1rquez Secretaria do PP de A Ca\u00f1iza Chega Decembro e o Nadal. E de paso, as famosas luces. Se algo se relaciona hoxe en d\u00eda coas festas de Nadal son as bombillas led, [...]","og_url":"https:\/\/www.anovapeneira.gal\/index.php\/2025\/01\/01\/luces-e-sombras\/","article_publisher":"https:\/\/www.facebook.com\/anovapeneira","article_published_time":"2025-01-01T09:00:16+00:00","og_image":[{"width":720,"height":432,"url":"https:\/\/www.anovapeneira.gal\/wp-content\/uploads\/2023\/09\/marta_pp_caniza.jpg","type":"image\/jpeg"}],"author":"Artigos Opini\u00f3n","twitter_card":"summary_large_image","twitter_creator":"@APeneira","twitter_site":"@APeneira","twitter_misc":{"Escrito por":"Artigos Opini\u00f3n","Tempo de lectura":"4 minutos"},"schema":{"@context":"https:\/\/schema.org","@graph":[{"@type":"Article","@id":"https:\/\/www.anovapeneira.gal\/index.php\/2025\/01\/01\/luces-e-sombras\/#article","isPartOf":{"@id":"https:\/\/www.anovapeneira.gal\/index.php\/2025\/01\/01\/luces-e-sombras\/"},"author":{"name":"Artigos Opini\u00f3n","@id":"https:\/\/www.anovapeneira.gal\/#\/schema\/person\/f18a4feb302e8f20bcef4490b5b60bb3"},"headline":"Luces e sombras","datePublished":"2025-01-01T09:00:16+00:00","mainEntityOfPage":{"@id":"https:\/\/www.anovapeneira.gal\/index.php\/2025\/01\/01\/luces-e-sombras\/"},"wordCount":602,"commentCount":0,"publisher":{"@id":"https:\/\/www.anovapeneira.gal\/#organization"},"image":{"@id":"https:\/\/www.anovapeneira.gal\/index.php\/2025\/01\/01\/luces-e-sombras\/#primaryimage"},"thumbnailUrl":"https:\/\/www.anovapeneira.gal\/wp-content\/uploads\/2023\/09\/marta_pp_caniza.jpg","keywords":["Concello da Ca\u00f1iza"],"articleSection":["Artigos de opini\u00f3n"],"inLanguage":"gl-ES","potentialAction":[{"@type":"CommentAction","name":"Comment","target":["https:\/\/www.anovapeneira.gal\/index.php\/2025\/01\/01\/luces-e-sombras\/#respond"]}]},{"@type":"WebPage","@id":"https:\/\/www.anovapeneira.gal\/index.php\/2025\/01\/01\/luces-e-sombras\/","url":"https:\/\/www.anovapeneira.gal\/index.php\/2025\/01\/01\/luces-e-sombras\/","name":"Luces e sombras -","isPartOf":{"@id":"https:\/\/www.anovapeneira.gal\/#website"},"primaryImageOfPage":{"@id":"https:\/\/www.anovapeneira.gal\/index.php\/2025\/01\/01\/luces-e-sombras\/#primaryimage"},"image":{"@id":"https:\/\/www.anovapeneira.gal\/index.php\/2025\/01\/01\/luces-e-sombras\/#primaryimage"},"thumbnailUrl":"https:\/\/www.anovapeneira.gal\/wp-content\/uploads\/2023\/09\/marta_pp_caniza.jpg","datePublished":"2025-01-01T09:00:16+00:00","breadcrumb":{"@id":"https:\/\/www.anovapeneira.gal\/index.php\/2025\/01\/01\/luces-e-sombras\/#breadcrumb"},"inLanguage":"gl-ES","potentialAction":[{"@type":"ReadAction","target":["https:\/\/www.anovapeneira.gal\/index.php\/2025\/01\/01\/luces-e-sombras\/"]}]},{"@type":"ImageObject","inLanguage":"gl-ES","@id":"https:\/\/www.anovapeneira.gal\/index.php\/2025\/01\/01\/luces-e-sombras\/#primaryimage","url":"https:\/\/www.anovapeneira.gal\/wp-content\/uploads\/2023\/09\/marta_pp_caniza.jpg","contentUrl":"https:\/\/www.anovapeneira.gal\/wp-content\/uploads\/2023\/09\/marta_pp_caniza.jpg","width":720,"height":432,"caption":"Marta Rodr\u00edguez M\u00e1rquez Secretaria do PP de A Ca\u00f1iza"},{"@type":"BreadcrumbList","@id":"https:\/\/www.anovapeneira.gal\/index.php\/2025\/01\/01\/luces-e-sombras\/#breadcrumb","itemListElement":[{"@type":"ListItem","position":1,"name":"Portada","item":"https:\/\/www.anovapeneira.gal\/"},{"@type":"ListItem","position":2,"name":"Luces e sombras"}]},{"@type":"WebSite","@id":"https:\/\/www.anovapeneira.gal\/#website","url":"https:\/\/www.anovapeneira.gal\/","name":"","description":"Xornal galego de informaci\u00f3n xeral Publicaci\u00f3n mensual de novas de Galicia e en especial dos Concellos da sur da provincia de Pontevedra.","publisher":{"@id":"https:\/\/www.anovapeneira.gal\/#organization"},"potentialAction":[{"@type":"SearchAction","target":{"@type":"EntryPoint","urlTemplate":"https:\/\/www.anovapeneira.gal\/?s={search_term_string}"},"query-input":{"@type":"PropertyValueSpecification","valueRequired":true,"valueName":"search_term_string"}}],"inLanguage":"gl-ES"},{"@type":"Organization","@id":"https:\/\/www.anovapeneira.gal\/#organization","name":"A Nova Peneira","url":"https:\/\/www.anovapeneira.gal\/","logo":{"@type":"ImageObject","inLanguage":"gl-ES","@id":"https:\/\/www.anovapeneira.gal\/#\/schema\/logo\/image\/","url":"http:\/\/www.anovapeneira.gal\/wp-content\/uploads\/2019\/06\/logo_a_nova_peneira_portal_web.png","contentUrl":"http:\/\/www.anovapeneira.gal\/wp-content\/uploads\/2019\/06\/logo_a_nova_peneira_portal_web.png","width":300,"height":100,"caption":"A Nova Peneira"},"image":{"@id":"https:\/\/www.anovapeneira.gal\/#\/schema\/logo\/image\/"},"sameAs":["https:\/\/www.facebook.com\/anovapeneira","https:\/\/x.com\/APeneira"]},{"@type":"Person","@id":"https:\/\/www.anovapeneira.gal\/#\/schema\/person\/f18a4feb302e8f20bcef4490b5b60bb3","name":"Artigos Opini\u00f3n","image":{"@type":"ImageObject","inLanguage":"gl-ES","@id":"https:\/\/secure.gravatar.com\/avatar\/072844300f4881150aee2da4278f7a65d16eefdf8262eb67085f1e702de2b959?s=96&d=mm&r=g","url":"https:\/\/secure.gravatar.com\/avatar\/072844300f4881150aee2da4278f7a65d16eefdf8262eb67085f1e702de2b959?s=96&d=mm&r=g","contentUrl":"https:\/\/secure.gravatar.com\/avatar\/072844300f4881150aee2da4278f7a65d16eefdf8262eb67085f1e702de2b959?s=96&d=mm&r=g","caption":"Artigos Opini\u00f3n"},"sameAs":["http:\/\/anovapeneira.gal"],"url":"https:\/\/www.anovapeneira.gal\/index.php\/author\/artigosopinion\/"}]}},"jetpack_featured_media_url":"https:\/\/www.anovapeneira.gal\/wp-content\/uploads\/2023\/09\/marta_pp_caniza.jpg","_links":{"self":[{"href":"https:\/\/www.anovapeneira.gal\/index.php\/wp-json\/wp\/v2\/posts\/13020","targetHints":{"allow":["GET"]}}],"collection":[{"href":"https:\/\/www.anovapeneira.gal\/index.php\/wp-json\/wp\/v2\/posts"}],"about":[{"href":"https:\/\/www.anovapeneira.gal\/index.php\/wp-json\/wp\/v2\/types\/post"}],"author":[{"embeddable":true,"href":"https:\/\/www.anovapeneira.gal\/index.php\/wp-json\/wp\/v2\/users\/12"}],"replies":[{"embeddable":true,"href":"https:\/\/www.anovapeneira.gal\/index.php\/wp-json\/wp\/v2\/comments?post=13020"}],"version-history":[{"count":1,"href":"https:\/\/www.anovapeneira.gal\/index.php\/wp-json\/wp\/v2\/posts\/13020\/revisions"}],"predecessor-version":[{"id":13021,"href":"https:\/\/www.anovapeneira.gal\/index.php\/wp-json\/wp\/v2\/posts\/13020\/revisions\/13021"}],"wp:featuredmedia":[{"embeddable":true,"href":"https:\/\/www.anovapeneira.gal\/index.php\/wp-json\/wp\/v2\/media\/10448"}],"wp:attachment":[{"href":"https:\/\/www.anovapeneira.gal\/index.php\/wp-json\/wp\/v2\/media?parent=13020"}],"wp:term":[{"taxonomy":"category","embeddable":true,"href":"https:\/\/www.anovapeneira.gal\/index.php\/wp-json\/wp\/v2\/categories?post=13020"},{"taxonomy":"post_tag","embeddable":true,"href":"https:\/\/www.anovapeneira.gal\/index.php\/wp-json\/wp\/v2\/tags?post=13020"}],"curies":[{"name":"wp","href":"https:\/\/api.w.org\/{rel}","templated":true}]}}