{"id":13032,"date":"2025-01-02T12:00:06","date_gmt":"2025-01-02T11:00:06","guid":{"rendered":"https:\/\/www.anovapeneira.gal\/?p=13032"},"modified":"2024-12-26T11:48:37","modified_gmt":"2024-12-26T10:48:37","slug":"o-amor-a-patria-e-a-aldea","status":"publish","type":"post","link":"https:\/\/www.anovapeneira.gal\/index.php\/2025\/01\/02\/o-amor-a-patria-e-a-aldea\/","title":{"rendered":"O amor a patria e a aldea"},"content":{"rendered":"\n<p><em><strong>Neste final de Ano e comezo do Aninovo, na memoria inc\u00f3moda, de Manuel Guti\u00e9rrez Est\u00e9vez, catedr\u00e1tico de Antropolox\u00eda da Universidade Complutense de Madrid, pode entenderse moitas esencias e actitudes morais que esconden hoxe, a expresi\u00f3n do malestar na memoria que incomoda &#8211; porque o pobo non se preocupa nada mais que manterse nas glorias Imperiais daqueles anos. Xa me entendedes!<\/strong><\/em><\/p>\n\n\n\n<p><em><strong>Un exemplo: \u201cO se\u00f1or quere moito a Espa\u00f1a. Por iso a puxo no mellor sitio do mundo, onde non fai nin moito fr\u00edo nin calor&#8230; E a colocou entre mares polos que pasan mais barcos: O Mar Mediterr\u00e1neo e o Atl\u00e1ntico. E lle deu un ceo azul, e uns montes moi altos, e uns campos moi grandes e ricos\u201d.<br>\u00a0\u201c \u00a1Espa\u00f1a \u00e9 unha bendici\u00f3n de deus!\u201d<\/strong><\/em><\/p>\n\n\n\n<p>\u201c<em><strong>Os primeiros homes que houbo en Espa\u00f1a eran leais e valentes. Vi\u00f1eron logo outros que eran moi listos: Os Fenicios, e outros que eran moi sabios: Os Gregos. E outros que eran moi fortes: Os Romanos. E Espa\u00f1a, era cada d\u00eda mais forte e mais sabia e lista\u201d. (Segundo Sope\u00f1a 4, p. 164).<\/strong><\/em><\/p>\n\n\n\n<p><em><strong>E, as\u00ed foi o conto da emoci\u00f3n compartida. Nin mais nin menos! E, pese as diferencias, himnos, e poemas elaborados con \u201camor\u201d, serviron para _desenmascarar_ a antig\u00fcidade emocional: Patria, parroquia e aldea, convertidas en unha insaciable narrativa dunha memoria inc\u00f3moda, e dunha expresi\u00f3n de malestar da memoria.<\/strong><\/em><\/p>\n\n\n\n<p><em><strong>Pasaron anos e Freud, afirmaba o malestar da memoria. Sentimentos de culpa enraizados no dualismo pulsional. E, como dixera Freud, asi era a conciencia, porque o pobo non se preocupaba mais que de manterse. E afirmarse ante a abnegaci\u00f3n patri\u00f3tica. E, l\u00e9mbrome \u2013 Como non! \u2013 do himno nacional, cantado na Escola Nacional de San Andr\u00e9 de Lourido (Salvaterra do Mi\u00f1o), cuxa letra dic\u00eda:<\/strong><\/em><\/p>\n\n\n\n<p><em><strong>Viva Espa\u00f1a! Mi\u00f1a Patria esclarecida<\/strong><\/em><\/p>\n\n\n\n<p><em><strong>Nai sen igual<\/strong><\/em><\/p>\n\n\n\n<p><em><strong>compendio de honor<\/strong><\/em><\/p>\n\n\n\n<p><em><strong>Viva Espa\u00f1a! Solaz de nobre vida<\/strong><\/em><\/p>\n\n\n\n<p><em><strong>rexio pedestal<\/strong><\/em><\/p>\n\n\n\n<p><em><strong>de Cristo redentor.<\/strong><\/em><\/p>\n\n\n\n<p><em><strong>Fuches das glorias florido pensil:<\/strong><\/em><\/p>\n\n\n\n<p><em><strong>Vinte naci\u00f3ns coroan t\u00faa sen:<\/strong><\/em><\/p>\n\n\n\n<p><em><strong>Arriba Espa\u00f1a! Raza invicta e teu sost\u00e9n.<\/strong><\/em><\/p>\n\n\n\n<p><em><strong>E as\u00ed, coas 20 naci\u00f3ns sensibilizaron as relaci\u00f3ns hist\u00f3ricas de Espa\u00f1a con Am\u00e9rica, ademais de outros trazos sagrados qucantaron con n\u00f3s:<\/strong><\/em><\/p>\n\n\n\n<p><em><strong>Liberdade! Que os ecos asisten<\/strong><\/em><\/p>\n\n\n\n<p><em><strong>mentres cheos de nobre ansiedade<\/strong><\/em><\/p>\n\n\n\n<p><em><strong>nosos campos de gloria respiren.<\/strong><\/em><\/p>\n\n\n\n<p><em><strong>Liberdade! Liberdade! Liberdade! (Da Rep\u00fablica Dominicana).<\/strong><\/em><\/p>\n\n\n\n<p><em><strong>Abaixo cadeas, abaixo cadeas<\/strong><\/em><\/p>\n\n\n\n<p><em><strong>gritaba o Se\u00f1or, gritaba o Se\u00f1or. E o pobre no eido liberdade ped\u00eda o irm\u00e1 venezolano. E deber\u00edamos contemplar a belicosidade e valor da Rep\u00fablica Arxentina, Per\u00fa, Paraguai e Guatemala, que o definen coa propia vida, o himno emotivo da patria, a terra, a paisaxe, a fecundidade da natureza, como o himno de Panam\u00e1.<\/strong><\/em><\/p>\n\n\n\n<p><em><strong>Todas estas patrias, tan fermosas e doces, xuran defenderse contra os inimigos, deixando o mundo at\u00f3nico, como o Ecuador e Per\u00fa, para converterse na Madre Patria, chea de orgullo como El Salvador.<\/strong><\/em><\/p>\n\n\n\n<p><em><strong>Para todas elas, a patria, \u201cmadre amada\u201d, heroica, de sentimentos ga\u00f1ados en tempos pasados:<\/strong><\/em><\/p>\n\n\n\n<p><em><strong>So quedan na memoria!<\/strong><\/em><\/p>\n\n\n\n<p><em><strong>lembranzas para a historia<\/strong><\/em><\/p>\n\n\n\n<p><em><strong>da s\u00faa perdida grandeza,<\/strong><\/em><\/p>\n\n\n\n<p><em><strong>da s\u00faa proverbial riqueza<\/strong><\/em><\/p>\n\n\n\n<p><em><strong>do seu poder e gloria (1.959 \u2013 p.107)<\/strong><\/em><\/p>\n\n\n\n<p><em><strong>Hoxe, aqueles ret\u00f3ricos sentimentos inc\u00f3modos enxertados nos nosos cerebros, me pregunto: Onde est\u00e1n hoxe?<\/strong><\/em><\/p>\n\n\n\n<p><em><strong>Durante os anos da mi\u00f1a nenez, todos a partir dos 9 anos cursabamos a materia Fomento do Esp\u00edrito Nacional, na que se expu\u00f1a e glosaban os principios pol\u00edticos daquel partido \u00fanico, que representaba o perfil eterno de Espa\u00f1a, e a s\u00faa relaci\u00f3n co catolicismo. Antes, aos 7 e 8 anos obrigatoriamente l\u00edamos o libro de Espa\u00f1a \u201cGlorias Imperiais\u201d, e como exemplo: O Se\u00f1or quere moito a Espa\u00f1a, lonxe da pipa, da paxari\u00f1a e da patria folcl\u00f3rica daqueles meus anos, que culminou coa aventura educativa mais iluminada e quixotesca de t\u00f3dolos tempos.<\/strong><\/em><\/p>\n\n\n\n<p><em><strong>E non me queda mais que engadir que dar as grazas A Nova Peneira \u00a1A Nosa!, e a mi\u00f1a mais profunda gratitude o profesor Manuel Guti\u00e9rrez Est\u00e9vez, polos seus estudos da cultura, soidade, silencios e memoria da nosa vida alde\u00e1, e a mais c\u00e1lida felicitaci\u00f3n do Nadal e Aninovo a toda a xente de boa Vontade.<\/strong><\/em><\/p>\n\n\n\n<p><em><strong>Manuel Alfonso Est\u00e9vez,<\/strong><\/em><\/p>\n\n\n\n<p><em><strong>Fillo de Fornelos da Ribeira.<\/strong><\/em><\/p>\n","protected":false},"excerpt":{"rendered":"<div class=\"mh-excerpt\"><p>Neste final de Ano e comezo do Aninovo, na memoria inc\u00f3moda, de Manuel Guti\u00e9rrez Est\u00e9vez, catedr\u00e1tico de Antropolox\u00eda da Universidade Complutense de Madrid, pode entenderse moitas esencias e actitudes morais que esconden hoxe <a class=\"mh-excerpt-more\" href=\"https:\/\/www.anovapeneira.gal\/index.php\/2025\/01\/02\/o-amor-a-patria-e-a-aldea\/\" title=\"O amor a patria e a aldea\">[&#8230;]<\/a><\/p>\n<\/div>","protected":false},"author":40,"featured_media":5108,"comment_status":"open","ping_status":"open","sticky":false,"template":"","format":"standard","meta":{"_exactmetrics_skip_tracking":false,"_exactmetrics_sitenote_active":false,"_exactmetrics_sitenote_note":"","_exactmetrics_sitenote_category":0,"footnotes":""},"categories":[7],"tags":[187],"class_list":{"0":"post-13032","1":"post","2":"type-post","3":"status-publish","4":"format-standard","5":"has-post-thumbnail","7":"category-artigos-de-opinion","8":"tag-fornelos-da-ribeira"},"yoast_head":"<!-- This site is optimized with the Yoast SEO plugin v27.4 - https:\/\/yoast.com\/product\/yoast-seo-wordpress\/ -->\n<title>O amor a patria e a aldea -<\/title>\n<meta name=\"robots\" content=\"index, follow, max-snippet:-1, max-image-preview:large, max-video-preview:-1\" \/>\n<link rel=\"canonical\" href=\"https:\/\/www.anovapeneira.gal\/index.php\/2025\/01\/02\/o-amor-a-patria-e-a-aldea\/\" \/>\n<meta property=\"og:locale\" content=\"gl_ES\" \/>\n<meta property=\"og:type\" content=\"article\" \/>\n<meta property=\"og:title\" content=\"O amor a patria e a aldea -\" \/>\n<meta property=\"og:description\" content=\"Neste final de Ano e comezo do Aninovo, na memoria inc\u00f3moda, de Manuel Guti\u00e9rrez Est\u00e9vez, catedr\u00e1tico de Antropolox\u00eda da Universidade Complutense de Madrid, pode entenderse moitas esencias e actitudes morais que esconden hoxe [...]\" \/>\n<meta property=\"og:url\" content=\"https:\/\/www.anovapeneira.gal\/index.php\/2025\/01\/02\/o-amor-a-patria-e-a-aldea\/\" \/>\n<meta property=\"article:publisher\" content=\"https:\/\/www.facebook.com\/anovapeneira\" \/>\n<meta property=\"article:published_time\" content=\"2025-01-02T11:00:06+00:00\" \/>\n<meta property=\"og:image\" content=\"https:\/\/www.anovapeneira.gal\/wp-content\/uploads\/2021\/03\/manuel_alfonso_estevez.jpg\" \/>\n\t<meta property=\"og:image:width\" content=\"720\" \/>\n\t<meta property=\"og:image:height\" content=\"432\" \/>\n\t<meta property=\"og:image:type\" content=\"image\/jpeg\" \/>\n<meta name=\"author\" content=\"Manuel Alfonso Est\u00e9vez\" \/>\n<meta name=\"twitter:card\" content=\"summary_large_image\" \/>\n<meta name=\"twitter:creator\" content=\"@APeneira\" \/>\n<meta name=\"twitter:site\" content=\"@APeneira\" \/>\n<meta name=\"twitter:label1\" content=\"Escrito por\" \/>\n\t<meta name=\"twitter:data1\" content=\"Manuel Alfonso Est\u00e9vez\" \/>\n\t<meta name=\"twitter:label2\" content=\"Tempo de lectura\" \/>\n\t<meta name=\"twitter:data2\" content=\"4 minutos\" \/>\n<script type=\"application\/ld+json\" class=\"yoast-schema-graph\">{\"@context\":\"https:\\\/\\\/schema.org\",\"@graph\":[{\"@type\":\"Article\",\"@id\":\"https:\\\/\\\/www.anovapeneira.gal\\\/index.php\\\/2025\\\/01\\\/02\\\/o-amor-a-patria-e-a-aldea\\\/#article\",\"isPartOf\":{\"@id\":\"https:\\\/\\\/www.anovapeneira.gal\\\/index.php\\\/2025\\\/01\\\/02\\\/o-amor-a-patria-e-a-aldea\\\/\"},\"author\":{\"name\":\"Manuel Alfonso Est\u00e9vez\",\"@id\":\"https:\\\/\\\/www.anovapeneira.gal\\\/#\\\/schema\\\/person\\\/6561b93d53e7a32f5d814768163bae2a\"},\"headline\":\"O amor a patria e a aldea\",\"datePublished\":\"2025-01-02T11:00:06+00:00\",\"mainEntityOfPage\":{\"@id\":\"https:\\\/\\\/www.anovapeneira.gal\\\/index.php\\\/2025\\\/01\\\/02\\\/o-amor-a-patria-e-a-aldea\\\/\"},\"wordCount\":736,\"commentCount\":0,\"publisher\":{\"@id\":\"https:\\\/\\\/www.anovapeneira.gal\\\/#organization\"},\"image\":{\"@id\":\"https:\\\/\\\/www.anovapeneira.gal\\\/index.php\\\/2025\\\/01\\\/02\\\/o-amor-a-patria-e-a-aldea\\\/#primaryimage\"},\"thumbnailUrl\":\"https:\\\/\\\/www.anovapeneira.gal\\\/wp-content\\\/uploads\\\/2021\\\/03\\\/manuel_alfonso_estevez.jpg\",\"keywords\":[\"Fornelos da Ribeira\"],\"articleSection\":[\"Artigos de opini\u00f3n\"],\"inLanguage\":\"gl-ES\",\"potentialAction\":[{\"@type\":\"CommentAction\",\"name\":\"Comment\",\"target\":[\"https:\\\/\\\/www.anovapeneira.gal\\\/index.php\\\/2025\\\/01\\\/02\\\/o-amor-a-patria-e-a-aldea\\\/#respond\"]}]},{\"@type\":\"WebPage\",\"@id\":\"https:\\\/\\\/www.anovapeneira.gal\\\/index.php\\\/2025\\\/01\\\/02\\\/o-amor-a-patria-e-a-aldea\\\/\",\"url\":\"https:\\\/\\\/www.anovapeneira.gal\\\/index.php\\\/2025\\\/01\\\/02\\\/o-amor-a-patria-e-a-aldea\\\/\",\"name\":\"O amor a patria e a aldea -\",\"isPartOf\":{\"@id\":\"https:\\\/\\\/www.anovapeneira.gal\\\/#website\"},\"primaryImageOfPage\":{\"@id\":\"https:\\\/\\\/www.anovapeneira.gal\\\/index.php\\\/2025\\\/01\\\/02\\\/o-amor-a-patria-e-a-aldea\\\/#primaryimage\"},\"image\":{\"@id\":\"https:\\\/\\\/www.anovapeneira.gal\\\/index.php\\\/2025\\\/01\\\/02\\\/o-amor-a-patria-e-a-aldea\\\/#primaryimage\"},\"thumbnailUrl\":\"https:\\\/\\\/www.anovapeneira.gal\\\/wp-content\\\/uploads\\\/2021\\\/03\\\/manuel_alfonso_estevez.jpg\",\"datePublished\":\"2025-01-02T11:00:06+00:00\",\"breadcrumb\":{\"@id\":\"https:\\\/\\\/www.anovapeneira.gal\\\/index.php\\\/2025\\\/01\\\/02\\\/o-amor-a-patria-e-a-aldea\\\/#breadcrumb\"},\"inLanguage\":\"gl-ES\",\"potentialAction\":[{\"@type\":\"ReadAction\",\"target\":[\"https:\\\/\\\/www.anovapeneira.gal\\\/index.php\\\/2025\\\/01\\\/02\\\/o-amor-a-patria-e-a-aldea\\\/\"]}]},{\"@type\":\"ImageObject\",\"inLanguage\":\"gl-ES\",\"@id\":\"https:\\\/\\\/www.anovapeneira.gal\\\/index.php\\\/2025\\\/01\\\/02\\\/o-amor-a-patria-e-a-aldea\\\/#primaryimage\",\"url\":\"https:\\\/\\\/www.anovapeneira.gal\\\/wp-content\\\/uploads\\\/2021\\\/03\\\/manuel_alfonso_estevez.jpg\",\"contentUrl\":\"https:\\\/\\\/www.anovapeneira.gal\\\/wp-content\\\/uploads\\\/2021\\\/03\\\/manuel_alfonso_estevez.jpg\",\"width\":720,\"height\":432,\"caption\":\"Manuel Alfonso Est\u00e9vez. Historia viva de Fornelos da Ribeira\"},{\"@type\":\"BreadcrumbList\",\"@id\":\"https:\\\/\\\/www.anovapeneira.gal\\\/index.php\\\/2025\\\/01\\\/02\\\/o-amor-a-patria-e-a-aldea\\\/#breadcrumb\",\"itemListElement\":[{\"@type\":\"ListItem\",\"position\":1,\"name\":\"Portada\",\"item\":\"https:\\\/\\\/www.anovapeneira.gal\\\/\"},{\"@type\":\"ListItem\",\"position\":2,\"name\":\"O amor a patria e a aldea\"}]},{\"@type\":\"WebSite\",\"@id\":\"https:\\\/\\\/www.anovapeneira.gal\\\/#website\",\"url\":\"https:\\\/\\\/www.anovapeneira.gal\\\/\",\"name\":\"\",\"description\":\"Xornal galego de informaci\u00f3n xeral Publicaci\u00f3n mensual de novas de Galicia e en especial dos Concellos da sur da provincia de Pontevedra.\",\"publisher\":{\"@id\":\"https:\\\/\\\/www.anovapeneira.gal\\\/#organization\"},\"potentialAction\":[{\"@type\":\"SearchAction\",\"target\":{\"@type\":\"EntryPoint\",\"urlTemplate\":\"https:\\\/\\\/www.anovapeneira.gal\\\/?s={search_term_string}\"},\"query-input\":{\"@type\":\"PropertyValueSpecification\",\"valueRequired\":true,\"valueName\":\"search_term_string\"}}],\"inLanguage\":\"gl-ES\"},{\"@type\":\"Organization\",\"@id\":\"https:\\\/\\\/www.anovapeneira.gal\\\/#organization\",\"name\":\"A Nova Peneira\",\"url\":\"https:\\\/\\\/www.anovapeneira.gal\\\/\",\"logo\":{\"@type\":\"ImageObject\",\"inLanguage\":\"gl-ES\",\"@id\":\"https:\\\/\\\/www.anovapeneira.gal\\\/#\\\/schema\\\/logo\\\/image\\\/\",\"url\":\"http:\\\/\\\/www.anovapeneira.gal\\\/wp-content\\\/uploads\\\/2019\\\/06\\\/logo_a_nova_peneira_portal_web.png\",\"contentUrl\":\"http:\\\/\\\/www.anovapeneira.gal\\\/wp-content\\\/uploads\\\/2019\\\/06\\\/logo_a_nova_peneira_portal_web.png\",\"width\":300,\"height\":100,\"caption\":\"A Nova Peneira\"},\"image\":{\"@id\":\"https:\\\/\\\/www.anovapeneira.gal\\\/#\\\/schema\\\/logo\\\/image\\\/\"},\"sameAs\":[\"https:\\\/\\\/www.facebook.com\\\/anovapeneira\",\"https:\\\/\\\/x.com\\\/APeneira\"]},{\"@type\":\"Person\",\"@id\":\"https:\\\/\\\/www.anovapeneira.gal\\\/#\\\/schema\\\/person\\\/6561b93d53e7a32f5d814768163bae2a\",\"name\":\"Manuel Alfonso Est\u00e9vez\",\"image\":{\"@type\":\"ImageObject\",\"inLanguage\":\"gl-ES\",\"@id\":\"https:\\\/\\\/secure.gravatar.com\\\/avatar\\\/f5d3e86603a02dabc520fdacad8691552cb5b3b57ede8828ababc7095c054594?s=96&d=mm&r=g\",\"url\":\"https:\\\/\\\/secure.gravatar.com\\\/avatar\\\/f5d3e86603a02dabc520fdacad8691552cb5b3b57ede8828ababc7095c054594?s=96&d=mm&r=g\",\"contentUrl\":\"https:\\\/\\\/secure.gravatar.com\\\/avatar\\\/f5d3e86603a02dabc520fdacad8691552cb5b3b57ede8828ababc7095c054594?s=96&d=mm&r=g\",\"caption\":\"Manuel Alfonso Est\u00e9vez\"},\"url\":\"https:\\\/\\\/www.anovapeneira.gal\\\/index.php\\\/author\\\/manuelalfonso\\\/\"}]}<\/script>\n<!-- \/ Yoast SEO plugin. -->","yoast_head_json":{"title":"O amor a patria e a aldea -","robots":{"index":"index","follow":"follow","max-snippet":"max-snippet:-1","max-image-preview":"max-image-preview:large","max-video-preview":"max-video-preview:-1"},"canonical":"https:\/\/www.anovapeneira.gal\/index.php\/2025\/01\/02\/o-amor-a-patria-e-a-aldea\/","og_locale":"gl_ES","og_type":"article","og_title":"O amor a patria e a aldea -","og_description":"Neste final de Ano e comezo do Aninovo, na memoria inc\u00f3moda, de Manuel Guti\u00e9rrez Est\u00e9vez, catedr\u00e1tico de Antropolox\u00eda da Universidade Complutense de Madrid, pode entenderse moitas esencias e actitudes morais que esconden hoxe [...]","og_url":"https:\/\/www.anovapeneira.gal\/index.php\/2025\/01\/02\/o-amor-a-patria-e-a-aldea\/","article_publisher":"https:\/\/www.facebook.com\/anovapeneira","article_published_time":"2025-01-02T11:00:06+00:00","og_image":[{"width":720,"height":432,"url":"https:\/\/www.anovapeneira.gal\/wp-content\/uploads\/2021\/03\/manuel_alfonso_estevez.jpg","type":"image\/jpeg"}],"author":"Manuel Alfonso Est\u00e9vez","twitter_card":"summary_large_image","twitter_creator":"@APeneira","twitter_site":"@APeneira","twitter_misc":{"Escrito por":"Manuel Alfonso Est\u00e9vez","Tempo de lectura":"4 minutos"},"schema":{"@context":"https:\/\/schema.org","@graph":[{"@type":"Article","@id":"https:\/\/www.anovapeneira.gal\/index.php\/2025\/01\/02\/o-amor-a-patria-e-a-aldea\/#article","isPartOf":{"@id":"https:\/\/www.anovapeneira.gal\/index.php\/2025\/01\/02\/o-amor-a-patria-e-a-aldea\/"},"author":{"name":"Manuel Alfonso Est\u00e9vez","@id":"https:\/\/www.anovapeneira.gal\/#\/schema\/person\/6561b93d53e7a32f5d814768163bae2a"},"headline":"O amor a patria e a aldea","datePublished":"2025-01-02T11:00:06+00:00","mainEntityOfPage":{"@id":"https:\/\/www.anovapeneira.gal\/index.php\/2025\/01\/02\/o-amor-a-patria-e-a-aldea\/"},"wordCount":736,"commentCount":0,"publisher":{"@id":"https:\/\/www.anovapeneira.gal\/#organization"},"image":{"@id":"https:\/\/www.anovapeneira.gal\/index.php\/2025\/01\/02\/o-amor-a-patria-e-a-aldea\/#primaryimage"},"thumbnailUrl":"https:\/\/www.anovapeneira.gal\/wp-content\/uploads\/2021\/03\/manuel_alfonso_estevez.jpg","keywords":["Fornelos da Ribeira"],"articleSection":["Artigos de opini\u00f3n"],"inLanguage":"gl-ES","potentialAction":[{"@type":"CommentAction","name":"Comment","target":["https:\/\/www.anovapeneira.gal\/index.php\/2025\/01\/02\/o-amor-a-patria-e-a-aldea\/#respond"]}]},{"@type":"WebPage","@id":"https:\/\/www.anovapeneira.gal\/index.php\/2025\/01\/02\/o-amor-a-patria-e-a-aldea\/","url":"https:\/\/www.anovapeneira.gal\/index.php\/2025\/01\/02\/o-amor-a-patria-e-a-aldea\/","name":"O amor a patria e a aldea -","isPartOf":{"@id":"https:\/\/www.anovapeneira.gal\/#website"},"primaryImageOfPage":{"@id":"https:\/\/www.anovapeneira.gal\/index.php\/2025\/01\/02\/o-amor-a-patria-e-a-aldea\/#primaryimage"},"image":{"@id":"https:\/\/www.anovapeneira.gal\/index.php\/2025\/01\/02\/o-amor-a-patria-e-a-aldea\/#primaryimage"},"thumbnailUrl":"https:\/\/www.anovapeneira.gal\/wp-content\/uploads\/2021\/03\/manuel_alfonso_estevez.jpg","datePublished":"2025-01-02T11:00:06+00:00","breadcrumb":{"@id":"https:\/\/www.anovapeneira.gal\/index.php\/2025\/01\/02\/o-amor-a-patria-e-a-aldea\/#breadcrumb"},"inLanguage":"gl-ES","potentialAction":[{"@type":"ReadAction","target":["https:\/\/www.anovapeneira.gal\/index.php\/2025\/01\/02\/o-amor-a-patria-e-a-aldea\/"]}]},{"@type":"ImageObject","inLanguage":"gl-ES","@id":"https:\/\/www.anovapeneira.gal\/index.php\/2025\/01\/02\/o-amor-a-patria-e-a-aldea\/#primaryimage","url":"https:\/\/www.anovapeneira.gal\/wp-content\/uploads\/2021\/03\/manuel_alfonso_estevez.jpg","contentUrl":"https:\/\/www.anovapeneira.gal\/wp-content\/uploads\/2021\/03\/manuel_alfonso_estevez.jpg","width":720,"height":432,"caption":"Manuel Alfonso Est\u00e9vez. Historia viva de Fornelos da Ribeira"},{"@type":"BreadcrumbList","@id":"https:\/\/www.anovapeneira.gal\/index.php\/2025\/01\/02\/o-amor-a-patria-e-a-aldea\/#breadcrumb","itemListElement":[{"@type":"ListItem","position":1,"name":"Portada","item":"https:\/\/www.anovapeneira.gal\/"},{"@type":"ListItem","position":2,"name":"O amor a patria e a aldea"}]},{"@type":"WebSite","@id":"https:\/\/www.anovapeneira.gal\/#website","url":"https:\/\/www.anovapeneira.gal\/","name":"","description":"Xornal galego de informaci\u00f3n xeral Publicaci\u00f3n mensual de novas de Galicia e en especial dos Concellos da sur da provincia de Pontevedra.","publisher":{"@id":"https:\/\/www.anovapeneira.gal\/#organization"},"potentialAction":[{"@type":"SearchAction","target":{"@type":"EntryPoint","urlTemplate":"https:\/\/www.anovapeneira.gal\/?s={search_term_string}"},"query-input":{"@type":"PropertyValueSpecification","valueRequired":true,"valueName":"search_term_string"}}],"inLanguage":"gl-ES"},{"@type":"Organization","@id":"https:\/\/www.anovapeneira.gal\/#organization","name":"A Nova Peneira","url":"https:\/\/www.anovapeneira.gal\/","logo":{"@type":"ImageObject","inLanguage":"gl-ES","@id":"https:\/\/www.anovapeneira.gal\/#\/schema\/logo\/image\/","url":"http:\/\/www.anovapeneira.gal\/wp-content\/uploads\/2019\/06\/logo_a_nova_peneira_portal_web.png","contentUrl":"http:\/\/www.anovapeneira.gal\/wp-content\/uploads\/2019\/06\/logo_a_nova_peneira_portal_web.png","width":300,"height":100,"caption":"A Nova Peneira"},"image":{"@id":"https:\/\/www.anovapeneira.gal\/#\/schema\/logo\/image\/"},"sameAs":["https:\/\/www.facebook.com\/anovapeneira","https:\/\/x.com\/APeneira"]},{"@type":"Person","@id":"https:\/\/www.anovapeneira.gal\/#\/schema\/person\/6561b93d53e7a32f5d814768163bae2a","name":"Manuel Alfonso Est\u00e9vez","image":{"@type":"ImageObject","inLanguage":"gl-ES","@id":"https:\/\/secure.gravatar.com\/avatar\/f5d3e86603a02dabc520fdacad8691552cb5b3b57ede8828ababc7095c054594?s=96&d=mm&r=g","url":"https:\/\/secure.gravatar.com\/avatar\/f5d3e86603a02dabc520fdacad8691552cb5b3b57ede8828ababc7095c054594?s=96&d=mm&r=g","contentUrl":"https:\/\/secure.gravatar.com\/avatar\/f5d3e86603a02dabc520fdacad8691552cb5b3b57ede8828ababc7095c054594?s=96&d=mm&r=g","caption":"Manuel Alfonso Est\u00e9vez"},"url":"https:\/\/www.anovapeneira.gal\/index.php\/author\/manuelalfonso\/"}]}},"jetpack_featured_media_url":"https:\/\/www.anovapeneira.gal\/wp-content\/uploads\/2021\/03\/manuel_alfonso_estevez.jpg","_links":{"self":[{"href":"https:\/\/www.anovapeneira.gal\/index.php\/wp-json\/wp\/v2\/posts\/13032","targetHints":{"allow":["GET"]}}],"collection":[{"href":"https:\/\/www.anovapeneira.gal\/index.php\/wp-json\/wp\/v2\/posts"}],"about":[{"href":"https:\/\/www.anovapeneira.gal\/index.php\/wp-json\/wp\/v2\/types\/post"}],"author":[{"embeddable":true,"href":"https:\/\/www.anovapeneira.gal\/index.php\/wp-json\/wp\/v2\/users\/40"}],"replies":[{"embeddable":true,"href":"https:\/\/www.anovapeneira.gal\/index.php\/wp-json\/wp\/v2\/comments?post=13032"}],"version-history":[{"count":2,"href":"https:\/\/www.anovapeneira.gal\/index.php\/wp-json\/wp\/v2\/posts\/13032\/revisions"}],"predecessor-version":[{"id":13034,"href":"https:\/\/www.anovapeneira.gal\/index.php\/wp-json\/wp\/v2\/posts\/13032\/revisions\/13034"}],"wp:featuredmedia":[{"embeddable":true,"href":"https:\/\/www.anovapeneira.gal\/index.php\/wp-json\/wp\/v2\/media\/5108"}],"wp:attachment":[{"href":"https:\/\/www.anovapeneira.gal\/index.php\/wp-json\/wp\/v2\/media?parent=13032"}],"wp:term":[{"taxonomy":"category","embeddable":true,"href":"https:\/\/www.anovapeneira.gal\/index.php\/wp-json\/wp\/v2\/categories?post=13032"},{"taxonomy":"post_tag","embeddable":true,"href":"https:\/\/www.anovapeneira.gal\/index.php\/wp-json\/wp\/v2\/tags?post=13032"}],"curies":[{"name":"wp","href":"https:\/\/api.w.org\/{rel}","templated":true}]}}