{"id":13039,"date":"2025-01-03T12:00:21","date_gmt":"2025-01-03T11:00:21","guid":{"rendered":"https:\/\/www.anovapeneira.gal\/?p=13039"},"modified":"2024-12-30T17:31:09","modified_gmt":"2024-12-30T16:31:09","slug":"shehab-el-din-xornalista-gazati","status":"publish","type":"post","link":"https:\/\/www.anovapeneira.gal\/index.php\/2025\/01\/03\/shehab-el-din-xornalista-gazati\/","title":{"rendered":"Shehab El-Din, xornalista gazat\u00ed"},"content":{"rendered":"\n<p><strong>A finais do pasado decembro, grazas \u00e1 xentileza do activista Manolo Garrido, tivemos a oportunidade de entrevistar ao xornalista gazat\u00ed Shehab El-Din. El \u00e9 apenas un mozo de 28 anos que, sendo tan novo, xa se viu na obriga de vivir as realidades m\u00e1is terribles da existencia: a guerra, a pobreza, a fame, a morte de seres queridos e a angustia de non poder ter outra expectativa vital que a de continuar con vida o d\u00eda de ma\u00f1a.<\/strong><\/p>\n\n\n\n<p><strong>Cando rematei de conversar con Shehab, mentres cami\u00f1aba cara ao aparcadoiro no que estacionara o meu coche, pensaba en como era a mi\u00f1a vida aos 28 anos e nos problemas que pod\u00eda ter eu naquel momento e non puiden evitar sentir admiraci\u00f3n por un rapaz que despois de ter vivido no inferno \u00e9 capaz de manter o equilibrio e a serenidade, al\u00e9n dun inmenso sorriso como a media lua coa que se identifican os pobos \u00e1rabes. Igualmente foi inevitable sentir certa vergonza por formar parte dun mundo que non pode obviar a s\u00faa responsabilidade na masacre doutra parte do mundo que est\u00e1 a ser masacrada, pois como pouco mira a outro lado, e unha enorme carraxe ante o imperialismo sionista e calquera outra clase de imperialismo que no presente , no pasado ou no futuro basee o seu benestar na explotaci\u00f3n e no abuso de outros.<\/strong><\/p>\n\n\n\n<p><strong>Vela\u00ed vai o que deu de si a nosa conversa<\/strong><\/p>\n\n\n\n<h2 class=\"wp-block-heading\">\u201c<strong>Te\u00f1o 28 anos e xa viv\u00edn 7 guerras, a fame, os traslados forzosos, a destruci\u00f3n de todo o meu contexto e o recente asasinato da mi\u00f1a irm\u00e1 nun bombardeo israel\u00ed\u201d<\/strong><\/h2>\n\n\n\n<p><strong>Onde naciches ti?<\/strong><\/p>\n\n\n\n<blockquote class=\"wp-block-quote is-layout-flow wp-block-quote-is-layout-flow\">\n<p>Eu nac\u00edn en Libia. A mi\u00f1a familia \u00e9 palestina, e como tantas outras, foi expulsada dos seus fogares polos sionistas.<\/p>\n<\/blockquote>\n\n\n\n<p><strong>Son moitas as persoas que no proceso de creaci\u00f3n do estado de Israel foron expulsadas das s\u00faas casas para que se instalasen colonos xudeus?<\/strong><\/p>\n\n\n\n<blockquote class=\"wp-block-quote is-layout-flow wp-block-quote-is-layout-flow\">\n<p>Son moitos milleiros. Cada familia expulsada buscouse a vida onde puido, a mi\u00f1a f\u00edxoo en Libia que foi onde eu nac\u00edn.<\/p>\n<\/blockquote>\n\n\n\n<p><strong>A t\u00faa familia de que parte de Palestina procede?<\/strong><\/p>\n\n\n\n<blockquote class=\"wp-block-quote is-layout-flow wp-block-quote-is-layout-flow\">\n<p>A mi\u00f1a familia procede dunha zona na Palestina ocupada que est\u00e1 cerca da fronteira norte de Gaza, pero que hoxe forma parte do estado de Israel.<\/p>\n<\/blockquote>\n\n\n\n<p><strong>Cantos anos tes?<\/strong><\/p>\n\n\n\n<blockquote class=\"wp-block-quote is-layout-flow wp-block-quote-is-layout-flow\">\n<p>Nac\u00edn en 1996, te\u00f1o 28 anos.<\/p>\n<\/blockquote>\n\n\n\n<p><strong>Non quero entrar en detalles, que seguro son terribles e pertencen ao campo da t\u00faa estrita intimidade persoal,pero para o novo que es, viviches as partes m\u00e1is espantosas da vida?<\/strong><\/p>\n\n\n\n<blockquote class=\"wp-block-quote is-layout-flow wp-block-quote-is-layout-flow\">\n<p>Si, \u00e9 certo. Te\u00f1o 28 anos e xa viv\u00edn 7 guerras, pasei fame, vin a destruci\u00f3n de todo o meu contexto e o asasinato de familiares directos.<\/p>\n<\/blockquote>\n\n\n\n<p><strong>En que cidade de Libia naciches?<\/strong><\/p>\n\n\n\n<blockquote class=\"wp-block-quote is-layout-flow wp-block-quote-is-layout-flow\">\n<p>Nac\u00edn en Bengasi, a segunda cidade m\u00e1is importante do pa\u00eds.<\/p>\n<\/blockquote>\n\n\n\n<p><strong>Como se desenvolveu a t\u00faa infancia e mocidade ata chegares a esta este punto, estar en Galicia no momento actual?<\/strong><\/p>\n\n\n\n<blockquote class=\"wp-block-quote is-layout-flow wp-block-quote-is-layout-flow\">\n<p>Os meus primeiros anos de vida foron en Libia, logo fun a Iemen, \u00e1 capital, al\u00ed estiven vivindo durante 10 anos, posteriormente estiven un tempo en Sud\u00e1n e m\u00e1is tarde fun a Exipto. Nese pa\u00eds estiven un mes e 22 d\u00edas vivindo na fronteira, ata que puidemos pagar a uns exipcios , esas persoas, para que me axudaran a entrar en Gaza.<\/p>\n<\/blockquote>\n\n\n\n<p><strong>Que persoas?<\/strong><\/p>\n\n\n\n<blockquote class=\"wp-block-quote is-layout-flow wp-block-quote-is-layout-flow\">\n<p>Non sei se dicir traficantes, vou deixalo en intermediarios.<\/p>\n<\/blockquote>\n\n\n\n<p><strong>En que ano foi?<\/strong><\/p>\n\n\n\n<blockquote class=\"wp-block-quote is-layout-flow wp-block-quote-is-layout-flow\">\n<p>No ano 2007.<\/p>\n<\/blockquote>\n\n\n\n<p><strong>En que cidade de Gaza entraches?<\/strong><\/p>\n\n\n\n<blockquote class=\"wp-block-quote is-layout-flow wp-block-quote-is-layout-flow\">\n<p>En Jabalia. Estiven arredor de 4 anos estudando nunha escola desa localidade e despois foron traslad\u00e1ndome a zonas diferentes de Gaza. Estivemos sobre 15 anos por diferentes sitios de Gaza ata que conseguimos a nosa propia casa.<\/p>\n<\/blockquote>\n\n\n\n<p><strong>Que fac\u00eda a t\u00faa familia para ga\u00f1arvos a vida?<\/strong><\/p>\n\n\n\n<blockquote class=\"wp-block-quote is-layout-flow wp-block-quote-is-layout-flow\">\n<p>O meu pai daba clases na universidade, a mi\u00f1a nai cando estivemos en Iemen deu clase tam\u00e9n nun colexio dese pa\u00eds, en Gaza traballaba na casa.<\/p>\n<\/blockquote>\n\n\n\n<p><strong>Como era a vida en Gaza naquel tempo?<\/strong><\/p>\n\n\n\n<blockquote class=\"wp-block-quote is-layout-flow wp-block-quote-is-layout-flow\">\n<p>Depende da \u00e9poca e das circunstancias: \u00e1s veces era mellor, \u00e1s veces era peor. Como antes mencionei eu xa viv\u00edn sete guerras. Aproximadamente entre unha guerra e outra hab\u00eda dous anos de calma.<\/p>\n<\/blockquote>\n\n\n\n<p><strong>S\u00f3 imaxinalo produce pavor. Como \u00e9 posible, vivindo 7 guerras en 14 anos, manter un m\u00ednimo de equilibrio emocional?<\/strong><\/p>\n\n\n\n<blockquote class=\"wp-block-quote is-layout-flow wp-block-quote-is-layout-flow\">\n<p>O que vou dicir \u00e9 terrible: pero ac\u00e1baste afacendo. N\u00f3s, como calquera pobo do mundo, s\u00f3 queremos vivir libres e en paz na nosa terra.<\/p>\n<\/blockquote>\n\n\n\n<p><strong>Que estudaches en Gaza?<\/strong><\/p>\n\n\n\n<blockquote class=\"wp-block-quote is-layout-flow wp-block-quote-is-layout-flow\">\n<p>Un mestrado en relaci\u00f3ns p\u00fablicas. Dei clases na universidade e traballei pola mi\u00f1a conta facendo xornalismo e fotograf\u00eda para algunhas publicaci\u00f3ns.<\/p>\n<\/blockquote>\n\n\n\n<p><strong>Gust\u00e1bache?<\/strong><\/p>\n\n\n\n<blockquote class=\"wp-block-quote is-layout-flow wp-block-quote-is-layout-flow\">\n<p>Moito, especialmente a fotograf\u00eda porque ao meu xu\u00edzo ten maior potencial para expresar.<\/p>\n<\/blockquote>\n\n\n\n<p><strong>Ata cando estiveches en Gaza?<\/strong><\/p>\n\n\n\n<blockquote class=\"wp-block-quote is-layout-flow wp-block-quote-is-layout-flow\">\n<p>Ata setembro deste ano.<\/p>\n<\/blockquote>\n\n\n\n<p><strong>Ent\u00f3n viviches en primeira persoa as consecuencias da actual invasi\u00f3n israel\u00ed?<\/strong><\/p>\n\n\n\n<blockquote class=\"wp-block-quote is-layout-flow wp-block-quote-is-layout-flow\">\n<p>Si.<\/p>\n<\/blockquote>\n\n\n\n<p><strong>C\u00f3ntanos a modo de s\u00edntese como foi a vida desde outubro do 23 ata setembro do 24 que sa\u00edches de Gaza?<\/strong><\/p>\n\n\n\n<blockquote class=\"wp-block-quote is-layout-flow wp-block-quote-is-layout-flow\">\n<p>Terriblemente dif\u00edcil: Morte, destruci\u00f3n, fame, miseria e traslados forzosos constantes. A mi\u00f1a familia puido sa\u00edr a Exipto e en Gaza s\u00f3 quedamos a mi\u00f1a irm\u00e1 e m\u00e1is eu. A mi\u00f1a irm\u00e1 morreu.<\/p>\n<\/blockquote>\n\n\n\n<p><strong>Morreu, ou foi asasinada?<\/strong><\/p>\n\n\n\n<blockquote class=\"wp-block-quote is-layout-flow wp-block-quote-is-layout-flow\">\n<p>Foi asasinada por un m\u00edsil israel\u00ed que bateu directamente na s\u00faa casa.<\/p>\n<\/blockquote>\n\n\n\n<p><strong>Cantos anos ti\u00f1a?<\/strong><\/p>\n\n\n\n<blockquote class=\"wp-block-quote is-layout-flow wp-block-quote-is-layout-flow\">\n<p>32 anos. Morreron ela e un fillo e quedou con vida a outra filla, unha cativa sen pai e sen nai, a mi\u00f1a sobri\u00f1a.<\/p>\n<\/blockquote>\n\n\n\n<p><strong>Onde e con quen vive a meni\u00f1a?<\/strong><\/p>\n\n\n\n<blockquote class=\"wp-block-quote is-layout-flow wp-block-quote-is-layout-flow\">\n<p>Est\u00e1 en Gaza, vivindo cuns amigos.<\/p>\n<\/blockquote>\n\n\n\n<p><strong>Como se chamaba a t\u00faa irm\u00e1?, quero reflectir o seu nome, para amosarlle todos os meus respectos<\/strong><\/p>\n\n\n\n<blockquote class=\"wp-block-quote is-layout-flow wp-block-quote-is-layout-flow\">\n<p>Moitas grazas. Cham\u00e1base Lam\u00eds<\/p>\n<\/blockquote>\n\n\n\n<p><strong>Como puideches sa\u00edr de Gaza no estado de guerra no que estaba cando sa\u00edches en setembro?<\/strong><\/p>\n\n\n\n<blockquote class=\"wp-block-quote is-layout-flow wp-block-quote-is-layout-flow\">\n<p>Consegu\u00edn unha oportunidade para poder sa\u00edr. Logreino como acompa\u00f1ante dun enfermo. Tiven que pagar moitos cartos. Fun a Exipto, logo a Emiratos, pero al\u00ed prohibiron a entrada aos palestinos e vinme na obriga de ir a Om\u00e1n.<\/p>\n<\/blockquote>\n\n\n\n<p><strong>Canto tiveches que pagar para poder sa\u00edr, e a quen ?<\/strong><\/p>\n\n\n\n<blockquote class=\"wp-block-quote is-layout-flow wp-block-quote-is-layout-flow\">\n<p>Paguei 6.000 d\u00f3lares,pois a unha especie de mafia. Estamos falando dunha zona de guerra e esta situaci\u00f3n est\u00e1 por encima de calquera outra cuesti\u00f3n, crea monstros por todas as esquinas, tam\u00e9n no tr\u00e1fico de persoas. En Exipto hai unha oficina que se dedicaba a recadar fondos de todos os cidad\u00e1ns de Gaza que intentaban sa\u00edr.<\/p>\n<\/blockquote>\n\n\n\n<p><strong>Non puideches sacar \u00e1 t\u00faa sobri\u00f1a?<\/strong><\/p>\n\n\n\n<blockquote class=\"wp-block-quote is-layout-flow wp-block-quote-is-layout-flow\">\n<p>Cando \u00eda sa\u00edr con ela non permitiron que me acompa\u00f1ase. Tratei de volver para non deixala soa pero non me deixaron.<\/p>\n<\/blockquote>\n\n\n\n<p><strong>Como chegaches ao estado espa\u00f1ol?<\/strong><\/p>\n\n\n\n<blockquote class=\"wp-block-quote is-layout-flow wp-block-quote-is-layout-flow\">\n<p>Consegu\u00edn un visado dun mes na embaixada espa\u00f1ola en Om\u00e1n.<\/p>\n<\/blockquote>\n\n\n\n<p><strong>Cando che caduca?<\/strong><\/p>\n\n\n\n<blockquote class=\"wp-block-quote is-layout-flow wp-block-quote-is-layout-flow\">\n<p>O 17 de xaneiro<\/p>\n<\/blockquote>\n\n\n\n<p><strong>Onde vives agora?<\/strong><\/p>\n\n\n\n<blockquote class=\"wp-block-quote is-layout-flow wp-block-quote-is-layout-flow\">\n<p>Estou na Coru\u00f1a cunha amiga que foi a que me axudou para poder vir a Galicia<\/p>\n<\/blockquote>\n\n\n\n<p><strong>Que vas facer cando che caduque o visado?<\/strong><\/p>\n\n\n\n<blockquote class=\"wp-block-quote is-layout-flow wp-block-quote-is-layout-flow\">\n<p>Non o sei, a verdade estou un pouco perdido. Encantar\u00edame poder traer \u00e1 mi\u00f1a sobri\u00f1a e conseguir un traballo aqu\u00ed que me permitira estabilizarme. G\u00fastame Galicia, o clima \u00e9 igual que en Gaza.<\/p>\n<\/blockquote>\n\n\n\n<p><strong>Terminamos: cal \u00e9,ao teu xu\u00edzo, a soluci\u00f3n pol\u00edtica m\u00e1is adecuada para que a violencia remate dunha vez?<\/strong><\/p>\n\n\n\n<blockquote class=\"wp-block-quote is-layout-flow wp-block-quote-is-layout-flow\">\n<p>O estado de Israel debe de ser expulsado das terras de Palestina. Algo que Israel non vai facer, m\u00e1is ben parece que queren facer o contrario, controlar cada vez m\u00e1is zonas, as\u00ed o vemos nas s\u00faas intervenci\u00f3ns en Siria e no L\u00edbano. De feito hai soldados israel\u00eds que levan cosido nos seus uniformes un mapa no que aparecen estes pa\u00edses como parte do seu ideal \u201cgran Israel\u201d.<\/p>\n<\/blockquote>\n","protected":false},"excerpt":{"rendered":"<div class=\"mh-excerpt\"><p>A finais do pasado decembro, grazas \u00e1 xentileza do activista Manolo Garrido, tivemos a oportunidade de entrevistar ao xornalista gazat\u00ed Shehab El-Din. El \u00e9 apenas un mozo de 28 anos que, sendo tan novo, xa <a class=\"mh-excerpt-more\" href=\"https:\/\/www.anovapeneira.gal\/index.php\/2025\/01\/03\/shehab-el-din-xornalista-gazati\/\" title=\"Shehab El-Din, xornalista gazat\u00ed\">[&#8230;]<\/a><\/p>\n<\/div>","protected":false},"author":2,"featured_media":13040,"comment_status":"open","ping_status":"open","sticky":false,"template":"","format":"standard","meta":{"_exactmetrics_skip_tracking":false,"_exactmetrics_sitenote_active":false,"_exactmetrics_sitenote_note":"","_exactmetrics_sitenote_category":0,"footnotes":""},"categories":[264],"tags":[],"class_list":{"0":"post-13039","1":"post","2":"type-post","3":"status-publish","4":"format-standard","5":"has-post-thumbnail","7":"category-entrevistas-galicia"},"yoast_head":"<!-- This site is optimized with the Yoast SEO plugin v27.4 - https:\/\/yoast.com\/product\/yoast-seo-wordpress\/ -->\n<title>Shehab El-Din, xornalista gazat\u00ed -<\/title>\n<meta name=\"robots\" content=\"index, follow, max-snippet:-1, max-image-preview:large, max-video-preview:-1\" \/>\n<link rel=\"canonical\" href=\"https:\/\/www.anovapeneira.gal\/index.php\/2025\/01\/03\/shehab-el-din-xornalista-gazati\/\" \/>\n<meta property=\"og:locale\" content=\"gl_ES\" \/>\n<meta property=\"og:type\" content=\"article\" \/>\n<meta property=\"og:title\" content=\"Shehab El-Din, xornalista gazat\u00ed -\" \/>\n<meta property=\"og:description\" content=\"A finais do pasado decembro, grazas \u00e1 xentileza do activista Manolo Garrido, tivemos a oportunidade de entrevistar ao xornalista gazat\u00ed Shehab El-Din. El \u00e9 apenas un mozo de 28 anos que, sendo tan novo, xa [...]\" \/>\n<meta property=\"og:url\" content=\"https:\/\/www.anovapeneira.gal\/index.php\/2025\/01\/03\/shehab-el-din-xornalista-gazati\/\" \/>\n<meta property=\"article:publisher\" content=\"https:\/\/www.facebook.com\/anovapeneira\" \/>\n<meta property=\"article:published_time\" content=\"2025-01-03T11:00:21+00:00\" \/>\n<meta property=\"og:image\" content=\"https:\/\/www.anovapeneira.gal\/wp-content\/uploads\/2024\/12\/shehab.png\" \/>\n\t<meta property=\"og:image:width\" content=\"720\" \/>\n\t<meta property=\"og:image:height\" content=\"432\" \/>\n\t<meta property=\"og:image:type\" content=\"image\/png\" \/>\n<meta name=\"author\" content=\"Tino Lago\" \/>\n<meta name=\"twitter:card\" content=\"summary_large_image\" \/>\n<meta name=\"twitter:creator\" content=\"@APeneira\" \/>\n<meta name=\"twitter:site\" content=\"@APeneira\" \/>\n<meta name=\"twitter:label1\" content=\"Escrito por\" \/>\n\t<meta name=\"twitter:data1\" content=\"Tino Lago\" \/>\n\t<meta name=\"twitter:label2\" content=\"Tempo de lectura\" \/>\n\t<meta name=\"twitter:data2\" content=\"4 minutos\" \/>\n<script type=\"application\/ld+json\" class=\"yoast-schema-graph\">{\"@context\":\"https:\\\/\\\/schema.org\",\"@graph\":[{\"@type\":\"Article\",\"@id\":\"https:\\\/\\\/www.anovapeneira.gal\\\/index.php\\\/2025\\\/01\\\/03\\\/shehab-el-din-xornalista-gazati\\\/#article\",\"isPartOf\":{\"@id\":\"https:\\\/\\\/www.anovapeneira.gal\\\/index.php\\\/2025\\\/01\\\/03\\\/shehab-el-din-xornalista-gazati\\\/\"},\"author\":{\"name\":\"Tino Lago\",\"@id\":\"https:\\\/\\\/www.anovapeneira.gal\\\/#\\\/schema\\\/person\\\/424dfe65e3070fd8a44d22d2c088762a\"},\"headline\":\"Shehab El-Din, xornalista gazat\u00ed\",\"datePublished\":\"2025-01-03T11:00:21+00:00\",\"mainEntityOfPage\":{\"@id\":\"https:\\\/\\\/www.anovapeneira.gal\\\/index.php\\\/2025\\\/01\\\/03\\\/shehab-el-din-xornalista-gazati\\\/\"},\"wordCount\":1303,\"commentCount\":0,\"publisher\":{\"@id\":\"https:\\\/\\\/www.anovapeneira.gal\\\/#organization\"},\"image\":{\"@id\":\"https:\\\/\\\/www.anovapeneira.gal\\\/index.php\\\/2025\\\/01\\\/03\\\/shehab-el-din-xornalista-gazati\\\/#primaryimage\"},\"thumbnailUrl\":\"https:\\\/\\\/www.anovapeneira.gal\\\/wp-content\\\/uploads\\\/2024\\\/12\\\/shehab.png\",\"articleSection\":[\"Entrevistas\"],\"inLanguage\":\"gl-ES\",\"potentialAction\":[{\"@type\":\"CommentAction\",\"name\":\"Comment\",\"target\":[\"https:\\\/\\\/www.anovapeneira.gal\\\/index.php\\\/2025\\\/01\\\/03\\\/shehab-el-din-xornalista-gazati\\\/#respond\"]}]},{\"@type\":\"WebPage\",\"@id\":\"https:\\\/\\\/www.anovapeneira.gal\\\/index.php\\\/2025\\\/01\\\/03\\\/shehab-el-din-xornalista-gazati\\\/\",\"url\":\"https:\\\/\\\/www.anovapeneira.gal\\\/index.php\\\/2025\\\/01\\\/03\\\/shehab-el-din-xornalista-gazati\\\/\",\"name\":\"Shehab El-Din, xornalista gazat\u00ed -\",\"isPartOf\":{\"@id\":\"https:\\\/\\\/www.anovapeneira.gal\\\/#website\"},\"primaryImageOfPage\":{\"@id\":\"https:\\\/\\\/www.anovapeneira.gal\\\/index.php\\\/2025\\\/01\\\/03\\\/shehab-el-din-xornalista-gazati\\\/#primaryimage\"},\"image\":{\"@id\":\"https:\\\/\\\/www.anovapeneira.gal\\\/index.php\\\/2025\\\/01\\\/03\\\/shehab-el-din-xornalista-gazati\\\/#primaryimage\"},\"thumbnailUrl\":\"https:\\\/\\\/www.anovapeneira.gal\\\/wp-content\\\/uploads\\\/2024\\\/12\\\/shehab.png\",\"datePublished\":\"2025-01-03T11:00:21+00:00\",\"breadcrumb\":{\"@id\":\"https:\\\/\\\/www.anovapeneira.gal\\\/index.php\\\/2025\\\/01\\\/03\\\/shehab-el-din-xornalista-gazati\\\/#breadcrumb\"},\"inLanguage\":\"gl-ES\",\"potentialAction\":[{\"@type\":\"ReadAction\",\"target\":[\"https:\\\/\\\/www.anovapeneira.gal\\\/index.php\\\/2025\\\/01\\\/03\\\/shehab-el-din-xornalista-gazati\\\/\"]}]},{\"@type\":\"ImageObject\",\"inLanguage\":\"gl-ES\",\"@id\":\"https:\\\/\\\/www.anovapeneira.gal\\\/index.php\\\/2025\\\/01\\\/03\\\/shehab-el-din-xornalista-gazati\\\/#primaryimage\",\"url\":\"https:\\\/\\\/www.anovapeneira.gal\\\/wp-content\\\/uploads\\\/2024\\\/12\\\/shehab.png\",\"contentUrl\":\"https:\\\/\\\/www.anovapeneira.gal\\\/wp-content\\\/uploads\\\/2024\\\/12\\\/shehab.png\",\"width\":720,\"height\":432,\"caption\":\"P\u00e9 de foto: Manolo Garrido e Shehab El-Din\"},{\"@type\":\"BreadcrumbList\",\"@id\":\"https:\\\/\\\/www.anovapeneira.gal\\\/index.php\\\/2025\\\/01\\\/03\\\/shehab-el-din-xornalista-gazati\\\/#breadcrumb\",\"itemListElement\":[{\"@type\":\"ListItem\",\"position\":1,\"name\":\"Portada\",\"item\":\"https:\\\/\\\/www.anovapeneira.gal\\\/\"},{\"@type\":\"ListItem\",\"position\":2,\"name\":\"Shehab El-Din, xornalista gazat\u00ed\"}]},{\"@type\":\"WebSite\",\"@id\":\"https:\\\/\\\/www.anovapeneira.gal\\\/#website\",\"url\":\"https:\\\/\\\/www.anovapeneira.gal\\\/\",\"name\":\"\",\"description\":\"Xornal galego de informaci\u00f3n xeral Publicaci\u00f3n mensual de novas de Galicia e en especial dos Concellos da sur da provincia de Pontevedra.\",\"publisher\":{\"@id\":\"https:\\\/\\\/www.anovapeneira.gal\\\/#organization\"},\"potentialAction\":[{\"@type\":\"SearchAction\",\"target\":{\"@type\":\"EntryPoint\",\"urlTemplate\":\"https:\\\/\\\/www.anovapeneira.gal\\\/?s={search_term_string}\"},\"query-input\":{\"@type\":\"PropertyValueSpecification\",\"valueRequired\":true,\"valueName\":\"search_term_string\"}}],\"inLanguage\":\"gl-ES\"},{\"@type\":\"Organization\",\"@id\":\"https:\\\/\\\/www.anovapeneira.gal\\\/#organization\",\"name\":\"A Nova Peneira\",\"url\":\"https:\\\/\\\/www.anovapeneira.gal\\\/\",\"logo\":{\"@type\":\"ImageObject\",\"inLanguage\":\"gl-ES\",\"@id\":\"https:\\\/\\\/www.anovapeneira.gal\\\/#\\\/schema\\\/logo\\\/image\\\/\",\"url\":\"http:\\\/\\\/www.anovapeneira.gal\\\/wp-content\\\/uploads\\\/2019\\\/06\\\/logo_a_nova_peneira_portal_web.png\",\"contentUrl\":\"http:\\\/\\\/www.anovapeneira.gal\\\/wp-content\\\/uploads\\\/2019\\\/06\\\/logo_a_nova_peneira_portal_web.png\",\"width\":300,\"height\":100,\"caption\":\"A Nova Peneira\"},\"image\":{\"@id\":\"https:\\\/\\\/www.anovapeneira.gal\\\/#\\\/schema\\\/logo\\\/image\\\/\"},\"sameAs\":[\"https:\\\/\\\/www.facebook.com\\\/anovapeneira\",\"https:\\\/\\\/x.com\\\/APeneira\"]},{\"@type\":\"Person\",\"@id\":\"https:\\\/\\\/www.anovapeneira.gal\\\/#\\\/schema\\\/person\\\/424dfe65e3070fd8a44d22d2c088762a\",\"name\":\"Tino Lago\",\"image\":{\"@type\":\"ImageObject\",\"inLanguage\":\"gl-ES\",\"@id\":\"https:\\\/\\\/secure.gravatar.com\\\/avatar\\\/b3df6a06e44bab3111583b90f0f33a0379ee5e3d22cbadd232d39f21c30c62be?s=96&d=mm&r=g\",\"url\":\"https:\\\/\\\/secure.gravatar.com\\\/avatar\\\/b3df6a06e44bab3111583b90f0f33a0379ee5e3d22cbadd232d39f21c30c62be?s=96&d=mm&r=g\",\"contentUrl\":\"https:\\\/\\\/secure.gravatar.com\\\/avatar\\\/b3df6a06e44bab3111583b90f0f33a0379ee5e3d22cbadd232d39f21c30c62be?s=96&d=mm&r=g\",\"caption\":\"Tino Lago\"},\"sameAs\":[\"http:\\\/\\\/www.anovapeneira.gal\"],\"url\":\"https:\\\/\\\/www.anovapeneira.gal\\\/index.php\\\/author\\\/director\\\/\"}]}<\/script>\n<!-- \/ Yoast SEO plugin. -->","yoast_head_json":{"title":"Shehab El-Din, xornalista gazat\u00ed -","robots":{"index":"index","follow":"follow","max-snippet":"max-snippet:-1","max-image-preview":"max-image-preview:large","max-video-preview":"max-video-preview:-1"},"canonical":"https:\/\/www.anovapeneira.gal\/index.php\/2025\/01\/03\/shehab-el-din-xornalista-gazati\/","og_locale":"gl_ES","og_type":"article","og_title":"Shehab El-Din, xornalista gazat\u00ed -","og_description":"A finais do pasado decembro, grazas \u00e1 xentileza do activista Manolo Garrido, tivemos a oportunidade de entrevistar ao xornalista gazat\u00ed Shehab El-Din. El \u00e9 apenas un mozo de 28 anos que, sendo tan novo, xa [...]","og_url":"https:\/\/www.anovapeneira.gal\/index.php\/2025\/01\/03\/shehab-el-din-xornalista-gazati\/","article_publisher":"https:\/\/www.facebook.com\/anovapeneira","article_published_time":"2025-01-03T11:00:21+00:00","og_image":[{"width":720,"height":432,"url":"https:\/\/www.anovapeneira.gal\/wp-content\/uploads\/2024\/12\/shehab.png","type":"image\/png"}],"author":"Tino Lago","twitter_card":"summary_large_image","twitter_creator":"@APeneira","twitter_site":"@APeneira","twitter_misc":{"Escrito por":"Tino Lago","Tempo de lectura":"4 minutos"},"schema":{"@context":"https:\/\/schema.org","@graph":[{"@type":"Article","@id":"https:\/\/www.anovapeneira.gal\/index.php\/2025\/01\/03\/shehab-el-din-xornalista-gazati\/#article","isPartOf":{"@id":"https:\/\/www.anovapeneira.gal\/index.php\/2025\/01\/03\/shehab-el-din-xornalista-gazati\/"},"author":{"name":"Tino Lago","@id":"https:\/\/www.anovapeneira.gal\/#\/schema\/person\/424dfe65e3070fd8a44d22d2c088762a"},"headline":"Shehab El-Din, xornalista gazat\u00ed","datePublished":"2025-01-03T11:00:21+00:00","mainEntityOfPage":{"@id":"https:\/\/www.anovapeneira.gal\/index.php\/2025\/01\/03\/shehab-el-din-xornalista-gazati\/"},"wordCount":1303,"commentCount":0,"publisher":{"@id":"https:\/\/www.anovapeneira.gal\/#organization"},"image":{"@id":"https:\/\/www.anovapeneira.gal\/index.php\/2025\/01\/03\/shehab-el-din-xornalista-gazati\/#primaryimage"},"thumbnailUrl":"https:\/\/www.anovapeneira.gal\/wp-content\/uploads\/2024\/12\/shehab.png","articleSection":["Entrevistas"],"inLanguage":"gl-ES","potentialAction":[{"@type":"CommentAction","name":"Comment","target":["https:\/\/www.anovapeneira.gal\/index.php\/2025\/01\/03\/shehab-el-din-xornalista-gazati\/#respond"]}]},{"@type":"WebPage","@id":"https:\/\/www.anovapeneira.gal\/index.php\/2025\/01\/03\/shehab-el-din-xornalista-gazati\/","url":"https:\/\/www.anovapeneira.gal\/index.php\/2025\/01\/03\/shehab-el-din-xornalista-gazati\/","name":"Shehab El-Din, xornalista gazat\u00ed -","isPartOf":{"@id":"https:\/\/www.anovapeneira.gal\/#website"},"primaryImageOfPage":{"@id":"https:\/\/www.anovapeneira.gal\/index.php\/2025\/01\/03\/shehab-el-din-xornalista-gazati\/#primaryimage"},"image":{"@id":"https:\/\/www.anovapeneira.gal\/index.php\/2025\/01\/03\/shehab-el-din-xornalista-gazati\/#primaryimage"},"thumbnailUrl":"https:\/\/www.anovapeneira.gal\/wp-content\/uploads\/2024\/12\/shehab.png","datePublished":"2025-01-03T11:00:21+00:00","breadcrumb":{"@id":"https:\/\/www.anovapeneira.gal\/index.php\/2025\/01\/03\/shehab-el-din-xornalista-gazati\/#breadcrumb"},"inLanguage":"gl-ES","potentialAction":[{"@type":"ReadAction","target":["https:\/\/www.anovapeneira.gal\/index.php\/2025\/01\/03\/shehab-el-din-xornalista-gazati\/"]}]},{"@type":"ImageObject","inLanguage":"gl-ES","@id":"https:\/\/www.anovapeneira.gal\/index.php\/2025\/01\/03\/shehab-el-din-xornalista-gazati\/#primaryimage","url":"https:\/\/www.anovapeneira.gal\/wp-content\/uploads\/2024\/12\/shehab.png","contentUrl":"https:\/\/www.anovapeneira.gal\/wp-content\/uploads\/2024\/12\/shehab.png","width":720,"height":432,"caption":"P\u00e9 de foto: Manolo Garrido e Shehab El-Din"},{"@type":"BreadcrumbList","@id":"https:\/\/www.anovapeneira.gal\/index.php\/2025\/01\/03\/shehab-el-din-xornalista-gazati\/#breadcrumb","itemListElement":[{"@type":"ListItem","position":1,"name":"Portada","item":"https:\/\/www.anovapeneira.gal\/"},{"@type":"ListItem","position":2,"name":"Shehab El-Din, xornalista gazat\u00ed"}]},{"@type":"WebSite","@id":"https:\/\/www.anovapeneira.gal\/#website","url":"https:\/\/www.anovapeneira.gal\/","name":"","description":"Xornal galego de informaci\u00f3n xeral Publicaci\u00f3n mensual de novas de Galicia e en especial dos Concellos da sur da provincia de Pontevedra.","publisher":{"@id":"https:\/\/www.anovapeneira.gal\/#organization"},"potentialAction":[{"@type":"SearchAction","target":{"@type":"EntryPoint","urlTemplate":"https:\/\/www.anovapeneira.gal\/?s={search_term_string}"},"query-input":{"@type":"PropertyValueSpecification","valueRequired":true,"valueName":"search_term_string"}}],"inLanguage":"gl-ES"},{"@type":"Organization","@id":"https:\/\/www.anovapeneira.gal\/#organization","name":"A Nova Peneira","url":"https:\/\/www.anovapeneira.gal\/","logo":{"@type":"ImageObject","inLanguage":"gl-ES","@id":"https:\/\/www.anovapeneira.gal\/#\/schema\/logo\/image\/","url":"http:\/\/www.anovapeneira.gal\/wp-content\/uploads\/2019\/06\/logo_a_nova_peneira_portal_web.png","contentUrl":"http:\/\/www.anovapeneira.gal\/wp-content\/uploads\/2019\/06\/logo_a_nova_peneira_portal_web.png","width":300,"height":100,"caption":"A Nova Peneira"},"image":{"@id":"https:\/\/www.anovapeneira.gal\/#\/schema\/logo\/image\/"},"sameAs":["https:\/\/www.facebook.com\/anovapeneira","https:\/\/x.com\/APeneira"]},{"@type":"Person","@id":"https:\/\/www.anovapeneira.gal\/#\/schema\/person\/424dfe65e3070fd8a44d22d2c088762a","name":"Tino Lago","image":{"@type":"ImageObject","inLanguage":"gl-ES","@id":"https:\/\/secure.gravatar.com\/avatar\/b3df6a06e44bab3111583b90f0f33a0379ee5e3d22cbadd232d39f21c30c62be?s=96&d=mm&r=g","url":"https:\/\/secure.gravatar.com\/avatar\/b3df6a06e44bab3111583b90f0f33a0379ee5e3d22cbadd232d39f21c30c62be?s=96&d=mm&r=g","contentUrl":"https:\/\/secure.gravatar.com\/avatar\/b3df6a06e44bab3111583b90f0f33a0379ee5e3d22cbadd232d39f21c30c62be?s=96&d=mm&r=g","caption":"Tino Lago"},"sameAs":["http:\/\/www.anovapeneira.gal"],"url":"https:\/\/www.anovapeneira.gal\/index.php\/author\/director\/"}]}},"jetpack_featured_media_url":"https:\/\/www.anovapeneira.gal\/wp-content\/uploads\/2024\/12\/shehab.png","_links":{"self":[{"href":"https:\/\/www.anovapeneira.gal\/index.php\/wp-json\/wp\/v2\/posts\/13039","targetHints":{"allow":["GET"]}}],"collection":[{"href":"https:\/\/www.anovapeneira.gal\/index.php\/wp-json\/wp\/v2\/posts"}],"about":[{"href":"https:\/\/www.anovapeneira.gal\/index.php\/wp-json\/wp\/v2\/types\/post"}],"author":[{"embeddable":true,"href":"https:\/\/www.anovapeneira.gal\/index.php\/wp-json\/wp\/v2\/users\/2"}],"replies":[{"embeddable":true,"href":"https:\/\/www.anovapeneira.gal\/index.php\/wp-json\/wp\/v2\/comments?post=13039"}],"version-history":[{"count":1,"href":"https:\/\/www.anovapeneira.gal\/index.php\/wp-json\/wp\/v2\/posts\/13039\/revisions"}],"predecessor-version":[{"id":13041,"href":"https:\/\/www.anovapeneira.gal\/index.php\/wp-json\/wp\/v2\/posts\/13039\/revisions\/13041"}],"wp:featuredmedia":[{"embeddable":true,"href":"https:\/\/www.anovapeneira.gal\/index.php\/wp-json\/wp\/v2\/media\/13040"}],"wp:attachment":[{"href":"https:\/\/www.anovapeneira.gal\/index.php\/wp-json\/wp\/v2\/media?parent=13039"}],"wp:term":[{"taxonomy":"category","embeddable":true,"href":"https:\/\/www.anovapeneira.gal\/index.php\/wp-json\/wp\/v2\/categories?post=13039"},{"taxonomy":"post_tag","embeddable":true,"href":"https:\/\/www.anovapeneira.gal\/index.php\/wp-json\/wp\/v2\/tags?post=13039"}],"curies":[{"name":"wp","href":"https:\/\/api.w.org\/{rel}","templated":true}]}}