{"id":13044,"date":"2025-01-07T10:00:26","date_gmt":"2025-01-07T09:00:26","guid":{"rendered":"https:\/\/www.anovapeneira.gal\/?p=13044"},"modified":"2025-01-02T10:41:36","modified_gmt":"2025-01-02T09:41:36","slug":"aprobada-a-mocion-para-instar-a-xunta-de-galiza-a-sinalar-pasos-de-peons-na-vacaria-e-en-vilafria","status":"publish","type":"post","link":"https:\/\/www.anovapeneira.gal\/index.php\/2025\/01\/07\/aprobada-a-mocion-para-instar-a-xunta-de-galiza-a-sinalar-pasos-de-peons-na-vacaria-e-en-vilafria\/","title":{"rendered":"Aprobada a moci\u00f3n para instar \u00e1 Xunta de Galiza a sinalar pasos de pe\u00f3ns na Vacar\u00eda e en Vilafr\u00eda"},"content":{"rendered":"\n<h2 class=\"wp-block-heading\"><em>O BNG presentou no pleno deste mes de decembro unha moci\u00f3n para mellorar a seguridade viaria en Budi\u00f1o<\/em><\/h2>\n\n\n\n<p><a><\/a> As estradas auton\u00f3micas PO 510 e PO 407, ao seu paso polo concello do Porri\u00f1o, atravesan varios n\u00facleos de poboaci\u00f3n na parroquia de Budi\u00f1o e unha zona industrial en Atios. <strong>Durante mais de 6 km non hai m\u00e1is ca un \u00fanico paso de pe\u00f3ns<\/strong> (no colexio da Cruz en Budi\u00f1o) que permita as persoas cruzar \u00e1 outra beira da estrada sen arriscar a s\u00faa seguridade.<\/p>\n\n\n\n<p><strong>Son d\u00faas estradas auton\u00f3micas das m\u00e1is transitadas de Galiza<\/strong> e, ao atravesar zonas residenciais, a necesidade de cruzar para a outra beira \u00e9 continua, para facer distintas actividades: traballar o campo, ir traballar aos pol\u00edgonos industriais, facer a compra, ir ao colexio etc.<\/p>\n\n\n\n<p><strong>A Conseller\u00eda de Infraestruturas est\u00e1 a constru\u00edr unha senda peonil na marxe esquerda, sentido ascendente na Vacar\u00eda, e ten pendente de executar outra na marxe dereita, nos barrios de Mantelle e Picouzo<\/strong>. A pesar de ser obras acabadas de planificar, <strong>estas<\/strong> <strong>non contemplan novos pasos de pe\u00f3ns, algo inconcibible para a veci\u00f1anza<\/strong> que leva anos alertando \u00e1 administraci\u00f3n da inseguridade viaria que isto provoca.<\/p>\n\n\n\n<p>A mesma necesidade rep\u00edtese para as persoas que queren ir traballar ao pol\u00edgono da Granxa desde a parroquia de Atios. Non hai ning\u00fan paso de pe\u00f3ns, nin paso elevado ou soterrado, que permita cruzar \u00e1 outra beira con seguridade.<\/p>\n\n\n\n<p>Este m\u00e9rcores<strong> o BNG conseguiu que o goberno local reco\u00f1ecese esta xusta demanda e a corporaci\u00f3n municipal acordou trasladar \u00e1 Xunta de Galiza a sinalizaci\u00f3n horizontal e vertical de pasos de pe\u00f3ns nos barrios de Picouzo e Mantelle na PO-407, no barrio da Vacar\u00eda na PO 510 e no barrio de Vilafr\u00eda na PO-510.<\/strong><\/p>\n\n\n\n<p>\u201cEstaremos atentos ao cumprimento por parte da Xunta de Galicia do acordo que hoxe tomou a corporaci\u00f3n municipal. A veci\u00f1anza de Budi\u00f1o e Atios leva demasiado retraso na mellora viaria destas d\u00faas estradas\u201d di Pedro Pereira o Portavoz do grupo municipal.<\/p>\n","protected":false},"excerpt":{"rendered":"<div class=\"mh-excerpt\"><p>O BNG presentou no pleno deste mes de decembro unha moci\u00f3n para mellorar a seguridade viaria en Budi\u00f1o <a class=\"mh-excerpt-more\" href=\"https:\/\/www.anovapeneira.gal\/index.php\/2025\/01\/07\/aprobada-a-mocion-para-instar-a-xunta-de-galiza-a-sinalar-pasos-de-peons-na-vacaria-e-en-vilafria\/\" title=\"Aprobada a moci\u00f3n para instar \u00e1 Xunta de Galiza a sinalar pasos de pe\u00f3ns na Vacar\u00eda e en Vilafr\u00eda\">[&#8230;]<\/a><\/p>\n<\/div>","protected":false},"author":1,"featured_media":13045,"comment_status":"open","ping_status":"open","sticky":false,"template":"","format":"standard","meta":{"_exactmetrics_skip_tracking":false,"_exactmetrics_sitenote_active":false,"_exactmetrics_sitenote_note":"","_exactmetrics_sitenote_category":0,"footnotes":""},"categories":[23],"tags":[218],"class_list":{"0":"post-13044","1":"post","2":"type-post","3":"status-publish","4":"format-standard","5":"has-post-thumbnail","7":"category-a-lourina","8":"tag-concello-de-mos"},"yoast_head":"<!-- This site is optimized with the Yoast SEO plugin v27.4 - https:\/\/yoast.com\/product\/yoast-seo-wordpress\/ -->\n<title>Aprobada a moci\u00f3n para instar \u00e1 Xunta de Galiza a sinalar pasos de pe\u00f3ns na Vacar\u00eda e en Vilafr\u00eda -<\/title>\n<meta name=\"robots\" content=\"index, follow, max-snippet:-1, max-image-preview:large, max-video-preview:-1\" \/>\n<link rel=\"canonical\" href=\"https:\/\/www.anovapeneira.gal\/index.php\/2025\/01\/07\/aprobada-a-mocion-para-instar-a-xunta-de-galiza-a-sinalar-pasos-de-peons-na-vacaria-e-en-vilafria\/\" \/>\n<meta property=\"og:locale\" content=\"gl_ES\" \/>\n<meta property=\"og:type\" content=\"article\" \/>\n<meta property=\"og:title\" content=\"Aprobada a moci\u00f3n para instar \u00e1 Xunta de Galiza a sinalar pasos de pe\u00f3ns na Vacar\u00eda e en Vilafr\u00eda -\" \/>\n<meta property=\"og:description\" content=\"O BNG presentou no pleno deste mes de decembro unha moci\u00f3n para mellorar a seguridade viaria en Budi\u00f1o [...]\" \/>\n<meta property=\"og:url\" content=\"https:\/\/www.anovapeneira.gal\/index.php\/2025\/01\/07\/aprobada-a-mocion-para-instar-a-xunta-de-galiza-a-sinalar-pasos-de-peons-na-vacaria-e-en-vilafria\/\" \/>\n<meta property=\"article:publisher\" content=\"https:\/\/www.facebook.com\/anovapeneira\" \/>\n<meta property=\"article:author\" content=\"https:\/\/www.facebook.com\/anovapeneira\/\" \/>\n<meta property=\"article:published_time\" content=\"2025-01-07T09:00:26+00:00\" \/>\n<meta property=\"og:image\" content=\"https:\/\/www.anovapeneira.gal\/wp-content\/uploads\/2025\/01\/estrada_budino.png\" \/>\n\t<meta property=\"og:image:width\" content=\"720\" \/>\n\t<meta property=\"og:image:height\" content=\"432\" \/>\n\t<meta property=\"og:image:type\" content=\"image\/png\" \/>\n<meta name=\"author\" content=\"admin\" \/>\n<meta name=\"twitter:card\" content=\"summary_large_image\" \/>\n<meta name=\"twitter:creator\" content=\"@APeneira\" \/>\n<meta name=\"twitter:site\" content=\"@APeneira\" \/>\n<meta name=\"twitter:label1\" content=\"Escrito por\" \/>\n\t<meta name=\"twitter:data1\" content=\"admin\" \/>\n\t<meta name=\"twitter:label2\" content=\"Tempo de lectura\" \/>\n\t<meta name=\"twitter:data2\" content=\"2 minutos\" \/>\n<script type=\"application\/ld+json\" class=\"yoast-schema-graph\">{\"@context\":\"https:\\\/\\\/schema.org\",\"@graph\":[{\"@type\":\"Article\",\"@id\":\"https:\\\/\\\/www.anovapeneira.gal\\\/index.php\\\/2025\\\/01\\\/07\\\/aprobada-a-mocion-para-instar-a-xunta-de-galiza-a-sinalar-pasos-de-peons-na-vacaria-e-en-vilafria\\\/#article\",\"isPartOf\":{\"@id\":\"https:\\\/\\\/www.anovapeneira.gal\\\/index.php\\\/2025\\\/01\\\/07\\\/aprobada-a-mocion-para-instar-a-xunta-de-galiza-a-sinalar-pasos-de-peons-na-vacaria-e-en-vilafria\\\/\"},\"author\":{\"name\":\"admin\",\"@id\":\"https:\\\/\\\/www.anovapeneira.gal\\\/#\\\/schema\\\/person\\\/fb77575328c93684dae4b0075f90c2cb\"},\"headline\":\"Aprobada a moci\u00f3n para instar \u00e1 Xunta de Galiza a sinalar pasos de pe\u00f3ns na Vacar\u00eda e en Vilafr\u00eda\",\"datePublished\":\"2025-01-07T09:00:26+00:00\",\"mainEntityOfPage\":{\"@id\":\"https:\\\/\\\/www.anovapeneira.gal\\\/index.php\\\/2025\\\/01\\\/07\\\/aprobada-a-mocion-para-instar-a-xunta-de-galiza-a-sinalar-pasos-de-peons-na-vacaria-e-en-vilafria\\\/\"},\"wordCount\":373,\"commentCount\":0,\"publisher\":{\"@id\":\"https:\\\/\\\/www.anovapeneira.gal\\\/#organization\"},\"image\":{\"@id\":\"https:\\\/\\\/www.anovapeneira.gal\\\/index.php\\\/2025\\\/01\\\/07\\\/aprobada-a-mocion-para-instar-a-xunta-de-galiza-a-sinalar-pasos-de-peons-na-vacaria-e-en-vilafria\\\/#primaryimage\"},\"thumbnailUrl\":\"https:\\\/\\\/www.anovapeneira.gal\\\/wp-content\\\/uploads\\\/2025\\\/01\\\/estrada_budino.png\",\"keywords\":[\"Concello de Mos\"],\"articleSection\":[\"A Louri\u00f1a\"],\"inLanguage\":\"gl-ES\",\"potentialAction\":[{\"@type\":\"CommentAction\",\"name\":\"Comment\",\"target\":[\"https:\\\/\\\/www.anovapeneira.gal\\\/index.php\\\/2025\\\/01\\\/07\\\/aprobada-a-mocion-para-instar-a-xunta-de-galiza-a-sinalar-pasos-de-peons-na-vacaria-e-en-vilafria\\\/#respond\"]}]},{\"@type\":\"WebPage\",\"@id\":\"https:\\\/\\\/www.anovapeneira.gal\\\/index.php\\\/2025\\\/01\\\/07\\\/aprobada-a-mocion-para-instar-a-xunta-de-galiza-a-sinalar-pasos-de-peons-na-vacaria-e-en-vilafria\\\/\",\"url\":\"https:\\\/\\\/www.anovapeneira.gal\\\/index.php\\\/2025\\\/01\\\/07\\\/aprobada-a-mocion-para-instar-a-xunta-de-galiza-a-sinalar-pasos-de-peons-na-vacaria-e-en-vilafria\\\/\",\"name\":\"Aprobada a moci\u00f3n para instar \u00e1 Xunta de Galiza a sinalar pasos de pe\u00f3ns na Vacar\u00eda e en Vilafr\u00eda -\",\"isPartOf\":{\"@id\":\"https:\\\/\\\/www.anovapeneira.gal\\\/#website\"},\"primaryImageOfPage\":{\"@id\":\"https:\\\/\\\/www.anovapeneira.gal\\\/index.php\\\/2025\\\/01\\\/07\\\/aprobada-a-mocion-para-instar-a-xunta-de-galiza-a-sinalar-pasos-de-peons-na-vacaria-e-en-vilafria\\\/#primaryimage\"},\"image\":{\"@id\":\"https:\\\/\\\/www.anovapeneira.gal\\\/index.php\\\/2025\\\/01\\\/07\\\/aprobada-a-mocion-para-instar-a-xunta-de-galiza-a-sinalar-pasos-de-peons-na-vacaria-e-en-vilafria\\\/#primaryimage\"},\"thumbnailUrl\":\"https:\\\/\\\/www.anovapeneira.gal\\\/wp-content\\\/uploads\\\/2025\\\/01\\\/estrada_budino.png\",\"datePublished\":\"2025-01-07T09:00:26+00:00\",\"breadcrumb\":{\"@id\":\"https:\\\/\\\/www.anovapeneira.gal\\\/index.php\\\/2025\\\/01\\\/07\\\/aprobada-a-mocion-para-instar-a-xunta-de-galiza-a-sinalar-pasos-de-peons-na-vacaria-e-en-vilafria\\\/#breadcrumb\"},\"inLanguage\":\"gl-ES\",\"potentialAction\":[{\"@type\":\"ReadAction\",\"target\":[\"https:\\\/\\\/www.anovapeneira.gal\\\/index.php\\\/2025\\\/01\\\/07\\\/aprobada-a-mocion-para-instar-a-xunta-de-galiza-a-sinalar-pasos-de-peons-na-vacaria-e-en-vilafria\\\/\"]}]},{\"@type\":\"ImageObject\",\"inLanguage\":\"gl-ES\",\"@id\":\"https:\\\/\\\/www.anovapeneira.gal\\\/index.php\\\/2025\\\/01\\\/07\\\/aprobada-a-mocion-para-instar-a-xunta-de-galiza-a-sinalar-pasos-de-peons-na-vacaria-e-en-vilafria\\\/#primaryimage\",\"url\":\"https:\\\/\\\/www.anovapeneira.gal\\\/wp-content\\\/uploads\\\/2025\\\/01\\\/estrada_budino.png\",\"contentUrl\":\"https:\\\/\\\/www.anovapeneira.gal\\\/wp-content\\\/uploads\\\/2025\\\/01\\\/estrada_budino.png\",\"width\":720,\"height\":432,\"caption\":\"Estrada Budi\u00f1o\"},{\"@type\":\"BreadcrumbList\",\"@id\":\"https:\\\/\\\/www.anovapeneira.gal\\\/index.php\\\/2025\\\/01\\\/07\\\/aprobada-a-mocion-para-instar-a-xunta-de-galiza-a-sinalar-pasos-de-peons-na-vacaria-e-en-vilafria\\\/#breadcrumb\",\"itemListElement\":[{\"@type\":\"ListItem\",\"position\":1,\"name\":\"Portada\",\"item\":\"https:\\\/\\\/www.anovapeneira.gal\\\/\"},{\"@type\":\"ListItem\",\"position\":2,\"name\":\"Aprobada a moci\u00f3n para instar \u00e1 Xunta de Galiza a sinalar pasos de pe\u00f3ns na Vacar\u00eda e en Vilafr\u00eda\"}]},{\"@type\":\"WebSite\",\"@id\":\"https:\\\/\\\/www.anovapeneira.gal\\\/#website\",\"url\":\"https:\\\/\\\/www.anovapeneira.gal\\\/\",\"name\":\"\",\"description\":\"Xornal galego de informaci\u00f3n xeral Publicaci\u00f3n mensual de novas de Galicia e en especial dos Concellos da sur da provincia de Pontevedra.\",\"publisher\":{\"@id\":\"https:\\\/\\\/www.anovapeneira.gal\\\/#organization\"},\"potentialAction\":[{\"@type\":\"SearchAction\",\"target\":{\"@type\":\"EntryPoint\",\"urlTemplate\":\"https:\\\/\\\/www.anovapeneira.gal\\\/?s={search_term_string}\"},\"query-input\":{\"@type\":\"PropertyValueSpecification\",\"valueRequired\":true,\"valueName\":\"search_term_string\"}}],\"inLanguage\":\"gl-ES\"},{\"@type\":\"Organization\",\"@id\":\"https:\\\/\\\/www.anovapeneira.gal\\\/#organization\",\"name\":\"A Nova Peneira\",\"url\":\"https:\\\/\\\/www.anovapeneira.gal\\\/\",\"logo\":{\"@type\":\"ImageObject\",\"inLanguage\":\"gl-ES\",\"@id\":\"https:\\\/\\\/www.anovapeneira.gal\\\/#\\\/schema\\\/logo\\\/image\\\/\",\"url\":\"http:\\\/\\\/www.anovapeneira.gal\\\/wp-content\\\/uploads\\\/2019\\\/06\\\/logo_a_nova_peneira_portal_web.png\",\"contentUrl\":\"http:\\\/\\\/www.anovapeneira.gal\\\/wp-content\\\/uploads\\\/2019\\\/06\\\/logo_a_nova_peneira_portal_web.png\",\"width\":300,\"height\":100,\"caption\":\"A Nova Peneira\"},\"image\":{\"@id\":\"https:\\\/\\\/www.anovapeneira.gal\\\/#\\\/schema\\\/logo\\\/image\\\/\"},\"sameAs\":[\"https:\\\/\\\/www.facebook.com\\\/anovapeneira\",\"https:\\\/\\\/x.com\\\/APeneira\"]},{\"@type\":\"Person\",\"@id\":\"https:\\\/\\\/www.anovapeneira.gal\\\/#\\\/schema\\\/person\\\/fb77575328c93684dae4b0075f90c2cb\",\"name\":\"admin\",\"image\":{\"@type\":\"ImageObject\",\"inLanguage\":\"gl-ES\",\"@id\":\"https:\\\/\\\/secure.gravatar.com\\\/avatar\\\/df15c36ce375448325e0bc870e91bbee95947a002eb98dcfd6c2b053e18843e9?s=96&d=mm&r=g\",\"url\":\"https:\\\/\\\/secure.gravatar.com\\\/avatar\\\/df15c36ce375448325e0bc870e91bbee95947a002eb98dcfd6c2b053e18843e9?s=96&d=mm&r=g\",\"contentUrl\":\"https:\\\/\\\/secure.gravatar.com\\\/avatar\\\/df15c36ce375448325e0bc870e91bbee95947a002eb98dcfd6c2b053e18843e9?s=96&d=mm&r=g\",\"caption\":\"admin\"},\"description\":\"Xornal galego de informaci\u00f3n xeral Publicaci\u00f3n mensual de novas de Galicia e en especial dos Concellos da sur da provincia de Pontevedra.\",\"sameAs\":[\"http:\\\/\\\/www.anovapeneira.gal\\\/\",\"https:\\\/\\\/www.facebook.com\\\/anovapeneira\\\/\"],\"url\":\"https:\\\/\\\/www.anovapeneira.gal\\\/index.php\\\/author\\\/admin\\\/\"}]}<\/script>\n<!-- \/ Yoast SEO plugin. -->","yoast_head_json":{"title":"Aprobada a moci\u00f3n para instar \u00e1 Xunta de Galiza a sinalar pasos de pe\u00f3ns na Vacar\u00eda e en Vilafr\u00eda -","robots":{"index":"index","follow":"follow","max-snippet":"max-snippet:-1","max-image-preview":"max-image-preview:large","max-video-preview":"max-video-preview:-1"},"canonical":"https:\/\/www.anovapeneira.gal\/index.php\/2025\/01\/07\/aprobada-a-mocion-para-instar-a-xunta-de-galiza-a-sinalar-pasos-de-peons-na-vacaria-e-en-vilafria\/","og_locale":"gl_ES","og_type":"article","og_title":"Aprobada a moci\u00f3n para instar \u00e1 Xunta de Galiza a sinalar pasos de pe\u00f3ns na Vacar\u00eda e en Vilafr\u00eda -","og_description":"O BNG presentou no pleno deste mes de decembro unha moci\u00f3n para mellorar a seguridade viaria en Budi\u00f1o [...]","og_url":"https:\/\/www.anovapeneira.gal\/index.php\/2025\/01\/07\/aprobada-a-mocion-para-instar-a-xunta-de-galiza-a-sinalar-pasos-de-peons-na-vacaria-e-en-vilafria\/","article_publisher":"https:\/\/www.facebook.com\/anovapeneira","article_author":"https:\/\/www.facebook.com\/anovapeneira\/","article_published_time":"2025-01-07T09:00:26+00:00","og_image":[{"width":720,"height":432,"url":"https:\/\/www.anovapeneira.gal\/wp-content\/uploads\/2025\/01\/estrada_budino.png","type":"image\/png"}],"author":"admin","twitter_card":"summary_large_image","twitter_creator":"@APeneira","twitter_site":"@APeneira","twitter_misc":{"Escrito por":"admin","Tempo de lectura":"2 minutos"},"schema":{"@context":"https:\/\/schema.org","@graph":[{"@type":"Article","@id":"https:\/\/www.anovapeneira.gal\/index.php\/2025\/01\/07\/aprobada-a-mocion-para-instar-a-xunta-de-galiza-a-sinalar-pasos-de-peons-na-vacaria-e-en-vilafria\/#article","isPartOf":{"@id":"https:\/\/www.anovapeneira.gal\/index.php\/2025\/01\/07\/aprobada-a-mocion-para-instar-a-xunta-de-galiza-a-sinalar-pasos-de-peons-na-vacaria-e-en-vilafria\/"},"author":{"name":"admin","@id":"https:\/\/www.anovapeneira.gal\/#\/schema\/person\/fb77575328c93684dae4b0075f90c2cb"},"headline":"Aprobada a moci\u00f3n para instar \u00e1 Xunta de Galiza a sinalar pasos de pe\u00f3ns na Vacar\u00eda e en Vilafr\u00eda","datePublished":"2025-01-07T09:00:26+00:00","mainEntityOfPage":{"@id":"https:\/\/www.anovapeneira.gal\/index.php\/2025\/01\/07\/aprobada-a-mocion-para-instar-a-xunta-de-galiza-a-sinalar-pasos-de-peons-na-vacaria-e-en-vilafria\/"},"wordCount":373,"commentCount":0,"publisher":{"@id":"https:\/\/www.anovapeneira.gal\/#organization"},"image":{"@id":"https:\/\/www.anovapeneira.gal\/index.php\/2025\/01\/07\/aprobada-a-mocion-para-instar-a-xunta-de-galiza-a-sinalar-pasos-de-peons-na-vacaria-e-en-vilafria\/#primaryimage"},"thumbnailUrl":"https:\/\/www.anovapeneira.gal\/wp-content\/uploads\/2025\/01\/estrada_budino.png","keywords":["Concello de Mos"],"articleSection":["A Louri\u00f1a"],"inLanguage":"gl-ES","potentialAction":[{"@type":"CommentAction","name":"Comment","target":["https:\/\/www.anovapeneira.gal\/index.php\/2025\/01\/07\/aprobada-a-mocion-para-instar-a-xunta-de-galiza-a-sinalar-pasos-de-peons-na-vacaria-e-en-vilafria\/#respond"]}]},{"@type":"WebPage","@id":"https:\/\/www.anovapeneira.gal\/index.php\/2025\/01\/07\/aprobada-a-mocion-para-instar-a-xunta-de-galiza-a-sinalar-pasos-de-peons-na-vacaria-e-en-vilafria\/","url":"https:\/\/www.anovapeneira.gal\/index.php\/2025\/01\/07\/aprobada-a-mocion-para-instar-a-xunta-de-galiza-a-sinalar-pasos-de-peons-na-vacaria-e-en-vilafria\/","name":"Aprobada a moci\u00f3n para instar \u00e1 Xunta de Galiza a sinalar pasos de pe\u00f3ns na Vacar\u00eda e en Vilafr\u00eda -","isPartOf":{"@id":"https:\/\/www.anovapeneira.gal\/#website"},"primaryImageOfPage":{"@id":"https:\/\/www.anovapeneira.gal\/index.php\/2025\/01\/07\/aprobada-a-mocion-para-instar-a-xunta-de-galiza-a-sinalar-pasos-de-peons-na-vacaria-e-en-vilafria\/#primaryimage"},"image":{"@id":"https:\/\/www.anovapeneira.gal\/index.php\/2025\/01\/07\/aprobada-a-mocion-para-instar-a-xunta-de-galiza-a-sinalar-pasos-de-peons-na-vacaria-e-en-vilafria\/#primaryimage"},"thumbnailUrl":"https:\/\/www.anovapeneira.gal\/wp-content\/uploads\/2025\/01\/estrada_budino.png","datePublished":"2025-01-07T09:00:26+00:00","breadcrumb":{"@id":"https:\/\/www.anovapeneira.gal\/index.php\/2025\/01\/07\/aprobada-a-mocion-para-instar-a-xunta-de-galiza-a-sinalar-pasos-de-peons-na-vacaria-e-en-vilafria\/#breadcrumb"},"inLanguage":"gl-ES","potentialAction":[{"@type":"ReadAction","target":["https:\/\/www.anovapeneira.gal\/index.php\/2025\/01\/07\/aprobada-a-mocion-para-instar-a-xunta-de-galiza-a-sinalar-pasos-de-peons-na-vacaria-e-en-vilafria\/"]}]},{"@type":"ImageObject","inLanguage":"gl-ES","@id":"https:\/\/www.anovapeneira.gal\/index.php\/2025\/01\/07\/aprobada-a-mocion-para-instar-a-xunta-de-galiza-a-sinalar-pasos-de-peons-na-vacaria-e-en-vilafria\/#primaryimage","url":"https:\/\/www.anovapeneira.gal\/wp-content\/uploads\/2025\/01\/estrada_budino.png","contentUrl":"https:\/\/www.anovapeneira.gal\/wp-content\/uploads\/2025\/01\/estrada_budino.png","width":720,"height":432,"caption":"Estrada Budi\u00f1o"},{"@type":"BreadcrumbList","@id":"https:\/\/www.anovapeneira.gal\/index.php\/2025\/01\/07\/aprobada-a-mocion-para-instar-a-xunta-de-galiza-a-sinalar-pasos-de-peons-na-vacaria-e-en-vilafria\/#breadcrumb","itemListElement":[{"@type":"ListItem","position":1,"name":"Portada","item":"https:\/\/www.anovapeneira.gal\/"},{"@type":"ListItem","position":2,"name":"Aprobada a moci\u00f3n para instar \u00e1 Xunta de Galiza a sinalar pasos de pe\u00f3ns na Vacar\u00eda e en Vilafr\u00eda"}]},{"@type":"WebSite","@id":"https:\/\/www.anovapeneira.gal\/#website","url":"https:\/\/www.anovapeneira.gal\/","name":"","description":"Xornal galego de informaci\u00f3n xeral Publicaci\u00f3n mensual de novas de Galicia e en especial dos Concellos da sur da provincia de Pontevedra.","publisher":{"@id":"https:\/\/www.anovapeneira.gal\/#organization"},"potentialAction":[{"@type":"SearchAction","target":{"@type":"EntryPoint","urlTemplate":"https:\/\/www.anovapeneira.gal\/?s={search_term_string}"},"query-input":{"@type":"PropertyValueSpecification","valueRequired":true,"valueName":"search_term_string"}}],"inLanguage":"gl-ES"},{"@type":"Organization","@id":"https:\/\/www.anovapeneira.gal\/#organization","name":"A Nova Peneira","url":"https:\/\/www.anovapeneira.gal\/","logo":{"@type":"ImageObject","inLanguage":"gl-ES","@id":"https:\/\/www.anovapeneira.gal\/#\/schema\/logo\/image\/","url":"http:\/\/www.anovapeneira.gal\/wp-content\/uploads\/2019\/06\/logo_a_nova_peneira_portal_web.png","contentUrl":"http:\/\/www.anovapeneira.gal\/wp-content\/uploads\/2019\/06\/logo_a_nova_peneira_portal_web.png","width":300,"height":100,"caption":"A Nova Peneira"},"image":{"@id":"https:\/\/www.anovapeneira.gal\/#\/schema\/logo\/image\/"},"sameAs":["https:\/\/www.facebook.com\/anovapeneira","https:\/\/x.com\/APeneira"]},{"@type":"Person","@id":"https:\/\/www.anovapeneira.gal\/#\/schema\/person\/fb77575328c93684dae4b0075f90c2cb","name":"admin","image":{"@type":"ImageObject","inLanguage":"gl-ES","@id":"https:\/\/secure.gravatar.com\/avatar\/df15c36ce375448325e0bc870e91bbee95947a002eb98dcfd6c2b053e18843e9?s=96&d=mm&r=g","url":"https:\/\/secure.gravatar.com\/avatar\/df15c36ce375448325e0bc870e91bbee95947a002eb98dcfd6c2b053e18843e9?s=96&d=mm&r=g","contentUrl":"https:\/\/secure.gravatar.com\/avatar\/df15c36ce375448325e0bc870e91bbee95947a002eb98dcfd6c2b053e18843e9?s=96&d=mm&r=g","caption":"admin"},"description":"Xornal galego de informaci\u00f3n xeral Publicaci\u00f3n mensual de novas de Galicia e en especial dos Concellos da sur da provincia de Pontevedra.","sameAs":["http:\/\/www.anovapeneira.gal\/","https:\/\/www.facebook.com\/anovapeneira\/"],"url":"https:\/\/www.anovapeneira.gal\/index.php\/author\/admin\/"}]}},"jetpack_featured_media_url":"https:\/\/www.anovapeneira.gal\/wp-content\/uploads\/2025\/01\/estrada_budino.png","_links":{"self":[{"href":"https:\/\/www.anovapeneira.gal\/index.php\/wp-json\/wp\/v2\/posts\/13044","targetHints":{"allow":["GET"]}}],"collection":[{"href":"https:\/\/www.anovapeneira.gal\/index.php\/wp-json\/wp\/v2\/posts"}],"about":[{"href":"https:\/\/www.anovapeneira.gal\/index.php\/wp-json\/wp\/v2\/types\/post"}],"author":[{"embeddable":true,"href":"https:\/\/www.anovapeneira.gal\/index.php\/wp-json\/wp\/v2\/users\/1"}],"replies":[{"embeddable":true,"href":"https:\/\/www.anovapeneira.gal\/index.php\/wp-json\/wp\/v2\/comments?post=13044"}],"version-history":[{"count":1,"href":"https:\/\/www.anovapeneira.gal\/index.php\/wp-json\/wp\/v2\/posts\/13044\/revisions"}],"predecessor-version":[{"id":13046,"href":"https:\/\/www.anovapeneira.gal\/index.php\/wp-json\/wp\/v2\/posts\/13044\/revisions\/13046"}],"wp:featuredmedia":[{"embeddable":true,"href":"https:\/\/www.anovapeneira.gal\/index.php\/wp-json\/wp\/v2\/media\/13045"}],"wp:attachment":[{"href":"https:\/\/www.anovapeneira.gal\/index.php\/wp-json\/wp\/v2\/media?parent=13044"}],"wp:term":[{"taxonomy":"category","embeddable":true,"href":"https:\/\/www.anovapeneira.gal\/index.php\/wp-json\/wp\/v2\/categories?post=13044"},{"taxonomy":"post_tag","embeddable":true,"href":"https:\/\/www.anovapeneira.gal\/index.php\/wp-json\/wp\/v2\/tags?post=13044"}],"curies":[{"name":"wp","href":"https:\/\/api.w.org\/{rel}","templated":true}]}}