{"id":13047,"date":"2025-01-06T12:00:01","date_gmt":"2025-01-06T11:00:01","guid":{"rendered":"https:\/\/www.anovapeneira.gal\/?p=13047"},"modified":"2025-01-02T10:44:28","modified_gmt":"2025-01-02T09:44:28","slug":"galiza-gana-novas-bonificacions-para-a-ap-9-en-2025-grazas-ao-bng","status":"publish","type":"post","link":"https:\/\/www.anovapeneira.gal\/index.php\/2025\/01\/06\/galiza-gana-novas-bonificacions-para-a-ap-9-en-2025-grazas-ao-bng\/","title":{"rendered":"Galiza ga\u00f1a novas bonificaci\u00f3ns para a AP-9 en 2025 grazas ao BNG"},"content":{"rendered":"\n<h2 class=\"wp-block-heading\">\u201c<strong>O desconto de at\u00e9 75% que conseguiu o BNG alivia os custos que o uso desa autoestrada ten para todas as persoas a te\u00f1en que utilizala\u201d reivindica Rego<\/strong><\/h2>\n\n\n\n<p><a><\/a> <strong>N\u00e9stor Rego celebra o remate das obras no viaduto da A-6, sentido A Coru\u00f1a, e a s\u00faa apertura ao tr\u00e1fico: \u201ccoa forza do BNG, sempre ao servizo da Galiza\u201d afirma<\/strong><\/p>\n\n\n\n<p><strong>Madrid, 30 de decembro de 2024.<\/strong> O BNG celebra a entrada en vigor das novas bonificaci\u00f3ns de at\u00e9 75% para as persoas usuarias da Autoestrada do Atl\u00e1ntico a partir do 1 de xaneiro de 2025. As rebaixas, froito das negociaci\u00f3ns realizadas polo BNG nas Cortes, supor\u00e1n un alivio para as persoas usuarias da AP-9 grazas ao traballo da organizaci\u00f3n nacionalista, en contraposici\u00f3n \u00e1s decisi\u00f3ns do PP de prorrogaren a concesi\u00f3n desta infraestrutura e elevar anualmente as tarifas da mesma que lastran o desenvolvemento social e econ\u00f3mico da Galiza.<\/p>\n\n\n\n<p>As novas bonificaci\u00f3ns da AP-9 foron aprobadas o pasado 23 de decembro no Consello de Ministros e Ministras, para dar cumprimento a un dos puntos do Acordo de Investidura conseguido polo BNG. \u201cImplican descontos de 60 at\u00e9 75% sumando a gratuidade da viaxe da volta cun 50% no caso de realizaren como m\u00ednimo 20 viaxes, 10 en cada sentido\u201d explica o deputado do BNG no Congreso. As\u00ed mesmo, para os transportistas profesionais, os descontos pasar\u00e1n de 20 a 50% en calquera viaxe que realizaren.<\/p>\n\n\n\n<p>\u201cEsta \u00e9 unha moi boa noticia para os galegos e galegas porque as tarifas da AP-9 son das m\u00e1is elevadas do Estado espa\u00f1ol e, se a\u00ednda hoxe temos peaxes \u00e9 por culpa dun Goberno do PP, de Aznar, que no ano 2000 prorrogou a concesi\u00f3n da AP-9 desde 2023 a 2048. O desconto de at\u00e9 75% que conseguiu o BNG alivia os custos que o uso desa autoestrada ten para todas as persoas que te\u00f1en que utilizala\u201d reivindica N\u00e9stor Rego.<\/p>\n\n\n\n<p>Tal e como avanza o deputado nacionalista, o BNG seguir\u00e1 a traballar para conseguir o obxectivo da organizaci\u00f3n de teren unha \u201cAP-9 galega e libre de peaxes\u201d: galega, exercendo presi\u00f3n para desbloquear a tramitaci\u00f3n da Proposici\u00f3n de Lei no Congreso; e libre de peaxes, porque existen elementos obxectivos suficientes que sinalan que a \u00faltima pr\u00f3rroga \u00e9 ilegal.<\/p>\n\n\n\n<p><strong>Futuras bonificaci\u00f3ns tam\u00e9n para a AP-53<\/strong><\/p>\n\n\n\n<p>A maiores, no Acordo de Investidura recoll\u00edase o compromiso de aplicar esta bonificaci\u00f3ns de at\u00e9 75% para as persoas usuarias da AP-53, entre Santiago de Compostela e Lal\u00edn. Unha infraestrutura que pos\u00fae tam\u00e9n das tarifas m\u00e1is elevadas do Estado espa\u00f1ol e que nunca tivo bonificaci\u00f3ns. \u201cGrazas ao traballo do BNG, no primeiro trimestre de 2025 entrar\u00e1n en vigor as bonificaci\u00f3ns da AP-53, outra das autoestradas que a Galiza ten cunha concesi\u00f3n de larga duraci\u00f3n\u201d afirma o deputado nacionalista.<\/p>\n\n\n\n<p>\u201cHoxe podemos dicir que se cada ano aumentan as tarifas das autoestradas \u00e9 por culpa de decisi\u00f3ns do PP mentres que grazas ao BNG as persoas usuarias ver\u00e1n aforrado at\u00e9 75% do seu custo\u201d sinal Rego.<\/p>\n\n\n\n<p><strong>Apertura da A-6: coa forza do BNG<\/strong><\/p>\n\n\n\n<p>Por \u00faltimo, a organizaci\u00f3n nacionalista celebra o remate das obras no \u00faltimo dos viadutos da A-6 colapsados. \u201cNo Acordo conseguido polo BNG recoll\u00edase a necesidade de rematar esta infraestrutura, o viaduto do Castro, antes de rematar o ano 2024 e estase a cumprir\u201d afirma o deputado do BNG. Axilizada a execuci\u00f3n do tramo sentido A Coru\u00f1a, d\u00e1se por rematado os problemas para milleiros de usuarios e usuarias desta infraestrutura e os problemas, provocados pola desviaci\u00f3n do tr\u00e1fico, que se estaban a producir.<\/p>\n","protected":false},"excerpt":{"rendered":"<div class=\"mh-excerpt\"><p>\u201cO desconto de at\u00e9 75% que conseguiu o BNG alivia os custos que o uso desa autoestrada ten para todas as persoas a te\u00f1en que utilizala\u201d reivindica Rego N\u00e9stor Rego celebra o remate das obras <a class=\"mh-excerpt-more\" href=\"https:\/\/www.anovapeneira.gal\/index.php\/2025\/01\/06\/galiza-gana-novas-bonificacions-para-a-ap-9-en-2025-grazas-ao-bng\/\" title=\"Galiza ga\u00f1a novas bonificaci\u00f3ns para a AP-9 en 2025 grazas ao BNG\">[&#8230;]<\/a><\/p>\n<\/div>","protected":false},"author":3,"featured_media":8280,"comment_status":"open","ping_status":"open","sticky":false,"template":"","format":"standard","meta":{"_exactmetrics_skip_tracking":false,"_exactmetrics_sitenote_active":false,"_exactmetrics_sitenote_note":"","_exactmetrics_sitenote_category":0,"footnotes":""},"categories":[263],"tags":[1278,631],"class_list":{"0":"post-13047","1":"post","2":"type-post","3":"status-publish","4":"format-standard","5":"has-post-thumbnail","7":"category-novas","8":"tag-ap-9","9":"tag-nestor-rego"},"yoast_head":"<!-- This site is optimized with the Yoast SEO plugin v27.4 - https:\/\/yoast.com\/product\/yoast-seo-wordpress\/ -->\n<title>Galiza ga\u00f1a novas bonificaci\u00f3ns para a AP-9 en 2025 grazas ao BNG -<\/title>\n<meta name=\"robots\" content=\"index, follow, max-snippet:-1, max-image-preview:large, max-video-preview:-1\" \/>\n<link rel=\"canonical\" href=\"https:\/\/www.anovapeneira.gal\/index.php\/2025\/01\/06\/galiza-gana-novas-bonificacions-para-a-ap-9-en-2025-grazas-ao-bng\/\" \/>\n<meta property=\"og:locale\" content=\"gl_ES\" \/>\n<meta property=\"og:type\" content=\"article\" \/>\n<meta property=\"og:title\" content=\"Galiza ga\u00f1a novas bonificaci\u00f3ns para a AP-9 en 2025 grazas ao BNG -\" \/>\n<meta property=\"og:description\" content=\"\u201cO desconto de at\u00e9 75% que conseguiu o BNG alivia os custos que o uso desa autoestrada ten para todas as persoas a te\u00f1en que utilizala\u201d reivindica Rego N\u00e9stor Rego celebra o remate das obras [...]\" \/>\n<meta property=\"og:url\" content=\"https:\/\/www.anovapeneira.gal\/index.php\/2025\/01\/06\/galiza-gana-novas-bonificacions-para-a-ap-9-en-2025-grazas-ao-bng\/\" \/>\n<meta property=\"article:publisher\" content=\"https:\/\/www.facebook.com\/anovapeneira\" \/>\n<meta property=\"article:published_time\" content=\"2025-01-06T11:00:01+00:00\" \/>\n<meta property=\"og:image\" content=\"https:\/\/www.anovapeneira.gal\/wp-content\/uploads\/2022\/09\/nestor_rego_madrid.jpg\" \/>\n\t<meta property=\"og:image:width\" content=\"720\" \/>\n\t<meta property=\"og:image:height\" content=\"432\" \/>\n\t<meta property=\"og:image:type\" content=\"image\/jpeg\" \/>\n<meta name=\"author\" content=\"Redacci\u00f3n A Nova Peneira\" \/>\n<meta name=\"twitter:card\" content=\"summary_large_image\" \/>\n<meta name=\"twitter:creator\" content=\"@APeneira\" \/>\n<meta name=\"twitter:site\" content=\"@APeneira\" \/>\n<meta name=\"twitter:label1\" content=\"Escrito por\" \/>\n\t<meta name=\"twitter:data1\" content=\"Redacci\u00f3n A Nova Peneira\" \/>\n\t<meta name=\"twitter:label2\" content=\"Tempo de lectura\" \/>\n\t<meta name=\"twitter:data2\" content=\"4 minutos\" \/>\n<script type=\"application\/ld+json\" class=\"yoast-schema-graph\">{\"@context\":\"https:\\\/\\\/schema.org\",\"@graph\":[{\"@type\":\"Article\",\"@id\":\"https:\\\/\\\/www.anovapeneira.gal\\\/index.php\\\/2025\\\/01\\\/06\\\/galiza-gana-novas-bonificacions-para-a-ap-9-en-2025-grazas-ao-bng\\\/#article\",\"isPartOf\":{\"@id\":\"https:\\\/\\\/www.anovapeneira.gal\\\/index.php\\\/2025\\\/01\\\/06\\\/galiza-gana-novas-bonificacions-para-a-ap-9-en-2025-grazas-ao-bng\\\/\"},\"author\":{\"name\":\"Redacci\u00f3n A Nova Peneira\",\"@id\":\"https:\\\/\\\/www.anovapeneira.gal\\\/#\\\/schema\\\/person\\\/b93e3f8932e3f8da96334607eb6ac6aa\"},\"headline\":\"Galiza ga\u00f1a novas bonificaci\u00f3ns para a AP-9 en 2025 grazas ao BNG\",\"datePublished\":\"2025-01-06T11:00:01+00:00\",\"mainEntityOfPage\":{\"@id\":\"https:\\\/\\\/www.anovapeneira.gal\\\/index.php\\\/2025\\\/01\\\/06\\\/galiza-gana-novas-bonificacions-para-a-ap-9-en-2025-grazas-ao-bng\\\/\"},\"wordCount\":614,\"commentCount\":0,\"publisher\":{\"@id\":\"https:\\\/\\\/www.anovapeneira.gal\\\/#organization\"},\"image\":{\"@id\":\"https:\\\/\\\/www.anovapeneira.gal\\\/index.php\\\/2025\\\/01\\\/06\\\/galiza-gana-novas-bonificacions-para-a-ap-9-en-2025-grazas-ao-bng\\\/#primaryimage\"},\"thumbnailUrl\":\"https:\\\/\\\/www.anovapeneira.gal\\\/wp-content\\\/uploads\\\/2022\\\/09\\\/nestor_rego_madrid.jpg\",\"keywords\":[\"AP-9\",\"N\u00e9stor Rego\"],\"articleSection\":[\"Novas\"],\"inLanguage\":\"gl-ES\",\"potentialAction\":[{\"@type\":\"CommentAction\",\"name\":\"Comment\",\"target\":[\"https:\\\/\\\/www.anovapeneira.gal\\\/index.php\\\/2025\\\/01\\\/06\\\/galiza-gana-novas-bonificacions-para-a-ap-9-en-2025-grazas-ao-bng\\\/#respond\"]}]},{\"@type\":\"WebPage\",\"@id\":\"https:\\\/\\\/www.anovapeneira.gal\\\/index.php\\\/2025\\\/01\\\/06\\\/galiza-gana-novas-bonificacions-para-a-ap-9-en-2025-grazas-ao-bng\\\/\",\"url\":\"https:\\\/\\\/www.anovapeneira.gal\\\/index.php\\\/2025\\\/01\\\/06\\\/galiza-gana-novas-bonificacions-para-a-ap-9-en-2025-grazas-ao-bng\\\/\",\"name\":\"Galiza ga\u00f1a novas bonificaci\u00f3ns para a AP-9 en 2025 grazas ao BNG -\",\"isPartOf\":{\"@id\":\"https:\\\/\\\/www.anovapeneira.gal\\\/#website\"},\"primaryImageOfPage\":{\"@id\":\"https:\\\/\\\/www.anovapeneira.gal\\\/index.php\\\/2025\\\/01\\\/06\\\/galiza-gana-novas-bonificacions-para-a-ap-9-en-2025-grazas-ao-bng\\\/#primaryimage\"},\"image\":{\"@id\":\"https:\\\/\\\/www.anovapeneira.gal\\\/index.php\\\/2025\\\/01\\\/06\\\/galiza-gana-novas-bonificacions-para-a-ap-9-en-2025-grazas-ao-bng\\\/#primaryimage\"},\"thumbnailUrl\":\"https:\\\/\\\/www.anovapeneira.gal\\\/wp-content\\\/uploads\\\/2022\\\/09\\\/nestor_rego_madrid.jpg\",\"datePublished\":\"2025-01-06T11:00:01+00:00\",\"breadcrumb\":{\"@id\":\"https:\\\/\\\/www.anovapeneira.gal\\\/index.php\\\/2025\\\/01\\\/06\\\/galiza-gana-novas-bonificacions-para-a-ap-9-en-2025-grazas-ao-bng\\\/#breadcrumb\"},\"inLanguage\":\"gl-ES\",\"potentialAction\":[{\"@type\":\"ReadAction\",\"target\":[\"https:\\\/\\\/www.anovapeneira.gal\\\/index.php\\\/2025\\\/01\\\/06\\\/galiza-gana-novas-bonificacions-para-a-ap-9-en-2025-grazas-ao-bng\\\/\"]}]},{\"@type\":\"ImageObject\",\"inLanguage\":\"gl-ES\",\"@id\":\"https:\\\/\\\/www.anovapeneira.gal\\\/index.php\\\/2025\\\/01\\\/06\\\/galiza-gana-novas-bonificacions-para-a-ap-9-en-2025-grazas-ao-bng\\\/#primaryimage\",\"url\":\"https:\\\/\\\/www.anovapeneira.gal\\\/wp-content\\\/uploads\\\/2022\\\/09\\\/nestor_rego_madrid.jpg\",\"contentUrl\":\"https:\\\/\\\/www.anovapeneira.gal\\\/wp-content\\\/uploads\\\/2022\\\/09\\\/nestor_rego_madrid.jpg\",\"width\":720,\"height\":432,\"caption\":\"N\u00e9stor Rego\"},{\"@type\":\"BreadcrumbList\",\"@id\":\"https:\\\/\\\/www.anovapeneira.gal\\\/index.php\\\/2025\\\/01\\\/06\\\/galiza-gana-novas-bonificacions-para-a-ap-9-en-2025-grazas-ao-bng\\\/#breadcrumb\",\"itemListElement\":[{\"@type\":\"ListItem\",\"position\":1,\"name\":\"Portada\",\"item\":\"https:\\\/\\\/www.anovapeneira.gal\\\/\"},{\"@type\":\"ListItem\",\"position\":2,\"name\":\"Galiza ga\u00f1a novas bonificaci\u00f3ns para a AP-9 en 2025 grazas ao BNG\"}]},{\"@type\":\"WebSite\",\"@id\":\"https:\\\/\\\/www.anovapeneira.gal\\\/#website\",\"url\":\"https:\\\/\\\/www.anovapeneira.gal\\\/\",\"name\":\"\",\"description\":\"Xornal galego de informaci\u00f3n xeral Publicaci\u00f3n mensual de novas de Galicia e en especial dos Concellos da sur da provincia de Pontevedra.\",\"publisher\":{\"@id\":\"https:\\\/\\\/www.anovapeneira.gal\\\/#organization\"},\"potentialAction\":[{\"@type\":\"SearchAction\",\"target\":{\"@type\":\"EntryPoint\",\"urlTemplate\":\"https:\\\/\\\/www.anovapeneira.gal\\\/?s={search_term_string}\"},\"query-input\":{\"@type\":\"PropertyValueSpecification\",\"valueRequired\":true,\"valueName\":\"search_term_string\"}}],\"inLanguage\":\"gl-ES\"},{\"@type\":\"Organization\",\"@id\":\"https:\\\/\\\/www.anovapeneira.gal\\\/#organization\",\"name\":\"A Nova Peneira\",\"url\":\"https:\\\/\\\/www.anovapeneira.gal\\\/\",\"logo\":{\"@type\":\"ImageObject\",\"inLanguage\":\"gl-ES\",\"@id\":\"https:\\\/\\\/www.anovapeneira.gal\\\/#\\\/schema\\\/logo\\\/image\\\/\",\"url\":\"http:\\\/\\\/www.anovapeneira.gal\\\/wp-content\\\/uploads\\\/2019\\\/06\\\/logo_a_nova_peneira_portal_web.png\",\"contentUrl\":\"http:\\\/\\\/www.anovapeneira.gal\\\/wp-content\\\/uploads\\\/2019\\\/06\\\/logo_a_nova_peneira_portal_web.png\",\"width\":300,\"height\":100,\"caption\":\"A Nova Peneira\"},\"image\":{\"@id\":\"https:\\\/\\\/www.anovapeneira.gal\\\/#\\\/schema\\\/logo\\\/image\\\/\"},\"sameAs\":[\"https:\\\/\\\/www.facebook.com\\\/anovapeneira\",\"https:\\\/\\\/x.com\\\/APeneira\"]},{\"@type\":\"Person\",\"@id\":\"https:\\\/\\\/www.anovapeneira.gal\\\/#\\\/schema\\\/person\\\/b93e3f8932e3f8da96334607eb6ac6aa\",\"name\":\"Redacci\u00f3n A Nova Peneira\",\"image\":{\"@type\":\"ImageObject\",\"inLanguage\":\"gl-ES\",\"@id\":\"https:\\\/\\\/secure.gravatar.com\\\/avatar\\\/c052a2551a06e23fac63626232eaa90abd78dbcf1700fc46a2b2c89fd27b735f?s=96&d=mm&r=g\",\"url\":\"https:\\\/\\\/secure.gravatar.com\\\/avatar\\\/c052a2551a06e23fac63626232eaa90abd78dbcf1700fc46a2b2c89fd27b735f?s=96&d=mm&r=g\",\"contentUrl\":\"https:\\\/\\\/secure.gravatar.com\\\/avatar\\\/c052a2551a06e23fac63626232eaa90abd78dbcf1700fc46a2b2c89fd27b735f?s=96&d=mm&r=g\",\"caption\":\"Redacci\u00f3n A Nova Peneira\"},\"sameAs\":[\"http:\\\/\\\/www.anovapeneira.gal\\\/\"],\"url\":\"https:\\\/\\\/www.anovapeneira.gal\\\/index.php\\\/author\\\/redactor\\\/\"}]}<\/script>\n<!-- \/ Yoast SEO plugin. -->","yoast_head_json":{"title":"Galiza ga\u00f1a novas bonificaci\u00f3ns para a AP-9 en 2025 grazas ao BNG -","robots":{"index":"index","follow":"follow","max-snippet":"max-snippet:-1","max-image-preview":"max-image-preview:large","max-video-preview":"max-video-preview:-1"},"canonical":"https:\/\/www.anovapeneira.gal\/index.php\/2025\/01\/06\/galiza-gana-novas-bonificacions-para-a-ap-9-en-2025-grazas-ao-bng\/","og_locale":"gl_ES","og_type":"article","og_title":"Galiza ga\u00f1a novas bonificaci\u00f3ns para a AP-9 en 2025 grazas ao BNG -","og_description":"\u201cO desconto de at\u00e9 75% que conseguiu o BNG alivia os custos que o uso desa autoestrada ten para todas as persoas a te\u00f1en que utilizala\u201d reivindica Rego N\u00e9stor Rego celebra o remate das obras [...]","og_url":"https:\/\/www.anovapeneira.gal\/index.php\/2025\/01\/06\/galiza-gana-novas-bonificacions-para-a-ap-9-en-2025-grazas-ao-bng\/","article_publisher":"https:\/\/www.facebook.com\/anovapeneira","article_published_time":"2025-01-06T11:00:01+00:00","og_image":[{"width":720,"height":432,"url":"https:\/\/www.anovapeneira.gal\/wp-content\/uploads\/2022\/09\/nestor_rego_madrid.jpg","type":"image\/jpeg"}],"author":"Redacci\u00f3n A Nova Peneira","twitter_card":"summary_large_image","twitter_creator":"@APeneira","twitter_site":"@APeneira","twitter_misc":{"Escrito por":"Redacci\u00f3n A Nova Peneira","Tempo de lectura":"4 minutos"},"schema":{"@context":"https:\/\/schema.org","@graph":[{"@type":"Article","@id":"https:\/\/www.anovapeneira.gal\/index.php\/2025\/01\/06\/galiza-gana-novas-bonificacions-para-a-ap-9-en-2025-grazas-ao-bng\/#article","isPartOf":{"@id":"https:\/\/www.anovapeneira.gal\/index.php\/2025\/01\/06\/galiza-gana-novas-bonificacions-para-a-ap-9-en-2025-grazas-ao-bng\/"},"author":{"name":"Redacci\u00f3n A Nova Peneira","@id":"https:\/\/www.anovapeneira.gal\/#\/schema\/person\/b93e3f8932e3f8da96334607eb6ac6aa"},"headline":"Galiza ga\u00f1a novas bonificaci\u00f3ns para a AP-9 en 2025 grazas ao BNG","datePublished":"2025-01-06T11:00:01+00:00","mainEntityOfPage":{"@id":"https:\/\/www.anovapeneira.gal\/index.php\/2025\/01\/06\/galiza-gana-novas-bonificacions-para-a-ap-9-en-2025-grazas-ao-bng\/"},"wordCount":614,"commentCount":0,"publisher":{"@id":"https:\/\/www.anovapeneira.gal\/#organization"},"image":{"@id":"https:\/\/www.anovapeneira.gal\/index.php\/2025\/01\/06\/galiza-gana-novas-bonificacions-para-a-ap-9-en-2025-grazas-ao-bng\/#primaryimage"},"thumbnailUrl":"https:\/\/www.anovapeneira.gal\/wp-content\/uploads\/2022\/09\/nestor_rego_madrid.jpg","keywords":["AP-9","N\u00e9stor Rego"],"articleSection":["Novas"],"inLanguage":"gl-ES","potentialAction":[{"@type":"CommentAction","name":"Comment","target":["https:\/\/www.anovapeneira.gal\/index.php\/2025\/01\/06\/galiza-gana-novas-bonificacions-para-a-ap-9-en-2025-grazas-ao-bng\/#respond"]}]},{"@type":"WebPage","@id":"https:\/\/www.anovapeneira.gal\/index.php\/2025\/01\/06\/galiza-gana-novas-bonificacions-para-a-ap-9-en-2025-grazas-ao-bng\/","url":"https:\/\/www.anovapeneira.gal\/index.php\/2025\/01\/06\/galiza-gana-novas-bonificacions-para-a-ap-9-en-2025-grazas-ao-bng\/","name":"Galiza ga\u00f1a novas bonificaci\u00f3ns para a AP-9 en 2025 grazas ao BNG -","isPartOf":{"@id":"https:\/\/www.anovapeneira.gal\/#website"},"primaryImageOfPage":{"@id":"https:\/\/www.anovapeneira.gal\/index.php\/2025\/01\/06\/galiza-gana-novas-bonificacions-para-a-ap-9-en-2025-grazas-ao-bng\/#primaryimage"},"image":{"@id":"https:\/\/www.anovapeneira.gal\/index.php\/2025\/01\/06\/galiza-gana-novas-bonificacions-para-a-ap-9-en-2025-grazas-ao-bng\/#primaryimage"},"thumbnailUrl":"https:\/\/www.anovapeneira.gal\/wp-content\/uploads\/2022\/09\/nestor_rego_madrid.jpg","datePublished":"2025-01-06T11:00:01+00:00","breadcrumb":{"@id":"https:\/\/www.anovapeneira.gal\/index.php\/2025\/01\/06\/galiza-gana-novas-bonificacions-para-a-ap-9-en-2025-grazas-ao-bng\/#breadcrumb"},"inLanguage":"gl-ES","potentialAction":[{"@type":"ReadAction","target":["https:\/\/www.anovapeneira.gal\/index.php\/2025\/01\/06\/galiza-gana-novas-bonificacions-para-a-ap-9-en-2025-grazas-ao-bng\/"]}]},{"@type":"ImageObject","inLanguage":"gl-ES","@id":"https:\/\/www.anovapeneira.gal\/index.php\/2025\/01\/06\/galiza-gana-novas-bonificacions-para-a-ap-9-en-2025-grazas-ao-bng\/#primaryimage","url":"https:\/\/www.anovapeneira.gal\/wp-content\/uploads\/2022\/09\/nestor_rego_madrid.jpg","contentUrl":"https:\/\/www.anovapeneira.gal\/wp-content\/uploads\/2022\/09\/nestor_rego_madrid.jpg","width":720,"height":432,"caption":"N\u00e9stor Rego"},{"@type":"BreadcrumbList","@id":"https:\/\/www.anovapeneira.gal\/index.php\/2025\/01\/06\/galiza-gana-novas-bonificacions-para-a-ap-9-en-2025-grazas-ao-bng\/#breadcrumb","itemListElement":[{"@type":"ListItem","position":1,"name":"Portada","item":"https:\/\/www.anovapeneira.gal\/"},{"@type":"ListItem","position":2,"name":"Galiza ga\u00f1a novas bonificaci\u00f3ns para a AP-9 en 2025 grazas ao BNG"}]},{"@type":"WebSite","@id":"https:\/\/www.anovapeneira.gal\/#website","url":"https:\/\/www.anovapeneira.gal\/","name":"","description":"Xornal galego de informaci\u00f3n xeral Publicaci\u00f3n mensual de novas de Galicia e en especial dos Concellos da sur da provincia de Pontevedra.","publisher":{"@id":"https:\/\/www.anovapeneira.gal\/#organization"},"potentialAction":[{"@type":"SearchAction","target":{"@type":"EntryPoint","urlTemplate":"https:\/\/www.anovapeneira.gal\/?s={search_term_string}"},"query-input":{"@type":"PropertyValueSpecification","valueRequired":true,"valueName":"search_term_string"}}],"inLanguage":"gl-ES"},{"@type":"Organization","@id":"https:\/\/www.anovapeneira.gal\/#organization","name":"A Nova Peneira","url":"https:\/\/www.anovapeneira.gal\/","logo":{"@type":"ImageObject","inLanguage":"gl-ES","@id":"https:\/\/www.anovapeneira.gal\/#\/schema\/logo\/image\/","url":"http:\/\/www.anovapeneira.gal\/wp-content\/uploads\/2019\/06\/logo_a_nova_peneira_portal_web.png","contentUrl":"http:\/\/www.anovapeneira.gal\/wp-content\/uploads\/2019\/06\/logo_a_nova_peneira_portal_web.png","width":300,"height":100,"caption":"A Nova Peneira"},"image":{"@id":"https:\/\/www.anovapeneira.gal\/#\/schema\/logo\/image\/"},"sameAs":["https:\/\/www.facebook.com\/anovapeneira","https:\/\/x.com\/APeneira"]},{"@type":"Person","@id":"https:\/\/www.anovapeneira.gal\/#\/schema\/person\/b93e3f8932e3f8da96334607eb6ac6aa","name":"Redacci\u00f3n A Nova Peneira","image":{"@type":"ImageObject","inLanguage":"gl-ES","@id":"https:\/\/secure.gravatar.com\/avatar\/c052a2551a06e23fac63626232eaa90abd78dbcf1700fc46a2b2c89fd27b735f?s=96&d=mm&r=g","url":"https:\/\/secure.gravatar.com\/avatar\/c052a2551a06e23fac63626232eaa90abd78dbcf1700fc46a2b2c89fd27b735f?s=96&d=mm&r=g","contentUrl":"https:\/\/secure.gravatar.com\/avatar\/c052a2551a06e23fac63626232eaa90abd78dbcf1700fc46a2b2c89fd27b735f?s=96&d=mm&r=g","caption":"Redacci\u00f3n A Nova Peneira"},"sameAs":["http:\/\/www.anovapeneira.gal\/"],"url":"https:\/\/www.anovapeneira.gal\/index.php\/author\/redactor\/"}]}},"jetpack_featured_media_url":"https:\/\/www.anovapeneira.gal\/wp-content\/uploads\/2022\/09\/nestor_rego_madrid.jpg","_links":{"self":[{"href":"https:\/\/www.anovapeneira.gal\/index.php\/wp-json\/wp\/v2\/posts\/13047","targetHints":{"allow":["GET"]}}],"collection":[{"href":"https:\/\/www.anovapeneira.gal\/index.php\/wp-json\/wp\/v2\/posts"}],"about":[{"href":"https:\/\/www.anovapeneira.gal\/index.php\/wp-json\/wp\/v2\/types\/post"}],"author":[{"embeddable":true,"href":"https:\/\/www.anovapeneira.gal\/index.php\/wp-json\/wp\/v2\/users\/3"}],"replies":[{"embeddable":true,"href":"https:\/\/www.anovapeneira.gal\/index.php\/wp-json\/wp\/v2\/comments?post=13047"}],"version-history":[{"count":1,"href":"https:\/\/www.anovapeneira.gal\/index.php\/wp-json\/wp\/v2\/posts\/13047\/revisions"}],"predecessor-version":[{"id":13048,"href":"https:\/\/www.anovapeneira.gal\/index.php\/wp-json\/wp\/v2\/posts\/13047\/revisions\/13048"}],"wp:featuredmedia":[{"embeddable":true,"href":"https:\/\/www.anovapeneira.gal\/index.php\/wp-json\/wp\/v2\/media\/8280"}],"wp:attachment":[{"href":"https:\/\/www.anovapeneira.gal\/index.php\/wp-json\/wp\/v2\/media?parent=13047"}],"wp:term":[{"taxonomy":"category","embeddable":true,"href":"https:\/\/www.anovapeneira.gal\/index.php\/wp-json\/wp\/v2\/categories?post=13047"},{"taxonomy":"post_tag","embeddable":true,"href":"https:\/\/www.anovapeneira.gal\/index.php\/wp-json\/wp\/v2\/tags?post=13047"}],"curies":[{"name":"wp","href":"https:\/\/api.w.org\/{rel}","templated":true}]}}