{"id":13059,"date":"2025-01-08T10:00:27","date_gmt":"2025-01-08T09:00:27","guid":{"rendered":"https:\/\/www.anovapeneira.gal\/?p=13059"},"modified":"2025-01-03T10:15:34","modified_gmt":"2025-01-03T09:15:34","slug":"primun-vivere-deinde-philosophari","status":"publish","type":"post","link":"https:\/\/www.anovapeneira.gal\/index.php\/2025\/01\/08\/primun-vivere-deinde-philosophari\/","title":{"rendered":"Primun vivere deinde philosophari"},"content":{"rendered":"\n<figure class=\"wp-block-image size-full is-resized\"><img loading=\"lazy\" decoding=\"async\" width=\"190\" height=\"222\" src=\"https:\/\/www.anovapeneira.gal\/wp-content\/uploads\/2019\/05\/tino_lago_director_a_nova_peneira.jpg\" alt=\"Tino Lago director a Nova Peneira\" class=\"wp-image-189\" style=\"width:99px;height:auto\"\/><figcaption class=\"wp-element-caption\">Tino Lago director a Nova Peneira<\/figcaption><\/figure>\n\n\n\n<p><strong>Non \u00e9 preciso ter co\u00f1ecementos elevados de lat\u00edn, nin unha especial habilidade para interpretar met\u00e1foras para podermos comprender o significado desa sentencia latina atribu\u00edda ao fil\u00f3sofo Thomas Hobbes, xunto con Jhon Locke, o pai do empirismo. A frase \u00e9 de Hobbes, pero o pensamento orixinal non debe de ser del, pois xa aparece reflectido nalg\u00fans autores anteriores e coet\u00e1neos, como por exemplo no famoso e simp\u00e1tico di\u00e1logo imaxinario entre Babieca e Rocinante co que Cervantes nos deleita no \u201c Quijote\u201d: \u201c Metaf\u00edsico estais\u201d dille un dos animais ao outro, \u201c Es que no como\u201d contesta o interpelado.<\/strong><\/p>\n\n\n\n<p><strong>En definitiva, o t\u00edtulo deste primeiro artigo do ano en ANP quere dicir que: malia que tratar de comprender a natureza dos fen\u00f3menos , de beber en todo tipo de fontes de co\u00f1ecemento e de enriquecerse co pensamento alleo \u00e9 absolutamente imprescindible se queremos ser persoas libres e dignas, iso non se pode facer se antes non temos asegurada a posibilidade vivir con dignidade, tanto f\u00edsica como emocionalmente todos e cada un dos d\u00edas.<\/strong><\/p>\n\n\n\n<p><strong>En Afganist\u00e1n a metade da s\u00faa poboaci\u00f3n, as mulleres, non pode facer absolutamente nada que non sexa asumir a condici\u00f3n \u00e1 que son relegadas pola administraci\u00f3n Talib\u00e1n, a condici\u00f3n de meros instrumentos nacidas para asegurar a satisfacci\u00f3n do var\u00f3n,<\/strong><\/p>\n\n\n\n<p><strong>Desde que os Talib\u00e1ns lograron conquistar o poder neste pa\u00eds asi\u00e1tico, comezaron a regular para limitar os dereitos das mulleres. As\u00ed: prohib\u00edronlles traballar, prohib\u00edronlles educarse, prohib\u00edronlles asistir a lugares p\u00fablicos, prohib\u00edronlles falar e rezar en p\u00fablico, prohib\u00edronlles practicar deporte, prohib\u00edronlles ir aos sal\u00f3ns de peiteado, prohib\u00edronlles ir ao ximnasio&#8230;e agora a situaci\u00f3n chega a tal grado de maldade, de delirio psic\u00f3tico que supera con creces a fronteiras da cordura pois ve\u00f1en de prohibirlles mirar polas fiestras.<\/strong><\/p>\n\n\n\n<p><strong>\u00c9 unha situaci\u00f3n tan disparatada que custa crer que sexa verdade. Pero si, si que o \u00e9. O l\u00edder talib\u00e1n Hibatullah Akhundzada decretou que as vivendas non tiveran vent\u00e1s onde puidera haber unha muller sentada ou de p\u00e9. A orde apl\u00edcase tanto \u00e1s construci\u00f3ns novas como \u00e1s xa existentes segundo un decreto publicado en X( antes Twitter)pola administraci\u00f3n talib\u00e1n. No texto establ\u00e9cese que as novas construci\u00f3ns non poden ter vent\u00e1s desde as que se poida ver as coci\u00f1as, patios pozos ou outros espazos\u201d utilizados habitualmente por mulleres\u201d. Nas construci\u00f3ns xa existentes, que non se atinxan \u00e1s condici\u00f3ns desta nova lei, vaise instar aos propietarios a constru\u00edr muros para tapiar \u00e1s vent\u00e1s desde \u00e1s que se poida observar \u00e1s mulleres das casas veci\u00f1as.<\/strong><\/p>\n\n\n\n<p><strong>Naturalmente esta barbaridade ignominiosa non aparece en ningunha portada dos medios de comunicaci\u00f3n occidentais, nin \u00e9 o obxecto de faladoiros pol\u00edticos nos que os seareiros liberais emitan furibundas diatribas contra a falta de liberdade e a tiran\u00eda, como fan por exemplo con Venezuela. E voume permitir especular un pouco para dicir que o secuestro en vida, toda a vida, \u00e1 que son sometidas as mulleres afganas tampouco ser\u00eda merecedor dun dos artigos do prestixioso editor que protestaba por que \u201c el gallego se est\u00e1 imponiendo sin contemplaciones\u201d.Non o fan porque lles d\u00e1 igual, porque quen lles paga non ten interese nese pa\u00eds, como si o pode ter por exemplo no petr\u00f3leo venezolano.<\/strong><\/p>\n\n\n\n<p><strong>Se as escusas de democracia e liberdade que espetan os norteamericanos, e os seus aliados\/servos da Otan, para xustificar as s\u00faas innumerables intervenci\u00f3ns militares que despois de ter rematado a 2\u00ba guerra mundial levaron o terror a morte e a destruci\u00f3n a tantas zonas do planeta terra, tiveran un m\u00ednimo de parecido coa realidade e se lles puidera dar alg\u00fan tipo de valor moral, non pasar\u00edan 5 minutos sen que unha forza da ONU entrase nese pa\u00eds, depuxera a ese goberno de psic\u00f3patas e permanecese o tempo necesario para que non puidesen volver nunca m\u00e1is.<\/strong><\/p>\n\n\n\n<p><strong>Non facer nada \u00e9 permitir o secuestro en vida de toda a poboaci\u00f3n feminina do pa\u00eds durante toda a s\u00faa vida.<\/strong><\/p>\n\n\n\n<p><strong>Nunca esquezamos \u00e1s mulleres afganas. A Nova Peneira coas mulleres de Afganist\u00e1n.<\/strong><\/p>\n","protected":false},"excerpt":{"rendered":"<div class=\"mh-excerpt\"><p>Non \u00e9 preciso ter co\u00f1ecementos elevados de lat\u00edn, nin unha especial habilidade para interpretar met\u00e1foras para podermos comprender o significado desa sentencia latina atribu\u00edda ao fil\u00f3sofo Thomas Hobbes, xunto con Jhon Locke, o pai do empirismo <a class=\"mh-excerpt-more\" href=\"https:\/\/www.anovapeneira.gal\/index.php\/2025\/01\/08\/primun-vivere-deinde-philosophari\/\" title=\"Primun vivere deinde philosophari\">[&#8230;]<\/a><\/p>\n<\/div>","protected":false},"author":1,"featured_media":13060,"comment_status":"open","ping_status":"open","sticky":false,"template":"","format":"standard","meta":{"_exactmetrics_skip_tracking":false,"_exactmetrics_sitenote_active":false,"_exactmetrics_sitenote_note":"","_exactmetrics_sitenote_category":0,"footnotes":""},"categories":[61],"tags":[1267],"class_list":{"0":"post-13059","1":"post","2":"type-post","3":"status-publish","4":"format-standard","5":"has-post-thumbnail","7":"category-artigo-editorial","8":"tag-afganistan"},"yoast_head":"<!-- This site is optimized with the Yoast SEO plugin v27.4 - https:\/\/yoast.com\/product\/yoast-seo-wordpress\/ -->\n<title>Primun vivere deinde philosophari -<\/title>\n<meta name=\"robots\" content=\"index, follow, max-snippet:-1, max-image-preview:large, max-video-preview:-1\" \/>\n<link rel=\"canonical\" href=\"https:\/\/www.anovapeneira.gal\/index.php\/2025\/01\/08\/primun-vivere-deinde-philosophari\/\" \/>\n<meta property=\"og:locale\" content=\"gl_ES\" \/>\n<meta property=\"og:type\" content=\"article\" \/>\n<meta property=\"og:title\" content=\"Primun vivere deinde philosophari -\" \/>\n<meta property=\"og:description\" content=\"Non \u00e9 preciso ter co\u00f1ecementos elevados de lat\u00edn, nin unha especial habilidade para interpretar met\u00e1foras para podermos comprender o significado desa sentencia latina atribu\u00edda ao fil\u00f3sofo Thomas Hobbes, xunto con Jhon Locke, o pai do empirismo [...]\" \/>\n<meta property=\"og:url\" content=\"https:\/\/www.anovapeneira.gal\/index.php\/2025\/01\/08\/primun-vivere-deinde-philosophari\/\" \/>\n<meta property=\"article:publisher\" content=\"https:\/\/www.facebook.com\/anovapeneira\" \/>\n<meta property=\"article:author\" content=\"https:\/\/www.facebook.com\/anovapeneira\/\" \/>\n<meta property=\"article:published_time\" content=\"2025-01-08T09:00:27+00:00\" \/>\n<meta property=\"og:image\" content=\"https:\/\/www.anovapeneira.gal\/wp-content\/uploads\/2025\/01\/venta.png\" \/>\n\t<meta property=\"og:image:width\" content=\"1500\" \/>\n\t<meta property=\"og:image:height\" content=\"790\" \/>\n\t<meta property=\"og:image:type\" content=\"image\/png\" \/>\n<meta name=\"author\" content=\"admin\" \/>\n<meta name=\"twitter:card\" content=\"summary_large_image\" \/>\n<meta name=\"twitter:image\" content=\"https:\/\/www.anovapeneira.gal\/wp-content\/uploads\/2025\/01\/venta.png\" \/>\n<meta name=\"twitter:creator\" content=\"@APeneira\" \/>\n<meta name=\"twitter:site\" content=\"@APeneira\" \/>\n<meta name=\"twitter:label1\" content=\"Escrito por\" \/>\n\t<meta name=\"twitter:data1\" content=\"admin\" \/>\n\t<meta name=\"twitter:label2\" content=\"Tempo de lectura\" \/>\n\t<meta name=\"twitter:data2\" content=\"4 minutos\" \/>\n<script type=\"application\/ld+json\" class=\"yoast-schema-graph\">{\"@context\":\"https:\\\/\\\/schema.org\",\"@graph\":[{\"@type\":\"Article\",\"@id\":\"https:\\\/\\\/www.anovapeneira.gal\\\/index.php\\\/2025\\\/01\\\/08\\\/primun-vivere-deinde-philosophari\\\/#article\",\"isPartOf\":{\"@id\":\"https:\\\/\\\/www.anovapeneira.gal\\\/index.php\\\/2025\\\/01\\\/08\\\/primun-vivere-deinde-philosophari\\\/\"},\"author\":{\"name\":\"admin\",\"@id\":\"https:\\\/\\\/www.anovapeneira.gal\\\/#\\\/schema\\\/person\\\/fb77575328c93684dae4b0075f90c2cb\"},\"headline\":\"Primun vivere deinde philosophari\",\"datePublished\":\"2025-01-08T09:00:27+00:00\",\"mainEntityOfPage\":{\"@id\":\"https:\\\/\\\/www.anovapeneira.gal\\\/index.php\\\/2025\\\/01\\\/08\\\/primun-vivere-deinde-philosophari\\\/\"},\"wordCount\":722,\"commentCount\":0,\"publisher\":{\"@id\":\"https:\\\/\\\/www.anovapeneira.gal\\\/#organization\"},\"image\":{\"@id\":\"https:\\\/\\\/www.anovapeneira.gal\\\/index.php\\\/2025\\\/01\\\/08\\\/primun-vivere-deinde-philosophari\\\/#primaryimage\"},\"thumbnailUrl\":\"https:\\\/\\\/www.anovapeneira.gal\\\/wp-content\\\/uploads\\\/2025\\\/01\\\/venta.png\",\"keywords\":[\"Afganist\u00e1n\"],\"articleSection\":[\"Artigo editorial\"],\"inLanguage\":\"gl-ES\",\"potentialAction\":[{\"@type\":\"CommentAction\",\"name\":\"Comment\",\"target\":[\"https:\\\/\\\/www.anovapeneira.gal\\\/index.php\\\/2025\\\/01\\\/08\\\/primun-vivere-deinde-philosophari\\\/#respond\"]}]},{\"@type\":\"WebPage\",\"@id\":\"https:\\\/\\\/www.anovapeneira.gal\\\/index.php\\\/2025\\\/01\\\/08\\\/primun-vivere-deinde-philosophari\\\/\",\"url\":\"https:\\\/\\\/www.anovapeneira.gal\\\/index.php\\\/2025\\\/01\\\/08\\\/primun-vivere-deinde-philosophari\\\/\",\"name\":\"Primun vivere deinde philosophari -\",\"isPartOf\":{\"@id\":\"https:\\\/\\\/www.anovapeneira.gal\\\/#website\"},\"primaryImageOfPage\":{\"@id\":\"https:\\\/\\\/www.anovapeneira.gal\\\/index.php\\\/2025\\\/01\\\/08\\\/primun-vivere-deinde-philosophari\\\/#primaryimage\"},\"image\":{\"@id\":\"https:\\\/\\\/www.anovapeneira.gal\\\/index.php\\\/2025\\\/01\\\/08\\\/primun-vivere-deinde-philosophari\\\/#primaryimage\"},\"thumbnailUrl\":\"https:\\\/\\\/www.anovapeneira.gal\\\/wp-content\\\/uploads\\\/2025\\\/01\\\/venta.png\",\"datePublished\":\"2025-01-08T09:00:27+00:00\",\"breadcrumb\":{\"@id\":\"https:\\\/\\\/www.anovapeneira.gal\\\/index.php\\\/2025\\\/01\\\/08\\\/primun-vivere-deinde-philosophari\\\/#breadcrumb\"},\"inLanguage\":\"gl-ES\",\"potentialAction\":[{\"@type\":\"ReadAction\",\"target\":[\"https:\\\/\\\/www.anovapeneira.gal\\\/index.php\\\/2025\\\/01\\\/08\\\/primun-vivere-deinde-philosophari\\\/\"]}]},{\"@type\":\"ImageObject\",\"inLanguage\":\"gl-ES\",\"@id\":\"https:\\\/\\\/www.anovapeneira.gal\\\/index.php\\\/2025\\\/01\\\/08\\\/primun-vivere-deinde-philosophari\\\/#primaryimage\",\"url\":\"https:\\\/\\\/www.anovapeneira.gal\\\/wp-content\\\/uploads\\\/2025\\\/01\\\/venta.png\",\"contentUrl\":\"https:\\\/\\\/www.anovapeneira.gal\\\/wp-content\\\/uploads\\\/2025\\\/01\\\/venta.png\",\"width\":1500,\"height\":790,\"caption\":\"vent\u00e1\"},{\"@type\":\"BreadcrumbList\",\"@id\":\"https:\\\/\\\/www.anovapeneira.gal\\\/index.php\\\/2025\\\/01\\\/08\\\/primun-vivere-deinde-philosophari\\\/#breadcrumb\",\"itemListElement\":[{\"@type\":\"ListItem\",\"position\":1,\"name\":\"Portada\",\"item\":\"https:\\\/\\\/www.anovapeneira.gal\\\/\"},{\"@type\":\"ListItem\",\"position\":2,\"name\":\"Primun vivere deinde philosophari\"}]},{\"@type\":\"WebSite\",\"@id\":\"https:\\\/\\\/www.anovapeneira.gal\\\/#website\",\"url\":\"https:\\\/\\\/www.anovapeneira.gal\\\/\",\"name\":\"\",\"description\":\"Xornal galego de informaci\u00f3n xeral Publicaci\u00f3n mensual de novas de Galicia e en especial dos Concellos da sur da provincia de Pontevedra.\",\"publisher\":{\"@id\":\"https:\\\/\\\/www.anovapeneira.gal\\\/#organization\"},\"potentialAction\":[{\"@type\":\"SearchAction\",\"target\":{\"@type\":\"EntryPoint\",\"urlTemplate\":\"https:\\\/\\\/www.anovapeneira.gal\\\/?s={search_term_string}\"},\"query-input\":{\"@type\":\"PropertyValueSpecification\",\"valueRequired\":true,\"valueName\":\"search_term_string\"}}],\"inLanguage\":\"gl-ES\"},{\"@type\":\"Organization\",\"@id\":\"https:\\\/\\\/www.anovapeneira.gal\\\/#organization\",\"name\":\"A Nova Peneira\",\"url\":\"https:\\\/\\\/www.anovapeneira.gal\\\/\",\"logo\":{\"@type\":\"ImageObject\",\"inLanguage\":\"gl-ES\",\"@id\":\"https:\\\/\\\/www.anovapeneira.gal\\\/#\\\/schema\\\/logo\\\/image\\\/\",\"url\":\"http:\\\/\\\/www.anovapeneira.gal\\\/wp-content\\\/uploads\\\/2019\\\/06\\\/logo_a_nova_peneira_portal_web.png\",\"contentUrl\":\"http:\\\/\\\/www.anovapeneira.gal\\\/wp-content\\\/uploads\\\/2019\\\/06\\\/logo_a_nova_peneira_portal_web.png\",\"width\":300,\"height\":100,\"caption\":\"A Nova Peneira\"},\"image\":{\"@id\":\"https:\\\/\\\/www.anovapeneira.gal\\\/#\\\/schema\\\/logo\\\/image\\\/\"},\"sameAs\":[\"https:\\\/\\\/www.facebook.com\\\/anovapeneira\",\"https:\\\/\\\/x.com\\\/APeneira\"]},{\"@type\":\"Person\",\"@id\":\"https:\\\/\\\/www.anovapeneira.gal\\\/#\\\/schema\\\/person\\\/fb77575328c93684dae4b0075f90c2cb\",\"name\":\"admin\",\"image\":{\"@type\":\"ImageObject\",\"inLanguage\":\"gl-ES\",\"@id\":\"https:\\\/\\\/secure.gravatar.com\\\/avatar\\\/df15c36ce375448325e0bc870e91bbee95947a002eb98dcfd6c2b053e18843e9?s=96&d=mm&r=g\",\"url\":\"https:\\\/\\\/secure.gravatar.com\\\/avatar\\\/df15c36ce375448325e0bc870e91bbee95947a002eb98dcfd6c2b053e18843e9?s=96&d=mm&r=g\",\"contentUrl\":\"https:\\\/\\\/secure.gravatar.com\\\/avatar\\\/df15c36ce375448325e0bc870e91bbee95947a002eb98dcfd6c2b053e18843e9?s=96&d=mm&r=g\",\"caption\":\"admin\"},\"description\":\"Xornal galego de informaci\u00f3n xeral Publicaci\u00f3n mensual de novas de Galicia e en especial dos Concellos da sur da provincia de Pontevedra.\",\"sameAs\":[\"http:\\\/\\\/www.anovapeneira.gal\\\/\",\"https:\\\/\\\/www.facebook.com\\\/anovapeneira\\\/\"],\"url\":\"https:\\\/\\\/www.anovapeneira.gal\\\/index.php\\\/author\\\/admin\\\/\"}]}<\/script>\n<!-- \/ Yoast SEO plugin. -->","yoast_head_json":{"title":"Primun vivere deinde philosophari -","robots":{"index":"index","follow":"follow","max-snippet":"max-snippet:-1","max-image-preview":"max-image-preview:large","max-video-preview":"max-video-preview:-1"},"canonical":"https:\/\/www.anovapeneira.gal\/index.php\/2025\/01\/08\/primun-vivere-deinde-philosophari\/","og_locale":"gl_ES","og_type":"article","og_title":"Primun vivere deinde philosophari -","og_description":"Non \u00e9 preciso ter co\u00f1ecementos elevados de lat\u00edn, nin unha especial habilidade para interpretar met\u00e1foras para podermos comprender o significado desa sentencia latina atribu\u00edda ao fil\u00f3sofo Thomas Hobbes, xunto con Jhon Locke, o pai do empirismo [...]","og_url":"https:\/\/www.anovapeneira.gal\/index.php\/2025\/01\/08\/primun-vivere-deinde-philosophari\/","article_publisher":"https:\/\/www.facebook.com\/anovapeneira","article_author":"https:\/\/www.facebook.com\/anovapeneira\/","article_published_time":"2025-01-08T09:00:27+00:00","og_image":[{"width":1500,"height":790,"url":"https:\/\/www.anovapeneira.gal\/wp-content\/uploads\/2025\/01\/venta.png","type":"image\/png"}],"author":"admin","twitter_card":"summary_large_image","twitter_image":"https:\/\/www.anovapeneira.gal\/wp-content\/uploads\/2025\/01\/venta.png","twitter_creator":"@APeneira","twitter_site":"@APeneira","twitter_misc":{"Escrito por":"admin","Tempo de lectura":"4 minutos"},"schema":{"@context":"https:\/\/schema.org","@graph":[{"@type":"Article","@id":"https:\/\/www.anovapeneira.gal\/index.php\/2025\/01\/08\/primun-vivere-deinde-philosophari\/#article","isPartOf":{"@id":"https:\/\/www.anovapeneira.gal\/index.php\/2025\/01\/08\/primun-vivere-deinde-philosophari\/"},"author":{"name":"admin","@id":"https:\/\/www.anovapeneira.gal\/#\/schema\/person\/fb77575328c93684dae4b0075f90c2cb"},"headline":"Primun vivere deinde philosophari","datePublished":"2025-01-08T09:00:27+00:00","mainEntityOfPage":{"@id":"https:\/\/www.anovapeneira.gal\/index.php\/2025\/01\/08\/primun-vivere-deinde-philosophari\/"},"wordCount":722,"commentCount":0,"publisher":{"@id":"https:\/\/www.anovapeneira.gal\/#organization"},"image":{"@id":"https:\/\/www.anovapeneira.gal\/index.php\/2025\/01\/08\/primun-vivere-deinde-philosophari\/#primaryimage"},"thumbnailUrl":"https:\/\/www.anovapeneira.gal\/wp-content\/uploads\/2025\/01\/venta.png","keywords":["Afganist\u00e1n"],"articleSection":["Artigo editorial"],"inLanguage":"gl-ES","potentialAction":[{"@type":"CommentAction","name":"Comment","target":["https:\/\/www.anovapeneira.gal\/index.php\/2025\/01\/08\/primun-vivere-deinde-philosophari\/#respond"]}]},{"@type":"WebPage","@id":"https:\/\/www.anovapeneira.gal\/index.php\/2025\/01\/08\/primun-vivere-deinde-philosophari\/","url":"https:\/\/www.anovapeneira.gal\/index.php\/2025\/01\/08\/primun-vivere-deinde-philosophari\/","name":"Primun vivere deinde philosophari -","isPartOf":{"@id":"https:\/\/www.anovapeneira.gal\/#website"},"primaryImageOfPage":{"@id":"https:\/\/www.anovapeneira.gal\/index.php\/2025\/01\/08\/primun-vivere-deinde-philosophari\/#primaryimage"},"image":{"@id":"https:\/\/www.anovapeneira.gal\/index.php\/2025\/01\/08\/primun-vivere-deinde-philosophari\/#primaryimage"},"thumbnailUrl":"https:\/\/www.anovapeneira.gal\/wp-content\/uploads\/2025\/01\/venta.png","datePublished":"2025-01-08T09:00:27+00:00","breadcrumb":{"@id":"https:\/\/www.anovapeneira.gal\/index.php\/2025\/01\/08\/primun-vivere-deinde-philosophari\/#breadcrumb"},"inLanguage":"gl-ES","potentialAction":[{"@type":"ReadAction","target":["https:\/\/www.anovapeneira.gal\/index.php\/2025\/01\/08\/primun-vivere-deinde-philosophari\/"]}]},{"@type":"ImageObject","inLanguage":"gl-ES","@id":"https:\/\/www.anovapeneira.gal\/index.php\/2025\/01\/08\/primun-vivere-deinde-philosophari\/#primaryimage","url":"https:\/\/www.anovapeneira.gal\/wp-content\/uploads\/2025\/01\/venta.png","contentUrl":"https:\/\/www.anovapeneira.gal\/wp-content\/uploads\/2025\/01\/venta.png","width":1500,"height":790,"caption":"vent\u00e1"},{"@type":"BreadcrumbList","@id":"https:\/\/www.anovapeneira.gal\/index.php\/2025\/01\/08\/primun-vivere-deinde-philosophari\/#breadcrumb","itemListElement":[{"@type":"ListItem","position":1,"name":"Portada","item":"https:\/\/www.anovapeneira.gal\/"},{"@type":"ListItem","position":2,"name":"Primun vivere deinde philosophari"}]},{"@type":"WebSite","@id":"https:\/\/www.anovapeneira.gal\/#website","url":"https:\/\/www.anovapeneira.gal\/","name":"","description":"Xornal galego de informaci\u00f3n xeral Publicaci\u00f3n mensual de novas de Galicia e en especial dos Concellos da sur da provincia de Pontevedra.","publisher":{"@id":"https:\/\/www.anovapeneira.gal\/#organization"},"potentialAction":[{"@type":"SearchAction","target":{"@type":"EntryPoint","urlTemplate":"https:\/\/www.anovapeneira.gal\/?s={search_term_string}"},"query-input":{"@type":"PropertyValueSpecification","valueRequired":true,"valueName":"search_term_string"}}],"inLanguage":"gl-ES"},{"@type":"Organization","@id":"https:\/\/www.anovapeneira.gal\/#organization","name":"A Nova Peneira","url":"https:\/\/www.anovapeneira.gal\/","logo":{"@type":"ImageObject","inLanguage":"gl-ES","@id":"https:\/\/www.anovapeneira.gal\/#\/schema\/logo\/image\/","url":"http:\/\/www.anovapeneira.gal\/wp-content\/uploads\/2019\/06\/logo_a_nova_peneira_portal_web.png","contentUrl":"http:\/\/www.anovapeneira.gal\/wp-content\/uploads\/2019\/06\/logo_a_nova_peneira_portal_web.png","width":300,"height":100,"caption":"A Nova Peneira"},"image":{"@id":"https:\/\/www.anovapeneira.gal\/#\/schema\/logo\/image\/"},"sameAs":["https:\/\/www.facebook.com\/anovapeneira","https:\/\/x.com\/APeneira"]},{"@type":"Person","@id":"https:\/\/www.anovapeneira.gal\/#\/schema\/person\/fb77575328c93684dae4b0075f90c2cb","name":"admin","image":{"@type":"ImageObject","inLanguage":"gl-ES","@id":"https:\/\/secure.gravatar.com\/avatar\/df15c36ce375448325e0bc870e91bbee95947a002eb98dcfd6c2b053e18843e9?s=96&d=mm&r=g","url":"https:\/\/secure.gravatar.com\/avatar\/df15c36ce375448325e0bc870e91bbee95947a002eb98dcfd6c2b053e18843e9?s=96&d=mm&r=g","contentUrl":"https:\/\/secure.gravatar.com\/avatar\/df15c36ce375448325e0bc870e91bbee95947a002eb98dcfd6c2b053e18843e9?s=96&d=mm&r=g","caption":"admin"},"description":"Xornal galego de informaci\u00f3n xeral Publicaci\u00f3n mensual de novas de Galicia e en especial dos Concellos da sur da provincia de Pontevedra.","sameAs":["http:\/\/www.anovapeneira.gal\/","https:\/\/www.facebook.com\/anovapeneira\/"],"url":"https:\/\/www.anovapeneira.gal\/index.php\/author\/admin\/"}]}},"jetpack_featured_media_url":"https:\/\/www.anovapeneira.gal\/wp-content\/uploads\/2025\/01\/venta.png","_links":{"self":[{"href":"https:\/\/www.anovapeneira.gal\/index.php\/wp-json\/wp\/v2\/posts\/13059","targetHints":{"allow":["GET"]}}],"collection":[{"href":"https:\/\/www.anovapeneira.gal\/index.php\/wp-json\/wp\/v2\/posts"}],"about":[{"href":"https:\/\/www.anovapeneira.gal\/index.php\/wp-json\/wp\/v2\/types\/post"}],"author":[{"embeddable":true,"href":"https:\/\/www.anovapeneira.gal\/index.php\/wp-json\/wp\/v2\/users\/1"}],"replies":[{"embeddable":true,"href":"https:\/\/www.anovapeneira.gal\/index.php\/wp-json\/wp\/v2\/comments?post=13059"}],"version-history":[{"count":1,"href":"https:\/\/www.anovapeneira.gal\/index.php\/wp-json\/wp\/v2\/posts\/13059\/revisions"}],"predecessor-version":[{"id":13061,"href":"https:\/\/www.anovapeneira.gal\/index.php\/wp-json\/wp\/v2\/posts\/13059\/revisions\/13061"}],"wp:featuredmedia":[{"embeddable":true,"href":"https:\/\/www.anovapeneira.gal\/index.php\/wp-json\/wp\/v2\/media\/13060"}],"wp:attachment":[{"href":"https:\/\/www.anovapeneira.gal\/index.php\/wp-json\/wp\/v2\/media?parent=13059"}],"wp:term":[{"taxonomy":"category","embeddable":true,"href":"https:\/\/www.anovapeneira.gal\/index.php\/wp-json\/wp\/v2\/categories?post=13059"},{"taxonomy":"post_tag","embeddable":true,"href":"https:\/\/www.anovapeneira.gal\/index.php\/wp-json\/wp\/v2\/tags?post=13059"}],"curies":[{"name":"wp","href":"https:\/\/api.w.org\/{rel}","templated":true}]}}