{"id":13064,"date":"2025-01-08T12:00:57","date_gmt":"2025-01-08T11:00:57","guid":{"rendered":"https:\/\/www.anovapeneira.gal\/?p=13064"},"modified":"2025-01-08T13:36:08","modified_gmt":"2025-01-08T12:36:08","slug":"gonzalo-caballero-ex-secretario-xeral-do-psdeg","status":"publish","type":"post","link":"https:\/\/www.anovapeneira.gal\/index.php\/2025\/01\/08\/gonzalo-caballero-ex-secretario-xeral-do-psdeg\/","title":{"rendered":"Gonzalo Caballero Ex Secretario Xeral do PSdeG"},"content":{"rendered":"\n<p><strong>A poucas semanas de que o PSdeG celebre o seu congreso conversamos con Gonzalo Caballero, o anterior SX, para co\u00f1ecer a s\u00faa valoraci\u00f3n acerca da situaci\u00f3n na que se encontra a organizaci\u00f3n pol\u00edtica na que el leva 30 anos militando e da que foi SX. Gonzalo foi apartado, despois dun s\u00f3 mandato, nun estra\u00f1o proceso impulsado pola direcci\u00f3n federal e por determinados dirixentes territoriais non se sabe moi ben con que obxectivos nin a que intereses respond\u00eda realmente.<\/strong><\/p>\n\n\n\n<p><strong>O que si \u00e9 evidente \u00e9 o seu resultado: carg\u00e1ronse ao SX, e non lles faltou case nada para cargarse ao partido.<\/strong><\/p>\n\n\n\n<h2 class=\"wp-block-heading\">\u201c<strong>Non <\/strong><strong>quero <\/strong><strong>ser c\u00f3mplice, nin por acci\u00f3n nin por omisi\u00f3n, <\/strong><strong>do<\/strong><strong> desastre no que est\u00e1 metido o PSdeG\u201d<\/strong><\/h2>\n\n\n\n<p><strong>Como che vai a vida desde que deixaches a primeira li\u00f1a pol\u00edtica?<\/strong><\/p>\n\n\n\n<blockquote class=\"wp-block-quote is-layout-flow wp-block-quote-is-layout-flow\">\n<p>Levo un ano plenamente adicado ao que \u00e9 a mi\u00f1a vida profesional, como sabes: a docencia e a investigaci\u00f3n na Universidade de Vigo.<\/p>\n<\/blockquote>\n\n\n\n<blockquote class=\"wp-block-quote is-layout-flow wp-block-quote-is-layout-flow\">\n<p>A verdade este tempo de desconexi\u00f3n pol\u00edtica sentoume especialmente ben para oxixenarme e para poderlle dedicar moitas m\u00e1is horas \u00e1 mi\u00f1a familia e aos meus amigos.<\/p>\n<\/blockquote>\n\n\n\n<p><strong>Xa hai tempo que nos co\u00f1ecemos e creo que non me equivoco se afirmo que ti est\u00e1s namorado da docencia?.<\/strong><\/p>\n\n\n\n<blockquote class=\"wp-block-quote is-layout-flow wp-block-quote-is-layout-flow\">\n<p>Non, non te equivocas. Eu son docente e investigador na facultade de Econ\u00f3micas da Universidade de Vigo e sinto verdadeira paix\u00f3n polo que fago.<\/p>\n<\/blockquote>\n\n\n\n<p><strong>Malia que me consta que iso \u00e9 as\u00ed, ti es un animal pol\u00edtico e estou seguro de que, a\u00ednda que fose desde a distancia,non perdiches a conexi\u00f3n coa realidade pol\u00edtica deste pa\u00eds?<\/strong><\/p>\n\n\n\n<blockquote class=\"wp-block-quote is-layout-flow wp-block-quote-is-layout-flow\">\n<p>Tampouco te confundes. Levo 30 anos militando no PSdeG porque estou comprometido na construci\u00f3n de realidades que permitan unha vida mellor, unha vida m\u00e1is xusta, pr\u00f3spera e igualitaria para as maior\u00edas sociais. E ese compromiso sei que me vai acompa\u00f1ar en todo o que me quede de vida.<\/p>\n<\/blockquote>\n\n\n\n<p><strong>Segues a actualidade pol\u00edtica?<\/strong><\/p>\n\n\n\n<blockquote class=\"wp-block-quote is-layout-flow wp-block-quote-is-layout-flow\">\n<p>A diario e con pleno detalle.<\/p>\n<\/blockquote>\n\n\n\n<p><strong>Contin\u00faas convencido de que a socialdemocracia federalista \u00e9 o cami\u00f1o adecuado para mellorar a realidade coti\u00e1 da maior\u00eda social do pobo galego?<\/strong><\/p>\n\n\n\n<blockquote class=\"wp-block-quote is-layout-flow wp-block-quote-is-layout-flow\">\n<p>Plenamente. Eu non son nacionalista e non son de dereitas. Creo na necesidade de termos un sector p\u00fablico coa densidade e capacidade suficiente para impedir que ningu\u00e9n quede por debaixo dos niveis m\u00ednimos dunha vida digna. E creo na construci\u00f3n federal do estado espa\u00f1ol, co autogoberno das distintas nacionalidades e comunidades aut\u00f3nomas, pero no proxecto com\u00fan de Espa\u00f1a.<\/p>\n<\/blockquote>\n\n\n\n<p><strong>Cal \u00e9 o proxecto de Gonzalo Caballero para o PSdeG?<\/strong><\/p>\n\n\n\n<blockquote class=\"wp-block-quote is-layout-flow wp-block-quote-is-layout-flow\">\n<p>Un proxecto de esquerdas, ecoloxista, feminista e galeguista, que vaia m\u00e1is al\u00e1 das li\u00f1as pol\u00edticas que marque Madrid e que poida ser independente dos distintos intereses municipais.<\/p>\n<\/blockquote>\n\n\n\n<blockquote class=\"wp-block-quote is-layout-flow wp-block-quote-is-layout-flow\">\n<p>Galicia \u00e9 a nosa xente e o noso pa\u00eds, e o PSdeG \u00e9 o meu partido, e al\u00ed onde me leven os cami\u00f1os da vida pol\u00edtica estou absolutamente comprometido en que o meu partido poida ser un instrumento \u00fatil para mellorar a vida dos galegos.<\/p>\n<\/blockquote>\n\n\n\n<p><strong>O PSdeG chegou, brevemente, a gobernar Galicia e houbo outras \u00e9pocas hist\u00f3ricas nas que a hip\u00f3tese de que o PSdeG gobernase na Xunta era absolutamente veros\u00edmil, pero agora esa opci\u00f3n non \u00e9 realista. Por que se produciu esa ca\u00edda aos infernos do partido socialista de Galicia?<\/strong><\/p>\n\n\n\n<blockquote class=\"wp-block-quote is-layout-flow wp-block-quote-is-layout-flow\">\n<p>O PsdeG estes tres \u00faltimos anos entrou nunha frase de declive que o levou a sufrir continuas derrotas electorais. Na mi\u00f1a etapa non deixamos de crecer en todos os procesos electorais.<\/p>\n<\/blockquote>\n\n\n\n<p><strong>Iso de que mentres ti fuches SX crecestes en todos os procesos electorais \u00e9 un dato obxectivo?<\/strong><\/p>\n\n\n\n<blockquote class=\"wp-block-quote is-layout-flow wp-block-quote-is-layout-flow\">\n<p>Obxectivo e facilmente comprobable, para calquera que te\u00f1a interese en constatalo vendo as porcentaxes de voto do PSdeG.<\/p>\n<\/blockquote>\n\n\n\n<blockquote class=\"wp-block-quote is-layout-flow wp-block-quote-is-layout-flow\">\n<p>Crecemos nas xerais, nas europeas, nas municipais e nas auton\u00f3micas. Nos tres anos seguintes cos compa\u00f1eiros Formoso e Besteiro, o PSdeG caeu en todas as elecci\u00f3ns.<\/p>\n<\/blockquote>\n\n\n\n<p><strong>E se comparamos o resultado cos que obtivo o PSOE no conxunto do estado?<\/strong><\/p>\n\n\n\n<blockquote class=\"wp-block-quote is-layout-flow wp-block-quote-is-layout-flow\">\n<p>Na mi\u00f1a etapa de secretario xeral crecemos m\u00e1is do que creceu o PSOE no conxunto de Espa\u00f1a, e na etapa dos compa\u00f1eiros Formoso e Besteiro o partido caeu m\u00e1is en Galicia do que caeu o PSOE no global do estado.<\/p>\n<\/blockquote>\n\n\n\n<blockquote class=\"wp-block-quote is-layout-flow wp-block-quote-is-layout-flow\">\n<p>Parece evidente que a diferencia a marca a diferente xesti\u00f3n do PSdeG, e resulta m\u00e1is que obvia a mensaxe que nos env\u00eda o conxunto da sociedade galega: O PSdeG precisa un cambio.<\/p>\n<\/blockquote>\n\n\n\n<blockquote class=\"wp-block-quote is-layout-flow wp-block-quote-is-layout-flow\">\n<p>O PsdeG est\u00e1 na disxuntiva de apostar polo cami\u00f1o do cambio ou quedar reducido \u00e1 irrelevancia.<\/p>\n<\/blockquote>\n\n\n\n<p><strong>Ben, eses son os datos. Agora quixera saber a t\u00faa opini\u00f3n acerca das causas que vos levaron ata al\u00ed e cales son ao teu xu\u00edzo as soluci\u00f3ns posibles?<\/strong><\/p>\n\n\n\n<blockquote class=\"wp-block-quote is-layout-flow wp-block-quote-is-layout-flow\">\n<p>Alg\u00fans datos m\u00e1is se me permites<\/p>\n<\/blockquote>\n\n\n\n<p><strong>Adiante<\/strong><\/p>\n\n\n\n<blockquote class=\"wp-block-quote is-layout-flow wp-block-quote-is-layout-flow\">\n<p>-Na etapa na que fun SX fomos quen de ga\u00f1arlle ao PP en d\u00faas elecci\u00f3ns, as \u00fanicas na historia de Galicia nas que se lle ga\u00f1ou ao PP en votos: nunhas xerais e nunhas europeas fomos a primeira forza.<\/p>\n<\/blockquote>\n\n\n\n<blockquote class=\"wp-block-quote is-layout-flow wp-block-quote-is-layout-flow\">\n<p>-Acadamos o grupo parlamentar m\u00e1is grande nas cortes espa\u00f1olas que o PSdeG chegou a ter en toda a historia de democracia.<\/p>\n<\/blockquote>\n\n\n\n<blockquote class=\"wp-block-quote is-layout-flow wp-block-quote-is-layout-flow\">\n<p>-Logramos a maior representaci\u00f3n municipal na historia de Galicia gobernando 3 deputaci\u00f3ns e 5 das grandes cidades, algo que non se puidera facer nin sequera na etapa do goberno de Touri\u00f1o<\/p>\n<\/blockquote>\n\n\n\n<p>-E conseguemos crecer en porcentaxe de voto nas auton\u00f3micas por primeira vez dende a etapa Touri\u00f1o<\/p>\n\n\n\n<blockquote class=\"wp-block-quote is-layout-flow wp-block-quote-is-layout-flow\">\n<p>-Pero despois, nos \u00faltimos tres anos non deixamos de caer en todos os casos. Chegamos ao nivel m\u00ednimo de voto de toda a historia do PSdeG en auton\u00f3micas e temos os peores resultados do PSOE en calquera comunidade aut\u00f3noma. Caemos en municipais, xerais, auton\u00f3micas e europeas.<\/p>\n<\/blockquote>\n\n\n\n<blockquote class=\"wp-block-quote is-layout-flow wp-block-quote-is-layout-flow\">\n<p>A situaci\u00f3n \u00e9 fondamente preocupante. A min d\u00f3eme o PSdeG e d\u00e9ixame abraiado a pasividade das baron\u00edas territoriais e localistas.<\/p>\n<\/blockquote>\n\n\n\n<p><strong>Ben, falemos agora de causas e de soluci\u00f3ns?<\/strong><\/p>\n\n\n\n<blockquote class=\"wp-block-quote is-layout-flow wp-block-quote-is-layout-flow\">\n<p>En relaci\u00f3n \u00e1s causas creo que o tempo amosou claramente que o congreso nacional do PSdeG de hai tres anos, no que foi elixido o compa\u00f1eiro Formoso, foi un erro hist\u00f3rico. O \u00fanico obxectivo dese proceso impulsado era buscar o meu relevo como SX.<\/p>\n<\/blockquote>\n\n\n\n<p><strong>Non o comprendo. S\u00f3 levabas un mandato e os resultados eran obxectivamente bos. Por que ese interese en acabar politicamente contigo?<\/strong><\/p>\n\n\n\n<blockquote class=\"wp-block-quote is-layout-flow wp-block-quote-is-layout-flow\">\n<p>O nosa direcci\u00f3n manti\u00f1a certa autonom\u00eda para traballar con independencia dos distintos poderes municipais, e a eses poderes municipais do norte seica non lles gustaba. Ese proceso foi tam\u00e9n apoiado pola direcci\u00f3n federal, e os resultados amosan claramente que se equivocaron.<\/p>\n<\/blockquote>\n\n\n\n<p><strong>A operaci\u00f3n foi a todas luces desastrosa para o PSdeG, pois o BNG comeuvos boa parte do voso espazo. \u00c9 recuperable?<\/strong><\/p>\n\n\n\n<blockquote class=\"wp-block-quote is-layout-flow wp-block-quote-is-layout-flow\">\n<p>En pol\u00edtica todo \u00e9 posible. Te\u00f1o a certeza de que se somos quen de constru\u00edrmos ese proxecto aut\u00f3nomo galeguista, ecoloxista, feminista e de esquerdas o PSdeG ten a potencialidade necesaria para obter a confianza da maior\u00eda social do pobo galego. Teriamos que facelo con referentes que te\u00f1an absoluta honestidade e exemplaridade, que te\u00f1an peso pol\u00edtico e que poidan recuperar a credibilidade que perdemos.<\/p>\n<\/blockquote>\n\n\n\n<p><strong>E hainos no PSdeG?<\/strong><\/p>\n\n\n\n<blockquote class=\"wp-block-quote is-layout-flow wp-block-quote-is-layout-flow\">\n<p>Si, sen d\u00fabida.<\/p>\n<\/blockquote>\n\n\n\n<p><strong>Pero falas de persoas que actualmente militen no PSdeG?<\/strong><\/p>\n\n\n\n<blockquote class=\"wp-block-quote is-layout-flow wp-block-quote-is-layout-flow\">\n<p>Si, claro que si. Moitos deles non est\u00e1n en primeira li\u00f1a porque a direcci\u00f3n actual facendo pol\u00edtica sectaria retirounos.<\/p>\n<\/blockquote>\n\n\n\n<p><strong>Por exemplo?<\/strong><\/p>\n\n\n\n<blockquote class=\"wp-block-quote is-layout-flow wp-block-quote-is-layout-flow\">\n<p>Retiraron a Marina Ortega como cabeza de lista de Ourense nas auton\u00f3micas, cando era a candidata m\u00e1is apoiada pola provincia, e en Ourense baixamos de 3 deputados a 1.<\/p>\n<\/blockquote>\n\n\n\n<p><strong>Quedounos atr\u00e1s a soluci\u00f3n?<\/strong><\/p>\n\n\n\n<blockquote class=\"wp-block-quote is-layout-flow wp-block-quote-is-layout-flow\">\n<p>Todas as persoas que apoiaron a Formoso deberan reco\u00f1ecer o seu erro pol\u00edtico, que orixinou un inmenso dano ao PSdeG e que lle deu ao PP a opci\u00f3n de consolidar a un novo candidato. A partir de a\u00ed c\u00f3mpre constru\u00edr un novo proxecto cos sinais de identidade que antes mencionei, baixar \u00e1 area e traballar nas bases, revitalizar as ideas e o pensamento para dar soluci\u00f3ns. Temos que estar a p\u00e9 de pa\u00eds, nas asociaci\u00f3ns veci\u00f1ais, nos centros sociais, nos colectivos culturais, nos grupos ecoloxistas&#8230; al\u00ed onde estea a sociedade civil organizada ten que estar o PSdeG.<\/p>\n<\/blockquote>\n\n\n\n<p><strong>Ti est\u00e1s disposto a encabezar ese novo proxecto?<\/strong><\/p>\n\n\n\n<blockquote class=\"wp-block-quote is-layout-flow wp-block-quote-is-layout-flow\">\n<p>Eu o que non quero ser, \u00e9 c\u00f3mplice, nin por colaboraci\u00f3n nin por omisi\u00f3n, do desastre no que est\u00e1 agora o PSdeG. Vou traballar onde a militancia me sit\u00fae para mellorar a situaci\u00f3n do partido.<\/p>\n<\/blockquote>\n\n\n\n<p><strong>Os que non fan nada son c\u00f3mplices por omisi\u00f3n na situaci\u00f3n do PSdeG?<\/strong><\/p>\n\n\n\n<blockquote class=\"wp-block-quote is-layout-flow wp-block-quote-is-layout-flow\">\n<p>Que cada quen asuma as s\u00faas responsabilidades. Eu procuro non eludir as mi\u00f1as, nunca.<\/p>\n<\/blockquote>\n\n\n\n<p><strong>Facemos esta entrevista a principios de xaneiro. O voso congreso \u00e9 arredor da metade de marzo, non falta nada. Tes decidido presentar a t\u00faa candidatura \u00e1 Secretar\u00eda Xeral, si ou non?<\/strong><\/p>\n\n\n\n<blockquote class=\"wp-block-quote is-layout-flow wp-block-quote-is-layout-flow\">\n<p>Eu agora mesmo estou apelando \u00e1s mulleres e homes do PSdeG a que non se resignen a caer na irrelevancia. Estou falando cos compa\u00f1eiros e coas compa\u00f1eiras e estou en disposici\u00f3n de traballar al\u00ed onde poida ser \u00fatil. E estou en mellores condici\u00f3ns que nunca. Para dar o paso polo que me preguntas quero que se dean as condici\u00f3ns necesarias.<\/p>\n<\/blockquote>\n\n\n\n<p><strong>Cales son esas condici\u00f3ns?<\/strong><\/p>\n\n\n\n<blockquote class=\"wp-block-quote is-layout-flow wp-block-quote-is-layout-flow\">\n<p>Adem\u00e1is de revitalizar o partido e convencer \u00e1 militancia, que as baron\u00edas do partido asuman que hai que cambiar de ciclo, e que a direcci\u00f3n federal entenda que un proxecto galego debe de ser constru\u00eddo desde Galicia, non desde Madrid.<\/p>\n<\/blockquote>\n\n\n\n<p><strong>Que opini\u00f3n maioritaria pulsas nas conversas que est\u00e1s a manter cos teus compa\u00f1eiros e compa\u00f1eiras?<\/strong><\/p>\n\n\n\n<blockquote class=\"wp-block-quote is-layout-flow wp-block-quote-is-layout-flow\">\n<p>Na maior\u00eda da militancia de base hai un enorme desgusto e moita desmotivaci\u00f3n coa direcci\u00f3n actual. O ambiente \u00e9 desolador.<\/p>\n<\/blockquote>\n\n\n\n<p><strong>Hai moi pouco tempo celebrouse unha das maiores mobilizaci\u00f3ns da historia de Galcia en contra da instalaci\u00f3n dunha celulosa na comarca da Ulloa. Ducias de miles de persoas berraron en Compostela: \u201cAltri non\u201d.Pero o voso SX non acudiu a esa convocatoria. Cal \u00e9 a t\u00faa opini\u00f3n desa ausencia?<\/strong><\/p>\n\n\n\n<blockquote class=\"wp-block-quote is-layout-flow wp-block-quote-is-layout-flow\">\n<p>Eu creo que a direcci\u00f3n do partido debera de ser moito m\u00e1is clara e contundente na expresi\u00f3n da posici\u00f3n contraria ao proxecto de Altri.<\/p>\n<\/blockquote>\n\n\n\n<blockquote class=\"wp-block-quote is-layout-flow wp-block-quote-is-layout-flow\">\n<p>Ese proxecto ten moitas m\u00e1is consecuencias negativas que aspectos beneficiosos.<\/p>\n<\/blockquote>\n\n\n\n<p><strong>Acabamos Gonzalo: Danos unha valoraci\u00f3n xeral sobre a situaci\u00f3n socio econ\u00f3mica de Galicia?<\/strong><\/p>\n\n\n\n<blockquote class=\"wp-block-quote is-layout-flow wp-block-quote-is-layout-flow\">\n<p>Galicia vaise facendo cada vez m\u00e1is pequena no conxunto de Espa\u00f1a, tanto en par\u00e1metros econ\u00f3micos como en peso demogr\u00e1fico. A poboaci\u00f3n est\u00e1 cada vez m\u00e1is avellentada e mant\u00e9n ingresos grazas ao sistema de pensi\u00f3ns p\u00fablicas. Pero Galicia necesita moito m\u00e1is para ga\u00f1ar o futuro, para dar posibilidades de vida \u00e1 mocidade, para situarse na vangarda e no dinamismo, para emprender e acertar nos retos do s\u00e9culo XXI. Galicia precisa alternancia no goberno, e \u00e9 absolutamente imposible que ese cambio se poida producir sen un PSdeG s\u00f3lido e solvente. Apelo \u00e1 militancia do noso partido para que expresen con claridade se o cami\u00f1o que levamos nos conduce \u00e1 solidez ou nos leva \u00e1 irrelevancia.<\/p>\n<\/blockquote>\n","protected":false},"excerpt":{"rendered":"<div class=\"mh-excerpt\"><p>A poucas semanas de que o PSdeG celebre o seu congreso conversamos con Gonzalo Caballero, o anterior SX <a class=\"mh-excerpt-more\" href=\"https:\/\/www.anovapeneira.gal\/index.php\/2025\/01\/08\/gonzalo-caballero-ex-secretario-xeral-do-psdeg\/\" title=\"Gonzalo Caballero Ex Secretario Xeral do PSdeG\">[&#8230;]<\/a><\/p>\n<\/div>","protected":false},"author":3,"featured_media":13065,"comment_status":"open","ping_status":"open","sticky":false,"template":"","format":"standard","meta":{"_exactmetrics_skip_tracking":false,"_exactmetrics_sitenote_active":false,"_exactmetrics_sitenote_note":"","_exactmetrics_sitenote_category":0,"footnotes":""},"categories":[264],"tags":[617,1184],"class_list":{"0":"post-13064","1":"post","2":"type-post","3":"status-publish","4":"format-standard","5":"has-post-thumbnail","7":"category-entrevistas-galicia","8":"tag-gonzalo-caballero","9":"tag-psdeg"},"yoast_head":"<!-- This site is optimized with the Yoast SEO plugin v27.4 - https:\/\/yoast.com\/product\/yoast-seo-wordpress\/ -->\n<title>Gonzalo Caballero Ex Secretario Xeral do PSdeG -<\/title>\n<meta name=\"robots\" content=\"index, follow, max-snippet:-1, max-image-preview:large, max-video-preview:-1\" \/>\n<link rel=\"canonical\" href=\"https:\/\/www.anovapeneira.gal\/index.php\/2025\/01\/08\/gonzalo-caballero-ex-secretario-xeral-do-psdeg\/\" \/>\n<meta property=\"og:locale\" content=\"gl_ES\" \/>\n<meta property=\"og:type\" content=\"article\" \/>\n<meta property=\"og:title\" content=\"Gonzalo Caballero Ex Secretario Xeral do PSdeG -\" \/>\n<meta property=\"og:description\" content=\"A poucas semanas de que o PSdeG celebre o seu congreso conversamos con Gonzalo Caballero, o anterior SX [...]\" \/>\n<meta property=\"og:url\" content=\"https:\/\/www.anovapeneira.gal\/index.php\/2025\/01\/08\/gonzalo-caballero-ex-secretario-xeral-do-psdeg\/\" \/>\n<meta property=\"article:publisher\" content=\"https:\/\/www.facebook.com\/anovapeneira\" \/>\n<meta property=\"article:published_time\" content=\"2025-01-08T11:00:57+00:00\" \/>\n<meta property=\"article:modified_time\" content=\"2025-01-08T12:36:08+00:00\" \/>\n<meta property=\"og:image\" content=\"https:\/\/www.anovapeneira.gal\/wp-content\/uploads\/2025\/01\/gonzalo_caballerio.jpg\" \/>\n\t<meta property=\"og:image:width\" content=\"720\" \/>\n\t<meta property=\"og:image:height\" content=\"432\" \/>\n\t<meta property=\"og:image:type\" content=\"image\/jpeg\" \/>\n<meta name=\"author\" content=\"Redacci\u00f3n A Nova Peneira\" \/>\n<meta name=\"twitter:card\" content=\"summary_large_image\" \/>\n<meta name=\"twitter:creator\" content=\"@APeneira\" \/>\n<meta name=\"twitter:site\" content=\"@APeneira\" \/>\n<meta name=\"twitter:label1\" content=\"Escrito por\" \/>\n\t<meta name=\"twitter:data1\" content=\"Redacci\u00f3n A Nova Peneira\" \/>\n\t<meta name=\"twitter:label2\" content=\"Tempo de lectura\" \/>\n\t<meta name=\"twitter:data2\" content=\"4 minutos\" \/>\n<script type=\"application\/ld+json\" class=\"yoast-schema-graph\">{\"@context\":\"https:\\\/\\\/schema.org\",\"@graph\":[{\"@type\":\"Article\",\"@id\":\"https:\\\/\\\/www.anovapeneira.gal\\\/index.php\\\/2025\\\/01\\\/08\\\/gonzalo-caballero-ex-secretario-xeral-do-psdeg\\\/#article\",\"isPartOf\":{\"@id\":\"https:\\\/\\\/www.anovapeneira.gal\\\/index.php\\\/2025\\\/01\\\/08\\\/gonzalo-caballero-ex-secretario-xeral-do-psdeg\\\/\"},\"author\":{\"name\":\"Redacci\u00f3n A Nova Peneira\",\"@id\":\"https:\\\/\\\/www.anovapeneira.gal\\\/#\\\/schema\\\/person\\\/b93e3f8932e3f8da96334607eb6ac6aa\"},\"headline\":\"Gonzalo Caballero Ex Secretario Xeral do PSdeG\",\"datePublished\":\"2025-01-08T11:00:57+00:00\",\"dateModified\":\"2025-01-08T12:36:08+00:00\",\"mainEntityOfPage\":{\"@id\":\"https:\\\/\\\/www.anovapeneira.gal\\\/index.php\\\/2025\\\/01\\\/08\\\/gonzalo-caballero-ex-secretario-xeral-do-psdeg\\\/\"},\"wordCount\":1902,\"commentCount\":0,\"publisher\":{\"@id\":\"https:\\\/\\\/www.anovapeneira.gal\\\/#organization\"},\"image\":{\"@id\":\"https:\\\/\\\/www.anovapeneira.gal\\\/index.php\\\/2025\\\/01\\\/08\\\/gonzalo-caballero-ex-secretario-xeral-do-psdeg\\\/#primaryimage\"},\"thumbnailUrl\":\"https:\\\/\\\/www.anovapeneira.gal\\\/wp-content\\\/uploads\\\/2025\\\/01\\\/gonzalo_caballerio.jpg\",\"keywords\":[\"Gonzalo Caballero\",\"PSdeG\"],\"articleSection\":[\"Entrevistas\"],\"inLanguage\":\"gl-ES\",\"potentialAction\":[{\"@type\":\"CommentAction\",\"name\":\"Comment\",\"target\":[\"https:\\\/\\\/www.anovapeneira.gal\\\/index.php\\\/2025\\\/01\\\/08\\\/gonzalo-caballero-ex-secretario-xeral-do-psdeg\\\/#respond\"]}]},{\"@type\":\"WebPage\",\"@id\":\"https:\\\/\\\/www.anovapeneira.gal\\\/index.php\\\/2025\\\/01\\\/08\\\/gonzalo-caballero-ex-secretario-xeral-do-psdeg\\\/\",\"url\":\"https:\\\/\\\/www.anovapeneira.gal\\\/index.php\\\/2025\\\/01\\\/08\\\/gonzalo-caballero-ex-secretario-xeral-do-psdeg\\\/\",\"name\":\"Gonzalo Caballero Ex Secretario Xeral do PSdeG -\",\"isPartOf\":{\"@id\":\"https:\\\/\\\/www.anovapeneira.gal\\\/#website\"},\"primaryImageOfPage\":{\"@id\":\"https:\\\/\\\/www.anovapeneira.gal\\\/index.php\\\/2025\\\/01\\\/08\\\/gonzalo-caballero-ex-secretario-xeral-do-psdeg\\\/#primaryimage\"},\"image\":{\"@id\":\"https:\\\/\\\/www.anovapeneira.gal\\\/index.php\\\/2025\\\/01\\\/08\\\/gonzalo-caballero-ex-secretario-xeral-do-psdeg\\\/#primaryimage\"},\"thumbnailUrl\":\"https:\\\/\\\/www.anovapeneira.gal\\\/wp-content\\\/uploads\\\/2025\\\/01\\\/gonzalo_caballerio.jpg\",\"datePublished\":\"2025-01-08T11:00:57+00:00\",\"dateModified\":\"2025-01-08T12:36:08+00:00\",\"breadcrumb\":{\"@id\":\"https:\\\/\\\/www.anovapeneira.gal\\\/index.php\\\/2025\\\/01\\\/08\\\/gonzalo-caballero-ex-secretario-xeral-do-psdeg\\\/#breadcrumb\"},\"inLanguage\":\"gl-ES\",\"potentialAction\":[{\"@type\":\"ReadAction\",\"target\":[\"https:\\\/\\\/www.anovapeneira.gal\\\/index.php\\\/2025\\\/01\\\/08\\\/gonzalo-caballero-ex-secretario-xeral-do-psdeg\\\/\"]}]},{\"@type\":\"ImageObject\",\"inLanguage\":\"gl-ES\",\"@id\":\"https:\\\/\\\/www.anovapeneira.gal\\\/index.php\\\/2025\\\/01\\\/08\\\/gonzalo-caballero-ex-secretario-xeral-do-psdeg\\\/#primaryimage\",\"url\":\"https:\\\/\\\/www.anovapeneira.gal\\\/wp-content\\\/uploads\\\/2025\\\/01\\\/gonzalo_caballerio.jpg\",\"contentUrl\":\"https:\\\/\\\/www.anovapeneira.gal\\\/wp-content\\\/uploads\\\/2025\\\/01\\\/gonzalo_caballerio.jpg\",\"width\":720,\"height\":432,\"caption\":\"Gonzalo Caballero\"},{\"@type\":\"BreadcrumbList\",\"@id\":\"https:\\\/\\\/www.anovapeneira.gal\\\/index.php\\\/2025\\\/01\\\/08\\\/gonzalo-caballero-ex-secretario-xeral-do-psdeg\\\/#breadcrumb\",\"itemListElement\":[{\"@type\":\"ListItem\",\"position\":1,\"name\":\"Portada\",\"item\":\"https:\\\/\\\/www.anovapeneira.gal\\\/\"},{\"@type\":\"ListItem\",\"position\":2,\"name\":\"Gonzalo Caballero Ex Secretario Xeral do PSdeG\"}]},{\"@type\":\"WebSite\",\"@id\":\"https:\\\/\\\/www.anovapeneira.gal\\\/#website\",\"url\":\"https:\\\/\\\/www.anovapeneira.gal\\\/\",\"name\":\"\",\"description\":\"Xornal galego de informaci\u00f3n xeral Publicaci\u00f3n mensual de novas de Galicia e en especial dos Concellos da sur da provincia de Pontevedra.\",\"publisher\":{\"@id\":\"https:\\\/\\\/www.anovapeneira.gal\\\/#organization\"},\"potentialAction\":[{\"@type\":\"SearchAction\",\"target\":{\"@type\":\"EntryPoint\",\"urlTemplate\":\"https:\\\/\\\/www.anovapeneira.gal\\\/?s={search_term_string}\"},\"query-input\":{\"@type\":\"PropertyValueSpecification\",\"valueRequired\":true,\"valueName\":\"search_term_string\"}}],\"inLanguage\":\"gl-ES\"},{\"@type\":\"Organization\",\"@id\":\"https:\\\/\\\/www.anovapeneira.gal\\\/#organization\",\"name\":\"A Nova Peneira\",\"url\":\"https:\\\/\\\/www.anovapeneira.gal\\\/\",\"logo\":{\"@type\":\"ImageObject\",\"inLanguage\":\"gl-ES\",\"@id\":\"https:\\\/\\\/www.anovapeneira.gal\\\/#\\\/schema\\\/logo\\\/image\\\/\",\"url\":\"http:\\\/\\\/www.anovapeneira.gal\\\/wp-content\\\/uploads\\\/2019\\\/06\\\/logo_a_nova_peneira_portal_web.png\",\"contentUrl\":\"http:\\\/\\\/www.anovapeneira.gal\\\/wp-content\\\/uploads\\\/2019\\\/06\\\/logo_a_nova_peneira_portal_web.png\",\"width\":300,\"height\":100,\"caption\":\"A Nova Peneira\"},\"image\":{\"@id\":\"https:\\\/\\\/www.anovapeneira.gal\\\/#\\\/schema\\\/logo\\\/image\\\/\"},\"sameAs\":[\"https:\\\/\\\/www.facebook.com\\\/anovapeneira\",\"https:\\\/\\\/x.com\\\/APeneira\"]},{\"@type\":\"Person\",\"@id\":\"https:\\\/\\\/www.anovapeneira.gal\\\/#\\\/schema\\\/person\\\/b93e3f8932e3f8da96334607eb6ac6aa\",\"name\":\"Redacci\u00f3n A Nova Peneira\",\"image\":{\"@type\":\"ImageObject\",\"inLanguage\":\"gl-ES\",\"@id\":\"https:\\\/\\\/secure.gravatar.com\\\/avatar\\\/c052a2551a06e23fac63626232eaa90abd78dbcf1700fc46a2b2c89fd27b735f?s=96&d=mm&r=g\",\"url\":\"https:\\\/\\\/secure.gravatar.com\\\/avatar\\\/c052a2551a06e23fac63626232eaa90abd78dbcf1700fc46a2b2c89fd27b735f?s=96&d=mm&r=g\",\"contentUrl\":\"https:\\\/\\\/secure.gravatar.com\\\/avatar\\\/c052a2551a06e23fac63626232eaa90abd78dbcf1700fc46a2b2c89fd27b735f?s=96&d=mm&r=g\",\"caption\":\"Redacci\u00f3n A Nova Peneira\"},\"sameAs\":[\"http:\\\/\\\/www.anovapeneira.gal\\\/\"],\"url\":\"https:\\\/\\\/www.anovapeneira.gal\\\/index.php\\\/author\\\/redactor\\\/\"}]}<\/script>\n<!-- \/ Yoast SEO plugin. -->","yoast_head_json":{"title":"Gonzalo Caballero Ex Secretario Xeral do PSdeG -","robots":{"index":"index","follow":"follow","max-snippet":"max-snippet:-1","max-image-preview":"max-image-preview:large","max-video-preview":"max-video-preview:-1"},"canonical":"https:\/\/www.anovapeneira.gal\/index.php\/2025\/01\/08\/gonzalo-caballero-ex-secretario-xeral-do-psdeg\/","og_locale":"gl_ES","og_type":"article","og_title":"Gonzalo Caballero Ex Secretario Xeral do PSdeG -","og_description":"A poucas semanas de que o PSdeG celebre o seu congreso conversamos con Gonzalo Caballero, o anterior SX [...]","og_url":"https:\/\/www.anovapeneira.gal\/index.php\/2025\/01\/08\/gonzalo-caballero-ex-secretario-xeral-do-psdeg\/","article_publisher":"https:\/\/www.facebook.com\/anovapeneira","article_published_time":"2025-01-08T11:00:57+00:00","article_modified_time":"2025-01-08T12:36:08+00:00","og_image":[{"width":720,"height":432,"url":"https:\/\/www.anovapeneira.gal\/wp-content\/uploads\/2025\/01\/gonzalo_caballerio.jpg","type":"image\/jpeg"}],"author":"Redacci\u00f3n A Nova Peneira","twitter_card":"summary_large_image","twitter_creator":"@APeneira","twitter_site":"@APeneira","twitter_misc":{"Escrito por":"Redacci\u00f3n A Nova Peneira","Tempo de lectura":"4 minutos"},"schema":{"@context":"https:\/\/schema.org","@graph":[{"@type":"Article","@id":"https:\/\/www.anovapeneira.gal\/index.php\/2025\/01\/08\/gonzalo-caballero-ex-secretario-xeral-do-psdeg\/#article","isPartOf":{"@id":"https:\/\/www.anovapeneira.gal\/index.php\/2025\/01\/08\/gonzalo-caballero-ex-secretario-xeral-do-psdeg\/"},"author":{"name":"Redacci\u00f3n A Nova Peneira","@id":"https:\/\/www.anovapeneira.gal\/#\/schema\/person\/b93e3f8932e3f8da96334607eb6ac6aa"},"headline":"Gonzalo Caballero Ex Secretario Xeral do PSdeG","datePublished":"2025-01-08T11:00:57+00:00","dateModified":"2025-01-08T12:36:08+00:00","mainEntityOfPage":{"@id":"https:\/\/www.anovapeneira.gal\/index.php\/2025\/01\/08\/gonzalo-caballero-ex-secretario-xeral-do-psdeg\/"},"wordCount":1902,"commentCount":0,"publisher":{"@id":"https:\/\/www.anovapeneira.gal\/#organization"},"image":{"@id":"https:\/\/www.anovapeneira.gal\/index.php\/2025\/01\/08\/gonzalo-caballero-ex-secretario-xeral-do-psdeg\/#primaryimage"},"thumbnailUrl":"https:\/\/www.anovapeneira.gal\/wp-content\/uploads\/2025\/01\/gonzalo_caballerio.jpg","keywords":["Gonzalo Caballero","PSdeG"],"articleSection":["Entrevistas"],"inLanguage":"gl-ES","potentialAction":[{"@type":"CommentAction","name":"Comment","target":["https:\/\/www.anovapeneira.gal\/index.php\/2025\/01\/08\/gonzalo-caballero-ex-secretario-xeral-do-psdeg\/#respond"]}]},{"@type":"WebPage","@id":"https:\/\/www.anovapeneira.gal\/index.php\/2025\/01\/08\/gonzalo-caballero-ex-secretario-xeral-do-psdeg\/","url":"https:\/\/www.anovapeneira.gal\/index.php\/2025\/01\/08\/gonzalo-caballero-ex-secretario-xeral-do-psdeg\/","name":"Gonzalo Caballero Ex Secretario Xeral do PSdeG -","isPartOf":{"@id":"https:\/\/www.anovapeneira.gal\/#website"},"primaryImageOfPage":{"@id":"https:\/\/www.anovapeneira.gal\/index.php\/2025\/01\/08\/gonzalo-caballero-ex-secretario-xeral-do-psdeg\/#primaryimage"},"image":{"@id":"https:\/\/www.anovapeneira.gal\/index.php\/2025\/01\/08\/gonzalo-caballero-ex-secretario-xeral-do-psdeg\/#primaryimage"},"thumbnailUrl":"https:\/\/www.anovapeneira.gal\/wp-content\/uploads\/2025\/01\/gonzalo_caballerio.jpg","datePublished":"2025-01-08T11:00:57+00:00","dateModified":"2025-01-08T12:36:08+00:00","breadcrumb":{"@id":"https:\/\/www.anovapeneira.gal\/index.php\/2025\/01\/08\/gonzalo-caballero-ex-secretario-xeral-do-psdeg\/#breadcrumb"},"inLanguage":"gl-ES","potentialAction":[{"@type":"ReadAction","target":["https:\/\/www.anovapeneira.gal\/index.php\/2025\/01\/08\/gonzalo-caballero-ex-secretario-xeral-do-psdeg\/"]}]},{"@type":"ImageObject","inLanguage":"gl-ES","@id":"https:\/\/www.anovapeneira.gal\/index.php\/2025\/01\/08\/gonzalo-caballero-ex-secretario-xeral-do-psdeg\/#primaryimage","url":"https:\/\/www.anovapeneira.gal\/wp-content\/uploads\/2025\/01\/gonzalo_caballerio.jpg","contentUrl":"https:\/\/www.anovapeneira.gal\/wp-content\/uploads\/2025\/01\/gonzalo_caballerio.jpg","width":720,"height":432,"caption":"Gonzalo Caballero"},{"@type":"BreadcrumbList","@id":"https:\/\/www.anovapeneira.gal\/index.php\/2025\/01\/08\/gonzalo-caballero-ex-secretario-xeral-do-psdeg\/#breadcrumb","itemListElement":[{"@type":"ListItem","position":1,"name":"Portada","item":"https:\/\/www.anovapeneira.gal\/"},{"@type":"ListItem","position":2,"name":"Gonzalo Caballero Ex Secretario Xeral do PSdeG"}]},{"@type":"WebSite","@id":"https:\/\/www.anovapeneira.gal\/#website","url":"https:\/\/www.anovapeneira.gal\/","name":"","description":"Xornal galego de informaci\u00f3n xeral Publicaci\u00f3n mensual de novas de Galicia e en especial dos Concellos da sur da provincia de Pontevedra.","publisher":{"@id":"https:\/\/www.anovapeneira.gal\/#organization"},"potentialAction":[{"@type":"SearchAction","target":{"@type":"EntryPoint","urlTemplate":"https:\/\/www.anovapeneira.gal\/?s={search_term_string}"},"query-input":{"@type":"PropertyValueSpecification","valueRequired":true,"valueName":"search_term_string"}}],"inLanguage":"gl-ES"},{"@type":"Organization","@id":"https:\/\/www.anovapeneira.gal\/#organization","name":"A Nova Peneira","url":"https:\/\/www.anovapeneira.gal\/","logo":{"@type":"ImageObject","inLanguage":"gl-ES","@id":"https:\/\/www.anovapeneira.gal\/#\/schema\/logo\/image\/","url":"http:\/\/www.anovapeneira.gal\/wp-content\/uploads\/2019\/06\/logo_a_nova_peneira_portal_web.png","contentUrl":"http:\/\/www.anovapeneira.gal\/wp-content\/uploads\/2019\/06\/logo_a_nova_peneira_portal_web.png","width":300,"height":100,"caption":"A Nova Peneira"},"image":{"@id":"https:\/\/www.anovapeneira.gal\/#\/schema\/logo\/image\/"},"sameAs":["https:\/\/www.facebook.com\/anovapeneira","https:\/\/x.com\/APeneira"]},{"@type":"Person","@id":"https:\/\/www.anovapeneira.gal\/#\/schema\/person\/b93e3f8932e3f8da96334607eb6ac6aa","name":"Redacci\u00f3n A Nova Peneira","image":{"@type":"ImageObject","inLanguage":"gl-ES","@id":"https:\/\/secure.gravatar.com\/avatar\/c052a2551a06e23fac63626232eaa90abd78dbcf1700fc46a2b2c89fd27b735f?s=96&d=mm&r=g","url":"https:\/\/secure.gravatar.com\/avatar\/c052a2551a06e23fac63626232eaa90abd78dbcf1700fc46a2b2c89fd27b735f?s=96&d=mm&r=g","contentUrl":"https:\/\/secure.gravatar.com\/avatar\/c052a2551a06e23fac63626232eaa90abd78dbcf1700fc46a2b2c89fd27b735f?s=96&d=mm&r=g","caption":"Redacci\u00f3n A Nova Peneira"},"sameAs":["http:\/\/www.anovapeneira.gal\/"],"url":"https:\/\/www.anovapeneira.gal\/index.php\/author\/redactor\/"}]}},"jetpack_featured_media_url":"https:\/\/www.anovapeneira.gal\/wp-content\/uploads\/2025\/01\/gonzalo_caballerio.jpg","_links":{"self":[{"href":"https:\/\/www.anovapeneira.gal\/index.php\/wp-json\/wp\/v2\/posts\/13064","targetHints":{"allow":["GET"]}}],"collection":[{"href":"https:\/\/www.anovapeneira.gal\/index.php\/wp-json\/wp\/v2\/posts"}],"about":[{"href":"https:\/\/www.anovapeneira.gal\/index.php\/wp-json\/wp\/v2\/types\/post"}],"author":[{"embeddable":true,"href":"https:\/\/www.anovapeneira.gal\/index.php\/wp-json\/wp\/v2\/users\/3"}],"replies":[{"embeddable":true,"href":"https:\/\/www.anovapeneira.gal\/index.php\/wp-json\/wp\/v2\/comments?post=13064"}],"version-history":[{"count":2,"href":"https:\/\/www.anovapeneira.gal\/index.php\/wp-json\/wp\/v2\/posts\/13064\/revisions"}],"predecessor-version":[{"id":13073,"href":"https:\/\/www.anovapeneira.gal\/index.php\/wp-json\/wp\/v2\/posts\/13064\/revisions\/13073"}],"wp:featuredmedia":[{"embeddable":true,"href":"https:\/\/www.anovapeneira.gal\/index.php\/wp-json\/wp\/v2\/media\/13065"}],"wp:attachment":[{"href":"https:\/\/www.anovapeneira.gal\/index.php\/wp-json\/wp\/v2\/media?parent=13064"}],"wp:term":[{"taxonomy":"category","embeddable":true,"href":"https:\/\/www.anovapeneira.gal\/index.php\/wp-json\/wp\/v2\/categories?post=13064"},{"taxonomy":"post_tag","embeddable":true,"href":"https:\/\/www.anovapeneira.gal\/index.php\/wp-json\/wp\/v2\/tags?post=13064"}],"curies":[{"name":"wp","href":"https:\/\/api.w.org\/{rel}","templated":true}]}}