{"id":1307,"date":"2019-09-23T14:00:10","date_gmt":"2019-09-23T12:00:10","guid":{"rendered":"http:\/\/www.anovapeneira.gal\/?p=1307"},"modified":"2019-09-22T19:26:31","modified_gmt":"2019-09-22T17:26:31","slug":"escola","status":"publish","type":"post","link":"https:\/\/www.anovapeneira.gal\/index.php\/2019\/09\/23\/escola\/","title":{"rendered":"Escola"},"content":{"rendered":"\n<figure class=\"wp-block-image is-resized\"><img loading=\"lazy\" decoding=\"async\" src=\"http:\/\/www.anovapeneira.gal\/wp-content\/uploads\/2019\/07\/angel_perez_a_nova_peneira.jpg\" alt=\"\u00c1ngel P\u00e9rez, profesor de filosof\u00eda A Nova Peneira\" class=\"wp-image-581\" width=\"95\" height=\"111\"\/><figcaption>\u00c1ngel P\u00e9rez, profesor de filosof\u00eda<\/figcaption><\/figure>\n\n\n\n<p>O inicio do curso escolar \u00e9 boa\nocasi\u00f3n para nos recordar o car\u00e1cter pol\u00edtico da escola. Do mesmo\nx\u00e9nero que o xudicial e o da prensa. Os tres son lugares para a\nliberdade e a verdade. Os xu\u00edces te\u00f1en que poder investigar\nlibremente e resolver conforme \u00e1 verdade dos feitos. Os feitos dos\nque informa a prensa, pola s\u00faa banda, te\u00f1en que ser establecidos\ncon probas contrastadas. E os contidos escolares deben basearse en\nfeitos obxectivos e responder a m\u00e1xima esixencia de rigor\nintelectual.<\/p>\n\n\n\n<p>Do car\u00e1cter cient\u00edfico dos contidos\ndas materias de ciencias, polo com\u00fan, non se dubida. No entanto,\nlembremos aqu\u00ed algunha excepci\u00f3n. A teor\u00eda da evoluci\u00f3n sigue\nespertando sospeitas en certos sectores de opini\u00f3n, ou, neste mesmo\ncampo das ciencias da natureza, as arduas controversias relativas ao\ncambio clim\u00e1tico. Malia que a maior parte dos especialistas o\nconsideran un feito obxectivo, poderosos grupos de opini\u00f3n negan esa\nobxectividade ou, se non a negan sen m\u00e1is, relativizan o seu efecto\nremitindo ao lector a esperanza de que, como xa sucedeu no pasado, a\nhumanidade desta vez volver\u00e1 a resolver a situaci\u00f3n. Estes grupos\nte\u00f1en, case est\u00e1 de m\u00e1is dicilo, unha forte presenza nas empresas\neditoriais dos libros e texto.<\/p>\n\n\n\n<p>Por\u00e9n, son os contidos das materias\nnon cient\u00edficas, as que se chaman de \u201cletras\u201d ou \u201chuman\u00edsticas\u201d\nas que directamente lle dan un car\u00e1cter pol\u00edtico \u00e1 escola. Os seus\ncontidos fixan a identidade nacional. Establecen os feitos sobre os\nque se constr\u00fae ese \u201cn\u00f3s os galegos\u201d ou \u201cn\u00f3s o que sexa\u201d.\nFeitos que deben ser admitidos por todos ou pola maior\u00eda e que,\nchegado o caso, deben servir para distinguir entre \u201cn\u00f3s os\ngalegos\u201d e \u201cv\u00f3s os portugueses\u201d, por exemplo.<\/p>\n\n\n\n<p>Agora ben, o xeito en que se establecen\nos feitos hist\u00f3ricos ten unha \u00edndole m\u00e1is problem\u00e1tica que os\nfeitos das ciencias naturais. Estas contan, digamos, coa\nimparcialidade do comportamento da Natureza. Se algo \u00e9 un feito\nnatural, ser\u00e1 igual nun lugar que no outro. Pero no caso dos feitos\nhist\u00f3ricos non contamos con ningunha imparcialidade dese tipo. No\nseu lugar debemos confiar na fiabilidade das testemu\u00f1as e dos\ndocumentos.<\/p>\n\n\n\n<p>Pois ben, \u00e9 a escola, son os docentes\nen xeral, os que deben garantir que eses feitos sexan obxectivos e\nque os documentos sexan fiables. Pero, contra este labor docente,\nocorre que a escola \u00e9 unha instituci\u00f3n pol\u00edtica nun segundo\nsentido. No sentido en que pol\u00edtico se define como de parte. De\nparte do goberno. En efecto, \u00e9 a instituci\u00f3n que ten o encargo de\nimpartir os contidos que o goberno establece. Os gobernos, por\u00e9n,\nnon soen desaproveitar a ocasi\u00f3n para elixir aqueles sucesos que\nfavorecen a opini\u00f3n na que se sustentan.<\/p>\n\n\n\n<p>Daquela, de aceptar os docentes uns\nfeitos falsos ou dubidosos, pasar\u00edan de ser peritos da verdade\nhist\u00f3rica a ser peritos de parte do goberno. Deixar\u00edan de ser\nfuncionarios p\u00fablicos para se converter en funcionarios do goberno.\nNeste caso, hoxe tan com\u00fan, a escola deixar\u00eda de ser p\u00fablica.\nVela\u00ed o perigo m\u00e1is frecuente de privatizaci\u00f3n da escola.<\/p>\n","protected":false},"excerpt":{"rendered":"<div class=\"mh-excerpt\"><p>O inicio do curso escolar \u00e9 boa ocasi\u00f3n para nos recordar o car\u00e1cter pol\u00edtico da escola. Do mesmo x\u00e9nero que o xudicial e o da prensa. Os tres son lugares para a liberdade e a <a class=\"mh-excerpt-more\" href=\"https:\/\/www.anovapeneira.gal\/index.php\/2019\/09\/23\/escola\/\" title=\"Escola\">[&#8230;]<\/a><\/p>\n<\/div>","protected":false},"author":8,"featured_media":584,"comment_status":"open","ping_status":"open","sticky":false,"template":"","format":"standard","meta":{"_exactmetrics_skip_tracking":false,"_exactmetrics_sitenote_active":false,"_exactmetrics_sitenote_note":"","_exactmetrics_sitenote_category":0,"footnotes":""},"categories":[7],"tags":[97,512,601,600],"class_list":{"0":"post-1307","1":"post","2":"type-post","3":"status-publish","4":"format-standard","5":"has-post-thumbnail","7":"category-artigos-de-opinion","8":"tag-educacion","9":"tag-ensino","10":"tag-ensino-publico","11":"tag-escola"},"yoast_head":"<!-- This site is optimized with the Yoast SEO plugin v27.4 - https:\/\/yoast.com\/product\/yoast-seo-wordpress\/ -->\n<title>Escola -<\/title>\n<meta name=\"robots\" content=\"index, follow, max-snippet:-1, max-image-preview:large, max-video-preview:-1\" \/>\n<link rel=\"canonical\" href=\"https:\/\/www.anovapeneira.gal\/index.php\/2019\/09\/23\/escola\/\" \/>\n<meta property=\"og:locale\" content=\"gl_ES\" \/>\n<meta property=\"og:type\" content=\"article\" \/>\n<meta property=\"og:title\" content=\"Escola -\" \/>\n<meta property=\"og:description\" content=\"O inicio do curso escolar \u00e9 boa ocasi\u00f3n para nos recordar o car\u00e1cter pol\u00edtico da escola. Do mesmo x\u00e9nero que o xudicial e o da prensa. Os tres son lugares para a liberdade e a [...]\" \/>\n<meta property=\"og:url\" content=\"https:\/\/www.anovapeneira.gal\/index.php\/2019\/09\/23\/escola\/\" \/>\n<meta property=\"article:publisher\" content=\"https:\/\/www.facebook.com\/anovapeneira\" \/>\n<meta property=\"article:published_time\" content=\"2019-09-23T12:00:10+00:00\" \/>\n<meta property=\"og:image\" content=\"https:\/\/www.anovapeneira.gal\/wp-content\/uploads\/2019\/07\/ARTIGO_DE_OPINION_A_NOVA_PENEIRA.jpg\" \/>\n\t<meta property=\"og:image:width\" content=\"720\" \/>\n\t<meta property=\"og:image:height\" content=\"473\" \/>\n\t<meta property=\"og:image:type\" content=\"image\/jpeg\" \/>\n<meta name=\"author\" content=\"\u00c1ngel P\u00e9rez\" \/>\n<meta name=\"twitter:card\" content=\"summary_large_image\" \/>\n<meta name=\"twitter:creator\" content=\"@APeneira\" \/>\n<meta name=\"twitter:site\" content=\"@APeneira\" \/>\n<meta name=\"twitter:label1\" content=\"Escrito por\" \/>\n\t<meta name=\"twitter:data1\" content=\"\u00c1ngel P\u00e9rez\" \/>\n\t<meta name=\"twitter:label2\" content=\"Tempo de lectura\" \/>\n\t<meta name=\"twitter:data2\" content=\"3 minutos\" \/>\n<script type=\"application\/ld+json\" class=\"yoast-schema-graph\">{\"@context\":\"https:\\\/\\\/schema.org\",\"@graph\":[{\"@type\":\"Article\",\"@id\":\"https:\\\/\\\/www.anovapeneira.gal\\\/index.php\\\/2019\\\/09\\\/23\\\/escola\\\/#article\",\"isPartOf\":{\"@id\":\"https:\\\/\\\/www.anovapeneira.gal\\\/index.php\\\/2019\\\/09\\\/23\\\/escola\\\/\"},\"author\":{\"name\":\"\u00c1ngel P\u00e9rez\",\"@id\":\"https:\\\/\\\/www.anovapeneira.gal\\\/#\\\/schema\\\/person\\\/543553d7ccdfab890794083490053806\"},\"headline\":\"Escola\",\"datePublished\":\"2019-09-23T12:00:10+00:00\",\"mainEntityOfPage\":{\"@id\":\"https:\\\/\\\/www.anovapeneira.gal\\\/index.php\\\/2019\\\/09\\\/23\\\/escola\\\/\"},\"wordCount\":551,\"commentCount\":0,\"publisher\":{\"@id\":\"https:\\\/\\\/www.anovapeneira.gal\\\/#organization\"},\"image\":{\"@id\":\"https:\\\/\\\/www.anovapeneira.gal\\\/index.php\\\/2019\\\/09\\\/23\\\/escola\\\/#primaryimage\"},\"thumbnailUrl\":\"https:\\\/\\\/www.anovapeneira.gal\\\/wp-content\\\/uploads\\\/2019\\\/07\\\/ARTIGO_DE_OPINION_A_NOVA_PENEIRA.jpg\",\"keywords\":[\"Educaci\u00f3n\",\"Ensino\",\"Ensino P\u00fablico\",\"Escola\"],\"articleSection\":[\"Artigos de opini\u00f3n\"],\"inLanguage\":\"gl-ES\",\"potentialAction\":[{\"@type\":\"CommentAction\",\"name\":\"Comment\",\"target\":[\"https:\\\/\\\/www.anovapeneira.gal\\\/index.php\\\/2019\\\/09\\\/23\\\/escola\\\/#respond\"]}]},{\"@type\":\"WebPage\",\"@id\":\"https:\\\/\\\/www.anovapeneira.gal\\\/index.php\\\/2019\\\/09\\\/23\\\/escola\\\/\",\"url\":\"https:\\\/\\\/www.anovapeneira.gal\\\/index.php\\\/2019\\\/09\\\/23\\\/escola\\\/\",\"name\":\"Escola -\",\"isPartOf\":{\"@id\":\"https:\\\/\\\/www.anovapeneira.gal\\\/#website\"},\"primaryImageOfPage\":{\"@id\":\"https:\\\/\\\/www.anovapeneira.gal\\\/index.php\\\/2019\\\/09\\\/23\\\/escola\\\/#primaryimage\"},\"image\":{\"@id\":\"https:\\\/\\\/www.anovapeneira.gal\\\/index.php\\\/2019\\\/09\\\/23\\\/escola\\\/#primaryimage\"},\"thumbnailUrl\":\"https:\\\/\\\/www.anovapeneira.gal\\\/wp-content\\\/uploads\\\/2019\\\/07\\\/ARTIGO_DE_OPINION_A_NOVA_PENEIRA.jpg\",\"datePublished\":\"2019-09-23T12:00:10+00:00\",\"breadcrumb\":{\"@id\":\"https:\\\/\\\/www.anovapeneira.gal\\\/index.php\\\/2019\\\/09\\\/23\\\/escola\\\/#breadcrumb\"},\"inLanguage\":\"gl-ES\",\"potentialAction\":[{\"@type\":\"ReadAction\",\"target\":[\"https:\\\/\\\/www.anovapeneira.gal\\\/index.php\\\/2019\\\/09\\\/23\\\/escola\\\/\"]}]},{\"@type\":\"ImageObject\",\"inLanguage\":\"gl-ES\",\"@id\":\"https:\\\/\\\/www.anovapeneira.gal\\\/index.php\\\/2019\\\/09\\\/23\\\/escola\\\/#primaryimage\",\"url\":\"https:\\\/\\\/www.anovapeneira.gal\\\/wp-content\\\/uploads\\\/2019\\\/07\\\/ARTIGO_DE_OPINION_A_NOVA_PENEIRA.jpg\",\"contentUrl\":\"https:\\\/\\\/www.anovapeneira.gal\\\/wp-content\\\/uploads\\\/2019\\\/07\\\/ARTIGO_DE_OPINION_A_NOVA_PENEIRA.jpg\",\"width\":720,\"height\":473,\"caption\":\"Artigo de opini\u00f3n A Nova Peneira\"},{\"@type\":\"BreadcrumbList\",\"@id\":\"https:\\\/\\\/www.anovapeneira.gal\\\/index.php\\\/2019\\\/09\\\/23\\\/escola\\\/#breadcrumb\",\"itemListElement\":[{\"@type\":\"ListItem\",\"position\":1,\"name\":\"Portada\",\"item\":\"https:\\\/\\\/www.anovapeneira.gal\\\/\"},{\"@type\":\"ListItem\",\"position\":2,\"name\":\"Escola\"}]},{\"@type\":\"WebSite\",\"@id\":\"https:\\\/\\\/www.anovapeneira.gal\\\/#website\",\"url\":\"https:\\\/\\\/www.anovapeneira.gal\\\/\",\"name\":\"\",\"description\":\"Xornal galego de informaci\u00f3n xeral Publicaci\u00f3n mensual de novas de Galicia e en especial dos Concellos da sur da provincia de Pontevedra.\",\"publisher\":{\"@id\":\"https:\\\/\\\/www.anovapeneira.gal\\\/#organization\"},\"potentialAction\":[{\"@type\":\"SearchAction\",\"target\":{\"@type\":\"EntryPoint\",\"urlTemplate\":\"https:\\\/\\\/www.anovapeneira.gal\\\/?s={search_term_string}\"},\"query-input\":{\"@type\":\"PropertyValueSpecification\",\"valueRequired\":true,\"valueName\":\"search_term_string\"}}],\"inLanguage\":\"gl-ES\"},{\"@type\":\"Organization\",\"@id\":\"https:\\\/\\\/www.anovapeneira.gal\\\/#organization\",\"name\":\"A Nova Peneira\",\"url\":\"https:\\\/\\\/www.anovapeneira.gal\\\/\",\"logo\":{\"@type\":\"ImageObject\",\"inLanguage\":\"gl-ES\",\"@id\":\"https:\\\/\\\/www.anovapeneira.gal\\\/#\\\/schema\\\/logo\\\/image\\\/\",\"url\":\"http:\\\/\\\/www.anovapeneira.gal\\\/wp-content\\\/uploads\\\/2019\\\/06\\\/logo_a_nova_peneira_portal_web.png\",\"contentUrl\":\"http:\\\/\\\/www.anovapeneira.gal\\\/wp-content\\\/uploads\\\/2019\\\/06\\\/logo_a_nova_peneira_portal_web.png\",\"width\":300,\"height\":100,\"caption\":\"A Nova Peneira\"},\"image\":{\"@id\":\"https:\\\/\\\/www.anovapeneira.gal\\\/#\\\/schema\\\/logo\\\/image\\\/\"},\"sameAs\":[\"https:\\\/\\\/www.facebook.com\\\/anovapeneira\",\"https:\\\/\\\/x.com\\\/APeneira\"]},{\"@type\":\"Person\",\"@id\":\"https:\\\/\\\/www.anovapeneira.gal\\\/#\\\/schema\\\/person\\\/543553d7ccdfab890794083490053806\",\"name\":\"\u00c1ngel P\u00e9rez\",\"image\":{\"@type\":\"ImageObject\",\"inLanguage\":\"gl-ES\",\"@id\":\"https:\\\/\\\/secure.gravatar.com\\\/avatar\\\/580aa75bf5ea9261cd7e71b846c610fba6fc0c56ca0d17410b6602d0ce085267?s=96&d=mm&r=g\",\"url\":\"https:\\\/\\\/secure.gravatar.com\\\/avatar\\\/580aa75bf5ea9261cd7e71b846c610fba6fc0c56ca0d17410b6602d0ce085267?s=96&d=mm&r=g\",\"contentUrl\":\"https:\\\/\\\/secure.gravatar.com\\\/avatar\\\/580aa75bf5ea9261cd7e71b846c610fba6fc0c56ca0d17410b6602d0ce085267?s=96&d=mm&r=g\",\"caption\":\"\u00c1ngel P\u00e9rez\"},\"sameAs\":[\"http:\\\/\\\/www.anovapeneira.gal\\\/\"],\"url\":\"https:\\\/\\\/www.anovapeneira.gal\\\/index.php\\\/author\\\/opinionangelperez\\\/\"}]}<\/script>\n<!-- \/ Yoast SEO plugin. -->","yoast_head_json":{"title":"Escola -","robots":{"index":"index","follow":"follow","max-snippet":"max-snippet:-1","max-image-preview":"max-image-preview:large","max-video-preview":"max-video-preview:-1"},"canonical":"https:\/\/www.anovapeneira.gal\/index.php\/2019\/09\/23\/escola\/","og_locale":"gl_ES","og_type":"article","og_title":"Escola -","og_description":"O inicio do curso escolar \u00e9 boa ocasi\u00f3n para nos recordar o car\u00e1cter pol\u00edtico da escola. Do mesmo x\u00e9nero que o xudicial e o da prensa. Os tres son lugares para a liberdade e a [...]","og_url":"https:\/\/www.anovapeneira.gal\/index.php\/2019\/09\/23\/escola\/","article_publisher":"https:\/\/www.facebook.com\/anovapeneira","article_published_time":"2019-09-23T12:00:10+00:00","og_image":[{"width":720,"height":473,"url":"https:\/\/www.anovapeneira.gal\/wp-content\/uploads\/2019\/07\/ARTIGO_DE_OPINION_A_NOVA_PENEIRA.jpg","type":"image\/jpeg"}],"author":"\u00c1ngel P\u00e9rez","twitter_card":"summary_large_image","twitter_creator":"@APeneira","twitter_site":"@APeneira","twitter_misc":{"Escrito por":"\u00c1ngel P\u00e9rez","Tempo de lectura":"3 minutos"},"schema":{"@context":"https:\/\/schema.org","@graph":[{"@type":"Article","@id":"https:\/\/www.anovapeneira.gal\/index.php\/2019\/09\/23\/escola\/#article","isPartOf":{"@id":"https:\/\/www.anovapeneira.gal\/index.php\/2019\/09\/23\/escola\/"},"author":{"name":"\u00c1ngel P\u00e9rez","@id":"https:\/\/www.anovapeneira.gal\/#\/schema\/person\/543553d7ccdfab890794083490053806"},"headline":"Escola","datePublished":"2019-09-23T12:00:10+00:00","mainEntityOfPage":{"@id":"https:\/\/www.anovapeneira.gal\/index.php\/2019\/09\/23\/escola\/"},"wordCount":551,"commentCount":0,"publisher":{"@id":"https:\/\/www.anovapeneira.gal\/#organization"},"image":{"@id":"https:\/\/www.anovapeneira.gal\/index.php\/2019\/09\/23\/escola\/#primaryimage"},"thumbnailUrl":"https:\/\/www.anovapeneira.gal\/wp-content\/uploads\/2019\/07\/ARTIGO_DE_OPINION_A_NOVA_PENEIRA.jpg","keywords":["Educaci\u00f3n","Ensino","Ensino P\u00fablico","Escola"],"articleSection":["Artigos de opini\u00f3n"],"inLanguage":"gl-ES","potentialAction":[{"@type":"CommentAction","name":"Comment","target":["https:\/\/www.anovapeneira.gal\/index.php\/2019\/09\/23\/escola\/#respond"]}]},{"@type":"WebPage","@id":"https:\/\/www.anovapeneira.gal\/index.php\/2019\/09\/23\/escola\/","url":"https:\/\/www.anovapeneira.gal\/index.php\/2019\/09\/23\/escola\/","name":"Escola -","isPartOf":{"@id":"https:\/\/www.anovapeneira.gal\/#website"},"primaryImageOfPage":{"@id":"https:\/\/www.anovapeneira.gal\/index.php\/2019\/09\/23\/escola\/#primaryimage"},"image":{"@id":"https:\/\/www.anovapeneira.gal\/index.php\/2019\/09\/23\/escola\/#primaryimage"},"thumbnailUrl":"https:\/\/www.anovapeneira.gal\/wp-content\/uploads\/2019\/07\/ARTIGO_DE_OPINION_A_NOVA_PENEIRA.jpg","datePublished":"2019-09-23T12:00:10+00:00","breadcrumb":{"@id":"https:\/\/www.anovapeneira.gal\/index.php\/2019\/09\/23\/escola\/#breadcrumb"},"inLanguage":"gl-ES","potentialAction":[{"@type":"ReadAction","target":["https:\/\/www.anovapeneira.gal\/index.php\/2019\/09\/23\/escola\/"]}]},{"@type":"ImageObject","inLanguage":"gl-ES","@id":"https:\/\/www.anovapeneira.gal\/index.php\/2019\/09\/23\/escola\/#primaryimage","url":"https:\/\/www.anovapeneira.gal\/wp-content\/uploads\/2019\/07\/ARTIGO_DE_OPINION_A_NOVA_PENEIRA.jpg","contentUrl":"https:\/\/www.anovapeneira.gal\/wp-content\/uploads\/2019\/07\/ARTIGO_DE_OPINION_A_NOVA_PENEIRA.jpg","width":720,"height":473,"caption":"Artigo de opini\u00f3n A Nova Peneira"},{"@type":"BreadcrumbList","@id":"https:\/\/www.anovapeneira.gal\/index.php\/2019\/09\/23\/escola\/#breadcrumb","itemListElement":[{"@type":"ListItem","position":1,"name":"Portada","item":"https:\/\/www.anovapeneira.gal\/"},{"@type":"ListItem","position":2,"name":"Escola"}]},{"@type":"WebSite","@id":"https:\/\/www.anovapeneira.gal\/#website","url":"https:\/\/www.anovapeneira.gal\/","name":"","description":"Xornal galego de informaci\u00f3n xeral Publicaci\u00f3n mensual de novas de Galicia e en especial dos Concellos da sur da provincia de Pontevedra.","publisher":{"@id":"https:\/\/www.anovapeneira.gal\/#organization"},"potentialAction":[{"@type":"SearchAction","target":{"@type":"EntryPoint","urlTemplate":"https:\/\/www.anovapeneira.gal\/?s={search_term_string}"},"query-input":{"@type":"PropertyValueSpecification","valueRequired":true,"valueName":"search_term_string"}}],"inLanguage":"gl-ES"},{"@type":"Organization","@id":"https:\/\/www.anovapeneira.gal\/#organization","name":"A Nova Peneira","url":"https:\/\/www.anovapeneira.gal\/","logo":{"@type":"ImageObject","inLanguage":"gl-ES","@id":"https:\/\/www.anovapeneira.gal\/#\/schema\/logo\/image\/","url":"http:\/\/www.anovapeneira.gal\/wp-content\/uploads\/2019\/06\/logo_a_nova_peneira_portal_web.png","contentUrl":"http:\/\/www.anovapeneira.gal\/wp-content\/uploads\/2019\/06\/logo_a_nova_peneira_portal_web.png","width":300,"height":100,"caption":"A Nova Peneira"},"image":{"@id":"https:\/\/www.anovapeneira.gal\/#\/schema\/logo\/image\/"},"sameAs":["https:\/\/www.facebook.com\/anovapeneira","https:\/\/x.com\/APeneira"]},{"@type":"Person","@id":"https:\/\/www.anovapeneira.gal\/#\/schema\/person\/543553d7ccdfab890794083490053806","name":"\u00c1ngel P\u00e9rez","image":{"@type":"ImageObject","inLanguage":"gl-ES","@id":"https:\/\/secure.gravatar.com\/avatar\/580aa75bf5ea9261cd7e71b846c610fba6fc0c56ca0d17410b6602d0ce085267?s=96&d=mm&r=g","url":"https:\/\/secure.gravatar.com\/avatar\/580aa75bf5ea9261cd7e71b846c610fba6fc0c56ca0d17410b6602d0ce085267?s=96&d=mm&r=g","contentUrl":"https:\/\/secure.gravatar.com\/avatar\/580aa75bf5ea9261cd7e71b846c610fba6fc0c56ca0d17410b6602d0ce085267?s=96&d=mm&r=g","caption":"\u00c1ngel P\u00e9rez"},"sameAs":["http:\/\/www.anovapeneira.gal\/"],"url":"https:\/\/www.anovapeneira.gal\/index.php\/author\/opinionangelperez\/"}]}},"jetpack_featured_media_url":"https:\/\/www.anovapeneira.gal\/wp-content\/uploads\/2019\/07\/ARTIGO_DE_OPINION_A_NOVA_PENEIRA.jpg","_links":{"self":[{"href":"https:\/\/www.anovapeneira.gal\/index.php\/wp-json\/wp\/v2\/posts\/1307","targetHints":{"allow":["GET"]}}],"collection":[{"href":"https:\/\/www.anovapeneira.gal\/index.php\/wp-json\/wp\/v2\/posts"}],"about":[{"href":"https:\/\/www.anovapeneira.gal\/index.php\/wp-json\/wp\/v2\/types\/post"}],"author":[{"embeddable":true,"href":"https:\/\/www.anovapeneira.gal\/index.php\/wp-json\/wp\/v2\/users\/8"}],"replies":[{"embeddable":true,"href":"https:\/\/www.anovapeneira.gal\/index.php\/wp-json\/wp\/v2\/comments?post=1307"}],"version-history":[{"count":1,"href":"https:\/\/www.anovapeneira.gal\/index.php\/wp-json\/wp\/v2\/posts\/1307\/revisions"}],"predecessor-version":[{"id":1308,"href":"https:\/\/www.anovapeneira.gal\/index.php\/wp-json\/wp\/v2\/posts\/1307\/revisions\/1308"}],"wp:featuredmedia":[{"embeddable":true,"href":"https:\/\/www.anovapeneira.gal\/index.php\/wp-json\/wp\/v2\/media\/584"}],"wp:attachment":[{"href":"https:\/\/www.anovapeneira.gal\/index.php\/wp-json\/wp\/v2\/media?parent=1307"}],"wp:term":[{"taxonomy":"category","embeddable":true,"href":"https:\/\/www.anovapeneira.gal\/index.php\/wp-json\/wp\/v2\/categories?post=1307"},{"taxonomy":"post_tag","embeddable":true,"href":"https:\/\/www.anovapeneira.gal\/index.php\/wp-json\/wp\/v2\/tags?post=1307"}],"curies":[{"name":"wp","href":"https:\/\/api.w.org\/{rel}","templated":true}]}}