{"id":13070,"date":"2025-01-09T12:00:41","date_gmt":"2025-01-09T11:00:41","guid":{"rendered":"https:\/\/www.anovapeneira.gal\/?p=13070"},"modified":"2025-01-07T11:32:08","modified_gmt":"2025-01-07T10:32:08","slug":"via-galega-unha-plataforma-da-sociedade-civil-en-defensa-dos-dereitos-da-nacion-galega","status":"publish","type":"post","link":"https:\/\/www.anovapeneira.gal\/index.php\/2025\/01\/09\/via-galega-unha-plataforma-da-sociedade-civil-en-defensa-dos-dereitos-da-nacion-galega\/","title":{"rendered":"V\u00eda Galega, unha plataforma da sociedade civil en defensa dos dereitos da naci\u00f3n galega"},"content":{"rendered":"\n<p><strong>Neste medio de comunicaci\u00f3n temos defendido en innumerables ocasi\u00f3ns que a forza imparable da sociedade civil organizada \u00e9 o \u00fanico cami\u00f1o para afrontar con algunha garant\u00eda de \u00e9xito as enormes dificultades \u00e1s que se enfrontan as maior\u00edas sociais para poder vivir con dignidade,e para poderse defender dos abusos das elites econ\u00f3micas. Dificultades que nun pa\u00eds colonizado como o noso sempre son substancialmente maiores. Xa que logo desde ANP sa\u00fadamos con simpat\u00eda a calquera colectivo de persoas que se organice para a defensa do ben com\u00fan, e se o motivo que inspira o nacemento dese colectivo \u00e9 a defensa dos dereitos nacionais de Galicia a nosa simpat\u00eda se multiplica ata o infinito. Conversamos con Adri\u00e1n Rodr\u00edguez Bravo, responsable nacional de finanzas de V\u00eda Galega, para co\u00f1ecer o seu funcionamento, organizaci\u00f3n e o tipo de campa\u00f1as que desenvolven. Vela\u00ed vai o que deu de si a nosa conversa cun home novo en idade pero cunha ampla experiencia no activismo social.<\/strong><\/p>\n\n\n\n<p><strong>Adri\u00e1n Rodr\u00edguez, responsable de finanzas.<\/strong><\/p>\n\n\n\n<h2 class=\"wp-block-heading\">\u201c <strong>V\u00eda Galega \u00e9 necesaria para combater as pol\u00edticas de dependencia colonial das que \u00e9 v\u00edtima o noso pa\u00eds\u201d<\/strong><\/h2>\n\n\n\n<p><strong>Que \u00e9 V\u00eda Galega? Cando nace e por que?<\/strong><\/p>\n\n\n\n<blockquote class=\"wp-block-quote is-layout-flow wp-block-quote-is-layout-flow\">\n<p>\u00c9 unha plataforma social en defensa dos dereitos nacionais da Galiza. Nace no 2016.V\u00eda Galega aglutina a m\u00e1is de 50 asociaci\u00f3ns e colectivos de todo o pa\u00eds e conta con arredor de 2.500 adhesi\u00f3ns de persoas a t\u00edtulo individual.<\/p>\n<\/blockquote>\n\n\n\n<p><strong>Que \u00e9 o que facedes en concreto?<\/strong><\/p>\n\n\n\n<blockquote class=\"wp-block-quote is-layout-flow wp-block-quote-is-layout-flow\">\n<p>Ao longo de todos estes anos temos desenvolto m\u00faltiples actos e campa\u00f1as, entre outras cousas para reivindicar efem\u00e9rides que por parte das administraci\u00f3ns p\u00fablicas est\u00e1n esquecidas, e tam\u00e9n campa\u00f1as reivindicativas como a do dereito \u00e1 autodeterminaci\u00f3n ou a do dereito a termos selecci\u00f3ns deportivas galegas<\/p>\n<\/blockquote>\n\n\n\n<p><strong>Ponme alg\u00fan exemplo concreto?<\/strong><\/p>\n\n\n\n<blockquote class=\"wp-block-quote is-layout-flow wp-block-quote-is-layout-flow\">\n<p>Os m\u00e1rtires de Carral, ou como vimos de facer o 20 de decembro nas 7 cidades do pa\u00eds a conmemoraci\u00f3n do aniversario da primeira vez que soou o himno galego no grande teatro de A Habana, a celebraci\u00f3n do aniversario da primeira Asemblea Nacionalista das Irmandades da Fala en Lugo, ou termos desenvolto actos simult\u00e1neos en m\u00e1is de 250 puntos do pa\u00eds de colocaci\u00f3n ou extensi\u00f3n de bandeiras galegas&#8230;<\/p>\n<\/blockquote>\n\n\n\n<p><strong>Para facer actos simult\u00e1neos en 250 sitios c\u00f3mpre ter un elevado corpo militante<\/strong><\/p>\n\n\n\n<blockquote class=\"wp-block-quote is-layout-flow wp-block-quote-is-layout-flow\">\n<p>Como antes che mencionei, Via Galega conta con m\u00e1is de 2.500 persoas adheridas. E como \u00e9 p\u00fablico \u00e9 notorio o nacionalismo galego conta cunha importante penetraci\u00f3n social neste pa\u00eds.<\/p>\n<\/blockquote>\n\n\n\n<p><strong>Por que \u00e9 necesaria V\u00eda Galega?<\/strong><\/p>\n\n\n\n<blockquote class=\"wp-block-quote is-layout-flow wp-block-quote-is-layout-flow\">\n<p>Para combater as pol\u00edticas de dependencia colonial das que \u00e9 v\u00edtima o noso pa\u00eds. Galiza \u00e9 un pa\u00eds con enormes potencialidades e V\u00eda Galega non se vai resignar a un escenario no que sexamos un pa\u00eds colonizado no que os nosos recursos sexan explotados por outros, e que o noso futuro se basee en recibir turismo de maneira masiva. V\u00eda Galega reivindica o que fomos, o que somos e o que queremos ser.<\/p>\n<\/blockquote>\n\n\n\n<p><strong>Como \u00e9 a organizaci\u00f3n interna de V\u00eda Galega?<\/strong><\/p>\n\n\n\n<blockquote class=\"wp-block-quote is-layout-flow wp-block-quote-is-layout-flow\">\n<p>Estamos organizados nas diferentes comarcas do pa\u00eds. As asembleas comarcais desenv\u00f3lvense de maneira peri\u00f3dica. E temos unha coordinadora nacional na que 3 persoas diferentes exercen a portavoc\u00eda: Anxo Louzao, Mar\u00eda Xos\u00e9 Bravo e Bruno L\u00f3pez. E logo na coordinadora hai outras responsabilidades as\u00ed por exemplo eu mesmo son o responsable de finanzas.<\/p>\n<\/blockquote>\n\n\n\n<p><strong>Como se escolle a direcci\u00f3n nacional?<\/strong><\/p>\n\n\n\n<blockquote class=\"wp-block-quote is-layout-flow wp-block-quote-is-layout-flow\">\n<p>A trav\u00e9s do plenario. Cada ano facemos en Santiago un plenario nacional de todas as asociaci\u00f3ns e colectivos que forman parte de V\u00eda Galega.<\/p>\n<\/blockquote>\n\n\n\n<p><strong>Ti, como responsable nacional de finanzas, supo\u00f1o que poder\u00e1s responder \u00e1 seguinte pregunta: Como vos financiades?<\/strong><\/p>\n\n\n\n<blockquote class=\"wp-block-quote is-layout-flow wp-block-quote-is-layout-flow\">\n<p>Ha, ha, ha, ha&#8230; O financiamento ven fundamentalmente polas cotas que pagan as asociaci\u00f3ns que constit\u00faen V\u00eda Galega, e tam\u00e9n optamos a algunha subvenci\u00f3n.<\/p>\n<\/blockquote>\n\n\n\n<p><strong>Chega?<\/strong><\/p>\n\n\n\n<blockquote class=\"wp-block-quote is-layout-flow wp-block-quote-is-layout-flow\">\n<p>Chega para facer as actividades que facemos.<\/p>\n<\/blockquote>\n\n\n\n<p><strong>Que receptividade atopades na sociedade galega cando facedes alg\u00fan tipo de acto ou campa\u00f1a?<\/strong><\/p>\n\n\n\n<blockquote class=\"wp-block-quote is-layout-flow wp-block-quote-is-layout-flow\">\n<p>A receptividade \u00e9 moi boa. Por exemplo cando a selecci\u00f3n galega de f\u00fatbol masculino xogou o \u00faltimo partido en Vigo, fixemos un intenso traballo previo, reivindicando que non s\u00f3 queremos xogar partidos amigables sen\u00f3n tam\u00e9n participar coas nosas propias selecci\u00f3ns en torneos oficiais, e as sensaci\u00f3ns que pulsamos, tanto neses momentos previos, como no propio estadio de Bala\u00eddos foron absolutamente positivas. Por outra parte hai campa\u00f1as nas que repartimos milleiros de folletos informativos polas r\u00faas e a reacci\u00f3n abafadora da xente \u00e9 a simpat\u00eda, e desde logo hai unha total ausencia de hostilidade.<\/p>\n<\/blockquote>\n\n\n\n<blockquote class=\"wp-block-quote is-layout-flow wp-block-quote-is-layout-flow\">\n<p>Temos a convicci\u00f3n colectiva, e eu mesmo te\u00f1o a convicci\u00f3n persoal, de que hai unha parte maioritaria do pobo galego que se sente pobo galego a\u00ednda que non se sinta nacionalista. V\u00eda galega quere ser a plataforma para canalizar ese inmenso caudal de sentimento de amor por Galiza que existe na sociedade galega.<\/p>\n<\/blockquote>\n\n\n\n<p><strong>O voso traballo chega a todo tipo de segmentos sociais, ou s\u00f3 aos que xa est\u00e1n previamente situados no espazo do nacionalismo galego?<\/strong><\/p>\n\n\n\n<blockquote class=\"wp-block-quote is-layout-flow wp-block-quote-is-layout-flow\">\n<p>Inicialmente, como calquera colectivo, chegamos aos segmentos que poden sentir simpat\u00eda previa polo que n\u00f3s defendemos. Pero a nosa intenci\u00f3n e o noso traballo van dirixidos a tratar de conquistar os coraz\u00f3ns da parte da sociedade que a\u00ednda non viu a necesidade de que sexa o propio pobo galego o que xestione os intereses do pobo galego e o que decida cal vai ser o seu cami\u00f1o.<\/p>\n<\/blockquote>\n\n\n\n<p><strong>E a mocidade?<\/strong><\/p>\n\n\n\n<blockquote class=\"wp-block-quote is-layout-flow wp-block-quote-is-layout-flow\">\n<p>\u00c9 un p\u00fablico no que estamos moi interesados. N\u00f3s facemos numerosas campa\u00f1as nas Universidades Galegas, e realizamos un traballo moi intenso nas redes sociais.<\/p>\n<\/blockquote>\n\n\n\n<p><strong>Na campa\u00f1a que fixestes polas selecci\u00f3ns nacionais participaron deportistas galegos de primeiro nivel: Alba Cuba, Fernando V\u00e1zquez, \u00c1lvaro Pino&#8230; Por que ning\u00fan xogador galego do Celta?<\/strong><\/p>\n\n\n\n<blockquote class=\"wp-block-quote is-layout-flow wp-block-quote-is-layout-flow\">\n<p>Ben, digamos que para poder obter declaraci\u00f3ns dos xogadores do Celta, ten que haber unha autorizaci\u00f3n previa por parte do club.<\/p>\n<\/blockquote>\n\n\n\n<p><strong>Non a pedistes ou non vola quixeron dar?<\/strong><\/p>\n\n\n\n<blockquote class=\"wp-block-quote is-layout-flow wp-block-quote-is-layout-flow\">\n<p>Non a pedimos porque,francamente non ti\u00f1amos moitas expectativas de \u00e9xito.<\/p>\n<\/blockquote>\n\n\n\n<p><strong>V\u00eda Galega veu para quedarse?<\/strong><\/p>\n\n\n\n<blockquote class=\"wp-block-quote is-layout-flow wp-block-quote-is-layout-flow\">\n<p>Si, radicalmente si. Sen ning\u00fan tipo de d\u00fabida si. V\u00eda Galega vai seguir existindo ata que careza de sentido a s\u00faa existencia, que ser\u00e1 cando academos a liberaci\u00f3n nacional e social do noso pobo.<\/p>\n<\/blockquote>\n","protected":false},"excerpt":{"rendered":"<div class=\"mh-excerpt\"><p>Neste medio de comunicaci\u00f3n temos defendido en innumerables ocasi\u00f3ns que a forza imparable da sociedade civil organizada \u00e9 o \u00fanico cami\u00f1o para afrontar con algunha garant\u00eda de \u00e9xito as enormes dificultades \u00e1s que se enfrontan <a class=\"mh-excerpt-more\" href=\"https:\/\/www.anovapeneira.gal\/index.php\/2025\/01\/09\/via-galega-unha-plataforma-da-sociedade-civil-en-defensa-dos-dereitos-da-nacion-galega\/\" title=\"V\u00eda Galega, unha plataforma da sociedade civil en defensa dos dereitos da naci\u00f3n galega\">[&#8230;]<\/a><\/p>\n<\/div>","protected":false},"author":3,"featured_media":13071,"comment_status":"open","ping_status":"open","sticky":false,"template":"","format":"standard","meta":{"_exactmetrics_skip_tracking":false,"_exactmetrics_sitenote_active":false,"_exactmetrics_sitenote_note":"","_exactmetrics_sitenote_category":0,"footnotes":""},"categories":[264],"tags":[1443],"class_list":{"0":"post-13070","1":"post","2":"type-post","3":"status-publish","4":"format-standard","5":"has-post-thumbnail","7":"category-entrevistas-galicia","8":"tag-via-galega"},"yoast_head":"<!-- This site is optimized with the Yoast SEO plugin v27.4 - https:\/\/yoast.com\/product\/yoast-seo-wordpress\/ -->\n<title>V\u00eda Galega, unha plataforma da sociedade civil en defensa dos dereitos da naci\u00f3n galega -<\/title>\n<meta name=\"robots\" content=\"index, follow, max-snippet:-1, max-image-preview:large, max-video-preview:-1\" \/>\n<link rel=\"canonical\" href=\"https:\/\/www.anovapeneira.gal\/index.php\/2025\/01\/09\/via-galega-unha-plataforma-da-sociedade-civil-en-defensa-dos-dereitos-da-nacion-galega\/\" \/>\n<meta property=\"og:locale\" content=\"gl_ES\" \/>\n<meta property=\"og:type\" content=\"article\" \/>\n<meta property=\"og:title\" content=\"V\u00eda Galega, unha plataforma da sociedade civil en defensa dos dereitos da naci\u00f3n galega -\" \/>\n<meta property=\"og:description\" content=\"Neste medio de comunicaci\u00f3n temos defendido en innumerables ocasi\u00f3ns que a forza imparable da sociedade civil organizada \u00e9 o \u00fanico cami\u00f1o para afrontar con algunha garant\u00eda de \u00e9xito as enormes dificultades \u00e1s que se enfrontan [...]\" \/>\n<meta property=\"og:url\" content=\"https:\/\/www.anovapeneira.gal\/index.php\/2025\/01\/09\/via-galega-unha-plataforma-da-sociedade-civil-en-defensa-dos-dereitos-da-nacion-galega\/\" \/>\n<meta property=\"article:publisher\" content=\"https:\/\/www.facebook.com\/anovapeneira\" \/>\n<meta property=\"article:published_time\" content=\"2025-01-09T11:00:41+00:00\" \/>\n<meta property=\"og:image\" content=\"https:\/\/www.anovapeneira.gal\/wp-content\/uploads\/2025\/01\/adrian_rodriguez_via_galega.jpg\" \/>\n\t<meta property=\"og:image:width\" content=\"720\" \/>\n\t<meta property=\"og:image:height\" content=\"432\" \/>\n\t<meta property=\"og:image:type\" content=\"image\/jpeg\" \/>\n<meta name=\"author\" content=\"Redacci\u00f3n A Nova Peneira\" \/>\n<meta name=\"twitter:card\" content=\"summary_large_image\" \/>\n<meta name=\"twitter:creator\" content=\"@APeneira\" \/>\n<meta name=\"twitter:site\" content=\"@APeneira\" \/>\n<meta name=\"twitter:label1\" content=\"Escrito por\" \/>\n\t<meta name=\"twitter:data1\" content=\"Redacci\u00f3n A Nova Peneira\" \/>\n\t<meta name=\"twitter:label2\" content=\"Tempo de lectura\" \/>\n\t<meta name=\"twitter:data2\" content=\"3 minutos\" \/>\n<script type=\"application\/ld+json\" class=\"yoast-schema-graph\">{\"@context\":\"https:\\\/\\\/schema.org\",\"@graph\":[{\"@type\":\"Article\",\"@id\":\"https:\\\/\\\/www.anovapeneira.gal\\\/index.php\\\/2025\\\/01\\\/09\\\/via-galega-unha-plataforma-da-sociedade-civil-en-defensa-dos-dereitos-da-nacion-galega\\\/#article\",\"isPartOf\":{\"@id\":\"https:\\\/\\\/www.anovapeneira.gal\\\/index.php\\\/2025\\\/01\\\/09\\\/via-galega-unha-plataforma-da-sociedade-civil-en-defensa-dos-dereitos-da-nacion-galega\\\/\"},\"author\":{\"name\":\"Redacci\u00f3n A Nova Peneira\",\"@id\":\"https:\\\/\\\/www.anovapeneira.gal\\\/#\\\/schema\\\/person\\\/b93e3f8932e3f8da96334607eb6ac6aa\"},\"headline\":\"V\u00eda Galega, unha plataforma da sociedade civil en defensa dos dereitos da naci\u00f3n galega\",\"datePublished\":\"2025-01-09T11:00:41+00:00\",\"mainEntityOfPage\":{\"@id\":\"https:\\\/\\\/www.anovapeneira.gal\\\/index.php\\\/2025\\\/01\\\/09\\\/via-galega-unha-plataforma-da-sociedade-civil-en-defensa-dos-dereitos-da-nacion-galega\\\/\"},\"wordCount\":1110,\"commentCount\":0,\"publisher\":{\"@id\":\"https:\\\/\\\/www.anovapeneira.gal\\\/#organization\"},\"image\":{\"@id\":\"https:\\\/\\\/www.anovapeneira.gal\\\/index.php\\\/2025\\\/01\\\/09\\\/via-galega-unha-plataforma-da-sociedade-civil-en-defensa-dos-dereitos-da-nacion-galega\\\/#primaryimage\"},\"thumbnailUrl\":\"https:\\\/\\\/www.anovapeneira.gal\\\/wp-content\\\/uploads\\\/2025\\\/01\\\/adrian_rodriguez_via_galega.jpg\",\"keywords\":[\"V\u00eda Galega\"],\"articleSection\":[\"Entrevistas\"],\"inLanguage\":\"gl-ES\",\"potentialAction\":[{\"@type\":\"CommentAction\",\"name\":\"Comment\",\"target\":[\"https:\\\/\\\/www.anovapeneira.gal\\\/index.php\\\/2025\\\/01\\\/09\\\/via-galega-unha-plataforma-da-sociedade-civil-en-defensa-dos-dereitos-da-nacion-galega\\\/#respond\"]}]},{\"@type\":\"WebPage\",\"@id\":\"https:\\\/\\\/www.anovapeneira.gal\\\/index.php\\\/2025\\\/01\\\/09\\\/via-galega-unha-plataforma-da-sociedade-civil-en-defensa-dos-dereitos-da-nacion-galega\\\/\",\"url\":\"https:\\\/\\\/www.anovapeneira.gal\\\/index.php\\\/2025\\\/01\\\/09\\\/via-galega-unha-plataforma-da-sociedade-civil-en-defensa-dos-dereitos-da-nacion-galega\\\/\",\"name\":\"V\u00eda Galega, unha plataforma da sociedade civil en defensa dos dereitos da naci\u00f3n galega -\",\"isPartOf\":{\"@id\":\"https:\\\/\\\/www.anovapeneira.gal\\\/#website\"},\"primaryImageOfPage\":{\"@id\":\"https:\\\/\\\/www.anovapeneira.gal\\\/index.php\\\/2025\\\/01\\\/09\\\/via-galega-unha-plataforma-da-sociedade-civil-en-defensa-dos-dereitos-da-nacion-galega\\\/#primaryimage\"},\"image\":{\"@id\":\"https:\\\/\\\/www.anovapeneira.gal\\\/index.php\\\/2025\\\/01\\\/09\\\/via-galega-unha-plataforma-da-sociedade-civil-en-defensa-dos-dereitos-da-nacion-galega\\\/#primaryimage\"},\"thumbnailUrl\":\"https:\\\/\\\/www.anovapeneira.gal\\\/wp-content\\\/uploads\\\/2025\\\/01\\\/adrian_rodriguez_via_galega.jpg\",\"datePublished\":\"2025-01-09T11:00:41+00:00\",\"breadcrumb\":{\"@id\":\"https:\\\/\\\/www.anovapeneira.gal\\\/index.php\\\/2025\\\/01\\\/09\\\/via-galega-unha-plataforma-da-sociedade-civil-en-defensa-dos-dereitos-da-nacion-galega\\\/#breadcrumb\"},\"inLanguage\":\"gl-ES\",\"potentialAction\":[{\"@type\":\"ReadAction\",\"target\":[\"https:\\\/\\\/www.anovapeneira.gal\\\/index.php\\\/2025\\\/01\\\/09\\\/via-galega-unha-plataforma-da-sociedade-civil-en-defensa-dos-dereitos-da-nacion-galega\\\/\"]}]},{\"@type\":\"ImageObject\",\"inLanguage\":\"gl-ES\",\"@id\":\"https:\\\/\\\/www.anovapeneira.gal\\\/index.php\\\/2025\\\/01\\\/09\\\/via-galega-unha-plataforma-da-sociedade-civil-en-defensa-dos-dereitos-da-nacion-galega\\\/#primaryimage\",\"url\":\"https:\\\/\\\/www.anovapeneira.gal\\\/wp-content\\\/uploads\\\/2025\\\/01\\\/adrian_rodriguez_via_galega.jpg\",\"contentUrl\":\"https:\\\/\\\/www.anovapeneira.gal\\\/wp-content\\\/uploads\\\/2025\\\/01\\\/adrian_rodriguez_via_galega.jpg\",\"width\":720,\"height\":432,\"caption\":\"V\u00eda Galega, Adri\u00e1n Rodr\u00edguez\"},{\"@type\":\"BreadcrumbList\",\"@id\":\"https:\\\/\\\/www.anovapeneira.gal\\\/index.php\\\/2025\\\/01\\\/09\\\/via-galega-unha-plataforma-da-sociedade-civil-en-defensa-dos-dereitos-da-nacion-galega\\\/#breadcrumb\",\"itemListElement\":[{\"@type\":\"ListItem\",\"position\":1,\"name\":\"Portada\",\"item\":\"https:\\\/\\\/www.anovapeneira.gal\\\/\"},{\"@type\":\"ListItem\",\"position\":2,\"name\":\"V\u00eda Galega, unha plataforma da sociedade civil en defensa dos dereitos da naci\u00f3n galega\"}]},{\"@type\":\"WebSite\",\"@id\":\"https:\\\/\\\/www.anovapeneira.gal\\\/#website\",\"url\":\"https:\\\/\\\/www.anovapeneira.gal\\\/\",\"name\":\"\",\"description\":\"Xornal galego de informaci\u00f3n xeral Publicaci\u00f3n mensual de novas de Galicia e en especial dos Concellos da sur da provincia de Pontevedra.\",\"publisher\":{\"@id\":\"https:\\\/\\\/www.anovapeneira.gal\\\/#organization\"},\"potentialAction\":[{\"@type\":\"SearchAction\",\"target\":{\"@type\":\"EntryPoint\",\"urlTemplate\":\"https:\\\/\\\/www.anovapeneira.gal\\\/?s={search_term_string}\"},\"query-input\":{\"@type\":\"PropertyValueSpecification\",\"valueRequired\":true,\"valueName\":\"search_term_string\"}}],\"inLanguage\":\"gl-ES\"},{\"@type\":\"Organization\",\"@id\":\"https:\\\/\\\/www.anovapeneira.gal\\\/#organization\",\"name\":\"A Nova Peneira\",\"url\":\"https:\\\/\\\/www.anovapeneira.gal\\\/\",\"logo\":{\"@type\":\"ImageObject\",\"inLanguage\":\"gl-ES\",\"@id\":\"https:\\\/\\\/www.anovapeneira.gal\\\/#\\\/schema\\\/logo\\\/image\\\/\",\"url\":\"http:\\\/\\\/www.anovapeneira.gal\\\/wp-content\\\/uploads\\\/2019\\\/06\\\/logo_a_nova_peneira_portal_web.png\",\"contentUrl\":\"http:\\\/\\\/www.anovapeneira.gal\\\/wp-content\\\/uploads\\\/2019\\\/06\\\/logo_a_nova_peneira_portal_web.png\",\"width\":300,\"height\":100,\"caption\":\"A Nova Peneira\"},\"image\":{\"@id\":\"https:\\\/\\\/www.anovapeneira.gal\\\/#\\\/schema\\\/logo\\\/image\\\/\"},\"sameAs\":[\"https:\\\/\\\/www.facebook.com\\\/anovapeneira\",\"https:\\\/\\\/x.com\\\/APeneira\"]},{\"@type\":\"Person\",\"@id\":\"https:\\\/\\\/www.anovapeneira.gal\\\/#\\\/schema\\\/person\\\/b93e3f8932e3f8da96334607eb6ac6aa\",\"name\":\"Redacci\u00f3n A Nova Peneira\",\"image\":{\"@type\":\"ImageObject\",\"inLanguage\":\"gl-ES\",\"@id\":\"https:\\\/\\\/secure.gravatar.com\\\/avatar\\\/c052a2551a06e23fac63626232eaa90abd78dbcf1700fc46a2b2c89fd27b735f?s=96&d=mm&r=g\",\"url\":\"https:\\\/\\\/secure.gravatar.com\\\/avatar\\\/c052a2551a06e23fac63626232eaa90abd78dbcf1700fc46a2b2c89fd27b735f?s=96&d=mm&r=g\",\"contentUrl\":\"https:\\\/\\\/secure.gravatar.com\\\/avatar\\\/c052a2551a06e23fac63626232eaa90abd78dbcf1700fc46a2b2c89fd27b735f?s=96&d=mm&r=g\",\"caption\":\"Redacci\u00f3n A Nova Peneira\"},\"sameAs\":[\"http:\\\/\\\/www.anovapeneira.gal\\\/\"],\"url\":\"https:\\\/\\\/www.anovapeneira.gal\\\/index.php\\\/author\\\/redactor\\\/\"}]}<\/script>\n<!-- \/ Yoast SEO plugin. -->","yoast_head_json":{"title":"V\u00eda Galega, unha plataforma da sociedade civil en defensa dos dereitos da naci\u00f3n galega -","robots":{"index":"index","follow":"follow","max-snippet":"max-snippet:-1","max-image-preview":"max-image-preview:large","max-video-preview":"max-video-preview:-1"},"canonical":"https:\/\/www.anovapeneira.gal\/index.php\/2025\/01\/09\/via-galega-unha-plataforma-da-sociedade-civil-en-defensa-dos-dereitos-da-nacion-galega\/","og_locale":"gl_ES","og_type":"article","og_title":"V\u00eda Galega, unha plataforma da sociedade civil en defensa dos dereitos da naci\u00f3n galega -","og_description":"Neste medio de comunicaci\u00f3n temos defendido en innumerables ocasi\u00f3ns que a forza imparable da sociedade civil organizada \u00e9 o \u00fanico cami\u00f1o para afrontar con algunha garant\u00eda de \u00e9xito as enormes dificultades \u00e1s que se enfrontan [...]","og_url":"https:\/\/www.anovapeneira.gal\/index.php\/2025\/01\/09\/via-galega-unha-plataforma-da-sociedade-civil-en-defensa-dos-dereitos-da-nacion-galega\/","article_publisher":"https:\/\/www.facebook.com\/anovapeneira","article_published_time":"2025-01-09T11:00:41+00:00","og_image":[{"width":720,"height":432,"url":"https:\/\/www.anovapeneira.gal\/wp-content\/uploads\/2025\/01\/adrian_rodriguez_via_galega.jpg","type":"image\/jpeg"}],"author":"Redacci\u00f3n A Nova Peneira","twitter_card":"summary_large_image","twitter_creator":"@APeneira","twitter_site":"@APeneira","twitter_misc":{"Escrito por":"Redacci\u00f3n A Nova Peneira","Tempo de lectura":"3 minutos"},"schema":{"@context":"https:\/\/schema.org","@graph":[{"@type":"Article","@id":"https:\/\/www.anovapeneira.gal\/index.php\/2025\/01\/09\/via-galega-unha-plataforma-da-sociedade-civil-en-defensa-dos-dereitos-da-nacion-galega\/#article","isPartOf":{"@id":"https:\/\/www.anovapeneira.gal\/index.php\/2025\/01\/09\/via-galega-unha-plataforma-da-sociedade-civil-en-defensa-dos-dereitos-da-nacion-galega\/"},"author":{"name":"Redacci\u00f3n A Nova Peneira","@id":"https:\/\/www.anovapeneira.gal\/#\/schema\/person\/b93e3f8932e3f8da96334607eb6ac6aa"},"headline":"V\u00eda Galega, unha plataforma da sociedade civil en defensa dos dereitos da naci\u00f3n galega","datePublished":"2025-01-09T11:00:41+00:00","mainEntityOfPage":{"@id":"https:\/\/www.anovapeneira.gal\/index.php\/2025\/01\/09\/via-galega-unha-plataforma-da-sociedade-civil-en-defensa-dos-dereitos-da-nacion-galega\/"},"wordCount":1110,"commentCount":0,"publisher":{"@id":"https:\/\/www.anovapeneira.gal\/#organization"},"image":{"@id":"https:\/\/www.anovapeneira.gal\/index.php\/2025\/01\/09\/via-galega-unha-plataforma-da-sociedade-civil-en-defensa-dos-dereitos-da-nacion-galega\/#primaryimage"},"thumbnailUrl":"https:\/\/www.anovapeneira.gal\/wp-content\/uploads\/2025\/01\/adrian_rodriguez_via_galega.jpg","keywords":["V\u00eda Galega"],"articleSection":["Entrevistas"],"inLanguage":"gl-ES","potentialAction":[{"@type":"CommentAction","name":"Comment","target":["https:\/\/www.anovapeneira.gal\/index.php\/2025\/01\/09\/via-galega-unha-plataforma-da-sociedade-civil-en-defensa-dos-dereitos-da-nacion-galega\/#respond"]}]},{"@type":"WebPage","@id":"https:\/\/www.anovapeneira.gal\/index.php\/2025\/01\/09\/via-galega-unha-plataforma-da-sociedade-civil-en-defensa-dos-dereitos-da-nacion-galega\/","url":"https:\/\/www.anovapeneira.gal\/index.php\/2025\/01\/09\/via-galega-unha-plataforma-da-sociedade-civil-en-defensa-dos-dereitos-da-nacion-galega\/","name":"V\u00eda Galega, unha plataforma da sociedade civil en defensa dos dereitos da naci\u00f3n galega -","isPartOf":{"@id":"https:\/\/www.anovapeneira.gal\/#website"},"primaryImageOfPage":{"@id":"https:\/\/www.anovapeneira.gal\/index.php\/2025\/01\/09\/via-galega-unha-plataforma-da-sociedade-civil-en-defensa-dos-dereitos-da-nacion-galega\/#primaryimage"},"image":{"@id":"https:\/\/www.anovapeneira.gal\/index.php\/2025\/01\/09\/via-galega-unha-plataforma-da-sociedade-civil-en-defensa-dos-dereitos-da-nacion-galega\/#primaryimage"},"thumbnailUrl":"https:\/\/www.anovapeneira.gal\/wp-content\/uploads\/2025\/01\/adrian_rodriguez_via_galega.jpg","datePublished":"2025-01-09T11:00:41+00:00","breadcrumb":{"@id":"https:\/\/www.anovapeneira.gal\/index.php\/2025\/01\/09\/via-galega-unha-plataforma-da-sociedade-civil-en-defensa-dos-dereitos-da-nacion-galega\/#breadcrumb"},"inLanguage":"gl-ES","potentialAction":[{"@type":"ReadAction","target":["https:\/\/www.anovapeneira.gal\/index.php\/2025\/01\/09\/via-galega-unha-plataforma-da-sociedade-civil-en-defensa-dos-dereitos-da-nacion-galega\/"]}]},{"@type":"ImageObject","inLanguage":"gl-ES","@id":"https:\/\/www.anovapeneira.gal\/index.php\/2025\/01\/09\/via-galega-unha-plataforma-da-sociedade-civil-en-defensa-dos-dereitos-da-nacion-galega\/#primaryimage","url":"https:\/\/www.anovapeneira.gal\/wp-content\/uploads\/2025\/01\/adrian_rodriguez_via_galega.jpg","contentUrl":"https:\/\/www.anovapeneira.gal\/wp-content\/uploads\/2025\/01\/adrian_rodriguez_via_galega.jpg","width":720,"height":432,"caption":"V\u00eda Galega, Adri\u00e1n Rodr\u00edguez"},{"@type":"BreadcrumbList","@id":"https:\/\/www.anovapeneira.gal\/index.php\/2025\/01\/09\/via-galega-unha-plataforma-da-sociedade-civil-en-defensa-dos-dereitos-da-nacion-galega\/#breadcrumb","itemListElement":[{"@type":"ListItem","position":1,"name":"Portada","item":"https:\/\/www.anovapeneira.gal\/"},{"@type":"ListItem","position":2,"name":"V\u00eda Galega, unha plataforma da sociedade civil en defensa dos dereitos da naci\u00f3n galega"}]},{"@type":"WebSite","@id":"https:\/\/www.anovapeneira.gal\/#website","url":"https:\/\/www.anovapeneira.gal\/","name":"","description":"Xornal galego de informaci\u00f3n xeral Publicaci\u00f3n mensual de novas de Galicia e en especial dos Concellos da sur da provincia de Pontevedra.","publisher":{"@id":"https:\/\/www.anovapeneira.gal\/#organization"},"potentialAction":[{"@type":"SearchAction","target":{"@type":"EntryPoint","urlTemplate":"https:\/\/www.anovapeneira.gal\/?s={search_term_string}"},"query-input":{"@type":"PropertyValueSpecification","valueRequired":true,"valueName":"search_term_string"}}],"inLanguage":"gl-ES"},{"@type":"Organization","@id":"https:\/\/www.anovapeneira.gal\/#organization","name":"A Nova Peneira","url":"https:\/\/www.anovapeneira.gal\/","logo":{"@type":"ImageObject","inLanguage":"gl-ES","@id":"https:\/\/www.anovapeneira.gal\/#\/schema\/logo\/image\/","url":"http:\/\/www.anovapeneira.gal\/wp-content\/uploads\/2019\/06\/logo_a_nova_peneira_portal_web.png","contentUrl":"http:\/\/www.anovapeneira.gal\/wp-content\/uploads\/2019\/06\/logo_a_nova_peneira_portal_web.png","width":300,"height":100,"caption":"A Nova Peneira"},"image":{"@id":"https:\/\/www.anovapeneira.gal\/#\/schema\/logo\/image\/"},"sameAs":["https:\/\/www.facebook.com\/anovapeneira","https:\/\/x.com\/APeneira"]},{"@type":"Person","@id":"https:\/\/www.anovapeneira.gal\/#\/schema\/person\/b93e3f8932e3f8da96334607eb6ac6aa","name":"Redacci\u00f3n A Nova Peneira","image":{"@type":"ImageObject","inLanguage":"gl-ES","@id":"https:\/\/secure.gravatar.com\/avatar\/c052a2551a06e23fac63626232eaa90abd78dbcf1700fc46a2b2c89fd27b735f?s=96&d=mm&r=g","url":"https:\/\/secure.gravatar.com\/avatar\/c052a2551a06e23fac63626232eaa90abd78dbcf1700fc46a2b2c89fd27b735f?s=96&d=mm&r=g","contentUrl":"https:\/\/secure.gravatar.com\/avatar\/c052a2551a06e23fac63626232eaa90abd78dbcf1700fc46a2b2c89fd27b735f?s=96&d=mm&r=g","caption":"Redacci\u00f3n A Nova Peneira"},"sameAs":["http:\/\/www.anovapeneira.gal\/"],"url":"https:\/\/www.anovapeneira.gal\/index.php\/author\/redactor\/"}]}},"jetpack_featured_media_url":"https:\/\/www.anovapeneira.gal\/wp-content\/uploads\/2025\/01\/adrian_rodriguez_via_galega.jpg","_links":{"self":[{"href":"https:\/\/www.anovapeneira.gal\/index.php\/wp-json\/wp\/v2\/posts\/13070","targetHints":{"allow":["GET"]}}],"collection":[{"href":"https:\/\/www.anovapeneira.gal\/index.php\/wp-json\/wp\/v2\/posts"}],"about":[{"href":"https:\/\/www.anovapeneira.gal\/index.php\/wp-json\/wp\/v2\/types\/post"}],"author":[{"embeddable":true,"href":"https:\/\/www.anovapeneira.gal\/index.php\/wp-json\/wp\/v2\/users\/3"}],"replies":[{"embeddable":true,"href":"https:\/\/www.anovapeneira.gal\/index.php\/wp-json\/wp\/v2\/comments?post=13070"}],"version-history":[{"count":1,"href":"https:\/\/www.anovapeneira.gal\/index.php\/wp-json\/wp\/v2\/posts\/13070\/revisions"}],"predecessor-version":[{"id":13072,"href":"https:\/\/www.anovapeneira.gal\/index.php\/wp-json\/wp\/v2\/posts\/13070\/revisions\/13072"}],"wp:featuredmedia":[{"embeddable":true,"href":"https:\/\/www.anovapeneira.gal\/index.php\/wp-json\/wp\/v2\/media\/13071"}],"wp:attachment":[{"href":"https:\/\/www.anovapeneira.gal\/index.php\/wp-json\/wp\/v2\/media?parent=13070"}],"wp:term":[{"taxonomy":"category","embeddable":true,"href":"https:\/\/www.anovapeneira.gal\/index.php\/wp-json\/wp\/v2\/categories?post=13070"},{"taxonomy":"post_tag","embeddable":true,"href":"https:\/\/www.anovapeneira.gal\/index.php\/wp-json\/wp\/v2\/tags?post=13070"}],"curies":[{"name":"wp","href":"https:\/\/api.w.org\/{rel}","templated":true}]}}