{"id":13074,"date":"2025-01-10T10:00:52","date_gmt":"2025-01-10T09:00:52","guid":{"rendered":"https:\/\/www.anovapeneira.gal\/?p=13074"},"modified":"2025-01-09T09:56:12","modified_gmt":"2025-01-09T08:56:12","slug":"xose-emilio-barros-voceiro-do-bng-de-mondariz","status":"publish","type":"post","link":"https:\/\/www.anovapeneira.gal\/index.php\/2025\/01\/10\/xose-emilio-barros-voceiro-do-bng-de-mondariz\/","title":{"rendered":"Xos\u00e9 Emilio Barros, voceiro do BNG de Mondariz"},"content":{"rendered":"\n<p><strong>A dimisi\u00f3n por sorpresa de todo o goberno de Mondariz nos \u00faltimos meses do pasado ano entregoulle este Concello ao PP, e deixa a situaci\u00f3n pol\u00edtica nesta localidade nun escenario absolutamente in\u00e9dito,que se asoma ao abismo do desco\u00f1ecido. Falamos co voceiro do BNG para co\u00f1ecermos a s\u00faa valoraci\u00f3n sobre o estado da pol\u00edtica local.<\/strong><\/p>\n\n\n\n<p>\u201c<strong>O BNG de Mondariz \u00e9 a \u00fanica forza que ten un modelo de concello e un proxecto para o noso pobo\u201d<\/strong><\/p>\n\n\n\n<p><strong>Como viviu o BNG de Mondariz o estra\u00f1o episodio da dimisi\u00f3n do anterior equipo de goberno?<\/strong><\/p>\n\n\n\n<blockquote class=\"wp-block-quote is-layout-flow wp-block-quote-is-layout-flow\">\n<p>Con asombro, abraio e incredulidade. Unha situaci\u00f3n como esa, que situou \u00e1 pol\u00edtica local do noso pobo no terreo do esperpento, deixounos estupefactos.<\/p>\n<\/blockquote>\n\n\n\n<p><strong>A verdade eu creo que \u00e9 un caso \u00fanico na historia do pa\u00eds. Polo menos eu non lembro nada parecido nos 30 anos que levo analizando a actualidade pol\u00edtica galega. Podiamos falar se cadra da Cangas de Lois Pena nos anos 80 do s\u00e9culo pasado, pero non son casos an\u00e1logos. Que explicaci\u00f3n pol\u00edtica motivou a marcha de todo o goberno segundo o voso criterio?<\/strong><\/p>\n\n\n\n<blockquote class=\"wp-block-quote is-layout-flow wp-block-quote-is-layout-flow\">\n<p>Non hai raz\u00f3ns pol\u00edticas que poidan explicar semellante esperpento. Ao noso xu\u00edzo tr\u00e1tase dun caso de falta de capacidade para manexar unha situaci\u00f3n complexa, e dunha evidente carencia do m\u00e1is elemental sentido da responsabilidade.<\/p>\n<\/blockquote>\n\n\n\n<p><strong>Ao teu xu\u00edzo a dimisi\u00f3n de todo o equipo de goberno de Alternativa por Mondariz tratouse dunha decisi\u00f3n colectiva colexiada, ou foi froito unicamente da vontade do anterior alcalde?<\/strong><\/p>\n\n\n\n<blockquote class=\"wp-block-quote is-layout-flow wp-block-quote-is-layout-flow\">\n<p>Alternativa por Mondariz \u00e9 unha agrupaci\u00f3n unipersonalista, presidencialista e baseada no carisma e na vontade dunha persoa en concreto. Todos os movementos de Alternativa dependen da posici\u00f3n que te\u00f1a o seu l\u00edder.<\/p>\n<\/blockquote>\n\n\n\n<p><strong>O novo goberno do PP ven de cumprir os tres meses de mandato. Podemos emitir unha primeira valoraci\u00f3n ao respecto do seu traballo?<\/strong><\/p>\n\n\n\n<blockquote class=\"wp-block-quote is-layout-flow wp-block-quote-is-layout-flow\">\n<p>Si, e por desgraza estes primeiros meses de goberno apuntan a que o traballo do PP de Mondariz non difire en nada do funcionamento cl\u00e1sico do PP:Todo se basea na propaganda e na publicidade, pero non existe nin proxecto nin modelo de vila. Non saben a onde queren chegar e, xa que logo, non hai un cami\u00f1o dese\u00f1ado sobre o que poidan traballar.<\/p>\n<\/blockquote>\n\n\n\n<p><strong>Ent\u00f3n que fan?<\/strong><\/p>\n\n\n\n<blockquote class=\"wp-block-quote is-layout-flow wp-block-quote-is-layout-flow\">\n<p>Xestionar o d\u00eda a d\u00eda como poden.<\/p>\n<\/blockquote>\n\n\n\n<p><strong>S\u00f3 iso?<\/strong><\/p>\n\n\n\n<blockquote class=\"wp-block-quote is-layout-flow wp-block-quote-is-layout-flow\">\n<p>Si, s\u00f3 iso. \u00c9 triste, \u00e9 terrible para o noso pobo, pero \u00e9 a realidade. Este alcalde, ao igual c\u00f3 anterior, ocupa o posto s\u00f3 polo feito de ocupalo.<\/p>\n<\/blockquote>\n\n\n\n<p><strong>A finalidade deste goberno \u00e9 unicamente conservar o goberno?<\/strong><\/p>\n\n\n\n<blockquote class=\"wp-block-quote is-layout-flow wp-block-quote-is-layout-flow\">\n<p>Claramente si. Como antes che dixen non hai modelo de pobo, non saben cara a onde van e lim\u00edtanse a afrontar como poden os problemas do d\u00eda a d\u00eda.<\/p>\n<\/blockquote>\n\n\n\n<p><strong>Ben, o certo \u00e9 que levan moi pouco tempo e a situaci\u00f3n aritm\u00e9tica que te\u00f1en \u00e9 extremadamente d\u00e9bil<\/strong><\/p>\n\n\n\n<blockquote class=\"wp-block-quote is-layout-flow wp-block-quote-is-layout-flow\">\n<p>Si, xa, pero o PP estivo gobernando Mondariz moit\u00edsimos anos, non son uns ne\u00f3fitos que acaban de chegar. O correcto e o responsable \u00e9 que xa tiveran un modelo de vila en mente, un plan de traballo dese\u00f1ado, e que comezasen a facer pol\u00edtica para tratar de aplicalo. Pero non te\u00f1en nada.<\/p>\n<\/blockquote>\n\n\n\n<p><strong>Neste tres meses non avanzaron nada ao respecto de cales van ser as s\u00faas li\u00f1as pol\u00edticas b\u00e1sicas en temas esenciais para Mondariz, como por exemplo a delicada situaci\u00f3n econ\u00f3mica ou o pol\u00edgono industrial?<\/strong><\/p>\n\n\n\n<blockquote class=\"wp-block-quote is-layout-flow wp-block-quote-is-layout-flow\">\n<p>Non, nada de nada. Este goberno non \u00e9 que non te\u00f1a un modelo global de Concello, que non o ten, \u00e9 que se baixamos ao terreo do concreto tampouco ten nada referente a ningunha cuesti\u00f3n particular. S\u00f3 se limitan a recoller alg\u00fans proxectos que naceron no goberno que tiven a honra de presidir.<\/p>\n<\/blockquote>\n\n\n\n<p><strong>Por exemplo?<\/strong><\/p>\n\n\n\n<blockquote class=\"wp-block-quote is-layout-flow wp-block-quote-is-layout-flow\">\n<p>O parque empresarial, ou a renovaci\u00f3n do campo municipal da Lagoa. Novidades que nos presentara este goberno non existen, polo menos de momento non se referiron a ningunha.<\/p>\n<\/blockquote>\n\n\n\n<p><strong>O asunto do soldo do alcalde como o arranxaron?<\/strong><\/p>\n\n\n\n<blockquote class=\"wp-block-quote is-layout-flow wp-block-quote-is-layout-flow\">\n<p>O alcalde vai ter unha liberaci\u00f3n do 75% e polo tanto vai percibir esa porcentaxe de salario: o 75%.<\/p>\n<\/blockquote>\n\n\n\n<p><strong>Vaia, ent\u00f3n non vai ser alcalde a tempo completo?<\/strong><\/p>\n\n\n\n<blockquote class=\"wp-block-quote is-layout-flow wp-block-quote-is-layout-flow\">\n<p>Ben, el afirma verbalmente que lle dedicar\u00e1 \u00e1 alcald\u00eda o tempo que faga falta, pero oficialmente vai compatibilizar \u00e1 alcald\u00eda cos seus negocios particulares.<\/p>\n<\/blockquote>\n\n\n\n<p><strong>Non sei que dicir, que cousas m\u00e1is estra\u00f1as acontecen na pol\u00edtica local de Mondariz. Seguro que estou equivocado pero tampouco lembro outro caso parecido&#8230;<\/strong><\/p>\n\n\n\n<blockquote class=\"wp-block-quote is-layout-flow wp-block-quote-is-layout-flow\">\n<p>Ultimamente pasan cousas moi estra\u00f1as en Mondariz, si.<\/p>\n<\/blockquote>\n\n\n\n<p><strong>Como est\u00e1 a sa\u00fade do BNG de Mondariz?<\/strong><\/p>\n\n\n\n<blockquote class=\"wp-block-quote is-layout-flow wp-block-quote-is-layout-flow\">\n<p>A sa\u00fade do BNG de Mondariz \u00e9 boa. N\u00f3s somos un proxecto pol\u00edtico xa consolidado, firmemente chantado no pa\u00eds e que basea a s\u00faa praxe nuns principios ideol\u00f3xicos. Estes fundamentos que son os que moven a nosa acci\u00f3n pol\u00edtica son independentes de calquera persoa. As persoas pasamos, as ideas permanecen. Na nosa localidade estamos ben. Temos corpo militante, estrutura e ilusi\u00f3n por chegar a acadarmos a confianza da maior\u00eda social dos nosos veci\u00f1os e veci\u00f1as. E visto o que aconteceu e o que est\u00e1 a acontecer tense amosado con moita claridade que o BNG \u00e9 a \u00fanica forza que ten un proxecto e un modelo para Mondariz.<\/p>\n<\/blockquote>\n\n\n\n<p><strong>Podes dicir claramente que recuperar o goberno de Mondariz \u00e9 a expectativa inmediata do BNG de Mondariz?<\/strong><\/p>\n\n\n\n<blockquote class=\"wp-block-quote is-layout-flow wp-block-quote-is-layout-flow\">\n<p>Ag\u00e1s algunha excentricidade, como a que vivimos en Mondariz, toda formaci\u00f3n pol\u00edtica aspira a gobernar, e o BNG de Mondariz non \u00e9 ningunha excepci\u00f3n. N\u00f3s aspiramos a gobernar Mondariz si, claro que si. Asemade estou convencido de que un goberno do BNG ser\u00eda o mellor para a nosa localidade.<\/p>\n<\/blockquote>\n\n\n\n<p><strong>As vindeiras municipais son no 27, a\u00ednda falta tempo co que non resulta f\u00e1cil facer progn\u00f3sticos, pero a decisi\u00f3n tomada por Alternativa fai que en Mondariz resulte case imposible pois sit\u00faanos nun escenario desco\u00f1ecido. Que previsi\u00f3ns tes sobre como pode evolucionar o espazo da esquerda en Mondariz?<\/strong><\/p>\n\n\n\n<blockquote class=\"wp-block-quote is-layout-flow wp-block-quote-is-layout-flow\">\n<p>A esquerda de Mondariz est\u00e1 representada no BNG. \u00c9 moi cedo para facer progn\u00f3sticos pero como xa mencionei varias veces: o BNG \u00e9 unha organizaci\u00f3n seria, solvente cunha traxectoria de rigor, contrastada ao longo da s\u00faa historia e Alternativa por Mondariz \u00e9 o proxecto dunha persoa en concreto que xa amosou o que fai cando a situaci\u00f3n se complica. Insisto:A esquerda de Mondariz est\u00e1 no BNG.<\/p>\n<\/blockquote>\n\n\n\n<p><strong>Onde vai estar Xos\u00e9 Emilio Barros no 27?<\/strong><\/p>\n\n\n\n<blockquote class=\"wp-block-quote is-layout-flow wp-block-quote-is-layout-flow\">\n<p>Sempre que te\u00f1a sa\u00fade, que agardo que si, no BNG de Mondariz con seguridade. O lugar que ocupe na organizaci\u00f3n decidirao o conxunto da militancia do bloque de maneira colectiva ,como sempre se fixo na formaci\u00f3n pol\u00edtica na que milito.<\/p>\n<\/blockquote>\n","protected":false},"excerpt":{"rendered":"<div class=\"mh-excerpt\"><p>A dimisi\u00f3n por sorpresa de todo o goberno de Mondariz nos \u00faltimos meses do pasado ano entregoulle este Concello ao PP <a class=\"mh-excerpt-more\" href=\"https:\/\/www.anovapeneira.gal\/index.php\/2025\/01\/10\/xose-emilio-barros-voceiro-do-bng-de-mondariz\/\" title=\"Xos\u00e9 Emilio Barros, voceiro do BNG de Mondariz\">[&#8230;]<\/a><\/p>\n<\/div>","protected":false},"author":3,"featured_media":13075,"comment_status":"open","ping_status":"open","sticky":false,"template":"","format":"standard","meta":{"_exactmetrics_skip_tracking":false,"_exactmetrics_sitenote_active":false,"_exactmetrics_sitenote_note":"","_exactmetrics_sitenote_category":0,"footnotes":""},"categories":[267],"tags":[405],"class_list":{"0":"post-13074","1":"post","2":"type-post","3":"status-publish","4":"format-standard","5":"has-post-thumbnail","7":"category-condado-entrevistas","8":"tag-concello-de-mondariz"},"yoast_head":"<!-- This site is optimized with the Yoast SEO plugin v27.4 - https:\/\/yoast.com\/product\/yoast-seo-wordpress\/ -->\n<title>Xos\u00e9 Emilio Barros, voceiro do BNG de Mondariz -<\/title>\n<meta name=\"robots\" content=\"index, follow, max-snippet:-1, max-image-preview:large, max-video-preview:-1\" \/>\n<link rel=\"canonical\" href=\"https:\/\/www.anovapeneira.gal\/index.php\/2025\/01\/10\/xose-emilio-barros-voceiro-do-bng-de-mondariz\/\" \/>\n<meta property=\"og:locale\" content=\"gl_ES\" \/>\n<meta property=\"og:type\" content=\"article\" \/>\n<meta property=\"og:title\" content=\"Xos\u00e9 Emilio Barros, voceiro do BNG de Mondariz -\" \/>\n<meta property=\"og:description\" content=\"A dimisi\u00f3n por sorpresa de todo o goberno de Mondariz nos \u00faltimos meses do pasado ano entregoulle este Concello ao PP [...]\" \/>\n<meta property=\"og:url\" content=\"https:\/\/www.anovapeneira.gal\/index.php\/2025\/01\/10\/xose-emilio-barros-voceiro-do-bng-de-mondariz\/\" \/>\n<meta property=\"article:publisher\" content=\"https:\/\/www.facebook.com\/anovapeneira\" \/>\n<meta property=\"article:published_time\" content=\"2025-01-10T09:00:52+00:00\" \/>\n<meta property=\"og:image\" content=\"https:\/\/www.anovapeneira.gal\/wp-content\/uploads\/2025\/01\/emilio_mondariz.jpg\" \/>\n\t<meta property=\"og:image:width\" content=\"720\" \/>\n\t<meta property=\"og:image:height\" content=\"432\" \/>\n\t<meta property=\"og:image:type\" content=\"image\/jpeg\" \/>\n<meta name=\"author\" content=\"Redacci\u00f3n A Nova Peneira\" \/>\n<meta name=\"twitter:card\" content=\"summary_large_image\" \/>\n<meta name=\"twitter:creator\" content=\"@APeneira\" \/>\n<meta name=\"twitter:site\" content=\"@APeneira\" \/>\n<meta name=\"twitter:label1\" content=\"Escrito por\" \/>\n\t<meta name=\"twitter:data1\" content=\"Redacci\u00f3n A Nova Peneira\" \/>\n\t<meta name=\"twitter:label2\" content=\"Tempo de lectura\" \/>\n\t<meta name=\"twitter:data2\" content=\"3 minutos\" \/>\n<script type=\"application\/ld+json\" class=\"yoast-schema-graph\">{\"@context\":\"https:\\\/\\\/schema.org\",\"@graph\":[{\"@type\":\"Article\",\"@id\":\"https:\\\/\\\/www.anovapeneira.gal\\\/index.php\\\/2025\\\/01\\\/10\\\/xose-emilio-barros-voceiro-do-bng-de-mondariz\\\/#article\",\"isPartOf\":{\"@id\":\"https:\\\/\\\/www.anovapeneira.gal\\\/index.php\\\/2025\\\/01\\\/10\\\/xose-emilio-barros-voceiro-do-bng-de-mondariz\\\/\"},\"author\":{\"name\":\"Redacci\u00f3n A Nova Peneira\",\"@id\":\"https:\\\/\\\/www.anovapeneira.gal\\\/#\\\/schema\\\/person\\\/b93e3f8932e3f8da96334607eb6ac6aa\"},\"headline\":\"Xos\u00e9 Emilio Barros, voceiro do BNG de Mondariz\",\"datePublished\":\"2025-01-10T09:00:52+00:00\",\"mainEntityOfPage\":{\"@id\":\"https:\\\/\\\/www.anovapeneira.gal\\\/index.php\\\/2025\\\/01\\\/10\\\/xose-emilio-barros-voceiro-do-bng-de-mondariz\\\/\"},\"wordCount\":1147,\"commentCount\":0,\"publisher\":{\"@id\":\"https:\\\/\\\/www.anovapeneira.gal\\\/#organization\"},\"image\":{\"@id\":\"https:\\\/\\\/www.anovapeneira.gal\\\/index.php\\\/2025\\\/01\\\/10\\\/xose-emilio-barros-voceiro-do-bng-de-mondariz\\\/#primaryimage\"},\"thumbnailUrl\":\"https:\\\/\\\/www.anovapeneira.gal\\\/wp-content\\\/uploads\\\/2025\\\/01\\\/emilio_mondariz.jpg\",\"keywords\":[\"Concello de Mondariz\"],\"articleSection\":[\"Condado\"],\"inLanguage\":\"gl-ES\",\"potentialAction\":[{\"@type\":\"CommentAction\",\"name\":\"Comment\",\"target\":[\"https:\\\/\\\/www.anovapeneira.gal\\\/index.php\\\/2025\\\/01\\\/10\\\/xose-emilio-barros-voceiro-do-bng-de-mondariz\\\/#respond\"]}]},{\"@type\":\"WebPage\",\"@id\":\"https:\\\/\\\/www.anovapeneira.gal\\\/index.php\\\/2025\\\/01\\\/10\\\/xose-emilio-barros-voceiro-do-bng-de-mondariz\\\/\",\"url\":\"https:\\\/\\\/www.anovapeneira.gal\\\/index.php\\\/2025\\\/01\\\/10\\\/xose-emilio-barros-voceiro-do-bng-de-mondariz\\\/\",\"name\":\"Xos\u00e9 Emilio Barros, voceiro do BNG de Mondariz -\",\"isPartOf\":{\"@id\":\"https:\\\/\\\/www.anovapeneira.gal\\\/#website\"},\"primaryImageOfPage\":{\"@id\":\"https:\\\/\\\/www.anovapeneira.gal\\\/index.php\\\/2025\\\/01\\\/10\\\/xose-emilio-barros-voceiro-do-bng-de-mondariz\\\/#primaryimage\"},\"image\":{\"@id\":\"https:\\\/\\\/www.anovapeneira.gal\\\/index.php\\\/2025\\\/01\\\/10\\\/xose-emilio-barros-voceiro-do-bng-de-mondariz\\\/#primaryimage\"},\"thumbnailUrl\":\"https:\\\/\\\/www.anovapeneira.gal\\\/wp-content\\\/uploads\\\/2025\\\/01\\\/emilio_mondariz.jpg\",\"datePublished\":\"2025-01-10T09:00:52+00:00\",\"breadcrumb\":{\"@id\":\"https:\\\/\\\/www.anovapeneira.gal\\\/index.php\\\/2025\\\/01\\\/10\\\/xose-emilio-barros-voceiro-do-bng-de-mondariz\\\/#breadcrumb\"},\"inLanguage\":\"gl-ES\",\"potentialAction\":[{\"@type\":\"ReadAction\",\"target\":[\"https:\\\/\\\/www.anovapeneira.gal\\\/index.php\\\/2025\\\/01\\\/10\\\/xose-emilio-barros-voceiro-do-bng-de-mondariz\\\/\"]}]},{\"@type\":\"ImageObject\",\"inLanguage\":\"gl-ES\",\"@id\":\"https:\\\/\\\/www.anovapeneira.gal\\\/index.php\\\/2025\\\/01\\\/10\\\/xose-emilio-barros-voceiro-do-bng-de-mondariz\\\/#primaryimage\",\"url\":\"https:\\\/\\\/www.anovapeneira.gal\\\/wp-content\\\/uploads\\\/2025\\\/01\\\/emilio_mondariz.jpg\",\"contentUrl\":\"https:\\\/\\\/www.anovapeneira.gal\\\/wp-content\\\/uploads\\\/2025\\\/01\\\/emilio_mondariz.jpg\",\"width\":720,\"height\":432,\"caption\":\"\"},{\"@type\":\"BreadcrumbList\",\"@id\":\"https:\\\/\\\/www.anovapeneira.gal\\\/index.php\\\/2025\\\/01\\\/10\\\/xose-emilio-barros-voceiro-do-bng-de-mondariz\\\/#breadcrumb\",\"itemListElement\":[{\"@type\":\"ListItem\",\"position\":1,\"name\":\"Portada\",\"item\":\"https:\\\/\\\/www.anovapeneira.gal\\\/\"},{\"@type\":\"ListItem\",\"position\":2,\"name\":\"Xos\u00e9 Emilio Barros, voceiro do BNG de Mondariz\"}]},{\"@type\":\"WebSite\",\"@id\":\"https:\\\/\\\/www.anovapeneira.gal\\\/#website\",\"url\":\"https:\\\/\\\/www.anovapeneira.gal\\\/\",\"name\":\"\",\"description\":\"Xornal galego de informaci\u00f3n xeral Publicaci\u00f3n mensual de novas de Galicia e en especial dos Concellos da sur da provincia de Pontevedra.\",\"publisher\":{\"@id\":\"https:\\\/\\\/www.anovapeneira.gal\\\/#organization\"},\"potentialAction\":[{\"@type\":\"SearchAction\",\"target\":{\"@type\":\"EntryPoint\",\"urlTemplate\":\"https:\\\/\\\/www.anovapeneira.gal\\\/?s={search_term_string}\"},\"query-input\":{\"@type\":\"PropertyValueSpecification\",\"valueRequired\":true,\"valueName\":\"search_term_string\"}}],\"inLanguage\":\"gl-ES\"},{\"@type\":\"Organization\",\"@id\":\"https:\\\/\\\/www.anovapeneira.gal\\\/#organization\",\"name\":\"A Nova Peneira\",\"url\":\"https:\\\/\\\/www.anovapeneira.gal\\\/\",\"logo\":{\"@type\":\"ImageObject\",\"inLanguage\":\"gl-ES\",\"@id\":\"https:\\\/\\\/www.anovapeneira.gal\\\/#\\\/schema\\\/logo\\\/image\\\/\",\"url\":\"http:\\\/\\\/www.anovapeneira.gal\\\/wp-content\\\/uploads\\\/2019\\\/06\\\/logo_a_nova_peneira_portal_web.png\",\"contentUrl\":\"http:\\\/\\\/www.anovapeneira.gal\\\/wp-content\\\/uploads\\\/2019\\\/06\\\/logo_a_nova_peneira_portal_web.png\",\"width\":300,\"height\":100,\"caption\":\"A Nova Peneira\"},\"image\":{\"@id\":\"https:\\\/\\\/www.anovapeneira.gal\\\/#\\\/schema\\\/logo\\\/image\\\/\"},\"sameAs\":[\"https:\\\/\\\/www.facebook.com\\\/anovapeneira\",\"https:\\\/\\\/x.com\\\/APeneira\"]},{\"@type\":\"Person\",\"@id\":\"https:\\\/\\\/www.anovapeneira.gal\\\/#\\\/schema\\\/person\\\/b93e3f8932e3f8da96334607eb6ac6aa\",\"name\":\"Redacci\u00f3n A Nova Peneira\",\"image\":{\"@type\":\"ImageObject\",\"inLanguage\":\"gl-ES\",\"@id\":\"https:\\\/\\\/secure.gravatar.com\\\/avatar\\\/c052a2551a06e23fac63626232eaa90abd78dbcf1700fc46a2b2c89fd27b735f?s=96&d=mm&r=g\",\"url\":\"https:\\\/\\\/secure.gravatar.com\\\/avatar\\\/c052a2551a06e23fac63626232eaa90abd78dbcf1700fc46a2b2c89fd27b735f?s=96&d=mm&r=g\",\"contentUrl\":\"https:\\\/\\\/secure.gravatar.com\\\/avatar\\\/c052a2551a06e23fac63626232eaa90abd78dbcf1700fc46a2b2c89fd27b735f?s=96&d=mm&r=g\",\"caption\":\"Redacci\u00f3n A Nova Peneira\"},\"sameAs\":[\"http:\\\/\\\/www.anovapeneira.gal\\\/\"],\"url\":\"https:\\\/\\\/www.anovapeneira.gal\\\/index.php\\\/author\\\/redactor\\\/\"}]}<\/script>\n<!-- \/ Yoast SEO plugin. -->","yoast_head_json":{"title":"Xos\u00e9 Emilio Barros, voceiro do BNG de Mondariz -","robots":{"index":"index","follow":"follow","max-snippet":"max-snippet:-1","max-image-preview":"max-image-preview:large","max-video-preview":"max-video-preview:-1"},"canonical":"https:\/\/www.anovapeneira.gal\/index.php\/2025\/01\/10\/xose-emilio-barros-voceiro-do-bng-de-mondariz\/","og_locale":"gl_ES","og_type":"article","og_title":"Xos\u00e9 Emilio Barros, voceiro do BNG de Mondariz -","og_description":"A dimisi\u00f3n por sorpresa de todo o goberno de Mondariz nos \u00faltimos meses do pasado ano entregoulle este Concello ao PP [...]","og_url":"https:\/\/www.anovapeneira.gal\/index.php\/2025\/01\/10\/xose-emilio-barros-voceiro-do-bng-de-mondariz\/","article_publisher":"https:\/\/www.facebook.com\/anovapeneira","article_published_time":"2025-01-10T09:00:52+00:00","og_image":[{"width":720,"height":432,"url":"https:\/\/www.anovapeneira.gal\/wp-content\/uploads\/2025\/01\/emilio_mondariz.jpg","type":"image\/jpeg"}],"author":"Redacci\u00f3n A Nova Peneira","twitter_card":"summary_large_image","twitter_creator":"@APeneira","twitter_site":"@APeneira","twitter_misc":{"Escrito por":"Redacci\u00f3n A Nova Peneira","Tempo de lectura":"3 minutos"},"schema":{"@context":"https:\/\/schema.org","@graph":[{"@type":"Article","@id":"https:\/\/www.anovapeneira.gal\/index.php\/2025\/01\/10\/xose-emilio-barros-voceiro-do-bng-de-mondariz\/#article","isPartOf":{"@id":"https:\/\/www.anovapeneira.gal\/index.php\/2025\/01\/10\/xose-emilio-barros-voceiro-do-bng-de-mondariz\/"},"author":{"name":"Redacci\u00f3n A Nova Peneira","@id":"https:\/\/www.anovapeneira.gal\/#\/schema\/person\/b93e3f8932e3f8da96334607eb6ac6aa"},"headline":"Xos\u00e9 Emilio Barros, voceiro do BNG de Mondariz","datePublished":"2025-01-10T09:00:52+00:00","mainEntityOfPage":{"@id":"https:\/\/www.anovapeneira.gal\/index.php\/2025\/01\/10\/xose-emilio-barros-voceiro-do-bng-de-mondariz\/"},"wordCount":1147,"commentCount":0,"publisher":{"@id":"https:\/\/www.anovapeneira.gal\/#organization"},"image":{"@id":"https:\/\/www.anovapeneira.gal\/index.php\/2025\/01\/10\/xose-emilio-barros-voceiro-do-bng-de-mondariz\/#primaryimage"},"thumbnailUrl":"https:\/\/www.anovapeneira.gal\/wp-content\/uploads\/2025\/01\/emilio_mondariz.jpg","keywords":["Concello de Mondariz"],"articleSection":["Condado"],"inLanguage":"gl-ES","potentialAction":[{"@type":"CommentAction","name":"Comment","target":["https:\/\/www.anovapeneira.gal\/index.php\/2025\/01\/10\/xose-emilio-barros-voceiro-do-bng-de-mondariz\/#respond"]}]},{"@type":"WebPage","@id":"https:\/\/www.anovapeneira.gal\/index.php\/2025\/01\/10\/xose-emilio-barros-voceiro-do-bng-de-mondariz\/","url":"https:\/\/www.anovapeneira.gal\/index.php\/2025\/01\/10\/xose-emilio-barros-voceiro-do-bng-de-mondariz\/","name":"Xos\u00e9 Emilio Barros, voceiro do BNG de Mondariz -","isPartOf":{"@id":"https:\/\/www.anovapeneira.gal\/#website"},"primaryImageOfPage":{"@id":"https:\/\/www.anovapeneira.gal\/index.php\/2025\/01\/10\/xose-emilio-barros-voceiro-do-bng-de-mondariz\/#primaryimage"},"image":{"@id":"https:\/\/www.anovapeneira.gal\/index.php\/2025\/01\/10\/xose-emilio-barros-voceiro-do-bng-de-mondariz\/#primaryimage"},"thumbnailUrl":"https:\/\/www.anovapeneira.gal\/wp-content\/uploads\/2025\/01\/emilio_mondariz.jpg","datePublished":"2025-01-10T09:00:52+00:00","breadcrumb":{"@id":"https:\/\/www.anovapeneira.gal\/index.php\/2025\/01\/10\/xose-emilio-barros-voceiro-do-bng-de-mondariz\/#breadcrumb"},"inLanguage":"gl-ES","potentialAction":[{"@type":"ReadAction","target":["https:\/\/www.anovapeneira.gal\/index.php\/2025\/01\/10\/xose-emilio-barros-voceiro-do-bng-de-mondariz\/"]}]},{"@type":"ImageObject","inLanguage":"gl-ES","@id":"https:\/\/www.anovapeneira.gal\/index.php\/2025\/01\/10\/xose-emilio-barros-voceiro-do-bng-de-mondariz\/#primaryimage","url":"https:\/\/www.anovapeneira.gal\/wp-content\/uploads\/2025\/01\/emilio_mondariz.jpg","contentUrl":"https:\/\/www.anovapeneira.gal\/wp-content\/uploads\/2025\/01\/emilio_mondariz.jpg","width":720,"height":432,"caption":""},{"@type":"BreadcrumbList","@id":"https:\/\/www.anovapeneira.gal\/index.php\/2025\/01\/10\/xose-emilio-barros-voceiro-do-bng-de-mondariz\/#breadcrumb","itemListElement":[{"@type":"ListItem","position":1,"name":"Portada","item":"https:\/\/www.anovapeneira.gal\/"},{"@type":"ListItem","position":2,"name":"Xos\u00e9 Emilio Barros, voceiro do BNG de Mondariz"}]},{"@type":"WebSite","@id":"https:\/\/www.anovapeneira.gal\/#website","url":"https:\/\/www.anovapeneira.gal\/","name":"","description":"Xornal galego de informaci\u00f3n xeral Publicaci\u00f3n mensual de novas de Galicia e en especial dos Concellos da sur da provincia de Pontevedra.","publisher":{"@id":"https:\/\/www.anovapeneira.gal\/#organization"},"potentialAction":[{"@type":"SearchAction","target":{"@type":"EntryPoint","urlTemplate":"https:\/\/www.anovapeneira.gal\/?s={search_term_string}"},"query-input":{"@type":"PropertyValueSpecification","valueRequired":true,"valueName":"search_term_string"}}],"inLanguage":"gl-ES"},{"@type":"Organization","@id":"https:\/\/www.anovapeneira.gal\/#organization","name":"A Nova Peneira","url":"https:\/\/www.anovapeneira.gal\/","logo":{"@type":"ImageObject","inLanguage":"gl-ES","@id":"https:\/\/www.anovapeneira.gal\/#\/schema\/logo\/image\/","url":"http:\/\/www.anovapeneira.gal\/wp-content\/uploads\/2019\/06\/logo_a_nova_peneira_portal_web.png","contentUrl":"http:\/\/www.anovapeneira.gal\/wp-content\/uploads\/2019\/06\/logo_a_nova_peneira_portal_web.png","width":300,"height":100,"caption":"A Nova Peneira"},"image":{"@id":"https:\/\/www.anovapeneira.gal\/#\/schema\/logo\/image\/"},"sameAs":["https:\/\/www.facebook.com\/anovapeneira","https:\/\/x.com\/APeneira"]},{"@type":"Person","@id":"https:\/\/www.anovapeneira.gal\/#\/schema\/person\/b93e3f8932e3f8da96334607eb6ac6aa","name":"Redacci\u00f3n A Nova Peneira","image":{"@type":"ImageObject","inLanguage":"gl-ES","@id":"https:\/\/secure.gravatar.com\/avatar\/c052a2551a06e23fac63626232eaa90abd78dbcf1700fc46a2b2c89fd27b735f?s=96&d=mm&r=g","url":"https:\/\/secure.gravatar.com\/avatar\/c052a2551a06e23fac63626232eaa90abd78dbcf1700fc46a2b2c89fd27b735f?s=96&d=mm&r=g","contentUrl":"https:\/\/secure.gravatar.com\/avatar\/c052a2551a06e23fac63626232eaa90abd78dbcf1700fc46a2b2c89fd27b735f?s=96&d=mm&r=g","caption":"Redacci\u00f3n A Nova Peneira"},"sameAs":["http:\/\/www.anovapeneira.gal\/"],"url":"https:\/\/www.anovapeneira.gal\/index.php\/author\/redactor\/"}]}},"jetpack_featured_media_url":"https:\/\/www.anovapeneira.gal\/wp-content\/uploads\/2025\/01\/emilio_mondariz.jpg","_links":{"self":[{"href":"https:\/\/www.anovapeneira.gal\/index.php\/wp-json\/wp\/v2\/posts\/13074","targetHints":{"allow":["GET"]}}],"collection":[{"href":"https:\/\/www.anovapeneira.gal\/index.php\/wp-json\/wp\/v2\/posts"}],"about":[{"href":"https:\/\/www.anovapeneira.gal\/index.php\/wp-json\/wp\/v2\/types\/post"}],"author":[{"embeddable":true,"href":"https:\/\/www.anovapeneira.gal\/index.php\/wp-json\/wp\/v2\/users\/3"}],"replies":[{"embeddable":true,"href":"https:\/\/www.anovapeneira.gal\/index.php\/wp-json\/wp\/v2\/comments?post=13074"}],"version-history":[{"count":1,"href":"https:\/\/www.anovapeneira.gal\/index.php\/wp-json\/wp\/v2\/posts\/13074\/revisions"}],"predecessor-version":[{"id":13076,"href":"https:\/\/www.anovapeneira.gal\/index.php\/wp-json\/wp\/v2\/posts\/13074\/revisions\/13076"}],"wp:featuredmedia":[{"embeddable":true,"href":"https:\/\/www.anovapeneira.gal\/index.php\/wp-json\/wp\/v2\/media\/13075"}],"wp:attachment":[{"href":"https:\/\/www.anovapeneira.gal\/index.php\/wp-json\/wp\/v2\/media?parent=13074"}],"wp:term":[{"taxonomy":"category","embeddable":true,"href":"https:\/\/www.anovapeneira.gal\/index.php\/wp-json\/wp\/v2\/categories?post=13074"},{"taxonomy":"post_tag","embeddable":true,"href":"https:\/\/www.anovapeneira.gal\/index.php\/wp-json\/wp\/v2\/tags?post=13074"}],"curies":[{"name":"wp","href":"https:\/\/api.w.org\/{rel}","templated":true}]}}