{"id":13080,"date":"2025-01-13T10:00:08","date_gmt":"2025-01-13T09:00:08","guid":{"rendered":"https:\/\/www.anovapeneira.gal\/?p=13080"},"modified":"2025-01-10T10:04:46","modified_gmt":"2025-01-10T09:04:46","slug":"xabier-p-igrexas-voceiro-do-bloque-de-vigo","status":"publish","type":"post","link":"https:\/\/www.anovapeneira.gal\/index.php\/2025\/01\/13\/xabier-p-igrexas-voceiro-do-bloque-de-vigo\/","title":{"rendered":"Xabier P. Igrexas, voceiro do Bloque de Vigo"},"content":{"rendered":"\n<p><strong>Cando tiven a primeira conversa acougada e extensa con Xabier P\u00e9rez Igrexas, falo de memoria pero coido que foi no ano 16, escrib\u00edn en ANP que Xabier acabar\u00eda por ser alcalde de Vigo. Naquel momento o BNG de Vigo era unha forza que carec\u00eda de representaci\u00f3n municipal, e a\u00ednda te\u00f1o gardadas media ducia de mensaxes nas que se burlaban da mi\u00f1a \u201cocorrencia\u201d. Hoxe o BNG \u00e9 a aut\u00e9ntica oposici\u00f3n ao goberno de Abel Caballero, o PP de Vigo son como a procesi\u00f3n dos caladi\u00f1os,e Xabier consol\u00eddase como a alternativa m\u00e1is s\u00f3lida ao actual alcalde vigu\u00e9s. Na actualidade, arredor de nove anos despois daquela conversa, volvo dicir o mesmo: Non sei canto tardar\u00e1 pero Xabier P\u00e9rez Igrexas vai rematar sendo o alcalde de Vigo. E d\u00edgoo en base a d\u00faas raz\u00f3ns:<\/strong><\/p>\n\n\n\n<p><strong>-Non hai pol\u00edtico na cidade coa s\u00faa solidez, o seu rigor, a s\u00faa solvencia e a s\u00faa capacidade de traballo.<\/strong><\/p>\n\n\n\n<p><strong>-Non hai organizaci\u00f3n pol\u00edtica na nosa cidade coa penetraci\u00f3n social que a que ten o BNG de Vigo.<\/strong><\/p>\n\n\n\n<p>\u201c<strong>Un BNG determinante en Vigo far\u00e1 que a cidade se converta no motor de todo un Pa\u00eds\u201d<\/strong><\/p>\n\n\n\n<p><strong>Facemos esta entrevista un d\u00eda antes de rematar as festas do Nadal. Cal \u00e9 a t\u00faa valoraci\u00f3n do impacto econ\u00f3mico realista, que a m\u00e1is grande aposta do goberno local puidera ter na realidade econ\u00f3mica viguesa?<\/strong><\/p>\n\n\n\n<blockquote class=\"wp-block-quote is-layout-flow wp-block-quote-is-layout-flow\">\n<p>A diferenza do que fai o alcalde, que se inventa as cifras para xustificar o seu relato, vasme permitir que sexa prudente e para poder emitir unha valoraci\u00f3n rigorosa e seria espere a co\u00f1ecer os datos que nos permitan trasladar a nosa opini\u00f3n baseada en cifras realistas concretas.<\/p>\n<\/blockquote>\n\n\n\n<p><strong>Cales son eses datos que queres co\u00f1ecer?<\/strong><\/p>\n\n\n\n<blockquote class=\"wp-block-quote is-layout-flow wp-block-quote-is-layout-flow\">\n<p>A recadaci\u00f3n de IVE, que co\u00f1eceremos nas pr\u00f3ximas semanas, os datos da EPA (enquisa de poboaci\u00f3n activa) e os datos do paro rexistrado.<\/p>\n<\/blockquote>\n\n\n\n<p><strong>Nos Nadais anteriores ese tipo de datos que retorno econ\u00f3mico indicaban?<\/strong><\/p>\n\n\n\n<blockquote class=\"wp-block-quote is-layout-flow wp-block-quote-is-layout-flow\">\n<p>Un retorno ben cativo. De feito houbo alg\u00fan exercicio no que se aumentou o investimento en luces e fachendas e houbo menos recadaci\u00f3n que o ano inmediatamente anterior.<\/p>\n<\/blockquote>\n\n\n\n<blockquote class=\"wp-block-quote is-layout-flow wp-block-quote-is-layout-flow\">\n<p>E no que se refire \u00e1 creaci\u00f3n de emprego, desde o ano 19 ata hoxe no mellor dos anos falamos dunha creaci\u00f3n neta de emprego de menos de 200 postos de traballo no sector servizos. O que adoita acontecer \u00e9 que xaneiro remata con m\u00e1is desemprego do que hab\u00eda en novembro.<\/p>\n<\/blockquote>\n\n\n\n<blockquote class=\"wp-block-quote is-layout-flow wp-block-quote-is-layout-flow\">\n<p>Crease unha cantidade moi limitada de emprego de car\u00e1cter estacional, boa parte a tempo parcial, ligado \u00e1 actividade comercial e \u00e1 hostalar\u00eda.<\/p>\n<\/blockquote>\n\n\n\n<p><strong>Por\u00e9n, o alcalde fala de magnitudes astron\u00f3micas que, di el, xerar\u00eda o Nadal en Vigo?<\/strong><\/p>\n\n\n\n<blockquote class=\"wp-block-quote is-layout-flow wp-block-quote-is-layout-flow\">\n<p>Si, ten mencionado un abano de entre 500 e 1.000 mill\u00f3ns de \u20ac, pero sexamos serios por favor: de onde tira eses datos? De ning\u00fan sitio, eses datos non existen, qu\u00edtaos da s\u00faa imaxinaci\u00f3n. E o m\u00e1is terrible \u00e9 que a persoa que act\u00faa desa maneira seica \u00e9 catedr\u00e1tico de econom\u00eda.<\/p>\n<\/blockquote>\n\n\n\n<p><strong>Podes dicir con absoluta rotundidade que esas cifras que espeta o alcalde dun impacto econ\u00f3mico de centos de mill\u00f3ns de \u20ac xerados polo Nadal de Vigo, son pura fantas\u00eda?<\/strong><\/p>\n\n\n\n<blockquote class=\"wp-block-quote is-layout-flow wp-block-quote-is-layout-flow\">\n<p>Son parte dun relato fantasioso. E a demostraci\u00f3n emp\u00edrica da natureza fantasiosa deses n\u00fameros \u00e9 que cada vez que se lle pide ao alcalde a fonte da que proceden , Caballero foi absolutamente incapaz de dar un s\u00f3 indicador oficial e concreto.<\/p>\n<\/blockquote>\n\n\n\n<p><strong>Danos a t\u00faa valoraci\u00f3n de como est\u00e1 indo este mandato que pronto alcanzar\u00e1 o seu ecuador?<\/strong><\/p>\n\n\n\n<blockquote class=\"wp-block-quote is-layout-flow wp-block-quote-is-layout-flow\">\n<p>Estamos ante un goberno instalado nunha inercia paralizante que xa non ten nada que ofrecer \u00e1 sociedade viguesa. Non hai ning\u00fan tipo de proxecto estrat\u00e9xico de modelo de cidade m\u00e1is al\u00e1 de seguir alimentando ese permanente ronsel de anuncios, propaganda e promesas incumpridas.<\/p>\n<\/blockquote>\n\n\n\n<p><strong>Concr\u00e9tanos iso de \u201c promesas incumpridas\u201d?<\/strong><\/p>\n\n\n\n<blockquote class=\"wp-block-quote is-layout-flow wp-block-quote-is-layout-flow\">\n<p>Non o digo eu, dio a propia conta xeral do Concello de Vigo: O ano 2023 rematou con 115 mill\u00f3ns de \u20ac do orzamento sen executar. Este ano van ser m\u00e1is.<\/p>\n<\/blockquote>\n\n\n\n<p><strong>Xa est\u00e1s en condici\u00f3ns de afirmar que a a non execuci\u00f3n orzamentaria no ano 24 vai superar os 115 mill\u00f3ns do ano 23?<\/strong><\/p>\n\n\n\n<blockquote class=\"wp-block-quote is-layout-flow wp-block-quote-is-layout-flow\">\n<p>Si, estou en condici\u00f3ns de afirmalo porque as\u00ed o apuntan os informes de execuci\u00f3n dos tres primeiros trimestres. Estamos ante un goberno especialista en propaganda e anuncios de actuaci\u00f3ns, que en moitos casos quedan sen executar. Hai un dato relevante: 6 de cada 10\u20ac que est\u00e1n orzamentados no cap\u00edtulo 6, o dos investimentos, que \u00e9 onde est\u00e1 a obra p\u00fablica, quedan sen executar.<\/p>\n<\/blockquote>\n\n\n\n<p><strong>Cando falades co goberno sobre esa cuesti\u00f3n que argumentan?<\/strong><\/p>\n\n\n\n<blockquote class=\"wp-block-quote is-layout-flow wp-block-quote-is-layout-flow\">\n<p>\u201cVuelva usted ma\u00f1ana\u201d<\/p>\n<\/blockquote>\n\n\n\n<p><strong>As\u00ed?<\/strong><\/p>\n\n\n\n<blockquote class=\"wp-block-quote is-layout-flow wp-block-quote-is-layout-flow\">\n<p>Si, as\u00ed. Dinnos que son obras que se executar\u00e1n no exercicio seguinte. Pero o certo \u00e9 que entre os anos 19-24 a inexecuci\u00f3n do goberno local superou os 500 mill\u00f3ns de \u20ac.<\/p>\n<\/blockquote>\n\n\n\n<p><strong>Cal \u00e9 o motivo ao teu xu\u00edzo?<\/strong><\/p>\n\n\n\n<blockquote class=\"wp-block-quote is-layout-flow wp-block-quote-is-layout-flow\">\n<p>Que unha cidade do volume e a dimensi\u00f3n de Vigo non se pode gobernar s\u00f3 coa figura dun \u00fanico concelleiro plenipotenciario dedicado \u00e1 propaganda e o autobombo: o alcalde-tertuliano Abel Caballero.<\/p>\n<\/blockquote>\n\n\n\n<p><strong>Recentemente tirastes unha nota na que informabades sobre as 324 propostas que lanzou o BNG no ano 2024.Cantas desas 324 foron atendidas polo goberno municipal?<\/strong><\/p>\n\n\n\n<blockquote class=\"wp-block-quote is-layout-flow wp-block-quote-is-layout-flow\">\n<p>Ningunha, absolutamente ningunha.<\/p>\n<\/blockquote>\n\n\n\n<p><strong>Parece asombroso<\/strong><\/p>\n\n\n\n<blockquote class=\"wp-block-quote is-layout-flow wp-block-quote-is-layout-flow\">\n<p>Pois \u00e9 a triste realidade e tendo en conta o feito agravado de que algunha delas eran parte de moci\u00f3ns que foron aprobadas formalmente polo Pleno.<\/p>\n<\/blockquote>\n\n\n\n<p><strong>Por exemplo?<\/strong><\/p>\n\n\n\n<blockquote class=\"wp-block-quote is-layout-flow wp-block-quote-is-layout-flow\">\n<p>A que se aprobou no pasado mes de marzo que era unha bater\u00eda de medidas concretas para enfrontar o grav\u00edsimo problema social de acceso \u00e1 vivenda.<\/p>\n<\/blockquote>\n\n\n\n<p><strong>No debate dos orzamentos cantas emendas presentou o BNG?<\/strong><\/p>\n\n\n\n<blockquote class=\"wp-block-quote is-layout-flow wp-block-quote-is-layout-flow\">\n<p>152.<\/p>\n<\/blockquote>\n\n\n\n<p><strong>Cantas aceptou o goberno?<\/strong><\/p>\n\n\n\n<blockquote class=\"wp-block-quote is-layout-flow wp-block-quote-is-layout-flow\">\n<p>Ningunha. E boa parte delas eran resultado da permanente comunicaci\u00f3n que temos co tecido asociativo de Vigo ao que o goberno n\u00e9gase a escoitar.<\/p>\n<\/blockquote>\n\n\n\n<p><strong>E o PP cantas presentou?<\/strong><\/p>\n\n\n\n<blockquote class=\"wp-block-quote is-layout-flow wp-block-quote-is-layout-flow\">\n<p>Unha.<\/p>\n<\/blockquote>\n\n\n\n<p><strong>S\u00f3 unha?<\/strong><\/p>\n\n\n\n<blockquote class=\"wp-block-quote is-layout-flow wp-block-quote-is-layout-flow\">\n<p>Si, unicamente unha emenda de devoluci\u00f3n. O PP de Vigo vive instalado na preguiza. O \u00fanico que fan \u00e9 xustificar o maltrato da Xunta coa maior cidade galega.<\/p>\n<\/blockquote>\n\n\n\n<p><strong>Cal \u00e9 a t\u00faa opini\u00f3n sobre a pol\u00edtica tributaria que aplica o Concello?<\/strong><\/p>\n\n\n\n<blockquote class=\"wp-block-quote is-layout-flow wp-block-quote-is-layout-flow\">\n<p>\u00c9 absolutamente inxusta en termos sociais. A s\u00faa pol\u00edtica \u00e9 unha suba xeral do 4% que non ten a m\u00e1is m\u00ednima xustificaci\u00f3n. A alternativa do PP era unha baixada lineal. N\u00f3s dicimos que no debate sobre impostos o m\u00e1is xusto \u00e9 que as pol\u00edticas tributarias sexan o m\u00e1is progresivas que se poidan: que pague m\u00e1is quen m\u00e1is ten, e que pague menos quen dispo\u00f1a de menos recursos.<\/p>\n<\/blockquote>\n\n\n\n<blockquote class=\"wp-block-quote is-layout-flow wp-block-quote-is-layout-flow\">\n<p>O grave \u00e9 que se lle cobra m\u00e1is aos vigueses e \u00e1s viguesas pero que non se lle devolve en forma de actuaci\u00f3ns e programas. Isto orixina un inmenso remanente de tesourer\u00eda, de preto de 200 mill\u00f3ns, que cando se retomen as regras fiscais, suspendidas desde a pandemia, \u00e9 m\u00e1is que probable que sexan incautados polo Estado e non se poidan utilizar en beneficio da veci\u00f1anza.<\/p>\n<\/blockquote>\n\n\n\n<p><strong>A escasa execuci\u00f3n orzamentaria incide na inadecuada atenci\u00f3n aos colectivos m\u00e1is vulnerables?<\/strong><\/p>\n\n\n\n<blockquote class=\"wp-block-quote is-layout-flow wp-block-quote-is-layout-flow\">\n<p>Si, claro que si. As axudas sociais rec\u00f3rtanse cada vez m\u00e1is. E isto \u00e9 especialmente grave nunha cidade que segundo o \u00edndice AROPE ten 60.000 persoas en risco de exclusi\u00f3n social, con m\u00e1is de 20.000 persoas rexistradas como desempregadas, con m\u00e1is de 200 persoas sen teito, con centos de familias que te\u00f1en que acudir aos bancos de alimentos para poderen comer&#8230;<\/p>\n<\/blockquote>\n\n\n\n<blockquote class=\"wp-block-quote is-layout-flow wp-block-quote-is-layout-flow\">\n<p>Pois ante esta realidade o goberno de Abel Caballero non fai outra cousa que pol\u00edticas de aparencia en lugar de converter o Concello, como vimos demandando o BNG, nun verdadeiro parapeto social para que ningu\u00e9n quede atr\u00e1s. O problema parece que \u00e9 que combater a pobreza non se pode inaugurar.<\/p>\n<\/blockquote>\n\n\n\n<p><strong>Antes apuntabas algo ao respecto da dificultade do acceso \u00e1 vivenda. Como valoras a pol\u00edtica neste campo que desenvolve o goberno de Vigo?<\/strong><\/p>\n\n\n\n<blockquote class=\"wp-block-quote is-layout-flow wp-block-quote-is-layout-flow\">\n<p>A situaci\u00f3n do acceso \u00e1 vivenda \u00e9 dram\u00e1tica. Nos \u00faltimos cinco anos os alugueiros encarec\u00e9ronse arredor dun 30%.Os prezos son disparatados: pisos pequenos a 700 \u20ac, habitaci\u00f3ns en vivendas compartidas a 350\u20ac&#8230; e unha oferta cada vez m\u00e1is restrinxida. Isto obedece a un fen\u00f3meno que o alcalde acabou por alentar: os pisos tur\u00edsticos. Nos \u00faltimos tres anos o n\u00famero de vivendas de uso tur\u00edstico en Vigo aumentou un 217% e xa son 5 veces m\u00e1is que as dispo\u00f1\u00edbeis para alugueiro convencional.<\/p>\n<\/blockquote>\n\n\n\n<p><strong>E diante desta situaci\u00f3n que fixo o goberno municipal?<\/strong><\/p>\n\n\n\n<blockquote class=\"wp-block-quote is-layout-flow wp-block-quote-is-layout-flow\">\n<p>Nada, absolutamente nada<\/p>\n<\/blockquote>\n\n\n\n<p><strong>Aquela promesa do alcalde de que en catro anos \u00eda constru\u00edr 6.000 vivendas protexidas en que quedou?<\/strong><\/p>\n\n\n\n<blockquote class=\"wp-block-quote is-layout-flow wp-block-quote-is-layout-flow\">\n<p>Como moitas outras quedou en nada. Non \u00e9 que non fixera esa cantidade \u00e9 que non fixo ningunha. O acceso \u00e1 vivenda \u00e9 un problema grav\u00edsimo, nunha cidade que ten 22.000 vivendas baleiras e arredor de 6.000 persoas inscritas como demandantes dunha vivenda de protecci\u00f3n oficial. E fronte as medidas de acci\u00f3n concreta que prop\u00f3n o BNG o goberno municipal n\u00e9gase a facer nada. Esta pol\u00edtica de brazos ca\u00eddos do alcalde de Vigo o \u00fanico que fai \u00e9 agravar a nefasta pol\u00edtica de vivenda do PP desde a Xunta.<\/p>\n<\/blockquote>\n\n\n\n<p><strong>Cal \u00e9 o motivo das vosas cr\u00edticas \u00e1 pol\u00edtica sobre o benestar animal que practica o Concello?<\/strong><\/p>\n\n\n\n<blockquote class=\"wp-block-quote is-layout-flow wp-block-quote-is-layout-flow\">\n<p>Nunha cidade cun goberno que practica o arboricidio permanente, a sensibilidade cara ao benestar animal tampouco existe. Por exemplo, no canto de converter o antigo zoo nun espazo de recuperaci\u00f3n de fauna e de sensibilizaci\u00f3n ambiental, o que se busca \u00e9 un parque multiaventura.<\/p>\n<\/blockquote>\n\n\n\n<blockquote class=\"wp-block-quote is-layout-flow wp-block-quote-is-layout-flow\">\n<p>Por outra parte na antiga canceira da Madroa estase a vivir unha situaci\u00f3n l\u00edmite e temos indicios de que se estar\u00eda a abusar da eutanasia veterinaria sen xustificaci\u00f3n.<\/p>\n<\/blockquote>\n\n\n\n<p><strong>Como est\u00e1 a sa\u00fade pol\u00edtica do BNG de Vigo?<\/strong><\/p>\n\n\n\n<blockquote class=\"wp-block-quote is-layout-flow wp-block-quote-is-layout-flow\">\n<p>O BNG de Vigo est\u00e1 en plena forma. Vimos de pechar neste 2024 un intens\u00edsimo ciclo electoral con resultados extraordinarios en todos e cada uns dos procesos, destacando o fito hist\u00f3rico de febreiro 2024 cando por primeira vez o BNG foi a forza m\u00e1is votada na cidade de Vigo nas elecci\u00f3ns galegas, derrotando ao Partido Popular e case duplicando en votos ao PSOE. Estamos nas mellores condici\u00f3ns para seguir avanzando cara a acadarmos que o nacionalismo galego volva ser unha forza pol\u00edtica determinante na nosa cidade. E se ollamos para atr\u00e1s vemos como cada vez que o BNG avanzou a Vigo foille ben, moi ben. Un BNG determinante en Vigo far\u00e1 que a cidade se converta no motor de todo un Pa\u00eds.<\/p>\n<\/blockquote>\n","protected":false},"excerpt":{"rendered":"<div class=\"mh-excerpt\"><p>Cando tiven a primeira conversa acougada e extensa con Xabier P\u00e9rez Igrexas, falo de memoria pero coido que foi no ano 16, escrib\u00edn en ANP que Xabier acabar\u00eda por ser alcalde de Vigo <a class=\"mh-excerpt-more\" href=\"https:\/\/www.anovapeneira.gal\/index.php\/2025\/01\/13\/xabier-p-igrexas-voceiro-do-bloque-de-vigo\/\" title=\"Xabier P. Igrexas, voceiro do Bloque de Vigo\">[&#8230;]<\/a><\/p>\n<\/div>","protected":false},"author":3,"featured_media":13081,"comment_status":"open","ping_status":"open","sticky":false,"template":"","format":"standard","meta":{"_exactmetrics_skip_tracking":false,"_exactmetrics_sitenote_active":false,"_exactmetrics_sitenote_note":"","_exactmetrics_sitenote_category":0,"footnotes":""},"categories":[272],"tags":[],"class_list":{"0":"post-13080","1":"post","2":"type-post","3":"status-publish","4":"format-standard","5":"has-post-thumbnail","7":"category-vigo-entrevistas"},"yoast_head":"<!-- This site is optimized with the Yoast SEO plugin v27.4 - https:\/\/yoast.com\/product\/yoast-seo-wordpress\/ -->\n<title>Xabier P. Igrexas, voceiro do Bloque de Vigo -<\/title>\n<meta name=\"robots\" content=\"index, follow, max-snippet:-1, max-image-preview:large, max-video-preview:-1\" \/>\n<link rel=\"canonical\" href=\"https:\/\/www.anovapeneira.gal\/index.php\/2025\/01\/13\/xabier-p-igrexas-voceiro-do-bloque-de-vigo\/\" \/>\n<meta property=\"og:locale\" content=\"gl_ES\" \/>\n<meta property=\"og:type\" content=\"article\" \/>\n<meta property=\"og:title\" content=\"Xabier P. Igrexas, voceiro do Bloque de Vigo -\" \/>\n<meta property=\"og:description\" content=\"Cando tiven a primeira conversa acougada e extensa con Xabier P\u00e9rez Igrexas, falo de memoria pero coido que foi no ano 16, escrib\u00edn en ANP que Xabier acabar\u00eda por ser alcalde de Vigo [...]\" \/>\n<meta property=\"og:url\" content=\"https:\/\/www.anovapeneira.gal\/index.php\/2025\/01\/13\/xabier-p-igrexas-voceiro-do-bloque-de-vigo\/\" \/>\n<meta property=\"article:publisher\" content=\"https:\/\/www.facebook.com\/anovapeneira\" \/>\n<meta property=\"article:published_time\" content=\"2025-01-13T09:00:08+00:00\" \/>\n<meta property=\"og:image\" content=\"https:\/\/www.anovapeneira.gal\/wp-content\/uploads\/2025\/01\/Xabier_Perez_igrexas.jpg\" \/>\n\t<meta property=\"og:image:width\" content=\"720\" \/>\n\t<meta property=\"og:image:height\" content=\"432\" \/>\n\t<meta property=\"og:image:type\" content=\"image\/jpeg\" \/>\n<meta name=\"author\" content=\"Redacci\u00f3n A Nova Peneira\" \/>\n<meta name=\"twitter:card\" content=\"summary_large_image\" \/>\n<meta name=\"twitter:creator\" content=\"@APeneira\" \/>\n<meta name=\"twitter:site\" content=\"@APeneira\" \/>\n<meta name=\"twitter:label1\" content=\"Escrito por\" \/>\n\t<meta name=\"twitter:data1\" content=\"Redacci\u00f3n A Nova Peneira\" \/>\n\t<meta name=\"twitter:label2\" content=\"Tempo de lectura\" \/>\n\t<meta name=\"twitter:data2\" content=\"3 minutos\" \/>\n<script type=\"application\/ld+json\" class=\"yoast-schema-graph\">{\"@context\":\"https:\\\/\\\/schema.org\",\"@graph\":[{\"@type\":\"Article\",\"@id\":\"https:\\\/\\\/www.anovapeneira.gal\\\/index.php\\\/2025\\\/01\\\/13\\\/xabier-p-igrexas-voceiro-do-bloque-de-vigo\\\/#article\",\"isPartOf\":{\"@id\":\"https:\\\/\\\/www.anovapeneira.gal\\\/index.php\\\/2025\\\/01\\\/13\\\/xabier-p-igrexas-voceiro-do-bloque-de-vigo\\\/\"},\"author\":{\"name\":\"Redacci\u00f3n A Nova Peneira\",\"@id\":\"https:\\\/\\\/www.anovapeneira.gal\\\/#\\\/schema\\\/person\\\/b93e3f8932e3f8da96334607eb6ac6aa\"},\"headline\":\"Xabier P. Igrexas, voceiro do Bloque de Vigo\",\"datePublished\":\"2025-01-13T09:00:08+00:00\",\"mainEntityOfPage\":{\"@id\":\"https:\\\/\\\/www.anovapeneira.gal\\\/index.php\\\/2025\\\/01\\\/13\\\/xabier-p-igrexas-voceiro-do-bloque-de-vigo\\\/\"},\"wordCount\":1789,\"commentCount\":0,\"publisher\":{\"@id\":\"https:\\\/\\\/www.anovapeneira.gal\\\/#organization\"},\"image\":{\"@id\":\"https:\\\/\\\/www.anovapeneira.gal\\\/index.php\\\/2025\\\/01\\\/13\\\/xabier-p-igrexas-voceiro-do-bloque-de-vigo\\\/#primaryimage\"},\"thumbnailUrl\":\"https:\\\/\\\/www.anovapeneira.gal\\\/wp-content\\\/uploads\\\/2025\\\/01\\\/Xabier_Perez_igrexas.jpg\",\"articleSection\":[\"Vigo\"],\"inLanguage\":\"gl-ES\",\"potentialAction\":[{\"@type\":\"CommentAction\",\"name\":\"Comment\",\"target\":[\"https:\\\/\\\/www.anovapeneira.gal\\\/index.php\\\/2025\\\/01\\\/13\\\/xabier-p-igrexas-voceiro-do-bloque-de-vigo\\\/#respond\"]}]},{\"@type\":\"WebPage\",\"@id\":\"https:\\\/\\\/www.anovapeneira.gal\\\/index.php\\\/2025\\\/01\\\/13\\\/xabier-p-igrexas-voceiro-do-bloque-de-vigo\\\/\",\"url\":\"https:\\\/\\\/www.anovapeneira.gal\\\/index.php\\\/2025\\\/01\\\/13\\\/xabier-p-igrexas-voceiro-do-bloque-de-vigo\\\/\",\"name\":\"Xabier P. Igrexas, voceiro do Bloque de Vigo -\",\"isPartOf\":{\"@id\":\"https:\\\/\\\/www.anovapeneira.gal\\\/#website\"},\"primaryImageOfPage\":{\"@id\":\"https:\\\/\\\/www.anovapeneira.gal\\\/index.php\\\/2025\\\/01\\\/13\\\/xabier-p-igrexas-voceiro-do-bloque-de-vigo\\\/#primaryimage\"},\"image\":{\"@id\":\"https:\\\/\\\/www.anovapeneira.gal\\\/index.php\\\/2025\\\/01\\\/13\\\/xabier-p-igrexas-voceiro-do-bloque-de-vigo\\\/#primaryimage\"},\"thumbnailUrl\":\"https:\\\/\\\/www.anovapeneira.gal\\\/wp-content\\\/uploads\\\/2025\\\/01\\\/Xabier_Perez_igrexas.jpg\",\"datePublished\":\"2025-01-13T09:00:08+00:00\",\"breadcrumb\":{\"@id\":\"https:\\\/\\\/www.anovapeneira.gal\\\/index.php\\\/2025\\\/01\\\/13\\\/xabier-p-igrexas-voceiro-do-bloque-de-vigo\\\/#breadcrumb\"},\"inLanguage\":\"gl-ES\",\"potentialAction\":[{\"@type\":\"ReadAction\",\"target\":[\"https:\\\/\\\/www.anovapeneira.gal\\\/index.php\\\/2025\\\/01\\\/13\\\/xabier-p-igrexas-voceiro-do-bloque-de-vigo\\\/\"]}]},{\"@type\":\"ImageObject\",\"inLanguage\":\"gl-ES\",\"@id\":\"https:\\\/\\\/www.anovapeneira.gal\\\/index.php\\\/2025\\\/01\\\/13\\\/xabier-p-igrexas-voceiro-do-bloque-de-vigo\\\/#primaryimage\",\"url\":\"https:\\\/\\\/www.anovapeneira.gal\\\/wp-content\\\/uploads\\\/2025\\\/01\\\/Xabier_Perez_igrexas.jpg\",\"contentUrl\":\"https:\\\/\\\/www.anovapeneira.gal\\\/wp-content\\\/uploads\\\/2025\\\/01\\\/Xabier_Perez_igrexas.jpg\",\"width\":720,\"height\":432,\"caption\":\"Xabier P. Igrexas, voceiro do Bloque de Vigo\"},{\"@type\":\"BreadcrumbList\",\"@id\":\"https:\\\/\\\/www.anovapeneira.gal\\\/index.php\\\/2025\\\/01\\\/13\\\/xabier-p-igrexas-voceiro-do-bloque-de-vigo\\\/#breadcrumb\",\"itemListElement\":[{\"@type\":\"ListItem\",\"position\":1,\"name\":\"Portada\",\"item\":\"https:\\\/\\\/www.anovapeneira.gal\\\/\"},{\"@type\":\"ListItem\",\"position\":2,\"name\":\"Xabier P. Igrexas, voceiro do Bloque de Vigo\"}]},{\"@type\":\"WebSite\",\"@id\":\"https:\\\/\\\/www.anovapeneira.gal\\\/#website\",\"url\":\"https:\\\/\\\/www.anovapeneira.gal\\\/\",\"name\":\"\",\"description\":\"Xornal galego de informaci\u00f3n xeral Publicaci\u00f3n mensual de novas de Galicia e en especial dos Concellos da sur da provincia de Pontevedra.\",\"publisher\":{\"@id\":\"https:\\\/\\\/www.anovapeneira.gal\\\/#organization\"},\"potentialAction\":[{\"@type\":\"SearchAction\",\"target\":{\"@type\":\"EntryPoint\",\"urlTemplate\":\"https:\\\/\\\/www.anovapeneira.gal\\\/?s={search_term_string}\"},\"query-input\":{\"@type\":\"PropertyValueSpecification\",\"valueRequired\":true,\"valueName\":\"search_term_string\"}}],\"inLanguage\":\"gl-ES\"},{\"@type\":\"Organization\",\"@id\":\"https:\\\/\\\/www.anovapeneira.gal\\\/#organization\",\"name\":\"A Nova Peneira\",\"url\":\"https:\\\/\\\/www.anovapeneira.gal\\\/\",\"logo\":{\"@type\":\"ImageObject\",\"inLanguage\":\"gl-ES\",\"@id\":\"https:\\\/\\\/www.anovapeneira.gal\\\/#\\\/schema\\\/logo\\\/image\\\/\",\"url\":\"http:\\\/\\\/www.anovapeneira.gal\\\/wp-content\\\/uploads\\\/2019\\\/06\\\/logo_a_nova_peneira_portal_web.png\",\"contentUrl\":\"http:\\\/\\\/www.anovapeneira.gal\\\/wp-content\\\/uploads\\\/2019\\\/06\\\/logo_a_nova_peneira_portal_web.png\",\"width\":300,\"height\":100,\"caption\":\"A Nova Peneira\"},\"image\":{\"@id\":\"https:\\\/\\\/www.anovapeneira.gal\\\/#\\\/schema\\\/logo\\\/image\\\/\"},\"sameAs\":[\"https:\\\/\\\/www.facebook.com\\\/anovapeneira\",\"https:\\\/\\\/x.com\\\/APeneira\"]},{\"@type\":\"Person\",\"@id\":\"https:\\\/\\\/www.anovapeneira.gal\\\/#\\\/schema\\\/person\\\/b93e3f8932e3f8da96334607eb6ac6aa\",\"name\":\"Redacci\u00f3n A Nova Peneira\",\"image\":{\"@type\":\"ImageObject\",\"inLanguage\":\"gl-ES\",\"@id\":\"https:\\\/\\\/secure.gravatar.com\\\/avatar\\\/c052a2551a06e23fac63626232eaa90abd78dbcf1700fc46a2b2c89fd27b735f?s=96&d=mm&r=g\",\"url\":\"https:\\\/\\\/secure.gravatar.com\\\/avatar\\\/c052a2551a06e23fac63626232eaa90abd78dbcf1700fc46a2b2c89fd27b735f?s=96&d=mm&r=g\",\"contentUrl\":\"https:\\\/\\\/secure.gravatar.com\\\/avatar\\\/c052a2551a06e23fac63626232eaa90abd78dbcf1700fc46a2b2c89fd27b735f?s=96&d=mm&r=g\",\"caption\":\"Redacci\u00f3n A Nova Peneira\"},\"sameAs\":[\"http:\\\/\\\/www.anovapeneira.gal\\\/\"],\"url\":\"https:\\\/\\\/www.anovapeneira.gal\\\/index.php\\\/author\\\/redactor\\\/\"}]}<\/script>\n<!-- \/ Yoast SEO plugin. -->","yoast_head_json":{"title":"Xabier P. Igrexas, voceiro do Bloque de Vigo -","robots":{"index":"index","follow":"follow","max-snippet":"max-snippet:-1","max-image-preview":"max-image-preview:large","max-video-preview":"max-video-preview:-1"},"canonical":"https:\/\/www.anovapeneira.gal\/index.php\/2025\/01\/13\/xabier-p-igrexas-voceiro-do-bloque-de-vigo\/","og_locale":"gl_ES","og_type":"article","og_title":"Xabier P. Igrexas, voceiro do Bloque de Vigo -","og_description":"Cando tiven a primeira conversa acougada e extensa con Xabier P\u00e9rez Igrexas, falo de memoria pero coido que foi no ano 16, escrib\u00edn en ANP que Xabier acabar\u00eda por ser alcalde de Vigo [...]","og_url":"https:\/\/www.anovapeneira.gal\/index.php\/2025\/01\/13\/xabier-p-igrexas-voceiro-do-bloque-de-vigo\/","article_publisher":"https:\/\/www.facebook.com\/anovapeneira","article_published_time":"2025-01-13T09:00:08+00:00","og_image":[{"width":720,"height":432,"url":"https:\/\/www.anovapeneira.gal\/wp-content\/uploads\/2025\/01\/Xabier_Perez_igrexas.jpg","type":"image\/jpeg"}],"author":"Redacci\u00f3n A Nova Peneira","twitter_card":"summary_large_image","twitter_creator":"@APeneira","twitter_site":"@APeneira","twitter_misc":{"Escrito por":"Redacci\u00f3n A Nova Peneira","Tempo de lectura":"3 minutos"},"schema":{"@context":"https:\/\/schema.org","@graph":[{"@type":"Article","@id":"https:\/\/www.anovapeneira.gal\/index.php\/2025\/01\/13\/xabier-p-igrexas-voceiro-do-bloque-de-vigo\/#article","isPartOf":{"@id":"https:\/\/www.anovapeneira.gal\/index.php\/2025\/01\/13\/xabier-p-igrexas-voceiro-do-bloque-de-vigo\/"},"author":{"name":"Redacci\u00f3n A Nova Peneira","@id":"https:\/\/www.anovapeneira.gal\/#\/schema\/person\/b93e3f8932e3f8da96334607eb6ac6aa"},"headline":"Xabier P. Igrexas, voceiro do Bloque de Vigo","datePublished":"2025-01-13T09:00:08+00:00","mainEntityOfPage":{"@id":"https:\/\/www.anovapeneira.gal\/index.php\/2025\/01\/13\/xabier-p-igrexas-voceiro-do-bloque-de-vigo\/"},"wordCount":1789,"commentCount":0,"publisher":{"@id":"https:\/\/www.anovapeneira.gal\/#organization"},"image":{"@id":"https:\/\/www.anovapeneira.gal\/index.php\/2025\/01\/13\/xabier-p-igrexas-voceiro-do-bloque-de-vigo\/#primaryimage"},"thumbnailUrl":"https:\/\/www.anovapeneira.gal\/wp-content\/uploads\/2025\/01\/Xabier_Perez_igrexas.jpg","articleSection":["Vigo"],"inLanguage":"gl-ES","potentialAction":[{"@type":"CommentAction","name":"Comment","target":["https:\/\/www.anovapeneira.gal\/index.php\/2025\/01\/13\/xabier-p-igrexas-voceiro-do-bloque-de-vigo\/#respond"]}]},{"@type":"WebPage","@id":"https:\/\/www.anovapeneira.gal\/index.php\/2025\/01\/13\/xabier-p-igrexas-voceiro-do-bloque-de-vigo\/","url":"https:\/\/www.anovapeneira.gal\/index.php\/2025\/01\/13\/xabier-p-igrexas-voceiro-do-bloque-de-vigo\/","name":"Xabier P. Igrexas, voceiro do Bloque de Vigo -","isPartOf":{"@id":"https:\/\/www.anovapeneira.gal\/#website"},"primaryImageOfPage":{"@id":"https:\/\/www.anovapeneira.gal\/index.php\/2025\/01\/13\/xabier-p-igrexas-voceiro-do-bloque-de-vigo\/#primaryimage"},"image":{"@id":"https:\/\/www.anovapeneira.gal\/index.php\/2025\/01\/13\/xabier-p-igrexas-voceiro-do-bloque-de-vigo\/#primaryimage"},"thumbnailUrl":"https:\/\/www.anovapeneira.gal\/wp-content\/uploads\/2025\/01\/Xabier_Perez_igrexas.jpg","datePublished":"2025-01-13T09:00:08+00:00","breadcrumb":{"@id":"https:\/\/www.anovapeneira.gal\/index.php\/2025\/01\/13\/xabier-p-igrexas-voceiro-do-bloque-de-vigo\/#breadcrumb"},"inLanguage":"gl-ES","potentialAction":[{"@type":"ReadAction","target":["https:\/\/www.anovapeneira.gal\/index.php\/2025\/01\/13\/xabier-p-igrexas-voceiro-do-bloque-de-vigo\/"]}]},{"@type":"ImageObject","inLanguage":"gl-ES","@id":"https:\/\/www.anovapeneira.gal\/index.php\/2025\/01\/13\/xabier-p-igrexas-voceiro-do-bloque-de-vigo\/#primaryimage","url":"https:\/\/www.anovapeneira.gal\/wp-content\/uploads\/2025\/01\/Xabier_Perez_igrexas.jpg","contentUrl":"https:\/\/www.anovapeneira.gal\/wp-content\/uploads\/2025\/01\/Xabier_Perez_igrexas.jpg","width":720,"height":432,"caption":"Xabier P. Igrexas, voceiro do Bloque de Vigo"},{"@type":"BreadcrumbList","@id":"https:\/\/www.anovapeneira.gal\/index.php\/2025\/01\/13\/xabier-p-igrexas-voceiro-do-bloque-de-vigo\/#breadcrumb","itemListElement":[{"@type":"ListItem","position":1,"name":"Portada","item":"https:\/\/www.anovapeneira.gal\/"},{"@type":"ListItem","position":2,"name":"Xabier P. Igrexas, voceiro do Bloque de Vigo"}]},{"@type":"WebSite","@id":"https:\/\/www.anovapeneira.gal\/#website","url":"https:\/\/www.anovapeneira.gal\/","name":"","description":"Xornal galego de informaci\u00f3n xeral Publicaci\u00f3n mensual de novas de Galicia e en especial dos Concellos da sur da provincia de Pontevedra.","publisher":{"@id":"https:\/\/www.anovapeneira.gal\/#organization"},"potentialAction":[{"@type":"SearchAction","target":{"@type":"EntryPoint","urlTemplate":"https:\/\/www.anovapeneira.gal\/?s={search_term_string}"},"query-input":{"@type":"PropertyValueSpecification","valueRequired":true,"valueName":"search_term_string"}}],"inLanguage":"gl-ES"},{"@type":"Organization","@id":"https:\/\/www.anovapeneira.gal\/#organization","name":"A Nova Peneira","url":"https:\/\/www.anovapeneira.gal\/","logo":{"@type":"ImageObject","inLanguage":"gl-ES","@id":"https:\/\/www.anovapeneira.gal\/#\/schema\/logo\/image\/","url":"http:\/\/www.anovapeneira.gal\/wp-content\/uploads\/2019\/06\/logo_a_nova_peneira_portal_web.png","contentUrl":"http:\/\/www.anovapeneira.gal\/wp-content\/uploads\/2019\/06\/logo_a_nova_peneira_portal_web.png","width":300,"height":100,"caption":"A Nova Peneira"},"image":{"@id":"https:\/\/www.anovapeneira.gal\/#\/schema\/logo\/image\/"},"sameAs":["https:\/\/www.facebook.com\/anovapeneira","https:\/\/x.com\/APeneira"]},{"@type":"Person","@id":"https:\/\/www.anovapeneira.gal\/#\/schema\/person\/b93e3f8932e3f8da96334607eb6ac6aa","name":"Redacci\u00f3n A Nova Peneira","image":{"@type":"ImageObject","inLanguage":"gl-ES","@id":"https:\/\/secure.gravatar.com\/avatar\/c052a2551a06e23fac63626232eaa90abd78dbcf1700fc46a2b2c89fd27b735f?s=96&d=mm&r=g","url":"https:\/\/secure.gravatar.com\/avatar\/c052a2551a06e23fac63626232eaa90abd78dbcf1700fc46a2b2c89fd27b735f?s=96&d=mm&r=g","contentUrl":"https:\/\/secure.gravatar.com\/avatar\/c052a2551a06e23fac63626232eaa90abd78dbcf1700fc46a2b2c89fd27b735f?s=96&d=mm&r=g","caption":"Redacci\u00f3n A Nova Peneira"},"sameAs":["http:\/\/www.anovapeneira.gal\/"],"url":"https:\/\/www.anovapeneira.gal\/index.php\/author\/redactor\/"}]}},"jetpack_featured_media_url":"https:\/\/www.anovapeneira.gal\/wp-content\/uploads\/2025\/01\/Xabier_Perez_igrexas.jpg","_links":{"self":[{"href":"https:\/\/www.anovapeneira.gal\/index.php\/wp-json\/wp\/v2\/posts\/13080","targetHints":{"allow":["GET"]}}],"collection":[{"href":"https:\/\/www.anovapeneira.gal\/index.php\/wp-json\/wp\/v2\/posts"}],"about":[{"href":"https:\/\/www.anovapeneira.gal\/index.php\/wp-json\/wp\/v2\/types\/post"}],"author":[{"embeddable":true,"href":"https:\/\/www.anovapeneira.gal\/index.php\/wp-json\/wp\/v2\/users\/3"}],"replies":[{"embeddable":true,"href":"https:\/\/www.anovapeneira.gal\/index.php\/wp-json\/wp\/v2\/comments?post=13080"}],"version-history":[{"count":2,"href":"https:\/\/www.anovapeneira.gal\/index.php\/wp-json\/wp\/v2\/posts\/13080\/revisions"}],"predecessor-version":[{"id":13083,"href":"https:\/\/www.anovapeneira.gal\/index.php\/wp-json\/wp\/v2\/posts\/13080\/revisions\/13083"}],"wp:featuredmedia":[{"embeddable":true,"href":"https:\/\/www.anovapeneira.gal\/index.php\/wp-json\/wp\/v2\/media\/13081"}],"wp:attachment":[{"href":"https:\/\/www.anovapeneira.gal\/index.php\/wp-json\/wp\/v2\/media?parent=13080"}],"wp:term":[{"taxonomy":"category","embeddable":true,"href":"https:\/\/www.anovapeneira.gal\/index.php\/wp-json\/wp\/v2\/categories?post=13080"},{"taxonomy":"post_tag","embeddable":true,"href":"https:\/\/www.anovapeneira.gal\/index.php\/wp-json\/wp\/v2\/tags?post=13080"}],"curies":[{"name":"wp","href":"https:\/\/api.w.org\/{rel}","templated":true}]}}