{"id":1309,"date":"2019-09-24T10:00:06","date_gmt":"2019-09-24T08:00:06","guid":{"rendered":"http:\/\/www.anovapeneira.gal\/?p=1309"},"modified":"2019-09-22T19:56:39","modified_gmt":"2019-09-22T17:56:39","slug":"o-futbol-en-gondomar","status":"publish","type":"post","link":"https:\/\/www.anovapeneira.gal\/index.php\/2019\/09\/24\/o-futbol-en-gondomar\/","title":{"rendered":"O f\u00fatbol en Gondomar"},"content":{"rendered":"\n<p>Gondomar \u00e9 un concello do suroeste da provincia de Pontevedra. Forma parte da comarca do Val  Mi\u00f1or. Na actualidade est\u00e1 integrado administrativamente na comarca de Vigo. At\u00f3pase situado na contorna natural do val  Mi\u00f1or, entre a serra de  Gali\u00f1eiro e a ribeira do r\u00edo  Mi\u00f1or. Limita ao norte co municipio de Vigo, ao oeste cos de Nigr\u00e1n e Baiona, ao sur cos de  Tui e Tomi\u00f1o e ao leste cos de  Tui, Vigo e Porri\u00f1o.<\/p>\n\n\n\n<p>Do que imos falar hoxe deste fermosos e natural concello, \u00e9 do deporte, concretamente do f\u00fatbol. Gondomar conta con catro equipos federados dos que de seguido imos co\u00f1ecer un pouqui\u00f1o.<\/p>\n\n\n\n<h2 class=\"wp-block-heading\"><strong>CLUB DE F\u00daTBOL GONDOMAR<\/strong><\/h2>\n\n\n\n<p>O equipo foi fundado en 1914 por un grupo de rapaces co nome de Gondomar Football Club, cando en Vigo exist\u00edan xa o Vigo Foot-ball Club e o Real Club Fortuna. En 1917 mudaron o nome do equipo polo de Gondomar Sporting Club, constitu\u00edndose oficialmente ante o Goberno Civil de Pontevedra. Por ent\u00f3n a\u00ednda non participaban en competici\u00f3ns oficiais, sen\u00f3n en partidos amig\u00e1beis. Xa en 1922 o Gondomar SC e o Iris FC, outro equipo da vila, fundaron o equipo Mi\u00f1or FC coa intenci\u00f3n de federalo, m\u00e1is pouco despois o Iris FC botouse atr\u00e1s e fundouse de novo o Gondomar SC. O primeiro campo, na zona das Cercas, foi cedido por Gonzalo Fern\u00e1ndez de C\u00f3rdoba Quesada, und\u00e9cimo conde de Gondomar.<\/p>\n\n\n\n<figure class=\"wp-block-image\"><img loading=\"lazy\" decoding=\"async\" width=\"720\" height=\"473\" src=\"http:\/\/www.anovapeneira.gal\/wp-content\/uploads\/2019\/09\/futbol_gondomar_a_nova_peneira.jpg\" alt=\"F\u00fatbol gondomar A Nova Peneira\" class=\"wp-image-1310\" srcset=\"https:\/\/www.anovapeneira.gal\/wp-content\/uploads\/2019\/09\/futbol_gondomar_a_nova_peneira.jpg 720w, https:\/\/www.anovapeneira.gal\/wp-content\/uploads\/2019\/09\/futbol_gondomar_a_nova_peneira-300x197.jpg 300w\" sizes=\"auto, (max-width: 720px) 100vw, 720px\" \/><\/figure>\n\n\n\n<p>En 1943 inici\u00e1ronse os tr\u00e1mites para constru\u00edr o campo municipal das Gaiandas, inaugurado en 1944 polo presidente do club, Vicente V\u00e1zquez, e o alcalde do concello, Francisco Albor\u00e9s. O equipo federouse ent\u00f3n co nome de Club Gondomar. Un dos primeiros triunfos acadados foi o campionato do Baixo Mi\u00f1o-Val Mi\u00f1or, que lle permitiu disputar o t\u00edtulo de Campi\u00f3n de Campi\u00f3ns cos ga\u00f1adores das fases celebradas nas outras comarcas do sur de Galicia. Venceu na final ao Coruxo FC.<\/p>\n\n\n\n<figure class=\"wp-block-image\"><img loading=\"lazy\" decoding=\"async\" width=\"150\" height=\"150\" src=\"http:\/\/www.anovapeneira.gal\/wp-content\/uploads\/2019\/09\/logo_club_gondomar_a_nova_peneira.jpg\" alt=\"Club de f\u00fatbol Gondomar A Nova Peneira\" class=\"wp-image-1311\"\/><\/figure>\n\n\n\n<p>Logo de anos\nnas categor\u00edas rexionais, na tempada 1980-81 ascenderon a Rexional\nPreferente. Na tempada 1981-82 quedaron segundos e xogaron a\npromoci\u00f3n a Terceira contra o Meir\u00e1s. Empataron na ida xogada en\nFerrol e venceron 4-1 no encontro de volta con tres goles de Javier,\no que permitiu lograr un novo ascenso. Logo de perder a categor\u00eda\nchegar\u00eda a recuperala anos despois. Na d\u00e9cada de 1990 volveu xogar\nnas categor\u00edas rexionais, e despois logrou estabilizarse en Rexional\nPreferente. Nos \u00faltimos anos constru\u00eduse un novo campo nas Cercas.<\/p>\n\n\n\n<p>A s\u00faa equipaxe consta de camiseta branca, pantal\u00f3n azul e medias azuis e nesta tempada 19\/20 compite en Segunda Auton\u00f3mica Grupo 11.<\/p>\n\n\n\n<h2 class=\"wp-block-heading\"><strong>F\u00daTBOL BASE GONDOMAR:<\/strong><\/h2>\n\n\n\n<p>No\nano 2002 o Gondomar CF creou f\u00fatbol base para todas as categor\u00edas,\ne unha escola de formaci\u00f3n. Tr\u00e1tase dunha escola de alto\nrendemento, que atende unha demanda hist\u00f3rica do club e do Val\nMi\u00f1or. \n<\/p>\n\n\n\n<p>Esta \u00e9 unha\nescola de f\u00fatbol de alto rendemento, con t\u00e9cnicos profesionais e\nunha boa estrutura, para traballar desde a diversi\u00f3n, en beneficio\nda formaci\u00f3n e a educaci\u00f3n en valores. Unha escola diferente,\nalcanzable, amable, e con moitas actividades paralelas para regalar\nunha gran etapa, a pequenos e maiores. Conta con categor\u00edas dende\nMini ata 3\u00ba Rexional en competici\u00f3ns de 15 Ligas a nivel Provincial\nparticipando en torneos de Torneos, Semana Santa e Concello de\nGondomar.<\/p>\n\n\n\n<p>As\nnovas tecnolox\u00edas permitiren un trato pr\u00f3ximo coas familias, a s\u00faa\nrealidade e as s\u00faas necesidades. Te\u00f1en unha li\u00f1a telef\u00f3nica e con\n WhatsApp, no 682 269 770, un tel\u00e9fono fixo 986384445\ne tam\u00e9n se pode contactar a trav\u00e9s do enderezo electr\u00f3nico\n<a href=\"mailto:futbolbase@gondomarcf.com\">futbolbase@gondomarcf.com<\/a>.<\/p>\n\n\n\n<h2 class=\"wp-block-heading\"><strong>CLUB DEPORTIVO VINCIOS:<\/strong><\/h2>\n\n\n\n<figure class=\"wp-block-image\"><img loading=\"lazy\" decoding=\"async\" width=\"720\" height=\"473\" src=\"http:\/\/www.anovapeneira.gal\/wp-content\/uploads\/2019\/09\/club_de-futbol_vincios_a_nova_peneira.jpg\" alt=\"Club de vincios f\u00fatbol A Nova Peneira\" class=\"wp-image-1312\" srcset=\"https:\/\/www.anovapeneira.gal\/wp-content\/uploads\/2019\/09\/club_de-futbol_vincios_a_nova_peneira.jpg 720w, https:\/\/www.anovapeneira.gal\/wp-content\/uploads\/2019\/09\/club_de-futbol_vincios_a_nova_peneira-300x197.jpg 300w\" sizes=\"auto, (max-width: 720px) 100vw, 720px\" \/><\/figure>\n\n\n\n<p>O C.D.\nVincios foi fundado en 1978 polos veci\u00f1os do pobo. Ao longo destes\nanos o club xogou nas categor\u00edas de terceira auton\u00f3mica e segunda\nauton\u00f3mica, mesmo chegou a disputar unha tempada en primeira\nauton\u00f3mica. A d\u00eda de hoxe ou club conta con preto de 200 socios e\nsocias cunhas instalaci\u00f3ns propias provistas de bancadas, cantina,\nvestiarios, aparcadoiro e terreo de xogo de terra. Estas instalaci\u00f3ns\nson moi importantes no pobo, xa que nelas se desenrolan varias\nactividades como o Cros de Santa Mari\u00f1a con 25 edici\u00f3ns, un torneo\nde barrios no que participan t\u00f3dolos veci\u00f1os, e tam\u00e9n realiz\u00e1ronse\ntres edici\u00f3ns do campionato galego de Enduro.<\/p>\n\n\n\n<figure class=\"wp-block-image\"><img loading=\"lazy\" decoding=\"async\" width=\"220\" height=\"229\" src=\"http:\/\/www.anovapeneira.gal\/wp-content\/uploads\/2019\/09\/logo_vincios_club_de_futbol_a_nova_peneira.jpg\" alt=\"Club de F\u00fatbol Vincios A Nova Peneira\" class=\"wp-image-1313\"\/><\/figure>\n\n\n\n<p>P\u00f3dese\ncontactar co club a trav\u00e9s das li\u00f1as telef\u00f3nicas 626668805 e fax\n986469970, ou tam\u00e9n no seu enderezo electr\u00f3nico\n&nbsp;<a href=\"mailto:cfvincios@gmail.com\">cfvincios@gmail.com<\/a>.<\/p>\n\n\n\n<h2 class=\"wp-block-heading\"><strong>CLUB\nDE F\u00daTBOL DEPORTIVO CHA\u00cdN:<\/strong><\/h2>\n\n\n\n<p>O  CCD \nCha\u00edn fed\u00e9rase por vez primeira no ano 1962,  participando no\nCampionato de 1963,  xogou a primeira xornada o 3 de marzo de 1963 no\ncampo de \u201cA  G\u00e1ndara\u201d tivo como rival ao Gondomar CF e un 1-2\ncomo resultado . Naquel momento, a carencia de instalaci\u00f3ns obrigaba\naos xogadores a cambiarse nas casas pr\u00f3ximas ao campo, e a ducharse\nnun regacho. Nesta \u00e9poca o presidente era Fernando  Bargiela, e os\nseus xogadores; Constantino,  Roman, Belo, Dino,  Dominguez, Molina,\nJulio, Xusto, Rebelo,  Tarzan,  Cambra, etc..  \u00c1s d\u00faas tempadas\ndesaparece para volver renacer no ano 1975.<\/p>\n\n\n\n<p>Un grupo de\nentusiastas melloran o terreo de xogo e  constr\u00faen os seus primeiros\nvestiarios. Aprobados os Estatutos, participa na tempada 1976\/77 e\nqueda clasificado en 7\u00ba lugar. Ao seguinte ano a Directiva crea\nequipos de alev\u00edns, infant\u00eds e xuven\u00eds,  conseguindo tres ascensos\ne chegando a xogar na tempada 90-91 en Rexional Preferente, Grupo\nsur.<\/p>\n\n\n\n<p>Como\nmencionei anteriormente, en 1975 constru\u00edronse os primeiros\nvestiarios, coa  colaboracion de t\u00f3dolos veci\u00f1os,  dot\u00e1ndoos con\nauga, corrente e colocando os primeiros focos para poder adestrar de\nnoite. A \u00faltima obra realizada no campo foi a colocaci\u00f3n de herba\nartificial e remodelaci\u00f3n das instalaci\u00f3ns, obra realizada a \ntraves do  Concello de Gondomar pola  Diputraci\u00f3n de Pontevedra. \n<\/p>\n\n\n\n<figure class=\"wp-block-image\"><img loading=\"lazy\" decoding=\"async\" width=\"720\" height=\"473\" src=\"http:\/\/www.anovapeneira.gal\/wp-content\/uploads\/2019\/09\/chain_club_de_futbol_a_nova_peneira.jpg\" alt=\"Club de F\u00fatbol Cha\u00edn A Nova Peneira\" class=\"wp-image-1314\" srcset=\"https:\/\/www.anovapeneira.gal\/wp-content\/uploads\/2019\/09\/chain_club_de_futbol_a_nova_peneira.jpg 720w, https:\/\/www.anovapeneira.gal\/wp-content\/uploads\/2019\/09\/chain_club_de_futbol_a_nova_peneira-300x197.jpg 300w\" sizes=\"auto, (max-width: 720px) 100vw, 720px\" \/><\/figure>\n\n\n\n<p>O  palmares\ndo  CCD  Chain \u00e9 para destacar, dada a humildade do club,\ncompar\u00e1ndoo con moitos dos seus competidores, tendo varios  titulos\nde liga en varias  categorias, subcampeonatos e terceiros postos que\nlevaron a ascensos respectivos.      \n<\/p>\n\n\n\n<p>P\u00f3dese\ncontactar co club a trav\u00e9s das li\u00f1as telef\u00f3nicas 661537288,\n  628123356 e o fax 986335441 ou tam\u00e9n no seu\nenderezo electr\u00f3nico c.c.d.chain@gmail.com<\/p>\n\n\n\n<p>O seu\nequipamento consta de camiseta branca con franxa azul, pantal\u00f3n azul\ne medias brancas.<\/p>\n\n\n\n<p>Actualmente compite en  Segunda Auton\u00f3mica grupo 11 de Vigo o primer equipo, 2\u00aa Auton\u00f3mica Cadete grupo 11 \u00ba de Vigo e 2\u00aa Auton\u00f3mica Infantil, grupo 13\u00ba de Vigo.<\/p>\n\n\n\n<figure class=\"wp-block-image\"><img loading=\"lazy\" decoding=\"async\" width=\"100\" height=\"100\" src=\"http:\/\/www.anovapeneira.gal\/wp-content\/uploads\/2019\/09\/logo_chain_a_nova_peneira_club_de_futbol.jpg\" alt=\"Club de f\u00fatbol cha\u00edn A Nova Peneira\" class=\"wp-image-1315\"\/><\/figure>\n\n\n\n<p>Queremos agradecer \u00e1s directivas pla a informaci\u00f3n para poder elaborar esta reportaxe, sen elas non ser\u00eda posible.<\/p>\n\n\n\n<p>Sorte a todos estes equipos para que te\u00f1an unha moi boa competeci\u00f3n e consegan acadar as s\u00faas expectativas deportivas.<\/p>\n","protected":false},"excerpt":{"rendered":"<div class=\"mh-excerpt\"><p>Gondomar \u00e9 un concello do suroeste da provincia de Pontevedra. Forma parte da comarca do Val  Mi\u00f1or. Na actualidade est\u00e1 integrado administrativamente na comarca de Vigo <a class=\"mh-excerpt-more\" href=\"https:\/\/www.anovapeneira.gal\/index.php\/2019\/09\/24\/o-futbol-en-gondomar\/\" title=\"O f\u00fatbol en Gondomar\">[&#8230;]<\/a><\/p>\n<\/div>","protected":false},"author":3,"featured_media":1316,"comment_status":"open","ping_status":"open","sticky":false,"template":"","format":"standard","meta":{"_exactmetrics_skip_tracking":false,"_exactmetrics_sitenote_active":false,"_exactmetrics_sitenote_note":"","_exactmetrics_sitenote_category":0,"footnotes":""},"categories":[496],"tags":[602,604,603,149,56,368],"class_list":{"0":"post-1309","1":"post","2":"type-post","3":"status-publish","4":"format-standard","5":"has-post-thumbnail","7":"category-val-minor-reportaxes","8":"tag-club-de-futbol-deportivo-chain","9":"tag-club-de-futbol-gondomar","10":"tag-club-deportivo-vincios","11":"tag-concello-de-gondomar","12":"tag-deporte","13":"tag-futbol"},"yoast_head":"<!-- This site is optimized with the Yoast SEO plugin v27.4 - https:\/\/yoast.com\/product\/yoast-seo-wordpress\/ -->\n<title>O f\u00fatbol en Gondomar -<\/title>\n<meta name=\"robots\" content=\"index, follow, max-snippet:-1, max-image-preview:large, max-video-preview:-1\" \/>\n<link rel=\"canonical\" href=\"https:\/\/www.anovapeneira.gal\/index.php\/2019\/09\/24\/o-futbol-en-gondomar\/\" \/>\n<meta property=\"og:locale\" content=\"gl_ES\" \/>\n<meta property=\"og:type\" content=\"article\" \/>\n<meta property=\"og:title\" content=\"O f\u00fatbol en Gondomar -\" \/>\n<meta property=\"og:description\" content=\"Gondomar \u00e9 un concello do suroeste da provincia de Pontevedra. Forma parte da comarca do Val Mi\u00f1or. Na actualidade est\u00e1 integrado administrativamente na comarca de Vigo [...]\" \/>\n<meta property=\"og:url\" content=\"https:\/\/www.anovapeneira.gal\/index.php\/2019\/09\/24\/o-futbol-en-gondomar\/\" \/>\n<meta property=\"article:publisher\" content=\"https:\/\/www.facebook.com\/anovapeneira\" \/>\n<meta property=\"article:published_time\" content=\"2019-09-24T08:00:06+00:00\" \/>\n<meta property=\"og:image\" content=\"https:\/\/www.anovapeneira.gal\/wp-content\/uploads\/2019\/09\/montes_gondomar_a_nova_peneira.jpg\" \/>\n\t<meta property=\"og:image:width\" content=\"720\" \/>\n\t<meta property=\"og:image:height\" content=\"473\" \/>\n\t<meta property=\"og:image:type\" content=\"image\/jpeg\" \/>\n<meta name=\"author\" content=\"Redacci\u00f3n A Nova Peneira\" \/>\n<meta name=\"twitter:card\" content=\"summary_large_image\" \/>\n<meta name=\"twitter:creator\" content=\"@APeneira\" \/>\n<meta name=\"twitter:site\" content=\"@APeneira\" \/>\n<meta name=\"twitter:label1\" content=\"Escrito por\" \/>\n\t<meta name=\"twitter:data1\" content=\"Redacci\u00f3n A Nova Peneira\" \/>\n\t<meta name=\"twitter:label2\" content=\"Tempo de lectura\" \/>\n\t<meta name=\"twitter:data2\" content=\"6 minutos\" \/>\n<script type=\"application\/ld+json\" class=\"yoast-schema-graph\">{\"@context\":\"https:\\\/\\\/schema.org\",\"@graph\":[{\"@type\":\"Article\",\"@id\":\"https:\\\/\\\/www.anovapeneira.gal\\\/index.php\\\/2019\\\/09\\\/24\\\/o-futbol-en-gondomar\\\/#article\",\"isPartOf\":{\"@id\":\"https:\\\/\\\/www.anovapeneira.gal\\\/index.php\\\/2019\\\/09\\\/24\\\/o-futbol-en-gondomar\\\/\"},\"author\":{\"name\":\"Redacci\u00f3n A Nova Peneira\",\"@id\":\"https:\\\/\\\/www.anovapeneira.gal\\\/#\\\/schema\\\/person\\\/b93e3f8932e3f8da96334607eb6ac6aa\"},\"headline\":\"O f\u00fatbol en Gondomar\",\"datePublished\":\"2019-09-24T08:00:06+00:00\",\"mainEntityOfPage\":{\"@id\":\"https:\\\/\\\/www.anovapeneira.gal\\\/index.php\\\/2019\\\/09\\\/24\\\/o-futbol-en-gondomar\\\/\"},\"wordCount\":1155,\"commentCount\":0,\"publisher\":{\"@id\":\"https:\\\/\\\/www.anovapeneira.gal\\\/#organization\"},\"image\":{\"@id\":\"https:\\\/\\\/www.anovapeneira.gal\\\/index.php\\\/2019\\\/09\\\/24\\\/o-futbol-en-gondomar\\\/#primaryimage\"},\"thumbnailUrl\":\"https:\\\/\\\/www.anovapeneira.gal\\\/wp-content\\\/uploads\\\/2019\\\/09\\\/montes_gondomar_a_nova_peneira.jpg\",\"keywords\":[\"Club de F\u00fatbol Deportivo Cha\u00edn\",\"Club de F\u00fatbol Gondomar\",\"Club Deportivo Vincios\",\"Concello de Gondomar\",\"Deporte\",\"F\u00fatbol\"],\"articleSection\":[\"Val Mi\u00f1or\"],\"inLanguage\":\"gl-ES\",\"potentialAction\":[{\"@type\":\"CommentAction\",\"name\":\"Comment\",\"target\":[\"https:\\\/\\\/www.anovapeneira.gal\\\/index.php\\\/2019\\\/09\\\/24\\\/o-futbol-en-gondomar\\\/#respond\"]}]},{\"@type\":\"WebPage\",\"@id\":\"https:\\\/\\\/www.anovapeneira.gal\\\/index.php\\\/2019\\\/09\\\/24\\\/o-futbol-en-gondomar\\\/\",\"url\":\"https:\\\/\\\/www.anovapeneira.gal\\\/index.php\\\/2019\\\/09\\\/24\\\/o-futbol-en-gondomar\\\/\",\"name\":\"O f\u00fatbol en Gondomar -\",\"isPartOf\":{\"@id\":\"https:\\\/\\\/www.anovapeneira.gal\\\/#website\"},\"primaryImageOfPage\":{\"@id\":\"https:\\\/\\\/www.anovapeneira.gal\\\/index.php\\\/2019\\\/09\\\/24\\\/o-futbol-en-gondomar\\\/#primaryimage\"},\"image\":{\"@id\":\"https:\\\/\\\/www.anovapeneira.gal\\\/index.php\\\/2019\\\/09\\\/24\\\/o-futbol-en-gondomar\\\/#primaryimage\"},\"thumbnailUrl\":\"https:\\\/\\\/www.anovapeneira.gal\\\/wp-content\\\/uploads\\\/2019\\\/09\\\/montes_gondomar_a_nova_peneira.jpg\",\"datePublished\":\"2019-09-24T08:00:06+00:00\",\"breadcrumb\":{\"@id\":\"https:\\\/\\\/www.anovapeneira.gal\\\/index.php\\\/2019\\\/09\\\/24\\\/o-futbol-en-gondomar\\\/#breadcrumb\"},\"inLanguage\":\"gl-ES\",\"potentialAction\":[{\"@type\":\"ReadAction\",\"target\":[\"https:\\\/\\\/www.anovapeneira.gal\\\/index.php\\\/2019\\\/09\\\/24\\\/o-futbol-en-gondomar\\\/\"]}]},{\"@type\":\"ImageObject\",\"inLanguage\":\"gl-ES\",\"@id\":\"https:\\\/\\\/www.anovapeneira.gal\\\/index.php\\\/2019\\\/09\\\/24\\\/o-futbol-en-gondomar\\\/#primaryimage\",\"url\":\"https:\\\/\\\/www.anovapeneira.gal\\\/wp-content\\\/uploads\\\/2019\\\/09\\\/montes_gondomar_a_nova_peneira.jpg\",\"contentUrl\":\"https:\\\/\\\/www.anovapeneira.gal\\\/wp-content\\\/uploads\\\/2019\\\/09\\\/montes_gondomar_a_nova_peneira.jpg\",\"width\":720,\"height\":473,\"caption\":\"Concello de Gondomar A Nova Peneira\"},{\"@type\":\"BreadcrumbList\",\"@id\":\"https:\\\/\\\/www.anovapeneira.gal\\\/index.php\\\/2019\\\/09\\\/24\\\/o-futbol-en-gondomar\\\/#breadcrumb\",\"itemListElement\":[{\"@type\":\"ListItem\",\"position\":1,\"name\":\"Portada\",\"item\":\"https:\\\/\\\/www.anovapeneira.gal\\\/\"},{\"@type\":\"ListItem\",\"position\":2,\"name\":\"O f\u00fatbol en Gondomar\"}]},{\"@type\":\"WebSite\",\"@id\":\"https:\\\/\\\/www.anovapeneira.gal\\\/#website\",\"url\":\"https:\\\/\\\/www.anovapeneira.gal\\\/\",\"name\":\"\",\"description\":\"Xornal galego de informaci\u00f3n xeral Publicaci\u00f3n mensual de novas de Galicia e en especial dos Concellos da sur da provincia de Pontevedra.\",\"publisher\":{\"@id\":\"https:\\\/\\\/www.anovapeneira.gal\\\/#organization\"},\"potentialAction\":[{\"@type\":\"SearchAction\",\"target\":{\"@type\":\"EntryPoint\",\"urlTemplate\":\"https:\\\/\\\/www.anovapeneira.gal\\\/?s={search_term_string}\"},\"query-input\":{\"@type\":\"PropertyValueSpecification\",\"valueRequired\":true,\"valueName\":\"search_term_string\"}}],\"inLanguage\":\"gl-ES\"},{\"@type\":\"Organization\",\"@id\":\"https:\\\/\\\/www.anovapeneira.gal\\\/#organization\",\"name\":\"A Nova Peneira\",\"url\":\"https:\\\/\\\/www.anovapeneira.gal\\\/\",\"logo\":{\"@type\":\"ImageObject\",\"inLanguage\":\"gl-ES\",\"@id\":\"https:\\\/\\\/www.anovapeneira.gal\\\/#\\\/schema\\\/logo\\\/image\\\/\",\"url\":\"http:\\\/\\\/www.anovapeneira.gal\\\/wp-content\\\/uploads\\\/2019\\\/06\\\/logo_a_nova_peneira_portal_web.png\",\"contentUrl\":\"http:\\\/\\\/www.anovapeneira.gal\\\/wp-content\\\/uploads\\\/2019\\\/06\\\/logo_a_nova_peneira_portal_web.png\",\"width\":300,\"height\":100,\"caption\":\"A Nova Peneira\"},\"image\":{\"@id\":\"https:\\\/\\\/www.anovapeneira.gal\\\/#\\\/schema\\\/logo\\\/image\\\/\"},\"sameAs\":[\"https:\\\/\\\/www.facebook.com\\\/anovapeneira\",\"https:\\\/\\\/x.com\\\/APeneira\"]},{\"@type\":\"Person\",\"@id\":\"https:\\\/\\\/www.anovapeneira.gal\\\/#\\\/schema\\\/person\\\/b93e3f8932e3f8da96334607eb6ac6aa\",\"name\":\"Redacci\u00f3n A Nova Peneira\",\"image\":{\"@type\":\"ImageObject\",\"inLanguage\":\"gl-ES\",\"@id\":\"https:\\\/\\\/secure.gravatar.com\\\/avatar\\\/c052a2551a06e23fac63626232eaa90abd78dbcf1700fc46a2b2c89fd27b735f?s=96&d=mm&r=g\",\"url\":\"https:\\\/\\\/secure.gravatar.com\\\/avatar\\\/c052a2551a06e23fac63626232eaa90abd78dbcf1700fc46a2b2c89fd27b735f?s=96&d=mm&r=g\",\"contentUrl\":\"https:\\\/\\\/secure.gravatar.com\\\/avatar\\\/c052a2551a06e23fac63626232eaa90abd78dbcf1700fc46a2b2c89fd27b735f?s=96&d=mm&r=g\",\"caption\":\"Redacci\u00f3n A Nova Peneira\"},\"sameAs\":[\"http:\\\/\\\/www.anovapeneira.gal\\\/\"],\"url\":\"https:\\\/\\\/www.anovapeneira.gal\\\/index.php\\\/author\\\/redactor\\\/\"}]}<\/script>\n<!-- \/ Yoast SEO plugin. -->","yoast_head_json":{"title":"O f\u00fatbol en Gondomar -","robots":{"index":"index","follow":"follow","max-snippet":"max-snippet:-1","max-image-preview":"max-image-preview:large","max-video-preview":"max-video-preview:-1"},"canonical":"https:\/\/www.anovapeneira.gal\/index.php\/2019\/09\/24\/o-futbol-en-gondomar\/","og_locale":"gl_ES","og_type":"article","og_title":"O f\u00fatbol en Gondomar -","og_description":"Gondomar \u00e9 un concello do suroeste da provincia de Pontevedra. Forma parte da comarca do Val Mi\u00f1or. Na actualidade est\u00e1 integrado administrativamente na comarca de Vigo [...]","og_url":"https:\/\/www.anovapeneira.gal\/index.php\/2019\/09\/24\/o-futbol-en-gondomar\/","article_publisher":"https:\/\/www.facebook.com\/anovapeneira","article_published_time":"2019-09-24T08:00:06+00:00","og_image":[{"width":720,"height":473,"url":"https:\/\/www.anovapeneira.gal\/wp-content\/uploads\/2019\/09\/montes_gondomar_a_nova_peneira.jpg","type":"image\/jpeg"}],"author":"Redacci\u00f3n A Nova Peneira","twitter_card":"summary_large_image","twitter_creator":"@APeneira","twitter_site":"@APeneira","twitter_misc":{"Escrito por":"Redacci\u00f3n A Nova Peneira","Tempo de lectura":"6 minutos"},"schema":{"@context":"https:\/\/schema.org","@graph":[{"@type":"Article","@id":"https:\/\/www.anovapeneira.gal\/index.php\/2019\/09\/24\/o-futbol-en-gondomar\/#article","isPartOf":{"@id":"https:\/\/www.anovapeneira.gal\/index.php\/2019\/09\/24\/o-futbol-en-gondomar\/"},"author":{"name":"Redacci\u00f3n A Nova Peneira","@id":"https:\/\/www.anovapeneira.gal\/#\/schema\/person\/b93e3f8932e3f8da96334607eb6ac6aa"},"headline":"O f\u00fatbol en Gondomar","datePublished":"2019-09-24T08:00:06+00:00","mainEntityOfPage":{"@id":"https:\/\/www.anovapeneira.gal\/index.php\/2019\/09\/24\/o-futbol-en-gondomar\/"},"wordCount":1155,"commentCount":0,"publisher":{"@id":"https:\/\/www.anovapeneira.gal\/#organization"},"image":{"@id":"https:\/\/www.anovapeneira.gal\/index.php\/2019\/09\/24\/o-futbol-en-gondomar\/#primaryimage"},"thumbnailUrl":"https:\/\/www.anovapeneira.gal\/wp-content\/uploads\/2019\/09\/montes_gondomar_a_nova_peneira.jpg","keywords":["Club de F\u00fatbol Deportivo Cha\u00edn","Club de F\u00fatbol Gondomar","Club Deportivo Vincios","Concello de Gondomar","Deporte","F\u00fatbol"],"articleSection":["Val Mi\u00f1or"],"inLanguage":"gl-ES","potentialAction":[{"@type":"CommentAction","name":"Comment","target":["https:\/\/www.anovapeneira.gal\/index.php\/2019\/09\/24\/o-futbol-en-gondomar\/#respond"]}]},{"@type":"WebPage","@id":"https:\/\/www.anovapeneira.gal\/index.php\/2019\/09\/24\/o-futbol-en-gondomar\/","url":"https:\/\/www.anovapeneira.gal\/index.php\/2019\/09\/24\/o-futbol-en-gondomar\/","name":"O f\u00fatbol en Gondomar -","isPartOf":{"@id":"https:\/\/www.anovapeneira.gal\/#website"},"primaryImageOfPage":{"@id":"https:\/\/www.anovapeneira.gal\/index.php\/2019\/09\/24\/o-futbol-en-gondomar\/#primaryimage"},"image":{"@id":"https:\/\/www.anovapeneira.gal\/index.php\/2019\/09\/24\/o-futbol-en-gondomar\/#primaryimage"},"thumbnailUrl":"https:\/\/www.anovapeneira.gal\/wp-content\/uploads\/2019\/09\/montes_gondomar_a_nova_peneira.jpg","datePublished":"2019-09-24T08:00:06+00:00","breadcrumb":{"@id":"https:\/\/www.anovapeneira.gal\/index.php\/2019\/09\/24\/o-futbol-en-gondomar\/#breadcrumb"},"inLanguage":"gl-ES","potentialAction":[{"@type":"ReadAction","target":["https:\/\/www.anovapeneira.gal\/index.php\/2019\/09\/24\/o-futbol-en-gondomar\/"]}]},{"@type":"ImageObject","inLanguage":"gl-ES","@id":"https:\/\/www.anovapeneira.gal\/index.php\/2019\/09\/24\/o-futbol-en-gondomar\/#primaryimage","url":"https:\/\/www.anovapeneira.gal\/wp-content\/uploads\/2019\/09\/montes_gondomar_a_nova_peneira.jpg","contentUrl":"https:\/\/www.anovapeneira.gal\/wp-content\/uploads\/2019\/09\/montes_gondomar_a_nova_peneira.jpg","width":720,"height":473,"caption":"Concello de Gondomar A Nova Peneira"},{"@type":"BreadcrumbList","@id":"https:\/\/www.anovapeneira.gal\/index.php\/2019\/09\/24\/o-futbol-en-gondomar\/#breadcrumb","itemListElement":[{"@type":"ListItem","position":1,"name":"Portada","item":"https:\/\/www.anovapeneira.gal\/"},{"@type":"ListItem","position":2,"name":"O f\u00fatbol en Gondomar"}]},{"@type":"WebSite","@id":"https:\/\/www.anovapeneira.gal\/#website","url":"https:\/\/www.anovapeneira.gal\/","name":"","description":"Xornal galego de informaci\u00f3n xeral Publicaci\u00f3n mensual de novas de Galicia e en especial dos Concellos da sur da provincia de Pontevedra.","publisher":{"@id":"https:\/\/www.anovapeneira.gal\/#organization"},"potentialAction":[{"@type":"SearchAction","target":{"@type":"EntryPoint","urlTemplate":"https:\/\/www.anovapeneira.gal\/?s={search_term_string}"},"query-input":{"@type":"PropertyValueSpecification","valueRequired":true,"valueName":"search_term_string"}}],"inLanguage":"gl-ES"},{"@type":"Organization","@id":"https:\/\/www.anovapeneira.gal\/#organization","name":"A Nova Peneira","url":"https:\/\/www.anovapeneira.gal\/","logo":{"@type":"ImageObject","inLanguage":"gl-ES","@id":"https:\/\/www.anovapeneira.gal\/#\/schema\/logo\/image\/","url":"http:\/\/www.anovapeneira.gal\/wp-content\/uploads\/2019\/06\/logo_a_nova_peneira_portal_web.png","contentUrl":"http:\/\/www.anovapeneira.gal\/wp-content\/uploads\/2019\/06\/logo_a_nova_peneira_portal_web.png","width":300,"height":100,"caption":"A Nova Peneira"},"image":{"@id":"https:\/\/www.anovapeneira.gal\/#\/schema\/logo\/image\/"},"sameAs":["https:\/\/www.facebook.com\/anovapeneira","https:\/\/x.com\/APeneira"]},{"@type":"Person","@id":"https:\/\/www.anovapeneira.gal\/#\/schema\/person\/b93e3f8932e3f8da96334607eb6ac6aa","name":"Redacci\u00f3n A Nova Peneira","image":{"@type":"ImageObject","inLanguage":"gl-ES","@id":"https:\/\/secure.gravatar.com\/avatar\/c052a2551a06e23fac63626232eaa90abd78dbcf1700fc46a2b2c89fd27b735f?s=96&d=mm&r=g","url":"https:\/\/secure.gravatar.com\/avatar\/c052a2551a06e23fac63626232eaa90abd78dbcf1700fc46a2b2c89fd27b735f?s=96&d=mm&r=g","contentUrl":"https:\/\/secure.gravatar.com\/avatar\/c052a2551a06e23fac63626232eaa90abd78dbcf1700fc46a2b2c89fd27b735f?s=96&d=mm&r=g","caption":"Redacci\u00f3n A Nova Peneira"},"sameAs":["http:\/\/www.anovapeneira.gal\/"],"url":"https:\/\/www.anovapeneira.gal\/index.php\/author\/redactor\/"}]}},"jetpack_featured_media_url":"https:\/\/www.anovapeneira.gal\/wp-content\/uploads\/2019\/09\/montes_gondomar_a_nova_peneira.jpg","_links":{"self":[{"href":"https:\/\/www.anovapeneira.gal\/index.php\/wp-json\/wp\/v2\/posts\/1309","targetHints":{"allow":["GET"]}}],"collection":[{"href":"https:\/\/www.anovapeneira.gal\/index.php\/wp-json\/wp\/v2\/posts"}],"about":[{"href":"https:\/\/www.anovapeneira.gal\/index.php\/wp-json\/wp\/v2\/types\/post"}],"author":[{"embeddable":true,"href":"https:\/\/www.anovapeneira.gal\/index.php\/wp-json\/wp\/v2\/users\/3"}],"replies":[{"embeddable":true,"href":"https:\/\/www.anovapeneira.gal\/index.php\/wp-json\/wp\/v2\/comments?post=1309"}],"version-history":[{"count":1,"href":"https:\/\/www.anovapeneira.gal\/index.php\/wp-json\/wp\/v2\/posts\/1309\/revisions"}],"predecessor-version":[{"id":1317,"href":"https:\/\/www.anovapeneira.gal\/index.php\/wp-json\/wp\/v2\/posts\/1309\/revisions\/1317"}],"wp:featuredmedia":[{"embeddable":true,"href":"https:\/\/www.anovapeneira.gal\/index.php\/wp-json\/wp\/v2\/media\/1316"}],"wp:attachment":[{"href":"https:\/\/www.anovapeneira.gal\/index.php\/wp-json\/wp\/v2\/media?parent=1309"}],"wp:term":[{"taxonomy":"category","embeddable":true,"href":"https:\/\/www.anovapeneira.gal\/index.php\/wp-json\/wp\/v2\/categories?post=1309"},{"taxonomy":"post_tag","embeddable":true,"href":"https:\/\/www.anovapeneira.gal\/index.php\/wp-json\/wp\/v2\/tags?post=1309"}],"curies":[{"name":"wp","href":"https:\/\/api.w.org\/{rel}","templated":true}]}}