{"id":13100,"date":"2025-01-15T10:00:25","date_gmt":"2025-01-15T09:00:25","guid":{"rendered":"https:\/\/www.anovapeneira.gal\/?p=13100"},"modified":"2025-01-13T11:00:54","modified_gmt":"2025-01-13T10:00:54","slug":"publicacions-tameiga","status":"publish","type":"post","link":"https:\/\/www.anovapeneira.gal\/index.php\/2025\/01\/15\/publicacions-tameiga\/","title":{"rendered":"Publicaci\u00f3ns Tameiga"},"content":{"rendered":"\n<h2 class=\"wp-block-heading\">Trinta anos fornecendo de informaci\u00f3n e cultura ao pa\u00eds galego<\/h2>\n\n\n\n<p><strong>En 1996 dous traballadores do extinto \u201c Diario 16\u201d tomaron unha decisi\u00f3n de enorme risco para eles mesmos e que comportaba unha dificultade extraordinaria: \u00edan crear unha empresa que asumise a rotativa do peri\u00f3dico que acaba de morrer. A empresa chamouse \u201c Publicaci\u00f3ns Tameiga\u201d en homenaxe \u00e1 parroquia de Mos na que naceu e estivo moitos anos. Nestes 29 anos de traballo ininterrompido, tivo por \u00fanica actividade a impresi\u00f3n de peri\u00f3dicos, chegaron a imprimir cerca de 100 cabeceiras diferentes e conseguiron que varios mill\u00f3ns de exemplares de prensa escrita asolagaran as r\u00faas, cami\u00f1os e corredoiras deste pa\u00eds. En Galicia hai moi poucas rotativas, nunca chegou a a haber 10 funcionando ao mesmo tempo, pois o volume de investimento que sup\u00f3n ter unha rotativa en funcionamento \u00e9 inmenso, e para unha pequena empresa como a s\u00faa a tarefa de tela funcionando case tres d\u00e9cadas de vida,en todo tipo de contextos econ\u00f3micos, \u00e9 cicl\u00f3pea, case heroica. Eles son Vicente All\u00f3, xa xubilado, natural de Santiago e veci\u00f1o de Cangas, e Carlos Rey que naceu en Madrid por accidente pois \u00e9 m\u00e1is galego ca min. E al\u00e9n de impresores serios e rigorosos tam\u00e9n se pode dicir de ambos o mellor que se lle pode espetar a calquera ser humano: son d\u00faas boas persoas coas que \u00e9 un pracer conversar de cando en vez.<\/strong><\/p>\n\n\n\n<p><strong>Carlos Rey e Vicente All\u00f3.<\/strong><\/p>\n\n\n\n<p><strong>Cando se fundou Publicaciones Tameiga?<\/strong><\/p>\n\n\n\n<blockquote class=\"wp-block-quote is-layout-flow wp-block-quote-is-layout-flow\">\n<p>No ao 1996.<\/p>\n<\/blockquote>\n\n\n\n<p><strong>Quen foron os seus fundadores?<\/strong><\/p>\n\n\n\n<blockquote class=\"wp-block-quote is-layout-flow wp-block-quote-is-layout-flow\">\n<p>Nolos dous e un terceiro socio que xa hai tempo que non est\u00e1.<\/p>\n<\/blockquote>\n\n\n\n<p><strong>Desde que se fundou, levades vinte e nove anos de actividade ininterrompida?<\/strong><\/p>\n\n\n\n<blockquote class=\"wp-block-quote is-layout-flow wp-block-quote-is-layout-flow\">\n<p>Si.<\/p>\n<\/blockquote>\n\n\n\n<p><strong>Sempre vos dedicastes \u00e1 impresi\u00f3n de peri\u00f3dicos?<\/strong><\/p>\n\n\n\n<blockquote class=\"wp-block-quote is-layout-flow wp-block-quote-is-layout-flow\">\n<p>Si, n\u00f3s vi\u00f1amos das artes gr\u00e1ficas e desde que montamos a empresa sempre nos dedicamos a isto.<\/p>\n<\/blockquote>\n\n\n\n<p><strong>Onde vos co\u00f1ecestes?<\/strong><\/p>\n\n\n\n<blockquote class=\"wp-block-quote is-layout-flow wp-block-quote-is-layout-flow\">\n<p>Foi en Santiago, traballando nunha empresa de Artes Gr\u00e1ficas no ano 1985.<\/p>\n<\/blockquote>\n\n\n\n<p><strong>Como evolucionaron as cousas ata chegar a asociarvos para fundar unha empresa?<\/strong><\/p>\n\n\n\n<blockquote class=\"wp-block-quote is-layout-flow wp-block-quote-is-layout-flow\">\n<p>Vicente chamoume, <strong>di Carlos<\/strong>, en 1988 porque lle ofreceran ir para Diario 16 de Galicia. Al\u00ed \u00edan mercar unha rotativa e estivemos os dous traballando para montar a fotomec\u00e1nica. Quer\u00edan facer eles todo o peri\u00f3dico. As\u00ed estivemos de xefes de produci\u00f3n.<\/p>\n<\/blockquote>\n\n\n\n<p><strong>Estivestes de traballadores en Diario 16, ata cando?<\/strong><\/p>\n\n\n\n<blockquote class=\"wp-block-quote is-layout-flow wp-block-quote-is-layout-flow\">\n<p>Ata ano 95. Cando pechou Diario 16 quedaron a debernos bastante di\u00f1eiro e marchamos a Madrid a negociar. Ofrec\u00e9monos a asumir a d\u00e9beda a cambio da rotativa. A empresa aceptou a oferta e as\u00ed comezou a nosa andaina no universo da impresi\u00f3n de cabeceiras varias.<\/p>\n<\/blockquote>\n\n\n\n<p><strong>Onde estaba esta rotativa?<\/strong><\/p>\n\n\n\n<blockquote class=\"wp-block-quote is-layout-flow wp-block-quote-is-layout-flow\">\n<p>En Mos.<\/p>\n<\/blockquote>\n\n\n\n<p><strong>No edificio de Tameiga onde vos co\u00f1ec\u00edn eu?<\/strong><\/p>\n\n\n\n<blockquote class=\"wp-block-quote is-layout-flow wp-block-quote-is-layout-flow\">\n<p>Si.<\/p>\n<\/blockquote>\n\n\n\n<p><strong>Ent\u00f3n quedastes coa rotativa do Diario 16 a cambio da d\u00e9beda que ti\u00f1a a empresa con v\u00f3s. Cantos peri\u00f3dicos comezastes a imprimir?<\/strong><\/p>\n\n\n\n<blockquote class=\"wp-block-quote is-layout-flow wp-block-quote-is-layout-flow\">\n<p>Ao principio moi poucos, como moito cinco ao mes.<\/p>\n<\/blockquote>\n\n\n\n<p><strong>Canto tempo durou esa rotativa pequena?<\/strong><\/p>\n\n\n\n<blockquote class=\"wp-block-quote is-layout-flow wp-block-quote-is-layout-flow\">\n<p>No ano 2002-2003 xa comezou a haber prensa en cor con peri\u00f3dicos gratu\u00edtos, esta rotativa xa non nos daba marxe para competir e decidimos mercar outra moderna e competitiva. Compramos unha rotativa Uniman no ano 2006.<\/p>\n<\/blockquote>\n\n\n\n<p><strong>Esta durouvos ata que ano?<\/strong><\/p>\n\n\n\n<blockquote class=\"wp-block-quote is-layout-flow wp-block-quote-is-layout-flow\">\n<p>Arredor de 13\/14 anos<\/p>\n<\/blockquote>\n\n\n\n<p><strong>Que pasou despois?<\/strong><\/p>\n\n\n\n<blockquote class=\"wp-block-quote is-layout-flow wp-block-quote-is-layout-flow\">\n<p>As cousas xa non \u00edan ben. Coa crise do 2008 a prensa en papel comezou a baixar e o traballo reduciuse moit\u00edsimo. Polo medio tivemos unha avar\u00eda na m\u00e1quina e para sa\u00edr do paso tivemos que imprimir no Faro de Vigo. Despois disto comezamos a negociar co Faro e decidimos desfacernos da nosa rotativa para traballar con eles.<\/p>\n<\/blockquote>\n\n\n\n<p><strong>Cando mercastes a rotativa no ano 2006, isto foi unha inversi\u00f3n tremenda verdade?<\/strong><\/p>\n\n\n\n<blockquote class=\"wp-block-quote is-layout-flow wp-block-quote-is-layout-flow\">\n<p>Si, unha inversi\u00f3n moi grande. A\u00ednda que a rotativa era de segunda man do grupo do Faro de Vigo, t\u00ed\u00f1ana en Canarias. Para poder instalar esta m\u00e1quina tivemos que facer unha obra importante na nave e facer unha soleira de formig\u00f3n de ata catro metros nalgunhas partes.<\/p>\n<\/blockquote>\n\n\n\n<figure class=\"wp-block-image size-large\"><img loading=\"lazy\" decoding=\"async\" width=\"1024\" height=\"576\" src=\"https:\/\/www.anovapeneira.gal\/wp-content\/uploads\/2025\/01\/A-antiga-rotativa-de-Tameiga-1024x576.jpg\" alt=\"\" class=\"wp-image-13102\" srcset=\"https:\/\/www.anovapeneira.gal\/wp-content\/uploads\/2025\/01\/A-antiga-rotativa-de-Tameiga-1024x576.jpg 1024w, https:\/\/www.anovapeneira.gal\/wp-content\/uploads\/2025\/01\/A-antiga-rotativa-de-Tameiga-300x169.jpg 300w, https:\/\/www.anovapeneira.gal\/wp-content\/uploads\/2025\/01\/A-antiga-rotativa-de-Tameiga-768x432.jpg 768w, https:\/\/www.anovapeneira.gal\/wp-content\/uploads\/2025\/01\/A-antiga-rotativa-de-Tameiga-1536x864.jpg 1536w, https:\/\/www.anovapeneira.gal\/wp-content\/uploads\/2025\/01\/A-antiga-rotativa-de-Tameiga-678x381.jpg 678w, https:\/\/www.anovapeneira.gal\/wp-content\/uploads\/2025\/01\/A-antiga-rotativa-de-Tameiga.jpg 2048w\" sizes=\"auto, (max-width: 1024px) 100vw, 1024px\" \/><\/figure>\n\n\n\n<p><strong>Cantas cabeceiras de peri\u00f3dicos puidestes chegar a imprimir en toda a vosa historia?<\/strong><\/p>\n\n\n\n<blockquote class=\"wp-block-quote is-layout-flow wp-block-quote-is-layout-flow\">\n<p>Pois igual arredor de cen cabeceiras.<\/p>\n<\/blockquote>\n\n\n\n<p><strong>En todos estes anos de actividade, mudou moito a impresi\u00f3n de peri\u00f3dicos?<\/strong><\/p>\n\n\n\n<blockquote class=\"wp-block-quote is-layout-flow wp-block-quote-is-layout-flow\">\n<p>Si, o oficio \u00e9 bastante diferente.<\/p>\n<\/blockquote>\n\n\n\n<p><strong>En que?<\/strong><\/p>\n\n\n\n<blockquote class=\"wp-block-quote is-layout-flow wp-block-quote-is-layout-flow\">\n<p>Sobre todo na fotomec\u00e1nica. Comezamos o principio da era inform\u00e1tica, antes as p\u00e1xinas sac\u00e1banse en papel por unha especie de impresoras. As fotograf\u00edas fac\u00edanse nunha c\u00e1mara para as artes gr\u00e1ficas, logo peg\u00e1banse nese papel e todo era en branco e negro. Agora e todo m\u00e1is sinxelo, vai todo informatizado directo \u00e1 prancha.<\/p>\n<\/blockquote>\n\n\n\n<p><strong>En todo este tempo de m\u00e1is de case 30 anos na profesi\u00f3n e unhas cen cabeceiras, tedes impreso mill\u00f3ns de exemplares?<\/strong><\/p>\n\n\n\n<blockquote class=\"wp-block-quote is-layout-flow wp-block-quote-is-layout-flow\">\n<p>Si.<\/p>\n<\/blockquote>\n\n\n\n<p><strong>Vicente xa est\u00e1 xubilado. Agora levas ti s\u00f3 a empresa non Carlos?<\/strong><\/p>\n\n\n\n<blockquote class=\"wp-block-quote is-layout-flow wp-block-quote-is-layout-flow\">\n<p>Si ben, pera a\u00ednda ven por aqu\u00ed con frecuencia a \u201c dar o co\u00f1azo\u201d.<\/p>\n<\/blockquote>\n\n\n\n<p><strong>Ha, ha , ha ha&#8230;E ti que opinas diso, Vicente?<\/strong><\/p>\n\n\n\n<blockquote class=\"wp-block-quote is-layout-flow wp-block-quote-is-layout-flow\">\n<p>Que non o podo deixar s\u00f3, sen\u00f3n que \u201c Deus nos colla confesados\u201d<\/p>\n<\/blockquote>\n\n\n\n<p><strong>Ten futuro a prensa escrita?<\/strong><\/p>\n\n\n\n<blockquote class=\"wp-block-quote is-layout-flow wp-block-quote-is-layout-flow\">\n<p>E dif\u00edcil de prognosticar, pero o m\u00e1is probable \u00e9 que s\u00f3 o te\u00f1an as cabeceiras estritamente locais<\/p>\n<\/blockquote>\n\n\n\n<p><strong>Non vedes no longo prazo a existencia de peri\u00f3dicos?<\/strong><\/p>\n\n\n\n<blockquote class=\"wp-block-quote is-layout-flow wp-block-quote-is-layout-flow\">\n<p>Nunca se sabe o que pode acontecer, tam\u00e9n dic\u00edan que coa chegada de internet o libro en papel morrer\u00eda de contado e seica se venden m\u00e1is libros que nunca. Pero a nosa opini\u00f3n \u00e9 que os peri\u00f3dicos xeralistas t\u00e9\u00f1eno complicado.<\/p>\n<\/blockquote>\n\n\n\n<p><strong>Unha empresa como a vosa ten futuro ou vaise acabar cando Carlos se xubile?<\/strong><\/p>\n\n\n\n<blockquote class=\"wp-block-quote is-layout-flow wp-block-quote-is-layout-flow\">\n<p>Penso que cando eu me xubile a empresa tam\u00e9n vai a facelo, a non ser que haxa algu\u00e9n interesado en comprala. Se se dese ese caso n\u00f3s escoitariamos a oferta con interese, desde logo<\/p>\n<\/blockquote>\n\n\n\n<p><strong>Que foi o que m\u00e1is che gustou do teu traballo Carlos?<\/strong><\/p>\n\n\n\n<blockquote class=\"wp-block-quote is-layout-flow wp-block-quote-is-layout-flow\">\n<p>O trato coa xente. Ter co\u00f1ecido Galicia de punta a punta e boa parte de Portugal tam\u00e9n foi enormemente enriquecedor. A relaci\u00f3n co persoal que traballou con n\u00f3s foi tam\u00e9n moi boa en li\u00f1as xerais e agradezo a todas as persoas que pasaron por aqu\u00ed a s\u00faa compa\u00f1\u00eda. Non me gusta particularizar porque en li\u00f1as xerais \u00e9 inxusto, pero nese caso voume permitir unha pequena excepci\u00f3n para salientar con enorme afecto a compa\u00f1\u00eda leal e xenerosa do noso amigo Dani Sotelo.<\/p>\n<\/blockquote>\n\n\n\n<p><strong>E o que menos?<\/strong><\/p>\n\n\n\n<blockquote class=\"wp-block-quote is-layout-flow wp-block-quote-is-layout-flow\">\n<p>A morosidade, ter que reclamar que che paguen unha factura \u00e9 enormemente desagradable.<\/p>\n<\/blockquote>\n\n\n\n<p><strong>Botando a vista atr\u00e1s, gustouche a vida laboral que levaches?<\/strong><\/p>\n\n\n\n<blockquote class=\"wp-block-quote is-layout-flow wp-block-quote-is-layout-flow\">\n<p>Malia que houbo momentos nos que o pasamos mal de verdade, foi o que nos permitiu vivir a min e \u00e1 mi\u00f1a familia, ent\u00f3n a resposta non pode ser outra que afirmativa.<\/p>\n<\/blockquote>\n\n\n\n<p><strong>E a ti Vicente, que foi o que m\u00e1is che gustou do teu traballo?<\/strong><\/p>\n\n\n\n<blockquote class=\"wp-block-quote is-layout-flow wp-block-quote-is-layout-flow\">\n<p>Subscribo completamente as palabras de Carlos sobre o noso persoal en xeral e sobre Dani Sotelo en particular. A compa\u00f1\u00eda de persoas como Dani fai que a viaxe da vida sexa m\u00e1is f\u00e1cil e agradable.<\/p>\n<\/blockquote>\n\n\n\n<blockquote class=\"wp-block-quote is-layout-flow wp-block-quote-is-layout-flow\">\n<p>Por outra banda eu destacar\u00eda a satisfacci\u00f3n do cliente, cando sabes que do teu traballo depende non s\u00f3 o teu negocio, sen\u00f3n tam\u00e9n o negocio de outros e eses outros reco\u00f1\u00e9ceno convidando a unha comida, a un vi\u00f1o ou simplemente cun sorriso , pois \u00e9 desas cousas que lle dan sentido ao que fixemos na vida.<\/p>\n<\/blockquote>\n\n\n\n<p><strong>O que menos?<\/strong><\/p>\n\n\n\n<blockquote class=\"wp-block-quote is-layout-flow wp-block-quote-is-layout-flow\">\n<p>As presas e o estr\u00e9s para lograr que todas e cada unha das cabeceiras sa\u00edsen en tempo e forma tam\u00e9n \u00e9 unha parte desagradable do traballo.<\/p>\n<\/blockquote>\n\n\n\n<p><strong>Botando a vista atr\u00e1s, Vicente, a ti gustouche a t\u00faa vida laboral?<\/strong><\/p>\n\n\n\n<blockquote class=\"wp-block-quote is-layout-flow wp-block-quote-is-layout-flow\">\n<p>Houbo momentos en que foi realmente dura, pero eu estou namorado de Publicaci\u00f3ns Tameiga.<\/p>\n<\/blockquote>\n","protected":false},"excerpt":{"rendered":"<div class=\"mh-excerpt\"><p>En 1996 dous traballadores do extinto \u201c Diario 16\u201d tomaron unha decisi\u00f3n de enorme risco para eles mesmos e que comportaba unha dificultade extraordinaria: \u00edan crear unha empresa que asumise a rotativa do peri\u00f3dico que acaba de morrer <a class=\"mh-excerpt-more\" href=\"https:\/\/www.anovapeneira.gal\/index.php\/2025\/01\/15\/publicacions-tameiga\/\" title=\"Publicaci\u00f3ns Tameiga\">[&#8230;]<\/a><\/p>\n<\/div>","protected":false},"author":2,"featured_media":13101,"comment_status":"open","ping_status":"open","sticky":false,"template":"","format":"standard","meta":{"_exactmetrics_skip_tracking":false,"_exactmetrics_sitenote_active":false,"_exactmetrics_sitenote_note":"","_exactmetrics_sitenote_category":0,"footnotes":""},"categories":[265],"tags":[218],"class_list":{"0":"post-13100","1":"post","2":"type-post","3":"status-publish","4":"format-standard","5":"has-post-thumbnail","7":"category-a-lourina-entrevistas","8":"tag-concello-de-mos"},"yoast_head":"<!-- This site is optimized with the Yoast SEO plugin v27.4 - https:\/\/yoast.com\/product\/yoast-seo-wordpress\/ -->\n<title>Publicaci\u00f3ns Tameiga -<\/title>\n<meta name=\"robots\" content=\"index, follow, max-snippet:-1, max-image-preview:large, max-video-preview:-1\" \/>\n<link rel=\"canonical\" href=\"https:\/\/www.anovapeneira.gal\/index.php\/2025\/01\/15\/publicacions-tameiga\/\" \/>\n<meta property=\"og:locale\" content=\"gl_ES\" \/>\n<meta property=\"og:type\" content=\"article\" \/>\n<meta property=\"og:title\" content=\"Publicaci\u00f3ns Tameiga -\" \/>\n<meta property=\"og:description\" content=\"En 1996 dous traballadores do extinto \u201c Diario 16\u201d tomaron unha decisi\u00f3n de enorme risco para eles mesmos e que comportaba unha dificultade extraordinaria: \u00edan crear unha empresa que asumise a rotativa do peri\u00f3dico que acaba de morrer [...]\" \/>\n<meta property=\"og:url\" content=\"https:\/\/www.anovapeneira.gal\/index.php\/2025\/01\/15\/publicacions-tameiga\/\" \/>\n<meta property=\"article:publisher\" content=\"https:\/\/www.facebook.com\/anovapeneira\" \/>\n<meta property=\"article:published_time\" content=\"2025-01-15T09:00:25+00:00\" \/>\n<meta property=\"og:image\" content=\"https:\/\/www.anovapeneira.gal\/wp-content\/uploads\/2025\/01\/Carlos_Rey_Vicente_Allo.jpg\" \/>\n\t<meta property=\"og:image:width\" content=\"720\" \/>\n\t<meta property=\"og:image:height\" content=\"432\" \/>\n\t<meta property=\"og:image:type\" content=\"image\/jpeg\" \/>\n<meta name=\"author\" content=\"Tino Lago\" \/>\n<meta name=\"twitter:card\" content=\"summary_large_image\" \/>\n<meta name=\"twitter:creator\" content=\"@APeneira\" \/>\n<meta name=\"twitter:site\" content=\"@APeneira\" \/>\n<meta name=\"twitter:label1\" content=\"Escrito por\" \/>\n\t<meta name=\"twitter:data1\" content=\"Tino Lago\" \/>\n\t<meta name=\"twitter:label2\" content=\"Tempo de lectura\" \/>\n\t<meta name=\"twitter:data2\" content=\"4 minutos\" \/>\n<script type=\"application\/ld+json\" class=\"yoast-schema-graph\">{\"@context\":\"https:\\\/\\\/schema.org\",\"@graph\":[{\"@type\":\"Article\",\"@id\":\"https:\\\/\\\/www.anovapeneira.gal\\\/index.php\\\/2025\\\/01\\\/15\\\/publicacions-tameiga\\\/#article\",\"isPartOf\":{\"@id\":\"https:\\\/\\\/www.anovapeneira.gal\\\/index.php\\\/2025\\\/01\\\/15\\\/publicacions-tameiga\\\/\"},\"author\":{\"name\":\"Tino Lago\",\"@id\":\"https:\\\/\\\/www.anovapeneira.gal\\\/#\\\/schema\\\/person\\\/424dfe65e3070fd8a44d22d2c088762a\"},\"headline\":\"Publicaci\u00f3ns Tameiga\",\"datePublished\":\"2025-01-15T09:00:25+00:00\",\"mainEntityOfPage\":{\"@id\":\"https:\\\/\\\/www.anovapeneira.gal\\\/index.php\\\/2025\\\/01\\\/15\\\/publicacions-tameiga\\\/\"},\"wordCount\":1314,\"commentCount\":0,\"publisher\":{\"@id\":\"https:\\\/\\\/www.anovapeneira.gal\\\/#organization\"},\"image\":{\"@id\":\"https:\\\/\\\/www.anovapeneira.gal\\\/index.php\\\/2025\\\/01\\\/15\\\/publicacions-tameiga\\\/#primaryimage\"},\"thumbnailUrl\":\"https:\\\/\\\/www.anovapeneira.gal\\\/wp-content\\\/uploads\\\/2025\\\/01\\\/Carlos_Rey_Vicente_Allo.jpg\",\"keywords\":[\"Concello de Mos\"],\"articleSection\":[\"A Louri\u00f1a\"],\"inLanguage\":\"gl-ES\",\"potentialAction\":[{\"@type\":\"CommentAction\",\"name\":\"Comment\",\"target\":[\"https:\\\/\\\/www.anovapeneira.gal\\\/index.php\\\/2025\\\/01\\\/15\\\/publicacions-tameiga\\\/#respond\"]}]},{\"@type\":\"WebPage\",\"@id\":\"https:\\\/\\\/www.anovapeneira.gal\\\/index.php\\\/2025\\\/01\\\/15\\\/publicacions-tameiga\\\/\",\"url\":\"https:\\\/\\\/www.anovapeneira.gal\\\/index.php\\\/2025\\\/01\\\/15\\\/publicacions-tameiga\\\/\",\"name\":\"Publicaci\u00f3ns Tameiga -\",\"isPartOf\":{\"@id\":\"https:\\\/\\\/www.anovapeneira.gal\\\/#website\"},\"primaryImageOfPage\":{\"@id\":\"https:\\\/\\\/www.anovapeneira.gal\\\/index.php\\\/2025\\\/01\\\/15\\\/publicacions-tameiga\\\/#primaryimage\"},\"image\":{\"@id\":\"https:\\\/\\\/www.anovapeneira.gal\\\/index.php\\\/2025\\\/01\\\/15\\\/publicacions-tameiga\\\/#primaryimage\"},\"thumbnailUrl\":\"https:\\\/\\\/www.anovapeneira.gal\\\/wp-content\\\/uploads\\\/2025\\\/01\\\/Carlos_Rey_Vicente_Allo.jpg\",\"datePublished\":\"2025-01-15T09:00:25+00:00\",\"breadcrumb\":{\"@id\":\"https:\\\/\\\/www.anovapeneira.gal\\\/index.php\\\/2025\\\/01\\\/15\\\/publicacions-tameiga\\\/#breadcrumb\"},\"inLanguage\":\"gl-ES\",\"potentialAction\":[{\"@type\":\"ReadAction\",\"target\":[\"https:\\\/\\\/www.anovapeneira.gal\\\/index.php\\\/2025\\\/01\\\/15\\\/publicacions-tameiga\\\/\"]}]},{\"@type\":\"ImageObject\",\"inLanguage\":\"gl-ES\",\"@id\":\"https:\\\/\\\/www.anovapeneira.gal\\\/index.php\\\/2025\\\/01\\\/15\\\/publicacions-tameiga\\\/#primaryimage\",\"url\":\"https:\\\/\\\/www.anovapeneira.gal\\\/wp-content\\\/uploads\\\/2025\\\/01\\\/Carlos_Rey_Vicente_Allo.jpg\",\"contentUrl\":\"https:\\\/\\\/www.anovapeneira.gal\\\/wp-content\\\/uploads\\\/2025\\\/01\\\/Carlos_Rey_Vicente_Allo.jpg\",\"width\":720,\"height\":432,\"caption\":\"Carlos Rey e Vicente All\u00f3 Publicaci\u00f3ns Tameiga\"},{\"@type\":\"BreadcrumbList\",\"@id\":\"https:\\\/\\\/www.anovapeneira.gal\\\/index.php\\\/2025\\\/01\\\/15\\\/publicacions-tameiga\\\/#breadcrumb\",\"itemListElement\":[{\"@type\":\"ListItem\",\"position\":1,\"name\":\"Portada\",\"item\":\"https:\\\/\\\/www.anovapeneira.gal\\\/\"},{\"@type\":\"ListItem\",\"position\":2,\"name\":\"Publicaci\u00f3ns Tameiga\"}]},{\"@type\":\"WebSite\",\"@id\":\"https:\\\/\\\/www.anovapeneira.gal\\\/#website\",\"url\":\"https:\\\/\\\/www.anovapeneira.gal\\\/\",\"name\":\"\",\"description\":\"Xornal galego de informaci\u00f3n xeral Publicaci\u00f3n mensual de novas de Galicia e en especial dos Concellos da sur da provincia de Pontevedra.\",\"publisher\":{\"@id\":\"https:\\\/\\\/www.anovapeneira.gal\\\/#organization\"},\"potentialAction\":[{\"@type\":\"SearchAction\",\"target\":{\"@type\":\"EntryPoint\",\"urlTemplate\":\"https:\\\/\\\/www.anovapeneira.gal\\\/?s={search_term_string}\"},\"query-input\":{\"@type\":\"PropertyValueSpecification\",\"valueRequired\":true,\"valueName\":\"search_term_string\"}}],\"inLanguage\":\"gl-ES\"},{\"@type\":\"Organization\",\"@id\":\"https:\\\/\\\/www.anovapeneira.gal\\\/#organization\",\"name\":\"A Nova Peneira\",\"url\":\"https:\\\/\\\/www.anovapeneira.gal\\\/\",\"logo\":{\"@type\":\"ImageObject\",\"inLanguage\":\"gl-ES\",\"@id\":\"https:\\\/\\\/www.anovapeneira.gal\\\/#\\\/schema\\\/logo\\\/image\\\/\",\"url\":\"http:\\\/\\\/www.anovapeneira.gal\\\/wp-content\\\/uploads\\\/2019\\\/06\\\/logo_a_nova_peneira_portal_web.png\",\"contentUrl\":\"http:\\\/\\\/www.anovapeneira.gal\\\/wp-content\\\/uploads\\\/2019\\\/06\\\/logo_a_nova_peneira_portal_web.png\",\"width\":300,\"height\":100,\"caption\":\"A Nova Peneira\"},\"image\":{\"@id\":\"https:\\\/\\\/www.anovapeneira.gal\\\/#\\\/schema\\\/logo\\\/image\\\/\"},\"sameAs\":[\"https:\\\/\\\/www.facebook.com\\\/anovapeneira\",\"https:\\\/\\\/x.com\\\/APeneira\"]},{\"@type\":\"Person\",\"@id\":\"https:\\\/\\\/www.anovapeneira.gal\\\/#\\\/schema\\\/person\\\/424dfe65e3070fd8a44d22d2c088762a\",\"name\":\"Tino Lago\",\"image\":{\"@type\":\"ImageObject\",\"inLanguage\":\"gl-ES\",\"@id\":\"https:\\\/\\\/secure.gravatar.com\\\/avatar\\\/b3df6a06e44bab3111583b90f0f33a0379ee5e3d22cbadd232d39f21c30c62be?s=96&d=mm&r=g\",\"url\":\"https:\\\/\\\/secure.gravatar.com\\\/avatar\\\/b3df6a06e44bab3111583b90f0f33a0379ee5e3d22cbadd232d39f21c30c62be?s=96&d=mm&r=g\",\"contentUrl\":\"https:\\\/\\\/secure.gravatar.com\\\/avatar\\\/b3df6a06e44bab3111583b90f0f33a0379ee5e3d22cbadd232d39f21c30c62be?s=96&d=mm&r=g\",\"caption\":\"Tino Lago\"},\"sameAs\":[\"http:\\\/\\\/www.anovapeneira.gal\"],\"url\":\"https:\\\/\\\/www.anovapeneira.gal\\\/index.php\\\/author\\\/director\\\/\"}]}<\/script>\n<!-- \/ Yoast SEO plugin. -->","yoast_head_json":{"title":"Publicaci\u00f3ns Tameiga -","robots":{"index":"index","follow":"follow","max-snippet":"max-snippet:-1","max-image-preview":"max-image-preview:large","max-video-preview":"max-video-preview:-1"},"canonical":"https:\/\/www.anovapeneira.gal\/index.php\/2025\/01\/15\/publicacions-tameiga\/","og_locale":"gl_ES","og_type":"article","og_title":"Publicaci\u00f3ns Tameiga -","og_description":"En 1996 dous traballadores do extinto \u201c Diario 16\u201d tomaron unha decisi\u00f3n de enorme risco para eles mesmos e que comportaba unha dificultade extraordinaria: \u00edan crear unha empresa que asumise a rotativa do peri\u00f3dico que acaba de morrer [...]","og_url":"https:\/\/www.anovapeneira.gal\/index.php\/2025\/01\/15\/publicacions-tameiga\/","article_publisher":"https:\/\/www.facebook.com\/anovapeneira","article_published_time":"2025-01-15T09:00:25+00:00","og_image":[{"width":720,"height":432,"url":"https:\/\/www.anovapeneira.gal\/wp-content\/uploads\/2025\/01\/Carlos_Rey_Vicente_Allo.jpg","type":"image\/jpeg"}],"author":"Tino Lago","twitter_card":"summary_large_image","twitter_creator":"@APeneira","twitter_site":"@APeneira","twitter_misc":{"Escrito por":"Tino Lago","Tempo de lectura":"4 minutos"},"schema":{"@context":"https:\/\/schema.org","@graph":[{"@type":"Article","@id":"https:\/\/www.anovapeneira.gal\/index.php\/2025\/01\/15\/publicacions-tameiga\/#article","isPartOf":{"@id":"https:\/\/www.anovapeneira.gal\/index.php\/2025\/01\/15\/publicacions-tameiga\/"},"author":{"name":"Tino Lago","@id":"https:\/\/www.anovapeneira.gal\/#\/schema\/person\/424dfe65e3070fd8a44d22d2c088762a"},"headline":"Publicaci\u00f3ns Tameiga","datePublished":"2025-01-15T09:00:25+00:00","mainEntityOfPage":{"@id":"https:\/\/www.anovapeneira.gal\/index.php\/2025\/01\/15\/publicacions-tameiga\/"},"wordCount":1314,"commentCount":0,"publisher":{"@id":"https:\/\/www.anovapeneira.gal\/#organization"},"image":{"@id":"https:\/\/www.anovapeneira.gal\/index.php\/2025\/01\/15\/publicacions-tameiga\/#primaryimage"},"thumbnailUrl":"https:\/\/www.anovapeneira.gal\/wp-content\/uploads\/2025\/01\/Carlos_Rey_Vicente_Allo.jpg","keywords":["Concello de Mos"],"articleSection":["A Louri\u00f1a"],"inLanguage":"gl-ES","potentialAction":[{"@type":"CommentAction","name":"Comment","target":["https:\/\/www.anovapeneira.gal\/index.php\/2025\/01\/15\/publicacions-tameiga\/#respond"]}]},{"@type":"WebPage","@id":"https:\/\/www.anovapeneira.gal\/index.php\/2025\/01\/15\/publicacions-tameiga\/","url":"https:\/\/www.anovapeneira.gal\/index.php\/2025\/01\/15\/publicacions-tameiga\/","name":"Publicaci\u00f3ns Tameiga -","isPartOf":{"@id":"https:\/\/www.anovapeneira.gal\/#website"},"primaryImageOfPage":{"@id":"https:\/\/www.anovapeneira.gal\/index.php\/2025\/01\/15\/publicacions-tameiga\/#primaryimage"},"image":{"@id":"https:\/\/www.anovapeneira.gal\/index.php\/2025\/01\/15\/publicacions-tameiga\/#primaryimage"},"thumbnailUrl":"https:\/\/www.anovapeneira.gal\/wp-content\/uploads\/2025\/01\/Carlos_Rey_Vicente_Allo.jpg","datePublished":"2025-01-15T09:00:25+00:00","breadcrumb":{"@id":"https:\/\/www.anovapeneira.gal\/index.php\/2025\/01\/15\/publicacions-tameiga\/#breadcrumb"},"inLanguage":"gl-ES","potentialAction":[{"@type":"ReadAction","target":["https:\/\/www.anovapeneira.gal\/index.php\/2025\/01\/15\/publicacions-tameiga\/"]}]},{"@type":"ImageObject","inLanguage":"gl-ES","@id":"https:\/\/www.anovapeneira.gal\/index.php\/2025\/01\/15\/publicacions-tameiga\/#primaryimage","url":"https:\/\/www.anovapeneira.gal\/wp-content\/uploads\/2025\/01\/Carlos_Rey_Vicente_Allo.jpg","contentUrl":"https:\/\/www.anovapeneira.gal\/wp-content\/uploads\/2025\/01\/Carlos_Rey_Vicente_Allo.jpg","width":720,"height":432,"caption":"Carlos Rey e Vicente All\u00f3 Publicaci\u00f3ns Tameiga"},{"@type":"BreadcrumbList","@id":"https:\/\/www.anovapeneira.gal\/index.php\/2025\/01\/15\/publicacions-tameiga\/#breadcrumb","itemListElement":[{"@type":"ListItem","position":1,"name":"Portada","item":"https:\/\/www.anovapeneira.gal\/"},{"@type":"ListItem","position":2,"name":"Publicaci\u00f3ns Tameiga"}]},{"@type":"WebSite","@id":"https:\/\/www.anovapeneira.gal\/#website","url":"https:\/\/www.anovapeneira.gal\/","name":"","description":"Xornal galego de informaci\u00f3n xeral Publicaci\u00f3n mensual de novas de Galicia e en especial dos Concellos da sur da provincia de Pontevedra.","publisher":{"@id":"https:\/\/www.anovapeneira.gal\/#organization"},"potentialAction":[{"@type":"SearchAction","target":{"@type":"EntryPoint","urlTemplate":"https:\/\/www.anovapeneira.gal\/?s={search_term_string}"},"query-input":{"@type":"PropertyValueSpecification","valueRequired":true,"valueName":"search_term_string"}}],"inLanguage":"gl-ES"},{"@type":"Organization","@id":"https:\/\/www.anovapeneira.gal\/#organization","name":"A Nova Peneira","url":"https:\/\/www.anovapeneira.gal\/","logo":{"@type":"ImageObject","inLanguage":"gl-ES","@id":"https:\/\/www.anovapeneira.gal\/#\/schema\/logo\/image\/","url":"http:\/\/www.anovapeneira.gal\/wp-content\/uploads\/2019\/06\/logo_a_nova_peneira_portal_web.png","contentUrl":"http:\/\/www.anovapeneira.gal\/wp-content\/uploads\/2019\/06\/logo_a_nova_peneira_portal_web.png","width":300,"height":100,"caption":"A Nova Peneira"},"image":{"@id":"https:\/\/www.anovapeneira.gal\/#\/schema\/logo\/image\/"},"sameAs":["https:\/\/www.facebook.com\/anovapeneira","https:\/\/x.com\/APeneira"]},{"@type":"Person","@id":"https:\/\/www.anovapeneira.gal\/#\/schema\/person\/424dfe65e3070fd8a44d22d2c088762a","name":"Tino Lago","image":{"@type":"ImageObject","inLanguage":"gl-ES","@id":"https:\/\/secure.gravatar.com\/avatar\/b3df6a06e44bab3111583b90f0f33a0379ee5e3d22cbadd232d39f21c30c62be?s=96&d=mm&r=g","url":"https:\/\/secure.gravatar.com\/avatar\/b3df6a06e44bab3111583b90f0f33a0379ee5e3d22cbadd232d39f21c30c62be?s=96&d=mm&r=g","contentUrl":"https:\/\/secure.gravatar.com\/avatar\/b3df6a06e44bab3111583b90f0f33a0379ee5e3d22cbadd232d39f21c30c62be?s=96&d=mm&r=g","caption":"Tino Lago"},"sameAs":["http:\/\/www.anovapeneira.gal"],"url":"https:\/\/www.anovapeneira.gal\/index.php\/author\/director\/"}]}},"jetpack_featured_media_url":"https:\/\/www.anovapeneira.gal\/wp-content\/uploads\/2025\/01\/Carlos_Rey_Vicente_Allo.jpg","_links":{"self":[{"href":"https:\/\/www.anovapeneira.gal\/index.php\/wp-json\/wp\/v2\/posts\/13100","targetHints":{"allow":["GET"]}}],"collection":[{"href":"https:\/\/www.anovapeneira.gal\/index.php\/wp-json\/wp\/v2\/posts"}],"about":[{"href":"https:\/\/www.anovapeneira.gal\/index.php\/wp-json\/wp\/v2\/types\/post"}],"author":[{"embeddable":true,"href":"https:\/\/www.anovapeneira.gal\/index.php\/wp-json\/wp\/v2\/users\/2"}],"replies":[{"embeddable":true,"href":"https:\/\/www.anovapeneira.gal\/index.php\/wp-json\/wp\/v2\/comments?post=13100"}],"version-history":[{"count":2,"href":"https:\/\/www.anovapeneira.gal\/index.php\/wp-json\/wp\/v2\/posts\/13100\/revisions"}],"predecessor-version":[{"id":13104,"href":"https:\/\/www.anovapeneira.gal\/index.php\/wp-json\/wp\/v2\/posts\/13100\/revisions\/13104"}],"wp:featuredmedia":[{"embeddable":true,"href":"https:\/\/www.anovapeneira.gal\/index.php\/wp-json\/wp\/v2\/media\/13101"}],"wp:attachment":[{"href":"https:\/\/www.anovapeneira.gal\/index.php\/wp-json\/wp\/v2\/media?parent=13100"}],"wp:term":[{"taxonomy":"category","embeddable":true,"href":"https:\/\/www.anovapeneira.gal\/index.php\/wp-json\/wp\/v2\/categories?post=13100"},{"taxonomy":"post_tag","embeddable":true,"href":"https:\/\/www.anovapeneira.gal\/index.php\/wp-json\/wp\/v2\/tags?post=13100"}],"curies":[{"name":"wp","href":"https:\/\/api.w.org\/{rel}","templated":true}]}}