{"id":13105,"date":"2025-01-15T12:00:04","date_gmt":"2025-01-15T11:00:04","guid":{"rendered":"https:\/\/www.anovapeneira.gal\/?p=13105"},"modified":"2025-01-13T11:00:39","modified_gmt":"2025-01-13T10:00:39","slug":"un-goberno-surrealista-para-a-guarda","status":"publish","type":"post","link":"https:\/\/www.anovapeneira.gal\/index.php\/2025\/01\/15\/un-goberno-surrealista-para-a-guarda\/","title":{"rendered":"Un goberno surrealista para A Guarda"},"content":{"rendered":"\n<pre class=\"wp-block-verse\"><strong>F\u00e1tima Rodr\u00edguez, voceira do PSdeG PSOE na Guarda<\/strong><\/pre>\n\n\n\n<p>Na pol\u00edtica, a exemplaridade non \u00e9 unha opci\u00f3n, sen\u00f3n unha obriga. Quen ocupa cargos p\u00fablicos debe ser referente de \u00e9tica, dedicaci\u00f3n e responsabilidade. Por\u00e9n, no noso municipio estamos asistindo a unha situaci\u00f3n que, polas s\u00faas peculiaridades, poder\u00eda ser parte dun gui\u00f3n humor\u00edstico m\u00e1is que dun goberno responsable.<\/p>\n\n\n\n<p>O actual alcalde, Roberto Carrero, acumula en ano e medio de mandato, episodios que po\u00f1en en d\u00fabida a s\u00faa capacidade para liderar a nosa vila. Unha das s\u00faas primeiras mostras de falta de sentido com\u00fan foi presentarse a un acto institucional como a presentaci\u00f3n das Festas do Monte do 2023, un dos eventos m\u00e1is importantes do ano, ataviado cun \u201cpareo\u201d. M\u00e1is al\u00e1 da peculiaridade est\u00e9tica e dos motivos para presentarse vestido desta forma, este xesto reflicte unha preocupante falta de respecto cara \u00e1 veci\u00f1anza e ao papel que representa como alcalde.<\/p>\n\n\n\n<p>Pero o surrealismo non remata a\u00ed. A finais do 2023, trala denuncia do PSOE en Pontevedra, o alcalde tivo que admitir ter recibido preto de 4.000\u20ac de maneira indebida da Deputaci\u00f3n de Pontevedra, xustific\u00e1ndoo con que foi un \u201cerro administrativo\u201d. Este feito non s\u00f3 evidencia unha grave neglixencia, sen\u00f3n que dana a confianza cidad\u00e1 na xesti\u00f3n p\u00fablica.<\/p>\n\n\n\n<p>A isto hai que sumar outra situaci\u00f3n incomprensible: a perda de miles de euros en subvenci\u00f3ns xa concedidas. Estas subvenci\u00f3ns, que foron acadadas polo anterior equipo de goberno socialista, perd\u00e9ronse pola evidente incapacidade do goberno local para tramitar e executar proxectos de xeito eficiente. O peor de todo \u00e9 que estamos seguros\/as de que a\u00ednda imos a ver como seguir\u00e1n perdendo outras subvenci\u00f3ns moi cuantiosas e con gran relevancia para o noso pobo.<\/p>\n\n\n\n<p>Outra das cuesti\u00f3ns que preocupa especialmente \u00e9 a falta de dedicaci\u00f3n \u00e1 alcald\u00eda. Roberto Carrero compaxina esta responsabilidade cunha xornada do 79 % como deputado provincial, ademais de ser profesor e avogado. Esta situaci\u00f3n deixa claro que a alcald\u00eda non ocupa o lugar prioritario que deber\u00eda na s\u00faa axenda, unha realidade que repercute negativamente na vida diaria do noso municipio.<\/p>\n\n\n\n<p>A falta de liderado de Roberto tam\u00e9n ten consecuencias no equipo de goberno. En tan s\u00f3 ano e medio de mandato, dous concelleiros decidiron renunciar. Esta situaci\u00f3n semella responder a unha evidente desmotivaci\u00f3n: se o propio alcalde non amosa compromiso coa xesti\u00f3n municipal e os\/as ed\u00eds sen dedicaci\u00f3n nin remuneraci\u00f3n ven como os esforzos por mellorar o municipio caen en saco roto, o abandono das responsabilidades \u00e9, lamentablemente, previsible.<\/p>\n\n\n\n<p>Por se fose pouco, o concelleiro de Comercio e Empresa pasou todo o ano 2024 f\u00f3ra de Espa\u00f1a, deixando completamente desatendidas as s\u00faas funci\u00f3ns e privando a sectores econ\u00f3micos claves do municipio do apoio institucional que tanto precisan.<\/p>\n\n\n\n<p>E aqu\u00ed cabe preguntarse: Pero cal \u00e9 o verdadeiro interese de Carrero en ser alcalde? Apostar\u00edamos un brazo a que o seu obxectivo \u00e9 exclusivamente o de escalar politicamente dentro do Partido Popular e garantirse un posto destacado na Xunta de Galicia. O tempo dar\u00e1 ou quitar\u00e1 a raz\u00f3n, pero o que est\u00e1 claro \u00e9 que o noso municipio non lle importou nunca, e moito menos lle importa agora.<\/p>\n\n\n\n<p>Desde o Grupo Socialista cremos que o noso pobo merece un alcalde de e para todos e todas, con dedicaci\u00f3n exclusiva, que nos represente, que vele polos nosos intereses, que xestione e se preocupe por t\u00f3dolos aspectos que afectan \u00e1 nosa calidade de vida, cun claro proxecto de futuro e priorizando nas decisi\u00f3ns de maneira acertada. Todo iso, e nada m\u00e1is que iso, \u00e9 o que lle pedimos ao actual equipo de goberno.<\/p>\n","protected":false},"excerpt":{"rendered":"<div class=\"mh-excerpt\"><p>Na pol\u00edtica, a exemplaridade non \u00e9 unha opci\u00f3n, sen\u00f3n unha obriga. Quen ocupa cargos p\u00fablicos debe ser referente de \u00e9tica, dedicaci\u00f3n e responsabilidade <a class=\"mh-excerpt-more\" href=\"https:\/\/www.anovapeneira.gal\/index.php\/2025\/01\/15\/un-goberno-surrealista-para-a-guarda\/\" title=\"Un goberno surrealista para A Guarda\">[&#8230;]<\/a><\/p>\n<\/div>","protected":false},"author":3,"featured_media":11935,"comment_status":"open","ping_status":"open","sticky":false,"template":"","format":"standard","meta":{"_exactmetrics_skip_tracking":false,"_exactmetrics_sitenote_active":false,"_exactmetrics_sitenote_note":"","_exactmetrics_sitenote_category":0,"footnotes":""},"categories":[21],"tags":[238],"class_list":{"0":"post-13105","1":"post","2":"type-post","3":"status-publish","4":"format-standard","5":"has-post-thumbnail","7":"category-baixo-mino","8":"tag-concello-da-guarda"},"yoast_head":"<!-- This site is optimized with the Yoast SEO plugin v27.4 - https:\/\/yoast.com\/product\/yoast-seo-wordpress\/ -->\n<title>Un goberno surrealista para A Guarda -<\/title>\n<meta name=\"robots\" content=\"index, follow, max-snippet:-1, max-image-preview:large, max-video-preview:-1\" \/>\n<link rel=\"canonical\" href=\"https:\/\/www.anovapeneira.gal\/index.php\/2025\/01\/15\/un-goberno-surrealista-para-a-guarda\/\" \/>\n<meta property=\"og:locale\" content=\"gl_ES\" \/>\n<meta property=\"og:type\" content=\"article\" \/>\n<meta property=\"og:title\" content=\"Un goberno surrealista para A Guarda -\" \/>\n<meta property=\"og:description\" content=\"Na pol\u00edtica, a exemplaridade non \u00e9 unha opci\u00f3n, sen\u00f3n unha obriga. Quen ocupa cargos p\u00fablicos debe ser referente de \u00e9tica, dedicaci\u00f3n e responsabilidade [...]\" \/>\n<meta property=\"og:url\" content=\"https:\/\/www.anovapeneira.gal\/index.php\/2025\/01\/15\/un-goberno-surrealista-para-a-guarda\/\" \/>\n<meta property=\"article:publisher\" content=\"https:\/\/www.facebook.com\/anovapeneira\" \/>\n<meta property=\"article:published_time\" content=\"2025-01-15T11:00:04+00:00\" \/>\n<meta property=\"og:image\" content=\"https:\/\/www.anovapeneira.gal\/wp-content\/uploads\/2024\/06\/psoe_guarda_fatima.jpg\" \/>\n\t<meta property=\"og:image:width\" content=\"720\" \/>\n\t<meta property=\"og:image:height\" content=\"432\" \/>\n\t<meta property=\"og:image:type\" content=\"image\/jpeg\" \/>\n<meta name=\"author\" content=\"Redacci\u00f3n A Nova Peneira\" \/>\n<meta name=\"twitter:card\" content=\"summary_large_image\" \/>\n<meta name=\"twitter:creator\" content=\"@APeneira\" \/>\n<meta name=\"twitter:site\" content=\"@APeneira\" \/>\n<meta name=\"twitter:label1\" content=\"Escrito por\" \/>\n\t<meta name=\"twitter:data1\" content=\"Redacci\u00f3n A Nova Peneira\" \/>\n\t<meta name=\"twitter:label2\" content=\"Tempo de lectura\" \/>\n\t<meta name=\"twitter:data2\" content=\"4 minutos\" \/>\n<script type=\"application\/ld+json\" class=\"yoast-schema-graph\">{\"@context\":\"https:\\\/\\\/schema.org\",\"@graph\":[{\"@type\":\"Article\",\"@id\":\"https:\\\/\\\/www.anovapeneira.gal\\\/index.php\\\/2025\\\/01\\\/15\\\/un-goberno-surrealista-para-a-guarda\\\/#article\",\"isPartOf\":{\"@id\":\"https:\\\/\\\/www.anovapeneira.gal\\\/index.php\\\/2025\\\/01\\\/15\\\/un-goberno-surrealista-para-a-guarda\\\/\"},\"author\":{\"name\":\"Redacci\u00f3n A Nova Peneira\",\"@id\":\"https:\\\/\\\/www.anovapeneira.gal\\\/#\\\/schema\\\/person\\\/b93e3f8932e3f8da96334607eb6ac6aa\"},\"headline\":\"Un goberno surrealista para A Guarda\",\"datePublished\":\"2025-01-15T11:00:04+00:00\",\"mainEntityOfPage\":{\"@id\":\"https:\\\/\\\/www.anovapeneira.gal\\\/index.php\\\/2025\\\/01\\\/15\\\/un-goberno-surrealista-para-a-guarda\\\/\"},\"wordCount\":627,\"commentCount\":0,\"publisher\":{\"@id\":\"https:\\\/\\\/www.anovapeneira.gal\\\/#organization\"},\"image\":{\"@id\":\"https:\\\/\\\/www.anovapeneira.gal\\\/index.php\\\/2025\\\/01\\\/15\\\/un-goberno-surrealista-para-a-guarda\\\/#primaryimage\"},\"thumbnailUrl\":\"https:\\\/\\\/www.anovapeneira.gal\\\/wp-content\\\/uploads\\\/2024\\\/06\\\/psoe_guarda_fatima.jpg\",\"keywords\":[\"Concello da Guarda\"],\"articleSection\":[\"Baixo Mi\u00f1o\"],\"inLanguage\":\"gl-ES\",\"potentialAction\":[{\"@type\":\"CommentAction\",\"name\":\"Comment\",\"target\":[\"https:\\\/\\\/www.anovapeneira.gal\\\/index.php\\\/2025\\\/01\\\/15\\\/un-goberno-surrealista-para-a-guarda\\\/#respond\"]}]},{\"@type\":\"WebPage\",\"@id\":\"https:\\\/\\\/www.anovapeneira.gal\\\/index.php\\\/2025\\\/01\\\/15\\\/un-goberno-surrealista-para-a-guarda\\\/\",\"url\":\"https:\\\/\\\/www.anovapeneira.gal\\\/index.php\\\/2025\\\/01\\\/15\\\/un-goberno-surrealista-para-a-guarda\\\/\",\"name\":\"Un goberno surrealista para A Guarda -\",\"isPartOf\":{\"@id\":\"https:\\\/\\\/www.anovapeneira.gal\\\/#website\"},\"primaryImageOfPage\":{\"@id\":\"https:\\\/\\\/www.anovapeneira.gal\\\/index.php\\\/2025\\\/01\\\/15\\\/un-goberno-surrealista-para-a-guarda\\\/#primaryimage\"},\"image\":{\"@id\":\"https:\\\/\\\/www.anovapeneira.gal\\\/index.php\\\/2025\\\/01\\\/15\\\/un-goberno-surrealista-para-a-guarda\\\/#primaryimage\"},\"thumbnailUrl\":\"https:\\\/\\\/www.anovapeneira.gal\\\/wp-content\\\/uploads\\\/2024\\\/06\\\/psoe_guarda_fatima.jpg\",\"datePublished\":\"2025-01-15T11:00:04+00:00\",\"breadcrumb\":{\"@id\":\"https:\\\/\\\/www.anovapeneira.gal\\\/index.php\\\/2025\\\/01\\\/15\\\/un-goberno-surrealista-para-a-guarda\\\/#breadcrumb\"},\"inLanguage\":\"gl-ES\",\"potentialAction\":[{\"@type\":\"ReadAction\",\"target\":[\"https:\\\/\\\/www.anovapeneira.gal\\\/index.php\\\/2025\\\/01\\\/15\\\/un-goberno-surrealista-para-a-guarda\\\/\"]}]},{\"@type\":\"ImageObject\",\"inLanguage\":\"gl-ES\",\"@id\":\"https:\\\/\\\/www.anovapeneira.gal\\\/index.php\\\/2025\\\/01\\\/15\\\/un-goberno-surrealista-para-a-guarda\\\/#primaryimage\",\"url\":\"https:\\\/\\\/www.anovapeneira.gal\\\/wp-content\\\/uploads\\\/2024\\\/06\\\/psoe_guarda_fatima.jpg\",\"contentUrl\":\"https:\\\/\\\/www.anovapeneira.gal\\\/wp-content\\\/uploads\\\/2024\\\/06\\\/psoe_guarda_fatima.jpg\",\"width\":720,\"height\":432,\"caption\":\"PSOE F\u00e1tima Guarda\"},{\"@type\":\"BreadcrumbList\",\"@id\":\"https:\\\/\\\/www.anovapeneira.gal\\\/index.php\\\/2025\\\/01\\\/15\\\/un-goberno-surrealista-para-a-guarda\\\/#breadcrumb\",\"itemListElement\":[{\"@type\":\"ListItem\",\"position\":1,\"name\":\"Portada\",\"item\":\"https:\\\/\\\/www.anovapeneira.gal\\\/\"},{\"@type\":\"ListItem\",\"position\":2,\"name\":\"Un goberno surrealista para A Guarda\"}]},{\"@type\":\"WebSite\",\"@id\":\"https:\\\/\\\/www.anovapeneira.gal\\\/#website\",\"url\":\"https:\\\/\\\/www.anovapeneira.gal\\\/\",\"name\":\"\",\"description\":\"Xornal galego de informaci\u00f3n xeral Publicaci\u00f3n mensual de novas de Galicia e en especial dos Concellos da sur da provincia de Pontevedra.\",\"publisher\":{\"@id\":\"https:\\\/\\\/www.anovapeneira.gal\\\/#organization\"},\"potentialAction\":[{\"@type\":\"SearchAction\",\"target\":{\"@type\":\"EntryPoint\",\"urlTemplate\":\"https:\\\/\\\/www.anovapeneira.gal\\\/?s={search_term_string}\"},\"query-input\":{\"@type\":\"PropertyValueSpecification\",\"valueRequired\":true,\"valueName\":\"search_term_string\"}}],\"inLanguage\":\"gl-ES\"},{\"@type\":\"Organization\",\"@id\":\"https:\\\/\\\/www.anovapeneira.gal\\\/#organization\",\"name\":\"A Nova Peneira\",\"url\":\"https:\\\/\\\/www.anovapeneira.gal\\\/\",\"logo\":{\"@type\":\"ImageObject\",\"inLanguage\":\"gl-ES\",\"@id\":\"https:\\\/\\\/www.anovapeneira.gal\\\/#\\\/schema\\\/logo\\\/image\\\/\",\"url\":\"http:\\\/\\\/www.anovapeneira.gal\\\/wp-content\\\/uploads\\\/2019\\\/06\\\/logo_a_nova_peneira_portal_web.png\",\"contentUrl\":\"http:\\\/\\\/www.anovapeneira.gal\\\/wp-content\\\/uploads\\\/2019\\\/06\\\/logo_a_nova_peneira_portal_web.png\",\"width\":300,\"height\":100,\"caption\":\"A Nova Peneira\"},\"image\":{\"@id\":\"https:\\\/\\\/www.anovapeneira.gal\\\/#\\\/schema\\\/logo\\\/image\\\/\"},\"sameAs\":[\"https:\\\/\\\/www.facebook.com\\\/anovapeneira\",\"https:\\\/\\\/x.com\\\/APeneira\"]},{\"@type\":\"Person\",\"@id\":\"https:\\\/\\\/www.anovapeneira.gal\\\/#\\\/schema\\\/person\\\/b93e3f8932e3f8da96334607eb6ac6aa\",\"name\":\"Redacci\u00f3n A Nova Peneira\",\"image\":{\"@type\":\"ImageObject\",\"inLanguage\":\"gl-ES\",\"@id\":\"https:\\\/\\\/secure.gravatar.com\\\/avatar\\\/c052a2551a06e23fac63626232eaa90abd78dbcf1700fc46a2b2c89fd27b735f?s=96&d=mm&r=g\",\"url\":\"https:\\\/\\\/secure.gravatar.com\\\/avatar\\\/c052a2551a06e23fac63626232eaa90abd78dbcf1700fc46a2b2c89fd27b735f?s=96&d=mm&r=g\",\"contentUrl\":\"https:\\\/\\\/secure.gravatar.com\\\/avatar\\\/c052a2551a06e23fac63626232eaa90abd78dbcf1700fc46a2b2c89fd27b735f?s=96&d=mm&r=g\",\"caption\":\"Redacci\u00f3n A Nova Peneira\"},\"sameAs\":[\"http:\\\/\\\/www.anovapeneira.gal\\\/\"],\"url\":\"https:\\\/\\\/www.anovapeneira.gal\\\/index.php\\\/author\\\/redactor\\\/\"}]}<\/script>\n<!-- \/ Yoast SEO plugin. -->","yoast_head_json":{"title":"Un goberno surrealista para A Guarda -","robots":{"index":"index","follow":"follow","max-snippet":"max-snippet:-1","max-image-preview":"max-image-preview:large","max-video-preview":"max-video-preview:-1"},"canonical":"https:\/\/www.anovapeneira.gal\/index.php\/2025\/01\/15\/un-goberno-surrealista-para-a-guarda\/","og_locale":"gl_ES","og_type":"article","og_title":"Un goberno surrealista para A Guarda -","og_description":"Na pol\u00edtica, a exemplaridade non \u00e9 unha opci\u00f3n, sen\u00f3n unha obriga. Quen ocupa cargos p\u00fablicos debe ser referente de \u00e9tica, dedicaci\u00f3n e responsabilidade [...]","og_url":"https:\/\/www.anovapeneira.gal\/index.php\/2025\/01\/15\/un-goberno-surrealista-para-a-guarda\/","article_publisher":"https:\/\/www.facebook.com\/anovapeneira","article_published_time":"2025-01-15T11:00:04+00:00","og_image":[{"width":720,"height":432,"url":"https:\/\/www.anovapeneira.gal\/wp-content\/uploads\/2024\/06\/psoe_guarda_fatima.jpg","type":"image\/jpeg"}],"author":"Redacci\u00f3n A Nova Peneira","twitter_card":"summary_large_image","twitter_creator":"@APeneira","twitter_site":"@APeneira","twitter_misc":{"Escrito por":"Redacci\u00f3n A Nova Peneira","Tempo de lectura":"4 minutos"},"schema":{"@context":"https:\/\/schema.org","@graph":[{"@type":"Article","@id":"https:\/\/www.anovapeneira.gal\/index.php\/2025\/01\/15\/un-goberno-surrealista-para-a-guarda\/#article","isPartOf":{"@id":"https:\/\/www.anovapeneira.gal\/index.php\/2025\/01\/15\/un-goberno-surrealista-para-a-guarda\/"},"author":{"name":"Redacci\u00f3n A Nova Peneira","@id":"https:\/\/www.anovapeneira.gal\/#\/schema\/person\/b93e3f8932e3f8da96334607eb6ac6aa"},"headline":"Un goberno surrealista para A Guarda","datePublished":"2025-01-15T11:00:04+00:00","mainEntityOfPage":{"@id":"https:\/\/www.anovapeneira.gal\/index.php\/2025\/01\/15\/un-goberno-surrealista-para-a-guarda\/"},"wordCount":627,"commentCount":0,"publisher":{"@id":"https:\/\/www.anovapeneira.gal\/#organization"},"image":{"@id":"https:\/\/www.anovapeneira.gal\/index.php\/2025\/01\/15\/un-goberno-surrealista-para-a-guarda\/#primaryimage"},"thumbnailUrl":"https:\/\/www.anovapeneira.gal\/wp-content\/uploads\/2024\/06\/psoe_guarda_fatima.jpg","keywords":["Concello da Guarda"],"articleSection":["Baixo Mi\u00f1o"],"inLanguage":"gl-ES","potentialAction":[{"@type":"CommentAction","name":"Comment","target":["https:\/\/www.anovapeneira.gal\/index.php\/2025\/01\/15\/un-goberno-surrealista-para-a-guarda\/#respond"]}]},{"@type":"WebPage","@id":"https:\/\/www.anovapeneira.gal\/index.php\/2025\/01\/15\/un-goberno-surrealista-para-a-guarda\/","url":"https:\/\/www.anovapeneira.gal\/index.php\/2025\/01\/15\/un-goberno-surrealista-para-a-guarda\/","name":"Un goberno surrealista para A Guarda -","isPartOf":{"@id":"https:\/\/www.anovapeneira.gal\/#website"},"primaryImageOfPage":{"@id":"https:\/\/www.anovapeneira.gal\/index.php\/2025\/01\/15\/un-goberno-surrealista-para-a-guarda\/#primaryimage"},"image":{"@id":"https:\/\/www.anovapeneira.gal\/index.php\/2025\/01\/15\/un-goberno-surrealista-para-a-guarda\/#primaryimage"},"thumbnailUrl":"https:\/\/www.anovapeneira.gal\/wp-content\/uploads\/2024\/06\/psoe_guarda_fatima.jpg","datePublished":"2025-01-15T11:00:04+00:00","breadcrumb":{"@id":"https:\/\/www.anovapeneira.gal\/index.php\/2025\/01\/15\/un-goberno-surrealista-para-a-guarda\/#breadcrumb"},"inLanguage":"gl-ES","potentialAction":[{"@type":"ReadAction","target":["https:\/\/www.anovapeneira.gal\/index.php\/2025\/01\/15\/un-goberno-surrealista-para-a-guarda\/"]}]},{"@type":"ImageObject","inLanguage":"gl-ES","@id":"https:\/\/www.anovapeneira.gal\/index.php\/2025\/01\/15\/un-goberno-surrealista-para-a-guarda\/#primaryimage","url":"https:\/\/www.anovapeneira.gal\/wp-content\/uploads\/2024\/06\/psoe_guarda_fatima.jpg","contentUrl":"https:\/\/www.anovapeneira.gal\/wp-content\/uploads\/2024\/06\/psoe_guarda_fatima.jpg","width":720,"height":432,"caption":"PSOE F\u00e1tima Guarda"},{"@type":"BreadcrumbList","@id":"https:\/\/www.anovapeneira.gal\/index.php\/2025\/01\/15\/un-goberno-surrealista-para-a-guarda\/#breadcrumb","itemListElement":[{"@type":"ListItem","position":1,"name":"Portada","item":"https:\/\/www.anovapeneira.gal\/"},{"@type":"ListItem","position":2,"name":"Un goberno surrealista para A Guarda"}]},{"@type":"WebSite","@id":"https:\/\/www.anovapeneira.gal\/#website","url":"https:\/\/www.anovapeneira.gal\/","name":"","description":"Xornal galego de informaci\u00f3n xeral Publicaci\u00f3n mensual de novas de Galicia e en especial dos Concellos da sur da provincia de Pontevedra.","publisher":{"@id":"https:\/\/www.anovapeneira.gal\/#organization"},"potentialAction":[{"@type":"SearchAction","target":{"@type":"EntryPoint","urlTemplate":"https:\/\/www.anovapeneira.gal\/?s={search_term_string}"},"query-input":{"@type":"PropertyValueSpecification","valueRequired":true,"valueName":"search_term_string"}}],"inLanguage":"gl-ES"},{"@type":"Organization","@id":"https:\/\/www.anovapeneira.gal\/#organization","name":"A Nova Peneira","url":"https:\/\/www.anovapeneira.gal\/","logo":{"@type":"ImageObject","inLanguage":"gl-ES","@id":"https:\/\/www.anovapeneira.gal\/#\/schema\/logo\/image\/","url":"http:\/\/www.anovapeneira.gal\/wp-content\/uploads\/2019\/06\/logo_a_nova_peneira_portal_web.png","contentUrl":"http:\/\/www.anovapeneira.gal\/wp-content\/uploads\/2019\/06\/logo_a_nova_peneira_portal_web.png","width":300,"height":100,"caption":"A Nova Peneira"},"image":{"@id":"https:\/\/www.anovapeneira.gal\/#\/schema\/logo\/image\/"},"sameAs":["https:\/\/www.facebook.com\/anovapeneira","https:\/\/x.com\/APeneira"]},{"@type":"Person","@id":"https:\/\/www.anovapeneira.gal\/#\/schema\/person\/b93e3f8932e3f8da96334607eb6ac6aa","name":"Redacci\u00f3n A Nova Peneira","image":{"@type":"ImageObject","inLanguage":"gl-ES","@id":"https:\/\/secure.gravatar.com\/avatar\/c052a2551a06e23fac63626232eaa90abd78dbcf1700fc46a2b2c89fd27b735f?s=96&d=mm&r=g","url":"https:\/\/secure.gravatar.com\/avatar\/c052a2551a06e23fac63626232eaa90abd78dbcf1700fc46a2b2c89fd27b735f?s=96&d=mm&r=g","contentUrl":"https:\/\/secure.gravatar.com\/avatar\/c052a2551a06e23fac63626232eaa90abd78dbcf1700fc46a2b2c89fd27b735f?s=96&d=mm&r=g","caption":"Redacci\u00f3n A Nova Peneira"},"sameAs":["http:\/\/www.anovapeneira.gal\/"],"url":"https:\/\/www.anovapeneira.gal\/index.php\/author\/redactor\/"}]}},"jetpack_featured_media_url":"https:\/\/www.anovapeneira.gal\/wp-content\/uploads\/2024\/06\/psoe_guarda_fatima.jpg","_links":{"self":[{"href":"https:\/\/www.anovapeneira.gal\/index.php\/wp-json\/wp\/v2\/posts\/13105","targetHints":{"allow":["GET"]}}],"collection":[{"href":"https:\/\/www.anovapeneira.gal\/index.php\/wp-json\/wp\/v2\/posts"}],"about":[{"href":"https:\/\/www.anovapeneira.gal\/index.php\/wp-json\/wp\/v2\/types\/post"}],"author":[{"embeddable":true,"href":"https:\/\/www.anovapeneira.gal\/index.php\/wp-json\/wp\/v2\/users\/3"}],"replies":[{"embeddable":true,"href":"https:\/\/www.anovapeneira.gal\/index.php\/wp-json\/wp\/v2\/comments?post=13105"}],"version-history":[{"count":1,"href":"https:\/\/www.anovapeneira.gal\/index.php\/wp-json\/wp\/v2\/posts\/13105\/revisions"}],"predecessor-version":[{"id":13106,"href":"https:\/\/www.anovapeneira.gal\/index.php\/wp-json\/wp\/v2\/posts\/13105\/revisions\/13106"}],"wp:featuredmedia":[{"embeddable":true,"href":"https:\/\/www.anovapeneira.gal\/index.php\/wp-json\/wp\/v2\/media\/11935"}],"wp:attachment":[{"href":"https:\/\/www.anovapeneira.gal\/index.php\/wp-json\/wp\/v2\/media?parent=13105"}],"wp:term":[{"taxonomy":"category","embeddable":true,"href":"https:\/\/www.anovapeneira.gal\/index.php\/wp-json\/wp\/v2\/categories?post=13105"},{"taxonomy":"post_tag","embeddable":true,"href":"https:\/\/www.anovapeneira.gal\/index.php\/wp-json\/wp\/v2\/tags?post=13105"}],"curies":[{"name":"wp","href":"https:\/\/api.w.org\/{rel}","templated":true}]}}