{"id":13121,"date":"2025-01-17T12:00:32","date_gmt":"2025-01-17T11:00:32","guid":{"rendered":"https:\/\/www.anovapeneira.gal\/?p=13121"},"modified":"2025-01-15T10:29:55","modified_gmt":"2025-01-15T09:29:55","slug":"xoan-carlos-gonzalez-voceiro-do-bng-de-redondela-2","status":"publish","type":"post","link":"https:\/\/www.anovapeneira.gal\/index.php\/2025\/01\/17\/xoan-carlos-gonzalez-voceiro-do-bng-de-redondela-2\/","title":{"rendered":"Xoan Carlos Gonz\u00e1lez, voceiro do BNG de Redondela"},"content":{"rendered":"\n<p><strong>Despois de termos falado con Javier Bas e con Digna Rivas, nos dous anteriores n\u00fameros da nosa publicaci\u00f3n, continuamos a an\u00e1lise en profundidade da pol\u00edtica local de Redondela conversando con Xoan Carlos Gonz\u00e1lez o portavoz do BNG.<\/strong><\/p>\n\n\n\n<p><strong>O voceiro nacionalista amosouse decepcionado coa acci\u00f3n pol\u00edtica deste goberno, do que di que est\u00e1 a dilapidar a confianza que lle prestou o BNG e \u00e1 vez moi firme na defensa das li\u00f1as pol\u00edticas que defende a s\u00faa organizaci\u00f3n , moi orgulloso do hist\u00f3rico resultado das auton\u00f3micas que levou a que o Bloque fose por primeira vez na s\u00faa historia a forza m\u00e1is votada en Redondela, e convencido de que te\u00f1en potencial de crecemento suficiente como para aspirar de maneira realista a acadar a alcald\u00eda nas municipais do 27.<\/strong><\/p>\n\n\n\n<h2 class=\"wp-block-heading\">\u201c <strong>O BNG perdeu a confianza nas expectativas que xerou este goberno\u201d<\/strong><\/h2>\n\n\n\n<p><strong>Cal \u00e9 a valoraci\u00f3n pol\u00edtica que fai o BNG sobre este mandato que pronto chegar\u00e1 ao seu ecuador?<\/strong><\/p>\n\n\n\n<blockquote class=\"wp-block-quote is-layout-flow wp-block-quote-is-layout-flow\">\n<p>Caracter\u00edzase pola perda de confianza nas expectativas que este goberno xerara.<\/p>\n<\/blockquote>\n\n\n\n<p><strong>Podemos dicir ent\u00f3n, con claridade, que o BNG perdeu a confianza no goberno municipal?<\/strong><\/p>\n\n\n\n<blockquote class=\"wp-block-quote is-layout-flow wp-block-quote-is-layout-flow\">\n<p>Si, p\u00f3dese dicir as\u00ed porque \u00e9 as\u00ed.<\/p>\n<\/blockquote>\n\n\n\n<p><strong>Por que se deu esa perda de confianza?<\/strong><\/p>\n\n\n\n<blockquote class=\"wp-block-quote is-layout-flow wp-block-quote-is-layout-flow\">\n<p>N\u00f3s, desde o principio estivemos \u00e1 expectativa de que o goberno fixera movementos pol\u00edticos para podermos chegar a pactos que beneficiasen \u00e1 veci\u00f1anza de Redondela, pero eses movementos non se producen, e xa estamos case na metade do mandato, xa que logo a nosa confianza foise esvaecendo.<\/p>\n<\/blockquote>\n\n\n\n<p><strong>Alg\u00fan exemplo concreto?<\/strong><\/p>\n\n\n\n<blockquote class=\"wp-block-quote is-layout-flow wp-block-quote-is-layout-flow\">\n<p>No acordo de investidura recollemos que se abordar\u00edan os orzamentos antes de finalizar o ano anterior. Estamos xa no 25 e s\u00f3 sabemos pola prensa de que hai unha proposta de orzamentos.<\/p>\n<\/blockquote>\n\n\n\n<p><strong>No 23 e no 24 non houbo orzamentos?<\/strong><\/p>\n\n\n\n<blockquote class=\"wp-block-quote is-layout-flow wp-block-quote-is-layout-flow\">\n<p>Non.<\/p>\n<\/blockquote>\n\n\n\n<p><strong>E o goberno non fixo ning\u00fan movemento para os deste ano?<\/strong><\/p>\n\n\n\n<blockquote class=\"wp-block-quote is-layout-flow wp-block-quote-is-layout-flow\">\n<p>A semana pasada os primeiros( a conversa foi o 13 de xaneiro).Pero fix\u00e9ronnos unha proposta cuxo enfoque non nos convence. Eles fan a s\u00faa proposta, trasl\u00e1danlla aos t\u00e9cnicos e logo env\u00edannola a n\u00f3s. E o BNG entende que o procedemento correcto debe de ser o contrario: primeiro debiamos de acordar ambos, o goberno e n\u00f3s, os proxectos e logo enviar o acordo aos departamentos t\u00e9cnicos.<\/p>\n<\/blockquote>\n\n\n\n<blockquote class=\"wp-block-quote is-layout-flow wp-block-quote-is-layout-flow\">\n<p>Estamos nun momento en que o Partido Socialista de Redondela ten fobia a acordar co BNG.<\/p>\n<\/blockquote>\n\n\n\n<p><strong>Parece moi estra\u00f1o. Non comprendo esa posici\u00f3n, pois non acordar con v\u00f3s o \u00fanico que sup\u00f3n \u00e9 unha acci\u00f3n de goberno moito m\u00e1is dif\u00edcil para eles<\/strong><\/p>\n\n\n\n<blockquote class=\"wp-block-quote is-layout-flow wp-block-quote-is-layout-flow\">\n<p>Eles est\u00e1n en din\u00e1mica de competencia electoral constante.<\/p>\n<\/blockquote>\n\n\n\n<p><strong>Con v\u00f3s?<\/strong><\/p>\n\n\n\n<blockquote class=\"wp-block-quote is-layout-flow wp-block-quote-is-layout-flow\">\n<p>Si.<\/p>\n<\/blockquote>\n\n\n\n<p><strong>Falemos do acordo de remunicipalizaci\u00f3n da recollida do lixo?<\/strong><\/p>\n\n\n\n<blockquote class=\"wp-block-quote is-layout-flow wp-block-quote-is-layout-flow\">\n<p>\u00c9 un acordo que supuxo unha actualizaci\u00f3n de taxas. No ano 2027 remata o contrato vixente, despois de 20 anos. N\u00f3s demos o noso voto afirmativo \u00e1 actualizaci\u00f3n das taxas a cambio de que unha vez que remate o contrato, ese servizo volva ser asumido polo Concello de Redondela. A xesti\u00f3n da recollida do lixo en Redondela \u00e9 mala, e \u00e9 as\u00ed porque est\u00e1 privatizada. N\u00f3s entendemos que se fose o propio Concello quen asumise ese servizo,este ser\u00eda moito mellor, e o momento era perfecto para a remunicipalizaci\u00f3n.<\/p>\n<\/blockquote>\n\n\n\n<p><strong>Di o PP que esa actualizaci\u00f3n de taxas \u00e9 un \u201c espolio \u00e1 veci\u00f1anza de Redondela\u201d.Que tes que dicir ao respecto diso?<\/strong><\/p>\n\n\n\n<blockquote class=\"wp-block-quote is-layout-flow wp-block-quote-is-layout-flow\">\n<p>O mesmo que dixemos no \u00faltimo pleno: Javier Bas debe de dimitir pola s\u00faa campa\u00f1a de mentiras .Esta campa\u00f1a de difamaci\u00f3ns foi especialmente significativa neste debate sobre a xesti\u00f3n do lixo.<\/p>\n<\/blockquote>\n\n\n\n<p><strong>Por que?<\/strong><\/p>\n\n\n\n<blockquote class=\"wp-block-quote is-layout-flow wp-block-quote-is-layout-flow\">\n<p>Present\u00e1ronse arredor de 120 alegaci\u00f3ns, e como m\u00ednimo 1\/3 eran de significados militantes do PP. Esa campa\u00f1a que fixo o PP foi un absoluto fracaso, e o suposto espolio non existe, foi unha actualizaci\u00f3n dunha taxa que hai 20 anos que non se actualizaba e as\u00ed o entendeu a veci\u00f1anza.<\/p>\n<\/blockquote>\n\n\n\n<p><strong>O PP tam\u00e9n di que esa remunicipalizaci\u00f3n do servizo \u00e9 imposible?<\/strong><\/p>\n\n\n\n<blockquote class=\"wp-block-quote is-layout-flow wp-block-quote-is-layout-flow\">\n<p>O que acontece \u00e9 que o PP est\u00e1 moi preocupado porque Redondela se poida converter nun referente para moitos concellos grazas a unha proposta do BNG. Hai concellos que as\u00ed o fixeron , como por exemplo Le\u00f3n, e o resultado \u00e9 positivo.<\/p>\n<\/blockquote>\n\n\n\n<p><strong>Os acordos aos que chegastes co PSOE para dar o voso voto afirmativo na investidura estanos cumprindo?<\/strong><\/p>\n\n\n\n<blockquote class=\"wp-block-quote is-layout-flow wp-block-quote-is-layout-flow\">\n<p>Os m\u00e1is importantes, como por exemplo ter o ante proxecto de orzamentos para o ano antes de que remate o anterior ou negociar con n\u00f3s os investimentos que superen os 300.000\u20ac, non.<\/p>\n<\/blockquote>\n\n\n\n<p><strong>Cal \u00e9 a posici\u00f3n pol\u00edtica b\u00e1sica coa que afrontou o mandato o BNG?<\/strong><\/p>\n\n\n\n<blockquote class=\"wp-block-quote is-layout-flow wp-block-quote-is-layout-flow\">\n<p>N\u00f3s comezamos o mandato na mellor das disposici\u00f3ns posibles. Tivemos a man tendida e agardamos que o goberno nos fixera as s\u00faas propostas para traballar en conxunto en beneficio do conxunto da veci\u00f1anza&#8230;pero, como che dixen ao inicio da conversa, a confianza quebrouse.<\/p>\n<\/blockquote>\n\n\n\n<blockquote class=\"wp-block-quote is-layout-flow wp-block-quote-is-layout-flow\">\n<p>Hai cuesti\u00f3ns coas que discrepamos radicalmente o que nos obriga a exercer unha oposici\u00f3n seria e rigorosa.<\/p>\n<\/blockquote>\n\n\n\n<p><strong>Por exemplo?<\/strong><\/p>\n\n\n\n<blockquote class=\"wp-block-quote is-layout-flow wp-block-quote-is-layout-flow\">\n<p>Dous exemplos moi importantes:<\/p>\n<\/blockquote>\n\n\n\n<blockquote class=\"wp-block-quote is-layout-flow wp-block-quote-is-layout-flow\">\n<p>-A participaci\u00f3n veci\u00f1al \u00e9 un absoluto fracaso. Parece que non interesa que os consellos parroquiais te\u00f1an \u00e9xito.<\/p>\n<\/blockquote>\n\n\n\n<blockquote class=\"wp-block-quote is-layout-flow wp-block-quote-is-layout-flow\">\n<p>-O Plan Xeral. N\u00f3s presentamos 21 alegaci\u00f3ns que claramente o melloraban e a\u00ednda est\u00e1n en estudo por parte do equipo redactor. E parece que non van atender aspectos esenciais para n\u00f3s como a dotaci\u00f3n de m\u00e1is solo para a vivenda social, e darlle a San Sim\u00f3n un plan de usos que ti\u00f1a que vir xa recollido e o equipo de goberno non o preveu.<\/p>\n<\/blockquote>\n\n\n\n<p><strong>A declaraci\u00f3n de San Sim\u00f3n como un espazo para a memoria supo\u00f1o que ser\u00e1 altamente satisfactoria para o BNG?<\/strong><\/p>\n\n\n\n<blockquote class=\"wp-block-quote is-layout-flow wp-block-quote-is-layout-flow\">\n<p>Con algunha d\u00fabida, pois dentro de pouco tempo,arredor de dous anos, remata o tempo de cesi\u00f3n de San Sim\u00f3n do estado \u00e1 Xunta. E o que percibimos \u00e9 que hai unha estratexia por parte da alcaldesa de valorar como moi positivo todo o que ve\u00f1a do goberno do estado. N\u00f3s neste importante asunto estamos \u00e1 expectativa a ver que \u00e9 o que acontece.<\/p>\n<\/blockquote>\n\n\n\n<p><strong>A alcaldesa, no anterior n\u00famero da nosa publicaci\u00f3n afirmou que o grande proxecto do seu mandato \u00e9 o paseo do litoral de Cesantes. O BNG ve ese tema como un proxecto realista?<\/strong><\/p>\n\n\n\n<blockquote class=\"wp-block-quote is-layout-flow wp-block-quote-is-layout-flow\">\n<p>\u00c9 realista, si. Pero todo vai depender da vontade de chegar a acordos con n\u00f3s e de que tipo de obra se quere facer a\u00ed. N\u00f3s, cando se nos presente o proxecto e en funci\u00f3n do tipo de proxecto, valoraremos se o apoiamos ou non.<\/p>\n<\/blockquote>\n\n\n\n<p><strong>Os problemas econ\u00f3micos que tivo o Concello de Redondela, foron debidos a un problema inform\u00e1tico, como afirma a alcaldesa, ou \u00e1 mala xesti\u00f3n econ\u00f3mica do goberno, como di o PP?<\/strong><\/p>\n\n\n\n<blockquote class=\"wp-block-quote is-layout-flow wp-block-quote-is-layout-flow\">\n<p>O primeiro que quero dicir sobre este asunto \u00e9 valorar como moi positivo o traballo dos funcionarios e funcionarias do Concello para superar unha grave crise, motivada por un problema inform\u00e1tico, que tivo paralizado durante tres meses o pago aos provedores do Concello.<\/p>\n<\/blockquote>\n\n\n\n<p><strong>Ent\u00f3n a causa da imposibilidade de facer pagos durante eses meses foi un problema inform\u00e1tico real que foi alleo \u00e1 xesti\u00f3n pol\u00edtica?<\/strong><\/p>\n\n\n\n<blockquote class=\"wp-block-quote is-layout-flow wp-block-quote-is-layout-flow\">\n<p>Si.<\/p>\n<\/blockquote>\n\n\n\n<p><strong>E cal foi a orixe do problema? Alg\u00fan tipo de pirateo dos sistemas inform\u00e1ticos?<\/strong><\/p>\n\n\n\n<blockquote class=\"wp-block-quote is-layout-flow wp-block-quote-is-layout-flow\">\n<p>Non se sabe de momento.<\/p>\n<\/blockquote>\n\n\n\n<p><strong>O concello chegou a carecer de liquidez para afrontar os pagos?<\/strong><\/p>\n\n\n\n<blockquote class=\"wp-block-quote is-layout-flow wp-block-quote-is-layout-flow\">\n<p>Non, nunca. Esa cuesti\u00f3n foi puramente t\u00e9cnica e est\u00e1 ben resolta. Agora ben, iso non quere dicir que non haxa unha mala xesti\u00f3n econ\u00f3mica por parte do equipo de goberno.<\/p>\n<\/blockquote>\n\n\n\n<p><strong>Haina?<\/strong><\/p>\n\n\n\n<blockquote class=\"wp-block-quote is-layout-flow wp-block-quote-is-layout-flow\">\n<p>Nalgunhas cuesti\u00f3ns para n\u00f3s si.<\/p>\n<\/blockquote>\n\n\n\n<p><strong>Por exemplo?<\/strong><\/p>\n\n\n\n<blockquote class=\"wp-block-quote is-layout-flow wp-block-quote-is-layout-flow\">\n<p>Redondela gasta moito en fachenda, por exemplo en alumeado de Nadal gasta o mesmo que gasta Pontevedra,e non inviste o necesario na atenci\u00f3n aos colectivos m\u00e1is vulnerables ou en servizos que son b\u00e1sicos.<\/p>\n<\/blockquote>\n\n\n\n<blockquote class=\"wp-block-quote is-layout-flow wp-block-quote-is-layout-flow\">\n<p>As prioridades de gasto do goberno non sos as mesmas que ten o BNG,e a xesti\u00f3n tampouco \u00e9 adecuada. As\u00ed podemos falar a modo de exemplo de servizos sociais, con evidentes necesidades e carencias, e curiosamente a partida de emerxencia social nunca se executa na s\u00faa totalidade.<\/p>\n<\/blockquote>\n\n\n\n<p><strong>Como est\u00e1 a situaci\u00f3n das parroquias en li\u00f1as xerais?<\/strong><\/p>\n\n\n\n<blockquote class=\"wp-block-quote is-layout-flow wp-block-quote-is-layout-flow\">\n<p>Por partes:- A situaci\u00f3n no que se refire \u00e1 limpeza dos cami\u00f1os en parte mellorou porque se contratou a unha empresa para que a realizara. Te\u00f1o que dicir que esa contrataci\u00f3n de 1.000.000\u20ac non a comparte o BNG. A n\u00f3s desa contrataci\u00f3n nin se nos consultou nin se nos informou.<\/p>\n<\/blockquote>\n\n\n\n<blockquote class=\"wp-block-quote is-layout-flow wp-block-quote-is-layout-flow\">\n<p>Por outra banda en pleno se aprobou un plan de mellora de seguridade viaria nas parroquias, pero non se est\u00e1 facendo nada, e sobre o saneamento non se avanzou en nada estes anos. No que se refire \u00e1 recollida do lixo a empresa segue a incumprir o contrato e as tra\u00eddas de augas seguen dispondo de moi poucos recursos<\/p>\n<\/blockquote>\n\n\n\n<blockquote class=\"wp-block-quote is-layout-flow wp-block-quote-is-layout-flow\">\n<p>Por \u00faltimo na din\u00e1mica de actividade cultural funci\u00f3nase ao chou, sen un dese\u00f1o previamente establecido.<\/p>\n<\/blockquote>\n\n\n\n<p><strong>Expl\u00edcame a posici\u00f3n do BNG en relaci\u00f3n ao cambio de nome da r\u00faa Alfonso XII?<\/strong><\/p>\n\n\n\n<blockquote class=\"wp-block-quote is-layout-flow wp-block-quote-is-layout-flow\">\n<p>Nese tema tratouse de facer pol\u00edtica anti BNG. N\u00f3s estamos a favor, claro que si, como non imos estalo. Incluso temos unha proposta que \u00e9 chamarlle \u00e1 r\u00faa \u201cMadri\u00f1as de San Sim\u00f3n\u201d.<\/p>\n<\/blockquote>\n\n\n\n<blockquote class=\"wp-block-quote is-layout-flow wp-block-quote-is-layout-flow\">\n<p>Pero ese tema l\u00e9vase a pleno en forma de moci\u00f3n,e non como punto da orde do d\u00eda, polo tanto ao facelo as\u00ed a s\u00faa execuci\u00f3n non \u00e9 vinculante. Logo no medio do cami\u00f1o inventan unha enquisa e n\u00f3s entendemos que non podemos privarlle a unha parte da poboaci\u00f3n de Redondela da posibilidade de propor o nome que queiran, sempre que non vaia contra a memoria democr\u00e1tica, porque ese nome a n\u00f3s non guste.<\/p>\n<\/blockquote>\n\n\n\n<blockquote class=\"wp-block-quote is-layout-flow wp-block-quote-is-layout-flow\">\n<p>Se ese asunto se tivera feito ben, e se levara a pleno como punto da orde do d\u00eda n\u00f3s por suposto que votamos a favor, o tema estar\u00eda xa resolto e non haber\u00eda problema alg\u00fan.<\/p>\n<\/blockquote>\n\n\n\n<p><strong>Como est\u00e1 a sa\u00fade interna do BNG de Redondela?<\/strong><\/p>\n\n\n\n<blockquote class=\"wp-block-quote is-layout-flow wp-block-quote-is-layout-flow\">\n<p>Esa pregunta \u00e9 moi doada de responder: Marabillosa. O grupo ten un nivel de cohesi\u00f3n absoluta, hai xente moza , o que \u00e9 unha inmensa alegr\u00eda e hai unha comodidade e unha alegr\u00eda no traballo m\u00e1is que notables.<\/p>\n<\/blockquote>\n\n\n\n<p><strong>Nas \u00faltimas auton\u00f3micas fostes por primeira vez na historia a forza m\u00e1is votada de Redondela. Que supuxo ese resultado para ti?<\/strong><\/p>\n\n\n\n<blockquote class=\"wp-block-quote is-layout-flow wp-block-quote-is-layout-flow\">\n<p>Unha enorme satisfacci\u00f3n e unha emoci\u00f3n colectiva absolutamente espectacular. No BNG de Redondela hai xente que leva moito tempo, que viviu tempos moi complicados e que deu sempre o mellor de si mesmo en \u00e9pocas verdadeiramente duras. Para min ver a satisfacci\u00f3n desas persoas aquel d\u00eda hist\u00f3rico, foi un oc\u00e9ano de emoci\u00f3n, unha treboada de ledicia e satisfacci\u00f3n moi dif\u00edciles de conter.<\/p>\n<\/blockquote>\n\n\n\n<p><strong>O tempo pasa moi r\u00e1pido e en pouco m\u00e1is de dous anos teremos un novo proceso electoral. Honestamente Xoan Carlos: \u00e9 realista contemplar a posibilidade dunha alcald\u00eda nacionalista en Redondela?<\/strong><\/p>\n\n\n\n<blockquote class=\"wp-block-quote is-layout-flow wp-block-quote-is-layout-flow\">\n<p>Estou convencido de que si. Estamos en disposici\u00f3n de ser a forza m\u00e1is votada e de gobernar Redondela.<\/p>\n<\/blockquote>\n","protected":false},"excerpt":{"rendered":"<div class=\"mh-excerpt\"><p>Despois de termos falado con Javier Bas e con Digna Rivas, nos dous anteriores n\u00fameros da nosa publicaci\u00f3n, continuamos a an\u00e1lise en profundidade da pol\u00edtica local de Redondela conversando con Xoan Carlos Gonz\u00e1lez o portavoz do BNG <a class=\"mh-excerpt-more\" href=\"https:\/\/www.anovapeneira.gal\/index.php\/2025\/01\/17\/xoan-carlos-gonzalez-voceiro-do-bng-de-redondela-2\/\" title=\"Xoan Carlos Gonz\u00e1lez, voceiro do BNG de Redondela\">[&#8230;]<\/a><\/p>\n<\/div>","protected":false},"author":3,"featured_media":13123,"comment_status":"open","ping_status":"open","sticky":false,"template":"","format":"standard","meta":{"_exactmetrics_skip_tracking":false,"_exactmetrics_sitenote_active":false,"_exactmetrics_sitenote_note":"","_exactmetrics_sitenote_category":0,"footnotes":""},"categories":[270,1],"tags":[171],"class_list":{"0":"post-13121","1":"post","2":"type-post","3":"status-publish","4":"format-standard","5":"has-post-thumbnail","7":"category-redondela-entrevistas","8":"category-sin-categoria","9":"tag-concello-de-redondela"},"yoast_head":"<!-- This site is optimized with the Yoast SEO plugin v27.4 - https:\/\/yoast.com\/product\/yoast-seo-wordpress\/ -->\n<title>Xoan Carlos Gonz\u00e1lez, voceiro do BNG de Redondela -<\/title>\n<meta name=\"robots\" content=\"index, follow, max-snippet:-1, max-image-preview:large, max-video-preview:-1\" \/>\n<link rel=\"canonical\" href=\"https:\/\/www.anovapeneira.gal\/index.php\/2025\/01\/17\/xoan-carlos-gonzalez-voceiro-do-bng-de-redondela-2\/\" \/>\n<meta property=\"og:locale\" content=\"gl_ES\" \/>\n<meta property=\"og:type\" content=\"article\" \/>\n<meta property=\"og:title\" content=\"Xoan Carlos Gonz\u00e1lez, voceiro do BNG de Redondela -\" \/>\n<meta property=\"og:description\" content=\"Despois de termos falado con Javier Bas e con Digna Rivas, nos dous anteriores n\u00fameros da nosa publicaci\u00f3n, continuamos a an\u00e1lise en profundidade da pol\u00edtica local de Redondela conversando con Xoan Carlos Gonz\u00e1lez o portavoz do BNG [...]\" \/>\n<meta property=\"og:url\" content=\"https:\/\/www.anovapeneira.gal\/index.php\/2025\/01\/17\/xoan-carlos-gonzalez-voceiro-do-bng-de-redondela-2\/\" \/>\n<meta property=\"article:publisher\" content=\"https:\/\/www.facebook.com\/anovapeneira\" \/>\n<meta property=\"article:published_time\" content=\"2025-01-17T11:00:32+00:00\" \/>\n<meta property=\"og:image\" content=\"https:\/\/www.anovapeneira.gal\/wp-content\/uploads\/2025\/01\/xoan_carlos_bng_redondela.jpg\" \/>\n\t<meta property=\"og:image:width\" content=\"1920\" \/>\n\t<meta property=\"og:image:height\" content=\"1146\" \/>\n\t<meta property=\"og:image:type\" content=\"image\/jpeg\" \/>\n<meta name=\"author\" content=\"Redacci\u00f3n A Nova Peneira\" \/>\n<meta name=\"twitter:card\" content=\"summary_large_image\" \/>\n<meta name=\"twitter:creator\" content=\"@APeneira\" \/>\n<meta name=\"twitter:site\" content=\"@APeneira\" \/>\n<meta name=\"twitter:label1\" content=\"Escrito por\" \/>\n\t<meta name=\"twitter:data1\" content=\"Redacci\u00f3n A Nova Peneira\" \/>\n\t<meta name=\"twitter:label2\" content=\"Tempo de lectura\" \/>\n\t<meta name=\"twitter:data2\" content=\"4 minutos\" \/>\n<script type=\"application\/ld+json\" class=\"yoast-schema-graph\">{\"@context\":\"https:\\\/\\\/schema.org\",\"@graph\":[{\"@type\":\"Article\",\"@id\":\"https:\\\/\\\/www.anovapeneira.gal\\\/index.php\\\/2025\\\/01\\\/17\\\/xoan-carlos-gonzalez-voceiro-do-bng-de-redondela-2\\\/#article\",\"isPartOf\":{\"@id\":\"https:\\\/\\\/www.anovapeneira.gal\\\/index.php\\\/2025\\\/01\\\/17\\\/xoan-carlos-gonzalez-voceiro-do-bng-de-redondela-2\\\/\"},\"author\":{\"name\":\"Redacci\u00f3n A Nova Peneira\",\"@id\":\"https:\\\/\\\/www.anovapeneira.gal\\\/#\\\/schema\\\/person\\\/b93e3f8932e3f8da96334607eb6ac6aa\"},\"headline\":\"Xoan Carlos Gonz\u00e1lez, voceiro do BNG de Redondela\",\"datePublished\":\"2025-01-17T11:00:32+00:00\",\"mainEntityOfPage\":{\"@id\":\"https:\\\/\\\/www.anovapeneira.gal\\\/index.php\\\/2025\\\/01\\\/17\\\/xoan-carlos-gonzalez-voceiro-do-bng-de-redondela-2\\\/\"},\"wordCount\":1899,\"commentCount\":0,\"publisher\":{\"@id\":\"https:\\\/\\\/www.anovapeneira.gal\\\/#organization\"},\"image\":{\"@id\":\"https:\\\/\\\/www.anovapeneira.gal\\\/index.php\\\/2025\\\/01\\\/17\\\/xoan-carlos-gonzalez-voceiro-do-bng-de-redondela-2\\\/#primaryimage\"},\"thumbnailUrl\":\"https:\\\/\\\/www.anovapeneira.gal\\\/wp-content\\\/uploads\\\/2025\\\/01\\\/xoan_carlos_bng_redondela.jpg\",\"keywords\":[\"Concello de Redondela\"],\"articleSection\":[\"Redondela\",\"Sin categor\u00eda\"],\"inLanguage\":\"gl-ES\",\"potentialAction\":[{\"@type\":\"CommentAction\",\"name\":\"Comment\",\"target\":[\"https:\\\/\\\/www.anovapeneira.gal\\\/index.php\\\/2025\\\/01\\\/17\\\/xoan-carlos-gonzalez-voceiro-do-bng-de-redondela-2\\\/#respond\"]}]},{\"@type\":\"WebPage\",\"@id\":\"https:\\\/\\\/www.anovapeneira.gal\\\/index.php\\\/2025\\\/01\\\/17\\\/xoan-carlos-gonzalez-voceiro-do-bng-de-redondela-2\\\/\",\"url\":\"https:\\\/\\\/www.anovapeneira.gal\\\/index.php\\\/2025\\\/01\\\/17\\\/xoan-carlos-gonzalez-voceiro-do-bng-de-redondela-2\\\/\",\"name\":\"Xoan Carlos Gonz\u00e1lez, voceiro do BNG de Redondela -\",\"isPartOf\":{\"@id\":\"https:\\\/\\\/www.anovapeneira.gal\\\/#website\"},\"primaryImageOfPage\":{\"@id\":\"https:\\\/\\\/www.anovapeneira.gal\\\/index.php\\\/2025\\\/01\\\/17\\\/xoan-carlos-gonzalez-voceiro-do-bng-de-redondela-2\\\/#primaryimage\"},\"image\":{\"@id\":\"https:\\\/\\\/www.anovapeneira.gal\\\/index.php\\\/2025\\\/01\\\/17\\\/xoan-carlos-gonzalez-voceiro-do-bng-de-redondela-2\\\/#primaryimage\"},\"thumbnailUrl\":\"https:\\\/\\\/www.anovapeneira.gal\\\/wp-content\\\/uploads\\\/2025\\\/01\\\/xoan_carlos_bng_redondela.jpg\",\"datePublished\":\"2025-01-17T11:00:32+00:00\",\"breadcrumb\":{\"@id\":\"https:\\\/\\\/www.anovapeneira.gal\\\/index.php\\\/2025\\\/01\\\/17\\\/xoan-carlos-gonzalez-voceiro-do-bng-de-redondela-2\\\/#breadcrumb\"},\"inLanguage\":\"gl-ES\",\"potentialAction\":[{\"@type\":\"ReadAction\",\"target\":[\"https:\\\/\\\/www.anovapeneira.gal\\\/index.php\\\/2025\\\/01\\\/17\\\/xoan-carlos-gonzalez-voceiro-do-bng-de-redondela-2\\\/\"]}]},{\"@type\":\"ImageObject\",\"inLanguage\":\"gl-ES\",\"@id\":\"https:\\\/\\\/www.anovapeneira.gal\\\/index.php\\\/2025\\\/01\\\/17\\\/xoan-carlos-gonzalez-voceiro-do-bng-de-redondela-2\\\/#primaryimage\",\"url\":\"https:\\\/\\\/www.anovapeneira.gal\\\/wp-content\\\/uploads\\\/2025\\\/01\\\/xoan_carlos_bng_redondela.jpg\",\"contentUrl\":\"https:\\\/\\\/www.anovapeneira.gal\\\/wp-content\\\/uploads\\\/2025\\\/01\\\/xoan_carlos_bng_redondela.jpg\",\"width\":1920,\"height\":1146},{\"@type\":\"BreadcrumbList\",\"@id\":\"https:\\\/\\\/www.anovapeneira.gal\\\/index.php\\\/2025\\\/01\\\/17\\\/xoan-carlos-gonzalez-voceiro-do-bng-de-redondela-2\\\/#breadcrumb\",\"itemListElement\":[{\"@type\":\"ListItem\",\"position\":1,\"name\":\"Portada\",\"item\":\"https:\\\/\\\/www.anovapeneira.gal\\\/\"},{\"@type\":\"ListItem\",\"position\":2,\"name\":\"Xoan Carlos Gonz\u00e1lez, voceiro do BNG de Redondela\"}]},{\"@type\":\"WebSite\",\"@id\":\"https:\\\/\\\/www.anovapeneira.gal\\\/#website\",\"url\":\"https:\\\/\\\/www.anovapeneira.gal\\\/\",\"name\":\"\",\"description\":\"Xornal galego de informaci\u00f3n xeral Publicaci\u00f3n mensual de novas de Galicia e en especial dos Concellos da sur da provincia de Pontevedra.\",\"publisher\":{\"@id\":\"https:\\\/\\\/www.anovapeneira.gal\\\/#organization\"},\"potentialAction\":[{\"@type\":\"SearchAction\",\"target\":{\"@type\":\"EntryPoint\",\"urlTemplate\":\"https:\\\/\\\/www.anovapeneira.gal\\\/?s={search_term_string}\"},\"query-input\":{\"@type\":\"PropertyValueSpecification\",\"valueRequired\":true,\"valueName\":\"search_term_string\"}}],\"inLanguage\":\"gl-ES\"},{\"@type\":\"Organization\",\"@id\":\"https:\\\/\\\/www.anovapeneira.gal\\\/#organization\",\"name\":\"A Nova Peneira\",\"url\":\"https:\\\/\\\/www.anovapeneira.gal\\\/\",\"logo\":{\"@type\":\"ImageObject\",\"inLanguage\":\"gl-ES\",\"@id\":\"https:\\\/\\\/www.anovapeneira.gal\\\/#\\\/schema\\\/logo\\\/image\\\/\",\"url\":\"http:\\\/\\\/www.anovapeneira.gal\\\/wp-content\\\/uploads\\\/2019\\\/06\\\/logo_a_nova_peneira_portal_web.png\",\"contentUrl\":\"http:\\\/\\\/www.anovapeneira.gal\\\/wp-content\\\/uploads\\\/2019\\\/06\\\/logo_a_nova_peneira_portal_web.png\",\"width\":300,\"height\":100,\"caption\":\"A Nova Peneira\"},\"image\":{\"@id\":\"https:\\\/\\\/www.anovapeneira.gal\\\/#\\\/schema\\\/logo\\\/image\\\/\"},\"sameAs\":[\"https:\\\/\\\/www.facebook.com\\\/anovapeneira\",\"https:\\\/\\\/x.com\\\/APeneira\"]},{\"@type\":\"Person\",\"@id\":\"https:\\\/\\\/www.anovapeneira.gal\\\/#\\\/schema\\\/person\\\/b93e3f8932e3f8da96334607eb6ac6aa\",\"name\":\"Redacci\u00f3n A Nova Peneira\",\"image\":{\"@type\":\"ImageObject\",\"inLanguage\":\"gl-ES\",\"@id\":\"https:\\\/\\\/secure.gravatar.com\\\/avatar\\\/c052a2551a06e23fac63626232eaa90abd78dbcf1700fc46a2b2c89fd27b735f?s=96&d=mm&r=g\",\"url\":\"https:\\\/\\\/secure.gravatar.com\\\/avatar\\\/c052a2551a06e23fac63626232eaa90abd78dbcf1700fc46a2b2c89fd27b735f?s=96&d=mm&r=g\",\"contentUrl\":\"https:\\\/\\\/secure.gravatar.com\\\/avatar\\\/c052a2551a06e23fac63626232eaa90abd78dbcf1700fc46a2b2c89fd27b735f?s=96&d=mm&r=g\",\"caption\":\"Redacci\u00f3n A Nova Peneira\"},\"sameAs\":[\"http:\\\/\\\/www.anovapeneira.gal\\\/\"],\"url\":\"https:\\\/\\\/www.anovapeneira.gal\\\/index.php\\\/author\\\/redactor\\\/\"}]}<\/script>\n<!-- \/ Yoast SEO plugin. -->","yoast_head_json":{"title":"Xoan Carlos Gonz\u00e1lez, voceiro do BNG de Redondela -","robots":{"index":"index","follow":"follow","max-snippet":"max-snippet:-1","max-image-preview":"max-image-preview:large","max-video-preview":"max-video-preview:-1"},"canonical":"https:\/\/www.anovapeneira.gal\/index.php\/2025\/01\/17\/xoan-carlos-gonzalez-voceiro-do-bng-de-redondela-2\/","og_locale":"gl_ES","og_type":"article","og_title":"Xoan Carlos Gonz\u00e1lez, voceiro do BNG de Redondela -","og_description":"Despois de termos falado con Javier Bas e con Digna Rivas, nos dous anteriores n\u00fameros da nosa publicaci\u00f3n, continuamos a an\u00e1lise en profundidade da pol\u00edtica local de Redondela conversando con Xoan Carlos Gonz\u00e1lez o portavoz do BNG [...]","og_url":"https:\/\/www.anovapeneira.gal\/index.php\/2025\/01\/17\/xoan-carlos-gonzalez-voceiro-do-bng-de-redondela-2\/","article_publisher":"https:\/\/www.facebook.com\/anovapeneira","article_published_time":"2025-01-17T11:00:32+00:00","og_image":[{"width":1920,"height":1146,"url":"https:\/\/www.anovapeneira.gal\/wp-content\/uploads\/2025\/01\/xoan_carlos_bng_redondela.jpg","type":"image\/jpeg"}],"author":"Redacci\u00f3n A Nova Peneira","twitter_card":"summary_large_image","twitter_creator":"@APeneira","twitter_site":"@APeneira","twitter_misc":{"Escrito por":"Redacci\u00f3n A Nova Peneira","Tempo de lectura":"4 minutos"},"schema":{"@context":"https:\/\/schema.org","@graph":[{"@type":"Article","@id":"https:\/\/www.anovapeneira.gal\/index.php\/2025\/01\/17\/xoan-carlos-gonzalez-voceiro-do-bng-de-redondela-2\/#article","isPartOf":{"@id":"https:\/\/www.anovapeneira.gal\/index.php\/2025\/01\/17\/xoan-carlos-gonzalez-voceiro-do-bng-de-redondela-2\/"},"author":{"name":"Redacci\u00f3n A Nova Peneira","@id":"https:\/\/www.anovapeneira.gal\/#\/schema\/person\/b93e3f8932e3f8da96334607eb6ac6aa"},"headline":"Xoan Carlos Gonz\u00e1lez, voceiro do BNG de Redondela","datePublished":"2025-01-17T11:00:32+00:00","mainEntityOfPage":{"@id":"https:\/\/www.anovapeneira.gal\/index.php\/2025\/01\/17\/xoan-carlos-gonzalez-voceiro-do-bng-de-redondela-2\/"},"wordCount":1899,"commentCount":0,"publisher":{"@id":"https:\/\/www.anovapeneira.gal\/#organization"},"image":{"@id":"https:\/\/www.anovapeneira.gal\/index.php\/2025\/01\/17\/xoan-carlos-gonzalez-voceiro-do-bng-de-redondela-2\/#primaryimage"},"thumbnailUrl":"https:\/\/www.anovapeneira.gal\/wp-content\/uploads\/2025\/01\/xoan_carlos_bng_redondela.jpg","keywords":["Concello de Redondela"],"articleSection":["Redondela","Sin categor\u00eda"],"inLanguage":"gl-ES","potentialAction":[{"@type":"CommentAction","name":"Comment","target":["https:\/\/www.anovapeneira.gal\/index.php\/2025\/01\/17\/xoan-carlos-gonzalez-voceiro-do-bng-de-redondela-2\/#respond"]}]},{"@type":"WebPage","@id":"https:\/\/www.anovapeneira.gal\/index.php\/2025\/01\/17\/xoan-carlos-gonzalez-voceiro-do-bng-de-redondela-2\/","url":"https:\/\/www.anovapeneira.gal\/index.php\/2025\/01\/17\/xoan-carlos-gonzalez-voceiro-do-bng-de-redondela-2\/","name":"Xoan Carlos Gonz\u00e1lez, voceiro do BNG de Redondela -","isPartOf":{"@id":"https:\/\/www.anovapeneira.gal\/#website"},"primaryImageOfPage":{"@id":"https:\/\/www.anovapeneira.gal\/index.php\/2025\/01\/17\/xoan-carlos-gonzalez-voceiro-do-bng-de-redondela-2\/#primaryimage"},"image":{"@id":"https:\/\/www.anovapeneira.gal\/index.php\/2025\/01\/17\/xoan-carlos-gonzalez-voceiro-do-bng-de-redondela-2\/#primaryimage"},"thumbnailUrl":"https:\/\/www.anovapeneira.gal\/wp-content\/uploads\/2025\/01\/xoan_carlos_bng_redondela.jpg","datePublished":"2025-01-17T11:00:32+00:00","breadcrumb":{"@id":"https:\/\/www.anovapeneira.gal\/index.php\/2025\/01\/17\/xoan-carlos-gonzalez-voceiro-do-bng-de-redondela-2\/#breadcrumb"},"inLanguage":"gl-ES","potentialAction":[{"@type":"ReadAction","target":["https:\/\/www.anovapeneira.gal\/index.php\/2025\/01\/17\/xoan-carlos-gonzalez-voceiro-do-bng-de-redondela-2\/"]}]},{"@type":"ImageObject","inLanguage":"gl-ES","@id":"https:\/\/www.anovapeneira.gal\/index.php\/2025\/01\/17\/xoan-carlos-gonzalez-voceiro-do-bng-de-redondela-2\/#primaryimage","url":"https:\/\/www.anovapeneira.gal\/wp-content\/uploads\/2025\/01\/xoan_carlos_bng_redondela.jpg","contentUrl":"https:\/\/www.anovapeneira.gal\/wp-content\/uploads\/2025\/01\/xoan_carlos_bng_redondela.jpg","width":1920,"height":1146},{"@type":"BreadcrumbList","@id":"https:\/\/www.anovapeneira.gal\/index.php\/2025\/01\/17\/xoan-carlos-gonzalez-voceiro-do-bng-de-redondela-2\/#breadcrumb","itemListElement":[{"@type":"ListItem","position":1,"name":"Portada","item":"https:\/\/www.anovapeneira.gal\/"},{"@type":"ListItem","position":2,"name":"Xoan Carlos Gonz\u00e1lez, voceiro do BNG de Redondela"}]},{"@type":"WebSite","@id":"https:\/\/www.anovapeneira.gal\/#website","url":"https:\/\/www.anovapeneira.gal\/","name":"","description":"Xornal galego de informaci\u00f3n xeral Publicaci\u00f3n mensual de novas de Galicia e en especial dos Concellos da sur da provincia de Pontevedra.","publisher":{"@id":"https:\/\/www.anovapeneira.gal\/#organization"},"potentialAction":[{"@type":"SearchAction","target":{"@type":"EntryPoint","urlTemplate":"https:\/\/www.anovapeneira.gal\/?s={search_term_string}"},"query-input":{"@type":"PropertyValueSpecification","valueRequired":true,"valueName":"search_term_string"}}],"inLanguage":"gl-ES"},{"@type":"Organization","@id":"https:\/\/www.anovapeneira.gal\/#organization","name":"A Nova Peneira","url":"https:\/\/www.anovapeneira.gal\/","logo":{"@type":"ImageObject","inLanguage":"gl-ES","@id":"https:\/\/www.anovapeneira.gal\/#\/schema\/logo\/image\/","url":"http:\/\/www.anovapeneira.gal\/wp-content\/uploads\/2019\/06\/logo_a_nova_peneira_portal_web.png","contentUrl":"http:\/\/www.anovapeneira.gal\/wp-content\/uploads\/2019\/06\/logo_a_nova_peneira_portal_web.png","width":300,"height":100,"caption":"A Nova Peneira"},"image":{"@id":"https:\/\/www.anovapeneira.gal\/#\/schema\/logo\/image\/"},"sameAs":["https:\/\/www.facebook.com\/anovapeneira","https:\/\/x.com\/APeneira"]},{"@type":"Person","@id":"https:\/\/www.anovapeneira.gal\/#\/schema\/person\/b93e3f8932e3f8da96334607eb6ac6aa","name":"Redacci\u00f3n A Nova Peneira","image":{"@type":"ImageObject","inLanguage":"gl-ES","@id":"https:\/\/secure.gravatar.com\/avatar\/c052a2551a06e23fac63626232eaa90abd78dbcf1700fc46a2b2c89fd27b735f?s=96&d=mm&r=g","url":"https:\/\/secure.gravatar.com\/avatar\/c052a2551a06e23fac63626232eaa90abd78dbcf1700fc46a2b2c89fd27b735f?s=96&d=mm&r=g","contentUrl":"https:\/\/secure.gravatar.com\/avatar\/c052a2551a06e23fac63626232eaa90abd78dbcf1700fc46a2b2c89fd27b735f?s=96&d=mm&r=g","caption":"Redacci\u00f3n A Nova Peneira"},"sameAs":["http:\/\/www.anovapeneira.gal\/"],"url":"https:\/\/www.anovapeneira.gal\/index.php\/author\/redactor\/"}]}},"jetpack_featured_media_url":"https:\/\/www.anovapeneira.gal\/wp-content\/uploads\/2025\/01\/xoan_carlos_bng_redondela.jpg","_links":{"self":[{"href":"https:\/\/www.anovapeneira.gal\/index.php\/wp-json\/wp\/v2\/posts\/13121","targetHints":{"allow":["GET"]}}],"collection":[{"href":"https:\/\/www.anovapeneira.gal\/index.php\/wp-json\/wp\/v2\/posts"}],"about":[{"href":"https:\/\/www.anovapeneira.gal\/index.php\/wp-json\/wp\/v2\/types\/post"}],"author":[{"embeddable":true,"href":"https:\/\/www.anovapeneira.gal\/index.php\/wp-json\/wp\/v2\/users\/3"}],"replies":[{"embeddable":true,"href":"https:\/\/www.anovapeneira.gal\/index.php\/wp-json\/wp\/v2\/comments?post=13121"}],"version-history":[{"count":1,"href":"https:\/\/www.anovapeneira.gal\/index.php\/wp-json\/wp\/v2\/posts\/13121\/revisions"}],"predecessor-version":[{"id":13122,"href":"https:\/\/www.anovapeneira.gal\/index.php\/wp-json\/wp\/v2\/posts\/13121\/revisions\/13122"}],"wp:featuredmedia":[{"embeddable":true,"href":"https:\/\/www.anovapeneira.gal\/index.php\/wp-json\/wp\/v2\/media\/13123"}],"wp:attachment":[{"href":"https:\/\/www.anovapeneira.gal\/index.php\/wp-json\/wp\/v2\/media?parent=13121"}],"wp:term":[{"taxonomy":"category","embeddable":true,"href":"https:\/\/www.anovapeneira.gal\/index.php\/wp-json\/wp\/v2\/categories?post=13121"},{"taxonomy":"post_tag","embeddable":true,"href":"https:\/\/www.anovapeneira.gal\/index.php\/wp-json\/wp\/v2\/tags?post=13121"}],"curies":[{"name":"wp","href":"https:\/\/api.w.org\/{rel}","templated":true}]}}