{"id":13130,"date":"2025-01-20T12:00:44","date_gmt":"2025-01-20T11:00:44","guid":{"rendered":"https:\/\/www.anovapeneira.gal\/?p=13130"},"modified":"2025-01-16T10:03:03","modified_gmt":"2025-01-16T09:03:03","slug":"a-pesca-e-o-sector-turistico-guardes-ameazados-pola-eolica-marina","status":"publish","type":"post","link":"https:\/\/www.anovapeneira.gal\/index.php\/2025\/01\/20\/a-pesca-e-o-sector-turistico-guardes-ameazados-pola-eolica-marina\/","title":{"rendered":"A pesca e o sector tur\u00edstico guard\u00e9s ameazados pola e\u00f3lica mari\u00f1a"},"content":{"rendered":"\n<pre class=\"wp-block-verse\"><strong>Anxo Baz, portavoz do BNG da Guarda<\/strong><\/pre>\n\n\n\n<p>Mentres guardeses e visitantes a\u00ednda nos resist\u00edamos a despedir un c\u00e1lido e pracenteiro mes de setembro de 2024, algo se argallaba en Madrid, que de ir adiante, condicionar\u00e1 para sempre o xeito de vivir, traballar e desfrutar na nosa vila.<\/p>\n\n\n\n<p>E mentres as \u00faltimas raiolas de sol filtraban tinturas vermellas e azuis entre os barqui\u00f1os e as terrazas do porto da Guarda, algu\u00e9n no afastamento dun ministerio madrile\u00f1o, iniciaba as consultas previas para a instalaci\u00f3n dun parque e\u00f3lico mari\u00f1o na costa da Guarda.<\/p>\n\n\n\n<p>Lonxe queda aquela resoluci\u00f3n do ano 2009, na que o Parlamento Galego, por unanimidade de todos os grupos pol\u00edticos da c\u00e1mara, aprobaba que Galiza ficase libre da e\u00f3lica mari\u00f1a polo seu impacto negativo para a pesca.<\/p>\n\n\n\n<p>Hoxe, semella que pouco ou nada importa, que o tres de maio de 2023, o Parlamento Europeo aprobase unha resoluci\u00f3n onde se determinaba que os caladoiros hist\u00f3ricos e tradicionais espec\u00edficos dos mari\u00f1eiros deber\u00e1n estar libres da e\u00f3lica mari\u00f1a.<\/p>\n\n\n\n<p>Pouco ou nada semella importarlle a Madrid, a depredaci\u00f3n, o saqueo e a desfeita que a instalaci\u00f3n desta infraestrutura sup\u00f3n para a pesca, o turismo e o futuro das familias guardesas.<\/p>\n\n\n\n<p>Que mellor consulta previa \u00e1 avaliaci\u00f3n de impacto ambiental deste parque, que a testemu\u00f1a dos mari\u00f1eiros de Viana do Castelo, que informan a quen os queira escoitar, da desaparici\u00f3n do banco de peixe, trala instalaci\u00f3n dos tres mu\u00ed\u00f1os na s\u00faa costa. Que m\u00e1is probas se precisan para entender que a e\u00f3lica mari\u00f1a e a defensa do sector pesqueiro non son compat\u00edbeis?<\/p>\n\n\n\n<p>Porque outra vez Galiza, exportando o 38% de enerx\u00eda el\u00e9ctrica producida con fontes renov\u00e1beis, ten que cargar co compromiso non asumido por outros territorios? Porque duplicando xa os obxectivos marcados pola Uni\u00f3n Europea en produci\u00f3n de enerx\u00edas renov\u00e1beis para 2030, temos que soportar un atentado ao noso sector pesqueiro, a nosa paisaxe, a nosa biodiversidade, a nosa econom\u00eda?<\/p>\n\n\n\n<p>\u201cPinz\u00f3n\u201d, \u201cVolanteiro\u201d, \u201cCelta\u201d, nomes bonitos e emblem\u00e1ticos, cheos de entidade e significado hist\u00f3rico para un pa\u00eds rico e traballador como o noso, son hoxe utilizados intencionadamente desde a frialdade dos despachos madrile\u00f1os, co silencio c\u00f3mplice da Xunta de Galiza, para engordar a\u00ednda m\u00e1is os grandisimos beneficios das multinacionais enerx\u00e9ticas.<\/p>\n\n\n\n<p>Cando iniciamos o percorrer dun novo ano 2025, cargado de proxectos persoais e colectivos, coa certeza de poder levalos adiante nun dos lugares m\u00e1is bonitos e ricos que nos poder\u00eda ter tocado vivir, algu\u00e9n baixo etiqueta do verde, pretende arrebatarnos A Guarda tal e como todos e todas a co\u00f1ecemos. Algu\u00e9n, desde unha perspectiva colonial, traballa para converter A Guarda en algo que sexa calquera cousa menos mari\u00f1eira, acolledora, natural e autosuficiente.<\/p>\n\n\n\n<p>E temos que ser n\u00f3s, como pobo, quen defendamos unha vez m\u00e1is, este mar que nos deixaron en herdanza e do que tantas xeraci\u00f3ns de guardeses e guardesas viviron. Temos que ser n\u00f3s, quen esixamos xustiza, dereitos e equidade para a salvagarda dos nosos montes, das nosas serras e agora tam\u00e9n do noso mar.<\/p>\n\n\n\n<p><a><\/a> Xustiza, dereitos e equidade para un pa\u00eds que hai tempo que cumpre cos obxectivos marcados na creaci\u00f3n de enerx\u00edas renovabeis, para un pa\u00eds e un pobo que ten que deixar de po\u00f1er a outra meixela cando ve que outros pretenden abusar del con aut\u00e9ntico descaro. Xustiza, dereitos e equidade para un pa\u00eds que xa no 2009, dixo alto e claro, e por unanimidade, Galiza libre da e\u00f3lica mari\u00f1a.<\/p>\n","protected":false},"excerpt":{"rendered":"<div class=\"mh-excerpt\"><p>Mentres guardeses e visitantes a\u00ednda nos resist\u00edamos a despedir un c\u00e1lido e pracenteiro mes de setembro de 2024 <a class=\"mh-excerpt-more\" href=\"https:\/\/www.anovapeneira.gal\/index.php\/2025\/01\/20\/a-pesca-e-o-sector-turistico-guardes-ameazados-pola-eolica-marina\/\" title=\"A pesca e o sector tur\u00edstico guard\u00e9s ameazados pola e\u00f3lica mari\u00f1a\">[&#8230;]<\/a><\/p>\n<\/div>","protected":false},"author":3,"featured_media":13131,"comment_status":"open","ping_status":"open","sticky":false,"template":"","format":"standard","meta":{"_exactmetrics_skip_tracking":false,"_exactmetrics_sitenote_active":false,"_exactmetrics_sitenote_note":"","_exactmetrics_sitenote_category":0,"footnotes":""},"categories":[21],"tags":[238],"class_list":{"0":"post-13130","1":"post","2":"type-post","3":"status-publish","4":"format-standard","5":"has-post-thumbnail","7":"category-baixo-mino","8":"tag-concello-da-guarda"},"yoast_head":"<!-- This site is optimized with the Yoast SEO plugin v27.4 - https:\/\/yoast.com\/product\/yoast-seo-wordpress\/ -->\n<title>A pesca e o sector tur\u00edstico guard\u00e9s ameazados pola e\u00f3lica mari\u00f1a -<\/title>\n<meta name=\"robots\" content=\"index, follow, max-snippet:-1, max-image-preview:large, max-video-preview:-1\" \/>\n<link rel=\"canonical\" href=\"https:\/\/www.anovapeneira.gal\/index.php\/2025\/01\/20\/a-pesca-e-o-sector-turistico-guardes-ameazados-pola-eolica-marina\/\" \/>\n<meta property=\"og:locale\" content=\"gl_ES\" \/>\n<meta property=\"og:type\" content=\"article\" \/>\n<meta property=\"og:title\" content=\"A pesca e o sector tur\u00edstico guard\u00e9s ameazados pola e\u00f3lica mari\u00f1a -\" \/>\n<meta property=\"og:description\" content=\"Mentres guardeses e visitantes a\u00ednda nos resist\u00edamos a despedir un c\u00e1lido e pracenteiro mes de setembro de 2024 [...]\" \/>\n<meta property=\"og:url\" content=\"https:\/\/www.anovapeneira.gal\/index.php\/2025\/01\/20\/a-pesca-e-o-sector-turistico-guardes-ameazados-pola-eolica-marina\/\" \/>\n<meta property=\"article:publisher\" content=\"https:\/\/www.facebook.com\/anovapeneira\" \/>\n<meta property=\"article:published_time\" content=\"2025-01-20T11:00:44+00:00\" \/>\n<meta property=\"og:image\" content=\"https:\/\/www.anovapeneira.gal\/wp-content\/uploads\/2025\/01\/anxo_baz.jpg\" \/>\n\t<meta property=\"og:image:width\" content=\"1920\" \/>\n\t<meta property=\"og:image:height\" content=\"1146\" \/>\n\t<meta property=\"og:image:type\" content=\"image\/jpeg\" \/>\n<meta name=\"author\" content=\"Redacci\u00f3n A Nova Peneira\" \/>\n<meta name=\"twitter:card\" content=\"summary_large_image\" \/>\n<meta name=\"twitter:creator\" content=\"@APeneira\" \/>\n<meta name=\"twitter:site\" content=\"@APeneira\" \/>\n<meta name=\"twitter:label1\" content=\"Escrito por\" \/>\n\t<meta name=\"twitter:data1\" content=\"Redacci\u00f3n A Nova Peneira\" \/>\n\t<meta name=\"twitter:label2\" content=\"Tempo de lectura\" \/>\n\t<meta name=\"twitter:data2\" content=\"4 minutos\" \/>\n<script type=\"application\/ld+json\" class=\"yoast-schema-graph\">{\"@context\":\"https:\\\/\\\/schema.org\",\"@graph\":[{\"@type\":\"Article\",\"@id\":\"https:\\\/\\\/www.anovapeneira.gal\\\/index.php\\\/2025\\\/01\\\/20\\\/a-pesca-e-o-sector-turistico-guardes-ameazados-pola-eolica-marina\\\/#article\",\"isPartOf\":{\"@id\":\"https:\\\/\\\/www.anovapeneira.gal\\\/index.php\\\/2025\\\/01\\\/20\\\/a-pesca-e-o-sector-turistico-guardes-ameazados-pola-eolica-marina\\\/\"},\"author\":{\"name\":\"Redacci\u00f3n A Nova Peneira\",\"@id\":\"https:\\\/\\\/www.anovapeneira.gal\\\/#\\\/schema\\\/person\\\/b93e3f8932e3f8da96334607eb6ac6aa\"},\"headline\":\"A pesca e o sector tur\u00edstico guard\u00e9s ameazados pola e\u00f3lica mari\u00f1a\",\"datePublished\":\"2025-01-20T11:00:44+00:00\",\"mainEntityOfPage\":{\"@id\":\"https:\\\/\\\/www.anovapeneira.gal\\\/index.php\\\/2025\\\/01\\\/20\\\/a-pesca-e-o-sector-turistico-guardes-ameazados-pola-eolica-marina\\\/\"},\"wordCount\":629,\"commentCount\":0,\"publisher\":{\"@id\":\"https:\\\/\\\/www.anovapeneira.gal\\\/#organization\"},\"image\":{\"@id\":\"https:\\\/\\\/www.anovapeneira.gal\\\/index.php\\\/2025\\\/01\\\/20\\\/a-pesca-e-o-sector-turistico-guardes-ameazados-pola-eolica-marina\\\/#primaryimage\"},\"thumbnailUrl\":\"https:\\\/\\\/www.anovapeneira.gal\\\/wp-content\\\/uploads\\\/2025\\\/01\\\/anxo_baz.jpg\",\"keywords\":[\"Concello da Guarda\"],\"articleSection\":[\"Baixo Mi\u00f1o\"],\"inLanguage\":\"gl-ES\",\"potentialAction\":[{\"@type\":\"CommentAction\",\"name\":\"Comment\",\"target\":[\"https:\\\/\\\/www.anovapeneira.gal\\\/index.php\\\/2025\\\/01\\\/20\\\/a-pesca-e-o-sector-turistico-guardes-ameazados-pola-eolica-marina\\\/#respond\"]}]},{\"@type\":\"WebPage\",\"@id\":\"https:\\\/\\\/www.anovapeneira.gal\\\/index.php\\\/2025\\\/01\\\/20\\\/a-pesca-e-o-sector-turistico-guardes-ameazados-pola-eolica-marina\\\/\",\"url\":\"https:\\\/\\\/www.anovapeneira.gal\\\/index.php\\\/2025\\\/01\\\/20\\\/a-pesca-e-o-sector-turistico-guardes-ameazados-pola-eolica-marina\\\/\",\"name\":\"A pesca e o sector tur\u00edstico guard\u00e9s ameazados pola e\u00f3lica mari\u00f1a -\",\"isPartOf\":{\"@id\":\"https:\\\/\\\/www.anovapeneira.gal\\\/#website\"},\"primaryImageOfPage\":{\"@id\":\"https:\\\/\\\/www.anovapeneira.gal\\\/index.php\\\/2025\\\/01\\\/20\\\/a-pesca-e-o-sector-turistico-guardes-ameazados-pola-eolica-marina\\\/#primaryimage\"},\"image\":{\"@id\":\"https:\\\/\\\/www.anovapeneira.gal\\\/index.php\\\/2025\\\/01\\\/20\\\/a-pesca-e-o-sector-turistico-guardes-ameazados-pola-eolica-marina\\\/#primaryimage\"},\"thumbnailUrl\":\"https:\\\/\\\/www.anovapeneira.gal\\\/wp-content\\\/uploads\\\/2025\\\/01\\\/anxo_baz.jpg\",\"datePublished\":\"2025-01-20T11:00:44+00:00\",\"breadcrumb\":{\"@id\":\"https:\\\/\\\/www.anovapeneira.gal\\\/index.php\\\/2025\\\/01\\\/20\\\/a-pesca-e-o-sector-turistico-guardes-ameazados-pola-eolica-marina\\\/#breadcrumb\"},\"inLanguage\":\"gl-ES\",\"potentialAction\":[{\"@type\":\"ReadAction\",\"target\":[\"https:\\\/\\\/www.anovapeneira.gal\\\/index.php\\\/2025\\\/01\\\/20\\\/a-pesca-e-o-sector-turistico-guardes-ameazados-pola-eolica-marina\\\/\"]}]},{\"@type\":\"ImageObject\",\"inLanguage\":\"gl-ES\",\"@id\":\"https:\\\/\\\/www.anovapeneira.gal\\\/index.php\\\/2025\\\/01\\\/20\\\/a-pesca-e-o-sector-turistico-guardes-ameazados-pola-eolica-marina\\\/#primaryimage\",\"url\":\"https:\\\/\\\/www.anovapeneira.gal\\\/wp-content\\\/uploads\\\/2025\\\/01\\\/anxo_baz.jpg\",\"contentUrl\":\"https:\\\/\\\/www.anovapeneira.gal\\\/wp-content\\\/uploads\\\/2025\\\/01\\\/anxo_baz.jpg\",\"width\":1920,\"height\":1146,\"caption\":\"Anxo Baz Guarda\"},{\"@type\":\"BreadcrumbList\",\"@id\":\"https:\\\/\\\/www.anovapeneira.gal\\\/index.php\\\/2025\\\/01\\\/20\\\/a-pesca-e-o-sector-turistico-guardes-ameazados-pola-eolica-marina\\\/#breadcrumb\",\"itemListElement\":[{\"@type\":\"ListItem\",\"position\":1,\"name\":\"Portada\",\"item\":\"https:\\\/\\\/www.anovapeneira.gal\\\/\"},{\"@type\":\"ListItem\",\"position\":2,\"name\":\"A pesca e o sector tur\u00edstico guard\u00e9s ameazados pola e\u00f3lica mari\u00f1a\"}]},{\"@type\":\"WebSite\",\"@id\":\"https:\\\/\\\/www.anovapeneira.gal\\\/#website\",\"url\":\"https:\\\/\\\/www.anovapeneira.gal\\\/\",\"name\":\"\",\"description\":\"Xornal galego de informaci\u00f3n xeral Publicaci\u00f3n mensual de novas de Galicia e en especial dos Concellos da sur da provincia de Pontevedra.\",\"publisher\":{\"@id\":\"https:\\\/\\\/www.anovapeneira.gal\\\/#organization\"},\"potentialAction\":[{\"@type\":\"SearchAction\",\"target\":{\"@type\":\"EntryPoint\",\"urlTemplate\":\"https:\\\/\\\/www.anovapeneira.gal\\\/?s={search_term_string}\"},\"query-input\":{\"@type\":\"PropertyValueSpecification\",\"valueRequired\":true,\"valueName\":\"search_term_string\"}}],\"inLanguage\":\"gl-ES\"},{\"@type\":\"Organization\",\"@id\":\"https:\\\/\\\/www.anovapeneira.gal\\\/#organization\",\"name\":\"A Nova Peneira\",\"url\":\"https:\\\/\\\/www.anovapeneira.gal\\\/\",\"logo\":{\"@type\":\"ImageObject\",\"inLanguage\":\"gl-ES\",\"@id\":\"https:\\\/\\\/www.anovapeneira.gal\\\/#\\\/schema\\\/logo\\\/image\\\/\",\"url\":\"http:\\\/\\\/www.anovapeneira.gal\\\/wp-content\\\/uploads\\\/2019\\\/06\\\/logo_a_nova_peneira_portal_web.png\",\"contentUrl\":\"http:\\\/\\\/www.anovapeneira.gal\\\/wp-content\\\/uploads\\\/2019\\\/06\\\/logo_a_nova_peneira_portal_web.png\",\"width\":300,\"height\":100,\"caption\":\"A Nova Peneira\"},\"image\":{\"@id\":\"https:\\\/\\\/www.anovapeneira.gal\\\/#\\\/schema\\\/logo\\\/image\\\/\"},\"sameAs\":[\"https:\\\/\\\/www.facebook.com\\\/anovapeneira\",\"https:\\\/\\\/x.com\\\/APeneira\"]},{\"@type\":\"Person\",\"@id\":\"https:\\\/\\\/www.anovapeneira.gal\\\/#\\\/schema\\\/person\\\/b93e3f8932e3f8da96334607eb6ac6aa\",\"name\":\"Redacci\u00f3n A Nova Peneira\",\"image\":{\"@type\":\"ImageObject\",\"inLanguage\":\"gl-ES\",\"@id\":\"https:\\\/\\\/secure.gravatar.com\\\/avatar\\\/c052a2551a06e23fac63626232eaa90abd78dbcf1700fc46a2b2c89fd27b735f?s=96&d=mm&r=g\",\"url\":\"https:\\\/\\\/secure.gravatar.com\\\/avatar\\\/c052a2551a06e23fac63626232eaa90abd78dbcf1700fc46a2b2c89fd27b735f?s=96&d=mm&r=g\",\"contentUrl\":\"https:\\\/\\\/secure.gravatar.com\\\/avatar\\\/c052a2551a06e23fac63626232eaa90abd78dbcf1700fc46a2b2c89fd27b735f?s=96&d=mm&r=g\",\"caption\":\"Redacci\u00f3n A Nova Peneira\"},\"sameAs\":[\"http:\\\/\\\/www.anovapeneira.gal\\\/\"],\"url\":\"https:\\\/\\\/www.anovapeneira.gal\\\/index.php\\\/author\\\/redactor\\\/\"}]}<\/script>\n<!-- \/ Yoast SEO plugin. -->","yoast_head_json":{"title":"A pesca e o sector tur\u00edstico guard\u00e9s ameazados pola e\u00f3lica mari\u00f1a -","robots":{"index":"index","follow":"follow","max-snippet":"max-snippet:-1","max-image-preview":"max-image-preview:large","max-video-preview":"max-video-preview:-1"},"canonical":"https:\/\/www.anovapeneira.gal\/index.php\/2025\/01\/20\/a-pesca-e-o-sector-turistico-guardes-ameazados-pola-eolica-marina\/","og_locale":"gl_ES","og_type":"article","og_title":"A pesca e o sector tur\u00edstico guard\u00e9s ameazados pola e\u00f3lica mari\u00f1a -","og_description":"Mentres guardeses e visitantes a\u00ednda nos resist\u00edamos a despedir un c\u00e1lido e pracenteiro mes de setembro de 2024 [...]","og_url":"https:\/\/www.anovapeneira.gal\/index.php\/2025\/01\/20\/a-pesca-e-o-sector-turistico-guardes-ameazados-pola-eolica-marina\/","article_publisher":"https:\/\/www.facebook.com\/anovapeneira","article_published_time":"2025-01-20T11:00:44+00:00","og_image":[{"width":1920,"height":1146,"url":"https:\/\/www.anovapeneira.gal\/wp-content\/uploads\/2025\/01\/anxo_baz.jpg","type":"image\/jpeg"}],"author":"Redacci\u00f3n A Nova Peneira","twitter_card":"summary_large_image","twitter_creator":"@APeneira","twitter_site":"@APeneira","twitter_misc":{"Escrito por":"Redacci\u00f3n A Nova Peneira","Tempo de lectura":"4 minutos"},"schema":{"@context":"https:\/\/schema.org","@graph":[{"@type":"Article","@id":"https:\/\/www.anovapeneira.gal\/index.php\/2025\/01\/20\/a-pesca-e-o-sector-turistico-guardes-ameazados-pola-eolica-marina\/#article","isPartOf":{"@id":"https:\/\/www.anovapeneira.gal\/index.php\/2025\/01\/20\/a-pesca-e-o-sector-turistico-guardes-ameazados-pola-eolica-marina\/"},"author":{"name":"Redacci\u00f3n A Nova Peneira","@id":"https:\/\/www.anovapeneira.gal\/#\/schema\/person\/b93e3f8932e3f8da96334607eb6ac6aa"},"headline":"A pesca e o sector tur\u00edstico guard\u00e9s ameazados pola e\u00f3lica mari\u00f1a","datePublished":"2025-01-20T11:00:44+00:00","mainEntityOfPage":{"@id":"https:\/\/www.anovapeneira.gal\/index.php\/2025\/01\/20\/a-pesca-e-o-sector-turistico-guardes-ameazados-pola-eolica-marina\/"},"wordCount":629,"commentCount":0,"publisher":{"@id":"https:\/\/www.anovapeneira.gal\/#organization"},"image":{"@id":"https:\/\/www.anovapeneira.gal\/index.php\/2025\/01\/20\/a-pesca-e-o-sector-turistico-guardes-ameazados-pola-eolica-marina\/#primaryimage"},"thumbnailUrl":"https:\/\/www.anovapeneira.gal\/wp-content\/uploads\/2025\/01\/anxo_baz.jpg","keywords":["Concello da Guarda"],"articleSection":["Baixo Mi\u00f1o"],"inLanguage":"gl-ES","potentialAction":[{"@type":"CommentAction","name":"Comment","target":["https:\/\/www.anovapeneira.gal\/index.php\/2025\/01\/20\/a-pesca-e-o-sector-turistico-guardes-ameazados-pola-eolica-marina\/#respond"]}]},{"@type":"WebPage","@id":"https:\/\/www.anovapeneira.gal\/index.php\/2025\/01\/20\/a-pesca-e-o-sector-turistico-guardes-ameazados-pola-eolica-marina\/","url":"https:\/\/www.anovapeneira.gal\/index.php\/2025\/01\/20\/a-pesca-e-o-sector-turistico-guardes-ameazados-pola-eolica-marina\/","name":"A pesca e o sector tur\u00edstico guard\u00e9s ameazados pola e\u00f3lica mari\u00f1a -","isPartOf":{"@id":"https:\/\/www.anovapeneira.gal\/#website"},"primaryImageOfPage":{"@id":"https:\/\/www.anovapeneira.gal\/index.php\/2025\/01\/20\/a-pesca-e-o-sector-turistico-guardes-ameazados-pola-eolica-marina\/#primaryimage"},"image":{"@id":"https:\/\/www.anovapeneira.gal\/index.php\/2025\/01\/20\/a-pesca-e-o-sector-turistico-guardes-ameazados-pola-eolica-marina\/#primaryimage"},"thumbnailUrl":"https:\/\/www.anovapeneira.gal\/wp-content\/uploads\/2025\/01\/anxo_baz.jpg","datePublished":"2025-01-20T11:00:44+00:00","breadcrumb":{"@id":"https:\/\/www.anovapeneira.gal\/index.php\/2025\/01\/20\/a-pesca-e-o-sector-turistico-guardes-ameazados-pola-eolica-marina\/#breadcrumb"},"inLanguage":"gl-ES","potentialAction":[{"@type":"ReadAction","target":["https:\/\/www.anovapeneira.gal\/index.php\/2025\/01\/20\/a-pesca-e-o-sector-turistico-guardes-ameazados-pola-eolica-marina\/"]}]},{"@type":"ImageObject","inLanguage":"gl-ES","@id":"https:\/\/www.anovapeneira.gal\/index.php\/2025\/01\/20\/a-pesca-e-o-sector-turistico-guardes-ameazados-pola-eolica-marina\/#primaryimage","url":"https:\/\/www.anovapeneira.gal\/wp-content\/uploads\/2025\/01\/anxo_baz.jpg","contentUrl":"https:\/\/www.anovapeneira.gal\/wp-content\/uploads\/2025\/01\/anxo_baz.jpg","width":1920,"height":1146,"caption":"Anxo Baz Guarda"},{"@type":"BreadcrumbList","@id":"https:\/\/www.anovapeneira.gal\/index.php\/2025\/01\/20\/a-pesca-e-o-sector-turistico-guardes-ameazados-pola-eolica-marina\/#breadcrumb","itemListElement":[{"@type":"ListItem","position":1,"name":"Portada","item":"https:\/\/www.anovapeneira.gal\/"},{"@type":"ListItem","position":2,"name":"A pesca e o sector tur\u00edstico guard\u00e9s ameazados pola e\u00f3lica mari\u00f1a"}]},{"@type":"WebSite","@id":"https:\/\/www.anovapeneira.gal\/#website","url":"https:\/\/www.anovapeneira.gal\/","name":"","description":"Xornal galego de informaci\u00f3n xeral Publicaci\u00f3n mensual de novas de Galicia e en especial dos Concellos da sur da provincia de Pontevedra.","publisher":{"@id":"https:\/\/www.anovapeneira.gal\/#organization"},"potentialAction":[{"@type":"SearchAction","target":{"@type":"EntryPoint","urlTemplate":"https:\/\/www.anovapeneira.gal\/?s={search_term_string}"},"query-input":{"@type":"PropertyValueSpecification","valueRequired":true,"valueName":"search_term_string"}}],"inLanguage":"gl-ES"},{"@type":"Organization","@id":"https:\/\/www.anovapeneira.gal\/#organization","name":"A Nova Peneira","url":"https:\/\/www.anovapeneira.gal\/","logo":{"@type":"ImageObject","inLanguage":"gl-ES","@id":"https:\/\/www.anovapeneira.gal\/#\/schema\/logo\/image\/","url":"http:\/\/www.anovapeneira.gal\/wp-content\/uploads\/2019\/06\/logo_a_nova_peneira_portal_web.png","contentUrl":"http:\/\/www.anovapeneira.gal\/wp-content\/uploads\/2019\/06\/logo_a_nova_peneira_portal_web.png","width":300,"height":100,"caption":"A Nova Peneira"},"image":{"@id":"https:\/\/www.anovapeneira.gal\/#\/schema\/logo\/image\/"},"sameAs":["https:\/\/www.facebook.com\/anovapeneira","https:\/\/x.com\/APeneira"]},{"@type":"Person","@id":"https:\/\/www.anovapeneira.gal\/#\/schema\/person\/b93e3f8932e3f8da96334607eb6ac6aa","name":"Redacci\u00f3n A Nova Peneira","image":{"@type":"ImageObject","inLanguage":"gl-ES","@id":"https:\/\/secure.gravatar.com\/avatar\/c052a2551a06e23fac63626232eaa90abd78dbcf1700fc46a2b2c89fd27b735f?s=96&d=mm&r=g","url":"https:\/\/secure.gravatar.com\/avatar\/c052a2551a06e23fac63626232eaa90abd78dbcf1700fc46a2b2c89fd27b735f?s=96&d=mm&r=g","contentUrl":"https:\/\/secure.gravatar.com\/avatar\/c052a2551a06e23fac63626232eaa90abd78dbcf1700fc46a2b2c89fd27b735f?s=96&d=mm&r=g","caption":"Redacci\u00f3n A Nova Peneira"},"sameAs":["http:\/\/www.anovapeneira.gal\/"],"url":"https:\/\/www.anovapeneira.gal\/index.php\/author\/redactor\/"}]}},"jetpack_featured_media_url":"https:\/\/www.anovapeneira.gal\/wp-content\/uploads\/2025\/01\/anxo_baz.jpg","_links":{"self":[{"href":"https:\/\/www.anovapeneira.gal\/index.php\/wp-json\/wp\/v2\/posts\/13130","targetHints":{"allow":["GET"]}}],"collection":[{"href":"https:\/\/www.anovapeneira.gal\/index.php\/wp-json\/wp\/v2\/posts"}],"about":[{"href":"https:\/\/www.anovapeneira.gal\/index.php\/wp-json\/wp\/v2\/types\/post"}],"author":[{"embeddable":true,"href":"https:\/\/www.anovapeneira.gal\/index.php\/wp-json\/wp\/v2\/users\/3"}],"replies":[{"embeddable":true,"href":"https:\/\/www.anovapeneira.gal\/index.php\/wp-json\/wp\/v2\/comments?post=13130"}],"version-history":[{"count":1,"href":"https:\/\/www.anovapeneira.gal\/index.php\/wp-json\/wp\/v2\/posts\/13130\/revisions"}],"predecessor-version":[{"id":13132,"href":"https:\/\/www.anovapeneira.gal\/index.php\/wp-json\/wp\/v2\/posts\/13130\/revisions\/13132"}],"wp:featuredmedia":[{"embeddable":true,"href":"https:\/\/www.anovapeneira.gal\/index.php\/wp-json\/wp\/v2\/media\/13131"}],"wp:attachment":[{"href":"https:\/\/www.anovapeneira.gal\/index.php\/wp-json\/wp\/v2\/media?parent=13130"}],"wp:term":[{"taxonomy":"category","embeddable":true,"href":"https:\/\/www.anovapeneira.gal\/index.php\/wp-json\/wp\/v2\/categories?post=13130"},{"taxonomy":"post_tag","embeddable":true,"href":"https:\/\/www.anovapeneira.gal\/index.php\/wp-json\/wp\/v2\/tags?post=13130"}],"curies":[{"name":"wp","href":"https:\/\/api.w.org\/{rel}","templated":true}]}}