{"id":13133,"date":"2025-01-21T10:00:35","date_gmt":"2025-01-21T09:00:35","guid":{"rendered":"https:\/\/www.anovapeneira.gal\/?p=13133"},"modified":"2025-01-16T10:08:41","modified_gmt":"2025-01-16T09:08:41","slug":"o-colexio-de-xornalistas-reclama-reformas-fondas-no-proxecto-de-lei-de-medios-publicos-que-garantan-a-independencia-da-crtvg","status":"publish","type":"post","link":"https:\/\/www.anovapeneira.gal\/index.php\/2025\/01\/21\/o-colexio-de-xornalistas-reclama-reformas-fondas-no-proxecto-de-lei-de-medios-publicos-que-garantan-a-independencia-da-crtvg\/","title":{"rendered":"O Colexio de Xornalistas reclama reformas fondas no proxecto de lei de medios p\u00fablicos que garantan a independencia da CRTVG"},"content":{"rendered":"\n<div class=\"wp-block-group\"><div class=\"wp-block-group__inner-container is-layout-constrained wp-block-group-is-layout-constrained\">\n<p>Perante a tramitaci\u00f3n parlamentaria do Proxecto de lei de servizos dos medios p\u00fablicos de comunicaci\u00f3n audiovisual de Galicia, a Xunta de Goberno do Colexio Profesional de Xornalistas de Galicia alerta de que o texto presentado non introduce ningunha das modificaci\u00f3ns solicitadas desde a profesi\u00f3n e insta aos grupos politicos a introducir mudanzas fondas que garantan a independencia dos medios e o dereito \u00e1 informaci\u00f3n da cidadan\u00eda.<\/p>\n<\/div><\/div>\n\n\n\n<p>\u200a<\/p>\n\n\n\n<p>O Parlamento de Galicia admitiu a tr\u00e1mite o m\u00e9rcores 11 de decembro\u00a0o\u00a0<a href=\"http:\/\/xornalistas.acblnk.com\/url\/ver\/738039224\/akR6XKk39DrfSiFfaorb7POqi\/f140f52df3b2c27bb1cdf82eeb844ac0\">Proxecto de lei de servizos dos medios p\u00fablicos de comunicaci\u00f3n audiovisual de Galicia<\/a>, enviado polo\u00a0Consello de Goberno da Xunta de Galicia para o seu debate na c\u00e1mara. O texto \u00e9 unha actualizaci\u00f3n do\u00a0<a href=\"http:\/\/xornalistas.acblnk.com\/url\/ver\/738039225\/akR6XKk39DrfSiFfaorb7POqi\/f140f52df3b2c27bb1cdf82eeb844ac0\">anteproxecto de lei<\/a>\u00a0sobre os medios p\u00fablicos galegos presentado no pasado mes de xullo, logo do per\u00edodo de consulta p\u00fablica.\u00a0A Xunta de Goberno do Colexio Profesional de Xornalistas de Galicia, que xa manifestou naquel momento\u00a0<a href=\"http:\/\/xornalistas.acblnk.com\/url\/ver\/738039226\/akR6XKk39DrfSiFfaorb7POqi\/f140f52df3b2c27bb1cdf82eeb844ac0\">a s\u00faa oposici\u00f3n<\/a>\u00a0a un anteproxecto de lei que busca aumentar o control sobre os medios p\u00fablicos, lembra que participou do proceso de consulta p\u00fablica\u00a0<a href=\"http:\/\/xornalistas.acblnk.com\/url\/ver\/738039227\/akR6XKk39DrfSiFfaorb7POqi\/f140f52df3b2c27bb1cdf82eeb844ac0\">trasladando as s\u00faas achegas<\/a>\u00a0sobre a proposta lexislativa e\u00a0<a href=\"http:\/\/xornalistas.acblnk.com\/url\/ver\/738039228\/akR6XKk39DrfSiFfaorb7POqi\/f140f52df3b2c27bb1cdf82eeb844ac0\">reun\u00edndose<\/a>\u00a0ademais cos tres principais grupos parlamentarios para facerlles chegar as s\u00faas consideraci\u00f3ns. \u00a0 Lamentabelmente, as consideraci\u00f3ns achegadas tanto por este Colexio Profesional como por outras moitas\u00a0voces da profesi\u00f3n que manifestaron o seu rexeitamento ao anteproxecto caeron en saco roto. O texto do proxecto de lei que co\u00f1ecemos agora non introduce ningunha modificaci\u00f3n nos aspectos esenciais sinalados polo Colexio de Xornalistas, nin nos\u00a0relativos \u00e1 independencia do poder pol\u00edtico, nin na\u00a0designaci\u00f3n da direcci\u00f3n xeral por maior\u00eda reforzada nin na posta en marcha do estatuto profesional, o consello de informativos e os \u00f3rganos de control externo. De feito, a \u00fanica mudanza que atinxe explicitamente ao xornalismo, que debera ser un dos puntos centrais da norma, \u00e9 a introduci\u00f3n dun representante &#8220;das organizaci\u00f3ns profesionais do sector audiovisual e da comunicaci\u00f3n&#8221; dentro da composici\u00f3n do futuro Consello Asesor de Participaci\u00f3n Social e Profesional prevista no artigo 41. Como xa manifestamos, este consello est\u00e1 dese\u00f1ado de maneira que non\u00a0pode considerarse nin un \u00f3rgano de participaci\u00f3n das persoas profesionais da Corporaci\u00f3n\u00a0nin un avaliador externo, polo que pouco pode consolarnos unha maior participaci\u00f3n das e dos xornalistas dentro do mesmo.\u00a0 \u00a0 Por todo isto, e coincidindo coa tramitaci\u00f3n parlamentaria do proxecto de lei,\u00a0o Colexio Profesional de Xornalistas de Galicia fai un novo chamamento urxente\u00a0a todos os grupos pol\u00edticos para que introduzan modificaci\u00f3ns de gran calado no seu articulado, que eliminen todos os aspectos que buscan aumentar a inxerencia pol\u00edtica nos medios p\u00fablicos, substitu\u00edndoos por outros que garantan os avances en cuesti\u00f3n de independencia dos mesmos que, se ben non foran implementados na s\u00faa maior\u00eda, estaban presentes na\u00a0Lei 9\/2011, do 9 de novembro, dos medios p\u00fablicos de comunicaci\u00f3n audiovisual de Galicia. Estas modificaci\u00f3ns,\u00a0imprescind\u00edbeis para o dereito da informaci\u00f3n da sociedade galega, son ademais necesarias para cumprir co esp\u00edrito e o texto do\u00a0Regulamento Europeo sobre a Liberdade dos Medios de Comunicaci\u00f3n, que alerta explicitamente contra &#8220;o control gobernamental dos medios de comunicaci\u00f3n de servizo p\u00fablico, tam\u00e9n no que respecta ao nomeamento das persoas que exerzan a direcci\u00f3n do consello de administraci\u00f3n dos medios de comunicaci\u00f3n de servizo p\u00fablico, ou dos membros deste&#8221;. \u00a0<strong><em>Xunta de Goberno<br>Colexio Profesional de Xornalistas de Galicia<\/em><\/strong><\/p>\n","protected":false},"excerpt":{"rendered":"<div class=\"mh-excerpt\"><p>Perante a tramitaci\u00f3n parlamentaria do Proxecto de lei de servizos dos medios p\u00fablicos de comunicaci\u00f3n audiovisual de Galicia, a Xunta de Goberno do Colexio Profesional de Xornalistas de Galicia alerta de que o texto presentado <a class=\"mh-excerpt-more\" href=\"https:\/\/www.anovapeneira.gal\/index.php\/2025\/01\/21\/o-colexio-de-xornalistas-reclama-reformas-fondas-no-proxecto-de-lei-de-medios-publicos-que-garantan-a-independencia-da-crtvg\/\" title=\"O Colexio de Xornalistas reclama reformas fondas no proxecto de lei de medios p\u00fablicos que garantan a independencia da CRTVG\">[&#8230;]<\/a><\/p>\n<\/div>","protected":false},"author":3,"featured_media":13135,"comment_status":"open","ping_status":"open","sticky":false,"template":"","format":"standard","meta":{"_exactmetrics_skip_tracking":false,"_exactmetrics_sitenote_active":false,"_exactmetrics_sitenote_note":"","_exactmetrics_sitenote_category":0,"footnotes":""},"categories":[263,1],"tags":[],"class_list":{"0":"post-13133","1":"post","2":"type-post","3":"status-publish","4":"format-standard","5":"has-post-thumbnail","7":"category-novas","8":"category-sin-categoria"},"yoast_head":"<!-- This site is optimized with the Yoast SEO plugin v27.4 - https:\/\/yoast.com\/product\/yoast-seo-wordpress\/ -->\n<title>O Colexio de Xornalistas reclama reformas fondas no proxecto de lei de medios p\u00fablicos que garantan a independencia da CRTVG -<\/title>\n<meta name=\"robots\" content=\"index, follow, max-snippet:-1, max-image-preview:large, max-video-preview:-1\" \/>\n<link rel=\"canonical\" href=\"https:\/\/www.anovapeneira.gal\/index.php\/2025\/01\/21\/o-colexio-de-xornalistas-reclama-reformas-fondas-no-proxecto-de-lei-de-medios-publicos-que-garantan-a-independencia-da-crtvg\/\" \/>\n<meta property=\"og:locale\" content=\"gl_ES\" \/>\n<meta property=\"og:type\" content=\"article\" \/>\n<meta property=\"og:title\" content=\"O Colexio de Xornalistas reclama reformas fondas no proxecto de lei de medios p\u00fablicos que garantan a independencia da CRTVG -\" \/>\n<meta property=\"og:description\" content=\"Perante a tramitaci\u00f3n parlamentaria do Proxecto de lei de servizos dos medios p\u00fablicos de comunicaci\u00f3n audiovisual de Galicia, a Xunta de Goberno do Colexio Profesional de Xornalistas de Galicia alerta de que o texto presentado [...]\" \/>\n<meta property=\"og:url\" content=\"https:\/\/www.anovapeneira.gal\/index.php\/2025\/01\/21\/o-colexio-de-xornalistas-reclama-reformas-fondas-no-proxecto-de-lei-de-medios-publicos-que-garantan-a-independencia-da-crtvg\/\" \/>\n<meta property=\"article:publisher\" content=\"https:\/\/www.facebook.com\/anovapeneira\" \/>\n<meta property=\"article:published_time\" content=\"2025-01-21T09:00:35+00:00\" \/>\n<meta property=\"og:image\" content=\"https:\/\/www.anovapeneira.gal\/wp-content\/uploads\/2025\/01\/xornalistas_de_Galicia.jpg\" \/>\n\t<meta property=\"og:image:width\" content=\"720\" \/>\n\t<meta property=\"og:image:height\" content=\"432\" \/>\n\t<meta property=\"og:image:type\" content=\"image\/jpeg\" \/>\n<meta name=\"author\" content=\"Redacci\u00f3n A Nova Peneira\" \/>\n<meta name=\"twitter:card\" content=\"summary_large_image\" \/>\n<meta name=\"twitter:creator\" content=\"@APeneira\" \/>\n<meta name=\"twitter:site\" content=\"@APeneira\" \/>\n<meta name=\"twitter:label1\" content=\"Escrito por\" \/>\n\t<meta name=\"twitter:data1\" content=\"Redacci\u00f3n A Nova Peneira\" \/>\n\t<meta name=\"twitter:label2\" content=\"Tempo de lectura\" \/>\n\t<meta name=\"twitter:data2\" content=\"4 minutos\" \/>\n<script type=\"application\/ld+json\" class=\"yoast-schema-graph\">{\"@context\":\"https:\\\/\\\/schema.org\",\"@graph\":[{\"@type\":\"Article\",\"@id\":\"https:\\\/\\\/www.anovapeneira.gal\\\/index.php\\\/2025\\\/01\\\/21\\\/o-colexio-de-xornalistas-reclama-reformas-fondas-no-proxecto-de-lei-de-medios-publicos-que-garantan-a-independencia-da-crtvg\\\/#article\",\"isPartOf\":{\"@id\":\"https:\\\/\\\/www.anovapeneira.gal\\\/index.php\\\/2025\\\/01\\\/21\\\/o-colexio-de-xornalistas-reclama-reformas-fondas-no-proxecto-de-lei-de-medios-publicos-que-garantan-a-independencia-da-crtvg\\\/\"},\"author\":{\"name\":\"Redacci\u00f3n A Nova Peneira\",\"@id\":\"https:\\\/\\\/www.anovapeneira.gal\\\/#\\\/schema\\\/person\\\/b93e3f8932e3f8da96334607eb6ac6aa\"},\"headline\":\"O Colexio de Xornalistas reclama reformas fondas no proxecto de lei de medios p\u00fablicos que garantan a independencia da CRTVG\",\"datePublished\":\"2025-01-21T09:00:35+00:00\",\"mainEntityOfPage\":{\"@id\":\"https:\\\/\\\/www.anovapeneira.gal\\\/index.php\\\/2025\\\/01\\\/21\\\/o-colexio-de-xornalistas-reclama-reformas-fondas-no-proxecto-de-lei-de-medios-publicos-que-garantan-a-independencia-da-crtvg\\\/\"},\"wordCount\":619,\"commentCount\":0,\"publisher\":{\"@id\":\"https:\\\/\\\/www.anovapeneira.gal\\\/#organization\"},\"image\":{\"@id\":\"https:\\\/\\\/www.anovapeneira.gal\\\/index.php\\\/2025\\\/01\\\/21\\\/o-colexio-de-xornalistas-reclama-reformas-fondas-no-proxecto-de-lei-de-medios-publicos-que-garantan-a-independencia-da-crtvg\\\/#primaryimage\"},\"thumbnailUrl\":\"https:\\\/\\\/www.anovapeneira.gal\\\/wp-content\\\/uploads\\\/2025\\\/01\\\/xornalistas_de_Galicia.jpg\",\"articleSection\":[\"Novas\",\"Sin categor\u00eda\"],\"inLanguage\":\"gl-ES\",\"potentialAction\":[{\"@type\":\"CommentAction\",\"name\":\"Comment\",\"target\":[\"https:\\\/\\\/www.anovapeneira.gal\\\/index.php\\\/2025\\\/01\\\/21\\\/o-colexio-de-xornalistas-reclama-reformas-fondas-no-proxecto-de-lei-de-medios-publicos-que-garantan-a-independencia-da-crtvg\\\/#respond\"]}]},{\"@type\":\"WebPage\",\"@id\":\"https:\\\/\\\/www.anovapeneira.gal\\\/index.php\\\/2025\\\/01\\\/21\\\/o-colexio-de-xornalistas-reclama-reformas-fondas-no-proxecto-de-lei-de-medios-publicos-que-garantan-a-independencia-da-crtvg\\\/\",\"url\":\"https:\\\/\\\/www.anovapeneira.gal\\\/index.php\\\/2025\\\/01\\\/21\\\/o-colexio-de-xornalistas-reclama-reformas-fondas-no-proxecto-de-lei-de-medios-publicos-que-garantan-a-independencia-da-crtvg\\\/\",\"name\":\"O Colexio de Xornalistas reclama reformas fondas no proxecto de lei de medios p\u00fablicos que garantan a independencia da CRTVG -\",\"isPartOf\":{\"@id\":\"https:\\\/\\\/www.anovapeneira.gal\\\/#website\"},\"primaryImageOfPage\":{\"@id\":\"https:\\\/\\\/www.anovapeneira.gal\\\/index.php\\\/2025\\\/01\\\/21\\\/o-colexio-de-xornalistas-reclama-reformas-fondas-no-proxecto-de-lei-de-medios-publicos-que-garantan-a-independencia-da-crtvg\\\/#primaryimage\"},\"image\":{\"@id\":\"https:\\\/\\\/www.anovapeneira.gal\\\/index.php\\\/2025\\\/01\\\/21\\\/o-colexio-de-xornalistas-reclama-reformas-fondas-no-proxecto-de-lei-de-medios-publicos-que-garantan-a-independencia-da-crtvg\\\/#primaryimage\"},\"thumbnailUrl\":\"https:\\\/\\\/www.anovapeneira.gal\\\/wp-content\\\/uploads\\\/2025\\\/01\\\/xornalistas_de_Galicia.jpg\",\"datePublished\":\"2025-01-21T09:00:35+00:00\",\"breadcrumb\":{\"@id\":\"https:\\\/\\\/www.anovapeneira.gal\\\/index.php\\\/2025\\\/01\\\/21\\\/o-colexio-de-xornalistas-reclama-reformas-fondas-no-proxecto-de-lei-de-medios-publicos-que-garantan-a-independencia-da-crtvg\\\/#breadcrumb\"},\"inLanguage\":\"gl-ES\",\"potentialAction\":[{\"@type\":\"ReadAction\",\"target\":[\"https:\\\/\\\/www.anovapeneira.gal\\\/index.php\\\/2025\\\/01\\\/21\\\/o-colexio-de-xornalistas-reclama-reformas-fondas-no-proxecto-de-lei-de-medios-publicos-que-garantan-a-independencia-da-crtvg\\\/\"]}]},{\"@type\":\"ImageObject\",\"inLanguage\":\"gl-ES\",\"@id\":\"https:\\\/\\\/www.anovapeneira.gal\\\/index.php\\\/2025\\\/01\\\/21\\\/o-colexio-de-xornalistas-reclama-reformas-fondas-no-proxecto-de-lei-de-medios-publicos-que-garantan-a-independencia-da-crtvg\\\/#primaryimage\",\"url\":\"https:\\\/\\\/www.anovapeneira.gal\\\/wp-content\\\/uploads\\\/2025\\\/01\\\/xornalistas_de_Galicia.jpg\",\"contentUrl\":\"https:\\\/\\\/www.anovapeneira.gal\\\/wp-content\\\/uploads\\\/2025\\\/01\\\/xornalistas_de_Galicia.jpg\",\"width\":720,\"height\":432,\"caption\":\"Xornalistas de Galicia\"},{\"@type\":\"BreadcrumbList\",\"@id\":\"https:\\\/\\\/www.anovapeneira.gal\\\/index.php\\\/2025\\\/01\\\/21\\\/o-colexio-de-xornalistas-reclama-reformas-fondas-no-proxecto-de-lei-de-medios-publicos-que-garantan-a-independencia-da-crtvg\\\/#breadcrumb\",\"itemListElement\":[{\"@type\":\"ListItem\",\"position\":1,\"name\":\"Portada\",\"item\":\"https:\\\/\\\/www.anovapeneira.gal\\\/\"},{\"@type\":\"ListItem\",\"position\":2,\"name\":\"O Colexio de Xornalistas reclama reformas fondas no proxecto de lei de medios p\u00fablicos que garantan a independencia da CRTVG\"}]},{\"@type\":\"WebSite\",\"@id\":\"https:\\\/\\\/www.anovapeneira.gal\\\/#website\",\"url\":\"https:\\\/\\\/www.anovapeneira.gal\\\/\",\"name\":\"\",\"description\":\"Xornal galego de informaci\u00f3n xeral Publicaci\u00f3n mensual de novas de Galicia e en especial dos Concellos da sur da provincia de Pontevedra.\",\"publisher\":{\"@id\":\"https:\\\/\\\/www.anovapeneira.gal\\\/#organization\"},\"potentialAction\":[{\"@type\":\"SearchAction\",\"target\":{\"@type\":\"EntryPoint\",\"urlTemplate\":\"https:\\\/\\\/www.anovapeneira.gal\\\/?s={search_term_string}\"},\"query-input\":{\"@type\":\"PropertyValueSpecification\",\"valueRequired\":true,\"valueName\":\"search_term_string\"}}],\"inLanguage\":\"gl-ES\"},{\"@type\":\"Organization\",\"@id\":\"https:\\\/\\\/www.anovapeneira.gal\\\/#organization\",\"name\":\"A Nova Peneira\",\"url\":\"https:\\\/\\\/www.anovapeneira.gal\\\/\",\"logo\":{\"@type\":\"ImageObject\",\"inLanguage\":\"gl-ES\",\"@id\":\"https:\\\/\\\/www.anovapeneira.gal\\\/#\\\/schema\\\/logo\\\/image\\\/\",\"url\":\"http:\\\/\\\/www.anovapeneira.gal\\\/wp-content\\\/uploads\\\/2019\\\/06\\\/logo_a_nova_peneira_portal_web.png\",\"contentUrl\":\"http:\\\/\\\/www.anovapeneira.gal\\\/wp-content\\\/uploads\\\/2019\\\/06\\\/logo_a_nova_peneira_portal_web.png\",\"width\":300,\"height\":100,\"caption\":\"A Nova Peneira\"},\"image\":{\"@id\":\"https:\\\/\\\/www.anovapeneira.gal\\\/#\\\/schema\\\/logo\\\/image\\\/\"},\"sameAs\":[\"https:\\\/\\\/www.facebook.com\\\/anovapeneira\",\"https:\\\/\\\/x.com\\\/APeneira\"]},{\"@type\":\"Person\",\"@id\":\"https:\\\/\\\/www.anovapeneira.gal\\\/#\\\/schema\\\/person\\\/b93e3f8932e3f8da96334607eb6ac6aa\",\"name\":\"Redacci\u00f3n A Nova Peneira\",\"image\":{\"@type\":\"ImageObject\",\"inLanguage\":\"gl-ES\",\"@id\":\"https:\\\/\\\/secure.gravatar.com\\\/avatar\\\/c052a2551a06e23fac63626232eaa90abd78dbcf1700fc46a2b2c89fd27b735f?s=96&d=mm&r=g\",\"url\":\"https:\\\/\\\/secure.gravatar.com\\\/avatar\\\/c052a2551a06e23fac63626232eaa90abd78dbcf1700fc46a2b2c89fd27b735f?s=96&d=mm&r=g\",\"contentUrl\":\"https:\\\/\\\/secure.gravatar.com\\\/avatar\\\/c052a2551a06e23fac63626232eaa90abd78dbcf1700fc46a2b2c89fd27b735f?s=96&d=mm&r=g\",\"caption\":\"Redacci\u00f3n A Nova Peneira\"},\"sameAs\":[\"http:\\\/\\\/www.anovapeneira.gal\\\/\"],\"url\":\"https:\\\/\\\/www.anovapeneira.gal\\\/index.php\\\/author\\\/redactor\\\/\"}]}<\/script>\n<!-- \/ Yoast SEO plugin. -->","yoast_head_json":{"title":"O Colexio de Xornalistas reclama reformas fondas no proxecto de lei de medios p\u00fablicos que garantan a independencia da CRTVG -","robots":{"index":"index","follow":"follow","max-snippet":"max-snippet:-1","max-image-preview":"max-image-preview:large","max-video-preview":"max-video-preview:-1"},"canonical":"https:\/\/www.anovapeneira.gal\/index.php\/2025\/01\/21\/o-colexio-de-xornalistas-reclama-reformas-fondas-no-proxecto-de-lei-de-medios-publicos-que-garantan-a-independencia-da-crtvg\/","og_locale":"gl_ES","og_type":"article","og_title":"O Colexio de Xornalistas reclama reformas fondas no proxecto de lei de medios p\u00fablicos que garantan a independencia da CRTVG -","og_description":"Perante a tramitaci\u00f3n parlamentaria do Proxecto de lei de servizos dos medios p\u00fablicos de comunicaci\u00f3n audiovisual de Galicia, a Xunta de Goberno do Colexio Profesional de Xornalistas de Galicia alerta de que o texto presentado [...]","og_url":"https:\/\/www.anovapeneira.gal\/index.php\/2025\/01\/21\/o-colexio-de-xornalistas-reclama-reformas-fondas-no-proxecto-de-lei-de-medios-publicos-que-garantan-a-independencia-da-crtvg\/","article_publisher":"https:\/\/www.facebook.com\/anovapeneira","article_published_time":"2025-01-21T09:00:35+00:00","og_image":[{"width":720,"height":432,"url":"https:\/\/www.anovapeneira.gal\/wp-content\/uploads\/2025\/01\/xornalistas_de_Galicia.jpg","type":"image\/jpeg"}],"author":"Redacci\u00f3n A Nova Peneira","twitter_card":"summary_large_image","twitter_creator":"@APeneira","twitter_site":"@APeneira","twitter_misc":{"Escrito por":"Redacci\u00f3n A Nova Peneira","Tempo de lectura":"4 minutos"},"schema":{"@context":"https:\/\/schema.org","@graph":[{"@type":"Article","@id":"https:\/\/www.anovapeneira.gal\/index.php\/2025\/01\/21\/o-colexio-de-xornalistas-reclama-reformas-fondas-no-proxecto-de-lei-de-medios-publicos-que-garantan-a-independencia-da-crtvg\/#article","isPartOf":{"@id":"https:\/\/www.anovapeneira.gal\/index.php\/2025\/01\/21\/o-colexio-de-xornalistas-reclama-reformas-fondas-no-proxecto-de-lei-de-medios-publicos-que-garantan-a-independencia-da-crtvg\/"},"author":{"name":"Redacci\u00f3n A Nova Peneira","@id":"https:\/\/www.anovapeneira.gal\/#\/schema\/person\/b93e3f8932e3f8da96334607eb6ac6aa"},"headline":"O Colexio de Xornalistas reclama reformas fondas no proxecto de lei de medios p\u00fablicos que garantan a independencia da CRTVG","datePublished":"2025-01-21T09:00:35+00:00","mainEntityOfPage":{"@id":"https:\/\/www.anovapeneira.gal\/index.php\/2025\/01\/21\/o-colexio-de-xornalistas-reclama-reformas-fondas-no-proxecto-de-lei-de-medios-publicos-que-garantan-a-independencia-da-crtvg\/"},"wordCount":619,"commentCount":0,"publisher":{"@id":"https:\/\/www.anovapeneira.gal\/#organization"},"image":{"@id":"https:\/\/www.anovapeneira.gal\/index.php\/2025\/01\/21\/o-colexio-de-xornalistas-reclama-reformas-fondas-no-proxecto-de-lei-de-medios-publicos-que-garantan-a-independencia-da-crtvg\/#primaryimage"},"thumbnailUrl":"https:\/\/www.anovapeneira.gal\/wp-content\/uploads\/2025\/01\/xornalistas_de_Galicia.jpg","articleSection":["Novas","Sin categor\u00eda"],"inLanguage":"gl-ES","potentialAction":[{"@type":"CommentAction","name":"Comment","target":["https:\/\/www.anovapeneira.gal\/index.php\/2025\/01\/21\/o-colexio-de-xornalistas-reclama-reformas-fondas-no-proxecto-de-lei-de-medios-publicos-que-garantan-a-independencia-da-crtvg\/#respond"]}]},{"@type":"WebPage","@id":"https:\/\/www.anovapeneira.gal\/index.php\/2025\/01\/21\/o-colexio-de-xornalistas-reclama-reformas-fondas-no-proxecto-de-lei-de-medios-publicos-que-garantan-a-independencia-da-crtvg\/","url":"https:\/\/www.anovapeneira.gal\/index.php\/2025\/01\/21\/o-colexio-de-xornalistas-reclama-reformas-fondas-no-proxecto-de-lei-de-medios-publicos-que-garantan-a-independencia-da-crtvg\/","name":"O Colexio de Xornalistas reclama reformas fondas no proxecto de lei de medios p\u00fablicos que garantan a independencia da CRTVG -","isPartOf":{"@id":"https:\/\/www.anovapeneira.gal\/#website"},"primaryImageOfPage":{"@id":"https:\/\/www.anovapeneira.gal\/index.php\/2025\/01\/21\/o-colexio-de-xornalistas-reclama-reformas-fondas-no-proxecto-de-lei-de-medios-publicos-que-garantan-a-independencia-da-crtvg\/#primaryimage"},"image":{"@id":"https:\/\/www.anovapeneira.gal\/index.php\/2025\/01\/21\/o-colexio-de-xornalistas-reclama-reformas-fondas-no-proxecto-de-lei-de-medios-publicos-que-garantan-a-independencia-da-crtvg\/#primaryimage"},"thumbnailUrl":"https:\/\/www.anovapeneira.gal\/wp-content\/uploads\/2025\/01\/xornalistas_de_Galicia.jpg","datePublished":"2025-01-21T09:00:35+00:00","breadcrumb":{"@id":"https:\/\/www.anovapeneira.gal\/index.php\/2025\/01\/21\/o-colexio-de-xornalistas-reclama-reformas-fondas-no-proxecto-de-lei-de-medios-publicos-que-garantan-a-independencia-da-crtvg\/#breadcrumb"},"inLanguage":"gl-ES","potentialAction":[{"@type":"ReadAction","target":["https:\/\/www.anovapeneira.gal\/index.php\/2025\/01\/21\/o-colexio-de-xornalistas-reclama-reformas-fondas-no-proxecto-de-lei-de-medios-publicos-que-garantan-a-independencia-da-crtvg\/"]}]},{"@type":"ImageObject","inLanguage":"gl-ES","@id":"https:\/\/www.anovapeneira.gal\/index.php\/2025\/01\/21\/o-colexio-de-xornalistas-reclama-reformas-fondas-no-proxecto-de-lei-de-medios-publicos-que-garantan-a-independencia-da-crtvg\/#primaryimage","url":"https:\/\/www.anovapeneira.gal\/wp-content\/uploads\/2025\/01\/xornalistas_de_Galicia.jpg","contentUrl":"https:\/\/www.anovapeneira.gal\/wp-content\/uploads\/2025\/01\/xornalistas_de_Galicia.jpg","width":720,"height":432,"caption":"Xornalistas de Galicia"},{"@type":"BreadcrumbList","@id":"https:\/\/www.anovapeneira.gal\/index.php\/2025\/01\/21\/o-colexio-de-xornalistas-reclama-reformas-fondas-no-proxecto-de-lei-de-medios-publicos-que-garantan-a-independencia-da-crtvg\/#breadcrumb","itemListElement":[{"@type":"ListItem","position":1,"name":"Portada","item":"https:\/\/www.anovapeneira.gal\/"},{"@type":"ListItem","position":2,"name":"O Colexio de Xornalistas reclama reformas fondas no proxecto de lei de medios p\u00fablicos que garantan a independencia da CRTVG"}]},{"@type":"WebSite","@id":"https:\/\/www.anovapeneira.gal\/#website","url":"https:\/\/www.anovapeneira.gal\/","name":"","description":"Xornal galego de informaci\u00f3n xeral Publicaci\u00f3n mensual de novas de Galicia e en especial dos Concellos da sur da provincia de Pontevedra.","publisher":{"@id":"https:\/\/www.anovapeneira.gal\/#organization"},"potentialAction":[{"@type":"SearchAction","target":{"@type":"EntryPoint","urlTemplate":"https:\/\/www.anovapeneira.gal\/?s={search_term_string}"},"query-input":{"@type":"PropertyValueSpecification","valueRequired":true,"valueName":"search_term_string"}}],"inLanguage":"gl-ES"},{"@type":"Organization","@id":"https:\/\/www.anovapeneira.gal\/#organization","name":"A Nova Peneira","url":"https:\/\/www.anovapeneira.gal\/","logo":{"@type":"ImageObject","inLanguage":"gl-ES","@id":"https:\/\/www.anovapeneira.gal\/#\/schema\/logo\/image\/","url":"http:\/\/www.anovapeneira.gal\/wp-content\/uploads\/2019\/06\/logo_a_nova_peneira_portal_web.png","contentUrl":"http:\/\/www.anovapeneira.gal\/wp-content\/uploads\/2019\/06\/logo_a_nova_peneira_portal_web.png","width":300,"height":100,"caption":"A Nova Peneira"},"image":{"@id":"https:\/\/www.anovapeneira.gal\/#\/schema\/logo\/image\/"},"sameAs":["https:\/\/www.facebook.com\/anovapeneira","https:\/\/x.com\/APeneira"]},{"@type":"Person","@id":"https:\/\/www.anovapeneira.gal\/#\/schema\/person\/b93e3f8932e3f8da96334607eb6ac6aa","name":"Redacci\u00f3n A Nova Peneira","image":{"@type":"ImageObject","inLanguage":"gl-ES","@id":"https:\/\/secure.gravatar.com\/avatar\/c052a2551a06e23fac63626232eaa90abd78dbcf1700fc46a2b2c89fd27b735f?s=96&d=mm&r=g","url":"https:\/\/secure.gravatar.com\/avatar\/c052a2551a06e23fac63626232eaa90abd78dbcf1700fc46a2b2c89fd27b735f?s=96&d=mm&r=g","contentUrl":"https:\/\/secure.gravatar.com\/avatar\/c052a2551a06e23fac63626232eaa90abd78dbcf1700fc46a2b2c89fd27b735f?s=96&d=mm&r=g","caption":"Redacci\u00f3n A Nova Peneira"},"sameAs":["http:\/\/www.anovapeneira.gal\/"],"url":"https:\/\/www.anovapeneira.gal\/index.php\/author\/redactor\/"}]}},"jetpack_featured_media_url":"https:\/\/www.anovapeneira.gal\/wp-content\/uploads\/2025\/01\/xornalistas_de_Galicia.jpg","_links":{"self":[{"href":"https:\/\/www.anovapeneira.gal\/index.php\/wp-json\/wp\/v2\/posts\/13133","targetHints":{"allow":["GET"]}}],"collection":[{"href":"https:\/\/www.anovapeneira.gal\/index.php\/wp-json\/wp\/v2\/posts"}],"about":[{"href":"https:\/\/www.anovapeneira.gal\/index.php\/wp-json\/wp\/v2\/types\/post"}],"author":[{"embeddable":true,"href":"https:\/\/www.anovapeneira.gal\/index.php\/wp-json\/wp\/v2\/users\/3"}],"replies":[{"embeddable":true,"href":"https:\/\/www.anovapeneira.gal\/index.php\/wp-json\/wp\/v2\/comments?post=13133"}],"version-history":[{"count":3,"href":"https:\/\/www.anovapeneira.gal\/index.php\/wp-json\/wp\/v2\/posts\/13133\/revisions"}],"predecessor-version":[{"id":13138,"href":"https:\/\/www.anovapeneira.gal\/index.php\/wp-json\/wp\/v2\/posts\/13133\/revisions\/13138"}],"wp:featuredmedia":[{"embeddable":true,"href":"https:\/\/www.anovapeneira.gal\/index.php\/wp-json\/wp\/v2\/media\/13135"}],"wp:attachment":[{"href":"https:\/\/www.anovapeneira.gal\/index.php\/wp-json\/wp\/v2\/media?parent=13133"}],"wp:term":[{"taxonomy":"category","embeddable":true,"href":"https:\/\/www.anovapeneira.gal\/index.php\/wp-json\/wp\/v2\/categories?post=13133"},{"taxonomy":"post_tag","embeddable":true,"href":"https:\/\/www.anovapeneira.gal\/index.php\/wp-json\/wp\/v2\/tags?post=13133"}],"curies":[{"name":"wp","href":"https:\/\/api.w.org\/{rel}","templated":true}]}}