{"id":13144,"date":"2025-01-22T10:00:26","date_gmt":"2025-01-22T09:00:26","guid":{"rendered":"https:\/\/www.anovapeneira.gal\/?p=13144"},"modified":"2025-01-20T16:46:46","modified_gmt":"2025-01-20T15:46:46","slug":"o-bng-reclama-ao-goberno-local-unha-solucion-urxente-para-os-contedores-en-chan-do-monte","status":"publish","type":"post","link":"https:\/\/www.anovapeneira.gal\/index.php\/2025\/01\/22\/o-bng-reclama-ao-goberno-local-unha-solucion-urxente-para-os-contedores-en-chan-do-monte\/","title":{"rendered":"O BNG reclama ao goberno local unha soluci\u00f3n urxente para os contedores en chan do monte"},"content":{"rendered":"\n<p><em>Luc\u00eda Santos denuncia que, tras dous anos de solicitudes reiteradas, o goberno municipal segue sen constru\u00edr unha base de formig\u00f3n para asegurar os contedores, que supo\u00f1en un perigo para a veci\u00f1anza.<\/em><\/p>\n\n\n\n<p>Luc\u00eda Santos, a voceira do Bloque Nacionalista Galego (BNG),reclamou unha vez m\u00e1is ao goberno municipal a construci\u00f3n dunha base de formig\u00f3n para asegurar a illa de contedores situada no cami\u00f1o de Chan do Monte, atendendo a unha demanda reiterada pola veci\u00f1anza desde hai m\u00e1is de dous anos.<\/p>\n\n\n\n<p>Durante a Comisi\u00f3n Informativa de Rural celebrada este mes de xaneiro, Luc\u00eda Santos solicitou directamente ao concelleiro de rural do Partido Popular (PP), Pablo Novas, que se act\u00fae con urxencia para solucionar este problema. A voceira lembrou que esta petici\u00f3n xa foi trasladada en novembro de 2022 e en setembro de 2024, sen que ata o momento se levara a cabo ningunha intervenci\u00f3n. &#8220;Estamos en xaneiro de 2025 e unha actuaci\u00f3n tan sinxela como constru\u00edr unha base de formig\u00f3n para o asentamento dos contedores segue sen realizarse&#8221;, criticou Santos.<\/p>\n\n\n\n<p>A necesidade desta intervenci\u00f3n responde \u00e1s queixas reiteradas da veci\u00f1anza de Chan do Monte, que alertan do perigo que sup\u00f3n a actual ubicaci\u00f3n dos contedores. Estes at\u00f3panse nunha pendente, o que fai que frecuentemente caian pola acci\u00f3n do vento, invadindo a estrada e xerando un risco evidente para as persoas usuarias da v\u00eda p\u00fablica.<\/p>\n\n\n\n<p>Luc\u00eda Santos cualificou de &#8220;inadmisible&#8221; que o goberno municipal ignore unha demanda tan b\u00e1sica, especialmente cando implica unha mellora directa na seguridade viaria e na calidade de vida da veci\u00f1anza. &#8220;Non estamos a falar dunha obra complexa ou custosa, sen\u00f3n dunha medida elemental para evitar accidentes e garantir que os contedores permanezan no seu lugar&#8221;, sinalou.<\/p>\n\n\n\n<p>Dende o BNG, subl\u00ed\u00f1ase a importancia de atender con maior dilixencia as demandas da veci\u00f1anza do rural, que moitas veces quedan relegadas en termos de prioridades municipais. A formaci\u00f3n nacionalista insta ao goberno local a actuar de inmediato para resolver esta situaci\u00f3n e dar resposta a unha solicitude que deber\u00eda terse resolto hai tempo.<\/p>\n\n\n\n<p>Luc\u00eda Santos Omil.<\/p>\n\n\n\n<p>Portavoz Municipal do BNG.<\/p>\n\n\n\n<p>Mar\u00edn, 17 de Xaneiro do 2025.<\/p>\n","protected":false},"excerpt":{"rendered":"<div class=\"mh-excerpt\"><p>Luc\u00eda Santos denuncia que, tras dous anos de solicitudes reiteradas, o goberno municipal segue sen constru\u00edr unha base de formig\u00f3n para asegurar os contedores, que supo\u00f1en un perigo para a veci\u00f1anza. <a class=\"mh-excerpt-more\" href=\"https:\/\/www.anovapeneira.gal\/index.php\/2025\/01\/22\/o-bng-reclama-ao-goberno-local-unha-solucion-urxente-para-os-contedores-en-chan-do-monte\/\" title=\"O BNG reclama ao goberno local unha soluci\u00f3n urxente para os contedores en chan do monte\">[&#8230;]<\/a><\/p>\n<\/div>","protected":false},"author":3,"featured_media":11885,"comment_status":"open","ping_status":"open","sticky":false,"template":"","format":"standard","meta":{"_exactmetrics_skip_tracking":false,"_exactmetrics_sitenote_active":false,"_exactmetrics_sitenote_note":"","_exactmetrics_sitenote_category":0,"footnotes":""},"categories":[22],"tags":[144],"class_list":{"0":"post-13144","1":"post","2":"type-post","3":"status-publish","4":"format-standard","5":"has-post-thumbnail","7":"category-morrazo","8":"tag-concello-de-marin"},"yoast_head":"<!-- This site is optimized with the Yoast SEO plugin v27.4 - https:\/\/yoast.com\/product\/yoast-seo-wordpress\/ -->\n<title>O BNG reclama ao goberno local unha soluci\u00f3n urxente para os contedores en chan do monte -<\/title>\n<meta name=\"robots\" content=\"index, follow, max-snippet:-1, max-image-preview:large, max-video-preview:-1\" \/>\n<link rel=\"canonical\" href=\"https:\/\/www.anovapeneira.gal\/index.php\/2025\/01\/22\/o-bng-reclama-ao-goberno-local-unha-solucion-urxente-para-os-contedores-en-chan-do-monte\/\" \/>\n<meta property=\"og:locale\" content=\"gl_ES\" \/>\n<meta property=\"og:type\" content=\"article\" \/>\n<meta property=\"og:title\" content=\"O BNG reclama ao goberno local unha soluci\u00f3n urxente para os contedores en chan do monte -\" \/>\n<meta property=\"og:description\" content=\"Luc\u00eda Santos denuncia que, tras dous anos de solicitudes reiteradas, o goberno municipal segue sen constru\u00edr unha base de formig\u00f3n para asegurar os contedores, que supo\u00f1en un perigo para a veci\u00f1anza. [...]\" \/>\n<meta property=\"og:url\" content=\"https:\/\/www.anovapeneira.gal\/index.php\/2025\/01\/22\/o-bng-reclama-ao-goberno-local-unha-solucion-urxente-para-os-contedores-en-chan-do-monte\/\" \/>\n<meta property=\"article:publisher\" content=\"https:\/\/www.facebook.com\/anovapeneira\" \/>\n<meta property=\"article:published_time\" content=\"2025-01-22T09:00:26+00:00\" \/>\n<meta property=\"og:image\" content=\"https:\/\/www.anovapeneira.gal\/wp-content\/uploads\/2024\/06\/lucia_santos.png\" \/>\n\t<meta property=\"og:image:width\" content=\"720\" \/>\n\t<meta property=\"og:image:height\" content=\"432\" \/>\n\t<meta property=\"og:image:type\" content=\"image\/png\" \/>\n<meta name=\"author\" content=\"Redacci\u00f3n A Nova Peneira\" \/>\n<meta name=\"twitter:card\" content=\"summary_large_image\" \/>\n<meta name=\"twitter:creator\" content=\"@APeneira\" \/>\n<meta name=\"twitter:site\" content=\"@APeneira\" \/>\n<meta name=\"twitter:label1\" content=\"Escrito por\" \/>\n\t<meta name=\"twitter:data1\" content=\"Redacci\u00f3n A Nova Peneira\" \/>\n\t<meta name=\"twitter:label2\" content=\"Tempo de lectura\" \/>\n\t<meta name=\"twitter:data2\" content=\"3 minutos\" \/>\n<script type=\"application\/ld+json\" class=\"yoast-schema-graph\">{\"@context\":\"https:\\\/\\\/schema.org\",\"@graph\":[{\"@type\":\"Article\",\"@id\":\"https:\\\/\\\/www.anovapeneira.gal\\\/index.php\\\/2025\\\/01\\\/22\\\/o-bng-reclama-ao-goberno-local-unha-solucion-urxente-para-os-contedores-en-chan-do-monte\\\/#article\",\"isPartOf\":{\"@id\":\"https:\\\/\\\/www.anovapeneira.gal\\\/index.php\\\/2025\\\/01\\\/22\\\/o-bng-reclama-ao-goberno-local-unha-solucion-urxente-para-os-contedores-en-chan-do-monte\\\/\"},\"author\":{\"name\":\"Redacci\u00f3n A Nova Peneira\",\"@id\":\"https:\\\/\\\/www.anovapeneira.gal\\\/#\\\/schema\\\/person\\\/b93e3f8932e3f8da96334607eb6ac6aa\"},\"headline\":\"O BNG reclama ao goberno local unha soluci\u00f3n urxente para os contedores en chan do monte\",\"datePublished\":\"2025-01-22T09:00:26+00:00\",\"mainEntityOfPage\":{\"@id\":\"https:\\\/\\\/www.anovapeneira.gal\\\/index.php\\\/2025\\\/01\\\/22\\\/o-bng-reclama-ao-goberno-local-unha-solucion-urxente-para-os-contedores-en-chan-do-monte\\\/\"},\"wordCount\":396,\"commentCount\":0,\"publisher\":{\"@id\":\"https:\\\/\\\/www.anovapeneira.gal\\\/#organization\"},\"image\":{\"@id\":\"https:\\\/\\\/www.anovapeneira.gal\\\/index.php\\\/2025\\\/01\\\/22\\\/o-bng-reclama-ao-goberno-local-unha-solucion-urxente-para-os-contedores-en-chan-do-monte\\\/#primaryimage\"},\"thumbnailUrl\":\"https:\\\/\\\/www.anovapeneira.gal\\\/wp-content\\\/uploads\\\/2024\\\/06\\\/lucia_santos.png\",\"keywords\":[\"Concello de Mar\u00edn\"],\"articleSection\":[\"Morrazo\"],\"inLanguage\":\"gl-ES\",\"potentialAction\":[{\"@type\":\"CommentAction\",\"name\":\"Comment\",\"target\":[\"https:\\\/\\\/www.anovapeneira.gal\\\/index.php\\\/2025\\\/01\\\/22\\\/o-bng-reclama-ao-goberno-local-unha-solucion-urxente-para-os-contedores-en-chan-do-monte\\\/#respond\"]}]},{\"@type\":\"WebPage\",\"@id\":\"https:\\\/\\\/www.anovapeneira.gal\\\/index.php\\\/2025\\\/01\\\/22\\\/o-bng-reclama-ao-goberno-local-unha-solucion-urxente-para-os-contedores-en-chan-do-monte\\\/\",\"url\":\"https:\\\/\\\/www.anovapeneira.gal\\\/index.php\\\/2025\\\/01\\\/22\\\/o-bng-reclama-ao-goberno-local-unha-solucion-urxente-para-os-contedores-en-chan-do-monte\\\/\",\"name\":\"O BNG reclama ao goberno local unha soluci\u00f3n urxente para os contedores en chan do monte -\",\"isPartOf\":{\"@id\":\"https:\\\/\\\/www.anovapeneira.gal\\\/#website\"},\"primaryImageOfPage\":{\"@id\":\"https:\\\/\\\/www.anovapeneira.gal\\\/index.php\\\/2025\\\/01\\\/22\\\/o-bng-reclama-ao-goberno-local-unha-solucion-urxente-para-os-contedores-en-chan-do-monte\\\/#primaryimage\"},\"image\":{\"@id\":\"https:\\\/\\\/www.anovapeneira.gal\\\/index.php\\\/2025\\\/01\\\/22\\\/o-bng-reclama-ao-goberno-local-unha-solucion-urxente-para-os-contedores-en-chan-do-monte\\\/#primaryimage\"},\"thumbnailUrl\":\"https:\\\/\\\/www.anovapeneira.gal\\\/wp-content\\\/uploads\\\/2024\\\/06\\\/lucia_santos.png\",\"datePublished\":\"2025-01-22T09:00:26+00:00\",\"breadcrumb\":{\"@id\":\"https:\\\/\\\/www.anovapeneira.gal\\\/index.php\\\/2025\\\/01\\\/22\\\/o-bng-reclama-ao-goberno-local-unha-solucion-urxente-para-os-contedores-en-chan-do-monte\\\/#breadcrumb\"},\"inLanguage\":\"gl-ES\",\"potentialAction\":[{\"@type\":\"ReadAction\",\"target\":[\"https:\\\/\\\/www.anovapeneira.gal\\\/index.php\\\/2025\\\/01\\\/22\\\/o-bng-reclama-ao-goberno-local-unha-solucion-urxente-para-os-contedores-en-chan-do-monte\\\/\"]}]},{\"@type\":\"ImageObject\",\"inLanguage\":\"gl-ES\",\"@id\":\"https:\\\/\\\/www.anovapeneira.gal\\\/index.php\\\/2025\\\/01\\\/22\\\/o-bng-reclama-ao-goberno-local-unha-solucion-urxente-para-os-contedores-en-chan-do-monte\\\/#primaryimage\",\"url\":\"https:\\\/\\\/www.anovapeneira.gal\\\/wp-content\\\/uploads\\\/2024\\\/06\\\/lucia_santos.png\",\"contentUrl\":\"https:\\\/\\\/www.anovapeneira.gal\\\/wp-content\\\/uploads\\\/2024\\\/06\\\/lucia_santos.png\",\"width\":720,\"height\":432,\"caption\":\"Luc\u00eda Santos Omil\"},{\"@type\":\"BreadcrumbList\",\"@id\":\"https:\\\/\\\/www.anovapeneira.gal\\\/index.php\\\/2025\\\/01\\\/22\\\/o-bng-reclama-ao-goberno-local-unha-solucion-urxente-para-os-contedores-en-chan-do-monte\\\/#breadcrumb\",\"itemListElement\":[{\"@type\":\"ListItem\",\"position\":1,\"name\":\"Portada\",\"item\":\"https:\\\/\\\/www.anovapeneira.gal\\\/\"},{\"@type\":\"ListItem\",\"position\":2,\"name\":\"O BNG reclama ao goberno local unha soluci\u00f3n urxente para os contedores en chan do monte\"}]},{\"@type\":\"WebSite\",\"@id\":\"https:\\\/\\\/www.anovapeneira.gal\\\/#website\",\"url\":\"https:\\\/\\\/www.anovapeneira.gal\\\/\",\"name\":\"\",\"description\":\"Xornal galego de informaci\u00f3n xeral Publicaci\u00f3n mensual de novas de Galicia e en especial dos Concellos da sur da provincia de Pontevedra.\",\"publisher\":{\"@id\":\"https:\\\/\\\/www.anovapeneira.gal\\\/#organization\"},\"potentialAction\":[{\"@type\":\"SearchAction\",\"target\":{\"@type\":\"EntryPoint\",\"urlTemplate\":\"https:\\\/\\\/www.anovapeneira.gal\\\/?s={search_term_string}\"},\"query-input\":{\"@type\":\"PropertyValueSpecification\",\"valueRequired\":true,\"valueName\":\"search_term_string\"}}],\"inLanguage\":\"gl-ES\"},{\"@type\":\"Organization\",\"@id\":\"https:\\\/\\\/www.anovapeneira.gal\\\/#organization\",\"name\":\"A Nova Peneira\",\"url\":\"https:\\\/\\\/www.anovapeneira.gal\\\/\",\"logo\":{\"@type\":\"ImageObject\",\"inLanguage\":\"gl-ES\",\"@id\":\"https:\\\/\\\/www.anovapeneira.gal\\\/#\\\/schema\\\/logo\\\/image\\\/\",\"url\":\"http:\\\/\\\/www.anovapeneira.gal\\\/wp-content\\\/uploads\\\/2019\\\/06\\\/logo_a_nova_peneira_portal_web.png\",\"contentUrl\":\"http:\\\/\\\/www.anovapeneira.gal\\\/wp-content\\\/uploads\\\/2019\\\/06\\\/logo_a_nova_peneira_portal_web.png\",\"width\":300,\"height\":100,\"caption\":\"A Nova Peneira\"},\"image\":{\"@id\":\"https:\\\/\\\/www.anovapeneira.gal\\\/#\\\/schema\\\/logo\\\/image\\\/\"},\"sameAs\":[\"https:\\\/\\\/www.facebook.com\\\/anovapeneira\",\"https:\\\/\\\/x.com\\\/APeneira\"]},{\"@type\":\"Person\",\"@id\":\"https:\\\/\\\/www.anovapeneira.gal\\\/#\\\/schema\\\/person\\\/b93e3f8932e3f8da96334607eb6ac6aa\",\"name\":\"Redacci\u00f3n A Nova Peneira\",\"image\":{\"@type\":\"ImageObject\",\"inLanguage\":\"gl-ES\",\"@id\":\"https:\\\/\\\/secure.gravatar.com\\\/avatar\\\/c052a2551a06e23fac63626232eaa90abd78dbcf1700fc46a2b2c89fd27b735f?s=96&d=mm&r=g\",\"url\":\"https:\\\/\\\/secure.gravatar.com\\\/avatar\\\/c052a2551a06e23fac63626232eaa90abd78dbcf1700fc46a2b2c89fd27b735f?s=96&d=mm&r=g\",\"contentUrl\":\"https:\\\/\\\/secure.gravatar.com\\\/avatar\\\/c052a2551a06e23fac63626232eaa90abd78dbcf1700fc46a2b2c89fd27b735f?s=96&d=mm&r=g\",\"caption\":\"Redacci\u00f3n A Nova Peneira\"},\"sameAs\":[\"http:\\\/\\\/www.anovapeneira.gal\\\/\"],\"url\":\"https:\\\/\\\/www.anovapeneira.gal\\\/index.php\\\/author\\\/redactor\\\/\"}]}<\/script>\n<!-- \/ Yoast SEO plugin. -->","yoast_head_json":{"title":"O BNG reclama ao goberno local unha soluci\u00f3n urxente para os contedores en chan do monte -","robots":{"index":"index","follow":"follow","max-snippet":"max-snippet:-1","max-image-preview":"max-image-preview:large","max-video-preview":"max-video-preview:-1"},"canonical":"https:\/\/www.anovapeneira.gal\/index.php\/2025\/01\/22\/o-bng-reclama-ao-goberno-local-unha-solucion-urxente-para-os-contedores-en-chan-do-monte\/","og_locale":"gl_ES","og_type":"article","og_title":"O BNG reclama ao goberno local unha soluci\u00f3n urxente para os contedores en chan do monte -","og_description":"Luc\u00eda Santos denuncia que, tras dous anos de solicitudes reiteradas, o goberno municipal segue sen constru\u00edr unha base de formig\u00f3n para asegurar os contedores, que supo\u00f1en un perigo para a veci\u00f1anza. [...]","og_url":"https:\/\/www.anovapeneira.gal\/index.php\/2025\/01\/22\/o-bng-reclama-ao-goberno-local-unha-solucion-urxente-para-os-contedores-en-chan-do-monte\/","article_publisher":"https:\/\/www.facebook.com\/anovapeneira","article_published_time":"2025-01-22T09:00:26+00:00","og_image":[{"width":720,"height":432,"url":"https:\/\/www.anovapeneira.gal\/wp-content\/uploads\/2024\/06\/lucia_santos.png","type":"image\/png"}],"author":"Redacci\u00f3n A Nova Peneira","twitter_card":"summary_large_image","twitter_creator":"@APeneira","twitter_site":"@APeneira","twitter_misc":{"Escrito por":"Redacci\u00f3n A Nova Peneira","Tempo de lectura":"3 minutos"},"schema":{"@context":"https:\/\/schema.org","@graph":[{"@type":"Article","@id":"https:\/\/www.anovapeneira.gal\/index.php\/2025\/01\/22\/o-bng-reclama-ao-goberno-local-unha-solucion-urxente-para-os-contedores-en-chan-do-monte\/#article","isPartOf":{"@id":"https:\/\/www.anovapeneira.gal\/index.php\/2025\/01\/22\/o-bng-reclama-ao-goberno-local-unha-solucion-urxente-para-os-contedores-en-chan-do-monte\/"},"author":{"name":"Redacci\u00f3n A Nova Peneira","@id":"https:\/\/www.anovapeneira.gal\/#\/schema\/person\/b93e3f8932e3f8da96334607eb6ac6aa"},"headline":"O BNG reclama ao goberno local unha soluci\u00f3n urxente para os contedores en chan do monte","datePublished":"2025-01-22T09:00:26+00:00","mainEntityOfPage":{"@id":"https:\/\/www.anovapeneira.gal\/index.php\/2025\/01\/22\/o-bng-reclama-ao-goberno-local-unha-solucion-urxente-para-os-contedores-en-chan-do-monte\/"},"wordCount":396,"commentCount":0,"publisher":{"@id":"https:\/\/www.anovapeneira.gal\/#organization"},"image":{"@id":"https:\/\/www.anovapeneira.gal\/index.php\/2025\/01\/22\/o-bng-reclama-ao-goberno-local-unha-solucion-urxente-para-os-contedores-en-chan-do-monte\/#primaryimage"},"thumbnailUrl":"https:\/\/www.anovapeneira.gal\/wp-content\/uploads\/2024\/06\/lucia_santos.png","keywords":["Concello de Mar\u00edn"],"articleSection":["Morrazo"],"inLanguage":"gl-ES","potentialAction":[{"@type":"CommentAction","name":"Comment","target":["https:\/\/www.anovapeneira.gal\/index.php\/2025\/01\/22\/o-bng-reclama-ao-goberno-local-unha-solucion-urxente-para-os-contedores-en-chan-do-monte\/#respond"]}]},{"@type":"WebPage","@id":"https:\/\/www.anovapeneira.gal\/index.php\/2025\/01\/22\/o-bng-reclama-ao-goberno-local-unha-solucion-urxente-para-os-contedores-en-chan-do-monte\/","url":"https:\/\/www.anovapeneira.gal\/index.php\/2025\/01\/22\/o-bng-reclama-ao-goberno-local-unha-solucion-urxente-para-os-contedores-en-chan-do-monte\/","name":"O BNG reclama ao goberno local unha soluci\u00f3n urxente para os contedores en chan do monte -","isPartOf":{"@id":"https:\/\/www.anovapeneira.gal\/#website"},"primaryImageOfPage":{"@id":"https:\/\/www.anovapeneira.gal\/index.php\/2025\/01\/22\/o-bng-reclama-ao-goberno-local-unha-solucion-urxente-para-os-contedores-en-chan-do-monte\/#primaryimage"},"image":{"@id":"https:\/\/www.anovapeneira.gal\/index.php\/2025\/01\/22\/o-bng-reclama-ao-goberno-local-unha-solucion-urxente-para-os-contedores-en-chan-do-monte\/#primaryimage"},"thumbnailUrl":"https:\/\/www.anovapeneira.gal\/wp-content\/uploads\/2024\/06\/lucia_santos.png","datePublished":"2025-01-22T09:00:26+00:00","breadcrumb":{"@id":"https:\/\/www.anovapeneira.gal\/index.php\/2025\/01\/22\/o-bng-reclama-ao-goberno-local-unha-solucion-urxente-para-os-contedores-en-chan-do-monte\/#breadcrumb"},"inLanguage":"gl-ES","potentialAction":[{"@type":"ReadAction","target":["https:\/\/www.anovapeneira.gal\/index.php\/2025\/01\/22\/o-bng-reclama-ao-goberno-local-unha-solucion-urxente-para-os-contedores-en-chan-do-monte\/"]}]},{"@type":"ImageObject","inLanguage":"gl-ES","@id":"https:\/\/www.anovapeneira.gal\/index.php\/2025\/01\/22\/o-bng-reclama-ao-goberno-local-unha-solucion-urxente-para-os-contedores-en-chan-do-monte\/#primaryimage","url":"https:\/\/www.anovapeneira.gal\/wp-content\/uploads\/2024\/06\/lucia_santos.png","contentUrl":"https:\/\/www.anovapeneira.gal\/wp-content\/uploads\/2024\/06\/lucia_santos.png","width":720,"height":432,"caption":"Luc\u00eda Santos Omil"},{"@type":"BreadcrumbList","@id":"https:\/\/www.anovapeneira.gal\/index.php\/2025\/01\/22\/o-bng-reclama-ao-goberno-local-unha-solucion-urxente-para-os-contedores-en-chan-do-monte\/#breadcrumb","itemListElement":[{"@type":"ListItem","position":1,"name":"Portada","item":"https:\/\/www.anovapeneira.gal\/"},{"@type":"ListItem","position":2,"name":"O BNG reclama ao goberno local unha soluci\u00f3n urxente para os contedores en chan do monte"}]},{"@type":"WebSite","@id":"https:\/\/www.anovapeneira.gal\/#website","url":"https:\/\/www.anovapeneira.gal\/","name":"","description":"Xornal galego de informaci\u00f3n xeral Publicaci\u00f3n mensual de novas de Galicia e en especial dos Concellos da sur da provincia de Pontevedra.","publisher":{"@id":"https:\/\/www.anovapeneira.gal\/#organization"},"potentialAction":[{"@type":"SearchAction","target":{"@type":"EntryPoint","urlTemplate":"https:\/\/www.anovapeneira.gal\/?s={search_term_string}"},"query-input":{"@type":"PropertyValueSpecification","valueRequired":true,"valueName":"search_term_string"}}],"inLanguage":"gl-ES"},{"@type":"Organization","@id":"https:\/\/www.anovapeneira.gal\/#organization","name":"A Nova Peneira","url":"https:\/\/www.anovapeneira.gal\/","logo":{"@type":"ImageObject","inLanguage":"gl-ES","@id":"https:\/\/www.anovapeneira.gal\/#\/schema\/logo\/image\/","url":"http:\/\/www.anovapeneira.gal\/wp-content\/uploads\/2019\/06\/logo_a_nova_peneira_portal_web.png","contentUrl":"http:\/\/www.anovapeneira.gal\/wp-content\/uploads\/2019\/06\/logo_a_nova_peneira_portal_web.png","width":300,"height":100,"caption":"A Nova Peneira"},"image":{"@id":"https:\/\/www.anovapeneira.gal\/#\/schema\/logo\/image\/"},"sameAs":["https:\/\/www.facebook.com\/anovapeneira","https:\/\/x.com\/APeneira"]},{"@type":"Person","@id":"https:\/\/www.anovapeneira.gal\/#\/schema\/person\/b93e3f8932e3f8da96334607eb6ac6aa","name":"Redacci\u00f3n A Nova Peneira","image":{"@type":"ImageObject","inLanguage":"gl-ES","@id":"https:\/\/secure.gravatar.com\/avatar\/c052a2551a06e23fac63626232eaa90abd78dbcf1700fc46a2b2c89fd27b735f?s=96&d=mm&r=g","url":"https:\/\/secure.gravatar.com\/avatar\/c052a2551a06e23fac63626232eaa90abd78dbcf1700fc46a2b2c89fd27b735f?s=96&d=mm&r=g","contentUrl":"https:\/\/secure.gravatar.com\/avatar\/c052a2551a06e23fac63626232eaa90abd78dbcf1700fc46a2b2c89fd27b735f?s=96&d=mm&r=g","caption":"Redacci\u00f3n A Nova Peneira"},"sameAs":["http:\/\/www.anovapeneira.gal\/"],"url":"https:\/\/www.anovapeneira.gal\/index.php\/author\/redactor\/"}]}},"jetpack_featured_media_url":"https:\/\/www.anovapeneira.gal\/wp-content\/uploads\/2024\/06\/lucia_santos.png","_links":{"self":[{"href":"https:\/\/www.anovapeneira.gal\/index.php\/wp-json\/wp\/v2\/posts\/13144","targetHints":{"allow":["GET"]}}],"collection":[{"href":"https:\/\/www.anovapeneira.gal\/index.php\/wp-json\/wp\/v2\/posts"}],"about":[{"href":"https:\/\/www.anovapeneira.gal\/index.php\/wp-json\/wp\/v2\/types\/post"}],"author":[{"embeddable":true,"href":"https:\/\/www.anovapeneira.gal\/index.php\/wp-json\/wp\/v2\/users\/3"}],"replies":[{"embeddable":true,"href":"https:\/\/www.anovapeneira.gal\/index.php\/wp-json\/wp\/v2\/comments?post=13144"}],"version-history":[{"count":1,"href":"https:\/\/www.anovapeneira.gal\/index.php\/wp-json\/wp\/v2\/posts\/13144\/revisions"}],"predecessor-version":[{"id":13145,"href":"https:\/\/www.anovapeneira.gal\/index.php\/wp-json\/wp\/v2\/posts\/13144\/revisions\/13145"}],"wp:featuredmedia":[{"embeddable":true,"href":"https:\/\/www.anovapeneira.gal\/index.php\/wp-json\/wp\/v2\/media\/11885"}],"wp:attachment":[{"href":"https:\/\/www.anovapeneira.gal\/index.php\/wp-json\/wp\/v2\/media?parent=13144"}],"wp:term":[{"taxonomy":"category","embeddable":true,"href":"https:\/\/www.anovapeneira.gal\/index.php\/wp-json\/wp\/v2\/categories?post=13144"},{"taxonomy":"post_tag","embeddable":true,"href":"https:\/\/www.anovapeneira.gal\/index.php\/wp-json\/wp\/v2\/tags?post=13144"}],"curies":[{"name":"wp","href":"https:\/\/api.w.org\/{rel}","templated":true}]}}