{"id":13160,"date":"2025-01-24T10:00:03","date_gmt":"2025-01-24T09:00:03","guid":{"rendered":"https:\/\/www.anovapeneira.gal\/?p=13160"},"modified":"2025-01-20T18:41:27","modified_gmt":"2025-01-20T17:41:27","slug":"malgasto-e-falta-de-planificacion-na-reforma-do-campo-da-feira","status":"publish","type":"post","link":"https:\/\/www.anovapeneira.gal\/index.php\/2025\/01\/24\/malgasto-e-falta-de-planificacion-na-reforma-do-campo-da-feira\/","title":{"rendered":"Malgasto e falta de planificaci\u00f3n na reforma do Campo da Feira"},"content":{"rendered":"\n<p><a><\/a> <em><strong>As obras ao redor do Templete de Antonio Palacios foron un aut\u00e9ntico malgasto e mante\u00f1en problemas de accesibilidade nun espazo que se poder\u00eda ter convertido nunha grande zona verde para a vila.<\/strong><\/em><\/p>\n\n\n\n<p>Ve\u00f1en de rematar as obras de acondicionamento do antigo Campo da Feira situado diante do cemiterio, na sa\u00edda sur do Porri\u00f1o. Desde o BNG consideramos que <strong>o resultado da reforma que o PP levou a cabo non xustifica o alto investimento realizado<\/strong>.<\/p>\n\n\n\n<p><strong>Non se mellorou a mobilidade<\/strong> do lugar: o parque presenta diferentes niveis que dificultan a accesibilidade. O<strong> dese\u00f1o dos pasos de pe\u00f3ns<\/strong> adoquinados dificulta especialmente o desprazamento \u00e1s persoas con mobilidade reducida ou con carros de beb\u00e9. Este modelo aumenta a contaminaci\u00f3n ac\u00fastica ao paso dos veh\u00edculos. Ademais, <strong>eliminaron o uso deportivo<\/strong> que ti\u00f1a este espazo para a mocidade.<\/p>\n\n\n\n<p>O conxunto do <strong>importe das obras ascendeu a 1,3 mill\u00f3ns de euros, aportados polo Concello do Porri\u00f1o e a Xunta de Galicia<\/strong>. Con este gran investimento, o \u00fanico que se realizou foi un \u201clavado de cara\u201d que, m\u00e1is al\u00e1 da cuestion\u00e1bel, por insuficiente, restauraci\u00f3n do Templete de Antonio Palacios, non muda nada este espazo p\u00fablico. \u201c<strong>\u00c9 unha obra cativa e mal planificada que nos sae moi cara<\/strong>\u201d, sinalou o portavoz do Bloque, Pedro Pereira.<\/p>\n\n\n\n<p>Dende o BNG sempre defendemos un urbanismo que achegue calidade de vida, que deixe atr\u00e1s un modelo pensado para o transporte a motor e que priorice espazos p\u00fablicos para as persoas. \u201cNon nos conformamos coas soluci\u00f3ns parciais que ofrece sempre o PP\u201d, sinalou Pedro Pereira. Lembrou que <strong>o proxecto que o Bloque defende para este lugar<\/strong> contempla un tramo da r\u00faa Domingo Bueno baixo terra para <strong>eliminar o tr\u00e1fico en superficie e comunicar o Campo da Feira coa zona peonil de San Bieito<\/strong>.<\/p>\n\n\n\n<p>O BNG lamenta que Alejandro Lorenzo estea m\u00e1is preocupado en anunciar e inaugurar cantas mais obras mellor, sen planificar a medio prazo O Porri\u00f1o do futuro. \u201c<strong>Hai que dese\u00f1ar O Porri\u00f1o do futuro con actuaci\u00f3ns transformadoras, adaptadas ao crecemento e \u00e1s necesidades da nosa vila<\/strong>, que melloren o que temos. <strong>Non con continuos parches<\/strong> pensados m\u00e1is para a inauguraci\u00f3n que para solucionar os problemas estruturais do municipio\u201d sinalou o portavoz do BNG, Pedro Pereira.<\/p>\n","protected":false},"excerpt":{"rendered":"<div class=\"mh-excerpt\"><p>As obras ao redor do Templete de Antonio Palacios foron un aut\u00e9ntico malgasto e mante\u00f1en problemas de accesibilidade nun espazo que se poder\u00eda ter convertido nunha grande zona verde para a vila <a class=\"mh-excerpt-more\" href=\"https:\/\/www.anovapeneira.gal\/index.php\/2025\/01\/24\/malgasto-e-falta-de-planificacion-na-reforma-do-campo-da-feira\/\" title=\"Malgasto e falta de planificaci\u00f3n na reforma do Campo da Feira\">[&#8230;]<\/a><\/p>\n<\/div>","protected":false},"author":3,"featured_media":13161,"comment_status":"open","ping_status":"open","sticky":false,"template":"","format":"standard","meta":{"_exactmetrics_skip_tracking":false,"_exactmetrics_sitenote_active":false,"_exactmetrics_sitenote_note":"","_exactmetrics_sitenote_category":0,"footnotes":""},"categories":[23,1],"tags":[411],"class_list":{"0":"post-13160","1":"post","2":"type-post","3":"status-publish","4":"format-standard","5":"has-post-thumbnail","7":"category-a-lourina","8":"category-sin-categoria","9":"tag-concello-do-porrino"},"yoast_head":"<!-- This site is optimized with the Yoast SEO plugin v27.5 - https:\/\/yoast.com\/product\/yoast-seo-wordpress\/ -->\n<title>Malgasto e falta de planificaci\u00f3n na reforma do Campo da Feira -<\/title>\n<meta name=\"robots\" content=\"index, follow, max-snippet:-1, max-image-preview:large, max-video-preview:-1\" \/>\n<link rel=\"canonical\" href=\"https:\/\/www.anovapeneira.gal\/index.php\/2025\/01\/24\/malgasto-e-falta-de-planificacion-na-reforma-do-campo-da-feira\/\" \/>\n<meta property=\"og:locale\" content=\"gl_ES\" \/>\n<meta property=\"og:type\" content=\"article\" \/>\n<meta property=\"og:title\" content=\"Malgasto e falta de planificaci\u00f3n na reforma do Campo da Feira -\" \/>\n<meta property=\"og:description\" content=\"As obras ao redor do Templete de Antonio Palacios foron un aut\u00e9ntico malgasto e mante\u00f1en problemas de accesibilidade nun espazo que se poder\u00eda ter convertido nunha grande zona verde para a vila [...]\" \/>\n<meta property=\"og:url\" content=\"https:\/\/www.anovapeneira.gal\/index.php\/2025\/01\/24\/malgasto-e-falta-de-planificacion-na-reforma-do-campo-da-feira\/\" \/>\n<meta property=\"article:publisher\" content=\"https:\/\/www.facebook.com\/anovapeneira\" \/>\n<meta property=\"article:published_time\" content=\"2025-01-24T09:00:03+00:00\" \/>\n<meta property=\"og:image\" content=\"https:\/\/www.anovapeneira.gal\/wp-content\/uploads\/2025\/01\/campo_feira.png\" \/>\n\t<meta property=\"og:image:width\" content=\"720\" \/>\n\t<meta property=\"og:image:height\" content=\"432\" \/>\n\t<meta property=\"og:image:type\" content=\"image\/png\" \/>\n<meta name=\"author\" content=\"Redacci\u00f3n A Nova Peneira\" \/>\n<meta name=\"twitter:card\" content=\"summary_large_image\" \/>\n<meta name=\"twitter:creator\" content=\"@APeneira\" \/>\n<meta name=\"twitter:site\" content=\"@APeneira\" \/>\n<meta name=\"twitter:label1\" content=\"Escrito por\" \/>\n\t<meta name=\"twitter:data1\" content=\"Redacci\u00f3n A Nova Peneira\" \/>\n\t<meta name=\"twitter:label2\" content=\"Tempo de lectura\" \/>\n\t<meta name=\"twitter:data2\" content=\"3 minutos\" \/>\n<script type=\"application\/ld+json\" class=\"yoast-schema-graph\">{\"@context\":\"https:\\\/\\\/schema.org\",\"@graph\":[{\"@type\":\"Article\",\"@id\":\"https:\\\/\\\/www.anovapeneira.gal\\\/index.php\\\/2025\\\/01\\\/24\\\/malgasto-e-falta-de-planificacion-na-reforma-do-campo-da-feira\\\/#article\",\"isPartOf\":{\"@id\":\"https:\\\/\\\/www.anovapeneira.gal\\\/index.php\\\/2025\\\/01\\\/24\\\/malgasto-e-falta-de-planificacion-na-reforma-do-campo-da-feira\\\/\"},\"author\":{\"name\":\"Redacci\u00f3n A Nova Peneira\",\"@id\":\"https:\\\/\\\/www.anovapeneira.gal\\\/#\\\/schema\\\/person\\\/b93e3f8932e3f8da96334607eb6ac6aa\"},\"headline\":\"Malgasto e falta de planificaci\u00f3n na reforma do Campo da Feira\",\"datePublished\":\"2025-01-24T09:00:03+00:00\",\"mainEntityOfPage\":{\"@id\":\"https:\\\/\\\/www.anovapeneira.gal\\\/index.php\\\/2025\\\/01\\\/24\\\/malgasto-e-falta-de-planificacion-na-reforma-do-campo-da-feira\\\/\"},\"wordCount\":404,\"commentCount\":0,\"publisher\":{\"@id\":\"https:\\\/\\\/www.anovapeneira.gal\\\/#organization\"},\"image\":{\"@id\":\"https:\\\/\\\/www.anovapeneira.gal\\\/index.php\\\/2025\\\/01\\\/24\\\/malgasto-e-falta-de-planificacion-na-reforma-do-campo-da-feira\\\/#primaryimage\"},\"thumbnailUrl\":\"https:\\\/\\\/www.anovapeneira.gal\\\/wp-content\\\/uploads\\\/2025\\\/01\\\/campo_feira.png\",\"keywords\":[\"Concello do Porri\u00f1o\"],\"articleSection\":[\"A Louri\u00f1a\",\"Sin categor\u00eda\"],\"inLanguage\":\"gl-ES\",\"potentialAction\":[{\"@type\":\"CommentAction\",\"name\":\"Comment\",\"target\":[\"https:\\\/\\\/www.anovapeneira.gal\\\/index.php\\\/2025\\\/01\\\/24\\\/malgasto-e-falta-de-planificacion-na-reforma-do-campo-da-feira\\\/#respond\"]}]},{\"@type\":\"WebPage\",\"@id\":\"https:\\\/\\\/www.anovapeneira.gal\\\/index.php\\\/2025\\\/01\\\/24\\\/malgasto-e-falta-de-planificacion-na-reforma-do-campo-da-feira\\\/\",\"url\":\"https:\\\/\\\/www.anovapeneira.gal\\\/index.php\\\/2025\\\/01\\\/24\\\/malgasto-e-falta-de-planificacion-na-reforma-do-campo-da-feira\\\/\",\"name\":\"Malgasto e falta de planificaci\u00f3n na reforma do Campo da Feira -\",\"isPartOf\":{\"@id\":\"https:\\\/\\\/www.anovapeneira.gal\\\/#website\"},\"primaryImageOfPage\":{\"@id\":\"https:\\\/\\\/www.anovapeneira.gal\\\/index.php\\\/2025\\\/01\\\/24\\\/malgasto-e-falta-de-planificacion-na-reforma-do-campo-da-feira\\\/#primaryimage\"},\"image\":{\"@id\":\"https:\\\/\\\/www.anovapeneira.gal\\\/index.php\\\/2025\\\/01\\\/24\\\/malgasto-e-falta-de-planificacion-na-reforma-do-campo-da-feira\\\/#primaryimage\"},\"thumbnailUrl\":\"https:\\\/\\\/www.anovapeneira.gal\\\/wp-content\\\/uploads\\\/2025\\\/01\\\/campo_feira.png\",\"datePublished\":\"2025-01-24T09:00:03+00:00\",\"breadcrumb\":{\"@id\":\"https:\\\/\\\/www.anovapeneira.gal\\\/index.php\\\/2025\\\/01\\\/24\\\/malgasto-e-falta-de-planificacion-na-reforma-do-campo-da-feira\\\/#breadcrumb\"},\"inLanguage\":\"gl-ES\",\"potentialAction\":[{\"@type\":\"ReadAction\",\"target\":[\"https:\\\/\\\/www.anovapeneira.gal\\\/index.php\\\/2025\\\/01\\\/24\\\/malgasto-e-falta-de-planificacion-na-reforma-do-campo-da-feira\\\/\"]}]},{\"@type\":\"ImageObject\",\"inLanguage\":\"gl-ES\",\"@id\":\"https:\\\/\\\/www.anovapeneira.gal\\\/index.php\\\/2025\\\/01\\\/24\\\/malgasto-e-falta-de-planificacion-na-reforma-do-campo-da-feira\\\/#primaryimage\",\"url\":\"https:\\\/\\\/www.anovapeneira.gal\\\/wp-content\\\/uploads\\\/2025\\\/01\\\/campo_feira.png\",\"contentUrl\":\"https:\\\/\\\/www.anovapeneira.gal\\\/wp-content\\\/uploads\\\/2025\\\/01\\\/campo_feira.png\",\"width\":720,\"height\":432,\"caption\":\"Malgasto e falta de planificaci\u00f3n na reforma do Campo da Feira\"},{\"@type\":\"BreadcrumbList\",\"@id\":\"https:\\\/\\\/www.anovapeneira.gal\\\/index.php\\\/2025\\\/01\\\/24\\\/malgasto-e-falta-de-planificacion-na-reforma-do-campo-da-feira\\\/#breadcrumb\",\"itemListElement\":[{\"@type\":\"ListItem\",\"position\":1,\"name\":\"Portada\",\"item\":\"https:\\\/\\\/www.anovapeneira.gal\\\/\"},{\"@type\":\"ListItem\",\"position\":2,\"name\":\"Malgasto e falta de planificaci\u00f3n na reforma do Campo da Feira\"}]},{\"@type\":\"WebSite\",\"@id\":\"https:\\\/\\\/www.anovapeneira.gal\\\/#website\",\"url\":\"https:\\\/\\\/www.anovapeneira.gal\\\/\",\"name\":\"\",\"description\":\"Xornal galego de informaci\u00f3n xeral Publicaci\u00f3n mensual de novas de Galicia e en especial dos Concellos da sur da provincia de Pontevedra.\",\"publisher\":{\"@id\":\"https:\\\/\\\/www.anovapeneira.gal\\\/#organization\"},\"potentialAction\":[{\"@type\":\"SearchAction\",\"target\":{\"@type\":\"EntryPoint\",\"urlTemplate\":\"https:\\\/\\\/www.anovapeneira.gal\\\/?s={search_term_string}\"},\"query-input\":{\"@type\":\"PropertyValueSpecification\",\"valueRequired\":true,\"valueName\":\"search_term_string\"}}],\"inLanguage\":\"gl-ES\"},{\"@type\":\"Organization\",\"@id\":\"https:\\\/\\\/www.anovapeneira.gal\\\/#organization\",\"name\":\"A Nova Peneira\",\"url\":\"https:\\\/\\\/www.anovapeneira.gal\\\/\",\"logo\":{\"@type\":\"ImageObject\",\"inLanguage\":\"gl-ES\",\"@id\":\"https:\\\/\\\/www.anovapeneira.gal\\\/#\\\/schema\\\/logo\\\/image\\\/\",\"url\":\"http:\\\/\\\/www.anovapeneira.gal\\\/wp-content\\\/uploads\\\/2019\\\/06\\\/logo_a_nova_peneira_portal_web.png\",\"contentUrl\":\"http:\\\/\\\/www.anovapeneira.gal\\\/wp-content\\\/uploads\\\/2019\\\/06\\\/logo_a_nova_peneira_portal_web.png\",\"width\":300,\"height\":100,\"caption\":\"A Nova Peneira\"},\"image\":{\"@id\":\"https:\\\/\\\/www.anovapeneira.gal\\\/#\\\/schema\\\/logo\\\/image\\\/\"},\"sameAs\":[\"https:\\\/\\\/www.facebook.com\\\/anovapeneira\",\"https:\\\/\\\/x.com\\\/APeneira\"]},{\"@type\":\"Person\",\"@id\":\"https:\\\/\\\/www.anovapeneira.gal\\\/#\\\/schema\\\/person\\\/b93e3f8932e3f8da96334607eb6ac6aa\",\"name\":\"Redacci\u00f3n A Nova Peneira\",\"image\":{\"@type\":\"ImageObject\",\"inLanguage\":\"gl-ES\",\"@id\":\"https:\\\/\\\/secure.gravatar.com\\\/avatar\\\/c052a2551a06e23fac63626232eaa90abd78dbcf1700fc46a2b2c89fd27b735f?s=96&d=mm&r=g\",\"url\":\"https:\\\/\\\/secure.gravatar.com\\\/avatar\\\/c052a2551a06e23fac63626232eaa90abd78dbcf1700fc46a2b2c89fd27b735f?s=96&d=mm&r=g\",\"contentUrl\":\"https:\\\/\\\/secure.gravatar.com\\\/avatar\\\/c052a2551a06e23fac63626232eaa90abd78dbcf1700fc46a2b2c89fd27b735f?s=96&d=mm&r=g\",\"caption\":\"Redacci\u00f3n A Nova Peneira\"},\"sameAs\":[\"http:\\\/\\\/www.anovapeneira.gal\\\/\"],\"url\":\"https:\\\/\\\/www.anovapeneira.gal\\\/index.php\\\/author\\\/redactor\\\/\"}]}<\/script>\n<!-- \/ Yoast SEO plugin. -->","yoast_head_json":{"title":"Malgasto e falta de planificaci\u00f3n na reforma do Campo da Feira -","robots":{"index":"index","follow":"follow","max-snippet":"max-snippet:-1","max-image-preview":"max-image-preview:large","max-video-preview":"max-video-preview:-1"},"canonical":"https:\/\/www.anovapeneira.gal\/index.php\/2025\/01\/24\/malgasto-e-falta-de-planificacion-na-reforma-do-campo-da-feira\/","og_locale":"gl_ES","og_type":"article","og_title":"Malgasto e falta de planificaci\u00f3n na reforma do Campo da Feira -","og_description":"As obras ao redor do Templete de Antonio Palacios foron un aut\u00e9ntico malgasto e mante\u00f1en problemas de accesibilidade nun espazo que se poder\u00eda ter convertido nunha grande zona verde para a vila [...]","og_url":"https:\/\/www.anovapeneira.gal\/index.php\/2025\/01\/24\/malgasto-e-falta-de-planificacion-na-reforma-do-campo-da-feira\/","article_publisher":"https:\/\/www.facebook.com\/anovapeneira","article_published_time":"2025-01-24T09:00:03+00:00","og_image":[{"width":720,"height":432,"url":"https:\/\/www.anovapeneira.gal\/wp-content\/uploads\/2025\/01\/campo_feira.png","type":"image\/png"}],"author":"Redacci\u00f3n A Nova Peneira","twitter_card":"summary_large_image","twitter_creator":"@APeneira","twitter_site":"@APeneira","twitter_misc":{"Escrito por":"Redacci\u00f3n A Nova Peneira","Tempo de lectura":"3 minutos"},"schema":{"@context":"https:\/\/schema.org","@graph":[{"@type":"Article","@id":"https:\/\/www.anovapeneira.gal\/index.php\/2025\/01\/24\/malgasto-e-falta-de-planificacion-na-reforma-do-campo-da-feira\/#article","isPartOf":{"@id":"https:\/\/www.anovapeneira.gal\/index.php\/2025\/01\/24\/malgasto-e-falta-de-planificacion-na-reforma-do-campo-da-feira\/"},"author":{"name":"Redacci\u00f3n A Nova Peneira","@id":"https:\/\/www.anovapeneira.gal\/#\/schema\/person\/b93e3f8932e3f8da96334607eb6ac6aa"},"headline":"Malgasto e falta de planificaci\u00f3n na reforma do Campo da Feira","datePublished":"2025-01-24T09:00:03+00:00","mainEntityOfPage":{"@id":"https:\/\/www.anovapeneira.gal\/index.php\/2025\/01\/24\/malgasto-e-falta-de-planificacion-na-reforma-do-campo-da-feira\/"},"wordCount":404,"commentCount":0,"publisher":{"@id":"https:\/\/www.anovapeneira.gal\/#organization"},"image":{"@id":"https:\/\/www.anovapeneira.gal\/index.php\/2025\/01\/24\/malgasto-e-falta-de-planificacion-na-reforma-do-campo-da-feira\/#primaryimage"},"thumbnailUrl":"https:\/\/www.anovapeneira.gal\/wp-content\/uploads\/2025\/01\/campo_feira.png","keywords":["Concello do Porri\u00f1o"],"articleSection":["A Louri\u00f1a","Sin categor\u00eda"],"inLanguage":"gl-ES","potentialAction":[{"@type":"CommentAction","name":"Comment","target":["https:\/\/www.anovapeneira.gal\/index.php\/2025\/01\/24\/malgasto-e-falta-de-planificacion-na-reforma-do-campo-da-feira\/#respond"]}]},{"@type":"WebPage","@id":"https:\/\/www.anovapeneira.gal\/index.php\/2025\/01\/24\/malgasto-e-falta-de-planificacion-na-reforma-do-campo-da-feira\/","url":"https:\/\/www.anovapeneira.gal\/index.php\/2025\/01\/24\/malgasto-e-falta-de-planificacion-na-reforma-do-campo-da-feira\/","name":"Malgasto e falta de planificaci\u00f3n na reforma do Campo da Feira -","isPartOf":{"@id":"https:\/\/www.anovapeneira.gal\/#website"},"primaryImageOfPage":{"@id":"https:\/\/www.anovapeneira.gal\/index.php\/2025\/01\/24\/malgasto-e-falta-de-planificacion-na-reforma-do-campo-da-feira\/#primaryimage"},"image":{"@id":"https:\/\/www.anovapeneira.gal\/index.php\/2025\/01\/24\/malgasto-e-falta-de-planificacion-na-reforma-do-campo-da-feira\/#primaryimage"},"thumbnailUrl":"https:\/\/www.anovapeneira.gal\/wp-content\/uploads\/2025\/01\/campo_feira.png","datePublished":"2025-01-24T09:00:03+00:00","breadcrumb":{"@id":"https:\/\/www.anovapeneira.gal\/index.php\/2025\/01\/24\/malgasto-e-falta-de-planificacion-na-reforma-do-campo-da-feira\/#breadcrumb"},"inLanguage":"gl-ES","potentialAction":[{"@type":"ReadAction","target":["https:\/\/www.anovapeneira.gal\/index.php\/2025\/01\/24\/malgasto-e-falta-de-planificacion-na-reforma-do-campo-da-feira\/"]}]},{"@type":"ImageObject","inLanguage":"gl-ES","@id":"https:\/\/www.anovapeneira.gal\/index.php\/2025\/01\/24\/malgasto-e-falta-de-planificacion-na-reforma-do-campo-da-feira\/#primaryimage","url":"https:\/\/www.anovapeneira.gal\/wp-content\/uploads\/2025\/01\/campo_feira.png","contentUrl":"https:\/\/www.anovapeneira.gal\/wp-content\/uploads\/2025\/01\/campo_feira.png","width":720,"height":432,"caption":"Malgasto e falta de planificaci\u00f3n na reforma do Campo da Feira"},{"@type":"BreadcrumbList","@id":"https:\/\/www.anovapeneira.gal\/index.php\/2025\/01\/24\/malgasto-e-falta-de-planificacion-na-reforma-do-campo-da-feira\/#breadcrumb","itemListElement":[{"@type":"ListItem","position":1,"name":"Portada","item":"https:\/\/www.anovapeneira.gal\/"},{"@type":"ListItem","position":2,"name":"Malgasto e falta de planificaci\u00f3n na reforma do Campo da Feira"}]},{"@type":"WebSite","@id":"https:\/\/www.anovapeneira.gal\/#website","url":"https:\/\/www.anovapeneira.gal\/","name":"","description":"Xornal galego de informaci\u00f3n xeral Publicaci\u00f3n mensual de novas de Galicia e en especial dos Concellos da sur da provincia de Pontevedra.","publisher":{"@id":"https:\/\/www.anovapeneira.gal\/#organization"},"potentialAction":[{"@type":"SearchAction","target":{"@type":"EntryPoint","urlTemplate":"https:\/\/www.anovapeneira.gal\/?s={search_term_string}"},"query-input":{"@type":"PropertyValueSpecification","valueRequired":true,"valueName":"search_term_string"}}],"inLanguage":"gl-ES"},{"@type":"Organization","@id":"https:\/\/www.anovapeneira.gal\/#organization","name":"A Nova Peneira","url":"https:\/\/www.anovapeneira.gal\/","logo":{"@type":"ImageObject","inLanguage":"gl-ES","@id":"https:\/\/www.anovapeneira.gal\/#\/schema\/logo\/image\/","url":"http:\/\/www.anovapeneira.gal\/wp-content\/uploads\/2019\/06\/logo_a_nova_peneira_portal_web.png","contentUrl":"http:\/\/www.anovapeneira.gal\/wp-content\/uploads\/2019\/06\/logo_a_nova_peneira_portal_web.png","width":300,"height":100,"caption":"A Nova Peneira"},"image":{"@id":"https:\/\/www.anovapeneira.gal\/#\/schema\/logo\/image\/"},"sameAs":["https:\/\/www.facebook.com\/anovapeneira","https:\/\/x.com\/APeneira"]},{"@type":"Person","@id":"https:\/\/www.anovapeneira.gal\/#\/schema\/person\/b93e3f8932e3f8da96334607eb6ac6aa","name":"Redacci\u00f3n A Nova Peneira","image":{"@type":"ImageObject","inLanguage":"gl-ES","@id":"https:\/\/secure.gravatar.com\/avatar\/c052a2551a06e23fac63626232eaa90abd78dbcf1700fc46a2b2c89fd27b735f?s=96&d=mm&r=g","url":"https:\/\/secure.gravatar.com\/avatar\/c052a2551a06e23fac63626232eaa90abd78dbcf1700fc46a2b2c89fd27b735f?s=96&d=mm&r=g","contentUrl":"https:\/\/secure.gravatar.com\/avatar\/c052a2551a06e23fac63626232eaa90abd78dbcf1700fc46a2b2c89fd27b735f?s=96&d=mm&r=g","caption":"Redacci\u00f3n A Nova Peneira"},"sameAs":["http:\/\/www.anovapeneira.gal\/"],"url":"https:\/\/www.anovapeneira.gal\/index.php\/author\/redactor\/"}]}},"jetpack_featured_media_url":"https:\/\/www.anovapeneira.gal\/wp-content\/uploads\/2025\/01\/campo_feira.png","_links":{"self":[{"href":"https:\/\/www.anovapeneira.gal\/index.php\/wp-json\/wp\/v2\/posts\/13160","targetHints":{"allow":["GET"]}}],"collection":[{"href":"https:\/\/www.anovapeneira.gal\/index.php\/wp-json\/wp\/v2\/posts"}],"about":[{"href":"https:\/\/www.anovapeneira.gal\/index.php\/wp-json\/wp\/v2\/types\/post"}],"author":[{"embeddable":true,"href":"https:\/\/www.anovapeneira.gal\/index.php\/wp-json\/wp\/v2\/users\/3"}],"replies":[{"embeddable":true,"href":"https:\/\/www.anovapeneira.gal\/index.php\/wp-json\/wp\/v2\/comments?post=13160"}],"version-history":[{"count":2,"href":"https:\/\/www.anovapeneira.gal\/index.php\/wp-json\/wp\/v2\/posts\/13160\/revisions"}],"predecessor-version":[{"id":13163,"href":"https:\/\/www.anovapeneira.gal\/index.php\/wp-json\/wp\/v2\/posts\/13160\/revisions\/13163"}],"wp:featuredmedia":[{"embeddable":true,"href":"https:\/\/www.anovapeneira.gal\/index.php\/wp-json\/wp\/v2\/media\/13161"}],"wp:attachment":[{"href":"https:\/\/www.anovapeneira.gal\/index.php\/wp-json\/wp\/v2\/media?parent=13160"}],"wp:term":[{"taxonomy":"category","embeddable":true,"href":"https:\/\/www.anovapeneira.gal\/index.php\/wp-json\/wp\/v2\/categories?post=13160"},{"taxonomy":"post_tag","embeddable":true,"href":"https:\/\/www.anovapeneira.gal\/index.php\/wp-json\/wp\/v2\/tags?post=13160"}],"curies":[{"name":"wp","href":"https:\/\/api.w.org\/{rel}","templated":true}]}}