{"id":13167,"date":"2025-01-27T10:00:45","date_gmt":"2025-01-27T09:00:45","guid":{"rendered":"https:\/\/www.anovapeneira.gal\/?p=13167"},"modified":"2025-01-22T10:59:12","modified_gmt":"2025-01-22T09:59:12","slug":"malos-tempos-para-a-lirica-e-os-sonos","status":"publish","type":"post","link":"https:\/\/www.anovapeneira.gal\/index.php\/2025\/01\/27\/malos-tempos-para-a-lirica-e-os-sonos\/","title":{"rendered":"Malos tempos para a L\u00edrica e os so\u00f1os"},"content":{"rendered":"\n<figure class=\"wp-block-image size-full is-resized\"><img loading=\"lazy\" decoding=\"async\" width=\"190\" height=\"222\" src=\"https:\/\/www.anovapeneira.gal\/wp-content\/uploads\/2019\/07\/Baldomero_Iglesias_Dobarrio_Mero.jpg\" alt=\"Baldomero Iglesias Dobarrio Mero artigos de opini\u00f3n A Nova Peneira\" class=\"wp-image-482\" style=\"width:110px;height:auto\"\/><figcaption class=\"wp-element-caption\">Baldomero Iglesias Dobarrio, Mero<\/figcaption><\/figure>\n\n\n\n<p>Din que os so\u00f1os chegan a cumprirse, que aquelas utop\u00edas polas que loitamos son capaces de sorprendernos. Mais, nos tempos que corren, toda a xente mira ao lonxe con preocupaci\u00f3n porque sen mirar os desastres naturais, cada vez m\u00e1is frecuentes, sen mirar as guerras e pandemias,<\/p>\n\n\n\n<p>as fames, os exilios e migraci\u00f3ns que no mundo se dan, estamos preocupados por como anda o mundo, como vai este territorio de trampas e mentiras. Fix\u00e1ndonos ben, estamos rodeados de amezas e falsidade en todo canto a arrodea.<\/p>\n\n\n\n<p>Si, \u00e9 un lamacento cami\u00f1o de descr\u00e9dito e perversi\u00f3n. No medio do ru\u00eddo estramb\u00f3tico da internet e as redes \u201csociais\u201d, que dan voz \u00e1 xente procaz e creadora fundamentalmente de trolas. Ademais, cargan contra calquera persoa, antes de saber dela e sen motivo, faltos de informaci\u00f3n veraz en contra dos profesionais que se someten a control e dan probas da veracidade do que escriben con datos ou probatorias documentaci\u00f3ns. Ben se sabe, a informaci\u00f3n non \u00e9 a verdade, e a informaci\u00f3n haina a moreas.<\/p>\n\n\n\n<p>A xente que mente, reparte culpas e fai socios en propio beneficio. Espalla o artificio e busca cantantes que tam\u00e9n coreen, conscientemente, esa alburgada. A maldade goza de prestixio e a xente<\/p>\n\n\n\n<p>maltratadora chega a acadar fama e renome, respecto ou medo. \u00c9 tan doado mentir que sae moi barato iso de afundir a algu\u00e9n &nbsp;arm\u00e1ndose de insidias e premiados de likes. Tal foi o modo e a persistencia das mentiras que moitos, xa por aburrimento, acabaron crendo, consentindo, o que lles dic\u00edan, tom\u00e1ndoo como escudo e protecci\u00f3n das s\u00faas d\u00fabidas. Mentres isto sucede quedamos sen dereito de r\u00e9plica cantos poidamos resultar ofendidos e estar lonxe dese xeito de vida no medio<\/p>\n\n\n\n<p>dos insultos. Isto tam\u00e9n sucede nas instancias p\u00fablicas e nos \u201csaraos\u201d de parlamentos varios. \u00c9 unha vergo\u00f1a porque se eleva o ton en forma de exemplo, forma indecente, noxenta e manifesta. N\u00f3taselles desde o mesmo momento de pronunciar as verbas, no mesmo principio da elaboraci\u00f3n da ofensa, nesa impostura que agacha falsos movementos incertos que por dentro renxen e protestan. &nbsp;Debera haber un darse conta persoal onde se barallasen pousos que deixamos ao falar, mentindo. Ser\u00edan acenos e o mesmo ton empregado cando non acada a decisi\u00f3n necesaria e concilia animadversi\u00f3n e dificultade crediticia. Quen rouba a verdade ou resposta insultando, oculta a atenci\u00f3n e despois desbarata feitos, por medio de r\u00e9plicas sen control e, o que \u00e9 peor, sen probas.<\/p>\n\n\n\n<p>Chegados a\u00ed, con iso triunfan. Era o que pretend\u00edan, romper acordos. \u00c9 notorio e non deixan de facelo e de ofender. Son moitos e a todas as escadas, as de arriba e os de abaixo, nos grandes empresarios e nas pequenas empresas, entre as mulleres grandes e os homes mi\u00fados. O peor \u00e9 que a mentira queda pendurada no medio de tanta xente odiadora, polo menos da verdade, lonxe da norma que debe prevalecer e que xa foi destitu\u00edda. Mais a\u00ednda hai algo peor, e \u00e9 que a mentira hoxe queda impune, impunidade de quen a verteu e non a rectifica, fac\u00e9ndose \u201cinfluenciador\u201d de masas. A correcci\u00f3n e rectificaci\u00f3n xa non existe, acabouse.<\/p>\n\n\n\n<p>Calquera pode dicir o que lle ve\u00f1a ao acordo ou inventar. Iso, inventar un novo bulo como fan tanta xente, &nbsp;interventora de vontades vulnerables. Difunden para causar danos, para o acoso e derribo de xente que moitas veces nin sequera co\u00f1ecen. O seu so\u00f1o \u00e9 mentir e canto m\u00e1is mellor, e canto mellor m\u00e1is enlaces, pasta para o peto. Ningu\u00e9n preserva a dignidade, xogan sucio para estenderse e facer mal.<\/p>\n\n\n\n<p>Fanse poderosos e acadan moitos cartos, menten ent\u00f3n de forma masiva. E c\u00f3menlle o coco \u00e1 xente, xogan coas s\u00faas vontades chegando a manexar os seus votos e as s\u00faas vidas. Hai moita xente xa desposu\u00edda de vontade, que se deixan levar de calquera dos que multiplican iras desestabilizadoras, causantes do mal.<\/p>\n\n\n\n<p>A informaci\u00f3n deixou de estar en mans de persoas m\u00e1is ou menos formadas, preparadas ou sometidas a normas deontol\u00f3xicas, lexislaci\u00f3ns que poidan limitar o abuso. Non, agora a informaci\u00f3n v\u00e9n de persoas impunes \u00e1s que debera perseguir a lei e castigar por roubarnos a verdade. Algunhas delas ag\u00e1chanse no anonimato e non se axustan ao debido.<\/p>\n\n\n\n<p>Por iso esta sociedade est\u00e1 perdendo tam\u00e9n sorrisos, tendendo ao escuro pincel dos grises e no caos mental. Estamos nesa \u00e9poca desconfiada, pobre e ru\u00edn, dependente dos emporios dese caos, onde mandan os que poden facer tanto dano e fano. C\u00f3mpre xente que non engane e respecte aos adversarios. C\u00f3mpre volver \u00e1 integridade que tanto se bota en falta. &nbsp;De momento son malos tempos para a L\u00edrica e para a xente que a\u00ednda so\u00f1amos e damos valor \u00e1 limpa palabra.<\/p>\n","protected":false},"excerpt":{"rendered":"<div class=\"mh-excerpt\"><p>Din que os so\u00f1os chegan a cumprirse, que aquelas utop\u00edas polas que loitamos son capaces de sorprendernos <a class=\"mh-excerpt-more\" href=\"https:\/\/www.anovapeneira.gal\/index.php\/2025\/01\/27\/malos-tempos-para-a-lirica-e-os-sonos\/\" title=\"Malos tempos para a L\u00edrica e os so\u00f1os\">[&#8230;]<\/a><\/p>\n<\/div>","protected":false},"author":5,"featured_media":584,"comment_status":"open","ping_status":"open","sticky":false,"template":"","format":"standard","meta":{"_exactmetrics_skip_tracking":false,"_exactmetrics_sitenote_active":false,"_exactmetrics_sitenote_note":"","_exactmetrics_sitenote_category":0,"footnotes":""},"categories":[7],"tags":[],"class_list":{"0":"post-13167","1":"post","2":"type-post","3":"status-publish","4":"format-standard","5":"has-post-thumbnail","7":"category-artigos-de-opinion"},"yoast_head":"<!-- This site is optimized with the Yoast SEO plugin v27.5 - https:\/\/yoast.com\/product\/yoast-seo-wordpress\/ -->\n<title>Malos tempos para a L\u00edrica e os so\u00f1os -<\/title>\n<meta name=\"robots\" content=\"index, follow, max-snippet:-1, max-image-preview:large, max-video-preview:-1\" \/>\n<link rel=\"canonical\" href=\"https:\/\/www.anovapeneira.gal\/index.php\/2025\/01\/27\/malos-tempos-para-a-lirica-e-os-sonos\/\" \/>\n<meta property=\"og:locale\" content=\"gl_ES\" \/>\n<meta property=\"og:type\" content=\"article\" \/>\n<meta property=\"og:title\" content=\"Malos tempos para a L\u00edrica e os so\u00f1os -\" \/>\n<meta property=\"og:description\" content=\"Din que os so\u00f1os chegan a cumprirse, que aquelas utop\u00edas polas que loitamos son capaces de sorprendernos [...]\" \/>\n<meta property=\"og:url\" content=\"https:\/\/www.anovapeneira.gal\/index.php\/2025\/01\/27\/malos-tempos-para-a-lirica-e-os-sonos\/\" \/>\n<meta property=\"article:publisher\" content=\"https:\/\/www.facebook.com\/anovapeneira\" \/>\n<meta property=\"article:published_time\" content=\"2025-01-27T09:00:45+00:00\" \/>\n<meta property=\"og:image\" content=\"https:\/\/www.anovapeneira.gal\/wp-content\/uploads\/2019\/07\/ARTIGO_DE_OPINION_A_NOVA_PENEIRA.jpg\" \/>\n\t<meta property=\"og:image:width\" content=\"720\" \/>\n\t<meta property=\"og:image:height\" content=\"473\" \/>\n\t<meta property=\"og:image:type\" content=\"image\/jpeg\" \/>\n<meta name=\"author\" content=\"Baldomero Iglesias Dobarrio, Mero\" \/>\n<meta name=\"twitter:card\" content=\"summary_large_image\" \/>\n<meta name=\"twitter:creator\" content=\"@APeneira\" \/>\n<meta name=\"twitter:site\" content=\"@APeneira\" \/>\n<meta name=\"twitter:label1\" content=\"Escrito por\" \/>\n\t<meta name=\"twitter:data1\" content=\"Baldomero Iglesias Dobarrio, Mero\" \/>\n\t<meta name=\"twitter:label2\" content=\"Tempo de lectura\" \/>\n\t<meta name=\"twitter:data2\" content=\"5 minutos\" \/>\n<script type=\"application\/ld+json\" class=\"yoast-schema-graph\">{\"@context\":\"https:\\\/\\\/schema.org\",\"@graph\":[{\"@type\":\"Article\",\"@id\":\"https:\\\/\\\/www.anovapeneira.gal\\\/index.php\\\/2025\\\/01\\\/27\\\/malos-tempos-para-a-lirica-e-os-sonos\\\/#article\",\"isPartOf\":{\"@id\":\"https:\\\/\\\/www.anovapeneira.gal\\\/index.php\\\/2025\\\/01\\\/27\\\/malos-tempos-para-a-lirica-e-os-sonos\\\/\"},\"author\":{\"name\":\"Baldomero Iglesias Dobarrio, Mero\",\"@id\":\"https:\\\/\\\/www.anovapeneira.gal\\\/#\\\/schema\\\/person\\\/b051ed40cfc100e281476674783b32fc\"},\"headline\":\"Malos tempos para a L\u00edrica e os so\u00f1os\",\"datePublished\":\"2025-01-27T09:00:45+00:00\",\"mainEntityOfPage\":{\"@id\":\"https:\\\/\\\/www.anovapeneira.gal\\\/index.php\\\/2025\\\/01\\\/27\\\/malos-tempos-para-a-lirica-e-os-sonos\\\/\"},\"wordCount\":844,\"commentCount\":0,\"publisher\":{\"@id\":\"https:\\\/\\\/www.anovapeneira.gal\\\/#organization\"},\"image\":{\"@id\":\"https:\\\/\\\/www.anovapeneira.gal\\\/index.php\\\/2025\\\/01\\\/27\\\/malos-tempos-para-a-lirica-e-os-sonos\\\/#primaryimage\"},\"thumbnailUrl\":\"https:\\\/\\\/www.anovapeneira.gal\\\/wp-content\\\/uploads\\\/2019\\\/07\\\/ARTIGO_DE_OPINION_A_NOVA_PENEIRA.jpg\",\"articleSection\":[\"Artigos de opini\u00f3n\"],\"inLanguage\":\"gl-ES\",\"potentialAction\":[{\"@type\":\"CommentAction\",\"name\":\"Comment\",\"target\":[\"https:\\\/\\\/www.anovapeneira.gal\\\/index.php\\\/2025\\\/01\\\/27\\\/malos-tempos-para-a-lirica-e-os-sonos\\\/#respond\"]}]},{\"@type\":\"WebPage\",\"@id\":\"https:\\\/\\\/www.anovapeneira.gal\\\/index.php\\\/2025\\\/01\\\/27\\\/malos-tempos-para-a-lirica-e-os-sonos\\\/\",\"url\":\"https:\\\/\\\/www.anovapeneira.gal\\\/index.php\\\/2025\\\/01\\\/27\\\/malos-tempos-para-a-lirica-e-os-sonos\\\/\",\"name\":\"Malos tempos para a L\u00edrica e os so\u00f1os -\",\"isPartOf\":{\"@id\":\"https:\\\/\\\/www.anovapeneira.gal\\\/#website\"},\"primaryImageOfPage\":{\"@id\":\"https:\\\/\\\/www.anovapeneira.gal\\\/index.php\\\/2025\\\/01\\\/27\\\/malos-tempos-para-a-lirica-e-os-sonos\\\/#primaryimage\"},\"image\":{\"@id\":\"https:\\\/\\\/www.anovapeneira.gal\\\/index.php\\\/2025\\\/01\\\/27\\\/malos-tempos-para-a-lirica-e-os-sonos\\\/#primaryimage\"},\"thumbnailUrl\":\"https:\\\/\\\/www.anovapeneira.gal\\\/wp-content\\\/uploads\\\/2019\\\/07\\\/ARTIGO_DE_OPINION_A_NOVA_PENEIRA.jpg\",\"datePublished\":\"2025-01-27T09:00:45+00:00\",\"breadcrumb\":{\"@id\":\"https:\\\/\\\/www.anovapeneira.gal\\\/index.php\\\/2025\\\/01\\\/27\\\/malos-tempos-para-a-lirica-e-os-sonos\\\/#breadcrumb\"},\"inLanguage\":\"gl-ES\",\"potentialAction\":[{\"@type\":\"ReadAction\",\"target\":[\"https:\\\/\\\/www.anovapeneira.gal\\\/index.php\\\/2025\\\/01\\\/27\\\/malos-tempos-para-a-lirica-e-os-sonos\\\/\"]}]},{\"@type\":\"ImageObject\",\"inLanguage\":\"gl-ES\",\"@id\":\"https:\\\/\\\/www.anovapeneira.gal\\\/index.php\\\/2025\\\/01\\\/27\\\/malos-tempos-para-a-lirica-e-os-sonos\\\/#primaryimage\",\"url\":\"https:\\\/\\\/www.anovapeneira.gal\\\/wp-content\\\/uploads\\\/2019\\\/07\\\/ARTIGO_DE_OPINION_A_NOVA_PENEIRA.jpg\",\"contentUrl\":\"https:\\\/\\\/www.anovapeneira.gal\\\/wp-content\\\/uploads\\\/2019\\\/07\\\/ARTIGO_DE_OPINION_A_NOVA_PENEIRA.jpg\",\"width\":720,\"height\":473,\"caption\":\"Artigo de opini\u00f3n A Nova Peneira\"},{\"@type\":\"BreadcrumbList\",\"@id\":\"https:\\\/\\\/www.anovapeneira.gal\\\/index.php\\\/2025\\\/01\\\/27\\\/malos-tempos-para-a-lirica-e-os-sonos\\\/#breadcrumb\",\"itemListElement\":[{\"@type\":\"ListItem\",\"position\":1,\"name\":\"Portada\",\"item\":\"https:\\\/\\\/www.anovapeneira.gal\\\/\"},{\"@type\":\"ListItem\",\"position\":2,\"name\":\"Malos tempos para a L\u00edrica e os so\u00f1os\"}]},{\"@type\":\"WebSite\",\"@id\":\"https:\\\/\\\/www.anovapeneira.gal\\\/#website\",\"url\":\"https:\\\/\\\/www.anovapeneira.gal\\\/\",\"name\":\"\",\"description\":\"Xornal galego de informaci\u00f3n xeral Publicaci\u00f3n mensual de novas de Galicia e en especial dos Concellos da sur da provincia de Pontevedra.\",\"publisher\":{\"@id\":\"https:\\\/\\\/www.anovapeneira.gal\\\/#organization\"},\"potentialAction\":[{\"@type\":\"SearchAction\",\"target\":{\"@type\":\"EntryPoint\",\"urlTemplate\":\"https:\\\/\\\/www.anovapeneira.gal\\\/?s={search_term_string}\"},\"query-input\":{\"@type\":\"PropertyValueSpecification\",\"valueRequired\":true,\"valueName\":\"search_term_string\"}}],\"inLanguage\":\"gl-ES\"},{\"@type\":\"Organization\",\"@id\":\"https:\\\/\\\/www.anovapeneira.gal\\\/#organization\",\"name\":\"A Nova Peneira\",\"url\":\"https:\\\/\\\/www.anovapeneira.gal\\\/\",\"logo\":{\"@type\":\"ImageObject\",\"inLanguage\":\"gl-ES\",\"@id\":\"https:\\\/\\\/www.anovapeneira.gal\\\/#\\\/schema\\\/logo\\\/image\\\/\",\"url\":\"http:\\\/\\\/www.anovapeneira.gal\\\/wp-content\\\/uploads\\\/2019\\\/06\\\/logo_a_nova_peneira_portal_web.png\",\"contentUrl\":\"http:\\\/\\\/www.anovapeneira.gal\\\/wp-content\\\/uploads\\\/2019\\\/06\\\/logo_a_nova_peneira_portal_web.png\",\"width\":300,\"height\":100,\"caption\":\"A Nova Peneira\"},\"image\":{\"@id\":\"https:\\\/\\\/www.anovapeneira.gal\\\/#\\\/schema\\\/logo\\\/image\\\/\"},\"sameAs\":[\"https:\\\/\\\/www.facebook.com\\\/anovapeneira\",\"https:\\\/\\\/x.com\\\/APeneira\"]},{\"@type\":\"Person\",\"@id\":\"https:\\\/\\\/www.anovapeneira.gal\\\/#\\\/schema\\\/person\\\/b051ed40cfc100e281476674783b32fc\",\"name\":\"Baldomero Iglesias Dobarrio, Mero\",\"image\":{\"@type\":\"ImageObject\",\"inLanguage\":\"gl-ES\",\"@id\":\"https:\\\/\\\/secure.gravatar.com\\\/avatar\\\/ca78fc089f8cf28197f88de2c9ac213e2f7d2097d8e359d9359b8778b539c59d?s=96&d=mm&r=g\",\"url\":\"https:\\\/\\\/secure.gravatar.com\\\/avatar\\\/ca78fc089f8cf28197f88de2c9ac213e2f7d2097d8e359d9359b8778b539c59d?s=96&d=mm&r=g\",\"contentUrl\":\"https:\\\/\\\/secure.gravatar.com\\\/avatar\\\/ca78fc089f8cf28197f88de2c9ac213e2f7d2097d8e359d9359b8778b539c59d?s=96&d=mm&r=g\",\"caption\":\"Baldomero Iglesias Dobarrio, Mero\"},\"sameAs\":[\"http:\\\/\\\/anovapeneira.gal\"],\"url\":\"https:\\\/\\\/www.anovapeneira.gal\\\/index.php\\\/author\\\/opinionmero\\\/\"}]}<\/script>\n<!-- \/ Yoast SEO plugin. -->","yoast_head_json":{"title":"Malos tempos para a L\u00edrica e os so\u00f1os -","robots":{"index":"index","follow":"follow","max-snippet":"max-snippet:-1","max-image-preview":"max-image-preview:large","max-video-preview":"max-video-preview:-1"},"canonical":"https:\/\/www.anovapeneira.gal\/index.php\/2025\/01\/27\/malos-tempos-para-a-lirica-e-os-sonos\/","og_locale":"gl_ES","og_type":"article","og_title":"Malos tempos para a L\u00edrica e os so\u00f1os -","og_description":"Din que os so\u00f1os chegan a cumprirse, que aquelas utop\u00edas polas que loitamos son capaces de sorprendernos [...]","og_url":"https:\/\/www.anovapeneira.gal\/index.php\/2025\/01\/27\/malos-tempos-para-a-lirica-e-os-sonos\/","article_publisher":"https:\/\/www.facebook.com\/anovapeneira","article_published_time":"2025-01-27T09:00:45+00:00","og_image":[{"width":720,"height":473,"url":"https:\/\/www.anovapeneira.gal\/wp-content\/uploads\/2019\/07\/ARTIGO_DE_OPINION_A_NOVA_PENEIRA.jpg","type":"image\/jpeg"}],"author":"Baldomero Iglesias Dobarrio, Mero","twitter_card":"summary_large_image","twitter_creator":"@APeneira","twitter_site":"@APeneira","twitter_misc":{"Escrito por":"Baldomero Iglesias Dobarrio, Mero","Tempo de lectura":"5 minutos"},"schema":{"@context":"https:\/\/schema.org","@graph":[{"@type":"Article","@id":"https:\/\/www.anovapeneira.gal\/index.php\/2025\/01\/27\/malos-tempos-para-a-lirica-e-os-sonos\/#article","isPartOf":{"@id":"https:\/\/www.anovapeneira.gal\/index.php\/2025\/01\/27\/malos-tempos-para-a-lirica-e-os-sonos\/"},"author":{"name":"Baldomero Iglesias Dobarrio, Mero","@id":"https:\/\/www.anovapeneira.gal\/#\/schema\/person\/b051ed40cfc100e281476674783b32fc"},"headline":"Malos tempos para a L\u00edrica e os so\u00f1os","datePublished":"2025-01-27T09:00:45+00:00","mainEntityOfPage":{"@id":"https:\/\/www.anovapeneira.gal\/index.php\/2025\/01\/27\/malos-tempos-para-a-lirica-e-os-sonos\/"},"wordCount":844,"commentCount":0,"publisher":{"@id":"https:\/\/www.anovapeneira.gal\/#organization"},"image":{"@id":"https:\/\/www.anovapeneira.gal\/index.php\/2025\/01\/27\/malos-tempos-para-a-lirica-e-os-sonos\/#primaryimage"},"thumbnailUrl":"https:\/\/www.anovapeneira.gal\/wp-content\/uploads\/2019\/07\/ARTIGO_DE_OPINION_A_NOVA_PENEIRA.jpg","articleSection":["Artigos de opini\u00f3n"],"inLanguage":"gl-ES","potentialAction":[{"@type":"CommentAction","name":"Comment","target":["https:\/\/www.anovapeneira.gal\/index.php\/2025\/01\/27\/malos-tempos-para-a-lirica-e-os-sonos\/#respond"]}]},{"@type":"WebPage","@id":"https:\/\/www.anovapeneira.gal\/index.php\/2025\/01\/27\/malos-tempos-para-a-lirica-e-os-sonos\/","url":"https:\/\/www.anovapeneira.gal\/index.php\/2025\/01\/27\/malos-tempos-para-a-lirica-e-os-sonos\/","name":"Malos tempos para a L\u00edrica e os so\u00f1os -","isPartOf":{"@id":"https:\/\/www.anovapeneira.gal\/#website"},"primaryImageOfPage":{"@id":"https:\/\/www.anovapeneira.gal\/index.php\/2025\/01\/27\/malos-tempos-para-a-lirica-e-os-sonos\/#primaryimage"},"image":{"@id":"https:\/\/www.anovapeneira.gal\/index.php\/2025\/01\/27\/malos-tempos-para-a-lirica-e-os-sonos\/#primaryimage"},"thumbnailUrl":"https:\/\/www.anovapeneira.gal\/wp-content\/uploads\/2019\/07\/ARTIGO_DE_OPINION_A_NOVA_PENEIRA.jpg","datePublished":"2025-01-27T09:00:45+00:00","breadcrumb":{"@id":"https:\/\/www.anovapeneira.gal\/index.php\/2025\/01\/27\/malos-tempos-para-a-lirica-e-os-sonos\/#breadcrumb"},"inLanguage":"gl-ES","potentialAction":[{"@type":"ReadAction","target":["https:\/\/www.anovapeneira.gal\/index.php\/2025\/01\/27\/malos-tempos-para-a-lirica-e-os-sonos\/"]}]},{"@type":"ImageObject","inLanguage":"gl-ES","@id":"https:\/\/www.anovapeneira.gal\/index.php\/2025\/01\/27\/malos-tempos-para-a-lirica-e-os-sonos\/#primaryimage","url":"https:\/\/www.anovapeneira.gal\/wp-content\/uploads\/2019\/07\/ARTIGO_DE_OPINION_A_NOVA_PENEIRA.jpg","contentUrl":"https:\/\/www.anovapeneira.gal\/wp-content\/uploads\/2019\/07\/ARTIGO_DE_OPINION_A_NOVA_PENEIRA.jpg","width":720,"height":473,"caption":"Artigo de opini\u00f3n A Nova Peneira"},{"@type":"BreadcrumbList","@id":"https:\/\/www.anovapeneira.gal\/index.php\/2025\/01\/27\/malos-tempos-para-a-lirica-e-os-sonos\/#breadcrumb","itemListElement":[{"@type":"ListItem","position":1,"name":"Portada","item":"https:\/\/www.anovapeneira.gal\/"},{"@type":"ListItem","position":2,"name":"Malos tempos para a L\u00edrica e os so\u00f1os"}]},{"@type":"WebSite","@id":"https:\/\/www.anovapeneira.gal\/#website","url":"https:\/\/www.anovapeneira.gal\/","name":"","description":"Xornal galego de informaci\u00f3n xeral Publicaci\u00f3n mensual de novas de Galicia e en especial dos Concellos da sur da provincia de Pontevedra.","publisher":{"@id":"https:\/\/www.anovapeneira.gal\/#organization"},"potentialAction":[{"@type":"SearchAction","target":{"@type":"EntryPoint","urlTemplate":"https:\/\/www.anovapeneira.gal\/?s={search_term_string}"},"query-input":{"@type":"PropertyValueSpecification","valueRequired":true,"valueName":"search_term_string"}}],"inLanguage":"gl-ES"},{"@type":"Organization","@id":"https:\/\/www.anovapeneira.gal\/#organization","name":"A Nova Peneira","url":"https:\/\/www.anovapeneira.gal\/","logo":{"@type":"ImageObject","inLanguage":"gl-ES","@id":"https:\/\/www.anovapeneira.gal\/#\/schema\/logo\/image\/","url":"http:\/\/www.anovapeneira.gal\/wp-content\/uploads\/2019\/06\/logo_a_nova_peneira_portal_web.png","contentUrl":"http:\/\/www.anovapeneira.gal\/wp-content\/uploads\/2019\/06\/logo_a_nova_peneira_portal_web.png","width":300,"height":100,"caption":"A Nova Peneira"},"image":{"@id":"https:\/\/www.anovapeneira.gal\/#\/schema\/logo\/image\/"},"sameAs":["https:\/\/www.facebook.com\/anovapeneira","https:\/\/x.com\/APeneira"]},{"@type":"Person","@id":"https:\/\/www.anovapeneira.gal\/#\/schema\/person\/b051ed40cfc100e281476674783b32fc","name":"Baldomero Iglesias Dobarrio, Mero","image":{"@type":"ImageObject","inLanguage":"gl-ES","@id":"https:\/\/secure.gravatar.com\/avatar\/ca78fc089f8cf28197f88de2c9ac213e2f7d2097d8e359d9359b8778b539c59d?s=96&d=mm&r=g","url":"https:\/\/secure.gravatar.com\/avatar\/ca78fc089f8cf28197f88de2c9ac213e2f7d2097d8e359d9359b8778b539c59d?s=96&d=mm&r=g","contentUrl":"https:\/\/secure.gravatar.com\/avatar\/ca78fc089f8cf28197f88de2c9ac213e2f7d2097d8e359d9359b8778b539c59d?s=96&d=mm&r=g","caption":"Baldomero Iglesias Dobarrio, Mero"},"sameAs":["http:\/\/anovapeneira.gal"],"url":"https:\/\/www.anovapeneira.gal\/index.php\/author\/opinionmero\/"}]}},"jetpack_featured_media_url":"https:\/\/www.anovapeneira.gal\/wp-content\/uploads\/2019\/07\/ARTIGO_DE_OPINION_A_NOVA_PENEIRA.jpg","_links":{"self":[{"href":"https:\/\/www.anovapeneira.gal\/index.php\/wp-json\/wp\/v2\/posts\/13167","targetHints":{"allow":["GET"]}}],"collection":[{"href":"https:\/\/www.anovapeneira.gal\/index.php\/wp-json\/wp\/v2\/posts"}],"about":[{"href":"https:\/\/www.anovapeneira.gal\/index.php\/wp-json\/wp\/v2\/types\/post"}],"author":[{"embeddable":true,"href":"https:\/\/www.anovapeneira.gal\/index.php\/wp-json\/wp\/v2\/users\/5"}],"replies":[{"embeddable":true,"href":"https:\/\/www.anovapeneira.gal\/index.php\/wp-json\/wp\/v2\/comments?post=13167"}],"version-history":[{"count":1,"href":"https:\/\/www.anovapeneira.gal\/index.php\/wp-json\/wp\/v2\/posts\/13167\/revisions"}],"predecessor-version":[{"id":13168,"href":"https:\/\/www.anovapeneira.gal\/index.php\/wp-json\/wp\/v2\/posts\/13167\/revisions\/13168"}],"wp:featuredmedia":[{"embeddable":true,"href":"https:\/\/www.anovapeneira.gal\/index.php\/wp-json\/wp\/v2\/media\/584"}],"wp:attachment":[{"href":"https:\/\/www.anovapeneira.gal\/index.php\/wp-json\/wp\/v2\/media?parent=13167"}],"wp:term":[{"taxonomy":"category","embeddable":true,"href":"https:\/\/www.anovapeneira.gal\/index.php\/wp-json\/wp\/v2\/categories?post=13167"},{"taxonomy":"post_tag","embeddable":true,"href":"https:\/\/www.anovapeneira.gal\/index.php\/wp-json\/wp\/v2\/tags?post=13167"}],"curies":[{"name":"wp","href":"https:\/\/api.w.org\/{rel}","templated":true}]}}