{"id":1318,"date":"2019-09-24T12:00:34","date_gmt":"2019-09-24T10:00:34","guid":{"rendered":"http:\/\/www.anovapeneira.gal\/?p=1318"},"modified":"2019-09-22T19:56:31","modified_gmt":"2019-09-22T17:56:31","slug":"a-feira-anual-de-oportunidades-do-comercio-local-peatonaliza-as-ruas-de-redondela","status":"publish","type":"post","link":"https:\/\/www.anovapeneira.gal\/index.php\/2019\/09\/24\/a-feira-anual-de-oportunidades-do-comercio-local-peatonaliza-as-ruas-de-redondela\/","title":{"rendered":"A Feira anual de oportunidades do comercio local peatonaliz\u00e1 as r\u00faas de Redondela"},"content":{"rendered":"\n<h2 class=\"wp-block-heading\">O  CAMBIO  DE  UBICACI\u00d3N  DA  PASADA  EDICI\u00d3N  FOI  UN  \u00c9XITO  E  OS  COMERCIANTES  APOSTAN  POR  DAR  CONTINUIDADE  A  ESTE NOVO  EMPRAZAMENTO  NAS  R\u00daAS  RIBEIRA  E  XERAL  RUB\u00cdN,  AS  PRAZAS   DO   CONCELLO,   DA   CONSTITUCI\u00d3N   E   DE   SANTIAGO   SER\u00c1N.<\/h2>\n\n\n\n<p><strong>Redondela, 18 de Setembro  de 2019<\/strong><\/p>\n\n\n\n<p>A  X  edici\u00f3n  da  Feira  anual  de  Oportunidades  apostar\u00e1  pola  peonalizaci\u00f3n  d\u00e1s  r\u00faas  do  n\u00facleo  urbano,  as  r\u00faas  do  centro  urbano  estar\u00e1n  cortadas  ao  tr\u00e1fico  no  horario  da  feira  establec\u00e9ndose  accesos  alternativos  e  ampliando  as  prazas  de  estacionamento  nas entradas \u00e1 Vila. Comercios de Redondela e Chapela daranse cita nesta feira que, na s\u00faa  d\u00e9cima  edici\u00f3n,  segue  a  amosar  a  plena  vixencia  de  este  formato  de  promoci\u00f3n  dos pequenos negocios locais. Medio centenar de establecementos participar\u00e1n nesta edici\u00f3n na feira. O   car\u00e1cter   anual   da   feira   far\u00e1   conflu\u00edr   excedentes   de   mercador\u00eda   de   todas   as   temporadas, \u00e1s \u00faltimas oportunidades do ver\u00e1n o os remanentes da tempa de inverno conforman a ZONA OUTLET da feira. Como novidade a secci\u00f3n infantil da feira darase cita  na  Praza  do  Concello  onde  poderemos  atopar  a  maior  parte  da  oferta  de  roupa,  accesorios, complementos e xoguetes infant\u00eds. A   zona   gastron\u00f3mica   tam\u00e9n   ter\u00e1   un   protagonismo   destacado   nesta   feira.   O   emprazamento ser\u00e1 a Praza da Constituci\u00f3n, e contar\u00e1 con actuaci\u00f3ns musicais en vivo e obradoiros de coci\u00f1a para o p\u00fablico infantil, xogos e unha actuaci\u00f3n especial SESI\u00d3N VERM\u00da a cargo do grupo LA CHATA SOUL o s\u00e1bado 28 \u00e1s 13:30h.O domingo tam\u00e9n poderemos gozar das interpretaci\u00f3ns musicais  da Banda Municipal de M\u00fasica en SESI\u00d3N DE TARDE. A feira celebrarase o s\u00e1bado 28 de 10:00 a 22:00h e o domingo de 11:00 a 21:00h. As zonas  de  xogos  infant\u00eds  presente  ao  longo  de  todo  o  percorrido  da  feira  ser\u00e1n  gratu\u00edtas  e  haber\u00e1  distintos  obradoiros  como  o  de  bolsas  dirixidas  aos  nenos  e  nenas no  que    poder\u00e1n  personalizar  as  s\u00faas  bolsas  para  ir  de  compras  pola  Feira.  A  zona  gastron\u00f3mica contar\u00e1 tam\u00e9n con un taller de coci\u00f1a.Asociaci\u00f3n de Empresarios e Concello de Redondela suman forzas na posta en marcha da d\u00e9cima edici\u00f3n da Feira anual de Oportunidades.Atendendo  as  demandas  dos  comerciantes  o  Concello  de  Redondela  reforzar\u00e1  \u00e1  iluminaci\u00f3n nos postos e en toda \u00e1rea da feira &#8230; <\/p>\n","protected":false},"excerpt":{"rendered":"<div class=\"mh-excerpt\"><p>A  X  edici\u00f3n  da  Feira  anual  de  Oportunidades  apostar\u00e1  pola  peonalizaci\u00f3n  d\u00e1s  r\u00faas  do  n\u00facleo  urbano,  as  r\u00faas  do  centro  urbano  estar\u00e1n  cortadas  ao  tr\u00e1fico  no  horario  da  feira  establec\u00e9ndose  accesos  alternativos  e  ampliando  as  prazas  de  estacionamento  nas entradas \u00e1 Vila <a class=\"mh-excerpt-more\" href=\"https:\/\/www.anovapeneira.gal\/index.php\/2019\/09\/24\/a-feira-anual-de-oportunidades-do-comercio-local-peatonaliza-as-ruas-de-redondela\/\" title=\"A Feira anual de oportunidades do comercio local peatonaliz\u00e1 as r\u00faas de Redondela\">[&#8230;]<\/a><\/p>\n<\/div>","protected":false},"author":3,"featured_media":1319,"comment_status":"open","ping_status":"open","sticky":false,"template":"","format":"standard","meta":{"_exactmetrics_skip_tracking":false,"_exactmetrics_sitenote_active":false,"_exactmetrics_sitenote_note":"","_exactmetrics_sitenote_category":0,"footnotes":""},"categories":[24],"tags":[364,171,605],"class_list":{"0":"post-1318","1":"post","2":"type-post","3":"status-publish","4":"format-standard","5":"has-post-thumbnail","7":"category-redondela","8":"tag-comercio","9":"tag-concello-de-redondela","10":"tag-feira-anual-de-oportunidades-do-comercio"},"yoast_head":"<!-- This site is optimized with the Yoast SEO plugin v27.4 - https:\/\/yoast.com\/product\/yoast-seo-wordpress\/ -->\n<title>A Feira anual de oportunidades do comercio local peatonaliz\u00e1 as r\u00faas de Redondela -<\/title>\n<meta name=\"robots\" content=\"index, follow, max-snippet:-1, max-image-preview:large, max-video-preview:-1\" \/>\n<link rel=\"canonical\" href=\"https:\/\/www.anovapeneira.gal\/index.php\/2019\/09\/24\/a-feira-anual-de-oportunidades-do-comercio-local-peatonaliza-as-ruas-de-redondela\/\" \/>\n<meta property=\"og:locale\" content=\"gl_ES\" \/>\n<meta property=\"og:type\" content=\"article\" \/>\n<meta property=\"og:title\" content=\"A Feira anual de oportunidades do comercio local peatonaliz\u00e1 as r\u00faas de Redondela -\" \/>\n<meta property=\"og:description\" content=\"A X edici\u00f3n da Feira anual de Oportunidades apostar\u00e1 pola peonalizaci\u00f3n d\u00e1s r\u00faas do n\u00facleo urbano, as r\u00faas do centro urbano estar\u00e1n cortadas ao tr\u00e1fico no horario da feira establec\u00e9ndose accesos alternativos e ampliando as prazas de estacionamento nas entradas \u00e1 Vila [...]\" \/>\n<meta property=\"og:url\" content=\"https:\/\/www.anovapeneira.gal\/index.php\/2019\/09\/24\/a-feira-anual-de-oportunidades-do-comercio-local-peatonaliza-as-ruas-de-redondela\/\" \/>\n<meta property=\"article:publisher\" content=\"https:\/\/www.facebook.com\/anovapeneira\" \/>\n<meta property=\"article:published_time\" content=\"2019-09-24T10:00:34+00:00\" \/>\n<meta property=\"og:image\" content=\"https:\/\/www.anovapeneira.gal\/wp-content\/uploads\/2019\/09\/FERIA_OPORTUNIDADES_redondela_a_nova_peneira.jpg\" \/>\n\t<meta property=\"og:image:width\" content=\"720\" \/>\n\t<meta property=\"og:image:height\" content=\"473\" \/>\n\t<meta property=\"og:image:type\" content=\"image\/jpeg\" \/>\n<meta name=\"author\" content=\"Redacci\u00f3n A Nova Peneira\" \/>\n<meta name=\"twitter:card\" content=\"summary_large_image\" \/>\n<meta name=\"twitter:creator\" content=\"@APeneira\" \/>\n<meta name=\"twitter:site\" content=\"@APeneira\" \/>\n<meta name=\"twitter:label1\" content=\"Escrito por\" \/>\n\t<meta name=\"twitter:data1\" content=\"Redacci\u00f3n A Nova Peneira\" \/>\n\t<meta name=\"twitter:label2\" content=\"Tempo de lectura\" \/>\n\t<meta name=\"twitter:data2\" content=\"2 minutos\" \/>\n<script type=\"application\/ld+json\" class=\"yoast-schema-graph\">{\"@context\":\"https:\\\/\\\/schema.org\",\"@graph\":[{\"@type\":\"Article\",\"@id\":\"https:\\\/\\\/www.anovapeneira.gal\\\/index.php\\\/2019\\\/09\\\/24\\\/a-feira-anual-de-oportunidades-do-comercio-local-peatonaliza-as-ruas-de-redondela\\\/#article\",\"isPartOf\":{\"@id\":\"https:\\\/\\\/www.anovapeneira.gal\\\/index.php\\\/2019\\\/09\\\/24\\\/a-feira-anual-de-oportunidades-do-comercio-local-peatonaliza-as-ruas-de-redondela\\\/\"},\"author\":{\"name\":\"Redacci\u00f3n A Nova Peneira\",\"@id\":\"https:\\\/\\\/www.anovapeneira.gal\\\/#\\\/schema\\\/person\\\/b93e3f8932e3f8da96334607eb6ac6aa\"},\"headline\":\"A Feira anual de oportunidades do comercio local peatonaliz\u00e1 as r\u00faas de Redondela\",\"datePublished\":\"2019-09-24T10:00:34+00:00\",\"mainEntityOfPage\":{\"@id\":\"https:\\\/\\\/www.anovapeneira.gal\\\/index.php\\\/2019\\\/09\\\/24\\\/a-feira-anual-de-oportunidades-do-comercio-local-peatonaliza-as-ruas-de-redondela\\\/\"},\"wordCount\":420,\"commentCount\":0,\"publisher\":{\"@id\":\"https:\\\/\\\/www.anovapeneira.gal\\\/#organization\"},\"image\":{\"@id\":\"https:\\\/\\\/www.anovapeneira.gal\\\/index.php\\\/2019\\\/09\\\/24\\\/a-feira-anual-de-oportunidades-do-comercio-local-peatonaliza-as-ruas-de-redondela\\\/#primaryimage\"},\"thumbnailUrl\":\"https:\\\/\\\/www.anovapeneira.gal\\\/wp-content\\\/uploads\\\/2019\\\/09\\\/FERIA_OPORTUNIDADES_redondela_a_nova_peneira.jpg\",\"keywords\":[\"Comercio\",\"Concello de Redondela\",\"Feira anual de oportunidades do comercio\"],\"articleSection\":[\"Redondela\"],\"inLanguage\":\"gl-ES\",\"potentialAction\":[{\"@type\":\"CommentAction\",\"name\":\"Comment\",\"target\":[\"https:\\\/\\\/www.anovapeneira.gal\\\/index.php\\\/2019\\\/09\\\/24\\\/a-feira-anual-de-oportunidades-do-comercio-local-peatonaliza-as-ruas-de-redondela\\\/#respond\"]}]},{\"@type\":\"WebPage\",\"@id\":\"https:\\\/\\\/www.anovapeneira.gal\\\/index.php\\\/2019\\\/09\\\/24\\\/a-feira-anual-de-oportunidades-do-comercio-local-peatonaliza-as-ruas-de-redondela\\\/\",\"url\":\"https:\\\/\\\/www.anovapeneira.gal\\\/index.php\\\/2019\\\/09\\\/24\\\/a-feira-anual-de-oportunidades-do-comercio-local-peatonaliza-as-ruas-de-redondela\\\/\",\"name\":\"A Feira anual de oportunidades do comercio local peatonaliz\u00e1 as r\u00faas de Redondela -\",\"isPartOf\":{\"@id\":\"https:\\\/\\\/www.anovapeneira.gal\\\/#website\"},\"primaryImageOfPage\":{\"@id\":\"https:\\\/\\\/www.anovapeneira.gal\\\/index.php\\\/2019\\\/09\\\/24\\\/a-feira-anual-de-oportunidades-do-comercio-local-peatonaliza-as-ruas-de-redondela\\\/#primaryimage\"},\"image\":{\"@id\":\"https:\\\/\\\/www.anovapeneira.gal\\\/index.php\\\/2019\\\/09\\\/24\\\/a-feira-anual-de-oportunidades-do-comercio-local-peatonaliza-as-ruas-de-redondela\\\/#primaryimage\"},\"thumbnailUrl\":\"https:\\\/\\\/www.anovapeneira.gal\\\/wp-content\\\/uploads\\\/2019\\\/09\\\/FERIA_OPORTUNIDADES_redondela_a_nova_peneira.jpg\",\"datePublished\":\"2019-09-24T10:00:34+00:00\",\"breadcrumb\":{\"@id\":\"https:\\\/\\\/www.anovapeneira.gal\\\/index.php\\\/2019\\\/09\\\/24\\\/a-feira-anual-de-oportunidades-do-comercio-local-peatonaliza-as-ruas-de-redondela\\\/#breadcrumb\"},\"inLanguage\":\"gl-ES\",\"potentialAction\":[{\"@type\":\"ReadAction\",\"target\":[\"https:\\\/\\\/www.anovapeneira.gal\\\/index.php\\\/2019\\\/09\\\/24\\\/a-feira-anual-de-oportunidades-do-comercio-local-peatonaliza-as-ruas-de-redondela\\\/\"]}]},{\"@type\":\"ImageObject\",\"inLanguage\":\"gl-ES\",\"@id\":\"https:\\\/\\\/www.anovapeneira.gal\\\/index.php\\\/2019\\\/09\\\/24\\\/a-feira-anual-de-oportunidades-do-comercio-local-peatonaliza-as-ruas-de-redondela\\\/#primaryimage\",\"url\":\"https:\\\/\\\/www.anovapeneira.gal\\\/wp-content\\\/uploads\\\/2019\\\/09\\\/FERIA_OPORTUNIDADES_redondela_a_nova_peneira.jpg\",\"contentUrl\":\"https:\\\/\\\/www.anovapeneira.gal\\\/wp-content\\\/uploads\\\/2019\\\/09\\\/FERIA_OPORTUNIDADES_redondela_a_nova_peneira.jpg\",\"width\":720,\"height\":473,\"caption\":\"Feria Oportunidades Redondela A Nova Peneira\"},{\"@type\":\"BreadcrumbList\",\"@id\":\"https:\\\/\\\/www.anovapeneira.gal\\\/index.php\\\/2019\\\/09\\\/24\\\/a-feira-anual-de-oportunidades-do-comercio-local-peatonaliza-as-ruas-de-redondela\\\/#breadcrumb\",\"itemListElement\":[{\"@type\":\"ListItem\",\"position\":1,\"name\":\"Portada\",\"item\":\"https:\\\/\\\/www.anovapeneira.gal\\\/\"},{\"@type\":\"ListItem\",\"position\":2,\"name\":\"A Feira anual de oportunidades do comercio local peatonaliz\u00e1 as r\u00faas de Redondela\"}]},{\"@type\":\"WebSite\",\"@id\":\"https:\\\/\\\/www.anovapeneira.gal\\\/#website\",\"url\":\"https:\\\/\\\/www.anovapeneira.gal\\\/\",\"name\":\"\",\"description\":\"Xornal galego de informaci\u00f3n xeral Publicaci\u00f3n mensual de novas de Galicia e en especial dos Concellos da sur da provincia de Pontevedra.\",\"publisher\":{\"@id\":\"https:\\\/\\\/www.anovapeneira.gal\\\/#organization\"},\"potentialAction\":[{\"@type\":\"SearchAction\",\"target\":{\"@type\":\"EntryPoint\",\"urlTemplate\":\"https:\\\/\\\/www.anovapeneira.gal\\\/?s={search_term_string}\"},\"query-input\":{\"@type\":\"PropertyValueSpecification\",\"valueRequired\":true,\"valueName\":\"search_term_string\"}}],\"inLanguage\":\"gl-ES\"},{\"@type\":\"Organization\",\"@id\":\"https:\\\/\\\/www.anovapeneira.gal\\\/#organization\",\"name\":\"A Nova Peneira\",\"url\":\"https:\\\/\\\/www.anovapeneira.gal\\\/\",\"logo\":{\"@type\":\"ImageObject\",\"inLanguage\":\"gl-ES\",\"@id\":\"https:\\\/\\\/www.anovapeneira.gal\\\/#\\\/schema\\\/logo\\\/image\\\/\",\"url\":\"http:\\\/\\\/www.anovapeneira.gal\\\/wp-content\\\/uploads\\\/2019\\\/06\\\/logo_a_nova_peneira_portal_web.png\",\"contentUrl\":\"http:\\\/\\\/www.anovapeneira.gal\\\/wp-content\\\/uploads\\\/2019\\\/06\\\/logo_a_nova_peneira_portal_web.png\",\"width\":300,\"height\":100,\"caption\":\"A Nova Peneira\"},\"image\":{\"@id\":\"https:\\\/\\\/www.anovapeneira.gal\\\/#\\\/schema\\\/logo\\\/image\\\/\"},\"sameAs\":[\"https:\\\/\\\/www.facebook.com\\\/anovapeneira\",\"https:\\\/\\\/x.com\\\/APeneira\"]},{\"@type\":\"Person\",\"@id\":\"https:\\\/\\\/www.anovapeneira.gal\\\/#\\\/schema\\\/person\\\/b93e3f8932e3f8da96334607eb6ac6aa\",\"name\":\"Redacci\u00f3n A Nova Peneira\",\"image\":{\"@type\":\"ImageObject\",\"inLanguage\":\"gl-ES\",\"@id\":\"https:\\\/\\\/secure.gravatar.com\\\/avatar\\\/c052a2551a06e23fac63626232eaa90abd78dbcf1700fc46a2b2c89fd27b735f?s=96&d=mm&r=g\",\"url\":\"https:\\\/\\\/secure.gravatar.com\\\/avatar\\\/c052a2551a06e23fac63626232eaa90abd78dbcf1700fc46a2b2c89fd27b735f?s=96&d=mm&r=g\",\"contentUrl\":\"https:\\\/\\\/secure.gravatar.com\\\/avatar\\\/c052a2551a06e23fac63626232eaa90abd78dbcf1700fc46a2b2c89fd27b735f?s=96&d=mm&r=g\",\"caption\":\"Redacci\u00f3n A Nova Peneira\"},\"sameAs\":[\"http:\\\/\\\/www.anovapeneira.gal\\\/\"],\"url\":\"https:\\\/\\\/www.anovapeneira.gal\\\/index.php\\\/author\\\/redactor\\\/\"}]}<\/script>\n<!-- \/ Yoast SEO plugin. -->","yoast_head_json":{"title":"A Feira anual de oportunidades do comercio local peatonaliz\u00e1 as r\u00faas de Redondela -","robots":{"index":"index","follow":"follow","max-snippet":"max-snippet:-1","max-image-preview":"max-image-preview:large","max-video-preview":"max-video-preview:-1"},"canonical":"https:\/\/www.anovapeneira.gal\/index.php\/2019\/09\/24\/a-feira-anual-de-oportunidades-do-comercio-local-peatonaliza-as-ruas-de-redondela\/","og_locale":"gl_ES","og_type":"article","og_title":"A Feira anual de oportunidades do comercio local peatonaliz\u00e1 as r\u00faas de Redondela -","og_description":"A X edici\u00f3n da Feira anual de Oportunidades apostar\u00e1 pola peonalizaci\u00f3n d\u00e1s r\u00faas do n\u00facleo urbano, as r\u00faas do centro urbano estar\u00e1n cortadas ao tr\u00e1fico no horario da feira establec\u00e9ndose accesos alternativos e ampliando as prazas de estacionamento nas entradas \u00e1 Vila [...]","og_url":"https:\/\/www.anovapeneira.gal\/index.php\/2019\/09\/24\/a-feira-anual-de-oportunidades-do-comercio-local-peatonaliza-as-ruas-de-redondela\/","article_publisher":"https:\/\/www.facebook.com\/anovapeneira","article_published_time":"2019-09-24T10:00:34+00:00","og_image":[{"width":720,"height":473,"url":"https:\/\/www.anovapeneira.gal\/wp-content\/uploads\/2019\/09\/FERIA_OPORTUNIDADES_redondela_a_nova_peneira.jpg","type":"image\/jpeg"}],"author":"Redacci\u00f3n A Nova Peneira","twitter_card":"summary_large_image","twitter_creator":"@APeneira","twitter_site":"@APeneira","twitter_misc":{"Escrito por":"Redacci\u00f3n A Nova Peneira","Tempo de lectura":"2 minutos"},"schema":{"@context":"https:\/\/schema.org","@graph":[{"@type":"Article","@id":"https:\/\/www.anovapeneira.gal\/index.php\/2019\/09\/24\/a-feira-anual-de-oportunidades-do-comercio-local-peatonaliza-as-ruas-de-redondela\/#article","isPartOf":{"@id":"https:\/\/www.anovapeneira.gal\/index.php\/2019\/09\/24\/a-feira-anual-de-oportunidades-do-comercio-local-peatonaliza-as-ruas-de-redondela\/"},"author":{"name":"Redacci\u00f3n A Nova Peneira","@id":"https:\/\/www.anovapeneira.gal\/#\/schema\/person\/b93e3f8932e3f8da96334607eb6ac6aa"},"headline":"A Feira anual de oportunidades do comercio local peatonaliz\u00e1 as r\u00faas de Redondela","datePublished":"2019-09-24T10:00:34+00:00","mainEntityOfPage":{"@id":"https:\/\/www.anovapeneira.gal\/index.php\/2019\/09\/24\/a-feira-anual-de-oportunidades-do-comercio-local-peatonaliza-as-ruas-de-redondela\/"},"wordCount":420,"commentCount":0,"publisher":{"@id":"https:\/\/www.anovapeneira.gal\/#organization"},"image":{"@id":"https:\/\/www.anovapeneira.gal\/index.php\/2019\/09\/24\/a-feira-anual-de-oportunidades-do-comercio-local-peatonaliza-as-ruas-de-redondela\/#primaryimage"},"thumbnailUrl":"https:\/\/www.anovapeneira.gal\/wp-content\/uploads\/2019\/09\/FERIA_OPORTUNIDADES_redondela_a_nova_peneira.jpg","keywords":["Comercio","Concello de Redondela","Feira anual de oportunidades do comercio"],"articleSection":["Redondela"],"inLanguage":"gl-ES","potentialAction":[{"@type":"CommentAction","name":"Comment","target":["https:\/\/www.anovapeneira.gal\/index.php\/2019\/09\/24\/a-feira-anual-de-oportunidades-do-comercio-local-peatonaliza-as-ruas-de-redondela\/#respond"]}]},{"@type":"WebPage","@id":"https:\/\/www.anovapeneira.gal\/index.php\/2019\/09\/24\/a-feira-anual-de-oportunidades-do-comercio-local-peatonaliza-as-ruas-de-redondela\/","url":"https:\/\/www.anovapeneira.gal\/index.php\/2019\/09\/24\/a-feira-anual-de-oportunidades-do-comercio-local-peatonaliza-as-ruas-de-redondela\/","name":"A Feira anual de oportunidades do comercio local peatonaliz\u00e1 as r\u00faas de Redondela -","isPartOf":{"@id":"https:\/\/www.anovapeneira.gal\/#website"},"primaryImageOfPage":{"@id":"https:\/\/www.anovapeneira.gal\/index.php\/2019\/09\/24\/a-feira-anual-de-oportunidades-do-comercio-local-peatonaliza-as-ruas-de-redondela\/#primaryimage"},"image":{"@id":"https:\/\/www.anovapeneira.gal\/index.php\/2019\/09\/24\/a-feira-anual-de-oportunidades-do-comercio-local-peatonaliza-as-ruas-de-redondela\/#primaryimage"},"thumbnailUrl":"https:\/\/www.anovapeneira.gal\/wp-content\/uploads\/2019\/09\/FERIA_OPORTUNIDADES_redondela_a_nova_peneira.jpg","datePublished":"2019-09-24T10:00:34+00:00","breadcrumb":{"@id":"https:\/\/www.anovapeneira.gal\/index.php\/2019\/09\/24\/a-feira-anual-de-oportunidades-do-comercio-local-peatonaliza-as-ruas-de-redondela\/#breadcrumb"},"inLanguage":"gl-ES","potentialAction":[{"@type":"ReadAction","target":["https:\/\/www.anovapeneira.gal\/index.php\/2019\/09\/24\/a-feira-anual-de-oportunidades-do-comercio-local-peatonaliza-as-ruas-de-redondela\/"]}]},{"@type":"ImageObject","inLanguage":"gl-ES","@id":"https:\/\/www.anovapeneira.gal\/index.php\/2019\/09\/24\/a-feira-anual-de-oportunidades-do-comercio-local-peatonaliza-as-ruas-de-redondela\/#primaryimage","url":"https:\/\/www.anovapeneira.gal\/wp-content\/uploads\/2019\/09\/FERIA_OPORTUNIDADES_redondela_a_nova_peneira.jpg","contentUrl":"https:\/\/www.anovapeneira.gal\/wp-content\/uploads\/2019\/09\/FERIA_OPORTUNIDADES_redondela_a_nova_peneira.jpg","width":720,"height":473,"caption":"Feria Oportunidades Redondela A Nova Peneira"},{"@type":"BreadcrumbList","@id":"https:\/\/www.anovapeneira.gal\/index.php\/2019\/09\/24\/a-feira-anual-de-oportunidades-do-comercio-local-peatonaliza-as-ruas-de-redondela\/#breadcrumb","itemListElement":[{"@type":"ListItem","position":1,"name":"Portada","item":"https:\/\/www.anovapeneira.gal\/"},{"@type":"ListItem","position":2,"name":"A Feira anual de oportunidades do comercio local peatonaliz\u00e1 as r\u00faas de Redondela"}]},{"@type":"WebSite","@id":"https:\/\/www.anovapeneira.gal\/#website","url":"https:\/\/www.anovapeneira.gal\/","name":"","description":"Xornal galego de informaci\u00f3n xeral Publicaci\u00f3n mensual de novas de Galicia e en especial dos Concellos da sur da provincia de Pontevedra.","publisher":{"@id":"https:\/\/www.anovapeneira.gal\/#organization"},"potentialAction":[{"@type":"SearchAction","target":{"@type":"EntryPoint","urlTemplate":"https:\/\/www.anovapeneira.gal\/?s={search_term_string}"},"query-input":{"@type":"PropertyValueSpecification","valueRequired":true,"valueName":"search_term_string"}}],"inLanguage":"gl-ES"},{"@type":"Organization","@id":"https:\/\/www.anovapeneira.gal\/#organization","name":"A Nova Peneira","url":"https:\/\/www.anovapeneira.gal\/","logo":{"@type":"ImageObject","inLanguage":"gl-ES","@id":"https:\/\/www.anovapeneira.gal\/#\/schema\/logo\/image\/","url":"http:\/\/www.anovapeneira.gal\/wp-content\/uploads\/2019\/06\/logo_a_nova_peneira_portal_web.png","contentUrl":"http:\/\/www.anovapeneira.gal\/wp-content\/uploads\/2019\/06\/logo_a_nova_peneira_portal_web.png","width":300,"height":100,"caption":"A Nova Peneira"},"image":{"@id":"https:\/\/www.anovapeneira.gal\/#\/schema\/logo\/image\/"},"sameAs":["https:\/\/www.facebook.com\/anovapeneira","https:\/\/x.com\/APeneira"]},{"@type":"Person","@id":"https:\/\/www.anovapeneira.gal\/#\/schema\/person\/b93e3f8932e3f8da96334607eb6ac6aa","name":"Redacci\u00f3n A Nova Peneira","image":{"@type":"ImageObject","inLanguage":"gl-ES","@id":"https:\/\/secure.gravatar.com\/avatar\/c052a2551a06e23fac63626232eaa90abd78dbcf1700fc46a2b2c89fd27b735f?s=96&d=mm&r=g","url":"https:\/\/secure.gravatar.com\/avatar\/c052a2551a06e23fac63626232eaa90abd78dbcf1700fc46a2b2c89fd27b735f?s=96&d=mm&r=g","contentUrl":"https:\/\/secure.gravatar.com\/avatar\/c052a2551a06e23fac63626232eaa90abd78dbcf1700fc46a2b2c89fd27b735f?s=96&d=mm&r=g","caption":"Redacci\u00f3n A Nova Peneira"},"sameAs":["http:\/\/www.anovapeneira.gal\/"],"url":"https:\/\/www.anovapeneira.gal\/index.php\/author\/redactor\/"}]}},"jetpack_featured_media_url":"https:\/\/www.anovapeneira.gal\/wp-content\/uploads\/2019\/09\/FERIA_OPORTUNIDADES_redondela_a_nova_peneira.jpg","_links":{"self":[{"href":"https:\/\/www.anovapeneira.gal\/index.php\/wp-json\/wp\/v2\/posts\/1318","targetHints":{"allow":["GET"]}}],"collection":[{"href":"https:\/\/www.anovapeneira.gal\/index.php\/wp-json\/wp\/v2\/posts"}],"about":[{"href":"https:\/\/www.anovapeneira.gal\/index.php\/wp-json\/wp\/v2\/types\/post"}],"author":[{"embeddable":true,"href":"https:\/\/www.anovapeneira.gal\/index.php\/wp-json\/wp\/v2\/users\/3"}],"replies":[{"embeddable":true,"href":"https:\/\/www.anovapeneira.gal\/index.php\/wp-json\/wp\/v2\/comments?post=1318"}],"version-history":[{"count":1,"href":"https:\/\/www.anovapeneira.gal\/index.php\/wp-json\/wp\/v2\/posts\/1318\/revisions"}],"predecessor-version":[{"id":1320,"href":"https:\/\/www.anovapeneira.gal\/index.php\/wp-json\/wp\/v2\/posts\/1318\/revisions\/1320"}],"wp:featuredmedia":[{"embeddable":true,"href":"https:\/\/www.anovapeneira.gal\/index.php\/wp-json\/wp\/v2\/media\/1319"}],"wp:attachment":[{"href":"https:\/\/www.anovapeneira.gal\/index.php\/wp-json\/wp\/v2\/media?parent=1318"}],"wp:term":[{"taxonomy":"category","embeddable":true,"href":"https:\/\/www.anovapeneira.gal\/index.php\/wp-json\/wp\/v2\/categories?post=1318"},{"taxonomy":"post_tag","embeddable":true,"href":"https:\/\/www.anovapeneira.gal\/index.php\/wp-json\/wp\/v2\/tags?post=1318"}],"curies":[{"name":"wp","href":"https:\/\/api.w.org\/{rel}","templated":true}]}}