{"id":13188,"date":"2025-01-30T12:00:10","date_gmt":"2025-01-30T11:00:10","guid":{"rendered":"https:\/\/www.anovapeneira.gal\/?p=13188"},"modified":"2025-01-28T10:01:34","modified_gmt":"2025-01-28T09:01:34","slug":"salceda-inicia-a-contratacion-da-redaccion-do-proxecto-da-nova-rua","status":"publish","type":"post","link":"https:\/\/www.anovapeneira.gal\/index.php\/2025\/01\/30\/salceda-inicia-a-contratacion-da-redaccion-do-proxecto-da-nova-rua\/","title":{"rendered":"Salceda inicia a contrataci\u00f3n da redacci\u00f3n do proxecto da nova r\u00faa"},"content":{"rendered":"\n<h2 class=\"wp-block-heading\"><em>Ser\u00e1 un traballo conxunto de Mun Arquitectura e Rub\u00e9n Mart\u00edn V\u00e1zquez P\u00e9rez<\/em><\/h2>\n\n\n\n<p><strong>Salceda de Caselas, 24 de xaneiro de 2025<\/strong><\/p>\n\n\n\n<p>O Concello de Salceda traballa xa na adxudicaci\u00f3n do contrato de redacci\u00f3n do proxecto da nova r\u00faa que pretende abrir entre a Praza do Concello e a R\u00faa Brasil. A Alcaldesa e encargada do departamento de urbanismo, Loli Casti\u00f1eira, aposta nesta ocasi\u00f3n porque sexa un traballo conxunto entre Rub\u00e9n Mart\u00edn V\u00e1zquez P\u00e9rez e Mun arquitectura, ambos con ampla experiencia no urbanismo de Salceda de Caselas. Para financiar a redacci\u00f3n deste proxecto, dende o Concello vaise presentar solicitude ao abeiro da li\u00f1a 4 do Plan M\u00e1is Provincia 2025, para o cal Salceda conta con un total de 18.635,01\u20ac.<\/p>\n\n\n\n<p>Loli Casti\u00f1eira, Alcaldesa de Salceda, quixo englobar o proxecto dentro da \u201csegunda transformaci\u00f3n de Salceda\u201d, que supor\u00e1 a creaci\u00f3n de novos espazos para a veci\u00f1anza e novas zonas verdes e de lecer como a que aqu\u00ed se prantexa.<\/p>\n\n\n\n<p>A pretensi\u00f3n do equipo de goberno para este novo espazo p\u00fablico \u00e9 que sexa unha r\u00faa de prioridade peonil en todo o seu percorrido, no que se permita o acceso s\u00f3 ao tr\u00e1fico rodado m\u00ednimo indispensable, basicamente para acceso \u00e1s novas garaxes que se poidan constru\u00edr na zona e para os servizos de emerxencia. De feito o prantexamento \u00e9 que poida ser un espazo compartido, sen diferenciaci\u00f3n f\u00edsica da zona peonil e a rodada, precisamente por ese acceso m\u00ednimo de veh\u00edculos \u00e1 r\u00faa. As\u00ed mesmo ser\u00e1 fundamental a dotaci\u00f3n de especies vexetais e arboredo, que signifiquen na realidade o nacemento dunha nova zona verde no pleno centro da vila. Tr\u00e1tase de ofrecer percorridos que permitan a mobilidade inclusiva e a autonom\u00eda infantil, e que na pr\u00e1ctica supor\u00e1 unha ampliaci\u00f3n da propia Praza do Concello nunha zona ata o de agora sen desenvolver. A ar\u00faa ser\u00e1 o froito do proceso de normalizaci\u00f3n de leiras publicado no BOPPO do d\u00eda 2 de xaneiro deste ano e notificado xa a t\u00f3dalas persoas propietarias das parcelas afectadas.<\/p>\n\n\n\n<p>A elecci\u00f3n dos dous equipos de arquitectura para que realicen un traballo conxunto real\u00edzase por vez primeira dende o equipo de goberno, con intenci\u00f3n de aproveitar o enorme co\u00f1ecemento do urbanismo municipal que te\u00f1en \u00e1mbolos dous estudos, pois xa te\u00f1en realizado para o Concello diferentes proxectos de humanizaci\u00f3n de r\u00faas e recuperaci\u00f3n de edificios.<\/p>\n\n\n\n<p>O Concello agarda agora que dende a Deputaci\u00f3n de Pontevedra se axilice a concesi\u00f3n da li\u00f1a 4 do Plan M\u00e1is Provincia para que o proxecto sexa unha realidade canto antes.<\/p>\n","protected":false},"excerpt":{"rendered":"<div class=\"mh-excerpt\"><p>Ser\u00e1 un traballo conxunto de Mun Arquitectura e Rub\u00e9n Mart\u00edn V\u00e1zquez P\u00e9rez <a class=\"mh-excerpt-more\" href=\"https:\/\/www.anovapeneira.gal\/index.php\/2025\/01\/30\/salceda-inicia-a-contratacion-da-redaccion-do-proxecto-da-nova-rua\/\" title=\"Salceda inicia a contrataci\u00f3n da redacci\u00f3n do proxecto da nova r\u00faa\">[&#8230;]<\/a><\/p>\n<\/div>","protected":false},"author":3,"featured_media":13189,"comment_status":"open","ping_status":"open","sticky":false,"template":"","format":"standard","meta":{"_exactmetrics_skip_tracking":false,"_exactmetrics_sitenote_active":false,"_exactmetrics_sitenote_note":"","_exactmetrics_sitenote_category":0,"footnotes":""},"categories":[23],"tags":[359],"class_list":{"0":"post-13188","1":"post","2":"type-post","3":"status-publish","4":"format-standard","5":"has-post-thumbnail","7":"category-a-lourina","8":"tag-concello-de-salceda-de-caselas"},"yoast_head":"<!-- This site is optimized with the Yoast SEO plugin v27.4 - https:\/\/yoast.com\/product\/yoast-seo-wordpress\/ -->\n<title>Salceda inicia a contrataci\u00f3n da redacci\u00f3n do proxecto da nova r\u00faa -<\/title>\n<meta name=\"robots\" content=\"index, follow, max-snippet:-1, max-image-preview:large, max-video-preview:-1\" \/>\n<link rel=\"canonical\" href=\"https:\/\/www.anovapeneira.gal\/index.php\/2025\/01\/30\/salceda-inicia-a-contratacion-da-redaccion-do-proxecto-da-nova-rua\/\" \/>\n<meta property=\"og:locale\" content=\"gl_ES\" \/>\n<meta property=\"og:type\" content=\"article\" \/>\n<meta property=\"og:title\" content=\"Salceda inicia a contrataci\u00f3n da redacci\u00f3n do proxecto da nova r\u00faa -\" \/>\n<meta property=\"og:description\" content=\"Ser\u00e1 un traballo conxunto de Mun Arquitectura e Rub\u00e9n Mart\u00edn V\u00e1zquez P\u00e9rez [...]\" \/>\n<meta property=\"og:url\" content=\"https:\/\/www.anovapeneira.gal\/index.php\/2025\/01\/30\/salceda-inicia-a-contratacion-da-redaccion-do-proxecto-da-nova-rua\/\" \/>\n<meta property=\"article:publisher\" content=\"https:\/\/www.facebook.com\/anovapeneira\" \/>\n<meta property=\"article:published_time\" content=\"2025-01-30T11:00:10+00:00\" \/>\n<meta property=\"og:image\" content=\"https:\/\/www.anovapeneira.gal\/wp-content\/uploads\/2025\/01\/goberno_salceda.jpg\" \/>\n\t<meta property=\"og:image:width\" content=\"720\" \/>\n\t<meta property=\"og:image:height\" content=\"432\" \/>\n\t<meta property=\"og:image:type\" content=\"image\/jpeg\" \/>\n<meta name=\"author\" content=\"Redacci\u00f3n A Nova Peneira\" \/>\n<meta name=\"twitter:card\" content=\"summary_large_image\" \/>\n<meta name=\"twitter:creator\" content=\"@APeneira\" \/>\n<meta name=\"twitter:site\" content=\"@APeneira\" \/>\n<meta name=\"twitter:label1\" content=\"Escrito por\" \/>\n\t<meta name=\"twitter:data1\" content=\"Redacci\u00f3n A Nova Peneira\" \/>\n\t<meta name=\"twitter:label2\" content=\"Tempo de lectura\" \/>\n\t<meta name=\"twitter:data2\" content=\"3 minutos\" \/>\n<script type=\"application\/ld+json\" class=\"yoast-schema-graph\">{\"@context\":\"https:\\\/\\\/schema.org\",\"@graph\":[{\"@type\":\"Article\",\"@id\":\"https:\\\/\\\/www.anovapeneira.gal\\\/index.php\\\/2025\\\/01\\\/30\\\/salceda-inicia-a-contratacion-da-redaccion-do-proxecto-da-nova-rua\\\/#article\",\"isPartOf\":{\"@id\":\"https:\\\/\\\/www.anovapeneira.gal\\\/index.php\\\/2025\\\/01\\\/30\\\/salceda-inicia-a-contratacion-da-redaccion-do-proxecto-da-nova-rua\\\/\"},\"author\":{\"name\":\"Redacci\u00f3n A Nova Peneira\",\"@id\":\"https:\\\/\\\/www.anovapeneira.gal\\\/#\\\/schema\\\/person\\\/b93e3f8932e3f8da96334607eb6ac6aa\"},\"headline\":\"Salceda inicia a contrataci\u00f3n da redacci\u00f3n do proxecto da nova r\u00faa\",\"datePublished\":\"2025-01-30T11:00:10+00:00\",\"mainEntityOfPage\":{\"@id\":\"https:\\\/\\\/www.anovapeneira.gal\\\/index.php\\\/2025\\\/01\\\/30\\\/salceda-inicia-a-contratacion-da-redaccion-do-proxecto-da-nova-rua\\\/\"},\"wordCount\":470,\"commentCount\":0,\"publisher\":{\"@id\":\"https:\\\/\\\/www.anovapeneira.gal\\\/#organization\"},\"image\":{\"@id\":\"https:\\\/\\\/www.anovapeneira.gal\\\/index.php\\\/2025\\\/01\\\/30\\\/salceda-inicia-a-contratacion-da-redaccion-do-proxecto-da-nova-rua\\\/#primaryimage\"},\"thumbnailUrl\":\"https:\\\/\\\/www.anovapeneira.gal\\\/wp-content\\\/uploads\\\/2025\\\/01\\\/goberno_salceda.jpg\",\"keywords\":[\"Concello de Salceda de Caselas\"],\"articleSection\":[\"A Louri\u00f1a\"],\"inLanguage\":\"gl-ES\",\"potentialAction\":[{\"@type\":\"CommentAction\",\"name\":\"Comment\",\"target\":[\"https:\\\/\\\/www.anovapeneira.gal\\\/index.php\\\/2025\\\/01\\\/30\\\/salceda-inicia-a-contratacion-da-redaccion-do-proxecto-da-nova-rua\\\/#respond\"]}]},{\"@type\":\"WebPage\",\"@id\":\"https:\\\/\\\/www.anovapeneira.gal\\\/index.php\\\/2025\\\/01\\\/30\\\/salceda-inicia-a-contratacion-da-redaccion-do-proxecto-da-nova-rua\\\/\",\"url\":\"https:\\\/\\\/www.anovapeneira.gal\\\/index.php\\\/2025\\\/01\\\/30\\\/salceda-inicia-a-contratacion-da-redaccion-do-proxecto-da-nova-rua\\\/\",\"name\":\"Salceda inicia a contrataci\u00f3n da redacci\u00f3n do proxecto da nova r\u00faa -\",\"isPartOf\":{\"@id\":\"https:\\\/\\\/www.anovapeneira.gal\\\/#website\"},\"primaryImageOfPage\":{\"@id\":\"https:\\\/\\\/www.anovapeneira.gal\\\/index.php\\\/2025\\\/01\\\/30\\\/salceda-inicia-a-contratacion-da-redaccion-do-proxecto-da-nova-rua\\\/#primaryimage\"},\"image\":{\"@id\":\"https:\\\/\\\/www.anovapeneira.gal\\\/index.php\\\/2025\\\/01\\\/30\\\/salceda-inicia-a-contratacion-da-redaccion-do-proxecto-da-nova-rua\\\/#primaryimage\"},\"thumbnailUrl\":\"https:\\\/\\\/www.anovapeneira.gal\\\/wp-content\\\/uploads\\\/2025\\\/01\\\/goberno_salceda.jpg\",\"datePublished\":\"2025-01-30T11:00:10+00:00\",\"breadcrumb\":{\"@id\":\"https:\\\/\\\/www.anovapeneira.gal\\\/index.php\\\/2025\\\/01\\\/30\\\/salceda-inicia-a-contratacion-da-redaccion-do-proxecto-da-nova-rua\\\/#breadcrumb\"},\"inLanguage\":\"gl-ES\",\"potentialAction\":[{\"@type\":\"ReadAction\",\"target\":[\"https:\\\/\\\/www.anovapeneira.gal\\\/index.php\\\/2025\\\/01\\\/30\\\/salceda-inicia-a-contratacion-da-redaccion-do-proxecto-da-nova-rua\\\/\"]}]},{\"@type\":\"ImageObject\",\"inLanguage\":\"gl-ES\",\"@id\":\"https:\\\/\\\/www.anovapeneira.gal\\\/index.php\\\/2025\\\/01\\\/30\\\/salceda-inicia-a-contratacion-da-redaccion-do-proxecto-da-nova-rua\\\/#primaryimage\",\"url\":\"https:\\\/\\\/www.anovapeneira.gal\\\/wp-content\\\/uploads\\\/2025\\\/01\\\/goberno_salceda.jpg\",\"contentUrl\":\"https:\\\/\\\/www.anovapeneira.gal\\\/wp-content\\\/uploads\\\/2025\\\/01\\\/goberno_salceda.jpg\",\"width\":720,\"height\":432,\"caption\":\"Equipo de goberno Salceda\"},{\"@type\":\"BreadcrumbList\",\"@id\":\"https:\\\/\\\/www.anovapeneira.gal\\\/index.php\\\/2025\\\/01\\\/30\\\/salceda-inicia-a-contratacion-da-redaccion-do-proxecto-da-nova-rua\\\/#breadcrumb\",\"itemListElement\":[{\"@type\":\"ListItem\",\"position\":1,\"name\":\"Portada\",\"item\":\"https:\\\/\\\/www.anovapeneira.gal\\\/\"},{\"@type\":\"ListItem\",\"position\":2,\"name\":\"Salceda inicia a contrataci\u00f3n da redacci\u00f3n do proxecto da nova r\u00faa\"}]},{\"@type\":\"WebSite\",\"@id\":\"https:\\\/\\\/www.anovapeneira.gal\\\/#website\",\"url\":\"https:\\\/\\\/www.anovapeneira.gal\\\/\",\"name\":\"\",\"description\":\"Xornal galego de informaci\u00f3n xeral Publicaci\u00f3n mensual de novas de Galicia e en especial dos Concellos da sur da provincia de Pontevedra.\",\"publisher\":{\"@id\":\"https:\\\/\\\/www.anovapeneira.gal\\\/#organization\"},\"potentialAction\":[{\"@type\":\"SearchAction\",\"target\":{\"@type\":\"EntryPoint\",\"urlTemplate\":\"https:\\\/\\\/www.anovapeneira.gal\\\/?s={search_term_string}\"},\"query-input\":{\"@type\":\"PropertyValueSpecification\",\"valueRequired\":true,\"valueName\":\"search_term_string\"}}],\"inLanguage\":\"gl-ES\"},{\"@type\":\"Organization\",\"@id\":\"https:\\\/\\\/www.anovapeneira.gal\\\/#organization\",\"name\":\"A Nova Peneira\",\"url\":\"https:\\\/\\\/www.anovapeneira.gal\\\/\",\"logo\":{\"@type\":\"ImageObject\",\"inLanguage\":\"gl-ES\",\"@id\":\"https:\\\/\\\/www.anovapeneira.gal\\\/#\\\/schema\\\/logo\\\/image\\\/\",\"url\":\"http:\\\/\\\/www.anovapeneira.gal\\\/wp-content\\\/uploads\\\/2019\\\/06\\\/logo_a_nova_peneira_portal_web.png\",\"contentUrl\":\"http:\\\/\\\/www.anovapeneira.gal\\\/wp-content\\\/uploads\\\/2019\\\/06\\\/logo_a_nova_peneira_portal_web.png\",\"width\":300,\"height\":100,\"caption\":\"A Nova Peneira\"},\"image\":{\"@id\":\"https:\\\/\\\/www.anovapeneira.gal\\\/#\\\/schema\\\/logo\\\/image\\\/\"},\"sameAs\":[\"https:\\\/\\\/www.facebook.com\\\/anovapeneira\",\"https:\\\/\\\/x.com\\\/APeneira\"]},{\"@type\":\"Person\",\"@id\":\"https:\\\/\\\/www.anovapeneira.gal\\\/#\\\/schema\\\/person\\\/b93e3f8932e3f8da96334607eb6ac6aa\",\"name\":\"Redacci\u00f3n A Nova Peneira\",\"image\":{\"@type\":\"ImageObject\",\"inLanguage\":\"gl-ES\",\"@id\":\"https:\\\/\\\/secure.gravatar.com\\\/avatar\\\/c052a2551a06e23fac63626232eaa90abd78dbcf1700fc46a2b2c89fd27b735f?s=96&d=mm&r=g\",\"url\":\"https:\\\/\\\/secure.gravatar.com\\\/avatar\\\/c052a2551a06e23fac63626232eaa90abd78dbcf1700fc46a2b2c89fd27b735f?s=96&d=mm&r=g\",\"contentUrl\":\"https:\\\/\\\/secure.gravatar.com\\\/avatar\\\/c052a2551a06e23fac63626232eaa90abd78dbcf1700fc46a2b2c89fd27b735f?s=96&d=mm&r=g\",\"caption\":\"Redacci\u00f3n A Nova Peneira\"},\"sameAs\":[\"http:\\\/\\\/www.anovapeneira.gal\\\/\"],\"url\":\"https:\\\/\\\/www.anovapeneira.gal\\\/index.php\\\/author\\\/redactor\\\/\"}]}<\/script>\n<!-- \/ Yoast SEO plugin. -->","yoast_head_json":{"title":"Salceda inicia a contrataci\u00f3n da redacci\u00f3n do proxecto da nova r\u00faa -","robots":{"index":"index","follow":"follow","max-snippet":"max-snippet:-1","max-image-preview":"max-image-preview:large","max-video-preview":"max-video-preview:-1"},"canonical":"https:\/\/www.anovapeneira.gal\/index.php\/2025\/01\/30\/salceda-inicia-a-contratacion-da-redaccion-do-proxecto-da-nova-rua\/","og_locale":"gl_ES","og_type":"article","og_title":"Salceda inicia a contrataci\u00f3n da redacci\u00f3n do proxecto da nova r\u00faa -","og_description":"Ser\u00e1 un traballo conxunto de Mun Arquitectura e Rub\u00e9n Mart\u00edn V\u00e1zquez P\u00e9rez [...]","og_url":"https:\/\/www.anovapeneira.gal\/index.php\/2025\/01\/30\/salceda-inicia-a-contratacion-da-redaccion-do-proxecto-da-nova-rua\/","article_publisher":"https:\/\/www.facebook.com\/anovapeneira","article_published_time":"2025-01-30T11:00:10+00:00","og_image":[{"width":720,"height":432,"url":"https:\/\/www.anovapeneira.gal\/wp-content\/uploads\/2025\/01\/goberno_salceda.jpg","type":"image\/jpeg"}],"author":"Redacci\u00f3n A Nova Peneira","twitter_card":"summary_large_image","twitter_creator":"@APeneira","twitter_site":"@APeneira","twitter_misc":{"Escrito por":"Redacci\u00f3n A Nova Peneira","Tempo de lectura":"3 minutos"},"schema":{"@context":"https:\/\/schema.org","@graph":[{"@type":"Article","@id":"https:\/\/www.anovapeneira.gal\/index.php\/2025\/01\/30\/salceda-inicia-a-contratacion-da-redaccion-do-proxecto-da-nova-rua\/#article","isPartOf":{"@id":"https:\/\/www.anovapeneira.gal\/index.php\/2025\/01\/30\/salceda-inicia-a-contratacion-da-redaccion-do-proxecto-da-nova-rua\/"},"author":{"name":"Redacci\u00f3n A Nova Peneira","@id":"https:\/\/www.anovapeneira.gal\/#\/schema\/person\/b93e3f8932e3f8da96334607eb6ac6aa"},"headline":"Salceda inicia a contrataci\u00f3n da redacci\u00f3n do proxecto da nova r\u00faa","datePublished":"2025-01-30T11:00:10+00:00","mainEntityOfPage":{"@id":"https:\/\/www.anovapeneira.gal\/index.php\/2025\/01\/30\/salceda-inicia-a-contratacion-da-redaccion-do-proxecto-da-nova-rua\/"},"wordCount":470,"commentCount":0,"publisher":{"@id":"https:\/\/www.anovapeneira.gal\/#organization"},"image":{"@id":"https:\/\/www.anovapeneira.gal\/index.php\/2025\/01\/30\/salceda-inicia-a-contratacion-da-redaccion-do-proxecto-da-nova-rua\/#primaryimage"},"thumbnailUrl":"https:\/\/www.anovapeneira.gal\/wp-content\/uploads\/2025\/01\/goberno_salceda.jpg","keywords":["Concello de Salceda de Caselas"],"articleSection":["A Louri\u00f1a"],"inLanguage":"gl-ES","potentialAction":[{"@type":"CommentAction","name":"Comment","target":["https:\/\/www.anovapeneira.gal\/index.php\/2025\/01\/30\/salceda-inicia-a-contratacion-da-redaccion-do-proxecto-da-nova-rua\/#respond"]}]},{"@type":"WebPage","@id":"https:\/\/www.anovapeneira.gal\/index.php\/2025\/01\/30\/salceda-inicia-a-contratacion-da-redaccion-do-proxecto-da-nova-rua\/","url":"https:\/\/www.anovapeneira.gal\/index.php\/2025\/01\/30\/salceda-inicia-a-contratacion-da-redaccion-do-proxecto-da-nova-rua\/","name":"Salceda inicia a contrataci\u00f3n da redacci\u00f3n do proxecto da nova r\u00faa -","isPartOf":{"@id":"https:\/\/www.anovapeneira.gal\/#website"},"primaryImageOfPage":{"@id":"https:\/\/www.anovapeneira.gal\/index.php\/2025\/01\/30\/salceda-inicia-a-contratacion-da-redaccion-do-proxecto-da-nova-rua\/#primaryimage"},"image":{"@id":"https:\/\/www.anovapeneira.gal\/index.php\/2025\/01\/30\/salceda-inicia-a-contratacion-da-redaccion-do-proxecto-da-nova-rua\/#primaryimage"},"thumbnailUrl":"https:\/\/www.anovapeneira.gal\/wp-content\/uploads\/2025\/01\/goberno_salceda.jpg","datePublished":"2025-01-30T11:00:10+00:00","breadcrumb":{"@id":"https:\/\/www.anovapeneira.gal\/index.php\/2025\/01\/30\/salceda-inicia-a-contratacion-da-redaccion-do-proxecto-da-nova-rua\/#breadcrumb"},"inLanguage":"gl-ES","potentialAction":[{"@type":"ReadAction","target":["https:\/\/www.anovapeneira.gal\/index.php\/2025\/01\/30\/salceda-inicia-a-contratacion-da-redaccion-do-proxecto-da-nova-rua\/"]}]},{"@type":"ImageObject","inLanguage":"gl-ES","@id":"https:\/\/www.anovapeneira.gal\/index.php\/2025\/01\/30\/salceda-inicia-a-contratacion-da-redaccion-do-proxecto-da-nova-rua\/#primaryimage","url":"https:\/\/www.anovapeneira.gal\/wp-content\/uploads\/2025\/01\/goberno_salceda.jpg","contentUrl":"https:\/\/www.anovapeneira.gal\/wp-content\/uploads\/2025\/01\/goberno_salceda.jpg","width":720,"height":432,"caption":"Equipo de goberno Salceda"},{"@type":"BreadcrumbList","@id":"https:\/\/www.anovapeneira.gal\/index.php\/2025\/01\/30\/salceda-inicia-a-contratacion-da-redaccion-do-proxecto-da-nova-rua\/#breadcrumb","itemListElement":[{"@type":"ListItem","position":1,"name":"Portada","item":"https:\/\/www.anovapeneira.gal\/"},{"@type":"ListItem","position":2,"name":"Salceda inicia a contrataci\u00f3n da redacci\u00f3n do proxecto da nova r\u00faa"}]},{"@type":"WebSite","@id":"https:\/\/www.anovapeneira.gal\/#website","url":"https:\/\/www.anovapeneira.gal\/","name":"","description":"Xornal galego de informaci\u00f3n xeral Publicaci\u00f3n mensual de novas de Galicia e en especial dos Concellos da sur da provincia de Pontevedra.","publisher":{"@id":"https:\/\/www.anovapeneira.gal\/#organization"},"potentialAction":[{"@type":"SearchAction","target":{"@type":"EntryPoint","urlTemplate":"https:\/\/www.anovapeneira.gal\/?s={search_term_string}"},"query-input":{"@type":"PropertyValueSpecification","valueRequired":true,"valueName":"search_term_string"}}],"inLanguage":"gl-ES"},{"@type":"Organization","@id":"https:\/\/www.anovapeneira.gal\/#organization","name":"A Nova Peneira","url":"https:\/\/www.anovapeneira.gal\/","logo":{"@type":"ImageObject","inLanguage":"gl-ES","@id":"https:\/\/www.anovapeneira.gal\/#\/schema\/logo\/image\/","url":"http:\/\/www.anovapeneira.gal\/wp-content\/uploads\/2019\/06\/logo_a_nova_peneira_portal_web.png","contentUrl":"http:\/\/www.anovapeneira.gal\/wp-content\/uploads\/2019\/06\/logo_a_nova_peneira_portal_web.png","width":300,"height":100,"caption":"A Nova Peneira"},"image":{"@id":"https:\/\/www.anovapeneira.gal\/#\/schema\/logo\/image\/"},"sameAs":["https:\/\/www.facebook.com\/anovapeneira","https:\/\/x.com\/APeneira"]},{"@type":"Person","@id":"https:\/\/www.anovapeneira.gal\/#\/schema\/person\/b93e3f8932e3f8da96334607eb6ac6aa","name":"Redacci\u00f3n A Nova Peneira","image":{"@type":"ImageObject","inLanguage":"gl-ES","@id":"https:\/\/secure.gravatar.com\/avatar\/c052a2551a06e23fac63626232eaa90abd78dbcf1700fc46a2b2c89fd27b735f?s=96&d=mm&r=g","url":"https:\/\/secure.gravatar.com\/avatar\/c052a2551a06e23fac63626232eaa90abd78dbcf1700fc46a2b2c89fd27b735f?s=96&d=mm&r=g","contentUrl":"https:\/\/secure.gravatar.com\/avatar\/c052a2551a06e23fac63626232eaa90abd78dbcf1700fc46a2b2c89fd27b735f?s=96&d=mm&r=g","caption":"Redacci\u00f3n A Nova Peneira"},"sameAs":["http:\/\/www.anovapeneira.gal\/"],"url":"https:\/\/www.anovapeneira.gal\/index.php\/author\/redactor\/"}]}},"jetpack_featured_media_url":"https:\/\/www.anovapeneira.gal\/wp-content\/uploads\/2025\/01\/goberno_salceda.jpg","_links":{"self":[{"href":"https:\/\/www.anovapeneira.gal\/index.php\/wp-json\/wp\/v2\/posts\/13188","targetHints":{"allow":["GET"]}}],"collection":[{"href":"https:\/\/www.anovapeneira.gal\/index.php\/wp-json\/wp\/v2\/posts"}],"about":[{"href":"https:\/\/www.anovapeneira.gal\/index.php\/wp-json\/wp\/v2\/types\/post"}],"author":[{"embeddable":true,"href":"https:\/\/www.anovapeneira.gal\/index.php\/wp-json\/wp\/v2\/users\/3"}],"replies":[{"embeddable":true,"href":"https:\/\/www.anovapeneira.gal\/index.php\/wp-json\/wp\/v2\/comments?post=13188"}],"version-history":[{"count":2,"href":"https:\/\/www.anovapeneira.gal\/index.php\/wp-json\/wp\/v2\/posts\/13188\/revisions"}],"predecessor-version":[{"id":13191,"href":"https:\/\/www.anovapeneira.gal\/index.php\/wp-json\/wp\/v2\/posts\/13188\/revisions\/13191"}],"wp:featuredmedia":[{"embeddable":true,"href":"https:\/\/www.anovapeneira.gal\/index.php\/wp-json\/wp\/v2\/media\/13189"}],"wp:attachment":[{"href":"https:\/\/www.anovapeneira.gal\/index.php\/wp-json\/wp\/v2\/media?parent=13188"}],"wp:term":[{"taxonomy":"category","embeddable":true,"href":"https:\/\/www.anovapeneira.gal\/index.php\/wp-json\/wp\/v2\/categories?post=13188"},{"taxonomy":"post_tag","embeddable":true,"href":"https:\/\/www.anovapeneira.gal\/index.php\/wp-json\/wp\/v2\/tags?post=13188"}],"curies":[{"name":"wp","href":"https:\/\/api.w.org\/{rel}","templated":true}]}}