{"id":13208,"date":"2025-02-04T10:00:29","date_gmt":"2025-02-04T09:00:29","guid":{"rendered":"https:\/\/www.anovapeneira.gal\/?p=13208"},"modified":"2025-01-31T09:57:52","modified_gmt":"2025-01-31T08:57:52","slug":"o-bng-considera-o-ditame-unilateral-da-comision-de-investigacion-unha-mostra-clara-da-deriva-antidemocratica-do-pp","status":"publish","type":"post","link":"https:\/\/www.anovapeneira.gal\/index.php\/2025\/02\/04\/o-bng-considera-o-ditame-unilateral-da-comision-de-investigacion-unha-mostra-clara-da-deriva-antidemocratica-do-pp\/","title":{"rendered":"O BNG considera o ditame unilateral da comisi\u00f3n de investigaci\u00f3n unha mostra clara da deriva antidemocr\u00e1tica do PP"},"content":{"rendered":"\n<h2 class=\"wp-block-heading\"><strong>Iago Tabar\u00e9s chama aos e \u00e1s deputadas do PP a respectar as instituci\u00f3ns e a \u201cnon normalizar a corrupci\u00f3n que nos esnaquiza como sociedade\u201d<\/strong><\/h2>\n\n\n\n<h2 class=\"wp-block-heading\"><strong>Advirte dos prexu\u00edzos dos <\/strong><em><strong>chanchullos<\/strong><\/em><strong> nas contrataci\u00f3ns: benefician as \u201cempresas de <\/strong><em><strong>amiguetes<\/strong><\/em><strong>\u201d e comprometen a viabilidade de moitas pemes<\/strong><\/h2>\n\n\n\n<p><strong>Santiago de Compostela, 28 de xaneiro 2025. Pleno.<\/strong> <\/p>\n\n\n\n<p>O BNG considera que a aprobaci\u00f3n unilateral do ditame da comisi\u00f3n de investigaci\u00f3n sobre os <em>chanchullos<\/em> na contrataci\u00f3n da Xunta, creada a petici\u00f3n dos 25 deputados e deputadas nacionalistas, acredita a \u201cderiva democr\u00e1tica do PP e a s\u00faa crecente falla de respecto institucional\u201d. Un PP que dende o primeiro momento vetou o normal funcionamento da comisi\u00f3n, convert\u00e9ndoa \u201cnun lamentable episodio de corrupci\u00f3n e degradaci\u00f3n institucional e democr\u00e1tica\u201d.<\/p>\n\n\n\n<p>As\u00ed o asegurou o deputado Iago Tabar\u00e9s, encargado de defender o voto particular do Bloque e o voto en contra do ditame elaborado e aprobado unilateralmente polo PP, partido ao que lle recriminou \u201co normalizado que te\u00f1en a corrupci\u00f3n\u201d, tal e como se puido constatar no desenvolvemento da comisi\u00f3n.<\/p>\n\n\n\n<p>Coa s\u00faa maior\u00eda absoluta, os populares impuxeron as normas de funcionamento e o plan de traballo, tratando de impedir que as galegas e os galegos co\u00f1ezan a verdade sobre o sobre custo do Hospital \u00c1lvaro Cunqueiro 500 M\u20ac) e o trato de favor \u00e1s s\u00faas empresas amigas a trav\u00e9s dos contratos menores e de emerxencia da pandemia.<\/p>\n\n\n\n<p>Tabar\u00e9s emprazou aos deputados e deputadas do PP a \u201cnon normalicen a corrupci\u00f3n que nos esnaquiza como sociedade\u201d e subli\u00f1ou os prexu\u00edzos que te\u00f1en para os galegos e as galegas, e para as pequenas e medianas empresas, as irregularidades nas contrataci\u00f3ns da Xunta obxecto de investigaci\u00f3n.<\/p>\n\n\n\n<p>\u201cAdemais de beneficiar \u00e1s empresas de <em>amiguetes<\/em>, fai que moitas aut\u00f3nomas e empresas pequenas non podan sequera competir por contratos p\u00fablicos, vendo comprometida a s\u00faa viabilidade e tendo finalmente que pechar\u201d, advertiu tras aludir tam\u00e9n ao l\u00edmite \u00e1 mellora dos servizos p\u00fablicos que sup\u00f3n a falta de concorrencia nos contratos <em>a dedo<\/em>.<\/p>\n\n\n\n<p><em><strong>O maior derroche da historia da autonom\u00eda<\/strong><\/em><\/p>\n\n\n\n<p>\u201cA condescendencia coa corrupci\u00f3n provoca efectos nos recursos p\u00fablicos e nos servizos p\u00fablicos\u201d, dixo o deputado nacionalista, que se referiu tam\u00e9n os \u201cextraordinarios prexu\u00edzos econ\u00f3micos\u201d provocados pola privatizaci\u00f3n da construci\u00f3n e xesti\u00f3n do hospital de Vigo acordada polo PP, \u201cposiblemente o maior <em>derroche<\/em> de recursos p\u00fablicos da historia da autonom\u00eda\u201d. Fronte ao modelo p\u00fablico que elixira o Goberno de coalici\u00f3n, o modelo escollido polo PP cando chegou \u00e1 Xunta no 2009, resultou \u201cm\u00e1is caro e m\u00e1is pequeno\u201d, provocando tam\u00e9n un retraso na s\u00faa posta en funcionamento.<\/p>\n\n\n\n<p>No que ten que ver cos contratos menores, un sistema legal pero que debe utilizarse de maneira \u201cexcepcional e xustificadamente\u201d, o BNG constatou un \u201cextraordinario abuso\u201d, principalmente no Sergas. S\u00f3 entre os anos 2018 e 2023 a Xunta adxudicou 4.000 mill\u00f3ns de euros en m\u00e1is de 1 mill\u00f3n de euros de este tipo de contratos sen publicidade.<\/p>\n\n\n\n<p>\u201cNa inmensa maior\u00eda dos casos existe a posibilidade de utilizar outras f\u00f3rmulas contractuais que permitan a concorrencia entre empresas, aforren cartos p\u00fablicos e impidan as arbitrariedades\u201d, salientou neste punto Tabar\u00e9s.<\/p>\n\n\n\n<p><em><strong>Infame sistema, con fraccionamentos e l\u00edmites temporais irregulares<\/strong><\/em><\/p>\n\n\n\n<p>Entre outros exemplos, expuxo o caso de Eulen, o grupo que dirixe en Galiza a irm\u00e1 de N\u00fa\u00f1ez Feij\u00f3o e que s\u00f3 nos \u00faltimos cinco anos e s\u00f3 en contratos menores recibiu m\u00e1is de 7 mill\u00f3ns de euros en m\u00e1is de 1.500 contratos, recorrendo a fraccionamentos ou infrinxindo os l\u00edmites temporais. Cada mes, Eulen recibe da Xunta dez mil euros pola limpeza de varias escolas infant\u00eds (Valadares, Muros, Arteixo, Eiris ou Monte Alto) sen licitaci\u00f3n e sen dar a posibilidade a pemes de optar a eses contratos.<\/p>\n\n\n\n<p>O deputado do BNG referiuse as\u00ed mesmo \u00e1 empresa relacionada coa familia da secretaria xeral da Presidencia, Beatriz Cui\u00f1a, que s\u00f3 nos \u00faltimos sete anos recibiu case 800.000 euros en contratos a dedo por servizos que se pod\u00edan facer dende a Administraci\u00f3n. Tam\u00e9n nos \u00faltimos cinco anos, a empresa do alcalde de Xunqueira \u2013\u201cun pata negra\u201d do PP- recibiu 900.000 euros en contratos a dedo por servizos que se repet\u00edan todos os meses (fraccionados) e que deber\u00edan sa\u00edr a licitaci\u00f3n.<\/p>\n\n\n\n<p>De \u201celocuente e exponencial\u201d cualificou, no mesmo sentido, o incremento da contrataci\u00f3n da Xunta coa empresa Allwork Vestuario Laboral, que de 128 euros pasou a contratar por valor de 146.000 \u20ac, xusto no momento no que a secretaria xeral do PP, Paula Prado, e o seu compa\u00f1eiro adquiriron o 50% do capital social da empresa.<\/p>\n\n\n\n<p>Ning\u00fan destes contratos foron remitidos nin \u00e1 comisi\u00f3n de investigaci\u00f3n nin ao Parlamento, a pesar de que o BNG os reclamou conforme ao artigo 9. do Regulamento. O PP tampouco permitiu que se remitisen os contratos de emerxencia asinados durante a pandemia con Universal Support \u00ad-na que \u00e9 alto cargo o cu\u00f1ado de Feij\u00f3o-, co Mape Asosores -da que foi comisionista o compa\u00f1eiro de Ayuso- ou Sibuco -empresa que distribu\u00edu m\u00e1scaras con selo falso e coa que a Xunta seguiu contratando-.<\/p>\n\n\n\n<p>Segundo a propia Xunta, expuxo o deputado do BNG, na pandemia a Administraci\u00f3n galega contratou con 62 empresas pola v\u00eda da emerxencia, e destas s\u00f3 14 non eran provedoras habituais. \u201cCuriosamente\u201d, entre estas \u00faltimas est\u00e1n as tres mencionadas que te\u00f1en relaci\u00f3n con cargos do PP e das que non se puido investigar polos vetos do PP. Mape Asosores foi, ademais, a empresa coa que m\u00e1is se contratou no 2020 e Universal Support, no 2021.<\/p>\n\n\n\n<p>\u201cPara non ter experiencia e non ter unha solvencia acreditada, semella que a confianza era moita\u201d, ironizou do deputado ourens\u00e1n, que durante a s\u00faa intervenci\u00f3n tachou de \u201cinfame\u201d o sistema de contrataci\u00f3n e de xesti\u00f3n de recursos p\u00fablicos do PP de Feij\u00f3o e Rueda.<\/p>\n","protected":false},"excerpt":{"rendered":"<div class=\"mh-excerpt\"><p>Iago Tabar\u00e9s chama aos e \u00e1s deputadas do PP a respectar as instituci\u00f3ns e a \u201cnon normalizar a corrupci\u00f3n que nos esnaquiza como sociedade\u201d Advirte dos prexu\u00edzos dos chanchullos nas contrataci\u00f3ns: benefician as \u201cempresas de <a class=\"mh-excerpt-more\" href=\"https:\/\/www.anovapeneira.gal\/index.php\/2025\/02\/04\/o-bng-considera-o-ditame-unilateral-da-comision-de-investigacion-unha-mostra-clara-da-deriva-antidemocratica-do-pp\/\" title=\"O BNG considera o ditame unilateral da comisi\u00f3n de investigaci\u00f3n unha mostra clara da deriva antidemocr\u00e1tica do PP\">[&#8230;]<\/a><\/p>\n<\/div>","protected":false},"author":3,"featured_media":13209,"comment_status":"open","ping_status":"open","sticky":false,"template":"","format":"standard","meta":{"_exactmetrics_skip_tracking":false,"_exactmetrics_sitenote_active":false,"_exactmetrics_sitenote_note":"","_exactmetrics_sitenote_category":0,"footnotes":""},"categories":[263],"tags":[10],"class_list":{"0":"post-13208","1":"post","2":"type-post","3":"status-publish","4":"format-standard","5":"has-post-thumbnail","7":"category-novas","8":"tag-bng"},"yoast_head":"<!-- This site is optimized with the Yoast SEO plugin v27.4 - https:\/\/yoast.com\/product\/yoast-seo-wordpress\/ -->\n<title>O BNG considera o ditame unilateral da comisi\u00f3n de investigaci\u00f3n unha mostra clara da deriva antidemocr\u00e1tica do PP -<\/title>\n<meta name=\"robots\" content=\"index, follow, max-snippet:-1, max-image-preview:large, max-video-preview:-1\" \/>\n<link rel=\"canonical\" href=\"https:\/\/www.anovapeneira.gal\/index.php\/2025\/02\/04\/o-bng-considera-o-ditame-unilateral-da-comision-de-investigacion-unha-mostra-clara-da-deriva-antidemocratica-do-pp\/\" \/>\n<meta property=\"og:locale\" content=\"gl_ES\" \/>\n<meta property=\"og:type\" content=\"article\" \/>\n<meta property=\"og:title\" content=\"O BNG considera o ditame unilateral da comisi\u00f3n de investigaci\u00f3n unha mostra clara da deriva antidemocr\u00e1tica do PP -\" \/>\n<meta property=\"og:description\" content=\"Iago Tabar\u00e9s chama aos e \u00e1s deputadas do PP a respectar as instituci\u00f3ns e a \u201cnon normalizar a corrupci\u00f3n que nos esnaquiza como sociedade\u201d Advirte dos prexu\u00edzos dos chanchullos nas contrataci\u00f3ns: benefician as \u201cempresas de [...]\" \/>\n<meta property=\"og:url\" content=\"https:\/\/www.anovapeneira.gal\/index.php\/2025\/02\/04\/o-bng-considera-o-ditame-unilateral-da-comision-de-investigacion-unha-mostra-clara-da-deriva-antidemocratica-do-pp\/\" \/>\n<meta property=\"article:publisher\" content=\"https:\/\/www.facebook.com\/anovapeneira\" \/>\n<meta property=\"article:published_time\" content=\"2025-02-04T09:00:29+00:00\" \/>\n<meta property=\"og:image\" content=\"https:\/\/www.anovapeneira.gal\/wp-content\/uploads\/2025\/01\/iago_tabares.jpg\" \/>\n\t<meta property=\"og:image:width\" content=\"720\" \/>\n\t<meta property=\"og:image:height\" content=\"432\" \/>\n\t<meta property=\"og:image:type\" content=\"image\/jpeg\" \/>\n<meta name=\"author\" content=\"Redacci\u00f3n A Nova Peneira\" \/>\n<meta name=\"twitter:card\" content=\"summary_large_image\" \/>\n<meta name=\"twitter:creator\" content=\"@APeneira\" \/>\n<meta name=\"twitter:site\" content=\"@APeneira\" \/>\n<meta name=\"twitter:label1\" content=\"Escrito por\" \/>\n\t<meta name=\"twitter:data1\" content=\"Redacci\u00f3n A Nova Peneira\" \/>\n\t<meta name=\"twitter:label2\" content=\"Tempo de lectura\" \/>\n\t<meta name=\"twitter:data2\" content=\"6 minutos\" \/>\n<script type=\"application\/ld+json\" class=\"yoast-schema-graph\">{\"@context\":\"https:\\\/\\\/schema.org\",\"@graph\":[{\"@type\":\"Article\",\"@id\":\"https:\\\/\\\/www.anovapeneira.gal\\\/index.php\\\/2025\\\/02\\\/04\\\/o-bng-considera-o-ditame-unilateral-da-comision-de-investigacion-unha-mostra-clara-da-deriva-antidemocratica-do-pp\\\/#article\",\"isPartOf\":{\"@id\":\"https:\\\/\\\/www.anovapeneira.gal\\\/index.php\\\/2025\\\/02\\\/04\\\/o-bng-considera-o-ditame-unilateral-da-comision-de-investigacion-unha-mostra-clara-da-deriva-antidemocratica-do-pp\\\/\"},\"author\":{\"name\":\"Redacci\u00f3n A Nova Peneira\",\"@id\":\"https:\\\/\\\/www.anovapeneira.gal\\\/#\\\/schema\\\/person\\\/b93e3f8932e3f8da96334607eb6ac6aa\"},\"headline\":\"O BNG considera o ditame unilateral da comisi\u00f3n de investigaci\u00f3n unha mostra clara da deriva antidemocr\u00e1tica do PP\",\"datePublished\":\"2025-02-04T09:00:29+00:00\",\"mainEntityOfPage\":{\"@id\":\"https:\\\/\\\/www.anovapeneira.gal\\\/index.php\\\/2025\\\/02\\\/04\\\/o-bng-considera-o-ditame-unilateral-da-comision-de-investigacion-unha-mostra-clara-da-deriva-antidemocratica-do-pp\\\/\"},\"wordCount\":1030,\"commentCount\":0,\"publisher\":{\"@id\":\"https:\\\/\\\/www.anovapeneira.gal\\\/#organization\"},\"image\":{\"@id\":\"https:\\\/\\\/www.anovapeneira.gal\\\/index.php\\\/2025\\\/02\\\/04\\\/o-bng-considera-o-ditame-unilateral-da-comision-de-investigacion-unha-mostra-clara-da-deriva-antidemocratica-do-pp\\\/#primaryimage\"},\"thumbnailUrl\":\"https:\\\/\\\/www.anovapeneira.gal\\\/wp-content\\\/uploads\\\/2025\\\/01\\\/iago_tabares.jpg\",\"keywords\":[\"BNG\"],\"articleSection\":[\"Novas\"],\"inLanguage\":\"gl-ES\",\"potentialAction\":[{\"@type\":\"CommentAction\",\"name\":\"Comment\",\"target\":[\"https:\\\/\\\/www.anovapeneira.gal\\\/index.php\\\/2025\\\/02\\\/04\\\/o-bng-considera-o-ditame-unilateral-da-comision-de-investigacion-unha-mostra-clara-da-deriva-antidemocratica-do-pp\\\/#respond\"]}]},{\"@type\":\"WebPage\",\"@id\":\"https:\\\/\\\/www.anovapeneira.gal\\\/index.php\\\/2025\\\/02\\\/04\\\/o-bng-considera-o-ditame-unilateral-da-comision-de-investigacion-unha-mostra-clara-da-deriva-antidemocratica-do-pp\\\/\",\"url\":\"https:\\\/\\\/www.anovapeneira.gal\\\/index.php\\\/2025\\\/02\\\/04\\\/o-bng-considera-o-ditame-unilateral-da-comision-de-investigacion-unha-mostra-clara-da-deriva-antidemocratica-do-pp\\\/\",\"name\":\"O BNG considera o ditame unilateral da comisi\u00f3n de investigaci\u00f3n unha mostra clara da deriva antidemocr\u00e1tica do PP -\",\"isPartOf\":{\"@id\":\"https:\\\/\\\/www.anovapeneira.gal\\\/#website\"},\"primaryImageOfPage\":{\"@id\":\"https:\\\/\\\/www.anovapeneira.gal\\\/index.php\\\/2025\\\/02\\\/04\\\/o-bng-considera-o-ditame-unilateral-da-comision-de-investigacion-unha-mostra-clara-da-deriva-antidemocratica-do-pp\\\/#primaryimage\"},\"image\":{\"@id\":\"https:\\\/\\\/www.anovapeneira.gal\\\/index.php\\\/2025\\\/02\\\/04\\\/o-bng-considera-o-ditame-unilateral-da-comision-de-investigacion-unha-mostra-clara-da-deriva-antidemocratica-do-pp\\\/#primaryimage\"},\"thumbnailUrl\":\"https:\\\/\\\/www.anovapeneira.gal\\\/wp-content\\\/uploads\\\/2025\\\/01\\\/iago_tabares.jpg\",\"datePublished\":\"2025-02-04T09:00:29+00:00\",\"breadcrumb\":{\"@id\":\"https:\\\/\\\/www.anovapeneira.gal\\\/index.php\\\/2025\\\/02\\\/04\\\/o-bng-considera-o-ditame-unilateral-da-comision-de-investigacion-unha-mostra-clara-da-deriva-antidemocratica-do-pp\\\/#breadcrumb\"},\"inLanguage\":\"gl-ES\",\"potentialAction\":[{\"@type\":\"ReadAction\",\"target\":[\"https:\\\/\\\/www.anovapeneira.gal\\\/index.php\\\/2025\\\/02\\\/04\\\/o-bng-considera-o-ditame-unilateral-da-comision-de-investigacion-unha-mostra-clara-da-deriva-antidemocratica-do-pp\\\/\"]}]},{\"@type\":\"ImageObject\",\"inLanguage\":\"gl-ES\",\"@id\":\"https:\\\/\\\/www.anovapeneira.gal\\\/index.php\\\/2025\\\/02\\\/04\\\/o-bng-considera-o-ditame-unilateral-da-comision-de-investigacion-unha-mostra-clara-da-deriva-antidemocratica-do-pp\\\/#primaryimage\",\"url\":\"https:\\\/\\\/www.anovapeneira.gal\\\/wp-content\\\/uploads\\\/2025\\\/01\\\/iago_tabares.jpg\",\"contentUrl\":\"https:\\\/\\\/www.anovapeneira.gal\\\/wp-content\\\/uploads\\\/2025\\\/01\\\/iago_tabares.jpg\",\"width\":720,\"height\":432,\"caption\":\"O BNG considera o ditame unilateral da comisi\u00f3n de investigaci\u00f3n unha mostra clara da deriva antidemocr\u00e1tica do PP\"},{\"@type\":\"BreadcrumbList\",\"@id\":\"https:\\\/\\\/www.anovapeneira.gal\\\/index.php\\\/2025\\\/02\\\/04\\\/o-bng-considera-o-ditame-unilateral-da-comision-de-investigacion-unha-mostra-clara-da-deriva-antidemocratica-do-pp\\\/#breadcrumb\",\"itemListElement\":[{\"@type\":\"ListItem\",\"position\":1,\"name\":\"Portada\",\"item\":\"https:\\\/\\\/www.anovapeneira.gal\\\/\"},{\"@type\":\"ListItem\",\"position\":2,\"name\":\"O BNG considera o ditame unilateral da comisi\u00f3n de investigaci\u00f3n unha mostra clara da deriva antidemocr\u00e1tica do PP\"}]},{\"@type\":\"WebSite\",\"@id\":\"https:\\\/\\\/www.anovapeneira.gal\\\/#website\",\"url\":\"https:\\\/\\\/www.anovapeneira.gal\\\/\",\"name\":\"\",\"description\":\"Xornal galego de informaci\u00f3n xeral Publicaci\u00f3n mensual de novas de Galicia e en especial dos Concellos da sur da provincia de Pontevedra.\",\"publisher\":{\"@id\":\"https:\\\/\\\/www.anovapeneira.gal\\\/#organization\"},\"potentialAction\":[{\"@type\":\"SearchAction\",\"target\":{\"@type\":\"EntryPoint\",\"urlTemplate\":\"https:\\\/\\\/www.anovapeneira.gal\\\/?s={search_term_string}\"},\"query-input\":{\"@type\":\"PropertyValueSpecification\",\"valueRequired\":true,\"valueName\":\"search_term_string\"}}],\"inLanguage\":\"gl-ES\"},{\"@type\":\"Organization\",\"@id\":\"https:\\\/\\\/www.anovapeneira.gal\\\/#organization\",\"name\":\"A Nova Peneira\",\"url\":\"https:\\\/\\\/www.anovapeneira.gal\\\/\",\"logo\":{\"@type\":\"ImageObject\",\"inLanguage\":\"gl-ES\",\"@id\":\"https:\\\/\\\/www.anovapeneira.gal\\\/#\\\/schema\\\/logo\\\/image\\\/\",\"url\":\"http:\\\/\\\/www.anovapeneira.gal\\\/wp-content\\\/uploads\\\/2019\\\/06\\\/logo_a_nova_peneira_portal_web.png\",\"contentUrl\":\"http:\\\/\\\/www.anovapeneira.gal\\\/wp-content\\\/uploads\\\/2019\\\/06\\\/logo_a_nova_peneira_portal_web.png\",\"width\":300,\"height\":100,\"caption\":\"A Nova Peneira\"},\"image\":{\"@id\":\"https:\\\/\\\/www.anovapeneira.gal\\\/#\\\/schema\\\/logo\\\/image\\\/\"},\"sameAs\":[\"https:\\\/\\\/www.facebook.com\\\/anovapeneira\",\"https:\\\/\\\/x.com\\\/APeneira\"]},{\"@type\":\"Person\",\"@id\":\"https:\\\/\\\/www.anovapeneira.gal\\\/#\\\/schema\\\/person\\\/b93e3f8932e3f8da96334607eb6ac6aa\",\"name\":\"Redacci\u00f3n A Nova Peneira\",\"image\":{\"@type\":\"ImageObject\",\"inLanguage\":\"gl-ES\",\"@id\":\"https:\\\/\\\/secure.gravatar.com\\\/avatar\\\/c052a2551a06e23fac63626232eaa90abd78dbcf1700fc46a2b2c89fd27b735f?s=96&d=mm&r=g\",\"url\":\"https:\\\/\\\/secure.gravatar.com\\\/avatar\\\/c052a2551a06e23fac63626232eaa90abd78dbcf1700fc46a2b2c89fd27b735f?s=96&d=mm&r=g\",\"contentUrl\":\"https:\\\/\\\/secure.gravatar.com\\\/avatar\\\/c052a2551a06e23fac63626232eaa90abd78dbcf1700fc46a2b2c89fd27b735f?s=96&d=mm&r=g\",\"caption\":\"Redacci\u00f3n A Nova Peneira\"},\"sameAs\":[\"http:\\\/\\\/www.anovapeneira.gal\\\/\"],\"url\":\"https:\\\/\\\/www.anovapeneira.gal\\\/index.php\\\/author\\\/redactor\\\/\"}]}<\/script>\n<!-- \/ Yoast SEO plugin. -->","yoast_head_json":{"title":"O BNG considera o ditame unilateral da comisi\u00f3n de investigaci\u00f3n unha mostra clara da deriva antidemocr\u00e1tica do PP -","robots":{"index":"index","follow":"follow","max-snippet":"max-snippet:-1","max-image-preview":"max-image-preview:large","max-video-preview":"max-video-preview:-1"},"canonical":"https:\/\/www.anovapeneira.gal\/index.php\/2025\/02\/04\/o-bng-considera-o-ditame-unilateral-da-comision-de-investigacion-unha-mostra-clara-da-deriva-antidemocratica-do-pp\/","og_locale":"gl_ES","og_type":"article","og_title":"O BNG considera o ditame unilateral da comisi\u00f3n de investigaci\u00f3n unha mostra clara da deriva antidemocr\u00e1tica do PP -","og_description":"Iago Tabar\u00e9s chama aos e \u00e1s deputadas do PP a respectar as instituci\u00f3ns e a \u201cnon normalizar a corrupci\u00f3n que nos esnaquiza como sociedade\u201d Advirte dos prexu\u00edzos dos chanchullos nas contrataci\u00f3ns: benefician as \u201cempresas de [...]","og_url":"https:\/\/www.anovapeneira.gal\/index.php\/2025\/02\/04\/o-bng-considera-o-ditame-unilateral-da-comision-de-investigacion-unha-mostra-clara-da-deriva-antidemocratica-do-pp\/","article_publisher":"https:\/\/www.facebook.com\/anovapeneira","article_published_time":"2025-02-04T09:00:29+00:00","og_image":[{"width":720,"height":432,"url":"https:\/\/www.anovapeneira.gal\/wp-content\/uploads\/2025\/01\/iago_tabares.jpg","type":"image\/jpeg"}],"author":"Redacci\u00f3n A Nova Peneira","twitter_card":"summary_large_image","twitter_creator":"@APeneira","twitter_site":"@APeneira","twitter_misc":{"Escrito por":"Redacci\u00f3n A Nova Peneira","Tempo de lectura":"6 minutos"},"schema":{"@context":"https:\/\/schema.org","@graph":[{"@type":"Article","@id":"https:\/\/www.anovapeneira.gal\/index.php\/2025\/02\/04\/o-bng-considera-o-ditame-unilateral-da-comision-de-investigacion-unha-mostra-clara-da-deriva-antidemocratica-do-pp\/#article","isPartOf":{"@id":"https:\/\/www.anovapeneira.gal\/index.php\/2025\/02\/04\/o-bng-considera-o-ditame-unilateral-da-comision-de-investigacion-unha-mostra-clara-da-deriva-antidemocratica-do-pp\/"},"author":{"name":"Redacci\u00f3n A Nova Peneira","@id":"https:\/\/www.anovapeneira.gal\/#\/schema\/person\/b93e3f8932e3f8da96334607eb6ac6aa"},"headline":"O BNG considera o ditame unilateral da comisi\u00f3n de investigaci\u00f3n unha mostra clara da deriva antidemocr\u00e1tica do PP","datePublished":"2025-02-04T09:00:29+00:00","mainEntityOfPage":{"@id":"https:\/\/www.anovapeneira.gal\/index.php\/2025\/02\/04\/o-bng-considera-o-ditame-unilateral-da-comision-de-investigacion-unha-mostra-clara-da-deriva-antidemocratica-do-pp\/"},"wordCount":1030,"commentCount":0,"publisher":{"@id":"https:\/\/www.anovapeneira.gal\/#organization"},"image":{"@id":"https:\/\/www.anovapeneira.gal\/index.php\/2025\/02\/04\/o-bng-considera-o-ditame-unilateral-da-comision-de-investigacion-unha-mostra-clara-da-deriva-antidemocratica-do-pp\/#primaryimage"},"thumbnailUrl":"https:\/\/www.anovapeneira.gal\/wp-content\/uploads\/2025\/01\/iago_tabares.jpg","keywords":["BNG"],"articleSection":["Novas"],"inLanguage":"gl-ES","potentialAction":[{"@type":"CommentAction","name":"Comment","target":["https:\/\/www.anovapeneira.gal\/index.php\/2025\/02\/04\/o-bng-considera-o-ditame-unilateral-da-comision-de-investigacion-unha-mostra-clara-da-deriva-antidemocratica-do-pp\/#respond"]}]},{"@type":"WebPage","@id":"https:\/\/www.anovapeneira.gal\/index.php\/2025\/02\/04\/o-bng-considera-o-ditame-unilateral-da-comision-de-investigacion-unha-mostra-clara-da-deriva-antidemocratica-do-pp\/","url":"https:\/\/www.anovapeneira.gal\/index.php\/2025\/02\/04\/o-bng-considera-o-ditame-unilateral-da-comision-de-investigacion-unha-mostra-clara-da-deriva-antidemocratica-do-pp\/","name":"O BNG considera o ditame unilateral da comisi\u00f3n de investigaci\u00f3n unha mostra clara da deriva antidemocr\u00e1tica do PP -","isPartOf":{"@id":"https:\/\/www.anovapeneira.gal\/#website"},"primaryImageOfPage":{"@id":"https:\/\/www.anovapeneira.gal\/index.php\/2025\/02\/04\/o-bng-considera-o-ditame-unilateral-da-comision-de-investigacion-unha-mostra-clara-da-deriva-antidemocratica-do-pp\/#primaryimage"},"image":{"@id":"https:\/\/www.anovapeneira.gal\/index.php\/2025\/02\/04\/o-bng-considera-o-ditame-unilateral-da-comision-de-investigacion-unha-mostra-clara-da-deriva-antidemocratica-do-pp\/#primaryimage"},"thumbnailUrl":"https:\/\/www.anovapeneira.gal\/wp-content\/uploads\/2025\/01\/iago_tabares.jpg","datePublished":"2025-02-04T09:00:29+00:00","breadcrumb":{"@id":"https:\/\/www.anovapeneira.gal\/index.php\/2025\/02\/04\/o-bng-considera-o-ditame-unilateral-da-comision-de-investigacion-unha-mostra-clara-da-deriva-antidemocratica-do-pp\/#breadcrumb"},"inLanguage":"gl-ES","potentialAction":[{"@type":"ReadAction","target":["https:\/\/www.anovapeneira.gal\/index.php\/2025\/02\/04\/o-bng-considera-o-ditame-unilateral-da-comision-de-investigacion-unha-mostra-clara-da-deriva-antidemocratica-do-pp\/"]}]},{"@type":"ImageObject","inLanguage":"gl-ES","@id":"https:\/\/www.anovapeneira.gal\/index.php\/2025\/02\/04\/o-bng-considera-o-ditame-unilateral-da-comision-de-investigacion-unha-mostra-clara-da-deriva-antidemocratica-do-pp\/#primaryimage","url":"https:\/\/www.anovapeneira.gal\/wp-content\/uploads\/2025\/01\/iago_tabares.jpg","contentUrl":"https:\/\/www.anovapeneira.gal\/wp-content\/uploads\/2025\/01\/iago_tabares.jpg","width":720,"height":432,"caption":"O BNG considera o ditame unilateral da comisi\u00f3n de investigaci\u00f3n unha mostra clara da deriva antidemocr\u00e1tica do PP"},{"@type":"BreadcrumbList","@id":"https:\/\/www.anovapeneira.gal\/index.php\/2025\/02\/04\/o-bng-considera-o-ditame-unilateral-da-comision-de-investigacion-unha-mostra-clara-da-deriva-antidemocratica-do-pp\/#breadcrumb","itemListElement":[{"@type":"ListItem","position":1,"name":"Portada","item":"https:\/\/www.anovapeneira.gal\/"},{"@type":"ListItem","position":2,"name":"O BNG considera o ditame unilateral da comisi\u00f3n de investigaci\u00f3n unha mostra clara da deriva antidemocr\u00e1tica do PP"}]},{"@type":"WebSite","@id":"https:\/\/www.anovapeneira.gal\/#website","url":"https:\/\/www.anovapeneira.gal\/","name":"","description":"Xornal galego de informaci\u00f3n xeral Publicaci\u00f3n mensual de novas de Galicia e en especial dos Concellos da sur da provincia de Pontevedra.","publisher":{"@id":"https:\/\/www.anovapeneira.gal\/#organization"},"potentialAction":[{"@type":"SearchAction","target":{"@type":"EntryPoint","urlTemplate":"https:\/\/www.anovapeneira.gal\/?s={search_term_string}"},"query-input":{"@type":"PropertyValueSpecification","valueRequired":true,"valueName":"search_term_string"}}],"inLanguage":"gl-ES"},{"@type":"Organization","@id":"https:\/\/www.anovapeneira.gal\/#organization","name":"A Nova Peneira","url":"https:\/\/www.anovapeneira.gal\/","logo":{"@type":"ImageObject","inLanguage":"gl-ES","@id":"https:\/\/www.anovapeneira.gal\/#\/schema\/logo\/image\/","url":"http:\/\/www.anovapeneira.gal\/wp-content\/uploads\/2019\/06\/logo_a_nova_peneira_portal_web.png","contentUrl":"http:\/\/www.anovapeneira.gal\/wp-content\/uploads\/2019\/06\/logo_a_nova_peneira_portal_web.png","width":300,"height":100,"caption":"A Nova Peneira"},"image":{"@id":"https:\/\/www.anovapeneira.gal\/#\/schema\/logo\/image\/"},"sameAs":["https:\/\/www.facebook.com\/anovapeneira","https:\/\/x.com\/APeneira"]},{"@type":"Person","@id":"https:\/\/www.anovapeneira.gal\/#\/schema\/person\/b93e3f8932e3f8da96334607eb6ac6aa","name":"Redacci\u00f3n A Nova Peneira","image":{"@type":"ImageObject","inLanguage":"gl-ES","@id":"https:\/\/secure.gravatar.com\/avatar\/c052a2551a06e23fac63626232eaa90abd78dbcf1700fc46a2b2c89fd27b735f?s=96&d=mm&r=g","url":"https:\/\/secure.gravatar.com\/avatar\/c052a2551a06e23fac63626232eaa90abd78dbcf1700fc46a2b2c89fd27b735f?s=96&d=mm&r=g","contentUrl":"https:\/\/secure.gravatar.com\/avatar\/c052a2551a06e23fac63626232eaa90abd78dbcf1700fc46a2b2c89fd27b735f?s=96&d=mm&r=g","caption":"Redacci\u00f3n A Nova Peneira"},"sameAs":["http:\/\/www.anovapeneira.gal\/"],"url":"https:\/\/www.anovapeneira.gal\/index.php\/author\/redactor\/"}]}},"jetpack_featured_media_url":"https:\/\/www.anovapeneira.gal\/wp-content\/uploads\/2025\/01\/iago_tabares.jpg","_links":{"self":[{"href":"https:\/\/www.anovapeneira.gal\/index.php\/wp-json\/wp\/v2\/posts\/13208","targetHints":{"allow":["GET"]}}],"collection":[{"href":"https:\/\/www.anovapeneira.gal\/index.php\/wp-json\/wp\/v2\/posts"}],"about":[{"href":"https:\/\/www.anovapeneira.gal\/index.php\/wp-json\/wp\/v2\/types\/post"}],"author":[{"embeddable":true,"href":"https:\/\/www.anovapeneira.gal\/index.php\/wp-json\/wp\/v2\/users\/3"}],"replies":[{"embeddable":true,"href":"https:\/\/www.anovapeneira.gal\/index.php\/wp-json\/wp\/v2\/comments?post=13208"}],"version-history":[{"count":1,"href":"https:\/\/www.anovapeneira.gal\/index.php\/wp-json\/wp\/v2\/posts\/13208\/revisions"}],"predecessor-version":[{"id":13210,"href":"https:\/\/www.anovapeneira.gal\/index.php\/wp-json\/wp\/v2\/posts\/13208\/revisions\/13210"}],"wp:featuredmedia":[{"embeddable":true,"href":"https:\/\/www.anovapeneira.gal\/index.php\/wp-json\/wp\/v2\/media\/13209"}],"wp:attachment":[{"href":"https:\/\/www.anovapeneira.gal\/index.php\/wp-json\/wp\/v2\/media?parent=13208"}],"wp:term":[{"taxonomy":"category","embeddable":true,"href":"https:\/\/www.anovapeneira.gal\/index.php\/wp-json\/wp\/v2\/categories?post=13208"},{"taxonomy":"post_tag","embeddable":true,"href":"https:\/\/www.anovapeneira.gal\/index.php\/wp-json\/wp\/v2\/tags?post=13208"}],"curies":[{"name":"wp","href":"https:\/\/api.w.org\/{rel}","templated":true}]}}