{"id":13229,"date":"2025-02-06T12:00:14","date_gmt":"2025-02-06T11:00:14","guid":{"rendered":"https:\/\/www.anovapeneira.gal\/?p=13229"},"modified":"2025-02-04T10:03:38","modified_gmt":"2025-02-04T09:03:38","slug":"o-psoe-rexeita-unha-mocion-do-bng-para-paliar-os-efectos-das-enchentas-do-rio-verdugo-ao-seu-paso-por-ponte-caldelas","status":"publish","type":"post","link":"https:\/\/www.anovapeneira.gal\/index.php\/2025\/02\/06\/o-psoe-rexeita-unha-mocion-do-bng-para-paliar-os-efectos-das-enchentas-do-rio-verdugo-ao-seu-paso-por-ponte-caldelas\/","title":{"rendered":"O PSOE rexeita unha moci\u00f3n do BNG para paliar os efectos das enchentas do r\u00edo Verdugo ao seu paso por Ponte Caldelas"},"content":{"rendered":"\n<h2 class=\"wp-block-heading\"><strong>Sol Seoane insta a xestionar o r\u00edo coas premisas cient\u00edficas e t\u00e9cnicas <\/strong><strong>deste s\u00e9culo, avogando por facer un estudo t\u00e9cnico que permita eliminar<\/strong><strong>a represa de Parada e mellorar o bosque de ribeira<\/strong><\/h2>\n\n\n\n<p><strong>Ponte Caldelas, 30 de xaneiro de 2025. <\/strong><\/p>\n\n\n\n<p>\u201cO Rio Verdugo constituese como a columna vertebral do territorio e da identidade do noso Concello. Un Rio marabilloso mais inmoderado, con enchentes anuais\u201d, en palabras da portavoz nacionalista Sol Seoane.<\/p>\n\n\n\n<p>As enchentas son inevitables, por naturais. \u201cTemos que defendernos das s\u00faas enchentes porque estas van, sin lugar a d\u00fabidas, a m\u00e1is, neste contexto de cambio clim\u00e1tico. As mesmas raz\u00f3ns que provocaron a DANA de Valencia act\u00faan tam\u00e9n aqu\u00ed con outras caracter\u00edsticas. Segundo os modelos cient\u00edficos, os episodios extremos, van ir a m\u00e1is\u201d.<\/p>\n\n\n\n<p>Para a portavoz nacionalista, \u201chai que ter claro uns cantos aspectos para defender o rio. Isto significa moitas cousas, unha das mais importantes ser\u00eda evitar a s\u00faa contaminaci\u00f3n eliminando o principal foco que son os micropl\u00e1sticos do campo de futbol da Chan da Barcia. Al\u00e9n de pol\u00e9micas sobre os verquidos feitos podemos asegurar que cantidades significativas deste potente contaminante foron deitados ao R\u00edo nas \u00faltimas enchentas. Hai que saber que os permisos e as declaraci\u00f3ns responsables asinadas polo Alcalde foron papel mollado en menos dun ano. Ter a catalogaci\u00f3n de &#8221; zona non inundable &#8221; en Augas de Galiza non pode ser aproveitado para facer unha temeridade como a que se fixo vostede, aproveitando un erro burocr\u00e1tico para volver a dotar o campo de futbol c\u00f3s mesmos compo\u00f1entes contaminantes que o anterior\u201d, afirmou Sol Seoane.<\/p>\n\n\n\n<p>A xesti\u00f3n da contorna do Rio ten que mudar. A vexetaci\u00f3n de ribeira non \u00e9 o inimigo , antes ben, axuda a baixar a velocidade da auga e ret\u00e9n as ribeiras evitando a erosi\u00f3n.<\/p>\n\n\n\n<p>Os obst\u00e1culos in\u00fatilizados como a antiga levada de Parada, hoxe sen uso dende fai d\u00e9cadas, hai que retiralos.<\/p>\n\n\n\n<p>A portavoz nacionalista fixo fincap\u00e9 \u201cnos estudios previos e simulaci\u00f3ns por ordenador elaborados por t\u00e9cnicos e presentados recentemente na casa da cultura, que indican que a eliminaci\u00f3n dese obst\u00e1culo pode permitir que \ufb02ua mellor a auga no seu cauce baixando a cota de inundaci\u00f3n na zona da biblioteca e do paseo e que non suba o nivel da zona inundable protexendo as\u00ed as d\u00faas marxes do r\u00edo\u201d.<\/p>\n\n\n\n<p>O BNG apelou ao goberno municipal a \u201cxestionar o rio coas premisas cient\u00edficas e t\u00e9cnicas deste s\u00e9culo\u201d, e nesta sentido a moci\u00f3n, rexeitada polo alcalde e o seu grupo, conti\u00f1a tres puntos:<\/p>\n\n\n\n<ol class=\"wp-block-list\">\n<li>instar ao goberno municipal a facer un estudo t\u00e9cnico serio que nos informe sobre as cotas exactas de baixada de nivel a consecuencia da eliminaci\u00f3n da represa de Parada, que fai de obst\u00e1culo claro para o transcurso do caudal da auga do r\u00edo.<\/li>\n<\/ol>\n\n\n\n<ol start=\"2\" class=\"wp-block-list\">\n<li>Obter os permisos de Augas de Galiza e proceder \u00e1 eliminaci\u00f3n da presa de Parada.<\/li>\n<\/ol>\n\n\n\n<ol start=\"3\" class=\"wp-block-list\">\n<li>Evitar as podas e cortas agresivas aplicadas nas \u00faltimas intervenci\u00f3ns levadas a cabo, aplicando medidas de mantemento e mellora do bosque de ribeira que axudan a manter un r\u00edo vivo e rete\u00f1en as correntes de auga.<\/li>\n<\/ol>\n","protected":false},"excerpt":{"rendered":"<div class=\"mh-excerpt\"><p>Sol Seoane insta a xestionar o r\u00edo coas premisas cient\u00edficas e t\u00e9cnicas deste s\u00e9culo, avogando por facer un estudo t\u00e9cnico que permita eliminara represa de Parada e mellorar o bosque de ribeira <a class=\"mh-excerpt-more\" href=\"https:\/\/www.anovapeneira.gal\/index.php\/2025\/02\/06\/o-psoe-rexeita-unha-mocion-do-bng-para-paliar-os-efectos-das-enchentas-do-rio-verdugo-ao-seu-paso-por-ponte-caldelas\/\" title=\"O PSOE rexeita unha moci\u00f3n do BNG para paliar os efectos das enchentas do r\u00edo Verdugo ao seu paso por Ponte Caldelas\">[&#8230;]<\/a><\/p>\n<\/div>","protected":false},"author":3,"featured_media":12163,"comment_status":"open","ping_status":"open","sticky":false,"template":"","format":"standard","meta":{"_exactmetrics_skip_tracking":false,"_exactmetrics_sitenote_active":false,"_exactmetrics_sitenote_note":"","_exactmetrics_sitenote_category":0,"footnotes":""},"categories":[26,1],"tags":[128],"class_list":{"0":"post-13229","1":"post","2":"type-post","3":"status-publish","4":"format-standard","5":"has-post-thumbnail","7":"category-pontevedra","8":"category-sin-categoria","9":"tag-concello-de-ponte-caldelas"},"yoast_head":"<!-- This site is optimized with the Yoast SEO plugin v27.4 - https:\/\/yoast.com\/product\/yoast-seo-wordpress\/ -->\n<title>O PSOE rexeita unha moci\u00f3n do BNG para paliar os efectos das enchentas do r\u00edo Verdugo ao seu paso por Ponte Caldelas -<\/title>\n<meta name=\"robots\" content=\"index, follow, max-snippet:-1, max-image-preview:large, max-video-preview:-1\" \/>\n<link rel=\"canonical\" href=\"https:\/\/www.anovapeneira.gal\/index.php\/2025\/02\/06\/o-psoe-rexeita-unha-mocion-do-bng-para-paliar-os-efectos-das-enchentas-do-rio-verdugo-ao-seu-paso-por-ponte-caldelas\/\" \/>\n<meta property=\"og:locale\" content=\"gl_ES\" \/>\n<meta property=\"og:type\" content=\"article\" \/>\n<meta property=\"og:title\" content=\"O PSOE rexeita unha moci\u00f3n do BNG para paliar os efectos das enchentas do r\u00edo Verdugo ao seu paso por Ponte Caldelas -\" \/>\n<meta property=\"og:description\" content=\"Sol Seoane insta a xestionar o r\u00edo coas premisas cient\u00edficas e t\u00e9cnicas deste s\u00e9culo, avogando por facer un estudo t\u00e9cnico que permita eliminara represa de Parada e mellorar o bosque de ribeira [...]\" \/>\n<meta property=\"og:url\" content=\"https:\/\/www.anovapeneira.gal\/index.php\/2025\/02\/06\/o-psoe-rexeita-unha-mocion-do-bng-para-paliar-os-efectos-das-enchentas-do-rio-verdugo-ao-seu-paso-por-ponte-caldelas\/\" \/>\n<meta property=\"article:publisher\" content=\"https:\/\/www.facebook.com\/anovapeneira\" \/>\n<meta property=\"article:published_time\" content=\"2025-02-06T11:00:14+00:00\" \/>\n<meta property=\"og:image\" content=\"https:\/\/www.anovapeneira.gal\/wp-content\/uploads\/2024\/07\/sol_seoane.jpg\" \/>\n\t<meta property=\"og:image:width\" content=\"720\" \/>\n\t<meta property=\"og:image:height\" content=\"432\" \/>\n\t<meta property=\"og:image:type\" content=\"image\/jpeg\" \/>\n<meta name=\"author\" content=\"Redacci\u00f3n A Nova Peneira\" \/>\n<meta name=\"twitter:card\" content=\"summary_large_image\" \/>\n<meta name=\"twitter:creator\" content=\"@APeneira\" \/>\n<meta name=\"twitter:site\" content=\"@APeneira\" \/>\n<meta name=\"twitter:label1\" content=\"Escrito por\" \/>\n\t<meta name=\"twitter:data1\" content=\"Redacci\u00f3n A Nova Peneira\" \/>\n\t<meta name=\"twitter:label2\" content=\"Tempo de lectura\" \/>\n\t<meta name=\"twitter:data2\" content=\"3 minutos\" \/>\n<script type=\"application\/ld+json\" class=\"yoast-schema-graph\">{\"@context\":\"https:\\\/\\\/schema.org\",\"@graph\":[{\"@type\":\"Article\",\"@id\":\"https:\\\/\\\/www.anovapeneira.gal\\\/index.php\\\/2025\\\/02\\\/06\\\/o-psoe-rexeita-unha-mocion-do-bng-para-paliar-os-efectos-das-enchentas-do-rio-verdugo-ao-seu-paso-por-ponte-caldelas\\\/#article\",\"isPartOf\":{\"@id\":\"https:\\\/\\\/www.anovapeneira.gal\\\/index.php\\\/2025\\\/02\\\/06\\\/o-psoe-rexeita-unha-mocion-do-bng-para-paliar-os-efectos-das-enchentas-do-rio-verdugo-ao-seu-paso-por-ponte-caldelas\\\/\"},\"author\":{\"name\":\"Redacci\u00f3n A Nova Peneira\",\"@id\":\"https:\\\/\\\/www.anovapeneira.gal\\\/#\\\/schema\\\/person\\\/b93e3f8932e3f8da96334607eb6ac6aa\"},\"headline\":\"O PSOE rexeita unha moci\u00f3n do BNG para paliar os efectos das enchentas do r\u00edo Verdugo ao seu paso por Ponte Caldelas\",\"datePublished\":\"2025-02-06T11:00:14+00:00\",\"mainEntityOfPage\":{\"@id\":\"https:\\\/\\\/www.anovapeneira.gal\\\/index.php\\\/2025\\\/02\\\/06\\\/o-psoe-rexeita-unha-mocion-do-bng-para-paliar-os-efectos-das-enchentas-do-rio-verdugo-ao-seu-paso-por-ponte-caldelas\\\/\"},\"wordCount\":574,\"commentCount\":0,\"publisher\":{\"@id\":\"https:\\\/\\\/www.anovapeneira.gal\\\/#organization\"},\"image\":{\"@id\":\"https:\\\/\\\/www.anovapeneira.gal\\\/index.php\\\/2025\\\/02\\\/06\\\/o-psoe-rexeita-unha-mocion-do-bng-para-paliar-os-efectos-das-enchentas-do-rio-verdugo-ao-seu-paso-por-ponte-caldelas\\\/#primaryimage\"},\"thumbnailUrl\":\"https:\\\/\\\/www.anovapeneira.gal\\\/wp-content\\\/uploads\\\/2024\\\/07\\\/sol_seoane.jpg\",\"keywords\":[\"Concello de Ponte Caldelas\"],\"articleSection\":[\"Pontevedra\",\"Sin categor\u00eda\"],\"inLanguage\":\"gl-ES\",\"potentialAction\":[{\"@type\":\"CommentAction\",\"name\":\"Comment\",\"target\":[\"https:\\\/\\\/www.anovapeneira.gal\\\/index.php\\\/2025\\\/02\\\/06\\\/o-psoe-rexeita-unha-mocion-do-bng-para-paliar-os-efectos-das-enchentas-do-rio-verdugo-ao-seu-paso-por-ponte-caldelas\\\/#respond\"]}]},{\"@type\":\"WebPage\",\"@id\":\"https:\\\/\\\/www.anovapeneira.gal\\\/index.php\\\/2025\\\/02\\\/06\\\/o-psoe-rexeita-unha-mocion-do-bng-para-paliar-os-efectos-das-enchentas-do-rio-verdugo-ao-seu-paso-por-ponte-caldelas\\\/\",\"url\":\"https:\\\/\\\/www.anovapeneira.gal\\\/index.php\\\/2025\\\/02\\\/06\\\/o-psoe-rexeita-unha-mocion-do-bng-para-paliar-os-efectos-das-enchentas-do-rio-verdugo-ao-seu-paso-por-ponte-caldelas\\\/\",\"name\":\"O PSOE rexeita unha moci\u00f3n do BNG para paliar os efectos das enchentas do r\u00edo Verdugo ao seu paso por Ponte Caldelas -\",\"isPartOf\":{\"@id\":\"https:\\\/\\\/www.anovapeneira.gal\\\/#website\"},\"primaryImageOfPage\":{\"@id\":\"https:\\\/\\\/www.anovapeneira.gal\\\/index.php\\\/2025\\\/02\\\/06\\\/o-psoe-rexeita-unha-mocion-do-bng-para-paliar-os-efectos-das-enchentas-do-rio-verdugo-ao-seu-paso-por-ponte-caldelas\\\/#primaryimage\"},\"image\":{\"@id\":\"https:\\\/\\\/www.anovapeneira.gal\\\/index.php\\\/2025\\\/02\\\/06\\\/o-psoe-rexeita-unha-mocion-do-bng-para-paliar-os-efectos-das-enchentas-do-rio-verdugo-ao-seu-paso-por-ponte-caldelas\\\/#primaryimage\"},\"thumbnailUrl\":\"https:\\\/\\\/www.anovapeneira.gal\\\/wp-content\\\/uploads\\\/2024\\\/07\\\/sol_seoane.jpg\",\"datePublished\":\"2025-02-06T11:00:14+00:00\",\"breadcrumb\":{\"@id\":\"https:\\\/\\\/www.anovapeneira.gal\\\/index.php\\\/2025\\\/02\\\/06\\\/o-psoe-rexeita-unha-mocion-do-bng-para-paliar-os-efectos-das-enchentas-do-rio-verdugo-ao-seu-paso-por-ponte-caldelas\\\/#breadcrumb\"},\"inLanguage\":\"gl-ES\",\"potentialAction\":[{\"@type\":\"ReadAction\",\"target\":[\"https:\\\/\\\/www.anovapeneira.gal\\\/index.php\\\/2025\\\/02\\\/06\\\/o-psoe-rexeita-unha-mocion-do-bng-para-paliar-os-efectos-das-enchentas-do-rio-verdugo-ao-seu-paso-por-ponte-caldelas\\\/\"]}]},{\"@type\":\"ImageObject\",\"inLanguage\":\"gl-ES\",\"@id\":\"https:\\\/\\\/www.anovapeneira.gal\\\/index.php\\\/2025\\\/02\\\/06\\\/o-psoe-rexeita-unha-mocion-do-bng-para-paliar-os-efectos-das-enchentas-do-rio-verdugo-ao-seu-paso-por-ponte-caldelas\\\/#primaryimage\",\"url\":\"https:\\\/\\\/www.anovapeneira.gal\\\/wp-content\\\/uploads\\\/2024\\\/07\\\/sol_seoane.jpg\",\"contentUrl\":\"https:\\\/\\\/www.anovapeneira.gal\\\/wp-content\\\/uploads\\\/2024\\\/07\\\/sol_seoane.jpg\",\"width\":720,\"height\":432,\"caption\":\"Sol Seoane\"},{\"@type\":\"BreadcrumbList\",\"@id\":\"https:\\\/\\\/www.anovapeneira.gal\\\/index.php\\\/2025\\\/02\\\/06\\\/o-psoe-rexeita-unha-mocion-do-bng-para-paliar-os-efectos-das-enchentas-do-rio-verdugo-ao-seu-paso-por-ponte-caldelas\\\/#breadcrumb\",\"itemListElement\":[{\"@type\":\"ListItem\",\"position\":1,\"name\":\"Portada\",\"item\":\"https:\\\/\\\/www.anovapeneira.gal\\\/\"},{\"@type\":\"ListItem\",\"position\":2,\"name\":\"O PSOE rexeita unha moci\u00f3n do BNG para paliar os efectos das enchentas do r\u00edo Verdugo ao seu paso por Ponte Caldelas\"}]},{\"@type\":\"WebSite\",\"@id\":\"https:\\\/\\\/www.anovapeneira.gal\\\/#website\",\"url\":\"https:\\\/\\\/www.anovapeneira.gal\\\/\",\"name\":\"\",\"description\":\"Xornal galego de informaci\u00f3n xeral Publicaci\u00f3n mensual de novas de Galicia e en especial dos Concellos da sur da provincia de Pontevedra.\",\"publisher\":{\"@id\":\"https:\\\/\\\/www.anovapeneira.gal\\\/#organization\"},\"potentialAction\":[{\"@type\":\"SearchAction\",\"target\":{\"@type\":\"EntryPoint\",\"urlTemplate\":\"https:\\\/\\\/www.anovapeneira.gal\\\/?s={search_term_string}\"},\"query-input\":{\"@type\":\"PropertyValueSpecification\",\"valueRequired\":true,\"valueName\":\"search_term_string\"}}],\"inLanguage\":\"gl-ES\"},{\"@type\":\"Organization\",\"@id\":\"https:\\\/\\\/www.anovapeneira.gal\\\/#organization\",\"name\":\"A Nova Peneira\",\"url\":\"https:\\\/\\\/www.anovapeneira.gal\\\/\",\"logo\":{\"@type\":\"ImageObject\",\"inLanguage\":\"gl-ES\",\"@id\":\"https:\\\/\\\/www.anovapeneira.gal\\\/#\\\/schema\\\/logo\\\/image\\\/\",\"url\":\"http:\\\/\\\/www.anovapeneira.gal\\\/wp-content\\\/uploads\\\/2019\\\/06\\\/logo_a_nova_peneira_portal_web.png\",\"contentUrl\":\"http:\\\/\\\/www.anovapeneira.gal\\\/wp-content\\\/uploads\\\/2019\\\/06\\\/logo_a_nova_peneira_portal_web.png\",\"width\":300,\"height\":100,\"caption\":\"A Nova Peneira\"},\"image\":{\"@id\":\"https:\\\/\\\/www.anovapeneira.gal\\\/#\\\/schema\\\/logo\\\/image\\\/\"},\"sameAs\":[\"https:\\\/\\\/www.facebook.com\\\/anovapeneira\",\"https:\\\/\\\/x.com\\\/APeneira\"]},{\"@type\":\"Person\",\"@id\":\"https:\\\/\\\/www.anovapeneira.gal\\\/#\\\/schema\\\/person\\\/b93e3f8932e3f8da96334607eb6ac6aa\",\"name\":\"Redacci\u00f3n A Nova Peneira\",\"image\":{\"@type\":\"ImageObject\",\"inLanguage\":\"gl-ES\",\"@id\":\"https:\\\/\\\/secure.gravatar.com\\\/avatar\\\/c052a2551a06e23fac63626232eaa90abd78dbcf1700fc46a2b2c89fd27b735f?s=96&d=mm&r=g\",\"url\":\"https:\\\/\\\/secure.gravatar.com\\\/avatar\\\/c052a2551a06e23fac63626232eaa90abd78dbcf1700fc46a2b2c89fd27b735f?s=96&d=mm&r=g\",\"contentUrl\":\"https:\\\/\\\/secure.gravatar.com\\\/avatar\\\/c052a2551a06e23fac63626232eaa90abd78dbcf1700fc46a2b2c89fd27b735f?s=96&d=mm&r=g\",\"caption\":\"Redacci\u00f3n A Nova Peneira\"},\"sameAs\":[\"http:\\\/\\\/www.anovapeneira.gal\\\/\"],\"url\":\"https:\\\/\\\/www.anovapeneira.gal\\\/index.php\\\/author\\\/redactor\\\/\"}]}<\/script>\n<!-- \/ Yoast SEO plugin. -->","yoast_head_json":{"title":"O PSOE rexeita unha moci\u00f3n do BNG para paliar os efectos das enchentas do r\u00edo Verdugo ao seu paso por Ponte Caldelas -","robots":{"index":"index","follow":"follow","max-snippet":"max-snippet:-1","max-image-preview":"max-image-preview:large","max-video-preview":"max-video-preview:-1"},"canonical":"https:\/\/www.anovapeneira.gal\/index.php\/2025\/02\/06\/o-psoe-rexeita-unha-mocion-do-bng-para-paliar-os-efectos-das-enchentas-do-rio-verdugo-ao-seu-paso-por-ponte-caldelas\/","og_locale":"gl_ES","og_type":"article","og_title":"O PSOE rexeita unha moci\u00f3n do BNG para paliar os efectos das enchentas do r\u00edo Verdugo ao seu paso por Ponte Caldelas -","og_description":"Sol Seoane insta a xestionar o r\u00edo coas premisas cient\u00edficas e t\u00e9cnicas deste s\u00e9culo, avogando por facer un estudo t\u00e9cnico que permita eliminara represa de Parada e mellorar o bosque de ribeira [...]","og_url":"https:\/\/www.anovapeneira.gal\/index.php\/2025\/02\/06\/o-psoe-rexeita-unha-mocion-do-bng-para-paliar-os-efectos-das-enchentas-do-rio-verdugo-ao-seu-paso-por-ponte-caldelas\/","article_publisher":"https:\/\/www.facebook.com\/anovapeneira","article_published_time":"2025-02-06T11:00:14+00:00","og_image":[{"width":720,"height":432,"url":"https:\/\/www.anovapeneira.gal\/wp-content\/uploads\/2024\/07\/sol_seoane.jpg","type":"image\/jpeg"}],"author":"Redacci\u00f3n A Nova Peneira","twitter_card":"summary_large_image","twitter_creator":"@APeneira","twitter_site":"@APeneira","twitter_misc":{"Escrito por":"Redacci\u00f3n A Nova Peneira","Tempo de lectura":"3 minutos"},"schema":{"@context":"https:\/\/schema.org","@graph":[{"@type":"Article","@id":"https:\/\/www.anovapeneira.gal\/index.php\/2025\/02\/06\/o-psoe-rexeita-unha-mocion-do-bng-para-paliar-os-efectos-das-enchentas-do-rio-verdugo-ao-seu-paso-por-ponte-caldelas\/#article","isPartOf":{"@id":"https:\/\/www.anovapeneira.gal\/index.php\/2025\/02\/06\/o-psoe-rexeita-unha-mocion-do-bng-para-paliar-os-efectos-das-enchentas-do-rio-verdugo-ao-seu-paso-por-ponte-caldelas\/"},"author":{"name":"Redacci\u00f3n A Nova Peneira","@id":"https:\/\/www.anovapeneira.gal\/#\/schema\/person\/b93e3f8932e3f8da96334607eb6ac6aa"},"headline":"O PSOE rexeita unha moci\u00f3n do BNG para paliar os efectos das enchentas do r\u00edo Verdugo ao seu paso por Ponte Caldelas","datePublished":"2025-02-06T11:00:14+00:00","mainEntityOfPage":{"@id":"https:\/\/www.anovapeneira.gal\/index.php\/2025\/02\/06\/o-psoe-rexeita-unha-mocion-do-bng-para-paliar-os-efectos-das-enchentas-do-rio-verdugo-ao-seu-paso-por-ponte-caldelas\/"},"wordCount":574,"commentCount":0,"publisher":{"@id":"https:\/\/www.anovapeneira.gal\/#organization"},"image":{"@id":"https:\/\/www.anovapeneira.gal\/index.php\/2025\/02\/06\/o-psoe-rexeita-unha-mocion-do-bng-para-paliar-os-efectos-das-enchentas-do-rio-verdugo-ao-seu-paso-por-ponte-caldelas\/#primaryimage"},"thumbnailUrl":"https:\/\/www.anovapeneira.gal\/wp-content\/uploads\/2024\/07\/sol_seoane.jpg","keywords":["Concello de Ponte Caldelas"],"articleSection":["Pontevedra","Sin categor\u00eda"],"inLanguage":"gl-ES","potentialAction":[{"@type":"CommentAction","name":"Comment","target":["https:\/\/www.anovapeneira.gal\/index.php\/2025\/02\/06\/o-psoe-rexeita-unha-mocion-do-bng-para-paliar-os-efectos-das-enchentas-do-rio-verdugo-ao-seu-paso-por-ponte-caldelas\/#respond"]}]},{"@type":"WebPage","@id":"https:\/\/www.anovapeneira.gal\/index.php\/2025\/02\/06\/o-psoe-rexeita-unha-mocion-do-bng-para-paliar-os-efectos-das-enchentas-do-rio-verdugo-ao-seu-paso-por-ponte-caldelas\/","url":"https:\/\/www.anovapeneira.gal\/index.php\/2025\/02\/06\/o-psoe-rexeita-unha-mocion-do-bng-para-paliar-os-efectos-das-enchentas-do-rio-verdugo-ao-seu-paso-por-ponte-caldelas\/","name":"O PSOE rexeita unha moci\u00f3n do BNG para paliar os efectos das enchentas do r\u00edo Verdugo ao seu paso por Ponte Caldelas -","isPartOf":{"@id":"https:\/\/www.anovapeneira.gal\/#website"},"primaryImageOfPage":{"@id":"https:\/\/www.anovapeneira.gal\/index.php\/2025\/02\/06\/o-psoe-rexeita-unha-mocion-do-bng-para-paliar-os-efectos-das-enchentas-do-rio-verdugo-ao-seu-paso-por-ponte-caldelas\/#primaryimage"},"image":{"@id":"https:\/\/www.anovapeneira.gal\/index.php\/2025\/02\/06\/o-psoe-rexeita-unha-mocion-do-bng-para-paliar-os-efectos-das-enchentas-do-rio-verdugo-ao-seu-paso-por-ponte-caldelas\/#primaryimage"},"thumbnailUrl":"https:\/\/www.anovapeneira.gal\/wp-content\/uploads\/2024\/07\/sol_seoane.jpg","datePublished":"2025-02-06T11:00:14+00:00","breadcrumb":{"@id":"https:\/\/www.anovapeneira.gal\/index.php\/2025\/02\/06\/o-psoe-rexeita-unha-mocion-do-bng-para-paliar-os-efectos-das-enchentas-do-rio-verdugo-ao-seu-paso-por-ponte-caldelas\/#breadcrumb"},"inLanguage":"gl-ES","potentialAction":[{"@type":"ReadAction","target":["https:\/\/www.anovapeneira.gal\/index.php\/2025\/02\/06\/o-psoe-rexeita-unha-mocion-do-bng-para-paliar-os-efectos-das-enchentas-do-rio-verdugo-ao-seu-paso-por-ponte-caldelas\/"]}]},{"@type":"ImageObject","inLanguage":"gl-ES","@id":"https:\/\/www.anovapeneira.gal\/index.php\/2025\/02\/06\/o-psoe-rexeita-unha-mocion-do-bng-para-paliar-os-efectos-das-enchentas-do-rio-verdugo-ao-seu-paso-por-ponte-caldelas\/#primaryimage","url":"https:\/\/www.anovapeneira.gal\/wp-content\/uploads\/2024\/07\/sol_seoane.jpg","contentUrl":"https:\/\/www.anovapeneira.gal\/wp-content\/uploads\/2024\/07\/sol_seoane.jpg","width":720,"height":432,"caption":"Sol Seoane"},{"@type":"BreadcrumbList","@id":"https:\/\/www.anovapeneira.gal\/index.php\/2025\/02\/06\/o-psoe-rexeita-unha-mocion-do-bng-para-paliar-os-efectos-das-enchentas-do-rio-verdugo-ao-seu-paso-por-ponte-caldelas\/#breadcrumb","itemListElement":[{"@type":"ListItem","position":1,"name":"Portada","item":"https:\/\/www.anovapeneira.gal\/"},{"@type":"ListItem","position":2,"name":"O PSOE rexeita unha moci\u00f3n do BNG para paliar os efectos das enchentas do r\u00edo Verdugo ao seu paso por Ponte Caldelas"}]},{"@type":"WebSite","@id":"https:\/\/www.anovapeneira.gal\/#website","url":"https:\/\/www.anovapeneira.gal\/","name":"","description":"Xornal galego de informaci\u00f3n xeral Publicaci\u00f3n mensual de novas de Galicia e en especial dos Concellos da sur da provincia de Pontevedra.","publisher":{"@id":"https:\/\/www.anovapeneira.gal\/#organization"},"potentialAction":[{"@type":"SearchAction","target":{"@type":"EntryPoint","urlTemplate":"https:\/\/www.anovapeneira.gal\/?s={search_term_string}"},"query-input":{"@type":"PropertyValueSpecification","valueRequired":true,"valueName":"search_term_string"}}],"inLanguage":"gl-ES"},{"@type":"Organization","@id":"https:\/\/www.anovapeneira.gal\/#organization","name":"A Nova Peneira","url":"https:\/\/www.anovapeneira.gal\/","logo":{"@type":"ImageObject","inLanguage":"gl-ES","@id":"https:\/\/www.anovapeneira.gal\/#\/schema\/logo\/image\/","url":"http:\/\/www.anovapeneira.gal\/wp-content\/uploads\/2019\/06\/logo_a_nova_peneira_portal_web.png","contentUrl":"http:\/\/www.anovapeneira.gal\/wp-content\/uploads\/2019\/06\/logo_a_nova_peneira_portal_web.png","width":300,"height":100,"caption":"A Nova Peneira"},"image":{"@id":"https:\/\/www.anovapeneira.gal\/#\/schema\/logo\/image\/"},"sameAs":["https:\/\/www.facebook.com\/anovapeneira","https:\/\/x.com\/APeneira"]},{"@type":"Person","@id":"https:\/\/www.anovapeneira.gal\/#\/schema\/person\/b93e3f8932e3f8da96334607eb6ac6aa","name":"Redacci\u00f3n A Nova Peneira","image":{"@type":"ImageObject","inLanguage":"gl-ES","@id":"https:\/\/secure.gravatar.com\/avatar\/c052a2551a06e23fac63626232eaa90abd78dbcf1700fc46a2b2c89fd27b735f?s=96&d=mm&r=g","url":"https:\/\/secure.gravatar.com\/avatar\/c052a2551a06e23fac63626232eaa90abd78dbcf1700fc46a2b2c89fd27b735f?s=96&d=mm&r=g","contentUrl":"https:\/\/secure.gravatar.com\/avatar\/c052a2551a06e23fac63626232eaa90abd78dbcf1700fc46a2b2c89fd27b735f?s=96&d=mm&r=g","caption":"Redacci\u00f3n A Nova Peneira"},"sameAs":["http:\/\/www.anovapeneira.gal\/"],"url":"https:\/\/www.anovapeneira.gal\/index.php\/author\/redactor\/"}]}},"jetpack_featured_media_url":"https:\/\/www.anovapeneira.gal\/wp-content\/uploads\/2024\/07\/sol_seoane.jpg","_links":{"self":[{"href":"https:\/\/www.anovapeneira.gal\/index.php\/wp-json\/wp\/v2\/posts\/13229","targetHints":{"allow":["GET"]}}],"collection":[{"href":"https:\/\/www.anovapeneira.gal\/index.php\/wp-json\/wp\/v2\/posts"}],"about":[{"href":"https:\/\/www.anovapeneira.gal\/index.php\/wp-json\/wp\/v2\/types\/post"}],"author":[{"embeddable":true,"href":"https:\/\/www.anovapeneira.gal\/index.php\/wp-json\/wp\/v2\/users\/3"}],"replies":[{"embeddable":true,"href":"https:\/\/www.anovapeneira.gal\/index.php\/wp-json\/wp\/v2\/comments?post=13229"}],"version-history":[{"count":2,"href":"https:\/\/www.anovapeneira.gal\/index.php\/wp-json\/wp\/v2\/posts\/13229\/revisions"}],"predecessor-version":[{"id":13231,"href":"https:\/\/www.anovapeneira.gal\/index.php\/wp-json\/wp\/v2\/posts\/13229\/revisions\/13231"}],"wp:featuredmedia":[{"embeddable":true,"href":"https:\/\/www.anovapeneira.gal\/index.php\/wp-json\/wp\/v2\/media\/12163"}],"wp:attachment":[{"href":"https:\/\/www.anovapeneira.gal\/index.php\/wp-json\/wp\/v2\/media?parent=13229"}],"wp:term":[{"taxonomy":"category","embeddable":true,"href":"https:\/\/www.anovapeneira.gal\/index.php\/wp-json\/wp\/v2\/categories?post=13229"},{"taxonomy":"post_tag","embeddable":true,"href":"https:\/\/www.anovapeneira.gal\/index.php\/wp-json\/wp\/v2\/tags?post=13229"}],"curies":[{"name":"wp","href":"https:\/\/api.w.org\/{rel}","templated":true}]}}