{"id":13235,"date":"2025-02-07T12:00:59","date_gmt":"2025-02-07T11:00:59","guid":{"rendered":"https:\/\/www.anovapeneira.gal\/?p=13235"},"modified":"2025-02-06T09:30:17","modified_gmt":"2025-02-06T08:30:17","slug":"a-presenza-do-rei-felipe-vi-hoxe-en-auschwitz","status":"publish","type":"post","link":"https:\/\/www.anovapeneira.gal\/index.php\/2025\/02\/07\/a-presenza-do-rei-felipe-vi-hoxe-en-auschwitz\/","title":{"rendered":"A presenza do rei Felipe VI hoxe en Auschwitz.*"},"content":{"rendered":"\n<blockquote class=\"wp-block-quote is-layout-flow wp-block-quote-is-layout-flow\">\n<p><strong>Floren Dimas<\/strong><\/p>\n<\/blockquote>\n\n\n\n<blockquote class=\"wp-block-quote is-layout-flow wp-block-quote-is-layout-flow\">\n<p>Oficial do Ex\u00e9rcito do Aire ( Retirado) Membro de ANEMOI, ACMYR e Memoria Militar Democr\u00e1tica.<\/p>\n<\/blockquote>\n\n\n\n<p><strong>Oportunidade, inmoralidade e incoherencia.<\/strong><\/p>\n\n\n\n<p>A presenza do Rey e o seu consorte no campo de exterminio nazi de Auschwitz, non s\u00f3 \u00e9 unha incongruencia moral insoportable, se non tam\u00e9n hist\u00f3rica, porque mentres as c\u00e1maras de gas funcionaban a pleno rendemento nese e outros campos, o antecesor din\u00e1stico lex\u00edtimo de Felipe VI, o infante Don Juan (av\u00f3 do actual rei) tras a morte de Alfonso XIII en 1941, andaba flirteando co r\u00e9xime de Franco desde a s\u00faa residencia su\u00edza de Lausana, mentres entre bambolinas tentaba facer as beiras, sen que se notase demasiado, aos aliados coma se xa ningu\u00e9n se acordase de que en plena guerra civil, tentou presentarse ante Franco para ofrecerlle loitar contra a Rep\u00fablica como oficial de Mari\u00f1a.<\/p>\n\n\n\n<p>Agora, o neto do Infante don Juan de Borb\u00f3n que se ofreceu a matar republicanos durante a guerra, pretende darse un ba\u00f1o de lexitimidade participando nun acto que simboliza o recordo aos republicanos asasinados polos aliados nazis de Franco contra os que quer\u00eda combater o av\u00f3 do Rey&#8230; se Franco aceptase o seu ofrecemento.<\/p>\n\n\n\n<p>A diferenza das monarqu\u00edas europeas da \u00e9poca, case todas exiliadas en Londres, que lideraron a resistencia contra a ocupaci\u00f3n nazi, a monarqu\u00eda espa\u00f1ola no seu dourado exilio su\u00edzo, traballou a favor dos golpistas antes e despois de 1936, para conseguirlles o apoio militar de Mussolini, que propiciou a s\u00faa vitoria xunto coa axuda de Hitler. Este recordatorio hist\u00f3rico da traxectoria dos Borb\u00f3ns neste cambio de s\u00e9culo, converte en ominosa e desafiante democraticamente, a presenza do Rey no acto do aniversario do campo de exterminio de Auschwitz. Un xefe de Estado que non se dignou a\u00ednda participar en Espa\u00f1a nun acto de homenaxe aos republicanos, presidido pola bandeira tricolor que historicamente lles representou e s\u00e9guelles representando.<\/p>\n\n\n\n<p>Podo apostar o que queiran, a que nas fotograf\u00edas oficiais que se difundan hoxe, ser\u00e1 imposible atopar a bandeira da Rep\u00fablica que representa \u00e1s v\u00edtimas espa\u00f1olas, indecorosamente suplantada pola mon\u00e1rquica*.<\/p>\n","protected":false},"excerpt":{"rendered":"<div class=\"mh-excerpt\"><p>A presenza do Rey e o seu consorte no campo de exterminio nazi de Auschwitz, non s\u00f3 \u00e9 unha incongruencia moral insoportable, se non tam\u00e9n hist\u00f3rica, porque mentres as c\u00e1maras de gas funcionaban a pleno rendemento nese e outros campos <a class=\"mh-excerpt-more\" href=\"https:\/\/www.anovapeneira.gal\/index.php\/2025\/02\/07\/a-presenza-do-rei-felipe-vi-hoxe-en-auschwitz\/\" title=\"A presenza do rei Felipe VI hoxe en Auschwitz.*\">[&#8230;]<\/a><\/p>\n<\/div>","protected":false},"author":12,"featured_media":10257,"comment_status":"open","ping_status":"open","sticky":false,"template":"","format":"standard","meta":{"_exactmetrics_skip_tracking":false,"_exactmetrics_sitenote_active":false,"_exactmetrics_sitenote_note":"","_exactmetrics_sitenote_category":0,"footnotes":""},"categories":[7],"tags":[],"class_list":{"0":"post-13235","1":"post","2":"type-post","3":"status-publish","4":"format-standard","5":"has-post-thumbnail","7":"category-artigos-de-opinion"},"yoast_head":"<!-- This site is optimized with the Yoast SEO plugin v27.4 - https:\/\/yoast.com\/product\/yoast-seo-wordpress\/ -->\n<title>A presenza do rei Felipe VI hoxe en Auschwitz.* -<\/title>\n<meta name=\"robots\" content=\"index, follow, max-snippet:-1, max-image-preview:large, max-video-preview:-1\" \/>\n<link rel=\"canonical\" href=\"https:\/\/www.anovapeneira.gal\/index.php\/2025\/02\/07\/a-presenza-do-rei-felipe-vi-hoxe-en-auschwitz\/\" \/>\n<meta property=\"og:locale\" content=\"gl_ES\" \/>\n<meta property=\"og:type\" content=\"article\" \/>\n<meta property=\"og:title\" content=\"A presenza do rei Felipe VI hoxe en Auschwitz.* -\" \/>\n<meta property=\"og:description\" content=\"A presenza do Rey e o seu consorte no campo de exterminio nazi de Auschwitz, non s\u00f3 \u00e9 unha incongruencia moral insoportable, se non tam\u00e9n hist\u00f3rica, porque mentres as c\u00e1maras de gas funcionaban a pleno rendemento nese e outros campos [...]\" \/>\n<meta property=\"og:url\" content=\"https:\/\/www.anovapeneira.gal\/index.php\/2025\/02\/07\/a-presenza-do-rei-felipe-vi-hoxe-en-auschwitz\/\" \/>\n<meta property=\"article:publisher\" content=\"https:\/\/www.facebook.com\/anovapeneira\" \/>\n<meta property=\"article:published_time\" content=\"2025-02-07T11:00:59+00:00\" \/>\n<meta property=\"og:image\" content=\"https:\/\/www.anovapeneira.gal\/wp-content\/uploads\/2023\/08\/floren.jpg\" \/>\n\t<meta property=\"og:image:width\" content=\"720\" \/>\n\t<meta property=\"og:image:height\" content=\"432\" \/>\n\t<meta property=\"og:image:type\" content=\"image\/jpeg\" \/>\n<meta name=\"author\" content=\"Artigos Opini\u00f3n\" \/>\n<meta name=\"twitter:card\" content=\"summary_large_image\" \/>\n<meta name=\"twitter:creator\" content=\"@APeneira\" \/>\n<meta name=\"twitter:site\" content=\"@APeneira\" \/>\n<meta name=\"twitter:label1\" content=\"Escrito por\" \/>\n\t<meta name=\"twitter:data1\" content=\"Artigos Opini\u00f3n\" \/>\n\t<meta name=\"twitter:label2\" content=\"Tempo de lectura\" \/>\n\t<meta name=\"twitter:data2\" content=\"2 minutos\" \/>\n<script type=\"application\/ld+json\" class=\"yoast-schema-graph\">{\"@context\":\"https:\\\/\\\/schema.org\",\"@graph\":[{\"@type\":\"Article\",\"@id\":\"https:\\\/\\\/www.anovapeneira.gal\\\/index.php\\\/2025\\\/02\\\/07\\\/a-presenza-do-rei-felipe-vi-hoxe-en-auschwitz\\\/#article\",\"isPartOf\":{\"@id\":\"https:\\\/\\\/www.anovapeneira.gal\\\/index.php\\\/2025\\\/02\\\/07\\\/a-presenza-do-rei-felipe-vi-hoxe-en-auschwitz\\\/\"},\"author\":{\"name\":\"Artigos Opini\u00f3n\",\"@id\":\"https:\\\/\\\/www.anovapeneira.gal\\\/#\\\/schema\\\/person\\\/f18a4feb302e8f20bcef4490b5b60bb3\"},\"headline\":\"A presenza do rei Felipe VI hoxe en Auschwitz.*\",\"datePublished\":\"2025-02-07T11:00:59+00:00\",\"mainEntityOfPage\":{\"@id\":\"https:\\\/\\\/www.anovapeneira.gal\\\/index.php\\\/2025\\\/02\\\/07\\\/a-presenza-do-rei-felipe-vi-hoxe-en-auschwitz\\\/\"},\"wordCount\":374,\"commentCount\":0,\"publisher\":{\"@id\":\"https:\\\/\\\/www.anovapeneira.gal\\\/#organization\"},\"image\":{\"@id\":\"https:\\\/\\\/www.anovapeneira.gal\\\/index.php\\\/2025\\\/02\\\/07\\\/a-presenza-do-rei-felipe-vi-hoxe-en-auschwitz\\\/#primaryimage\"},\"thumbnailUrl\":\"https:\\\/\\\/www.anovapeneira.gal\\\/wp-content\\\/uploads\\\/2023\\\/08\\\/floren.jpg\",\"articleSection\":[\"Artigos de opini\u00f3n\"],\"inLanguage\":\"gl-ES\",\"potentialAction\":[{\"@type\":\"CommentAction\",\"name\":\"Comment\",\"target\":[\"https:\\\/\\\/www.anovapeneira.gal\\\/index.php\\\/2025\\\/02\\\/07\\\/a-presenza-do-rei-felipe-vi-hoxe-en-auschwitz\\\/#respond\"]}]},{\"@type\":\"WebPage\",\"@id\":\"https:\\\/\\\/www.anovapeneira.gal\\\/index.php\\\/2025\\\/02\\\/07\\\/a-presenza-do-rei-felipe-vi-hoxe-en-auschwitz\\\/\",\"url\":\"https:\\\/\\\/www.anovapeneira.gal\\\/index.php\\\/2025\\\/02\\\/07\\\/a-presenza-do-rei-felipe-vi-hoxe-en-auschwitz\\\/\",\"name\":\"A presenza do rei Felipe VI hoxe en Auschwitz.* -\",\"isPartOf\":{\"@id\":\"https:\\\/\\\/www.anovapeneira.gal\\\/#website\"},\"primaryImageOfPage\":{\"@id\":\"https:\\\/\\\/www.anovapeneira.gal\\\/index.php\\\/2025\\\/02\\\/07\\\/a-presenza-do-rei-felipe-vi-hoxe-en-auschwitz\\\/#primaryimage\"},\"image\":{\"@id\":\"https:\\\/\\\/www.anovapeneira.gal\\\/index.php\\\/2025\\\/02\\\/07\\\/a-presenza-do-rei-felipe-vi-hoxe-en-auschwitz\\\/#primaryimage\"},\"thumbnailUrl\":\"https:\\\/\\\/www.anovapeneira.gal\\\/wp-content\\\/uploads\\\/2023\\\/08\\\/floren.jpg\",\"datePublished\":\"2025-02-07T11:00:59+00:00\",\"breadcrumb\":{\"@id\":\"https:\\\/\\\/www.anovapeneira.gal\\\/index.php\\\/2025\\\/02\\\/07\\\/a-presenza-do-rei-felipe-vi-hoxe-en-auschwitz\\\/#breadcrumb\"},\"inLanguage\":\"gl-ES\",\"potentialAction\":[{\"@type\":\"ReadAction\",\"target\":[\"https:\\\/\\\/www.anovapeneira.gal\\\/index.php\\\/2025\\\/02\\\/07\\\/a-presenza-do-rei-felipe-vi-hoxe-en-auschwitz\\\/\"]}]},{\"@type\":\"ImageObject\",\"inLanguage\":\"gl-ES\",\"@id\":\"https:\\\/\\\/www.anovapeneira.gal\\\/index.php\\\/2025\\\/02\\\/07\\\/a-presenza-do-rei-felipe-vi-hoxe-en-auschwitz\\\/#primaryimage\",\"url\":\"https:\\\/\\\/www.anovapeneira.gal\\\/wp-content\\\/uploads\\\/2023\\\/08\\\/floren.jpg\",\"contentUrl\":\"https:\\\/\\\/www.anovapeneira.gal\\\/wp-content\\\/uploads\\\/2023\\\/08\\\/floren.jpg\",\"width\":720,\"height\":432,\"caption\":\"Floren Dimas. Oficial xubilado do ex\u00e9rcito do aire\"},{\"@type\":\"BreadcrumbList\",\"@id\":\"https:\\\/\\\/www.anovapeneira.gal\\\/index.php\\\/2025\\\/02\\\/07\\\/a-presenza-do-rei-felipe-vi-hoxe-en-auschwitz\\\/#breadcrumb\",\"itemListElement\":[{\"@type\":\"ListItem\",\"position\":1,\"name\":\"Portada\",\"item\":\"https:\\\/\\\/www.anovapeneira.gal\\\/\"},{\"@type\":\"ListItem\",\"position\":2,\"name\":\"A presenza do rei Felipe VI hoxe en Auschwitz.*\"}]},{\"@type\":\"WebSite\",\"@id\":\"https:\\\/\\\/www.anovapeneira.gal\\\/#website\",\"url\":\"https:\\\/\\\/www.anovapeneira.gal\\\/\",\"name\":\"\",\"description\":\"Xornal galego de informaci\u00f3n xeral Publicaci\u00f3n mensual de novas de Galicia e en especial dos Concellos da sur da provincia de Pontevedra.\",\"publisher\":{\"@id\":\"https:\\\/\\\/www.anovapeneira.gal\\\/#organization\"},\"potentialAction\":[{\"@type\":\"SearchAction\",\"target\":{\"@type\":\"EntryPoint\",\"urlTemplate\":\"https:\\\/\\\/www.anovapeneira.gal\\\/?s={search_term_string}\"},\"query-input\":{\"@type\":\"PropertyValueSpecification\",\"valueRequired\":true,\"valueName\":\"search_term_string\"}}],\"inLanguage\":\"gl-ES\"},{\"@type\":\"Organization\",\"@id\":\"https:\\\/\\\/www.anovapeneira.gal\\\/#organization\",\"name\":\"A Nova Peneira\",\"url\":\"https:\\\/\\\/www.anovapeneira.gal\\\/\",\"logo\":{\"@type\":\"ImageObject\",\"inLanguage\":\"gl-ES\",\"@id\":\"https:\\\/\\\/www.anovapeneira.gal\\\/#\\\/schema\\\/logo\\\/image\\\/\",\"url\":\"http:\\\/\\\/www.anovapeneira.gal\\\/wp-content\\\/uploads\\\/2019\\\/06\\\/logo_a_nova_peneira_portal_web.png\",\"contentUrl\":\"http:\\\/\\\/www.anovapeneira.gal\\\/wp-content\\\/uploads\\\/2019\\\/06\\\/logo_a_nova_peneira_portal_web.png\",\"width\":300,\"height\":100,\"caption\":\"A Nova Peneira\"},\"image\":{\"@id\":\"https:\\\/\\\/www.anovapeneira.gal\\\/#\\\/schema\\\/logo\\\/image\\\/\"},\"sameAs\":[\"https:\\\/\\\/www.facebook.com\\\/anovapeneira\",\"https:\\\/\\\/x.com\\\/APeneira\"]},{\"@type\":\"Person\",\"@id\":\"https:\\\/\\\/www.anovapeneira.gal\\\/#\\\/schema\\\/person\\\/f18a4feb302e8f20bcef4490b5b60bb3\",\"name\":\"Artigos Opini\u00f3n\",\"image\":{\"@type\":\"ImageObject\",\"inLanguage\":\"gl-ES\",\"@id\":\"https:\\\/\\\/secure.gravatar.com\\\/avatar\\\/072844300f4881150aee2da4278f7a65d16eefdf8262eb67085f1e702de2b959?s=96&d=mm&r=g\",\"url\":\"https:\\\/\\\/secure.gravatar.com\\\/avatar\\\/072844300f4881150aee2da4278f7a65d16eefdf8262eb67085f1e702de2b959?s=96&d=mm&r=g\",\"contentUrl\":\"https:\\\/\\\/secure.gravatar.com\\\/avatar\\\/072844300f4881150aee2da4278f7a65d16eefdf8262eb67085f1e702de2b959?s=96&d=mm&r=g\",\"caption\":\"Artigos Opini\u00f3n\"},\"sameAs\":[\"http:\\\/\\\/anovapeneira.gal\"],\"url\":\"https:\\\/\\\/www.anovapeneira.gal\\\/index.php\\\/author\\\/artigosopinion\\\/\"}]}<\/script>\n<!-- \/ Yoast SEO plugin. -->","yoast_head_json":{"title":"A presenza do rei Felipe VI hoxe en Auschwitz.* -","robots":{"index":"index","follow":"follow","max-snippet":"max-snippet:-1","max-image-preview":"max-image-preview:large","max-video-preview":"max-video-preview:-1"},"canonical":"https:\/\/www.anovapeneira.gal\/index.php\/2025\/02\/07\/a-presenza-do-rei-felipe-vi-hoxe-en-auschwitz\/","og_locale":"gl_ES","og_type":"article","og_title":"A presenza do rei Felipe VI hoxe en Auschwitz.* -","og_description":"A presenza do Rey e o seu consorte no campo de exterminio nazi de Auschwitz, non s\u00f3 \u00e9 unha incongruencia moral insoportable, se non tam\u00e9n hist\u00f3rica, porque mentres as c\u00e1maras de gas funcionaban a pleno rendemento nese e outros campos [...]","og_url":"https:\/\/www.anovapeneira.gal\/index.php\/2025\/02\/07\/a-presenza-do-rei-felipe-vi-hoxe-en-auschwitz\/","article_publisher":"https:\/\/www.facebook.com\/anovapeneira","article_published_time":"2025-02-07T11:00:59+00:00","og_image":[{"width":720,"height":432,"url":"https:\/\/www.anovapeneira.gal\/wp-content\/uploads\/2023\/08\/floren.jpg","type":"image\/jpeg"}],"author":"Artigos Opini\u00f3n","twitter_card":"summary_large_image","twitter_creator":"@APeneira","twitter_site":"@APeneira","twitter_misc":{"Escrito por":"Artigos Opini\u00f3n","Tempo de lectura":"2 minutos"},"schema":{"@context":"https:\/\/schema.org","@graph":[{"@type":"Article","@id":"https:\/\/www.anovapeneira.gal\/index.php\/2025\/02\/07\/a-presenza-do-rei-felipe-vi-hoxe-en-auschwitz\/#article","isPartOf":{"@id":"https:\/\/www.anovapeneira.gal\/index.php\/2025\/02\/07\/a-presenza-do-rei-felipe-vi-hoxe-en-auschwitz\/"},"author":{"name":"Artigos Opini\u00f3n","@id":"https:\/\/www.anovapeneira.gal\/#\/schema\/person\/f18a4feb302e8f20bcef4490b5b60bb3"},"headline":"A presenza do rei Felipe VI hoxe en Auschwitz.*","datePublished":"2025-02-07T11:00:59+00:00","mainEntityOfPage":{"@id":"https:\/\/www.anovapeneira.gal\/index.php\/2025\/02\/07\/a-presenza-do-rei-felipe-vi-hoxe-en-auschwitz\/"},"wordCount":374,"commentCount":0,"publisher":{"@id":"https:\/\/www.anovapeneira.gal\/#organization"},"image":{"@id":"https:\/\/www.anovapeneira.gal\/index.php\/2025\/02\/07\/a-presenza-do-rei-felipe-vi-hoxe-en-auschwitz\/#primaryimage"},"thumbnailUrl":"https:\/\/www.anovapeneira.gal\/wp-content\/uploads\/2023\/08\/floren.jpg","articleSection":["Artigos de opini\u00f3n"],"inLanguage":"gl-ES","potentialAction":[{"@type":"CommentAction","name":"Comment","target":["https:\/\/www.anovapeneira.gal\/index.php\/2025\/02\/07\/a-presenza-do-rei-felipe-vi-hoxe-en-auschwitz\/#respond"]}]},{"@type":"WebPage","@id":"https:\/\/www.anovapeneira.gal\/index.php\/2025\/02\/07\/a-presenza-do-rei-felipe-vi-hoxe-en-auschwitz\/","url":"https:\/\/www.anovapeneira.gal\/index.php\/2025\/02\/07\/a-presenza-do-rei-felipe-vi-hoxe-en-auschwitz\/","name":"A presenza do rei Felipe VI hoxe en Auschwitz.* -","isPartOf":{"@id":"https:\/\/www.anovapeneira.gal\/#website"},"primaryImageOfPage":{"@id":"https:\/\/www.anovapeneira.gal\/index.php\/2025\/02\/07\/a-presenza-do-rei-felipe-vi-hoxe-en-auschwitz\/#primaryimage"},"image":{"@id":"https:\/\/www.anovapeneira.gal\/index.php\/2025\/02\/07\/a-presenza-do-rei-felipe-vi-hoxe-en-auschwitz\/#primaryimage"},"thumbnailUrl":"https:\/\/www.anovapeneira.gal\/wp-content\/uploads\/2023\/08\/floren.jpg","datePublished":"2025-02-07T11:00:59+00:00","breadcrumb":{"@id":"https:\/\/www.anovapeneira.gal\/index.php\/2025\/02\/07\/a-presenza-do-rei-felipe-vi-hoxe-en-auschwitz\/#breadcrumb"},"inLanguage":"gl-ES","potentialAction":[{"@type":"ReadAction","target":["https:\/\/www.anovapeneira.gal\/index.php\/2025\/02\/07\/a-presenza-do-rei-felipe-vi-hoxe-en-auschwitz\/"]}]},{"@type":"ImageObject","inLanguage":"gl-ES","@id":"https:\/\/www.anovapeneira.gal\/index.php\/2025\/02\/07\/a-presenza-do-rei-felipe-vi-hoxe-en-auschwitz\/#primaryimage","url":"https:\/\/www.anovapeneira.gal\/wp-content\/uploads\/2023\/08\/floren.jpg","contentUrl":"https:\/\/www.anovapeneira.gal\/wp-content\/uploads\/2023\/08\/floren.jpg","width":720,"height":432,"caption":"Floren Dimas. Oficial xubilado do ex\u00e9rcito do aire"},{"@type":"BreadcrumbList","@id":"https:\/\/www.anovapeneira.gal\/index.php\/2025\/02\/07\/a-presenza-do-rei-felipe-vi-hoxe-en-auschwitz\/#breadcrumb","itemListElement":[{"@type":"ListItem","position":1,"name":"Portada","item":"https:\/\/www.anovapeneira.gal\/"},{"@type":"ListItem","position":2,"name":"A presenza do rei Felipe VI hoxe en Auschwitz.*"}]},{"@type":"WebSite","@id":"https:\/\/www.anovapeneira.gal\/#website","url":"https:\/\/www.anovapeneira.gal\/","name":"","description":"Xornal galego de informaci\u00f3n xeral Publicaci\u00f3n mensual de novas de Galicia e en especial dos Concellos da sur da provincia de Pontevedra.","publisher":{"@id":"https:\/\/www.anovapeneira.gal\/#organization"},"potentialAction":[{"@type":"SearchAction","target":{"@type":"EntryPoint","urlTemplate":"https:\/\/www.anovapeneira.gal\/?s={search_term_string}"},"query-input":{"@type":"PropertyValueSpecification","valueRequired":true,"valueName":"search_term_string"}}],"inLanguage":"gl-ES"},{"@type":"Organization","@id":"https:\/\/www.anovapeneira.gal\/#organization","name":"A Nova Peneira","url":"https:\/\/www.anovapeneira.gal\/","logo":{"@type":"ImageObject","inLanguage":"gl-ES","@id":"https:\/\/www.anovapeneira.gal\/#\/schema\/logo\/image\/","url":"http:\/\/www.anovapeneira.gal\/wp-content\/uploads\/2019\/06\/logo_a_nova_peneira_portal_web.png","contentUrl":"http:\/\/www.anovapeneira.gal\/wp-content\/uploads\/2019\/06\/logo_a_nova_peneira_portal_web.png","width":300,"height":100,"caption":"A Nova Peneira"},"image":{"@id":"https:\/\/www.anovapeneira.gal\/#\/schema\/logo\/image\/"},"sameAs":["https:\/\/www.facebook.com\/anovapeneira","https:\/\/x.com\/APeneira"]},{"@type":"Person","@id":"https:\/\/www.anovapeneira.gal\/#\/schema\/person\/f18a4feb302e8f20bcef4490b5b60bb3","name":"Artigos Opini\u00f3n","image":{"@type":"ImageObject","inLanguage":"gl-ES","@id":"https:\/\/secure.gravatar.com\/avatar\/072844300f4881150aee2da4278f7a65d16eefdf8262eb67085f1e702de2b959?s=96&d=mm&r=g","url":"https:\/\/secure.gravatar.com\/avatar\/072844300f4881150aee2da4278f7a65d16eefdf8262eb67085f1e702de2b959?s=96&d=mm&r=g","contentUrl":"https:\/\/secure.gravatar.com\/avatar\/072844300f4881150aee2da4278f7a65d16eefdf8262eb67085f1e702de2b959?s=96&d=mm&r=g","caption":"Artigos Opini\u00f3n"},"sameAs":["http:\/\/anovapeneira.gal"],"url":"https:\/\/www.anovapeneira.gal\/index.php\/author\/artigosopinion\/"}]}},"jetpack_featured_media_url":"https:\/\/www.anovapeneira.gal\/wp-content\/uploads\/2023\/08\/floren.jpg","_links":{"self":[{"href":"https:\/\/www.anovapeneira.gal\/index.php\/wp-json\/wp\/v2\/posts\/13235","targetHints":{"allow":["GET"]}}],"collection":[{"href":"https:\/\/www.anovapeneira.gal\/index.php\/wp-json\/wp\/v2\/posts"}],"about":[{"href":"https:\/\/www.anovapeneira.gal\/index.php\/wp-json\/wp\/v2\/types\/post"}],"author":[{"embeddable":true,"href":"https:\/\/www.anovapeneira.gal\/index.php\/wp-json\/wp\/v2\/users\/12"}],"replies":[{"embeddable":true,"href":"https:\/\/www.anovapeneira.gal\/index.php\/wp-json\/wp\/v2\/comments?post=13235"}],"version-history":[{"count":1,"href":"https:\/\/www.anovapeneira.gal\/index.php\/wp-json\/wp\/v2\/posts\/13235\/revisions"}],"predecessor-version":[{"id":13236,"href":"https:\/\/www.anovapeneira.gal\/index.php\/wp-json\/wp\/v2\/posts\/13235\/revisions\/13236"}],"wp:featuredmedia":[{"embeddable":true,"href":"https:\/\/www.anovapeneira.gal\/index.php\/wp-json\/wp\/v2\/media\/10257"}],"wp:attachment":[{"href":"https:\/\/www.anovapeneira.gal\/index.php\/wp-json\/wp\/v2\/media?parent=13235"}],"wp:term":[{"taxonomy":"category","embeddable":true,"href":"https:\/\/www.anovapeneira.gal\/index.php\/wp-json\/wp\/v2\/categories?post=13235"},{"taxonomy":"post_tag","embeddable":true,"href":"https:\/\/www.anovapeneira.gal\/index.php\/wp-json\/wp\/v2\/tags?post=13235"}],"curies":[{"name":"wp","href":"https:\/\/api.w.org\/{rel}","templated":true}]}}