{"id":13237,"date":"2025-02-10T10:00:13","date_gmt":"2025-02-10T09:00:13","guid":{"rendered":"https:\/\/www.anovapeneira.gal\/?p=13237"},"modified":"2025-02-10T11:55:48","modified_gmt":"2025-02-10T10:55:48","slug":"ecoloxistas-en-accion-xunto-coa-plataforma-vecinal-mina-touro-o-pin-non-impugnan-a-tramitacion-da-mina-de-touro","status":"publish","type":"post","link":"https:\/\/www.anovapeneira.gal\/index.php\/2025\/02\/10\/ecoloxistas-en-accion-xunto-coa-plataforma-vecinal-mina-touro-o-pin-non-impugnan-a-tramitacion-da-mina-de-touro\/","title":{"rendered":"Ecoloxistas en Acci\u00f3n xunto coa Plataforma veci\u00f1al mina Touro O Pin Non, impugnan a tramitaci\u00f3n da mina de Touro"},"content":{"rendered":"\n<p>Ecoloxistas en Acci\u00f3n xunto coa Plataforma veci\u00f1al mina Touro O Pino Non impugnan o tr\u00e1mite administrativo de exposici\u00f3n do Proxecto Cobre San Rafael para a reapertura da mina de Touro e O Pino ante o incumprimento do &nbsp;proceso de informaci\u00f3n p\u00fablica da documentaci\u00f3n no Concello de O Pino.<\/p>\n\n\n\n<p>Os concellos afectados pola proxecto da mina Cobre San Rafael te\u00f1an a obriga de po\u00f1er nas s\u00faas dependencias a documentaci\u00f3n do proxecto a disposici\u00f3n das persoas interesadas, podendo ser en papel ou facilitar o acceso electr\u00f3nico, en cumplimento da Lei 21\/2013 de 9 de diciembre de avaliaci\u00f3n ambiental e a Lei 19\/2013, de 9 de decembro de transparencia e acceso \u00e1 informaci\u00f3n p\u00fablica e bon goberno.<\/p>\n\n\n\n<p>Ecoloxistas en Acci\u00f3n e a Plataforma veci\u00f1al mina Touro O Pino Non denuncian que o pasado venres 31 remataba o per\u00edodo de presentaci\u00f3n de alegaci\u00f3ns e comprobouse que o concello de O Pino non atendeu a ningunha das solicitudes de informaci\u00f3n de varias persoas que intentaron consultar o proxecto na sede do Concello de O Pino, ao non dispo\u00f1er de equipos inform\u00e1ticos propios nos que poder comprobar a informaci\u00f3n. Aseguran que o propio personal do concello confirmoulles que &nbsp;non te\u00f1en o proxecto en papel nin posibilidade de acceso electr\u00f3nico. que se queren consultar o proxecto ter\u00e1n que ir ata Coru\u00f1a ou \u00e1 sede da Xunta en Santiago,<\/p>\n\n\n\n<p>Isabel Garc\u00eda voceira de Exoloxistas en Acci\u00f3n e membro da Plataforma veci\u00f1al Mina Touro O Pino Non comunica que, ademais de rexistrar unha reclamaci\u00f3n no concello de O Pino. trasladaron estes feitos \u00e1 Conseller\u00eda de Econom\u00eda e Industr\u00eda por considerar que non se pode informar favorablemente o proceso de informaci\u00f3n p\u00fablica neste concello e en consecuencia se ter\u00eda que habilitar un novo prazo de exposici\u00f3n p\u00fablica do proxecto adoptando as medidas oportunas para que se cumpra a lei.<\/p>\n\n\n\n<p>O Concello de O Pino ten a obriga de remitir un ao \u00f3rgano tramitador do proxecto un certificado da exposici\u00f3n p\u00fablica no que faga constar o lugar e per\u00edodo no que estivo exposta a documentaci\u00f3n ambiental, polo que Ecoloxistas en Acci\u00f3n solicitou \u00e1 Secretaria municipal de O Pino que recolla o incumplimiento do tr\u00e1mite de exposici\u00f3n p\u00fablica a efectos da emisi\u00f3n do correspondente certificado.<\/p>\n\n\n\n<p>Ecoloxistas en Acci\u00f3n e a Plataforma veci\u00f1al mina Touro O Pino Non entenden que os feitos son suficientemente graves como para que se impugne o procedemento de exposici\u00f3n p\u00fablica do proxecto de Cobre San Rafael de ampliaci\u00f3n e reapertura da mina de Touro e O Pino.<\/p>\n","protected":false},"excerpt":{"rendered":"<div class=\"mh-excerpt\"><p>Ecoloxistas en Acci\u00f3n xunto coa Plataforma veci\u00f1al mina Touro O Pino Non impugnan o tr\u00e1mite administrativo de exposici\u00f3n do Proxecto Cobre San Rafael para a reapertura da mina de Touro e O Pino ante o incumprimento do \u00a0proceso de informaci\u00f3n p\u00fablica da documentaci\u00f3n no Concello de O Pino <a class=\"mh-excerpt-more\" href=\"https:\/\/www.anovapeneira.gal\/index.php\/2025\/02\/10\/ecoloxistas-en-accion-xunto-coa-plataforma-vecinal-mina-touro-o-pin-non-impugnan-a-tramitacion-da-mina-de-touro\/\" title=\"Ecoloxistas en Acci\u00f3n xunto coa Plataforma veci\u00f1al mina Touro O Pin Non, impugnan a tramitaci\u00f3n da mina de Touro\">[&#8230;]<\/a><\/p>\n<\/div>","protected":false},"author":3,"featured_media":13238,"comment_status":"open","ping_status":"open","sticky":false,"template":"","format":"standard","meta":{"_exactmetrics_skip_tracking":false,"_exactmetrics_sitenote_active":false,"_exactmetrics_sitenote_note":"","_exactmetrics_sitenote_category":0,"footnotes":""},"categories":[263],"tags":[1445],"class_list":{"0":"post-13237","1":"post","2":"type-post","3":"status-publish","4":"format-standard","5":"has-post-thumbnail","7":"category-novas","8":"tag-mina-touro"},"yoast_head":"<!-- This site is optimized with the Yoast SEO plugin v27.4 - https:\/\/yoast.com\/product\/yoast-seo-wordpress\/ -->\n<title>Ecoloxistas en Acci\u00f3n xunto coa Plataforma veci\u00f1al mina Touro O Pin Non, impugnan a tramitaci\u00f3n da mina de Touro -<\/title>\n<meta name=\"robots\" content=\"index, follow, max-snippet:-1, max-image-preview:large, max-video-preview:-1\" \/>\n<link rel=\"canonical\" href=\"https:\/\/www.anovapeneira.gal\/index.php\/2025\/02\/10\/ecoloxistas-en-accion-xunto-coa-plataforma-vecinal-mina-touro-o-pin-non-impugnan-a-tramitacion-da-mina-de-touro\/\" \/>\n<meta property=\"og:locale\" content=\"gl_ES\" \/>\n<meta property=\"og:type\" content=\"article\" \/>\n<meta property=\"og:title\" content=\"Ecoloxistas en Acci\u00f3n xunto coa Plataforma veci\u00f1al mina Touro O Pin Non, impugnan a tramitaci\u00f3n da mina de Touro -\" \/>\n<meta property=\"og:description\" content=\"Ecoloxistas en Acci\u00f3n xunto coa Plataforma veci\u00f1al mina Touro O Pino Non impugnan o tr\u00e1mite administrativo de exposici\u00f3n do Proxecto Cobre San Rafael para a reapertura da mina de Touro e O Pino ante o incumprimento do \u00a0proceso de informaci\u00f3n p\u00fablica da documentaci\u00f3n no Concello de O Pino [...]\" \/>\n<meta property=\"og:url\" content=\"https:\/\/www.anovapeneira.gal\/index.php\/2025\/02\/10\/ecoloxistas-en-accion-xunto-coa-plataforma-vecinal-mina-touro-o-pin-non-impugnan-a-tramitacion-da-mina-de-touro\/\" \/>\n<meta property=\"article:publisher\" content=\"https:\/\/www.facebook.com\/anovapeneira\" \/>\n<meta property=\"article:published_time\" content=\"2025-02-10T09:00:13+00:00\" \/>\n<meta property=\"article:modified_time\" content=\"2025-02-10T10:55:48+00:00\" \/>\n<meta property=\"og:image\" content=\"https:\/\/www.anovapeneira.gal\/wp-content\/uploads\/2025\/02\/mina_touro.jpg\" \/>\n\t<meta property=\"og:image:width\" content=\"720\" \/>\n\t<meta property=\"og:image:height\" content=\"432\" \/>\n\t<meta property=\"og:image:type\" content=\"image\/jpeg\" \/>\n<meta name=\"author\" content=\"Redacci\u00f3n A Nova Peneira\" \/>\n<meta name=\"twitter:card\" content=\"summary_large_image\" \/>\n<meta name=\"twitter:creator\" content=\"@APeneira\" \/>\n<meta name=\"twitter:site\" content=\"@APeneira\" \/>\n<meta name=\"twitter:label1\" content=\"Escrito por\" \/>\n\t<meta name=\"twitter:data1\" content=\"Redacci\u00f3n A Nova Peneira\" \/>\n\t<meta name=\"twitter:label2\" content=\"Tempo de lectura\" \/>\n\t<meta name=\"twitter:data2\" content=\"1 minuto\" \/>\n<script type=\"application\/ld+json\" class=\"yoast-schema-graph\">{\"@context\":\"https:\\\/\\\/schema.org\",\"@graph\":[{\"@type\":\"Article\",\"@id\":\"https:\\\/\\\/www.anovapeneira.gal\\\/index.php\\\/2025\\\/02\\\/10\\\/ecoloxistas-en-accion-xunto-coa-plataforma-vecinal-mina-touro-o-pin-non-impugnan-a-tramitacion-da-mina-de-touro\\\/#article\",\"isPartOf\":{\"@id\":\"https:\\\/\\\/www.anovapeneira.gal\\\/index.php\\\/2025\\\/02\\\/10\\\/ecoloxistas-en-accion-xunto-coa-plataforma-vecinal-mina-touro-o-pin-non-impugnan-a-tramitacion-da-mina-de-touro\\\/\"},\"author\":{\"name\":\"Redacci\u00f3n A Nova Peneira\",\"@id\":\"https:\\\/\\\/www.anovapeneira.gal\\\/#\\\/schema\\\/person\\\/b93e3f8932e3f8da96334607eb6ac6aa\"},\"headline\":\"Ecoloxistas en Acci\u00f3n xunto coa Plataforma veci\u00f1al mina Touro O Pin Non, impugnan a tramitaci\u00f3n da mina de Touro\",\"datePublished\":\"2025-02-10T09:00:13+00:00\",\"dateModified\":\"2025-02-10T10:55:48+00:00\",\"mainEntityOfPage\":{\"@id\":\"https:\\\/\\\/www.anovapeneira.gal\\\/index.php\\\/2025\\\/02\\\/10\\\/ecoloxistas-en-accion-xunto-coa-plataforma-vecinal-mina-touro-o-pin-non-impugnan-a-tramitacion-da-mina-de-touro\\\/\"},\"wordCount\":479,\"commentCount\":0,\"publisher\":{\"@id\":\"https:\\\/\\\/www.anovapeneira.gal\\\/#organization\"},\"image\":{\"@id\":\"https:\\\/\\\/www.anovapeneira.gal\\\/index.php\\\/2025\\\/02\\\/10\\\/ecoloxistas-en-accion-xunto-coa-plataforma-vecinal-mina-touro-o-pin-non-impugnan-a-tramitacion-da-mina-de-touro\\\/#primaryimage\"},\"thumbnailUrl\":\"https:\\\/\\\/www.anovapeneira.gal\\\/wp-content\\\/uploads\\\/2025\\\/02\\\/mina_touro.jpg\",\"keywords\":[\"Mina Touro\"],\"articleSection\":[\"Novas\"],\"inLanguage\":\"gl-ES\",\"potentialAction\":[{\"@type\":\"CommentAction\",\"name\":\"Comment\",\"target\":[\"https:\\\/\\\/www.anovapeneira.gal\\\/index.php\\\/2025\\\/02\\\/10\\\/ecoloxistas-en-accion-xunto-coa-plataforma-vecinal-mina-touro-o-pin-non-impugnan-a-tramitacion-da-mina-de-touro\\\/#respond\"]}]},{\"@type\":\"WebPage\",\"@id\":\"https:\\\/\\\/www.anovapeneira.gal\\\/index.php\\\/2025\\\/02\\\/10\\\/ecoloxistas-en-accion-xunto-coa-plataforma-vecinal-mina-touro-o-pin-non-impugnan-a-tramitacion-da-mina-de-touro\\\/\",\"url\":\"https:\\\/\\\/www.anovapeneira.gal\\\/index.php\\\/2025\\\/02\\\/10\\\/ecoloxistas-en-accion-xunto-coa-plataforma-vecinal-mina-touro-o-pin-non-impugnan-a-tramitacion-da-mina-de-touro\\\/\",\"name\":\"Ecoloxistas en Acci\u00f3n xunto coa Plataforma veci\u00f1al mina Touro O Pin Non, impugnan a tramitaci\u00f3n da mina de Touro -\",\"isPartOf\":{\"@id\":\"https:\\\/\\\/www.anovapeneira.gal\\\/#website\"},\"primaryImageOfPage\":{\"@id\":\"https:\\\/\\\/www.anovapeneira.gal\\\/index.php\\\/2025\\\/02\\\/10\\\/ecoloxistas-en-accion-xunto-coa-plataforma-vecinal-mina-touro-o-pin-non-impugnan-a-tramitacion-da-mina-de-touro\\\/#primaryimage\"},\"image\":{\"@id\":\"https:\\\/\\\/www.anovapeneira.gal\\\/index.php\\\/2025\\\/02\\\/10\\\/ecoloxistas-en-accion-xunto-coa-plataforma-vecinal-mina-touro-o-pin-non-impugnan-a-tramitacion-da-mina-de-touro\\\/#primaryimage\"},\"thumbnailUrl\":\"https:\\\/\\\/www.anovapeneira.gal\\\/wp-content\\\/uploads\\\/2025\\\/02\\\/mina_touro.jpg\",\"datePublished\":\"2025-02-10T09:00:13+00:00\",\"dateModified\":\"2025-02-10T10:55:48+00:00\",\"breadcrumb\":{\"@id\":\"https:\\\/\\\/www.anovapeneira.gal\\\/index.php\\\/2025\\\/02\\\/10\\\/ecoloxistas-en-accion-xunto-coa-plataforma-vecinal-mina-touro-o-pin-non-impugnan-a-tramitacion-da-mina-de-touro\\\/#breadcrumb\"},\"inLanguage\":\"gl-ES\",\"potentialAction\":[{\"@type\":\"ReadAction\",\"target\":[\"https:\\\/\\\/www.anovapeneira.gal\\\/index.php\\\/2025\\\/02\\\/10\\\/ecoloxistas-en-accion-xunto-coa-plataforma-vecinal-mina-touro-o-pin-non-impugnan-a-tramitacion-da-mina-de-touro\\\/\"]}]},{\"@type\":\"ImageObject\",\"inLanguage\":\"gl-ES\",\"@id\":\"https:\\\/\\\/www.anovapeneira.gal\\\/index.php\\\/2025\\\/02\\\/10\\\/ecoloxistas-en-accion-xunto-coa-plataforma-vecinal-mina-touro-o-pin-non-impugnan-a-tramitacion-da-mina-de-touro\\\/#primaryimage\",\"url\":\"https:\\\/\\\/www.anovapeneira.gal\\\/wp-content\\\/uploads\\\/2025\\\/02\\\/mina_touro.jpg\",\"contentUrl\":\"https:\\\/\\\/www.anovapeneira.gal\\\/wp-content\\\/uploads\\\/2025\\\/02\\\/mina_touro.jpg\",\"width\":720,\"height\":432,\"caption\":\"Mina Touro\"},{\"@type\":\"BreadcrumbList\",\"@id\":\"https:\\\/\\\/www.anovapeneira.gal\\\/index.php\\\/2025\\\/02\\\/10\\\/ecoloxistas-en-accion-xunto-coa-plataforma-vecinal-mina-touro-o-pin-non-impugnan-a-tramitacion-da-mina-de-touro\\\/#breadcrumb\",\"itemListElement\":[{\"@type\":\"ListItem\",\"position\":1,\"name\":\"Portada\",\"item\":\"https:\\\/\\\/www.anovapeneira.gal\\\/\"},{\"@type\":\"ListItem\",\"position\":2,\"name\":\"Ecoloxistas en Acci\u00f3n xunto coa Plataforma veci\u00f1al mina Touro O Pin Non, impugnan a tramitaci\u00f3n da mina de Touro\"}]},{\"@type\":\"WebSite\",\"@id\":\"https:\\\/\\\/www.anovapeneira.gal\\\/#website\",\"url\":\"https:\\\/\\\/www.anovapeneira.gal\\\/\",\"name\":\"\",\"description\":\"Xornal galego de informaci\u00f3n xeral Publicaci\u00f3n mensual de novas de Galicia e en especial dos Concellos da sur da provincia de Pontevedra.\",\"publisher\":{\"@id\":\"https:\\\/\\\/www.anovapeneira.gal\\\/#organization\"},\"potentialAction\":[{\"@type\":\"SearchAction\",\"target\":{\"@type\":\"EntryPoint\",\"urlTemplate\":\"https:\\\/\\\/www.anovapeneira.gal\\\/?s={search_term_string}\"},\"query-input\":{\"@type\":\"PropertyValueSpecification\",\"valueRequired\":true,\"valueName\":\"search_term_string\"}}],\"inLanguage\":\"gl-ES\"},{\"@type\":\"Organization\",\"@id\":\"https:\\\/\\\/www.anovapeneira.gal\\\/#organization\",\"name\":\"A Nova Peneira\",\"url\":\"https:\\\/\\\/www.anovapeneira.gal\\\/\",\"logo\":{\"@type\":\"ImageObject\",\"inLanguage\":\"gl-ES\",\"@id\":\"https:\\\/\\\/www.anovapeneira.gal\\\/#\\\/schema\\\/logo\\\/image\\\/\",\"url\":\"http:\\\/\\\/www.anovapeneira.gal\\\/wp-content\\\/uploads\\\/2019\\\/06\\\/logo_a_nova_peneira_portal_web.png\",\"contentUrl\":\"http:\\\/\\\/www.anovapeneira.gal\\\/wp-content\\\/uploads\\\/2019\\\/06\\\/logo_a_nova_peneira_portal_web.png\",\"width\":300,\"height\":100,\"caption\":\"A Nova Peneira\"},\"image\":{\"@id\":\"https:\\\/\\\/www.anovapeneira.gal\\\/#\\\/schema\\\/logo\\\/image\\\/\"},\"sameAs\":[\"https:\\\/\\\/www.facebook.com\\\/anovapeneira\",\"https:\\\/\\\/x.com\\\/APeneira\"]},{\"@type\":\"Person\",\"@id\":\"https:\\\/\\\/www.anovapeneira.gal\\\/#\\\/schema\\\/person\\\/b93e3f8932e3f8da96334607eb6ac6aa\",\"name\":\"Redacci\u00f3n A Nova Peneira\",\"image\":{\"@type\":\"ImageObject\",\"inLanguage\":\"gl-ES\",\"@id\":\"https:\\\/\\\/secure.gravatar.com\\\/avatar\\\/c052a2551a06e23fac63626232eaa90abd78dbcf1700fc46a2b2c89fd27b735f?s=96&d=mm&r=g\",\"url\":\"https:\\\/\\\/secure.gravatar.com\\\/avatar\\\/c052a2551a06e23fac63626232eaa90abd78dbcf1700fc46a2b2c89fd27b735f?s=96&d=mm&r=g\",\"contentUrl\":\"https:\\\/\\\/secure.gravatar.com\\\/avatar\\\/c052a2551a06e23fac63626232eaa90abd78dbcf1700fc46a2b2c89fd27b735f?s=96&d=mm&r=g\",\"caption\":\"Redacci\u00f3n A Nova Peneira\"},\"sameAs\":[\"http:\\\/\\\/www.anovapeneira.gal\\\/\"],\"url\":\"https:\\\/\\\/www.anovapeneira.gal\\\/index.php\\\/author\\\/redactor\\\/\"}]}<\/script>\n<!-- \/ Yoast SEO plugin. -->","yoast_head_json":{"title":"Ecoloxistas en Acci\u00f3n xunto coa Plataforma veci\u00f1al mina Touro O Pin Non, impugnan a tramitaci\u00f3n da mina de Touro -","robots":{"index":"index","follow":"follow","max-snippet":"max-snippet:-1","max-image-preview":"max-image-preview:large","max-video-preview":"max-video-preview:-1"},"canonical":"https:\/\/www.anovapeneira.gal\/index.php\/2025\/02\/10\/ecoloxistas-en-accion-xunto-coa-plataforma-vecinal-mina-touro-o-pin-non-impugnan-a-tramitacion-da-mina-de-touro\/","og_locale":"gl_ES","og_type":"article","og_title":"Ecoloxistas en Acci\u00f3n xunto coa Plataforma veci\u00f1al mina Touro O Pin Non, impugnan a tramitaci\u00f3n da mina de Touro -","og_description":"Ecoloxistas en Acci\u00f3n xunto coa Plataforma veci\u00f1al mina Touro O Pino Non impugnan o tr\u00e1mite administrativo de exposici\u00f3n do Proxecto Cobre San Rafael para a reapertura da mina de Touro e O Pino ante o incumprimento do \u00a0proceso de informaci\u00f3n p\u00fablica da documentaci\u00f3n no Concello de O Pino [...]","og_url":"https:\/\/www.anovapeneira.gal\/index.php\/2025\/02\/10\/ecoloxistas-en-accion-xunto-coa-plataforma-vecinal-mina-touro-o-pin-non-impugnan-a-tramitacion-da-mina-de-touro\/","article_publisher":"https:\/\/www.facebook.com\/anovapeneira","article_published_time":"2025-02-10T09:00:13+00:00","article_modified_time":"2025-02-10T10:55:48+00:00","og_image":[{"width":720,"height":432,"url":"https:\/\/www.anovapeneira.gal\/wp-content\/uploads\/2025\/02\/mina_touro.jpg","type":"image\/jpeg"}],"author":"Redacci\u00f3n A Nova Peneira","twitter_card":"summary_large_image","twitter_creator":"@APeneira","twitter_site":"@APeneira","twitter_misc":{"Escrito por":"Redacci\u00f3n A Nova Peneira","Tempo de lectura":"1 minuto"},"schema":{"@context":"https:\/\/schema.org","@graph":[{"@type":"Article","@id":"https:\/\/www.anovapeneira.gal\/index.php\/2025\/02\/10\/ecoloxistas-en-accion-xunto-coa-plataforma-vecinal-mina-touro-o-pin-non-impugnan-a-tramitacion-da-mina-de-touro\/#article","isPartOf":{"@id":"https:\/\/www.anovapeneira.gal\/index.php\/2025\/02\/10\/ecoloxistas-en-accion-xunto-coa-plataforma-vecinal-mina-touro-o-pin-non-impugnan-a-tramitacion-da-mina-de-touro\/"},"author":{"name":"Redacci\u00f3n A Nova Peneira","@id":"https:\/\/www.anovapeneira.gal\/#\/schema\/person\/b93e3f8932e3f8da96334607eb6ac6aa"},"headline":"Ecoloxistas en Acci\u00f3n xunto coa Plataforma veci\u00f1al mina Touro O Pin Non, impugnan a tramitaci\u00f3n da mina de Touro","datePublished":"2025-02-10T09:00:13+00:00","dateModified":"2025-02-10T10:55:48+00:00","mainEntityOfPage":{"@id":"https:\/\/www.anovapeneira.gal\/index.php\/2025\/02\/10\/ecoloxistas-en-accion-xunto-coa-plataforma-vecinal-mina-touro-o-pin-non-impugnan-a-tramitacion-da-mina-de-touro\/"},"wordCount":479,"commentCount":0,"publisher":{"@id":"https:\/\/www.anovapeneira.gal\/#organization"},"image":{"@id":"https:\/\/www.anovapeneira.gal\/index.php\/2025\/02\/10\/ecoloxistas-en-accion-xunto-coa-plataforma-vecinal-mina-touro-o-pin-non-impugnan-a-tramitacion-da-mina-de-touro\/#primaryimage"},"thumbnailUrl":"https:\/\/www.anovapeneira.gal\/wp-content\/uploads\/2025\/02\/mina_touro.jpg","keywords":["Mina Touro"],"articleSection":["Novas"],"inLanguage":"gl-ES","potentialAction":[{"@type":"CommentAction","name":"Comment","target":["https:\/\/www.anovapeneira.gal\/index.php\/2025\/02\/10\/ecoloxistas-en-accion-xunto-coa-plataforma-vecinal-mina-touro-o-pin-non-impugnan-a-tramitacion-da-mina-de-touro\/#respond"]}]},{"@type":"WebPage","@id":"https:\/\/www.anovapeneira.gal\/index.php\/2025\/02\/10\/ecoloxistas-en-accion-xunto-coa-plataforma-vecinal-mina-touro-o-pin-non-impugnan-a-tramitacion-da-mina-de-touro\/","url":"https:\/\/www.anovapeneira.gal\/index.php\/2025\/02\/10\/ecoloxistas-en-accion-xunto-coa-plataforma-vecinal-mina-touro-o-pin-non-impugnan-a-tramitacion-da-mina-de-touro\/","name":"Ecoloxistas en Acci\u00f3n xunto coa Plataforma veci\u00f1al mina Touro O Pin Non, impugnan a tramitaci\u00f3n da mina de Touro -","isPartOf":{"@id":"https:\/\/www.anovapeneira.gal\/#website"},"primaryImageOfPage":{"@id":"https:\/\/www.anovapeneira.gal\/index.php\/2025\/02\/10\/ecoloxistas-en-accion-xunto-coa-plataforma-vecinal-mina-touro-o-pin-non-impugnan-a-tramitacion-da-mina-de-touro\/#primaryimage"},"image":{"@id":"https:\/\/www.anovapeneira.gal\/index.php\/2025\/02\/10\/ecoloxistas-en-accion-xunto-coa-plataforma-vecinal-mina-touro-o-pin-non-impugnan-a-tramitacion-da-mina-de-touro\/#primaryimage"},"thumbnailUrl":"https:\/\/www.anovapeneira.gal\/wp-content\/uploads\/2025\/02\/mina_touro.jpg","datePublished":"2025-02-10T09:00:13+00:00","dateModified":"2025-02-10T10:55:48+00:00","breadcrumb":{"@id":"https:\/\/www.anovapeneira.gal\/index.php\/2025\/02\/10\/ecoloxistas-en-accion-xunto-coa-plataforma-vecinal-mina-touro-o-pin-non-impugnan-a-tramitacion-da-mina-de-touro\/#breadcrumb"},"inLanguage":"gl-ES","potentialAction":[{"@type":"ReadAction","target":["https:\/\/www.anovapeneira.gal\/index.php\/2025\/02\/10\/ecoloxistas-en-accion-xunto-coa-plataforma-vecinal-mina-touro-o-pin-non-impugnan-a-tramitacion-da-mina-de-touro\/"]}]},{"@type":"ImageObject","inLanguage":"gl-ES","@id":"https:\/\/www.anovapeneira.gal\/index.php\/2025\/02\/10\/ecoloxistas-en-accion-xunto-coa-plataforma-vecinal-mina-touro-o-pin-non-impugnan-a-tramitacion-da-mina-de-touro\/#primaryimage","url":"https:\/\/www.anovapeneira.gal\/wp-content\/uploads\/2025\/02\/mina_touro.jpg","contentUrl":"https:\/\/www.anovapeneira.gal\/wp-content\/uploads\/2025\/02\/mina_touro.jpg","width":720,"height":432,"caption":"Mina Touro"},{"@type":"BreadcrumbList","@id":"https:\/\/www.anovapeneira.gal\/index.php\/2025\/02\/10\/ecoloxistas-en-accion-xunto-coa-plataforma-vecinal-mina-touro-o-pin-non-impugnan-a-tramitacion-da-mina-de-touro\/#breadcrumb","itemListElement":[{"@type":"ListItem","position":1,"name":"Portada","item":"https:\/\/www.anovapeneira.gal\/"},{"@type":"ListItem","position":2,"name":"Ecoloxistas en Acci\u00f3n xunto coa Plataforma veci\u00f1al mina Touro O Pin Non, impugnan a tramitaci\u00f3n da mina de Touro"}]},{"@type":"WebSite","@id":"https:\/\/www.anovapeneira.gal\/#website","url":"https:\/\/www.anovapeneira.gal\/","name":"","description":"Xornal galego de informaci\u00f3n xeral Publicaci\u00f3n mensual de novas de Galicia e en especial dos Concellos da sur da provincia de Pontevedra.","publisher":{"@id":"https:\/\/www.anovapeneira.gal\/#organization"},"potentialAction":[{"@type":"SearchAction","target":{"@type":"EntryPoint","urlTemplate":"https:\/\/www.anovapeneira.gal\/?s={search_term_string}"},"query-input":{"@type":"PropertyValueSpecification","valueRequired":true,"valueName":"search_term_string"}}],"inLanguage":"gl-ES"},{"@type":"Organization","@id":"https:\/\/www.anovapeneira.gal\/#organization","name":"A Nova Peneira","url":"https:\/\/www.anovapeneira.gal\/","logo":{"@type":"ImageObject","inLanguage":"gl-ES","@id":"https:\/\/www.anovapeneira.gal\/#\/schema\/logo\/image\/","url":"http:\/\/www.anovapeneira.gal\/wp-content\/uploads\/2019\/06\/logo_a_nova_peneira_portal_web.png","contentUrl":"http:\/\/www.anovapeneira.gal\/wp-content\/uploads\/2019\/06\/logo_a_nova_peneira_portal_web.png","width":300,"height":100,"caption":"A Nova Peneira"},"image":{"@id":"https:\/\/www.anovapeneira.gal\/#\/schema\/logo\/image\/"},"sameAs":["https:\/\/www.facebook.com\/anovapeneira","https:\/\/x.com\/APeneira"]},{"@type":"Person","@id":"https:\/\/www.anovapeneira.gal\/#\/schema\/person\/b93e3f8932e3f8da96334607eb6ac6aa","name":"Redacci\u00f3n A Nova Peneira","image":{"@type":"ImageObject","inLanguage":"gl-ES","@id":"https:\/\/secure.gravatar.com\/avatar\/c052a2551a06e23fac63626232eaa90abd78dbcf1700fc46a2b2c89fd27b735f?s=96&d=mm&r=g","url":"https:\/\/secure.gravatar.com\/avatar\/c052a2551a06e23fac63626232eaa90abd78dbcf1700fc46a2b2c89fd27b735f?s=96&d=mm&r=g","contentUrl":"https:\/\/secure.gravatar.com\/avatar\/c052a2551a06e23fac63626232eaa90abd78dbcf1700fc46a2b2c89fd27b735f?s=96&d=mm&r=g","caption":"Redacci\u00f3n A Nova Peneira"},"sameAs":["http:\/\/www.anovapeneira.gal\/"],"url":"https:\/\/www.anovapeneira.gal\/index.php\/author\/redactor\/"}]}},"jetpack_featured_media_url":"https:\/\/www.anovapeneira.gal\/wp-content\/uploads\/2025\/02\/mina_touro.jpg","_links":{"self":[{"href":"https:\/\/www.anovapeneira.gal\/index.php\/wp-json\/wp\/v2\/posts\/13237","targetHints":{"allow":["GET"]}}],"collection":[{"href":"https:\/\/www.anovapeneira.gal\/index.php\/wp-json\/wp\/v2\/posts"}],"about":[{"href":"https:\/\/www.anovapeneira.gal\/index.php\/wp-json\/wp\/v2\/types\/post"}],"author":[{"embeddable":true,"href":"https:\/\/www.anovapeneira.gal\/index.php\/wp-json\/wp\/v2\/users\/3"}],"replies":[{"embeddable":true,"href":"https:\/\/www.anovapeneira.gal\/index.php\/wp-json\/wp\/v2\/comments?post=13237"}],"version-history":[{"count":2,"href":"https:\/\/www.anovapeneira.gal\/index.php\/wp-json\/wp\/v2\/posts\/13237\/revisions"}],"predecessor-version":[{"id":13331,"href":"https:\/\/www.anovapeneira.gal\/index.php\/wp-json\/wp\/v2\/posts\/13237\/revisions\/13331"}],"wp:featuredmedia":[{"embeddable":true,"href":"https:\/\/www.anovapeneira.gal\/index.php\/wp-json\/wp\/v2\/media\/13238"}],"wp:attachment":[{"href":"https:\/\/www.anovapeneira.gal\/index.php\/wp-json\/wp\/v2\/media?parent=13237"}],"wp:term":[{"taxonomy":"category","embeddable":true,"href":"https:\/\/www.anovapeneira.gal\/index.php\/wp-json\/wp\/v2\/categories?post=13237"},{"taxonomy":"post_tag","embeddable":true,"href":"https:\/\/www.anovapeneira.gal\/index.php\/wp-json\/wp\/v2\/tags?post=13237"}],"curies":[{"name":"wp","href":"https:\/\/api.w.org\/{rel}","templated":true}]}}